{"id":10217,"date":"2024-11-19T16:57:37","date_gmt":"2024-11-19T15:57:37","guid":{"rendered":"https:\/\/www.cycles-blain.com\/fr\/?p=10217"},"modified":"2024-12-02T10:16:42","modified_gmt":"2024-12-02T09:16:42","slug":"black-friday-2024-cycles-blain-sur-lyon","status":"publish","type":"post","link":"https:\/\/www.cycles-blain.com\/fr\/magasins-velo\/black-friday-2024-cycles-blain-sur-lyon\/","title":{"rendered":"BLACK FRIDAY CYCLES BLAIN &#8211; Promos dans tous les magasins sur Lyon"},"content":{"rendered":"\t\t<div data-elementor-type=\"wp-post\" data-elementor-id=\"10217\" class=\"elementor elementor-10217\" data-elementor-post-type=\"post\">\n\t\t\t\t<div class=\"elementor-element elementor-element-0dcb347 e-flex e-con-boxed e-con e-parent\" data-id=\"0dcb347\" data-element_type=\"container\" data-e-type=\"container\">\n\t\t\t\t\t<div class=\"e-con-inner\">\n\t\t\t\t<div class=\"elementor-element elementor-element-10f990f elementor-widget elementor-widget-text-editor\" data-id=\"10f990f\" data-element_type=\"widget\" data-e-type=\"widget\" data-widget_type=\"text-editor.default\">\n\t\t\t\t<div class=\"elementor-widget-container\">\n\t\t\t\t\t\t\t\t\t<p><i>Le Black Friday d\u00e9barque chez Cycles-Blain ! \u00c0 partir <strong>du<\/strong> <strong>25 novembre jusqu&rsquo;au 30 novembre 2024<\/strong>, venez en magasin et sur le site profiter de remises exclusives sur les v\u00e9los, accessoires et \u00e9quipements cyclistes. Mais ce n&rsquo;est pas tout, nous vous r\u00e9servons d&rsquo;autres surprises :&nbsp;<\/i><\/p>\t\t\t\t\t\t\t\t<\/div>\n\t\t\t\t<\/div>\n\t\t\t\t<div class=\"elementor-element elementor-element-a564398 elementor-widget elementor-widget-heading\" data-id=\"a564398\" data-element_type=\"widget\" data-e-type=\"widget\" data-widget_type=\"heading.default\">\n\t\t\t\t<div class=\"elementor-widget-container\">\n\t\t\t\t\t<h2 class=\"elementor-heading-title elementor-size-default\">BLACK WEEK<\/h2>\t\t\t\t<\/div>\n\t\t\t\t<\/div>\n\t\t\t\t<div class=\"elementor-element elementor-element-90183ba elementor-widget elementor-widget-text-editor\" data-id=\"90183ba\" data-element_type=\"widget\" data-e-type=\"widget\" data-widget_type=\"text-editor.default\">\n\t\t\t\t<div class=\"elementor-widget-container\">\n\t\t\t\t\t\t\t\t\t<p>Rendez-vous dans l&rsquo;un de nos 10 magasins Cycles Blain pour profiter de nos remises jusqu&rsquo;\u00e0 -50% sur les v\u00e9los, textiles, et \u00e9quipements cyclistes. L&rsquo;occasion de faire ses cadeaux de No\u00ebl avec un peu d&rsquo;avance ! Il y en aura pour tout le monde, homme, femme et enfants :\u00a0<\/p><ul><li>BLACK FRIDAY SUR LES VELOS\u00a0: <b>Jusqu&rsquo;\u00e0 -45 %<\/b> sur les v\u00e9los en stocks des plus grandes marques : Giant, Cannondale, LIv, Specialized, Orbea, Lapierre, Moustache, Trek, Scott, Kalkhoff, Santa Cruz, Merida, Ridley&#8230;<\/li><li><b>BLACK FRIDAY SUR LES ACCESSOIRES VELOS ET COMPOSANTS<\/b>\u00a0 : <b>Jusqu&rsquo;\u00e0 -50 % <\/b>sur des marques d&rsquo;exception : Shimano, Sram, Azr&#8230;<\/li><li><b>BLACK FRIDAY SUR LES CASQUES VELOS<\/b>\u00a0 : <b>Jusqu&rsquo;\u00e0 -50 %<\/b> sur de grandes marques comme Fox, Kask, Met&#8230;<\/li><li><b>BLACK FRIDAY SUR LES EQUIPEMENTS CYCLISTES<\/b> : <b>Jusqu&rsquo;\u00e0 50 %<\/b> sur le textile et gants des marques Giant, Liv, Fox&#8230;. pour hommes et femmes&#8230;<\/li><\/ul>\t\t\t\t\t\t\t\t<\/div>\n\t\t\t\t<\/div>\n\t\t\t\t<div class=\"elementor-element elementor-element-018a3dd elementor-align-center elementor-widget elementor-widget-button\" data-id=\"018a3dd\" data-element_type=\"widget\" data-e-type=\"widget\" data-widget_type=\"button.default\">\n\t\t\t\t<div class=\"elementor-widget-container\">\n\t\t\t\t\t\t\t\t\t<div class=\"elementor-button-wrapper\">\n\t\t\t\t\t<a class=\"elementor-button elementor-button-link elementor-size-sm\" href=\"https:\/\/www.cycles-blain.com\/content\/50-black-friday-2024-magasins-velos-lyon\">\n\t\t\t\t\t\t<span class=\"elementor-button-content-wrapper\">\n\t\t\t\t\t\t\t\t\t<span class=\"elementor-button-text\">BLACK WEEK<\/span>\n\t\t\t\t\t<\/span>\n\t\t\t\t\t<\/a>\n\t\t\t\t<\/div>\n\t\t\t\t\t\t\t\t<\/div>\n\t\t\t\t<\/div>\n\t\t<div class=\"elementor-element elementor-element-1785b96 e-con-full e-flex e-con e-child\" data-id=\"1785b96\" data-element_type=\"container\" data-e-type=\"container\">\n\t\t\t\t<div class=\"elementor-element elementor-element-0738666 elementor-widget elementor-widget-heading\" data-id=\"0738666\" data-element_type=\"widget\" data-e-type=\"widget\" data-widget_type=\"heading.default\">\n\t\t\t\t<div class=\"elementor-widget-container\">\n\t\t\t\t\t<h3 class=\"elementor-heading-title elementor-size-default\">Jeu concours en magasins autour de Lyon<\/h3>\t\t\t\t<\/div>\n\t\t\t\t<\/div>\n\t\t\t\t<div class=\"elementor-element elementor-element-7d5feb0 elementor-widget elementor-widget-text-editor\" data-id=\"7d5feb0\" data-element_type=\"widget\" data-e-type=\"widget\" data-widget_type=\"text-editor.default\">\n\t\t\t\t<div class=\"elementor-widget-container\">\n\t\t\t\t\t\t\t\t\t<p>Tous nos magasins de v\u00e9los organisent un jeu avec GIANT pour le BLACK FRIDAY !<br \/><span style=\"font-style: inherit; font-weight: inherit; text-align: var(--text-align); background-color: var(--ast-global-color-5); color: var(--ast-global-color-2);\">Rendez-nous visite dans l&rsquo;un des dix magasins CYCLES BLAIN sur Lyon, pour tenter de gagner un lot GIANT en scannant le QR code des affiches \u00ab\u00a0Black Friday\u00a0\u00bb. Ce jeu concours est valable du 25 au 30 novembre 2024 sans obligation d&rsquo;achat.*<\/span><\/p>\t\t\t\t\t\t\t\t<\/div>\n\t\t\t\t<\/div>\n\t\t\t\t<\/div>\n\t\t\t\t<div class=\"elementor-element elementor-element-ffee683 elementor-widget elementor-widget-button\" data-id=\"ffee683\" data-element_type=\"widget\" data-e-type=\"widget\" data-widget_type=\"button.default\">\n\t\t\t\t<div class=\"elementor-widget-container\">\n\t\t\t\t\t\t\t\t\t<div class=\"elementor-button-wrapper\">\n\t\t\t\t\t<a class=\"elementor-button elementor-button-link elementor-size-sm\" href=\"https:\/\/www.cycles-blain.com\/content\/category\/2-magasins-velos-lyon-cycles-blain\">\n\t\t\t\t\t\t<span class=\"elementor-button-content-wrapper\">\n\t\t\t\t\t\t\t\t\t<span class=\"elementor-button-text\">Je trouve mon magasin <\/span>\n\t\t\t\t\t<\/span>\n\t\t\t\t\t<\/a>\n\t\t\t\t<\/div>\n\t\t\t\t\t\t\t\t<\/div>\n\t\t\t\t<\/div>\n\t\t\t\t\t<\/div>\n\t\t\t\t<\/div>\n\t\t<div class=\"elementor-element elementor-element-bb9f6b7 e-flex e-con-boxed e-con e-parent\" data-id=\"bb9f6b7\" data-element_type=\"container\" data-e-type=\"container\">\n\t\t\t\t\t<div class=\"e-con-inner\">\n\t\t\t\t\t<\/div>\n\t\t\t\t<\/div>\n\t\t<div class=\"elementor-element elementor-element-e2da9d7 e-flex e-con-boxed e-con e-parent\" data-id=\"e2da9d7\" data-element_type=\"container\" data-e-type=\"container\">\n\t\t\t\t\t<div class=\"e-con-inner\">\n\t\t\t\t\t<\/div>\n\t\t\t\t<\/div>\n\t\t\t\t<\/div>\n\t\t","protected":false},"excerpt":{"rendered":"<p>BLACK FRIDAY WEEK d\u00e8s le 25.11 dans tous les magasins de v\u00e9los CYCLES BLAIN sur Lyon avec des surprises&#8230;<\/p>\n","protected":false},"author":4,"featured_media":10219,"comment_status":"open","ping_status":"open","sticky":false,"template":"","format":"standard","meta":{"site-sidebar-layout":"default","site-content-layout":"","ast-site-content-layout":"default","site-content-style":"default","site-sidebar-style":"default","ast-global-header-display":"","ast-banner-title-visibility":"","ast-main-header-display":"","ast-hfb-above-header-display":"","ast-hfb-below-header-display":"","ast-hfb-mobile-header-display":"","site-post-title":"","ast-breadcrumbs-content":"","ast-featured-img":"","footer-sml-layout":"","theme-transparent-header-meta":"","adv-header-id-meta":"","stick-header-meta":"","header-above-stick-meta":"","header-main-stick-meta":"","header-below-stick-meta":"","astra-migrate-meta-layouts":"set","ast-page-background-enabled":"default","ast-page-background-meta":{"desktop":{"background-color":"","background-image":"","background-repeat":"repeat","background-position":"center center","background-size":"auto","background-attachment":"scroll","background-type":"","background-media":"","overlay-type":"","overlay-color":"","overlay-gradient":""},"tablet":{"background-color":"","background-image":"","background-repeat":"repeat","background-position":"center center","background-size":"auto","background-attachment":"scroll","background-type":"","background-media":"","overlay-type":"","overlay-color":"","overlay-gradient":""},"mobile":{"background-color":"","background-image":"","background-repeat":"repeat","background-position":"center center","background-size":"auto","background-attachment":"scroll","background-type":"","background-media":"","overlay-type":"","overlay-color":"","overlay-gradient":""}},"ast-content-background-meta":{"desktop":{"background-color":"var(--ast-global-color-5)","background-image":"","background-repeat":"repeat","background-position":"center center","background-size":"auto","background-attachment":"scroll","background-type":"","background-media":"","overlay-type":"","overlay-color":"","overlay-gradient":""},"tablet":{"background-color":"var(--ast-global-color-5)","background-image":"","background-repeat":"repeat","background-position":"center center","background-size":"auto","background-attachment":"scroll","background-type":"","background-media":"","overlay-type":"","overlay-color":"","overlay-gradient":""},"mobile":{"background-color":"var(--ast-global-color-5)","background-image":"","background-repeat":"repeat","background-position":"center center","background-size":"auto","background-attachment":"scroll","background-type":"","background-media":"","overlay-type":"","overlay-color":"","overlay-gradient":""}},"footnotes":""},"categories":[6,7,78,44,37,76,36,81,79,77,80,16],"tags":[],"class_list":["post-10217","post","type-post","status-publish","format-standard","has-post-thumbnail","hentry","category-magasins-velo","category-magasin-brignais","category-magasin-craponne","category-magasin-lyon-3","category-magasin-saint-priest","category-magasin-vienne","category-magasin-vienne-sud","category-magasin-lyon-5","category-magasin-ecully","category-magasin-lyon-6","category-magasin-oullins","category-promotions-velo"],"yoast_head":"<!-- This site is optimized with the Yoast SEO plugin v27.5 - https:\/\/yoast.com\/product\/yoast-seo-wordpress\/ -->\n<title>BLACK FRIDAY CYCLES BLAIN - Promos dans tous les magasins sur Lyon<\/title>\n<meta name=\"description\" content=\"Black Friday Week dans tous les magasins CYCLES BLAIN sur Lyon et Internet : Promos jusqu&#039;\u00e0 -50 %, Concours Giant &amp; Soir\u00e9e Black Friday 2024\" \/>\n<meta name=\"robots\" content=\"index, follow, max-snippet:-1, max-image-preview:large, max-video-preview:-1\" \/>\n<link rel=\"canonical\" href=\"https:\/\/www.cycles-blain.com\/fr\/magasins-velo\/black-friday-2024-cycles-blain-sur-lyon\/\" \/>\n<meta property=\"og:locale\" content=\"fr_FR\" \/>\n<meta property=\"og:type\" content=\"article\" \/>\n<meta property=\"og:title\" content=\"BLACK FRIDAY CYCLES BLAIN - Promos dans tous les magasins sur Lyon\" \/>\n<meta property=\"og:description\" content=\"Black Friday Week dans tous les magasins CYCLES BLAIN sur Lyon et Internet : Promos jusqu&#039;\u00e0 -50 %, Concours Giant &amp; Soir\u00e9e Black Friday 2024\" \/>\n<meta property=\"og:url\" content=\"https:\/\/www.cycles-blain.com\/fr\/magasins-velo\/black-friday-2024-cycles-blain-sur-lyon\/\" \/>\n<meta property=\"og:site_name\" content=\"CyclesBlain - Magasins de v\u00e9los, accessoires et ateliers\" \/>\n<meta property=\"article:publisher\" content=\"https:\/\/www.facebook.com\/cyclesblain\/?locale=fr_FR\" \/>\n<meta property=\"article:published_time\" content=\"2024-11-19T15:57:37+00:00\" \/>\n<meta property=\"article:modified_time\" content=\"2024-12-02T09:16:42+00:00\" \/>\n<meta property=\"og:image\" content=\"https:\/\/www.cycles-blain.com\/fr\/wp-content\/uploads\/2024\/11\/visuel-article-.png\" \/>\n\t<meta property=\"og:image:width\" content=\"600\" \/>\n\t<meta property=\"og:image:height\" content=\"400\" \/>\n\t<meta property=\"og:image:type\" content=\"image\/png\" \/>\n<meta name=\"author\" content=\"Lou-Anne\" \/>\n<meta name=\"twitter:card\" content=\"summary_large_image\" \/>\n<meta name=\"twitter:label1\" content=\"\u00c9crit par\" \/>\n\t<meta name=\"twitter:data1\" content=\"Lou-Anne\" \/>\n\t<meta name=\"twitter:label2\" content=\"Dur\u00e9e de lecture estim\u00e9e\" \/>\n\t<meta name=\"twitter:data2\" content=\"2 minutes\" \/>\n<script type=\"application\/ld+json\" class=\"yoast-schema-graph\">{\"@context\":\"https:\\\/\\\/schema.org\",\"@graph\":[{\"@type\":\"Article\",\"@id\":\"https:\\\/\\\/www.cycles-blain.com\\\/fr\\\/magasins-velo\\\/black-friday-2024-cycles-blain-sur-lyon\\\/#article\",\"isPartOf\":{\"@id\":\"https:\\\/\\\/www.cycles-blain.com\\\/fr\\\/magasins-velo\\\/black-friday-2024-cycles-blain-sur-lyon\\\/\"},\"author\":{\"name\":\"Lou-Anne\",\"@id\":\"https:\\\/\\\/www.cycles-blain.com\\\/fr\\\/#\\\/schema\\\/person\\\/2e532610e6e45d290a29e480c00cc742\"},\"headline\":\"BLACK FRIDAY CYCLES BLAIN &#8211; Promos dans tous les magasins sur Lyon\",\"datePublished\":\"2024-11-19T15:57:37+00:00\",\"dateModified\":\"2024-12-02T09:16:42+00:00\",\"mainEntityOfPage\":{\"@id\":\"https:\\\/\\\/www.cycles-blain.com\\\/fr\\\/magasins-velo\\\/black-friday-2024-cycles-blain-sur-lyon\\\/\"},\"wordCount\":264,\"commentCount\":0,\"publisher\":{\"@id\":\"https:\\\/\\\/www.cycles-blain.com\\\/fr\\\/#organization\"},\"image\":{\"@id\":\"https:\\\/\\\/www.cycles-blain.com\\\/fr\\\/magasins-velo\\\/black-friday-2024-cycles-blain-sur-lyon\\\/#primaryimage\"},\"thumbnailUrl\":\"https:\\\/\\\/www.cycles-blain.com\\\/fr\\\/wp-content\\\/uploads\\\/2024\\\/11\\\/visuel-article-.png\",\"articleSection\":[\"Actus Magasins\",\"Magasin Brignais\",\"Magasin Craponne\",\"Magasin Lyon Centre\",\"Magasin St Priest\",\"Magasin Vienne\",\"Magasin Vienne Sud\",\"Magasin-CyclesVeran\",\"Magasin-Ecully\",\"Magasin-Lyon6\",\"Magasin-Oullins\",\"Promotions\"],\"inLanguage\":\"fr-FR\",\"potentialAction\":[{\"@type\":\"CommentAction\",\"name\":\"Comment\",\"target\":[\"https:\\\/\\\/www.cycles-blain.com\\\/fr\\\/magasins-velo\\\/black-friday-2024-cycles-blain-sur-lyon\\\/#respond\"]}]},{\"@type\":\"WebPage\",\"@id\":\"https:\\\/\\\/www.cycles-blain.com\\\/fr\\\/magasins-velo\\\/black-friday-2024-cycles-blain-sur-lyon\\\/\",\"url\":\"https:\\\/\\\/www.cycles-blain.com\\\/fr\\\/magasins-velo\\\/black-friday-2024-cycles-blain-sur-lyon\\\/\",\"name\":\"BLACK FRIDAY CYCLES BLAIN - Promos dans tous les magasins sur Lyon\",\"isPartOf\":{\"@id\":\"https:\\\/\\\/www.cycles-blain.com\\\/fr\\\/#website\"},\"primaryImageOfPage\":{\"@id\":\"https:\\\/\\\/www.cycles-blain.com\\\/fr\\\/magasins-velo\\\/black-friday-2024-cycles-blain-sur-lyon\\\/#primaryimage\"},\"image\":{\"@id\":\"https:\\\/\\\/www.cycles-blain.com\\\/fr\\\/magasins-velo\\\/black-friday-2024-cycles-blain-sur-lyon\\\/#primaryimage\"},\"thumbnailUrl\":\"https:\\\/\\\/www.cycles-blain.com\\\/fr\\\/wp-content\\\/uploads\\\/2024\\\/11\\\/visuel-article-.png\",\"datePublished\":\"2024-11-19T15:57:37+00:00\",\"dateModified\":\"2024-12-02T09:16:42+00:00\",\"description\":\"Black Friday Week dans tous les magasins CYCLES BLAIN sur Lyon et Internet : Promos jusqu'\u00e0 -50 %, Concours Giant & Soir\u00e9e Black Friday 2024\",\"breadcrumb\":{\"@id\":\"https:\\\/\\\/www.cycles-blain.com\\\/fr\\\/magasins-velo\\\/black-friday-2024-cycles-blain-sur-lyon\\\/#breadcrumb\"},\"inLanguage\":\"fr-FR\",\"potentialAction\":[{\"@type\":\"ReadAction\",\"target\":[\"https:\\\/\\\/www.cycles-blain.com\\\/fr\\\/magasins-velo\\\/black-friday-2024-cycles-blain-sur-lyon\\\/\"]}]},{\"@type\":\"ImageObject\",\"inLanguage\":\"fr-FR\",\"@id\":\"https:\\\/\\\/www.cycles-blain.com\\\/fr\\\/magasins-velo\\\/black-friday-2024-cycles-blain-sur-lyon\\\/#primaryimage\",\"url\":\"https:\\\/\\\/www.cycles-blain.com\\\/fr\\\/wp-content\\\/uploads\\\/2024\\\/11\\\/visuel-article-.png\",\"contentUrl\":\"https:\\\/\\\/www.cycles-blain.com\\\/fr\\\/wp-content\\\/uploads\\\/2024\\\/11\\\/visuel-article-.png\",\"width\":600,\"height\":400,\"caption\":\"Black Friday\"},{\"@type\":\"BreadcrumbList\",\"@id\":\"https:\\\/\\\/www.cycles-blain.com\\\/fr\\\/magasins-velo\\\/black-friday-2024-cycles-blain-sur-lyon\\\/#breadcrumb\",\"itemListElement\":[{\"@type\":\"ListItem\",\"position\":1,\"name\":\"Accueil\",\"item\":\"https:\\\/\\\/www.cycles-blain.com\\\/fr\\\/\"},{\"@type\":\"ListItem\",\"position\":2,\"name\":\"BLACK FRIDAY CYCLES BLAIN &#8211; Promos dans tous les magasins sur Lyon\"}]},{\"@type\":\"WebSite\",\"@id\":\"https:\\\/\\\/www.cycles-blain.com\\\/fr\\\/#website\",\"url\":\"https:\\\/\\\/www.cycles-blain.com\\\/fr\\\/\",\"name\":\"CyclesBlain - Magasins de v\u00e9los, accessoires et ateliers\",\"description\":\"Blog Cycles Blain\",\"publisher\":{\"@id\":\"https:\\\/\\\/www.cycles-blain.com\\\/fr\\\/#organization\"},\"potentialAction\":[{\"@type\":\"SearchAction\",\"target\":{\"@type\":\"EntryPoint\",\"urlTemplate\":\"https:\\\/\\\/www.cycles-blain.com\\\/fr\\\/?s={search_term_string}\"},\"query-input\":{\"@type\":\"PropertyValueSpecification\",\"valueRequired\":true,\"valueName\":\"search_term_string\"}}],\"inLanguage\":\"fr-FR\"},{\"@type\":\"Organization\",\"@id\":\"https:\\\/\\\/www.cycles-blain.com\\\/fr\\\/#organization\",\"name\":\"CyclesBlain - Magasins de v\u00e9los, accessoires et ateliers\",\"url\":\"https:\\\/\\\/www.cycles-blain.com\\\/fr\\\/\",\"logo\":{\"@type\":\"ImageObject\",\"inLanguage\":\"fr-FR\",\"@id\":\"https:\\\/\\\/www.cycles-blain.com\\\/fr\\\/#\\\/schema\\\/logo\\\/image\\\/\",\"url\":\"https:\\\/\\\/www.cycles-blain.com\\\/fr\\\/wp-content\\\/uploads\\\/2023\\\/10\\\/logo-cycles-blain.jpeg\",\"contentUrl\":\"https:\\\/\\\/www.cycles-blain.com\\\/fr\\\/wp-content\\\/uploads\\\/2023\\\/10\\\/logo-cycles-blain.jpeg\",\"width\":264,\"height\":191,\"caption\":\"CyclesBlain - Magasins de v\u00e9los, accessoires et ateliers\"},\"image\":{\"@id\":\"https:\\\/\\\/www.cycles-blain.com\\\/fr\\\/#\\\/schema\\\/logo\\\/image\\\/\"},\"sameAs\":[\"https:\\\/\\\/www.facebook.com\\\/cyclesblain\\\/?locale=fr_FR\",\"https:\\\/\\\/www.instagram.com\\\/cycles_blain\\\/?hl=fr\"]},{\"@type\":\"Person\",\"@id\":\"https:\\\/\\\/www.cycles-blain.com\\\/fr\\\/#\\\/schema\\\/person\\\/2e532610e6e45d290a29e480c00cc742\",\"name\":\"Lou-Anne\",\"image\":{\"@type\":\"ImageObject\",\"inLanguage\":\"fr-FR\",\"@id\":\"https:\\\/\\\/secure.gravatar.com\\\/avatar\\\/fc66047eecb12b1dd0e5dd77ae839eef6f5705cede9df1aa88eec9ecfd50b1ab?s=96&d=mm&r=g\",\"url\":\"https:\\\/\\\/secure.gravatar.com\\\/avatar\\\/fc66047eecb12b1dd0e5dd77ae839eef6f5705cede9df1aa88eec9ecfd50b1ab?s=96&d=mm&r=g\",\"contentUrl\":\"https:\\\/\\\/secure.gravatar.com\\\/avatar\\\/fc66047eecb12b1dd0e5dd77ae839eef6f5705cede9df1aa88eec9ecfd50b1ab?s=96&d=mm&r=g\",\"caption\":\"Lou-Anne\"},\"url\":\"https:\\\/\\\/www.cycles-blain.com\\\/fr\\\/author\\\/lou-anne\\\/\"}]}<\/script>\n<!-- \/ Yoast SEO plugin. -->","yoast_head_json":{"title":"BLACK FRIDAY CYCLES BLAIN - Promos dans tous les magasins sur Lyon","description":"Black Friday Week dans tous les magasins CYCLES BLAIN sur Lyon et Internet : Promos jusqu'\u00e0 -50 %, Concours Giant & Soir\u00e9e Black Friday 2024","robots":{"index":"index","follow":"follow","max-snippet":"max-snippet:-1","max-image-preview":"max-image-preview:large","max-video-preview":"max-video-preview:-1"},"canonical":"https:\/\/www.cycles-blain.com\/fr\/magasins-velo\/black-friday-2024-cycles-blain-sur-lyon\/","og_locale":"fr_FR","og_type":"article","og_title":"BLACK FRIDAY CYCLES BLAIN - Promos dans tous les magasins sur Lyon","og_description":"Black Friday Week dans tous les magasins CYCLES BLAIN sur Lyon et Internet : Promos jusqu'\u00e0 -50 %, Concours Giant & Soir\u00e9e Black Friday 2024","og_url":"https:\/\/www.cycles-blain.com\/fr\/magasins-velo\/black-friday-2024-cycles-blain-sur-lyon\/","og_site_name":"CyclesBlain - Magasins de v\u00e9los, accessoires et ateliers","article_publisher":"https:\/\/www.facebook.com\/cyclesblain\/?locale=fr_FR","article_published_time":"2024-11-19T15:57:37+00:00","article_modified_time":"2024-12-02T09:16:42+00:00","og_image":[{"width":600,"height":400,"url":"https:\/\/www.cycles-blain.com\/fr\/wp-content\/uploads\/2024\/11\/visuel-article-.png","type":"image\/png"}],"author":"Lou-Anne","twitter_card":"summary_large_image","twitter_misc":{"\u00c9crit par":"Lou-Anne","Dur\u00e9e de lecture estim\u00e9e":"2 minutes"},"schema":{"@context":"https:\/\/schema.org","@graph":[{"@type":"Article","@id":"https:\/\/www.cycles-blain.com\/fr\/magasins-velo\/black-friday-2024-cycles-blain-sur-lyon\/#article","isPartOf":{"@id":"https:\/\/www.cycles-blain.com\/fr\/magasins-velo\/black-friday-2024-cycles-blain-sur-lyon\/"},"author":{"name":"Lou-Anne","@id":"https:\/\/www.cycles-blain.com\/fr\/#\/schema\/person\/2e532610e6e45d290a29e480c00cc742"},"headline":"BLACK FRIDAY CYCLES BLAIN &#8211; Promos dans tous les magasins sur Lyon","datePublished":"2024-11-19T15:57:37+00:00","dateModified":"2024-12-02T09:16:42+00:00","mainEntityOfPage":{"@id":"https:\/\/www.cycles-blain.com\/fr\/magasins-velo\/black-friday-2024-cycles-blain-sur-lyon\/"},"wordCount":264,"commentCount":0,"publisher":{"@id":"https:\/\/www.cycles-blain.com\/fr\/#organization"},"image":{"@id":"https:\/\/www.cycles-blain.com\/fr\/magasins-velo\/black-friday-2024-cycles-blain-sur-lyon\/#primaryimage"},"thumbnailUrl":"https:\/\/www.cycles-blain.com\/fr\/wp-content\/uploads\/2024\/11\/visuel-article-.png","articleSection":["Actus Magasins","Magasin Brignais","Magasin Craponne","Magasin Lyon Centre","Magasin St Priest","Magasin Vienne","Magasin Vienne Sud","Magasin-CyclesVeran","Magasin-Ecully","Magasin-Lyon6","Magasin-Oullins","Promotions"],"inLanguage":"fr-FR","potentialAction":[{"@type":"CommentAction","name":"Comment","target":["https:\/\/www.cycles-blain.com\/fr\/magasins-velo\/black-friday-2024-cycles-blain-sur-lyon\/#respond"]}]},{"@type":"WebPage","@id":"https:\/\/www.cycles-blain.com\/fr\/magasins-velo\/black-friday-2024-cycles-blain-sur-lyon\/","url":"https:\/\/www.cycles-blain.com\/fr\/magasins-velo\/black-friday-2024-cycles-blain-sur-lyon\/","name":"BLACK FRIDAY CYCLES BLAIN - Promos dans tous les magasins sur Lyon","isPartOf":{"@id":"https:\/\/www.cycles-blain.com\/fr\/#website"},"primaryImageOfPage":{"@id":"https:\/\/www.cycles-blain.com\/fr\/magasins-velo\/black-friday-2024-cycles-blain-sur-lyon\/#primaryimage"},"image":{"@id":"https:\/\/www.cycles-blain.com\/fr\/magasins-velo\/black-friday-2024-cycles-blain-sur-lyon\/#primaryimage"},"thumbnailUrl":"https:\/\/www.cycles-blain.com\/fr\/wp-content\/uploads\/2024\/11\/visuel-article-.png","datePublished":"2024-11-19T15:57:37+00:00","dateModified":"2024-12-02T09:16:42+00:00","description":"Black Friday Week dans tous les magasins CYCLES BLAIN sur Lyon et Internet : Promos jusqu'\u00e0 -50 %, Concours Giant & Soir\u00e9e Black Friday 2024","breadcrumb":{"@id":"https:\/\/www.cycles-blain.com\/fr\/magasins-velo\/black-friday-2024-cycles-blain-sur-lyon\/#breadcrumb"},"inLanguage":"fr-FR","potentialAction":[{"@type":"ReadAction","target":["https:\/\/www.cycles-blain.com\/fr\/magasins-velo\/black-friday-2024-cycles-blain-sur-lyon\/"]}]},{"@type":"ImageObject","inLanguage":"fr-FR","@id":"https:\/\/www.cycles-blain.com\/fr\/magasins-velo\/black-friday-2024-cycles-blain-sur-lyon\/#primaryimage","url":"https:\/\/www.cycles-blain.com\/fr\/wp-content\/uploads\/2024\/11\/visuel-article-.png","contentUrl":"https:\/\/www.cycles-blain.com\/fr\/wp-content\/uploads\/2024\/11\/visuel-article-.png","width":600,"height":400,"caption":"Black Friday"},{"@type":"BreadcrumbList","@id":"https:\/\/www.cycles-blain.com\/fr\/magasins-velo\/black-friday-2024-cycles-blain-sur-lyon\/#breadcrumb","itemListElement":[{"@type":"ListItem","position":1,"name":"Accueil","item":"https:\/\/www.cycles-blain.com\/fr\/"},{"@type":"ListItem","position":2,"name":"BLACK FRIDAY CYCLES BLAIN &#8211; Promos dans tous les magasins sur Lyon"}]},{"@type":"WebSite","@id":"https:\/\/www.cycles-blain.com\/fr\/#website","url":"https:\/\/www.cycles-blain.com\/fr\/","name":"CyclesBlain - Magasins de v\u00e9los, accessoires et ateliers","description":"Blog Cycles Blain","publisher":{"@id":"https:\/\/www.cycles-blain.com\/fr\/#organization"},"potentialAction":[{"@type":"SearchAction","target":{"@type":"EntryPoint","urlTemplate":"https:\/\/www.cycles-blain.com\/fr\/?s={search_term_string}"},"query-input":{"@type":"PropertyValueSpecification","valueRequired":true,"valueName":"search_term_string"}}],"inLanguage":"fr-FR"},{"@type":"Organization","@id":"https:\/\/www.cycles-blain.com\/fr\/#organization","name":"CyclesBlain - Magasins de v\u00e9los, accessoires et ateliers","url":"https:\/\/www.cycles-blain.com\/fr\/","logo":{"@type":"ImageObject","inLanguage":"fr-FR","@id":"https:\/\/www.cycles-blain.com\/fr\/#\/schema\/logo\/image\/","url":"https:\/\/www.cycles-blain.com\/fr\/wp-content\/uploads\/2023\/10\/logo-cycles-blain.jpeg","contentUrl":"https:\/\/www.cycles-blain.com\/fr\/wp-content\/uploads\/2023\/10\/logo-cycles-blain.jpeg","width":264,"height":191,"caption":"CyclesBlain - Magasins de v\u00e9los, accessoires et ateliers"},"image":{"@id":"https:\/\/www.cycles-blain.com\/fr\/#\/schema\/logo\/image\/"},"sameAs":["https:\/\/www.facebook.com\/cyclesblain\/?locale=fr_FR","https:\/\/www.instagram.com\/cycles_blain\/?hl=fr"]},{"@type":"Person","@id":"https:\/\/www.cycles-blain.com\/fr\/#\/schema\/person\/2e532610e6e45d290a29e480c00cc742","name":"Lou-Anne","image":{"@type":"ImageObject","inLanguage":"fr-FR","@id":"https:\/\/secure.gravatar.com\/avatar\/fc66047eecb12b1dd0e5dd77ae839eef6f5705cede9df1aa88eec9ecfd50b1ab?s=96&d=mm&r=g","url":"https:\/\/secure.gravatar.com\/avatar\/fc66047eecb12b1dd0e5dd77ae839eef6f5705cede9df1aa88eec9ecfd50b1ab?s=96&d=mm&r=g","contentUrl":"https:\/\/secure.gravatar.com\/avatar\/fc66047eecb12b1dd0e5dd77ae839eef6f5705cede9df1aa88eec9ecfd50b1ab?s=96&d=mm&r=g","caption":"Lou-Anne"},"url":"https:\/\/www.cycles-blain.com\/fr\/author\/lou-anne\/"}]}},"_links":{"self":[{"href":"https:\/\/www.cycles-blain.com\/fr\/wp-json\/wp\/v2\/posts\/10217","targetHints":{"allow":["GET"]}}],"collection":[{"href":"https:\/\/www.cycles-blain.com\/fr\/wp-json\/wp\/v2\/posts"}],"about":[{"href":"https:\/\/www.cycles-blain.com\/fr\/wp-json\/wp\/v2\/types\/post"}],"author":[{"embeddable":true,"href":"https:\/\/www.cycles-blain.com\/fr\/wp-json\/wp\/v2\/users\/4"}],"replies":[{"embeddable":true,"href":"https:\/\/www.cycles-blain.com\/fr\/wp-json\/wp\/v2\/comments?post=10217"}],"version-history":[{"count":119,"href":"https:\/\/www.cycles-blain.com\/fr\/wp-json\/wp\/v2\/posts\/10217\/revisions"}],"predecessor-version":[{"id":10792,"href":"https:\/\/www.cycles-blain.com\/fr\/wp-json\/wp\/v2\/posts\/10217\/revisions\/10792"}],"wp:featuredmedia":[{"embeddable":true,"href":"https:\/\/www.cycles-blain.com\/fr\/wp-json\/wp\/v2\/media\/10219"}],"wp:attachment":[{"href":"https:\/\/www.cycles-blain.com\/fr\/wp-json\/wp\/v2\/media?parent=10217"}],"wp:term":[{"taxonomy":"category","embeddable":true,"href":"https:\/\/www.cycles-blain.com\/fr\/wp-json\/wp\/v2\/categories?post=10217"},{"taxonomy":"post_tag","embeddable":true,"href":"https:\/\/www.cycles-blain.com\/fr\/wp-json\/wp\/v2\/tags?post=10217"}],"curies":[{"name":"wp","href":"https:\/\/api.w.org\/{rel}","templated":true}]}}