{"id":10516,"date":"2024-11-01T10:48:34","date_gmt":"2024-11-01T09:48:34","guid":{"rendered":"https:\/\/www.cycles-blain.com\/fr\/?p=10516"},"modified":"2024-11-27T11:27:48","modified_gmt":"2024-11-27T10:27:48","slug":"compteur-gps-garmin-mise-a-jour-sept24","status":"publish","type":"post","link":"https:\/\/www.cycles-blain.com\/fr\/velo\/compteur-gps-garmin-mise-a-jour-sept24\/","title":{"rendered":"Mise \u00e0 jour Compteur GPS Garmin Sept 2024"},"content":{"rendered":"\t\t<div data-elementor-type=\"wp-post\" data-elementor-id=\"10516\" class=\"elementor elementor-10516\" data-elementor-post-type=\"post\">\n\t\t\t\t<div class=\"elementor-element elementor-element-34eafd6 e-flex e-con-boxed e-con e-parent\" data-id=\"34eafd6\" data-element_type=\"container\" data-e-type=\"container\">\n\t\t\t\t\t<div class=\"e-con-inner\">\n\t\t\t\t<div class=\"elementor-element elementor-element-e9e076d elementor-widget elementor-widget-text-editor\" data-id=\"e9e076d\" data-element_type=\"widget\" data-e-type=\"widget\" data-widget_type=\"text-editor.default\">\n\t\t\t\t<div class=\"elementor-widget-container\">\n\t\t\t\t\t\t\t\t\t<p><i>Si vous ne l&rsquo;avez pas encore faite, la derni\u00e8re mise \u00e0 jour des Compteurs et Montres Gps Garmin v\u00e9lo de septembre 2024, peut vous int\u00e9resser&#8230;Elles concernent les montre gps Fenix 7 et 8, Forerunner\u00a0 Lilly 2, Venu 3 et bien entendu les compteur v\u00e9lo GPS Edge 1050, 540, 840, et 1040 et Explore 2&#8230;<\/i><\/p>\t\t\t\t\t\t\t\t<\/div>\n\t\t\t\t<\/div>\n\t\t\t\t\t<\/div>\n\t\t\t\t<\/div>\n\t\t<div class=\"elementor-element elementor-element-7de08dd e-flex e-con-boxed e-con e-parent\" data-id=\"7de08dd\" data-element_type=\"container\" data-e-type=\"container\">\n\t\t\t\t\t<div class=\"e-con-inner\">\n\t\t\t\t<div class=\"elementor-element elementor-element-3ea8ba7 elementor-widget elementor-widget-heading\" data-id=\"3ea8ba7\" data-element_type=\"widget\" data-e-type=\"widget\" data-widget_type=\"heading.default\">\n\t\t\t\t<div class=\"elementor-widget-container\">\n\t\t\t\t\t<h3 class=\"elementor-heading-title elementor-size-default\">Les nouveaut\u00e9s Garmin de septembre 2024<\/h3>\t\t\t\t<\/div>\n\t\t\t\t<\/div>\n\t\t\t\t\t<\/div>\n\t\t\t\t<\/div>\n\t\t<div class=\"elementor-element elementor-element-116ce87 e-flex e-con-boxed e-con e-parent\" data-id=\"116ce87\" data-element_type=\"container\" data-e-type=\"container\">\n\t\t\t\t\t<div class=\"e-con-inner\">\n\t\t\t\t<div class=\"elementor-element elementor-element-9076b72 elementor-widget elementor-widget-text-editor\" data-id=\"9076b72\" data-element_type=\"widget\" data-e-type=\"widget\" data-widget_type=\"text-editor.default\">\n\t\t\t\t<div class=\"elementor-widget-container\">\n\t\t\t\t\t\t\t\t\t<p>Il s&rsquo;agit d&rsquo;une mise \u00e0 jour logicielle des compteurs GPS Garmin et Montres GPS Garmin pour v\u00e9lo et running. Elle am\u00e9liore les fonctionnalit\u00e9s des compteurs et montres et am\u00e9liore les statistiques ou fonctionnalit\u00e9s de l&rsquo;application Garmin Connect. Voici les nouveaut\u00e9s de septembre 2024 qui devraient vous int\u00e9resser pour le v\u00e9lo \/ cyclisme : \ud83d\ude09<\/p>\n<ul>\n<li><b>Garmin Coach<\/b> : De nouveaux coaches ont \u00e9t\u00e9 ajout\u00e9s pour le v\u00e9lo afin de s&rsquo;entra\u00eener pour un \u00e9v\u00e8nement v\u00e9lo, se fixer un objectif ou cr\u00e9er un entra\u00eenement sur plusieurs mois.<\/li>\n<li><b>Garmin partage : <\/b>Permet de partager une course avec des ami(e)s connect\u00e9(e)s sur Garmin, ainsi que des endroits sauvegard\u00e9s.<\/li>\n<li><b>Pr\u00e9diction de course v\u00e9lo : <\/b>Permet de pr\u00e9dire&nbsp;vos r\u00e9sultats de course de v\u00e9lo en fonction de vos performances des derni\u00e8res semaines,<\/li>\n<li><b>Dangers sur la route : <\/b>Lors d&rsquo;une sortie v\u00e9lo avec le GPS de v\u00e9lo Edge\u00ae compatible, vous pouvez signaler un danger qui pourrait constituer un risque potentiel pour un cycliste. Vous pouvez \u00e9galement confirmer un danger reconnu par un autre utilisateur Edge ou signaler que la menace n&rsquo;est plus pr\u00e9sente.<\/li>\n<li><b>Type de surface de route<\/b> : Les compteurs GPS Edge\u00ae compatibles permettent de voir le type de rev\u00eatement de la route dans le r\u00e9sum\u00e9 de l&rsquo;activit\u00e9 sur la plateforme&nbsp;Garmin Connect&nbsp;\u2122 et de recevoir des avertissements pour les routes non pav\u00e9es pendant le trajet. L&rsquo;Edge utilise les donn\u00e9es de CycleMap int\u00e9gr\u00e9e pour d\u00e9terminer le type de rev\u00eatement de la route :&nbsp;<strong>pav\u00e9<\/strong>&nbsp;et&nbsp;<strong>non pav\u00e9<\/strong>&nbsp;.<\/li>\n<li><b>Groupe Ride<\/b>&nbsp;:&nbsp;La fonction GroupRide, disponible sur les Garmin de v\u00e9lo Edge\u00ae compatibles, permet aux utilisateurs d&rsquo;acc\u00e9der \u00e0 un parcours partag\u00e9, \u00e0 une messagerie de groupe et \u00e0 des donn\u00e9es de g\u00e9olocalisation en direct sur les membres du groupe \u00e0 l&rsquo;aide d&rsquo;un code sp\u00e9cial. (challenges etc&#8230;)<br><a href=\"https:\/\/www8.garmin.com\/wearables\/PDF\/WearablesSoftwareUpdate\/2024\/September2024.pdf\" target=\"_blank\" rel=\"noopener\">En savoir plus sur la mise \u00e0 jour Compteurs et Montres GPS V\u00e9lo Garmin(en anglais)<\/a><\/li>\n<\/ul>\t\t\t\t\t\t\t\t<\/div>\n\t\t\t\t<\/div>\n\t\t\t\t\t<\/div>\n\t\t\t\t<\/div>\n\t\t<div class=\"elementor-element elementor-element-57c8ea4 e-flex e-con-boxed e-con e-parent\" data-id=\"57c8ea4\" data-element_type=\"container\" data-e-type=\"container\">\n\t\t\t\t\t<div class=\"e-con-inner\">\n\t\t\t\t<div class=\"elementor-element elementor-element-e966bc0 elementor-align-center elementor-widget elementor-widget-button\" data-id=\"e966bc0\" data-element_type=\"widget\" data-e-type=\"widget\" data-widget_type=\"button.default\">\n\t\t\t\t<div class=\"elementor-widget-container\">\n\t\t\t\t\t\t\t\t\t<div class=\"elementor-button-wrapper\">\n\t\t\t\t\t<a class=\"elementor-button elementor-button-link elementor-size-sm\" href=\"https:\/\/www.cycles-blain.com\/130-gps-compteur-velo?q=Marque-Garmin\" target=\"_blank\">\n\t\t\t\t\t\t<span class=\"elementor-button-content-wrapper\">\n\t\t\t\t\t\t\t\t\t<span class=\"elementor-button-text\">Je trouve un Compteur GPS v\u00e9lo Garmin<\/span>\n\t\t\t\t\t<\/span>\n\t\t\t\t\t<\/a>\n\t\t\t\t<\/div>\n\t\t\t\t\t\t\t\t<\/div>\n\t\t\t\t<\/div>\n\t\t\t\t\t<\/div>\n\t\t\t\t<\/div>\n\t\t<div class=\"elementor-element elementor-element-b2bf35b e-flex e-con-boxed e-con e-parent\" data-id=\"b2bf35b\" data-element_type=\"container\" data-e-type=\"container\">\n\t\t\t\t\t<div class=\"e-con-inner\">\n\t\t\t\t<div class=\"elementor-element elementor-element-6c040fe elementor-widget elementor-widget-text-editor\" data-id=\"6c040fe\" data-element_type=\"widget\" data-e-type=\"widget\" data-widget_type=\"text-editor.default\">\n\t\t\t\t<div class=\"elementor-widget-container\">\n\t\t\t\t\t\t\t\t\t<p>A lire aussi :\u00a0<\/p><ul><li>\u00a0<a href=\"https:\/\/www.cycles-blain.com\/fr\/magasins-velo\/nouveau-garmin-edge-1050-2024\/\" target=\"_blank\" rel=\"noopener\">Nouveau Compteur GPS Garmin v\u00e9lo Edge 1050<\/a><\/li><\/ul>\t\t\t\t\t\t\t\t<\/div>\n\t\t\t\t<\/div>\n\t\t\t\t\t<\/div>\n\t\t\t\t<\/div>\n\t\t\t\t<\/div>\n\t\t","protected":false},"excerpt":{"rendered":"<p>GARMIN a fait une mise \u00e0 jour int\u00e9ressante de ses compteurs GPS v\u00e9lo et montres gps Garmin en septembre 2024 sur les Fenix 7 &#8211; 8, Edge, Forerunner, Venu 3, Lily 2&#8230;<\/p>\n","protected":false},"author":1,"featured_media":10518,"comment_status":"open","ping_status":"open","sticky":false,"template":"","format":"standard","meta":{"site-sidebar-layout":"default","site-content-layout":"","ast-site-content-layout":"default","site-content-style":"default","site-sidebar-style":"default","ast-global-header-display":"","ast-banner-title-visibility":"","ast-main-header-display":"","ast-hfb-above-header-display":"","ast-hfb-below-header-display":"","ast-hfb-mobile-header-display":"","site-post-title":"","ast-breadcrumbs-content":"","ast-featured-img":"","footer-sml-layout":"","theme-transparent-header-meta":"","adv-header-id-meta":"","stick-header-meta":"","header-above-stick-meta":"","header-main-stick-meta":"","header-below-stick-meta":"","astra-migrate-meta-layouts":"set","ast-page-background-enabled":"default","ast-page-background-meta":{"desktop":{"background-color":"","background-image":"","background-repeat":"repeat","background-position":"center center","background-size":"auto","background-attachment":"scroll","background-type":"","background-media":"","overlay-type":"","overlay-color":"","overlay-gradient":""},"tablet":{"background-color":"","background-image":"","background-repeat":"repeat","background-position":"center center","background-size":"auto","background-attachment":"scroll","background-type":"","background-media":"","overlay-type":"","overlay-color":"","overlay-gradient":""},"mobile":{"background-color":"","background-image":"","background-repeat":"repeat","background-position":"center center","background-size":"auto","background-attachment":"scroll","background-type":"","background-media":"","overlay-type":"","overlay-color":"","overlay-gradient":""}},"ast-content-background-meta":{"desktop":{"background-color":"var(--ast-global-color-5)","background-image":"","background-repeat":"repeat","background-position":"center center","background-size":"auto","background-attachment":"scroll","background-type":"","background-media":"","overlay-type":"","overlay-color":"","overlay-gradient":""},"tablet":{"background-color":"var(--ast-global-color-5)","background-image":"","background-repeat":"repeat","background-position":"center center","background-size":"auto","background-attachment":"scroll","background-type":"","background-media":"","overlay-type":"","overlay-color":"","overlay-gradient":""},"mobile":{"background-color":"var(--ast-global-color-5)","background-image":"","background-repeat":"repeat","background-position":"center center","background-size":"auto","background-attachment":"scroll","background-type":"","background-media":"","overlay-type":"","overlay-color":"","overlay-gradient":""}},"footnotes":""},"categories":[4,9,17],"tags":[279,93,239],"class_list":["post-10516","post","type-post","status-publish","format-standard","has-post-thumbnail","hentry","category-velo","category-conseils-velo","category-sport-velo","tag-compteur","tag-garmin","tag-gps"],"yoast_head":"<!-- This site is optimized with the Yoast SEO plugin v27.5 - https:\/\/yoast.com\/product\/yoast-seo-wordpress\/ -->\n<title>Mise \u00e0 jour Compteur GPS Garmin Sept 2024 - News CYCLES BLAIN<\/title>\n<meta name=\"description\" content=\"GARMIN a fait une mise \u00e0 jour de ses compteurs GPS v\u00e9lo et montres gps Garmin en septembre 2024 sur les Fenix 7 - 8, Edge, Forerunner, Venu 3\" \/>\n<meta name=\"robots\" content=\"index, follow, max-snippet:-1, max-image-preview:large, max-video-preview:-1\" \/>\n<link rel=\"canonical\" href=\"https:\/\/www.cycles-blain.com\/fr\/velo\/compteur-gps-garmin-mise-a-jour-sept24\/\" \/>\n<meta property=\"og:locale\" content=\"fr_FR\" \/>\n<meta property=\"og:type\" content=\"article\" \/>\n<meta property=\"og:title\" content=\"Mise \u00e0 jour Compteur GPS Garmin Sept 2024 - News CYCLES BLAIN\" \/>\n<meta property=\"og:description\" content=\"GARMIN a fait une mise \u00e0 jour de ses compteurs GPS v\u00e9lo et montres gps Garmin en septembre 2024 sur les Fenix 7 - 8, Edge, Forerunner, Venu 3\" \/>\n<meta property=\"og:url\" content=\"https:\/\/www.cycles-blain.com\/fr\/velo\/compteur-gps-garmin-mise-a-jour-sept24\/\" \/>\n<meta property=\"og:site_name\" content=\"CyclesBlain - Magasins de v\u00e9los, accessoires et ateliers\" \/>\n<meta property=\"article:publisher\" content=\"https:\/\/www.facebook.com\/cyclesblain\/?locale=fr_FR\" \/>\n<meta property=\"article:published_time\" content=\"2024-11-01T09:48:34+00:00\" \/>\n<meta property=\"article:modified_time\" content=\"2024-11-27T10:27:48+00:00\" \/>\n<meta property=\"og:image\" content=\"https:\/\/www.cycles-blain.com\/fr\/wp-content\/uploads\/2024\/11\/mise-jour-compteur-gps-garmin-velo2024.jpg\" \/>\n\t<meta property=\"og:image:width\" content=\"600\" \/>\n\t<meta property=\"og:image:height\" content=\"465\" \/>\n\t<meta property=\"og:image:type\" content=\"image\/jpeg\" \/>\n<meta name=\"author\" content=\"Gueweb\" \/>\n<meta name=\"twitter:card\" content=\"summary_large_image\" \/>\n<meta name=\"twitter:label1\" content=\"\u00c9crit par\" \/>\n\t<meta name=\"twitter:data1\" content=\"Gueweb\" \/>\n\t<meta name=\"twitter:label2\" content=\"Dur\u00e9e de lecture estim\u00e9e\" \/>\n\t<meta name=\"twitter:data2\" content=\"3 minutes\" \/>\n<script type=\"application\/ld+json\" class=\"yoast-schema-graph\">{\"@context\":\"https:\\\/\\\/schema.org\",\"@graph\":[{\"@type\":\"Article\",\"@id\":\"https:\\\/\\\/www.cycles-blain.com\\\/fr\\\/velo\\\/compteur-gps-garmin-mise-a-jour-sept24\\\/#article\",\"isPartOf\":{\"@id\":\"https:\\\/\\\/www.cycles-blain.com\\\/fr\\\/velo\\\/compteur-gps-garmin-mise-a-jour-sept24\\\/\"},\"author\":{\"name\":\"Gueweb\",\"@id\":\"https:\\\/\\\/www.cycles-blain.com\\\/fr\\\/#\\\/schema\\\/person\\\/6fb8bad852fde893fb61b7b05936af37\"},\"headline\":\"Mise \u00e0 jour Compteur GPS Garmin Sept 2024\",\"datePublished\":\"2024-11-01T09:48:34+00:00\",\"dateModified\":\"2024-11-27T10:27:48+00:00\",\"mainEntityOfPage\":{\"@id\":\"https:\\\/\\\/www.cycles-blain.com\\\/fr\\\/velo\\\/compteur-gps-garmin-mise-a-jour-sept24\\\/\"},\"wordCount\":429,\"commentCount\":0,\"publisher\":{\"@id\":\"https:\\\/\\\/www.cycles-blain.com\\\/fr\\\/#organization\"},\"image\":{\"@id\":\"https:\\\/\\\/www.cycles-blain.com\\\/fr\\\/velo\\\/compteur-gps-garmin-mise-a-jour-sept24\\\/#primaryimage\"},\"thumbnailUrl\":\"https:\\\/\\\/www.cycles-blain.com\\\/fr\\\/wp-content\\\/uploads\\\/2024\\\/11\\\/mise-jour-compteur-gps-garmin-velo2024.jpg\",\"keywords\":[\"compteur\",\"garmin\",\"gps\"],\"articleSection\":[\"Actus V\u00e9lo\",\"Conseils-Pratique\",\"Sport\"],\"inLanguage\":\"fr-FR\",\"potentialAction\":[{\"@type\":\"CommentAction\",\"name\":\"Comment\",\"target\":[\"https:\\\/\\\/www.cycles-blain.com\\\/fr\\\/velo\\\/compteur-gps-garmin-mise-a-jour-sept24\\\/#respond\"]}]},{\"@type\":\"WebPage\",\"@id\":\"https:\\\/\\\/www.cycles-blain.com\\\/fr\\\/velo\\\/compteur-gps-garmin-mise-a-jour-sept24\\\/\",\"url\":\"https:\\\/\\\/www.cycles-blain.com\\\/fr\\\/velo\\\/compteur-gps-garmin-mise-a-jour-sept24\\\/\",\"name\":\"Mise \u00e0 jour Compteur GPS Garmin Sept 2024 - News CYCLES BLAIN\",\"isPartOf\":{\"@id\":\"https:\\\/\\\/www.cycles-blain.com\\\/fr\\\/#website\"},\"primaryImageOfPage\":{\"@id\":\"https:\\\/\\\/www.cycles-blain.com\\\/fr\\\/velo\\\/compteur-gps-garmin-mise-a-jour-sept24\\\/#primaryimage\"},\"image\":{\"@id\":\"https:\\\/\\\/www.cycles-blain.com\\\/fr\\\/velo\\\/compteur-gps-garmin-mise-a-jour-sept24\\\/#primaryimage\"},\"thumbnailUrl\":\"https:\\\/\\\/www.cycles-blain.com\\\/fr\\\/wp-content\\\/uploads\\\/2024\\\/11\\\/mise-jour-compteur-gps-garmin-velo2024.jpg\",\"datePublished\":\"2024-11-01T09:48:34+00:00\",\"dateModified\":\"2024-11-27T10:27:48+00:00\",\"description\":\"GARMIN a fait une mise \u00e0 jour de ses compteurs GPS v\u00e9lo et montres gps Garmin en septembre 2024 sur les Fenix 7 - 8, Edge, Forerunner, Venu 3\",\"breadcrumb\":{\"@id\":\"https:\\\/\\\/www.cycles-blain.com\\\/fr\\\/velo\\\/compteur-gps-garmin-mise-a-jour-sept24\\\/#breadcrumb\"},\"inLanguage\":\"fr-FR\",\"potentialAction\":[{\"@type\":\"ReadAction\",\"target\":[\"https:\\\/\\\/www.cycles-blain.com\\\/fr\\\/velo\\\/compteur-gps-garmin-mise-a-jour-sept24\\\/\"]}]},{\"@type\":\"ImageObject\",\"inLanguage\":\"fr-FR\",\"@id\":\"https:\\\/\\\/www.cycles-blain.com\\\/fr\\\/velo\\\/compteur-gps-garmin-mise-a-jour-sept24\\\/#primaryimage\",\"url\":\"https:\\\/\\\/www.cycles-blain.com\\\/fr\\\/wp-content\\\/uploads\\\/2024\\\/11\\\/mise-jour-compteur-gps-garmin-velo2024.jpg\",\"contentUrl\":\"https:\\\/\\\/www.cycles-blain.com\\\/fr\\\/wp-content\\\/uploads\\\/2024\\\/11\\\/mise-jour-compteur-gps-garmin-velo2024.jpg\",\"width\":600,\"height\":465,\"caption\":\"Mise \u00e0 jour Gps Garmin V\u00e9lo septembre 2024\"},{\"@type\":\"BreadcrumbList\",\"@id\":\"https:\\\/\\\/www.cycles-blain.com\\\/fr\\\/velo\\\/compteur-gps-garmin-mise-a-jour-sept24\\\/#breadcrumb\",\"itemListElement\":[{\"@type\":\"ListItem\",\"position\":1,\"name\":\"Accueil\",\"item\":\"https:\\\/\\\/www.cycles-blain.com\\\/fr\\\/\"},{\"@type\":\"ListItem\",\"position\":2,\"name\":\"Mise \u00e0 jour Compteur GPS Garmin Sept 2024\"}]},{\"@type\":\"WebSite\",\"@id\":\"https:\\\/\\\/www.cycles-blain.com\\\/fr\\\/#website\",\"url\":\"https:\\\/\\\/www.cycles-blain.com\\\/fr\\\/\",\"name\":\"CyclesBlain - Magasins de v\u00e9los, accessoires et ateliers\",\"description\":\"Blog Cycles Blain\",\"publisher\":{\"@id\":\"https:\\\/\\\/www.cycles-blain.com\\\/fr\\\/#organization\"},\"potentialAction\":[{\"@type\":\"SearchAction\",\"target\":{\"@type\":\"EntryPoint\",\"urlTemplate\":\"https:\\\/\\\/www.cycles-blain.com\\\/fr\\\/?s={search_term_string}\"},\"query-input\":{\"@type\":\"PropertyValueSpecification\",\"valueRequired\":true,\"valueName\":\"search_term_string\"}}],\"inLanguage\":\"fr-FR\"},{\"@type\":\"Organization\",\"@id\":\"https:\\\/\\\/www.cycles-blain.com\\\/fr\\\/#organization\",\"name\":\"CyclesBlain - Magasins de v\u00e9los, accessoires et ateliers\",\"url\":\"https:\\\/\\\/www.cycles-blain.com\\\/fr\\\/\",\"logo\":{\"@type\":\"ImageObject\",\"inLanguage\":\"fr-FR\",\"@id\":\"https:\\\/\\\/www.cycles-blain.com\\\/fr\\\/#\\\/schema\\\/logo\\\/image\\\/\",\"url\":\"https:\\\/\\\/www.cycles-blain.com\\\/fr\\\/wp-content\\\/uploads\\\/2023\\\/10\\\/logo-cycles-blain.jpeg\",\"contentUrl\":\"https:\\\/\\\/www.cycles-blain.com\\\/fr\\\/wp-content\\\/uploads\\\/2023\\\/10\\\/logo-cycles-blain.jpeg\",\"width\":264,\"height\":191,\"caption\":\"CyclesBlain - Magasins de v\u00e9los, accessoires et ateliers\"},\"image\":{\"@id\":\"https:\\\/\\\/www.cycles-blain.com\\\/fr\\\/#\\\/schema\\\/logo\\\/image\\\/\"},\"sameAs\":[\"https:\\\/\\\/www.facebook.com\\\/cyclesblain\\\/?locale=fr_FR\",\"https:\\\/\\\/www.instagram.com\\\/cycles_blain\\\/?hl=fr\"]},{\"@type\":\"Person\",\"@id\":\"https:\\\/\\\/www.cycles-blain.com\\\/fr\\\/#\\\/schema\\\/person\\\/6fb8bad852fde893fb61b7b05936af37\",\"name\":\"Gueweb\",\"image\":{\"@type\":\"ImageObject\",\"inLanguage\":\"fr-FR\",\"@id\":\"https:\\\/\\\/secure.gravatar.com\\\/avatar\\\/52550bc594eb074508114b963209b157358b27e5a0319de1bb723df3f760ca2d?s=96&d=mm&r=g\",\"url\":\"https:\\\/\\\/secure.gravatar.com\\\/avatar\\\/52550bc594eb074508114b963209b157358b27e5a0319de1bb723df3f760ca2d?s=96&d=mm&r=g\",\"contentUrl\":\"https:\\\/\\\/secure.gravatar.com\\\/avatar\\\/52550bc594eb074508114b963209b157358b27e5a0319de1bb723df3f760ca2d?s=96&d=mm&r=g\",\"caption\":\"Gueweb\"},\"sameAs\":[\"https:\\\/\\\/www.cycles-blain.com\\\/\\\/fr\"],\"url\":\"https:\\\/\\\/www.cycles-blain.com\\\/fr\\\/author\\\/gueweb\\\/\"}]}<\/script>\n<!-- \/ Yoast SEO plugin. -->","yoast_head_json":{"title":"Mise \u00e0 jour Compteur GPS Garmin Sept 2024 - News CYCLES BLAIN","description":"GARMIN a fait une mise \u00e0 jour de ses compteurs GPS v\u00e9lo et montres gps Garmin en septembre 2024 sur les Fenix 7 - 8, Edge, Forerunner, Venu 3","robots":{"index":"index","follow":"follow","max-snippet":"max-snippet:-1","max-image-preview":"max-image-preview:large","max-video-preview":"max-video-preview:-1"},"canonical":"https:\/\/www.cycles-blain.com\/fr\/velo\/compteur-gps-garmin-mise-a-jour-sept24\/","og_locale":"fr_FR","og_type":"article","og_title":"Mise \u00e0 jour Compteur GPS Garmin Sept 2024 - News CYCLES BLAIN","og_description":"GARMIN a fait une mise \u00e0 jour de ses compteurs GPS v\u00e9lo et montres gps Garmin en septembre 2024 sur les Fenix 7 - 8, Edge, Forerunner, Venu 3","og_url":"https:\/\/www.cycles-blain.com\/fr\/velo\/compteur-gps-garmin-mise-a-jour-sept24\/","og_site_name":"CyclesBlain - Magasins de v\u00e9los, accessoires et ateliers","article_publisher":"https:\/\/www.facebook.com\/cyclesblain\/?locale=fr_FR","article_published_time":"2024-11-01T09:48:34+00:00","article_modified_time":"2024-11-27T10:27:48+00:00","og_image":[{"width":600,"height":465,"url":"https:\/\/www.cycles-blain.com\/fr\/wp-content\/uploads\/2024\/11\/mise-jour-compteur-gps-garmin-velo2024.jpg","type":"image\/jpeg"}],"author":"Gueweb","twitter_card":"summary_large_image","twitter_misc":{"\u00c9crit par":"Gueweb","Dur\u00e9e de lecture estim\u00e9e":"3 minutes"},"schema":{"@context":"https:\/\/schema.org","@graph":[{"@type":"Article","@id":"https:\/\/www.cycles-blain.com\/fr\/velo\/compteur-gps-garmin-mise-a-jour-sept24\/#article","isPartOf":{"@id":"https:\/\/www.cycles-blain.com\/fr\/velo\/compteur-gps-garmin-mise-a-jour-sept24\/"},"author":{"name":"Gueweb","@id":"https:\/\/www.cycles-blain.com\/fr\/#\/schema\/person\/6fb8bad852fde893fb61b7b05936af37"},"headline":"Mise \u00e0 jour Compteur GPS Garmin Sept 2024","datePublished":"2024-11-01T09:48:34+00:00","dateModified":"2024-11-27T10:27:48+00:00","mainEntityOfPage":{"@id":"https:\/\/www.cycles-blain.com\/fr\/velo\/compteur-gps-garmin-mise-a-jour-sept24\/"},"wordCount":429,"commentCount":0,"publisher":{"@id":"https:\/\/www.cycles-blain.com\/fr\/#organization"},"image":{"@id":"https:\/\/www.cycles-blain.com\/fr\/velo\/compteur-gps-garmin-mise-a-jour-sept24\/#primaryimage"},"thumbnailUrl":"https:\/\/www.cycles-blain.com\/fr\/wp-content\/uploads\/2024\/11\/mise-jour-compteur-gps-garmin-velo2024.jpg","keywords":["compteur","garmin","gps"],"articleSection":["Actus V\u00e9lo","Conseils-Pratique","Sport"],"inLanguage":"fr-FR","potentialAction":[{"@type":"CommentAction","name":"Comment","target":["https:\/\/www.cycles-blain.com\/fr\/velo\/compteur-gps-garmin-mise-a-jour-sept24\/#respond"]}]},{"@type":"WebPage","@id":"https:\/\/www.cycles-blain.com\/fr\/velo\/compteur-gps-garmin-mise-a-jour-sept24\/","url":"https:\/\/www.cycles-blain.com\/fr\/velo\/compteur-gps-garmin-mise-a-jour-sept24\/","name":"Mise \u00e0 jour Compteur GPS Garmin Sept 2024 - News CYCLES BLAIN","isPartOf":{"@id":"https:\/\/www.cycles-blain.com\/fr\/#website"},"primaryImageOfPage":{"@id":"https:\/\/www.cycles-blain.com\/fr\/velo\/compteur-gps-garmin-mise-a-jour-sept24\/#primaryimage"},"image":{"@id":"https:\/\/www.cycles-blain.com\/fr\/velo\/compteur-gps-garmin-mise-a-jour-sept24\/#primaryimage"},"thumbnailUrl":"https:\/\/www.cycles-blain.com\/fr\/wp-content\/uploads\/2024\/11\/mise-jour-compteur-gps-garmin-velo2024.jpg","datePublished":"2024-11-01T09:48:34+00:00","dateModified":"2024-11-27T10:27:48+00:00","description":"GARMIN a fait une mise \u00e0 jour de ses compteurs GPS v\u00e9lo et montres gps Garmin en septembre 2024 sur les Fenix 7 - 8, Edge, Forerunner, Venu 3","breadcrumb":{"@id":"https:\/\/www.cycles-blain.com\/fr\/velo\/compteur-gps-garmin-mise-a-jour-sept24\/#breadcrumb"},"inLanguage":"fr-FR","potentialAction":[{"@type":"ReadAction","target":["https:\/\/www.cycles-blain.com\/fr\/velo\/compteur-gps-garmin-mise-a-jour-sept24\/"]}]},{"@type":"ImageObject","inLanguage":"fr-FR","@id":"https:\/\/www.cycles-blain.com\/fr\/velo\/compteur-gps-garmin-mise-a-jour-sept24\/#primaryimage","url":"https:\/\/www.cycles-blain.com\/fr\/wp-content\/uploads\/2024\/11\/mise-jour-compteur-gps-garmin-velo2024.jpg","contentUrl":"https:\/\/www.cycles-blain.com\/fr\/wp-content\/uploads\/2024\/11\/mise-jour-compteur-gps-garmin-velo2024.jpg","width":600,"height":465,"caption":"Mise \u00e0 jour Gps Garmin V\u00e9lo septembre 2024"},{"@type":"BreadcrumbList","@id":"https:\/\/www.cycles-blain.com\/fr\/velo\/compteur-gps-garmin-mise-a-jour-sept24\/#breadcrumb","itemListElement":[{"@type":"ListItem","position":1,"name":"Accueil","item":"https:\/\/www.cycles-blain.com\/fr\/"},{"@type":"ListItem","position":2,"name":"Mise \u00e0 jour Compteur GPS Garmin Sept 2024"}]},{"@type":"WebSite","@id":"https:\/\/www.cycles-blain.com\/fr\/#website","url":"https:\/\/www.cycles-blain.com\/fr\/","name":"CyclesBlain - Magasins de v\u00e9los, accessoires et ateliers","description":"Blog Cycles Blain","publisher":{"@id":"https:\/\/www.cycles-blain.com\/fr\/#organization"},"potentialAction":[{"@type":"SearchAction","target":{"@type":"EntryPoint","urlTemplate":"https:\/\/www.cycles-blain.com\/fr\/?s={search_term_string}"},"query-input":{"@type":"PropertyValueSpecification","valueRequired":true,"valueName":"search_term_string"}}],"inLanguage":"fr-FR"},{"@type":"Organization","@id":"https:\/\/www.cycles-blain.com\/fr\/#organization","name":"CyclesBlain - Magasins de v\u00e9los, accessoires et ateliers","url":"https:\/\/www.cycles-blain.com\/fr\/","logo":{"@type":"ImageObject","inLanguage":"fr-FR","@id":"https:\/\/www.cycles-blain.com\/fr\/#\/schema\/logo\/image\/","url":"https:\/\/www.cycles-blain.com\/fr\/wp-content\/uploads\/2023\/10\/logo-cycles-blain.jpeg","contentUrl":"https:\/\/www.cycles-blain.com\/fr\/wp-content\/uploads\/2023\/10\/logo-cycles-blain.jpeg","width":264,"height":191,"caption":"CyclesBlain - Magasins de v\u00e9los, accessoires et ateliers"},"image":{"@id":"https:\/\/www.cycles-blain.com\/fr\/#\/schema\/logo\/image\/"},"sameAs":["https:\/\/www.facebook.com\/cyclesblain\/?locale=fr_FR","https:\/\/www.instagram.com\/cycles_blain\/?hl=fr"]},{"@type":"Person","@id":"https:\/\/www.cycles-blain.com\/fr\/#\/schema\/person\/6fb8bad852fde893fb61b7b05936af37","name":"Gueweb","image":{"@type":"ImageObject","inLanguage":"fr-FR","@id":"https:\/\/secure.gravatar.com\/avatar\/52550bc594eb074508114b963209b157358b27e5a0319de1bb723df3f760ca2d?s=96&d=mm&r=g","url":"https:\/\/secure.gravatar.com\/avatar\/52550bc594eb074508114b963209b157358b27e5a0319de1bb723df3f760ca2d?s=96&d=mm&r=g","contentUrl":"https:\/\/secure.gravatar.com\/avatar\/52550bc594eb074508114b963209b157358b27e5a0319de1bb723df3f760ca2d?s=96&d=mm&r=g","caption":"Gueweb"},"sameAs":["https:\/\/www.cycles-blain.com\/\/fr"],"url":"https:\/\/www.cycles-blain.com\/fr\/author\/gueweb\/"}]}},"_links":{"self":[{"href":"https:\/\/www.cycles-blain.com\/fr\/wp-json\/wp\/v2\/posts\/10516","targetHints":{"allow":["GET"]}}],"collection":[{"href":"https:\/\/www.cycles-blain.com\/fr\/wp-json\/wp\/v2\/posts"}],"about":[{"href":"https:\/\/www.cycles-blain.com\/fr\/wp-json\/wp\/v2\/types\/post"}],"author":[{"embeddable":true,"href":"https:\/\/www.cycles-blain.com\/fr\/wp-json\/wp\/v2\/users\/1"}],"replies":[{"embeddable":true,"href":"https:\/\/www.cycles-blain.com\/fr\/wp-json\/wp\/v2\/comments?post=10516"}],"version-history":[{"count":20,"href":"https:\/\/www.cycles-blain.com\/fr\/wp-json\/wp\/v2\/posts\/10516\/revisions"}],"predecessor-version":[{"id":10538,"href":"https:\/\/www.cycles-blain.com\/fr\/wp-json\/wp\/v2\/posts\/10516\/revisions\/10538"}],"wp:featuredmedia":[{"embeddable":true,"href":"https:\/\/www.cycles-blain.com\/fr\/wp-json\/wp\/v2\/media\/10518"}],"wp:attachment":[{"href":"https:\/\/www.cycles-blain.com\/fr\/wp-json\/wp\/v2\/media?parent=10516"}],"wp:term":[{"taxonomy":"category","embeddable":true,"href":"https:\/\/www.cycles-blain.com\/fr\/wp-json\/wp\/v2\/categories?post=10516"},{"taxonomy":"post_tag","embeddable":true,"href":"https:\/\/www.cycles-blain.com\/fr\/wp-json\/wp\/v2\/tags?post=10516"}],"curies":[{"name":"wp","href":"https:\/\/api.w.org\/{rel}","templated":true}]}}