{"id":10800,"date":"2024-12-02T17:00:23","date_gmt":"2024-12-02T16:00:23","guid":{"rendered":"https:\/\/www.cycles-blain.com\/fr\/?p=10800"},"modified":"2024-12-02T18:47:37","modified_gmt":"2024-12-02T17:47:37","slug":"nouveautes-velos-orbea-2025-wild-oiz-2025","status":"publish","type":"post","link":"https:\/\/www.cycles-blain.com\/fr\/velo\/nouveautes-velos-orbea-2025-wild-oiz-2025\/","title":{"rendered":"Nouveaut\u00e9s V\u00e9los ORBEA 2025 &#8211; Wild &amp; Oiz 2025"},"content":{"rendered":"\t\t<div data-elementor-type=\"wp-post\" data-elementor-id=\"10800\" class=\"elementor elementor-10800\" data-elementor-post-type=\"post\">\n\t\t\t\t<div class=\"elementor-element elementor-element-156b89b e-flex e-con-boxed e-con e-parent\" data-id=\"156b89b\" data-element_type=\"container\" data-e-type=\"container\">\n\t\t\t\t\t<div class=\"e-con-inner\">\n\t\t\t\t<div class=\"elementor-element elementor-element-6386243 elementor-widget elementor-widget-text-editor\" data-id=\"6386243\" data-element_type=\"widget\" data-e-type=\"widget\" data-widget_type=\"text-editor.default\">\n\t\t\t\t<div class=\"elementor-widget-container\">\n\t\t\t\t\t\t\t\t\t<p><i>Depuis la rentr\u00e9e 2025, Orbea met le paquet sur les nouveaut\u00e9s VTT 2025 avec le vtt \u00e9lectrique Wild 2025 et le vtt musculaire de Cross Country, le Oiz 2025&#8230;<\/i><\/p>\t\t\t\t\t\t\t\t<\/div>\n\t\t\t\t<\/div>\n\t\t\t\t\t<\/div>\n\t\t\t\t<\/div>\n\t\t<div class=\"elementor-element elementor-element-46f9350 e-flex e-con-boxed e-con e-parent\" data-id=\"46f9350\" data-element_type=\"container\" data-e-type=\"container\">\n\t\t\t\t\t<div class=\"e-con-inner\">\n\t\t\t\t<div class=\"elementor-element elementor-element-1decc92 elementor-widget elementor-widget-heading\" data-id=\"1decc92\" data-element_type=\"widget\" data-e-type=\"widget\" data-widget_type=\"heading.default\">\n\t\t\t\t<div class=\"elementor-widget-container\">\n\t\t\t\t\t<h2 class=\"elementor-heading-title elementor-size-default\">Le OIZ 2025 - vtt cross country de comp\u00e9tition !<\/h2>\t\t\t\t<\/div>\n\t\t\t\t<\/div>\n\t\t\t\t\t<\/div>\n\t\t\t\t<\/div>\n\t\t<div class=\"elementor-element elementor-element-35986a3 e-flex e-con-boxed e-con e-parent\" data-id=\"35986a3\" data-element_type=\"container\" data-e-type=\"container\">\n\t\t\t\t\t<div class=\"e-con-inner\">\n\t\t\t\t<div class=\"elementor-element elementor-element-5ca142b elementor-widget elementor-widget-text-editor\" data-id=\"5ca142b\" data-element_type=\"widget\" data-e-type=\"widget\" data-widget_type=\"text-editor.default\">\n\t\t\t\t<div class=\"elementor-widget-container\">\n\t\t\t\t\t\t\t\t\t<p>Pour lancer ou relancer son VTT de cross country Oiz 2025, Orbea n&rsquo;a pas l\u00e9sin\u00e9 sur les nouveaut\u00e9s :\u00a0<\/p><ul><li>Un nouveau cadre carbone ultra l\u00e9ger de XC, de seulement 1740g, sans pivot arri\u00e8re et plus rigide notamment en lat\u00e9rale avec des roulements de cadre plus grands.<\/li><li>Un nouveau guidon et potence int\u00e9gr\u00e9 tr\u00e8s \u00ab\u00a0\u00e9l\u00e9gant\u00a0\u00bb,<\/li><li>Une nouvelle tige de selle t\u00e9l\u00e9scopique OC MP10 all\u00e9g\u00e9e,<\/li><li>Une suspension de 120 mm avec plusieurs fourches au choix,<br \/><br \/>Le nouveau vtt cross country Oiz 2025 existe d\u00e9j\u00e0 en 7 versions \u00e9quip\u00e9es des nouveaut\u00e9s 2025 :\u00a0<\/li><li><a href=\"https:\/\/www.cycles-blain.com\/vtt-cross-country\/1066-oiz-m-ltd-2025-orbea.html\" target=\"_blank\" rel=\"noopener\">Le Oiz M-LTD 2025 d\u00e8s 10 534 \u20ac<\/a>,<\/li><li>Le Oiz M-Team Factory 2025 d\u00e8s 8 334 \u20ac,<\/li><li>Le Oiz M-Team AXS 2025 d\u00e8s 7 334 \u20ac,<\/li><li>Le Oiz M-Pro 2025 d\u00e8s 6 334 \u20ac,<\/li><li><a href=\"https:\/\/www.cycles-blain.com\/vtt-cross-country\/1067-oiz-m10-axs-2025-orbea.html\" target=\"_blank\" rel=\"noopener\">Le Oiz M10 AXS 2025 d\u00e8s 6 134 \u20ac<\/a>,<\/li><li>Le Oiz M10 2025 d\u00e8s 5 734\u20ac,<\/li><li><a href=\"https:\/\/www.cycles-blain.com\/vtt-cross-country\/1065-oiz-m21-2025-orbea.html\" target=\"_blank\" rel=\"noopener\">Le Oiz M21 2025 d\u00e8s 4 634\u20ac<\/a><\/li><\/ul><div>Comme toujours les Orbea Oiz 2025 sont personnalisables avec de nombreuses options sur les composants 2025 et les couleurs.<br \/>N&rsquo;h\u00e9sitez pas \u00e0 contacter vos magasins Orbea CYCLES BLAIN pr\u00e8s de Lyon \u00e0\u00a0<a href=\"https:\/\/www.cycles-blain.com\/content\/9-magasin-velos-craponne\" target=\"_blank\" rel=\"noopener\">Craponne\u00a0<\/a>ou \u00e0\u00a0<a href=\"https:\/\/www.cycles-blain.com\/content\/8-magasin-velo-brignais\" target=\"_blank\" rel=\"noopener\">Brignais\u00a0<\/a>ou\u00a0<a href=\"https:\/\/www.cycles-blain.com\/content\/10-magasin-velos-lyon-6-manudany\" target=\"_blank\" rel=\"noopener\">Lyon 6<\/a>\u00a0!<\/div>\t\t\t\t\t\t\t\t<\/div>\n\t\t\t\t<\/div>\n\t\t\t\t<div class=\"elementor-element elementor-element-41c40ab elementor-align-center elementor-widget elementor-widget-button\" data-id=\"41c40ab\" data-element_type=\"widget\" data-e-type=\"widget\" data-widget_type=\"button.default\">\n\t\t\t\t<div class=\"elementor-widget-container\">\n\t\t\t\t\t\t\t\t\t<div class=\"elementor-button-wrapper\">\n\t\t\t\t\t<a class=\"elementor-button elementor-button-link elementor-size-sm\" href=\"https:\/\/www.cycles-blain.com\/recherche?controller=search&#038;search_query=oiz+2025\" target=\"_blank\">\n\t\t\t\t\t\t<span class=\"elementor-button-content-wrapper\">\n\t\t\t\t\t\t\t\t\t<span class=\"elementor-button-text\">Je trouve mon OIZ 2025<\/span>\n\t\t\t\t\t<\/span>\n\t\t\t\t\t<\/a>\n\t\t\t\t<\/div>\n\t\t\t\t\t\t\t\t<\/div>\n\t\t\t\t<\/div>\n\t\t\t\t\t<\/div>\n\t\t\t\t<\/div>\n\t\t<div class=\"elementor-element elementor-element-178168f e-grid e-con-boxed e-con e-parent\" data-id=\"178168f\" data-element_type=\"container\" data-e-type=\"container\">\n\t\t\t\t\t<div class=\"e-con-inner\">\n\t\t\t\t<div class=\"elementor-element elementor-element-f71af36 elementor-widget__width-initial elementor-widget elementor-widget-image\" data-id=\"f71af36\" data-element_type=\"widget\" data-e-type=\"widget\" data-widget_type=\"image.default\">\n\t\t\t\t<div class=\"elementor-widget-container\">\n\t\t\t\t\t\t\t\t\t\t\t\t\t\t\t<img fetchpriority=\"high\" decoding=\"async\" width=\"360\" height=\"246\" src=\"https:\/\/www.cycles-blain.com\/fr\/wp-content\/uploads\/2024\/12\/oiz-2025.jpg\" class=\"attachment-full size-full wp-image-10819\" alt=\"Guidon Oiz 2025\" srcset=\"https:\/\/www.cycles-blain.com\/fr\/wp-content\/uploads\/2024\/12\/oiz-2025.jpg 360w, https:\/\/www.cycles-blain.com\/fr\/wp-content\/uploads\/2024\/12\/oiz-2025-300x205.jpg 300w\" sizes=\"(max-width: 360px) 100vw, 360px\" \/>\t\t\t\t\t\t\t\t\t\t\t\t\t\t\t<\/div>\n\t\t\t\t<\/div>\n\t\t\t\t<div class=\"elementor-element elementor-element-90c7afd elementor-widget__width-initial elementor-widget elementor-widget-image\" data-id=\"90c7afd\" data-element_type=\"widget\" data-e-type=\"widget\" data-widget_type=\"image.default\">\n\t\t\t\t<div class=\"elementor-widget-container\">\n\t\t\t\t\t\t\t\t\t\t\t\t\t\t\t<img decoding=\"async\" width=\"360\" height=\"246\" src=\"https:\/\/www.cycles-blain.com\/fr\/wp-content\/uploads\/2024\/12\/oiz-control-3.jpg\" class=\"attachment-full size-full wp-image-10816\" alt=\"Orbea Oiz 2025\" srcset=\"https:\/\/www.cycles-blain.com\/fr\/wp-content\/uploads\/2024\/12\/oiz-control-3.jpg 360w, https:\/\/www.cycles-blain.com\/fr\/wp-content\/uploads\/2024\/12\/oiz-control-3-300x205.jpg 300w\" sizes=\"(max-width: 360px) 100vw, 360px\" \/>\t\t\t\t\t\t\t\t\t\t\t\t\t\t\t<\/div>\n\t\t\t\t<\/div>\n\t\t\t\t<div class=\"elementor-element elementor-element-74b6164 elementor-widget__width-initial elementor-widget elementor-widget-image\" data-id=\"74b6164\" data-element_type=\"widget\" data-e-type=\"widget\" data-widget_type=\"image.default\">\n\t\t\t\t<div class=\"elementor-widget-container\">\n\t\t\t\t\t\t\t\t\t\t\t\t\t\t\t<img decoding=\"async\" width=\"360\" height=\"246\" src=\"https:\/\/www.cycles-blain.com\/fr\/wp-content\/uploads\/2024\/12\/oiz-control-4.jpg\" class=\"attachment-full size-full wp-image-10817\" alt=\"Squidlock Oiz 2025\" srcset=\"https:\/\/www.cycles-blain.com\/fr\/wp-content\/uploads\/2024\/12\/oiz-control-4.jpg 360w, https:\/\/www.cycles-blain.com\/fr\/wp-content\/uploads\/2024\/12\/oiz-control-4-300x205.jpg 300w\" sizes=\"(max-width: 360px) 100vw, 360px\" \/>\t\t\t\t\t\t\t\t\t\t\t\t\t\t\t<\/div>\n\t\t\t\t<\/div>\n\t\t\t\t<div class=\"elementor-element elementor-element-391824c elementor-widget__width-initial elementor-widget elementor-widget-image\" data-id=\"391824c\" data-element_type=\"widget\" data-e-type=\"widget\" data-widget_type=\"image.default\">\n\t\t\t\t<div class=\"elementor-widget-container\">\n\t\t\t\t\t\t\t\t\t\t\t\t\t\t\t<img loading=\"lazy\" decoding=\"async\" width=\"360\" height=\"294\" src=\"https:\/\/www.cycles-blain.com\/fr\/wp-content\/uploads\/2024\/12\/oiz-tuned-3.jpg\" class=\"attachment-full size-full wp-image-10818\" alt=\"Cadre Oiz 2025\" srcset=\"https:\/\/www.cycles-blain.com\/fr\/wp-content\/uploads\/2024\/12\/oiz-tuned-3.jpg 360w, https:\/\/www.cycles-blain.com\/fr\/wp-content\/uploads\/2024\/12\/oiz-tuned-3-300x245.jpg 300w\" sizes=\"(max-width: 360px) 100vw, 360px\" \/>\t\t\t\t\t\t\t\t\t\t\t\t\t\t\t<\/div>\n\t\t\t\t<\/div>\n\t\t\t\t\t<\/div>\n\t\t\t\t<\/div>\n\t\t<div class=\"elementor-element elementor-element-c7788db e-flex e-con-boxed e-con e-parent\" data-id=\"c7788db\" data-element_type=\"container\" data-e-type=\"container\">\n\t\t\t\t\t<div class=\"e-con-inner\">\n\t\t\t\t<div class=\"elementor-element elementor-element-48f0656 elementor-widget elementor-widget-heading\" data-id=\"48f0656\" data-element_type=\"widget\" data-e-type=\"widget\" data-widget_type=\"heading.default\">\n\t\t\t\t<div class=\"elementor-widget-container\">\n\t\t\t\t\t<h2 class=\"elementor-heading-title elementor-size-default\">Nouveau Wild 2025 - Vtt \u00e9lectrique tout suspendu 2025<\/h2>\t\t\t\t<\/div>\n\t\t\t\t<\/div>\n\t\t\t\t\t<\/div>\n\t\t\t\t<\/div>\n\t\t<div class=\"elementor-element elementor-element-9ee1397 e-flex e-con-boxed e-con e-parent\" data-id=\"9ee1397\" data-element_type=\"container\" data-e-type=\"container\">\n\t\t\t\t\t<div class=\"e-con-inner\">\n\t\t\t\t<div class=\"elementor-element elementor-element-1f041ab elementor-widget elementor-widget-text-editor\" data-id=\"1f041ab\" data-element_type=\"widget\" data-e-type=\"widget\" data-widget_type=\"text-editor.default\">\n\t\t\t\t<div class=\"elementor-widget-container\">\n\t\t\t\t\t\t\t\t\t<p>On ne pr\u00e9sente plus le Wild, vtt \u00e9lectrique tout suspendu d&rsquo;Orbea n\u00e9 pour les performances et le plaisir en enduro, descente, ou all mountain, il sera \u00e0 l&rsquo;aise partout ! La version 2025 m\u00e9rite toute notre attention !<\/p><ul><li>Le nouveau moteur Bosch Performance CX avec sa batterie de 600 ou 750 wh,<\/li><li>Une g\u00e9om\u00e9trie pens\u00e9e \u00ab\u00a0Gravity\u00a0\u00bb avec 170 mm de d\u00e9battement,<\/li><li>Un Tableau de bord \u00e9pur\u00e9 fait pour rouler fort,<\/li><li>Un cadre compatible Mulet,<\/li><li>Un poids contenu<\/li><\/ul>\t\t\t\t\t\t\t\t<\/div>\n\t\t\t\t<\/div>\n\t\t\t\t<div class=\"elementor-element elementor-element-c6676bf elementor-align-center elementor-widget elementor-widget-button\" data-id=\"c6676bf\" data-element_type=\"widget\" data-e-type=\"widget\" data-widget_type=\"button.default\">\n\t\t\t\t<div class=\"elementor-widget-container\">\n\t\t\t\t\t\t\t\t\t<div class=\"elementor-button-wrapper\">\n\t\t\t\t\t<a class=\"elementor-button elementor-button-link elementor-size-sm\" href=\"https:\/\/www.cycles-blain.com\/recherche?controller=search&#038;search_query=wild+2025\" target=\"_blank\">\n\t\t\t\t\t\t<span class=\"elementor-button-content-wrapper\">\n\t\t\t\t\t\t\t\t\t<span class=\"elementor-button-text\">Je trouve mon Wild 2025<\/span>\n\t\t\t\t\t<\/span>\n\t\t\t\t\t<\/a>\n\t\t\t\t<\/div>\n\t\t\t\t\t\t\t\t<\/div>\n\t\t\t\t<\/div>\n\t\t\t\t\t<\/div>\n\t\t\t\t<\/div>\n\t\t<div class=\"elementor-element elementor-element-0898383 e-grid e-con-boxed e-con e-parent\" data-id=\"0898383\" data-element_type=\"container\" data-e-type=\"container\">\n\t\t\t\t\t<div class=\"e-con-inner\">\n\t\t\t\t<div class=\"elementor-element elementor-element-4ce1d2f elementor-widget elementor-widget-image\" data-id=\"4ce1d2f\" data-element_type=\"widget\" data-e-type=\"widget\" data-widget_type=\"image.default\">\n\t\t\t\t<div class=\"elementor-widget-container\">\n\t\t\t\t\t\t\t\t\t\t\t\t\t\t\t<img loading=\"lazy\" decoding=\"async\" width=\"1024\" height=\"701\" src=\"https:\/\/www.cycles-blain.com\/fr\/wp-content\/uploads\/2024\/12\/wild-frame-6-1024x701.jpg\" class=\"attachment-large size-large wp-image-10838\" alt=\"Orbea Wild 2025\" srcset=\"https:\/\/www.cycles-blain.com\/fr\/wp-content\/uploads\/2024\/12\/wild-frame-6-1024x701.jpg 1024w, https:\/\/www.cycles-blain.com\/fr\/wp-content\/uploads\/2024\/12\/wild-frame-6-300x205.jpg 300w, https:\/\/www.cycles-blain.com\/fr\/wp-content\/uploads\/2024\/12\/wild-frame-6-768x526.jpg 768w, https:\/\/www.cycles-blain.com\/fr\/wp-content\/uploads\/2024\/12\/wild-frame-6-1536x1051.jpg 1536w, https:\/\/www.cycles-blain.com\/fr\/wp-content\/uploads\/2024\/12\/wild-frame-6.jpg 1680w\" sizes=\"(max-width: 1024px) 100vw, 1024px\" \/>\t\t\t\t\t\t\t\t\t\t\t\t\t\t\t<\/div>\n\t\t\t\t<\/div>\n\t\t\t\t<div class=\"elementor-element elementor-element-a8e6d84 elementor-widget elementor-widget-image\" data-id=\"a8e6d84\" data-element_type=\"widget\" data-e-type=\"widget\" data-widget_type=\"image.default\">\n\t\t\t\t<div class=\"elementor-widget-container\">\n\t\t\t\t\t\t\t\t\t\t\t\t\t\t\t<img loading=\"lazy\" decoding=\"async\" width=\"1024\" height=\"700\" src=\"https:\/\/www.cycles-blain.com\/fr\/wp-content\/uploads\/2024\/12\/wild-claim-4-1024x700.jpg\" class=\"attachment-large size-large wp-image-10837\" alt=\"Guidon Orbea Wild 2025\" srcset=\"https:\/\/www.cycles-blain.com\/fr\/wp-content\/uploads\/2024\/12\/wild-claim-4-1024x700.jpg 1024w, https:\/\/www.cycles-blain.com\/fr\/wp-content\/uploads\/2024\/12\/wild-claim-4-300x205.jpg 300w, https:\/\/www.cycles-blain.com\/fr\/wp-content\/uploads\/2024\/12\/wild-claim-4-768x525.jpg 768w, https:\/\/www.cycles-blain.com\/fr\/wp-content\/uploads\/2024\/12\/wild-claim-4-1536x1050.jpg 1536w, https:\/\/www.cycles-blain.com\/fr\/wp-content\/uploads\/2024\/12\/wild-claim-4-2048x1400.jpg 2048w\" sizes=\"(max-width: 1024px) 100vw, 1024px\" \/>\t\t\t\t\t\t\t\t\t\t\t\t\t\t\t<\/div>\n\t\t\t\t<\/div>\n\t\t\t\t<div class=\"elementor-element elementor-element-23197fb elementor-widget elementor-widget-image\" data-id=\"23197fb\" data-element_type=\"widget\" data-e-type=\"widget\" data-widget_type=\"image.default\">\n\t\t\t\t<div class=\"elementor-widget-container\">\n\t\t\t\t\t\t\t\t\t\t\t\t\t\t\t<img loading=\"lazy\" decoding=\"async\" width=\"1024\" height=\"701\" src=\"https:\/\/www.cycles-blain.com\/fr\/wp-content\/uploads\/2024\/12\/wild-frame-5-1024x701.jpg\" class=\"attachment-large size-large wp-image-10835\" alt=\"vtt Enduro Orbea Wild 2025\" srcset=\"https:\/\/www.cycles-blain.com\/fr\/wp-content\/uploads\/2024\/12\/wild-frame-5-1024x701.jpg 1024w, https:\/\/www.cycles-blain.com\/fr\/wp-content\/uploads\/2024\/12\/wild-frame-5-300x205.jpg 300w, https:\/\/www.cycles-blain.com\/fr\/wp-content\/uploads\/2024\/12\/wild-frame-5-768x526.jpg 768w, https:\/\/www.cycles-blain.com\/fr\/wp-content\/uploads\/2024\/12\/wild-frame-5-1536x1051.jpg 1536w, https:\/\/www.cycles-blain.com\/fr\/wp-content\/uploads\/2024\/12\/wild-frame-5.jpg 1680w\" sizes=\"(max-width: 1024px) 100vw, 1024px\" \/>\t\t\t\t\t\t\t\t\t\t\t\t\t\t\t<\/div>\n\t\t\t\t<\/div>\n\t\t\t\t<div class=\"elementor-element elementor-element-474e447 elementor-widget elementor-widget-image\" data-id=\"474e447\" data-element_type=\"widget\" data-e-type=\"widget\" data-widget_type=\"image.default\">\n\t\t\t\t<div class=\"elementor-widget-container\">\n\t\t\t\t\t\t\t\t\t\t\t\t\t\t\t<img loading=\"lazy\" decoding=\"async\" width=\"1024\" height=\"700\" src=\"https:\/\/www.cycles-blain.com\/fr\/wp-content\/uploads\/2024\/12\/wild-claim-2-1024x700.jpg\" class=\"attachment-large size-large wp-image-10836\" alt=\"Moteur Orbea Wild 2025\" srcset=\"https:\/\/www.cycles-blain.com\/fr\/wp-content\/uploads\/2024\/12\/wild-claim-2-1024x700.jpg 1024w, https:\/\/www.cycles-blain.com\/fr\/wp-content\/uploads\/2024\/12\/wild-claim-2-300x205.jpg 300w, https:\/\/www.cycles-blain.com\/fr\/wp-content\/uploads\/2024\/12\/wild-claim-2-768x525.jpg 768w, https:\/\/www.cycles-blain.com\/fr\/wp-content\/uploads\/2024\/12\/wild-claim-2-1536x1050.jpg 1536w, https:\/\/www.cycles-blain.com\/fr\/wp-content\/uploads\/2024\/12\/wild-claim-2-2048x1400.jpg 2048w\" sizes=\"(max-width: 1024px) 100vw, 1024px\" \/>\t\t\t\t\t\t\t\t\t\t\t\t\t\t\t<\/div>\n\t\t\t\t<\/div>\n\t\t\t\t\t<\/div>\n\t\t\t\t<\/div>\n\t\t<div class=\"elementor-element elementor-element-07da364 e-flex e-con-boxed e-con e-parent\" data-id=\"07da364\" data-element_type=\"container\" data-e-type=\"container\">\n\t\t\t\t\t<div class=\"e-con-inner\">\n\t\t\t\t<div class=\"elementor-element elementor-element-abd1d5f elementor-align-center elementor-widget elementor-widget-button\" data-id=\"abd1d5f\" data-element_type=\"widget\" data-e-type=\"widget\" data-widget_type=\"button.default\">\n\t\t\t\t<div class=\"elementor-widget-container\">\n\t\t\t\t\t\t\t\t\t<div class=\"elementor-button-wrapper\">\n\t\t\t\t\t<a class=\"elementor-button elementor-button-link elementor-size-sm\" href=\"https:\/\/www.cycles-blain.com\/161-ma-discipline-velo\" target=\"_blank\">\n\t\t\t\t\t\t<span class=\"elementor-button-content-wrapper\">\n\t\t\t\t\t\t\t\t\t<span class=\"elementor-button-text\">Je trouve mon VTT selon ma discipline<\/span>\n\t\t\t\t\t<\/span>\n\t\t\t\t\t<\/a>\n\t\t\t\t<\/div>\n\t\t\t\t\t\t\t\t<\/div>\n\t\t\t\t<\/div>\n\t\t\t\t\t<\/div>\n\t\t\t\t<\/div>\n\t\t<div class=\"elementor-element elementor-element-7b58ec4 e-flex e-con-boxed e-con e-parent\" data-id=\"7b58ec4\" data-element_type=\"container\" data-e-type=\"container\">\n\t\t\t\t\t<div class=\"e-con-inner\">\n\t\t\t\t<div class=\"elementor-element elementor-element-7ba289e elementor-widget elementor-widget-text-editor\" data-id=\"7ba289e\" data-element_type=\"widget\" data-e-type=\"widget\" data-widget_type=\"text-editor.default\">\n\t\t\t\t<div class=\"elementor-widget-container\">\n\t\t\t\t\t\t\t\t\t<p>A lire aussi sur les VTT :\u00a0<\/p><ul><li><a style=\"text-align: var(--text-align); font-size: 1rem;\" href=\"https:\/\/www.cycles-blain.com\/content\/47-guide-vtt-tout-suspendu\" target=\"_blank\" rel=\"noopener\">Guide VTT tout suspendu<\/a>,<\/li><li><a href=\"https:\/\/www.cycles-blain.com\/content\/48-destockage-vtt-promotion\" target=\"_blank\" rel=\"noopener\">Promo VTT et Destockage vtt<\/a>,<\/li><li><a href=\"https:\/\/www.cycles-blain.com\/fr\/conseils-velo\/quel-vtt-choisir-2024\/\" target=\"_blank\" rel=\"noopener\">Quel vtt choisir pour 2025 ?<\/a><\/li><\/ul>\t\t\t\t\t\t\t\t<\/div>\n\t\t\t\t<\/div>\n\t\t\t\t\t<\/div>\n\t\t\t\t<\/div>\n\t\t\t\t<\/div>\n\t\t","protected":false},"excerpt":{"rendered":"<p>Depuis la rentr\u00e9e, Orbea met le paquet sur les nouveaut\u00e9s VTT : Le vtt \u00e9lectrique Wild 2025 et le VTT musculaire Cross Country Oiz 2025&#8230;<\/p>\n","protected":false},"author":1,"featured_media":10851,"comment_status":"open","ping_status":"open","sticky":false,"template":"","format":"standard","meta":{"site-sidebar-layout":"default","site-content-layout":"","ast-site-content-layout":"default","site-content-style":"default","site-sidebar-style":"default","ast-global-header-display":"","ast-banner-title-visibility":"","ast-main-header-display":"","ast-hfb-above-header-display":"","ast-hfb-below-header-display":"","ast-hfb-mobile-header-display":"","site-post-title":"","ast-breadcrumbs-content":"","ast-featured-img":"","footer-sml-layout":"","theme-transparent-header-meta":"","adv-header-id-meta":"","stick-header-meta":"","header-above-stick-meta":"","header-main-stick-meta":"","header-below-stick-meta":"","astra-migrate-meta-layouts":"set","ast-page-background-enabled":"default","ast-page-background-meta":{"desktop":{"background-color":"","background-image":"","background-repeat":"repeat","background-position":"center center","background-size":"auto","background-attachment":"scroll","background-type":"","background-media":"","overlay-type":"","overlay-color":"","overlay-gradient":""},"tablet":{"background-color":"","background-image":"","background-repeat":"repeat","background-position":"center center","background-size":"auto","background-attachment":"scroll","background-type":"","background-media":"","overlay-type":"","overlay-color":"","overlay-gradient":""},"mobile":{"background-color":"","background-image":"","background-repeat":"repeat","background-position":"center center","background-size":"auto","background-attachment":"scroll","background-type":"","background-media":"","overlay-type":"","overlay-color":"","overlay-gradient":""}},"ast-content-background-meta":{"desktop":{"background-color":"var(--ast-global-color-5)","background-image":"","background-repeat":"repeat","background-position":"center center","background-size":"auto","background-attachment":"scroll","background-type":"","background-media":"","overlay-type":"","overlay-color":"","overlay-gradient":""},"tablet":{"background-color":"var(--ast-global-color-5)","background-image":"","background-repeat":"repeat","background-position":"center center","background-size":"auto","background-attachment":"scroll","background-type":"","background-media":"","overlay-type":"","overlay-color":"","overlay-gradient":""},"mobile":{"background-color":"var(--ast-global-color-5)","background-image":"","background-repeat":"repeat","background-position":"center center","background-size":"auto","background-attachment":"scroll","background-type":"","background-media":"","overlay-type":"","overlay-color":"","overlay-gradient":""}},"footnotes":""},"categories":[6,4,7,78,17,5,58],"tags":[270,96,141],"class_list":["post-10800","post","type-post","status-publish","format-standard","has-post-thumbnail","hentry","category-magasins-velo","category-velo","category-magasin-brignais","category-magasin-craponne","category-sport-velo","category-vtt-electrique","category-vtt-musculaire","tag-cross-country","tag-orbea","tag-vtt-electrique"],"yoast_head":"<!-- This site is optimized with the Yoast SEO plugin v27.5 - https:\/\/yoast.com\/product\/yoast-seo-wordpress\/ -->\n<title>Nouveaut\u00e9s V\u00e9los ORBEA 2025 - Wild &amp; Oiz 2025 - CYCLES BLAIN<\/title>\n<meta name=\"description\" content=\"Nouveaut\u00e9s VTT Orbea 2025 : Le vtt \u00e9lectrique Wild 2025 et le VTT Cross Country Oiz 2025...chez CYCLES BLAIN - Orbea sur Lyon\" \/>\n<meta name=\"robots\" content=\"index, follow, max-snippet:-1, max-image-preview:large, max-video-preview:-1\" \/>\n<link rel=\"canonical\" href=\"https:\/\/www.cycles-blain.com\/fr\/velo\/nouveautes-velos-orbea-2025-wild-oiz-2025\/\" \/>\n<meta property=\"og:locale\" content=\"fr_FR\" \/>\n<meta property=\"og:type\" content=\"article\" \/>\n<meta property=\"og:title\" content=\"Nouveaut\u00e9s V\u00e9los ORBEA 2025 - Wild &amp; Oiz 2025 - CYCLES BLAIN\" \/>\n<meta property=\"og:description\" content=\"Nouveaut\u00e9s VTT Orbea 2025 : Le vtt \u00e9lectrique Wild 2025 et le VTT Cross Country Oiz 2025...chez CYCLES BLAIN - Orbea sur Lyon\" \/>\n<meta property=\"og:url\" content=\"https:\/\/www.cycles-blain.com\/fr\/velo\/nouveautes-velos-orbea-2025-wild-oiz-2025\/\" \/>\n<meta property=\"og:site_name\" content=\"CyclesBlain - Magasins de v\u00e9los, accessoires et ateliers\" \/>\n<meta property=\"article:publisher\" content=\"https:\/\/www.facebook.com\/cyclesblain\/?locale=fr_FR\" \/>\n<meta property=\"article:published_time\" content=\"2024-12-02T16:00:23+00:00\" \/>\n<meta property=\"article:modified_time\" content=\"2024-12-02T17:47:37+00:00\" \/>\n<meta property=\"og:image\" content=\"https:\/\/www.cycles-blain.com\/fr\/wp-content\/uploads\/2024\/12\/oiz-2025-1.jpg\" \/>\n\t<meta property=\"og:image:width\" content=\"600\" \/>\n\t<meta property=\"og:image:height\" content=\"330\" \/>\n\t<meta property=\"og:image:type\" content=\"image\/jpeg\" \/>\n<meta name=\"author\" content=\"Gueweb\" \/>\n<meta name=\"twitter:card\" content=\"summary_large_image\" \/>\n<meta name=\"twitter:label1\" content=\"\u00c9crit par\" \/>\n\t<meta name=\"twitter:data1\" content=\"Gueweb\" \/>\n\t<meta name=\"twitter:label2\" content=\"Dur\u00e9e de lecture estim\u00e9e\" \/>\n\t<meta name=\"twitter:data2\" content=\"4 minutes\" \/>\n<script type=\"application\/ld+json\" class=\"yoast-schema-graph\">{\"@context\":\"https:\\\/\\\/schema.org\",\"@graph\":[{\"@type\":\"Article\",\"@id\":\"https:\\\/\\\/www.cycles-blain.com\\\/fr\\\/velo\\\/nouveautes-velos-orbea-2025-wild-oiz-2025\\\/#article\",\"isPartOf\":{\"@id\":\"https:\\\/\\\/www.cycles-blain.com\\\/fr\\\/velo\\\/nouveautes-velos-orbea-2025-wild-oiz-2025\\\/\"},\"author\":{\"name\":\"Gueweb\",\"@id\":\"https:\\\/\\\/www.cycles-blain.com\\\/fr\\\/#\\\/schema\\\/person\\\/6fb8bad852fde893fb61b7b05936af37\"},\"headline\":\"Nouveaut\u00e9s V\u00e9los ORBEA 2025 &#8211; Wild &amp; Oiz 2025\",\"datePublished\":\"2024-12-02T16:00:23+00:00\",\"dateModified\":\"2024-12-02T17:47:37+00:00\",\"mainEntityOfPage\":{\"@id\":\"https:\\\/\\\/www.cycles-blain.com\\\/fr\\\/velo\\\/nouveautes-velos-orbea-2025-wild-oiz-2025\\\/\"},\"wordCount\":337,\"commentCount\":0,\"publisher\":{\"@id\":\"https:\\\/\\\/www.cycles-blain.com\\\/fr\\\/#organization\"},\"image\":{\"@id\":\"https:\\\/\\\/www.cycles-blain.com\\\/fr\\\/velo\\\/nouveautes-velos-orbea-2025-wild-oiz-2025\\\/#primaryimage\"},\"thumbnailUrl\":\"https:\\\/\\\/www.cycles-blain.com\\\/fr\\\/wp-content\\\/uploads\\\/2024\\\/12\\\/oiz-2025-1.jpg\",\"keywords\":[\"cross country\",\"orbea\",\"vtt electrique\"],\"articleSection\":[\"Actus Magasins\",\"Actus V\u00e9lo\",\"Magasin Brignais\",\"Magasin Craponne\",\"Sport\",\"VTT Electrique\",\"VTT musculaire\"],\"inLanguage\":\"fr-FR\",\"potentialAction\":[{\"@type\":\"CommentAction\",\"name\":\"Comment\",\"target\":[\"https:\\\/\\\/www.cycles-blain.com\\\/fr\\\/velo\\\/nouveautes-velos-orbea-2025-wild-oiz-2025\\\/#respond\"]}]},{\"@type\":\"WebPage\",\"@id\":\"https:\\\/\\\/www.cycles-blain.com\\\/fr\\\/velo\\\/nouveautes-velos-orbea-2025-wild-oiz-2025\\\/\",\"url\":\"https:\\\/\\\/www.cycles-blain.com\\\/fr\\\/velo\\\/nouveautes-velos-orbea-2025-wild-oiz-2025\\\/\",\"name\":\"Nouveaut\u00e9s V\u00e9los ORBEA 2025 - Wild &amp; Oiz 2025 - CYCLES BLAIN\",\"isPartOf\":{\"@id\":\"https:\\\/\\\/www.cycles-blain.com\\\/fr\\\/#website\"},\"primaryImageOfPage\":{\"@id\":\"https:\\\/\\\/www.cycles-blain.com\\\/fr\\\/velo\\\/nouveautes-velos-orbea-2025-wild-oiz-2025\\\/#primaryimage\"},\"image\":{\"@id\":\"https:\\\/\\\/www.cycles-blain.com\\\/fr\\\/velo\\\/nouveautes-velos-orbea-2025-wild-oiz-2025\\\/#primaryimage\"},\"thumbnailUrl\":\"https:\\\/\\\/www.cycles-blain.com\\\/fr\\\/wp-content\\\/uploads\\\/2024\\\/12\\\/oiz-2025-1.jpg\",\"datePublished\":\"2024-12-02T16:00:23+00:00\",\"dateModified\":\"2024-12-02T17:47:37+00:00\",\"description\":\"Nouveaut\u00e9s VTT Orbea 2025 : Le vtt \u00e9lectrique Wild 2025 et le VTT Cross Country Oiz 2025...chez CYCLES BLAIN - Orbea sur Lyon\",\"breadcrumb\":{\"@id\":\"https:\\\/\\\/www.cycles-blain.com\\\/fr\\\/velo\\\/nouveautes-velos-orbea-2025-wild-oiz-2025\\\/#breadcrumb\"},\"inLanguage\":\"fr-FR\",\"potentialAction\":[{\"@type\":\"ReadAction\",\"target\":[\"https:\\\/\\\/www.cycles-blain.com\\\/fr\\\/velo\\\/nouveautes-velos-orbea-2025-wild-oiz-2025\\\/\"]}]},{\"@type\":\"ImageObject\",\"inLanguage\":\"fr-FR\",\"@id\":\"https:\\\/\\\/www.cycles-blain.com\\\/fr\\\/velo\\\/nouveautes-velos-orbea-2025-wild-oiz-2025\\\/#primaryimage\",\"url\":\"https:\\\/\\\/www.cycles-blain.com\\\/fr\\\/wp-content\\\/uploads\\\/2024\\\/12\\\/oiz-2025-1.jpg\",\"contentUrl\":\"https:\\\/\\\/www.cycles-blain.com\\\/fr\\\/wp-content\\\/uploads\\\/2024\\\/12\\\/oiz-2025-1.jpg\",\"width\":600,\"height\":330,\"caption\":\"Nouveaux VTT Orbea 2025 : Oiz et Wild 2025\"},{\"@type\":\"BreadcrumbList\",\"@id\":\"https:\\\/\\\/www.cycles-blain.com\\\/fr\\\/velo\\\/nouveautes-velos-orbea-2025-wild-oiz-2025\\\/#breadcrumb\",\"itemListElement\":[{\"@type\":\"ListItem\",\"position\":1,\"name\":\"Accueil\",\"item\":\"https:\\\/\\\/www.cycles-blain.com\\\/fr\\\/\"},{\"@type\":\"ListItem\",\"position\":2,\"name\":\"Nouveaut\u00e9s V\u00e9los ORBEA 2025 &#8211; Wild &amp; Oiz 2025\"}]},{\"@type\":\"WebSite\",\"@id\":\"https:\\\/\\\/www.cycles-blain.com\\\/fr\\\/#website\",\"url\":\"https:\\\/\\\/www.cycles-blain.com\\\/fr\\\/\",\"name\":\"CyclesBlain - Magasins de v\u00e9los, accessoires et ateliers\",\"description\":\"Blog Cycles Blain\",\"publisher\":{\"@id\":\"https:\\\/\\\/www.cycles-blain.com\\\/fr\\\/#organization\"},\"potentialAction\":[{\"@type\":\"SearchAction\",\"target\":{\"@type\":\"EntryPoint\",\"urlTemplate\":\"https:\\\/\\\/www.cycles-blain.com\\\/fr\\\/?s={search_term_string}\"},\"query-input\":{\"@type\":\"PropertyValueSpecification\",\"valueRequired\":true,\"valueName\":\"search_term_string\"}}],\"inLanguage\":\"fr-FR\"},{\"@type\":\"Organization\",\"@id\":\"https:\\\/\\\/www.cycles-blain.com\\\/fr\\\/#organization\",\"name\":\"CyclesBlain - Magasins de v\u00e9los, accessoires et ateliers\",\"url\":\"https:\\\/\\\/www.cycles-blain.com\\\/fr\\\/\",\"logo\":{\"@type\":\"ImageObject\",\"inLanguage\":\"fr-FR\",\"@id\":\"https:\\\/\\\/www.cycles-blain.com\\\/fr\\\/#\\\/schema\\\/logo\\\/image\\\/\",\"url\":\"https:\\\/\\\/www.cycles-blain.com\\\/fr\\\/wp-content\\\/uploads\\\/2023\\\/10\\\/logo-cycles-blain.jpeg\",\"contentUrl\":\"https:\\\/\\\/www.cycles-blain.com\\\/fr\\\/wp-content\\\/uploads\\\/2023\\\/10\\\/logo-cycles-blain.jpeg\",\"width\":264,\"height\":191,\"caption\":\"CyclesBlain - Magasins de v\u00e9los, accessoires et ateliers\"},\"image\":{\"@id\":\"https:\\\/\\\/www.cycles-blain.com\\\/fr\\\/#\\\/schema\\\/logo\\\/image\\\/\"},\"sameAs\":[\"https:\\\/\\\/www.facebook.com\\\/cyclesblain\\\/?locale=fr_FR\",\"https:\\\/\\\/www.instagram.com\\\/cycles_blain\\\/?hl=fr\"]},{\"@type\":\"Person\",\"@id\":\"https:\\\/\\\/www.cycles-blain.com\\\/fr\\\/#\\\/schema\\\/person\\\/6fb8bad852fde893fb61b7b05936af37\",\"name\":\"Gueweb\",\"image\":{\"@type\":\"ImageObject\",\"inLanguage\":\"fr-FR\",\"@id\":\"https:\\\/\\\/secure.gravatar.com\\\/avatar\\\/52550bc594eb074508114b963209b157358b27e5a0319de1bb723df3f760ca2d?s=96&d=mm&r=g\",\"url\":\"https:\\\/\\\/secure.gravatar.com\\\/avatar\\\/52550bc594eb074508114b963209b157358b27e5a0319de1bb723df3f760ca2d?s=96&d=mm&r=g\",\"contentUrl\":\"https:\\\/\\\/secure.gravatar.com\\\/avatar\\\/52550bc594eb074508114b963209b157358b27e5a0319de1bb723df3f760ca2d?s=96&d=mm&r=g\",\"caption\":\"Gueweb\"},\"sameAs\":[\"https:\\\/\\\/www.cycles-blain.com\\\/\\\/fr\"],\"url\":\"https:\\\/\\\/www.cycles-blain.com\\\/fr\\\/author\\\/gueweb\\\/\"}]}<\/script>\n<!-- \/ Yoast SEO plugin. -->","yoast_head_json":{"title":"Nouveaut\u00e9s V\u00e9los ORBEA 2025 - Wild &amp; Oiz 2025 - CYCLES BLAIN","description":"Nouveaut\u00e9s VTT Orbea 2025 : Le vtt \u00e9lectrique Wild 2025 et le VTT Cross Country Oiz 2025...chez CYCLES BLAIN - Orbea sur Lyon","robots":{"index":"index","follow":"follow","max-snippet":"max-snippet:-1","max-image-preview":"max-image-preview:large","max-video-preview":"max-video-preview:-1"},"canonical":"https:\/\/www.cycles-blain.com\/fr\/velo\/nouveautes-velos-orbea-2025-wild-oiz-2025\/","og_locale":"fr_FR","og_type":"article","og_title":"Nouveaut\u00e9s V\u00e9los ORBEA 2025 - Wild &amp; Oiz 2025 - CYCLES BLAIN","og_description":"Nouveaut\u00e9s VTT Orbea 2025 : Le vtt \u00e9lectrique Wild 2025 et le VTT Cross Country Oiz 2025...chez CYCLES BLAIN - Orbea sur Lyon","og_url":"https:\/\/www.cycles-blain.com\/fr\/velo\/nouveautes-velos-orbea-2025-wild-oiz-2025\/","og_site_name":"CyclesBlain - Magasins de v\u00e9los, accessoires et ateliers","article_publisher":"https:\/\/www.facebook.com\/cyclesblain\/?locale=fr_FR","article_published_time":"2024-12-02T16:00:23+00:00","article_modified_time":"2024-12-02T17:47:37+00:00","og_image":[{"width":600,"height":330,"url":"https:\/\/www.cycles-blain.com\/fr\/wp-content\/uploads\/2024\/12\/oiz-2025-1.jpg","type":"image\/jpeg"}],"author":"Gueweb","twitter_card":"summary_large_image","twitter_misc":{"\u00c9crit par":"Gueweb","Dur\u00e9e de lecture estim\u00e9e":"4 minutes"},"schema":{"@context":"https:\/\/schema.org","@graph":[{"@type":"Article","@id":"https:\/\/www.cycles-blain.com\/fr\/velo\/nouveautes-velos-orbea-2025-wild-oiz-2025\/#article","isPartOf":{"@id":"https:\/\/www.cycles-blain.com\/fr\/velo\/nouveautes-velos-orbea-2025-wild-oiz-2025\/"},"author":{"name":"Gueweb","@id":"https:\/\/www.cycles-blain.com\/fr\/#\/schema\/person\/6fb8bad852fde893fb61b7b05936af37"},"headline":"Nouveaut\u00e9s V\u00e9los ORBEA 2025 &#8211; Wild &amp; Oiz 2025","datePublished":"2024-12-02T16:00:23+00:00","dateModified":"2024-12-02T17:47:37+00:00","mainEntityOfPage":{"@id":"https:\/\/www.cycles-blain.com\/fr\/velo\/nouveautes-velos-orbea-2025-wild-oiz-2025\/"},"wordCount":337,"commentCount":0,"publisher":{"@id":"https:\/\/www.cycles-blain.com\/fr\/#organization"},"image":{"@id":"https:\/\/www.cycles-blain.com\/fr\/velo\/nouveautes-velos-orbea-2025-wild-oiz-2025\/#primaryimage"},"thumbnailUrl":"https:\/\/www.cycles-blain.com\/fr\/wp-content\/uploads\/2024\/12\/oiz-2025-1.jpg","keywords":["cross country","orbea","vtt electrique"],"articleSection":["Actus Magasins","Actus V\u00e9lo","Magasin Brignais","Magasin Craponne","Sport","VTT Electrique","VTT musculaire"],"inLanguage":"fr-FR","potentialAction":[{"@type":"CommentAction","name":"Comment","target":["https:\/\/www.cycles-blain.com\/fr\/velo\/nouveautes-velos-orbea-2025-wild-oiz-2025\/#respond"]}]},{"@type":"WebPage","@id":"https:\/\/www.cycles-blain.com\/fr\/velo\/nouveautes-velos-orbea-2025-wild-oiz-2025\/","url":"https:\/\/www.cycles-blain.com\/fr\/velo\/nouveautes-velos-orbea-2025-wild-oiz-2025\/","name":"Nouveaut\u00e9s V\u00e9los ORBEA 2025 - Wild &amp; Oiz 2025 - CYCLES BLAIN","isPartOf":{"@id":"https:\/\/www.cycles-blain.com\/fr\/#website"},"primaryImageOfPage":{"@id":"https:\/\/www.cycles-blain.com\/fr\/velo\/nouveautes-velos-orbea-2025-wild-oiz-2025\/#primaryimage"},"image":{"@id":"https:\/\/www.cycles-blain.com\/fr\/velo\/nouveautes-velos-orbea-2025-wild-oiz-2025\/#primaryimage"},"thumbnailUrl":"https:\/\/www.cycles-blain.com\/fr\/wp-content\/uploads\/2024\/12\/oiz-2025-1.jpg","datePublished":"2024-12-02T16:00:23+00:00","dateModified":"2024-12-02T17:47:37+00:00","description":"Nouveaut\u00e9s VTT Orbea 2025 : Le vtt \u00e9lectrique Wild 2025 et le VTT Cross Country Oiz 2025...chez CYCLES BLAIN - Orbea sur Lyon","breadcrumb":{"@id":"https:\/\/www.cycles-blain.com\/fr\/velo\/nouveautes-velos-orbea-2025-wild-oiz-2025\/#breadcrumb"},"inLanguage":"fr-FR","potentialAction":[{"@type":"ReadAction","target":["https:\/\/www.cycles-blain.com\/fr\/velo\/nouveautes-velos-orbea-2025-wild-oiz-2025\/"]}]},{"@type":"ImageObject","inLanguage":"fr-FR","@id":"https:\/\/www.cycles-blain.com\/fr\/velo\/nouveautes-velos-orbea-2025-wild-oiz-2025\/#primaryimage","url":"https:\/\/www.cycles-blain.com\/fr\/wp-content\/uploads\/2024\/12\/oiz-2025-1.jpg","contentUrl":"https:\/\/www.cycles-blain.com\/fr\/wp-content\/uploads\/2024\/12\/oiz-2025-1.jpg","width":600,"height":330,"caption":"Nouveaux VTT Orbea 2025 : Oiz et Wild 2025"},{"@type":"BreadcrumbList","@id":"https:\/\/www.cycles-blain.com\/fr\/velo\/nouveautes-velos-orbea-2025-wild-oiz-2025\/#breadcrumb","itemListElement":[{"@type":"ListItem","position":1,"name":"Accueil","item":"https:\/\/www.cycles-blain.com\/fr\/"},{"@type":"ListItem","position":2,"name":"Nouveaut\u00e9s V\u00e9los ORBEA 2025 &#8211; Wild &amp; Oiz 2025"}]},{"@type":"WebSite","@id":"https:\/\/www.cycles-blain.com\/fr\/#website","url":"https:\/\/www.cycles-blain.com\/fr\/","name":"CyclesBlain - Magasins de v\u00e9los, accessoires et ateliers","description":"Blog Cycles Blain","publisher":{"@id":"https:\/\/www.cycles-blain.com\/fr\/#organization"},"potentialAction":[{"@type":"SearchAction","target":{"@type":"EntryPoint","urlTemplate":"https:\/\/www.cycles-blain.com\/fr\/?s={search_term_string}"},"query-input":{"@type":"PropertyValueSpecification","valueRequired":true,"valueName":"search_term_string"}}],"inLanguage":"fr-FR"},{"@type":"Organization","@id":"https:\/\/www.cycles-blain.com\/fr\/#organization","name":"CyclesBlain - Magasins de v\u00e9los, accessoires et ateliers","url":"https:\/\/www.cycles-blain.com\/fr\/","logo":{"@type":"ImageObject","inLanguage":"fr-FR","@id":"https:\/\/www.cycles-blain.com\/fr\/#\/schema\/logo\/image\/","url":"https:\/\/www.cycles-blain.com\/fr\/wp-content\/uploads\/2023\/10\/logo-cycles-blain.jpeg","contentUrl":"https:\/\/www.cycles-blain.com\/fr\/wp-content\/uploads\/2023\/10\/logo-cycles-blain.jpeg","width":264,"height":191,"caption":"CyclesBlain - Magasins de v\u00e9los, accessoires et ateliers"},"image":{"@id":"https:\/\/www.cycles-blain.com\/fr\/#\/schema\/logo\/image\/"},"sameAs":["https:\/\/www.facebook.com\/cyclesblain\/?locale=fr_FR","https:\/\/www.instagram.com\/cycles_blain\/?hl=fr"]},{"@type":"Person","@id":"https:\/\/www.cycles-blain.com\/fr\/#\/schema\/person\/6fb8bad852fde893fb61b7b05936af37","name":"Gueweb","image":{"@type":"ImageObject","inLanguage":"fr-FR","@id":"https:\/\/secure.gravatar.com\/avatar\/52550bc594eb074508114b963209b157358b27e5a0319de1bb723df3f760ca2d?s=96&d=mm&r=g","url":"https:\/\/secure.gravatar.com\/avatar\/52550bc594eb074508114b963209b157358b27e5a0319de1bb723df3f760ca2d?s=96&d=mm&r=g","contentUrl":"https:\/\/secure.gravatar.com\/avatar\/52550bc594eb074508114b963209b157358b27e5a0319de1bb723df3f760ca2d?s=96&d=mm&r=g","caption":"Gueweb"},"sameAs":["https:\/\/www.cycles-blain.com\/\/fr"],"url":"https:\/\/www.cycles-blain.com\/fr\/author\/gueweb\/"}]}},"_links":{"self":[{"href":"https:\/\/www.cycles-blain.com\/fr\/wp-json\/wp\/v2\/posts\/10800","targetHints":{"allow":["GET"]}}],"collection":[{"href":"https:\/\/www.cycles-blain.com\/fr\/wp-json\/wp\/v2\/posts"}],"about":[{"href":"https:\/\/www.cycles-blain.com\/fr\/wp-json\/wp\/v2\/types\/post"}],"author":[{"embeddable":true,"href":"https:\/\/www.cycles-blain.com\/fr\/wp-json\/wp\/v2\/users\/1"}],"replies":[{"embeddable":true,"href":"https:\/\/www.cycles-blain.com\/fr\/wp-json\/wp\/v2\/comments?post=10800"}],"version-history":[{"count":46,"href":"https:\/\/www.cycles-blain.com\/fr\/wp-json\/wp\/v2\/posts\/10800\/revisions"}],"predecessor-version":[{"id":10860,"href":"https:\/\/www.cycles-blain.com\/fr\/wp-json\/wp\/v2\/posts\/10800\/revisions\/10860"}],"wp:featuredmedia":[{"embeddable":true,"href":"https:\/\/www.cycles-blain.com\/fr\/wp-json\/wp\/v2\/media\/10851"}],"wp:attachment":[{"href":"https:\/\/www.cycles-blain.com\/fr\/wp-json\/wp\/v2\/media?parent=10800"}],"wp:term":[{"taxonomy":"category","embeddable":true,"href":"https:\/\/www.cycles-blain.com\/fr\/wp-json\/wp\/v2\/categories?post=10800"},{"taxonomy":"post_tag","embeddable":true,"href":"https:\/\/www.cycles-blain.com\/fr\/wp-json\/wp\/v2\/tags?post=10800"}],"curies":[{"name":"wp","href":"https:\/\/api.w.org\/{rel}","templated":true}]}}