{"id":10895,"date":"2024-12-05T17:18:52","date_gmt":"2024-12-05T16:18:52","guid":{"rendered":"https:\/\/www.cycles-blain.com\/fr\/?p=10895"},"modified":"2024-12-06T12:09:43","modified_gmt":"2024-12-06T11:09:43","slug":"idees-cadeaux-de-noel-velos-et-accessoires-cyclistes","status":"publish","type":"post","link":"https:\/\/www.cycles-blain.com\/fr\/magasins-velo\/idees-cadeaux-de-noel-velos-et-accessoires-cyclistes\/","title":{"rendered":"Id\u00e9es cadeaux de No\u00ebl : V\u00e9los et accessoires cyclistes"},"content":{"rendered":"\t\t<div data-elementor-type=\"wp-post\" data-elementor-id=\"10895\" class=\"elementor elementor-10895\" data-elementor-post-type=\"post\">\n\t\t\t\t<div class=\"elementor-element elementor-element-a16bafe e-flex e-con-boxed e-con e-parent\" data-id=\"a16bafe\" data-element_type=\"container\" data-e-type=\"container\">\n\t\t\t\t\t<div class=\"e-con-inner\">\n\t\t\t\t<div class=\"elementor-element elementor-element-02c570a elementor-widget elementor-widget-text-editor\" data-id=\"02c570a\" data-element_type=\"widget\" data-e-type=\"widget\" data-widget_type=\"text-editor.default\">\n\t\t\t\t<div class=\"elementor-widget-container\">\n\t\t\t\t\t\t\t\t\t<p><i>Vous cherchez une id\u00e9e de cadeau de No\u00ebl pour un cycliste, homme, femme ou enfant ? Voici pleins d&rsquo;id\u00e9es cadeaux en promos pour No\u00ebl !<\/i><\/p>\t\t\t\t\t\t\t\t<\/div>\n\t\t\t\t<\/div>\n\t\t\t\t<div class=\"elementor-element elementor-element-a168142 elementor-widget elementor-widget-heading\" data-id=\"a168142\" data-element_type=\"widget\" data-e-type=\"widget\" data-widget_type=\"heading.default\">\n\t\t\t\t<div class=\"elementor-widget-container\">\n\t\t\t\t\t<h2 class=\"elementor-heading-title elementor-size-default\">Id\u00e9es cadeaux No\u00ebl pour enfants<\/h2>\t\t\t\t<\/div>\n\t\t\t\t<\/div>\n\t\t\t\t<div class=\"elementor-element elementor-element-8fa4007 elementor-widget elementor-widget-text-editor\" data-id=\"8fa4007\" data-element_type=\"widget\" data-e-type=\"widget\" data-widget_type=\"text-editor.default\">\n\t\t\t\t<div class=\"elementor-widget-container\">\n\t\t\t\t\t\t\t\t\t<p>Si vous cherchez une id\u00e9e de cadeau de No\u00ebl pour un enfant entre 1 et 12 ans, que ce soit un gar\u00e7on ou une fille qui aime le v\u00e9lo ou qui commence \u00e0 bien marcher, nous avons de supers id\u00e9es cadeaux !\u00a0<\/p><ul><li>Id\u00e9es cadeaux de No\u00ebl d\u00e8s 1 an avec les\u00a0<a href=\"https:\/\/www.cycles-blain.com\/54-draisienne\" target=\"_blank\" rel=\"noopener\">draisiennes enfants<\/a><\/li><li>Id\u00e9es cadeaux de No\u00ebl d\u00e8s 4 ans avec les\u00a0<a href=\"https:\/\/www.cycles-blain.com\/51-velo-enfant-16-pouces\" target=\"_blank\" rel=\"noopener\">v\u00e9los enfants de 16 pouces<\/a>,<\/li><li style=\"font-size: 14px;\">Id\u00e9es cadeaux de No\u00ebl d\u00e8s 6 ans avec les\u00a0<a href=\"https:\/\/www.cycles-blain.com\/52-velo-enfant-20-pouces\" target=\"_blank\" rel=\"noopener\">v\u00e9los enfants de 20 pouces<\/a>,<\/li><li style=\"font-size: 14px;\">Id\u00e9es cadeaux de No\u00ebl d\u00e8s 9 ans avec les\u00a0<a href=\"https:\/\/www.cycles-blain.com\/53-velo-enfant-24-pouces\" target=\"_blank\" rel=\"noopener\">v\u00e9los enfants de 24 pouces<\/a>,<\/li><li style=\"font-size: 14px;\">Id\u00e9es cadeaux de No\u00ebl pour enfants avec les\u00a0<a href=\"https:\/\/www.cycles-blain.com\/110-casque-velo-enfant\" target=\"_blank\" rel=\"noopener\">casques pour enfants<\/a><\/li><\/ul>\t\t\t\t\t\t\t\t<\/div>\n\t\t\t\t<\/div>\n\t\t\t\t<div class=\"elementor-element elementor-element-b4446c5 elementor-widget elementor-widget-image\" data-id=\"b4446c5\" data-element_type=\"widget\" data-e-type=\"widget\" data-widget_type=\"image.default\">\n\t\t\t\t<div class=\"elementor-widget-container\">\n\t\t\t\t\t\t\t\t\t\t\t\t\t\t\t\t<a href=\"https:\/\/www.cycles-blain.com\/content\/54-liste-noel-idees-cadeaux-velo-cyclesblain-2024\" target=\"_blank\">\n\t\t\t\t\t\t\t<img fetchpriority=\"high\" decoding=\"async\" width=\"360\" height=\"240\" src=\"https:\/\/www.cycles-blain.com\/fr\/wp-content\/uploads\/2024\/12\/cadeaux-enfants.jpg\" class=\"attachment-large size-large wp-image-10904\" alt=\"Idees cadeaux de noel enfants\" srcset=\"https:\/\/www.cycles-blain.com\/fr\/wp-content\/uploads\/2024\/12\/cadeaux-enfants.jpg 360w, https:\/\/www.cycles-blain.com\/fr\/wp-content\/uploads\/2024\/12\/cadeaux-enfants-300x200.jpg 300w\" sizes=\"(max-width: 360px) 100vw, 360px\" \/>\t\t\t\t\t\t\t\t<\/a>\n\t\t\t\t\t\t\t\t\t\t\t\t\t\t\t<\/div>\n\t\t\t\t<\/div>\n\t\t\t\t<div class=\"elementor-element elementor-element-8db36f6 elementor-widget elementor-widget-heading\" data-id=\"8db36f6\" data-element_type=\"widget\" data-e-type=\"widget\" data-widget_type=\"heading.default\">\n\t\t\t\t<div class=\"elementor-widget-container\">\n\t\t\t\t\t<h2 class=\"elementor-heading-title elementor-size-default\">Id\u00e9es cadeaux No\u00ebl pour femmes<\/h2>\t\t\t\t<\/div>\n\t\t\t\t<\/div>\n\t\t\t\t<div class=\"elementor-element elementor-element-de6d352 elementor-widget elementor-widget-text-editor\" data-id=\"de6d352\" data-element_type=\"widget\" data-e-type=\"widget\" data-widget_type=\"text-editor.default\">\n\t\t\t\t<div class=\"elementor-widget-container\">\n\t\t\t\t\t\t\t\t\t<p>Besoin d&rsquo;un cadeau de No\u00ebl pour une femme qui fait du v\u00e9lo pour le loisir, le sport ou le velotaf ?<br \/>L\u00e0 aussi, nous avons plein d&rsquo;id\u00e9es sympas et de belles promos :\u00a0<\/p><ul><li>Id\u00e9es cadeaux de No\u00ebl pour femmes : Un\u00a0<a href=\"https:\/\/www.cycles-blain.com\/8-velo-neufs?q=Genre-Femme-Unisexe\" target=\"_blank\" rel=\"noopener\">v\u00e9lo femme<\/a>\u00a0:\u00a0<a href=\"https:\/\/www.cycles-blain.com\/8-velo-neufs?q=Marque-Liv\" target=\"_blank\" rel=\"noopener\">Liv<\/a>, Lapierre, Moustache, Kalkhoff&#8230;<\/li><li>Id\u00e9es cadeaux de No\u00ebl pour femmes : Un\u00a0<a href=\"https:\/\/www.cycles-blain.com\/4-accessoires-velo\" target=\"_blank\" rel=\"noopener\">accessoire v\u00e9los<\/a>\u00a0comme une\u00a0<a href=\"https:\/\/www.cycles-blain.com\/91-bagage-velo\" target=\"_blank\" rel=\"noopener\">sacoche v\u00e9lo<\/a><\/li><li>Id\u00e9es cadeaux de No\u00ebl pour femmes : Du\u00a0<a href=\"https:\/\/www.cycles-blain.com\/157-vetements-cyclistes-velo\" target=\"_blank\" rel=\"noopener\">textile pour femmes<\/a>\u00a0chez Liv, Castelli ou Fox<\/li><li>Id\u00e9es cadeaux de No\u00ebl pour femmes :\u00a0<a href=\"https:\/\/www.cycles-blain.com\/99-casque-velo\" target=\"_blank\" rel=\"noopener\">Des casques v\u00e9los<\/a><\/li><\/ul>\t\t\t\t\t\t\t\t<\/div>\n\t\t\t\t<\/div>\n\t\t\t\t<div class=\"elementor-element elementor-element-75ff20e elementor-widget elementor-widget-heading\" data-id=\"75ff20e\" data-element_type=\"widget\" data-e-type=\"widget\" data-widget_type=\"heading.default\">\n\t\t\t\t<div class=\"elementor-widget-container\">\n\t\t\t\t\t<h2 class=\"elementor-heading-title elementor-size-default\">Id\u00e9es cadeaux No\u00ebl pour hommes<\/h2>\t\t\t\t<\/div>\n\t\t\t\t<\/div>\n\t\t\t\t<div class=\"elementor-element elementor-element-a5f113c elementor-widget elementor-widget-image\" data-id=\"a5f113c\" data-element_type=\"widget\" data-e-type=\"widget\" data-widget_type=\"image.default\">\n\t\t\t\t<div class=\"elementor-widget-container\">\n\t\t\t\t\t\t\t\t\t\t\t\t\t\t\t\t<a href=\"https:\/\/www.cycles-blain.com\/content\/54-liste-noel-idees-cadeaux-velo-cyclesblain-2024\" target=\"_blank\">\n\t\t\t\t\t\t\t<img decoding=\"async\" width=\"360\" height=\"240\" src=\"https:\/\/www.cycles-blain.com\/fr\/wp-content\/uploads\/2024\/12\/cadeaux-femmes.jpg\" class=\"attachment-large size-large wp-image-10914\" alt=\"Idees cadeaux de noel Femmes\" srcset=\"https:\/\/www.cycles-blain.com\/fr\/wp-content\/uploads\/2024\/12\/cadeaux-femmes.jpg 360w, https:\/\/www.cycles-blain.com\/fr\/wp-content\/uploads\/2024\/12\/cadeaux-femmes-300x200.jpg 300w\" sizes=\"(max-width: 360px) 100vw, 360px\" \/>\t\t\t\t\t\t\t\t<\/a>\n\t\t\t\t\t\t\t\t\t\t\t\t\t\t\t<\/div>\n\t\t\t\t<\/div>\n\t\t\t\t\t<\/div>\n\t\t\t\t<\/div>\n\t\t<div class=\"elementor-element elementor-element-a47b903 e-flex e-con-boxed e-con e-parent\" data-id=\"a47b903\" data-element_type=\"container\" data-e-type=\"container\">\n\t\t\t\t\t<div class=\"e-con-inner\">\n\t\t\t\t<div class=\"elementor-element elementor-element-57a2ee1 elementor-widget elementor-widget-text-editor\" data-id=\"57a2ee1\" data-element_type=\"widget\" data-e-type=\"widget\" data-widget_type=\"text-editor.default\">\n\t\t\t\t<div class=\"elementor-widget-container\">\n\t\t\t\t\t\t\t\t\t<p>Si vous cherchez une id\u00e9e de cadeaux de No\u00ebl en rapport avec le v\u00e9lo pour un homme, nous avons s\u00e9lectionn\u00e9 plusieurs id\u00e9es cadeaux qui devraient vous int\u00e9resser :\u00a0<\/p><ul><li>Id\u00e9es cadeaux de No\u00ebl pour hommes : Des v\u00e9los hommes en \u00e9lectrique, vtt, route etc&#8230;<\/li><li>Id\u00e9es cadeaux de No\u00ebl pour hommes : Des accessoires ou\u00a0<a href=\"https:\/\/www.cycles-blain.com\/89-outillage-entretien-velo\" target=\"_blank\" rel=\"noopener\">outillages et entretien<\/a>\u00a0v\u00e9lo,<\/li><li style=\"font-size: 14px;\">Id\u00e9es cadeaux de No\u00ebl pour hommes : Des\u00a0<a href=\"https:\/\/www.cycles-blain.com\/99-casque-velo\" target=\"_blank\" rel=\"noopener\">casques v\u00e9los<\/a>\u00a0chez Fox, Met ou Kask,<\/li><li style=\"font-size: 14px;\">Id\u00e9es cadeaux de No\u00ebl pour hommes : Des\u00a0<a href=\"https:\/\/www.cycles-blain.com\/157-vetements-cyclistes-velo\" target=\"_blank\" rel=\"noopener\">v\u00eatements de cyclistes<\/a>\u00a0hommes chez Fox, Castelli <br \/>ou des\u00a0<a href=\"https:\/\/www.cycles-blain.com\/157-vetements-cyclistes-velo\" target=\"_blank\" rel=\"noopener\">lunettes de v\u00e9lo<\/a>\u00a0Azr&#8230;<\/li><\/ul>\t\t\t\t\t\t\t\t<\/div>\n\t\t\t\t<\/div>\n\t\t\t\t<div class=\"elementor-element elementor-element-6bef4cb elementor-widget elementor-widget-image\" data-id=\"6bef4cb\" data-element_type=\"widget\" data-e-type=\"widget\" data-widget_type=\"image.default\">\n\t\t\t\t<div class=\"elementor-widget-container\">\n\t\t\t\t\t\t\t\t\t\t\t\t\t\t\t\t<a href=\"https:\/\/www.cycles-blain.com\/content\/54-liste-noel-idees-cadeaux-velo-cyclesblain-2024\" target=\"_blank\">\n\t\t\t\t\t\t\t<img decoding=\"async\" width=\"360\" height=\"240\" src=\"https:\/\/www.cycles-blain.com\/fr\/wp-content\/uploads\/2024\/12\/cadeaux-hommes.jpg\" class=\"attachment-large size-large wp-image-10918\" alt=\"Idees cadeaux de noel Hommes\" srcset=\"https:\/\/www.cycles-blain.com\/fr\/wp-content\/uploads\/2024\/12\/cadeaux-hommes.jpg 360w, https:\/\/www.cycles-blain.com\/fr\/wp-content\/uploads\/2024\/12\/cadeaux-hommes-300x200.jpg 300w\" sizes=\"(max-width: 360px) 100vw, 360px\" \/>\t\t\t\t\t\t\t\t<\/a>\n\t\t\t\t\t\t\t\t\t\t\t\t\t\t\t<\/div>\n\t\t\t\t<\/div>\n\t\t\t\t\t<\/div>\n\t\t\t\t<\/div>\n\t\t<div class=\"elementor-element elementor-element-fe8c736 e-flex e-con-boxed e-con e-parent\" data-id=\"fe8c736\" data-element_type=\"container\" data-e-type=\"container\">\n\t\t\t\t\t<div class=\"e-con-inner\">\n\t\t\t\t<div class=\"elementor-element elementor-element-0dea7c3 elementor-widget elementor-widget-text-editor\" data-id=\"0dea7c3\" data-element_type=\"widget\" data-e-type=\"widget\" data-widget_type=\"text-editor.default\">\n\t\t\t\t<div class=\"elementor-widget-container\">\n\t\t\t\t\t\t\t\t\t<p><b>Tous nos articles ne sont pas encore sur le site, comme le textile ou certains accessoires, <br>n&rsquo;h\u00e9sitez pas \u00e0 vous rendre dans l&rsquo;un de nos dix magasins sur Lyon pour trouver vos cadeaux de No\u00ebl ou acheter un bon cadeau du montant de votre choix \u00e0 offrir \u00e0 vos proches ! \ud83d\ude09<\/b><\/p>\t\t\t\t\t\t\t\t<\/div>\n\t\t\t\t<\/div>\n\t\t\t\t\t<\/div>\n\t\t\t\t<\/div>\n\t\t<div class=\"elementor-element elementor-element-7901620 e-flex e-con-boxed e-con e-parent\" data-id=\"7901620\" data-element_type=\"container\" data-e-type=\"container\">\n\t\t\t\t\t<div class=\"e-con-inner\">\n\t\t\t\t<div class=\"elementor-element elementor-element-868eeb7 elementor-widget elementor-widget-image\" data-id=\"868eeb7\" data-element_type=\"widget\" data-e-type=\"widget\" data-widget_type=\"image.default\">\n\t\t\t\t<div class=\"elementor-widget-container\">\n\t\t\t\t\t\t\t\t\t\t\t\t\t\t\t\t<a href=\"https:\/\/youtube.com\/shorts\/tpooviAJcXY?si=alm6qvTHVflm75bd\" target=\"_blank\">\n\t\t\t\t\t\t\t<img loading=\"lazy\" decoding=\"async\" width=\"438\" height=\"656\" src=\"https:\/\/www.cycles-blain.com\/fr\/wp-content\/uploads\/2024\/12\/Capture-decran-2024-12-06-115926.png\" class=\"attachment-large size-large wp-image-10974\" alt=\"Video Noel\" srcset=\"https:\/\/www.cycles-blain.com\/fr\/wp-content\/uploads\/2024\/12\/Capture-decran-2024-12-06-115926.png 438w, https:\/\/www.cycles-blain.com\/fr\/wp-content\/uploads\/2024\/12\/Capture-decran-2024-12-06-115926-200x300.png 200w\" sizes=\"(max-width: 438px) 100vw, 438px\" \/>\t\t\t\t\t\t\t\t<\/a>\n\t\t\t\t\t\t\t\t\t\t\t\t\t\t\t<\/div>\n\t\t\t\t<\/div>\n\t\t\t\t\t<\/div>\n\t\t\t\t<\/div>\n\t\t\t\t<\/div>\n\t\t","protected":false},"excerpt":{"rendered":"<p>Vous cherchez une id\u00e9e de cadeau de No\u00ebl pour un cycliste, homme, femme ou enfant ? Voici pleins d&rsquo;id\u00e9es cadeaux en promos pour No\u00ebl !<\/p>\n","protected":false},"author":1,"featured_media":10897,"comment_status":"open","ping_status":"open","sticky":false,"template":"","format":"standard","meta":{"site-sidebar-layout":"default","site-content-layout":"","ast-site-content-layout":"default","site-content-style":"default","site-sidebar-style":"default","ast-global-header-display":"","ast-banner-title-visibility":"","ast-main-header-display":"","ast-hfb-above-header-display":"","ast-hfb-below-header-display":"","ast-hfb-mobile-header-display":"","site-post-title":"","ast-breadcrumbs-content":"","ast-featured-img":"","footer-sml-layout":"","theme-transparent-header-meta":"","adv-header-id-meta":"","stick-header-meta":"","header-above-stick-meta":"","header-main-stick-meta":"","header-below-stick-meta":"","astra-migrate-meta-layouts":"set","ast-page-background-enabled":"default","ast-page-background-meta":{"desktop":{"background-color":"","background-image":"","background-repeat":"repeat","background-position":"center center","background-size":"auto","background-attachment":"scroll","background-type":"","background-media":"","overlay-type":"","overlay-color":"","overlay-gradient":""},"tablet":{"background-color":"","background-image":"","background-repeat":"repeat","background-position":"center center","background-size":"auto","background-attachment":"scroll","background-type":"","background-media":"","overlay-type":"","overlay-color":"","overlay-gradient":""},"mobile":{"background-color":"","background-image":"","background-repeat":"repeat","background-position":"center center","background-size":"auto","background-attachment":"scroll","background-type":"","background-media":"","overlay-type":"","overlay-color":"","overlay-gradient":""}},"ast-content-background-meta":{"desktop":{"background-color":"var(--ast-global-color-5)","background-image":"","background-repeat":"repeat","background-position":"center center","background-size":"auto","background-attachment":"scroll","background-type":"","background-media":"","overlay-type":"","overlay-color":"","overlay-gradient":""},"tablet":{"background-color":"var(--ast-global-color-5)","background-image":"","background-repeat":"repeat","background-position":"center center","background-size":"auto","background-attachment":"scroll","background-type":"","background-media":"","overlay-type":"","overlay-color":"","overlay-gradient":""},"mobile":{"background-color":"var(--ast-global-color-5)","background-image":"","background-repeat":"repeat","background-position":"center center","background-size":"auto","background-attachment":"scroll","background-type":"","background-media":"","overlay-type":"","overlay-color":"","overlay-gradient":""}},"footnotes":""},"categories":[6,7,78,44,37,76,36,81,79,77,80,16],"tags":[281,147,100],"class_list":["post-10895","post","type-post","status-publish","format-standard","has-post-thumbnail","hentry","category-magasins-velo","category-magasin-brignais","category-magasin-craponne","category-magasin-lyon-3","category-magasin-saint-priest","category-magasin-vienne","category-magasin-vienne-sud","category-magasin-lyon-5","category-magasin-ecully","category-magasin-lyon-6","category-magasin-oullins","category-promotions-velo","tag-enfant","tag-idees-cadeaux","tag-noel"],"yoast_head":"<!-- This site is optimized with the Yoast SEO plugin v27.5 - https:\/\/yoast.com\/product\/yoast-seo-wordpress\/ -->\n<title>Id\u00e9es cadeaux de No\u00ebl : V\u00e9los et accessoires cyclistes - CYCLES BLAIN<\/title>\n<meta name=\"description\" content=\"Vous cherchez une id\u00e9e de cadeau de No\u00ebl pour un cycliste, homme, femme ou enfant ? Voici pleins d&#039;id\u00e9es cadeaux v\u00e9los en promos pour No\u00ebl !\" \/>\n<meta name=\"robots\" content=\"index, follow, max-snippet:-1, max-image-preview:large, max-video-preview:-1\" \/>\n<link rel=\"canonical\" href=\"https:\/\/www.cycles-blain.com\/fr\/magasins-velo\/idees-cadeaux-de-noel-velos-et-accessoires-cyclistes\/\" \/>\n<meta property=\"og:locale\" content=\"fr_FR\" \/>\n<meta property=\"og:type\" content=\"article\" \/>\n<meta property=\"og:title\" content=\"Id\u00e9es cadeaux de No\u00ebl : V\u00e9los et accessoires cyclistes - CYCLES BLAIN\" \/>\n<meta property=\"og:description\" content=\"Vous cherchez une id\u00e9e de cadeau de No\u00ebl pour un cycliste, homme, femme ou enfant ? Voici pleins d&#039;id\u00e9es cadeaux v\u00e9los en promos pour No\u00ebl !\" \/>\n<meta property=\"og:url\" content=\"https:\/\/www.cycles-blain.com\/fr\/magasins-velo\/idees-cadeaux-de-noel-velos-et-accessoires-cyclistes\/\" \/>\n<meta property=\"og:site_name\" content=\"CyclesBlain - Magasins de v\u00e9los, accessoires et ateliers\" \/>\n<meta property=\"article:publisher\" content=\"https:\/\/www.facebook.com\/cyclesblain\/?locale=fr_FR\" \/>\n<meta property=\"article:published_time\" content=\"2024-12-05T16:18:52+00:00\" \/>\n<meta property=\"article:modified_time\" content=\"2024-12-06T11:09:43+00:00\" \/>\n<meta property=\"og:image\" content=\"https:\/\/www.cycles-blain.com\/fr\/wp-content\/uploads\/2024\/12\/blog.jpg\" \/>\n\t<meta property=\"og:image:width\" content=\"600\" \/>\n\t<meta property=\"og:image:height\" content=\"400\" \/>\n\t<meta property=\"og:image:type\" content=\"image\/jpeg\" \/>\n<meta name=\"author\" content=\"Gueweb\" \/>\n<meta name=\"twitter:card\" content=\"summary_large_image\" \/>\n<meta name=\"twitter:label1\" content=\"\u00c9crit par\" \/>\n\t<meta name=\"twitter:data1\" content=\"Gueweb\" \/>\n\t<meta name=\"twitter:label2\" content=\"Dur\u00e9e de lecture estim\u00e9e\" \/>\n\t<meta name=\"twitter:data2\" content=\"3 minutes\" \/>\n<script type=\"application\/ld+json\" class=\"yoast-schema-graph\">{\"@context\":\"https:\\\/\\\/schema.org\",\"@graph\":[{\"@type\":\"Article\",\"@id\":\"https:\\\/\\\/www.cycles-blain.com\\\/fr\\\/magasins-velo\\\/idees-cadeaux-de-noel-velos-et-accessoires-cyclistes\\\/#article\",\"isPartOf\":{\"@id\":\"https:\\\/\\\/www.cycles-blain.com\\\/fr\\\/magasins-velo\\\/idees-cadeaux-de-noel-velos-et-accessoires-cyclistes\\\/\"},\"author\":{\"name\":\"Gueweb\",\"@id\":\"https:\\\/\\\/www.cycles-blain.com\\\/fr\\\/#\\\/schema\\\/person\\\/6fb8bad852fde893fb61b7b05936af37\"},\"headline\":\"Id\u00e9es cadeaux de No\u00ebl : V\u00e9los et accessoires cyclistes\",\"datePublished\":\"2024-12-05T16:18:52+00:00\",\"dateModified\":\"2024-12-06T11:09:43+00:00\",\"mainEntityOfPage\":{\"@id\":\"https:\\\/\\\/www.cycles-blain.com\\\/fr\\\/magasins-velo\\\/idees-cadeaux-de-noel-velos-et-accessoires-cyclistes\\\/\"},\"wordCount\":434,\"commentCount\":0,\"publisher\":{\"@id\":\"https:\\\/\\\/www.cycles-blain.com\\\/fr\\\/#organization\"},\"image\":{\"@id\":\"https:\\\/\\\/www.cycles-blain.com\\\/fr\\\/magasins-velo\\\/idees-cadeaux-de-noel-velos-et-accessoires-cyclistes\\\/#primaryimage\"},\"thumbnailUrl\":\"https:\\\/\\\/www.cycles-blain.com\\\/fr\\\/wp-content\\\/uploads\\\/2024\\\/12\\\/blog.jpg\",\"keywords\":[\"enfant\",\"id\u00e9es cadeaux\",\"noel\"],\"articleSection\":[\"Actus Magasins\",\"Magasin Brignais\",\"Magasin Craponne\",\"Magasin Lyon Centre\",\"Magasin St Priest\",\"Magasin Vienne\",\"Magasin Vienne Sud\",\"Magasin-CyclesVeran\",\"Magasin-Ecully\",\"Magasin-Lyon6\",\"Magasin-Oullins\",\"Promotions\"],\"inLanguage\":\"fr-FR\",\"potentialAction\":[{\"@type\":\"CommentAction\",\"name\":\"Comment\",\"target\":[\"https:\\\/\\\/www.cycles-blain.com\\\/fr\\\/magasins-velo\\\/idees-cadeaux-de-noel-velos-et-accessoires-cyclistes\\\/#respond\"]}]},{\"@type\":\"WebPage\",\"@id\":\"https:\\\/\\\/www.cycles-blain.com\\\/fr\\\/magasins-velo\\\/idees-cadeaux-de-noel-velos-et-accessoires-cyclistes\\\/\",\"url\":\"https:\\\/\\\/www.cycles-blain.com\\\/fr\\\/magasins-velo\\\/idees-cadeaux-de-noel-velos-et-accessoires-cyclistes\\\/\",\"name\":\"Id\u00e9es cadeaux de No\u00ebl : V\u00e9los et accessoires cyclistes - CYCLES BLAIN\",\"isPartOf\":{\"@id\":\"https:\\\/\\\/www.cycles-blain.com\\\/fr\\\/#website\"},\"primaryImageOfPage\":{\"@id\":\"https:\\\/\\\/www.cycles-blain.com\\\/fr\\\/magasins-velo\\\/idees-cadeaux-de-noel-velos-et-accessoires-cyclistes\\\/#primaryimage\"},\"image\":{\"@id\":\"https:\\\/\\\/www.cycles-blain.com\\\/fr\\\/magasins-velo\\\/idees-cadeaux-de-noel-velos-et-accessoires-cyclistes\\\/#primaryimage\"},\"thumbnailUrl\":\"https:\\\/\\\/www.cycles-blain.com\\\/fr\\\/wp-content\\\/uploads\\\/2024\\\/12\\\/blog.jpg\",\"datePublished\":\"2024-12-05T16:18:52+00:00\",\"dateModified\":\"2024-12-06T11:09:43+00:00\",\"description\":\"Vous cherchez une id\u00e9e de cadeau de No\u00ebl pour un cycliste, homme, femme ou enfant ? Voici pleins d'id\u00e9es cadeaux v\u00e9los en promos pour No\u00ebl !\",\"breadcrumb\":{\"@id\":\"https:\\\/\\\/www.cycles-blain.com\\\/fr\\\/magasins-velo\\\/idees-cadeaux-de-noel-velos-et-accessoires-cyclistes\\\/#breadcrumb\"},\"inLanguage\":\"fr-FR\",\"potentialAction\":[{\"@type\":\"ReadAction\",\"target\":[\"https:\\\/\\\/www.cycles-blain.com\\\/fr\\\/magasins-velo\\\/idees-cadeaux-de-noel-velos-et-accessoires-cyclistes\\\/\"]}]},{\"@type\":\"ImageObject\",\"inLanguage\":\"fr-FR\",\"@id\":\"https:\\\/\\\/www.cycles-blain.com\\\/fr\\\/magasins-velo\\\/idees-cadeaux-de-noel-velos-et-accessoires-cyclistes\\\/#primaryimage\",\"url\":\"https:\\\/\\\/www.cycles-blain.com\\\/fr\\\/wp-content\\\/uploads\\\/2024\\\/12\\\/blog.jpg\",\"contentUrl\":\"https:\\\/\\\/www.cycles-blain.com\\\/fr\\\/wp-content\\\/uploads\\\/2024\\\/12\\\/blog.jpg\",\"width\":600,\"height\":400,\"caption\":\"Idees cadeaux de Noel pour toute la famille\"},{\"@type\":\"BreadcrumbList\",\"@id\":\"https:\\\/\\\/www.cycles-blain.com\\\/fr\\\/magasins-velo\\\/idees-cadeaux-de-noel-velos-et-accessoires-cyclistes\\\/#breadcrumb\",\"itemListElement\":[{\"@type\":\"ListItem\",\"position\":1,\"name\":\"Accueil\",\"item\":\"https:\\\/\\\/www.cycles-blain.com\\\/fr\\\/\"},{\"@type\":\"ListItem\",\"position\":2,\"name\":\"Id\u00e9es cadeaux de No\u00ebl : V\u00e9los et accessoires cyclistes\"}]},{\"@type\":\"WebSite\",\"@id\":\"https:\\\/\\\/www.cycles-blain.com\\\/fr\\\/#website\",\"url\":\"https:\\\/\\\/www.cycles-blain.com\\\/fr\\\/\",\"name\":\"CyclesBlain - Magasins de v\u00e9los, accessoires et ateliers\",\"description\":\"Blog Cycles Blain\",\"publisher\":{\"@id\":\"https:\\\/\\\/www.cycles-blain.com\\\/fr\\\/#organization\"},\"potentialAction\":[{\"@type\":\"SearchAction\",\"target\":{\"@type\":\"EntryPoint\",\"urlTemplate\":\"https:\\\/\\\/www.cycles-blain.com\\\/fr\\\/?s={search_term_string}\"},\"query-input\":{\"@type\":\"PropertyValueSpecification\",\"valueRequired\":true,\"valueName\":\"search_term_string\"}}],\"inLanguage\":\"fr-FR\"},{\"@type\":\"Organization\",\"@id\":\"https:\\\/\\\/www.cycles-blain.com\\\/fr\\\/#organization\",\"name\":\"CyclesBlain - Magasins de v\u00e9los, accessoires et ateliers\",\"url\":\"https:\\\/\\\/www.cycles-blain.com\\\/fr\\\/\",\"logo\":{\"@type\":\"ImageObject\",\"inLanguage\":\"fr-FR\",\"@id\":\"https:\\\/\\\/www.cycles-blain.com\\\/fr\\\/#\\\/schema\\\/logo\\\/image\\\/\",\"url\":\"https:\\\/\\\/www.cycles-blain.com\\\/fr\\\/wp-content\\\/uploads\\\/2023\\\/10\\\/logo-cycles-blain.jpeg\",\"contentUrl\":\"https:\\\/\\\/www.cycles-blain.com\\\/fr\\\/wp-content\\\/uploads\\\/2023\\\/10\\\/logo-cycles-blain.jpeg\",\"width\":264,\"height\":191,\"caption\":\"CyclesBlain - Magasins de v\u00e9los, accessoires et ateliers\"},\"image\":{\"@id\":\"https:\\\/\\\/www.cycles-blain.com\\\/fr\\\/#\\\/schema\\\/logo\\\/image\\\/\"},\"sameAs\":[\"https:\\\/\\\/www.facebook.com\\\/cyclesblain\\\/?locale=fr_FR\",\"https:\\\/\\\/www.instagram.com\\\/cycles_blain\\\/?hl=fr\"]},{\"@type\":\"Person\",\"@id\":\"https:\\\/\\\/www.cycles-blain.com\\\/fr\\\/#\\\/schema\\\/person\\\/6fb8bad852fde893fb61b7b05936af37\",\"name\":\"Gueweb\",\"image\":{\"@type\":\"ImageObject\",\"inLanguage\":\"fr-FR\",\"@id\":\"https:\\\/\\\/secure.gravatar.com\\\/avatar\\\/52550bc594eb074508114b963209b157358b27e5a0319de1bb723df3f760ca2d?s=96&d=mm&r=g\",\"url\":\"https:\\\/\\\/secure.gravatar.com\\\/avatar\\\/52550bc594eb074508114b963209b157358b27e5a0319de1bb723df3f760ca2d?s=96&d=mm&r=g\",\"contentUrl\":\"https:\\\/\\\/secure.gravatar.com\\\/avatar\\\/52550bc594eb074508114b963209b157358b27e5a0319de1bb723df3f760ca2d?s=96&d=mm&r=g\",\"caption\":\"Gueweb\"},\"sameAs\":[\"https:\\\/\\\/www.cycles-blain.com\\\/\\\/fr\"],\"url\":\"https:\\\/\\\/www.cycles-blain.com\\\/fr\\\/author\\\/gueweb\\\/\"}]}<\/script>\n<!-- \/ Yoast SEO plugin. -->","yoast_head_json":{"title":"Id\u00e9es cadeaux de No\u00ebl : V\u00e9los et accessoires cyclistes - CYCLES BLAIN","description":"Vous cherchez une id\u00e9e de cadeau de No\u00ebl pour un cycliste, homme, femme ou enfant ? Voici pleins d'id\u00e9es cadeaux v\u00e9los en promos pour No\u00ebl !","robots":{"index":"index","follow":"follow","max-snippet":"max-snippet:-1","max-image-preview":"max-image-preview:large","max-video-preview":"max-video-preview:-1"},"canonical":"https:\/\/www.cycles-blain.com\/fr\/magasins-velo\/idees-cadeaux-de-noel-velos-et-accessoires-cyclistes\/","og_locale":"fr_FR","og_type":"article","og_title":"Id\u00e9es cadeaux de No\u00ebl : V\u00e9los et accessoires cyclistes - CYCLES BLAIN","og_description":"Vous cherchez une id\u00e9e de cadeau de No\u00ebl pour un cycliste, homme, femme ou enfant ? Voici pleins d'id\u00e9es cadeaux v\u00e9los en promos pour No\u00ebl !","og_url":"https:\/\/www.cycles-blain.com\/fr\/magasins-velo\/idees-cadeaux-de-noel-velos-et-accessoires-cyclistes\/","og_site_name":"CyclesBlain - Magasins de v\u00e9los, accessoires et ateliers","article_publisher":"https:\/\/www.facebook.com\/cyclesblain\/?locale=fr_FR","article_published_time":"2024-12-05T16:18:52+00:00","article_modified_time":"2024-12-06T11:09:43+00:00","og_image":[{"width":600,"height":400,"url":"https:\/\/www.cycles-blain.com\/fr\/wp-content\/uploads\/2024\/12\/blog.jpg","type":"image\/jpeg"}],"author":"Gueweb","twitter_card":"summary_large_image","twitter_misc":{"\u00c9crit par":"Gueweb","Dur\u00e9e de lecture estim\u00e9e":"3 minutes"},"schema":{"@context":"https:\/\/schema.org","@graph":[{"@type":"Article","@id":"https:\/\/www.cycles-blain.com\/fr\/magasins-velo\/idees-cadeaux-de-noel-velos-et-accessoires-cyclistes\/#article","isPartOf":{"@id":"https:\/\/www.cycles-blain.com\/fr\/magasins-velo\/idees-cadeaux-de-noel-velos-et-accessoires-cyclistes\/"},"author":{"name":"Gueweb","@id":"https:\/\/www.cycles-blain.com\/fr\/#\/schema\/person\/6fb8bad852fde893fb61b7b05936af37"},"headline":"Id\u00e9es cadeaux de No\u00ebl : V\u00e9los et accessoires cyclistes","datePublished":"2024-12-05T16:18:52+00:00","dateModified":"2024-12-06T11:09:43+00:00","mainEntityOfPage":{"@id":"https:\/\/www.cycles-blain.com\/fr\/magasins-velo\/idees-cadeaux-de-noel-velos-et-accessoires-cyclistes\/"},"wordCount":434,"commentCount":0,"publisher":{"@id":"https:\/\/www.cycles-blain.com\/fr\/#organization"},"image":{"@id":"https:\/\/www.cycles-blain.com\/fr\/magasins-velo\/idees-cadeaux-de-noel-velos-et-accessoires-cyclistes\/#primaryimage"},"thumbnailUrl":"https:\/\/www.cycles-blain.com\/fr\/wp-content\/uploads\/2024\/12\/blog.jpg","keywords":["enfant","id\u00e9es cadeaux","noel"],"articleSection":["Actus Magasins","Magasin Brignais","Magasin Craponne","Magasin Lyon Centre","Magasin St Priest","Magasin Vienne","Magasin Vienne Sud","Magasin-CyclesVeran","Magasin-Ecully","Magasin-Lyon6","Magasin-Oullins","Promotions"],"inLanguage":"fr-FR","potentialAction":[{"@type":"CommentAction","name":"Comment","target":["https:\/\/www.cycles-blain.com\/fr\/magasins-velo\/idees-cadeaux-de-noel-velos-et-accessoires-cyclistes\/#respond"]}]},{"@type":"WebPage","@id":"https:\/\/www.cycles-blain.com\/fr\/magasins-velo\/idees-cadeaux-de-noel-velos-et-accessoires-cyclistes\/","url":"https:\/\/www.cycles-blain.com\/fr\/magasins-velo\/idees-cadeaux-de-noel-velos-et-accessoires-cyclistes\/","name":"Id\u00e9es cadeaux de No\u00ebl : V\u00e9los et accessoires cyclistes - CYCLES BLAIN","isPartOf":{"@id":"https:\/\/www.cycles-blain.com\/fr\/#website"},"primaryImageOfPage":{"@id":"https:\/\/www.cycles-blain.com\/fr\/magasins-velo\/idees-cadeaux-de-noel-velos-et-accessoires-cyclistes\/#primaryimage"},"image":{"@id":"https:\/\/www.cycles-blain.com\/fr\/magasins-velo\/idees-cadeaux-de-noel-velos-et-accessoires-cyclistes\/#primaryimage"},"thumbnailUrl":"https:\/\/www.cycles-blain.com\/fr\/wp-content\/uploads\/2024\/12\/blog.jpg","datePublished":"2024-12-05T16:18:52+00:00","dateModified":"2024-12-06T11:09:43+00:00","description":"Vous cherchez une id\u00e9e de cadeau de No\u00ebl pour un cycliste, homme, femme ou enfant ? Voici pleins d'id\u00e9es cadeaux v\u00e9los en promos pour No\u00ebl !","breadcrumb":{"@id":"https:\/\/www.cycles-blain.com\/fr\/magasins-velo\/idees-cadeaux-de-noel-velos-et-accessoires-cyclistes\/#breadcrumb"},"inLanguage":"fr-FR","potentialAction":[{"@type":"ReadAction","target":["https:\/\/www.cycles-blain.com\/fr\/magasins-velo\/idees-cadeaux-de-noel-velos-et-accessoires-cyclistes\/"]}]},{"@type":"ImageObject","inLanguage":"fr-FR","@id":"https:\/\/www.cycles-blain.com\/fr\/magasins-velo\/idees-cadeaux-de-noel-velos-et-accessoires-cyclistes\/#primaryimage","url":"https:\/\/www.cycles-blain.com\/fr\/wp-content\/uploads\/2024\/12\/blog.jpg","contentUrl":"https:\/\/www.cycles-blain.com\/fr\/wp-content\/uploads\/2024\/12\/blog.jpg","width":600,"height":400,"caption":"Idees cadeaux de Noel pour toute la famille"},{"@type":"BreadcrumbList","@id":"https:\/\/www.cycles-blain.com\/fr\/magasins-velo\/idees-cadeaux-de-noel-velos-et-accessoires-cyclistes\/#breadcrumb","itemListElement":[{"@type":"ListItem","position":1,"name":"Accueil","item":"https:\/\/www.cycles-blain.com\/fr\/"},{"@type":"ListItem","position":2,"name":"Id\u00e9es cadeaux de No\u00ebl : V\u00e9los et accessoires cyclistes"}]},{"@type":"WebSite","@id":"https:\/\/www.cycles-blain.com\/fr\/#website","url":"https:\/\/www.cycles-blain.com\/fr\/","name":"CyclesBlain - Magasins de v\u00e9los, accessoires et ateliers","description":"Blog Cycles Blain","publisher":{"@id":"https:\/\/www.cycles-blain.com\/fr\/#organization"},"potentialAction":[{"@type":"SearchAction","target":{"@type":"EntryPoint","urlTemplate":"https:\/\/www.cycles-blain.com\/fr\/?s={search_term_string}"},"query-input":{"@type":"PropertyValueSpecification","valueRequired":true,"valueName":"search_term_string"}}],"inLanguage":"fr-FR"},{"@type":"Organization","@id":"https:\/\/www.cycles-blain.com\/fr\/#organization","name":"CyclesBlain - Magasins de v\u00e9los, accessoires et ateliers","url":"https:\/\/www.cycles-blain.com\/fr\/","logo":{"@type":"ImageObject","inLanguage":"fr-FR","@id":"https:\/\/www.cycles-blain.com\/fr\/#\/schema\/logo\/image\/","url":"https:\/\/www.cycles-blain.com\/fr\/wp-content\/uploads\/2023\/10\/logo-cycles-blain.jpeg","contentUrl":"https:\/\/www.cycles-blain.com\/fr\/wp-content\/uploads\/2023\/10\/logo-cycles-blain.jpeg","width":264,"height":191,"caption":"CyclesBlain - Magasins de v\u00e9los, accessoires et ateliers"},"image":{"@id":"https:\/\/www.cycles-blain.com\/fr\/#\/schema\/logo\/image\/"},"sameAs":["https:\/\/www.facebook.com\/cyclesblain\/?locale=fr_FR","https:\/\/www.instagram.com\/cycles_blain\/?hl=fr"]},{"@type":"Person","@id":"https:\/\/www.cycles-blain.com\/fr\/#\/schema\/person\/6fb8bad852fde893fb61b7b05936af37","name":"Gueweb","image":{"@type":"ImageObject","inLanguage":"fr-FR","@id":"https:\/\/secure.gravatar.com\/avatar\/52550bc594eb074508114b963209b157358b27e5a0319de1bb723df3f760ca2d?s=96&d=mm&r=g","url":"https:\/\/secure.gravatar.com\/avatar\/52550bc594eb074508114b963209b157358b27e5a0319de1bb723df3f760ca2d?s=96&d=mm&r=g","contentUrl":"https:\/\/secure.gravatar.com\/avatar\/52550bc594eb074508114b963209b157358b27e5a0319de1bb723df3f760ca2d?s=96&d=mm&r=g","caption":"Gueweb"},"sameAs":["https:\/\/www.cycles-blain.com\/\/fr"],"url":"https:\/\/www.cycles-blain.com\/fr\/author\/gueweb\/"}]}},"_links":{"self":[{"href":"https:\/\/www.cycles-blain.com\/fr\/wp-json\/wp\/v2\/posts\/10895","targetHints":{"allow":["GET"]}}],"collection":[{"href":"https:\/\/www.cycles-blain.com\/fr\/wp-json\/wp\/v2\/posts"}],"about":[{"href":"https:\/\/www.cycles-blain.com\/fr\/wp-json\/wp\/v2\/types\/post"}],"author":[{"embeddable":true,"href":"https:\/\/www.cycles-blain.com\/fr\/wp-json\/wp\/v2\/users\/1"}],"replies":[{"embeddable":true,"href":"https:\/\/www.cycles-blain.com\/fr\/wp-json\/wp\/v2\/comments?post=10895"}],"version-history":[{"count":46,"href":"https:\/\/www.cycles-blain.com\/fr\/wp-json\/wp\/v2\/posts\/10895\/revisions"}],"predecessor-version":[{"id":10990,"href":"https:\/\/www.cycles-blain.com\/fr\/wp-json\/wp\/v2\/posts\/10895\/revisions\/10990"}],"wp:featuredmedia":[{"embeddable":true,"href":"https:\/\/www.cycles-blain.com\/fr\/wp-json\/wp\/v2\/media\/10897"}],"wp:attachment":[{"href":"https:\/\/www.cycles-blain.com\/fr\/wp-json\/wp\/v2\/media?parent=10895"}],"wp:term":[{"taxonomy":"category","embeddable":true,"href":"https:\/\/www.cycles-blain.com\/fr\/wp-json\/wp\/v2\/categories?post=10895"},{"taxonomy":"post_tag","embeddable":true,"href":"https:\/\/www.cycles-blain.com\/fr\/wp-json\/wp\/v2\/tags?post=10895"}],"curies":[{"name":"wp","href":"https:\/\/api.w.org\/{rel}","templated":true}]}}