{"id":1095,"date":"2023-09-25T11:33:44","date_gmt":"2023-09-25T09:33:44","guid":{"rendered":"https:\/\/www.cycles-blain.com\/\/fr\/?p=1095"},"modified":"2024-07-24T14:12:05","modified_gmt":"2024-07-24T12:12:05","slug":"nouveau-velo-electrique-moustache-j","status":"publish","type":"post","link":"https:\/\/www.cycles-blain.com\/fr\/velo\/nouveau-velo-electrique-moustache-j\/","title":{"rendered":"Nouveau v\u00e9lo \u00e9lectrique Moustache J"},"content":{"rendered":"\t\t<div data-elementor-type=\"wp-post\" data-elementor-id=\"1095\" class=\"elementor elementor-1095\" data-elementor-post-type=\"post\">\n\t\t\t\t<div class=\"elementor-element elementor-element-f3fada0 e-flex e-con-boxed e-con e-parent\" data-id=\"f3fada0\" data-element_type=\"container\" data-e-type=\"container\">\n\t\t\t\t\t<div class=\"e-con-inner\">\n\t\t\t\t<div class=\"elementor-element elementor-element-22d6654 elementor-widget elementor-widget-text-editor\" data-id=\"22d6654\" data-element_type=\"widget\" data-e-type=\"widget\" data-widget_type=\"text-editor.default\">\n\t\t\t\t<div class=\"elementor-widget-container\">\n\t\t\t\t\t\t\t\t\t<p>Le r\u00eave de Moustache est enfin une r\u00e9alit\u00e9 avec la sortie du nouveau v\u00e9lo \u00e9lectrique (VAE) Moustache J disponible d\u00e8s maintenant chez CYCLES BLAIN !<\/p><p><b>Pourquoi le Moustache J est un super v\u00e9lo \u00e9lectrique ?<\/b><\/p><ul><li><b>Un d\u00e9fi technique<\/b> : La R&amp;D a travaill\u00e9 dur pour faire un v\u00e9lo simple, confortable et efficace en seulement 2 pi\u00e8ces pour le cadre !<\/li><li>Un v\u00e9lo toujours plus <b>fabriqu\u00e9 en France<\/b> par Moustache : Poligny, Vitrolles, Thaon-les-Vosges et Schirmeck<\/li><li><b>Plus durable<\/b> : fabrication en circuit court, peinture poudre sans solvant, recyclage par refonte des rebuts et surplus de fabrication.<\/li><li><b>Ultra confortable<\/b> : double suspension, selle confort, amortisseur hydropneumatique Moustache, g\u00e9om\u00e9trie confortable avec potence r\u00e9glable.<\/li><li><b>Facile \u00e0 utiliser<\/b> : cadre ouvert, selle t\u00e9lescopique, suspension arri\u00e8re pneumatique et changement de vitesse intuitif<\/li><li><b>Efficient<\/b> gr\u00e2ce \u00e0 un cadre ultra rigide et un bras oscillant unifi\u00e9<\/li><li><b>Performant<\/b> avec un moteur Bosch puissant et progressif (batterie additionnelle en option), une transmission \u00e0 courroie (version Enviolo) et des pneus solides \u00e0 faible r\u00e9sistance au roulement (3 mod\u00e8les selon version du v\u00e9lo)<\/li><li>Le Moustache J est aussi <b>s\u00e9curisant<\/b> avec ses renforts de cadre internes<\/li><li>Un v\u00e9lo <b>s\u00e9curis\u00e9 contre le vol<\/b> avec un v\u00e9ritable syst\u00e8me de v\u00e9rouillage avec alarme et marquage \u00ab\u00a0Moustache code\u00a0\u00bb inviolable via la Blockchain<\/li><\/ul><p><b>Une gamme de 3 v\u00e9los configurables selon vos besoins et votre pratique du v\u00e9lo<\/b><\/p><ul><li>Le Moustache <b>J. ON<\/b> : VAE <b>Urbain<\/b> \u00e0 d\u00e9couvrir\u00a0<a href=\"https:\/\/moustachebikes.com\/fr\/velos-electriques\/j\/j-on\/\" target=\"_blank\" rel=\"noopener\">ICI<\/a><\/li><li>Le Moustache <b>J. ALL<\/b> : V\u00e9lo \u00e9lectrique <b>Polyvalent<\/b> \u00e0 d\u00e9couvrir\u00a0<a href=\"https:\/\/cycles-blain.com\/vtc-electrique\/220-j-all-pbs-625wh-moustache-3701600103685.html\" target=\"_blank\" rel=\"noopener\">ICI<\/a><\/li><li>Le Moustache <b>J. OFF<\/b> : Le VTC \u00e9lectrique <b>Sportif<\/b> et tout terrain : \u00e0 d\u00e9couvrir\u00a0<a href=\"https:\/\/cycles-blain.com\/vtc-electrique\/221-j-off-moustache-3701600103548.html\" target=\"_blank\" rel=\"noopener\">ICI<\/a><\/li><\/ul>\t\t\t\t\t\t\t\t<\/div>\n\t\t\t\t<\/div>\n\t\t\t\t\t<\/div>\n\t\t\t\t<\/div>\n\t\t\t\t<\/div>\n\t\t","protected":false},"excerpt":{"rendered":"<p>D\u00e9couvrez le nouveau v\u00e9lo \u00e9lectrique Moustache J : Confortable, S\u00e9curisant, Efficient, Magnifique et encore plus fabriqu\u00e9 en France par Moustache !<\/p>\n","protected":false},"author":1,"featured_media":1121,"comment_status":"open","ping_status":"open","sticky":false,"template":"","format":"standard","meta":{"site-sidebar-layout":"default","site-content-layout":"","ast-site-content-layout":"default","site-content-style":"default","site-sidebar-style":"default","ast-global-header-display":"","ast-banner-title-visibility":"","ast-main-header-display":"","ast-hfb-above-header-display":"","ast-hfb-below-header-display":"","ast-hfb-mobile-header-display":"","site-post-title":"","ast-breadcrumbs-content":"","ast-featured-img":"","footer-sml-layout":"","theme-transparent-header-meta":"","adv-header-id-meta":"","stick-header-meta":"","header-above-stick-meta":"","header-main-stick-meta":"","header-below-stick-meta":"","astra-migrate-meta-layouts":"set","ast-page-background-enabled":"default","ast-page-background-meta":{"desktop":{"background-color":"","background-image":"","background-repeat":"repeat","background-position":"center center","background-size":"auto","background-attachment":"scroll","background-type":"","background-media":"","overlay-type":"","overlay-color":"","overlay-gradient":""},"tablet":{"background-color":"","background-image":"","background-repeat":"repeat","background-position":"center center","background-size":"auto","background-attachment":"scroll","background-type":"","background-media":"","overlay-type":"","overlay-color":"","overlay-gradient":""},"mobile":{"background-color":"","background-image":"","background-repeat":"repeat","background-position":"center center","background-size":"auto","background-attachment":"scroll","background-type":"","background-media":"","overlay-type":"","overlay-color":"","overlay-gradient":""}},"ast-content-background-meta":{"desktop":{"background-color":"var(--ast-global-color-5)","background-image":"","background-repeat":"repeat","background-position":"center center","background-size":"auto","background-attachment":"scroll","background-type":"","background-media":"","overlay-type":"","overlay-color":"","overlay-gradient":""},"tablet":{"background-color":"var(--ast-global-color-5)","background-image":"","background-repeat":"repeat","background-position":"center center","background-size":"auto","background-attachment":"scroll","background-type":"","background-media":"","overlay-type":"","overlay-color":"","overlay-gradient":""},"mobile":{"background-color":"var(--ast-global-color-5)","background-image":"","background-repeat":"repeat","background-position":"center center","background-size":"auto","background-attachment":"scroll","background-type":"","background-media":"","overlay-type":"","overlay-color":"","overlay-gradient":""}},"footnotes":""},"categories":[4,53,54],"tags":[60,59,47,61,49,28,51,29,52],"class_list":["post-1095","post","type-post","status-publish","format-standard","has-post-thumbnail","hentry","category-velo","category-velo-electrique","category-vtc-electrique","tag-alarme-velo","tag-antivol","tag-moustache","tag-moustache-j","tag-nouveaute","tag-velo-electrique","tag-velo-urbain","tag-velo-taf","tag-vtc-electrique"],"yoast_head":"<!-- This site is optimized with the Yoast SEO plugin v27.5 - https:\/\/yoast.com\/product\/yoast-seo-wordpress\/ -->\n<title>Nouveau v\u00e9lo \u00e9lectrique Moustache J - CyclesBlain - Magasins de v\u00e9los, accessoires et ateliers<\/title>\n<meta name=\"description\" content=\"Venez d\u00e9couvrir le nouveau v\u00e9lo \u00e9lectrique Moustache J : Confortable, S\u00e9curisant, Efficient, Magnifique et encore plus fabriqu\u00e9 en France par Moustache ! Disponible et visible dans les magasins Cycles Blain.\" \/>\n<meta name=\"robots\" content=\"index, follow, max-snippet:-1, max-image-preview:large, max-video-preview:-1\" \/>\n<link rel=\"canonical\" href=\"https:\/\/www.cycles-blain.com\/fr\/velo\/nouveau-velo-electrique-moustache-j\/\" \/>\n<meta property=\"og:locale\" content=\"fr_FR\" \/>\n<meta property=\"og:type\" content=\"article\" \/>\n<meta property=\"og:title\" content=\"Nouveau v\u00e9lo \u00e9lectrique Moustache J - CyclesBlain - Magasins de v\u00e9los, accessoires et ateliers\" \/>\n<meta property=\"og:description\" content=\"Venez d\u00e9couvrir le nouveau v\u00e9lo \u00e9lectrique Moustache J : Confortable, S\u00e9curisant, Efficient, Magnifique et encore plus fabriqu\u00e9 en France par Moustache ! Disponible et visible dans les magasins Cycles Blain.\" \/>\n<meta property=\"og:url\" content=\"https:\/\/www.cycles-blain.com\/fr\/velo\/nouveau-velo-electrique-moustache-j\/\" \/>\n<meta property=\"og:site_name\" content=\"CyclesBlain - Magasins de v\u00e9los, accessoires et ateliers\" \/>\n<meta property=\"article:publisher\" content=\"https:\/\/www.facebook.com\/cyclesblain\/?locale=fr_FR\" \/>\n<meta property=\"article:published_time\" content=\"2023-09-25T09:33:44+00:00\" \/>\n<meta property=\"article:modified_time\" content=\"2024-07-24T12:12:05+00:00\" \/>\n<meta property=\"og:image\" content=\"https:\/\/www.cycles-blain.com\/fr\/wp-content\/uploads\/2023\/10\/velo-electrique-moustache-j.jpg\" \/>\n\t<meta property=\"og:image:width\" content=\"800\" \/>\n\t<meta property=\"og:image:height\" content=\"422\" \/>\n\t<meta property=\"og:image:type\" content=\"image\/jpeg\" \/>\n<meta name=\"author\" content=\"Gueweb\" \/>\n<meta name=\"twitter:card\" content=\"summary_large_image\" \/>\n<meta name=\"twitter:label1\" content=\"\u00c9crit par\" \/>\n\t<meta name=\"twitter:data1\" content=\"Gueweb\" \/>\n\t<meta name=\"twitter:label2\" content=\"Dur\u00e9e de lecture estim\u00e9e\" \/>\n\t<meta name=\"twitter:data2\" content=\"2 minutes\" \/>\n<script type=\"application\/ld+json\" class=\"yoast-schema-graph\">{\"@context\":\"https:\\\/\\\/schema.org\",\"@graph\":[{\"@type\":\"Article\",\"@id\":\"https:\\\/\\\/www.cycles-blain.com\\\/fr\\\/velo\\\/nouveau-velo-electrique-moustache-j\\\/#article\",\"isPartOf\":{\"@id\":\"https:\\\/\\\/www.cycles-blain.com\\\/fr\\\/velo\\\/nouveau-velo-electrique-moustache-j\\\/\"},\"author\":{\"name\":\"Gueweb\",\"@id\":\"https:\\\/\\\/www.cycles-blain.com\\\/fr\\\/#\\\/schema\\\/person\\\/6fb8bad852fde893fb61b7b05936af37\"},\"headline\":\"Nouveau v\u00e9lo \u00e9lectrique Moustache J\",\"datePublished\":\"2023-09-25T09:33:44+00:00\",\"dateModified\":\"2024-07-24T12:12:05+00:00\",\"mainEntityOfPage\":{\"@id\":\"https:\\\/\\\/www.cycles-blain.com\\\/fr\\\/velo\\\/nouveau-velo-electrique-moustache-j\\\/\"},\"wordCount\":272,\"commentCount\":0,\"publisher\":{\"@id\":\"https:\\\/\\\/www.cycles-blain.com\\\/fr\\\/#organization\"},\"image\":{\"@id\":\"https:\\\/\\\/www.cycles-blain.com\\\/fr\\\/velo\\\/nouveau-velo-electrique-moustache-j\\\/#primaryimage\"},\"thumbnailUrl\":\"https:\\\/\\\/www.cycles-blain.com\\\/fr\\\/wp-content\\\/uploads\\\/2023\\\/10\\\/velo-electrique-moustache-j.jpg\",\"keywords\":[\"alarme velo\",\"antivol\",\"moustache\",\"moustache J\",\"nouveaut\u00e9\",\"v\u00e9lo \u00e9lectrique\",\"velo urbain\",\"velotaf\",\"vtc electrique\"],\"articleSection\":[\"Actus V\u00e9lo\",\"V\u00e9lo Electrique\",\"VTC Electrique\"],\"inLanguage\":\"fr-FR\",\"potentialAction\":[{\"@type\":\"CommentAction\",\"name\":\"Comment\",\"target\":[\"https:\\\/\\\/www.cycles-blain.com\\\/fr\\\/velo\\\/nouveau-velo-electrique-moustache-j\\\/#respond\"]}]},{\"@type\":\"WebPage\",\"@id\":\"https:\\\/\\\/www.cycles-blain.com\\\/fr\\\/velo\\\/nouveau-velo-electrique-moustache-j\\\/\",\"url\":\"https:\\\/\\\/www.cycles-blain.com\\\/fr\\\/velo\\\/nouveau-velo-electrique-moustache-j\\\/\",\"name\":\"Nouveau v\u00e9lo \u00e9lectrique Moustache J - CyclesBlain - Magasins de v\u00e9los, accessoires et ateliers\",\"isPartOf\":{\"@id\":\"https:\\\/\\\/www.cycles-blain.com\\\/fr\\\/#website\"},\"primaryImageOfPage\":{\"@id\":\"https:\\\/\\\/www.cycles-blain.com\\\/fr\\\/velo\\\/nouveau-velo-electrique-moustache-j\\\/#primaryimage\"},\"image\":{\"@id\":\"https:\\\/\\\/www.cycles-blain.com\\\/fr\\\/velo\\\/nouveau-velo-electrique-moustache-j\\\/#primaryimage\"},\"thumbnailUrl\":\"https:\\\/\\\/www.cycles-blain.com\\\/fr\\\/wp-content\\\/uploads\\\/2023\\\/10\\\/velo-electrique-moustache-j.jpg\",\"datePublished\":\"2023-09-25T09:33:44+00:00\",\"dateModified\":\"2024-07-24T12:12:05+00:00\",\"description\":\"Venez d\u00e9couvrir le nouveau v\u00e9lo \u00e9lectrique Moustache J : Confortable, S\u00e9curisant, Efficient, Magnifique et encore plus fabriqu\u00e9 en France par Moustache ! Disponible et visible dans les magasins Cycles Blain.\",\"breadcrumb\":{\"@id\":\"https:\\\/\\\/www.cycles-blain.com\\\/fr\\\/velo\\\/nouveau-velo-electrique-moustache-j\\\/#breadcrumb\"},\"inLanguage\":\"fr-FR\",\"potentialAction\":[{\"@type\":\"ReadAction\",\"target\":[\"https:\\\/\\\/www.cycles-blain.com\\\/fr\\\/velo\\\/nouveau-velo-electrique-moustache-j\\\/\"]}]},{\"@type\":\"ImageObject\",\"inLanguage\":\"fr-FR\",\"@id\":\"https:\\\/\\\/www.cycles-blain.com\\\/fr\\\/velo\\\/nouveau-velo-electrique-moustache-j\\\/#primaryimage\",\"url\":\"https:\\\/\\\/www.cycles-blain.com\\\/fr\\\/wp-content\\\/uploads\\\/2023\\\/10\\\/velo-electrique-moustache-j.jpg\",\"contentUrl\":\"https:\\\/\\\/www.cycles-blain.com\\\/fr\\\/wp-content\\\/uploads\\\/2023\\\/10\\\/velo-electrique-moustache-j.jpg\",\"width\":800,\"height\":422,\"caption\":\"Nouveau v\u00e9lo \u00e9lectrique Moustache J\"},{\"@type\":\"BreadcrumbList\",\"@id\":\"https:\\\/\\\/www.cycles-blain.com\\\/fr\\\/velo\\\/nouveau-velo-electrique-moustache-j\\\/#breadcrumb\",\"itemListElement\":[{\"@type\":\"ListItem\",\"position\":1,\"name\":\"Accueil\",\"item\":\"https:\\\/\\\/www.cycles-blain.com\\\/fr\\\/\"},{\"@type\":\"ListItem\",\"position\":2,\"name\":\"Nouveau v\u00e9lo \u00e9lectrique Moustache J\"}]},{\"@type\":\"WebSite\",\"@id\":\"https:\\\/\\\/www.cycles-blain.com\\\/fr\\\/#website\",\"url\":\"https:\\\/\\\/www.cycles-blain.com\\\/fr\\\/\",\"name\":\"CyclesBlain - Magasins de v\u00e9los, accessoires et ateliers\",\"description\":\"Blog Cycles Blain\",\"publisher\":{\"@id\":\"https:\\\/\\\/www.cycles-blain.com\\\/fr\\\/#organization\"},\"potentialAction\":[{\"@type\":\"SearchAction\",\"target\":{\"@type\":\"EntryPoint\",\"urlTemplate\":\"https:\\\/\\\/www.cycles-blain.com\\\/fr\\\/?s={search_term_string}\"},\"query-input\":{\"@type\":\"PropertyValueSpecification\",\"valueRequired\":true,\"valueName\":\"search_term_string\"}}],\"inLanguage\":\"fr-FR\"},{\"@type\":\"Organization\",\"@id\":\"https:\\\/\\\/www.cycles-blain.com\\\/fr\\\/#organization\",\"name\":\"CyclesBlain - Magasins de v\u00e9los, accessoires et ateliers\",\"url\":\"https:\\\/\\\/www.cycles-blain.com\\\/fr\\\/\",\"logo\":{\"@type\":\"ImageObject\",\"inLanguage\":\"fr-FR\",\"@id\":\"https:\\\/\\\/www.cycles-blain.com\\\/fr\\\/#\\\/schema\\\/logo\\\/image\\\/\",\"url\":\"https:\\\/\\\/www.cycles-blain.com\\\/fr\\\/wp-content\\\/uploads\\\/2023\\\/10\\\/logo-cycles-blain.jpeg\",\"contentUrl\":\"https:\\\/\\\/www.cycles-blain.com\\\/fr\\\/wp-content\\\/uploads\\\/2023\\\/10\\\/logo-cycles-blain.jpeg\",\"width\":264,\"height\":191,\"caption\":\"CyclesBlain - Magasins de v\u00e9los, accessoires et ateliers\"},\"image\":{\"@id\":\"https:\\\/\\\/www.cycles-blain.com\\\/fr\\\/#\\\/schema\\\/logo\\\/image\\\/\"},\"sameAs\":[\"https:\\\/\\\/www.facebook.com\\\/cyclesblain\\\/?locale=fr_FR\",\"https:\\\/\\\/www.instagram.com\\\/cycles_blain\\\/?hl=fr\"]},{\"@type\":\"Person\",\"@id\":\"https:\\\/\\\/www.cycles-blain.com\\\/fr\\\/#\\\/schema\\\/person\\\/6fb8bad852fde893fb61b7b05936af37\",\"name\":\"Gueweb\",\"image\":{\"@type\":\"ImageObject\",\"inLanguage\":\"fr-FR\",\"@id\":\"https:\\\/\\\/secure.gravatar.com\\\/avatar\\\/52550bc594eb074508114b963209b157358b27e5a0319de1bb723df3f760ca2d?s=96&d=mm&r=g\",\"url\":\"https:\\\/\\\/secure.gravatar.com\\\/avatar\\\/52550bc594eb074508114b963209b157358b27e5a0319de1bb723df3f760ca2d?s=96&d=mm&r=g\",\"contentUrl\":\"https:\\\/\\\/secure.gravatar.com\\\/avatar\\\/52550bc594eb074508114b963209b157358b27e5a0319de1bb723df3f760ca2d?s=96&d=mm&r=g\",\"caption\":\"Gueweb\"},\"sameAs\":[\"https:\\\/\\\/www.cycles-blain.com\\\/\\\/fr\"],\"url\":\"https:\\\/\\\/www.cycles-blain.com\\\/fr\\\/author\\\/gueweb\\\/\"}]}<\/script>\n<!-- \/ Yoast SEO plugin. -->","yoast_head_json":{"title":"Nouveau v\u00e9lo \u00e9lectrique Moustache J - CyclesBlain - Magasins de v\u00e9los, accessoires et ateliers","description":"Venez d\u00e9couvrir le nouveau v\u00e9lo \u00e9lectrique Moustache J : Confortable, S\u00e9curisant, Efficient, Magnifique et encore plus fabriqu\u00e9 en France par Moustache ! Disponible et visible dans les magasins Cycles Blain.","robots":{"index":"index","follow":"follow","max-snippet":"max-snippet:-1","max-image-preview":"max-image-preview:large","max-video-preview":"max-video-preview:-1"},"canonical":"https:\/\/www.cycles-blain.com\/fr\/velo\/nouveau-velo-electrique-moustache-j\/","og_locale":"fr_FR","og_type":"article","og_title":"Nouveau v\u00e9lo \u00e9lectrique Moustache J - CyclesBlain - Magasins de v\u00e9los, accessoires et ateliers","og_description":"Venez d\u00e9couvrir le nouveau v\u00e9lo \u00e9lectrique Moustache J : Confortable, S\u00e9curisant, Efficient, Magnifique et encore plus fabriqu\u00e9 en France par Moustache ! Disponible et visible dans les magasins Cycles Blain.","og_url":"https:\/\/www.cycles-blain.com\/fr\/velo\/nouveau-velo-electrique-moustache-j\/","og_site_name":"CyclesBlain - Magasins de v\u00e9los, accessoires et ateliers","article_publisher":"https:\/\/www.facebook.com\/cyclesblain\/?locale=fr_FR","article_published_time":"2023-09-25T09:33:44+00:00","article_modified_time":"2024-07-24T12:12:05+00:00","og_image":[{"width":800,"height":422,"url":"https:\/\/www.cycles-blain.com\/fr\/wp-content\/uploads\/2023\/10\/velo-electrique-moustache-j.jpg","type":"image\/jpeg"}],"author":"Gueweb","twitter_card":"summary_large_image","twitter_misc":{"\u00c9crit par":"Gueweb","Dur\u00e9e de lecture estim\u00e9e":"2 minutes"},"schema":{"@context":"https:\/\/schema.org","@graph":[{"@type":"Article","@id":"https:\/\/www.cycles-blain.com\/fr\/velo\/nouveau-velo-electrique-moustache-j\/#article","isPartOf":{"@id":"https:\/\/www.cycles-blain.com\/fr\/velo\/nouveau-velo-electrique-moustache-j\/"},"author":{"name":"Gueweb","@id":"https:\/\/www.cycles-blain.com\/fr\/#\/schema\/person\/6fb8bad852fde893fb61b7b05936af37"},"headline":"Nouveau v\u00e9lo \u00e9lectrique Moustache J","datePublished":"2023-09-25T09:33:44+00:00","dateModified":"2024-07-24T12:12:05+00:00","mainEntityOfPage":{"@id":"https:\/\/www.cycles-blain.com\/fr\/velo\/nouveau-velo-electrique-moustache-j\/"},"wordCount":272,"commentCount":0,"publisher":{"@id":"https:\/\/www.cycles-blain.com\/fr\/#organization"},"image":{"@id":"https:\/\/www.cycles-blain.com\/fr\/velo\/nouveau-velo-electrique-moustache-j\/#primaryimage"},"thumbnailUrl":"https:\/\/www.cycles-blain.com\/fr\/wp-content\/uploads\/2023\/10\/velo-electrique-moustache-j.jpg","keywords":["alarme velo","antivol","moustache","moustache J","nouveaut\u00e9","v\u00e9lo \u00e9lectrique","velo urbain","velotaf","vtc electrique"],"articleSection":["Actus V\u00e9lo","V\u00e9lo Electrique","VTC Electrique"],"inLanguage":"fr-FR","potentialAction":[{"@type":"CommentAction","name":"Comment","target":["https:\/\/www.cycles-blain.com\/fr\/velo\/nouveau-velo-electrique-moustache-j\/#respond"]}]},{"@type":"WebPage","@id":"https:\/\/www.cycles-blain.com\/fr\/velo\/nouveau-velo-electrique-moustache-j\/","url":"https:\/\/www.cycles-blain.com\/fr\/velo\/nouveau-velo-electrique-moustache-j\/","name":"Nouveau v\u00e9lo \u00e9lectrique Moustache J - CyclesBlain - Magasins de v\u00e9los, accessoires et ateliers","isPartOf":{"@id":"https:\/\/www.cycles-blain.com\/fr\/#website"},"primaryImageOfPage":{"@id":"https:\/\/www.cycles-blain.com\/fr\/velo\/nouveau-velo-electrique-moustache-j\/#primaryimage"},"image":{"@id":"https:\/\/www.cycles-blain.com\/fr\/velo\/nouveau-velo-electrique-moustache-j\/#primaryimage"},"thumbnailUrl":"https:\/\/www.cycles-blain.com\/fr\/wp-content\/uploads\/2023\/10\/velo-electrique-moustache-j.jpg","datePublished":"2023-09-25T09:33:44+00:00","dateModified":"2024-07-24T12:12:05+00:00","description":"Venez d\u00e9couvrir le nouveau v\u00e9lo \u00e9lectrique Moustache J : Confortable, S\u00e9curisant, Efficient, Magnifique et encore plus fabriqu\u00e9 en France par Moustache ! Disponible et visible dans les magasins Cycles Blain.","breadcrumb":{"@id":"https:\/\/www.cycles-blain.com\/fr\/velo\/nouveau-velo-electrique-moustache-j\/#breadcrumb"},"inLanguage":"fr-FR","potentialAction":[{"@type":"ReadAction","target":["https:\/\/www.cycles-blain.com\/fr\/velo\/nouveau-velo-electrique-moustache-j\/"]}]},{"@type":"ImageObject","inLanguage":"fr-FR","@id":"https:\/\/www.cycles-blain.com\/fr\/velo\/nouveau-velo-electrique-moustache-j\/#primaryimage","url":"https:\/\/www.cycles-blain.com\/fr\/wp-content\/uploads\/2023\/10\/velo-electrique-moustache-j.jpg","contentUrl":"https:\/\/www.cycles-blain.com\/fr\/wp-content\/uploads\/2023\/10\/velo-electrique-moustache-j.jpg","width":800,"height":422,"caption":"Nouveau v\u00e9lo \u00e9lectrique Moustache J"},{"@type":"BreadcrumbList","@id":"https:\/\/www.cycles-blain.com\/fr\/velo\/nouveau-velo-electrique-moustache-j\/#breadcrumb","itemListElement":[{"@type":"ListItem","position":1,"name":"Accueil","item":"https:\/\/www.cycles-blain.com\/fr\/"},{"@type":"ListItem","position":2,"name":"Nouveau v\u00e9lo \u00e9lectrique Moustache J"}]},{"@type":"WebSite","@id":"https:\/\/www.cycles-blain.com\/fr\/#website","url":"https:\/\/www.cycles-blain.com\/fr\/","name":"CyclesBlain - Magasins de v\u00e9los, accessoires et ateliers","description":"Blog Cycles Blain","publisher":{"@id":"https:\/\/www.cycles-blain.com\/fr\/#organization"},"potentialAction":[{"@type":"SearchAction","target":{"@type":"EntryPoint","urlTemplate":"https:\/\/www.cycles-blain.com\/fr\/?s={search_term_string}"},"query-input":{"@type":"PropertyValueSpecification","valueRequired":true,"valueName":"search_term_string"}}],"inLanguage":"fr-FR"},{"@type":"Organization","@id":"https:\/\/www.cycles-blain.com\/fr\/#organization","name":"CyclesBlain - Magasins de v\u00e9los, accessoires et ateliers","url":"https:\/\/www.cycles-blain.com\/fr\/","logo":{"@type":"ImageObject","inLanguage":"fr-FR","@id":"https:\/\/www.cycles-blain.com\/fr\/#\/schema\/logo\/image\/","url":"https:\/\/www.cycles-blain.com\/fr\/wp-content\/uploads\/2023\/10\/logo-cycles-blain.jpeg","contentUrl":"https:\/\/www.cycles-blain.com\/fr\/wp-content\/uploads\/2023\/10\/logo-cycles-blain.jpeg","width":264,"height":191,"caption":"CyclesBlain - Magasins de v\u00e9los, accessoires et ateliers"},"image":{"@id":"https:\/\/www.cycles-blain.com\/fr\/#\/schema\/logo\/image\/"},"sameAs":["https:\/\/www.facebook.com\/cyclesblain\/?locale=fr_FR","https:\/\/www.instagram.com\/cycles_blain\/?hl=fr"]},{"@type":"Person","@id":"https:\/\/www.cycles-blain.com\/fr\/#\/schema\/person\/6fb8bad852fde893fb61b7b05936af37","name":"Gueweb","image":{"@type":"ImageObject","inLanguage":"fr-FR","@id":"https:\/\/secure.gravatar.com\/avatar\/52550bc594eb074508114b963209b157358b27e5a0319de1bb723df3f760ca2d?s=96&d=mm&r=g","url":"https:\/\/secure.gravatar.com\/avatar\/52550bc594eb074508114b963209b157358b27e5a0319de1bb723df3f760ca2d?s=96&d=mm&r=g","contentUrl":"https:\/\/secure.gravatar.com\/avatar\/52550bc594eb074508114b963209b157358b27e5a0319de1bb723df3f760ca2d?s=96&d=mm&r=g","caption":"Gueweb"},"sameAs":["https:\/\/www.cycles-blain.com\/\/fr"],"url":"https:\/\/www.cycles-blain.com\/fr\/author\/gueweb\/"}]}},"_links":{"self":[{"href":"https:\/\/www.cycles-blain.com\/fr\/wp-json\/wp\/v2\/posts\/1095","targetHints":{"allow":["GET"]}}],"collection":[{"href":"https:\/\/www.cycles-blain.com\/fr\/wp-json\/wp\/v2\/posts"}],"about":[{"href":"https:\/\/www.cycles-blain.com\/fr\/wp-json\/wp\/v2\/types\/post"}],"author":[{"embeddable":true,"href":"https:\/\/www.cycles-blain.com\/fr\/wp-json\/wp\/v2\/users\/1"}],"replies":[{"embeddable":true,"href":"https:\/\/www.cycles-blain.com\/fr\/wp-json\/wp\/v2\/comments?post=1095"}],"version-history":[{"count":34,"href":"https:\/\/www.cycles-blain.com\/fr\/wp-json\/wp\/v2\/posts\/1095\/revisions"}],"predecessor-version":[{"id":6939,"href":"https:\/\/www.cycles-blain.com\/fr\/wp-json\/wp\/v2\/posts\/1095\/revisions\/6939"}],"wp:featuredmedia":[{"embeddable":true,"href":"https:\/\/www.cycles-blain.com\/fr\/wp-json\/wp\/v2\/media\/1121"}],"wp:attachment":[{"href":"https:\/\/www.cycles-blain.com\/fr\/wp-json\/wp\/v2\/media?parent=1095"}],"wp:term":[{"taxonomy":"category","embeddable":true,"href":"https:\/\/www.cycles-blain.com\/fr\/wp-json\/wp\/v2\/categories?post=1095"},{"taxonomy":"post_tag","embeddable":true,"href":"https:\/\/www.cycles-blain.com\/fr\/wp-json\/wp\/v2\/tags?post=1095"}],"curies":[{"name":"wp","href":"https:\/\/api.w.org\/{rel}","templated":true}]}}