{"id":11319,"date":"2024-12-17T09:06:45","date_gmt":"2024-12-17T08:06:45","guid":{"rendered":"https:\/\/www.cycles-blain.com\/fr\/?p=11319"},"modified":"2025-01-03T16:29:15","modified_gmt":"2025-01-03T15:29:15","slug":"promotion-forfait-revision-atelier-velo-1224","status":"publish","type":"post","link":"https:\/\/www.cycles-blain.com\/fr\/atelier-reparation\/promotion-forfait-revision-atelier-velo-1224\/","title":{"rendered":"Forfait r\u00e9vision v\u00e9lo : 20% de bon d&rsquo;achat Offert"},"content":{"rendered":"\t\t<div data-elementor-type=\"wp-post\" data-elementor-id=\"11319\" class=\"elementor elementor-11319\" data-elementor-post-type=\"post\">\n\t\t\t\t<div class=\"elementor-element elementor-element-0cc4f9b e-flex e-con-boxed e-con e-parent\" data-id=\"0cc4f9b\" data-element_type=\"container\" data-e-type=\"container\">\n\t\t\t\t\t<div class=\"e-con-inner\">\n\t\t\t\t<div class=\"elementor-element elementor-element-acf83ec elementor-widget elementor-widget-text-editor\" data-id=\"acf83ec\" data-element_type=\"widget\" data-e-type=\"widget\" data-widget_type=\"text-editor.default\">\n\t\t\t\t<div class=\"elementor-widget-container\">\n\t\t\t\t\t\t\t\t\t<p><i>Profitez de l&rsquo;hiver et des vacances de No\u00ebl pour faire un <b>forfait r\u00e9vision de votre v\u00e9lo<\/b> et gagner un bon d&rsquo;achat de 20 % avec le code \u00ab\u00a0<b>ATELIER20<\/b>\u00a0\u00bb jusqu&rsquo;au 17 janvier 2025 !<\/i><\/p>\t\t\t\t\t\t\t\t<\/div>\n\t\t\t\t<\/div>\n\t\t\t\t<div class=\"elementor-element elementor-element-638e112 elementor-align-center elementor-widget elementor-widget-button\" data-id=\"638e112\" data-element_type=\"widget\" data-e-type=\"widget\" data-widget_type=\"button.default\">\n\t\t\t\t<div class=\"elementor-widget-container\">\n\t\t\t\t\t\t\t\t\t<div class=\"elementor-button-wrapper\">\n\t\t\t\t\t<a class=\"elementor-button elementor-button-link elementor-size-sm\" href=\"https:\/\/www.cycles-blain.com\/content\/19-rdv-atelier-velo\">\n\t\t\t\t\t\t<span class=\"elementor-button-content-wrapper\">\n\t\t\t\t\t\t<span class=\"elementor-button-icon\">\n\t\t\t\t<i aria-hidden=\"true\" class=\"fas fa-calendar-check\"><\/i>\t\t\t<\/span>\n\t\t\t\t\t\t\t\t\t<span class=\"elementor-button-text\">Je prends RDV<\/span>\n\t\t\t\t\t<\/span>\n\t\t\t\t\t<\/a>\n\t\t\t\t<\/div>\n\t\t\t\t\t\t\t\t<\/div>\n\t\t\t\t<\/div>\n\t\t\t\t<div class=\"elementor-element elementor-element-1473dd9 elementor-widget elementor-widget-heading\" data-id=\"1473dd9\" data-element_type=\"widget\" data-e-type=\"widget\" data-widget_type=\"heading.default\">\n\t\t\t\t<div class=\"elementor-widget-container\">\n\t\t\t\t\t<h2 class=\"elementor-heading-title elementor-size-default\">20 % en bon d'achat Offert<\/h2>\t\t\t\t<\/div>\n\t\t\t\t<\/div>\n\t\t\t\t\t<\/div>\n\t\t\t\t<\/div>\n\t\t<div class=\"elementor-element elementor-element-3d2a346 e-flex e-con-boxed e-con e-parent\" data-id=\"3d2a346\" data-element_type=\"container\" data-e-type=\"container\">\n\t\t\t\t\t<div class=\"e-con-inner\">\n\t\t\t\t<div class=\"elementor-element elementor-element-049f10b elementor-widget elementor-widget-text-editor\" data-id=\"049f10b\" data-element_type=\"widget\" data-e-type=\"widget\" data-widget_type=\"text-editor.default\">\n\t\t\t\t<div class=\"elementor-widget-container\">\n\t\t\t\t\t\t\t\t\t<p>C&rsquo;est le moment de faire la r\u00e9vision de votre v\u00e9lo chez CYCLES BLAIN !&nbsp;<br>Du 18 D\u00e9cembre 2024 au 17 janvier 2025, gagnez 20 % en bon d&rsquo;achat !&nbsp;<br><b>Conditions de l&rsquo;offres :&nbsp;<\/b><\/p>\n<ul>\n<li>1 Forfait de r\u00e9vision v\u00e9lo classique, \u00e9lectrique ou cargo toutes marques,&nbsp;<\/li>\n<li>R\u00e9servation sur notre site ICI pour un RDV effectu\u00e9 jusqu&rsquo;au 17.01.2025 inclus (selon places disponibles),<\/li>\n<li>Le code \u00ab\u00a0<b>ATELIER20&Prime; doit \u00eatre donn\u00e9 \u00e0 notre atelier le jour du d\u00e9p\u00f4t du v\u00e9lo,<\/b><\/li>\n<li>Un Bon d&rsquo;achat de 20 % du total de la facture OFFERT incluant : 1 forfait r\u00e9vision (pi\u00e8ces et main d\u2019\u0153uvre inclus) (hors articles, accessoires ou autres services achet\u00e9s en boutique).<\/li>\n<li>Le Bon d&rsquo;achat sera valable pendant 1 mois dans tous les magasins CYCLES BLAIN \u00e0 partir du jour du paiement de la r\u00e9vision&nbsp;(hors promotions en cours).<\/li>\n<\/ul>\t\t\t\t\t\t\t\t<\/div>\n\t\t\t\t<\/div>\n\t\t\t\t<div class=\"elementor-element elementor-element-826681e elementor-align-center elementor-widget elementor-widget-button\" data-id=\"826681e\" data-element_type=\"widget\" data-e-type=\"widget\" data-widget_type=\"button.default\">\n\t\t\t\t<div class=\"elementor-widget-container\">\n\t\t\t\t\t\t\t\t\t<div class=\"elementor-button-wrapper\">\n\t\t\t\t\t<a class=\"elementor-button elementor-button-link elementor-size-sm\" href=\"https:\/\/www.cycles-blain.com\/content\/19-rdv-atelier-velo\">\n\t\t\t\t\t\t<span class=\"elementor-button-content-wrapper\">\n\t\t\t\t\t\t<span class=\"elementor-button-icon\">\n\t\t\t\t<i aria-hidden=\"true\" class=\"fas fa-calendar-check\"><\/i>\t\t\t<\/span>\n\t\t\t\t\t\t\t\t\t<span class=\"elementor-button-text\">Je prends RDV<\/span>\n\t\t\t\t\t<\/span>\n\t\t\t\t\t<\/a>\n\t\t\t\t<\/div>\n\t\t\t\t\t\t\t\t<\/div>\n\t\t\t\t<\/div>\n\t\t\t\t<div class=\"elementor-element elementor-element-028c2df elementor-widget elementor-widget-heading\" data-id=\"028c2df\" data-element_type=\"widget\" data-e-type=\"widget\" data-widget_type=\"heading.default\">\n\t\t\t\t<div class=\"elementor-widget-container\">\n\t\t\t\t\t<h2 class=\"elementor-heading-title elementor-size-default\">Les forfaits r\u00e9vision v\u00e9lo<\/h2>\t\t\t\t<\/div>\n\t\t\t\t<\/div>\n\t\t\t\t\t<\/div>\n\t\t\t\t<\/div>\n\t\t<div class=\"elementor-element elementor-element-584f62f e-flex e-con-boxed e-con e-parent\" data-id=\"584f62f\" data-element_type=\"container\" data-e-type=\"container\">\n\t\t\t\t\t<div class=\"e-con-inner\">\n\t\t\t\t<div class=\"elementor-element elementor-element-f959a50 elementor-widget elementor-widget-text-editor\" data-id=\"f959a50\" data-element_type=\"widget\" data-e-type=\"widget\" data-widget_type=\"text-editor.default\">\n\t\t\t\t<div class=\"elementor-widget-container\">\n\t\t\t\t\t\t\t\t\t<p>La p\u00e9riode hivernale est souvent le bon moment pour faire la r\u00e9vision de son v\u00e9lo \u00e9lectrique ou musculaire. Nos 10 Ateliers de r\u00e9vision et d&rsquo;entretien v\u00e9lo <b>toutes marques <\/b>sur Lyon vous proposent diff\u00e9rents forfaits de r\u00e9vision v\u00e9lo :&nbsp;<\/p>\n<ul>\n<li>Forfait r\u00e9vision v\u00e9lo classique&nbsp;<b>INDISPENSABLE<\/b>: <b>55\u20ac<\/b><\/li>\n<li>Forfait r\u00e9vision v\u00e9lo classique&nbsp;<b>COMPLETE : 75\u20ac<\/b><\/li>\n<li>Forfait r\u00e9vision v\u00e9lo <b>\u00e9lectrique INDISPENSABLE : 65 \u20ac<\/b><\/li>\n<li>Forfait r\u00e9vision v\u00e9lo <b>\u00e9lectrique COMPLETE : 85 \u20ac<\/b><\/li>\n<li>Forfait r\u00e9vision v\u00e9lo<b> CARGO et LONGTAIL : 90 \u20ac<\/b><\/li>\n<\/ul>\t\t\t\t\t\t\t\t<\/div>\n\t\t\t\t<\/div>\n\t\t\t\t<div class=\"elementor-element elementor-element-b4eaefc elementor-align-center elementor-widget elementor-widget-button\" data-id=\"b4eaefc\" data-element_type=\"widget\" data-e-type=\"widget\" data-widget_type=\"button.default\">\n\t\t\t\t<div class=\"elementor-widget-container\">\n\t\t\t\t\t\t\t\t\t<div class=\"elementor-button-wrapper\">\n\t\t\t\t\t<a class=\"elementor-button elementor-button-link elementor-size-sm\" href=\"https:\/\/www.cycles-blain.com\/content\/19-rdv-atelier-velo\">\n\t\t\t\t\t\t<span class=\"elementor-button-content-wrapper\">\n\t\t\t\t\t\t<span class=\"elementor-button-icon\">\n\t\t\t\t<i aria-hidden=\"true\" class=\"fas fa-calendar-check\"><\/i>\t\t\t<\/span>\n\t\t\t\t\t\t\t\t\t<span class=\"elementor-button-text\">Je prends RDV<\/span>\n\t\t\t\t\t<\/span>\n\t\t\t\t\t<\/a>\n\t\t\t\t<\/div>\n\t\t\t\t\t\t\t\t<\/div>\n\t\t\t\t<\/div>\n\t\t\t\t\t<\/div>\n\t\t\t\t<\/div>\n\t\t<div class=\"elementor-element elementor-element-a068848 e-flex e-con-boxed e-con e-parent\" data-id=\"a068848\" data-element_type=\"container\" data-e-type=\"container\">\n\t\t\t\t\t<div class=\"e-con-inner\">\n\t\t\t\t<div class=\"elementor-element elementor-element-4234405 elementor-widget elementor-widget-image\" data-id=\"4234405\" data-element_type=\"widget\" data-e-type=\"widget\" data-widget_type=\"image.default\">\n\t\t\t\t<div class=\"elementor-widget-container\">\n\t\t\t\t\t\t\t\t\t\t\t\t\t\t\t\t<a href=\"https:\/\/www.cycles-blain.com\/content\/19-rdv-atelier-velo\" target=\"_blank\">\n\t\t\t\t\t\t\t<img fetchpriority=\"high\" decoding=\"async\" width=\"1024\" height=\"725\" src=\"https:\/\/www.cycles-blain.com\/fr\/wp-content\/uploads\/2024\/12\/forfait-revision-velo-atelier-lyon-1024x725.png\" class=\"attachment-large size-large wp-image-11329\" alt=\"Forfait r\u00e9vision v\u00e9lo atelier lyon CYCLES BLAIN\" srcset=\"https:\/\/www.cycles-blain.com\/fr\/wp-content\/uploads\/2024\/12\/forfait-revision-velo-atelier-lyon-1024x725.png 1024w, https:\/\/www.cycles-blain.com\/fr\/wp-content\/uploads\/2024\/12\/forfait-revision-velo-atelier-lyon-300x212.png 300w, https:\/\/www.cycles-blain.com\/fr\/wp-content\/uploads\/2024\/12\/forfait-revision-velo-atelier-lyon-768x544.png 768w, https:\/\/www.cycles-blain.com\/fr\/wp-content\/uploads\/2024\/12\/forfait-revision-velo-atelier-lyon.png 1201w\" sizes=\"(max-width: 1024px) 100vw, 1024px\" \/>\t\t\t\t\t\t\t\t<\/a>\n\t\t\t\t\t\t\t\t\t\t\t\t\t\t\t<\/div>\n\t\t\t\t<\/div>\n\t\t\t\t<div class=\"elementor-element elementor-element-6daa1f1 elementor-align-center elementor-widget elementor-widget-button\" data-id=\"6daa1f1\" data-element_type=\"widget\" data-e-type=\"widget\" data-widget_type=\"button.default\">\n\t\t\t\t<div class=\"elementor-widget-container\">\n\t\t\t\t\t\t\t\t\t<div class=\"elementor-button-wrapper\">\n\t\t\t\t\t<a class=\"elementor-button elementor-button-link elementor-size-sm\" href=\"https:\/\/www.cycles-blain.com\/content\/19-rdv-atelier-velo\">\n\t\t\t\t\t\t<span class=\"elementor-button-content-wrapper\">\n\t\t\t\t\t\t<span class=\"elementor-button-icon\">\n\t\t\t\t<i aria-hidden=\"true\" class=\"fas fa-calendar-check\"><\/i>\t\t\t<\/span>\n\t\t\t\t\t\t\t\t\t<span class=\"elementor-button-text\">Je prends RDV<\/span>\n\t\t\t\t\t<\/span>\n\t\t\t\t\t<\/a>\n\t\t\t\t<\/div>\n\t\t\t\t\t\t\t\t<\/div>\n\t\t\t\t<\/div>\n\t\t\t\t\t<\/div>\n\t\t\t\t<\/div>\n\t\t<div class=\"elementor-element elementor-element-b863d87 e-flex e-con-boxed e-con e-parent\" data-id=\"b863d87\" data-element_type=\"container\" data-e-type=\"container\">\n\t\t\t\t\t<div class=\"e-con-inner\">\n\t\t\t\t<div class=\"elementor-element elementor-element-96289d6 elementor-widget elementor-widget-text-editor\" data-id=\"96289d6\" data-element_type=\"widget\" data-e-type=\"widget\" data-widget_type=\"text-editor.default\">\n\t\t\t\t<div class=\"elementor-widget-container\">\n\t\t\t\t\t\t\t\t\t<ul><li><a href=\"https:\/\/www.cycles-blain.com\/content\/category\/3-atelier-reparation-velo\" target=\"_blank\" rel=\"noopener\">Trouvez les adresses de nos 10 Ateliers v\u00e9los sur Lyon<\/a>,<\/li><\/ul>\t\t\t\t\t\t\t\t<\/div>\n\t\t\t\t<\/div>\n\t\t\t\t\t<\/div>\n\t\t\t\t<\/div>\n\t\t\t\t<\/div>\n\t\t","protected":false},"excerpt":{"rendered":"<p>Promotion Atelier v\u00e9lo du 18 D\u00e9cembre 2024 au 17 Janvier 2025 au  : 20 % de bon d&rsquo;achat offert pour un forfait r\u00e9vision v\u00e9lo dans les ateliers Cycles Blain sur Lyon&#8230;<\/p>\n","protected":false},"author":1,"featured_media":11320,"comment_status":"open","ping_status":"open","sticky":false,"template":"","format":"standard","meta":{"site-sidebar-layout":"default","site-content-layout":"","ast-site-content-layout":"default","site-content-style":"default","site-sidebar-style":"default","ast-global-header-display":"","ast-banner-title-visibility":"","ast-main-header-display":"","ast-hfb-above-header-display":"","ast-hfb-below-header-display":"","ast-hfb-mobile-header-display":"","site-post-title":"","ast-breadcrumbs-content":"","ast-featured-img":"","footer-sml-layout":"","theme-transparent-header-meta":"","adv-header-id-meta":"","stick-header-meta":"","header-above-stick-meta":"","header-main-stick-meta":"","header-below-stick-meta":"","astra-migrate-meta-layouts":"set","ast-page-background-enabled":"default","ast-page-background-meta":{"desktop":{"background-color":"","background-image":"","background-repeat":"repeat","background-position":"center center","background-size":"auto","background-attachment":"scroll","background-type":"","background-media":"","overlay-type":"","overlay-color":"","overlay-gradient":""},"tablet":{"background-color":"","background-image":"","background-repeat":"repeat","background-position":"center center","background-size":"auto","background-attachment":"scroll","background-type":"","background-media":"","overlay-type":"","overlay-color":"","overlay-gradient":""},"mobile":{"background-color":"","background-image":"","background-repeat":"repeat","background-position":"center center","background-size":"auto","background-attachment":"scroll","background-type":"","background-media":"","overlay-type":"","overlay-color":"","overlay-gradient":""}},"ast-content-background-meta":{"desktop":{"background-color":"var(--ast-global-color-5)","background-image":"","background-repeat":"repeat","background-position":"center center","background-size":"auto","background-attachment":"scroll","background-type":"","background-media":"","overlay-type":"","overlay-color":"","overlay-gradient":""},"tablet":{"background-color":"var(--ast-global-color-5)","background-image":"","background-repeat":"repeat","background-position":"center center","background-size":"auto","background-attachment":"scroll","background-type":"","background-media":"","overlay-type":"","overlay-color":"","overlay-gradient":""},"mobile":{"background-color":"var(--ast-global-color-5)","background-image":"","background-repeat":"repeat","background-position":"center center","background-size":"auto","background-attachment":"scroll","background-type":"","background-media":"","overlay-type":"","overlay-color":"","overlay-gradient":""}},"footnotes":""},"categories":[6,88],"tags":[82,301],"class_list":["post-11319","post","type-post","status-publish","format-standard","has-post-thumbnail","hentry","category-magasins-velo","category-atelier-reparation","tag-atelier-velo","tag-forfait-revision"],"yoast_head":"<!-- This site is optimized with the Yoast SEO plugin v27.5 - https:\/\/yoast.com\/product\/yoast-seo-wordpress\/ -->\n<title>Forfait r\u00e9vision v\u00e9lo : 20% de bon d&#039;achat Offert - CYCLES BLAIN<\/title>\n<meta name=\"description\" content=\"Promotion Atelier v\u00e9lo du 18 D\u00e9c. 2024 au 17 Janv. 2025 : 20 % de bon d&#039;achat offert pour un forfait r\u00e9vision v\u00e9lo en ateliers Cycles Blain\" \/>\n<meta name=\"robots\" content=\"index, follow, max-snippet:-1, max-image-preview:large, max-video-preview:-1\" \/>\n<link rel=\"canonical\" href=\"https:\/\/www.cycles-blain.com\/fr\/atelier-reparation\/promotion-forfait-revision-atelier-velo-1224\/\" \/>\n<meta property=\"og:locale\" content=\"fr_FR\" \/>\n<meta property=\"og:type\" content=\"article\" \/>\n<meta property=\"og:title\" content=\"Forfait r\u00e9vision v\u00e9lo : 20% de bon d&#039;achat Offert - CYCLES BLAIN\" \/>\n<meta property=\"og:description\" content=\"Promotion Atelier v\u00e9lo du 18 D\u00e9c. 2024 au 17 Janv. 2025 : 20 % de bon d&#039;achat offert pour un forfait r\u00e9vision v\u00e9lo en ateliers Cycles Blain\" \/>\n<meta property=\"og:url\" content=\"https:\/\/www.cycles-blain.com\/fr\/atelier-reparation\/promotion-forfait-revision-atelier-velo-1224\/\" \/>\n<meta property=\"og:site_name\" content=\"CyclesBlain - Magasins de v\u00e9los, accessoires et ateliers\" \/>\n<meta property=\"article:publisher\" content=\"https:\/\/www.facebook.com\/cyclesblain\/?locale=fr_FR\" \/>\n<meta property=\"article:published_time\" content=\"2024-12-17T08:06:45+00:00\" \/>\n<meta property=\"article:modified_time\" content=\"2025-01-03T15:29:15+00:00\" \/>\n<meta property=\"og:image\" content=\"https:\/\/www.cycles-blain.com\/fr\/wp-content\/uploads\/2024\/12\/Atelier20-1.jpg\" \/>\n\t<meta property=\"og:image:width\" content=\"600\" \/>\n\t<meta property=\"og:image:height\" content=\"400\" \/>\n\t<meta property=\"og:image:type\" content=\"image\/jpeg\" \/>\n<meta name=\"author\" content=\"Gueweb\" \/>\n<meta name=\"twitter:card\" content=\"summary_large_image\" \/>\n<meta name=\"twitter:label1\" content=\"\u00c9crit par\" \/>\n\t<meta name=\"twitter:data1\" content=\"Gueweb\" \/>\n\t<meta name=\"twitter:label2\" content=\"Dur\u00e9e de lecture estim\u00e9e\" \/>\n\t<meta name=\"twitter:data2\" content=\"2 minutes\" \/>\n<script type=\"application\/ld+json\" class=\"yoast-schema-graph\">{\"@context\":\"https:\\\/\\\/schema.org\",\"@graph\":[{\"@type\":\"Article\",\"@id\":\"https:\\\/\\\/www.cycles-blain.com\\\/fr\\\/atelier-reparation\\\/promotion-forfait-revision-atelier-velo-1224\\\/#article\",\"isPartOf\":{\"@id\":\"https:\\\/\\\/www.cycles-blain.com\\\/fr\\\/atelier-reparation\\\/promotion-forfait-revision-atelier-velo-1224\\\/\"},\"author\":{\"name\":\"Gueweb\",\"@id\":\"https:\\\/\\\/www.cycles-blain.com\\\/fr\\\/#\\\/schema\\\/person\\\/6fb8bad852fde893fb61b7b05936af37\"},\"headline\":\"Forfait r\u00e9vision v\u00e9lo : 20% de bon d&rsquo;achat Offert\",\"datePublished\":\"2024-12-17T08:06:45+00:00\",\"dateModified\":\"2025-01-03T15:29:15+00:00\",\"mainEntityOfPage\":{\"@id\":\"https:\\\/\\\/www.cycles-blain.com\\\/fr\\\/atelier-reparation\\\/promotion-forfait-revision-atelier-velo-1224\\\/\"},\"wordCount\":300,\"commentCount\":0,\"publisher\":{\"@id\":\"https:\\\/\\\/www.cycles-blain.com\\\/fr\\\/#organization\"},\"image\":{\"@id\":\"https:\\\/\\\/www.cycles-blain.com\\\/fr\\\/atelier-reparation\\\/promotion-forfait-revision-atelier-velo-1224\\\/#primaryimage\"},\"thumbnailUrl\":\"https:\\\/\\\/www.cycles-blain.com\\\/fr\\\/wp-content\\\/uploads\\\/2024\\\/12\\\/Atelier20-1.jpg\",\"keywords\":[\"atelier velo\",\"forfait revision\"],\"articleSection\":[\"Actus Magasins\",\"Atelier\"],\"inLanguage\":\"fr-FR\",\"potentialAction\":[{\"@type\":\"CommentAction\",\"name\":\"Comment\",\"target\":[\"https:\\\/\\\/www.cycles-blain.com\\\/fr\\\/atelier-reparation\\\/promotion-forfait-revision-atelier-velo-1224\\\/#respond\"]}]},{\"@type\":\"WebPage\",\"@id\":\"https:\\\/\\\/www.cycles-blain.com\\\/fr\\\/atelier-reparation\\\/promotion-forfait-revision-atelier-velo-1224\\\/\",\"url\":\"https:\\\/\\\/www.cycles-blain.com\\\/fr\\\/atelier-reparation\\\/promotion-forfait-revision-atelier-velo-1224\\\/\",\"name\":\"Forfait r\u00e9vision v\u00e9lo : 20% de bon d'achat Offert - CYCLES BLAIN\",\"isPartOf\":{\"@id\":\"https:\\\/\\\/www.cycles-blain.com\\\/fr\\\/#website\"},\"primaryImageOfPage\":{\"@id\":\"https:\\\/\\\/www.cycles-blain.com\\\/fr\\\/atelier-reparation\\\/promotion-forfait-revision-atelier-velo-1224\\\/#primaryimage\"},\"image\":{\"@id\":\"https:\\\/\\\/www.cycles-blain.com\\\/fr\\\/atelier-reparation\\\/promotion-forfait-revision-atelier-velo-1224\\\/#primaryimage\"},\"thumbnailUrl\":\"https:\\\/\\\/www.cycles-blain.com\\\/fr\\\/wp-content\\\/uploads\\\/2024\\\/12\\\/Atelier20-1.jpg\",\"datePublished\":\"2024-12-17T08:06:45+00:00\",\"dateModified\":\"2025-01-03T15:29:15+00:00\",\"description\":\"Promotion Atelier v\u00e9lo du 18 D\u00e9c. 2024 au 17 Janv. 2025 : 20 % de bon d'achat offert pour un forfait r\u00e9vision v\u00e9lo en ateliers Cycles Blain\",\"breadcrumb\":{\"@id\":\"https:\\\/\\\/www.cycles-blain.com\\\/fr\\\/atelier-reparation\\\/promotion-forfait-revision-atelier-velo-1224\\\/#breadcrumb\"},\"inLanguage\":\"fr-FR\",\"potentialAction\":[{\"@type\":\"ReadAction\",\"target\":[\"https:\\\/\\\/www.cycles-blain.com\\\/fr\\\/atelier-reparation\\\/promotion-forfait-revision-atelier-velo-1224\\\/\"]}]},{\"@type\":\"ImageObject\",\"inLanguage\":\"fr-FR\",\"@id\":\"https:\\\/\\\/www.cycles-blain.com\\\/fr\\\/atelier-reparation\\\/promotion-forfait-revision-atelier-velo-1224\\\/#primaryimage\",\"url\":\"https:\\\/\\\/www.cycles-blain.com\\\/fr\\\/wp-content\\\/uploads\\\/2024\\\/12\\\/Atelier20-1.jpg\",\"contentUrl\":\"https:\\\/\\\/www.cycles-blain.com\\\/fr\\\/wp-content\\\/uploads\\\/2024\\\/12\\\/Atelier20-1.jpg\",\"width\":600,\"height\":400,\"caption\":\"Promotion Atelier velo decembre 2024\"},{\"@type\":\"BreadcrumbList\",\"@id\":\"https:\\\/\\\/www.cycles-blain.com\\\/fr\\\/atelier-reparation\\\/promotion-forfait-revision-atelier-velo-1224\\\/#breadcrumb\",\"itemListElement\":[{\"@type\":\"ListItem\",\"position\":1,\"name\":\"Accueil\",\"item\":\"https:\\\/\\\/www.cycles-blain.com\\\/fr\\\/\"},{\"@type\":\"ListItem\",\"position\":2,\"name\":\"Forfait r\u00e9vision v\u00e9lo : 20% de bon d&rsquo;achat Offert\"}]},{\"@type\":\"WebSite\",\"@id\":\"https:\\\/\\\/www.cycles-blain.com\\\/fr\\\/#website\",\"url\":\"https:\\\/\\\/www.cycles-blain.com\\\/fr\\\/\",\"name\":\"CyclesBlain - Magasins de v\u00e9los, accessoires et ateliers\",\"description\":\"Blog Cycles Blain\",\"publisher\":{\"@id\":\"https:\\\/\\\/www.cycles-blain.com\\\/fr\\\/#organization\"},\"potentialAction\":[{\"@type\":\"SearchAction\",\"target\":{\"@type\":\"EntryPoint\",\"urlTemplate\":\"https:\\\/\\\/www.cycles-blain.com\\\/fr\\\/?s={search_term_string}\"},\"query-input\":{\"@type\":\"PropertyValueSpecification\",\"valueRequired\":true,\"valueName\":\"search_term_string\"}}],\"inLanguage\":\"fr-FR\"},{\"@type\":\"Organization\",\"@id\":\"https:\\\/\\\/www.cycles-blain.com\\\/fr\\\/#organization\",\"name\":\"CyclesBlain - Magasins de v\u00e9los, accessoires et ateliers\",\"url\":\"https:\\\/\\\/www.cycles-blain.com\\\/fr\\\/\",\"logo\":{\"@type\":\"ImageObject\",\"inLanguage\":\"fr-FR\",\"@id\":\"https:\\\/\\\/www.cycles-blain.com\\\/fr\\\/#\\\/schema\\\/logo\\\/image\\\/\",\"url\":\"https:\\\/\\\/www.cycles-blain.com\\\/fr\\\/wp-content\\\/uploads\\\/2023\\\/10\\\/logo-cycles-blain.jpeg\",\"contentUrl\":\"https:\\\/\\\/www.cycles-blain.com\\\/fr\\\/wp-content\\\/uploads\\\/2023\\\/10\\\/logo-cycles-blain.jpeg\",\"width\":264,\"height\":191,\"caption\":\"CyclesBlain - Magasins de v\u00e9los, accessoires et ateliers\"},\"image\":{\"@id\":\"https:\\\/\\\/www.cycles-blain.com\\\/fr\\\/#\\\/schema\\\/logo\\\/image\\\/\"},\"sameAs\":[\"https:\\\/\\\/www.facebook.com\\\/cyclesblain\\\/?locale=fr_FR\",\"https:\\\/\\\/www.instagram.com\\\/cycles_blain\\\/?hl=fr\"]},{\"@type\":\"Person\",\"@id\":\"https:\\\/\\\/www.cycles-blain.com\\\/fr\\\/#\\\/schema\\\/person\\\/6fb8bad852fde893fb61b7b05936af37\",\"name\":\"Gueweb\",\"image\":{\"@type\":\"ImageObject\",\"inLanguage\":\"fr-FR\",\"@id\":\"https:\\\/\\\/secure.gravatar.com\\\/avatar\\\/52550bc594eb074508114b963209b157358b27e5a0319de1bb723df3f760ca2d?s=96&d=mm&r=g\",\"url\":\"https:\\\/\\\/secure.gravatar.com\\\/avatar\\\/52550bc594eb074508114b963209b157358b27e5a0319de1bb723df3f760ca2d?s=96&d=mm&r=g\",\"contentUrl\":\"https:\\\/\\\/secure.gravatar.com\\\/avatar\\\/52550bc594eb074508114b963209b157358b27e5a0319de1bb723df3f760ca2d?s=96&d=mm&r=g\",\"caption\":\"Gueweb\"},\"sameAs\":[\"https:\\\/\\\/www.cycles-blain.com\\\/\\\/fr\"],\"url\":\"https:\\\/\\\/www.cycles-blain.com\\\/fr\\\/author\\\/gueweb\\\/\"}]}<\/script>\n<!-- \/ Yoast SEO plugin. -->","yoast_head_json":{"title":"Forfait r\u00e9vision v\u00e9lo : 20% de bon d'achat Offert - CYCLES BLAIN","description":"Promotion Atelier v\u00e9lo du 18 D\u00e9c. 2024 au 17 Janv. 2025 : 20 % de bon d'achat offert pour un forfait r\u00e9vision v\u00e9lo en ateliers Cycles Blain","robots":{"index":"index","follow":"follow","max-snippet":"max-snippet:-1","max-image-preview":"max-image-preview:large","max-video-preview":"max-video-preview:-1"},"canonical":"https:\/\/www.cycles-blain.com\/fr\/atelier-reparation\/promotion-forfait-revision-atelier-velo-1224\/","og_locale":"fr_FR","og_type":"article","og_title":"Forfait r\u00e9vision v\u00e9lo : 20% de bon d'achat Offert - CYCLES BLAIN","og_description":"Promotion Atelier v\u00e9lo du 18 D\u00e9c. 2024 au 17 Janv. 2025 : 20 % de bon d'achat offert pour un forfait r\u00e9vision v\u00e9lo en ateliers Cycles Blain","og_url":"https:\/\/www.cycles-blain.com\/fr\/atelier-reparation\/promotion-forfait-revision-atelier-velo-1224\/","og_site_name":"CyclesBlain - Magasins de v\u00e9los, accessoires et ateliers","article_publisher":"https:\/\/www.facebook.com\/cyclesblain\/?locale=fr_FR","article_published_time":"2024-12-17T08:06:45+00:00","article_modified_time":"2025-01-03T15:29:15+00:00","og_image":[{"width":600,"height":400,"url":"https:\/\/www.cycles-blain.com\/fr\/wp-content\/uploads\/2024\/12\/Atelier20-1.jpg","type":"image\/jpeg"}],"author":"Gueweb","twitter_card":"summary_large_image","twitter_misc":{"\u00c9crit par":"Gueweb","Dur\u00e9e de lecture estim\u00e9e":"2 minutes"},"schema":{"@context":"https:\/\/schema.org","@graph":[{"@type":"Article","@id":"https:\/\/www.cycles-blain.com\/fr\/atelier-reparation\/promotion-forfait-revision-atelier-velo-1224\/#article","isPartOf":{"@id":"https:\/\/www.cycles-blain.com\/fr\/atelier-reparation\/promotion-forfait-revision-atelier-velo-1224\/"},"author":{"name":"Gueweb","@id":"https:\/\/www.cycles-blain.com\/fr\/#\/schema\/person\/6fb8bad852fde893fb61b7b05936af37"},"headline":"Forfait r\u00e9vision v\u00e9lo : 20% de bon d&rsquo;achat Offert","datePublished":"2024-12-17T08:06:45+00:00","dateModified":"2025-01-03T15:29:15+00:00","mainEntityOfPage":{"@id":"https:\/\/www.cycles-blain.com\/fr\/atelier-reparation\/promotion-forfait-revision-atelier-velo-1224\/"},"wordCount":300,"commentCount":0,"publisher":{"@id":"https:\/\/www.cycles-blain.com\/fr\/#organization"},"image":{"@id":"https:\/\/www.cycles-blain.com\/fr\/atelier-reparation\/promotion-forfait-revision-atelier-velo-1224\/#primaryimage"},"thumbnailUrl":"https:\/\/www.cycles-blain.com\/fr\/wp-content\/uploads\/2024\/12\/Atelier20-1.jpg","keywords":["atelier velo","forfait revision"],"articleSection":["Actus Magasins","Atelier"],"inLanguage":"fr-FR","potentialAction":[{"@type":"CommentAction","name":"Comment","target":["https:\/\/www.cycles-blain.com\/fr\/atelier-reparation\/promotion-forfait-revision-atelier-velo-1224\/#respond"]}]},{"@type":"WebPage","@id":"https:\/\/www.cycles-blain.com\/fr\/atelier-reparation\/promotion-forfait-revision-atelier-velo-1224\/","url":"https:\/\/www.cycles-blain.com\/fr\/atelier-reparation\/promotion-forfait-revision-atelier-velo-1224\/","name":"Forfait r\u00e9vision v\u00e9lo : 20% de bon d'achat Offert - CYCLES BLAIN","isPartOf":{"@id":"https:\/\/www.cycles-blain.com\/fr\/#website"},"primaryImageOfPage":{"@id":"https:\/\/www.cycles-blain.com\/fr\/atelier-reparation\/promotion-forfait-revision-atelier-velo-1224\/#primaryimage"},"image":{"@id":"https:\/\/www.cycles-blain.com\/fr\/atelier-reparation\/promotion-forfait-revision-atelier-velo-1224\/#primaryimage"},"thumbnailUrl":"https:\/\/www.cycles-blain.com\/fr\/wp-content\/uploads\/2024\/12\/Atelier20-1.jpg","datePublished":"2024-12-17T08:06:45+00:00","dateModified":"2025-01-03T15:29:15+00:00","description":"Promotion Atelier v\u00e9lo du 18 D\u00e9c. 2024 au 17 Janv. 2025 : 20 % de bon d'achat offert pour un forfait r\u00e9vision v\u00e9lo en ateliers Cycles Blain","breadcrumb":{"@id":"https:\/\/www.cycles-blain.com\/fr\/atelier-reparation\/promotion-forfait-revision-atelier-velo-1224\/#breadcrumb"},"inLanguage":"fr-FR","potentialAction":[{"@type":"ReadAction","target":["https:\/\/www.cycles-blain.com\/fr\/atelier-reparation\/promotion-forfait-revision-atelier-velo-1224\/"]}]},{"@type":"ImageObject","inLanguage":"fr-FR","@id":"https:\/\/www.cycles-blain.com\/fr\/atelier-reparation\/promotion-forfait-revision-atelier-velo-1224\/#primaryimage","url":"https:\/\/www.cycles-blain.com\/fr\/wp-content\/uploads\/2024\/12\/Atelier20-1.jpg","contentUrl":"https:\/\/www.cycles-blain.com\/fr\/wp-content\/uploads\/2024\/12\/Atelier20-1.jpg","width":600,"height":400,"caption":"Promotion Atelier velo decembre 2024"},{"@type":"BreadcrumbList","@id":"https:\/\/www.cycles-blain.com\/fr\/atelier-reparation\/promotion-forfait-revision-atelier-velo-1224\/#breadcrumb","itemListElement":[{"@type":"ListItem","position":1,"name":"Accueil","item":"https:\/\/www.cycles-blain.com\/fr\/"},{"@type":"ListItem","position":2,"name":"Forfait r\u00e9vision v\u00e9lo : 20% de bon d&rsquo;achat Offert"}]},{"@type":"WebSite","@id":"https:\/\/www.cycles-blain.com\/fr\/#website","url":"https:\/\/www.cycles-blain.com\/fr\/","name":"CyclesBlain - Magasins de v\u00e9los, accessoires et ateliers","description":"Blog Cycles Blain","publisher":{"@id":"https:\/\/www.cycles-blain.com\/fr\/#organization"},"potentialAction":[{"@type":"SearchAction","target":{"@type":"EntryPoint","urlTemplate":"https:\/\/www.cycles-blain.com\/fr\/?s={search_term_string}"},"query-input":{"@type":"PropertyValueSpecification","valueRequired":true,"valueName":"search_term_string"}}],"inLanguage":"fr-FR"},{"@type":"Organization","@id":"https:\/\/www.cycles-blain.com\/fr\/#organization","name":"CyclesBlain - Magasins de v\u00e9los, accessoires et ateliers","url":"https:\/\/www.cycles-blain.com\/fr\/","logo":{"@type":"ImageObject","inLanguage":"fr-FR","@id":"https:\/\/www.cycles-blain.com\/fr\/#\/schema\/logo\/image\/","url":"https:\/\/www.cycles-blain.com\/fr\/wp-content\/uploads\/2023\/10\/logo-cycles-blain.jpeg","contentUrl":"https:\/\/www.cycles-blain.com\/fr\/wp-content\/uploads\/2023\/10\/logo-cycles-blain.jpeg","width":264,"height":191,"caption":"CyclesBlain - Magasins de v\u00e9los, accessoires et ateliers"},"image":{"@id":"https:\/\/www.cycles-blain.com\/fr\/#\/schema\/logo\/image\/"},"sameAs":["https:\/\/www.facebook.com\/cyclesblain\/?locale=fr_FR","https:\/\/www.instagram.com\/cycles_blain\/?hl=fr"]},{"@type":"Person","@id":"https:\/\/www.cycles-blain.com\/fr\/#\/schema\/person\/6fb8bad852fde893fb61b7b05936af37","name":"Gueweb","image":{"@type":"ImageObject","inLanguage":"fr-FR","@id":"https:\/\/secure.gravatar.com\/avatar\/52550bc594eb074508114b963209b157358b27e5a0319de1bb723df3f760ca2d?s=96&d=mm&r=g","url":"https:\/\/secure.gravatar.com\/avatar\/52550bc594eb074508114b963209b157358b27e5a0319de1bb723df3f760ca2d?s=96&d=mm&r=g","contentUrl":"https:\/\/secure.gravatar.com\/avatar\/52550bc594eb074508114b963209b157358b27e5a0319de1bb723df3f760ca2d?s=96&d=mm&r=g","caption":"Gueweb"},"sameAs":["https:\/\/www.cycles-blain.com\/\/fr"],"url":"https:\/\/www.cycles-blain.com\/fr\/author\/gueweb\/"}]}},"_links":{"self":[{"href":"https:\/\/www.cycles-blain.com\/fr\/wp-json\/wp\/v2\/posts\/11319","targetHints":{"allow":["GET"]}}],"collection":[{"href":"https:\/\/www.cycles-blain.com\/fr\/wp-json\/wp\/v2\/posts"}],"about":[{"href":"https:\/\/www.cycles-blain.com\/fr\/wp-json\/wp\/v2\/types\/post"}],"author":[{"embeddable":true,"href":"https:\/\/www.cycles-blain.com\/fr\/wp-json\/wp\/v2\/users\/1"}],"replies":[{"embeddable":true,"href":"https:\/\/www.cycles-blain.com\/fr\/wp-json\/wp\/v2\/comments?post=11319"}],"version-history":[{"count":36,"href":"https:\/\/www.cycles-blain.com\/fr\/wp-json\/wp\/v2\/posts\/11319\/revisions"}],"predecessor-version":[{"id":11617,"href":"https:\/\/www.cycles-blain.com\/fr\/wp-json\/wp\/v2\/posts\/11319\/revisions\/11617"}],"wp:featuredmedia":[{"embeddable":true,"href":"https:\/\/www.cycles-blain.com\/fr\/wp-json\/wp\/v2\/media\/11320"}],"wp:attachment":[{"href":"https:\/\/www.cycles-blain.com\/fr\/wp-json\/wp\/v2\/media?parent=11319"}],"wp:term":[{"taxonomy":"category","embeddable":true,"href":"https:\/\/www.cycles-blain.com\/fr\/wp-json\/wp\/v2\/categories?post=11319"},{"taxonomy":"post_tag","embeddable":true,"href":"https:\/\/www.cycles-blain.com\/fr\/wp-json\/wp\/v2\/tags?post=11319"}],"curies":[{"name":"wp","href":"https:\/\/api.w.org\/{rel}","templated":true}]}}