{"id":11833,"date":"2025-01-17T14:53:07","date_gmt":"2025-01-17T13:53:07","guid":{"rendered":"https:\/\/www.cycles-blain.com\/fr\/?p=11833"},"modified":"2025-01-21T10:50:15","modified_gmt":"2025-01-21T09:50:15","slug":"velo-champagne-au-mont-dor-ecully","status":"publish","type":"post","link":"https:\/\/www.cycles-blain.com\/fr\/magasins-velo\/magasin-ecully\/velo-champagne-au-mont-dor-ecully\/","title":{"rendered":"Le v\u00e9lo \u00e0 Champagne au Mont d&rsquo;Or &amp; ses alentours"},"content":{"rendered":"\t\t<div data-elementor-type=\"wp-post\" data-elementor-id=\"11833\" class=\"elementor elementor-11833\" data-elementor-post-type=\"post\">\n\t\t\t\t<div class=\"elementor-element elementor-element-17b7916 e-flex e-con-boxed e-con e-parent\" data-id=\"17b7916\" data-element_type=\"container\" data-e-type=\"container\">\n\t\t\t\t\t<div class=\"e-con-inner\">\n\t\t\t\t<div class=\"elementor-element elementor-element-aaef2da elementor-widget elementor-widget-text-editor\" data-id=\"aaef2da\" data-element_type=\"widget\" data-e-type=\"widget\" data-widget_type=\"text-editor.default\">\n\t\t\t\t<div class=\"elementor-widget-container\">\n\t\t\t\t\t\t\t\t\t<p><i><b>Guide Tourisme, Loisirs et Sport CYCLES BLAIN<\/b> : D\u00e9couvrons le v\u00e9lo autour de Champagne au Mont d&rsquo;Or, La Tour de Salvagny, Limonest et Saint Cyr au Mont d&rsquo;Or situ\u00e9 \u00e0 quelques minutes du magasins de v\u00e9lo CYCLES BLAIN d&rsquo;Ecully.<\/i><\/p>\t\t\t\t\t\t\t\t<\/div>\n\t\t\t\t<\/div>\n\t\t\t\t\t<\/div>\n\t\t\t\t<\/div>\n\t\t<div class=\"elementor-element elementor-element-4c1ee94 e-flex e-con-boxed e-con e-parent\" data-id=\"4c1ee94\" data-element_type=\"container\" data-e-type=\"container\">\n\t\t\t\t\t<div class=\"e-con-inner\">\n\t\t\t\t<div class=\"elementor-element elementor-element-040a55b elementor-widget elementor-widget-heading\" data-id=\"040a55b\" data-element_type=\"widget\" data-e-type=\"widget\" data-widget_type=\"heading.default\">\n\t\t\t\t<div class=\"elementor-widget-container\">\n\t\t\t\t\t<h3 class=\"elementor-heading-title elementor-size-default\">Champagne au Mont d'Or : ville verte \u00e0 deux pas de Lyon et d'Ecully<\/h3>\t\t\t\t<\/div>\n\t\t\t\t<\/div>\n\t\t\t\t\t<\/div>\n\t\t\t\t<\/div>\n\t\t<div class=\"elementor-element elementor-element-a5bebc9 e-flex e-con-boxed e-con e-parent\" data-id=\"a5bebc9\" data-element_type=\"container\" data-e-type=\"container\">\n\t\t\t\t\t<div class=\"e-con-inner\">\n\t\t\t\t<div class=\"elementor-element elementor-element-ae7f20a elementor-widget elementor-widget-text-editor\" data-id=\"ae7f20a\" data-element_type=\"widget\" data-e-type=\"widget\" data-widget_type=\"text-editor.default\">\n\t\t\t\t<div class=\"elementor-widget-container\">\n\t\t\t\t\t\t\t\t\t<p>La ville de Champagne au Mont d&rsquo;Or est situ\u00e9e \u00e0 quelques minutes du&nbsp;<a href=\"https:\/\/www.cycles-blain.com\/content\/16-magasin-velos-ecully\" target=\"_blank\" rel=\"noopener\">magasin de v\u00e9los CYCLES BLAIN d&rsquo;Ecully<\/a>. Vous \u00eates nombreux(ses) \u00e0 venir de cette ville et \u00e0 d\u00e9couvrir ses environs \u00e0 v\u00e9lo :<br><span style=\"font-style: inherit; font-weight: inherit; text-align: var(--text-align); background-color: var(--ast-global-color-5); color: var(--ast-global-color-2);\"><br>Champagne au Mont d\u2019Or est une commune voisine du 9e arrondissement de Lyon et d&rsquo;Ecully, qui compte pr\u00e8s de 6 000 habitants (les Champenois) :&nbsp;<\/span><\/p>\n<ul>\n<li>\n<p>Champagne&nbsp;<span style=\"font-style: inherit; font-weight: inherit; text-align: var(--text-align); background-color: var(--ast-global-color-5); color: var(--ast-global-color-2);\">au Mont d\u2019Or&nbsp;<\/span><span style=\"font-style: inherit; font-weight: inherit; text-align: var(--text-align); background-color: var(--ast-global-color-5); color: var(--ast-global-color-2);\">est situ\u00e9e \u00e0 moins de 10 minutes du centre de la ville de Lyon dans le Rh\u00f4ne (69) : Le sentier de Rochecardon est un lieu de verdure r\u00e9put\u00e9 pour se d\u00e9tendre. Les Monts d\u2019Or sont souvent qualifi\u00e9s de poumon vert de Lyon.&nbsp;<\/span><span style=\"font-style: inherit; font-weight: inherit; text-align: var(--text-align); background-color: var(--ast-global-color-5); color: var(--ast-global-color-2);\">Champagne et d\u2019autres communes, dans le cadre du Syndicat Mixte Plaines Monts d\u2019Or, ont r\u00e9actualis\u00e9 le sentier p\u00e9dagogique de Rochecardon.&nbsp;<\/span><span style=\"font-style: inherit; font-weight: inherit; text-align: var(--text-align); background-color: var(--ast-global-color-5); color: var(--ast-global-color-2);\">Champagne au Mont d&rsquo;or est aussi une ville dont l&rsquo;histoire remonte \u00e0 l&rsquo;\u00e9poque Romaine.&nbsp;<\/span><a style=\"font-style: inherit; font-weight: inherit; text-align: var(--text-align);\" href=\"https:\/\/www.mairiedechampagne.fr\/ma-ville\/champagne-au-mont-dor\/histoire\/\" target=\"_blank\" rel=\"noopener\">(En Savoir plus)<\/a><span style=\"font-style: inherit; font-weight: inherit; text-align: var(--text-align); background-color: var(--ast-global-color-5); color: var(--ast-global-color-2);\">,<\/span><\/p>\n<\/li>\n<\/ul>\t\t\t\t\t\t\t\t<\/div>\n\t\t\t\t<\/div>\n\t\t\t\t<div class=\"elementor-element elementor-element-8410575 elementor-widget elementor-widget-image\" data-id=\"8410575\" data-element_type=\"widget\" data-e-type=\"widget\" data-widget_type=\"image.default\">\n\t\t\t\t<div class=\"elementor-widget-container\">\n\t\t\t\t\t\t\t\t\t\t\t\t\t\t\t<img fetchpriority=\"high\" decoding=\"async\" width=\"600\" height=\"312\" src=\"https:\/\/www.cycles-blain.com\/fr\/wp-content\/uploads\/2025\/01\/Rochecardon.jpg\" class=\"attachment-large size-large wp-image-11916\" alt=\"Rochecardon\" srcset=\"https:\/\/www.cycles-blain.com\/fr\/wp-content\/uploads\/2025\/01\/Rochecardon.jpg 600w, https:\/\/www.cycles-blain.com\/fr\/wp-content\/uploads\/2025\/01\/Rochecardon-300x156.jpg 300w\" sizes=\"(max-width: 600px) 100vw, 600px\" \/>\t\t\t\t\t\t\t\t\t\t\t\t\t\t\t<\/div>\n\t\t\t\t<\/div>\n\t\t\t\t<div class=\"elementor-element elementor-element-9413ca9 elementor-align-center elementor-widget elementor-widget-button\" data-id=\"9413ca9\" data-element_type=\"widget\" data-e-type=\"widget\" data-widget_type=\"button.default\">\n\t\t\t\t<div class=\"elementor-widget-container\">\n\t\t\t\t\t\t\t\t\t<div class=\"elementor-button-wrapper\">\n\t\t\t\t\t<a class=\"elementor-button elementor-button-link elementor-size-sm\" href=\"https:\/\/www.mairiedechampagne.fr\/proche-de-moi\/environnement-et-cadre-de-vie\/balades\/\" target=\"_blank\">\n\t\t\t\t\t\t<span class=\"elementor-button-content-wrapper\">\n\t\t\t\t\t\t\t\t\t<span class=\"elementor-button-text\">Je d\u00e9couvre le sentier de Rochecardon<\/span>\n\t\t\t\t\t<\/span>\n\t\t\t\t\t<\/a>\n\t\t\t\t<\/div>\n\t\t\t\t\t\t\t\t<\/div>\n\t\t\t\t<\/div>\n\t\t\t\t\t<\/div>\n\t\t\t\t<\/div>\n\t\t<div class=\"elementor-element elementor-element-e9271b2 e-flex e-con-boxed e-con e-parent\" data-id=\"e9271b2\" data-element_type=\"container\" data-e-type=\"container\">\n\t\t\t\t\t<div class=\"e-con-inner\">\n\t\t\t\t<div class=\"elementor-element elementor-element-3286f07 elementor-widget elementor-widget-heading\" data-id=\"3286f07\" data-element_type=\"widget\" data-e-type=\"widget\" data-widget_type=\"heading.default\">\n\t\t\t\t<div class=\"elementor-widget-container\">\n\t\t\t\t\t<h3 class=\"elementor-heading-title elementor-size-default\">Trouvez des sorties v\u00e9lo autour de Champagne au Mont d'or<\/h3>\t\t\t\t<\/div>\n\t\t\t\t<\/div>\n\t\t\t\t\t<\/div>\n\t\t\t\t<\/div>\n\t\t<div class=\"elementor-element elementor-element-0c4d1c3 e-flex e-con-boxed e-con e-parent\" data-id=\"0c4d1c3\" data-element_type=\"container\" data-e-type=\"container\">\n\t\t\t\t\t<div class=\"e-con-inner\">\n\t\t\t\t<div class=\"elementor-element elementor-element-e7bd802 elementor-widget elementor-widget-text-editor\" data-id=\"e7bd802\" data-element_type=\"widget\" data-e-type=\"widget\" data-widget_type=\"text-editor.default\">\n\t\t\t\t<div class=\"elementor-widget-container\">\n\t\t\t\t\t\t\t\t\t<p>Vous pourrez facilement trouver des sorties v\u00e9los \u00e0 Champagne au Mont d&rsquo;Or et ses environs quelque soit votre pratique du v\u00e9lo :\u00a0<\/p><ul><li style=\"list-style-type: none;\"><ul><li>Sorties <b>VTT <\/b>pr\u00e8s de Champagne au Mont d&rsquo;Or sur\u00a0<a href=\"https:\/\/www.komoot.com\/fr-fr\/guide\/1265536\/itineraires-a-velo-de-course-autour-de-champagne-au-mont-d-or\" target=\"_blank\" rel=\"noopener\">Komoot<\/a>,<\/li><li>Randos <b>VTT <\/b>sur Champagne au Mont d&rsquo;Or avec\u00a0<a href=\"https:\/\/www.utagawavtt.com\/search?city=Champagne-au-Mont-d%27Or&amp;w=[4.67960,45.74566,4.89932,45.84536]&amp;q=[1,2,3,4]&amp;k=0&amp;l=all&amp;u=1&amp;aa=25\" target=\"_blank\" rel=\"noopener\">Utagawa VTT<\/a>,<\/li><li style=\"font-size: 14px;\">Des sorties <b>Gravel <\/b>pr\u00e8s de Champagne au Mont d&rsquo;Or\u00a0avec\u00a0<a style=\"transition-property: all;\" href=\"https:\/\/www.komoot.com\/fr-fr\/guide\/3485389\/velo-gravel-autour-de-champagne-au-mont-d-x27-or\" target=\"_blank\" rel=\"noopener\">Komoot<\/a><\/li><li>La <b>Cyclo Sportive<\/b> de La Tour de Salvagny :\u00a0<a href=\"https:\/\/www.salvagny.org\/agenda\/cyclosportive-les-trois-cols-materiel-velo-com\/\" target=\"_blank\" rel=\"noopener\">Les Trois Cols<\/a>,<\/li><li>La Rando <b>VTT <\/b>de la Tour de Salvagny :\u00a0<a href=\"https:\/\/www.salvagny.org\/agenda\/tourelloise-de-vtt\/\" target=\"_blank\" rel=\"noopener\">La Tourelloise<\/a>,<\/li><li>Des itin\u00e9raires de <b>Cyclo Tourisme<\/b> sur\u00a0<a href=\"https:\/\/www.visugpx.com\/les-plus-belles-randonnees\/rhone\/champagne-au-mont-d-or\/?activite=vr\" target=\"_blank\" rel=\"noopener\">VisuGPX<\/a>,<\/li><\/ul><\/li><\/ul>\t\t\t\t\t\t\t\t<\/div>\n\t\t\t\t<\/div>\n\t\t\t\t\t<\/div>\n\t\t\t\t<\/div>\n\t\t<div class=\"elementor-element elementor-element-e26d882 e-flex e-con-boxed e-con e-parent\" data-id=\"e26d882\" data-element_type=\"container\" data-e-type=\"container\">\n\t\t\t\t\t<div class=\"e-con-inner\">\n\t\t\t\t<div class=\"elementor-element elementor-element-6a2cadf elementor-widget elementor-widget-heading\" data-id=\"6a2cadf\" data-element_type=\"widget\" data-e-type=\"widget\" data-widget_type=\"heading.default\">\n\t\t\t\t<div class=\"elementor-widget-container\">\n\t\t\t\t\t<h3 class=\"elementor-heading-title elementor-size-default\">Acheter et entretenir son v\u00e9lo pr\u00e8s de Champagne au Mont d'or<\/h3>\t\t\t\t<\/div>\n\t\t\t\t<\/div>\n\t\t\t\t\t<\/div>\n\t\t\t\t<\/div>\n\t\t<div class=\"elementor-element elementor-element-a40481c e-flex e-con-boxed e-con e-parent\" data-id=\"a40481c\" data-element_type=\"container\" data-e-type=\"container\">\n\t\t\t\t\t<div class=\"e-con-inner\">\n\t\t\t\t<div class=\"elementor-element elementor-element-a14128d elementor-widget elementor-widget-text-editor\" data-id=\"a14128d\" data-element_type=\"widget\" data-e-type=\"widget\" data-widget_type=\"text-editor.default\">\n\t\t\t\t<div class=\"elementor-widget-container\">\n\t\t\t\t\t\t\t\t\t<p><b>Situ\u00e9 \u00e0 7 min en voiture ou \u00e0 9 minutes en v\u00e9lo<\/b> de Champagne Au Mont D&rsquo;or, <b>le magasin de v\u00e9lo CYCLES BLAIN d&rsquo;Ecully<\/b> vous accueille du mardi au samedi pour :\u00a0<\/p><ul><li><a href=\"https:\/\/www.cycles-blain.com\/8-velo-neufs\" target=\"_blank\" rel=\"noopener\"><b>Trouver un v\u00e9lo neuf \u00e9lectrique ou musculaire<\/b><\/a>\u00a0pr\u00e8s de Champagne au Mont d&rsquo;or pour le loisirs, la sport, la comp\u00e9tition que ce soit en route, gravel, vtt, vtc ou urbain,<\/li><li><b><a href=\"https:\/\/www.cycles-blain.com\/content\/5-velo-occasion-reconditionne\" target=\"_blank\" rel=\"noopener\">Trouver un v\u00e9lo d&rsquo;occasion reconditionn\u00e9<\/a>\u00a0<\/b>pr\u00e8s de Champagne au Mont d&rsquo;or,<\/li><li><a href=\"https:\/\/www.cycles-blain.com\/content\/29-atelier-velo-ecully\" target=\"_blank\" rel=\"noopener\"><b>Entretenir ou r\u00e9parer votre v\u00e9lo dans notre atelier v\u00e9lo<\/b><\/a>\u00a0toute marque pr\u00e8s de Champagne au Mont d&rsquo;or<\/li><li><a href=\"https:\/\/www.cycles-blain.com\/content\/3-location-velo\" target=\"_blank\" rel=\"noopener\"><b>Louer votre v\u00e9lo de location pour le tourisme, vtc, route, gravel ou vtt<\/b><\/a>\u00a0pr\u00e8s de Champagne au Mont d&rsquo;Or,<\/li><li><a href=\"https:\/\/www.cycles-blain.com\/content\/4-reprise-velo-lyon\" target=\"_blank\" rel=\"noopener\"><b>Vendre votre v\u00e9lo avec une reprise v\u00e9lo pr\u00e8s de Champagne au Mont d&rsquo;Or<\/b><\/a><\/li><\/ul>\t\t\t\t\t\t\t\t<\/div>\n\t\t\t\t<\/div>\n\t\t\t\t<div class=\"elementor-element elementor-element-fc3caff elementor-widget elementor-widget-image\" data-id=\"fc3caff\" data-element_type=\"widget\" data-e-type=\"widget\" data-widget_type=\"image.default\">\n\t\t\t\t<div class=\"elementor-widget-container\">\n\t\t\t\t\t\t\t\t\t\t\t\t<figure class=\"wp-caption\">\n\t\t\t\t\t\t\t\t\t\t\t<a href=\"https:\/\/www.cycles-blain.com\/content\/16-magasin-velos-ecully\">\n\t\t\t\t\t\t\t<img decoding=\"async\" src=\"https:\/\/www.cycles-blain.com\/img\/cms\/magasins\/magasin-ecully.jpeg\" title=\"\" alt=\"Magasin de v\u00e9lo CYCLES BLAIN ECULLY\" loading=\"lazy\" \/>\t\t\t\t\t\t\t\t<\/a>\n\t\t\t\t\t\t\t\t\t\t\t<figcaption class=\"widget-image-caption wp-caption-text\">Magasin de v\u00e9lo \u00e0 ECULLY<\/figcaption>\n\t\t\t\t\t\t\t\t\t\t<\/figure>\n\t\t\t\t\t\t\t\t\t<\/div>\n\t\t\t\t<\/div>\n\t\t\t\t<div class=\"elementor-element elementor-element-7821adb elementor-align-center elementor-widget elementor-widget-button\" data-id=\"7821adb\" data-element_type=\"widget\" data-e-type=\"widget\" data-widget_type=\"button.default\">\n\t\t\t\t<div class=\"elementor-widget-container\">\n\t\t\t\t\t\t\t\t\t<div class=\"elementor-button-wrapper\">\n\t\t\t\t\t<a class=\"elementor-button elementor-button-link elementor-size-sm\" href=\"https:\/\/www.cycles-blain.com\/content\/16-magasin-velos-ecully\">\n\t\t\t\t\t\t<span class=\"elementor-button-content-wrapper\">\n\t\t\t\t\t\t\t\t\t<span class=\"elementor-button-text\">Je d\u00e9couvre le magasin de v\u00e9lo d'Ecully<\/span>\n\t\t\t\t\t<\/span>\n\t\t\t\t\t<\/a>\n\t\t\t\t<\/div>\n\t\t\t\t\t\t\t\t<\/div>\n\t\t\t\t<\/div>\n\t\t\t\t\t<\/div>\n\t\t\t\t<\/div>\n\t\t<div class=\"elementor-element elementor-element-2b7dd3d e-flex e-con-boxed e-con e-parent\" data-id=\"2b7dd3d\" data-element_type=\"container\" data-e-type=\"container\">\n\t\t\t\t\t<div class=\"e-con-inner\">\n\t\t\t\t<div class=\"elementor-element elementor-element-e2bcfba elementor-widget elementor-widget-image\" data-id=\"e2bcfba\" data-element_type=\"widget\" data-e-type=\"widget\" data-widget_type=\"image.default\">\n\t\t\t\t<div class=\"elementor-widget-container\">\n\t\t\t\t\t\t\t\t\t\t\t\t<figure class=\"wp-caption\">\n\t\t\t\t\t\t\t\t\t\t<img decoding=\"async\" width=\"680\" height=\"518\" src=\"https:\/\/www.cycles-blain.com\/fr\/wp-content\/uploads\/2025\/01\/Capture-decran-2025-01-17-153444.png\" class=\"attachment-large size-large wp-image-11896\" alt=\"Magasin de v\u00e9lo pr\u00e8s de Champagne au Mont d&#039;Or\" srcset=\"https:\/\/www.cycles-blain.com\/fr\/wp-content\/uploads\/2025\/01\/Capture-decran-2025-01-17-153444.png 680w, https:\/\/www.cycles-blain.com\/fr\/wp-content\/uploads\/2025\/01\/Capture-decran-2025-01-17-153444-300x229.png 300w\" sizes=\"(max-width: 680px) 100vw, 680px\" \/>\t\t\t\t\t\t\t\t\t\t\t<figcaption class=\"widget-image-caption wp-caption-text\">Magasin de v\u00e9lo CYCLES BLAIN ECULLY \u00e0 7 Min de Champagne Au Mont d'Or<\/figcaption>\n\t\t\t\t\t\t\t\t\t\t<\/figure>\n\t\t\t\t\t\t\t\t\t<\/div>\n\t\t\t\t<\/div>\n\t\t\t\t\t<\/div>\n\t\t\t\t<\/div>\n\t\t<div class=\"elementor-element elementor-element-fa08e6d e-flex e-con-boxed e-con e-parent\" data-id=\"fa08e6d\" data-element_type=\"container\" data-e-type=\"container\">\n\t\t\t\t\t<div class=\"e-con-inner\">\n\t\t\t\t<div class=\"elementor-element elementor-element-b85eb46 elementor-align-center elementor-widget elementor-widget-button\" data-id=\"b85eb46\" data-element_type=\"widget\" data-e-type=\"widget\" data-widget_type=\"button.default\">\n\t\t\t\t<div class=\"elementor-widget-container\">\n\t\t\t\t\t\t\t\t\t<div class=\"elementor-button-wrapper\">\n\t\t\t\t\t<a class=\"elementor-button elementor-button-link elementor-size-sm\" href=\"https:\/\/www.google.com\/maps\/dir\/Champagne-au-Mont-d&#039;Or,+69410\/2+Rue+du+Collovrier,+69130+%C3%89cully\/@45.7933605,4.775477,15z\/data=!3m1!5s0x47f4ecbca0e518e9:0x9ec545b50f735292!4m13!4m12!1m5!1m1!1s0x47f4eca94654d0ef:0x20a1684e49d88691!2m2!1d4.7870331!2d45.8000896!1m5!1m1!1s0x47f4ed1c11462989:0x3e33199194f32e46!2m2!1d4.7790028!2d45.7898173?hl=fr&#038;entry=ttu&#038;g_ep=EgoyMDI1MDExNC4wIKXMDSoASAFQAw%3D%3D\" target=\"_blank\">\n\t\t\t\t\t\t<span class=\"elementor-button-content-wrapper\">\n\t\t\t\t\t\t\t\t\t<span class=\"elementor-button-text\">Voir l'Itin\u00e9raire depuis Champagne Au Mont d'Or<\/span>\n\t\t\t\t\t<\/span>\n\t\t\t\t\t<\/a>\n\t\t\t\t<\/div>\n\t\t\t\t\t\t\t\t<\/div>\n\t\t\t\t<\/div>\n\t\t\t\t\t<\/div>\n\t\t\t\t<\/div>\n\t\t<div class=\"elementor-element elementor-element-3dcb803 e-flex e-con-boxed e-con e-parent\" data-id=\"3dcb803\" data-element_type=\"container\" data-e-type=\"container\">\n\t\t\t\t\t<div class=\"e-con-inner\">\n\t\t\t\t<div class=\"elementor-element elementor-element-8827add elementor-widget elementor-widget-text-editor\" data-id=\"8827add\" data-element_type=\"widget\" data-e-type=\"widget\" data-widget_type=\"text-editor.default\">\n\t\t\t\t<div class=\"elementor-widget-container\">\n\t\t\t\t\t\t\t\t\t<p>A d\u00e9couvrir aussi :\u00a0<a style=\"text-align: var(--text-align); font-size: 1rem;\" href=\"https:\/\/www.cycles-blain.com\/fr\/magasins-velo\/magasin-ecully\/le-velo-a-pollionnay-magasins\/\" target=\"_blank\" rel=\"noopener\">Le v\u00e9lo \u00e0 Pollionnay<\/a><\/p>\t\t\t\t\t\t\t\t<\/div>\n\t\t\t\t<\/div>\n\t\t\t\t\t<\/div>\n\t\t\t\t<\/div>\n\t\t\t\t<\/div>\n\t\t","protected":false},"excerpt":{"rendered":"<p>Faire du v\u00e9lo autour de Champagne au Mont d&rsquo;or : D\u00e9couvrons les activit\u00e9s v\u00e9los autour de Champagne au Mont d&rsquo;Or, La tour de Salvagny, St Cyr au Mont d&rsquo;Or, Limonest, pr\u00e8s du magasins de v\u00e9los CYCLES BLAIN d&rsquo;Ecully<\/p>\n","protected":false},"author":1,"featured_media":11916,"comment_status":"open","ping_status":"open","sticky":false,"template":"","format":"standard","meta":{"site-sidebar-layout":"default","site-content-layout":"","ast-site-content-layout":"default","site-content-style":"default","site-sidebar-style":"default","ast-global-header-display":"","ast-banner-title-visibility":"","ast-main-header-display":"","ast-hfb-above-header-display":"","ast-hfb-below-header-display":"","ast-hfb-mobile-header-display":"","site-post-title":"","ast-breadcrumbs-content":"","ast-featured-img":"","footer-sml-layout":"","theme-transparent-header-meta":"","adv-header-id-meta":"","stick-header-meta":"","header-above-stick-meta":"","header-main-stick-meta":"","header-below-stick-meta":"","astra-migrate-meta-layouts":"set","ast-page-background-enabled":"default","ast-page-background-meta":{"desktop":{"background-color":"","background-image":"","background-repeat":"repeat","background-position":"center center","background-size":"auto","background-attachment":"scroll","background-type":"","background-media":"","overlay-type":"","overlay-color":"","overlay-gradient":""},"tablet":{"background-color":"","background-image":"","background-repeat":"repeat","background-position":"center center","background-size":"auto","background-attachment":"scroll","background-type":"","background-media":"","overlay-type":"","overlay-color":"","overlay-gradient":""},"mobile":{"background-color":"","background-image":"","background-repeat":"repeat","background-position":"center center","background-size":"auto","background-attachment":"scroll","background-type":"","background-media":"","overlay-type":"","overlay-color":"","overlay-gradient":""}},"ast-content-background-meta":{"desktop":{"background-color":"var(--ast-global-color-5)","background-image":"","background-repeat":"repeat","background-position":"center center","background-size":"auto","background-attachment":"scroll","background-type":"","background-media":"","overlay-type":"","overlay-color":"","overlay-gradient":""},"tablet":{"background-color":"var(--ast-global-color-5)","background-image":"","background-repeat":"repeat","background-position":"center center","background-size":"auto","background-attachment":"scroll","background-type":"","background-media":"","overlay-type":"","overlay-color":"","overlay-gradient":""},"mobile":{"background-color":"var(--ast-global-color-5)","background-image":"","background-repeat":"repeat","background-position":"center center","background-size":"auto","background-attachment":"scroll","background-type":"","background-media":"","overlay-type":"","overlay-color":"","overlay-gradient":""}},"footnotes":""},"categories":[19,79,17,18],"tags":[309,308],"class_list":["post-11833","post","type-post","status-publish","format-standard","has-post-thumbnail","hentry","category-loisirs-velo","category-magasin-ecully","category-sport-velo","category-tourisme-velo","tag-champagne-au-mont-dor","tag-magasin-ecully"],"yoast_head":"<!-- This site is optimized with the Yoast SEO plugin v27.5 - https:\/\/yoast.com\/product\/yoast-seo-wordpress\/ -->\n<title>Le v\u00e9lo \u00e0 Champagne au Mont d&#039;Or &amp; ses alentours - Guide CYCLES BLAIN<\/title>\n<meta name=\"description\" content=\"Faire du v\u00e9lo autour de Champagne au Mont d&#039;or : D\u00e9couvrons les activit\u00e9s v\u00e9los autour de Champagne au Mont d&#039;Or, La tour de Salvagny, St Cyr au Mont d&#039;Or, Limonest, pr\u00e8s du magasins de v\u00e9los CYCLES BLAIN d&#039;Ecully\" \/>\n<meta name=\"robots\" content=\"index, follow, max-snippet:-1, max-image-preview:large, max-video-preview:-1\" \/>\n<link rel=\"canonical\" href=\"https:\/\/www.cycles-blain.com\/fr\/sport-velo\/velo-champagne-au-mont-dor-ecully\/\" \/>\n<meta property=\"og:locale\" content=\"fr_FR\" \/>\n<meta property=\"og:type\" content=\"article\" \/>\n<meta property=\"og:title\" content=\"Le v\u00e9lo \u00e0 Champagne au Mont d&#039;Or &amp; ses alentours - Guide CYCLES BLAIN\" \/>\n<meta property=\"og:description\" content=\"Faire du v\u00e9lo autour de Champagne au Mont d&#039;or : D\u00e9couvrons les activit\u00e9s v\u00e9los autour de Champagne au Mont d&#039;Or, La tour de Salvagny, St Cyr au Mont d&#039;Or, Limonest, pr\u00e8s du magasins de v\u00e9los CYCLES BLAIN d&#039;Ecully\" \/>\n<meta property=\"og:url\" content=\"https:\/\/www.cycles-blain.com\/fr\/sport-velo\/velo-champagne-au-mont-dor-ecully\/\" \/>\n<meta property=\"og:site_name\" content=\"CyclesBlain - Magasins de v\u00e9los, accessoires et ateliers\" \/>\n<meta property=\"article:publisher\" content=\"https:\/\/www.facebook.com\/cyclesblain\/?locale=fr_FR\" \/>\n<meta property=\"article:published_time\" content=\"2025-01-17T13:53:07+00:00\" \/>\n<meta property=\"article:modified_time\" content=\"2025-01-21T09:50:15+00:00\" \/>\n<meta property=\"og:image\" content=\"https:\/\/www.cycles-blain.com\/fr\/wp-content\/uploads\/2025\/01\/Rochecardon.jpg\" \/>\n\t<meta property=\"og:image:width\" content=\"600\" \/>\n\t<meta property=\"og:image:height\" content=\"312\" \/>\n\t<meta property=\"og:image:type\" content=\"image\/jpeg\" \/>\n<meta name=\"author\" content=\"Gueweb\" \/>\n<meta name=\"twitter:card\" content=\"summary_large_image\" \/>\n<meta name=\"twitter:label1\" content=\"\u00c9crit par\" \/>\n\t<meta name=\"twitter:data1\" content=\"Gueweb\" \/>\n\t<meta name=\"twitter:label2\" content=\"Dur\u00e9e de lecture estim\u00e9e\" \/>\n\t<meta name=\"twitter:data2\" content=\"3 minutes\" \/>\n<script type=\"application\/ld+json\" class=\"yoast-schema-graph\">{\"@context\":\"https:\\\/\\\/schema.org\",\"@graph\":[{\"@type\":\"Article\",\"@id\":\"https:\\\/\\\/www.cycles-blain.com\\\/fr\\\/sport-velo\\\/velo-champagne-au-mont-dor-ecully\\\/#article\",\"isPartOf\":{\"@id\":\"https:\\\/\\\/www.cycles-blain.com\\\/fr\\\/sport-velo\\\/velo-champagne-au-mont-dor-ecully\\\/\"},\"author\":{\"name\":\"Gueweb\",\"@id\":\"https:\\\/\\\/www.cycles-blain.com\\\/fr\\\/#\\\/schema\\\/person\\\/6fb8bad852fde893fb61b7b05936af37\"},\"headline\":\"Le v\u00e9lo \u00e0 Champagne au Mont d&rsquo;Or &amp; ses alentours\",\"datePublished\":\"2025-01-17T13:53:07+00:00\",\"dateModified\":\"2025-01-21T09:50:15+00:00\",\"mainEntityOfPage\":{\"@id\":\"https:\\\/\\\/www.cycles-blain.com\\\/fr\\\/sport-velo\\\/velo-champagne-au-mont-dor-ecully\\\/\"},\"wordCount\":539,\"commentCount\":0,\"publisher\":{\"@id\":\"https:\\\/\\\/www.cycles-blain.com\\\/fr\\\/#organization\"},\"image\":{\"@id\":\"https:\\\/\\\/www.cycles-blain.com\\\/fr\\\/sport-velo\\\/velo-champagne-au-mont-dor-ecully\\\/#primaryimage\"},\"thumbnailUrl\":\"https:\\\/\\\/www.cycles-blain.com\\\/fr\\\/wp-content\\\/uploads\\\/2025\\\/01\\\/Rochecardon.jpg\",\"keywords\":[\"champagne au mont d'or\",\"magasin ecully\"],\"articleSection\":[\"Loisirs\",\"Magasin-Ecully\",\"Sport\",\"Tourisme\"],\"inLanguage\":\"fr-FR\",\"potentialAction\":[{\"@type\":\"CommentAction\",\"name\":\"Comment\",\"target\":[\"https:\\\/\\\/www.cycles-blain.com\\\/fr\\\/sport-velo\\\/velo-champagne-au-mont-dor-ecully\\\/#respond\"]}]},{\"@type\":\"WebPage\",\"@id\":\"https:\\\/\\\/www.cycles-blain.com\\\/fr\\\/sport-velo\\\/velo-champagne-au-mont-dor-ecully\\\/\",\"url\":\"https:\\\/\\\/www.cycles-blain.com\\\/fr\\\/sport-velo\\\/velo-champagne-au-mont-dor-ecully\\\/\",\"name\":\"Le v\u00e9lo \u00e0 Champagne au Mont d'Or &amp; ses alentours - Guide CYCLES BLAIN\",\"isPartOf\":{\"@id\":\"https:\\\/\\\/www.cycles-blain.com\\\/fr\\\/#website\"},\"primaryImageOfPage\":{\"@id\":\"https:\\\/\\\/www.cycles-blain.com\\\/fr\\\/sport-velo\\\/velo-champagne-au-mont-dor-ecully\\\/#primaryimage\"},\"image\":{\"@id\":\"https:\\\/\\\/www.cycles-blain.com\\\/fr\\\/sport-velo\\\/velo-champagne-au-mont-dor-ecully\\\/#primaryimage\"},\"thumbnailUrl\":\"https:\\\/\\\/www.cycles-blain.com\\\/fr\\\/wp-content\\\/uploads\\\/2025\\\/01\\\/Rochecardon.jpg\",\"datePublished\":\"2025-01-17T13:53:07+00:00\",\"dateModified\":\"2025-01-21T09:50:15+00:00\",\"description\":\"Faire du v\u00e9lo autour de Champagne au Mont d'or : D\u00e9couvrons les activit\u00e9s v\u00e9los autour de Champagne au Mont d'Or, La tour de Salvagny, St Cyr au Mont d'Or, Limonest, pr\u00e8s du magasins de v\u00e9los CYCLES BLAIN d'Ecully\",\"breadcrumb\":{\"@id\":\"https:\\\/\\\/www.cycles-blain.com\\\/fr\\\/sport-velo\\\/velo-champagne-au-mont-dor-ecully\\\/#breadcrumb\"},\"inLanguage\":\"fr-FR\",\"potentialAction\":[{\"@type\":\"ReadAction\",\"target\":[\"https:\\\/\\\/www.cycles-blain.com\\\/fr\\\/sport-velo\\\/velo-champagne-au-mont-dor-ecully\\\/\"]}]},{\"@type\":\"ImageObject\",\"inLanguage\":\"fr-FR\",\"@id\":\"https:\\\/\\\/www.cycles-blain.com\\\/fr\\\/sport-velo\\\/velo-champagne-au-mont-dor-ecully\\\/#primaryimage\",\"url\":\"https:\\\/\\\/www.cycles-blain.com\\\/fr\\\/wp-content\\\/uploads\\\/2025\\\/01\\\/Rochecardon.jpg\",\"contentUrl\":\"https:\\\/\\\/www.cycles-blain.com\\\/fr\\\/wp-content\\\/uploads\\\/2025\\\/01\\\/Rochecardon.jpg\",\"width\":600,\"height\":312,\"caption\":\"Rochecardon\"},{\"@type\":\"BreadcrumbList\",\"@id\":\"https:\\\/\\\/www.cycles-blain.com\\\/fr\\\/sport-velo\\\/velo-champagne-au-mont-dor-ecully\\\/#breadcrumb\",\"itemListElement\":[{\"@type\":\"ListItem\",\"position\":1,\"name\":\"Accueil\",\"item\":\"https:\\\/\\\/www.cycles-blain.com\\\/fr\\\/\"},{\"@type\":\"ListItem\",\"position\":2,\"name\":\"Le v\u00e9lo \u00e0 Champagne au Mont d&rsquo;Or &amp; ses alentours\"}]},{\"@type\":\"WebSite\",\"@id\":\"https:\\\/\\\/www.cycles-blain.com\\\/fr\\\/#website\",\"url\":\"https:\\\/\\\/www.cycles-blain.com\\\/fr\\\/\",\"name\":\"CyclesBlain - Magasins de v\u00e9los, accessoires et ateliers\",\"description\":\"Blog Cycles Blain\",\"publisher\":{\"@id\":\"https:\\\/\\\/www.cycles-blain.com\\\/fr\\\/#organization\"},\"potentialAction\":[{\"@type\":\"SearchAction\",\"target\":{\"@type\":\"EntryPoint\",\"urlTemplate\":\"https:\\\/\\\/www.cycles-blain.com\\\/fr\\\/?s={search_term_string}\"},\"query-input\":{\"@type\":\"PropertyValueSpecification\",\"valueRequired\":true,\"valueName\":\"search_term_string\"}}],\"inLanguage\":\"fr-FR\"},{\"@type\":\"Organization\",\"@id\":\"https:\\\/\\\/www.cycles-blain.com\\\/fr\\\/#organization\",\"name\":\"CyclesBlain - Magasins de v\u00e9los, accessoires et ateliers\",\"url\":\"https:\\\/\\\/www.cycles-blain.com\\\/fr\\\/\",\"logo\":{\"@type\":\"ImageObject\",\"inLanguage\":\"fr-FR\",\"@id\":\"https:\\\/\\\/www.cycles-blain.com\\\/fr\\\/#\\\/schema\\\/logo\\\/image\\\/\",\"url\":\"https:\\\/\\\/www.cycles-blain.com\\\/fr\\\/wp-content\\\/uploads\\\/2023\\\/10\\\/logo-cycles-blain.jpeg\",\"contentUrl\":\"https:\\\/\\\/www.cycles-blain.com\\\/fr\\\/wp-content\\\/uploads\\\/2023\\\/10\\\/logo-cycles-blain.jpeg\",\"width\":264,\"height\":191,\"caption\":\"CyclesBlain - Magasins de v\u00e9los, accessoires et ateliers\"},\"image\":{\"@id\":\"https:\\\/\\\/www.cycles-blain.com\\\/fr\\\/#\\\/schema\\\/logo\\\/image\\\/\"},\"sameAs\":[\"https:\\\/\\\/www.facebook.com\\\/cyclesblain\\\/?locale=fr_FR\",\"https:\\\/\\\/www.instagram.com\\\/cycles_blain\\\/?hl=fr\"]},{\"@type\":\"Person\",\"@id\":\"https:\\\/\\\/www.cycles-blain.com\\\/fr\\\/#\\\/schema\\\/person\\\/6fb8bad852fde893fb61b7b05936af37\",\"name\":\"Gueweb\",\"image\":{\"@type\":\"ImageObject\",\"inLanguage\":\"fr-FR\",\"@id\":\"https:\\\/\\\/secure.gravatar.com\\\/avatar\\\/52550bc594eb074508114b963209b157358b27e5a0319de1bb723df3f760ca2d?s=96&d=mm&r=g\",\"url\":\"https:\\\/\\\/secure.gravatar.com\\\/avatar\\\/52550bc594eb074508114b963209b157358b27e5a0319de1bb723df3f760ca2d?s=96&d=mm&r=g\",\"contentUrl\":\"https:\\\/\\\/secure.gravatar.com\\\/avatar\\\/52550bc594eb074508114b963209b157358b27e5a0319de1bb723df3f760ca2d?s=96&d=mm&r=g\",\"caption\":\"Gueweb\"},\"sameAs\":[\"https:\\\/\\\/www.cycles-blain.com\\\/\\\/fr\"],\"url\":\"https:\\\/\\\/www.cycles-blain.com\\\/fr\\\/author\\\/gueweb\\\/\"}]}<\/script>\n<!-- \/ Yoast SEO plugin. -->","yoast_head_json":{"title":"Le v\u00e9lo \u00e0 Champagne au Mont d'Or &amp; ses alentours - Guide CYCLES BLAIN","description":"Faire du v\u00e9lo autour de Champagne au Mont d'or : D\u00e9couvrons les activit\u00e9s v\u00e9los autour de Champagne au Mont d'Or, La tour de Salvagny, St Cyr au Mont d'Or, Limonest, pr\u00e8s du magasins de v\u00e9los CYCLES BLAIN d'Ecully","robots":{"index":"index","follow":"follow","max-snippet":"max-snippet:-1","max-image-preview":"max-image-preview:large","max-video-preview":"max-video-preview:-1"},"canonical":"https:\/\/www.cycles-blain.com\/fr\/sport-velo\/velo-champagne-au-mont-dor-ecully\/","og_locale":"fr_FR","og_type":"article","og_title":"Le v\u00e9lo \u00e0 Champagne au Mont d'Or &amp; ses alentours - Guide CYCLES BLAIN","og_description":"Faire du v\u00e9lo autour de Champagne au Mont d'or : D\u00e9couvrons les activit\u00e9s v\u00e9los autour de Champagne au Mont d'Or, La tour de Salvagny, St Cyr au Mont d'Or, Limonest, pr\u00e8s du magasins de v\u00e9los CYCLES BLAIN d'Ecully","og_url":"https:\/\/www.cycles-blain.com\/fr\/sport-velo\/velo-champagne-au-mont-dor-ecully\/","og_site_name":"CyclesBlain - Magasins de v\u00e9los, accessoires et ateliers","article_publisher":"https:\/\/www.facebook.com\/cyclesblain\/?locale=fr_FR","article_published_time":"2025-01-17T13:53:07+00:00","article_modified_time":"2025-01-21T09:50:15+00:00","og_image":[{"width":600,"height":312,"url":"https:\/\/www.cycles-blain.com\/fr\/wp-content\/uploads\/2025\/01\/Rochecardon.jpg","type":"image\/jpeg"}],"author":"Gueweb","twitter_card":"summary_large_image","twitter_misc":{"\u00c9crit par":"Gueweb","Dur\u00e9e de lecture estim\u00e9e":"3 minutes"},"schema":{"@context":"https:\/\/schema.org","@graph":[{"@type":"Article","@id":"https:\/\/www.cycles-blain.com\/fr\/sport-velo\/velo-champagne-au-mont-dor-ecully\/#article","isPartOf":{"@id":"https:\/\/www.cycles-blain.com\/fr\/sport-velo\/velo-champagne-au-mont-dor-ecully\/"},"author":{"name":"Gueweb","@id":"https:\/\/www.cycles-blain.com\/fr\/#\/schema\/person\/6fb8bad852fde893fb61b7b05936af37"},"headline":"Le v\u00e9lo \u00e0 Champagne au Mont d&rsquo;Or &amp; ses alentours","datePublished":"2025-01-17T13:53:07+00:00","dateModified":"2025-01-21T09:50:15+00:00","mainEntityOfPage":{"@id":"https:\/\/www.cycles-blain.com\/fr\/sport-velo\/velo-champagne-au-mont-dor-ecully\/"},"wordCount":539,"commentCount":0,"publisher":{"@id":"https:\/\/www.cycles-blain.com\/fr\/#organization"},"image":{"@id":"https:\/\/www.cycles-blain.com\/fr\/sport-velo\/velo-champagne-au-mont-dor-ecully\/#primaryimage"},"thumbnailUrl":"https:\/\/www.cycles-blain.com\/fr\/wp-content\/uploads\/2025\/01\/Rochecardon.jpg","keywords":["champagne au mont d'or","magasin ecully"],"articleSection":["Loisirs","Magasin-Ecully","Sport","Tourisme"],"inLanguage":"fr-FR","potentialAction":[{"@type":"CommentAction","name":"Comment","target":["https:\/\/www.cycles-blain.com\/fr\/sport-velo\/velo-champagne-au-mont-dor-ecully\/#respond"]}]},{"@type":"WebPage","@id":"https:\/\/www.cycles-blain.com\/fr\/sport-velo\/velo-champagne-au-mont-dor-ecully\/","url":"https:\/\/www.cycles-blain.com\/fr\/sport-velo\/velo-champagne-au-mont-dor-ecully\/","name":"Le v\u00e9lo \u00e0 Champagne au Mont d'Or &amp; ses alentours - Guide CYCLES BLAIN","isPartOf":{"@id":"https:\/\/www.cycles-blain.com\/fr\/#website"},"primaryImageOfPage":{"@id":"https:\/\/www.cycles-blain.com\/fr\/sport-velo\/velo-champagne-au-mont-dor-ecully\/#primaryimage"},"image":{"@id":"https:\/\/www.cycles-blain.com\/fr\/sport-velo\/velo-champagne-au-mont-dor-ecully\/#primaryimage"},"thumbnailUrl":"https:\/\/www.cycles-blain.com\/fr\/wp-content\/uploads\/2025\/01\/Rochecardon.jpg","datePublished":"2025-01-17T13:53:07+00:00","dateModified":"2025-01-21T09:50:15+00:00","description":"Faire du v\u00e9lo autour de Champagne au Mont d'or : D\u00e9couvrons les activit\u00e9s v\u00e9los autour de Champagne au Mont d'Or, La tour de Salvagny, St Cyr au Mont d'Or, Limonest, pr\u00e8s du magasins de v\u00e9los CYCLES BLAIN d'Ecully","breadcrumb":{"@id":"https:\/\/www.cycles-blain.com\/fr\/sport-velo\/velo-champagne-au-mont-dor-ecully\/#breadcrumb"},"inLanguage":"fr-FR","potentialAction":[{"@type":"ReadAction","target":["https:\/\/www.cycles-blain.com\/fr\/sport-velo\/velo-champagne-au-mont-dor-ecully\/"]}]},{"@type":"ImageObject","inLanguage":"fr-FR","@id":"https:\/\/www.cycles-blain.com\/fr\/sport-velo\/velo-champagne-au-mont-dor-ecully\/#primaryimage","url":"https:\/\/www.cycles-blain.com\/fr\/wp-content\/uploads\/2025\/01\/Rochecardon.jpg","contentUrl":"https:\/\/www.cycles-blain.com\/fr\/wp-content\/uploads\/2025\/01\/Rochecardon.jpg","width":600,"height":312,"caption":"Rochecardon"},{"@type":"BreadcrumbList","@id":"https:\/\/www.cycles-blain.com\/fr\/sport-velo\/velo-champagne-au-mont-dor-ecully\/#breadcrumb","itemListElement":[{"@type":"ListItem","position":1,"name":"Accueil","item":"https:\/\/www.cycles-blain.com\/fr\/"},{"@type":"ListItem","position":2,"name":"Le v\u00e9lo \u00e0 Champagne au Mont d&rsquo;Or &amp; ses alentours"}]},{"@type":"WebSite","@id":"https:\/\/www.cycles-blain.com\/fr\/#website","url":"https:\/\/www.cycles-blain.com\/fr\/","name":"CyclesBlain - Magasins de v\u00e9los, accessoires et ateliers","description":"Blog Cycles Blain","publisher":{"@id":"https:\/\/www.cycles-blain.com\/fr\/#organization"},"potentialAction":[{"@type":"SearchAction","target":{"@type":"EntryPoint","urlTemplate":"https:\/\/www.cycles-blain.com\/fr\/?s={search_term_string}"},"query-input":{"@type":"PropertyValueSpecification","valueRequired":true,"valueName":"search_term_string"}}],"inLanguage":"fr-FR"},{"@type":"Organization","@id":"https:\/\/www.cycles-blain.com\/fr\/#organization","name":"CyclesBlain - Magasins de v\u00e9los, accessoires et ateliers","url":"https:\/\/www.cycles-blain.com\/fr\/","logo":{"@type":"ImageObject","inLanguage":"fr-FR","@id":"https:\/\/www.cycles-blain.com\/fr\/#\/schema\/logo\/image\/","url":"https:\/\/www.cycles-blain.com\/fr\/wp-content\/uploads\/2023\/10\/logo-cycles-blain.jpeg","contentUrl":"https:\/\/www.cycles-blain.com\/fr\/wp-content\/uploads\/2023\/10\/logo-cycles-blain.jpeg","width":264,"height":191,"caption":"CyclesBlain - Magasins de v\u00e9los, accessoires et ateliers"},"image":{"@id":"https:\/\/www.cycles-blain.com\/fr\/#\/schema\/logo\/image\/"},"sameAs":["https:\/\/www.facebook.com\/cyclesblain\/?locale=fr_FR","https:\/\/www.instagram.com\/cycles_blain\/?hl=fr"]},{"@type":"Person","@id":"https:\/\/www.cycles-blain.com\/fr\/#\/schema\/person\/6fb8bad852fde893fb61b7b05936af37","name":"Gueweb","image":{"@type":"ImageObject","inLanguage":"fr-FR","@id":"https:\/\/secure.gravatar.com\/avatar\/52550bc594eb074508114b963209b157358b27e5a0319de1bb723df3f760ca2d?s=96&d=mm&r=g","url":"https:\/\/secure.gravatar.com\/avatar\/52550bc594eb074508114b963209b157358b27e5a0319de1bb723df3f760ca2d?s=96&d=mm&r=g","contentUrl":"https:\/\/secure.gravatar.com\/avatar\/52550bc594eb074508114b963209b157358b27e5a0319de1bb723df3f760ca2d?s=96&d=mm&r=g","caption":"Gueweb"},"sameAs":["https:\/\/www.cycles-blain.com\/\/fr"],"url":"https:\/\/www.cycles-blain.com\/fr\/author\/gueweb\/"}]}},"_links":{"self":[{"href":"https:\/\/www.cycles-blain.com\/fr\/wp-json\/wp\/v2\/posts\/11833","targetHints":{"allow":["GET"]}}],"collection":[{"href":"https:\/\/www.cycles-blain.com\/fr\/wp-json\/wp\/v2\/posts"}],"about":[{"href":"https:\/\/www.cycles-blain.com\/fr\/wp-json\/wp\/v2\/types\/post"}],"author":[{"embeddable":true,"href":"https:\/\/www.cycles-blain.com\/fr\/wp-json\/wp\/v2\/users\/1"}],"replies":[{"embeddable":true,"href":"https:\/\/www.cycles-blain.com\/fr\/wp-json\/wp\/v2\/comments?post=11833"}],"version-history":[{"count":88,"href":"https:\/\/www.cycles-blain.com\/fr\/wp-json\/wp\/v2\/posts\/11833\/revisions"}],"predecessor-version":[{"id":12002,"href":"https:\/\/www.cycles-blain.com\/fr\/wp-json\/wp\/v2\/posts\/11833\/revisions\/12002"}],"wp:featuredmedia":[{"embeddable":true,"href":"https:\/\/www.cycles-blain.com\/fr\/wp-json\/wp\/v2\/media\/11916"}],"wp:attachment":[{"href":"https:\/\/www.cycles-blain.com\/fr\/wp-json\/wp\/v2\/media?parent=11833"}],"wp:term":[{"taxonomy":"category","embeddable":true,"href":"https:\/\/www.cycles-blain.com\/fr\/wp-json\/wp\/v2\/categories?post=11833"},{"taxonomy":"post_tag","embeddable":true,"href":"https:\/\/www.cycles-blain.com\/fr\/wp-json\/wp\/v2\/tags?post=11833"}],"curies":[{"name":"wp","href":"https:\/\/api.w.org\/{rel}","templated":true}]}}