{"id":12050,"date":"2025-01-24T09:06:42","date_gmt":"2025-01-24T08:06:42","guid":{"rendered":"https:\/\/www.cycles-blain.com\/fr\/?p=12050"},"modified":"2025-02-07T18:04:33","modified_gmt":"2025-02-07T17:04:33","slug":"soiree-magasin-velo-moustache02-2025","status":"publish","type":"post","link":"https:\/\/www.cycles-blain.com\/fr\/magasins-velo\/soiree-magasin-velo-moustache02-2025\/","title":{"rendered":"Soir\u00e9e magasin v\u00e9los Moustache le 07\/02\/2025"},"content":{"rendered":"\t\t<div data-elementor-type=\"wp-post\" data-elementor-id=\"12050\" class=\"elementor elementor-12050\" data-elementor-post-type=\"post\">\n\t\t\t\t<div class=\"elementor-element elementor-element-0dcb347 e-flex e-con-boxed e-con e-parent\" data-id=\"0dcb347\" data-element_type=\"container\" data-e-type=\"container\">\n\t\t\t\t\t<div class=\"e-con-inner\">\n\t\t\t\t<div class=\"elementor-element elementor-element-10f990f elementor-widget elementor-widget-text-editor\" data-id=\"10f990f\" data-element_type=\"widget\" data-e-type=\"widget\" data-widget_type=\"text-editor.default\">\n\t\t\t\t<div class=\"elementor-widget-container\">\n\t\t\t\t\t\t\t\t\t<p><i>On vous donne rendez-vous le vendredi 7 f\u00e9vrier d\u00e8s 18h pour une soir\u00e9e sp\u00e9ciale nouveaut\u00e9s v\u00e9lo MOUSTACHE 2025 au magasin Moustache CYCLES BLAIN de Vienne Sud pr\u00e8s de Lyon\u00a0 :\u00a0<\/i><\/p>\t\t\t\t\t\t\t\t<\/div>\n\t\t\t\t<\/div>\n\t\t\t\t<div class=\"elementor-element elementor-element-33228dd elementor-widget elementor-widget-heading\" data-id=\"33228dd\" data-element_type=\"widget\" data-e-type=\"widget\" data-widget_type=\"heading.default\">\n\t\t\t\t<div class=\"elementor-widget-container\">\n\t\t\t\t\t<h3 class=\"elementor-heading-title elementor-size-default\">Concours - cr\u00eapes et Promotions :<\/h3>\t\t\t\t<\/div>\n\t\t\t\t<\/div>\n\t\t\t\t<div class=\"elementor-element elementor-element-8bf3288 elementor-widget elementor-widget-text-editor\" data-id=\"8bf3288\" data-element_type=\"widget\" data-e-type=\"widget\" data-widget_type=\"text-editor.default\">\n\t\t\t\t<div class=\"elementor-widget-container\">\n\t\t\t\t\t\t\t\t\t<p>Envie de d\u00e9couvrir les nouveaux v\u00e9los de route, gravels et vtt \u00e9lectriques Moustache tout en passant un bon moment ? Le magasin Moustache de Vienne organise une soir\u00e9e Cr\u00eapes ! \ud83d\ude09<\/p><ul><li>400 \u20ac d&rsquo;accessoires offerts sur les nouveaux Moustache Dimanche et Game ! *<\/li><li>Cr\u00eapes et boissons,<\/li><li>Jeu concours gratuit sans obligation d&rsquo;achat pour gagner une tenue Moustache*<\/li><\/ul>\t\t\t\t\t\t\t\t<\/div>\n\t\t\t\t<\/div>\n\t\t\t\t<div class=\"elementor-element elementor-element-a564398 elementor-widget elementor-widget-heading\" data-id=\"a564398\" data-element_type=\"widget\" data-e-type=\"widget\" data-widget_type=\"heading.default\">\n\t\t\t\t<div class=\"elementor-widget-container\">\n\t\t\t\t\t<h3 class=\"elementor-heading-title elementor-size-default\">Pr\u00e9sentation de la nouvelle gamme Moustache :<\/h3>\t\t\t\t<\/div>\n\t\t\t\t<\/div>\n\t\t\t\t<div class=\"elementor-element elementor-element-90183ba elementor-widget elementor-widget-text-editor\" data-id=\"90183ba\" data-element_type=\"widget\" data-e-type=\"widget\" data-widget_type=\"text-editor.default\">\n\t\t\t\t<div class=\"elementor-widget-container\">\n\t\t\t\t\t\t\t\t\t<p>Les 2 nouveaux v\u00e9los Moustache tr\u00e8s attendus sont disponibles en stock au magasin Moustache de Vienne Sud : le VTT \u00e9lectrique tout suspendu GAME 2025 et le v\u00e9lo de route \u00e9lectrique d\u00e9clinable en gravel, le DIMANCHE 29 et 28 ! On sera ravie de vous les pr\u00e9senter durant la soir\u00e9e et vous aurez \u00e9galement la possibilit\u00e9 de planifier un \u00ab\u00a0test bike\u00a0\u00bb sur le GAME !!<\/p>\t\t\t\t\t\t\t\t<\/div>\n\t\t\t\t<\/div>\n\t\t\t\t<div class=\"elementor-element elementor-element-e3fe0ab elementor-widget elementor-widget-heading\" data-id=\"e3fe0ab\" data-element_type=\"widget\" data-e-type=\"widget\" data-widget_type=\"heading.default\">\n\t\t\t\t<div class=\"elementor-widget-container\">\n\t\t\t\t\t<h4 class=\"elementor-heading-title elementor-size-default\">Moustache Dimanche : Route et Gravel Electrique <\/h4>\t\t\t\t<\/div>\n\t\t\t\t<\/div>\n\t\t\t\t<div class=\"elementor-element elementor-element-3b578cb elementor-widget elementor-widget-text-editor\" data-id=\"3b578cb\" data-element_type=\"widget\" data-e-type=\"widget\" data-widget_type=\"text-editor.default\">\n\t\t\t\t<div class=\"elementor-widget-container\">\n\t\t\t\t\t\t\t\t\t<p>Le Moustache Dimanche 28 et Dimanche 29 est le dernier v\u00e9lo de route et gravel Electrique de Moustache :<\/p><ul><li><b>Le Gravel Moustache Dimanche 29<\/b> : Disponible avec des cadres haut ou trap\u00e8zes adapt\u00e9s aux hommes comme aux femmes ce v\u00e9lo \u00ab\u00a0passe-partout\u00a0\u00bb \u00e9quip\u00e9 du moteur Bosch, Performance Line SX existe en 3 versions et diff\u00e9rentes colories, toujours tr\u00e8s bien fini et tr\u00e8s bien \u00e9quip\u00e9 \u00e0 partir de<br \/>\u00a03 699\u20ac en ligne ou au magasin de Vienne Sud.<\/li><li><b>Le v\u00e9lo de route Moustache Dimanche 28 Road : <\/b>Egalement disponible en 3 versions le route \u00e9lectrique de Moustache vous accompagne avec le m\u00eame moteur Bosch. Il passe en Sram pour vous accompagner dans vos sorties les plus sportives \u00e0 partir de 3 599\u20ac.<br \/><a href=\"https:\/\/www.cycles-blain.com\/fr\/velo\/nouveaux-velos-moustache\/\" target=\"_blank\" rel=\"noopener\">En savoir plus sur les Moustache Dimanche<\/a><\/li><\/ul>\t\t\t\t\t\t\t\t<\/div>\n\t\t\t\t<\/div>\n\t\t\t\t<div class=\"elementor-element elementor-element-3cba64c elementor-widget elementor-widget-image\" data-id=\"3cba64c\" data-element_type=\"widget\" data-e-type=\"widget\" data-widget_type=\"image.default\">\n\t\t\t\t<div class=\"elementor-widget-container\">\n\t\t\t\t\t\t\t\t\t\t\t\t\t\t\t<img fetchpriority=\"high\" decoding=\"async\" width=\"600\" height=\"400\" src=\"https:\/\/www.cycles-blain.com\/fr\/wp-content\/uploads\/2024\/05\/article-moustache.png\" class=\"attachment-large size-large wp-image-6011\" alt=\"Nouveaux Moustache Dimanche\" srcset=\"https:\/\/www.cycles-blain.com\/fr\/wp-content\/uploads\/2024\/05\/article-moustache.png 600w, https:\/\/www.cycles-blain.com\/fr\/wp-content\/uploads\/2024\/05\/article-moustache-300x200.png 300w, https:\/\/www.cycles-blain.com\/fr\/wp-content\/uploads\/2024\/05\/elementor\/thumbs\/article-moustache-qqswc47386oioji6jk52rgw3894esuidxn9mwb07z4.png 360w\" sizes=\"(max-width: 600px) 100vw, 600px\" \/>\t\t\t\t\t\t\t\t\t\t\t\t\t\t\t<\/div>\n\t\t\t\t<\/div>\n\t\t\t\t<div class=\"elementor-element elementor-element-51c8902 elementor-widget elementor-widget-heading\" data-id=\"51c8902\" data-element_type=\"widget\" data-e-type=\"widget\" data-widget_type=\"heading.default\">\n\t\t\t\t<div class=\"elementor-widget-container\">\n\t\t\t\t\t<h4 class=\"elementor-heading-title elementor-size-default\">Moustache Game 2025 : VTT Electrique tout suspendu<\/h4>\t\t\t\t<\/div>\n\t\t\t\t<\/div>\n\t\t\t\t<div class=\"elementor-element elementor-element-e4dc770 elementor-widget elementor-widget-text-editor\" data-id=\"e4dc770\" data-element_type=\"widget\" data-e-type=\"widget\" data-widget_type=\"text-editor.default\">\n\t\t\t\t<div class=\"elementor-widget-container\">\n\t\t\t\t\t\t\t\t\t<p>Tr\u00e8s attendue, la nouvelle version du vtt \u00e9lectrique Moustache Game est aussi disponible au magasin de Vienne Sud. Moustache propose deux versions de son\u00a0<a href=\"https:\/\/www.cycles-blain.com\/content\/47-guide-vtt-tout-suspendu\" target=\"_blank\" rel=\"noopener\">VTT tout suspendu<\/a>\u00a0pour le\u00a0<a href=\"https:\/\/www.cycles-blain.com\/183-vtt-trail-all-mountain?q=Type+de+Cadre-Tout+Suspendu\" target=\"_blank\" rel=\"noopener\">Trail\u00a0<\/a>ou\u00a0<a href=\"https:\/\/www.cycles-blain.com\/162-vtt-enduro?q=Type+de+Cadre-Tout+Suspendu\" target=\"_blank\" rel=\"noopener\">l&rsquo;Enduro\u00a0<\/a>:<br \/><br \/><\/p><ul><li><b>Le Moustache Game 150 de 2025<\/b> en 150 MM de d\u00e9battement en 3 versions et 3 couleurs.<\/li><li><b>Le Moustache Game 160 de 2025<\/b> en 160 MM de d\u00e9battement en 4 versions et 4 couleurs.<\/li><\/ul><p><a href=\"https:\/\/www.cycles-blain.com\/fr\/velo\/nouveaux-vtt-electrique-moustache-game-2025\/\" target=\"_blank\" rel=\"noopener\">En Savoir plus sur le nouveau Moustache Game 2025<\/a><\/p>\t\t\t\t\t\t\t\t<\/div>\n\t\t\t\t<\/div>\n\t\t\t\t<div class=\"elementor-element elementor-element-529dfb8 elementor-widget elementor-widget-image\" data-id=\"529dfb8\" data-element_type=\"widget\" data-e-type=\"widget\" data-widget_type=\"image.default\">\n\t\t\t\t<div class=\"elementor-widget-container\">\n\t\t\t\t\t\t\t\t\t\t\t\t\t\t\t<img decoding=\"async\" width=\"600\" height=\"381\" src=\"https:\/\/www.cycles-blain.com\/fr\/wp-content\/uploads\/2024\/10\/game-150-hover-1100x698-1.webp\" class=\"attachment-large size-large wp-image-9021\" alt=\"VTT Electrique Moustache Game 2025\" srcset=\"https:\/\/www.cycles-blain.com\/fr\/wp-content\/uploads\/2024\/10\/game-150-hover-1100x698-1.webp 600w, https:\/\/www.cycles-blain.com\/fr\/wp-content\/uploads\/2024\/10\/game-150-hover-1100x698-1-300x191.webp 300w\" sizes=\"(max-width: 600px) 100vw, 600px\" \/>\t\t\t\t\t\t\t\t\t\t\t\t\t\t\t<\/div>\n\t\t\t\t<\/div>\n\t\t\t\t\t<\/div>\n\t\t\t\t<\/div>\n\t\t<div class=\"elementor-element elementor-element-bbfcdc1 e-flex e-con-boxed e-con e-parent\" data-id=\"bbfcdc1\" data-element_type=\"container\" data-e-type=\"container\">\n\t\t\t\t\t<div class=\"e-con-inner\">\n\t\t\t\t<div class=\"elementor-element elementor-element-8208f0b elementor-widget elementor-widget-text-editor\" data-id=\"8208f0b\" data-element_type=\"widget\" data-e-type=\"widget\" data-widget_type=\"text-editor.default\">\n\t\t\t\t<div class=\"elementor-widget-container\">\n\t\t\t\t\t\t\t\t\t<p>A d\u00e9couvrir aussi sur les v\u00e9los Electriques Moustache et le magasin Moustache de Vienne Sud :\u00a0<\/p><p>&gt;\u00a0<a style=\"text-align: var(--text-align); font-size: 1rem;\" href=\"https:\/\/www.cycles-blain.com\/content\/62-velos-electriques-moustache-magasins-moustache\" target=\"_blank\" rel=\"noopener\">La gamme de v\u00e9los \u00e9lectriques Moustache 2024 &#8211; 2025<\/a>,<br \/>&gt;\u00a0<a style=\"text-align: var(--text-align); font-size: 1rem;\" href=\"https:\/\/www.cycles-blain.com\/fr\/category\/magasins-velo\/magasin-vienne-sud\/\" target=\"_blank\" rel=\"noopener\">Actualit\u00e9s du magasin Moustache de Vienne Sud<\/a>,<br \/>&gt;\u00a0<a style=\"text-align: var(--text-align); font-size: 1rem;\" href=\"https:\/\/www.cycles-blain.com\/content\/25-atelier-velo-vienne-sud\" target=\"_blank\" rel=\"noopener\">L&rsquo;atelier de r\u00e9paration et entretien v\u00e9lo Moustache de Vienne Sud<\/a><\/p>\t\t\t\t\t\t\t\t<\/div>\n\t\t\t\t<\/div>\n\t\t\t\t\t<\/div>\n\t\t\t\t<\/div>\n\t\t\t\t<\/div>\n\t\t","protected":false},"excerpt":{"rendered":"<p>On vous donne rendez-vous le vendredi 7 f\u00e9vrier d\u00e8s 18h pour une soir\u00e9e sp\u00e9ciale nouveaut\u00e9s v\u00e9lo MOUSTACHE 2025 au magasin Moustache CYCLES BLAIN de Vienne Sud pr\u00e8s de Lyon\u00a0 :\u00a0<\/p>\n","protected":false},"author":4,"featured_media":12051,"comment_status":"open","ping_status":"open","sticky":false,"template":"","format":"standard","meta":{"site-sidebar-layout":"default","site-content-layout":"","ast-site-content-layout":"default","site-content-style":"default","site-sidebar-style":"default","ast-global-header-display":"","ast-banner-title-visibility":"","ast-main-header-display":"","ast-hfb-above-header-display":"","ast-hfb-below-header-display":"","ast-hfb-mobile-header-display":"","site-post-title":"","ast-breadcrumbs-content":"","ast-featured-img":"","footer-sml-layout":"","theme-transparent-header-meta":"","adv-header-id-meta":"","stick-header-meta":"","header-above-stick-meta":"","header-main-stick-meta":"","header-below-stick-meta":"","astra-migrate-meta-layouts":"set","ast-page-background-enabled":"default","ast-page-background-meta":{"desktop":{"background-color":"","background-image":"","background-repeat":"repeat","background-position":"center center","background-size":"auto","background-attachment":"scroll","background-type":"","background-media":"","overlay-type":"","overlay-color":"","overlay-gradient":""},"tablet":{"background-color":"","background-image":"","background-repeat":"repeat","background-position":"center center","background-size":"auto","background-attachment":"scroll","background-type":"","background-media":"","overlay-type":"","overlay-color":"","overlay-gradient":""},"mobile":{"background-color":"","background-image":"","background-repeat":"repeat","background-position":"center center","background-size":"auto","background-attachment":"scroll","background-type":"","background-media":"","overlay-type":"","overlay-color":"","overlay-gradient":""}},"ast-content-background-meta":{"desktop":{"background-color":"var(--ast-global-color-5)","background-image":"","background-repeat":"repeat","background-position":"center center","background-size":"auto","background-attachment":"scroll","background-type":"","background-media":"","overlay-type":"","overlay-color":"","overlay-gradient":""},"tablet":{"background-color":"var(--ast-global-color-5)","background-image":"","background-repeat":"repeat","background-position":"center center","background-size":"auto","background-attachment":"scroll","background-type":"","background-media":"","overlay-type":"","overlay-color":"","overlay-gradient":""},"mobile":{"background-color":"var(--ast-global-color-5)","background-image":"","background-repeat":"repeat","background-position":"center center","background-size":"auto","background-attachment":"scroll","background-type":"","background-media":"","overlay-type":"","overlay-color":"","overlay-gradient":""}},"footnotes":""},"categories":[6,4,56,36,16,53,5],"tags":[],"class_list":["post-12050","post","type-post","status-publish","format-standard","has-post-thumbnail","hentry","category-magasins-velo","category-velo","category-velo-gravel","category-magasin-vienne-sud","category-promotions-velo","category-velo-electrique","category-vtt-electrique"],"yoast_head":"<!-- This site is optimized with the Yoast SEO plugin v27.5 - https:\/\/yoast.com\/product\/yoast-seo-wordpress\/ -->\n<title>Soir\u00e9e magasin v\u00e9los Moustache le 07\/02\/2025<\/title>\n<meta name=\"description\" content=\"Soir\u00e9e v\u00e9los Moustache au magasin Moustache de Vienne Sud pr\u00e8s de Lyon. D\u00e9couvrez la nouvelle gamme Moustache 2025 vtt - gravel \u00e9lectrique...\" \/>\n<meta name=\"robots\" content=\"index, follow, max-snippet:-1, max-image-preview:large, max-video-preview:-1\" \/>\n<link rel=\"canonical\" href=\"https:\/\/www.cycles-blain.com\/fr\/velo\/soiree-magasin-velo-moustache02-2025\/\" \/>\n<meta property=\"og:locale\" content=\"fr_FR\" \/>\n<meta property=\"og:type\" content=\"article\" \/>\n<meta property=\"og:title\" content=\"Soir\u00e9e magasin v\u00e9los Moustache le 07\/02\/2025\" \/>\n<meta property=\"og:description\" content=\"Soir\u00e9e v\u00e9los Moustache au magasin Moustache de Vienne Sud pr\u00e8s de Lyon. D\u00e9couvrez la nouvelle gamme Moustache 2025 vtt - gravel \u00e9lectrique...\" \/>\n<meta property=\"og:url\" content=\"https:\/\/www.cycles-blain.com\/fr\/velo\/soiree-magasin-velo-moustache02-2025\/\" \/>\n<meta property=\"og:site_name\" content=\"CyclesBlain - Magasins de v\u00e9los, accessoires et ateliers\" \/>\n<meta property=\"article:publisher\" content=\"https:\/\/www.facebook.com\/cyclesblain\/?locale=fr_FR\" \/>\n<meta property=\"article:published_time\" content=\"2025-01-24T08:06:42+00:00\" \/>\n<meta property=\"article:modified_time\" content=\"2025-02-07T17:04:33+00:00\" \/>\n<meta property=\"og:image\" content=\"https:\/\/www.cycles-blain.com\/fr\/wp-content\/uploads\/2025\/01\/Soiree-Moustache-600400.png\" \/>\n\t<meta property=\"og:image:width\" content=\"600\" \/>\n\t<meta property=\"og:image:height\" content=\"400\" \/>\n\t<meta property=\"og:image:type\" content=\"image\/png\" \/>\n<meta name=\"author\" content=\"Lou-Anne\" \/>\n<meta name=\"twitter:card\" content=\"summary_large_image\" \/>\n<meta name=\"twitter:label1\" content=\"\u00c9crit par\" \/>\n\t<meta name=\"twitter:data1\" content=\"Lou-Anne\" \/>\n\t<meta name=\"twitter:label2\" content=\"Dur\u00e9e de lecture estim\u00e9e\" \/>\n\t<meta name=\"twitter:data2\" content=\"3 minutes\" \/>\n<script type=\"application\/ld+json\" class=\"yoast-schema-graph\">{\"@context\":\"https:\\\/\\\/schema.org\",\"@graph\":[{\"@type\":\"Article\",\"@id\":\"https:\\\/\\\/www.cycles-blain.com\\\/fr\\\/velo\\\/soiree-magasin-velo-moustache02-2025\\\/#article\",\"isPartOf\":{\"@id\":\"https:\\\/\\\/www.cycles-blain.com\\\/fr\\\/velo\\\/soiree-magasin-velo-moustache02-2025\\\/\"},\"author\":{\"name\":\"Lou-Anne\",\"@id\":\"https:\\\/\\\/www.cycles-blain.com\\\/fr\\\/#\\\/schema\\\/person\\\/2e532610e6e45d290a29e480c00cc742\"},\"headline\":\"Soir\u00e9e magasin v\u00e9los Moustache le 07\\\/02\\\/2025\",\"datePublished\":\"2025-01-24T08:06:42+00:00\",\"dateModified\":\"2025-02-07T17:04:33+00:00\",\"mainEntityOfPage\":{\"@id\":\"https:\\\/\\\/www.cycles-blain.com\\\/fr\\\/velo\\\/soiree-magasin-velo-moustache02-2025\\\/\"},\"wordCount\":427,\"commentCount\":0,\"publisher\":{\"@id\":\"https:\\\/\\\/www.cycles-blain.com\\\/fr\\\/#organization\"},\"image\":{\"@id\":\"https:\\\/\\\/www.cycles-blain.com\\\/fr\\\/velo\\\/soiree-magasin-velo-moustache02-2025\\\/#primaryimage\"},\"thumbnailUrl\":\"https:\\\/\\\/www.cycles-blain.com\\\/fr\\\/wp-content\\\/uploads\\\/2025\\\/01\\\/Soiree-Moustache-600400.png\",\"articleSection\":[\"Actus Magasins\",\"Actus V\u00e9lo\",\"Gravel\",\"Magasin Vienne Sud\",\"Promotions\",\"V\u00e9lo Electrique\",\"VTT Electrique\"],\"inLanguage\":\"fr-FR\",\"potentialAction\":[{\"@type\":\"CommentAction\",\"name\":\"Comment\",\"target\":[\"https:\\\/\\\/www.cycles-blain.com\\\/fr\\\/velo\\\/soiree-magasin-velo-moustache02-2025\\\/#respond\"]}]},{\"@type\":\"WebPage\",\"@id\":\"https:\\\/\\\/www.cycles-blain.com\\\/fr\\\/velo\\\/soiree-magasin-velo-moustache02-2025\\\/\",\"url\":\"https:\\\/\\\/www.cycles-blain.com\\\/fr\\\/velo\\\/soiree-magasin-velo-moustache02-2025\\\/\",\"name\":\"Soir\u00e9e magasin v\u00e9los Moustache le 07\\\/02\\\/2025\",\"isPartOf\":{\"@id\":\"https:\\\/\\\/www.cycles-blain.com\\\/fr\\\/#website\"},\"primaryImageOfPage\":{\"@id\":\"https:\\\/\\\/www.cycles-blain.com\\\/fr\\\/velo\\\/soiree-magasin-velo-moustache02-2025\\\/#primaryimage\"},\"image\":{\"@id\":\"https:\\\/\\\/www.cycles-blain.com\\\/fr\\\/velo\\\/soiree-magasin-velo-moustache02-2025\\\/#primaryimage\"},\"thumbnailUrl\":\"https:\\\/\\\/www.cycles-blain.com\\\/fr\\\/wp-content\\\/uploads\\\/2025\\\/01\\\/Soiree-Moustache-600400.png\",\"datePublished\":\"2025-01-24T08:06:42+00:00\",\"dateModified\":\"2025-02-07T17:04:33+00:00\",\"description\":\"Soir\u00e9e v\u00e9los Moustache au magasin Moustache de Vienne Sud pr\u00e8s de Lyon. D\u00e9couvrez la nouvelle gamme Moustache 2025 vtt - gravel \u00e9lectrique...\",\"breadcrumb\":{\"@id\":\"https:\\\/\\\/www.cycles-blain.com\\\/fr\\\/velo\\\/soiree-magasin-velo-moustache02-2025\\\/#breadcrumb\"},\"inLanguage\":\"fr-FR\",\"potentialAction\":[{\"@type\":\"ReadAction\",\"target\":[\"https:\\\/\\\/www.cycles-blain.com\\\/fr\\\/velo\\\/soiree-magasin-velo-moustache02-2025\\\/\"]}]},{\"@type\":\"ImageObject\",\"inLanguage\":\"fr-FR\",\"@id\":\"https:\\\/\\\/www.cycles-blain.com\\\/fr\\\/velo\\\/soiree-magasin-velo-moustache02-2025\\\/#primaryimage\",\"url\":\"https:\\\/\\\/www.cycles-blain.com\\\/fr\\\/wp-content\\\/uploads\\\/2025\\\/01\\\/Soiree-Moustache-600400.png\",\"contentUrl\":\"https:\\\/\\\/www.cycles-blain.com\\\/fr\\\/wp-content\\\/uploads\\\/2025\\\/01\\\/Soiree-Moustache-600400.png\",\"width\":600,\"height\":400,\"caption\":\"Visuel soir\u00e9e Moustache\"},{\"@type\":\"BreadcrumbList\",\"@id\":\"https:\\\/\\\/www.cycles-blain.com\\\/fr\\\/velo\\\/soiree-magasin-velo-moustache02-2025\\\/#breadcrumb\",\"itemListElement\":[{\"@type\":\"ListItem\",\"position\":1,\"name\":\"Accueil\",\"item\":\"https:\\\/\\\/www.cycles-blain.com\\\/fr\\\/\"},{\"@type\":\"ListItem\",\"position\":2,\"name\":\"Soir\u00e9e magasin v\u00e9los Moustache le 07\\\/02\\\/2025\"}]},{\"@type\":\"WebSite\",\"@id\":\"https:\\\/\\\/www.cycles-blain.com\\\/fr\\\/#website\",\"url\":\"https:\\\/\\\/www.cycles-blain.com\\\/fr\\\/\",\"name\":\"CyclesBlain - Magasins de v\u00e9los, accessoires et ateliers\",\"description\":\"Blog Cycles Blain\",\"publisher\":{\"@id\":\"https:\\\/\\\/www.cycles-blain.com\\\/fr\\\/#organization\"},\"potentialAction\":[{\"@type\":\"SearchAction\",\"target\":{\"@type\":\"EntryPoint\",\"urlTemplate\":\"https:\\\/\\\/www.cycles-blain.com\\\/fr\\\/?s={search_term_string}\"},\"query-input\":{\"@type\":\"PropertyValueSpecification\",\"valueRequired\":true,\"valueName\":\"search_term_string\"}}],\"inLanguage\":\"fr-FR\"},{\"@type\":\"Organization\",\"@id\":\"https:\\\/\\\/www.cycles-blain.com\\\/fr\\\/#organization\",\"name\":\"CyclesBlain - Magasins de v\u00e9los, accessoires et ateliers\",\"url\":\"https:\\\/\\\/www.cycles-blain.com\\\/fr\\\/\",\"logo\":{\"@type\":\"ImageObject\",\"inLanguage\":\"fr-FR\",\"@id\":\"https:\\\/\\\/www.cycles-blain.com\\\/fr\\\/#\\\/schema\\\/logo\\\/image\\\/\",\"url\":\"https:\\\/\\\/www.cycles-blain.com\\\/fr\\\/wp-content\\\/uploads\\\/2023\\\/10\\\/logo-cycles-blain.jpeg\",\"contentUrl\":\"https:\\\/\\\/www.cycles-blain.com\\\/fr\\\/wp-content\\\/uploads\\\/2023\\\/10\\\/logo-cycles-blain.jpeg\",\"width\":264,\"height\":191,\"caption\":\"CyclesBlain - Magasins de v\u00e9los, accessoires et ateliers\"},\"image\":{\"@id\":\"https:\\\/\\\/www.cycles-blain.com\\\/fr\\\/#\\\/schema\\\/logo\\\/image\\\/\"},\"sameAs\":[\"https:\\\/\\\/www.facebook.com\\\/cyclesblain\\\/?locale=fr_FR\",\"https:\\\/\\\/www.instagram.com\\\/cycles_blain\\\/?hl=fr\"]},{\"@type\":\"Person\",\"@id\":\"https:\\\/\\\/www.cycles-blain.com\\\/fr\\\/#\\\/schema\\\/person\\\/2e532610e6e45d290a29e480c00cc742\",\"name\":\"Lou-Anne\",\"image\":{\"@type\":\"ImageObject\",\"inLanguage\":\"fr-FR\",\"@id\":\"https:\\\/\\\/secure.gravatar.com\\\/avatar\\\/fc66047eecb12b1dd0e5dd77ae839eef6f5705cede9df1aa88eec9ecfd50b1ab?s=96&d=mm&r=g\",\"url\":\"https:\\\/\\\/secure.gravatar.com\\\/avatar\\\/fc66047eecb12b1dd0e5dd77ae839eef6f5705cede9df1aa88eec9ecfd50b1ab?s=96&d=mm&r=g\",\"contentUrl\":\"https:\\\/\\\/secure.gravatar.com\\\/avatar\\\/fc66047eecb12b1dd0e5dd77ae839eef6f5705cede9df1aa88eec9ecfd50b1ab?s=96&d=mm&r=g\",\"caption\":\"Lou-Anne\"},\"url\":\"https:\\\/\\\/www.cycles-blain.com\\\/fr\\\/author\\\/lou-anne\\\/\"}]}<\/script>\n<!-- \/ Yoast SEO plugin. -->","yoast_head_json":{"title":"Soir\u00e9e magasin v\u00e9los Moustache le 07\/02\/2025","description":"Soir\u00e9e v\u00e9los Moustache au magasin Moustache de Vienne Sud pr\u00e8s de Lyon. D\u00e9couvrez la nouvelle gamme Moustache 2025 vtt - gravel \u00e9lectrique...","robots":{"index":"index","follow":"follow","max-snippet":"max-snippet:-1","max-image-preview":"max-image-preview:large","max-video-preview":"max-video-preview:-1"},"canonical":"https:\/\/www.cycles-blain.com\/fr\/velo\/soiree-magasin-velo-moustache02-2025\/","og_locale":"fr_FR","og_type":"article","og_title":"Soir\u00e9e magasin v\u00e9los Moustache le 07\/02\/2025","og_description":"Soir\u00e9e v\u00e9los Moustache au magasin Moustache de Vienne Sud pr\u00e8s de Lyon. D\u00e9couvrez la nouvelle gamme Moustache 2025 vtt - gravel \u00e9lectrique...","og_url":"https:\/\/www.cycles-blain.com\/fr\/velo\/soiree-magasin-velo-moustache02-2025\/","og_site_name":"CyclesBlain - Magasins de v\u00e9los, accessoires et ateliers","article_publisher":"https:\/\/www.facebook.com\/cyclesblain\/?locale=fr_FR","article_published_time":"2025-01-24T08:06:42+00:00","article_modified_time":"2025-02-07T17:04:33+00:00","og_image":[{"width":600,"height":400,"url":"https:\/\/www.cycles-blain.com\/fr\/wp-content\/uploads\/2025\/01\/Soiree-Moustache-600400.png","type":"image\/png"}],"author":"Lou-Anne","twitter_card":"summary_large_image","twitter_misc":{"\u00c9crit par":"Lou-Anne","Dur\u00e9e de lecture estim\u00e9e":"3 minutes"},"schema":{"@context":"https:\/\/schema.org","@graph":[{"@type":"Article","@id":"https:\/\/www.cycles-blain.com\/fr\/velo\/soiree-magasin-velo-moustache02-2025\/#article","isPartOf":{"@id":"https:\/\/www.cycles-blain.com\/fr\/velo\/soiree-magasin-velo-moustache02-2025\/"},"author":{"name":"Lou-Anne","@id":"https:\/\/www.cycles-blain.com\/fr\/#\/schema\/person\/2e532610e6e45d290a29e480c00cc742"},"headline":"Soir\u00e9e magasin v\u00e9los Moustache le 07\/02\/2025","datePublished":"2025-01-24T08:06:42+00:00","dateModified":"2025-02-07T17:04:33+00:00","mainEntityOfPage":{"@id":"https:\/\/www.cycles-blain.com\/fr\/velo\/soiree-magasin-velo-moustache02-2025\/"},"wordCount":427,"commentCount":0,"publisher":{"@id":"https:\/\/www.cycles-blain.com\/fr\/#organization"},"image":{"@id":"https:\/\/www.cycles-blain.com\/fr\/velo\/soiree-magasin-velo-moustache02-2025\/#primaryimage"},"thumbnailUrl":"https:\/\/www.cycles-blain.com\/fr\/wp-content\/uploads\/2025\/01\/Soiree-Moustache-600400.png","articleSection":["Actus Magasins","Actus V\u00e9lo","Gravel","Magasin Vienne Sud","Promotions","V\u00e9lo Electrique","VTT Electrique"],"inLanguage":"fr-FR","potentialAction":[{"@type":"CommentAction","name":"Comment","target":["https:\/\/www.cycles-blain.com\/fr\/velo\/soiree-magasin-velo-moustache02-2025\/#respond"]}]},{"@type":"WebPage","@id":"https:\/\/www.cycles-blain.com\/fr\/velo\/soiree-magasin-velo-moustache02-2025\/","url":"https:\/\/www.cycles-blain.com\/fr\/velo\/soiree-magasin-velo-moustache02-2025\/","name":"Soir\u00e9e magasin v\u00e9los Moustache le 07\/02\/2025","isPartOf":{"@id":"https:\/\/www.cycles-blain.com\/fr\/#website"},"primaryImageOfPage":{"@id":"https:\/\/www.cycles-blain.com\/fr\/velo\/soiree-magasin-velo-moustache02-2025\/#primaryimage"},"image":{"@id":"https:\/\/www.cycles-blain.com\/fr\/velo\/soiree-magasin-velo-moustache02-2025\/#primaryimage"},"thumbnailUrl":"https:\/\/www.cycles-blain.com\/fr\/wp-content\/uploads\/2025\/01\/Soiree-Moustache-600400.png","datePublished":"2025-01-24T08:06:42+00:00","dateModified":"2025-02-07T17:04:33+00:00","description":"Soir\u00e9e v\u00e9los Moustache au magasin Moustache de Vienne Sud pr\u00e8s de Lyon. D\u00e9couvrez la nouvelle gamme Moustache 2025 vtt - gravel \u00e9lectrique...","breadcrumb":{"@id":"https:\/\/www.cycles-blain.com\/fr\/velo\/soiree-magasin-velo-moustache02-2025\/#breadcrumb"},"inLanguage":"fr-FR","potentialAction":[{"@type":"ReadAction","target":["https:\/\/www.cycles-blain.com\/fr\/velo\/soiree-magasin-velo-moustache02-2025\/"]}]},{"@type":"ImageObject","inLanguage":"fr-FR","@id":"https:\/\/www.cycles-blain.com\/fr\/velo\/soiree-magasin-velo-moustache02-2025\/#primaryimage","url":"https:\/\/www.cycles-blain.com\/fr\/wp-content\/uploads\/2025\/01\/Soiree-Moustache-600400.png","contentUrl":"https:\/\/www.cycles-blain.com\/fr\/wp-content\/uploads\/2025\/01\/Soiree-Moustache-600400.png","width":600,"height":400,"caption":"Visuel soir\u00e9e Moustache"},{"@type":"BreadcrumbList","@id":"https:\/\/www.cycles-blain.com\/fr\/velo\/soiree-magasin-velo-moustache02-2025\/#breadcrumb","itemListElement":[{"@type":"ListItem","position":1,"name":"Accueil","item":"https:\/\/www.cycles-blain.com\/fr\/"},{"@type":"ListItem","position":2,"name":"Soir\u00e9e magasin v\u00e9los Moustache le 07\/02\/2025"}]},{"@type":"WebSite","@id":"https:\/\/www.cycles-blain.com\/fr\/#website","url":"https:\/\/www.cycles-blain.com\/fr\/","name":"CyclesBlain - Magasins de v\u00e9los, accessoires et ateliers","description":"Blog Cycles Blain","publisher":{"@id":"https:\/\/www.cycles-blain.com\/fr\/#organization"},"potentialAction":[{"@type":"SearchAction","target":{"@type":"EntryPoint","urlTemplate":"https:\/\/www.cycles-blain.com\/fr\/?s={search_term_string}"},"query-input":{"@type":"PropertyValueSpecification","valueRequired":true,"valueName":"search_term_string"}}],"inLanguage":"fr-FR"},{"@type":"Organization","@id":"https:\/\/www.cycles-blain.com\/fr\/#organization","name":"CyclesBlain - Magasins de v\u00e9los, accessoires et ateliers","url":"https:\/\/www.cycles-blain.com\/fr\/","logo":{"@type":"ImageObject","inLanguage":"fr-FR","@id":"https:\/\/www.cycles-blain.com\/fr\/#\/schema\/logo\/image\/","url":"https:\/\/www.cycles-blain.com\/fr\/wp-content\/uploads\/2023\/10\/logo-cycles-blain.jpeg","contentUrl":"https:\/\/www.cycles-blain.com\/fr\/wp-content\/uploads\/2023\/10\/logo-cycles-blain.jpeg","width":264,"height":191,"caption":"CyclesBlain - Magasins de v\u00e9los, accessoires et ateliers"},"image":{"@id":"https:\/\/www.cycles-blain.com\/fr\/#\/schema\/logo\/image\/"},"sameAs":["https:\/\/www.facebook.com\/cyclesblain\/?locale=fr_FR","https:\/\/www.instagram.com\/cycles_blain\/?hl=fr"]},{"@type":"Person","@id":"https:\/\/www.cycles-blain.com\/fr\/#\/schema\/person\/2e532610e6e45d290a29e480c00cc742","name":"Lou-Anne","image":{"@type":"ImageObject","inLanguage":"fr-FR","@id":"https:\/\/secure.gravatar.com\/avatar\/fc66047eecb12b1dd0e5dd77ae839eef6f5705cede9df1aa88eec9ecfd50b1ab?s=96&d=mm&r=g","url":"https:\/\/secure.gravatar.com\/avatar\/fc66047eecb12b1dd0e5dd77ae839eef6f5705cede9df1aa88eec9ecfd50b1ab?s=96&d=mm&r=g","contentUrl":"https:\/\/secure.gravatar.com\/avatar\/fc66047eecb12b1dd0e5dd77ae839eef6f5705cede9df1aa88eec9ecfd50b1ab?s=96&d=mm&r=g","caption":"Lou-Anne"},"url":"https:\/\/www.cycles-blain.com\/fr\/author\/lou-anne\/"}]}},"_links":{"self":[{"href":"https:\/\/www.cycles-blain.com\/fr\/wp-json\/wp\/v2\/posts\/12050","targetHints":{"allow":["GET"]}}],"collection":[{"href":"https:\/\/www.cycles-blain.com\/fr\/wp-json\/wp\/v2\/posts"}],"about":[{"href":"https:\/\/www.cycles-blain.com\/fr\/wp-json\/wp\/v2\/types\/post"}],"author":[{"embeddable":true,"href":"https:\/\/www.cycles-blain.com\/fr\/wp-json\/wp\/v2\/users\/4"}],"replies":[{"embeddable":true,"href":"https:\/\/www.cycles-blain.com\/fr\/wp-json\/wp\/v2\/comments?post=12050"}],"version-history":[{"count":67,"href":"https:\/\/www.cycles-blain.com\/fr\/wp-json\/wp\/v2\/posts\/12050\/revisions"}],"predecessor-version":[{"id":12603,"href":"https:\/\/www.cycles-blain.com\/fr\/wp-json\/wp\/v2\/posts\/12050\/revisions\/12603"}],"wp:featuredmedia":[{"embeddable":true,"href":"https:\/\/www.cycles-blain.com\/fr\/wp-json\/wp\/v2\/media\/12051"}],"wp:attachment":[{"href":"https:\/\/www.cycles-blain.com\/fr\/wp-json\/wp\/v2\/media?parent=12050"}],"wp:term":[{"taxonomy":"category","embeddable":true,"href":"https:\/\/www.cycles-blain.com\/fr\/wp-json\/wp\/v2\/categories?post=12050"},{"taxonomy":"post_tag","embeddable":true,"href":"https:\/\/www.cycles-blain.com\/fr\/wp-json\/wp\/v2\/tags?post=12050"}],"curies":[{"name":"wp","href":"https:\/\/api.w.org\/{rel}","templated":true}]}}