{"id":12269,"date":"2025-01-29T11:28:45","date_gmt":"2025-01-29T10:28:45","guid":{"rendered":"https:\/\/www.cycles-blain.com\/fr\/?p=12269"},"modified":"2025-02-07T15:37:33","modified_gmt":"2025-02-07T14:37:33","slug":"cadeau-velo-saint-valentin-2025","status":"publish","type":"post","link":"https:\/\/www.cycles-blain.com\/fr\/promotions-velo\/cadeau-velo-saint-valentin-2025\/","title":{"rendered":"Notre s\u00e9lection cadeaux Saint-Valentin"},"content":{"rendered":"\t\t<div data-elementor-type=\"wp-post\" data-elementor-id=\"12269\" class=\"elementor elementor-12269\" data-elementor-post-type=\"post\">\n\t\t\t\t<div class=\"elementor-element elementor-element-9a28aca e-flex e-con-boxed e-con e-parent\" data-id=\"9a28aca\" data-element_type=\"container\" data-e-type=\"container\">\n\t\t\t\t\t<div class=\"e-con-inner\">\n\t\t\t\t<div class=\"elementor-element elementor-element-74accde elementor-widget elementor-widget-text-editor\" data-id=\"74accde\" data-element_type=\"widget\" data-e-type=\"widget\" data-widget_type=\"text-editor.default\">\n\t\t\t\t<div class=\"elementor-widget-container\">\n\t\t\t\t\t\t\t\t\t<p>Pour la Saint-Valentin, offrez du sport \u00e0 votre amoureux(ses) ! D\u00e9couvrez notre s\u00e9lection sp\u00e9ciale Saint-Valentin pour les passionn\u00e9(e)s de v\u00e9lo \ud83d\udc97<\/p>\t\t\t\t\t\t\t\t<\/div>\n\t\t\t\t<\/div>\n\t\t\t\t<div class=\"elementor-element elementor-element-361d0cd elementor-widget elementor-widget-heading\" data-id=\"361d0cd\" data-element_type=\"widget\" data-e-type=\"widget\" data-widget_type=\"heading.default\">\n\t\t\t\t<div class=\"elementor-widget-container\">\n\t\t\t\t\t<h4 class=\"elementor-heading-title elementor-size-default\">Notre s\u00e9lection pour la St Valentin :<\/h4>\t\t\t\t<\/div>\n\t\t\t\t<\/div>\n\t\t\t\t<div class=\"elementor-element elementor-element-6b73804 elementor-widget elementor-widget-heading\" data-id=\"6b73804\" data-element_type=\"widget\" data-e-type=\"widget\" data-widget_type=\"heading.default\">\n\t\t\t\t<div class=\"elementor-widget-container\">\n\t\t\t\t\t<h5 class=\"elementor-heading-title elementor-size-default\">Casque VTT <\/h5>\t\t\t\t<\/div>\n\t\t\t\t<\/div>\n\t\t\t\t<div class=\"elementor-element elementor-element-0a4bd28 elementor-widget elementor-widget-text-editor\" data-id=\"0a4bd28\" data-element_type=\"widget\" data-e-type=\"widget\" data-widget_type=\"text-editor.default\">\n\t\t\t\t<div class=\"elementor-widget-container\">\n\t\t\t\t\t\t\t\t\t<ul>\n<li><strong><a href=\"https:\/\/www.cycles-blain.com\/casque-vtt\/1028-1245-casque-speedframe-helmet-ce-fox.html\">Fox Speed Frame :<\/a>\u00a0<\/strong>Pour les aventurier(es) des sentiers, offrez-leur le plaisir ultime avec ce casque VTT Fox Speed Frame ! Con\u00e7u pour les riders exigeants, ce casque combine <strong>protection optimale<\/strong>, <strong>ventilation exceptionnelle<\/strong> et un <strong>design moderne<\/strong>. Son <strong>m\u00e9canisme de visi\u00e8re r\u00e9glable<\/strong>, son <strong>syst\u00e8me de serrage pr\u00e9cis<\/strong> et sa <strong>mousse EPS multidensit\u00e9<\/strong> en font un alli\u00e9 de choix pour vos sorties VTT.<\/li>\n<\/ul>\t\t\t\t\t\t\t\t<\/div>\n\t\t\t\t<\/div>\n\t\t\t\t<div class=\"elementor-element elementor-element-5026c52 elementor-widget elementor-widget-image\" data-id=\"5026c52\" data-element_type=\"widget\" data-e-type=\"widget\" data-widget_type=\"image.default\">\n\t\t\t\t<div class=\"elementor-widget-container\">\n\t\t\t\t\t\t\t\t\t\t\t\t\t\t\t\t<a href=\"https:\/\/www.cycles-blain.com\/casque-vtt\/1028-1245-casque-speedframe-helmet-ce-fox.html\" target=\"_blank\">\n\t\t\t\t\t\t\t<img fetchpriority=\"high\" decoding=\"async\" width=\"300\" height=\"300\" src=\"https:\/\/www.cycles-blain.com\/fr\/wp-content\/uploads\/2025\/01\/casque-speedframe-helmet-ce-fox-300x300.jpg\" class=\"attachment-medium size-medium wp-image-12285\" alt=\"casque-speedframe-helmet-ce-fox\" srcset=\"https:\/\/www.cycles-blain.com\/fr\/wp-content\/uploads\/2025\/01\/casque-speedframe-helmet-ce-fox-300x300.jpg 300w, https:\/\/www.cycles-blain.com\/fr\/wp-content\/uploads\/2025\/01\/casque-speedframe-helmet-ce-fox-150x150.jpg 150w, https:\/\/www.cycles-blain.com\/fr\/wp-content\/uploads\/2025\/01\/casque-speedframe-helmet-ce-fox-768x768.jpg 768w, https:\/\/www.cycles-blain.com\/fr\/wp-content\/uploads\/2025\/01\/casque-speedframe-helmet-ce-fox.jpg 900w\" sizes=\"(max-width: 300px) 100vw, 300px\" \/>\t\t\t\t\t\t\t\t<\/a>\n\t\t\t\t\t\t\t\t\t\t\t\t\t\t\t<\/div>\n\t\t\t\t<\/div>\n\t\t\t\t<div class=\"elementor-element elementor-element-e7a5689 elementor-widget elementor-widget-heading\" data-id=\"e7a5689\" data-element_type=\"widget\" data-e-type=\"widget\" data-widget_type=\"heading.default\">\n\t\t\t\t<div class=\"elementor-widget-container\">\n\t\t\t\t\t<h5 class=\"elementor-heading-title elementor-size-default\">Casque route <\/h5>\t\t\t\t<\/div>\n\t\t\t\t<\/div>\n\t\t\t\t<div class=\"elementor-element elementor-element-79f9323 elementor-widget elementor-widget-text-editor\" data-id=\"79f9323\" data-element_type=\"widget\" data-e-type=\"widget\" data-widget_type=\"text-editor.default\">\n\t\t\t\t<div class=\"elementor-widget-container\">\n\t\t\t\t\t\t\t\t\t<ul><li><strong><a href=\"https:\/\/www.cycles-blain.com\/casque-velo\/405-341-estro-mips-lime-noir-metalise-8015190275833.html\">Met Estro :<\/a><\/strong>\u00a0Le <strong>MET Estro MIPS<\/strong> est con\u00e7u pour les v\u00e9t\u00e9tistes en qu\u00eate de <strong>s\u00e9curit\u00e9, de ventilation et de confort<\/strong>. Gr\u00e2ce \u00e0 sa <strong>technologie MIPS<\/strong>, il r\u00e9duit les impacts rotationnels pour une meilleure protection. Son <strong>ajustement pr\u00e9cis<\/strong>, sa <strong>ventilation optimis\u00e9e <\/strong>et son <strong>design dynamique<\/strong> en font un alli\u00e9 parfait pour toutes vos aventures sur les sentiers.<\/li><\/ul>\t\t\t\t\t\t\t\t<\/div>\n\t\t\t\t<\/div>\n\t\t\t\t<div class=\"elementor-element elementor-element-1b8d65c elementor-widget elementor-widget-image\" data-id=\"1b8d65c\" data-element_type=\"widget\" data-e-type=\"widget\" data-widget_type=\"image.default\">\n\t\t\t\t<div class=\"elementor-widget-container\">\n\t\t\t\t\t\t\t\t\t\t\t\t\t\t\t\t<a href=\"https:\/\/www.cycles-blain.com\/casque-velo\/405-341-estro-mips-lime-noir-metalise-8015190275833.html\" target=\"_blank\">\n\t\t\t\t\t\t\t<img decoding=\"async\" width=\"300\" height=\"300\" src=\"https:\/\/www.cycles-blain.com\/fr\/wp-content\/uploads\/2025\/01\/estro-mips-lime-noir-metalise-300x300.jpg\" class=\"attachment-medium size-medium wp-image-12290\" alt=\"estro-mips-lime-noir-metalise\" srcset=\"https:\/\/www.cycles-blain.com\/fr\/wp-content\/uploads\/2025\/01\/estro-mips-lime-noir-metalise-300x300.jpg 300w, https:\/\/www.cycles-blain.com\/fr\/wp-content\/uploads\/2025\/01\/estro-mips-lime-noir-metalise-150x150.jpg 150w, https:\/\/www.cycles-blain.com\/fr\/wp-content\/uploads\/2025\/01\/estro-mips-lime-noir-metalise-768x768.jpg 768w, https:\/\/www.cycles-blain.com\/fr\/wp-content\/uploads\/2025\/01\/estro-mips-lime-noir-metalise.jpg 900w\" sizes=\"(max-width: 300px) 100vw, 300px\" \/>\t\t\t\t\t\t\t\t<\/a>\n\t\t\t\t\t\t\t\t\t\t\t\t\t\t\t<\/div>\n\t\t\t\t<\/div>\n\t\t\t\t<div class=\"elementor-element elementor-element-791a544 elementor-widget elementor-widget-heading\" data-id=\"791a544\" data-element_type=\"widget\" data-e-type=\"widget\" data-widget_type=\"heading.default\">\n\t\t\t\t<div class=\"elementor-widget-container\">\n\t\t\t\t\t<h5 class=\"elementor-heading-title elementor-size-default\">Casque ville<\/h5>\t\t\t\t<\/div>\n\t\t\t\t<\/div>\n\t\t\t\t<div class=\"elementor-element elementor-element-2ab03a3 elementor-widget elementor-widget-text-editor\" data-id=\"2ab03a3\" data-element_type=\"widget\" data-e-type=\"widget\" data-widget_type=\"text-editor.default\">\n\t\t\t\t<div class=\"elementor-widget-container\">\n\t\t\t\t\t\t\t\t\t<ul><li><strong><a href=\"https:\/\/www.cycles-blain.com\/casque-velo\/110-301-hud-y-ace-velvet-black.html\">Abus Hud-y Ace Shiny :<\/a><\/strong> Ce casque urbain est le cadeau id\u00e9al pour les adeptes du v\u00e9lo-taf ! Il allie <strong>design moderne, confort et protection<\/strong> pour vos d\u00e9placements urbains. Son <strong>\u00e9clairage LED int\u00e9gr\u00e9<\/strong>, son <strong>ajustement pr\u00e9cis<\/strong> et sa <strong>ventilation efficace<\/strong> en font le compagnon id\u00e9al des cyclistes exigeants.<\/li><\/ul>\t\t\t\t\t\t\t\t<\/div>\n\t\t\t\t<\/div>\n\t\t\t\t<div class=\"elementor-element elementor-element-a538567 elementor-widget elementor-widget-image\" data-id=\"a538567\" data-element_type=\"widget\" data-e-type=\"widget\" data-widget_type=\"image.default\">\n\t\t\t\t<div class=\"elementor-widget-container\">\n\t\t\t\t\t\t\t\t\t\t\t\t\t\t\t\t<a href=\"https:\/\/www.cycles-blain.com\/casque-velo\/110-301-hud-y-ace-velvet-black.html\" target=\"_blank\">\n\t\t\t\t\t\t\t<img decoding=\"async\" width=\"300\" height=\"300\" src=\"https:\/\/www.cycles-blain.com\/fr\/wp-content\/uploads\/2025\/01\/hud-y-ace-velvet-black-300x300.jpg\" class=\"attachment-medium size-medium wp-image-12304\" alt=\"hud-y-ace-velvet-black\" srcset=\"https:\/\/www.cycles-blain.com\/fr\/wp-content\/uploads\/2025\/01\/hud-y-ace-velvet-black-300x300.jpg 300w, https:\/\/www.cycles-blain.com\/fr\/wp-content\/uploads\/2025\/01\/hud-y-ace-velvet-black-150x150.jpg 150w, https:\/\/www.cycles-blain.com\/fr\/wp-content\/uploads\/2025\/01\/hud-y-ace-velvet-black-768x768.jpg 768w, https:\/\/www.cycles-blain.com\/fr\/wp-content\/uploads\/2025\/01\/hud-y-ace-velvet-black.jpg 900w\" sizes=\"(max-width: 300px) 100vw, 300px\" \/>\t\t\t\t\t\t\t\t<\/a>\n\t\t\t\t\t\t\t\t\t\t\t\t\t\t\t<\/div>\n\t\t\t\t<\/div>\n\t\t\t\t<div class=\"elementor-element elementor-element-3a8ab85 elementor-widget elementor-widget-heading\" data-id=\"3a8ab85\" data-element_type=\"widget\" data-e-type=\"widget\" data-widget_type=\"heading.default\">\n\t\t\t\t<div class=\"elementor-widget-container\">\n\t\t\t\t\t<h5 class=\"elementor-heading-title elementor-size-default\">Lunette de soleil<\/h5>\t\t\t\t<\/div>\n\t\t\t\t<\/div>\n\t\t\t\t<div class=\"elementor-element elementor-element-610ceeb elementor-widget elementor-widget-text-editor\" data-id=\"610ceeb\" data-element_type=\"widget\" data-e-type=\"widget\" data-widget_type=\"text-editor.default\">\n\t\t\t\t<div class=\"elementor-widget-container\">\n\t\t\t\t\t\t\t\t\t<ul>\n<li><strong><a href=\"https:\/\/www.cycles-blain.com\/lunettes-velo\/1039-lunettes-soleil-race-rx-mat-crystal-neon-orange-azr-3509740044192.html\">Lunette de Soleil Race Rx Mat Crystal Neon Orange &#8211; AZR :<\/a><\/strong> Les lunettes de soleil AZR Race Rx s&rsquo;adressent aux <strong>passionn\u00e9s de cyclisme sur route, de VTT ou de trail,<\/strong> recherchant performance et confort. La monture, con\u00e7ue en Grilamid, allie flexibilit\u00e9 et r\u00e9sistance, offrant ainsi une <strong>durabilit\u00e9<\/strong> accrue et une <strong>l\u00e9g\u00e8ret\u00e9<\/strong> appr\u00e9ciable lors des longues sorties.<\/li>\n<\/ul>\t\t\t\t\t\t\t\t<\/div>\n\t\t\t\t<\/div>\n\t\t\t\t<div class=\"elementor-element elementor-element-b4d3d60 elementor-widget elementor-widget-image\" data-id=\"b4d3d60\" data-element_type=\"widget\" data-e-type=\"widget\" data-widget_type=\"image.default\">\n\t\t\t\t<div class=\"elementor-widget-container\">\n\t\t\t\t\t\t\t\t\t\t\t\t\t\t\t\t<a href=\"https:\/\/www.cycles-blain.com\/lunettes-velo\/1039-lunettes-soleil-race-rx-mat-crystal-neon-orange-azr-3509740044192.html\" target=\"_blank\">\n\t\t\t\t\t\t\t<img loading=\"lazy\" decoding=\"async\" width=\"300\" height=\"300\" src=\"https:\/\/www.cycles-blain.com\/fr\/wp-content\/uploads\/2025\/01\/lunettes-soleil-race-rx-mat-crystal-neon-orange-azr-300x300.jpg\" class=\"attachment-medium size-medium wp-image-12311\" alt=\"lunettes-soleil-race-rx-mat-crystal-neon-orange-azr\" srcset=\"https:\/\/www.cycles-blain.com\/fr\/wp-content\/uploads\/2025\/01\/lunettes-soleil-race-rx-mat-crystal-neon-orange-azr-300x300.jpg 300w, https:\/\/www.cycles-blain.com\/fr\/wp-content\/uploads\/2025\/01\/lunettes-soleil-race-rx-mat-crystal-neon-orange-azr-150x150.jpg 150w, https:\/\/www.cycles-blain.com\/fr\/wp-content\/uploads\/2025\/01\/lunettes-soleil-race-rx-mat-crystal-neon-orange-azr-768x768.jpg 768w, https:\/\/www.cycles-blain.com\/fr\/wp-content\/uploads\/2025\/01\/lunettes-soleil-race-rx-mat-crystal-neon-orange-azr.jpg 900w\" sizes=\"(max-width: 300px) 100vw, 300px\" \/>\t\t\t\t\t\t\t\t<\/a>\n\t\t\t\t\t\t\t\t\t\t\t\t\t\t\t<\/div>\n\t\t\t\t<\/div>\n\t\t\t\t<div class=\"elementor-element elementor-element-2eced65 elementor-widget elementor-widget-heading\" data-id=\"2eced65\" data-element_type=\"widget\" data-e-type=\"widget\" data-widget_type=\"heading.default\">\n\t\t\t\t<div class=\"elementor-widget-container\">\n\t\t\t\t\t<h5 class=\"elementor-heading-title elementor-size-default\">Carte cadeau 100 % v\u00e9lo pour la St Valentin<\/h5>\t\t\t\t<\/div>\n\t\t\t\t<\/div>\n\t\t\t\t<div class=\"elementor-element elementor-element-a21b07e elementor-widget elementor-widget-text-editor\" data-id=\"a21b07e\" data-element_type=\"widget\" data-e-type=\"widget\" data-widget_type=\"text-editor.default\">\n\t\t\t\t<div class=\"elementor-widget-container\">\n\t\t\t\t\t\t\t\t\t<p>Laissez-lui le choix avec une carte cadeau valable 1 an dans nos magasins CYCLES BLAIN : Demandez votre carte cadeaux en magasin !<\/p>\t\t\t\t\t\t\t\t<\/div>\n\t\t\t\t<\/div>\n\t\t\t\t<div class=\"elementor-element elementor-element-9105308 elementor-widget elementor-widget-image\" data-id=\"9105308\" data-element_type=\"widget\" data-e-type=\"widget\" data-widget_type=\"image.default\">\n\t\t\t\t<div class=\"elementor-widget-container\">\n\t\t\t\t\t\t\t\t\t\t\t\t\t\t\t<img loading=\"lazy\" decoding=\"async\" width=\"300\" height=\"200\" src=\"https:\/\/www.cycles-blain.com\/fr\/wp-content\/uploads\/2025\/01\/Annonce-carte-cadeaux-600400-300x200.png\" class=\"attachment-medium size-medium wp-image-12253\" alt=\"Annonce carte cadeaux 600400\" srcset=\"https:\/\/www.cycles-blain.com\/fr\/wp-content\/uploads\/2025\/01\/Annonce-carte-cadeaux-600400-300x200.png 300w, https:\/\/www.cycles-blain.com\/fr\/wp-content\/uploads\/2025\/01\/Annonce-carte-cadeaux-600400.png 600w\" sizes=\"(max-width: 300px) 100vw, 300px\" \/>\t\t\t\t\t\t\t\t\t\t\t\t\t\t\t<\/div>\n\t\t\t\t<\/div>\n\t\t\t\t<div class=\"elementor-element elementor-element-3633ff4 elementor-align-center elementor-widget elementor-widget-button\" data-id=\"3633ff4\" data-element_type=\"widget\" data-e-type=\"widget\" data-widget_type=\"button.default\">\n\t\t\t\t<div class=\"elementor-widget-container\">\n\t\t\t\t\t\t\t\t\t<div class=\"elementor-button-wrapper\">\n\t\t\t\t\t<a class=\"elementor-button elementor-button-link elementor-size-sm\" href=\"\">\n\t\t\t\t\t\t<span class=\"elementor-button-content-wrapper\">\n\t\t\t\t\t\t\t\t\t<span class=\"elementor-button-text\">Je trouve le magasin le plus proche<\/span>\n\t\t\t\t\t<\/span>\n\t\t\t\t\t<\/a>\n\t\t\t\t<\/div>\n\t\t\t\t\t\t\t\t<\/div>\n\t\t\t\t<\/div>\n\t\t\t\t<div class=\"elementor-element elementor-element-4a745cd elementor-widget elementor-widget-text-editor\" data-id=\"4a745cd\" data-element_type=\"widget\" data-e-type=\"widget\" data-widget_type=\"text-editor.default\">\n\t\t\t\t<div class=\"elementor-widget-container\">\n\t\t\t\t\t\t\t\t\t<p>Et si vous \u00eates \u00e0 la recherche d&rsquo;autres id\u00e9es inspirantes pour la Saint Valentin, rdv sur notre site<a href=\"https:\/\/www.cycles-blain.com\"> cycles-blain.com<\/a> !\u00a0<\/p>\t\t\t\t\t\t\t\t<\/div>\n\t\t\t\t<\/div>\n\t\t\t\t\t<\/div>\n\t\t\t\t<\/div>\n\t\t\t\t<\/div>\n\t\t","protected":false},"excerpt":{"rendered":"<p>D\u00e9couvrez notre s\u00e9lection d&rsquo;id\u00e9es cadeaux pour la Saint-Valentin pour lui et pour elle.  <\/p>\n","protected":false},"author":4,"featured_media":12270,"comment_status":"open","ping_status":"open","sticky":false,"template":"","format":"standard","meta":{"site-sidebar-layout":"default","site-content-layout":"","ast-site-content-layout":"default","site-content-style":"default","site-sidebar-style":"default","ast-global-header-display":"","ast-banner-title-visibility":"","ast-main-header-display":"","ast-hfb-above-header-display":"","ast-hfb-below-header-display":"","ast-hfb-mobile-header-display":"","site-post-title":"","ast-breadcrumbs-content":"","ast-featured-img":"","footer-sml-layout":"","theme-transparent-header-meta":"","adv-header-id-meta":"","stick-header-meta":"","header-above-stick-meta":"","header-main-stick-meta":"","header-below-stick-meta":"","astra-migrate-meta-layouts":"set","ast-page-background-enabled":"default","ast-page-background-meta":{"desktop":{"background-color":"","background-image":"","background-repeat":"repeat","background-position":"center center","background-size":"auto","background-attachment":"scroll","background-type":"","background-media":"","overlay-type":"","overlay-color":"","overlay-gradient":""},"tablet":{"background-color":"","background-image":"","background-repeat":"repeat","background-position":"center center","background-size":"auto","background-attachment":"scroll","background-type":"","background-media":"","overlay-type":"","overlay-color":"","overlay-gradient":""},"mobile":{"background-color":"","background-image":"","background-repeat":"repeat","background-position":"center center","background-size":"auto","background-attachment":"scroll","background-type":"","background-media":"","overlay-type":"","overlay-color":"","overlay-gradient":""}},"ast-content-background-meta":{"desktop":{"background-color":"var(--ast-global-color-5)","background-image":"","background-repeat":"repeat","background-position":"center center","background-size":"auto","background-attachment":"scroll","background-type":"","background-media":"","overlay-type":"","overlay-color":"","overlay-gradient":""},"tablet":{"background-color":"var(--ast-global-color-5)","background-image":"","background-repeat":"repeat","background-position":"center center","background-size":"auto","background-attachment":"scroll","background-type":"","background-media":"","overlay-type":"","overlay-color":"","overlay-gradient":""},"mobile":{"background-color":"var(--ast-global-color-5)","background-image":"","background-repeat":"repeat","background-position":"center center","background-size":"auto","background-attachment":"scroll","background-type":"","background-media":"","overlay-type":"","overlay-color":"","overlay-gradient":""}},"footnotes":""},"categories":[6,9,16],"tags":[147,149],"class_list":["post-12269","post","type-post","status-publish","format-standard","has-post-thumbnail","hentry","category-magasins-velo","category-conseils-velo","category-promotions-velo","tag-idees-cadeaux","tag-saint-valentin-2"],"yoast_head":"<!-- This site is optimized with the Yoast SEO plugin v27.5 - https:\/\/yoast.com\/product\/yoast-seo-wordpress\/ -->\n<title>Notre s\u00e9lection cadeaux Saint-Valentin - CYCLES BLAIN<\/title>\n<meta name=\"description\" content=\"D\u00e9couvrez notre s\u00e9lection d&#039;id\u00e9es cadeaux pour la Saint-Valentin pour lui et pour elle : v\u00e9los, accessoires, ch\u00e8ques cadeaux.\" \/>\n<meta name=\"robots\" content=\"index, follow, max-snippet:-1, max-image-preview:large, max-video-preview:-1\" \/>\n<link rel=\"canonical\" href=\"https:\/\/www.cycles-blain.com\/fr\/magasins-velo\/cadeau-velo-saint-valentin-2025\/\" \/>\n<meta property=\"og:locale\" content=\"fr_FR\" \/>\n<meta property=\"og:type\" content=\"article\" \/>\n<meta property=\"og:title\" content=\"Notre s\u00e9lection cadeaux Saint-Valentin - CYCLES BLAIN\" \/>\n<meta property=\"og:description\" content=\"D\u00e9couvrez notre s\u00e9lection d&#039;id\u00e9es cadeaux pour la Saint-Valentin pour lui et pour elle : v\u00e9los, accessoires, ch\u00e8ques cadeaux.\" \/>\n<meta property=\"og:url\" content=\"https:\/\/www.cycles-blain.com\/fr\/magasins-velo\/cadeau-velo-saint-valentin-2025\/\" \/>\n<meta property=\"og:site_name\" content=\"CyclesBlain - Magasins de v\u00e9los, accessoires et ateliers\" \/>\n<meta property=\"article:publisher\" content=\"https:\/\/www.facebook.com\/cyclesblain\/?locale=fr_FR\" \/>\n<meta property=\"article:published_time\" content=\"2025-01-29T10:28:45+00:00\" \/>\n<meta property=\"article:modified_time\" content=\"2025-02-07T14:37:33+00:00\" \/>\n<meta property=\"og:image\" content=\"https:\/\/www.cycles-blain.com\/fr\/wp-content\/uploads\/2025\/01\/article-saint-valentin-600400.png\" \/>\n\t<meta property=\"og:image:width\" content=\"600\" \/>\n\t<meta property=\"og:image:height\" content=\"400\" \/>\n\t<meta property=\"og:image:type\" content=\"image\/png\" \/>\n<meta name=\"author\" content=\"Lou-Anne\" \/>\n<meta name=\"twitter:card\" content=\"summary_large_image\" \/>\n<meta name=\"twitter:label1\" content=\"\u00c9crit par\" \/>\n\t<meta name=\"twitter:data1\" content=\"Lou-Anne\" \/>\n\t<meta name=\"twitter:label2\" content=\"Dur\u00e9e de lecture estim\u00e9e\" \/>\n\t<meta name=\"twitter:data2\" content=\"3 minutes\" \/>\n<script type=\"application\/ld+json\" class=\"yoast-schema-graph\">{\"@context\":\"https:\\\/\\\/schema.org\",\"@graph\":[{\"@type\":\"Article\",\"@id\":\"https:\\\/\\\/www.cycles-blain.com\\\/fr\\\/magasins-velo\\\/cadeau-velo-saint-valentin-2025\\\/#article\",\"isPartOf\":{\"@id\":\"https:\\\/\\\/www.cycles-blain.com\\\/fr\\\/magasins-velo\\\/cadeau-velo-saint-valentin-2025\\\/\"},\"author\":{\"name\":\"Lou-Anne\",\"@id\":\"https:\\\/\\\/www.cycles-blain.com\\\/fr\\\/#\\\/schema\\\/person\\\/2e532610e6e45d290a29e480c00cc742\"},\"headline\":\"Notre s\u00e9lection cadeaux Saint-Valentin\",\"datePublished\":\"2025-01-29T10:28:45+00:00\",\"dateModified\":\"2025-02-07T14:37:33+00:00\",\"mainEntityOfPage\":{\"@id\":\"https:\\\/\\\/www.cycles-blain.com\\\/fr\\\/magasins-velo\\\/cadeau-velo-saint-valentin-2025\\\/\"},\"wordCount\":348,\"commentCount\":0,\"publisher\":{\"@id\":\"https:\\\/\\\/www.cycles-blain.com\\\/fr\\\/#organization\"},\"image\":{\"@id\":\"https:\\\/\\\/www.cycles-blain.com\\\/fr\\\/magasins-velo\\\/cadeau-velo-saint-valentin-2025\\\/#primaryimage\"},\"thumbnailUrl\":\"https:\\\/\\\/www.cycles-blain.com\\\/fr\\\/wp-content\\\/uploads\\\/2025\\\/01\\\/article-saint-valentin-600400.png\",\"keywords\":[\"id\u00e9es cadeaux\",\"saint valentin\"],\"articleSection\":[\"Actus Magasins\",\"Conseils-Pratique\",\"Promotions\"],\"inLanguage\":\"fr-FR\",\"potentialAction\":[{\"@type\":\"CommentAction\",\"name\":\"Comment\",\"target\":[\"https:\\\/\\\/www.cycles-blain.com\\\/fr\\\/magasins-velo\\\/cadeau-velo-saint-valentin-2025\\\/#respond\"]}]},{\"@type\":\"WebPage\",\"@id\":\"https:\\\/\\\/www.cycles-blain.com\\\/fr\\\/magasins-velo\\\/cadeau-velo-saint-valentin-2025\\\/\",\"url\":\"https:\\\/\\\/www.cycles-blain.com\\\/fr\\\/magasins-velo\\\/cadeau-velo-saint-valentin-2025\\\/\",\"name\":\"Notre s\u00e9lection cadeaux Saint-Valentin - CYCLES BLAIN\",\"isPartOf\":{\"@id\":\"https:\\\/\\\/www.cycles-blain.com\\\/fr\\\/#website\"},\"primaryImageOfPage\":{\"@id\":\"https:\\\/\\\/www.cycles-blain.com\\\/fr\\\/magasins-velo\\\/cadeau-velo-saint-valentin-2025\\\/#primaryimage\"},\"image\":{\"@id\":\"https:\\\/\\\/www.cycles-blain.com\\\/fr\\\/magasins-velo\\\/cadeau-velo-saint-valentin-2025\\\/#primaryimage\"},\"thumbnailUrl\":\"https:\\\/\\\/www.cycles-blain.com\\\/fr\\\/wp-content\\\/uploads\\\/2025\\\/01\\\/article-saint-valentin-600400.png\",\"datePublished\":\"2025-01-29T10:28:45+00:00\",\"dateModified\":\"2025-02-07T14:37:33+00:00\",\"description\":\"D\u00e9couvrez notre s\u00e9lection d'id\u00e9es cadeaux pour la Saint-Valentin pour lui et pour elle : v\u00e9los, accessoires, ch\u00e8ques cadeaux.\",\"breadcrumb\":{\"@id\":\"https:\\\/\\\/www.cycles-blain.com\\\/fr\\\/magasins-velo\\\/cadeau-velo-saint-valentin-2025\\\/#breadcrumb\"},\"inLanguage\":\"fr-FR\",\"potentialAction\":[{\"@type\":\"ReadAction\",\"target\":[\"https:\\\/\\\/www.cycles-blain.com\\\/fr\\\/magasins-velo\\\/cadeau-velo-saint-valentin-2025\\\/\"]}]},{\"@type\":\"ImageObject\",\"inLanguage\":\"fr-FR\",\"@id\":\"https:\\\/\\\/www.cycles-blain.com\\\/fr\\\/magasins-velo\\\/cadeau-velo-saint-valentin-2025\\\/#primaryimage\",\"url\":\"https:\\\/\\\/www.cycles-blain.com\\\/fr\\\/wp-content\\\/uploads\\\/2025\\\/01\\\/article-saint-valentin-600400.png\",\"contentUrl\":\"https:\\\/\\\/www.cycles-blain.com\\\/fr\\\/wp-content\\\/uploads\\\/2025\\\/01\\\/article-saint-valentin-600400.png\",\"width\":600,\"height\":400,\"caption\":\"couple au bord de l'eau\"},{\"@type\":\"BreadcrumbList\",\"@id\":\"https:\\\/\\\/www.cycles-blain.com\\\/fr\\\/magasins-velo\\\/cadeau-velo-saint-valentin-2025\\\/#breadcrumb\",\"itemListElement\":[{\"@type\":\"ListItem\",\"position\":1,\"name\":\"Accueil\",\"item\":\"https:\\\/\\\/www.cycles-blain.com\\\/fr\\\/\"},{\"@type\":\"ListItem\",\"position\":2,\"name\":\"Notre s\u00e9lection cadeaux Saint-Valentin\"}]},{\"@type\":\"WebSite\",\"@id\":\"https:\\\/\\\/www.cycles-blain.com\\\/fr\\\/#website\",\"url\":\"https:\\\/\\\/www.cycles-blain.com\\\/fr\\\/\",\"name\":\"CyclesBlain - Magasins de v\u00e9los, accessoires et ateliers\",\"description\":\"Blog Cycles Blain\",\"publisher\":{\"@id\":\"https:\\\/\\\/www.cycles-blain.com\\\/fr\\\/#organization\"},\"potentialAction\":[{\"@type\":\"SearchAction\",\"target\":{\"@type\":\"EntryPoint\",\"urlTemplate\":\"https:\\\/\\\/www.cycles-blain.com\\\/fr\\\/?s={search_term_string}\"},\"query-input\":{\"@type\":\"PropertyValueSpecification\",\"valueRequired\":true,\"valueName\":\"search_term_string\"}}],\"inLanguage\":\"fr-FR\"},{\"@type\":\"Organization\",\"@id\":\"https:\\\/\\\/www.cycles-blain.com\\\/fr\\\/#organization\",\"name\":\"CyclesBlain - Magasins de v\u00e9los, accessoires et ateliers\",\"url\":\"https:\\\/\\\/www.cycles-blain.com\\\/fr\\\/\",\"logo\":{\"@type\":\"ImageObject\",\"inLanguage\":\"fr-FR\",\"@id\":\"https:\\\/\\\/www.cycles-blain.com\\\/fr\\\/#\\\/schema\\\/logo\\\/image\\\/\",\"url\":\"https:\\\/\\\/www.cycles-blain.com\\\/fr\\\/wp-content\\\/uploads\\\/2023\\\/10\\\/logo-cycles-blain.jpeg\",\"contentUrl\":\"https:\\\/\\\/www.cycles-blain.com\\\/fr\\\/wp-content\\\/uploads\\\/2023\\\/10\\\/logo-cycles-blain.jpeg\",\"width\":264,\"height\":191,\"caption\":\"CyclesBlain - Magasins de v\u00e9los, accessoires et ateliers\"},\"image\":{\"@id\":\"https:\\\/\\\/www.cycles-blain.com\\\/fr\\\/#\\\/schema\\\/logo\\\/image\\\/\"},\"sameAs\":[\"https:\\\/\\\/www.facebook.com\\\/cyclesblain\\\/?locale=fr_FR\",\"https:\\\/\\\/www.instagram.com\\\/cycles_blain\\\/?hl=fr\"]},{\"@type\":\"Person\",\"@id\":\"https:\\\/\\\/www.cycles-blain.com\\\/fr\\\/#\\\/schema\\\/person\\\/2e532610e6e45d290a29e480c00cc742\",\"name\":\"Lou-Anne\",\"image\":{\"@type\":\"ImageObject\",\"inLanguage\":\"fr-FR\",\"@id\":\"https:\\\/\\\/secure.gravatar.com\\\/avatar\\\/fc66047eecb12b1dd0e5dd77ae839eef6f5705cede9df1aa88eec9ecfd50b1ab?s=96&d=mm&r=g\",\"url\":\"https:\\\/\\\/secure.gravatar.com\\\/avatar\\\/fc66047eecb12b1dd0e5dd77ae839eef6f5705cede9df1aa88eec9ecfd50b1ab?s=96&d=mm&r=g\",\"contentUrl\":\"https:\\\/\\\/secure.gravatar.com\\\/avatar\\\/fc66047eecb12b1dd0e5dd77ae839eef6f5705cede9df1aa88eec9ecfd50b1ab?s=96&d=mm&r=g\",\"caption\":\"Lou-Anne\"},\"url\":\"https:\\\/\\\/www.cycles-blain.com\\\/fr\\\/author\\\/lou-anne\\\/\"}]}<\/script>\n<!-- \/ Yoast SEO plugin. -->","yoast_head_json":{"title":"Notre s\u00e9lection cadeaux Saint-Valentin - CYCLES BLAIN","description":"D\u00e9couvrez notre s\u00e9lection d'id\u00e9es cadeaux pour la Saint-Valentin pour lui et pour elle : v\u00e9los, accessoires, ch\u00e8ques cadeaux.","robots":{"index":"index","follow":"follow","max-snippet":"max-snippet:-1","max-image-preview":"max-image-preview:large","max-video-preview":"max-video-preview:-1"},"canonical":"https:\/\/www.cycles-blain.com\/fr\/magasins-velo\/cadeau-velo-saint-valentin-2025\/","og_locale":"fr_FR","og_type":"article","og_title":"Notre s\u00e9lection cadeaux Saint-Valentin - CYCLES BLAIN","og_description":"D\u00e9couvrez notre s\u00e9lection d'id\u00e9es cadeaux pour la Saint-Valentin pour lui et pour elle : v\u00e9los, accessoires, ch\u00e8ques cadeaux.","og_url":"https:\/\/www.cycles-blain.com\/fr\/magasins-velo\/cadeau-velo-saint-valentin-2025\/","og_site_name":"CyclesBlain - Magasins de v\u00e9los, accessoires et ateliers","article_publisher":"https:\/\/www.facebook.com\/cyclesblain\/?locale=fr_FR","article_published_time":"2025-01-29T10:28:45+00:00","article_modified_time":"2025-02-07T14:37:33+00:00","og_image":[{"width":600,"height":400,"url":"https:\/\/www.cycles-blain.com\/fr\/wp-content\/uploads\/2025\/01\/article-saint-valentin-600400.png","type":"image\/png"}],"author":"Lou-Anne","twitter_card":"summary_large_image","twitter_misc":{"\u00c9crit par":"Lou-Anne","Dur\u00e9e de lecture estim\u00e9e":"3 minutes"},"schema":{"@context":"https:\/\/schema.org","@graph":[{"@type":"Article","@id":"https:\/\/www.cycles-blain.com\/fr\/magasins-velo\/cadeau-velo-saint-valentin-2025\/#article","isPartOf":{"@id":"https:\/\/www.cycles-blain.com\/fr\/magasins-velo\/cadeau-velo-saint-valentin-2025\/"},"author":{"name":"Lou-Anne","@id":"https:\/\/www.cycles-blain.com\/fr\/#\/schema\/person\/2e532610e6e45d290a29e480c00cc742"},"headline":"Notre s\u00e9lection cadeaux Saint-Valentin","datePublished":"2025-01-29T10:28:45+00:00","dateModified":"2025-02-07T14:37:33+00:00","mainEntityOfPage":{"@id":"https:\/\/www.cycles-blain.com\/fr\/magasins-velo\/cadeau-velo-saint-valentin-2025\/"},"wordCount":348,"commentCount":0,"publisher":{"@id":"https:\/\/www.cycles-blain.com\/fr\/#organization"},"image":{"@id":"https:\/\/www.cycles-blain.com\/fr\/magasins-velo\/cadeau-velo-saint-valentin-2025\/#primaryimage"},"thumbnailUrl":"https:\/\/www.cycles-blain.com\/fr\/wp-content\/uploads\/2025\/01\/article-saint-valentin-600400.png","keywords":["id\u00e9es cadeaux","saint valentin"],"articleSection":["Actus Magasins","Conseils-Pratique","Promotions"],"inLanguage":"fr-FR","potentialAction":[{"@type":"CommentAction","name":"Comment","target":["https:\/\/www.cycles-blain.com\/fr\/magasins-velo\/cadeau-velo-saint-valentin-2025\/#respond"]}]},{"@type":"WebPage","@id":"https:\/\/www.cycles-blain.com\/fr\/magasins-velo\/cadeau-velo-saint-valentin-2025\/","url":"https:\/\/www.cycles-blain.com\/fr\/magasins-velo\/cadeau-velo-saint-valentin-2025\/","name":"Notre s\u00e9lection cadeaux Saint-Valentin - CYCLES BLAIN","isPartOf":{"@id":"https:\/\/www.cycles-blain.com\/fr\/#website"},"primaryImageOfPage":{"@id":"https:\/\/www.cycles-blain.com\/fr\/magasins-velo\/cadeau-velo-saint-valentin-2025\/#primaryimage"},"image":{"@id":"https:\/\/www.cycles-blain.com\/fr\/magasins-velo\/cadeau-velo-saint-valentin-2025\/#primaryimage"},"thumbnailUrl":"https:\/\/www.cycles-blain.com\/fr\/wp-content\/uploads\/2025\/01\/article-saint-valentin-600400.png","datePublished":"2025-01-29T10:28:45+00:00","dateModified":"2025-02-07T14:37:33+00:00","description":"D\u00e9couvrez notre s\u00e9lection d'id\u00e9es cadeaux pour la Saint-Valentin pour lui et pour elle : v\u00e9los, accessoires, ch\u00e8ques cadeaux.","breadcrumb":{"@id":"https:\/\/www.cycles-blain.com\/fr\/magasins-velo\/cadeau-velo-saint-valentin-2025\/#breadcrumb"},"inLanguage":"fr-FR","potentialAction":[{"@type":"ReadAction","target":["https:\/\/www.cycles-blain.com\/fr\/magasins-velo\/cadeau-velo-saint-valentin-2025\/"]}]},{"@type":"ImageObject","inLanguage":"fr-FR","@id":"https:\/\/www.cycles-blain.com\/fr\/magasins-velo\/cadeau-velo-saint-valentin-2025\/#primaryimage","url":"https:\/\/www.cycles-blain.com\/fr\/wp-content\/uploads\/2025\/01\/article-saint-valentin-600400.png","contentUrl":"https:\/\/www.cycles-blain.com\/fr\/wp-content\/uploads\/2025\/01\/article-saint-valentin-600400.png","width":600,"height":400,"caption":"couple au bord de l'eau"},{"@type":"BreadcrumbList","@id":"https:\/\/www.cycles-blain.com\/fr\/magasins-velo\/cadeau-velo-saint-valentin-2025\/#breadcrumb","itemListElement":[{"@type":"ListItem","position":1,"name":"Accueil","item":"https:\/\/www.cycles-blain.com\/fr\/"},{"@type":"ListItem","position":2,"name":"Notre s\u00e9lection cadeaux Saint-Valentin"}]},{"@type":"WebSite","@id":"https:\/\/www.cycles-blain.com\/fr\/#website","url":"https:\/\/www.cycles-blain.com\/fr\/","name":"CyclesBlain - Magasins de v\u00e9los, accessoires et ateliers","description":"Blog Cycles Blain","publisher":{"@id":"https:\/\/www.cycles-blain.com\/fr\/#organization"},"potentialAction":[{"@type":"SearchAction","target":{"@type":"EntryPoint","urlTemplate":"https:\/\/www.cycles-blain.com\/fr\/?s={search_term_string}"},"query-input":{"@type":"PropertyValueSpecification","valueRequired":true,"valueName":"search_term_string"}}],"inLanguage":"fr-FR"},{"@type":"Organization","@id":"https:\/\/www.cycles-blain.com\/fr\/#organization","name":"CyclesBlain - Magasins de v\u00e9los, accessoires et ateliers","url":"https:\/\/www.cycles-blain.com\/fr\/","logo":{"@type":"ImageObject","inLanguage":"fr-FR","@id":"https:\/\/www.cycles-blain.com\/fr\/#\/schema\/logo\/image\/","url":"https:\/\/www.cycles-blain.com\/fr\/wp-content\/uploads\/2023\/10\/logo-cycles-blain.jpeg","contentUrl":"https:\/\/www.cycles-blain.com\/fr\/wp-content\/uploads\/2023\/10\/logo-cycles-blain.jpeg","width":264,"height":191,"caption":"CyclesBlain - Magasins de v\u00e9los, accessoires et ateliers"},"image":{"@id":"https:\/\/www.cycles-blain.com\/fr\/#\/schema\/logo\/image\/"},"sameAs":["https:\/\/www.facebook.com\/cyclesblain\/?locale=fr_FR","https:\/\/www.instagram.com\/cycles_blain\/?hl=fr"]},{"@type":"Person","@id":"https:\/\/www.cycles-blain.com\/fr\/#\/schema\/person\/2e532610e6e45d290a29e480c00cc742","name":"Lou-Anne","image":{"@type":"ImageObject","inLanguage":"fr-FR","@id":"https:\/\/secure.gravatar.com\/avatar\/fc66047eecb12b1dd0e5dd77ae839eef6f5705cede9df1aa88eec9ecfd50b1ab?s=96&d=mm&r=g","url":"https:\/\/secure.gravatar.com\/avatar\/fc66047eecb12b1dd0e5dd77ae839eef6f5705cede9df1aa88eec9ecfd50b1ab?s=96&d=mm&r=g","contentUrl":"https:\/\/secure.gravatar.com\/avatar\/fc66047eecb12b1dd0e5dd77ae839eef6f5705cede9df1aa88eec9ecfd50b1ab?s=96&d=mm&r=g","caption":"Lou-Anne"},"url":"https:\/\/www.cycles-blain.com\/fr\/author\/lou-anne\/"}]}},"_links":{"self":[{"href":"https:\/\/www.cycles-blain.com\/fr\/wp-json\/wp\/v2\/posts\/12269","targetHints":{"allow":["GET"]}}],"collection":[{"href":"https:\/\/www.cycles-blain.com\/fr\/wp-json\/wp\/v2\/posts"}],"about":[{"href":"https:\/\/www.cycles-blain.com\/fr\/wp-json\/wp\/v2\/types\/post"}],"author":[{"embeddable":true,"href":"https:\/\/www.cycles-blain.com\/fr\/wp-json\/wp\/v2\/users\/4"}],"replies":[{"embeddable":true,"href":"https:\/\/www.cycles-blain.com\/fr\/wp-json\/wp\/v2\/comments?post=12269"}],"version-history":[{"count":84,"href":"https:\/\/www.cycles-blain.com\/fr\/wp-json\/wp\/v2\/posts\/12269\/revisions"}],"predecessor-version":[{"id":12571,"href":"https:\/\/www.cycles-blain.com\/fr\/wp-json\/wp\/v2\/posts\/12269\/revisions\/12571"}],"wp:featuredmedia":[{"embeddable":true,"href":"https:\/\/www.cycles-blain.com\/fr\/wp-json\/wp\/v2\/media\/12270"}],"wp:attachment":[{"href":"https:\/\/www.cycles-blain.com\/fr\/wp-json\/wp\/v2\/media?parent=12269"}],"wp:term":[{"taxonomy":"category","embeddable":true,"href":"https:\/\/www.cycles-blain.com\/fr\/wp-json\/wp\/v2\/categories?post=12269"},{"taxonomy":"post_tag","embeddable":true,"href":"https:\/\/www.cycles-blain.com\/fr\/wp-json\/wp\/v2\/tags?post=12269"}],"curies":[{"name":"wp","href":"https:\/\/api.w.org\/{rel}","templated":true}]}}