{"id":12640,"date":"2025-02-12T10:08:35","date_gmt":"2025-02-12T09:08:35","guid":{"rendered":"https:\/\/www.cycles-blain.com\/fr\/?p=12640"},"modified":"2025-02-12T11:14:24","modified_gmt":"2025-02-12T10:14:24","slug":"trek-fx-2025-velo-electrique-urbain-leger","status":"publish","type":"post","link":"https:\/\/www.cycles-blain.com\/fr\/velo\/trek-fx-2025-velo-electrique-urbain-leger\/","title":{"rendered":"TREK FX+ 2025 &#8211; Nouveau v\u00e9lo Electrique urbain l\u00e9ger TREK"},"content":{"rendered":"\t\t<div data-elementor-type=\"wp-post\" data-elementor-id=\"12640\" class=\"elementor elementor-12640\" data-elementor-post-type=\"post\">\n\t\t\t\t<div class=\"elementor-element elementor-element-aae7a94 e-flex e-con-boxed e-con e-parent\" data-id=\"aae7a94\" data-element_type=\"container\" data-e-type=\"container\">\n\t\t\t\t\t<div class=\"e-con-inner\">\n\t\t\t\t<div class=\"elementor-element elementor-element-4197708 elementor-widget elementor-widget-text-editor\" data-id=\"4197708\" data-element_type=\"widget\" data-e-type=\"widget\" data-widget_type=\"text-editor.default\">\n\t\t\t\t<div class=\"elementor-widget-container\">\n\t\t\t\t\t\t\t\t\t<i>Trek inaugure son nouveau v\u00e9lo \u00e9lectrique urbain l\u00e9ger : le FX+ 2025 excellent en velotaf et loisirs &#8211; Rendez-vous au magasin Trek de Lyon 5<\/i>\t\t\t\t\t\t\t\t<\/div>\n\t\t\t\t<\/div>\n\t\t\t\t\t<\/div>\n\t\t\t\t<\/div>\n\t\t<div class=\"elementor-element elementor-element-a58ab13 e-flex e-con-boxed e-con e-parent\" data-id=\"a58ab13\" data-element_type=\"container\" data-e-type=\"container\">\n\t\t\t\t\t<div class=\"e-con-inner\">\n\t\t\t\t<div class=\"elementor-element elementor-element-6e3cc02 elementor-widget elementor-widget-heading\" data-id=\"6e3cc02\" data-element_type=\"widget\" data-e-type=\"widget\" data-widget_type=\"heading.default\">\n\t\t\t\t<div class=\"elementor-widget-container\">\n\t\t\t\t\t<h3 class=\"elementor-heading-title elementor-size-default\">FX+ 2025 - V\u00e9lo \u00e9lectrique l\u00e9ger pour la ville<\/h3>\t\t\t\t<\/div>\n\t\t\t\t<\/div>\n\t\t\t\t\t<\/div>\n\t\t\t\t<\/div>\n\t\t<div class=\"elementor-element elementor-element-1173c91 e-flex e-con-boxed e-con e-parent\" data-id=\"1173c91\" data-element_type=\"container\" data-e-type=\"container\">\n\t\t\t\t\t<div class=\"e-con-inner\">\n\t\t\t\t<div class=\"elementor-element elementor-element-ac38349 elementor-widget elementor-widget-text-editor\" data-id=\"ac38349\" data-element_type=\"widget\" data-e-type=\"widget\" data-widget_type=\"text-editor.default\">\n\t\t\t\t<div class=\"elementor-widget-container\">\n\t\t\t\t\t\t\t\t\t<p>Le nouveau FX+ 2025 de Trek est un v\u00e9lo \u00e9lectrique con\u00e7u pour le quotidien en ville : un vrai\u00a0<a href=\"https:\/\/www.cycles-blain.com\/28-velo-ville-electrique\" target=\"_blank\" rel=\"noopener\">v\u00e9lo \u00e9lectrique urbain<\/a>\u00a0parfait pour le v\u00e9lotaf, le loisirs avec des caract\u00e9ristiques qui en font un v\u00e9lo tr\u00e8s pratique :\u00a0<\/p><ul><li>Un v\u00e9lo \u00e9lectrique urbain <b>l\u00e9ger <\/b>d&rsquo;environ 18kg,<\/li><li>Un moteur arri\u00e8re ou THQ jusqu&rsquo;\u00e0 50 Nm <b>silencieux <\/b>selon versions et une batterie de 250 ou 360 wh<\/li><li>Une grande <b>autonomie jusqu&rsquo;\u00e0 96 km<\/b> et 150km avec Range extender pour le FX+ 7<\/li><li>Une assistance maximale du moteur jusqu&rsquo;\u00e0 45 km \/ h pour le FX+ 7,<\/li><li>Un cadre trap\u00e8ze ou haut \u00ab\u00a0inclin\u00e9\u00a0\u00bb facilitant les mont\u00e9es et descentes sur le v\u00e9lo,<\/li><li>Un v\u00e9lo bien <b>\u00e9quip\u00e9 <\/b>avec un porte bagage arri\u00e8re, feux avant et arri\u00e8re, garde boue.<\/li><\/ul>\t\t\t\t\t\t\t\t<\/div>\n\t\t\t\t<\/div>\n\t\t\t\t\t<\/div>\n\t\t\t\t<\/div>\n\t\t<div class=\"elementor-element elementor-element-f4d3481 e-flex e-con-boxed e-con e-parent\" data-id=\"f4d3481\" data-element_type=\"container\" data-e-type=\"container\">\n\t\t\t\t\t<div class=\"e-con-inner\">\n\t\t\t\t<div class=\"elementor-element elementor-element-debfcef elementor-widget elementor-widget-gallery\" data-id=\"debfcef\" data-element_type=\"widget\" data-e-type=\"widget\" data-settings=\"{&quot;lazyload&quot;:&quot;yes&quot;,&quot;gallery_layout&quot;:&quot;grid&quot;,&quot;columns&quot;:4,&quot;columns_tablet&quot;:2,&quot;columns_mobile&quot;:1,&quot;gap&quot;:{&quot;unit&quot;:&quot;px&quot;,&quot;size&quot;:10,&quot;sizes&quot;:[]},&quot;gap_tablet&quot;:{&quot;unit&quot;:&quot;px&quot;,&quot;size&quot;:10,&quot;sizes&quot;:[]},&quot;gap_mobile&quot;:{&quot;unit&quot;:&quot;px&quot;,&quot;size&quot;:10,&quot;sizes&quot;:[]},&quot;link_to&quot;:&quot;file&quot;,&quot;aspect_ratio&quot;:&quot;3:2&quot;,&quot;overlay_background&quot;:&quot;yes&quot;,&quot;content_hover_animation&quot;:&quot;fade-in&quot;}\" data-widget_type=\"gallery.default\">\n\t\t\t\t<div class=\"elementor-widget-container\">\n\t\t\t\t\t\t\t<div class=\"elementor-gallery__container\">\n\t\t\t\t\t\t\t<a class=\"e-gallery-item elementor-gallery-item elementor-animated-content\" href=\"https:\/\/www.cycles-blain.com\/fr\/wp-content\/uploads\/2025\/02\/tk24-launch-fxplus-editorial-3up-2-2.jpg\" data-elementor-open-lightbox=\"yes\" data-elementor-lightbox-slideshow=\"debfcef\" data-elementor-lightbox-title=\"Trek Fx+2 2025\" data-e-action-hash=\"#elementor-action%3Aaction%3Dlightbox%26settings%3DeyJpZCI6MTI2NTksInVybCI6Imh0dHBzOlwvXC93d3cuY3ljbGVzLWJsYWluLmNvbVwvZnJcL3dwLWNvbnRlbnRcL3VwbG9hZHNcLzIwMjVcLzAyXC90azI0LWxhdW5jaC1meHBsdXMtZWRpdG9yaWFsLTN1cC0yLTIuanBnIiwic2xpZGVzaG93IjoiZGViZmNlZiJ9\">\n\t\t\t\t\t<div class=\"e-gallery-image elementor-gallery-item__image\" data-thumbnail=\"https:\/\/www.cycles-blain.com\/fr\/wp-content\/uploads\/2025\/02\/tk24-launch-fxplus-editorial-3up-2-2-300x225.jpg\" data-width=\"300\" data-height=\"225\" aria-label=\"Trek Fx+2 2025\" role=\"img\" ><\/div>\n\t\t\t\t\t\t\t\t\t\t\t<div class=\"elementor-gallery-item__overlay\"><\/div>\n\t\t\t\t\t\t\t\t\t\t\t\t\t\t<\/a>\n\t\t\t\t\t\t\t<a class=\"e-gallery-item elementor-gallery-item elementor-animated-content\" href=\"https:\/\/www.cycles-blain.com\/fr\/wp-content\/uploads\/2025\/02\/tk24-launch-fxplus-editorial-3up-2-3.jpg\" data-elementor-open-lightbox=\"yes\" data-elementor-lightbox-slideshow=\"debfcef\" data-elementor-lightbox-title=\"Trek Fx+2 2025 2\" data-e-action-hash=\"#elementor-action%3Aaction%3Dlightbox%26settings%3DeyJpZCI6MTI2NTYsInVybCI6Imh0dHBzOlwvXC93d3cuY3ljbGVzLWJsYWluLmNvbVwvZnJcL3dwLWNvbnRlbnRcL3VwbG9hZHNcLzIwMjVcLzAyXC90azI0LWxhdW5jaC1meHBsdXMtZWRpdG9yaWFsLTN1cC0yLTMuanBnIiwic2xpZGVzaG93IjoiZGViZmNlZiJ9\">\n\t\t\t\t\t<div class=\"e-gallery-image elementor-gallery-item__image\" data-thumbnail=\"https:\/\/www.cycles-blain.com\/fr\/wp-content\/uploads\/2025\/02\/tk24-launch-fxplus-editorial-3up-2-3-300x225.jpg\" data-width=\"300\" data-height=\"225\" aria-label=\"Trek Fx+2 2025\" role=\"img\" ><\/div>\n\t\t\t\t\t\t\t\t\t\t\t<div class=\"elementor-gallery-item__overlay\"><\/div>\n\t\t\t\t\t\t\t\t\t\t\t\t\t\t<\/a>\n\t\t\t\t\t\t\t<a class=\"e-gallery-item elementor-gallery-item elementor-animated-content\" href=\"https:\/\/www.cycles-blain.com\/fr\/wp-content\/uploads\/2025\/02\/tk24-launch-fxplus-editorial-2up-marquee-2-1.jpg\" data-elementor-open-lightbox=\"yes\" data-elementor-lightbox-slideshow=\"debfcef\" data-elementor-lightbox-title=\"Trek Fx+7 2025 2\" data-e-action-hash=\"#elementor-action%3Aaction%3Dlightbox%26settings%3DeyJpZCI6MTI2NTcsInVybCI6Imh0dHBzOlwvXC93d3cuY3ljbGVzLWJsYWluLmNvbVwvZnJcL3dwLWNvbnRlbnRcL3VwbG9hZHNcLzIwMjVcLzAyXC90azI0LWxhdW5jaC1meHBsdXMtZWRpdG9yaWFsLTJ1cC1tYXJxdWVlLTItMS5qcGciLCJzbGlkZXNob3ciOiJkZWJmY2VmIn0%3D\">\n\t\t\t\t\t<div class=\"e-gallery-image elementor-gallery-item__image\" data-thumbnail=\"https:\/\/www.cycles-blain.com\/fr\/wp-content\/uploads\/2025\/02\/tk24-launch-fxplus-editorial-2up-marquee-2-1-300x169.jpg\" data-width=\"300\" data-height=\"169\" aria-label=\"Trek Fx+7 2025\" role=\"img\" ><\/div>\n\t\t\t\t\t\t\t\t\t\t\t<div class=\"elementor-gallery-item__overlay\"><\/div>\n\t\t\t\t\t\t\t\t\t\t\t\t\t\t<\/a>\n\t\t\t\t\t\t\t<a class=\"e-gallery-item elementor-gallery-item elementor-animated-content\" href=\"https:\/\/www.cycles-blain.com\/fr\/wp-content\/uploads\/2025\/02\/tk24-launch-fxplus-editorial-3up-1-6.jpg\" data-elementor-open-lightbox=\"yes\" data-elementor-lightbox-slideshow=\"debfcef\" data-elementor-lightbox-title=\"Trek Fx+7 2025\" data-e-action-hash=\"#elementor-action%3Aaction%3Dlightbox%26settings%3DeyJpZCI6MTI2NTgsInVybCI6Imh0dHBzOlwvXC93d3cuY3ljbGVzLWJsYWluLmNvbVwvZnJcL3dwLWNvbnRlbnRcL3VwbG9hZHNcLzIwMjVcLzAyXC90azI0LWxhdW5jaC1meHBsdXMtZWRpdG9yaWFsLTN1cC0xLTYuanBnIiwic2xpZGVzaG93IjoiZGViZmNlZiJ9\">\n\t\t\t\t\t<div class=\"e-gallery-image elementor-gallery-item__image\" data-thumbnail=\"https:\/\/www.cycles-blain.com\/fr\/wp-content\/uploads\/2025\/02\/tk24-launch-fxplus-editorial-3up-1-6-300x225.jpg\" data-width=\"300\" data-height=\"225\" aria-label=\"Trek Fx+7 2025\" role=\"img\" ><\/div>\n\t\t\t\t\t\t\t\t\t\t\t<div class=\"elementor-gallery-item__overlay\"><\/div>\n\t\t\t\t\t\t\t\t\t\t\t\t\t\t<\/a>\n\t\t\t\t\t<\/div>\n\t\t\t\t\t<\/div>\n\t\t\t\t<\/div>\n\t\t\t\t\t<\/div>\n\t\t\t\t<\/div>\n\t\t<div class=\"elementor-element elementor-element-2d71cd5 e-flex e-con-boxed e-con e-parent\" data-id=\"2d71cd5\" data-element_type=\"container\" data-e-type=\"container\">\n\t\t\t\t\t<div class=\"e-con-inner\">\n\t\t\t\t<div class=\"elementor-element elementor-element-b261905 elementor-widget elementor-widget-heading\" data-id=\"b261905\" data-element_type=\"widget\" data-e-type=\"widget\" data-widget_type=\"heading.default\">\n\t\t\t\t<div class=\"elementor-widget-container\">\n\t\t\t\t\t<h3 class=\"elementor-heading-title elementor-size-default\">Deux versions du VAE Trek : Fx+ 2 ou Fx+ 7<\/h3>\t\t\t\t<\/div>\n\t\t\t\t<\/div>\n\t\t\t\t\t<\/div>\n\t\t\t\t<\/div>\n\t\t<div class=\"elementor-element elementor-element-0c0960c e-flex e-con-boxed e-con e-parent\" data-id=\"0c0960c\" data-element_type=\"container\" data-e-type=\"container\">\n\t\t\t\t\t<div class=\"e-con-inner\">\n\t\t\t\t<div class=\"elementor-element elementor-element-fb3f745 elementor-widget elementor-widget-text-editor\" data-id=\"fb3f745\" data-element_type=\"widget\" data-e-type=\"widget\" data-widget_type=\"text-editor.default\">\n\t\t\t\t<div class=\"elementor-widget-container\">\n\t\t\t\t\t\t\t\t\t<p>Le nouveau FX+ 2025 existe en deux versions qui se distinguent surtout par le moteur et le cadre :<\/p>\n<ul>\n<li>&nbsp;<a href=\"https:\/\/www.cycles-blain.com\/velo-ville-electrique\/1221-1795-fx7-2025-trek-197216078227.html#\/3-taille_cadre-l\/11-couleur-noir\" target=\"_blank\">Le FX+ 7 \u00e0 partir de 4 559 \u20ac<\/a>&nbsp; : Trek le d\u00e9crit ainsi : <i>\u00ab\u00a0Ce v\u00e9lo \u00e9lectrique de v\u00e9lotaf haut de gamme est un bijou de puissance et de commodit\u00e9, avec en prime un look d\u2019une \u00e9l\u00e9gance rare. \u00c9quip\u00e9 d\u2019une batterie plus puissante et qui dure plus longtemps que le FX+ 2, d\u2019un chargeur de t\u00e9l\u00e9phone Quad Lock et de nombreux accessoires int\u00e9gr\u00e9s, le FX+7S est le v\u00e9lo de ville \u00e9lectrique du futur par excellence\u00a0\u00bb.<\/i><br>Le FX+ 7 est disponible en cadre haut ou Trap\u00e8ze et <b>2 colories<\/b> pour chaque cadre.<br><br><\/li>\n<li><a href=\"https:\/\/www.cycles-blain.com\/velo-ville-electrique\/1222-1792-fx-2-lt-2025-trek-601479198924.html#\/3-taille_cadre-l\/14-couleur-bleu\/65-forme_cadre-cadre_trapeze\" target=\"_blank\">Le FX+ 2 \u00e0 partir de 2 359 \u20ac<\/a>&nbsp;: Le FX+ 2 est donc beaucoup plus \u00ab\u00a0accessible\u00a0\u00bb avec son moteur arri\u00e8re de 40 Nm, 56 km d&rsquo;autonomie, une batterie de 250wh et une assistance active jusqu&rsquo;\u00e0 32 km\/h.<br>Le FX+ 2 est disponible en cadre haut ou Trap\u00e8ze et <b>3 colories<\/b> pour chaque cadre.<\/li>\n<\/ul>\t\t\t\t\t\t\t\t<\/div>\n\t\t\t\t<\/div>\n\t\t\t\t\t<\/div>\n\t\t\t\t<\/div>\n\t\t<div class=\"elementor-element elementor-element-ef5a879 e-flex e-con-boxed e-con e-parent\" data-id=\"ef5a879\" data-element_type=\"container\" data-e-type=\"container\">\n\t\t\t\t\t<div class=\"e-con-inner\">\n\t\t\t\t<div class=\"elementor-element elementor-element-04f99fd elementor-align-center elementor-widget elementor-widget-button\" data-id=\"04f99fd\" data-element_type=\"widget\" data-e-type=\"widget\" data-widget_type=\"button.default\">\n\t\t\t\t<div class=\"elementor-widget-container\">\n\t\t\t\t\t\t\t\t\t<div class=\"elementor-button-wrapper\">\n\t\t\t\t\t<a class=\"elementor-button elementor-button-link elementor-size-sm\" href=\"https:\/\/www.cycles-blain.com\/content\/14-magasin-velos-lyon-5-veran\">\n\t\t\t\t\t\t<span class=\"elementor-button-content-wrapper\">\n\t\t\t\t\t\t\t\t\t<span class=\"elementor-button-text\">Je vais au Magasin Trek de Lyon 5<\/span>\n\t\t\t\t\t<\/span>\n\t\t\t\t\t<\/a>\n\t\t\t\t<\/div>\n\t\t\t\t\t\t\t\t<\/div>\n\t\t\t\t<\/div>\n\t\t\t\t\t<\/div>\n\t\t\t\t<\/div>\n\t\t\t\t<\/div>\n\t\t","protected":false},"excerpt":{"rendered":"<p>Trek inaugure son nouveau v\u00e9lo \u00e9lectrique urbain l\u00e9ger : le FX+ 2025 excellent en velotaf et loisirs &#8211; Rendez-vous au magasin Trek de Lyon 5<\/p>\n","protected":false},"author":1,"featured_media":12642,"comment_status":"open","ping_status":"open","sticky":false,"template":"","format":"standard","meta":{"site-sidebar-layout":"default","site-content-layout":"","ast-site-content-layout":"default","site-content-style":"default","site-sidebar-style":"default","ast-global-header-display":"","ast-banner-title-visibility":"","ast-main-header-display":"","ast-hfb-above-header-display":"","ast-hfb-below-header-display":"","ast-hfb-mobile-header-display":"","site-post-title":"","ast-breadcrumbs-content":"","ast-featured-img":"disabled","footer-sml-layout":"","theme-transparent-header-meta":"","adv-header-id-meta":"","stick-header-meta":"","header-above-stick-meta":"","header-main-stick-meta":"","header-below-stick-meta":"","astra-migrate-meta-layouts":"set","ast-page-background-enabled":"default","ast-page-background-meta":{"desktop":{"background-color":"","background-image":"","background-repeat":"repeat","background-position":"center center","background-size":"auto","background-attachment":"scroll","background-type":"","background-media":"","overlay-type":"","overlay-color":"","overlay-gradient":""},"tablet":{"background-color":"","background-image":"","background-repeat":"repeat","background-position":"center center","background-size":"auto","background-attachment":"scroll","background-type":"","background-media":"","overlay-type":"","overlay-color":"","overlay-gradient":""},"mobile":{"background-color":"","background-image":"","background-repeat":"repeat","background-position":"center center","background-size":"auto","background-attachment":"scroll","background-type":"","background-media":"","overlay-type":"","overlay-color":"","overlay-gradient":""}},"ast-content-background-meta":{"desktop":{"background-color":"var(--ast-global-color-5)","background-image":"","background-repeat":"repeat","background-position":"center center","background-size":"auto","background-attachment":"scroll","background-type":"","background-media":"","overlay-type":"","overlay-color":"","overlay-gradient":""},"tablet":{"background-color":"var(--ast-global-color-5)","background-image":"","background-repeat":"repeat","background-position":"center center","background-size":"auto","background-attachment":"scroll","background-type":"","background-media":"","overlay-type":"","overlay-color":"","overlay-gradient":""},"mobile":{"background-color":"var(--ast-global-color-5)","background-image":"","background-repeat":"repeat","background-position":"center center","background-size":"auto","background-attachment":"scroll","background-type":"","background-media":"","overlay-type":"","overlay-color":"","overlay-gradient":""}},"footnotes":""},"categories":[6,4,81,53,8],"tags":[177,51],"class_list":["post-12640","post","type-post","status-publish","format-standard","has-post-thumbnail","hentry","category-magasins-velo","category-velo","category-magasin-lyon-5","category-velo-electrique","category-velotaf","tag-trek","tag-velo-urbain"],"yoast_head":"<!-- This site is optimized with the Yoast SEO plugin v27.5 - https:\/\/yoast.com\/product\/yoast-seo-wordpress\/ -->\n<title>TREK FX+ 2025 - Nouveau v\u00e9lo Electrique urbain l\u00e9ger TREK - CYCLES BLAIN<\/title>\n<meta name=\"description\" content=\"Trek inaugure son nouveau v\u00e9lo \u00e9lectrique urbain l\u00e9ger : le FX+ 2025 excellent en velotaf et loisirs - Rendez-vous au magasin Trek de Lyon 5\" \/>\n<meta name=\"robots\" content=\"index, follow, max-snippet:-1, max-image-preview:large, max-video-preview:-1\" \/>\n<link rel=\"canonical\" href=\"https:\/\/www.cycles-blain.com\/fr\/velo\/trek-fx-2025-velo-electrique-urbain-leger\/\" \/>\n<meta property=\"og:locale\" content=\"fr_FR\" \/>\n<meta property=\"og:type\" content=\"article\" \/>\n<meta property=\"og:title\" content=\"TREK FX+ 2025 - Nouveau v\u00e9lo Electrique urbain l\u00e9ger TREK - CYCLES BLAIN\" \/>\n<meta property=\"og:description\" content=\"Trek inaugure son nouveau v\u00e9lo \u00e9lectrique urbain l\u00e9ger : le FX+ 2025 excellent en velotaf et loisirs - Rendez-vous au magasin Trek de Lyon 5\" \/>\n<meta property=\"og:url\" content=\"https:\/\/www.cycles-blain.com\/fr\/velo\/trek-fx-2025-velo-electrique-urbain-leger\/\" \/>\n<meta property=\"og:site_name\" content=\"CyclesBlain - Magasins de v\u00e9los, accessoires et ateliers\" \/>\n<meta property=\"article:publisher\" content=\"https:\/\/www.facebook.com\/cyclesblain\/?locale=fr_FR\" \/>\n<meta property=\"article:published_time\" content=\"2025-02-12T09:08:35+00:00\" \/>\n<meta property=\"article:modified_time\" content=\"2025-02-12T10:14:24+00:00\" \/>\n<meta property=\"og:image\" content=\"https:\/\/www.cycles-blain.com\/fr\/wp-content\/uploads\/2025\/02\/trek-fxplus2025.jpg\" \/>\n\t<meta property=\"og:image:width\" content=\"600\" \/>\n\t<meta property=\"og:image:height\" content=\"450\" \/>\n\t<meta property=\"og:image:type\" content=\"image\/jpeg\" \/>\n<meta name=\"author\" content=\"Gueweb\" \/>\n<meta name=\"twitter:card\" content=\"summary_large_image\" \/>\n<meta name=\"twitter:label1\" content=\"\u00c9crit par\" \/>\n\t<meta name=\"twitter:data1\" content=\"Gueweb\" \/>\n\t<meta name=\"twitter:label2\" content=\"Dur\u00e9e de lecture estim\u00e9e\" \/>\n\t<meta name=\"twitter:data2\" content=\"2 minutes\" \/>\n<script type=\"application\/ld+json\" class=\"yoast-schema-graph\">{\"@context\":\"https:\\\/\\\/schema.org\",\"@graph\":[{\"@type\":\"Article\",\"@id\":\"https:\\\/\\\/www.cycles-blain.com\\\/fr\\\/velo\\\/trek-fx-2025-velo-electrique-urbain-leger\\\/#article\",\"isPartOf\":{\"@id\":\"https:\\\/\\\/www.cycles-blain.com\\\/fr\\\/velo\\\/trek-fx-2025-velo-electrique-urbain-leger\\\/\"},\"author\":{\"name\":\"Gueweb\",\"@id\":\"https:\\\/\\\/www.cycles-blain.com\\\/fr\\\/#\\\/schema\\\/person\\\/6fb8bad852fde893fb61b7b05936af37\"},\"headline\":\"TREK FX+ 2025 &#8211; Nouveau v\u00e9lo Electrique urbain l\u00e9ger TREK\",\"datePublished\":\"2025-02-12T09:08:35+00:00\",\"dateModified\":\"2025-02-12T10:14:24+00:00\",\"mainEntityOfPage\":{\"@id\":\"https:\\\/\\\/www.cycles-blain.com\\\/fr\\\/velo\\\/trek-fx-2025-velo-electrique-urbain-leger\\\/\"},\"wordCount\":352,\"commentCount\":0,\"publisher\":{\"@id\":\"https:\\\/\\\/www.cycles-blain.com\\\/fr\\\/#organization\"},\"image\":{\"@id\":\"https:\\\/\\\/www.cycles-blain.com\\\/fr\\\/velo\\\/trek-fx-2025-velo-electrique-urbain-leger\\\/#primaryimage\"},\"thumbnailUrl\":\"https:\\\/\\\/www.cycles-blain.com\\\/fr\\\/wp-content\\\/uploads\\\/2025\\\/02\\\/trek-fxplus2025.jpg\",\"keywords\":[\"trek\",\"velo urbain\"],\"articleSection\":[\"Actus Magasins\",\"Actus V\u00e9lo\",\"Magasin-CyclesVeran\",\"V\u00e9lo Electrique\",\"VeloTaf\"],\"inLanguage\":\"fr-FR\",\"potentialAction\":[{\"@type\":\"CommentAction\",\"name\":\"Comment\",\"target\":[\"https:\\\/\\\/www.cycles-blain.com\\\/fr\\\/velo\\\/trek-fx-2025-velo-electrique-urbain-leger\\\/#respond\"]}]},{\"@type\":\"WebPage\",\"@id\":\"https:\\\/\\\/www.cycles-blain.com\\\/fr\\\/velo\\\/trek-fx-2025-velo-electrique-urbain-leger\\\/\",\"url\":\"https:\\\/\\\/www.cycles-blain.com\\\/fr\\\/velo\\\/trek-fx-2025-velo-electrique-urbain-leger\\\/\",\"name\":\"TREK FX+ 2025 - Nouveau v\u00e9lo Electrique urbain l\u00e9ger TREK - CYCLES BLAIN\",\"isPartOf\":{\"@id\":\"https:\\\/\\\/www.cycles-blain.com\\\/fr\\\/#website\"},\"primaryImageOfPage\":{\"@id\":\"https:\\\/\\\/www.cycles-blain.com\\\/fr\\\/velo\\\/trek-fx-2025-velo-electrique-urbain-leger\\\/#primaryimage\"},\"image\":{\"@id\":\"https:\\\/\\\/www.cycles-blain.com\\\/fr\\\/velo\\\/trek-fx-2025-velo-electrique-urbain-leger\\\/#primaryimage\"},\"thumbnailUrl\":\"https:\\\/\\\/www.cycles-blain.com\\\/fr\\\/wp-content\\\/uploads\\\/2025\\\/02\\\/trek-fxplus2025.jpg\",\"datePublished\":\"2025-02-12T09:08:35+00:00\",\"dateModified\":\"2025-02-12T10:14:24+00:00\",\"description\":\"Trek inaugure son nouveau v\u00e9lo \u00e9lectrique urbain l\u00e9ger : le FX+ 2025 excellent en velotaf et loisirs - Rendez-vous au magasin Trek de Lyon 5\",\"breadcrumb\":{\"@id\":\"https:\\\/\\\/www.cycles-blain.com\\\/fr\\\/velo\\\/trek-fx-2025-velo-electrique-urbain-leger\\\/#breadcrumb\"},\"inLanguage\":\"fr-FR\",\"potentialAction\":[{\"@type\":\"ReadAction\",\"target\":[\"https:\\\/\\\/www.cycles-blain.com\\\/fr\\\/velo\\\/trek-fx-2025-velo-electrique-urbain-leger\\\/\"]}]},{\"@type\":\"ImageObject\",\"inLanguage\":\"fr-FR\",\"@id\":\"https:\\\/\\\/www.cycles-blain.com\\\/fr\\\/velo\\\/trek-fx-2025-velo-electrique-urbain-leger\\\/#primaryimage\",\"url\":\"https:\\\/\\\/www.cycles-blain.com\\\/fr\\\/wp-content\\\/uploads\\\/2025\\\/02\\\/trek-fxplus2025.jpg\",\"contentUrl\":\"https:\\\/\\\/www.cycles-blain.com\\\/fr\\\/wp-content\\\/uploads\\\/2025\\\/02\\\/trek-fxplus2025.jpg\",\"width\":600,\"height\":450,\"caption\":\"Trek Fx+ 2025 - V\u00e9lo Electrique urbain l\u00e9ger\"},{\"@type\":\"BreadcrumbList\",\"@id\":\"https:\\\/\\\/www.cycles-blain.com\\\/fr\\\/velo\\\/trek-fx-2025-velo-electrique-urbain-leger\\\/#breadcrumb\",\"itemListElement\":[{\"@type\":\"ListItem\",\"position\":1,\"name\":\"Accueil\",\"item\":\"https:\\\/\\\/www.cycles-blain.com\\\/fr\\\/\"},{\"@type\":\"ListItem\",\"position\":2,\"name\":\"TREK FX+ 2025 &#8211; Nouveau v\u00e9lo Electrique urbain l\u00e9ger TREK\"}]},{\"@type\":\"WebSite\",\"@id\":\"https:\\\/\\\/www.cycles-blain.com\\\/fr\\\/#website\",\"url\":\"https:\\\/\\\/www.cycles-blain.com\\\/fr\\\/\",\"name\":\"CyclesBlain - Magasins de v\u00e9los, accessoires et ateliers\",\"description\":\"Blog Cycles Blain\",\"publisher\":{\"@id\":\"https:\\\/\\\/www.cycles-blain.com\\\/fr\\\/#organization\"},\"potentialAction\":[{\"@type\":\"SearchAction\",\"target\":{\"@type\":\"EntryPoint\",\"urlTemplate\":\"https:\\\/\\\/www.cycles-blain.com\\\/fr\\\/?s={search_term_string}\"},\"query-input\":{\"@type\":\"PropertyValueSpecification\",\"valueRequired\":true,\"valueName\":\"search_term_string\"}}],\"inLanguage\":\"fr-FR\"},{\"@type\":\"Organization\",\"@id\":\"https:\\\/\\\/www.cycles-blain.com\\\/fr\\\/#organization\",\"name\":\"CyclesBlain - Magasins de v\u00e9los, accessoires et ateliers\",\"url\":\"https:\\\/\\\/www.cycles-blain.com\\\/fr\\\/\",\"logo\":{\"@type\":\"ImageObject\",\"inLanguage\":\"fr-FR\",\"@id\":\"https:\\\/\\\/www.cycles-blain.com\\\/fr\\\/#\\\/schema\\\/logo\\\/image\\\/\",\"url\":\"https:\\\/\\\/www.cycles-blain.com\\\/fr\\\/wp-content\\\/uploads\\\/2023\\\/10\\\/logo-cycles-blain.jpeg\",\"contentUrl\":\"https:\\\/\\\/www.cycles-blain.com\\\/fr\\\/wp-content\\\/uploads\\\/2023\\\/10\\\/logo-cycles-blain.jpeg\",\"width\":264,\"height\":191,\"caption\":\"CyclesBlain - Magasins de v\u00e9los, accessoires et ateliers\"},\"image\":{\"@id\":\"https:\\\/\\\/www.cycles-blain.com\\\/fr\\\/#\\\/schema\\\/logo\\\/image\\\/\"},\"sameAs\":[\"https:\\\/\\\/www.facebook.com\\\/cyclesblain\\\/?locale=fr_FR\",\"https:\\\/\\\/www.instagram.com\\\/cycles_blain\\\/?hl=fr\"]},{\"@type\":\"Person\",\"@id\":\"https:\\\/\\\/www.cycles-blain.com\\\/fr\\\/#\\\/schema\\\/person\\\/6fb8bad852fde893fb61b7b05936af37\",\"name\":\"Gueweb\",\"image\":{\"@type\":\"ImageObject\",\"inLanguage\":\"fr-FR\",\"@id\":\"https:\\\/\\\/secure.gravatar.com\\\/avatar\\\/52550bc594eb074508114b963209b157358b27e5a0319de1bb723df3f760ca2d?s=96&d=mm&r=g\",\"url\":\"https:\\\/\\\/secure.gravatar.com\\\/avatar\\\/52550bc594eb074508114b963209b157358b27e5a0319de1bb723df3f760ca2d?s=96&d=mm&r=g\",\"contentUrl\":\"https:\\\/\\\/secure.gravatar.com\\\/avatar\\\/52550bc594eb074508114b963209b157358b27e5a0319de1bb723df3f760ca2d?s=96&d=mm&r=g\",\"caption\":\"Gueweb\"},\"sameAs\":[\"https:\\\/\\\/www.cycles-blain.com\\\/\\\/fr\"],\"url\":\"https:\\\/\\\/www.cycles-blain.com\\\/fr\\\/author\\\/gueweb\\\/\"}]}<\/script>\n<!-- \/ Yoast SEO plugin. -->","yoast_head_json":{"title":"TREK FX+ 2025 - Nouveau v\u00e9lo Electrique urbain l\u00e9ger TREK - CYCLES BLAIN","description":"Trek inaugure son nouveau v\u00e9lo \u00e9lectrique urbain l\u00e9ger : le FX+ 2025 excellent en velotaf et loisirs - Rendez-vous au magasin Trek de Lyon 5","robots":{"index":"index","follow":"follow","max-snippet":"max-snippet:-1","max-image-preview":"max-image-preview:large","max-video-preview":"max-video-preview:-1"},"canonical":"https:\/\/www.cycles-blain.com\/fr\/velo\/trek-fx-2025-velo-electrique-urbain-leger\/","og_locale":"fr_FR","og_type":"article","og_title":"TREK FX+ 2025 - Nouveau v\u00e9lo Electrique urbain l\u00e9ger TREK - CYCLES BLAIN","og_description":"Trek inaugure son nouveau v\u00e9lo \u00e9lectrique urbain l\u00e9ger : le FX+ 2025 excellent en velotaf et loisirs - Rendez-vous au magasin Trek de Lyon 5","og_url":"https:\/\/www.cycles-blain.com\/fr\/velo\/trek-fx-2025-velo-electrique-urbain-leger\/","og_site_name":"CyclesBlain - Magasins de v\u00e9los, accessoires et ateliers","article_publisher":"https:\/\/www.facebook.com\/cyclesblain\/?locale=fr_FR","article_published_time":"2025-02-12T09:08:35+00:00","article_modified_time":"2025-02-12T10:14:24+00:00","og_image":[{"width":600,"height":450,"url":"https:\/\/www.cycles-blain.com\/fr\/wp-content\/uploads\/2025\/02\/trek-fxplus2025.jpg","type":"image\/jpeg"}],"author":"Gueweb","twitter_card":"summary_large_image","twitter_misc":{"\u00c9crit par":"Gueweb","Dur\u00e9e de lecture estim\u00e9e":"2 minutes"},"schema":{"@context":"https:\/\/schema.org","@graph":[{"@type":"Article","@id":"https:\/\/www.cycles-blain.com\/fr\/velo\/trek-fx-2025-velo-electrique-urbain-leger\/#article","isPartOf":{"@id":"https:\/\/www.cycles-blain.com\/fr\/velo\/trek-fx-2025-velo-electrique-urbain-leger\/"},"author":{"name":"Gueweb","@id":"https:\/\/www.cycles-blain.com\/fr\/#\/schema\/person\/6fb8bad852fde893fb61b7b05936af37"},"headline":"TREK FX+ 2025 &#8211; Nouveau v\u00e9lo Electrique urbain l\u00e9ger TREK","datePublished":"2025-02-12T09:08:35+00:00","dateModified":"2025-02-12T10:14:24+00:00","mainEntityOfPage":{"@id":"https:\/\/www.cycles-blain.com\/fr\/velo\/trek-fx-2025-velo-electrique-urbain-leger\/"},"wordCount":352,"commentCount":0,"publisher":{"@id":"https:\/\/www.cycles-blain.com\/fr\/#organization"},"image":{"@id":"https:\/\/www.cycles-blain.com\/fr\/velo\/trek-fx-2025-velo-electrique-urbain-leger\/#primaryimage"},"thumbnailUrl":"https:\/\/www.cycles-blain.com\/fr\/wp-content\/uploads\/2025\/02\/trek-fxplus2025.jpg","keywords":["trek","velo urbain"],"articleSection":["Actus Magasins","Actus V\u00e9lo","Magasin-CyclesVeran","V\u00e9lo Electrique","VeloTaf"],"inLanguage":"fr-FR","potentialAction":[{"@type":"CommentAction","name":"Comment","target":["https:\/\/www.cycles-blain.com\/fr\/velo\/trek-fx-2025-velo-electrique-urbain-leger\/#respond"]}]},{"@type":"WebPage","@id":"https:\/\/www.cycles-blain.com\/fr\/velo\/trek-fx-2025-velo-electrique-urbain-leger\/","url":"https:\/\/www.cycles-blain.com\/fr\/velo\/trek-fx-2025-velo-electrique-urbain-leger\/","name":"TREK FX+ 2025 - Nouveau v\u00e9lo Electrique urbain l\u00e9ger TREK - CYCLES BLAIN","isPartOf":{"@id":"https:\/\/www.cycles-blain.com\/fr\/#website"},"primaryImageOfPage":{"@id":"https:\/\/www.cycles-blain.com\/fr\/velo\/trek-fx-2025-velo-electrique-urbain-leger\/#primaryimage"},"image":{"@id":"https:\/\/www.cycles-blain.com\/fr\/velo\/trek-fx-2025-velo-electrique-urbain-leger\/#primaryimage"},"thumbnailUrl":"https:\/\/www.cycles-blain.com\/fr\/wp-content\/uploads\/2025\/02\/trek-fxplus2025.jpg","datePublished":"2025-02-12T09:08:35+00:00","dateModified":"2025-02-12T10:14:24+00:00","description":"Trek inaugure son nouveau v\u00e9lo \u00e9lectrique urbain l\u00e9ger : le FX+ 2025 excellent en velotaf et loisirs - Rendez-vous au magasin Trek de Lyon 5","breadcrumb":{"@id":"https:\/\/www.cycles-blain.com\/fr\/velo\/trek-fx-2025-velo-electrique-urbain-leger\/#breadcrumb"},"inLanguage":"fr-FR","potentialAction":[{"@type":"ReadAction","target":["https:\/\/www.cycles-blain.com\/fr\/velo\/trek-fx-2025-velo-electrique-urbain-leger\/"]}]},{"@type":"ImageObject","inLanguage":"fr-FR","@id":"https:\/\/www.cycles-blain.com\/fr\/velo\/trek-fx-2025-velo-electrique-urbain-leger\/#primaryimage","url":"https:\/\/www.cycles-blain.com\/fr\/wp-content\/uploads\/2025\/02\/trek-fxplus2025.jpg","contentUrl":"https:\/\/www.cycles-blain.com\/fr\/wp-content\/uploads\/2025\/02\/trek-fxplus2025.jpg","width":600,"height":450,"caption":"Trek Fx+ 2025 - V\u00e9lo Electrique urbain l\u00e9ger"},{"@type":"BreadcrumbList","@id":"https:\/\/www.cycles-blain.com\/fr\/velo\/trek-fx-2025-velo-electrique-urbain-leger\/#breadcrumb","itemListElement":[{"@type":"ListItem","position":1,"name":"Accueil","item":"https:\/\/www.cycles-blain.com\/fr\/"},{"@type":"ListItem","position":2,"name":"TREK FX+ 2025 &#8211; Nouveau v\u00e9lo Electrique urbain l\u00e9ger TREK"}]},{"@type":"WebSite","@id":"https:\/\/www.cycles-blain.com\/fr\/#website","url":"https:\/\/www.cycles-blain.com\/fr\/","name":"CyclesBlain - Magasins de v\u00e9los, accessoires et ateliers","description":"Blog Cycles Blain","publisher":{"@id":"https:\/\/www.cycles-blain.com\/fr\/#organization"},"potentialAction":[{"@type":"SearchAction","target":{"@type":"EntryPoint","urlTemplate":"https:\/\/www.cycles-blain.com\/fr\/?s={search_term_string}"},"query-input":{"@type":"PropertyValueSpecification","valueRequired":true,"valueName":"search_term_string"}}],"inLanguage":"fr-FR"},{"@type":"Organization","@id":"https:\/\/www.cycles-blain.com\/fr\/#organization","name":"CyclesBlain - Magasins de v\u00e9los, accessoires et ateliers","url":"https:\/\/www.cycles-blain.com\/fr\/","logo":{"@type":"ImageObject","inLanguage":"fr-FR","@id":"https:\/\/www.cycles-blain.com\/fr\/#\/schema\/logo\/image\/","url":"https:\/\/www.cycles-blain.com\/fr\/wp-content\/uploads\/2023\/10\/logo-cycles-blain.jpeg","contentUrl":"https:\/\/www.cycles-blain.com\/fr\/wp-content\/uploads\/2023\/10\/logo-cycles-blain.jpeg","width":264,"height":191,"caption":"CyclesBlain - Magasins de v\u00e9los, accessoires et ateliers"},"image":{"@id":"https:\/\/www.cycles-blain.com\/fr\/#\/schema\/logo\/image\/"},"sameAs":["https:\/\/www.facebook.com\/cyclesblain\/?locale=fr_FR","https:\/\/www.instagram.com\/cycles_blain\/?hl=fr"]},{"@type":"Person","@id":"https:\/\/www.cycles-blain.com\/fr\/#\/schema\/person\/6fb8bad852fde893fb61b7b05936af37","name":"Gueweb","image":{"@type":"ImageObject","inLanguage":"fr-FR","@id":"https:\/\/secure.gravatar.com\/avatar\/52550bc594eb074508114b963209b157358b27e5a0319de1bb723df3f760ca2d?s=96&d=mm&r=g","url":"https:\/\/secure.gravatar.com\/avatar\/52550bc594eb074508114b963209b157358b27e5a0319de1bb723df3f760ca2d?s=96&d=mm&r=g","contentUrl":"https:\/\/secure.gravatar.com\/avatar\/52550bc594eb074508114b963209b157358b27e5a0319de1bb723df3f760ca2d?s=96&d=mm&r=g","caption":"Gueweb"},"sameAs":["https:\/\/www.cycles-blain.com\/\/fr"],"url":"https:\/\/www.cycles-blain.com\/fr\/author\/gueweb\/"}]}},"_links":{"self":[{"href":"https:\/\/www.cycles-blain.com\/fr\/wp-json\/wp\/v2\/posts\/12640","targetHints":{"allow":["GET"]}}],"collection":[{"href":"https:\/\/www.cycles-blain.com\/fr\/wp-json\/wp\/v2\/posts"}],"about":[{"href":"https:\/\/www.cycles-blain.com\/fr\/wp-json\/wp\/v2\/types\/post"}],"author":[{"embeddable":true,"href":"https:\/\/www.cycles-blain.com\/fr\/wp-json\/wp\/v2\/users\/1"}],"replies":[{"embeddable":true,"href":"https:\/\/www.cycles-blain.com\/fr\/wp-json\/wp\/v2\/comments?post=12640"}],"version-history":[{"count":28,"href":"https:\/\/www.cycles-blain.com\/fr\/wp-json\/wp\/v2\/posts\/12640\/revisions"}],"predecessor-version":[{"id":12674,"href":"https:\/\/www.cycles-blain.com\/fr\/wp-json\/wp\/v2\/posts\/12640\/revisions\/12674"}],"wp:featuredmedia":[{"embeddable":true,"href":"https:\/\/www.cycles-blain.com\/fr\/wp-json\/wp\/v2\/media\/12642"}],"wp:attachment":[{"href":"https:\/\/www.cycles-blain.com\/fr\/wp-json\/wp\/v2\/media?parent=12640"}],"wp:term":[{"taxonomy":"category","embeddable":true,"href":"https:\/\/www.cycles-blain.com\/fr\/wp-json\/wp\/v2\/categories?post=12640"},{"taxonomy":"post_tag","embeddable":true,"href":"https:\/\/www.cycles-blain.com\/fr\/wp-json\/wp\/v2\/tags?post=12640"}],"curies":[{"name":"wp","href":"https:\/\/api.w.org\/{rel}","templated":true}]}}