{"id":12742,"date":"2025-02-14T14:36:10","date_gmt":"2025-02-14T13:36:10","guid":{"rendered":"https:\/\/www.cycles-blain.com\/fr\/?p=12742"},"modified":"2025-02-17T09:15:50","modified_gmt":"2025-02-17T08:15:50","slug":"nouveaux-velos-route-colnago-y1rs-2025","status":"publish","type":"post","link":"https:\/\/www.cycles-blain.com\/fr\/velo\/nouveaux-velos-route-colnago-y1rs-2025\/","title":{"rendered":"Nouveau V\u00e9lo route Colnago 2025 : Le Y1RS 2025"},"content":{"rendered":"\t\t<div data-elementor-type=\"wp-post\" data-elementor-id=\"12742\" class=\"elementor elementor-12742\" data-elementor-post-type=\"post\">\n\t\t\t\t<div class=\"elementor-element elementor-element-c6ac291 e-flex e-con-boxed e-con e-parent\" data-id=\"c6ac291\" data-element_type=\"container\" data-e-type=\"container\">\n\t\t\t\t\t<div class=\"e-con-inner\">\n\t\t\t\t<div class=\"elementor-element elementor-element-28ac260 elementor-widget elementor-widget-text-editor\" data-id=\"28ac260\" data-element_type=\"widget\" data-e-type=\"widget\" data-widget_type=\"text-editor.default\">\n\t\t\t\t<div class=\"elementor-widget-container\">\n\t\t\t\t\t\t\t\t\t<p><em><span class=\"components-truncate components-text css-1e29a8v e19lxcc00\" data-wp-c16t=\"true\" data-wp-component=\"Text\">Le nouveau v\u00e9lo de route Colnago Y1Rs arrivent chez CYCLES BLAIN sur Lyon ! D\u00e9couvrez ce v\u00e9lo premium et ultra a\u00e9ro.<\/span><\/em><\/p>\t\t\t\t\t\t\t\t<\/div>\n\t\t\t\t<\/div>\n\t\t\t\t\t<\/div>\n\t\t\t\t<\/div>\n\t\t<div class=\"elementor-element elementor-element-38cae69 e-flex e-con-boxed e-con e-parent\" data-id=\"38cae69\" data-element_type=\"container\" data-e-type=\"container\">\n\t\t\t\t\t<div class=\"e-con-inner\">\n\t\t\t\t<div class=\"elementor-element elementor-element-fc23d93 elementor-widget elementor-widget-heading\" data-id=\"fc23d93\" data-element_type=\"widget\" data-e-type=\"widget\" data-widget_type=\"heading.default\">\n\t\t\t\t<div class=\"elementor-widget-container\">\n\t\t\t\t\t<h3 class=\"elementor-heading-title elementor-size-default\">Le Y1Rs 2025 : Le v\u00e9lo le plus a\u00e9rodynamique du march\u00e9. \n <\/h3>\t\t\t\t<\/div>\n\t\t\t\t<\/div>\n\t\t\t\t\t<\/div>\n\t\t\t\t<\/div>\n\t\t<div class=\"elementor-element elementor-element-c9f0a29 e-flex e-con-boxed e-con e-parent\" data-id=\"c9f0a29\" data-element_type=\"container\" data-e-type=\"container\">\n\t\t\t\t\t<div class=\"e-con-inner\">\n\t\t\t\t<div class=\"elementor-element elementor-element-3e44691 elementor-widget elementor-widget-text-editor\" data-id=\"3e44691\" data-element_type=\"widget\" data-e-type=\"widget\" data-widget_type=\"text-editor.default\">\n\t\t\t\t<div class=\"elementor-widget-container\">\n\t\t\t\t\t\t\t\t\t<p>La l\u00e9gendaire marque italienne Colnago, repousse une nouvelle fois les limites de l&rsquo;innovation. Le nouveau v\u00e9lo a\u00e9ro Colnago Y1Rs 2025 est un v\u00e9lo d&rsquo;excellence alliant <strong>l\u00e9g\u00e8ret\u00e9<\/strong> et <strong>a\u00e9rodynamisme<\/strong>.\u00a0 Ce v\u00e9lo a\u00e9ro a r\u00e9clam\u00e9 plus de 2 ans de d\u00e9veloppement et devrait \u00e9quip\u00e9 l&rsquo;\u00e9quipe UAE-Emirates dans les prochains mois.<\/p>\t\t\t\t\t\t\t\t<\/div>\n\t\t\t\t<\/div>\n\t\t\t\t<div class=\"elementor-element elementor-element-0e04996 elementor-widget elementor-widget-heading\" data-id=\"0e04996\" data-element_type=\"widget\" data-e-type=\"widget\" data-widget_type=\"heading.default\">\n\t\t\t\t<div class=\"elementor-widget-container\">\n\t\t\t\t\t<h3 class=\"elementor-heading-title elementor-size-default\">Un concentr\u00e9 de technologie sign\u00e9 Colnago<\/h3>\t\t\t\t<\/div>\n\t\t\t\t<\/div>\n\t\t\t\t<div class=\"elementor-element elementor-element-c6c9daa elementor-widget elementor-widget-text-editor\" data-id=\"c6c9daa\" data-element_type=\"widget\" data-e-type=\"widget\" data-widget_type=\"text-editor.default\">\n\t\t\t\t<div class=\"elementor-widget-container\">\n\t\t\t\t\t\t\t\t\t<p data-pm-slice=\"1 1 []\">Le Colnago Y1RS est con\u00e7u pour les cyclistes exigeants qui recherchent une machine performante et r\u00e9active. Son cadre <strong><em>Colnago Y1Rs carbon frame<\/em> <\/strong>optimise \u00e0 la fois la transmission de puissance et le confort, m\u00eame sur les longues sorties. Gr\u00e2ce \u00e0 une <em><strong>int\u00e9gration pouss\u00e9e des c\u00e2bles<\/strong><\/em> et une conception a\u00e9rodynamique avanc\u00e9e, ce mod\u00e8le assure un rendement optimal dans toutes les conditions.<\/p><p>Colnago annonce un gain de 15 watts \u00e0 50 km\/h par rapport au Colnago V4RS, de quoi am\u00e9liorer encore les performances de Pobacar !\u00a0<\/p>\t\t\t\t\t\t\t\t<\/div>\n\t\t\t\t<\/div>\n\t\t\t\t<div class=\"elementor-element elementor-element-c45dbd1 elementor-widget elementor-widget-gallery\" data-id=\"c45dbd1\" data-element_type=\"widget\" data-e-type=\"widget\" data-settings=\"{&quot;columns&quot;:2,&quot;lazyload&quot;:&quot;yes&quot;,&quot;gallery_layout&quot;:&quot;grid&quot;,&quot;columns_tablet&quot;:2,&quot;columns_mobile&quot;:1,&quot;gap&quot;:{&quot;unit&quot;:&quot;px&quot;,&quot;size&quot;:10,&quot;sizes&quot;:[]},&quot;gap_tablet&quot;:{&quot;unit&quot;:&quot;px&quot;,&quot;size&quot;:10,&quot;sizes&quot;:[]},&quot;gap_mobile&quot;:{&quot;unit&quot;:&quot;px&quot;,&quot;size&quot;:10,&quot;sizes&quot;:[]},&quot;link_to&quot;:&quot;file&quot;,&quot;aspect_ratio&quot;:&quot;3:2&quot;,&quot;overlay_background&quot;:&quot;yes&quot;,&quot;content_hover_animation&quot;:&quot;fade-in&quot;}\" data-widget_type=\"gallery.default\">\n\t\t\t\t<div class=\"elementor-widget-container\">\n\t\t\t\t\t\t\t<div class=\"elementor-gallery__container\">\n\t\t\t\t\t\t\t<a class=\"e-gallery-item elementor-gallery-item elementor-animated-content\" href=\"https:\/\/www.cycles-blain.com\/fr\/wp-content\/uploads\/2025\/02\/colnago-y1rs.webp\" data-elementor-open-lightbox=\"yes\" data-elementor-lightbox-slideshow=\"c45dbd1\" data-elementor-lightbox-title=\"colnago-y1rs\" data-e-action-hash=\"#elementor-action%3Aaction%3Dlightbox%26settings%3DeyJpZCI6MTI3ODEsInVybCI6Imh0dHBzOlwvXC93d3cuY3ljbGVzLWJsYWluLmNvbVwvZnJcL3dwLWNvbnRlbnRcL3VwbG9hZHNcLzIwMjVcLzAyXC9jb2xuYWdvLXkxcnMud2VicCIsInNsaWRlc2hvdyI6ImM0NWRiZDEifQ%3D%3D\">\n\t\t\t\t\t<div class=\"e-gallery-image elementor-gallery-item__image\" data-thumbnail=\"https:\/\/www.cycles-blain.com\/fr\/wp-content\/uploads\/2025\/02\/colnago-y1rs-300x300.webp\" data-width=\"300\" data-height=\"300\" aria-label=\"Colnago Y1Rs\" role=\"img\" ><\/div>\n\t\t\t\t\t\t\t\t\t\t\t<div class=\"elementor-gallery-item__overlay\"><\/div>\n\t\t\t\t\t\t\t\t\t\t\t\t\t\t<\/a>\n\t\t\t\t\t\t\t<a class=\"e-gallery-item elementor-gallery-item elementor-animated-content\" href=\"https:\/\/www.cycles-blain.com\/fr\/wp-content\/uploads\/2025\/02\/colnago-y1rs-2.webp\" data-elementor-open-lightbox=\"yes\" data-elementor-lightbox-slideshow=\"c45dbd1\" data-elementor-lightbox-title=\"colnago-y1rs-2\" data-e-action-hash=\"#elementor-action%3Aaction%3Dlightbox%26settings%3DeyJpZCI6MTI3ODMsInVybCI6Imh0dHBzOlwvXC93d3cuY3ljbGVzLWJsYWluLmNvbVwvZnJcL3dwLWNvbnRlbnRcL3VwbG9hZHNcLzIwMjVcLzAyXC9jb2xuYWdvLXkxcnMtMi53ZWJwIiwic2xpZGVzaG93IjoiYzQ1ZGJkMSJ9\">\n\t\t\t\t\t<div class=\"e-gallery-image elementor-gallery-item__image\" data-thumbnail=\"https:\/\/www.cycles-blain.com\/fr\/wp-content\/uploads\/2025\/02\/colnago-y1rs-2-300x300.webp\" data-width=\"300\" data-height=\"300\" aria-label=\"Colnago Y1Rs\" role=\"img\" ><\/div>\n\t\t\t\t\t\t\t\t\t\t\t<div class=\"elementor-gallery-item__overlay\"><\/div>\n\t\t\t\t\t\t\t\t\t\t\t\t\t\t<\/a>\n\t\t\t\t\t\t\t<a class=\"e-gallery-item elementor-gallery-item elementor-animated-content\" href=\"https:\/\/www.cycles-blain.com\/fr\/wp-content\/uploads\/2025\/02\/colnago-y1rs-3.webp\" data-elementor-open-lightbox=\"yes\" data-elementor-lightbox-slideshow=\"c45dbd1\" data-elementor-lightbox-title=\"colnago-y1rs-3\" data-e-action-hash=\"#elementor-action%3Aaction%3Dlightbox%26settings%3DeyJpZCI6MTI3ODQsInVybCI6Imh0dHBzOlwvXC93d3cuY3ljbGVzLWJsYWluLmNvbVwvZnJcL3dwLWNvbnRlbnRcL3VwbG9hZHNcLzIwMjVcLzAyXC9jb2xuYWdvLXkxcnMtMy53ZWJwIiwic2xpZGVzaG93IjoiYzQ1ZGJkMSJ9\">\n\t\t\t\t\t<div class=\"e-gallery-image elementor-gallery-item__image\" data-thumbnail=\"https:\/\/www.cycles-blain.com\/fr\/wp-content\/uploads\/2025\/02\/colnago-y1rs-3-300x300.webp\" data-width=\"300\" data-height=\"300\" aria-label=\"Colnago Y1Rs\" role=\"img\" ><\/div>\n\t\t\t\t\t\t\t\t\t\t\t<div class=\"elementor-gallery-item__overlay\"><\/div>\n\t\t\t\t\t\t\t\t\t\t\t\t\t\t<\/a>\n\t\t\t\t\t\t\t<a class=\"e-gallery-item elementor-gallery-item elementor-animated-content\" href=\"https:\/\/www.cycles-blain.com\/fr\/wp-content\/uploads\/2025\/02\/colnago-y1rs-4.webp\" data-elementor-open-lightbox=\"yes\" data-elementor-lightbox-slideshow=\"c45dbd1\" data-elementor-lightbox-title=\"colnago-y1rs-4\" data-e-action-hash=\"#elementor-action%3Aaction%3Dlightbox%26settings%3DeyJpZCI6MTI3ODUsInVybCI6Imh0dHBzOlwvXC93d3cuY3ljbGVzLWJsYWluLmNvbVwvZnJcL3dwLWNvbnRlbnRcL3VwbG9hZHNcLzIwMjVcLzAyXC9jb2xuYWdvLXkxcnMtNC53ZWJwIiwic2xpZGVzaG93IjoiYzQ1ZGJkMSJ9\">\n\t\t\t\t\t<div class=\"e-gallery-image elementor-gallery-item__image\" data-thumbnail=\"https:\/\/www.cycles-blain.com\/fr\/wp-content\/uploads\/2025\/02\/colnago-y1rs-4-300x300.webp\" data-width=\"300\" data-height=\"300\" aria-label=\"\" role=\"img\" ><\/div>\n\t\t\t\t\t\t\t\t\t\t\t<div class=\"elementor-gallery-item__overlay\"><\/div>\n\t\t\t\t\t\t\t\t\t\t\t\t\t\t<\/a>\n\t\t\t\t\t<\/div>\n\t\t\t\t\t<\/div>\n\t\t\t\t<\/div>\n\t\t\t\t<div class=\"elementor-element elementor-element-4bbcaab elementor-widget elementor-widget-heading\" data-id=\"4bbcaab\" data-element_type=\"widget\" data-e-type=\"widget\" data-widget_type=\"heading.default\">\n\t\t\t\t<div class=\"elementor-widget-container\">\n\t\t\t\t\t<h4 class=\"elementor-heading-title elementor-size-default\">Plusieurs versions et kits cadre pour le printemps 2025<\/h4>\t\t\t\t<\/div>\n\t\t\t\t<\/div>\n\t\t\t\t\t<\/div>\n\t\t\t\t<\/div>\n\t\t<div class=\"elementor-element elementor-element-110503d e-flex e-con-boxed e-con e-parent\" data-id=\"110503d\" data-element_type=\"container\" data-e-type=\"container\">\n\t\t\t\t\t<div class=\"e-con-inner\">\n\t\t\t\t<div class=\"elementor-element elementor-element-9d4eb95 elementor-widget elementor-widget-text-editor\" data-id=\"9d4eb95\" data-element_type=\"widget\" data-e-type=\"widget\" data-widget_type=\"text-editor.default\">\n\t\t\t\t<div class=\"elementor-widget-container\">\n\t\t\t\t\t\t\t\t\t<p>Le Colnago Y1Rs sera disponible aux couleurs des deux \u00e9quipes TEAM : un cadre blanc et un cadre noir et blanc.<br>A partir de 12 300\u20ac en pr\u00e9-commande, vous pourrez configurer votre monture en Sram Red Axs, Dura Ace R9270, ou Campagnolo et opter pour diff\u00e9rentes&nbsp;<a href=\"https:\/\/www.cycles-blain.com\/151-roues-velo\" target=\"_blank\" rel=\"noopener\">roues&nbsp;<\/a>carbones comme les&nbsp;<a href=\"https:\/\/www.cycles-blain.com\/roues-velo\/1063-paire-roues-bora-ultra-wto-45-disc-tubeless-campagnolo.html\" target=\"_blank\" rel=\"noopener\">Campagnolo Bora Ultra<\/a>&nbsp;par exemple !&nbsp;<br><br>Nos magasins Colnago vous attendent :&nbsp;<br>&#8211;&nbsp;<a href=\"https:\/\/www.cycles-blain.com\/content\/14-magasin-velos-lyon-5-veran\" target=\"_blank\">Magasin Colnago de Lyon 5 Veran<\/a>,<br>&#8211;&nbsp;<a href=\"https:\/\/www.cycles-blain.com\/content\/10-magasin-velos-lyon-6-manudany\" target=\"_blank\" style=\"font-size: 1rem;\">Magasin Colnago de Lyon 6 Manudany<\/a><\/p>\t\t\t\t\t\t\t\t<\/div>\n\t\t\t\t<\/div>\n\t\t\t\t\t<\/div>\n\t\t\t\t<\/div>\n\t\t<div class=\"elementor-element elementor-element-7738c1b e-flex e-con-boxed e-con e-parent\" data-id=\"7738c1b\" data-element_type=\"container\" data-e-type=\"container\">\n\t\t\t\t\t<div class=\"e-con-inner\">\n\t\t\t\t<div class=\"elementor-element elementor-element-be42053 elementor-align-center elementor-widget elementor-widget-button\" data-id=\"be42053\" data-element_type=\"widget\" data-e-type=\"widget\" data-widget_type=\"button.default\">\n\t\t\t\t<div class=\"elementor-widget-container\">\n\t\t\t\t\t\t\t\t\t<div class=\"elementor-button-wrapper\">\n\t\t\t\t\t<a class=\"elementor-button elementor-button-link elementor-size-sm\" href=\"https:\/\/www.cycles-blain.com\/fr\/renseignement-velo-e-boutique\/\" target=\"_blank\">\n\t\t\t\t\t\t<span class=\"elementor-button-content-wrapper\">\n\t\t\t\t\t\t\t\t\t<span class=\"elementor-button-text\">Je me renseigne sur ce v\u00e9lo<\/span>\n\t\t\t\t\t<\/span>\n\t\t\t\t\t<\/a>\n\t\t\t\t<\/div>\n\t\t\t\t\t\t\t\t<\/div>\n\t\t\t\t<\/div>\n\t\t\t\t\t<\/div>\n\t\t\t\t<\/div>\n\t\t\t\t<\/div>\n\t\t","protected":false},"excerpt":{"rendered":"<p>Le nouveau v\u00e9lo de route Colnago Y1Rs arrivent chez CYCLES BLAIN sur Lyon ! D\u00e9couvrez ce v\u00e9lo premium et ultra a\u00e9ro.<\/p>\n","protected":false},"author":4,"featured_media":12748,"comment_status":"open","ping_status":"open","sticky":false,"template":"","format":"standard","meta":{"site-sidebar-layout":"default","site-content-layout":"","ast-site-content-layout":"default","site-content-style":"default","site-sidebar-style":"default","ast-global-header-display":"","ast-banner-title-visibility":"","ast-main-header-display":"","ast-hfb-above-header-display":"","ast-hfb-below-header-display":"","ast-hfb-mobile-header-display":"","site-post-title":"","ast-breadcrumbs-content":"","ast-featured-img":"","footer-sml-layout":"","theme-transparent-header-meta":"","adv-header-id-meta":"","stick-header-meta":"","header-above-stick-meta":"","header-main-stick-meta":"","header-below-stick-meta":"","astra-migrate-meta-layouts":"set","ast-page-background-enabled":"default","ast-page-background-meta":{"desktop":{"background-color":"","background-image":"","background-repeat":"repeat","background-position":"center center","background-size":"auto","background-attachment":"scroll","background-type":"","background-media":"","overlay-type":"","overlay-color":"","overlay-gradient":""},"tablet":{"background-color":"","background-image":"","background-repeat":"repeat","background-position":"center center","background-size":"auto","background-attachment":"scroll","background-type":"","background-media":"","overlay-type":"","overlay-color":"","overlay-gradient":""},"mobile":{"background-color":"","background-image":"","background-repeat":"repeat","background-position":"center center","background-size":"auto","background-attachment":"scroll","background-type":"","background-media":"","overlay-type":"","overlay-color":"","overlay-gradient":""}},"ast-content-background-meta":{"desktop":{"background-color":"var(--ast-global-color-5)","background-image":"","background-repeat":"repeat","background-position":"center center","background-size":"auto","background-attachment":"scroll","background-type":"","background-media":"","overlay-type":"","overlay-color":"","overlay-gradient":""},"tablet":{"background-color":"var(--ast-global-color-5)","background-image":"","background-repeat":"repeat","background-position":"center center","background-size":"auto","background-attachment":"scroll","background-type":"","background-media":"","overlay-type":"","overlay-color":"","overlay-gradient":""},"mobile":{"background-color":"var(--ast-global-color-5)","background-image":"","background-repeat":"repeat","background-position":"center center","background-size":"auto","background-attachment":"scroll","background-type":"","background-media":"","overlay-type":"","overlay-color":"","overlay-gradient":""}},"footnotes":""},"categories":[4,81,77,17,55],"tags":[188,109,306,186],"class_list":["post-12742","post","type-post","status-publish","format-standard","has-post-thumbnail","hentry","category-velo","category-magasin-lyon-5","category-magasin-lyon-6","category-sport-velo","category-velo-route","tag-aero","tag-colnago","tag-triathlon","tag-velo-de-route-2"],"yoast_head":"<!-- This site is optimized with the Yoast SEO plugin v27.5 - https:\/\/yoast.com\/product\/yoast-seo-wordpress\/ -->\n<title>Nouveau V\u00e9lo route Colnago 2025 : Le Y1RS 2025 - CYCLES BLAIN<\/title>\n<meta name=\"description\" content=\"Le nouveau v\u00e9lo de route Colnago Y1Rs arrivent chez CYCLES BLAIN sur Lyon ! D\u00e9couvrez ce v\u00e9lo a\u00e9ro taill\u00e9 pour la performance\" \/>\n<meta name=\"robots\" content=\"index, follow, max-snippet:-1, max-image-preview:large, max-video-preview:-1\" \/>\n<link rel=\"canonical\" href=\"https:\/\/www.cycles-blain.com\/fr\/velo\/nouveaux-velos-route-colnago-y1rs-2025\/\" \/>\n<meta property=\"og:locale\" content=\"fr_FR\" \/>\n<meta property=\"og:type\" content=\"article\" \/>\n<meta property=\"og:title\" content=\"Nouveau V\u00e9lo route Colnago 2025 : Le Y1RS 2025 - CYCLES BLAIN\" \/>\n<meta property=\"og:description\" content=\"Le nouveau v\u00e9lo de route Colnago Y1Rs arrivent chez CYCLES BLAIN sur Lyon ! D\u00e9couvrez ce v\u00e9lo a\u00e9ro taill\u00e9 pour la performance\" \/>\n<meta property=\"og:url\" content=\"https:\/\/www.cycles-blain.com\/fr\/velo\/nouveaux-velos-route-colnago-y1rs-2025\/\" \/>\n<meta property=\"og:site_name\" content=\"CyclesBlain - Magasins de v\u00e9los, accessoires et ateliers\" \/>\n<meta property=\"article:publisher\" content=\"https:\/\/www.facebook.com\/cyclesblain\/?locale=fr_FR\" \/>\n<meta property=\"article:published_time\" content=\"2025-02-14T13:36:10+00:00\" \/>\n<meta property=\"article:modified_time\" content=\"2025-02-17T08:15:50+00:00\" \/>\n<meta property=\"og:image\" content=\"https:\/\/www.cycles-blain.com\/fr\/wp-content\/uploads\/2025\/02\/Colnago-1.png\" \/>\n\t<meta property=\"og:image:width\" content=\"600\" \/>\n\t<meta property=\"og:image:height\" content=\"400\" \/>\n\t<meta property=\"og:image:type\" content=\"image\/png\" \/>\n<meta name=\"author\" content=\"Lou-Anne\" \/>\n<meta name=\"twitter:card\" content=\"summary_large_image\" \/>\n<meta name=\"twitter:label1\" content=\"\u00c9crit par\" \/>\n\t<meta name=\"twitter:data1\" content=\"Lou-Anne\" \/>\n\t<meta name=\"twitter:label2\" content=\"Dur\u00e9e de lecture estim\u00e9e\" \/>\n\t<meta name=\"twitter:data2\" content=\"2 minutes\" \/>\n<script type=\"application\/ld+json\" class=\"yoast-schema-graph\">{\"@context\":\"https:\\\/\\\/schema.org\",\"@graph\":[{\"@type\":\"Article\",\"@id\":\"https:\\\/\\\/www.cycles-blain.com\\\/fr\\\/velo\\\/nouveaux-velos-route-colnago-y1rs-2025\\\/#article\",\"isPartOf\":{\"@id\":\"https:\\\/\\\/www.cycles-blain.com\\\/fr\\\/velo\\\/nouveaux-velos-route-colnago-y1rs-2025\\\/\"},\"author\":{\"name\":\"Lou-Anne\",\"@id\":\"https:\\\/\\\/www.cycles-blain.com\\\/fr\\\/#\\\/schema\\\/person\\\/2e532610e6e45d290a29e480c00cc742\"},\"headline\":\"Nouveau V\u00e9lo route Colnago 2025 : Le Y1RS 2025\",\"datePublished\":\"2025-02-14T13:36:10+00:00\",\"dateModified\":\"2025-02-17T08:15:50+00:00\",\"mainEntityOfPage\":{\"@id\":\"https:\\\/\\\/www.cycles-blain.com\\\/fr\\\/velo\\\/nouveaux-velos-route-colnago-y1rs-2025\\\/\"},\"wordCount\":300,\"commentCount\":0,\"publisher\":{\"@id\":\"https:\\\/\\\/www.cycles-blain.com\\\/fr\\\/#organization\"},\"image\":{\"@id\":\"https:\\\/\\\/www.cycles-blain.com\\\/fr\\\/velo\\\/nouveaux-velos-route-colnago-y1rs-2025\\\/#primaryimage\"},\"thumbnailUrl\":\"https:\\\/\\\/www.cycles-blain.com\\\/fr\\\/wp-content\\\/uploads\\\/2025\\\/02\\\/Colnago-1.png\",\"keywords\":[\"aero\",\"colnago\",\"triathlon\",\"v\u00e9lo de route\"],\"articleSection\":[\"Actus V\u00e9lo\",\"Magasin-CyclesVeran\",\"Magasin-Lyon6\",\"Sport\",\"V\u00e9lo de route\"],\"inLanguage\":\"fr-FR\",\"potentialAction\":[{\"@type\":\"CommentAction\",\"name\":\"Comment\",\"target\":[\"https:\\\/\\\/www.cycles-blain.com\\\/fr\\\/velo\\\/nouveaux-velos-route-colnago-y1rs-2025\\\/#respond\"]}]},{\"@type\":\"WebPage\",\"@id\":\"https:\\\/\\\/www.cycles-blain.com\\\/fr\\\/velo\\\/nouveaux-velos-route-colnago-y1rs-2025\\\/\",\"url\":\"https:\\\/\\\/www.cycles-blain.com\\\/fr\\\/velo\\\/nouveaux-velos-route-colnago-y1rs-2025\\\/\",\"name\":\"Nouveau V\u00e9lo route Colnago 2025 : Le Y1RS 2025 - CYCLES BLAIN\",\"isPartOf\":{\"@id\":\"https:\\\/\\\/www.cycles-blain.com\\\/fr\\\/#website\"},\"primaryImageOfPage\":{\"@id\":\"https:\\\/\\\/www.cycles-blain.com\\\/fr\\\/velo\\\/nouveaux-velos-route-colnago-y1rs-2025\\\/#primaryimage\"},\"image\":{\"@id\":\"https:\\\/\\\/www.cycles-blain.com\\\/fr\\\/velo\\\/nouveaux-velos-route-colnago-y1rs-2025\\\/#primaryimage\"},\"thumbnailUrl\":\"https:\\\/\\\/www.cycles-blain.com\\\/fr\\\/wp-content\\\/uploads\\\/2025\\\/02\\\/Colnago-1.png\",\"datePublished\":\"2025-02-14T13:36:10+00:00\",\"dateModified\":\"2025-02-17T08:15:50+00:00\",\"description\":\"Le nouveau v\u00e9lo de route Colnago Y1Rs arrivent chez CYCLES BLAIN sur Lyon ! D\u00e9couvrez ce v\u00e9lo a\u00e9ro taill\u00e9 pour la performance\",\"breadcrumb\":{\"@id\":\"https:\\\/\\\/www.cycles-blain.com\\\/fr\\\/velo\\\/nouveaux-velos-route-colnago-y1rs-2025\\\/#breadcrumb\"},\"inLanguage\":\"fr-FR\",\"potentialAction\":[{\"@type\":\"ReadAction\",\"target\":[\"https:\\\/\\\/www.cycles-blain.com\\\/fr\\\/velo\\\/nouveaux-velos-route-colnago-y1rs-2025\\\/\"]}]},{\"@type\":\"ImageObject\",\"inLanguage\":\"fr-FR\",\"@id\":\"https:\\\/\\\/www.cycles-blain.com\\\/fr\\\/velo\\\/nouveaux-velos-route-colnago-y1rs-2025\\\/#primaryimage\",\"url\":\"https:\\\/\\\/www.cycles-blain.com\\\/fr\\\/wp-content\\\/uploads\\\/2025\\\/02\\\/Colnago-1.png\",\"contentUrl\":\"https:\\\/\\\/www.cycles-blain.com\\\/fr\\\/wp-content\\\/uploads\\\/2025\\\/02\\\/Colnago-1.png\",\"width\":600,\"height\":400,\"caption\":\"Colnago Y1Rs\"},{\"@type\":\"BreadcrumbList\",\"@id\":\"https:\\\/\\\/www.cycles-blain.com\\\/fr\\\/velo\\\/nouveaux-velos-route-colnago-y1rs-2025\\\/#breadcrumb\",\"itemListElement\":[{\"@type\":\"ListItem\",\"position\":1,\"name\":\"Accueil\",\"item\":\"https:\\\/\\\/www.cycles-blain.com\\\/fr\\\/\"},{\"@type\":\"ListItem\",\"position\":2,\"name\":\"Nouveau V\u00e9lo route Colnago 2025 : Le Y1RS 2025\"}]},{\"@type\":\"WebSite\",\"@id\":\"https:\\\/\\\/www.cycles-blain.com\\\/fr\\\/#website\",\"url\":\"https:\\\/\\\/www.cycles-blain.com\\\/fr\\\/\",\"name\":\"CyclesBlain - Magasins de v\u00e9los, accessoires et ateliers\",\"description\":\"Blog Cycles Blain\",\"publisher\":{\"@id\":\"https:\\\/\\\/www.cycles-blain.com\\\/fr\\\/#organization\"},\"potentialAction\":[{\"@type\":\"SearchAction\",\"target\":{\"@type\":\"EntryPoint\",\"urlTemplate\":\"https:\\\/\\\/www.cycles-blain.com\\\/fr\\\/?s={search_term_string}\"},\"query-input\":{\"@type\":\"PropertyValueSpecification\",\"valueRequired\":true,\"valueName\":\"search_term_string\"}}],\"inLanguage\":\"fr-FR\"},{\"@type\":\"Organization\",\"@id\":\"https:\\\/\\\/www.cycles-blain.com\\\/fr\\\/#organization\",\"name\":\"CyclesBlain - Magasins de v\u00e9los, accessoires et ateliers\",\"url\":\"https:\\\/\\\/www.cycles-blain.com\\\/fr\\\/\",\"logo\":{\"@type\":\"ImageObject\",\"inLanguage\":\"fr-FR\",\"@id\":\"https:\\\/\\\/www.cycles-blain.com\\\/fr\\\/#\\\/schema\\\/logo\\\/image\\\/\",\"url\":\"https:\\\/\\\/www.cycles-blain.com\\\/fr\\\/wp-content\\\/uploads\\\/2023\\\/10\\\/logo-cycles-blain.jpeg\",\"contentUrl\":\"https:\\\/\\\/www.cycles-blain.com\\\/fr\\\/wp-content\\\/uploads\\\/2023\\\/10\\\/logo-cycles-blain.jpeg\",\"width\":264,\"height\":191,\"caption\":\"CyclesBlain - Magasins de v\u00e9los, accessoires et ateliers\"},\"image\":{\"@id\":\"https:\\\/\\\/www.cycles-blain.com\\\/fr\\\/#\\\/schema\\\/logo\\\/image\\\/\"},\"sameAs\":[\"https:\\\/\\\/www.facebook.com\\\/cyclesblain\\\/?locale=fr_FR\",\"https:\\\/\\\/www.instagram.com\\\/cycles_blain\\\/?hl=fr\"]},{\"@type\":\"Person\",\"@id\":\"https:\\\/\\\/www.cycles-blain.com\\\/fr\\\/#\\\/schema\\\/person\\\/2e532610e6e45d290a29e480c00cc742\",\"name\":\"Lou-Anne\",\"image\":{\"@type\":\"ImageObject\",\"inLanguage\":\"fr-FR\",\"@id\":\"https:\\\/\\\/secure.gravatar.com\\\/avatar\\\/fc66047eecb12b1dd0e5dd77ae839eef6f5705cede9df1aa88eec9ecfd50b1ab?s=96&d=mm&r=g\",\"url\":\"https:\\\/\\\/secure.gravatar.com\\\/avatar\\\/fc66047eecb12b1dd0e5dd77ae839eef6f5705cede9df1aa88eec9ecfd50b1ab?s=96&d=mm&r=g\",\"contentUrl\":\"https:\\\/\\\/secure.gravatar.com\\\/avatar\\\/fc66047eecb12b1dd0e5dd77ae839eef6f5705cede9df1aa88eec9ecfd50b1ab?s=96&d=mm&r=g\",\"caption\":\"Lou-Anne\"},\"url\":\"https:\\\/\\\/www.cycles-blain.com\\\/fr\\\/author\\\/lou-anne\\\/\"}]}<\/script>\n<!-- \/ Yoast SEO plugin. -->","yoast_head_json":{"title":"Nouveau V\u00e9lo route Colnago 2025 : Le Y1RS 2025 - CYCLES BLAIN","description":"Le nouveau v\u00e9lo de route Colnago Y1Rs arrivent chez CYCLES BLAIN sur Lyon ! D\u00e9couvrez ce v\u00e9lo a\u00e9ro taill\u00e9 pour la performance","robots":{"index":"index","follow":"follow","max-snippet":"max-snippet:-1","max-image-preview":"max-image-preview:large","max-video-preview":"max-video-preview:-1"},"canonical":"https:\/\/www.cycles-blain.com\/fr\/velo\/nouveaux-velos-route-colnago-y1rs-2025\/","og_locale":"fr_FR","og_type":"article","og_title":"Nouveau V\u00e9lo route Colnago 2025 : Le Y1RS 2025 - CYCLES BLAIN","og_description":"Le nouveau v\u00e9lo de route Colnago Y1Rs arrivent chez CYCLES BLAIN sur Lyon ! D\u00e9couvrez ce v\u00e9lo a\u00e9ro taill\u00e9 pour la performance","og_url":"https:\/\/www.cycles-blain.com\/fr\/velo\/nouveaux-velos-route-colnago-y1rs-2025\/","og_site_name":"CyclesBlain - Magasins de v\u00e9los, accessoires et ateliers","article_publisher":"https:\/\/www.facebook.com\/cyclesblain\/?locale=fr_FR","article_published_time":"2025-02-14T13:36:10+00:00","article_modified_time":"2025-02-17T08:15:50+00:00","og_image":[{"width":600,"height":400,"url":"https:\/\/www.cycles-blain.com\/fr\/wp-content\/uploads\/2025\/02\/Colnago-1.png","type":"image\/png"}],"author":"Lou-Anne","twitter_card":"summary_large_image","twitter_misc":{"\u00c9crit par":"Lou-Anne","Dur\u00e9e de lecture estim\u00e9e":"2 minutes"},"schema":{"@context":"https:\/\/schema.org","@graph":[{"@type":"Article","@id":"https:\/\/www.cycles-blain.com\/fr\/velo\/nouveaux-velos-route-colnago-y1rs-2025\/#article","isPartOf":{"@id":"https:\/\/www.cycles-blain.com\/fr\/velo\/nouveaux-velos-route-colnago-y1rs-2025\/"},"author":{"name":"Lou-Anne","@id":"https:\/\/www.cycles-blain.com\/fr\/#\/schema\/person\/2e532610e6e45d290a29e480c00cc742"},"headline":"Nouveau V\u00e9lo route Colnago 2025 : Le Y1RS 2025","datePublished":"2025-02-14T13:36:10+00:00","dateModified":"2025-02-17T08:15:50+00:00","mainEntityOfPage":{"@id":"https:\/\/www.cycles-blain.com\/fr\/velo\/nouveaux-velos-route-colnago-y1rs-2025\/"},"wordCount":300,"commentCount":0,"publisher":{"@id":"https:\/\/www.cycles-blain.com\/fr\/#organization"},"image":{"@id":"https:\/\/www.cycles-blain.com\/fr\/velo\/nouveaux-velos-route-colnago-y1rs-2025\/#primaryimage"},"thumbnailUrl":"https:\/\/www.cycles-blain.com\/fr\/wp-content\/uploads\/2025\/02\/Colnago-1.png","keywords":["aero","colnago","triathlon","v\u00e9lo de route"],"articleSection":["Actus V\u00e9lo","Magasin-CyclesVeran","Magasin-Lyon6","Sport","V\u00e9lo de route"],"inLanguage":"fr-FR","potentialAction":[{"@type":"CommentAction","name":"Comment","target":["https:\/\/www.cycles-blain.com\/fr\/velo\/nouveaux-velos-route-colnago-y1rs-2025\/#respond"]}]},{"@type":"WebPage","@id":"https:\/\/www.cycles-blain.com\/fr\/velo\/nouveaux-velos-route-colnago-y1rs-2025\/","url":"https:\/\/www.cycles-blain.com\/fr\/velo\/nouveaux-velos-route-colnago-y1rs-2025\/","name":"Nouveau V\u00e9lo route Colnago 2025 : Le Y1RS 2025 - CYCLES BLAIN","isPartOf":{"@id":"https:\/\/www.cycles-blain.com\/fr\/#website"},"primaryImageOfPage":{"@id":"https:\/\/www.cycles-blain.com\/fr\/velo\/nouveaux-velos-route-colnago-y1rs-2025\/#primaryimage"},"image":{"@id":"https:\/\/www.cycles-blain.com\/fr\/velo\/nouveaux-velos-route-colnago-y1rs-2025\/#primaryimage"},"thumbnailUrl":"https:\/\/www.cycles-blain.com\/fr\/wp-content\/uploads\/2025\/02\/Colnago-1.png","datePublished":"2025-02-14T13:36:10+00:00","dateModified":"2025-02-17T08:15:50+00:00","description":"Le nouveau v\u00e9lo de route Colnago Y1Rs arrivent chez CYCLES BLAIN sur Lyon ! D\u00e9couvrez ce v\u00e9lo a\u00e9ro taill\u00e9 pour la performance","breadcrumb":{"@id":"https:\/\/www.cycles-blain.com\/fr\/velo\/nouveaux-velos-route-colnago-y1rs-2025\/#breadcrumb"},"inLanguage":"fr-FR","potentialAction":[{"@type":"ReadAction","target":["https:\/\/www.cycles-blain.com\/fr\/velo\/nouveaux-velos-route-colnago-y1rs-2025\/"]}]},{"@type":"ImageObject","inLanguage":"fr-FR","@id":"https:\/\/www.cycles-blain.com\/fr\/velo\/nouveaux-velos-route-colnago-y1rs-2025\/#primaryimage","url":"https:\/\/www.cycles-blain.com\/fr\/wp-content\/uploads\/2025\/02\/Colnago-1.png","contentUrl":"https:\/\/www.cycles-blain.com\/fr\/wp-content\/uploads\/2025\/02\/Colnago-1.png","width":600,"height":400,"caption":"Colnago Y1Rs"},{"@type":"BreadcrumbList","@id":"https:\/\/www.cycles-blain.com\/fr\/velo\/nouveaux-velos-route-colnago-y1rs-2025\/#breadcrumb","itemListElement":[{"@type":"ListItem","position":1,"name":"Accueil","item":"https:\/\/www.cycles-blain.com\/fr\/"},{"@type":"ListItem","position":2,"name":"Nouveau V\u00e9lo route Colnago 2025 : Le Y1RS 2025"}]},{"@type":"WebSite","@id":"https:\/\/www.cycles-blain.com\/fr\/#website","url":"https:\/\/www.cycles-blain.com\/fr\/","name":"CyclesBlain - Magasins de v\u00e9los, accessoires et ateliers","description":"Blog Cycles Blain","publisher":{"@id":"https:\/\/www.cycles-blain.com\/fr\/#organization"},"potentialAction":[{"@type":"SearchAction","target":{"@type":"EntryPoint","urlTemplate":"https:\/\/www.cycles-blain.com\/fr\/?s={search_term_string}"},"query-input":{"@type":"PropertyValueSpecification","valueRequired":true,"valueName":"search_term_string"}}],"inLanguage":"fr-FR"},{"@type":"Organization","@id":"https:\/\/www.cycles-blain.com\/fr\/#organization","name":"CyclesBlain - Magasins de v\u00e9los, accessoires et ateliers","url":"https:\/\/www.cycles-blain.com\/fr\/","logo":{"@type":"ImageObject","inLanguage":"fr-FR","@id":"https:\/\/www.cycles-blain.com\/fr\/#\/schema\/logo\/image\/","url":"https:\/\/www.cycles-blain.com\/fr\/wp-content\/uploads\/2023\/10\/logo-cycles-blain.jpeg","contentUrl":"https:\/\/www.cycles-blain.com\/fr\/wp-content\/uploads\/2023\/10\/logo-cycles-blain.jpeg","width":264,"height":191,"caption":"CyclesBlain - Magasins de v\u00e9los, accessoires et ateliers"},"image":{"@id":"https:\/\/www.cycles-blain.com\/fr\/#\/schema\/logo\/image\/"},"sameAs":["https:\/\/www.facebook.com\/cyclesblain\/?locale=fr_FR","https:\/\/www.instagram.com\/cycles_blain\/?hl=fr"]},{"@type":"Person","@id":"https:\/\/www.cycles-blain.com\/fr\/#\/schema\/person\/2e532610e6e45d290a29e480c00cc742","name":"Lou-Anne","image":{"@type":"ImageObject","inLanguage":"fr-FR","@id":"https:\/\/secure.gravatar.com\/avatar\/fc66047eecb12b1dd0e5dd77ae839eef6f5705cede9df1aa88eec9ecfd50b1ab?s=96&d=mm&r=g","url":"https:\/\/secure.gravatar.com\/avatar\/fc66047eecb12b1dd0e5dd77ae839eef6f5705cede9df1aa88eec9ecfd50b1ab?s=96&d=mm&r=g","contentUrl":"https:\/\/secure.gravatar.com\/avatar\/fc66047eecb12b1dd0e5dd77ae839eef6f5705cede9df1aa88eec9ecfd50b1ab?s=96&d=mm&r=g","caption":"Lou-Anne"},"url":"https:\/\/www.cycles-blain.com\/fr\/author\/lou-anne\/"}]}},"_links":{"self":[{"href":"https:\/\/www.cycles-blain.com\/fr\/wp-json\/wp\/v2\/posts\/12742","targetHints":{"allow":["GET"]}}],"collection":[{"href":"https:\/\/www.cycles-blain.com\/fr\/wp-json\/wp\/v2\/posts"}],"about":[{"href":"https:\/\/www.cycles-blain.com\/fr\/wp-json\/wp\/v2\/types\/post"}],"author":[{"embeddable":true,"href":"https:\/\/www.cycles-blain.com\/fr\/wp-json\/wp\/v2\/users\/4"}],"replies":[{"embeddable":true,"href":"https:\/\/www.cycles-blain.com\/fr\/wp-json\/wp\/v2\/comments?post=12742"}],"version-history":[{"count":31,"href":"https:\/\/www.cycles-blain.com\/fr\/wp-json\/wp\/v2\/posts\/12742\/revisions"}],"predecessor-version":[{"id":12788,"href":"https:\/\/www.cycles-blain.com\/fr\/wp-json\/wp\/v2\/posts\/12742\/revisions\/12788"}],"wp:featuredmedia":[{"embeddable":true,"href":"https:\/\/www.cycles-blain.com\/fr\/wp-json\/wp\/v2\/media\/12748"}],"wp:attachment":[{"href":"https:\/\/www.cycles-blain.com\/fr\/wp-json\/wp\/v2\/media?parent=12742"}],"wp:term":[{"taxonomy":"category","embeddable":true,"href":"https:\/\/www.cycles-blain.com\/fr\/wp-json\/wp\/v2\/categories?post=12742"},{"taxonomy":"post_tag","embeddable":true,"href":"https:\/\/www.cycles-blain.com\/fr\/wp-json\/wp\/v2\/tags?post=12742"}],"curies":[{"name":"wp","href":"https:\/\/api.w.org\/{rel}","templated":true}]}}