{"id":12789,"date":"2025-02-18T09:58:06","date_gmt":"2025-02-18T08:58:06","guid":{"rendered":"https:\/\/www.cycles-blain.com\/fr\/?p=12789"},"modified":"2025-03-10T11:56:04","modified_gmt":"2025-03-10T10:56:04","slug":"essai-lapierre-xelius-drs-2025-lyon","status":"publish","type":"post","link":"https:\/\/www.cycles-blain.com\/fr\/velo\/velo-route\/essai-lapierre-xelius-drs-2025-lyon\/","title":{"rendered":"Journ\u00e9e Essai Lapierre Xelius DRS 2025 &#8211; 08.03.25 \u00e0 Lyon"},"content":{"rendered":"\t\t<div data-elementor-type=\"wp-post\" data-elementor-id=\"12789\" class=\"elementor elementor-12789\" data-elementor-post-type=\"post\">\n\t\t\t\t<div class=\"elementor-element elementor-element-15f75cf e-flex e-con-boxed e-con e-parent\" data-id=\"15f75cf\" data-element_type=\"container\" data-e-type=\"container\">\n\t\t\t\t\t<div class=\"e-con-inner\">\n\t\t\t\t<div class=\"elementor-element elementor-element-797483e elementor-widget elementor-widget-text-editor\" data-id=\"797483e\" data-element_type=\"widget\" data-e-type=\"widget\" data-widget_type=\"text-editor.default\">\n\t\t\t\t<div class=\"elementor-widget-container\">\n\t\t\t\t\t\t\t\t\t<p><i>Venez essayer le nouveau v\u00e9lo de route Lapierre Xelius DRS 2025 au magasin CYCLES BLAIN &#8211; VERAN de Lyon 5, le 08.03.2025 gratuitement !<\/i><\/p>\t\t\t\t\t\t\t\t<\/div>\n\t\t\t\t<\/div>\n\t\t\t\t\t<\/div>\n\t\t\t\t<\/div>\n\t\t<div class=\"elementor-element elementor-element-e9c4fd7 e-flex e-con-boxed e-con e-parent\" data-id=\"e9c4fd7\" data-element_type=\"container\" data-e-type=\"container\">\n\t\t\t\t\t<div class=\"e-con-inner\">\n\t\t\t\t<div class=\"elementor-element elementor-element-99d18c5 elementor-widget elementor-widget-heading\" data-id=\"99d18c5\" data-element_type=\"widget\" data-e-type=\"widget\" data-widget_type=\"heading.default\">\n\t\t\t\t<div class=\"elementor-widget-container\">\n\t\t\t\t\t<h3 class=\"elementor-heading-title elementor-size-default\">Essai du Lapierre Xelius DRS 2025 \u00e0 Lyon<\/h3>\t\t\t\t<\/div>\n\t\t\t\t<\/div>\n\t\t\t\t\t<\/div>\n\t\t\t\t<\/div>\n\t\t<div class=\"elementor-element elementor-element-3024da9 e-flex e-con-boxed e-con e-parent\" data-id=\"3024da9\" data-element_type=\"container\" data-e-type=\"container\">\n\t\t\t\t\t<div class=\"e-con-inner\">\n\t\t\t\t<div class=\"elementor-element elementor-element-634abf6 elementor-widget elementor-widget-text-editor\" data-id=\"634abf6\" data-element_type=\"widget\" data-e-type=\"widget\" data-widget_type=\"text-editor.default\">\n\t\t\t\t<div class=\"elementor-widget-container\">\n\t\t\t\t\t\t\t\t\t<p>Le magasin LAPIERRE CYCLES VERAN \u00e0 Lyon 5 organise le 08.03.2025 une journ\u00e9e d&rsquo;essai de 3 mod\u00e8les de&nbsp;<a href=\"https:\/\/www.cycles-blain.com\/fr\/velo\/nouveaux-velos-route-lapierre-2025-xelius-drs-2025\" target=\"_blank\">Xelius DRS 2<\/a>025 :&nbsp;<\/p>\n<ul>\n<li><a href=\"https:\/\/www.cycles-blain.com\/velo-route-musculaire\/1118-xelius-drs-8-0-2025-lapierre.html\" target=\"_blank\" rel=\"noopener\">Le Lapierre Xelius DRS 8.0 2025<\/a>&nbsp;en taille M et en taille L, (entre 1m70 et 1m92 recommand\u00e9)<\/li>\n<li><a href=\"https:\/\/www.cycles-blain.com\/velo-route-musculaire\/1114-xelius-drs-9-0-2025-lapierre.html\" target=\"_blank\" rel=\"noopener\">Le Lapierre Xelius DRS 9.0 2025<\/a>&nbsp;en taille M, (entre 1m70 et 1m82 recommand\u00e9)<\/li>\n<li><a href=\"https:\/\/www.cycles-blain.com\/velo-route-musculaire\/1115-xelius-drs-10-2025-lapierre.html\" target=\"_blank\" rel=\"noopener\">Le Lapierre Xelius DRS 10.0 2025<\/a>&nbsp;en taille L. (entre 1m82 et 1m92 recommand\u00e9)\n<p>Pour faire un essai de cette p\u00e9pite de Lapierre, nous vous proposons <b>un circuit vari\u00e9 de 30 kms environ<\/b> au d\u00e9part du&nbsp;<a href=\"https:\/\/www.cycles-blain.com\/content\/14-magasin-velos-lyon-5-veran\" target=\"_blank\" rel=\"noopener\">magasin de Veran<\/a>&nbsp;avec 3 cr\u00e9neaux de d\u00e9parts :&nbsp;<\/p>\n<\/li>\n<li><b>RDV \u00e0 9h<\/b> pour un d\u00e9part \u00e0 9h30,<\/li>\n<li><b>RDV \u00e0 12h<\/b> pour un d\u00e9part \u00e0 12h30,<\/li>\n<li><b>RDV \u00e0 14h30<\/b> pour un d\u00e9part \u00e0 15h\n<p>Le v\u00e9lo sera r\u00e9gl\u00e9 \u00e0 votre taille avant d\u00e9part par nos \u00e9quipes et <b>mont\u00e9s avec vos&nbsp;propres p\u00e9dales.<\/b><br>Une petite boisson et collation sera offerte \u00e0 chaque inscrit pour passer un bon moment \ud83d\ude09 !<\/p>\n<\/li>\n<\/ul>\t\t\t\t\t\t\t\t<\/div>\n\t\t\t\t<\/div>\n\t\t\t\t\t<\/div>\n\t\t\t\t<\/div>\n\t\t<div class=\"elementor-element elementor-element-fa91e82 e-flex e-con-boxed e-con e-parent\" data-id=\"fa91e82\" data-element_type=\"container\" data-e-type=\"container\">\n\t\t\t\t\t<div class=\"e-con-inner\">\n\t\t\t\t<div class=\"elementor-element elementor-element-0e683cf elementor-widget elementor-widget-html\" data-id=\"0e683cf\" data-element_type=\"widget\" data-e-type=\"widget\" data-widget_type=\"html.default\">\n\t\t\t\t<div class=\"elementor-widget-container\">\n\t\t\t\t\t<iframe width=\"560\" height=\"315\" src=\"https:\/\/www.youtube.com\/embed\/uIVaOle6WuQ?si=EoRbbeQ0Z0XDMHV1\" title=\"YouTube video player\" frameborder=\"0\" allow=\"accelerometer; autoplay; clipboard-write; encrypted-media; gyroscope; picture-in-picture; web-share\" referrerpolicy=\"strict-origin-when-cross-origin\" allowfullscreen><\/iframe>\t\t\t\t<\/div>\n\t\t\t\t<\/div>\n\t\t\t\t\t<\/div>\n\t\t\t\t<\/div>\n\t\t\t\t<\/div>\n\t\t","protected":false},"excerpt":{"rendered":"<p>Venez essayer le nouveau v\u00e9lo de route Lapierre Xelius DRS 2025 au magasin CYCLES BLAIN &#8211; VERAN de Lyon 5, le 08.03.2025 gratuitement !<\/p>\n","protected":false},"author":1,"featured_media":11382,"comment_status":"open","ping_status":"open","sticky":false,"template":"","format":"standard","meta":{"site-sidebar-layout":"default","site-content-layout":"","ast-site-content-layout":"default","site-content-style":"default","site-sidebar-style":"default","ast-global-header-display":"","ast-banner-title-visibility":"","ast-main-header-display":"","ast-hfb-above-header-display":"","ast-hfb-below-header-display":"","ast-hfb-mobile-header-display":"","site-post-title":"","ast-breadcrumbs-content":"","ast-featured-img":"","footer-sml-layout":"","theme-transparent-header-meta":"","adv-header-id-meta":"","stick-header-meta":"","header-above-stick-meta":"","header-main-stick-meta":"","header-below-stick-meta":"","astra-migrate-meta-layouts":"set","ast-page-background-enabled":"default","ast-page-background-meta":{"desktop":{"background-color":"","background-image":"","background-repeat":"repeat","background-position":"center center","background-size":"auto","background-attachment":"scroll","background-type":"","background-media":"","overlay-type":"","overlay-color":"","overlay-gradient":""},"tablet":{"background-color":"","background-image":"","background-repeat":"repeat","background-position":"center center","background-size":"auto","background-attachment":"scroll","background-type":"","background-media":"","overlay-type":"","overlay-color":"","overlay-gradient":""},"mobile":{"background-color":"","background-image":"","background-repeat":"repeat","background-position":"center center","background-size":"auto","background-attachment":"scroll","background-type":"","background-media":"","overlay-type":"","overlay-color":"","overlay-gradient":""}},"ast-content-background-meta":{"desktop":{"background-color":"var(--ast-global-color-5)","background-image":"","background-repeat":"repeat","background-position":"center center","background-size":"auto","background-attachment":"scroll","background-type":"","background-media":"","overlay-type":"","overlay-color":"","overlay-gradient":""},"tablet":{"background-color":"var(--ast-global-color-5)","background-image":"","background-repeat":"repeat","background-position":"center center","background-size":"auto","background-attachment":"scroll","background-type":"","background-media":"","overlay-type":"","overlay-color":"","overlay-gradient":""},"mobile":{"background-color":"var(--ast-global-color-5)","background-image":"","background-repeat":"repeat","background-position":"center center","background-size":"auto","background-attachment":"scroll","background-type":"","background-media":"","overlay-type":"","overlay-color":"","overlay-gradient":""}},"footnotes":""},"categories":[6,4,21,36,81,77,17,55],"tags":[110],"class_list":["post-12789","post","type-post","status-publish","format-standard","has-post-thumbnail","hentry","category-magasins-velo","category-velo","category-fun-velo","category-magasin-vienne-sud","category-magasin-lyon-5","category-magasin-lyon-6","category-sport-velo","category-velo-route","tag-lapierre"],"yoast_head":"<!-- This site is optimized with the Yoast SEO plugin v27.5 - https:\/\/yoast.com\/product\/yoast-seo-wordpress\/ -->\n<title>Journ\u00e9e Essai Lapierre Xelius DRS 2025 - 08.03.25 \u00e0 Lyon - CYCLES BLAIN<\/title>\n<meta name=\"description\" content=\"Venez essayer le nouveau v\u00e9lo de route Lapierre Xelius DRS 2025 au magasin CYCLES BLAIN - VERAN de Lyon 5, le 08.03.2025 gratuitement !\" \/>\n<meta name=\"robots\" content=\"index, follow, max-snippet:-1, max-image-preview:large, max-video-preview:-1\" \/>\n<link rel=\"canonical\" href=\"https:\/\/www.cycles-blain.com\/fr\/velo\/essai-lapierre-xelius-drs-2025-lyon\/\" \/>\n<meta property=\"og:locale\" content=\"fr_FR\" \/>\n<meta property=\"og:type\" content=\"article\" \/>\n<meta property=\"og:title\" content=\"Journ\u00e9e Essai Lapierre Xelius DRS 2025 - 08.03.25 \u00e0 Lyon - CYCLES BLAIN\" \/>\n<meta property=\"og:description\" content=\"Venez essayer le nouveau v\u00e9lo de route Lapierre Xelius DRS 2025 au magasin CYCLES BLAIN - VERAN de Lyon 5, le 08.03.2025 gratuitement !\" \/>\n<meta property=\"og:url\" content=\"https:\/\/www.cycles-blain.com\/fr\/velo\/essai-lapierre-xelius-drs-2025-lyon\/\" \/>\n<meta property=\"og:site_name\" content=\"CyclesBlain - Magasins de v\u00e9los, accessoires et ateliers\" \/>\n<meta property=\"article:publisher\" content=\"https:\/\/www.facebook.com\/cyclesblain\/?locale=fr_FR\" \/>\n<meta property=\"article:published_time\" content=\"2025-02-18T08:58:06+00:00\" \/>\n<meta property=\"article:modified_time\" content=\"2025-03-10T10:56:04+00:00\" \/>\n<meta property=\"og:image\" content=\"https:\/\/www.cycles-blain.com\/fr\/wp-content\/uploads\/2024\/12\/xelius-drs-2025.jpg\" \/>\n\t<meta property=\"og:image:width\" content=\"600\" \/>\n\t<meta property=\"og:image:height\" content=\"400\" \/>\n\t<meta property=\"og:image:type\" content=\"image\/jpeg\" \/>\n<meta name=\"author\" content=\"Gueweb\" \/>\n<meta name=\"twitter:card\" content=\"summary_large_image\" \/>\n<meta name=\"twitter:label1\" content=\"\u00c9crit par\" \/>\n\t<meta name=\"twitter:data1\" content=\"Gueweb\" \/>\n\t<meta name=\"twitter:label2\" content=\"Dur\u00e9e de lecture estim\u00e9e\" \/>\n\t<meta name=\"twitter:data2\" content=\"1 minute\" \/>\n<script type=\"application\/ld+json\" class=\"yoast-schema-graph\">{\"@context\":\"https:\\\/\\\/schema.org\",\"@graph\":[{\"@type\":\"Article\",\"@id\":\"https:\\\/\\\/www.cycles-blain.com\\\/fr\\\/velo\\\/essai-lapierre-xelius-drs-2025-lyon\\\/#article\",\"isPartOf\":{\"@id\":\"https:\\\/\\\/www.cycles-blain.com\\\/fr\\\/velo\\\/essai-lapierre-xelius-drs-2025-lyon\\\/\"},\"author\":{\"name\":\"Gueweb\",\"@id\":\"https:\\\/\\\/www.cycles-blain.com\\\/fr\\\/#\\\/schema\\\/person\\\/6fb8bad852fde893fb61b7b05936af37\"},\"headline\":\"Journ\u00e9e Essai Lapierre Xelius DRS 2025 &#8211; 08.03.25 \u00e0 Lyon\",\"datePublished\":\"2025-02-18T08:58:06+00:00\",\"dateModified\":\"2025-03-10T10:56:04+00:00\",\"mainEntityOfPage\":{\"@id\":\"https:\\\/\\\/www.cycles-blain.com\\\/fr\\\/velo\\\/essai-lapierre-xelius-drs-2025-lyon\\\/\"},\"wordCount\":193,\"commentCount\":0,\"publisher\":{\"@id\":\"https:\\\/\\\/www.cycles-blain.com\\\/fr\\\/#organization\"},\"image\":{\"@id\":\"https:\\\/\\\/www.cycles-blain.com\\\/fr\\\/velo\\\/essai-lapierre-xelius-drs-2025-lyon\\\/#primaryimage\"},\"thumbnailUrl\":\"https:\\\/\\\/www.cycles-blain.com\\\/fr\\\/wp-content\\\/uploads\\\/2024\\\/12\\\/xelius-drs-2025.jpg\",\"keywords\":[\"lapierre\"],\"articleSection\":[\"Actus Magasins\",\"Actus V\u00e9lo\",\"Fun\",\"Magasin Vienne Sud\",\"Magasin-CyclesVeran\",\"Magasin-Lyon6\",\"Sport\",\"V\u00e9lo de route\"],\"inLanguage\":\"fr-FR\",\"potentialAction\":[{\"@type\":\"CommentAction\",\"name\":\"Comment\",\"target\":[\"https:\\\/\\\/www.cycles-blain.com\\\/fr\\\/velo\\\/essai-lapierre-xelius-drs-2025-lyon\\\/#respond\"]}]},{\"@type\":\"WebPage\",\"@id\":\"https:\\\/\\\/www.cycles-blain.com\\\/fr\\\/velo\\\/essai-lapierre-xelius-drs-2025-lyon\\\/\",\"url\":\"https:\\\/\\\/www.cycles-blain.com\\\/fr\\\/velo\\\/essai-lapierre-xelius-drs-2025-lyon\\\/\",\"name\":\"Journ\u00e9e Essai Lapierre Xelius DRS 2025 - 08.03.25 \u00e0 Lyon - CYCLES BLAIN\",\"isPartOf\":{\"@id\":\"https:\\\/\\\/www.cycles-blain.com\\\/fr\\\/#website\"},\"primaryImageOfPage\":{\"@id\":\"https:\\\/\\\/www.cycles-blain.com\\\/fr\\\/velo\\\/essai-lapierre-xelius-drs-2025-lyon\\\/#primaryimage\"},\"image\":{\"@id\":\"https:\\\/\\\/www.cycles-blain.com\\\/fr\\\/velo\\\/essai-lapierre-xelius-drs-2025-lyon\\\/#primaryimage\"},\"thumbnailUrl\":\"https:\\\/\\\/www.cycles-blain.com\\\/fr\\\/wp-content\\\/uploads\\\/2024\\\/12\\\/xelius-drs-2025.jpg\",\"datePublished\":\"2025-02-18T08:58:06+00:00\",\"dateModified\":\"2025-03-10T10:56:04+00:00\",\"description\":\"Venez essayer le nouveau v\u00e9lo de route Lapierre Xelius DRS 2025 au magasin CYCLES BLAIN - VERAN de Lyon 5, le 08.03.2025 gratuitement !\",\"breadcrumb\":{\"@id\":\"https:\\\/\\\/www.cycles-blain.com\\\/fr\\\/velo\\\/essai-lapierre-xelius-drs-2025-lyon\\\/#breadcrumb\"},\"inLanguage\":\"fr-FR\",\"potentialAction\":[{\"@type\":\"ReadAction\",\"target\":[\"https:\\\/\\\/www.cycles-blain.com\\\/fr\\\/velo\\\/essai-lapierre-xelius-drs-2025-lyon\\\/\"]}]},{\"@type\":\"ImageObject\",\"inLanguage\":\"fr-FR\",\"@id\":\"https:\\\/\\\/www.cycles-blain.com\\\/fr\\\/velo\\\/essai-lapierre-xelius-drs-2025-lyon\\\/#primaryimage\",\"url\":\"https:\\\/\\\/www.cycles-blain.com\\\/fr\\\/wp-content\\\/uploads\\\/2024\\\/12\\\/xelius-drs-2025.jpg\",\"contentUrl\":\"https:\\\/\\\/www.cycles-blain.com\\\/fr\\\/wp-content\\\/uploads\\\/2024\\\/12\\\/xelius-drs-2025.jpg\",\"width\":600,\"height\":400,\"caption\":\"Lapierre Xelius DRS 2025\"},{\"@type\":\"BreadcrumbList\",\"@id\":\"https:\\\/\\\/www.cycles-blain.com\\\/fr\\\/velo\\\/essai-lapierre-xelius-drs-2025-lyon\\\/#breadcrumb\",\"itemListElement\":[{\"@type\":\"ListItem\",\"position\":1,\"name\":\"Accueil\",\"item\":\"https:\\\/\\\/www.cycles-blain.com\\\/fr\\\/\"},{\"@type\":\"ListItem\",\"position\":2,\"name\":\"Journ\u00e9e Essai Lapierre Xelius DRS 2025 &#8211; 08.03.25 \u00e0 Lyon\"}]},{\"@type\":\"WebSite\",\"@id\":\"https:\\\/\\\/www.cycles-blain.com\\\/fr\\\/#website\",\"url\":\"https:\\\/\\\/www.cycles-blain.com\\\/fr\\\/\",\"name\":\"CyclesBlain - Magasins de v\u00e9los, accessoires et ateliers\",\"description\":\"Blog Cycles Blain\",\"publisher\":{\"@id\":\"https:\\\/\\\/www.cycles-blain.com\\\/fr\\\/#organization\"},\"potentialAction\":[{\"@type\":\"SearchAction\",\"target\":{\"@type\":\"EntryPoint\",\"urlTemplate\":\"https:\\\/\\\/www.cycles-blain.com\\\/fr\\\/?s={search_term_string}\"},\"query-input\":{\"@type\":\"PropertyValueSpecification\",\"valueRequired\":true,\"valueName\":\"search_term_string\"}}],\"inLanguage\":\"fr-FR\"},{\"@type\":\"Organization\",\"@id\":\"https:\\\/\\\/www.cycles-blain.com\\\/fr\\\/#organization\",\"name\":\"CyclesBlain - Magasins de v\u00e9los, accessoires et ateliers\",\"url\":\"https:\\\/\\\/www.cycles-blain.com\\\/fr\\\/\",\"logo\":{\"@type\":\"ImageObject\",\"inLanguage\":\"fr-FR\",\"@id\":\"https:\\\/\\\/www.cycles-blain.com\\\/fr\\\/#\\\/schema\\\/logo\\\/image\\\/\",\"url\":\"https:\\\/\\\/www.cycles-blain.com\\\/fr\\\/wp-content\\\/uploads\\\/2023\\\/10\\\/logo-cycles-blain.jpeg\",\"contentUrl\":\"https:\\\/\\\/www.cycles-blain.com\\\/fr\\\/wp-content\\\/uploads\\\/2023\\\/10\\\/logo-cycles-blain.jpeg\",\"width\":264,\"height\":191,\"caption\":\"CyclesBlain - Magasins de v\u00e9los, accessoires et ateliers\"},\"image\":{\"@id\":\"https:\\\/\\\/www.cycles-blain.com\\\/fr\\\/#\\\/schema\\\/logo\\\/image\\\/\"},\"sameAs\":[\"https:\\\/\\\/www.facebook.com\\\/cyclesblain\\\/?locale=fr_FR\",\"https:\\\/\\\/www.instagram.com\\\/cycles_blain\\\/?hl=fr\"]},{\"@type\":\"Person\",\"@id\":\"https:\\\/\\\/www.cycles-blain.com\\\/fr\\\/#\\\/schema\\\/person\\\/6fb8bad852fde893fb61b7b05936af37\",\"name\":\"Gueweb\",\"image\":{\"@type\":\"ImageObject\",\"inLanguage\":\"fr-FR\",\"@id\":\"https:\\\/\\\/secure.gravatar.com\\\/avatar\\\/52550bc594eb074508114b963209b157358b27e5a0319de1bb723df3f760ca2d?s=96&d=mm&r=g\",\"url\":\"https:\\\/\\\/secure.gravatar.com\\\/avatar\\\/52550bc594eb074508114b963209b157358b27e5a0319de1bb723df3f760ca2d?s=96&d=mm&r=g\",\"contentUrl\":\"https:\\\/\\\/secure.gravatar.com\\\/avatar\\\/52550bc594eb074508114b963209b157358b27e5a0319de1bb723df3f760ca2d?s=96&d=mm&r=g\",\"caption\":\"Gueweb\"},\"sameAs\":[\"https:\\\/\\\/www.cycles-blain.com\\\/\\\/fr\"],\"url\":\"https:\\\/\\\/www.cycles-blain.com\\\/fr\\\/author\\\/gueweb\\\/\"}]}<\/script>\n<!-- \/ Yoast SEO plugin. -->","yoast_head_json":{"title":"Journ\u00e9e Essai Lapierre Xelius DRS 2025 - 08.03.25 \u00e0 Lyon - CYCLES BLAIN","description":"Venez essayer le nouveau v\u00e9lo de route Lapierre Xelius DRS 2025 au magasin CYCLES BLAIN - VERAN de Lyon 5, le 08.03.2025 gratuitement !","robots":{"index":"index","follow":"follow","max-snippet":"max-snippet:-1","max-image-preview":"max-image-preview:large","max-video-preview":"max-video-preview:-1"},"canonical":"https:\/\/www.cycles-blain.com\/fr\/velo\/essai-lapierre-xelius-drs-2025-lyon\/","og_locale":"fr_FR","og_type":"article","og_title":"Journ\u00e9e Essai Lapierre Xelius DRS 2025 - 08.03.25 \u00e0 Lyon - CYCLES BLAIN","og_description":"Venez essayer le nouveau v\u00e9lo de route Lapierre Xelius DRS 2025 au magasin CYCLES BLAIN - VERAN de Lyon 5, le 08.03.2025 gratuitement !","og_url":"https:\/\/www.cycles-blain.com\/fr\/velo\/essai-lapierre-xelius-drs-2025-lyon\/","og_site_name":"CyclesBlain - Magasins de v\u00e9los, accessoires et ateliers","article_publisher":"https:\/\/www.facebook.com\/cyclesblain\/?locale=fr_FR","article_published_time":"2025-02-18T08:58:06+00:00","article_modified_time":"2025-03-10T10:56:04+00:00","og_image":[{"width":600,"height":400,"url":"https:\/\/www.cycles-blain.com\/fr\/wp-content\/uploads\/2024\/12\/xelius-drs-2025.jpg","type":"image\/jpeg"}],"author":"Gueweb","twitter_card":"summary_large_image","twitter_misc":{"\u00c9crit par":"Gueweb","Dur\u00e9e de lecture estim\u00e9e":"1 minute"},"schema":{"@context":"https:\/\/schema.org","@graph":[{"@type":"Article","@id":"https:\/\/www.cycles-blain.com\/fr\/velo\/essai-lapierre-xelius-drs-2025-lyon\/#article","isPartOf":{"@id":"https:\/\/www.cycles-blain.com\/fr\/velo\/essai-lapierre-xelius-drs-2025-lyon\/"},"author":{"name":"Gueweb","@id":"https:\/\/www.cycles-blain.com\/fr\/#\/schema\/person\/6fb8bad852fde893fb61b7b05936af37"},"headline":"Journ\u00e9e Essai Lapierre Xelius DRS 2025 &#8211; 08.03.25 \u00e0 Lyon","datePublished":"2025-02-18T08:58:06+00:00","dateModified":"2025-03-10T10:56:04+00:00","mainEntityOfPage":{"@id":"https:\/\/www.cycles-blain.com\/fr\/velo\/essai-lapierre-xelius-drs-2025-lyon\/"},"wordCount":193,"commentCount":0,"publisher":{"@id":"https:\/\/www.cycles-blain.com\/fr\/#organization"},"image":{"@id":"https:\/\/www.cycles-blain.com\/fr\/velo\/essai-lapierre-xelius-drs-2025-lyon\/#primaryimage"},"thumbnailUrl":"https:\/\/www.cycles-blain.com\/fr\/wp-content\/uploads\/2024\/12\/xelius-drs-2025.jpg","keywords":["lapierre"],"articleSection":["Actus Magasins","Actus V\u00e9lo","Fun","Magasin Vienne Sud","Magasin-CyclesVeran","Magasin-Lyon6","Sport","V\u00e9lo de route"],"inLanguage":"fr-FR","potentialAction":[{"@type":"CommentAction","name":"Comment","target":["https:\/\/www.cycles-blain.com\/fr\/velo\/essai-lapierre-xelius-drs-2025-lyon\/#respond"]}]},{"@type":"WebPage","@id":"https:\/\/www.cycles-blain.com\/fr\/velo\/essai-lapierre-xelius-drs-2025-lyon\/","url":"https:\/\/www.cycles-blain.com\/fr\/velo\/essai-lapierre-xelius-drs-2025-lyon\/","name":"Journ\u00e9e Essai Lapierre Xelius DRS 2025 - 08.03.25 \u00e0 Lyon - CYCLES BLAIN","isPartOf":{"@id":"https:\/\/www.cycles-blain.com\/fr\/#website"},"primaryImageOfPage":{"@id":"https:\/\/www.cycles-blain.com\/fr\/velo\/essai-lapierre-xelius-drs-2025-lyon\/#primaryimage"},"image":{"@id":"https:\/\/www.cycles-blain.com\/fr\/velo\/essai-lapierre-xelius-drs-2025-lyon\/#primaryimage"},"thumbnailUrl":"https:\/\/www.cycles-blain.com\/fr\/wp-content\/uploads\/2024\/12\/xelius-drs-2025.jpg","datePublished":"2025-02-18T08:58:06+00:00","dateModified":"2025-03-10T10:56:04+00:00","description":"Venez essayer le nouveau v\u00e9lo de route Lapierre Xelius DRS 2025 au magasin CYCLES BLAIN - VERAN de Lyon 5, le 08.03.2025 gratuitement !","breadcrumb":{"@id":"https:\/\/www.cycles-blain.com\/fr\/velo\/essai-lapierre-xelius-drs-2025-lyon\/#breadcrumb"},"inLanguage":"fr-FR","potentialAction":[{"@type":"ReadAction","target":["https:\/\/www.cycles-blain.com\/fr\/velo\/essai-lapierre-xelius-drs-2025-lyon\/"]}]},{"@type":"ImageObject","inLanguage":"fr-FR","@id":"https:\/\/www.cycles-blain.com\/fr\/velo\/essai-lapierre-xelius-drs-2025-lyon\/#primaryimage","url":"https:\/\/www.cycles-blain.com\/fr\/wp-content\/uploads\/2024\/12\/xelius-drs-2025.jpg","contentUrl":"https:\/\/www.cycles-blain.com\/fr\/wp-content\/uploads\/2024\/12\/xelius-drs-2025.jpg","width":600,"height":400,"caption":"Lapierre Xelius DRS 2025"},{"@type":"BreadcrumbList","@id":"https:\/\/www.cycles-blain.com\/fr\/velo\/essai-lapierre-xelius-drs-2025-lyon\/#breadcrumb","itemListElement":[{"@type":"ListItem","position":1,"name":"Accueil","item":"https:\/\/www.cycles-blain.com\/fr\/"},{"@type":"ListItem","position":2,"name":"Journ\u00e9e Essai Lapierre Xelius DRS 2025 &#8211; 08.03.25 \u00e0 Lyon"}]},{"@type":"WebSite","@id":"https:\/\/www.cycles-blain.com\/fr\/#website","url":"https:\/\/www.cycles-blain.com\/fr\/","name":"CyclesBlain - Magasins de v\u00e9los, accessoires et ateliers","description":"Blog Cycles Blain","publisher":{"@id":"https:\/\/www.cycles-blain.com\/fr\/#organization"},"potentialAction":[{"@type":"SearchAction","target":{"@type":"EntryPoint","urlTemplate":"https:\/\/www.cycles-blain.com\/fr\/?s={search_term_string}"},"query-input":{"@type":"PropertyValueSpecification","valueRequired":true,"valueName":"search_term_string"}}],"inLanguage":"fr-FR"},{"@type":"Organization","@id":"https:\/\/www.cycles-blain.com\/fr\/#organization","name":"CyclesBlain - Magasins de v\u00e9los, accessoires et ateliers","url":"https:\/\/www.cycles-blain.com\/fr\/","logo":{"@type":"ImageObject","inLanguage":"fr-FR","@id":"https:\/\/www.cycles-blain.com\/fr\/#\/schema\/logo\/image\/","url":"https:\/\/www.cycles-blain.com\/fr\/wp-content\/uploads\/2023\/10\/logo-cycles-blain.jpeg","contentUrl":"https:\/\/www.cycles-blain.com\/fr\/wp-content\/uploads\/2023\/10\/logo-cycles-blain.jpeg","width":264,"height":191,"caption":"CyclesBlain - Magasins de v\u00e9los, accessoires et ateliers"},"image":{"@id":"https:\/\/www.cycles-blain.com\/fr\/#\/schema\/logo\/image\/"},"sameAs":["https:\/\/www.facebook.com\/cyclesblain\/?locale=fr_FR","https:\/\/www.instagram.com\/cycles_blain\/?hl=fr"]},{"@type":"Person","@id":"https:\/\/www.cycles-blain.com\/fr\/#\/schema\/person\/6fb8bad852fde893fb61b7b05936af37","name":"Gueweb","image":{"@type":"ImageObject","inLanguage":"fr-FR","@id":"https:\/\/secure.gravatar.com\/avatar\/52550bc594eb074508114b963209b157358b27e5a0319de1bb723df3f760ca2d?s=96&d=mm&r=g","url":"https:\/\/secure.gravatar.com\/avatar\/52550bc594eb074508114b963209b157358b27e5a0319de1bb723df3f760ca2d?s=96&d=mm&r=g","contentUrl":"https:\/\/secure.gravatar.com\/avatar\/52550bc594eb074508114b963209b157358b27e5a0319de1bb723df3f760ca2d?s=96&d=mm&r=g","caption":"Gueweb"},"sameAs":["https:\/\/www.cycles-blain.com\/\/fr"],"url":"https:\/\/www.cycles-blain.com\/fr\/author\/gueweb\/"}]}},"_links":{"self":[{"href":"https:\/\/www.cycles-blain.com\/fr\/wp-json\/wp\/v2\/posts\/12789","targetHints":{"allow":["GET"]}}],"collection":[{"href":"https:\/\/www.cycles-blain.com\/fr\/wp-json\/wp\/v2\/posts"}],"about":[{"href":"https:\/\/www.cycles-blain.com\/fr\/wp-json\/wp\/v2\/types\/post"}],"author":[{"embeddable":true,"href":"https:\/\/www.cycles-blain.com\/fr\/wp-json\/wp\/v2\/users\/1"}],"replies":[{"embeddable":true,"href":"https:\/\/www.cycles-blain.com\/fr\/wp-json\/wp\/v2\/comments?post=12789"}],"version-history":[{"count":47,"href":"https:\/\/www.cycles-blain.com\/fr\/wp-json\/wp\/v2\/posts\/12789\/revisions"}],"predecessor-version":[{"id":13095,"href":"https:\/\/www.cycles-blain.com\/fr\/wp-json\/wp\/v2\/posts\/12789\/revisions\/13095"}],"wp:featuredmedia":[{"embeddable":true,"href":"https:\/\/www.cycles-blain.com\/fr\/wp-json\/wp\/v2\/media\/11382"}],"wp:attachment":[{"href":"https:\/\/www.cycles-blain.com\/fr\/wp-json\/wp\/v2\/media?parent=12789"}],"wp:term":[{"taxonomy":"category","embeddable":true,"href":"https:\/\/www.cycles-blain.com\/fr\/wp-json\/wp\/v2\/categories?post=12789"},{"taxonomy":"post_tag","embeddable":true,"href":"https:\/\/www.cycles-blain.com\/fr\/wp-json\/wp\/v2\/tags?post=12789"}],"curies":[{"name":"wp","href":"https:\/\/api.w.org\/{rel}","templated":true}]}}