{"id":12858,"date":"2025-02-27T10:07:17","date_gmt":"2025-02-27T09:07:17","guid":{"rendered":"https:\/\/www.cycles-blain.com\/fr\/?p=12858"},"modified":"2025-03-20T16:57:36","modified_gmt":"2025-03-20T15:57:36","slug":"coup-de-coeur-vtc-electrique-kalkhoff-entice-3-b-move","status":"publish","type":"post","link":"https:\/\/www.cycles-blain.com\/fr\/magasins-velo\/coup-de-coeur-vtc-electrique-kalkhoff-entice-3-b-move\/","title":{"rendered":"Coup de Coeur KALKHOFF : VTC Electrique Entice 3.B Move"},"content":{"rendered":"\t\t<div data-elementor-type=\"wp-post\" data-elementor-id=\"12858\" class=\"elementor elementor-12858\" data-elementor-post-type=\"post\">\n\t\t\t\t<div class=\"elementor-element elementor-element-80d3a6a e-flex e-con-boxed e-con e-parent\" data-id=\"80d3a6a\" data-element_type=\"container\" data-e-type=\"container\">\n\t\t\t\t\t<div class=\"e-con-inner\">\n\t\t\t\t<div class=\"elementor-element elementor-element-4d77d8f elementor-widget elementor-widget-text-editor\" data-id=\"4d77d8f\" data-element_type=\"widget\" data-e-type=\"widget\" data-widget_type=\"text-editor.default\">\n\t\t\t\t<div class=\"elementor-widget-container\">\n\t\t\t\t\t\t\t\t\t<h3>Le VTC Electrique Kalkhoff Entice 3.B Move :<\/h3>\n<p data-pm-slice=\"1 1 []\"><a href=\"https:\/\/www.cycles-blain.com\/content\/70-velos-electriques-2025\" target=\"_blank\" style=\"font-size: 1rem;\">Le VTC&nbsp;Kalkhoff Entice 3.B Move est notre v\u00e9lo \u00e9lectrique de l&rsquo;ann\u00e9e 2025<\/a>&nbsp;! un v\u00e9lo \u00e9lectrique tous chemins con\u00e7u pour ceux qui recherchent un v\u00e9lo \u00e9lectrique polyvalent, aussi \u00e0 l\u2019aise sur les routes que sur les chemins de campagne. Avec son design robuste et son assistance \u00e9lectrique performante, ce VAE (V\u00e9lo \u00e0 Assistance \u00c9lectrique) vous accompagne aussi bien dans vos trajets du quotidien que lors de vos escapades en pleine nature.<\/p>\t\t\t\t\t\t\t\t<\/div>\n\t\t\t\t<\/div>\n\t\t\t\t<div class=\"elementor-element elementor-element-9e853fe elementor-widget elementor-widget-heading\" data-id=\"9e853fe\" data-element_type=\"widget\" data-e-type=\"widget\" data-widget_type=\"heading.default\">\n\t\t\t\t<div class=\"elementor-widget-container\">\n\t\t\t\t\t<h3 class=\"elementor-heading-title elementor-size-default\">Un moteur puissant pour une assistance fluide <\/h3>\t\t\t\t<\/div>\n\t\t\t\t<\/div>\n\t\t\t\t<div class=\"elementor-element elementor-element-ff29ab9 elementor-widget elementor-widget-text-editor\" data-id=\"ff29ab9\" data-element_type=\"widget\" data-e-type=\"widget\" data-widget_type=\"text-editor.default\">\n\t\t\t\t<div class=\"elementor-widget-container\">\n\t\t\t\t\t\t\t\t\t<p>Avec son <strong>moteur<\/strong> <strong>Bosh Performance Line<\/strong>, le <a href=\"https:\/\/www.cycles-blain.com\/vtc-electrique\/214-1804-entice-3b-move-kalkhoff-4000990428590.html\"><strong>Kalkhoff Entice 3.B Move<\/strong><\/a> poss\u00e8de une assistance r\u00e9active et puissante. Avec <strong>un couple de 65 N.m,<\/strong> il vous aidera \u00e0 gravir les grosses c\u00f4tes sans broncher. Ces acc\u00e9l\u00e9rations seront douces et naturelles ! Sa batterie de <strong>500 Wh<\/strong> pour les coloris bleu et beige ou <strong>625 Wh<\/strong> pour le coloris noir garantit une autonomie confortable pour les longues sorties.<\/p>\t\t\t\t\t\t\t\t<\/div>\n\t\t\t\t<\/div>\n\t\t\t\t<div class=\"elementor-element elementor-element-08db405 elementor-widget elementor-widget-heading\" data-id=\"08db405\" data-element_type=\"widget\" data-e-type=\"widget\" data-widget_type=\"heading.default\">\n\t\t\t\t<div class=\"elementor-widget-container\">\n\t\t\t\t\t<h3 class=\"elementor-heading-title elementor-size-default\">Une conduite et un \u00e9quipement optimal<\/h3>\t\t\t\t<\/div>\n\t\t\t\t<\/div>\n\t\t\t\t<div class=\"elementor-element elementor-element-a55762b elementor-widget elementor-widget-text-editor\" data-id=\"a55762b\" data-element_type=\"widget\" data-e-type=\"widget\" data-widget_type=\"text-editor.default\">\n\t\t\t\t<div class=\"elementor-widget-container\">\n\t\t\t\t\t\t\t\t\t<p>Ce v\u00e9lo all road poss\u00e8de <strong>un<\/strong> <strong>cadre en aluminium<\/strong> qui offre une position de conduite ergonomique.<strong> Sa fourche suspendue SR Suntour<\/strong> absorbe toutes les irr\u00e9gularit\u00e9s du terrain et ses pneus larges ( <em><strong>Schwalbe Smart Sam<\/strong><\/em> ) assurent une excellente adh\u00e9rence sur tous les types de terrains. Le Entice 3.B Move est dot\u00e9 d&rsquo;un \u00e9quipement complet, comprenant :&nbsp;<\/p>\n<ul>\n<li>Garde-boue&nbsp;<\/li>\n<li>Porte-bagage&nbsp;<\/li>\n<li>\u00c9clairage int\u00e9gr\u00e9&nbsp;<\/li>\n<\/ul>\t\t\t\t\t\t\t\t<\/div>\n\t\t\t\t<\/div>\n\t\t\t\t<div class=\"elementor-element elementor-element-4d94765 elementor-widget elementor-widget-heading\" data-id=\"4d94765\" data-element_type=\"widget\" data-e-type=\"widget\" data-widget_type=\"heading.default\">\n\t\t\t\t<div class=\"elementor-widget-container\">\n\t\t\t\t\t<h3 class=\"elementor-heading-title elementor-size-default\">La s\u00e9curit\u00e9 comme priorit\u00e9 <\/h3>\t\t\t\t<\/div>\n\t\t\t\t<\/div>\n\t\t\t\t<div class=\"elementor-element elementor-element-5807f4e elementor-widget elementor-widget-text-editor\" data-id=\"5807f4e\" data-element_type=\"widget\" data-e-type=\"widget\" data-widget_type=\"text-editor.default\">\n\t\t\t\t<div class=\"elementor-widget-container\">\n\t\t\t\t\t\t\t\t\t<p>Ce v\u00e9lo est \u00e9quip\u00e9 de <strong>freins \u00e0 disque hydraulique<\/strong>\u00a0garantissant un freinage efficace, m\u00eame sous la pluie. Son d\u00e9railleur <strong>Shimano 9 vitesses<\/strong> permet d\u2019adapter facilement son effort \u00e0 chaque type de terrain. Avec un cadre disponible en diff\u00e9rentes tailles et une version low step facilitant l\u2019enjambement, le Kalkhoff Entice 3.B Move convient \u00e0 tous les profils de cyclistes.<\/p>\t\t\t\t\t\t\t\t<\/div>\n\t\t\t\t<\/div>\n\t\t\t\t<div class=\"elementor-element elementor-element-8eeaba9 elementor-widget elementor-widget-heading\" data-id=\"8eeaba9\" data-element_type=\"widget\" data-e-type=\"widget\" data-widget_type=\"heading.default\">\n\t\t\t\t<div class=\"elementor-widget-container\">\n\t\t\t\t\t<h3 class=\"elementor-heading-title elementor-size-default\">Pour qui est ce v\u00e9lo \u00e9lectrique dit \"all road\" ? <\/h3>\t\t\t\t<\/div>\n\t\t\t\t<\/div>\n\t\t\t\t<div class=\"elementor-element elementor-element-eee5f8d elementor-widget elementor-widget-text-editor\" data-id=\"eee5f8d\" data-element_type=\"widget\" data-e-type=\"widget\" data-widget_type=\"text-editor.default\">\n\t\t\t\t<div class=\"elementor-widget-container\">\n\t\t\t\t\t\t\t\t\t<p>Vous \u00eates un cycliste urbain qui souhaite un v\u00e9lo pour se rendre au travail, mais aussi pour faire des randonn\u00e9es le week-end, c&rsquo;est ce qu&rsquo;il vous faut ! Si vous \u00eates tout simplement un amateur de balades \u00e0 la campagne \u00e0 la recherche d&rsquo;un mod\u00e8le polyvalent, le Entice 3.B Move est aussi fait pour vous !\u00a0<\/p>\n<p>Si vous h\u00e9sitez encore pour choisir votre nouveau VTC, on a pens\u00e9 \u00e0 vous : <strong><a href=\"https:\/\/www.cycles-blain.com\/content\/67-comparatif-vtc-electrique-femmes-et-hommes-2025\">Guide pour choisir son VTC \u00e9lectrique.\u00a0<\/a><\/strong><\/p>\t\t\t\t\t\t\t\t<\/div>\n\t\t\t\t<\/div>\n\t\t\t\t<div class=\"elementor-element elementor-element-b4caffa elementor-widget elementor-widget-heading\" data-id=\"b4caffa\" data-element_type=\"widget\" data-e-type=\"widget\" data-widget_type=\"heading.default\">\n\t\t\t\t<div class=\"elementor-widget-container\">\n\t\t\t\t\t<h3 class=\"elementor-heading-title elementor-size-default\">Mod\u00e8les disponibles en promo et en stocks en magasins et en ligne<\/h3>\t\t\t\t<\/div>\n\t\t\t\t<\/div>\n\t\t\t\t<div class=\"elementor-element elementor-element-6ba8b97 elementor-widget elementor-widget-text-editor\" data-id=\"6ba8b97\" data-element_type=\"widget\" data-e-type=\"widget\" data-widget_type=\"text-editor.default\">\n\t\t\t\t<div class=\"elementor-widget-container\">\n\t\t\t\t\t\t\t\t\t<p><strong>Le Entice 3B Move est disponible en trois tailles de cadre (<a href=\"https:\/\/www.cycles-blain.com\/vtc-electrique\/1226-1843-entice-3b-move-cadre-haut-kalkhoff-4000990428590.html\">haut,<\/a>\u00a0<a href=\"https:\/\/www.cycles-blain.com\/vtc-electrique\/214-1804-entice-3b-move-kalkhoff-4000990428590.html\">bas,<\/a> <a href=\"https:\/\/www.cycles-blain.com\/vtc-electrique\/1225-entice-3b-move-cadre-trapeze-kalkhoff-4000990428590.html\">trap\u00e8ze<\/a>) \u00e0 partir de 2 399 \u20ac T.T.C<\/strong><\/p>\t\t\t\t\t\t\t\t<\/div>\n\t\t\t\t<\/div>\n\t\t\t\t<div class=\"elementor-element elementor-element-7dcc013 elementor-arrows-position-inside elementor-pagination-position-outside elementor-widget elementor-widget-image-carousel\" data-id=\"7dcc013\" data-element_type=\"widget\" data-e-type=\"widget\" data-settings=\"{&quot;navigation&quot;:&quot;both&quot;,&quot;autoplay&quot;:&quot;yes&quot;,&quot;pause_on_hover&quot;:&quot;yes&quot;,&quot;pause_on_interaction&quot;:&quot;yes&quot;,&quot;autoplay_speed&quot;:5000,&quot;infinite&quot;:&quot;yes&quot;,&quot;speed&quot;:500}\" data-widget_type=\"image-carousel.default\">\n\t\t\t\t<div class=\"elementor-widget-container\">\n\t\t\t\t\t\t\t<div class=\"elementor-image-carousel-wrapper swiper\" role=\"region\" aria-roledescription=\"carousel\" aria-label=\"Carrousel d\u2019images\" dir=\"ltr\">\n\t\t\t<div class=\"elementor-image-carousel swiper-wrapper\" aria-live=\"off\">\n\t\t\t\t\t\t\t\t<div class=\"swiper-slide\" role=\"group\" aria-roledescription=\"slide\" aria-label=\"1 sur 3\"><figure class=\"swiper-slide-inner\"><img decoding=\"async\" class=\"swiper-slide-image\" src=\"https:\/\/www.cycles-blain.com\/fr\/wp-content\/uploads\/2025\/02\/entice3bmovetrapez-300x189.png\" alt=\"Entice 3.B move cadre trapeze\" \/><\/figure><\/div><div class=\"swiper-slide\" role=\"group\" aria-roledescription=\"slide\" aria-label=\"2 sur 3\"><figure class=\"swiper-slide-inner\"><img decoding=\"async\" class=\"swiper-slide-image\" src=\"https:\/\/www.cycles-blain.com\/fr\/wp-content\/uploads\/2025\/02\/entice3bmovehaut-300x189.png\" alt=\"Entice 3.B move cadre haut\" \/><\/figure><\/div><div class=\"swiper-slide\" role=\"group\" aria-roledescription=\"slide\" aria-label=\"3 sur 3\"><figure class=\"swiper-slide-inner\"><img decoding=\"async\" class=\"swiper-slide-image\" src=\"https:\/\/www.cycles-blain.com\/fr\/wp-content\/uploads\/2025\/02\/entice3bmovebas-300x189.png\" alt=\"Entice 3.B move cadre bas\" \/><\/figure><\/div>\t\t\t<\/div>\n\t\t\t\t\t\t\t\t\t\t\t\t<div class=\"elementor-swiper-button elementor-swiper-button-prev\" role=\"button\" tabindex=\"0\">\n\t\t\t\t\t\t<i aria-hidden=\"true\" class=\"eicon-chevron-left\"><\/i>\t\t\t\t\t<\/div>\n\t\t\t\t\t<div class=\"elementor-swiper-button elementor-swiper-button-next\" role=\"button\" tabindex=\"0\">\n\t\t\t\t\t\t<i aria-hidden=\"true\" class=\"eicon-chevron-right\"><\/i>\t\t\t\t\t<\/div>\n\t\t\t\t\n\t\t\t\t\t\t\t\t\t<div class=\"swiper-pagination\"><\/div>\n\t\t\t\t\t\t\t\t\t<\/div>\n\t\t\t\t\t\t<\/div>\n\t\t\t\t<\/div>\n\t\t\t\t<div class=\"elementor-element elementor-element-96f274c elementor-widget elementor-widget-text-editor\" data-id=\"96f274c\" data-element_type=\"widget\" data-e-type=\"widget\" data-widget_type=\"text-editor.default\">\n\t\t\t\t<div class=\"elementor-widget-container\">\n\t\t\t\t\t\t\t\t\t<p><strong>Ce VTC est aussi disponible en diff\u00e9rents coloris (<a href=\"https:\/\/www.cycles-blain.com\/vtc-electrique\/214-1804-entice-3b-move-kalkhoff-4000990428590.html#\/1-taille_cadre-s\/5-couleur-gris\/56-puissance_batterie-500wh\">gris,<\/a>\u00a0<a href=\"https:\/\/www.cycles-blain.com\/vtc-electrique\/214-1808-entice-3b-move-kalkhoff-4000990428590.html#\/2-taille_cadre-m\/14-couleur-bleu\/56-puissance_batterie-500wh\">bleu,<\/a>\u00a0<a href=\"https:\/\/www.cycles-blain.com\/vtc-electrique\/214-1809-entice-3b-move-kalkhoff-4000990428590.html#\/1-taille_cadre-s\/11-couleur-noir\/57-puissance_batterie-625wh\">noir<\/a>) :\u00a0<\/strong><\/p>\t\t\t\t\t\t\t\t<\/div>\n\t\t\t\t<\/div>\n\t\t\t\t<div class=\"elementor-element elementor-element-6f086ae elementor-arrows-position-inside elementor-pagination-position-outside elementor-widget elementor-widget-image-carousel\" data-id=\"6f086ae\" data-element_type=\"widget\" data-e-type=\"widget\" data-settings=\"{&quot;navigation&quot;:&quot;both&quot;,&quot;autoplay&quot;:&quot;yes&quot;,&quot;pause_on_hover&quot;:&quot;yes&quot;,&quot;pause_on_interaction&quot;:&quot;yes&quot;,&quot;autoplay_speed&quot;:5000,&quot;infinite&quot;:&quot;yes&quot;,&quot;speed&quot;:500}\" data-widget_type=\"image-carousel.default\">\n\t\t\t\t<div class=\"elementor-widget-container\">\n\t\t\t\t\t\t\t<div class=\"elementor-image-carousel-wrapper swiper\" role=\"region\" aria-roledescription=\"carousel\" aria-label=\"Carrousel d\u2019images\" dir=\"ltr\">\n\t\t\t<div class=\"elementor-image-carousel swiper-wrapper\" aria-live=\"off\">\n\t\t\t\t\t\t\t\t<div class=\"swiper-slide\" role=\"group\" aria-roledescription=\"slide\" aria-label=\"1 sur 3\"><figure class=\"swiper-slide-inner\"><img decoding=\"async\" class=\"swiper-slide-image\" src=\"https:\/\/www.cycles-blain.com\/fr\/wp-content\/uploads\/2025\/02\/entice-3b-move-kalkhoff-300x300.jpg\" alt=\"Entice 3B\" \/><\/figure><\/div><div class=\"swiper-slide\" role=\"group\" aria-roledescription=\"slide\" aria-label=\"2 sur 3\"><figure class=\"swiper-slide-inner\"><img decoding=\"async\" class=\"swiper-slide-image\" src=\"https:\/\/www.cycles-blain.com\/fr\/wp-content\/uploads\/2025\/02\/Image-7.jpg\" alt=\"\" \/><\/figure><\/div><div class=\"swiper-slide\" role=\"group\" aria-roledescription=\"slide\" aria-label=\"3 sur 3\"><figure class=\"swiper-slide-inner\"><img decoding=\"async\" class=\"swiper-slide-image\" src=\"https:\/\/www.cycles-blain.com\/fr\/wp-content\/uploads\/2025\/02\/entice-3b-move-kalkhoffbeige-300x300.jpg\" alt=\"Entice 3.B move cadre bas beige\" \/><\/figure><\/div>\t\t\t<\/div>\n\t\t\t\t\t\t\t\t\t\t\t\t<div class=\"elementor-swiper-button elementor-swiper-button-prev\" role=\"button\" tabindex=\"0\">\n\t\t\t\t\t\t<i aria-hidden=\"true\" class=\"eicon-chevron-left\"><\/i>\t\t\t\t\t<\/div>\n\t\t\t\t\t<div class=\"elementor-swiper-button elementor-swiper-button-next\" role=\"button\" tabindex=\"0\">\n\t\t\t\t\t\t<i aria-hidden=\"true\" class=\"eicon-chevron-right\"><\/i>\t\t\t\t\t<\/div>\n\t\t\t\t\n\t\t\t\t\t\t\t\t\t<div class=\"swiper-pagination\"><\/div>\n\t\t\t\t\t\t\t\t\t<\/div>\n\t\t\t\t\t\t<\/div>\n\t\t\t\t<\/div>\n\t\t\t\t<div class=\"elementor-element elementor-element-12a5bf9 elementor-align-center elementor-widget elementor-widget-button\" data-id=\"12a5bf9\" data-element_type=\"widget\" data-e-type=\"widget\" data-widget_type=\"button.default\">\n\t\t\t\t<div class=\"elementor-widget-container\">\n\t\t\t\t\t\t\t\t\t<div class=\"elementor-button-wrapper\">\n\t\t\t\t\t<a class=\"elementor-button elementor-button-link elementor-size-sm\" href=\"https:\/\/www.cycles-blain.com\/recherche?controller=search&#038;search_query=entice+3b+move\">\n\t\t\t\t\t\t<span class=\"elementor-button-content-wrapper\">\n\t\t\t\t\t\t\t\t\t<span class=\"elementor-button-text\">Je choisis mon\u00a0Kalkhoff Entice 3.B Move<\/span>\n\t\t\t\t\t<\/span>\n\t\t\t\t\t<\/a>\n\t\t\t\t<\/div>\n\t\t\t\t\t\t\t\t<\/div>\n\t\t\t\t<\/div>\n\t\t\t\t\t<\/div>\n\t\t\t\t<\/div>\n\t\t<div class=\"elementor-element elementor-element-d4eddcb e-flex e-con-boxed e-con e-parent\" data-id=\"d4eddcb\" data-element_type=\"container\" data-e-type=\"container\">\n\t\t\t\t\t<div class=\"e-con-inner\">\n\t\t\t\t<div class=\"elementor-element elementor-element-eeb4ab7 elementor-widget elementor-widget-heading\" data-id=\"eeb4ab7\" data-element_type=\"widget\" data-e-type=\"widget\" data-widget_type=\"heading.default\">\n\t\t\t\t<div class=\"elementor-widget-container\">\n\t\t\t\t\t<h4 class=\"elementor-heading-title elementor-size-default\">D\u00e9couvrez le Entice 3B Move en vid\u00e9o<\/h4>\t\t\t\t<\/div>\n\t\t\t\t<\/div>\n\t\t\t\t\t<\/div>\n\t\t\t\t<\/div>\n\t\t<div class=\"elementor-element elementor-element-9820687 e-flex e-con-boxed e-con e-parent\" data-id=\"9820687\" data-element_type=\"container\" data-e-type=\"container\">\n\t\t\t\t\t<div class=\"e-con-inner\">\n\t\t\t\t<div class=\"elementor-element elementor-element-fc9e9d9 elementor-widget elementor-widget-image\" data-id=\"fc9e9d9\" data-element_type=\"widget\" data-e-type=\"widget\" data-widget_type=\"image.default\">\n\t\t\t\t<div class=\"elementor-widget-container\">\n\t\t\t\t\t\t\t\t\t\t\t\t\t\t\t\t<a href=\"https:\/\/youtube.com\/shorts\/ceTWdnLyTVo?si=rjxHBRuPD2A9V6Qx\" target=\"_blank\">\n\t\t\t\t\t\t\t<img decoding=\"async\" src=\"https:\/\/www.cycles-blain.com\/fr\/wp-content\/uploads\/elementor\/thumbs\/Capture-decran-2025-02-28-092955-r25vn0ntey1h84el103e797syad5vcczyp67l088ts.webp\" title=\"VTC Electrique Kalkhoff Entice 3B\" alt=\"VTC Electrique Kalkhoff Entice 3B\" loading=\"lazy\" \/>\t\t\t\t\t\t\t\t<\/a>\n\t\t\t\t\t\t\t\t\t\t\t\t\t\t\t<\/div>\n\t\t\t\t<\/div>\n\t\t\t\t\t<\/div>\n\t\t\t\t<\/div>\n\t\t\t\t<\/div>\n\t\t","protected":false},"excerpt":{"rendered":"<p>Notre nouveau v\u00e9lo coup de coeur : Le VTC Electrique Kalkhoff Entice 3.B Move en promotion dans nos magasins Cycles Blain<\/p>\n","protected":false},"author":4,"featured_media":13418,"comment_status":"open","ping_status":"open","sticky":false,"template":"","format":"standard","meta":{"site-sidebar-layout":"default","site-content-layout":"","ast-site-content-layout":"default","site-content-style":"default","site-sidebar-style":"default","ast-global-header-display":"","ast-banner-title-visibility":"","ast-main-header-display":"","ast-hfb-above-header-display":"","ast-hfb-below-header-display":"","ast-hfb-mobile-header-display":"","site-post-title":"","ast-breadcrumbs-content":"","ast-featured-img":"","footer-sml-layout":"","theme-transparent-header-meta":"","adv-header-id-meta":"","stick-header-meta":"","header-above-stick-meta":"","header-main-stick-meta":"","header-below-stick-meta":"","astra-migrate-meta-layouts":"set","ast-page-background-enabled":"default","ast-page-background-meta":{"desktop":{"background-color":"","background-image":"","background-repeat":"repeat","background-position":"center center","background-size":"auto","background-attachment":"scroll","background-type":"","background-media":"","overlay-type":"","overlay-color":"","overlay-gradient":""},"tablet":{"background-color":"","background-image":"","background-repeat":"repeat","background-position":"center center","background-size":"auto","background-attachment":"scroll","background-type":"","background-media":"","overlay-type":"","overlay-color":"","overlay-gradient":""},"mobile":{"background-color":"","background-image":"","background-repeat":"repeat","background-position":"center center","background-size":"auto","background-attachment":"scroll","background-type":"","background-media":"","overlay-type":"","overlay-color":"","overlay-gradient":""}},"ast-content-background-meta":{"desktop":{"background-color":"var(--ast-global-color-5)","background-image":"","background-repeat":"repeat","background-position":"center center","background-size":"auto","background-attachment":"scroll","background-type":"","background-media":"","overlay-type":"","overlay-color":"","overlay-gradient":""},"tablet":{"background-color":"var(--ast-global-color-5)","background-image":"","background-repeat":"repeat","background-position":"center center","background-size":"auto","background-attachment":"scroll","background-type":"","background-media":"","overlay-type":"","overlay-color":"","overlay-gradient":""},"mobile":{"background-color":"var(--ast-global-color-5)","background-image":"","background-repeat":"repeat","background-position":"center center","background-size":"auto","background-attachment":"scroll","background-type":"","background-media":"","overlay-type":"","overlay-color":"","overlay-gradient":""}},"footnotes":""},"categories":[6,4,7,78,44,37,76,36,81,79,77,80,16,53,54],"tags":[117],"class_list":["post-12858","post","type-post","status-publish","format-standard","has-post-thumbnail","hentry","category-magasins-velo","category-velo","category-magasin-brignais","category-magasin-craponne","category-magasin-lyon-3","category-magasin-saint-priest","category-magasin-vienne","category-magasin-vienne-sud","category-magasin-lyon-5","category-magasin-ecully","category-magasin-lyon-6","category-magasin-oullins","category-promotions-velo","category-velo-electrique","category-vtc-electrique","tag-kalkhoff"],"yoast_head":"<!-- This site is optimized with the Yoast SEO plugin v27.5 - https:\/\/yoast.com\/product\/yoast-seo-wordpress\/ -->\n<title>Coup de Coeur KALKHOFF : VTC Electrique Entice 3.B Move - CYCLES BLAIN<\/title>\n<meta name=\"description\" content=\"D\u00e9couvrez le VTC Electrique Kalkhoff Entice 3.B Move, un v\u00e9lo \u00e9lectrique tout-terrain en promotion et en stocks dans les magasins CYCLES BLAIN sur Lyon\" \/>\n<meta name=\"robots\" content=\"index, follow, max-snippet:-1, max-image-preview:large, max-video-preview:-1\" \/>\n<link rel=\"canonical\" href=\"https:\/\/www.cycles-blain.com\/fr\/velo\/coup-de-coeur-vtc-electrique-kalkhoff-entice-3-b-move\/\" \/>\n<meta property=\"og:locale\" content=\"fr_FR\" \/>\n<meta property=\"og:type\" content=\"article\" \/>\n<meta property=\"og:title\" content=\"Coup de Coeur KALKHOFF : VTC Electrique Entice 3.B Move - CYCLES BLAIN\" \/>\n<meta property=\"og:description\" content=\"D\u00e9couvrez le VTC Electrique Kalkhoff Entice 3.B Move, un v\u00e9lo \u00e9lectrique tout-terrain en promotion et en stocks dans les magasins CYCLES BLAIN sur Lyon\" \/>\n<meta property=\"og:url\" content=\"https:\/\/www.cycles-blain.com\/fr\/velo\/coup-de-coeur-vtc-electrique-kalkhoff-entice-3-b-move\/\" \/>\n<meta property=\"og:site_name\" content=\"CyclesBlain - Magasins de v\u00e9los, accessoires et ateliers\" \/>\n<meta property=\"article:publisher\" content=\"https:\/\/www.facebook.com\/cyclesblain\/?locale=fr_FR\" \/>\n<meta property=\"article:published_time\" content=\"2025-02-27T09:07:17+00:00\" \/>\n<meta property=\"article:modified_time\" content=\"2025-03-20T15:57:36+00:00\" \/>\n<meta property=\"og:image\" content=\"https:\/\/www.cycles-blain.com\/fr\/wp-content\/uploads\/2025\/02\/Visuel-Khalkoff-2.png\" \/>\n\t<meta property=\"og:image:width\" content=\"600\" \/>\n\t<meta property=\"og:image:height\" content=\"400\" \/>\n\t<meta property=\"og:image:type\" content=\"image\/png\" \/>\n<meta name=\"author\" content=\"Lou-Anne\" \/>\n<meta name=\"twitter:card\" content=\"summary_large_image\" \/>\n<meta name=\"twitter:label1\" content=\"\u00c9crit par\" \/>\n\t<meta name=\"twitter:data1\" content=\"Lou-Anne\" \/>\n\t<meta name=\"twitter:label2\" content=\"Dur\u00e9e de lecture estim\u00e9e\" \/>\n\t<meta name=\"twitter:data2\" content=\"6 minutes\" \/>\n<script type=\"application\/ld+json\" class=\"yoast-schema-graph\">{\"@context\":\"https:\\\/\\\/schema.org\",\"@graph\":[{\"@type\":\"Article\",\"@id\":\"https:\\\/\\\/www.cycles-blain.com\\\/fr\\\/velo\\\/coup-de-coeur-vtc-electrique-kalkhoff-entice-3-b-move\\\/#article\",\"isPartOf\":{\"@id\":\"https:\\\/\\\/www.cycles-blain.com\\\/fr\\\/velo\\\/coup-de-coeur-vtc-electrique-kalkhoff-entice-3-b-move\\\/\"},\"author\":{\"name\":\"Lou-Anne\",\"@id\":\"https:\\\/\\\/www.cycles-blain.com\\\/fr\\\/#\\\/schema\\\/person\\\/2e532610e6e45d290a29e480c00cc742\"},\"headline\":\"Coup de Coeur KALKHOFF : VTC Electrique Entice 3.B Move\",\"datePublished\":\"2025-02-27T09:07:17+00:00\",\"dateModified\":\"2025-03-20T15:57:36+00:00\",\"mainEntityOfPage\":{\"@id\":\"https:\\\/\\\/www.cycles-blain.com\\\/fr\\\/velo\\\/coup-de-coeur-vtc-electrique-kalkhoff-entice-3-b-move\\\/\"},\"wordCount\":457,\"commentCount\":0,\"publisher\":{\"@id\":\"https:\\\/\\\/www.cycles-blain.com\\\/fr\\\/#organization\"},\"image\":{\"@id\":\"https:\\\/\\\/www.cycles-blain.com\\\/fr\\\/velo\\\/coup-de-coeur-vtc-electrique-kalkhoff-entice-3-b-move\\\/#primaryimage\"},\"thumbnailUrl\":\"https:\\\/\\\/www.cycles-blain.com\\\/fr\\\/wp-content\\\/uploads\\\/2025\\\/02\\\/Visuel-Khalkoff-2.png\",\"keywords\":[\"kalkhoff\"],\"articleSection\":[\"Actus Magasins\",\"Actus V\u00e9lo\",\"Magasin Brignais\",\"Magasin Craponne\",\"Magasin Lyon Centre\",\"Magasin St Priest\",\"Magasin Vienne\",\"Magasin Vienne Sud\",\"Magasin-CyclesVeran\",\"Magasin-Ecully\",\"Magasin-Lyon6\",\"Magasin-Oullins\",\"Promotions\",\"V\u00e9lo Electrique\",\"VTC Electrique\"],\"inLanguage\":\"fr-FR\",\"potentialAction\":[{\"@type\":\"CommentAction\",\"name\":\"Comment\",\"target\":[\"https:\\\/\\\/www.cycles-blain.com\\\/fr\\\/velo\\\/coup-de-coeur-vtc-electrique-kalkhoff-entice-3-b-move\\\/#respond\"]}]},{\"@type\":\"WebPage\",\"@id\":\"https:\\\/\\\/www.cycles-blain.com\\\/fr\\\/velo\\\/coup-de-coeur-vtc-electrique-kalkhoff-entice-3-b-move\\\/\",\"url\":\"https:\\\/\\\/www.cycles-blain.com\\\/fr\\\/velo\\\/coup-de-coeur-vtc-electrique-kalkhoff-entice-3-b-move\\\/\",\"name\":\"Coup de Coeur KALKHOFF : VTC Electrique Entice 3.B Move - CYCLES BLAIN\",\"isPartOf\":{\"@id\":\"https:\\\/\\\/www.cycles-blain.com\\\/fr\\\/#website\"},\"primaryImageOfPage\":{\"@id\":\"https:\\\/\\\/www.cycles-blain.com\\\/fr\\\/velo\\\/coup-de-coeur-vtc-electrique-kalkhoff-entice-3-b-move\\\/#primaryimage\"},\"image\":{\"@id\":\"https:\\\/\\\/www.cycles-blain.com\\\/fr\\\/velo\\\/coup-de-coeur-vtc-electrique-kalkhoff-entice-3-b-move\\\/#primaryimage\"},\"thumbnailUrl\":\"https:\\\/\\\/www.cycles-blain.com\\\/fr\\\/wp-content\\\/uploads\\\/2025\\\/02\\\/Visuel-Khalkoff-2.png\",\"datePublished\":\"2025-02-27T09:07:17+00:00\",\"dateModified\":\"2025-03-20T15:57:36+00:00\",\"description\":\"D\u00e9couvrez le VTC Electrique Kalkhoff Entice 3.B Move, un v\u00e9lo \u00e9lectrique tout-terrain en promotion et en stocks dans les magasins CYCLES BLAIN sur Lyon\",\"breadcrumb\":{\"@id\":\"https:\\\/\\\/www.cycles-blain.com\\\/fr\\\/velo\\\/coup-de-coeur-vtc-electrique-kalkhoff-entice-3-b-move\\\/#breadcrumb\"},\"inLanguage\":\"fr-FR\",\"potentialAction\":[{\"@type\":\"ReadAction\",\"target\":[\"https:\\\/\\\/www.cycles-blain.com\\\/fr\\\/velo\\\/coup-de-coeur-vtc-electrique-kalkhoff-entice-3-b-move\\\/\"]}]},{\"@type\":\"ImageObject\",\"inLanguage\":\"fr-FR\",\"@id\":\"https:\\\/\\\/www.cycles-blain.com\\\/fr\\\/velo\\\/coup-de-coeur-vtc-electrique-kalkhoff-entice-3-b-move\\\/#primaryimage\",\"url\":\"https:\\\/\\\/www.cycles-blain.com\\\/fr\\\/wp-content\\\/uploads\\\/2025\\\/02\\\/Visuel-Khalkoff-2.png\",\"contentUrl\":\"https:\\\/\\\/www.cycles-blain.com\\\/fr\\\/wp-content\\\/uploads\\\/2025\\\/02\\\/Visuel-Khalkoff-2.png\",\"width\":600,\"height\":400,\"caption\":\"Khalkoff entice 3B move\"},{\"@type\":\"BreadcrumbList\",\"@id\":\"https:\\\/\\\/www.cycles-blain.com\\\/fr\\\/velo\\\/coup-de-coeur-vtc-electrique-kalkhoff-entice-3-b-move\\\/#breadcrumb\",\"itemListElement\":[{\"@type\":\"ListItem\",\"position\":1,\"name\":\"Accueil\",\"item\":\"https:\\\/\\\/www.cycles-blain.com\\\/fr\\\/\"},{\"@type\":\"ListItem\",\"position\":2,\"name\":\"Coup de Coeur KALKHOFF : VTC Electrique Entice 3.B Move\"}]},{\"@type\":\"WebSite\",\"@id\":\"https:\\\/\\\/www.cycles-blain.com\\\/fr\\\/#website\",\"url\":\"https:\\\/\\\/www.cycles-blain.com\\\/fr\\\/\",\"name\":\"CyclesBlain - Magasins de v\u00e9los, accessoires et ateliers\",\"description\":\"Blog Cycles Blain\",\"publisher\":{\"@id\":\"https:\\\/\\\/www.cycles-blain.com\\\/fr\\\/#organization\"},\"potentialAction\":[{\"@type\":\"SearchAction\",\"target\":{\"@type\":\"EntryPoint\",\"urlTemplate\":\"https:\\\/\\\/www.cycles-blain.com\\\/fr\\\/?s={search_term_string}\"},\"query-input\":{\"@type\":\"PropertyValueSpecification\",\"valueRequired\":true,\"valueName\":\"search_term_string\"}}],\"inLanguage\":\"fr-FR\"},{\"@type\":\"Organization\",\"@id\":\"https:\\\/\\\/www.cycles-blain.com\\\/fr\\\/#organization\",\"name\":\"CyclesBlain - Magasins de v\u00e9los, accessoires et ateliers\",\"url\":\"https:\\\/\\\/www.cycles-blain.com\\\/fr\\\/\",\"logo\":{\"@type\":\"ImageObject\",\"inLanguage\":\"fr-FR\",\"@id\":\"https:\\\/\\\/www.cycles-blain.com\\\/fr\\\/#\\\/schema\\\/logo\\\/image\\\/\",\"url\":\"https:\\\/\\\/www.cycles-blain.com\\\/fr\\\/wp-content\\\/uploads\\\/2023\\\/10\\\/logo-cycles-blain.jpeg\",\"contentUrl\":\"https:\\\/\\\/www.cycles-blain.com\\\/fr\\\/wp-content\\\/uploads\\\/2023\\\/10\\\/logo-cycles-blain.jpeg\",\"width\":264,\"height\":191,\"caption\":\"CyclesBlain - Magasins de v\u00e9los, accessoires et ateliers\"},\"image\":{\"@id\":\"https:\\\/\\\/www.cycles-blain.com\\\/fr\\\/#\\\/schema\\\/logo\\\/image\\\/\"},\"sameAs\":[\"https:\\\/\\\/www.facebook.com\\\/cyclesblain\\\/?locale=fr_FR\",\"https:\\\/\\\/www.instagram.com\\\/cycles_blain\\\/?hl=fr\"]},{\"@type\":\"Person\",\"@id\":\"https:\\\/\\\/www.cycles-blain.com\\\/fr\\\/#\\\/schema\\\/person\\\/2e532610e6e45d290a29e480c00cc742\",\"name\":\"Lou-Anne\",\"image\":{\"@type\":\"ImageObject\",\"inLanguage\":\"fr-FR\",\"@id\":\"https:\\\/\\\/secure.gravatar.com\\\/avatar\\\/fc66047eecb12b1dd0e5dd77ae839eef6f5705cede9df1aa88eec9ecfd50b1ab?s=96&d=mm&r=g\",\"url\":\"https:\\\/\\\/secure.gravatar.com\\\/avatar\\\/fc66047eecb12b1dd0e5dd77ae839eef6f5705cede9df1aa88eec9ecfd50b1ab?s=96&d=mm&r=g\",\"contentUrl\":\"https:\\\/\\\/secure.gravatar.com\\\/avatar\\\/fc66047eecb12b1dd0e5dd77ae839eef6f5705cede9df1aa88eec9ecfd50b1ab?s=96&d=mm&r=g\",\"caption\":\"Lou-Anne\"},\"url\":\"https:\\\/\\\/www.cycles-blain.com\\\/fr\\\/author\\\/lou-anne\\\/\"}]}<\/script>\n<!-- \/ Yoast SEO plugin. -->","yoast_head_json":{"title":"Coup de Coeur KALKHOFF : VTC Electrique Entice 3.B Move - CYCLES BLAIN","description":"D\u00e9couvrez le VTC Electrique Kalkhoff Entice 3.B Move, un v\u00e9lo \u00e9lectrique tout-terrain en promotion et en stocks dans les magasins CYCLES BLAIN sur Lyon","robots":{"index":"index","follow":"follow","max-snippet":"max-snippet:-1","max-image-preview":"max-image-preview:large","max-video-preview":"max-video-preview:-1"},"canonical":"https:\/\/www.cycles-blain.com\/fr\/velo\/coup-de-coeur-vtc-electrique-kalkhoff-entice-3-b-move\/","og_locale":"fr_FR","og_type":"article","og_title":"Coup de Coeur KALKHOFF : VTC Electrique Entice 3.B Move - CYCLES BLAIN","og_description":"D\u00e9couvrez le VTC Electrique Kalkhoff Entice 3.B Move, un v\u00e9lo \u00e9lectrique tout-terrain en promotion et en stocks dans les magasins CYCLES BLAIN sur Lyon","og_url":"https:\/\/www.cycles-blain.com\/fr\/velo\/coup-de-coeur-vtc-electrique-kalkhoff-entice-3-b-move\/","og_site_name":"CyclesBlain - Magasins de v\u00e9los, accessoires et ateliers","article_publisher":"https:\/\/www.facebook.com\/cyclesblain\/?locale=fr_FR","article_published_time":"2025-02-27T09:07:17+00:00","article_modified_time":"2025-03-20T15:57:36+00:00","og_image":[{"width":600,"height":400,"url":"https:\/\/www.cycles-blain.com\/fr\/wp-content\/uploads\/2025\/02\/Visuel-Khalkoff-2.png","type":"image\/png"}],"author":"Lou-Anne","twitter_card":"summary_large_image","twitter_misc":{"\u00c9crit par":"Lou-Anne","Dur\u00e9e de lecture estim\u00e9e":"6 minutes"},"schema":{"@context":"https:\/\/schema.org","@graph":[{"@type":"Article","@id":"https:\/\/www.cycles-blain.com\/fr\/velo\/coup-de-coeur-vtc-electrique-kalkhoff-entice-3-b-move\/#article","isPartOf":{"@id":"https:\/\/www.cycles-blain.com\/fr\/velo\/coup-de-coeur-vtc-electrique-kalkhoff-entice-3-b-move\/"},"author":{"name":"Lou-Anne","@id":"https:\/\/www.cycles-blain.com\/fr\/#\/schema\/person\/2e532610e6e45d290a29e480c00cc742"},"headline":"Coup de Coeur KALKHOFF : VTC Electrique Entice 3.B Move","datePublished":"2025-02-27T09:07:17+00:00","dateModified":"2025-03-20T15:57:36+00:00","mainEntityOfPage":{"@id":"https:\/\/www.cycles-blain.com\/fr\/velo\/coup-de-coeur-vtc-electrique-kalkhoff-entice-3-b-move\/"},"wordCount":457,"commentCount":0,"publisher":{"@id":"https:\/\/www.cycles-blain.com\/fr\/#organization"},"image":{"@id":"https:\/\/www.cycles-blain.com\/fr\/velo\/coup-de-coeur-vtc-electrique-kalkhoff-entice-3-b-move\/#primaryimage"},"thumbnailUrl":"https:\/\/www.cycles-blain.com\/fr\/wp-content\/uploads\/2025\/02\/Visuel-Khalkoff-2.png","keywords":["kalkhoff"],"articleSection":["Actus Magasins","Actus V\u00e9lo","Magasin Brignais","Magasin Craponne","Magasin Lyon Centre","Magasin St Priest","Magasin Vienne","Magasin Vienne Sud","Magasin-CyclesVeran","Magasin-Ecully","Magasin-Lyon6","Magasin-Oullins","Promotions","V\u00e9lo Electrique","VTC Electrique"],"inLanguage":"fr-FR","potentialAction":[{"@type":"CommentAction","name":"Comment","target":["https:\/\/www.cycles-blain.com\/fr\/velo\/coup-de-coeur-vtc-electrique-kalkhoff-entice-3-b-move\/#respond"]}]},{"@type":"WebPage","@id":"https:\/\/www.cycles-blain.com\/fr\/velo\/coup-de-coeur-vtc-electrique-kalkhoff-entice-3-b-move\/","url":"https:\/\/www.cycles-blain.com\/fr\/velo\/coup-de-coeur-vtc-electrique-kalkhoff-entice-3-b-move\/","name":"Coup de Coeur KALKHOFF : VTC Electrique Entice 3.B Move - CYCLES BLAIN","isPartOf":{"@id":"https:\/\/www.cycles-blain.com\/fr\/#website"},"primaryImageOfPage":{"@id":"https:\/\/www.cycles-blain.com\/fr\/velo\/coup-de-coeur-vtc-electrique-kalkhoff-entice-3-b-move\/#primaryimage"},"image":{"@id":"https:\/\/www.cycles-blain.com\/fr\/velo\/coup-de-coeur-vtc-electrique-kalkhoff-entice-3-b-move\/#primaryimage"},"thumbnailUrl":"https:\/\/www.cycles-blain.com\/fr\/wp-content\/uploads\/2025\/02\/Visuel-Khalkoff-2.png","datePublished":"2025-02-27T09:07:17+00:00","dateModified":"2025-03-20T15:57:36+00:00","description":"D\u00e9couvrez le VTC Electrique Kalkhoff Entice 3.B Move, un v\u00e9lo \u00e9lectrique tout-terrain en promotion et en stocks dans les magasins CYCLES BLAIN sur Lyon","breadcrumb":{"@id":"https:\/\/www.cycles-blain.com\/fr\/velo\/coup-de-coeur-vtc-electrique-kalkhoff-entice-3-b-move\/#breadcrumb"},"inLanguage":"fr-FR","potentialAction":[{"@type":"ReadAction","target":["https:\/\/www.cycles-blain.com\/fr\/velo\/coup-de-coeur-vtc-electrique-kalkhoff-entice-3-b-move\/"]}]},{"@type":"ImageObject","inLanguage":"fr-FR","@id":"https:\/\/www.cycles-blain.com\/fr\/velo\/coup-de-coeur-vtc-electrique-kalkhoff-entice-3-b-move\/#primaryimage","url":"https:\/\/www.cycles-blain.com\/fr\/wp-content\/uploads\/2025\/02\/Visuel-Khalkoff-2.png","contentUrl":"https:\/\/www.cycles-blain.com\/fr\/wp-content\/uploads\/2025\/02\/Visuel-Khalkoff-2.png","width":600,"height":400,"caption":"Khalkoff entice 3B move"},{"@type":"BreadcrumbList","@id":"https:\/\/www.cycles-blain.com\/fr\/velo\/coup-de-coeur-vtc-electrique-kalkhoff-entice-3-b-move\/#breadcrumb","itemListElement":[{"@type":"ListItem","position":1,"name":"Accueil","item":"https:\/\/www.cycles-blain.com\/fr\/"},{"@type":"ListItem","position":2,"name":"Coup de Coeur KALKHOFF : VTC Electrique Entice 3.B Move"}]},{"@type":"WebSite","@id":"https:\/\/www.cycles-blain.com\/fr\/#website","url":"https:\/\/www.cycles-blain.com\/fr\/","name":"CyclesBlain - Magasins de v\u00e9los, accessoires et ateliers","description":"Blog Cycles Blain","publisher":{"@id":"https:\/\/www.cycles-blain.com\/fr\/#organization"},"potentialAction":[{"@type":"SearchAction","target":{"@type":"EntryPoint","urlTemplate":"https:\/\/www.cycles-blain.com\/fr\/?s={search_term_string}"},"query-input":{"@type":"PropertyValueSpecification","valueRequired":true,"valueName":"search_term_string"}}],"inLanguage":"fr-FR"},{"@type":"Organization","@id":"https:\/\/www.cycles-blain.com\/fr\/#organization","name":"CyclesBlain - Magasins de v\u00e9los, accessoires et ateliers","url":"https:\/\/www.cycles-blain.com\/fr\/","logo":{"@type":"ImageObject","inLanguage":"fr-FR","@id":"https:\/\/www.cycles-blain.com\/fr\/#\/schema\/logo\/image\/","url":"https:\/\/www.cycles-blain.com\/fr\/wp-content\/uploads\/2023\/10\/logo-cycles-blain.jpeg","contentUrl":"https:\/\/www.cycles-blain.com\/fr\/wp-content\/uploads\/2023\/10\/logo-cycles-blain.jpeg","width":264,"height":191,"caption":"CyclesBlain - Magasins de v\u00e9los, accessoires et ateliers"},"image":{"@id":"https:\/\/www.cycles-blain.com\/fr\/#\/schema\/logo\/image\/"},"sameAs":["https:\/\/www.facebook.com\/cyclesblain\/?locale=fr_FR","https:\/\/www.instagram.com\/cycles_blain\/?hl=fr"]},{"@type":"Person","@id":"https:\/\/www.cycles-blain.com\/fr\/#\/schema\/person\/2e532610e6e45d290a29e480c00cc742","name":"Lou-Anne","image":{"@type":"ImageObject","inLanguage":"fr-FR","@id":"https:\/\/secure.gravatar.com\/avatar\/fc66047eecb12b1dd0e5dd77ae839eef6f5705cede9df1aa88eec9ecfd50b1ab?s=96&d=mm&r=g","url":"https:\/\/secure.gravatar.com\/avatar\/fc66047eecb12b1dd0e5dd77ae839eef6f5705cede9df1aa88eec9ecfd50b1ab?s=96&d=mm&r=g","contentUrl":"https:\/\/secure.gravatar.com\/avatar\/fc66047eecb12b1dd0e5dd77ae839eef6f5705cede9df1aa88eec9ecfd50b1ab?s=96&d=mm&r=g","caption":"Lou-Anne"},"url":"https:\/\/www.cycles-blain.com\/fr\/author\/lou-anne\/"}]}},"_links":{"self":[{"href":"https:\/\/www.cycles-blain.com\/fr\/wp-json\/wp\/v2\/posts\/12858","targetHints":{"allow":["GET"]}}],"collection":[{"href":"https:\/\/www.cycles-blain.com\/fr\/wp-json\/wp\/v2\/posts"}],"about":[{"href":"https:\/\/www.cycles-blain.com\/fr\/wp-json\/wp\/v2\/types\/post"}],"author":[{"embeddable":true,"href":"https:\/\/www.cycles-blain.com\/fr\/wp-json\/wp\/v2\/users\/4"}],"replies":[{"embeddable":true,"href":"https:\/\/www.cycles-blain.com\/fr\/wp-json\/wp\/v2\/comments?post=12858"}],"version-history":[{"count":98,"href":"https:\/\/www.cycles-blain.com\/fr\/wp-json\/wp\/v2\/posts\/12858\/revisions"}],"predecessor-version":[{"id":13428,"href":"https:\/\/www.cycles-blain.com\/fr\/wp-json\/wp\/v2\/posts\/12858\/revisions\/13428"}],"wp:featuredmedia":[{"embeddable":true,"href":"https:\/\/www.cycles-blain.com\/fr\/wp-json\/wp\/v2\/media\/13418"}],"wp:attachment":[{"href":"https:\/\/www.cycles-blain.com\/fr\/wp-json\/wp\/v2\/media?parent=12858"}],"wp:term":[{"taxonomy":"category","embeddable":true,"href":"https:\/\/www.cycles-blain.com\/fr\/wp-json\/wp\/v2\/categories?post=12858"},{"taxonomy":"post_tag","embeddable":true,"href":"https:\/\/www.cycles-blain.com\/fr\/wp-json\/wp\/v2\/tags?post=12858"}],"curies":[{"name":"wp","href":"https:\/\/api.w.org\/{rel}","templated":true}]}}