{"id":13006,"date":"2025-03-06T14:01:01","date_gmt":"2025-03-06T13:01:01","guid":{"rendered":"https:\/\/www.cycles-blain.com\/fr\/?p=13006"},"modified":"2025-03-06T17:16:42","modified_gmt":"2025-03-06T16:16:42","slug":"etude-posturale-retul-vienne","status":"publish","type":"post","link":"https:\/\/www.cycles-blain.com\/fr\/etude-posturale-velo\/etude-posturale-retul-vienne\/","title":{"rendered":"\u00c9tude posturale RET\u00dcL &#8211; VIENNE"},"content":{"rendered":"\t\t<div data-elementor-type=\"wp-post\" data-elementor-id=\"13006\" class=\"elementor elementor-13006\" data-elementor-post-type=\"post\">\n\t\t\t\t<div class=\"elementor-element elementor-element-f889622 e-flex e-con-boxed e-con e-parent\" data-id=\"f889622\" data-element_type=\"container\" data-e-type=\"container\">\n\t\t\t\t\t<div class=\"e-con-inner\">\n\t\t\t\t<div class=\"elementor-element elementor-element-a68c1cc elementor-widget elementor-widget-text-editor\" data-id=\"a68c1cc\" data-element_type=\"widget\" data-e-type=\"widget\" data-widget_type=\"text-editor.default\">\n\t\t\t\t<div class=\"elementor-widget-container\">\n\t\t\t\t\t\t\t\t\t<p>Le lundi 03 mars, notre ambassadrice Cycles Blain, \u00c9milie a r\u00e9alis\u00e9 une \u00e9tude posturale RET\u00dcL fit dans notre magasin de Vienne. Pour cette \u00e9tude, Noa, lui-m\u00eame cycliste et sp\u00e9cialis\u00e9 dans l&rsquo;\u00e9tude posturale RET\u00dcL, l&rsquo;a accompagn\u00e9, \u00e9tape par \u00e9tape.\u00a0<\/p>\t\t\t\t\t\t\t\t<\/div>\n\t\t\t\t<\/div>\n\t\t\t\t<div class=\"elementor-element elementor-element-2facf18 elementor-widget elementor-widget-heading\" data-id=\"2facf18\" data-element_type=\"widget\" data-e-type=\"widget\" data-widget_type=\"heading.default\">\n\t\t\t\t<div class=\"elementor-widget-container\">\n\t\t\t\t\t<h3 class=\"elementor-heading-title elementor-size-default\">Comment se d\u00e9roule l'\u00e9tude posturale RET\u00dcL ? \n<\/h3>\t\t\t\t<\/div>\n\t\t\t\t<\/div>\n\t\t\t\t<div class=\"elementor-element elementor-element-2776125 elementor-widget elementor-widget-text-editor\" data-id=\"2776125\" data-element_type=\"widget\" data-e-type=\"widget\" data-widget_type=\"text-editor.default\">\n\t\t\t\t<div class=\"elementor-widget-container\">\n\t\t\t\t\t\t\t\t\t<p>Cette \u00e9tude posturale se divise en cinq parties.<\/p><ul><li><strong>La prise d&rsquo;information :<\/strong> Le garant de l&rsquo;\u00e9tude pose de nombreuses questions au client afin de conna\u00eetre son pass\u00e9 sportif, ses ant\u00e9c\u00e9dents de blessures, ses douleurs sur le v\u00e9lo&#8230;<\/li><li><strong style=\"font-style: inherit;\">Les mesures : <\/strong><span style=\"font-style: inherit;\">Le cycliste est mesur\u00e9 de la t\u00eate aux pieds, puis ses mesures sont rentr\u00e9es sur l&rsquo;ordinateur dans le logiciel d&rsquo;\u00e9tude.\u00a0<\/span><\/li><li><strong style=\"font-style: inherit;\">Analyse dynamique sur le v\u00e9lo<\/strong><span style=\"font-style: inherit;\"> : Les capteurs sont plac\u00e9s sur le cycliste pour mesurer les angles et les ajustements sont faits en temps r\u00e9el depuis le logiciel.<\/span><\/li><li><strong style=\"font-style: inherit;\">R\u00e9glage du v\u00e9lo : <\/strong>L<span style=\"font-style: inherit;\">es r\u00e9glages sont faits sur la selle, le guidon, les chaussures&#8230;<\/span><\/li><li><strong style=\"font-style: inherit;\">Compte rendu personnalis\u00e9 : <\/strong><span style=\"font-style: inherit;\">Un compte rendu final avec toutes les recommandations.<\/span><\/li><\/ul>\t\t\t\t\t\t\t\t<\/div>\n\t\t\t\t<\/div>\n\t\t\t\t<div class=\"elementor-element elementor-element-c8db4fb elementor-align-center elementor-widget elementor-widget-button\" data-id=\"c8db4fb\" data-element_type=\"widget\" data-e-type=\"widget\" data-widget_type=\"button.default\">\n\t\t\t\t<div class=\"elementor-widget-container\">\n\t\t\t\t\t\t\t\t\t<div class=\"elementor-button-wrapper\">\n\t\t\t\t\t<a class=\"elementor-button elementor-button-link elementor-size-sm\" href=\"https:\/\/www.cycles-blain.com\/fr\/etude-posturale-velo\/etude-posturale-retul-specialized\/\">\n\t\t\t\t\t\t<span class=\"elementor-button-content-wrapper\">\n\t\t\t\t\t\t\t\t\t<span class=\"elementor-button-text\">Je d\u00e9couvre en d\u00e9tail l'\u00e9tude <\/span>\n\t\t\t\t\t<\/span>\n\t\t\t\t\t<\/a>\n\t\t\t\t<\/div>\n\t\t\t\t\t\t\t\t<\/div>\n\t\t\t\t<\/div>\n\t\t\t\t<div class=\"elementor-element elementor-element-47d4d2c elementor-widget elementor-widget-heading\" data-id=\"47d4d2c\" data-element_type=\"widget\" data-e-type=\"widget\" data-widget_type=\"heading.default\">\n\t\t\t\t<div class=\"elementor-widget-container\">\n\t\t\t\t\t<h3 class=\"elementor-heading-title elementor-size-default\">\u00c0 qui s'adresse cette \u00e9tude ? <\/h3>\t\t\t\t<\/div>\n\t\t\t\t<\/div>\n\t\t\t\t<div class=\"elementor-element elementor-element-c293566 elementor-widget elementor-widget-text-editor\" data-id=\"c293566\" data-element_type=\"widget\" data-e-type=\"widget\" data-widget_type=\"text-editor.default\">\n\t\t\t\t<div class=\"elementor-widget-container\">\n\t\t\t\t\t\t\t\t\t<p>L&rsquo;\u00e9tude posturale RET\u00dcL s&rsquo;adresse aux cyclistes qui souhaitent une \u00e9tude plus pouss\u00e9e pour am\u00e9liorer leurs postures. \u00c9milie notre ambassadrice, avait d\u00e9j\u00e0 r\u00e9alis\u00e9 l&rsquo;\u00e9tude posturale int\u00e9grale de Brignais mais souhaitait essayer une approche diff\u00e9rente avec cette fois-ci des capteurs 3D. En effet adepte du long et des cols de montagnes, il est imp\u00e9ratif pour elle d&rsquo;avoir un positionnement optimal sur son v\u00e9lo.<\/p>\t\t\t\t\t\t\t\t<\/div>\n\t\t\t\t<\/div>\n\t\t\t\t<div class=\"elementor-element elementor-element-2bc59bc elementor-align-center elementor-widget elementor-widget-button\" data-id=\"2bc59bc\" data-element_type=\"widget\" data-e-type=\"widget\" data-widget_type=\"button.default\">\n\t\t\t\t<div class=\"elementor-widget-container\">\n\t\t\t\t\t\t\t\t\t<div class=\"elementor-button-wrapper\">\n\t\t\t\t\t<a class=\"elementor-button elementor-button-link elementor-size-sm\" href=\"https:\/\/www.cycles-blain.com\/fr\/etude-posturale-velo-lyon\/\">\n\t\t\t\t\t\t<span class=\"elementor-button-content-wrapper\">\n\t\t\t\t\t\t\t\t\t<span class=\"elementor-button-text\">Nos diff\u00e9rentes \u00e9tudes posturales <\/span>\n\t\t\t\t\t<\/span>\n\t\t\t\t\t<\/a>\n\t\t\t\t<\/div>\n\t\t\t\t\t\t\t\t<\/div>\n\t\t\t\t<\/div>\n\t\t\t\t<div class=\"elementor-element elementor-element-1372942 elementor-widget elementor-widget-heading\" data-id=\"1372942\" data-element_type=\"widget\" data-e-type=\"widget\" data-widget_type=\"heading.default\">\n\t\t\t\t<div class=\"elementor-widget-container\">\n\t\t\t\t\t<h3 class=\"elementor-heading-title elementor-size-default\">Les sp\u00e9cificit\u00e9s de l'\u00e9tude RET\u00dcL FIT :<\/h3>\t\t\t\t<\/div>\n\t\t\t\t<\/div>\n\t\t\t\t<div class=\"elementor-element elementor-element-e6529d6 elementor-widget elementor-widget-text-editor\" data-id=\"e6529d6\" data-element_type=\"widget\" data-e-type=\"widget\" data-widget_type=\"text-editor.default\">\n\t\t\t\t<div class=\"elementor-widget-container\">\n\t\t\t\t\t\t\t\t\t<p>Cette \u00e9tude posturale au prix de <strong>250\u20ac<\/strong>, est une r\u00e9f\u00e9rence en mati\u00e8re de r\u00e9glage personnalis\u00e9 du v\u00e9lo gr\u00e2ce \u00e0 une technologie avanc\u00e9e et une approche dynamique.<\/p><ul><li>\u00a0<strong>Technologie de capteurs 3D pour une analyse dynamique<\/strong><\/li><\/ul><p>Contrairement aux \u00e9tudes statiques, Ret\u00fcl utilise des capteurs LED plac\u00e9s sur le cycliste pour enregistrer ses mouvements en temps r\u00e9el. Cela permet de mesurer pr\u00e9cis\u00e9ment :\u00a0<\/p><p>&#8211; Les angles des articulations (cheville, genou, hanche, dos\u2026).<br \/>&#8211; La sym\u00e9trie du p\u00e9dalage.<br \/>&#8211; La trajectoire du genou pour \u00e9viter les d\u00e9viations.<br \/>&#8211; Les interactions entre le corps et le v\u00e9lo en conditions r\u00e9elles.<\/p><ul><li><strong>Ajustements pr\u00e9cis et personnalis\u00e9e<\/strong><\/li><\/ul><p>Le syst\u00e8me Ret\u00fcl Match permet de comparer les r\u00e9glages avec les caract\u00e9ristiques du cycliste et d&rsquo;effectuer des ajustements ultra-pr\u00e9cis sur :\u00a0<\/p><p>&#8211; Hauteur et recul de selle pour un bon \u00e9quilibre entre confort et performance.<br \/>&#8211; Longueur et inclinaison du cintre pour \u00e9viter les douleurs cervicales et dorsales.<br \/>&#8211; Position des cales sous les chaussures pour un p\u00e9dalage efficace et sans blessure.<\/p><ul><li><strong>\u00c9tude compl\u00e8te avec bilan personnalis\u00e9<\/strong><\/li><\/ul><p>\u00c0 la fin de l\u2019\u00e9tude, le cycliste re\u00e7oit un rapport d\u00e9taill\u00e9 avec ses mesures et recommandations. Un fichier Ret\u00fcl Digital Report est g\u00e9n\u00e9r\u00e9, avec toutes les donn\u00e9es de position pour d\u2019\u00e9ventuels futurs ajustements.<\/p><ul><li><strong>Adapt\u00e9 \u00e0 tous les cyclistes<\/strong><\/li><\/ul><p>Que tu sois coureur \u00e9lite, pratiquant loisir ou d\u00e9butant, une \u00e9tude Ret\u00fcl apporte des b\u00e9n\u00e9fices en confort, pr\u00e9vention des douleurs et am\u00e9lioration des performances.<\/p><p>L\u2019id\u00e9e principale de Ret\u00fcl : adapter le v\u00e9lo au cycliste et non l\u2019inverse ! \ud83d\udeb4\u200d\u2642\ufe0f<\/p>\t\t\t\t\t\t\t\t<\/div>\n\t\t\t\t<\/div>\n\t\t\t\t<div class=\"elementor-element elementor-element-c59eea5 elementor-widget elementor-widget-text-editor\" data-id=\"c59eea5\" data-element_type=\"widget\" data-e-type=\"widget\" data-widget_type=\"text-editor.default\">\n\t\t\t\t<div class=\"elementor-widget-container\">\n\t\t\t\t\t\t\t\t\t<p><strong>Un petit aper\u00e7u de cette \u00e9tude posturale <a href=\"https:\/\/youtube.com\/shorts\/_ODN7lcFaQY?si=MoGTOiEVFT6jCcwF\">ici <\/a>!<\/strong><\/p>\t\t\t\t\t\t\t\t<\/div>\n\t\t\t\t<\/div>\n\t\t\t\t<div class=\"elementor-element elementor-element-74768ef elementor-widget elementor-widget-image\" data-id=\"74768ef\" data-element_type=\"widget\" data-e-type=\"widget\" data-widget_type=\"image.default\">\n\t\t\t\t<div class=\"elementor-widget-container\">\n\t\t\t\t\t\t\t\t\t\t\t\t\t\t\t\t<a href=\"https:\/\/youtube.com\/shorts\/_ODN7lcFaQY?si=MoGTOiEVFT6jCcwF\" target=\"_blank\">\n\t\t\t\t\t\t\t<img fetchpriority=\"high\" decoding=\"async\" width=\"300\" height=\"200\" src=\"https:\/\/www.cycles-blain.com\/fr\/wp-content\/uploads\/2025\/03\/Photo-article-300x200.png\" class=\"attachment-medium size-medium wp-image-13008\" alt=\"\u00c9TUDE POSTURALE RETUL\" srcset=\"https:\/\/www.cycles-blain.com\/fr\/wp-content\/uploads\/2025\/03\/Photo-article-300x200.png 300w, https:\/\/www.cycles-blain.com\/fr\/wp-content\/uploads\/2025\/03\/Photo-article.png 600w\" sizes=\"(max-width: 300px) 100vw, 300px\" \/>\t\t\t\t\t\t\t\t<\/a>\n\t\t\t\t\t\t\t\t\t\t\t\t\t\t\t<\/div>\n\t\t\t\t<\/div>\n\t\t\t\t\t<\/div>\n\t\t\t\t<\/div>\n\t\t<div class=\"elementor-element elementor-element-03850d8 e-flex e-con-boxed e-con e-parent\" data-id=\"03850d8\" data-element_type=\"container\" data-e-type=\"container\">\n\t\t\t\t\t<div class=\"e-con-inner\">\n\t\t\t\t<div class=\"elementor-element elementor-element-09c166c elementor-align-center elementor-widget elementor-widget-button\" data-id=\"09c166c\" data-element_type=\"widget\" data-e-type=\"widget\" data-widget_type=\"button.default\">\n\t\t\t\t<div class=\"elementor-widget-container\">\n\t\t\t\t\t\t\t\t\t<div class=\"elementor-button-wrapper\">\n\t\t\t\t\t<a class=\"elementor-button elementor-button-link elementor-size-sm\" href=\"https:\/\/www.cycles-blain.com\/content\/60-etude-posturale-velo-retul-bike-fitting\">\n\t\t\t\t\t\t<span class=\"elementor-button-content-wrapper\">\n\t\t\t\t\t\t\t\t\t<span class=\"elementor-button-text\">Je r\u00e9serve une \u00e9tude Posturale RETUL<\/span>\n\t\t\t\t\t<\/span>\n\t\t\t\t\t<\/a>\n\t\t\t\t<\/div>\n\t\t\t\t\t\t\t\t<\/div>\n\t\t\t\t<\/div>\n\t\t\t\t\t<\/div>\n\t\t\t\t<\/div>\n\t\t\t\t<\/div>\n\t\t","protected":false},"excerpt":{"rendered":"<p>Nous avons suivi \u00c9milie durant son \u00e9tude posturale RET\u00dcL \u00e0 Vienne, afin d&rsquo;am\u00e9liorer son confort et ses performances. <\/p>\n","protected":false},"author":4,"featured_media":13008,"comment_status":"open","ping_status":"open","sticky":false,"template":"","format":"standard","meta":{"site-sidebar-layout":"default","site-content-layout":"","ast-site-content-layout":"default","site-content-style":"default","site-sidebar-style":"default","ast-global-header-display":"","ast-banner-title-visibility":"","ast-main-header-display":"","ast-hfb-above-header-display":"","ast-hfb-below-header-display":"","ast-hfb-mobile-header-display":"","site-post-title":"","ast-breadcrumbs-content":"","ast-featured-img":"","footer-sml-layout":"","theme-transparent-header-meta":"","adv-header-id-meta":"","stick-header-meta":"","header-above-stick-meta":"","header-main-stick-meta":"","header-below-stick-meta":"","astra-migrate-meta-layouts":"set","ast-page-background-enabled":"default","ast-page-background-meta":{"desktop":{"background-color":"","background-image":"","background-repeat":"repeat","background-position":"center center","background-size":"auto","background-attachment":"scroll","background-type":"","background-media":"","overlay-type":"","overlay-color":"","overlay-gradient":""},"tablet":{"background-color":"","background-image":"","background-repeat":"repeat","background-position":"center center","background-size":"auto","background-attachment":"scroll","background-type":"","background-media":"","overlay-type":"","overlay-color":"","overlay-gradient":""},"mobile":{"background-color":"","background-image":"","background-repeat":"repeat","background-position":"center center","background-size":"auto","background-attachment":"scroll","background-type":"","background-media":"","overlay-type":"","overlay-color":"","overlay-gradient":""}},"ast-content-background-meta":{"desktop":{"background-color":"var(--ast-global-color-5)","background-image":"","background-repeat":"repeat","background-position":"center center","background-size":"auto","background-attachment":"scroll","background-type":"","background-media":"","overlay-type":"","overlay-color":"","overlay-gradient":""},"tablet":{"background-color":"var(--ast-global-color-5)","background-image":"","background-repeat":"repeat","background-position":"center center","background-size":"auto","background-attachment":"scroll","background-type":"","background-media":"","overlay-type":"","overlay-color":"","overlay-gradient":""},"mobile":{"background-color":"var(--ast-global-color-5)","background-image":"","background-repeat":"repeat","background-position":"center center","background-size":"auto","background-attachment":"scroll","background-type":"","background-media":"","overlay-type":"","overlay-color":"","overlay-gradient":""}},"footnotes":""},"categories":[6,67,76,20,17],"tags":[25,202],"class_list":["post-13006","post","type-post","status-publish","format-standard","has-post-thumbnail","hentry","category-magasins-velo","category-etude-posturale-velo","category-magasin-vienne","category-sante-velo","category-sport-velo","tag-etude-posturale","tag-retul-fit"],"yoast_head":"<!-- This site is optimized with the Yoast SEO plugin v27.5 - https:\/\/yoast.com\/product\/yoast-seo-wordpress\/ -->\n<title>\u00c9tude posturale RET\u00dcL - VIENNE -<\/title>\n<meta name=\"description\" content=\"Nous avons suivi \u00c9milie durant son \u00e9tude posturale RET\u00dcL \u00e0 Vienne, afin d&#039;am\u00e9liorer son confort et ses performances.\" \/>\n<meta name=\"robots\" content=\"index, follow, max-snippet:-1, max-image-preview:large, max-video-preview:-1\" \/>\n<link rel=\"canonical\" href=\"https:\/\/www.cycles-blain.com\/fr\/magasins-velo\/etude-posturale-retul-vienne\/\" \/>\n<meta property=\"og:locale\" content=\"fr_FR\" \/>\n<meta property=\"og:type\" content=\"article\" \/>\n<meta property=\"og:title\" content=\"\u00c9tude posturale RET\u00dcL - VIENNE -\" \/>\n<meta property=\"og:description\" content=\"Nous avons suivi \u00c9milie durant son \u00e9tude posturale RET\u00dcL \u00e0 Vienne, afin d&#039;am\u00e9liorer son confort et ses performances.\" \/>\n<meta property=\"og:url\" content=\"https:\/\/www.cycles-blain.com\/fr\/magasins-velo\/etude-posturale-retul-vienne\/\" \/>\n<meta property=\"og:site_name\" content=\"CyclesBlain - Magasins de v\u00e9los, accessoires et ateliers\" \/>\n<meta property=\"article:publisher\" content=\"https:\/\/www.facebook.com\/cyclesblain\/?locale=fr_FR\" \/>\n<meta property=\"article:published_time\" content=\"2025-03-06T13:01:01+00:00\" \/>\n<meta property=\"article:modified_time\" content=\"2025-03-06T16:16:42+00:00\" \/>\n<meta property=\"og:image\" content=\"https:\/\/www.cycles-blain.com\/fr\/wp-content\/uploads\/2025\/03\/Photo-article.png\" \/>\n\t<meta property=\"og:image:width\" content=\"600\" \/>\n\t<meta property=\"og:image:height\" content=\"400\" \/>\n\t<meta property=\"og:image:type\" content=\"image\/png\" \/>\n<meta name=\"author\" content=\"Lou-Anne\" \/>\n<meta name=\"twitter:card\" content=\"summary_large_image\" \/>\n<meta name=\"twitter:label1\" content=\"\u00c9crit par\" \/>\n\t<meta name=\"twitter:data1\" content=\"Lou-Anne\" \/>\n\t<meta name=\"twitter:label2\" content=\"Dur\u00e9e de lecture estim\u00e9e\" \/>\n\t<meta name=\"twitter:data2\" content=\"3 minutes\" \/>\n<script type=\"application\/ld+json\" class=\"yoast-schema-graph\">{\"@context\":\"https:\\\/\\\/schema.org\",\"@graph\":[{\"@type\":\"Article\",\"@id\":\"https:\\\/\\\/www.cycles-blain.com\\\/fr\\\/magasins-velo\\\/etude-posturale-retul-vienne\\\/#article\",\"isPartOf\":{\"@id\":\"https:\\\/\\\/www.cycles-blain.com\\\/fr\\\/magasins-velo\\\/etude-posturale-retul-vienne\\\/\"},\"author\":{\"name\":\"Lou-Anne\",\"@id\":\"https:\\\/\\\/www.cycles-blain.com\\\/fr\\\/#\\\/schema\\\/person\\\/2e532610e6e45d290a29e480c00cc742\"},\"headline\":\"\u00c9tude posturale RET\u00dcL &#8211; VIENNE\",\"datePublished\":\"2025-03-06T13:01:01+00:00\",\"dateModified\":\"2025-03-06T16:16:42+00:00\",\"mainEntityOfPage\":{\"@id\":\"https:\\\/\\\/www.cycles-blain.com\\\/fr\\\/magasins-velo\\\/etude-posturale-retul-vienne\\\/\"},\"wordCount\":583,\"commentCount\":1,\"publisher\":{\"@id\":\"https:\\\/\\\/www.cycles-blain.com\\\/fr\\\/#organization\"},\"image\":{\"@id\":\"https:\\\/\\\/www.cycles-blain.com\\\/fr\\\/magasins-velo\\\/etude-posturale-retul-vienne\\\/#primaryimage\"},\"thumbnailUrl\":\"https:\\\/\\\/www.cycles-blain.com\\\/fr\\\/wp-content\\\/uploads\\\/2025\\\/03\\\/Photo-article.png\",\"keywords\":[\"etude posturale\",\"retul fit\"],\"articleSection\":[\"Actus Magasins\",\"Etude Posturale V\u00e9lo\",\"Magasin Vienne\",\"Sant\u00e9\",\"Sport\"],\"inLanguage\":\"fr-FR\",\"potentialAction\":[{\"@type\":\"CommentAction\",\"name\":\"Comment\",\"target\":[\"https:\\\/\\\/www.cycles-blain.com\\\/fr\\\/magasins-velo\\\/etude-posturale-retul-vienne\\\/#respond\"]}]},{\"@type\":\"WebPage\",\"@id\":\"https:\\\/\\\/www.cycles-blain.com\\\/fr\\\/magasins-velo\\\/etude-posturale-retul-vienne\\\/\",\"url\":\"https:\\\/\\\/www.cycles-blain.com\\\/fr\\\/magasins-velo\\\/etude-posturale-retul-vienne\\\/\",\"name\":\"\u00c9tude posturale RET\u00dcL - VIENNE -\",\"isPartOf\":{\"@id\":\"https:\\\/\\\/www.cycles-blain.com\\\/fr\\\/#website\"},\"primaryImageOfPage\":{\"@id\":\"https:\\\/\\\/www.cycles-blain.com\\\/fr\\\/magasins-velo\\\/etude-posturale-retul-vienne\\\/#primaryimage\"},\"image\":{\"@id\":\"https:\\\/\\\/www.cycles-blain.com\\\/fr\\\/magasins-velo\\\/etude-posturale-retul-vienne\\\/#primaryimage\"},\"thumbnailUrl\":\"https:\\\/\\\/www.cycles-blain.com\\\/fr\\\/wp-content\\\/uploads\\\/2025\\\/03\\\/Photo-article.png\",\"datePublished\":\"2025-03-06T13:01:01+00:00\",\"dateModified\":\"2025-03-06T16:16:42+00:00\",\"description\":\"Nous avons suivi \u00c9milie durant son \u00e9tude posturale RET\u00dcL \u00e0 Vienne, afin d'am\u00e9liorer son confort et ses performances.\",\"breadcrumb\":{\"@id\":\"https:\\\/\\\/www.cycles-blain.com\\\/fr\\\/magasins-velo\\\/etude-posturale-retul-vienne\\\/#breadcrumb\"},\"inLanguage\":\"fr-FR\",\"potentialAction\":[{\"@type\":\"ReadAction\",\"target\":[\"https:\\\/\\\/www.cycles-blain.com\\\/fr\\\/magasins-velo\\\/etude-posturale-retul-vienne\\\/\"]}]},{\"@type\":\"ImageObject\",\"inLanguage\":\"fr-FR\",\"@id\":\"https:\\\/\\\/www.cycles-blain.com\\\/fr\\\/magasins-velo\\\/etude-posturale-retul-vienne\\\/#primaryimage\",\"url\":\"https:\\\/\\\/www.cycles-blain.com\\\/fr\\\/wp-content\\\/uploads\\\/2025\\\/03\\\/Photo-article.png\",\"contentUrl\":\"https:\\\/\\\/www.cycles-blain.com\\\/fr\\\/wp-content\\\/uploads\\\/2025\\\/03\\\/Photo-article.png\",\"width\":600,\"height\":400,\"caption\":\"\u00c9TUDE POSTURALE RETUL\"},{\"@type\":\"BreadcrumbList\",\"@id\":\"https:\\\/\\\/www.cycles-blain.com\\\/fr\\\/magasins-velo\\\/etude-posturale-retul-vienne\\\/#breadcrumb\",\"itemListElement\":[{\"@type\":\"ListItem\",\"position\":1,\"name\":\"Accueil\",\"item\":\"https:\\\/\\\/www.cycles-blain.com\\\/fr\\\/\"},{\"@type\":\"ListItem\",\"position\":2,\"name\":\"\u00c9tude posturale RET\u00dcL &#8211; VIENNE\"}]},{\"@type\":\"WebSite\",\"@id\":\"https:\\\/\\\/www.cycles-blain.com\\\/fr\\\/#website\",\"url\":\"https:\\\/\\\/www.cycles-blain.com\\\/fr\\\/\",\"name\":\"CyclesBlain - Magasins de v\u00e9los, accessoires et ateliers\",\"description\":\"Blog Cycles Blain\",\"publisher\":{\"@id\":\"https:\\\/\\\/www.cycles-blain.com\\\/fr\\\/#organization\"},\"potentialAction\":[{\"@type\":\"SearchAction\",\"target\":{\"@type\":\"EntryPoint\",\"urlTemplate\":\"https:\\\/\\\/www.cycles-blain.com\\\/fr\\\/?s={search_term_string}\"},\"query-input\":{\"@type\":\"PropertyValueSpecification\",\"valueRequired\":true,\"valueName\":\"search_term_string\"}}],\"inLanguage\":\"fr-FR\"},{\"@type\":\"Organization\",\"@id\":\"https:\\\/\\\/www.cycles-blain.com\\\/fr\\\/#organization\",\"name\":\"CyclesBlain - Magasins de v\u00e9los, accessoires et ateliers\",\"url\":\"https:\\\/\\\/www.cycles-blain.com\\\/fr\\\/\",\"logo\":{\"@type\":\"ImageObject\",\"inLanguage\":\"fr-FR\",\"@id\":\"https:\\\/\\\/www.cycles-blain.com\\\/fr\\\/#\\\/schema\\\/logo\\\/image\\\/\",\"url\":\"https:\\\/\\\/www.cycles-blain.com\\\/fr\\\/wp-content\\\/uploads\\\/2023\\\/10\\\/logo-cycles-blain.jpeg\",\"contentUrl\":\"https:\\\/\\\/www.cycles-blain.com\\\/fr\\\/wp-content\\\/uploads\\\/2023\\\/10\\\/logo-cycles-blain.jpeg\",\"width\":264,\"height\":191,\"caption\":\"CyclesBlain - Magasins de v\u00e9los, accessoires et ateliers\"},\"image\":{\"@id\":\"https:\\\/\\\/www.cycles-blain.com\\\/fr\\\/#\\\/schema\\\/logo\\\/image\\\/\"},\"sameAs\":[\"https:\\\/\\\/www.facebook.com\\\/cyclesblain\\\/?locale=fr_FR\",\"https:\\\/\\\/www.instagram.com\\\/cycles_blain\\\/?hl=fr\"]},{\"@type\":\"Person\",\"@id\":\"https:\\\/\\\/www.cycles-blain.com\\\/fr\\\/#\\\/schema\\\/person\\\/2e532610e6e45d290a29e480c00cc742\",\"name\":\"Lou-Anne\",\"image\":{\"@type\":\"ImageObject\",\"inLanguage\":\"fr-FR\",\"@id\":\"https:\\\/\\\/secure.gravatar.com\\\/avatar\\\/fc66047eecb12b1dd0e5dd77ae839eef6f5705cede9df1aa88eec9ecfd50b1ab?s=96&d=mm&r=g\",\"url\":\"https:\\\/\\\/secure.gravatar.com\\\/avatar\\\/fc66047eecb12b1dd0e5dd77ae839eef6f5705cede9df1aa88eec9ecfd50b1ab?s=96&d=mm&r=g\",\"contentUrl\":\"https:\\\/\\\/secure.gravatar.com\\\/avatar\\\/fc66047eecb12b1dd0e5dd77ae839eef6f5705cede9df1aa88eec9ecfd50b1ab?s=96&d=mm&r=g\",\"caption\":\"Lou-Anne\"},\"url\":\"https:\\\/\\\/www.cycles-blain.com\\\/fr\\\/author\\\/lou-anne\\\/\"}]}<\/script>\n<!-- \/ Yoast SEO plugin. -->","yoast_head_json":{"title":"\u00c9tude posturale RET\u00dcL - VIENNE -","description":"Nous avons suivi \u00c9milie durant son \u00e9tude posturale RET\u00dcL \u00e0 Vienne, afin d'am\u00e9liorer son confort et ses performances.","robots":{"index":"index","follow":"follow","max-snippet":"max-snippet:-1","max-image-preview":"max-image-preview:large","max-video-preview":"max-video-preview:-1"},"canonical":"https:\/\/www.cycles-blain.com\/fr\/magasins-velo\/etude-posturale-retul-vienne\/","og_locale":"fr_FR","og_type":"article","og_title":"\u00c9tude posturale RET\u00dcL - VIENNE -","og_description":"Nous avons suivi \u00c9milie durant son \u00e9tude posturale RET\u00dcL \u00e0 Vienne, afin d'am\u00e9liorer son confort et ses performances.","og_url":"https:\/\/www.cycles-blain.com\/fr\/magasins-velo\/etude-posturale-retul-vienne\/","og_site_name":"CyclesBlain - Magasins de v\u00e9los, accessoires et ateliers","article_publisher":"https:\/\/www.facebook.com\/cyclesblain\/?locale=fr_FR","article_published_time":"2025-03-06T13:01:01+00:00","article_modified_time":"2025-03-06T16:16:42+00:00","og_image":[{"width":600,"height":400,"url":"https:\/\/www.cycles-blain.com\/fr\/wp-content\/uploads\/2025\/03\/Photo-article.png","type":"image\/png"}],"author":"Lou-Anne","twitter_card":"summary_large_image","twitter_misc":{"\u00c9crit par":"Lou-Anne","Dur\u00e9e de lecture estim\u00e9e":"3 minutes"},"schema":{"@context":"https:\/\/schema.org","@graph":[{"@type":"Article","@id":"https:\/\/www.cycles-blain.com\/fr\/magasins-velo\/etude-posturale-retul-vienne\/#article","isPartOf":{"@id":"https:\/\/www.cycles-blain.com\/fr\/magasins-velo\/etude-posturale-retul-vienne\/"},"author":{"name":"Lou-Anne","@id":"https:\/\/www.cycles-blain.com\/fr\/#\/schema\/person\/2e532610e6e45d290a29e480c00cc742"},"headline":"\u00c9tude posturale RET\u00dcL &#8211; VIENNE","datePublished":"2025-03-06T13:01:01+00:00","dateModified":"2025-03-06T16:16:42+00:00","mainEntityOfPage":{"@id":"https:\/\/www.cycles-blain.com\/fr\/magasins-velo\/etude-posturale-retul-vienne\/"},"wordCount":583,"commentCount":1,"publisher":{"@id":"https:\/\/www.cycles-blain.com\/fr\/#organization"},"image":{"@id":"https:\/\/www.cycles-blain.com\/fr\/magasins-velo\/etude-posturale-retul-vienne\/#primaryimage"},"thumbnailUrl":"https:\/\/www.cycles-blain.com\/fr\/wp-content\/uploads\/2025\/03\/Photo-article.png","keywords":["etude posturale","retul fit"],"articleSection":["Actus Magasins","Etude Posturale V\u00e9lo","Magasin Vienne","Sant\u00e9","Sport"],"inLanguage":"fr-FR","potentialAction":[{"@type":"CommentAction","name":"Comment","target":["https:\/\/www.cycles-blain.com\/fr\/magasins-velo\/etude-posturale-retul-vienne\/#respond"]}]},{"@type":"WebPage","@id":"https:\/\/www.cycles-blain.com\/fr\/magasins-velo\/etude-posturale-retul-vienne\/","url":"https:\/\/www.cycles-blain.com\/fr\/magasins-velo\/etude-posturale-retul-vienne\/","name":"\u00c9tude posturale RET\u00dcL - VIENNE -","isPartOf":{"@id":"https:\/\/www.cycles-blain.com\/fr\/#website"},"primaryImageOfPage":{"@id":"https:\/\/www.cycles-blain.com\/fr\/magasins-velo\/etude-posturale-retul-vienne\/#primaryimage"},"image":{"@id":"https:\/\/www.cycles-blain.com\/fr\/magasins-velo\/etude-posturale-retul-vienne\/#primaryimage"},"thumbnailUrl":"https:\/\/www.cycles-blain.com\/fr\/wp-content\/uploads\/2025\/03\/Photo-article.png","datePublished":"2025-03-06T13:01:01+00:00","dateModified":"2025-03-06T16:16:42+00:00","description":"Nous avons suivi \u00c9milie durant son \u00e9tude posturale RET\u00dcL \u00e0 Vienne, afin d'am\u00e9liorer son confort et ses performances.","breadcrumb":{"@id":"https:\/\/www.cycles-blain.com\/fr\/magasins-velo\/etude-posturale-retul-vienne\/#breadcrumb"},"inLanguage":"fr-FR","potentialAction":[{"@type":"ReadAction","target":["https:\/\/www.cycles-blain.com\/fr\/magasins-velo\/etude-posturale-retul-vienne\/"]}]},{"@type":"ImageObject","inLanguage":"fr-FR","@id":"https:\/\/www.cycles-blain.com\/fr\/magasins-velo\/etude-posturale-retul-vienne\/#primaryimage","url":"https:\/\/www.cycles-blain.com\/fr\/wp-content\/uploads\/2025\/03\/Photo-article.png","contentUrl":"https:\/\/www.cycles-blain.com\/fr\/wp-content\/uploads\/2025\/03\/Photo-article.png","width":600,"height":400,"caption":"\u00c9TUDE POSTURALE RETUL"},{"@type":"BreadcrumbList","@id":"https:\/\/www.cycles-blain.com\/fr\/magasins-velo\/etude-posturale-retul-vienne\/#breadcrumb","itemListElement":[{"@type":"ListItem","position":1,"name":"Accueil","item":"https:\/\/www.cycles-blain.com\/fr\/"},{"@type":"ListItem","position":2,"name":"\u00c9tude posturale RET\u00dcL &#8211; VIENNE"}]},{"@type":"WebSite","@id":"https:\/\/www.cycles-blain.com\/fr\/#website","url":"https:\/\/www.cycles-blain.com\/fr\/","name":"CyclesBlain - Magasins de v\u00e9los, accessoires et ateliers","description":"Blog Cycles Blain","publisher":{"@id":"https:\/\/www.cycles-blain.com\/fr\/#organization"},"potentialAction":[{"@type":"SearchAction","target":{"@type":"EntryPoint","urlTemplate":"https:\/\/www.cycles-blain.com\/fr\/?s={search_term_string}"},"query-input":{"@type":"PropertyValueSpecification","valueRequired":true,"valueName":"search_term_string"}}],"inLanguage":"fr-FR"},{"@type":"Organization","@id":"https:\/\/www.cycles-blain.com\/fr\/#organization","name":"CyclesBlain - Magasins de v\u00e9los, accessoires et ateliers","url":"https:\/\/www.cycles-blain.com\/fr\/","logo":{"@type":"ImageObject","inLanguage":"fr-FR","@id":"https:\/\/www.cycles-blain.com\/fr\/#\/schema\/logo\/image\/","url":"https:\/\/www.cycles-blain.com\/fr\/wp-content\/uploads\/2023\/10\/logo-cycles-blain.jpeg","contentUrl":"https:\/\/www.cycles-blain.com\/fr\/wp-content\/uploads\/2023\/10\/logo-cycles-blain.jpeg","width":264,"height":191,"caption":"CyclesBlain - Magasins de v\u00e9los, accessoires et ateliers"},"image":{"@id":"https:\/\/www.cycles-blain.com\/fr\/#\/schema\/logo\/image\/"},"sameAs":["https:\/\/www.facebook.com\/cyclesblain\/?locale=fr_FR","https:\/\/www.instagram.com\/cycles_blain\/?hl=fr"]},{"@type":"Person","@id":"https:\/\/www.cycles-blain.com\/fr\/#\/schema\/person\/2e532610e6e45d290a29e480c00cc742","name":"Lou-Anne","image":{"@type":"ImageObject","inLanguage":"fr-FR","@id":"https:\/\/secure.gravatar.com\/avatar\/fc66047eecb12b1dd0e5dd77ae839eef6f5705cede9df1aa88eec9ecfd50b1ab?s=96&d=mm&r=g","url":"https:\/\/secure.gravatar.com\/avatar\/fc66047eecb12b1dd0e5dd77ae839eef6f5705cede9df1aa88eec9ecfd50b1ab?s=96&d=mm&r=g","contentUrl":"https:\/\/secure.gravatar.com\/avatar\/fc66047eecb12b1dd0e5dd77ae839eef6f5705cede9df1aa88eec9ecfd50b1ab?s=96&d=mm&r=g","caption":"Lou-Anne"},"url":"https:\/\/www.cycles-blain.com\/fr\/author\/lou-anne\/"}]}},"_links":{"self":[{"href":"https:\/\/www.cycles-blain.com\/fr\/wp-json\/wp\/v2\/posts\/13006","targetHints":{"allow":["GET"]}}],"collection":[{"href":"https:\/\/www.cycles-blain.com\/fr\/wp-json\/wp\/v2\/posts"}],"about":[{"href":"https:\/\/www.cycles-blain.com\/fr\/wp-json\/wp\/v2\/types\/post"}],"author":[{"embeddable":true,"href":"https:\/\/www.cycles-blain.com\/fr\/wp-json\/wp\/v2\/users\/4"}],"replies":[{"embeddable":true,"href":"https:\/\/www.cycles-blain.com\/fr\/wp-json\/wp\/v2\/comments?post=13006"}],"version-history":[{"count":72,"href":"https:\/\/www.cycles-blain.com\/fr\/wp-json\/wp\/v2\/posts\/13006\/revisions"}],"predecessor-version":[{"id":13084,"href":"https:\/\/www.cycles-blain.com\/fr\/wp-json\/wp\/v2\/posts\/13006\/revisions\/13084"}],"wp:featuredmedia":[{"embeddable":true,"href":"https:\/\/www.cycles-blain.com\/fr\/wp-json\/wp\/v2\/media\/13008"}],"wp:attachment":[{"href":"https:\/\/www.cycles-blain.com\/fr\/wp-json\/wp\/v2\/media?parent=13006"}],"wp:term":[{"taxonomy":"category","embeddable":true,"href":"https:\/\/www.cycles-blain.com\/fr\/wp-json\/wp\/v2\/categories?post=13006"},{"taxonomy":"post_tag","embeddable":true,"href":"https:\/\/www.cycles-blain.com\/fr\/wp-json\/wp\/v2\/tags?post=13006"}],"curies":[{"name":"wp","href":"https:\/\/api.w.org\/{rel}","templated":true}]}}