{"id":13272,"date":"2025-03-12T15:19:00","date_gmt":"2025-03-12T14:19:00","guid":{"rendered":"https:\/\/www.cycles-blain.com\/fr\/?p=13272"},"modified":"2025-03-19T16:52:32","modified_gmt":"2025-03-19T15:52:32","slug":"reprise-velo-boostee-giant","status":"publish","type":"post","link":"https:\/\/www.cycles-blain.com\/fr\/magasins-velo\/reprise-velo-boostee-giant\/","title":{"rendered":"Reprise v\u00e9lo boost\u00e9e GIANT !"},"content":{"rendered":"\t\t<div data-elementor-type=\"wp-post\" data-elementor-id=\"13272\" class=\"elementor elementor-13272\" data-elementor-post-type=\"post\">\n\t\t\t\t<div class=\"elementor-element elementor-element-eafbe74 e-flex e-con-boxed e-con e-parent\" data-id=\"eafbe74\" data-element_type=\"container\" data-e-type=\"container\">\n\t\t\t\t\t<div class=\"e-con-inner\">\n\t\t\t\t<div class=\"elementor-element elementor-element-732e16f elementor-widget elementor-widget-heading\" data-id=\"732e16f\" data-element_type=\"widget\" data-e-type=\"widget\" data-widget_type=\"heading.default\">\n\t\t\t\t<div class=\"elementor-widget-container\">\n\t\t\t\t\t<h3 class=\"elementor-heading-title elementor-size-default\">La reprise boost\u00e9e : une opportunit\u00e9 en or !<\/h3>\t\t\t\t<\/div>\n\t\t\t\t<\/div>\n\t\t\t\t<div class=\"elementor-element elementor-element-41a39c5 elementor-widget elementor-widget-text-editor\" data-id=\"41a39c5\" data-element_type=\"widget\" data-e-type=\"widget\" data-widget_type=\"text-editor.default\">\n\t\t\t\t<div class=\"elementor-widget-container\">\n\t\t\t\t\t\t\t\t\t<p>Vous r\u00eavez de changer de v\u00e9lo ? C&rsquo;est le moment id\u00e9al ! Chez Cycles Blain <a href=\"https:\/\/www.cycles-blain.com\/content\/12-magasin-velo-vienne\">VIENNE<\/a>, <a href=\"https:\/\/www.cycles-blain.com\/content\/8-magasin-velo-brignais\">BRIGNAIS<\/a>, <a href=\"https:\/\/www.cycles-blain.com\/content\/17-magasin-velos-st-priest\">ST PRIEST<\/a> ET <a href=\"https:\/\/www.cycles-blain.com\/content\/11-magasin-velos-lyon-3\">LYON CENTRE<\/a>, nous participons \u00e0 l&rsquo;op\u00e9ration de reprise boost\u00e9e GIANT. Du 12 mars au 5 avril 2025, profitez d&rsquo;une offre incroyable pour l&rsquo;achat d&rsquo;un v\u00e9lo neuf GIANT ou Liv.<\/p>\t\t\t\t\t\t\t\t<\/div>\n\t\t\t\t<\/div>\n\t\t\t\t<div class=\"elementor-element elementor-element-07d5a23 elementor-widget elementor-widget-heading\" data-id=\"07d5a23\" data-element_type=\"widget\" data-e-type=\"widget\" data-widget_type=\"heading.default\">\n\t\t\t\t<div class=\"elementor-widget-container\">\n\t\t\t\t\t<h3 class=\"elementor-heading-title elementor-size-default\">Comment \u00e7a marche ?<\/h3>\t\t\t\t<\/div>\n\t\t\t\t<\/div>\n\t\t\t\t<div class=\"elementor-element elementor-element-43eab76 elementor-widget elementor-widget-text-editor\" data-id=\"43eab76\" data-element_type=\"widget\" data-e-type=\"widget\" data-widget_type=\"text-editor.default\">\n\t\t\t\t<div class=\"elementor-widget-container\">\n\t\t\t\t\t\t\t\t\t<ul><li><strong>Apportez votre ancien v\u00e9lo :<\/strong> Rendez-vous dans l&rsquo;un de nos GIANT store Cycles Blain avec votre v\u00e9lo actuel, quelle que soit sa marque ou son \u00e9tat pour profiter <a href=\"https:\/\/www.cycles-blain.com\/content\/4-reprise-velo-lyon\">d&rsquo;une reprise v\u00e9lo<\/a>.\u00a0<\/li><li><strong>Choisissez votre nouveau v\u00e9lo :<\/strong> S\u00e9lectionnez le mod\u00e8le de vos r\u00eaves parmi la large gamme de v\u00e9los GIANT et Liv disponibles dans notre magasin.<\/li><li><strong>Profitez de la reprise boost\u00e9e :<\/strong> Nous \u00e9valuons la valeur de votre ancien v\u00e9lo et vous offrons une prime de reprise pouvant aller jusqu&rsquo;\u00e0<strong> 2500\u20ac<\/strong>, dans la limite de <strong>15%<\/strong> du prix du v\u00e9lo neuf achet\u00e9.<\/li><\/ul>\t\t\t\t\t\t\t\t<\/div>\n\t\t\t\t<\/div>\n\t\t\t\t<div class=\"elementor-element elementor-element-5385c99 elementor-widget elementor-widget-heading\" data-id=\"5385c99\" data-element_type=\"widget\" data-e-type=\"widget\" data-widget_type=\"heading.default\">\n\t\t\t\t<div class=\"elementor-widget-container\">\n\t\t\t\t\t<h3 class=\"elementor-heading-title elementor-size-default\">Pourquoi profiter de cette offre ?<\/h3>\t\t\t\t<\/div>\n\t\t\t\t<\/div>\n\t\t\t\t<div class=\"elementor-element elementor-element-87c2c29 elementor-widget elementor-widget-text-editor\" data-id=\"87c2c29\" data-element_type=\"widget\" data-e-type=\"widget\" data-widget_type=\"text-editor.default\">\n\t\t\t\t<div class=\"elementor-widget-container\">\n\t\t\t\t\t\t\t\t\t<ul><li><strong>Renouvelez votre \u00e9quipement :<\/strong> Offrez-vous le plaisir de rouler sur un v\u00e9lo neuf \u00a0<a href=\"https:\/\/www.cycles-blain.com\/17-velo-route-musculaire?q=Marque-Giant-Liv\" target=\"_blank\" rel=\"noopener\"><strong>V\u00e9los de route<\/strong><\/a>, <a href=\"https:\/\/www.cycles-blain.com\/15-vtt-musculaire?q=Marque-Giant-Liv\" target=\"_blank\" rel=\"noopener\"><strong>VTT<\/strong><\/a>,\u00a0<a href=\"https:\/\/www.cycles-blain.com\/18-velo-gravel-musculaire?q=Marque-Giant-Liv\" target=\"_blank\" rel=\"noopener\"><strong>V\u00e9los gravel<\/strong><\/a>, <a href=\"https:\/\/www.cycles-blain.com\/19-velo-ville-musculaire?q=Marque-Giant-Liv\" target=\"_blank\" rel=\"noopener\"><strong>V\u00e9los de ville<\/strong><\/a> et <a href=\"https:\/\/www.cycles-blain.com\/50-velo-enfants?q=Marque-Giant-Liv\" target=\"_blank\" rel=\"noopener\"><strong>V\u00e9los enfant<\/strong><\/a>, plus performant et adapt\u00e9 \u00e0 vos besoins.<\/li><li><strong>Faites des \u00e9conomies :<\/strong> B\u00e9n\u00e9ficiez d&rsquo;une prime de reprise avantageuse pour r\u00e9duire le co\u00fbt de votre nouvel achat.<\/li><li><strong>Simplifiez-vous la vie :<\/strong> D\u00e9barrassez-vous de votre ancien v\u00e9lo en toute simplicit\u00e9 et repartez avec votre nouveau compagnon de route.\u00a0<\/li><\/ul>\t\t\t\t\t\t\t\t<\/div>\n\t\t\t\t<\/div>\n\t\t\t\t<div class=\"elementor-element elementor-element-d057490 elementor-widget elementor-widget-text-editor\" data-id=\"d057490\" data-element_type=\"widget\" data-e-type=\"widget\" data-widget_type=\"text-editor.default\">\n\t\t\t\t<div class=\"elementor-widget-container\">\n\t\t\t\t\t\t\t\t\t<p>Ne manquez pas cette occasion unique !<\/p><p>Rendez-vous d\u00e8s aujourd&rsquo;hui chez <a href=\"https:\/\/www.cycles-blain.com\/content\/category\/2-magasins-velos-lyon-cycles-blain\">Cycles Blain<\/a> pour profiter de l&rsquo;offre de reprise boost\u00e9e GIANT. <strong>L&rsquo;offre est valable du 12 mars au 5 avril 2025, alors ne tardez pas !<\/strong><\/p>\t\t\t\t\t\t\t\t<\/div>\n\t\t\t\t<\/div>\n\t\t\t\t\t<\/div>\n\t\t\t\t<\/div>\n\t\t\t\t<\/div>\n\t\t","protected":false},"excerpt":{"rendered":"<p>Si vous souhaitez vous d\u00e9barrasser de votre ancien v\u00e9lo et repartir avec un v\u00e9lo neuf, Giant reprend votre v\u00e9lo sous r\u00e9serve d&rsquo;achat d&rsquo;un v\u00e9lo neuf !<\/p>\n","protected":false},"author":4,"featured_media":13273,"comment_status":"open","ping_status":"open","sticky":false,"template":"","format":"standard","meta":{"site-sidebar-layout":"default","site-content-layout":"","ast-site-content-layout":"default","site-content-style":"default","site-sidebar-style":"default","ast-global-header-display":"","ast-banner-title-visibility":"","ast-main-header-display":"","ast-hfb-above-header-display":"","ast-hfb-below-header-display":"","ast-hfb-mobile-header-display":"","site-post-title":"","ast-breadcrumbs-content":"","ast-featured-img":"","footer-sml-layout":"","theme-transparent-header-meta":"","adv-header-id-meta":"","stick-header-meta":"","header-above-stick-meta":"","header-main-stick-meta":"","header-below-stick-meta":"","astra-migrate-meta-layouts":"set","ast-page-background-enabled":"default","ast-page-background-meta":{"desktop":{"background-color":"","background-image":"","background-repeat":"repeat","background-position":"center center","background-size":"auto","background-attachment":"scroll","background-type":"","background-media":"","overlay-type":"","overlay-color":"","overlay-gradient":""},"tablet":{"background-color":"","background-image":"","background-repeat":"repeat","background-position":"center center","background-size":"auto","background-attachment":"scroll","background-type":"","background-media":"","overlay-type":"","overlay-color":"","overlay-gradient":""},"mobile":{"background-color":"","background-image":"","background-repeat":"repeat","background-position":"center center","background-size":"auto","background-attachment":"scroll","background-type":"","background-media":"","overlay-type":"","overlay-color":"","overlay-gradient":""}},"ast-content-background-meta":{"desktop":{"background-color":"var(--ast-global-color-5)","background-image":"","background-repeat":"repeat","background-position":"center center","background-size":"auto","background-attachment":"scroll","background-type":"","background-media":"","overlay-type":"","overlay-color":"","overlay-gradient":""},"tablet":{"background-color":"var(--ast-global-color-5)","background-image":"","background-repeat":"repeat","background-position":"center center","background-size":"auto","background-attachment":"scroll","background-type":"","background-media":"","overlay-type":"","overlay-color":"","overlay-gradient":""},"mobile":{"background-color":"var(--ast-global-color-5)","background-image":"","background-repeat":"repeat","background-position":"center center","background-size":"auto","background-attachment":"scroll","background-type":"","background-media":"","overlay-type":"","overlay-color":"","overlay-gradient":""}},"footnotes":""},"categories":[6,7,44,37,76,16],"tags":[172],"class_list":["post-13272","post","type-post","status-publish","format-standard","has-post-thumbnail","hentry","category-magasins-velo","category-magasin-brignais","category-magasin-lyon-3","category-magasin-saint-priest","category-magasin-vienne","category-promotions-velo","tag-reprise-giant"],"yoast_head":"<!-- This site is optimized with the Yoast SEO plugin v27.5 - https:\/\/yoast.com\/product\/yoast-seo-wordpress\/ -->\n<title>Reprise v\u00e9lo boost\u00e9e GIANT ! - CYCLES BLAIN<\/title>\n<meta name=\"description\" content=\"Si vous souhaitez vous d\u00e9barrasser de votre ancien v\u00e9lo et repartir avec un v\u00e9lo neuf, Giant reprend votre v\u00e9lo sous r\u00e9serve d&#039;achat d&#039;un v\u00e9lo neuf !\" \/>\n<meta name=\"robots\" content=\"index, follow, max-snippet:-1, max-image-preview:large, max-video-preview:-1\" \/>\n<link rel=\"canonical\" href=\"https:\/\/www.cycles-blain.com\/fr\/magasins-velo\/reprise-velo-boostee-giant\/\" \/>\n<meta property=\"og:locale\" content=\"fr_FR\" \/>\n<meta property=\"og:type\" content=\"article\" \/>\n<meta property=\"og:title\" content=\"Reprise v\u00e9lo boost\u00e9e GIANT ! - CYCLES BLAIN\" \/>\n<meta property=\"og:description\" content=\"Si vous souhaitez vous d\u00e9barrasser de votre ancien v\u00e9lo et repartir avec un v\u00e9lo neuf, Giant reprend votre v\u00e9lo sous r\u00e9serve d&#039;achat d&#039;un v\u00e9lo neuf !\" \/>\n<meta property=\"og:url\" content=\"https:\/\/www.cycles-blain.com\/fr\/magasins-velo\/reprise-velo-boostee-giant\/\" \/>\n<meta property=\"og:site_name\" content=\"CyclesBlain - Magasins de v\u00e9los, accessoires et ateliers\" \/>\n<meta property=\"article:publisher\" content=\"https:\/\/www.facebook.com\/cyclesblain\/?locale=fr_FR\" \/>\n<meta property=\"article:published_time\" content=\"2025-03-12T14:19:00+00:00\" \/>\n<meta property=\"article:modified_time\" content=\"2025-03-19T15:52:32+00:00\" \/>\n<meta property=\"og:image\" content=\"https:\/\/www.cycles-blain.com\/fr\/wp-content\/uploads\/2025\/03\/Visuel-reprise-Giant-.jpg\" \/>\n\t<meta property=\"og:image:width\" content=\"600\" \/>\n\t<meta property=\"og:image:height\" content=\"400\" \/>\n\t<meta property=\"og:image:type\" content=\"image\/jpeg\" \/>\n<meta name=\"author\" content=\"Lou-Anne\" \/>\n<meta name=\"twitter:card\" content=\"summary_large_image\" \/>\n<meta name=\"twitter:label1\" content=\"\u00c9crit par\" \/>\n\t<meta name=\"twitter:data1\" content=\"Lou-Anne\" \/>\n\t<meta name=\"twitter:label2\" content=\"Dur\u00e9e de lecture estim\u00e9e\" \/>\n\t<meta name=\"twitter:data2\" content=\"2 minutes\" \/>\n<script type=\"application\/ld+json\" class=\"yoast-schema-graph\">{\"@context\":\"https:\\\/\\\/schema.org\",\"@graph\":[{\"@type\":\"Article\",\"@id\":\"https:\\\/\\\/www.cycles-blain.com\\\/fr\\\/magasins-velo\\\/reprise-velo-boostee-giant\\\/#article\",\"isPartOf\":{\"@id\":\"https:\\\/\\\/www.cycles-blain.com\\\/fr\\\/magasins-velo\\\/reprise-velo-boostee-giant\\\/\"},\"author\":{\"name\":\"Lou-Anne\",\"@id\":\"https:\\\/\\\/www.cycles-blain.com\\\/fr\\\/#\\\/schema\\\/person\\\/2e532610e6e45d290a29e480c00cc742\"},\"headline\":\"Reprise v\u00e9lo boost\u00e9e GIANT !\",\"datePublished\":\"2025-03-12T14:19:00+00:00\",\"dateModified\":\"2025-03-19T15:52:32+00:00\",\"mainEntityOfPage\":{\"@id\":\"https:\\\/\\\/www.cycles-blain.com\\\/fr\\\/magasins-velo\\\/reprise-velo-boostee-giant\\\/\"},\"wordCount\":289,\"commentCount\":4,\"publisher\":{\"@id\":\"https:\\\/\\\/www.cycles-blain.com\\\/fr\\\/#organization\"},\"image\":{\"@id\":\"https:\\\/\\\/www.cycles-blain.com\\\/fr\\\/magasins-velo\\\/reprise-velo-boostee-giant\\\/#primaryimage\"},\"thumbnailUrl\":\"https:\\\/\\\/www.cycles-blain.com\\\/fr\\\/wp-content\\\/uploads\\\/2025\\\/03\\\/Visuel-reprise-Giant-.jpg\",\"keywords\":[\"Reprise Giant\"],\"articleSection\":[\"Actus Magasins\",\"Magasin Brignais\",\"Magasin Lyon Centre\",\"Magasin St Priest\",\"Magasin Vienne\",\"Promotions\"],\"inLanguage\":\"fr-FR\",\"potentialAction\":[{\"@type\":\"CommentAction\",\"name\":\"Comment\",\"target\":[\"https:\\\/\\\/www.cycles-blain.com\\\/fr\\\/magasins-velo\\\/reprise-velo-boostee-giant\\\/#respond\"]}]},{\"@type\":\"WebPage\",\"@id\":\"https:\\\/\\\/www.cycles-blain.com\\\/fr\\\/magasins-velo\\\/reprise-velo-boostee-giant\\\/\",\"url\":\"https:\\\/\\\/www.cycles-blain.com\\\/fr\\\/magasins-velo\\\/reprise-velo-boostee-giant\\\/\",\"name\":\"Reprise v\u00e9lo boost\u00e9e GIANT ! - CYCLES BLAIN\",\"isPartOf\":{\"@id\":\"https:\\\/\\\/www.cycles-blain.com\\\/fr\\\/#website\"},\"primaryImageOfPage\":{\"@id\":\"https:\\\/\\\/www.cycles-blain.com\\\/fr\\\/magasins-velo\\\/reprise-velo-boostee-giant\\\/#primaryimage\"},\"image\":{\"@id\":\"https:\\\/\\\/www.cycles-blain.com\\\/fr\\\/magasins-velo\\\/reprise-velo-boostee-giant\\\/#primaryimage\"},\"thumbnailUrl\":\"https:\\\/\\\/www.cycles-blain.com\\\/fr\\\/wp-content\\\/uploads\\\/2025\\\/03\\\/Visuel-reprise-Giant-.jpg\",\"datePublished\":\"2025-03-12T14:19:00+00:00\",\"dateModified\":\"2025-03-19T15:52:32+00:00\",\"description\":\"Si vous souhaitez vous d\u00e9barrasser de votre ancien v\u00e9lo et repartir avec un v\u00e9lo neuf, Giant reprend votre v\u00e9lo sous r\u00e9serve d'achat d'un v\u00e9lo neuf !\",\"breadcrumb\":{\"@id\":\"https:\\\/\\\/www.cycles-blain.com\\\/fr\\\/magasins-velo\\\/reprise-velo-boostee-giant\\\/#breadcrumb\"},\"inLanguage\":\"fr-FR\",\"potentialAction\":[{\"@type\":\"ReadAction\",\"target\":[\"https:\\\/\\\/www.cycles-blain.com\\\/fr\\\/magasins-velo\\\/reprise-velo-boostee-giant\\\/\"]}]},{\"@type\":\"ImageObject\",\"inLanguage\":\"fr-FR\",\"@id\":\"https:\\\/\\\/www.cycles-blain.com\\\/fr\\\/magasins-velo\\\/reprise-velo-boostee-giant\\\/#primaryimage\",\"url\":\"https:\\\/\\\/www.cycles-blain.com\\\/fr\\\/wp-content\\\/uploads\\\/2025\\\/03\\\/Visuel-reprise-Giant-.jpg\",\"contentUrl\":\"https:\\\/\\\/www.cycles-blain.com\\\/fr\\\/wp-content\\\/uploads\\\/2025\\\/03\\\/Visuel-reprise-Giant-.jpg\",\"width\":600,\"height\":400,\"caption\":\"Visuel reprise Giant\"},{\"@type\":\"BreadcrumbList\",\"@id\":\"https:\\\/\\\/www.cycles-blain.com\\\/fr\\\/magasins-velo\\\/reprise-velo-boostee-giant\\\/#breadcrumb\",\"itemListElement\":[{\"@type\":\"ListItem\",\"position\":1,\"name\":\"Accueil\",\"item\":\"https:\\\/\\\/www.cycles-blain.com\\\/fr\\\/\"},{\"@type\":\"ListItem\",\"position\":2,\"name\":\"Reprise v\u00e9lo boost\u00e9e GIANT !\"}]},{\"@type\":\"WebSite\",\"@id\":\"https:\\\/\\\/www.cycles-blain.com\\\/fr\\\/#website\",\"url\":\"https:\\\/\\\/www.cycles-blain.com\\\/fr\\\/\",\"name\":\"CyclesBlain - Magasins de v\u00e9los, accessoires et ateliers\",\"description\":\"Blog Cycles Blain\",\"publisher\":{\"@id\":\"https:\\\/\\\/www.cycles-blain.com\\\/fr\\\/#organization\"},\"potentialAction\":[{\"@type\":\"SearchAction\",\"target\":{\"@type\":\"EntryPoint\",\"urlTemplate\":\"https:\\\/\\\/www.cycles-blain.com\\\/fr\\\/?s={search_term_string}\"},\"query-input\":{\"@type\":\"PropertyValueSpecification\",\"valueRequired\":true,\"valueName\":\"search_term_string\"}}],\"inLanguage\":\"fr-FR\"},{\"@type\":\"Organization\",\"@id\":\"https:\\\/\\\/www.cycles-blain.com\\\/fr\\\/#organization\",\"name\":\"CyclesBlain - Magasins de v\u00e9los, accessoires et ateliers\",\"url\":\"https:\\\/\\\/www.cycles-blain.com\\\/fr\\\/\",\"logo\":{\"@type\":\"ImageObject\",\"inLanguage\":\"fr-FR\",\"@id\":\"https:\\\/\\\/www.cycles-blain.com\\\/fr\\\/#\\\/schema\\\/logo\\\/image\\\/\",\"url\":\"https:\\\/\\\/www.cycles-blain.com\\\/fr\\\/wp-content\\\/uploads\\\/2023\\\/10\\\/logo-cycles-blain.jpeg\",\"contentUrl\":\"https:\\\/\\\/www.cycles-blain.com\\\/fr\\\/wp-content\\\/uploads\\\/2023\\\/10\\\/logo-cycles-blain.jpeg\",\"width\":264,\"height\":191,\"caption\":\"CyclesBlain - Magasins de v\u00e9los, accessoires et ateliers\"},\"image\":{\"@id\":\"https:\\\/\\\/www.cycles-blain.com\\\/fr\\\/#\\\/schema\\\/logo\\\/image\\\/\"},\"sameAs\":[\"https:\\\/\\\/www.facebook.com\\\/cyclesblain\\\/?locale=fr_FR\",\"https:\\\/\\\/www.instagram.com\\\/cycles_blain\\\/?hl=fr\"]},{\"@type\":\"Person\",\"@id\":\"https:\\\/\\\/www.cycles-blain.com\\\/fr\\\/#\\\/schema\\\/person\\\/2e532610e6e45d290a29e480c00cc742\",\"name\":\"Lou-Anne\",\"image\":{\"@type\":\"ImageObject\",\"inLanguage\":\"fr-FR\",\"@id\":\"https:\\\/\\\/secure.gravatar.com\\\/avatar\\\/fc66047eecb12b1dd0e5dd77ae839eef6f5705cede9df1aa88eec9ecfd50b1ab?s=96&d=mm&r=g\",\"url\":\"https:\\\/\\\/secure.gravatar.com\\\/avatar\\\/fc66047eecb12b1dd0e5dd77ae839eef6f5705cede9df1aa88eec9ecfd50b1ab?s=96&d=mm&r=g\",\"contentUrl\":\"https:\\\/\\\/secure.gravatar.com\\\/avatar\\\/fc66047eecb12b1dd0e5dd77ae839eef6f5705cede9df1aa88eec9ecfd50b1ab?s=96&d=mm&r=g\",\"caption\":\"Lou-Anne\"},\"url\":\"https:\\\/\\\/www.cycles-blain.com\\\/fr\\\/author\\\/lou-anne\\\/\"}]}<\/script>\n<!-- \/ Yoast SEO plugin. -->","yoast_head_json":{"title":"Reprise v\u00e9lo boost\u00e9e GIANT ! - CYCLES BLAIN","description":"Si vous souhaitez vous d\u00e9barrasser de votre ancien v\u00e9lo et repartir avec un v\u00e9lo neuf, Giant reprend votre v\u00e9lo sous r\u00e9serve d'achat d'un v\u00e9lo neuf !","robots":{"index":"index","follow":"follow","max-snippet":"max-snippet:-1","max-image-preview":"max-image-preview:large","max-video-preview":"max-video-preview:-1"},"canonical":"https:\/\/www.cycles-blain.com\/fr\/magasins-velo\/reprise-velo-boostee-giant\/","og_locale":"fr_FR","og_type":"article","og_title":"Reprise v\u00e9lo boost\u00e9e GIANT ! - CYCLES BLAIN","og_description":"Si vous souhaitez vous d\u00e9barrasser de votre ancien v\u00e9lo et repartir avec un v\u00e9lo neuf, Giant reprend votre v\u00e9lo sous r\u00e9serve d'achat d'un v\u00e9lo neuf !","og_url":"https:\/\/www.cycles-blain.com\/fr\/magasins-velo\/reprise-velo-boostee-giant\/","og_site_name":"CyclesBlain - Magasins de v\u00e9los, accessoires et ateliers","article_publisher":"https:\/\/www.facebook.com\/cyclesblain\/?locale=fr_FR","article_published_time":"2025-03-12T14:19:00+00:00","article_modified_time":"2025-03-19T15:52:32+00:00","og_image":[{"width":600,"height":400,"url":"https:\/\/www.cycles-blain.com\/fr\/wp-content\/uploads\/2025\/03\/Visuel-reprise-Giant-.jpg","type":"image\/jpeg"}],"author":"Lou-Anne","twitter_card":"summary_large_image","twitter_misc":{"\u00c9crit par":"Lou-Anne","Dur\u00e9e de lecture estim\u00e9e":"2 minutes"},"schema":{"@context":"https:\/\/schema.org","@graph":[{"@type":"Article","@id":"https:\/\/www.cycles-blain.com\/fr\/magasins-velo\/reprise-velo-boostee-giant\/#article","isPartOf":{"@id":"https:\/\/www.cycles-blain.com\/fr\/magasins-velo\/reprise-velo-boostee-giant\/"},"author":{"name":"Lou-Anne","@id":"https:\/\/www.cycles-blain.com\/fr\/#\/schema\/person\/2e532610e6e45d290a29e480c00cc742"},"headline":"Reprise v\u00e9lo boost\u00e9e GIANT !","datePublished":"2025-03-12T14:19:00+00:00","dateModified":"2025-03-19T15:52:32+00:00","mainEntityOfPage":{"@id":"https:\/\/www.cycles-blain.com\/fr\/magasins-velo\/reprise-velo-boostee-giant\/"},"wordCount":289,"commentCount":4,"publisher":{"@id":"https:\/\/www.cycles-blain.com\/fr\/#organization"},"image":{"@id":"https:\/\/www.cycles-blain.com\/fr\/magasins-velo\/reprise-velo-boostee-giant\/#primaryimage"},"thumbnailUrl":"https:\/\/www.cycles-blain.com\/fr\/wp-content\/uploads\/2025\/03\/Visuel-reprise-Giant-.jpg","keywords":["Reprise Giant"],"articleSection":["Actus Magasins","Magasin Brignais","Magasin Lyon Centre","Magasin St Priest","Magasin Vienne","Promotions"],"inLanguage":"fr-FR","potentialAction":[{"@type":"CommentAction","name":"Comment","target":["https:\/\/www.cycles-blain.com\/fr\/magasins-velo\/reprise-velo-boostee-giant\/#respond"]}]},{"@type":"WebPage","@id":"https:\/\/www.cycles-blain.com\/fr\/magasins-velo\/reprise-velo-boostee-giant\/","url":"https:\/\/www.cycles-blain.com\/fr\/magasins-velo\/reprise-velo-boostee-giant\/","name":"Reprise v\u00e9lo boost\u00e9e GIANT ! - CYCLES BLAIN","isPartOf":{"@id":"https:\/\/www.cycles-blain.com\/fr\/#website"},"primaryImageOfPage":{"@id":"https:\/\/www.cycles-blain.com\/fr\/magasins-velo\/reprise-velo-boostee-giant\/#primaryimage"},"image":{"@id":"https:\/\/www.cycles-blain.com\/fr\/magasins-velo\/reprise-velo-boostee-giant\/#primaryimage"},"thumbnailUrl":"https:\/\/www.cycles-blain.com\/fr\/wp-content\/uploads\/2025\/03\/Visuel-reprise-Giant-.jpg","datePublished":"2025-03-12T14:19:00+00:00","dateModified":"2025-03-19T15:52:32+00:00","description":"Si vous souhaitez vous d\u00e9barrasser de votre ancien v\u00e9lo et repartir avec un v\u00e9lo neuf, Giant reprend votre v\u00e9lo sous r\u00e9serve d'achat d'un v\u00e9lo neuf !","breadcrumb":{"@id":"https:\/\/www.cycles-blain.com\/fr\/magasins-velo\/reprise-velo-boostee-giant\/#breadcrumb"},"inLanguage":"fr-FR","potentialAction":[{"@type":"ReadAction","target":["https:\/\/www.cycles-blain.com\/fr\/magasins-velo\/reprise-velo-boostee-giant\/"]}]},{"@type":"ImageObject","inLanguage":"fr-FR","@id":"https:\/\/www.cycles-blain.com\/fr\/magasins-velo\/reprise-velo-boostee-giant\/#primaryimage","url":"https:\/\/www.cycles-blain.com\/fr\/wp-content\/uploads\/2025\/03\/Visuel-reprise-Giant-.jpg","contentUrl":"https:\/\/www.cycles-blain.com\/fr\/wp-content\/uploads\/2025\/03\/Visuel-reprise-Giant-.jpg","width":600,"height":400,"caption":"Visuel reprise Giant"},{"@type":"BreadcrumbList","@id":"https:\/\/www.cycles-blain.com\/fr\/magasins-velo\/reprise-velo-boostee-giant\/#breadcrumb","itemListElement":[{"@type":"ListItem","position":1,"name":"Accueil","item":"https:\/\/www.cycles-blain.com\/fr\/"},{"@type":"ListItem","position":2,"name":"Reprise v\u00e9lo boost\u00e9e GIANT !"}]},{"@type":"WebSite","@id":"https:\/\/www.cycles-blain.com\/fr\/#website","url":"https:\/\/www.cycles-blain.com\/fr\/","name":"CyclesBlain - Magasins de v\u00e9los, accessoires et ateliers","description":"Blog Cycles Blain","publisher":{"@id":"https:\/\/www.cycles-blain.com\/fr\/#organization"},"potentialAction":[{"@type":"SearchAction","target":{"@type":"EntryPoint","urlTemplate":"https:\/\/www.cycles-blain.com\/fr\/?s={search_term_string}"},"query-input":{"@type":"PropertyValueSpecification","valueRequired":true,"valueName":"search_term_string"}}],"inLanguage":"fr-FR"},{"@type":"Organization","@id":"https:\/\/www.cycles-blain.com\/fr\/#organization","name":"CyclesBlain - Magasins de v\u00e9los, accessoires et ateliers","url":"https:\/\/www.cycles-blain.com\/fr\/","logo":{"@type":"ImageObject","inLanguage":"fr-FR","@id":"https:\/\/www.cycles-blain.com\/fr\/#\/schema\/logo\/image\/","url":"https:\/\/www.cycles-blain.com\/fr\/wp-content\/uploads\/2023\/10\/logo-cycles-blain.jpeg","contentUrl":"https:\/\/www.cycles-blain.com\/fr\/wp-content\/uploads\/2023\/10\/logo-cycles-blain.jpeg","width":264,"height":191,"caption":"CyclesBlain - Magasins de v\u00e9los, accessoires et ateliers"},"image":{"@id":"https:\/\/www.cycles-blain.com\/fr\/#\/schema\/logo\/image\/"},"sameAs":["https:\/\/www.facebook.com\/cyclesblain\/?locale=fr_FR","https:\/\/www.instagram.com\/cycles_blain\/?hl=fr"]},{"@type":"Person","@id":"https:\/\/www.cycles-blain.com\/fr\/#\/schema\/person\/2e532610e6e45d290a29e480c00cc742","name":"Lou-Anne","image":{"@type":"ImageObject","inLanguage":"fr-FR","@id":"https:\/\/secure.gravatar.com\/avatar\/fc66047eecb12b1dd0e5dd77ae839eef6f5705cede9df1aa88eec9ecfd50b1ab?s=96&d=mm&r=g","url":"https:\/\/secure.gravatar.com\/avatar\/fc66047eecb12b1dd0e5dd77ae839eef6f5705cede9df1aa88eec9ecfd50b1ab?s=96&d=mm&r=g","contentUrl":"https:\/\/secure.gravatar.com\/avatar\/fc66047eecb12b1dd0e5dd77ae839eef6f5705cede9df1aa88eec9ecfd50b1ab?s=96&d=mm&r=g","caption":"Lou-Anne"},"url":"https:\/\/www.cycles-blain.com\/fr\/author\/lou-anne\/"}]}},"_links":{"self":[{"href":"https:\/\/www.cycles-blain.com\/fr\/wp-json\/wp\/v2\/posts\/13272","targetHints":{"allow":["GET"]}}],"collection":[{"href":"https:\/\/www.cycles-blain.com\/fr\/wp-json\/wp\/v2\/posts"}],"about":[{"href":"https:\/\/www.cycles-blain.com\/fr\/wp-json\/wp\/v2\/types\/post"}],"author":[{"embeddable":true,"href":"https:\/\/www.cycles-blain.com\/fr\/wp-json\/wp\/v2\/users\/4"}],"replies":[{"embeddable":true,"href":"https:\/\/www.cycles-blain.com\/fr\/wp-json\/wp\/v2\/comments?post=13272"}],"version-history":[{"count":30,"href":"https:\/\/www.cycles-blain.com\/fr\/wp-json\/wp\/v2\/posts\/13272\/revisions"}],"predecessor-version":[{"id":13355,"href":"https:\/\/www.cycles-blain.com\/fr\/wp-json\/wp\/v2\/posts\/13272\/revisions\/13355"}],"wp:featuredmedia":[{"embeddable":true,"href":"https:\/\/www.cycles-blain.com\/fr\/wp-json\/wp\/v2\/media\/13273"}],"wp:attachment":[{"href":"https:\/\/www.cycles-blain.com\/fr\/wp-json\/wp\/v2\/media?parent=13272"}],"wp:term":[{"taxonomy":"category","embeddable":true,"href":"https:\/\/www.cycles-blain.com\/fr\/wp-json\/wp\/v2\/categories?post=13272"},{"taxonomy":"post_tag","embeddable":true,"href":"https:\/\/www.cycles-blain.com\/fr\/wp-json\/wp\/v2\/tags?post=13272"}],"curies":[{"name":"wp","href":"https:\/\/api.w.org\/{rel}","templated":true}]}}