{"id":1333,"date":"2023-10-19T19:15:46","date_gmt":"2023-10-19T17:15:46","guid":{"rendered":"https:\/\/www.cycles-blain.com\/\/fr\/?p=1333"},"modified":"2024-07-29T10:42:34","modified_gmt":"2024-07-29T08:42:34","slug":"reglage-cale-pedale-velo","status":"publish","type":"post","link":"https:\/\/www.cycles-blain.com\/fr\/etude-posturale-velo\/reglage-cale-pedale-velo\/","title":{"rendered":"R\u00e9glages de cales de p\u00e9dales v\u00e9lo automatiques"},"content":{"rendered":"\t\t<div data-elementor-type=\"wp-post\" data-elementor-id=\"1333\" class=\"elementor elementor-1333\" data-elementor-post-type=\"post\">\n\t\t\t\t<div class=\"elementor-element elementor-element-a98be4c e-flex e-con-boxed e-con e-parent\" data-id=\"a98be4c\" data-element_type=\"container\" data-e-type=\"container\">\n\t\t\t\t\t<div class=\"e-con-inner\">\n\t\t\t\t<div class=\"elementor-element elementor-element-a1eba3f elementor-widget elementor-widget-text-editor\" data-id=\"a1eba3f\" data-element_type=\"widget\" data-e-type=\"widget\" data-widget_type=\"text-editor.default\">\n\t\t\t\t<div class=\"elementor-widget-container\">\n\t\t\t\t\t\t\t\t\tPour \u00e9viter des douleurs aux pieds et am\u00e9liorer votre confort et vos performances en v\u00e9lo, il est conseill\u00e9 de bien r\u00e9gler les cales de ses p\u00e9dales automatiques. <b>Le r\u00e9glage de cale est une \u00e9tape importante de l&rsquo;\u00e9tude posturale de v\u00e9lo<\/b>.\t\t\t\t\t\t\t\t<\/div>\n\t\t\t\t<\/div>\n\t\t\t\t<div class=\"elementor-element elementor-element-4e57328 elementor-widget elementor-widget-heading\" data-id=\"4e57328\" data-element_type=\"widget\" data-e-type=\"widget\" data-widget_type=\"heading.default\">\n\t\t\t\t<div class=\"elementor-widget-container\">\n\t\t\t\t\t<h2 class=\"elementor-heading-title elementor-size-large\">Pourquoi faire un r\u00e9glage des cales pendant une \u00e9tude posturale de v\u00e9lo ?<\/h2>\t\t\t\t<\/div>\n\t\t\t\t<\/div>\n\t\t\t\t<div class=\"elementor-element elementor-element-491a126 elementor-widget elementor-widget-text-editor\" data-id=\"491a126\" data-element_type=\"widget\" data-e-type=\"widget\" data-widget_type=\"text-editor.default\">\n\t\t\t\t<div class=\"elementor-widget-container\">\n\t\t\t\t\t\t\t\t\t<p>Le r\u00e9glage des cales de chaussures automatiques a plusieurs avantages et objectifs :<\/p>\n<ol>\n<li>Bien positionner votre pied sur la p\u00e9dale afin de d\u00e9finir la bonne hauteur de selle,<\/li>\n<li>Aligner le positionnement de vos pieds par rapport \u00e0 votre bassin,<\/li>\n<li>Eviter les douleurs aux pieds comme les fourmillements ou les douleurs aigu\u00ebs,<\/li>\n<li>Am\u00e9liorer vos performances de p\u00e9dalage par un meilleur appui sur la p\u00e9dale,<\/li>\n<li>Parfois m\u00eame \u00e9viter ou r\u00e9duire les douleurs aux genoux dues \u00e0 un mauvais \u00e9cartement horizontal des pieds sur la p\u00e9dale.<\/li>\n<\/ol>\n<p><br><i><b>Si le r\u00e9glage des cales et l&rsquo;alignement des pieds n&rsquo;est pas bon, l&rsquo;analyse posturale du v\u00e9lo sera fauss\u00e9e ou inutile.<br>Nos conseillers feront toujours un r\u00e9glage de cales pendant une \u00e9tude posturale<\/b><\/i><\/p>\t\t\t\t\t\t\t\t<\/div>\n\t\t\t\t<\/div>\n\t\t\t\t<div class=\"elementor-element elementor-element-2d6a283 elementor-widget elementor-widget-heading\" data-id=\"2d6a283\" data-element_type=\"widget\" data-e-type=\"widget\" data-widget_type=\"heading.default\">\n\t\t\t\t<div class=\"elementor-widget-container\">\n\t\t\t\t\t<h2 class=\"elementor-heading-title elementor-size-large\">Comment faire un bon r\u00e9glage de cale de chaussures ?<\/h2>\t\t\t\t<\/div>\n\t\t\t\t<\/div>\n\t\t\t\t<div class=\"elementor-element elementor-element-7cc0d81 elementor-widget elementor-widget-text-editor\" data-id=\"7cc0d81\" data-element_type=\"widget\" data-e-type=\"widget\" data-widget_type=\"text-editor.default\">\n\t\t\t\t<div class=\"elementor-widget-container\">\n\t\t\t\t\t\t\t\t\t<p>Pour faire un bon r\u00e9glage des cales de chaussures automatiques en magasins, vous pouvez soit :<br \/>&gt; <b>Prendre rendez-vous pour faire une \u00e9tude posturale incluant le r\u00e9glage de vos cales : <a href=\"https:\/\/www.cycles-blain.com\/fr\/etude-posturale-velo\/\" target=\"_blank\" rel=\"noopener\">Je prends RDV<\/a><br \/><\/b><br \/>&gt; <b><a href=\"https:\/\/www.cycles-blain.com\/content\/8-magasin-velo-brignais\" target=\"_blank\" rel=\"noopener\">Contactez le magasin de Brignais<\/a><\/b> pour prendre rendez-vous en apportant vos chaussures ou en achetant de nouvelles chaussures automatiques en magasin : Prix du r\u00e9glage en magasin : 25\u20ac TTC<\/p>\t\t\t\t\t\t\t\t<\/div>\n\t\t\t\t<\/div>\n\t\t\t\t<div class=\"elementor-element elementor-element-36b21a8 elementor-widget elementor-widget-button\" data-id=\"36b21a8\" data-element_type=\"widget\" data-e-type=\"widget\" data-widget_type=\"button.default\">\n\t\t\t\t<div class=\"elementor-widget-container\">\n\t\t\t\t\t\t\t\t\t<div class=\"elementor-button-wrapper\">\n\t\t\t\t\t<a class=\"elementor-button elementor-button-link elementor-size-sm\" href=\"https:\/\/www.cycles-blain.com\/98-cale-velo\" target=\"_blank\">\n\t\t\t\t\t\t<span class=\"elementor-button-content-wrapper\">\n\t\t\t\t\t\t\t\t\t<span class=\"elementor-button-text\">Je trouve des cales de v\u00e9lo<\/span>\n\t\t\t\t\t<\/span>\n\t\t\t\t\t<\/a>\n\t\t\t\t<\/div>\n\t\t\t\t\t\t\t\t<\/div>\n\t\t\t\t<\/div>\n\t\t\t\t\t<\/div>\n\t\t\t\t<\/div>\n\t\t\t\t<\/div>\n\t\t","protected":false},"excerpt":{"rendered":"<p>Si vous avez des douleurs aux pieds avec vos p\u00e9dales de v\u00e9lo automatiques comme des fourmillements ou des douleurs plus intenses, cela peut n\u00e9cessiter un r\u00e9glage de vos cales qui prend seulement 10 minutes ! <\/p>\n","protected":false},"author":1,"featured_media":1387,"comment_status":"closed","ping_status":"open","sticky":false,"template":"","format":"standard","meta":{"site-sidebar-layout":"default","site-content-layout":"","ast-site-content-layout":"default","site-content-style":"default","site-sidebar-style":"default","ast-global-header-display":"","ast-banner-title-visibility":"","ast-main-header-display":"","ast-hfb-above-header-display":"","ast-hfb-below-header-display":"","ast-hfb-mobile-header-display":"","site-post-title":"","ast-breadcrumbs-content":"","ast-featured-img":"","footer-sml-layout":"","theme-transparent-header-meta":"","adv-header-id-meta":"","stick-header-meta":"","header-above-stick-meta":"","header-main-stick-meta":"","header-below-stick-meta":"","astra-migrate-meta-layouts":"set","ast-page-background-enabled":"default","ast-page-background-meta":{"desktop":{"background-color":"","background-image":"","background-repeat":"repeat","background-position":"center center","background-size":"auto","background-attachment":"scroll","background-type":"","background-media":"","overlay-type":"","overlay-color":"","overlay-gradient":""},"tablet":{"background-color":"","background-image":"","background-repeat":"repeat","background-position":"center center","background-size":"auto","background-attachment":"scroll","background-type":"","background-media":"","overlay-type":"","overlay-color":"","overlay-gradient":""},"mobile":{"background-color":"","background-image":"","background-repeat":"repeat","background-position":"center center","background-size":"auto","background-attachment":"scroll","background-type":"","background-media":"","overlay-type":"","overlay-color":"","overlay-gradient":""}},"ast-content-background-meta":{"desktop":{"background-color":"var(--ast-global-color-5)","background-image":"","background-repeat":"repeat","background-position":"center center","background-size":"auto","background-attachment":"scroll","background-type":"","background-media":"","overlay-type":"","overlay-color":"","overlay-gradient":""},"tablet":{"background-color":"var(--ast-global-color-5)","background-image":"","background-repeat":"repeat","background-position":"center center","background-size":"auto","background-attachment":"scroll","background-type":"","background-media":"","overlay-type":"","overlay-color":"","overlay-gradient":""},"mobile":{"background-color":"var(--ast-global-color-5)","background-image":"","background-repeat":"repeat","background-position":"center center","background-size":"auto","background-attachment":"scroll","background-type":"","background-media":"","overlay-type":"","overlay-color":"","overlay-gradient":""}},"footnotes":""},"categories":[9,67,20,17],"tags":[65,25,68,64,66],"class_list":["post-1333","post","type-post","status-publish","format-standard","has-post-thumbnail","hentry","category-conseils-velo","category-etude-posturale-velo","category-sante-velo","category-sport-velo","tag-chaussures-automatiques","tag-etude-posturale","tag-pedales-automatiques","tag-reglage-cale","tag-sante"],"yoast_head":"<!-- This site is optimized with the Yoast SEO plugin v27.5 - https:\/\/yoast.com\/product\/yoast-seo-wordpress\/ -->\n<title>R\u00e9glages de cales de p\u00e9dales v\u00e9lo automatiques - CyclesBlain - Magasins de v\u00e9los, accessoires et ateliers<\/title>\n<meta name=\"description\" content=\"Vous avez des douleurs aux pieds en faisant du v\u00e9lo ? Eviter les fourmillements ou les douleurs aux pieds avec un r\u00e9glage des cales de v\u00e9lo\" \/>\n<meta name=\"robots\" content=\"index, follow, max-snippet:-1, max-image-preview:large, max-video-preview:-1\" \/>\n<link rel=\"canonical\" href=\"https:\/\/www.cycles-blain.com\/fr\/etude-posturale-velo\/reglage-cale-pedale-velo\/\" \/>\n<meta property=\"og:locale\" content=\"fr_FR\" \/>\n<meta property=\"og:type\" content=\"article\" \/>\n<meta property=\"og:title\" content=\"R\u00e9glages de cales de p\u00e9dales v\u00e9lo automatiques - CyclesBlain - Magasins de v\u00e9los, accessoires et ateliers\" \/>\n<meta property=\"og:description\" content=\"Vous avez des douleurs aux pieds en faisant du v\u00e9lo ? Eviter les fourmillements ou les douleurs aux pieds avec un r\u00e9glage des cales de v\u00e9lo\" \/>\n<meta property=\"og:url\" content=\"https:\/\/www.cycles-blain.com\/fr\/etude-posturale-velo\/reglage-cale-pedale-velo\/\" \/>\n<meta property=\"og:site_name\" content=\"CyclesBlain - Magasins de v\u00e9los, accessoires et ateliers\" \/>\n<meta property=\"article:publisher\" content=\"https:\/\/www.facebook.com\/cyclesblain\/?locale=fr_FR\" \/>\n<meta property=\"article:published_time\" content=\"2023-10-19T17:15:46+00:00\" \/>\n<meta property=\"article:modified_time\" content=\"2024-07-29T08:42:34+00:00\" \/>\n<meta property=\"og:image\" content=\"https:\/\/www.cycles-blain.com\/fr\/wp-content\/uploads\/2023\/10\/IMG_20231020_133556-1.jpg\" \/>\n\t<meta property=\"og:image:width\" content=\"530\" \/>\n\t<meta property=\"og:image:height\" content=\"500\" \/>\n\t<meta property=\"og:image:type\" content=\"image\/jpeg\" \/>\n<meta name=\"author\" content=\"Gueweb\" \/>\n<meta name=\"twitter:card\" content=\"summary_large_image\" \/>\n<meta name=\"twitter:label1\" content=\"\u00c9crit par\" \/>\n\t<meta name=\"twitter:data1\" content=\"Gueweb\" \/>\n\t<meta name=\"twitter:label2\" content=\"Dur\u00e9e de lecture estim\u00e9e\" \/>\n\t<meta name=\"twitter:data2\" content=\"2 minutes\" \/>\n<script type=\"application\/ld+json\" class=\"yoast-schema-graph\">{\"@context\":\"https:\\\/\\\/schema.org\",\"@graph\":[{\"@type\":\"Article\",\"@id\":\"https:\\\/\\\/www.cycles-blain.com\\\/fr\\\/etude-posturale-velo\\\/reglage-cale-pedale-velo\\\/#article\",\"isPartOf\":{\"@id\":\"https:\\\/\\\/www.cycles-blain.com\\\/fr\\\/etude-posturale-velo\\\/reglage-cale-pedale-velo\\\/\"},\"author\":{\"name\":\"Gueweb\",\"@id\":\"https:\\\/\\\/www.cycles-blain.com\\\/fr\\\/#\\\/schema\\\/person\\\/6fb8bad852fde893fb61b7b05936af37\"},\"headline\":\"R\u00e9glages de cales de p\u00e9dales v\u00e9lo automatiques\",\"datePublished\":\"2023-10-19T17:15:46+00:00\",\"dateModified\":\"2024-07-29T08:42:34+00:00\",\"mainEntityOfPage\":{\"@id\":\"https:\\\/\\\/www.cycles-blain.com\\\/fr\\\/etude-posturale-velo\\\/reglage-cale-pedale-velo\\\/\"},\"wordCount\":280,\"publisher\":{\"@id\":\"https:\\\/\\\/www.cycles-blain.com\\\/fr\\\/#organization\"},\"image\":{\"@id\":\"https:\\\/\\\/www.cycles-blain.com\\\/fr\\\/etude-posturale-velo\\\/reglage-cale-pedale-velo\\\/#primaryimage\"},\"thumbnailUrl\":\"https:\\\/\\\/www.cycles-blain.com\\\/fr\\\/wp-content\\\/uploads\\\/2023\\\/10\\\/IMG_20231020_133556-1.jpg\",\"keywords\":[\"chaussures automatiques\",\"etude posturale\",\"pedales automatiques\",\"reglage cale\",\"sante\"],\"articleSection\":[\"Conseils-Pratique\",\"Etude Posturale V\u00e9lo\",\"Sant\u00e9\",\"Sport\"],\"inLanguage\":\"fr-FR\"},{\"@type\":\"WebPage\",\"@id\":\"https:\\\/\\\/www.cycles-blain.com\\\/fr\\\/etude-posturale-velo\\\/reglage-cale-pedale-velo\\\/\",\"url\":\"https:\\\/\\\/www.cycles-blain.com\\\/fr\\\/etude-posturale-velo\\\/reglage-cale-pedale-velo\\\/\",\"name\":\"R\u00e9glages de cales de p\u00e9dales v\u00e9lo automatiques - CyclesBlain - Magasins de v\u00e9los, accessoires et ateliers\",\"isPartOf\":{\"@id\":\"https:\\\/\\\/www.cycles-blain.com\\\/fr\\\/#website\"},\"primaryImageOfPage\":{\"@id\":\"https:\\\/\\\/www.cycles-blain.com\\\/fr\\\/etude-posturale-velo\\\/reglage-cale-pedale-velo\\\/#primaryimage\"},\"image\":{\"@id\":\"https:\\\/\\\/www.cycles-blain.com\\\/fr\\\/etude-posturale-velo\\\/reglage-cale-pedale-velo\\\/#primaryimage\"},\"thumbnailUrl\":\"https:\\\/\\\/www.cycles-blain.com\\\/fr\\\/wp-content\\\/uploads\\\/2023\\\/10\\\/IMG_20231020_133556-1.jpg\",\"datePublished\":\"2023-10-19T17:15:46+00:00\",\"dateModified\":\"2024-07-29T08:42:34+00:00\",\"description\":\"Vous avez des douleurs aux pieds en faisant du v\u00e9lo ? Eviter les fourmillements ou les douleurs aux pieds avec un r\u00e9glage des cales de v\u00e9lo\",\"breadcrumb\":{\"@id\":\"https:\\\/\\\/www.cycles-blain.com\\\/fr\\\/etude-posturale-velo\\\/reglage-cale-pedale-velo\\\/#breadcrumb\"},\"inLanguage\":\"fr-FR\",\"potentialAction\":[{\"@type\":\"ReadAction\",\"target\":[\"https:\\\/\\\/www.cycles-blain.com\\\/fr\\\/etude-posturale-velo\\\/reglage-cale-pedale-velo\\\/\"]}]},{\"@type\":\"ImageObject\",\"inLanguage\":\"fr-FR\",\"@id\":\"https:\\\/\\\/www.cycles-blain.com\\\/fr\\\/etude-posturale-velo\\\/reglage-cale-pedale-velo\\\/#primaryimage\",\"url\":\"https:\\\/\\\/www.cycles-blain.com\\\/fr\\\/wp-content\\\/uploads\\\/2023\\\/10\\\/IMG_20231020_133556-1.jpg\",\"contentUrl\":\"https:\\\/\\\/www.cycles-blain.com\\\/fr\\\/wp-content\\\/uploads\\\/2023\\\/10\\\/IMG_20231020_133556-1.jpg\",\"width\":530,\"height\":500,\"caption\":\"R\u00e9glage des cales de v\u00e9lo\"},{\"@type\":\"BreadcrumbList\",\"@id\":\"https:\\\/\\\/www.cycles-blain.com\\\/fr\\\/etude-posturale-velo\\\/reglage-cale-pedale-velo\\\/#breadcrumb\",\"itemListElement\":[{\"@type\":\"ListItem\",\"position\":1,\"name\":\"Accueil\",\"item\":\"https:\\\/\\\/www.cycles-blain.com\\\/fr\\\/\"},{\"@type\":\"ListItem\",\"position\":2,\"name\":\"R\u00e9glages de cales de p\u00e9dales v\u00e9lo automatiques\"}]},{\"@type\":\"WebSite\",\"@id\":\"https:\\\/\\\/www.cycles-blain.com\\\/fr\\\/#website\",\"url\":\"https:\\\/\\\/www.cycles-blain.com\\\/fr\\\/\",\"name\":\"CyclesBlain - Magasins de v\u00e9los, accessoires et ateliers\",\"description\":\"Blog Cycles Blain\",\"publisher\":{\"@id\":\"https:\\\/\\\/www.cycles-blain.com\\\/fr\\\/#organization\"},\"potentialAction\":[{\"@type\":\"SearchAction\",\"target\":{\"@type\":\"EntryPoint\",\"urlTemplate\":\"https:\\\/\\\/www.cycles-blain.com\\\/fr\\\/?s={search_term_string}\"},\"query-input\":{\"@type\":\"PropertyValueSpecification\",\"valueRequired\":true,\"valueName\":\"search_term_string\"}}],\"inLanguage\":\"fr-FR\"},{\"@type\":\"Organization\",\"@id\":\"https:\\\/\\\/www.cycles-blain.com\\\/fr\\\/#organization\",\"name\":\"CyclesBlain - Magasins de v\u00e9los, accessoires et ateliers\",\"url\":\"https:\\\/\\\/www.cycles-blain.com\\\/fr\\\/\",\"logo\":{\"@type\":\"ImageObject\",\"inLanguage\":\"fr-FR\",\"@id\":\"https:\\\/\\\/www.cycles-blain.com\\\/fr\\\/#\\\/schema\\\/logo\\\/image\\\/\",\"url\":\"https:\\\/\\\/www.cycles-blain.com\\\/fr\\\/wp-content\\\/uploads\\\/2023\\\/10\\\/logo-cycles-blain.jpeg\",\"contentUrl\":\"https:\\\/\\\/www.cycles-blain.com\\\/fr\\\/wp-content\\\/uploads\\\/2023\\\/10\\\/logo-cycles-blain.jpeg\",\"width\":264,\"height\":191,\"caption\":\"CyclesBlain - Magasins de v\u00e9los, accessoires et ateliers\"},\"image\":{\"@id\":\"https:\\\/\\\/www.cycles-blain.com\\\/fr\\\/#\\\/schema\\\/logo\\\/image\\\/\"},\"sameAs\":[\"https:\\\/\\\/www.facebook.com\\\/cyclesblain\\\/?locale=fr_FR\",\"https:\\\/\\\/www.instagram.com\\\/cycles_blain\\\/?hl=fr\"]},{\"@type\":\"Person\",\"@id\":\"https:\\\/\\\/www.cycles-blain.com\\\/fr\\\/#\\\/schema\\\/person\\\/6fb8bad852fde893fb61b7b05936af37\",\"name\":\"Gueweb\",\"image\":{\"@type\":\"ImageObject\",\"inLanguage\":\"fr-FR\",\"@id\":\"https:\\\/\\\/secure.gravatar.com\\\/avatar\\\/52550bc594eb074508114b963209b157358b27e5a0319de1bb723df3f760ca2d?s=96&d=mm&r=g\",\"url\":\"https:\\\/\\\/secure.gravatar.com\\\/avatar\\\/52550bc594eb074508114b963209b157358b27e5a0319de1bb723df3f760ca2d?s=96&d=mm&r=g\",\"contentUrl\":\"https:\\\/\\\/secure.gravatar.com\\\/avatar\\\/52550bc594eb074508114b963209b157358b27e5a0319de1bb723df3f760ca2d?s=96&d=mm&r=g\",\"caption\":\"Gueweb\"},\"sameAs\":[\"https:\\\/\\\/www.cycles-blain.com\\\/\\\/fr\"],\"url\":\"https:\\\/\\\/www.cycles-blain.com\\\/fr\\\/author\\\/gueweb\\\/\"}]}<\/script>\n<!-- \/ Yoast SEO plugin. -->","yoast_head_json":{"title":"R\u00e9glages de cales de p\u00e9dales v\u00e9lo automatiques - CyclesBlain - Magasins de v\u00e9los, accessoires et ateliers","description":"Vous avez des douleurs aux pieds en faisant du v\u00e9lo ? Eviter les fourmillements ou les douleurs aux pieds avec un r\u00e9glage des cales de v\u00e9lo","robots":{"index":"index","follow":"follow","max-snippet":"max-snippet:-1","max-image-preview":"max-image-preview:large","max-video-preview":"max-video-preview:-1"},"canonical":"https:\/\/www.cycles-blain.com\/fr\/etude-posturale-velo\/reglage-cale-pedale-velo\/","og_locale":"fr_FR","og_type":"article","og_title":"R\u00e9glages de cales de p\u00e9dales v\u00e9lo automatiques - CyclesBlain - Magasins de v\u00e9los, accessoires et ateliers","og_description":"Vous avez des douleurs aux pieds en faisant du v\u00e9lo ? Eviter les fourmillements ou les douleurs aux pieds avec un r\u00e9glage des cales de v\u00e9lo","og_url":"https:\/\/www.cycles-blain.com\/fr\/etude-posturale-velo\/reglage-cale-pedale-velo\/","og_site_name":"CyclesBlain - Magasins de v\u00e9los, accessoires et ateliers","article_publisher":"https:\/\/www.facebook.com\/cyclesblain\/?locale=fr_FR","article_published_time":"2023-10-19T17:15:46+00:00","article_modified_time":"2024-07-29T08:42:34+00:00","og_image":[{"width":530,"height":500,"url":"https:\/\/www.cycles-blain.com\/fr\/wp-content\/uploads\/2023\/10\/IMG_20231020_133556-1.jpg","type":"image\/jpeg"}],"author":"Gueweb","twitter_card":"summary_large_image","twitter_misc":{"\u00c9crit par":"Gueweb","Dur\u00e9e de lecture estim\u00e9e":"2 minutes"},"schema":{"@context":"https:\/\/schema.org","@graph":[{"@type":"Article","@id":"https:\/\/www.cycles-blain.com\/fr\/etude-posturale-velo\/reglage-cale-pedale-velo\/#article","isPartOf":{"@id":"https:\/\/www.cycles-blain.com\/fr\/etude-posturale-velo\/reglage-cale-pedale-velo\/"},"author":{"name":"Gueweb","@id":"https:\/\/www.cycles-blain.com\/fr\/#\/schema\/person\/6fb8bad852fde893fb61b7b05936af37"},"headline":"R\u00e9glages de cales de p\u00e9dales v\u00e9lo automatiques","datePublished":"2023-10-19T17:15:46+00:00","dateModified":"2024-07-29T08:42:34+00:00","mainEntityOfPage":{"@id":"https:\/\/www.cycles-blain.com\/fr\/etude-posturale-velo\/reglage-cale-pedale-velo\/"},"wordCount":280,"publisher":{"@id":"https:\/\/www.cycles-blain.com\/fr\/#organization"},"image":{"@id":"https:\/\/www.cycles-blain.com\/fr\/etude-posturale-velo\/reglage-cale-pedale-velo\/#primaryimage"},"thumbnailUrl":"https:\/\/www.cycles-blain.com\/fr\/wp-content\/uploads\/2023\/10\/IMG_20231020_133556-1.jpg","keywords":["chaussures automatiques","etude posturale","pedales automatiques","reglage cale","sante"],"articleSection":["Conseils-Pratique","Etude Posturale V\u00e9lo","Sant\u00e9","Sport"],"inLanguage":"fr-FR"},{"@type":"WebPage","@id":"https:\/\/www.cycles-blain.com\/fr\/etude-posturale-velo\/reglage-cale-pedale-velo\/","url":"https:\/\/www.cycles-blain.com\/fr\/etude-posturale-velo\/reglage-cale-pedale-velo\/","name":"R\u00e9glages de cales de p\u00e9dales v\u00e9lo automatiques - CyclesBlain - Magasins de v\u00e9los, accessoires et ateliers","isPartOf":{"@id":"https:\/\/www.cycles-blain.com\/fr\/#website"},"primaryImageOfPage":{"@id":"https:\/\/www.cycles-blain.com\/fr\/etude-posturale-velo\/reglage-cale-pedale-velo\/#primaryimage"},"image":{"@id":"https:\/\/www.cycles-blain.com\/fr\/etude-posturale-velo\/reglage-cale-pedale-velo\/#primaryimage"},"thumbnailUrl":"https:\/\/www.cycles-blain.com\/fr\/wp-content\/uploads\/2023\/10\/IMG_20231020_133556-1.jpg","datePublished":"2023-10-19T17:15:46+00:00","dateModified":"2024-07-29T08:42:34+00:00","description":"Vous avez des douleurs aux pieds en faisant du v\u00e9lo ? Eviter les fourmillements ou les douleurs aux pieds avec un r\u00e9glage des cales de v\u00e9lo","breadcrumb":{"@id":"https:\/\/www.cycles-blain.com\/fr\/etude-posturale-velo\/reglage-cale-pedale-velo\/#breadcrumb"},"inLanguage":"fr-FR","potentialAction":[{"@type":"ReadAction","target":["https:\/\/www.cycles-blain.com\/fr\/etude-posturale-velo\/reglage-cale-pedale-velo\/"]}]},{"@type":"ImageObject","inLanguage":"fr-FR","@id":"https:\/\/www.cycles-blain.com\/fr\/etude-posturale-velo\/reglage-cale-pedale-velo\/#primaryimage","url":"https:\/\/www.cycles-blain.com\/fr\/wp-content\/uploads\/2023\/10\/IMG_20231020_133556-1.jpg","contentUrl":"https:\/\/www.cycles-blain.com\/fr\/wp-content\/uploads\/2023\/10\/IMG_20231020_133556-1.jpg","width":530,"height":500,"caption":"R\u00e9glage des cales de v\u00e9lo"},{"@type":"BreadcrumbList","@id":"https:\/\/www.cycles-blain.com\/fr\/etude-posturale-velo\/reglage-cale-pedale-velo\/#breadcrumb","itemListElement":[{"@type":"ListItem","position":1,"name":"Accueil","item":"https:\/\/www.cycles-blain.com\/fr\/"},{"@type":"ListItem","position":2,"name":"R\u00e9glages de cales de p\u00e9dales v\u00e9lo automatiques"}]},{"@type":"WebSite","@id":"https:\/\/www.cycles-blain.com\/fr\/#website","url":"https:\/\/www.cycles-blain.com\/fr\/","name":"CyclesBlain - Magasins de v\u00e9los, accessoires et ateliers","description":"Blog Cycles Blain","publisher":{"@id":"https:\/\/www.cycles-blain.com\/fr\/#organization"},"potentialAction":[{"@type":"SearchAction","target":{"@type":"EntryPoint","urlTemplate":"https:\/\/www.cycles-blain.com\/fr\/?s={search_term_string}"},"query-input":{"@type":"PropertyValueSpecification","valueRequired":true,"valueName":"search_term_string"}}],"inLanguage":"fr-FR"},{"@type":"Organization","@id":"https:\/\/www.cycles-blain.com\/fr\/#organization","name":"CyclesBlain - Magasins de v\u00e9los, accessoires et ateliers","url":"https:\/\/www.cycles-blain.com\/fr\/","logo":{"@type":"ImageObject","inLanguage":"fr-FR","@id":"https:\/\/www.cycles-blain.com\/fr\/#\/schema\/logo\/image\/","url":"https:\/\/www.cycles-blain.com\/fr\/wp-content\/uploads\/2023\/10\/logo-cycles-blain.jpeg","contentUrl":"https:\/\/www.cycles-blain.com\/fr\/wp-content\/uploads\/2023\/10\/logo-cycles-blain.jpeg","width":264,"height":191,"caption":"CyclesBlain - Magasins de v\u00e9los, accessoires et ateliers"},"image":{"@id":"https:\/\/www.cycles-blain.com\/fr\/#\/schema\/logo\/image\/"},"sameAs":["https:\/\/www.facebook.com\/cyclesblain\/?locale=fr_FR","https:\/\/www.instagram.com\/cycles_blain\/?hl=fr"]},{"@type":"Person","@id":"https:\/\/www.cycles-blain.com\/fr\/#\/schema\/person\/6fb8bad852fde893fb61b7b05936af37","name":"Gueweb","image":{"@type":"ImageObject","inLanguage":"fr-FR","@id":"https:\/\/secure.gravatar.com\/avatar\/52550bc594eb074508114b963209b157358b27e5a0319de1bb723df3f760ca2d?s=96&d=mm&r=g","url":"https:\/\/secure.gravatar.com\/avatar\/52550bc594eb074508114b963209b157358b27e5a0319de1bb723df3f760ca2d?s=96&d=mm&r=g","contentUrl":"https:\/\/secure.gravatar.com\/avatar\/52550bc594eb074508114b963209b157358b27e5a0319de1bb723df3f760ca2d?s=96&d=mm&r=g","caption":"Gueweb"},"sameAs":["https:\/\/www.cycles-blain.com\/\/fr"],"url":"https:\/\/www.cycles-blain.com\/fr\/author\/gueweb\/"}]}},"_links":{"self":[{"href":"https:\/\/www.cycles-blain.com\/fr\/wp-json\/wp\/v2\/posts\/1333","targetHints":{"allow":["GET"]}}],"collection":[{"href":"https:\/\/www.cycles-blain.com\/fr\/wp-json\/wp\/v2\/posts"}],"about":[{"href":"https:\/\/www.cycles-blain.com\/fr\/wp-json\/wp\/v2\/types\/post"}],"author":[{"embeddable":true,"href":"https:\/\/www.cycles-blain.com\/fr\/wp-json\/wp\/v2\/users\/1"}],"replies":[{"embeddable":true,"href":"https:\/\/www.cycles-blain.com\/fr\/wp-json\/wp\/v2\/comments?post=1333"}],"version-history":[{"count":37,"href":"https:\/\/www.cycles-blain.com\/fr\/wp-json\/wp\/v2\/posts\/1333\/revisions"}],"predecessor-version":[{"id":7126,"href":"https:\/\/www.cycles-blain.com\/fr\/wp-json\/wp\/v2\/posts\/1333\/revisions\/7126"}],"wp:featuredmedia":[{"embeddable":true,"href":"https:\/\/www.cycles-blain.com\/fr\/wp-json\/wp\/v2\/media\/1387"}],"wp:attachment":[{"href":"https:\/\/www.cycles-blain.com\/fr\/wp-json\/wp\/v2\/media?parent=1333"}],"wp:term":[{"taxonomy":"category","embeddable":true,"href":"https:\/\/www.cycles-blain.com\/fr\/wp-json\/wp\/v2\/categories?post=1333"},{"taxonomy":"post_tag","embeddable":true,"href":"https:\/\/www.cycles-blain.com\/fr\/wp-json\/wp\/v2\/tags?post=1333"}],"curies":[{"name":"wp","href":"https:\/\/api.w.org\/{rel}","templated":true}]}}