{"id":13522,"date":"2025-03-28T16:16:34","date_gmt":"2025-03-28T15:16:34","guid":{"rendered":"https:\/\/www.cycles-blain.com\/fr\/?p=13522"},"modified":"2025-03-31T16:16:39","modified_gmt":"2025-03-31T14:16:39","slug":"vtt-femme-liv-tempt-2025","status":"publish","type":"post","link":"https:\/\/www.cycles-blain.com\/fr\/velo\/vtt-femme-liv-tempt-2025\/","title":{"rendered":"VTT Femmes : Nouveau Liv Tempt 2025 pour toutes"},"content":{"rendered":"\t\t<div data-elementor-type=\"wp-post\" data-elementor-id=\"13522\" class=\"elementor elementor-13522\" data-elementor-post-type=\"post\">\n\t\t\t\t<div class=\"elementor-element elementor-element-db3fab1 e-flex e-con-boxed e-con e-parent\" data-id=\"db3fab1\" data-element_type=\"container\" data-e-type=\"container\">\n\t\t\t\t\t<div class=\"e-con-inner\">\n\t\t\t\t<div class=\"elementor-element elementor-element-960a5bf elementor-widget elementor-widget-text-editor\" data-id=\"960a5bf\" data-element_type=\"widget\" data-e-type=\"widget\" data-widget_type=\"text-editor.default\">\n\t\t\t\t<div class=\"elementor-widget-container\">\n\t\t\t\t\t\t\t\t\t<p><i>LIV pr\u00e9sente son nouveau VTT musculaire pour Femmes accessible \u00e0 toutes d\u00e8s 650\u20ac et disponible en 3 versions : Le LIV Tempt 2025 est un excellent rapport qualit\u00e9-prix !<\/i><\/p>\t\t\t\t\t\t\t\t<\/div>\n\t\t\t\t<\/div>\n\t\t\t\t\t<\/div>\n\t\t\t\t<\/div>\n\t\t<div class=\"elementor-element elementor-element-cb2b2f9 e-flex e-con-boxed e-con e-parent\" data-id=\"cb2b2f9\" data-element_type=\"container\" data-e-type=\"container\">\n\t\t\t\t\t<div class=\"e-con-inner\">\n\t\t\t\t<div class=\"elementor-element elementor-element-9d6391b elementor-widget elementor-widget-heading\" data-id=\"9d6391b\" data-element_type=\"widget\" data-e-type=\"widget\" data-widget_type=\"heading.default\">\n\t\t\t\t<div class=\"elementor-widget-container\">\n\t\t\t\t\t<h3 class=\"elementor-heading-title elementor-size-default\">Liv Tempt 2025 - Le vtt pour toutes les femmes !<\/h3>\t\t\t\t<\/div>\n\t\t\t\t<\/div>\n\t\t\t\t\t<\/div>\n\t\t\t\t<\/div>\n\t\t<div class=\"elementor-element elementor-element-6e0e935 e-flex e-con-boxed e-con e-parent\" data-id=\"6e0e935\" data-element_type=\"container\" data-e-type=\"container\">\n\t\t\t\t\t<div class=\"e-con-inner\">\n\t\t\t\t<div class=\"elementor-element elementor-element-1a13d45 elementor-widget elementor-widget-text-editor\" data-id=\"1a13d45\" data-element_type=\"widget\" data-e-type=\"widget\" data-widget_type=\"text-editor.default\">\n\t\t\t\t<div class=\"elementor-widget-container\">\n\t\t\t\t\t\t\t\t\t<p>Avec ses 3 versions de vtt en aluminium et son prix attractif, le nouveau Tempt 2025 de LIV semble bien parti pour avoir du succ\u00e8s :\u00a0<\/p><ul><li>3 cadres disponibles des tailles XS au L permettant de convenir aux femmes et adolescentes en herbes avec des coloris sobres et \u00e9l\u00e9gants,<\/li><li>Des roues disponibles en 27,5 ou 29 pouces selon la taille du cadre avec des pneus polyvalents,<\/li><li>3 Transmissions au choix compatible pour un mono plateau ou un double.<\/li><li>Tige de selle t\u00e9l\u00e9scopique sur les mod\u00e8les Tempt 1 et 0,<\/li><li>Fourche Suntour ou Giant selon mod\u00e8le jusqu&rsquo;\u00e0 100 mm<\/li><li>Freins \u00e0 disque de 160mm pour l&rsquo;arri\u00e8re ou 180mm \u00e0 l&rsquo;avant et levier Tektro adapt\u00e9s aux mains plus petites des femmes en g\u00e9n\u00e9ral.<br \/><br \/>Un VTT femme tr\u00e8s bien \u00e9quip\u00e9 \u00e0 partir de 650\u20ac T.T.C<\/li><li><a href=\"https:\/\/www.cycles-blain.com\/vtt-musculaire\/1329-2147-vtt-femme-tempt-3-2025-liv-4711291188693.html\" target=\"_blank\" rel=\"noopener\">650 \u20ac pour le vtt femme Liv Tempt 3<\/a>,\u00a0<\/li><li><a href=\"https:\/\/www.cycles-blain.com\/vtt-musculaire\/1330-2155-vtt-femme-tempt-1-2025-liv-4711291188556.html\" target=\"_blank\" rel=\"noopener\">900\u20ac pour le vtt femme Liv Tempt 1<\/a>\u00a0,<\/li><li><a href=\"https:\/\/www.cycles-blain.com\/vtt-musculaire\/1331-2161-vtt-femme-tempt-0-2025-liv-4711291188785.html\" target=\"_blank\" rel=\"noopener\">1 150\u20ac pour le vtt femme Liv Tempt 0<\/a>.<\/li><\/ul>\t\t\t\t\t\t\t\t<\/div>\n\t\t\t\t<\/div>\n\t\t\t\t\t<\/div>\n\t\t\t\t<\/div>\n\t\t<div class=\"elementor-element elementor-element-152620b e-flex e-con-boxed e-con e-parent\" data-id=\"152620b\" data-element_type=\"container\" data-e-type=\"container\">\n\t\t\t\t\t<div class=\"e-con-inner\">\n\t\t\t\t<div class=\"elementor-element elementor-element-07552d3 elementor-widget elementor-widget-image\" data-id=\"07552d3\" data-element_type=\"widget\" data-e-type=\"widget\" data-widget_type=\"image.default\">\n\t\t\t\t<div class=\"elementor-widget-container\">\n\t\t\t\t\t\t\t\t\t\t\t\t\t\t\t\t<a href=\"https:\/\/www.cycles-blain.com\/recherche?controller=search&#038;search_query=tempt+2025\" target=\"_blank\">\n\t\t\t\t\t\t\t<img decoding=\"async\" src=\"https:\/\/www.cycles-blain.com\/fr\/wp-content\/uploads\/2025\/03\/Liv-TEMPT-Banner-Desktop.webp\" title=\"VTT Femme Liv Tempt\" alt=\"VTT Femme Liv Tempt\" loading=\"lazy\" \/>\t\t\t\t\t\t\t\t<\/a>\n\t\t\t\t\t\t\t\t\t\t\t\t\t\t\t<\/div>\n\t\t\t\t<\/div>\n\t\t\t\t<div class=\"elementor-element elementor-element-baad222 elementor-align-center elementor-widget elementor-widget-button\" data-id=\"baad222\" data-element_type=\"widget\" data-e-type=\"widget\" data-widget_type=\"button.default\">\n\t\t\t\t<div class=\"elementor-widget-container\">\n\t\t\t\t\t\t\t\t\t<div class=\"elementor-button-wrapper\">\n\t\t\t\t\t<a class=\"elementor-button elementor-button-link elementor-size-sm\" href=\"https:\/\/www.cycles-blain.com\/recherche?controller=search&#038;search_query=tempt+2025\" target=\"_blank\">\n\t\t\t\t\t\t<span class=\"elementor-button-content-wrapper\">\n\t\t\t\t\t\t\t\t\t<span class=\"elementor-button-text\">Je choisis mon VTT Femme LIV Tempt 2025<\/span>\n\t\t\t\t\t<\/span>\n\t\t\t\t\t<\/a>\n\t\t\t\t<\/div>\n\t\t\t\t\t\t\t\t<\/div>\n\t\t\t\t<\/div>\n\t\t\t\t\t<\/div>\n\t\t\t\t<\/div>\n\t\t<div class=\"elementor-element elementor-element-27ad593 e-flex e-con-boxed e-con e-parent\" data-id=\"27ad593\" data-element_type=\"container\" data-e-type=\"container\">\n\t\t\t\t\t<div class=\"e-con-inner\">\n\t\t\t\t<div class=\"elementor-element elementor-element-f89afcd elementor-widget elementor-widget-text-editor\" data-id=\"f89afcd\" data-element_type=\"widget\" data-e-type=\"widget\" data-widget_type=\"text-editor.default\">\n\t\t\t\t<div class=\"elementor-widget-container\">\n\t\t\t\t\t\t\t\t\t<p>Vous pouvez aussi consulter notre page sp\u00e9ciale :\u00a0<a style=\"text-align: var(--text-align); font-size: 1rem;\" href=\"https:\/\/www.cycles-blain.com\/content\/71-velos-electriques-femmes\" target=\"_blank\" rel=\"noopener\">V\u00e9los Electriques Femmes avec des VTT Electriques Femmes en promotions !<\/a><\/p>\t\t\t\t\t\t\t\t<\/div>\n\t\t\t\t<\/div>\n\t\t\t\t\t<\/div>\n\t\t\t\t<\/div>\n\t\t\t\t<\/div>\n\t\t","protected":false},"excerpt":{"rendered":"<p>LIV pr\u00e9sente son nouveau VTT Femmes accessible \u00e0 toutes en 3 versions d\u00e8s 650\u20ac ! Un excellent rapport qualit\u00e9-prix disponible chez CYCLES BLAIN<\/p>\n","protected":false},"author":1,"featured_media":13524,"comment_status":"open","ping_status":"open","sticky":false,"template":"","format":"standard","meta":{"site-sidebar-layout":"default","site-content-layout":"","ast-site-content-layout":"default","site-content-style":"default","site-sidebar-style":"default","ast-global-header-display":"","ast-banner-title-visibility":"","ast-main-header-display":"","ast-hfb-above-header-display":"","ast-hfb-below-header-display":"","ast-hfb-mobile-header-display":"","site-post-title":"","ast-breadcrumbs-content":"","ast-featured-img":"","footer-sml-layout":"","theme-transparent-header-meta":"","adv-header-id-meta":"","stick-header-meta":"","header-above-stick-meta":"","header-main-stick-meta":"","header-below-stick-meta":"","astra-migrate-meta-layouts":"set","ast-page-background-enabled":"default","ast-page-background-meta":{"desktop":{"background-color":"","background-image":"","background-repeat":"repeat","background-position":"center center","background-size":"auto","background-attachment":"scroll","background-type":"","background-media":"","overlay-type":"","overlay-color":"","overlay-gradient":""},"tablet":{"background-color":"","background-image":"","background-repeat":"repeat","background-position":"center center","background-size":"auto","background-attachment":"scroll","background-type":"","background-media":"","overlay-type":"","overlay-color":"","overlay-gradient":""},"mobile":{"background-color":"","background-image":"","background-repeat":"repeat","background-position":"center center","background-size":"auto","background-attachment":"scroll","background-type":"","background-media":"","overlay-type":"","overlay-color":"","overlay-gradient":""}},"ast-content-background-meta":{"desktop":{"background-color":"var(--ast-global-color-5)","background-image":"","background-repeat":"repeat","background-position":"center center","background-size":"auto","background-attachment":"scroll","background-type":"","background-media":"","overlay-type":"","overlay-color":"","overlay-gradient":""},"tablet":{"background-color":"var(--ast-global-color-5)","background-image":"","background-repeat":"repeat","background-position":"center center","background-size":"auto","background-attachment":"scroll","background-type":"","background-media":"","overlay-type":"","overlay-color":"","overlay-gradient":""},"mobile":{"background-color":"var(--ast-global-color-5)","background-image":"","background-repeat":"repeat","background-position":"center center","background-size":"auto","background-attachment":"scroll","background-type":"","background-media":"","overlay-type":"","overlay-color":"","overlay-gradient":""}},"footnotes":""},"categories":[6,4,19,7,44,37,36,58],"tags":[262,320],"class_list":["post-13522","post","type-post","status-publish","format-standard","has-post-thumbnail","hentry","category-magasins-velo","category-velo","category-loisirs-velo","category-magasin-brignais","category-magasin-lyon-3","category-magasin-saint-priest","category-magasin-vienne-sud","category-vtt-musculaire","tag-liv","tag-vtt-femmes"],"yoast_head":"<!-- This site is optimized with the Yoast SEO plugin v27.5 - https:\/\/yoast.com\/product\/yoast-seo-wordpress\/ -->\n<title>VTT Femmes : Nouveau Liv Tempt 2025 pour toutes -<\/title>\n<meta name=\"description\" content=\"LIV pr\u00e9sente son nouveau VTT Femmes accessible \u00e0 toutes en 3 versions d\u00e8s 650\u20ac ! Un excellent rapport qualit\u00e9-prix disponible chez CYCLES BLAIN\" \/>\n<meta name=\"robots\" content=\"index, follow, max-snippet:-1, max-image-preview:large, max-video-preview:-1\" \/>\n<link rel=\"canonical\" href=\"https:\/\/www.cycles-blain.com\/fr\/velo\/vtt-femme-liv-tempt-2025\/\" \/>\n<meta property=\"og:locale\" content=\"fr_FR\" \/>\n<meta property=\"og:type\" content=\"article\" \/>\n<meta property=\"og:title\" content=\"VTT Femmes : Nouveau Liv Tempt 2025 pour toutes -\" \/>\n<meta property=\"og:description\" content=\"LIV pr\u00e9sente son nouveau VTT Femmes accessible \u00e0 toutes en 3 versions d\u00e8s 650\u20ac ! Un excellent rapport qualit\u00e9-prix disponible chez CYCLES BLAIN\" \/>\n<meta property=\"og:url\" content=\"https:\/\/www.cycles-blain.com\/fr\/velo\/vtt-femme-liv-tempt-2025\/\" \/>\n<meta property=\"og:site_name\" content=\"CyclesBlain - Magasins de v\u00e9los, accessoires et ateliers\" \/>\n<meta property=\"article:publisher\" content=\"https:\/\/www.facebook.com\/cyclesblain\/?locale=fr_FR\" \/>\n<meta property=\"article:published_time\" content=\"2025-03-28T15:16:34+00:00\" \/>\n<meta property=\"article:modified_time\" content=\"2025-03-31T14:16:39+00:00\" \/>\n<meta property=\"og:image\" content=\"https:\/\/www.cycles-blain.com\/fr\/wp-content\/uploads\/2025\/03\/Tempt-6-Banner-Desktop.webp\" \/>\n\t<meta property=\"og:image:width\" content=\"600\" \/>\n\t<meta property=\"og:image:height\" content=\"400\" \/>\n\t<meta property=\"og:image:type\" content=\"image\/webp\" \/>\n<meta name=\"author\" content=\"Gueweb\" \/>\n<meta name=\"twitter:card\" content=\"summary_large_image\" \/>\n<meta name=\"twitter:label1\" content=\"\u00c9crit par\" \/>\n\t<meta name=\"twitter:data1\" content=\"Gueweb\" \/>\n\t<meta name=\"twitter:label2\" content=\"Dur\u00e9e de lecture estim\u00e9e\" \/>\n\t<meta name=\"twitter:data2\" content=\"2 minutes\" \/>\n<script type=\"application\/ld+json\" class=\"yoast-schema-graph\">{\"@context\":\"https:\\\/\\\/schema.org\",\"@graph\":[{\"@type\":\"Article\",\"@id\":\"https:\\\/\\\/www.cycles-blain.com\\\/fr\\\/velo\\\/vtt-femme-liv-tempt-2025\\\/#article\",\"isPartOf\":{\"@id\":\"https:\\\/\\\/www.cycles-blain.com\\\/fr\\\/velo\\\/vtt-femme-liv-tempt-2025\\\/\"},\"author\":{\"name\":\"Gueweb\",\"@id\":\"https:\\\/\\\/www.cycles-blain.com\\\/fr\\\/#\\\/schema\\\/person\\\/6fb8bad852fde893fb61b7b05936af37\"},\"headline\":\"VTT Femmes : Nouveau Liv Tempt 2025 pour toutes\",\"datePublished\":\"2025-03-28T15:16:34+00:00\",\"dateModified\":\"2025-03-31T14:16:39+00:00\",\"mainEntityOfPage\":{\"@id\":\"https:\\\/\\\/www.cycles-blain.com\\\/fr\\\/velo\\\/vtt-femme-liv-tempt-2025\\\/\"},\"wordCount\":219,\"commentCount\":0,\"publisher\":{\"@id\":\"https:\\\/\\\/www.cycles-blain.com\\\/fr\\\/#organization\"},\"image\":{\"@id\":\"https:\\\/\\\/www.cycles-blain.com\\\/fr\\\/velo\\\/vtt-femme-liv-tempt-2025\\\/#primaryimage\"},\"thumbnailUrl\":\"https:\\\/\\\/www.cycles-blain.com\\\/fr\\\/wp-content\\\/uploads\\\/2025\\\/03\\\/Tempt-6-Banner-Desktop.webp\",\"keywords\":[\"LIV\",\"vtt femmes\"],\"articleSection\":[\"Actus Magasins\",\"Actus V\u00e9lo\",\"Loisirs\",\"Magasin Brignais\",\"Magasin Lyon Centre\",\"Magasin St Priest\",\"Magasin Vienne Sud\",\"VTT musculaire\"],\"inLanguage\":\"fr-FR\",\"potentialAction\":[{\"@type\":\"CommentAction\",\"name\":\"Comment\",\"target\":[\"https:\\\/\\\/www.cycles-blain.com\\\/fr\\\/velo\\\/vtt-femme-liv-tempt-2025\\\/#respond\"]}]},{\"@type\":\"WebPage\",\"@id\":\"https:\\\/\\\/www.cycles-blain.com\\\/fr\\\/velo\\\/vtt-femme-liv-tempt-2025\\\/\",\"url\":\"https:\\\/\\\/www.cycles-blain.com\\\/fr\\\/velo\\\/vtt-femme-liv-tempt-2025\\\/\",\"name\":\"VTT Femmes : Nouveau Liv Tempt 2025 pour toutes -\",\"isPartOf\":{\"@id\":\"https:\\\/\\\/www.cycles-blain.com\\\/fr\\\/#website\"},\"primaryImageOfPage\":{\"@id\":\"https:\\\/\\\/www.cycles-blain.com\\\/fr\\\/velo\\\/vtt-femme-liv-tempt-2025\\\/#primaryimage\"},\"image\":{\"@id\":\"https:\\\/\\\/www.cycles-blain.com\\\/fr\\\/velo\\\/vtt-femme-liv-tempt-2025\\\/#primaryimage\"},\"thumbnailUrl\":\"https:\\\/\\\/www.cycles-blain.com\\\/fr\\\/wp-content\\\/uploads\\\/2025\\\/03\\\/Tempt-6-Banner-Desktop.webp\",\"datePublished\":\"2025-03-28T15:16:34+00:00\",\"dateModified\":\"2025-03-31T14:16:39+00:00\",\"description\":\"LIV pr\u00e9sente son nouveau VTT Femmes accessible \u00e0 toutes en 3 versions d\u00e8s 650\u20ac ! Un excellent rapport qualit\u00e9-prix disponible chez CYCLES BLAIN\",\"breadcrumb\":{\"@id\":\"https:\\\/\\\/www.cycles-blain.com\\\/fr\\\/velo\\\/vtt-femme-liv-tempt-2025\\\/#breadcrumb\"},\"inLanguage\":\"fr-FR\",\"potentialAction\":[{\"@type\":\"ReadAction\",\"target\":[\"https:\\\/\\\/www.cycles-blain.com\\\/fr\\\/velo\\\/vtt-femme-liv-tempt-2025\\\/\"]}]},{\"@type\":\"ImageObject\",\"inLanguage\":\"fr-FR\",\"@id\":\"https:\\\/\\\/www.cycles-blain.com\\\/fr\\\/velo\\\/vtt-femme-liv-tempt-2025\\\/#primaryimage\",\"url\":\"https:\\\/\\\/www.cycles-blain.com\\\/fr\\\/wp-content\\\/uploads\\\/2025\\\/03\\\/Tempt-6-Banner-Desktop.webp\",\"contentUrl\":\"https:\\\/\\\/www.cycles-blain.com\\\/fr\\\/wp-content\\\/uploads\\\/2025\\\/03\\\/Tempt-6-Banner-Desktop.webp\",\"width\":600,\"height\":400,\"caption\":\"VTT Femmes LIV Tempt 2025\"},{\"@type\":\"BreadcrumbList\",\"@id\":\"https:\\\/\\\/www.cycles-blain.com\\\/fr\\\/velo\\\/vtt-femme-liv-tempt-2025\\\/#breadcrumb\",\"itemListElement\":[{\"@type\":\"ListItem\",\"position\":1,\"name\":\"Accueil\",\"item\":\"https:\\\/\\\/www.cycles-blain.com\\\/fr\\\/\"},{\"@type\":\"ListItem\",\"position\":2,\"name\":\"VTT Femmes : Nouveau Liv Tempt 2025 pour toutes\"}]},{\"@type\":\"WebSite\",\"@id\":\"https:\\\/\\\/www.cycles-blain.com\\\/fr\\\/#website\",\"url\":\"https:\\\/\\\/www.cycles-blain.com\\\/fr\\\/\",\"name\":\"CyclesBlain - Magasins de v\u00e9los, accessoires et ateliers\",\"description\":\"Blog Cycles Blain\",\"publisher\":{\"@id\":\"https:\\\/\\\/www.cycles-blain.com\\\/fr\\\/#organization\"},\"potentialAction\":[{\"@type\":\"SearchAction\",\"target\":{\"@type\":\"EntryPoint\",\"urlTemplate\":\"https:\\\/\\\/www.cycles-blain.com\\\/fr\\\/?s={search_term_string}\"},\"query-input\":{\"@type\":\"PropertyValueSpecification\",\"valueRequired\":true,\"valueName\":\"search_term_string\"}}],\"inLanguage\":\"fr-FR\"},{\"@type\":\"Organization\",\"@id\":\"https:\\\/\\\/www.cycles-blain.com\\\/fr\\\/#organization\",\"name\":\"CyclesBlain - Magasins de v\u00e9los, accessoires et ateliers\",\"url\":\"https:\\\/\\\/www.cycles-blain.com\\\/fr\\\/\",\"logo\":{\"@type\":\"ImageObject\",\"inLanguage\":\"fr-FR\",\"@id\":\"https:\\\/\\\/www.cycles-blain.com\\\/fr\\\/#\\\/schema\\\/logo\\\/image\\\/\",\"url\":\"https:\\\/\\\/www.cycles-blain.com\\\/fr\\\/wp-content\\\/uploads\\\/2023\\\/10\\\/logo-cycles-blain.jpeg\",\"contentUrl\":\"https:\\\/\\\/www.cycles-blain.com\\\/fr\\\/wp-content\\\/uploads\\\/2023\\\/10\\\/logo-cycles-blain.jpeg\",\"width\":264,\"height\":191,\"caption\":\"CyclesBlain - Magasins de v\u00e9los, accessoires et ateliers\"},\"image\":{\"@id\":\"https:\\\/\\\/www.cycles-blain.com\\\/fr\\\/#\\\/schema\\\/logo\\\/image\\\/\"},\"sameAs\":[\"https:\\\/\\\/www.facebook.com\\\/cyclesblain\\\/?locale=fr_FR\",\"https:\\\/\\\/www.instagram.com\\\/cycles_blain\\\/?hl=fr\"]},{\"@type\":\"Person\",\"@id\":\"https:\\\/\\\/www.cycles-blain.com\\\/fr\\\/#\\\/schema\\\/person\\\/6fb8bad852fde893fb61b7b05936af37\",\"name\":\"Gueweb\",\"image\":{\"@type\":\"ImageObject\",\"inLanguage\":\"fr-FR\",\"@id\":\"https:\\\/\\\/secure.gravatar.com\\\/avatar\\\/52550bc594eb074508114b963209b157358b27e5a0319de1bb723df3f760ca2d?s=96&d=mm&r=g\",\"url\":\"https:\\\/\\\/secure.gravatar.com\\\/avatar\\\/52550bc594eb074508114b963209b157358b27e5a0319de1bb723df3f760ca2d?s=96&d=mm&r=g\",\"contentUrl\":\"https:\\\/\\\/secure.gravatar.com\\\/avatar\\\/52550bc594eb074508114b963209b157358b27e5a0319de1bb723df3f760ca2d?s=96&d=mm&r=g\",\"caption\":\"Gueweb\"},\"sameAs\":[\"https:\\\/\\\/www.cycles-blain.com\\\/\\\/fr\"],\"url\":\"https:\\\/\\\/www.cycles-blain.com\\\/fr\\\/author\\\/gueweb\\\/\"}]}<\/script>\n<!-- \/ Yoast SEO plugin. -->","yoast_head_json":{"title":"VTT Femmes : Nouveau Liv Tempt 2025 pour toutes -","description":"LIV pr\u00e9sente son nouveau VTT Femmes accessible \u00e0 toutes en 3 versions d\u00e8s 650\u20ac ! Un excellent rapport qualit\u00e9-prix disponible chez CYCLES BLAIN","robots":{"index":"index","follow":"follow","max-snippet":"max-snippet:-1","max-image-preview":"max-image-preview:large","max-video-preview":"max-video-preview:-1"},"canonical":"https:\/\/www.cycles-blain.com\/fr\/velo\/vtt-femme-liv-tempt-2025\/","og_locale":"fr_FR","og_type":"article","og_title":"VTT Femmes : Nouveau Liv Tempt 2025 pour toutes -","og_description":"LIV pr\u00e9sente son nouveau VTT Femmes accessible \u00e0 toutes en 3 versions d\u00e8s 650\u20ac ! Un excellent rapport qualit\u00e9-prix disponible chez CYCLES BLAIN","og_url":"https:\/\/www.cycles-blain.com\/fr\/velo\/vtt-femme-liv-tempt-2025\/","og_site_name":"CyclesBlain - Magasins de v\u00e9los, accessoires et ateliers","article_publisher":"https:\/\/www.facebook.com\/cyclesblain\/?locale=fr_FR","article_published_time":"2025-03-28T15:16:34+00:00","article_modified_time":"2025-03-31T14:16:39+00:00","og_image":[{"width":600,"height":400,"url":"https:\/\/www.cycles-blain.com\/fr\/wp-content\/uploads\/2025\/03\/Tempt-6-Banner-Desktop.webp","type":"image\/webp"}],"author":"Gueweb","twitter_card":"summary_large_image","twitter_misc":{"\u00c9crit par":"Gueweb","Dur\u00e9e de lecture estim\u00e9e":"2 minutes"},"schema":{"@context":"https:\/\/schema.org","@graph":[{"@type":"Article","@id":"https:\/\/www.cycles-blain.com\/fr\/velo\/vtt-femme-liv-tempt-2025\/#article","isPartOf":{"@id":"https:\/\/www.cycles-blain.com\/fr\/velo\/vtt-femme-liv-tempt-2025\/"},"author":{"name":"Gueweb","@id":"https:\/\/www.cycles-blain.com\/fr\/#\/schema\/person\/6fb8bad852fde893fb61b7b05936af37"},"headline":"VTT Femmes : Nouveau Liv Tempt 2025 pour toutes","datePublished":"2025-03-28T15:16:34+00:00","dateModified":"2025-03-31T14:16:39+00:00","mainEntityOfPage":{"@id":"https:\/\/www.cycles-blain.com\/fr\/velo\/vtt-femme-liv-tempt-2025\/"},"wordCount":219,"commentCount":0,"publisher":{"@id":"https:\/\/www.cycles-blain.com\/fr\/#organization"},"image":{"@id":"https:\/\/www.cycles-blain.com\/fr\/velo\/vtt-femme-liv-tempt-2025\/#primaryimage"},"thumbnailUrl":"https:\/\/www.cycles-blain.com\/fr\/wp-content\/uploads\/2025\/03\/Tempt-6-Banner-Desktop.webp","keywords":["LIV","vtt femmes"],"articleSection":["Actus Magasins","Actus V\u00e9lo","Loisirs","Magasin Brignais","Magasin Lyon Centre","Magasin St Priest","Magasin Vienne Sud","VTT musculaire"],"inLanguage":"fr-FR","potentialAction":[{"@type":"CommentAction","name":"Comment","target":["https:\/\/www.cycles-blain.com\/fr\/velo\/vtt-femme-liv-tempt-2025\/#respond"]}]},{"@type":"WebPage","@id":"https:\/\/www.cycles-blain.com\/fr\/velo\/vtt-femme-liv-tempt-2025\/","url":"https:\/\/www.cycles-blain.com\/fr\/velo\/vtt-femme-liv-tempt-2025\/","name":"VTT Femmes : Nouveau Liv Tempt 2025 pour toutes -","isPartOf":{"@id":"https:\/\/www.cycles-blain.com\/fr\/#website"},"primaryImageOfPage":{"@id":"https:\/\/www.cycles-blain.com\/fr\/velo\/vtt-femme-liv-tempt-2025\/#primaryimage"},"image":{"@id":"https:\/\/www.cycles-blain.com\/fr\/velo\/vtt-femme-liv-tempt-2025\/#primaryimage"},"thumbnailUrl":"https:\/\/www.cycles-blain.com\/fr\/wp-content\/uploads\/2025\/03\/Tempt-6-Banner-Desktop.webp","datePublished":"2025-03-28T15:16:34+00:00","dateModified":"2025-03-31T14:16:39+00:00","description":"LIV pr\u00e9sente son nouveau VTT Femmes accessible \u00e0 toutes en 3 versions d\u00e8s 650\u20ac ! Un excellent rapport qualit\u00e9-prix disponible chez CYCLES BLAIN","breadcrumb":{"@id":"https:\/\/www.cycles-blain.com\/fr\/velo\/vtt-femme-liv-tempt-2025\/#breadcrumb"},"inLanguage":"fr-FR","potentialAction":[{"@type":"ReadAction","target":["https:\/\/www.cycles-blain.com\/fr\/velo\/vtt-femme-liv-tempt-2025\/"]}]},{"@type":"ImageObject","inLanguage":"fr-FR","@id":"https:\/\/www.cycles-blain.com\/fr\/velo\/vtt-femme-liv-tempt-2025\/#primaryimage","url":"https:\/\/www.cycles-blain.com\/fr\/wp-content\/uploads\/2025\/03\/Tempt-6-Banner-Desktop.webp","contentUrl":"https:\/\/www.cycles-blain.com\/fr\/wp-content\/uploads\/2025\/03\/Tempt-6-Banner-Desktop.webp","width":600,"height":400,"caption":"VTT Femmes LIV Tempt 2025"},{"@type":"BreadcrumbList","@id":"https:\/\/www.cycles-blain.com\/fr\/velo\/vtt-femme-liv-tempt-2025\/#breadcrumb","itemListElement":[{"@type":"ListItem","position":1,"name":"Accueil","item":"https:\/\/www.cycles-blain.com\/fr\/"},{"@type":"ListItem","position":2,"name":"VTT Femmes : Nouveau Liv Tempt 2025 pour toutes"}]},{"@type":"WebSite","@id":"https:\/\/www.cycles-blain.com\/fr\/#website","url":"https:\/\/www.cycles-blain.com\/fr\/","name":"CyclesBlain - Magasins de v\u00e9los, accessoires et ateliers","description":"Blog Cycles Blain","publisher":{"@id":"https:\/\/www.cycles-blain.com\/fr\/#organization"},"potentialAction":[{"@type":"SearchAction","target":{"@type":"EntryPoint","urlTemplate":"https:\/\/www.cycles-blain.com\/fr\/?s={search_term_string}"},"query-input":{"@type":"PropertyValueSpecification","valueRequired":true,"valueName":"search_term_string"}}],"inLanguage":"fr-FR"},{"@type":"Organization","@id":"https:\/\/www.cycles-blain.com\/fr\/#organization","name":"CyclesBlain - Magasins de v\u00e9los, accessoires et ateliers","url":"https:\/\/www.cycles-blain.com\/fr\/","logo":{"@type":"ImageObject","inLanguage":"fr-FR","@id":"https:\/\/www.cycles-blain.com\/fr\/#\/schema\/logo\/image\/","url":"https:\/\/www.cycles-blain.com\/fr\/wp-content\/uploads\/2023\/10\/logo-cycles-blain.jpeg","contentUrl":"https:\/\/www.cycles-blain.com\/fr\/wp-content\/uploads\/2023\/10\/logo-cycles-blain.jpeg","width":264,"height":191,"caption":"CyclesBlain - Magasins de v\u00e9los, accessoires et ateliers"},"image":{"@id":"https:\/\/www.cycles-blain.com\/fr\/#\/schema\/logo\/image\/"},"sameAs":["https:\/\/www.facebook.com\/cyclesblain\/?locale=fr_FR","https:\/\/www.instagram.com\/cycles_blain\/?hl=fr"]},{"@type":"Person","@id":"https:\/\/www.cycles-blain.com\/fr\/#\/schema\/person\/6fb8bad852fde893fb61b7b05936af37","name":"Gueweb","image":{"@type":"ImageObject","inLanguage":"fr-FR","@id":"https:\/\/secure.gravatar.com\/avatar\/52550bc594eb074508114b963209b157358b27e5a0319de1bb723df3f760ca2d?s=96&d=mm&r=g","url":"https:\/\/secure.gravatar.com\/avatar\/52550bc594eb074508114b963209b157358b27e5a0319de1bb723df3f760ca2d?s=96&d=mm&r=g","contentUrl":"https:\/\/secure.gravatar.com\/avatar\/52550bc594eb074508114b963209b157358b27e5a0319de1bb723df3f760ca2d?s=96&d=mm&r=g","caption":"Gueweb"},"sameAs":["https:\/\/www.cycles-blain.com\/\/fr"],"url":"https:\/\/www.cycles-blain.com\/fr\/author\/gueweb\/"}]}},"_links":{"self":[{"href":"https:\/\/www.cycles-blain.com\/fr\/wp-json\/wp\/v2\/posts\/13522","targetHints":{"allow":["GET"]}}],"collection":[{"href":"https:\/\/www.cycles-blain.com\/fr\/wp-json\/wp\/v2\/posts"}],"about":[{"href":"https:\/\/www.cycles-blain.com\/fr\/wp-json\/wp\/v2\/types\/post"}],"author":[{"embeddable":true,"href":"https:\/\/www.cycles-blain.com\/fr\/wp-json\/wp\/v2\/users\/1"}],"replies":[{"embeddable":true,"href":"https:\/\/www.cycles-blain.com\/fr\/wp-json\/wp\/v2\/comments?post=13522"}],"version-history":[{"count":25,"href":"https:\/\/www.cycles-blain.com\/fr\/wp-json\/wp\/v2\/posts\/13522\/revisions"}],"predecessor-version":[{"id":13557,"href":"https:\/\/www.cycles-blain.com\/fr\/wp-json\/wp\/v2\/posts\/13522\/revisions\/13557"}],"wp:featuredmedia":[{"embeddable":true,"href":"https:\/\/www.cycles-blain.com\/fr\/wp-json\/wp\/v2\/media\/13524"}],"wp:attachment":[{"href":"https:\/\/www.cycles-blain.com\/fr\/wp-json\/wp\/v2\/media?parent=13522"}],"wp:term":[{"taxonomy":"category","embeddable":true,"href":"https:\/\/www.cycles-blain.com\/fr\/wp-json\/wp\/v2\/categories?post=13522"},{"taxonomy":"post_tag","embeddable":true,"href":"https:\/\/www.cycles-blain.com\/fr\/wp-json\/wp\/v2\/tags?post=13522"}],"curies":[{"name":"wp","href":"https:\/\/api.w.org\/{rel}","templated":true}]}}