{"id":13565,"date":"2025-04-04T09:06:04","date_gmt":"2025-04-04T07:06:04","guid":{"rendered":"https:\/\/www.cycles-blain.com\/fr\/?p=13565"},"modified":"2025-04-04T10:23:31","modified_gmt":"2025-04-04T08:23:31","slug":"vtt-santa-cruz-2025-t-type-sram","status":"publish","type":"post","link":"https:\/\/www.cycles-blain.com\/fr\/velo\/vtt-santa-cruz-2025-t-type-sram\/","title":{"rendered":"Nouveaux VTT Santa Cruz 2025 : Enduro &amp; Trail en T-Type SRAM"},"content":{"rendered":"\t\t<div data-elementor-type=\"wp-post\" data-elementor-id=\"13565\" class=\"elementor elementor-13565\" data-elementor-post-type=\"post\">\n\t\t\t\t<div class=\"elementor-element elementor-element-9df948f e-flex e-con-boxed e-con e-parent\" data-id=\"9df948f\" data-element_type=\"container\" data-e-type=\"container\">\n\t\t\t\t\t<div class=\"e-con-inner\">\n\t\t\t\t<div class=\"elementor-element elementor-element-3b185e4 elementor-widget elementor-widget-text-editor\" data-id=\"3b185e4\" data-element_type=\"widget\" data-e-type=\"widget\" data-widget_type=\"text-editor.default\">\n\t\t\t\t<div class=\"elementor-widget-container\">\n\t\t\t\t\t\t\t\t\t<p><i>Si vous aimez le VTT Trail ou l&rsquo;enduro en musculaire ou vtt \u00e9lectrique \u00e9quip\u00e9s en transmission m\u00e9canique, vous allez adorer les derniers montages SANTA CRUZ 2025 \u00e9quip\u00e9s du\u00a0<b>T-Type SRAM<\/b> : Vala, Bronson, Hightower, Nomad, Heckler, Megatower ; il y en a pour tous les (bons) go\u00fbts ! \ud83d\ude09<\/i><\/p>\t\t\t\t\t\t\t\t<\/div>\n\t\t\t\t<\/div>\n\t\t\t\t\t<\/div>\n\t\t\t\t<\/div>\n\t\t<div class=\"elementor-element elementor-element-f6ceb14 e-flex e-con-boxed e-con e-parent\" data-id=\"f6ceb14\" data-element_type=\"container\" data-e-type=\"container\">\n\t\t\t\t\t<div class=\"e-con-inner\">\n\t\t\t\t<div class=\"elementor-element elementor-element-994f166 elementor-widget elementor-widget-heading\" data-id=\"994f166\" data-element_type=\"widget\" data-e-type=\"widget\" data-widget_type=\"heading.default\">\n\t\t\t\t<div class=\"elementor-widget-container\">\n\t\t\t\t\t<h3 class=\"elementor-heading-title elementor-size-default\">Les d\u00e9railleurs m\u00e9caniques T-Type SRAM Eagle 70 et 90<\/h3>\t\t\t\t<\/div>\n\t\t\t\t<\/div>\n\t\t\t\t\t<\/div>\n\t\t\t\t<\/div>\n\t\t<div class=\"elementor-element elementor-element-a92c8e1 e-flex e-con-boxed e-con e-parent\" data-id=\"a92c8e1\" data-element_type=\"container\" data-e-type=\"container\">\n\t\t\t\t\t<div class=\"e-con-inner\">\n\t\t\t\t<div class=\"elementor-element elementor-element-b391244 elementor-widget elementor-widget-text-editor\" data-id=\"b391244\" data-element_type=\"widget\" data-e-type=\"widget\" data-widget_type=\"text-editor.default\">\n\t\t\t\t<div class=\"elementor-widget-container\">\n\t\t\t\t\t\t\t\t\t<p>Santa Cruz fait le choix des d\u00e9railleurs m\u00e9caniques SRAM T-Type 90 et 70 pour ses nouveaux montages :\u00a0<br \/>Pr\u00e9cision, solidit\u00e9 et simplicit\u00e9 : la transmission SRAM T Type 90 et 70 collent parfaitement bien \u00e0 se qu&rsquo;on peut attendra d&rsquo;un Santa Cruz ! :\u00a0<\/p><ul><li>Absence de patte de d\u00e9railleur pour plus de solidit\u00e9,<\/li><li>Syst\u00e8me anti choc pour un red\u00e9marrage rapide,<\/li><li>Cassettes Eagle avec 44 points de changement pour une grande pr\u00e9cision, et une meilleure efficacit\u00e9 m\u00eame sur les vtt \u00e9lectriques les plus puissants,<\/li><li>Une grande simplicit\u00e9 de r\u00e9glage,<\/li><li>Facilit\u00e9 d&rsquo;entretien&#8230;<\/li><\/ul>\t\t\t\t\t\t\t\t<\/div>\n\t\t\t\t<\/div>\n\t\t\t\t<div class=\"elementor-element elementor-element-46fdde4 elementor-widget elementor-widget-image\" data-id=\"46fdde4\" data-element_type=\"widget\" data-e-type=\"widget\" data-widget_type=\"image.default\">\n\t\t\t\t<div class=\"elementor-widget-container\">\n\t\t\t\t\t\t\t\t\t\t\t\t\t\t\t<img fetchpriority=\"high\" decoding=\"async\" width=\"360\" height=\"360\" src=\"https:\/\/www.cycles-blain.com\/fr\/wp-content\/uploads\/2025\/04\/large5050.webp\" class=\"attachment-large size-large wp-image-13580\" alt=\"Sram T Type\" srcset=\"https:\/\/www.cycles-blain.com\/fr\/wp-content\/uploads\/2025\/04\/large5050.webp 360w, https:\/\/www.cycles-blain.com\/fr\/wp-content\/uploads\/2025\/04\/large5050-300x300.webp 300w, https:\/\/www.cycles-blain.com\/fr\/wp-content\/uploads\/2025\/04\/large5050-150x150.webp 150w\" sizes=\"(max-width: 360px) 100vw, 360px\" \/>\t\t\t\t\t\t\t\t\t\t\t\t\t\t\t<\/div>\n\t\t\t\t<\/div>\n\t\t\t\t\t<\/div>\n\t\t\t\t<\/div>\n\t\t<div class=\"elementor-element elementor-element-1711696 e-flex e-con-boxed e-con e-parent\" data-id=\"1711696\" data-element_type=\"container\" data-e-type=\"container\">\n\t\t\t\t\t<div class=\"e-con-inner\">\n\t\t\t\t<div class=\"elementor-element elementor-element-1da3d82 elementor-widget elementor-widget-heading\" data-id=\"1da3d82\" data-element_type=\"widget\" data-e-type=\"widget\" data-widget_type=\"heading.default\">\n\t\t\t\t<div class=\"elementor-widget-container\">\n\t\t\t\t\t<h3 class=\"elementor-heading-title elementor-size-default\">Les nouveaux mod\u00e8les VTT SANTA CRUZ 2025<\/h3>\t\t\t\t<\/div>\n\t\t\t\t<\/div>\n\t\t\t\t\t<\/div>\n\t\t\t\t<\/div>\n\t\t<div class=\"elementor-element elementor-element-7fc5e98 e-flex e-con-boxed e-con e-parent\" data-id=\"7fc5e98\" data-element_type=\"container\" data-e-type=\"container\">\n\t\t\t\t\t<div class=\"e-con-inner\">\n\t\t\t\t<div class=\"elementor-element elementor-element-b5662a6 elementor-widget elementor-widget-text-editor\" data-id=\"b5662a6\" data-element_type=\"widget\" data-e-type=\"widget\" data-widget_type=\"text-editor.default\">\n\t\t\t\t<div class=\"elementor-widget-container\">\n\t\t\t\t\t\t\t\t\t<p>Pour notre plus grand bonheur SANTA CRUZ propose de nouveaux VTT et des VTT Electriques 2025 tout suspendu en cadre carbone pour le&nbsp;<a href=\"https:\/\/www.cycles-blain.com\/183-vtt-trail-all-mountain\" target=\"_blank\">Trail&nbsp;<\/a>ou&nbsp;<a href=\"https:\/\/www.cycles-blain.com\/162-vtt-enduro\" target=\"_blank\">l&rsquo;enduro<\/a>&nbsp;&nbsp;avec la transmission Sram Eagle 90 ou Sram Eagle 70 et des nouveaux coloris :&nbsp;<\/p>\n<p><a href=\"https:\/\/www.cycles-blain.com\/15-vtt-musculaire?q=Marque-Santa+Cruz\" target=\"_blank\" rel=\"noopener\">Les VTT musculaires Trail et Enduro :&nbsp;<\/a><\/p>\n<ul>\n<li>VTT Santa Cruz 2025 Bronson 70 \u00e0 partir de 5 499\u20ac,<\/li>\n<li><a href=\"https:\/\/www.cycles-blain.com\/vtt-musculaire\/1335-bronson-90-2025-santa-cruz.html\" target=\"_blank\" rel=\"noopener\">VTT Santa Cruz 2025 Bronson 90 \u00e0 partir de 6 399\u20ac<\/a>,<\/li>\n<li>VTT Santa Cruz 2025 Hightower 70 \u00e0 partir de 5 499\u20ac,<\/li>\n<li>VTT Santa Cruz 2025 Hightower&nbsp;90 \u00e0 partir de 6 399\u20ac,<\/li>\n<li style=\"font-size: 14px;\">VTT Santa Cruz 2025 Enduro Nomad 70 \u00e0 partir de 5 599\u20ac,<\/li>\n<li style=\"font-size: 14px;\"><a href=\"https:\/\/www.cycles-blain.com\/vtt-musculaire\/1337-nomad-90-2025-santa-cruz.html\" target=\"_blank\" rel=\"noopener\">VTT Santa Cruz 2025 Enduro Nomad 90 \u00e0 partir de 6 599\u20ac,<\/a><\/li>\n<li style=\"font-size: 14px;\">VTT Santa Cruz 2025 Megatower 90 \u00e0 partir de 6 599\u20ac,<br><span style=\"font-style: inherit; text-align: var(--text-align); color: var(--ast-global-color-2); background-color: var(--ast-global-color-5);\"><br><a href=\"https:\/\/www.cycles-blain.com\/26-vtt-electrique-vttae?q=Marque-Santa+Cruz\" target=\"_blank\" rel=\"noopener\"><b>Les VTT Electriques Trail et Enduro<\/b><\/a><\/span><span style=\"font-style: inherit; font-weight: inherit; text-align: var(--text-align); color: var(--ast-global-color-2); background-color: var(--ast-global-color-5);\">&nbsp;<\/span><\/li>\n<li style=\"font-size: 14px;\">VTT Electrique Santa Cruz 2025 Vala 90 \u00e0 partir de 8 699\u20ac,<\/li>\n<li style=\"font-size: 14px;\">VTT Electrique Santa Cruz 2025 Vala 70 \u00e0 partir de 7 699\u20ac,<\/li>\n<li style=\"font-size: 14px;\">VTT Electrique Santa Cruz 2025 Heckler SL Stout \u00e0 partir de 8 999\u20ac,<\/li>\n<li style=\"font-size: 14px;\">VTT Electrique Santa Cruz 2025 Heckler SL 90 \u00e0 partir de 8 499\u20ac,<\/li>\n<li style=\"font-size: 14px;\">VTT Electrique Santa Cruz 2025 Heckler SL 70 \u00e0 partir de 7 499\u20ac,\n<p>Pour tous renseignements sur ces vtt SANTA CRUZ n&rsquo;h\u00e9sitez pas \u00e0 contacter notre magasin SANTA CRUZ de Craponne situ\u00e9 \u00e0 deux coups de p\u00e9dales de Lyon !<\/p>\n<\/li>\n<\/ul>\t\t\t\t\t\t\t\t<\/div>\n\t\t\t\t<\/div>\n\t\t\t\t\t<\/div>\n\t\t\t\t<\/div>\n\t\t<div class=\"elementor-element elementor-element-a4d75b6 e-flex e-con-boxed e-con e-parent\" data-id=\"a4d75b6\" data-element_type=\"container\" data-e-type=\"container\">\n\t\t\t\t\t<div class=\"e-con-inner\">\n\t\t\t\t<div class=\"elementor-element elementor-element-2651f5e elementor-align-center elementor-widget elementor-widget-button\" data-id=\"2651f5e\" data-element_type=\"widget\" data-e-type=\"widget\" data-widget_type=\"button.default\">\n\t\t\t\t<div class=\"elementor-widget-container\">\n\t\t\t\t\t\t\t\t\t<div class=\"elementor-button-wrapper\">\n\t\t\t\t\t<a class=\"elementor-button elementor-button-link elementor-size-sm\" href=\"https:\/\/www.cycles-blain.com\/content\/9-magasin-velos-craponne\" target=\"_blank\">\n\t\t\t\t\t\t<span class=\"elementor-button-content-wrapper\">\n\t\t\t\t\t\t\t\t\t<span class=\"elementor-button-text\">Je vais au magasin SANTA CRUZ de Craponne<\/span>\n\t\t\t\t\t<\/span>\n\t\t\t\t\t<\/a>\n\t\t\t\t<\/div>\n\t\t\t\t\t\t\t\t<\/div>\n\t\t\t\t<\/div>\n\t\t\t\t\t<\/div>\n\t\t\t\t<\/div>\n\t\t<div class=\"elementor-element elementor-element-3a10908 e-flex e-con-boxed e-con e-parent\" data-id=\"3a10908\" data-element_type=\"container\" data-e-type=\"container\">\n\t\t\t\t\t<div class=\"e-con-inner\">\n\t\t\t\t<div class=\"elementor-element elementor-element-df7b5b6 elementor-widget elementor-widget-text-editor\" data-id=\"df7b5b6\" data-element_type=\"widget\" data-e-type=\"widget\" data-widget_type=\"text-editor.default\">\n\t\t\t\t<div class=\"elementor-widget-container\">\n\t\t\t\t\t\t\t\t\t<p>A lire aussi :\u00a0<a href=\"https:\/\/www.cycles-blain.com\/content\/47-guide-vtt-tout-suspendu\" target=\"_blank\" rel=\"noopener\">Guide VTT Tout Suspendu<\/a>.<\/p>\t\t\t\t\t\t\t\t<\/div>\n\t\t\t\t<\/div>\n\t\t\t\t\t<\/div>\n\t\t\t\t<\/div>\n\t\t\t\t<\/div>\n\t\t","protected":false},"excerpt":{"rendered":"<p>Nouveaut\u00e9s VTT VTTAE Trail \/ Enduro SANTA CRUZ 2025 \u00e9quip\u00e9s en T-Type SRAM : D\u00e9couvrez les nouvelles configurations Vala, Bronson, Hightower, Nomad<\/p>\n","protected":false},"author":1,"featured_media":13602,"comment_status":"open","ping_status":"open","sticky":false,"template":"","format":"standard","meta":{"site-sidebar-layout":"default","site-content-layout":"","ast-site-content-layout":"default","site-content-style":"default","site-sidebar-style":"default","ast-global-header-display":"","ast-banner-title-visibility":"","ast-main-header-display":"","ast-hfb-above-header-display":"","ast-hfb-below-header-display":"","ast-hfb-mobile-header-display":"","site-post-title":"","ast-breadcrumbs-content":"","ast-featured-img":"","footer-sml-layout":"","theme-transparent-header-meta":"","adv-header-id-meta":"","stick-header-meta":"","header-above-stick-meta":"","header-main-stick-meta":"","header-below-stick-meta":"","astra-migrate-meta-layouts":"set","ast-page-background-enabled":"default","ast-page-background-meta":{"desktop":{"background-color":"","background-image":"","background-repeat":"repeat","background-position":"center center","background-size":"auto","background-attachment":"scroll","background-type":"","background-media":"","overlay-type":"","overlay-color":"","overlay-gradient":""},"tablet":{"background-color":"","background-image":"","background-repeat":"repeat","background-position":"center center","background-size":"auto","background-attachment":"scroll","background-type":"","background-media":"","overlay-type":"","overlay-color":"","overlay-gradient":""},"mobile":{"background-color":"","background-image":"","background-repeat":"repeat","background-position":"center center","background-size":"auto","background-attachment":"scroll","background-type":"","background-media":"","overlay-type":"","overlay-color":"","overlay-gradient":""}},"ast-content-background-meta":{"desktop":{"background-color":"var(--ast-global-color-5)","background-image":"","background-repeat":"repeat","background-position":"center center","background-size":"auto","background-attachment":"scroll","background-type":"","background-media":"","overlay-type":"","overlay-color":"","overlay-gradient":""},"tablet":{"background-color":"var(--ast-global-color-5)","background-image":"","background-repeat":"repeat","background-position":"center center","background-size":"auto","background-attachment":"scroll","background-type":"","background-media":"","overlay-type":"","overlay-color":"","overlay-gradient":""},"mobile":{"background-color":"var(--ast-global-color-5)","background-image":"","background-repeat":"repeat","background-position":"center center","background-size":"auto","background-attachment":"scroll","background-type":"","background-media":"","overlay-type":"","overlay-color":"","overlay-gradient":""}},"footnotes":""},"categories":[6,4,78,5,58],"tags":[269,104,272,31,200],"class_list":["post-13565","post","type-post","status-publish","format-standard","has-post-thumbnail","hentry","category-magasins-velo","category-velo","category-magasin-craponne","category-vtt-electrique","category-vtt-musculaire","tag-enduro","tag-santa-cruz","tag-trail","tag-vtt","tag-vttae"],"yoast_head":"<!-- This site is optimized with the Yoast SEO plugin v27.5 - https:\/\/yoast.com\/product\/yoast-seo-wordpress\/ -->\n<title>Nouveaux VTT Santa Cruz 2025 : Enduro &amp; Trail en T-Type SRAM - CYCLES BLAIN<\/title>\n<meta name=\"description\" content=\"Nouveaut\u00e9s VTT VTTAE Trail \/ Enduro SANTA CRUZ 2025 \u00e9quip\u00e9s en T-Type SRAM : D\u00e9couvrez les nouvelles configurations Vala, Bronson, Hightower, Nomad\" \/>\n<meta name=\"robots\" content=\"index, follow, max-snippet:-1, max-image-preview:large, max-video-preview:-1\" \/>\n<link rel=\"canonical\" href=\"https:\/\/www.cycles-blain.com\/fr\/velo\/vtt-santa-cruz-2025-t-type-sram\/\" \/>\n<meta property=\"og:locale\" content=\"fr_FR\" \/>\n<meta property=\"og:type\" content=\"article\" \/>\n<meta property=\"og:title\" content=\"Nouveaux VTT Santa Cruz 2025 : Enduro &amp; Trail en T-Type SRAM - CYCLES BLAIN\" \/>\n<meta property=\"og:description\" content=\"Nouveaut\u00e9s VTT VTTAE Trail \/ Enduro SANTA CRUZ 2025 \u00e9quip\u00e9s en T-Type SRAM : D\u00e9couvrez les nouvelles configurations Vala, Bronson, Hightower, Nomad\" \/>\n<meta property=\"og:url\" content=\"https:\/\/www.cycles-blain.com\/fr\/velo\/vtt-santa-cruz-2025-t-type-sram\/\" \/>\n<meta property=\"og:site_name\" content=\"CyclesBlain - Magasins de v\u00e9los, accessoires et ateliers\" \/>\n<meta property=\"article:publisher\" content=\"https:\/\/www.facebook.com\/cyclesblain\/?locale=fr_FR\" \/>\n<meta property=\"article:published_time\" content=\"2025-04-04T07:06:04+00:00\" \/>\n<meta property=\"article:modified_time\" content=\"2025-04-04T08:23:31+00:00\" \/>\n<meta property=\"og:image\" content=\"https:\/\/www.cycles-blain.com\/fr\/wp-content\/uploads\/2025\/04\/Bronson_M3_1223.webp\" \/>\n\t<meta property=\"og:image:width\" content=\"600\" \/>\n\t<meta property=\"og:image:height\" content=\"600\" \/>\n\t<meta property=\"og:image:type\" content=\"image\/webp\" \/>\n<meta name=\"author\" content=\"Gueweb\" \/>\n<meta name=\"twitter:card\" content=\"summary_large_image\" \/>\n<meta name=\"twitter:label1\" content=\"\u00c9crit par\" \/>\n\t<meta name=\"twitter:data1\" content=\"Gueweb\" \/>\n\t<meta name=\"twitter:label2\" content=\"Dur\u00e9e de lecture estim\u00e9e\" \/>\n\t<meta name=\"twitter:data2\" content=\"3 minutes\" \/>\n<script type=\"application\/ld+json\" class=\"yoast-schema-graph\">{\"@context\":\"https:\\\/\\\/schema.org\",\"@graph\":[{\"@type\":\"Article\",\"@id\":\"https:\\\/\\\/www.cycles-blain.com\\\/fr\\\/velo\\\/vtt-santa-cruz-2025-t-type-sram\\\/#article\",\"isPartOf\":{\"@id\":\"https:\\\/\\\/www.cycles-blain.com\\\/fr\\\/velo\\\/vtt-santa-cruz-2025-t-type-sram\\\/\"},\"author\":{\"name\":\"Gueweb\",\"@id\":\"https:\\\/\\\/www.cycles-blain.com\\\/fr\\\/#\\\/schema\\\/person\\\/6fb8bad852fde893fb61b7b05936af37\"},\"headline\":\"Nouveaux VTT Santa Cruz 2025 : Enduro &amp; Trail en T-Type SRAM\",\"datePublished\":\"2025-04-04T07:06:04+00:00\",\"dateModified\":\"2025-04-04T08:23:31+00:00\",\"mainEntityOfPage\":{\"@id\":\"https:\\\/\\\/www.cycles-blain.com\\\/fr\\\/velo\\\/vtt-santa-cruz-2025-t-type-sram\\\/\"},\"wordCount\":352,\"commentCount\":0,\"publisher\":{\"@id\":\"https:\\\/\\\/www.cycles-blain.com\\\/fr\\\/#organization\"},\"image\":{\"@id\":\"https:\\\/\\\/www.cycles-blain.com\\\/fr\\\/velo\\\/vtt-santa-cruz-2025-t-type-sram\\\/#primaryimage\"},\"thumbnailUrl\":\"https:\\\/\\\/www.cycles-blain.com\\\/fr\\\/wp-content\\\/uploads\\\/2025\\\/04\\\/Bronson_M3_1223.webp\",\"keywords\":[\"enduro\",\"santa cruz\",\"trail\",\"vtt\",\"vttae\"],\"articleSection\":[\"Actus Magasins\",\"Actus V\u00e9lo\",\"Magasin Craponne\",\"VTT Electrique\",\"VTT musculaire\"],\"inLanguage\":\"fr-FR\",\"potentialAction\":[{\"@type\":\"CommentAction\",\"name\":\"Comment\",\"target\":[\"https:\\\/\\\/www.cycles-blain.com\\\/fr\\\/velo\\\/vtt-santa-cruz-2025-t-type-sram\\\/#respond\"]}]},{\"@type\":\"WebPage\",\"@id\":\"https:\\\/\\\/www.cycles-blain.com\\\/fr\\\/velo\\\/vtt-santa-cruz-2025-t-type-sram\\\/\",\"url\":\"https:\\\/\\\/www.cycles-blain.com\\\/fr\\\/velo\\\/vtt-santa-cruz-2025-t-type-sram\\\/\",\"name\":\"Nouveaux VTT Santa Cruz 2025 : Enduro &amp; Trail en T-Type SRAM - CYCLES BLAIN\",\"isPartOf\":{\"@id\":\"https:\\\/\\\/www.cycles-blain.com\\\/fr\\\/#website\"},\"primaryImageOfPage\":{\"@id\":\"https:\\\/\\\/www.cycles-blain.com\\\/fr\\\/velo\\\/vtt-santa-cruz-2025-t-type-sram\\\/#primaryimage\"},\"image\":{\"@id\":\"https:\\\/\\\/www.cycles-blain.com\\\/fr\\\/velo\\\/vtt-santa-cruz-2025-t-type-sram\\\/#primaryimage\"},\"thumbnailUrl\":\"https:\\\/\\\/www.cycles-blain.com\\\/fr\\\/wp-content\\\/uploads\\\/2025\\\/04\\\/Bronson_M3_1223.webp\",\"datePublished\":\"2025-04-04T07:06:04+00:00\",\"dateModified\":\"2025-04-04T08:23:31+00:00\",\"description\":\"Nouveaut\u00e9s VTT VTTAE Trail \\\/ Enduro SANTA CRUZ 2025 \u00e9quip\u00e9s en T-Type SRAM : D\u00e9couvrez les nouvelles configurations Vala, Bronson, Hightower, Nomad\",\"breadcrumb\":{\"@id\":\"https:\\\/\\\/www.cycles-blain.com\\\/fr\\\/velo\\\/vtt-santa-cruz-2025-t-type-sram\\\/#breadcrumb\"},\"inLanguage\":\"fr-FR\",\"potentialAction\":[{\"@type\":\"ReadAction\",\"target\":[\"https:\\\/\\\/www.cycles-blain.com\\\/fr\\\/velo\\\/vtt-santa-cruz-2025-t-type-sram\\\/\"]}]},{\"@type\":\"ImageObject\",\"inLanguage\":\"fr-FR\",\"@id\":\"https:\\\/\\\/www.cycles-blain.com\\\/fr\\\/velo\\\/vtt-santa-cruz-2025-t-type-sram\\\/#primaryimage\",\"url\":\"https:\\\/\\\/www.cycles-blain.com\\\/fr\\\/wp-content\\\/uploads\\\/2025\\\/04\\\/Bronson_M3_1223.webp\",\"contentUrl\":\"https:\\\/\\\/www.cycles-blain.com\\\/fr\\\/wp-content\\\/uploads\\\/2025\\\/04\\\/Bronson_M3_1223.webp\",\"width\":600,\"height\":600,\"caption\":\"VTT SANTA CRUZ 2025 T TYPE SRAM 70 ET 90\"},{\"@type\":\"BreadcrumbList\",\"@id\":\"https:\\\/\\\/www.cycles-blain.com\\\/fr\\\/velo\\\/vtt-santa-cruz-2025-t-type-sram\\\/#breadcrumb\",\"itemListElement\":[{\"@type\":\"ListItem\",\"position\":1,\"name\":\"Accueil\",\"item\":\"https:\\\/\\\/www.cycles-blain.com\\\/fr\\\/\"},{\"@type\":\"ListItem\",\"position\":2,\"name\":\"Nouveaux VTT Santa Cruz 2025 : Enduro &amp; Trail en T-Type SRAM\"}]},{\"@type\":\"WebSite\",\"@id\":\"https:\\\/\\\/www.cycles-blain.com\\\/fr\\\/#website\",\"url\":\"https:\\\/\\\/www.cycles-blain.com\\\/fr\\\/\",\"name\":\"CyclesBlain - Magasins de v\u00e9los, accessoires et ateliers\",\"description\":\"Blog Cycles Blain\",\"publisher\":{\"@id\":\"https:\\\/\\\/www.cycles-blain.com\\\/fr\\\/#organization\"},\"potentialAction\":[{\"@type\":\"SearchAction\",\"target\":{\"@type\":\"EntryPoint\",\"urlTemplate\":\"https:\\\/\\\/www.cycles-blain.com\\\/fr\\\/?s={search_term_string}\"},\"query-input\":{\"@type\":\"PropertyValueSpecification\",\"valueRequired\":true,\"valueName\":\"search_term_string\"}}],\"inLanguage\":\"fr-FR\"},{\"@type\":\"Organization\",\"@id\":\"https:\\\/\\\/www.cycles-blain.com\\\/fr\\\/#organization\",\"name\":\"CyclesBlain - Magasins de v\u00e9los, accessoires et ateliers\",\"url\":\"https:\\\/\\\/www.cycles-blain.com\\\/fr\\\/\",\"logo\":{\"@type\":\"ImageObject\",\"inLanguage\":\"fr-FR\",\"@id\":\"https:\\\/\\\/www.cycles-blain.com\\\/fr\\\/#\\\/schema\\\/logo\\\/image\\\/\",\"url\":\"https:\\\/\\\/www.cycles-blain.com\\\/fr\\\/wp-content\\\/uploads\\\/2023\\\/10\\\/logo-cycles-blain.jpeg\",\"contentUrl\":\"https:\\\/\\\/www.cycles-blain.com\\\/fr\\\/wp-content\\\/uploads\\\/2023\\\/10\\\/logo-cycles-blain.jpeg\",\"width\":264,\"height\":191,\"caption\":\"CyclesBlain - Magasins de v\u00e9los, accessoires et ateliers\"},\"image\":{\"@id\":\"https:\\\/\\\/www.cycles-blain.com\\\/fr\\\/#\\\/schema\\\/logo\\\/image\\\/\"},\"sameAs\":[\"https:\\\/\\\/www.facebook.com\\\/cyclesblain\\\/?locale=fr_FR\",\"https:\\\/\\\/www.instagram.com\\\/cycles_blain\\\/?hl=fr\"]},{\"@type\":\"Person\",\"@id\":\"https:\\\/\\\/www.cycles-blain.com\\\/fr\\\/#\\\/schema\\\/person\\\/6fb8bad852fde893fb61b7b05936af37\",\"name\":\"Gueweb\",\"image\":{\"@type\":\"ImageObject\",\"inLanguage\":\"fr-FR\",\"@id\":\"https:\\\/\\\/secure.gravatar.com\\\/avatar\\\/52550bc594eb074508114b963209b157358b27e5a0319de1bb723df3f760ca2d?s=96&d=mm&r=g\",\"url\":\"https:\\\/\\\/secure.gravatar.com\\\/avatar\\\/52550bc594eb074508114b963209b157358b27e5a0319de1bb723df3f760ca2d?s=96&d=mm&r=g\",\"contentUrl\":\"https:\\\/\\\/secure.gravatar.com\\\/avatar\\\/52550bc594eb074508114b963209b157358b27e5a0319de1bb723df3f760ca2d?s=96&d=mm&r=g\",\"caption\":\"Gueweb\"},\"sameAs\":[\"https:\\\/\\\/www.cycles-blain.com\\\/\\\/fr\"],\"url\":\"https:\\\/\\\/www.cycles-blain.com\\\/fr\\\/author\\\/gueweb\\\/\"}]}<\/script>\n<!-- \/ Yoast SEO plugin. -->","yoast_head_json":{"title":"Nouveaux VTT Santa Cruz 2025 : Enduro &amp; Trail en T-Type SRAM - CYCLES BLAIN","description":"Nouveaut\u00e9s VTT VTTAE Trail \/ Enduro SANTA CRUZ 2025 \u00e9quip\u00e9s en T-Type SRAM : D\u00e9couvrez les nouvelles configurations Vala, Bronson, Hightower, Nomad","robots":{"index":"index","follow":"follow","max-snippet":"max-snippet:-1","max-image-preview":"max-image-preview:large","max-video-preview":"max-video-preview:-1"},"canonical":"https:\/\/www.cycles-blain.com\/fr\/velo\/vtt-santa-cruz-2025-t-type-sram\/","og_locale":"fr_FR","og_type":"article","og_title":"Nouveaux VTT Santa Cruz 2025 : Enduro &amp; Trail en T-Type SRAM - CYCLES BLAIN","og_description":"Nouveaut\u00e9s VTT VTTAE Trail \/ Enduro SANTA CRUZ 2025 \u00e9quip\u00e9s en T-Type SRAM : D\u00e9couvrez les nouvelles configurations Vala, Bronson, Hightower, Nomad","og_url":"https:\/\/www.cycles-blain.com\/fr\/velo\/vtt-santa-cruz-2025-t-type-sram\/","og_site_name":"CyclesBlain - Magasins de v\u00e9los, accessoires et ateliers","article_publisher":"https:\/\/www.facebook.com\/cyclesblain\/?locale=fr_FR","article_published_time":"2025-04-04T07:06:04+00:00","article_modified_time":"2025-04-04T08:23:31+00:00","og_image":[{"width":600,"height":600,"url":"https:\/\/www.cycles-blain.com\/fr\/wp-content\/uploads\/2025\/04\/Bronson_M3_1223.webp","type":"image\/webp"}],"author":"Gueweb","twitter_card":"summary_large_image","twitter_misc":{"\u00c9crit par":"Gueweb","Dur\u00e9e de lecture estim\u00e9e":"3 minutes"},"schema":{"@context":"https:\/\/schema.org","@graph":[{"@type":"Article","@id":"https:\/\/www.cycles-blain.com\/fr\/velo\/vtt-santa-cruz-2025-t-type-sram\/#article","isPartOf":{"@id":"https:\/\/www.cycles-blain.com\/fr\/velo\/vtt-santa-cruz-2025-t-type-sram\/"},"author":{"name":"Gueweb","@id":"https:\/\/www.cycles-blain.com\/fr\/#\/schema\/person\/6fb8bad852fde893fb61b7b05936af37"},"headline":"Nouveaux VTT Santa Cruz 2025 : Enduro &amp; Trail en T-Type SRAM","datePublished":"2025-04-04T07:06:04+00:00","dateModified":"2025-04-04T08:23:31+00:00","mainEntityOfPage":{"@id":"https:\/\/www.cycles-blain.com\/fr\/velo\/vtt-santa-cruz-2025-t-type-sram\/"},"wordCount":352,"commentCount":0,"publisher":{"@id":"https:\/\/www.cycles-blain.com\/fr\/#organization"},"image":{"@id":"https:\/\/www.cycles-blain.com\/fr\/velo\/vtt-santa-cruz-2025-t-type-sram\/#primaryimage"},"thumbnailUrl":"https:\/\/www.cycles-blain.com\/fr\/wp-content\/uploads\/2025\/04\/Bronson_M3_1223.webp","keywords":["enduro","santa cruz","trail","vtt","vttae"],"articleSection":["Actus Magasins","Actus V\u00e9lo","Magasin Craponne","VTT Electrique","VTT musculaire"],"inLanguage":"fr-FR","potentialAction":[{"@type":"CommentAction","name":"Comment","target":["https:\/\/www.cycles-blain.com\/fr\/velo\/vtt-santa-cruz-2025-t-type-sram\/#respond"]}]},{"@type":"WebPage","@id":"https:\/\/www.cycles-blain.com\/fr\/velo\/vtt-santa-cruz-2025-t-type-sram\/","url":"https:\/\/www.cycles-blain.com\/fr\/velo\/vtt-santa-cruz-2025-t-type-sram\/","name":"Nouveaux VTT Santa Cruz 2025 : Enduro &amp; Trail en T-Type SRAM - CYCLES BLAIN","isPartOf":{"@id":"https:\/\/www.cycles-blain.com\/fr\/#website"},"primaryImageOfPage":{"@id":"https:\/\/www.cycles-blain.com\/fr\/velo\/vtt-santa-cruz-2025-t-type-sram\/#primaryimage"},"image":{"@id":"https:\/\/www.cycles-blain.com\/fr\/velo\/vtt-santa-cruz-2025-t-type-sram\/#primaryimage"},"thumbnailUrl":"https:\/\/www.cycles-blain.com\/fr\/wp-content\/uploads\/2025\/04\/Bronson_M3_1223.webp","datePublished":"2025-04-04T07:06:04+00:00","dateModified":"2025-04-04T08:23:31+00:00","description":"Nouveaut\u00e9s VTT VTTAE Trail \/ Enduro SANTA CRUZ 2025 \u00e9quip\u00e9s en T-Type SRAM : D\u00e9couvrez les nouvelles configurations Vala, Bronson, Hightower, Nomad","breadcrumb":{"@id":"https:\/\/www.cycles-blain.com\/fr\/velo\/vtt-santa-cruz-2025-t-type-sram\/#breadcrumb"},"inLanguage":"fr-FR","potentialAction":[{"@type":"ReadAction","target":["https:\/\/www.cycles-blain.com\/fr\/velo\/vtt-santa-cruz-2025-t-type-sram\/"]}]},{"@type":"ImageObject","inLanguage":"fr-FR","@id":"https:\/\/www.cycles-blain.com\/fr\/velo\/vtt-santa-cruz-2025-t-type-sram\/#primaryimage","url":"https:\/\/www.cycles-blain.com\/fr\/wp-content\/uploads\/2025\/04\/Bronson_M3_1223.webp","contentUrl":"https:\/\/www.cycles-blain.com\/fr\/wp-content\/uploads\/2025\/04\/Bronson_M3_1223.webp","width":600,"height":600,"caption":"VTT SANTA CRUZ 2025 T TYPE SRAM 70 ET 90"},{"@type":"BreadcrumbList","@id":"https:\/\/www.cycles-blain.com\/fr\/velo\/vtt-santa-cruz-2025-t-type-sram\/#breadcrumb","itemListElement":[{"@type":"ListItem","position":1,"name":"Accueil","item":"https:\/\/www.cycles-blain.com\/fr\/"},{"@type":"ListItem","position":2,"name":"Nouveaux VTT Santa Cruz 2025 : Enduro &amp; Trail en T-Type SRAM"}]},{"@type":"WebSite","@id":"https:\/\/www.cycles-blain.com\/fr\/#website","url":"https:\/\/www.cycles-blain.com\/fr\/","name":"CyclesBlain - Magasins de v\u00e9los, accessoires et ateliers","description":"Blog Cycles Blain","publisher":{"@id":"https:\/\/www.cycles-blain.com\/fr\/#organization"},"potentialAction":[{"@type":"SearchAction","target":{"@type":"EntryPoint","urlTemplate":"https:\/\/www.cycles-blain.com\/fr\/?s={search_term_string}"},"query-input":{"@type":"PropertyValueSpecification","valueRequired":true,"valueName":"search_term_string"}}],"inLanguage":"fr-FR"},{"@type":"Organization","@id":"https:\/\/www.cycles-blain.com\/fr\/#organization","name":"CyclesBlain - Magasins de v\u00e9los, accessoires et ateliers","url":"https:\/\/www.cycles-blain.com\/fr\/","logo":{"@type":"ImageObject","inLanguage":"fr-FR","@id":"https:\/\/www.cycles-blain.com\/fr\/#\/schema\/logo\/image\/","url":"https:\/\/www.cycles-blain.com\/fr\/wp-content\/uploads\/2023\/10\/logo-cycles-blain.jpeg","contentUrl":"https:\/\/www.cycles-blain.com\/fr\/wp-content\/uploads\/2023\/10\/logo-cycles-blain.jpeg","width":264,"height":191,"caption":"CyclesBlain - Magasins de v\u00e9los, accessoires et ateliers"},"image":{"@id":"https:\/\/www.cycles-blain.com\/fr\/#\/schema\/logo\/image\/"},"sameAs":["https:\/\/www.facebook.com\/cyclesblain\/?locale=fr_FR","https:\/\/www.instagram.com\/cycles_blain\/?hl=fr"]},{"@type":"Person","@id":"https:\/\/www.cycles-blain.com\/fr\/#\/schema\/person\/6fb8bad852fde893fb61b7b05936af37","name":"Gueweb","image":{"@type":"ImageObject","inLanguage":"fr-FR","@id":"https:\/\/secure.gravatar.com\/avatar\/52550bc594eb074508114b963209b157358b27e5a0319de1bb723df3f760ca2d?s=96&d=mm&r=g","url":"https:\/\/secure.gravatar.com\/avatar\/52550bc594eb074508114b963209b157358b27e5a0319de1bb723df3f760ca2d?s=96&d=mm&r=g","contentUrl":"https:\/\/secure.gravatar.com\/avatar\/52550bc594eb074508114b963209b157358b27e5a0319de1bb723df3f760ca2d?s=96&d=mm&r=g","caption":"Gueweb"},"sameAs":["https:\/\/www.cycles-blain.com\/\/fr"],"url":"https:\/\/www.cycles-blain.com\/fr\/author\/gueweb\/"}]}},"_links":{"self":[{"href":"https:\/\/www.cycles-blain.com\/fr\/wp-json\/wp\/v2\/posts\/13565","targetHints":{"allow":["GET"]}}],"collection":[{"href":"https:\/\/www.cycles-blain.com\/fr\/wp-json\/wp\/v2\/posts"}],"about":[{"href":"https:\/\/www.cycles-blain.com\/fr\/wp-json\/wp\/v2\/types\/post"}],"author":[{"embeddable":true,"href":"https:\/\/www.cycles-blain.com\/fr\/wp-json\/wp\/v2\/users\/1"}],"replies":[{"embeddable":true,"href":"https:\/\/www.cycles-blain.com\/fr\/wp-json\/wp\/v2\/comments?post=13565"}],"version-history":[{"count":47,"href":"https:\/\/www.cycles-blain.com\/fr\/wp-json\/wp\/v2\/posts\/13565\/revisions"}],"predecessor-version":[{"id":13615,"href":"https:\/\/www.cycles-blain.com\/fr\/wp-json\/wp\/v2\/posts\/13565\/revisions\/13615"}],"wp:featuredmedia":[{"embeddable":true,"href":"https:\/\/www.cycles-blain.com\/fr\/wp-json\/wp\/v2\/media\/13602"}],"wp:attachment":[{"href":"https:\/\/www.cycles-blain.com\/fr\/wp-json\/wp\/v2\/media?parent=13565"}],"wp:term":[{"taxonomy":"category","embeddable":true,"href":"https:\/\/www.cycles-blain.com\/fr\/wp-json\/wp\/v2\/categories?post=13565"},{"taxonomy":"post_tag","embeddable":true,"href":"https:\/\/www.cycles-blain.com\/fr\/wp-json\/wp\/v2\/tags?post=13565"}],"curies":[{"name":"wp","href":"https:\/\/api.w.org\/{rel}","templated":true}]}}