{"id":13618,"date":"2025-04-17T16:00:50","date_gmt":"2025-04-17T14:00:50","guid":{"rendered":"https:\/\/www.cycles-blain.com\/fr\/?p=13618"},"modified":"2026-04-14T11:35:25","modified_gmt":"2026-04-14T09:35:25","slug":"braderie-oullins-2025-cyclesblain","status":"publish","type":"post","link":"https:\/\/www.cycles-blain.com\/fr\/magasins-velo\/magasin-oullins\/braderie-oullins-2025-cyclesblain\/","title":{"rendered":"Grande braderie de Oullins, Cycles Blain participe !"},"content":{"rendered":"\t\t<div data-elementor-type=\"wp-post\" data-elementor-id=\"13618\" class=\"elementor elementor-13618\" data-elementor-post-type=\"post\">\n\t\t\t\t<div class=\"elementor-element elementor-element-1721ab5 e-flex e-con-boxed e-con e-parent\" data-id=\"1721ab5\" data-element_type=\"container\" data-e-type=\"container\">\n\t\t\t\t\t<div class=\"e-con-inner\">\n\t\t\t\t<div class=\"elementor-element elementor-element-67b02c8 elementor-widget elementor-widget-text-editor\" data-id=\"67b02c8\" data-element_type=\"widget\" data-e-type=\"widget\" data-widget_type=\"text-editor.default\">\n\t\t\t\t<div class=\"elementor-widget-container\">\n\t\t\t\t\t\t\t\t\t<h3 class=\"\" data-start=\"129\" data-end=\"231\">Cycles Blain vous donne rendez-vous \u00e0 la Grande Braderie d\u2019Oullins \u2013 \u00c9dition Printani\u00e8re 2025 !<\/h3><p class=\"\" data-start=\"233\" data-end=\"468\">Le 10 mai 2025, la Grande Rue d\u2019Oullins sera enti\u00e8rement pi\u00e9tonnis\u00e9e \u00e0 l\u2019occasion de <strong data-start=\"318\" data-end=\"353\">la 25e \u00e9dition des Printani\u00e8res<\/strong>, un \u00e9v\u00e9nement embl\u00e9matique organis\u00e9 par la Ville d\u2019Oullins en partenariat avec l\u2019association Oullins Centre Ville.<\/p><p class=\"\" data-start=\"470\" data-end=\"631\">Et cette ann\u00e9e encore, <strong data-start=\"493\" data-end=\"565\">Cycles Blain participe avec un stand exceptionnel devant son magasin<\/strong>, pour vous faire vivre une journ\u00e9e festive autour du v\u00e9lo cargo !<\/p>\t\t\t\t\t\t\t\t<\/div>\n\t\t\t\t<\/div>\n\t\t\t\t<div class=\"elementor-element elementor-element-4ca9f53 elementor-widget elementor-widget-text-editor\" data-id=\"4ca9f53\" data-element_type=\"widget\" data-e-type=\"widget\" data-widget_type=\"text-editor.default\">\n\t\t\t\t<div class=\"elementor-widget-container\">\n\t\t\t\t\t\t\t\t\t<h4 class=\"\" data-start=\"633\" data-end=\"670\">\ud83e\uddd0 \u00c0 d\u00e9couvrir sur notre stand :<\/h4><ul data-start=\"671\" data-end=\"1191\"><li class=\"\" data-start=\"671\" data-end=\"751\"><p class=\"\" data-start=\"673\" data-end=\"751\"><span data-start=\"679\" data-end=\"701\">Une <strong>dizaine de<\/strong><\/span><strong data-start=\"679\" data-end=\"701\"> v\u00e9los cargo<\/strong> disponibles \u00e0 l\u2019essai tout au long de la journ\u00e9e.<\/p><\/li><li class=\"\" data-start=\"752\" data-end=\"911\"><p class=\"\" data-start=\"754\" data-end=\"911\">Des mod\u00e8les phares comme les <strong data-start=\"783\" data-end=\"792\"><a href=\"https:\/\/www.cycles-blain.com\/32-velo-cargo-electrique?q=Marque-VELOE\">VELOE<\/a><\/strong>, <strong data-start=\"794\" data-end=\"802\"><a href=\"https:\/\/www.cycles-blain.com\/32-velo-cargo-electrique?q=Marque-Yuba\">YUBA<\/a><\/strong>, ou encore <strong data-start=\"814\" data-end=\"822\"><a href=\"https:\/\/www.cycles-blain.com\/32-velo-cargo-electrique?q=Marque-Cube\">CUBE<\/a><\/strong>, adapt\u00e9s \u00e0 toutes les utilisations : transport d\u2019enfants, trajets quotidiens, loisirs&#8230;<\/p><\/li><li class=\"\" data-start=\"912\" data-end=\"1054\"><p class=\"\" data-start=\"914\" data-end=\"1054\">La <strong data-start=\"917\" data-end=\"930\">rue Tupin<\/strong>, perpendiculaire \u00e0 la Grande Rue, sera sp\u00e9cialement <strong data-start=\"983\" data-end=\"1009\">r\u00e9serv\u00e9e par la mairie<\/strong> pour permettre les essais en toute s\u00e9curit\u00e9.<\/p><\/li><li class=\"\" data-start=\"1055\" data-end=\"1191\"><p class=\"\" data-start=\"1057\" data-end=\"1191\"><a href=\"https:\/\/www.cycles-blain.com\/brand\/15-kalkhoff\"><strong data-start=\"1057\" data-end=\"1069\">Kalkhoff<\/strong> <\/a>sera \u00e9galement pr\u00e9sent avec une tente d\u00e9di\u00e9e et des mod\u00e8les test. Une belle opportunit\u00e9 pour d\u00e9couvrir leurs nouveaut\u00e9s !<\/p><\/li><\/ul><h4 class=\"\" data-start=\"1193\" data-end=\"1217\">\ud83c\udf89 Pourquoi venir ?<\/h4><p class=\"\" data-start=\"1218\" data-end=\"1500\">\ud83d\udc49 Tester des v\u00e9los en conditions r\u00e9elles, avec les conseils de nos experts.<br data-start=\"1294\" data-end=\"1297\" \/>\ud83d\udc49 D\u00e9couvrir les meilleures solutions de mobilit\u00e9 douce pour toute la famille.<br data-start=\"1375\" data-end=\"1378\" \/>\ud83d\udc49 Profiter de l\u2019ambiance conviviale et festive de cette braderie de printemps, riche en animations et en bonnes affaires.<\/p>\t\t\t\t\t\t\t\t<\/div>\n\t\t\t\t<\/div>\n\t\t\t\t<div class=\"elementor-element elementor-element-9ba1f5b elementor-widget elementor-widget-heading\" data-id=\"9ba1f5b\" data-element_type=\"widget\" data-e-type=\"widget\" data-widget_type=\"heading.default\">\n\t\t\t\t<div class=\"elementor-widget-container\">\n\t\t\t\t\t<h4 class=\"elementor-heading-title elementor-size-default\">Fun fact : <\/h4>\t\t\t\t<\/div>\n\t\t\t\t<\/div>\n\t\t\t\t<div class=\"elementor-element elementor-element-7b60f5a elementor-widget elementor-widget-text-editor\" data-id=\"7b60f5a\" data-element_type=\"widget\" data-e-type=\"widget\" data-widget_type=\"text-editor.default\">\n\t\t\t\t<div class=\"elementor-widget-container\">\n\t\t\t\t\t\t\t\t\t<p>Depuis 1974, les braderies d\u2019Oullins rythment la vie locale. <strong>Avec plus de 75 \u00e9ditions \u00e0 leur actif<\/strong> (Printani\u00e8res et Automnales confondues), elles sont devenues un rendez-vous incontournable pour les commer\u00e7ants et les habitants. L\u2019\u00e9dition de printemps, lanc\u00e9e en mai 2001, c\u00e9l\u00e8bre cette ann\u00e9e <strong>ses 25 ans<\/strong> : une bonne raison de venir faire la f\u00eate avec nous !<\/p><p>\ud83c\udf88 On vous attend nombreux pour essayer, \u00e9changer, et p\u00e9daler ensemble !<\/p>\t\t\t\t\t\t\t\t<\/div>\n\t\t\t\t<\/div>\n\t\t\t\t<div class=\"elementor-element elementor-element-f55a676 elementor-widget elementor-widget-text-editor\" data-id=\"f55a676\" data-element_type=\"widget\" data-e-type=\"widget\" data-widget_type=\"text-editor.default\">\n\t\t\t\t<div class=\"elementor-widget-container\">\n\t\t\t\t\t\t\t\t\t<p><strong data-start=\"1510\" data-end=\"1531\">Infos pratiques :<\/strong><br data-start=\"1531\" data-end=\"1534\" \/><strong data-start=\"1538\" data-end=\"1548\">Date :<\/strong> samedi 10 mai 2025<br \/><strong data-start=\"1573\" data-end=\"1583\">Lieu :<\/strong> Grande Rue d\u2019Oullins (du Pont d\u2019Oullins \u00e0 la Rue de la Camille)<\/p>\t\t\t\t\t\t\t\t<\/div>\n\t\t\t\t<\/div>\n\t\t\t\t\t<\/div>\n\t\t\t\t<\/div>\n\t\t<div class=\"elementor-element elementor-element-2fe19a5 e-flex e-con-boxed e-con e-parent\" data-id=\"2fe19a5\" data-element_type=\"container\" data-e-type=\"container\">\n\t\t\t\t\t<div class=\"e-con-inner\">\n\t\t\t\t<div class=\"elementor-element elementor-element-88f205d elementor-widget elementor-widget-text-editor\" data-id=\"88f205d\" data-element_type=\"widget\" data-e-type=\"widget\" data-widget_type=\"text-editor.default\">\n\t\t\t\t<div class=\"elementor-widget-container\">\n\t\t\t\t\t\t\t\t\t<p>\u00c0 d\u00e9couvrir aussi:<\/p><ul><li><a href=\"https:\/\/www.cycles-blain.com\/fr\/magasins-velo\/cycles-blain-present-a-la-grande-braderie-oullins-2026\/\" target=\"_blank\" rel=\"noopener\">Cycles Blain pr\u00e9sent \u00e0 la Grande Braderie de Oullins 2026<\/a><\/li><\/ul>\t\t\t\t\t\t\t\t<\/div>\n\t\t\t\t<\/div>\n\t\t\t\t\t<\/div>\n\t\t\t\t<\/div>\n\t\t\t\t<\/div>\n\t\t","protected":false},"excerpt":{"rendered":"<p>Cycles Blain participe le 10 mai 2025 \u00e0 la grande braderie. Au programme : essais gratuits de v\u00e9los longtail ( Veloe, Yuba, Cube, Kalkhoff&#8230;)<\/p>\n","protected":false},"author":4,"featured_media":13635,"comment_status":"open","ping_status":"open","sticky":false,"template":"","format":"standard","meta":{"site-sidebar-layout":"default","site-content-layout":"","ast-site-content-layout":"default","site-content-style":"default","site-sidebar-style":"default","ast-global-header-display":"","ast-banner-title-visibility":"","ast-main-header-display":"","ast-hfb-above-header-display":"","ast-hfb-below-header-display":"","ast-hfb-mobile-header-display":"","site-post-title":"","ast-breadcrumbs-content":"","ast-featured-img":"","footer-sml-layout":"","theme-transparent-header-meta":"","adv-header-id-meta":"","stick-header-meta":"","header-above-stick-meta":"","header-main-stick-meta":"","header-below-stick-meta":"","astra-migrate-meta-layouts":"set","ast-page-background-enabled":"default","ast-page-background-meta":{"desktop":{"background-color":"","background-image":"","background-repeat":"repeat","background-position":"center center","background-size":"auto","background-attachment":"scroll","background-type":"","background-media":"","overlay-type":"","overlay-color":"","overlay-gradient":""},"tablet":{"background-color":"","background-image":"","background-repeat":"repeat","background-position":"center center","background-size":"auto","background-attachment":"scroll","background-type":"","background-media":"","overlay-type":"","overlay-color":"","overlay-gradient":""},"mobile":{"background-color":"","background-image":"","background-repeat":"repeat","background-position":"center center","background-size":"auto","background-attachment":"scroll","background-type":"","background-media":"","overlay-type":"","overlay-color":"","overlay-gradient":""}},"ast-content-background-meta":{"desktop":{"background-color":"var(--ast-global-color-5)","background-image":"","background-repeat":"repeat","background-position":"center center","background-size":"auto","background-attachment":"scroll","background-type":"","background-media":"","overlay-type":"","overlay-color":"","overlay-gradient":""},"tablet":{"background-color":"var(--ast-global-color-5)","background-image":"","background-repeat":"repeat","background-position":"center center","background-size":"auto","background-attachment":"scroll","background-type":"","background-media":"","overlay-type":"","overlay-color":"","overlay-gradient":""},"mobile":{"background-color":"var(--ast-global-color-5)","background-image":"","background-repeat":"repeat","background-position":"center center","background-size":"auto","background-attachment":"scroll","background-type":"","background-media":"","overlay-type":"","overlay-color":"","overlay-gradient":""}},"footnotes":""},"categories":[6,57,80,53],"tags":[41,150,321],"class_list":["post-13618","post","type-post","status-publish","format-standard","has-post-thumbnail","hentry","category-magasins-velo","category-velo-cargo","category-magasin-oullins","category-velo-electrique","tag-braderie","tag-cargo","tag-essai"],"yoast_head":"<!-- This site is optimized with the Yoast SEO plugin v27.5 - https:\/\/yoast.com\/product\/yoast-seo-wordpress\/ -->\n<title>Grande braderie de Oullins, Cycles Blain participe ! - CyclesBlain - Magasins de v\u00e9los, accessoires et ateliers<\/title>\n<meta name=\"description\" content=\"Cycles Blain participe le 10 mai 2025 \u00e0 la grande braderie. Au programme : essais gratuits de v\u00e9los longtail ( Veloe, Yuba, Cube, Kalkhoff...)\" \/>\n<meta name=\"robots\" content=\"index, follow, max-snippet:-1, max-image-preview:large, max-video-preview:-1\" \/>\n<link rel=\"canonical\" href=\"https:\/\/www.cycles-blain.com\/fr\/magasins-velo\/magasin-oullins\/braderie-oullins-2025-cyclesblain\/\" \/>\n<meta property=\"og:locale\" content=\"fr_FR\" \/>\n<meta property=\"og:type\" content=\"article\" \/>\n<meta property=\"og:title\" content=\"Grande braderie de Oullins, Cycles Blain participe ! - CyclesBlain - Magasins de v\u00e9los, accessoires et ateliers\" \/>\n<meta property=\"og:description\" content=\"Cycles Blain participe le 10 mai 2025 \u00e0 la grande braderie. Au programme : essais gratuits de v\u00e9los longtail ( Veloe, Yuba, Cube, Kalkhoff...)\" \/>\n<meta property=\"og:url\" content=\"https:\/\/www.cycles-blain.com\/fr\/magasins-velo\/magasin-oullins\/braderie-oullins-2025-cyclesblain\/\" \/>\n<meta property=\"og:site_name\" content=\"CyclesBlain - Magasins de v\u00e9los, accessoires et ateliers\" \/>\n<meta property=\"article:publisher\" content=\"https:\/\/www.facebook.com\/cyclesblain\/?locale=fr_FR\" \/>\n<meta property=\"article:published_time\" content=\"2025-04-17T14:00:50+00:00\" \/>\n<meta property=\"article:modified_time\" content=\"2026-04-14T09:35:25+00:00\" \/>\n<meta property=\"og:image\" content=\"https:\/\/www.cycles-blain.com\/fr\/wp-content\/uploads\/2025\/04\/600400-cargo-.jpg\" \/>\n\t<meta property=\"og:image:width\" content=\"600\" \/>\n\t<meta property=\"og:image:height\" content=\"400\" \/>\n\t<meta property=\"og:image:type\" content=\"image\/jpeg\" \/>\n<meta name=\"author\" content=\"Lou-Anne\" \/>\n<meta name=\"twitter:card\" content=\"summary_large_image\" \/>\n<meta name=\"twitter:label1\" content=\"\u00c9crit par\" \/>\n\t<meta name=\"twitter:data1\" content=\"Lou-Anne\" \/>\n\t<meta name=\"twitter:label2\" content=\"Dur\u00e9e de lecture estim\u00e9e\" \/>\n\t<meta name=\"twitter:data2\" content=\"2 minutes\" \/>\n<script type=\"application\/ld+json\" class=\"yoast-schema-graph\">{\"@context\":\"https:\\\/\\\/schema.org\",\"@graph\":[{\"@type\":\"Article\",\"@id\":\"https:\\\/\\\/www.cycles-blain.com\\\/fr\\\/magasins-velo\\\/magasin-oullins\\\/braderie-oullins-2025-cyclesblain\\\/#article\",\"isPartOf\":{\"@id\":\"https:\\\/\\\/www.cycles-blain.com\\\/fr\\\/magasins-velo\\\/magasin-oullins\\\/braderie-oullins-2025-cyclesblain\\\/\"},\"author\":{\"name\":\"Lou-Anne\",\"@id\":\"https:\\\/\\\/www.cycles-blain.com\\\/fr\\\/#\\\/schema\\\/person\\\/2e532610e6e45d290a29e480c00cc742\"},\"headline\":\"Grande braderie de Oullins, Cycles Blain participe !\",\"datePublished\":\"2025-04-17T14:00:50+00:00\",\"dateModified\":\"2026-04-14T09:35:25+00:00\",\"mainEntityOfPage\":{\"@id\":\"https:\\\/\\\/www.cycles-blain.com\\\/fr\\\/magasins-velo\\\/magasin-oullins\\\/braderie-oullins-2025-cyclesblain\\\/\"},\"wordCount\":332,\"commentCount\":0,\"publisher\":{\"@id\":\"https:\\\/\\\/www.cycles-blain.com\\\/fr\\\/#organization\"},\"image\":{\"@id\":\"https:\\\/\\\/www.cycles-blain.com\\\/fr\\\/magasins-velo\\\/magasin-oullins\\\/braderie-oullins-2025-cyclesblain\\\/#primaryimage\"},\"thumbnailUrl\":\"https:\\\/\\\/www.cycles-blain.com\\\/fr\\\/wp-content\\\/uploads\\\/2025\\\/04\\\/600400-cargo-.jpg\",\"keywords\":[\"braderie\",\"cargo\",\"essai\"],\"articleSection\":[\"Actus Magasins\",\"Cargo\",\"Magasin-Oullins\",\"V\u00e9lo Electrique\"],\"inLanguage\":\"fr-FR\",\"potentialAction\":[{\"@type\":\"CommentAction\",\"name\":\"Comment\",\"target\":[\"https:\\\/\\\/www.cycles-blain.com\\\/fr\\\/magasins-velo\\\/magasin-oullins\\\/braderie-oullins-2025-cyclesblain\\\/#respond\"]}]},{\"@type\":\"WebPage\",\"@id\":\"https:\\\/\\\/www.cycles-blain.com\\\/fr\\\/magasins-velo\\\/magasin-oullins\\\/braderie-oullins-2025-cyclesblain\\\/\",\"url\":\"https:\\\/\\\/www.cycles-blain.com\\\/fr\\\/magasins-velo\\\/magasin-oullins\\\/braderie-oullins-2025-cyclesblain\\\/\",\"name\":\"Grande braderie de Oullins, Cycles Blain participe ! - CyclesBlain - Magasins de v\u00e9los, accessoires et ateliers\",\"isPartOf\":{\"@id\":\"https:\\\/\\\/www.cycles-blain.com\\\/fr\\\/#website\"},\"primaryImageOfPage\":{\"@id\":\"https:\\\/\\\/www.cycles-blain.com\\\/fr\\\/magasins-velo\\\/magasin-oullins\\\/braderie-oullins-2025-cyclesblain\\\/#primaryimage\"},\"image\":{\"@id\":\"https:\\\/\\\/www.cycles-blain.com\\\/fr\\\/magasins-velo\\\/magasin-oullins\\\/braderie-oullins-2025-cyclesblain\\\/#primaryimage\"},\"thumbnailUrl\":\"https:\\\/\\\/www.cycles-blain.com\\\/fr\\\/wp-content\\\/uploads\\\/2025\\\/04\\\/600400-cargo-.jpg\",\"datePublished\":\"2025-04-17T14:00:50+00:00\",\"dateModified\":\"2026-04-14T09:35:25+00:00\",\"description\":\"Cycles Blain participe le 10 mai 2025 \u00e0 la grande braderie. Au programme : essais gratuits de v\u00e9los longtail ( Veloe, Yuba, Cube, Kalkhoff...)\",\"breadcrumb\":{\"@id\":\"https:\\\/\\\/www.cycles-blain.com\\\/fr\\\/magasins-velo\\\/magasin-oullins\\\/braderie-oullins-2025-cyclesblain\\\/#breadcrumb\"},\"inLanguage\":\"fr-FR\",\"potentialAction\":[{\"@type\":\"ReadAction\",\"target\":[\"https:\\\/\\\/www.cycles-blain.com\\\/fr\\\/magasins-velo\\\/magasin-oullins\\\/braderie-oullins-2025-cyclesblain\\\/\"]}]},{\"@type\":\"ImageObject\",\"inLanguage\":\"fr-FR\",\"@id\":\"https:\\\/\\\/www.cycles-blain.com\\\/fr\\\/magasins-velo\\\/magasin-oullins\\\/braderie-oullins-2025-cyclesblain\\\/#primaryimage\",\"url\":\"https:\\\/\\\/www.cycles-blain.com\\\/fr\\\/wp-content\\\/uploads\\\/2025\\\/04\\\/600400-cargo-.jpg\",\"contentUrl\":\"https:\\\/\\\/www.cycles-blain.com\\\/fr\\\/wp-content\\\/uploads\\\/2025\\\/04\\\/600400-cargo-.jpg\",\"width\":600,\"height\":400,\"caption\":\"Braderie d'Oullins 2025\"},{\"@type\":\"BreadcrumbList\",\"@id\":\"https:\\\/\\\/www.cycles-blain.com\\\/fr\\\/magasins-velo\\\/magasin-oullins\\\/braderie-oullins-2025-cyclesblain\\\/#breadcrumb\",\"itemListElement\":[{\"@type\":\"ListItem\",\"position\":1,\"name\":\"Accueil\",\"item\":\"https:\\\/\\\/www.cycles-blain.com\\\/fr\\\/\"},{\"@type\":\"ListItem\",\"position\":2,\"name\":\"Grande braderie de Oullins, Cycles Blain participe !\"}]},{\"@type\":\"WebSite\",\"@id\":\"https:\\\/\\\/www.cycles-blain.com\\\/fr\\\/#website\",\"url\":\"https:\\\/\\\/www.cycles-blain.com\\\/fr\\\/\",\"name\":\"CyclesBlain - Magasins de v\u00e9los, accessoires et ateliers\",\"description\":\"Blog Cycles Blain\",\"publisher\":{\"@id\":\"https:\\\/\\\/www.cycles-blain.com\\\/fr\\\/#organization\"},\"potentialAction\":[{\"@type\":\"SearchAction\",\"target\":{\"@type\":\"EntryPoint\",\"urlTemplate\":\"https:\\\/\\\/www.cycles-blain.com\\\/fr\\\/?s={search_term_string}\"},\"query-input\":{\"@type\":\"PropertyValueSpecification\",\"valueRequired\":true,\"valueName\":\"search_term_string\"}}],\"inLanguage\":\"fr-FR\"},{\"@type\":\"Organization\",\"@id\":\"https:\\\/\\\/www.cycles-blain.com\\\/fr\\\/#organization\",\"name\":\"CyclesBlain - Magasins de v\u00e9los, accessoires et ateliers\",\"url\":\"https:\\\/\\\/www.cycles-blain.com\\\/fr\\\/\",\"logo\":{\"@type\":\"ImageObject\",\"inLanguage\":\"fr-FR\",\"@id\":\"https:\\\/\\\/www.cycles-blain.com\\\/fr\\\/#\\\/schema\\\/logo\\\/image\\\/\",\"url\":\"https:\\\/\\\/www.cycles-blain.com\\\/fr\\\/wp-content\\\/uploads\\\/2023\\\/10\\\/logo-cycles-blain.jpeg\",\"contentUrl\":\"https:\\\/\\\/www.cycles-blain.com\\\/fr\\\/wp-content\\\/uploads\\\/2023\\\/10\\\/logo-cycles-blain.jpeg\",\"width\":264,\"height\":191,\"caption\":\"CyclesBlain - Magasins de v\u00e9los, accessoires et ateliers\"},\"image\":{\"@id\":\"https:\\\/\\\/www.cycles-blain.com\\\/fr\\\/#\\\/schema\\\/logo\\\/image\\\/\"},\"sameAs\":[\"https:\\\/\\\/www.facebook.com\\\/cyclesblain\\\/?locale=fr_FR\",\"https:\\\/\\\/www.instagram.com\\\/cycles_blain\\\/?hl=fr\"]},{\"@type\":\"Person\",\"@id\":\"https:\\\/\\\/www.cycles-blain.com\\\/fr\\\/#\\\/schema\\\/person\\\/2e532610e6e45d290a29e480c00cc742\",\"name\":\"Lou-Anne\",\"image\":{\"@type\":\"ImageObject\",\"inLanguage\":\"fr-FR\",\"@id\":\"https:\\\/\\\/secure.gravatar.com\\\/avatar\\\/fc66047eecb12b1dd0e5dd77ae839eef6f5705cede9df1aa88eec9ecfd50b1ab?s=96&d=mm&r=g\",\"url\":\"https:\\\/\\\/secure.gravatar.com\\\/avatar\\\/fc66047eecb12b1dd0e5dd77ae839eef6f5705cede9df1aa88eec9ecfd50b1ab?s=96&d=mm&r=g\",\"contentUrl\":\"https:\\\/\\\/secure.gravatar.com\\\/avatar\\\/fc66047eecb12b1dd0e5dd77ae839eef6f5705cede9df1aa88eec9ecfd50b1ab?s=96&d=mm&r=g\",\"caption\":\"Lou-Anne\"},\"url\":\"https:\\\/\\\/www.cycles-blain.com\\\/fr\\\/author\\\/lou-anne\\\/\"}]}<\/script>\n<!-- \/ Yoast SEO plugin. -->","yoast_head_json":{"title":"Grande braderie de Oullins, Cycles Blain participe ! - CyclesBlain - Magasins de v\u00e9los, accessoires et ateliers","description":"Cycles Blain participe le 10 mai 2025 \u00e0 la grande braderie. Au programme : essais gratuits de v\u00e9los longtail ( Veloe, Yuba, Cube, Kalkhoff...)","robots":{"index":"index","follow":"follow","max-snippet":"max-snippet:-1","max-image-preview":"max-image-preview:large","max-video-preview":"max-video-preview:-1"},"canonical":"https:\/\/www.cycles-blain.com\/fr\/magasins-velo\/magasin-oullins\/braderie-oullins-2025-cyclesblain\/","og_locale":"fr_FR","og_type":"article","og_title":"Grande braderie de Oullins, Cycles Blain participe ! - CyclesBlain - Magasins de v\u00e9los, accessoires et ateliers","og_description":"Cycles Blain participe le 10 mai 2025 \u00e0 la grande braderie. Au programme : essais gratuits de v\u00e9los longtail ( Veloe, Yuba, Cube, Kalkhoff...)","og_url":"https:\/\/www.cycles-blain.com\/fr\/magasins-velo\/magasin-oullins\/braderie-oullins-2025-cyclesblain\/","og_site_name":"CyclesBlain - Magasins de v\u00e9los, accessoires et ateliers","article_publisher":"https:\/\/www.facebook.com\/cyclesblain\/?locale=fr_FR","article_published_time":"2025-04-17T14:00:50+00:00","article_modified_time":"2026-04-14T09:35:25+00:00","og_image":[{"width":600,"height":400,"url":"https:\/\/www.cycles-blain.com\/fr\/wp-content\/uploads\/2025\/04\/600400-cargo-.jpg","type":"image\/jpeg"}],"author":"Lou-Anne","twitter_card":"summary_large_image","twitter_misc":{"\u00c9crit par":"Lou-Anne","Dur\u00e9e de lecture estim\u00e9e":"2 minutes"},"schema":{"@context":"https:\/\/schema.org","@graph":[{"@type":"Article","@id":"https:\/\/www.cycles-blain.com\/fr\/magasins-velo\/magasin-oullins\/braderie-oullins-2025-cyclesblain\/#article","isPartOf":{"@id":"https:\/\/www.cycles-blain.com\/fr\/magasins-velo\/magasin-oullins\/braderie-oullins-2025-cyclesblain\/"},"author":{"name":"Lou-Anne","@id":"https:\/\/www.cycles-blain.com\/fr\/#\/schema\/person\/2e532610e6e45d290a29e480c00cc742"},"headline":"Grande braderie de Oullins, Cycles Blain participe !","datePublished":"2025-04-17T14:00:50+00:00","dateModified":"2026-04-14T09:35:25+00:00","mainEntityOfPage":{"@id":"https:\/\/www.cycles-blain.com\/fr\/magasins-velo\/magasin-oullins\/braderie-oullins-2025-cyclesblain\/"},"wordCount":332,"commentCount":0,"publisher":{"@id":"https:\/\/www.cycles-blain.com\/fr\/#organization"},"image":{"@id":"https:\/\/www.cycles-blain.com\/fr\/magasins-velo\/magasin-oullins\/braderie-oullins-2025-cyclesblain\/#primaryimage"},"thumbnailUrl":"https:\/\/www.cycles-blain.com\/fr\/wp-content\/uploads\/2025\/04\/600400-cargo-.jpg","keywords":["braderie","cargo","essai"],"articleSection":["Actus Magasins","Cargo","Magasin-Oullins","V\u00e9lo Electrique"],"inLanguage":"fr-FR","potentialAction":[{"@type":"CommentAction","name":"Comment","target":["https:\/\/www.cycles-blain.com\/fr\/magasins-velo\/magasin-oullins\/braderie-oullins-2025-cyclesblain\/#respond"]}]},{"@type":"WebPage","@id":"https:\/\/www.cycles-blain.com\/fr\/magasins-velo\/magasin-oullins\/braderie-oullins-2025-cyclesblain\/","url":"https:\/\/www.cycles-blain.com\/fr\/magasins-velo\/magasin-oullins\/braderie-oullins-2025-cyclesblain\/","name":"Grande braderie de Oullins, Cycles Blain participe ! - CyclesBlain - Magasins de v\u00e9los, accessoires et ateliers","isPartOf":{"@id":"https:\/\/www.cycles-blain.com\/fr\/#website"},"primaryImageOfPage":{"@id":"https:\/\/www.cycles-blain.com\/fr\/magasins-velo\/magasin-oullins\/braderie-oullins-2025-cyclesblain\/#primaryimage"},"image":{"@id":"https:\/\/www.cycles-blain.com\/fr\/magasins-velo\/magasin-oullins\/braderie-oullins-2025-cyclesblain\/#primaryimage"},"thumbnailUrl":"https:\/\/www.cycles-blain.com\/fr\/wp-content\/uploads\/2025\/04\/600400-cargo-.jpg","datePublished":"2025-04-17T14:00:50+00:00","dateModified":"2026-04-14T09:35:25+00:00","description":"Cycles Blain participe le 10 mai 2025 \u00e0 la grande braderie. Au programme : essais gratuits de v\u00e9los longtail ( Veloe, Yuba, Cube, Kalkhoff...)","breadcrumb":{"@id":"https:\/\/www.cycles-blain.com\/fr\/magasins-velo\/magasin-oullins\/braderie-oullins-2025-cyclesblain\/#breadcrumb"},"inLanguage":"fr-FR","potentialAction":[{"@type":"ReadAction","target":["https:\/\/www.cycles-blain.com\/fr\/magasins-velo\/magasin-oullins\/braderie-oullins-2025-cyclesblain\/"]}]},{"@type":"ImageObject","inLanguage":"fr-FR","@id":"https:\/\/www.cycles-blain.com\/fr\/magasins-velo\/magasin-oullins\/braderie-oullins-2025-cyclesblain\/#primaryimage","url":"https:\/\/www.cycles-blain.com\/fr\/wp-content\/uploads\/2025\/04\/600400-cargo-.jpg","contentUrl":"https:\/\/www.cycles-blain.com\/fr\/wp-content\/uploads\/2025\/04\/600400-cargo-.jpg","width":600,"height":400,"caption":"Braderie d'Oullins 2025"},{"@type":"BreadcrumbList","@id":"https:\/\/www.cycles-blain.com\/fr\/magasins-velo\/magasin-oullins\/braderie-oullins-2025-cyclesblain\/#breadcrumb","itemListElement":[{"@type":"ListItem","position":1,"name":"Accueil","item":"https:\/\/www.cycles-blain.com\/fr\/"},{"@type":"ListItem","position":2,"name":"Grande braderie de Oullins, Cycles Blain participe !"}]},{"@type":"WebSite","@id":"https:\/\/www.cycles-blain.com\/fr\/#website","url":"https:\/\/www.cycles-blain.com\/fr\/","name":"CyclesBlain - Magasins de v\u00e9los, accessoires et ateliers","description":"Blog Cycles Blain","publisher":{"@id":"https:\/\/www.cycles-blain.com\/fr\/#organization"},"potentialAction":[{"@type":"SearchAction","target":{"@type":"EntryPoint","urlTemplate":"https:\/\/www.cycles-blain.com\/fr\/?s={search_term_string}"},"query-input":{"@type":"PropertyValueSpecification","valueRequired":true,"valueName":"search_term_string"}}],"inLanguage":"fr-FR"},{"@type":"Organization","@id":"https:\/\/www.cycles-blain.com\/fr\/#organization","name":"CyclesBlain - Magasins de v\u00e9los, accessoires et ateliers","url":"https:\/\/www.cycles-blain.com\/fr\/","logo":{"@type":"ImageObject","inLanguage":"fr-FR","@id":"https:\/\/www.cycles-blain.com\/fr\/#\/schema\/logo\/image\/","url":"https:\/\/www.cycles-blain.com\/fr\/wp-content\/uploads\/2023\/10\/logo-cycles-blain.jpeg","contentUrl":"https:\/\/www.cycles-blain.com\/fr\/wp-content\/uploads\/2023\/10\/logo-cycles-blain.jpeg","width":264,"height":191,"caption":"CyclesBlain - Magasins de v\u00e9los, accessoires et ateliers"},"image":{"@id":"https:\/\/www.cycles-blain.com\/fr\/#\/schema\/logo\/image\/"},"sameAs":["https:\/\/www.facebook.com\/cyclesblain\/?locale=fr_FR","https:\/\/www.instagram.com\/cycles_blain\/?hl=fr"]},{"@type":"Person","@id":"https:\/\/www.cycles-blain.com\/fr\/#\/schema\/person\/2e532610e6e45d290a29e480c00cc742","name":"Lou-Anne","image":{"@type":"ImageObject","inLanguage":"fr-FR","@id":"https:\/\/secure.gravatar.com\/avatar\/fc66047eecb12b1dd0e5dd77ae839eef6f5705cede9df1aa88eec9ecfd50b1ab?s=96&d=mm&r=g","url":"https:\/\/secure.gravatar.com\/avatar\/fc66047eecb12b1dd0e5dd77ae839eef6f5705cede9df1aa88eec9ecfd50b1ab?s=96&d=mm&r=g","contentUrl":"https:\/\/secure.gravatar.com\/avatar\/fc66047eecb12b1dd0e5dd77ae839eef6f5705cede9df1aa88eec9ecfd50b1ab?s=96&d=mm&r=g","caption":"Lou-Anne"},"url":"https:\/\/www.cycles-blain.com\/fr\/author\/lou-anne\/"}]}},"_links":{"self":[{"href":"https:\/\/www.cycles-blain.com\/fr\/wp-json\/wp\/v2\/posts\/13618","targetHints":{"allow":["GET"]}}],"collection":[{"href":"https:\/\/www.cycles-blain.com\/fr\/wp-json\/wp\/v2\/posts"}],"about":[{"href":"https:\/\/www.cycles-blain.com\/fr\/wp-json\/wp\/v2\/types\/post"}],"author":[{"embeddable":true,"href":"https:\/\/www.cycles-blain.com\/fr\/wp-json\/wp\/v2\/users\/4"}],"replies":[{"embeddable":true,"href":"https:\/\/www.cycles-blain.com\/fr\/wp-json\/wp\/v2\/comments?post=13618"}],"version-history":[{"count":63,"href":"https:\/\/www.cycles-blain.com\/fr\/wp-json\/wp\/v2\/posts\/13618\/revisions"}],"predecessor-version":[{"id":21277,"href":"https:\/\/www.cycles-blain.com\/fr\/wp-json\/wp\/v2\/posts\/13618\/revisions\/21277"}],"wp:featuredmedia":[{"embeddable":true,"href":"https:\/\/www.cycles-blain.com\/fr\/wp-json\/wp\/v2\/media\/13635"}],"wp:attachment":[{"href":"https:\/\/www.cycles-blain.com\/fr\/wp-json\/wp\/v2\/media?parent=13618"}],"wp:term":[{"taxonomy":"category","embeddable":true,"href":"https:\/\/www.cycles-blain.com\/fr\/wp-json\/wp\/v2\/categories?post=13618"},{"taxonomy":"post_tag","embeddable":true,"href":"https:\/\/www.cycles-blain.com\/fr\/wp-json\/wp\/v2\/tags?post=13618"}],"curies":[{"name":"wp","href":"https:\/\/api.w.org\/{rel}","templated":true}]}}