{"id":13665,"date":"2025-04-08T15:05:00","date_gmt":"2025-04-08T13:05:00","guid":{"rendered":"https:\/\/www.cycles-blain.com\/fr\/?p=13665"},"modified":"2026-04-13T12:51:55","modified_gmt":"2026-04-13T10:51:55","slug":"specialized-turbo-levo-4-2025","status":"publish","type":"post","link":"https:\/\/www.cycles-blain.com\/fr\/velo\/vtt-electrique\/specialized-turbo-levo-4-2025\/","title":{"rendered":"Nouveau VTTAE Specialized Turbo Levo 4 2025 &#8211; Surnaturel !"},"content":{"rendered":"\t\t<div data-elementor-type=\"wp-post\" data-elementor-id=\"13665\" class=\"elementor elementor-13665\" data-elementor-post-type=\"post\">\n\t\t\t\t<div class=\"elementor-element elementor-element-4da5138 e-flex e-con-boxed e-con e-parent\" data-id=\"4da5138\" data-element_type=\"container\" data-e-type=\"container\">\n\t\t\t\t\t<div class=\"e-con-inner\">\n\t\t\t\t<div class=\"elementor-element elementor-element-7383a9a elementor-widget elementor-widget-text-editor\" data-id=\"7383a9a\" data-element_type=\"widget\" data-e-type=\"widget\" data-widget_type=\"text-editor.default\">\n\t\t\t\t<div class=\"elementor-widget-container\">\n\t\t\t\t\t\t\t\t\t<p><i>Le nouveau vtt \u00e9lectrique Specialized Turbo Levo 4&nbsp; 2025 est tout simplement surnaturel ! Un Ovni dans l&rsquo;univers du vttae tout suspendu haut de gamme pour le trail et l&rsquo;enduro avec des performances et des caract\u00e9ristiques hors normes ! Le VTTAE Carbone Turbo Levo S-Works 4 sign\u00e9 Specialized d\u00e9j\u00e0 au magasin Specialized CYCLES BLAIN de Vienne !<\/i><\/p>\t\t\t\t\t\t\t\t<\/div>\n\t\t\t\t<\/div>\n\t\t\t\t\t<\/div>\n\t\t\t\t<\/div>\n\t\t<div class=\"elementor-element elementor-element-0aa57d8 e-flex e-con-boxed e-con e-parent\" data-id=\"0aa57d8\" data-element_type=\"container\" data-e-type=\"container\">\n\t\t\t\t\t<div class=\"e-con-inner\">\n\t\t\t\t<div class=\"elementor-element elementor-element-bf4decf elementor-widget elementor-widget-heading\" data-id=\"bf4decf\" data-element_type=\"widget\" data-e-type=\"widget\" data-widget_type=\"heading.default\">\n\t\t\t\t<div class=\"elementor-widget-container\">\n\t\t\t\t\t<h3 class=\"elementor-heading-title elementor-size-default\">Turbo Levo S-Works 4 2025 : caract\u00e9ristiques surnaturelles !<\/h3>\t\t\t\t<\/div>\n\t\t\t\t<\/div>\n\t\t\t\t\t<\/div>\n\t\t\t\t<\/div>\n\t\t<div class=\"elementor-element elementor-element-be4b768 e-flex e-con-boxed e-con e-parent\" data-id=\"be4b768\" data-element_type=\"container\" data-e-type=\"container\">\n\t\t\t\t\t<div class=\"e-con-inner\">\n\t\t\t\t<div class=\"elementor-element elementor-element-5cc9c74 elementor-widget elementor-widget-text-editor\" data-id=\"5cc9c74\" data-element_type=\"widget\" data-e-type=\"widget\" data-widget_type=\"text-editor.default\">\n\t\t\t\t<div class=\"elementor-widget-container\">\n\t\t\t\t\t\t\t\t\t<p>Specialized ne s&rsquo;est pas content\u00e9 de changer les couleurs ou de modifier la transmission : Pour ce nouveau VTTAE Turbo Levo 4, c&rsquo;est une r\u00e9volution et un bon en avant dans les performances que nous propose Specialized :\u00a0<\/p><ul><li><span style=\"font-style: inherit; font-weight: inherit;\">2 nouveaux Moteurs : Le S-Works de 111 Nm et 720w de puissance et le Specialized 3.1 de 101 Nm et 666wh sur les autres mod\u00e8les Pro, Comp et Expert !<\/span><\/li><li><span style=\"font-style: inherit; font-weight: inherit;\">Ces moteurs ont surtout un nouveau comportement qui \u00ab\u00a0lit\u00a0\u00bb parfaitement le terrain m\u00eame \u00e0 basse vitesse pour s&rsquo;adapter au p\u00e9dalage et au terrain de mani\u00e8re incroyable,<\/span><\/li><li><span style=\"font-style: inherit; font-weight: inherit;\">Un bruit nettement r\u00e9duit, m\u00eame \u00e0 haut rendement, il reste silencieux ce qui vous fera oublier la puissance de son moteur !<\/span><\/li><li><span style=\"font-style: inherit; font-weight: inherit;\">Un nouveau mode \u00ab\u00a0dynamique\u00a0\u00bb vraiment int\u00e9ressant dans toutes les situations,<\/span><\/li><li><span style=\"font-style: inherit; font-weight: inherit;\">Batterie surpuissante de 840 Wh pour une autonomie estim\u00e9e de 5,33 heures de bonheur !<\/span><\/li><li><span style=\"font-style: inherit; font-weight: inherit;\">Un nouveau cadre S-Works en carbone avec une nouvelle g\u00e9om\u00e9trie qui exploite pleinement l&rsquo;amortisseur arri\u00e8re Genie de 150mm<\/span><\/li><li>Une connectivit\u00e9 parfaite avec l&rsquo;application Specialized pour une nouvelle exp\u00e9rience de pilotage et m\u00eame le tracking du v\u00e9lo sur iphone (comme un apple tag)\u00a0 !<\/li><li>La trappe pour sortir la batterie est enfin accessible sur le c\u00f4t\u00e9 permettant de la retirer sans retourner son pr\u00e9cieux vtt !<\/li><li>Un range extender en option qui peut \u00eatre utilis\u00e9 sans batterie transformant alors votre vttae en une version qui se rapproche du SL&#8230; !<\/li><\/ul>\t\t\t\t\t\t\t\t<\/div>\n\t\t\t\t<\/div>\n\t\t\t\t<div class=\"elementor-element elementor-element-26341ce elementor-widget elementor-widget-gallery\" data-id=\"26341ce\" data-element_type=\"widget\" data-e-type=\"widget\" data-settings=\"{&quot;lazyload&quot;:&quot;yes&quot;,&quot;gallery_layout&quot;:&quot;grid&quot;,&quot;columns&quot;:4,&quot;columns_tablet&quot;:2,&quot;columns_mobile&quot;:1,&quot;gap&quot;:{&quot;unit&quot;:&quot;px&quot;,&quot;size&quot;:10,&quot;sizes&quot;:[]},&quot;gap_tablet&quot;:{&quot;unit&quot;:&quot;px&quot;,&quot;size&quot;:10,&quot;sizes&quot;:[]},&quot;gap_mobile&quot;:{&quot;unit&quot;:&quot;px&quot;,&quot;size&quot;:10,&quot;sizes&quot;:[]},&quot;link_to&quot;:&quot;file&quot;,&quot;aspect_ratio&quot;:&quot;3:2&quot;,&quot;overlay_background&quot;:&quot;yes&quot;,&quot;content_hover_animation&quot;:&quot;fade-in&quot;}\" data-widget_type=\"gallery.default\">\n\t\t\t\t<div class=\"elementor-widget-container\">\n\t\t\t\t\t\t\t<div class=\"elementor-gallery__container\">\n\t\t\t\t\t\t\t<a class=\"e-gallery-item elementor-gallery-item elementor-animated-content\" href=\"https:\/\/www.cycles-blain.com\/fr\/wp-content\/uploads\/2025\/04\/95224-01_LEVO-SW-CARBON-G4-REDPRL-BLK-METWHTSIL_FDSQ.webp\" data-elementor-open-lightbox=\"yes\" data-elementor-lightbox-slideshow=\"26341ce\" data-elementor-lightbox-title=\"Specialized S Workds Turbo 4\" data-e-action-hash=\"#elementor-action%3Aaction%3Dlightbox%26settings%3DeyJpZCI6MTM2NzksInVybCI6Imh0dHBzOlwvXC93d3cuY3ljbGVzLWJsYWluLmNvbVwvZnJcL3dwLWNvbnRlbnRcL3VwbG9hZHNcLzIwMjVcLzA0XC85NTIyNC0wMV9MRVZPLVNXLUNBUkJPTi1HNC1SRURQUkwtQkxLLU1FVFdIVFNJTF9GRFNRLndlYnAiLCJzbGlkZXNob3ciOiIyNjM0MWNlIn0%3D\">\n\t\t\t\t\t<div class=\"e-gallery-image elementor-gallery-item__image\" data-thumbnail=\"https:\/\/www.cycles-blain.com\/fr\/wp-content\/uploads\/2025\/04\/95224-01_LEVO-SW-CARBON-G4-REDPRL-BLK-METWHTSIL_FDSQ-300x169.webp\" data-width=\"300\" data-height=\"169\" aria-label=\"Specialized S Workds Turbo 4\" role=\"img\" ><\/div>\n\t\t\t\t\t\t\t\t\t\t\t<div class=\"elementor-gallery-item__overlay\"><\/div>\n\t\t\t\t\t\t\t\t\t\t\t\t\t\t<\/a>\n\t\t\t\t\t\t\t<a class=\"e-gallery-item elementor-gallery-item elementor-animated-content\" href=\"https:\/\/www.cycles-blain.com\/fr\/wp-content\/uploads\/2025\/04\/95224-01_LEVO-SW-CARBON-G4-REDPRL-BLK-METWHTSIL_D3-HT.webp\" data-elementor-open-lightbox=\"yes\" data-elementor-lightbox-slideshow=\"26341ce\" data-elementor-lightbox-title=\"Specialized S Workds Turbo 4\" data-e-action-hash=\"#elementor-action%3Aaction%3Dlightbox%26settings%3DeyJpZCI6MTM2ODAsInVybCI6Imh0dHBzOlwvXC93d3cuY3ljbGVzLWJsYWluLmNvbVwvZnJcL3dwLWNvbnRlbnRcL3VwbG9hZHNcLzIwMjVcLzA0XC85NTIyNC0wMV9MRVZPLVNXLUNBUkJPTi1HNC1SRURQUkwtQkxLLU1FVFdIVFNJTF9EMy1IVC53ZWJwIiwic2xpZGVzaG93IjoiMjYzNDFjZSJ9\">\n\t\t\t\t\t<div class=\"e-gallery-image elementor-gallery-item__image\" data-thumbnail=\"https:\/\/www.cycles-blain.com\/fr\/wp-content\/uploads\/2025\/04\/95224-01_LEVO-SW-CARBON-G4-REDPRL-BLK-METWHTSIL_D3-HT-300x169.webp\" data-width=\"300\" data-height=\"169\" aria-label=\"Specialized S Workds Turbo 4\" role=\"img\" ><\/div>\n\t\t\t\t\t\t\t\t\t\t\t<div class=\"elementor-gallery-item__overlay\"><\/div>\n\t\t\t\t\t\t\t\t\t\t\t\t\t\t<\/a>\n\t\t\t\t\t\t\t<a class=\"e-gallery-item elementor-gallery-item elementor-animated-content\" href=\"https:\/\/www.cycles-blain.com\/fr\/wp-content\/uploads\/2025\/04\/95224-01_LEVO-SW-CARBON-G4-REDPRL-BLK-METWHTSIL_D5-MOTOR.webp\" data-elementor-open-lightbox=\"yes\" data-elementor-lightbox-slideshow=\"26341ce\" data-elementor-lightbox-title=\"Specialized S Workds Turbo 4\" data-e-action-hash=\"#elementor-action%3Aaction%3Dlightbox%26settings%3DeyJpZCI6MTM2ODEsInVybCI6Imh0dHBzOlwvXC93d3cuY3ljbGVzLWJsYWluLmNvbVwvZnJcL3dwLWNvbnRlbnRcL3VwbG9hZHNcLzIwMjVcLzA0XC85NTIyNC0wMV9MRVZPLVNXLUNBUkJPTi1HNC1SRURQUkwtQkxLLU1FVFdIVFNJTF9ENS1NT1RPUi53ZWJwIiwic2xpZGVzaG93IjoiMjYzNDFjZSJ9\">\n\t\t\t\t\t<div class=\"e-gallery-image elementor-gallery-item__image\" data-thumbnail=\"https:\/\/www.cycles-blain.com\/fr\/wp-content\/uploads\/2025\/04\/95224-01_LEVO-SW-CARBON-G4-REDPRL-BLK-METWHTSIL_D5-MOTOR-300x169.webp\" data-width=\"300\" data-height=\"169\" aria-label=\"Specialized S Workds Turbo 4\" role=\"img\" ><\/div>\n\t\t\t\t\t\t\t\t\t\t\t<div class=\"elementor-gallery-item__overlay\"><\/div>\n\t\t\t\t\t\t\t\t\t\t\t\t\t\t<\/a>\n\t\t\t\t\t\t\t<a class=\"e-gallery-item elementor-gallery-item elementor-animated-content\" href=\"https:\/\/www.cycles-blain.com\/fr\/wp-content\/uploads\/2025\/04\/95224-01_LEVO-SW-CARBON-G4-REDPRL-BLK-METWHTSIL_D7-TCU.webp\" data-elementor-open-lightbox=\"yes\" data-elementor-lightbox-slideshow=\"26341ce\" data-elementor-lightbox-title=\"Specialized S Workds Turbo 4\" data-e-action-hash=\"#elementor-action%3Aaction%3Dlightbox%26settings%3DeyJpZCI6MTM2ODIsInVybCI6Imh0dHBzOlwvXC93d3cuY3ljbGVzLWJsYWluLmNvbVwvZnJcL3dwLWNvbnRlbnRcL3VwbG9hZHNcLzIwMjVcLzA0XC85NTIyNC0wMV9MRVZPLVNXLUNBUkJPTi1HNC1SRURQUkwtQkxLLU1FVFdIVFNJTF9ENy1UQ1Uud2VicCIsInNsaWRlc2hvdyI6IjI2MzQxY2UifQ%3D%3D\">\n\t\t\t\t\t<div class=\"e-gallery-image elementor-gallery-item__image\" data-thumbnail=\"https:\/\/www.cycles-blain.com\/fr\/wp-content\/uploads\/2025\/04\/95224-01_LEVO-SW-CARBON-G4-REDPRL-BLK-METWHTSIL_D7-TCU-300x169.webp\" data-width=\"300\" data-height=\"169\" aria-label=\"Specialized S Workds Turbo 4\" role=\"img\" ><\/div>\n\t\t\t\t\t\t\t\t\t\t\t<div class=\"elementor-gallery-item__overlay\"><\/div>\n\t\t\t\t\t\t\t\t\t\t\t\t\t\t<\/a>\n\t\t\t\t\t<\/div>\n\t\t\t\t\t<\/div>\n\t\t\t\t<\/div>\n\t\t\t\t<div class=\"elementor-element elementor-element-f1c36f6 elementor-align-center elementor-widget elementor-widget-button\" data-id=\"f1c36f6\" data-element_type=\"widget\" data-e-type=\"widget\" data-widget_type=\"button.default\">\n\t\t\t\t<div class=\"elementor-widget-container\">\n\t\t\t\t\t\t\t\t\t<div class=\"elementor-button-wrapper\">\n\t\t\t\t\t<a class=\"elementor-button elementor-button-link elementor-size-sm\" href=\"https:\/\/www.cycles-blain.com\/recherche?controller=search&#038;s=levo+generation%204+2025\" target=\"_blank\">\n\t\t\t\t\t\t<span class=\"elementor-button-content-wrapper\">\n\t\t\t\t\t\t\t\t\t<span class=\"elementor-button-text\">Je d\u00e9couvre le Levo 4 en d\u00e9tails<\/span>\n\t\t\t\t\t<\/span>\n\t\t\t\t\t<\/a>\n\t\t\t\t<\/div>\n\t\t\t\t\t\t\t\t<\/div>\n\t\t\t\t<\/div>\n\t\t\t\t\t<\/div>\n\t\t\t\t<\/div>\n\t\t<div class=\"elementor-element elementor-element-abd35d0 e-flex e-con-boxed e-con e-parent\" data-id=\"abd35d0\" data-element_type=\"container\" data-e-type=\"container\">\n\t\t\t\t\t<div class=\"e-con-inner\">\n\t\t\t\t<div class=\"elementor-element elementor-element-279c25f elementor-widget elementor-widget-heading\" data-id=\"279c25f\" data-element_type=\"widget\" data-e-type=\"widget\" data-widget_type=\"heading.default\">\n\t\t\t\t<div class=\"elementor-widget-container\">\n\t\t\t\t\t<h3 class=\"elementor-heading-title elementor-size-default\">Les Sensations fortes et la Ma\u00eetrise de Specialized<\/h3>\t\t\t\t<\/div>\n\t\t\t\t<\/div>\n\t\t\t\t<div class=\"elementor-element elementor-element-46e2f02 elementor-widget elementor-widget-text-editor\" data-id=\"46e2f02\" data-element_type=\"widget\" data-e-type=\"widget\" data-widget_type=\"text-editor.default\">\n\t\t\t\t<div class=\"elementor-widget-container\">\n\t\t\t\t\t\t\t\t\t<p>Nos \u00e9quipes ont eu la chance d&rsquo;essayer la b\u00eate et les avis sont clairs : Une puissance dingue ressentie d\u00e8s le d\u00e9marrage, mais avec un contr\u00f4le bluffant, le tout avec des \u00e9quipements de choix qui font de ce v\u00e9lo, un vttae surnaturel !<br \/>Pour commencer, Specialized propose 4 versions de son bolide :<\/p><ul><li><a href=\"https:\/\/www.cycles-blain.com\/vtt-electrique-vttae\/1357-2198-turbo-levo-4-s-works-generation-4-2025-specialized-888818953073.html\" target=\"_blank\" rel=\"noopener\">Le S-Works Turbo Levo 4 d\u00e8s 14 449\u20ac<\/a>\u00a0pour la version ultime que nous avons pr\u00e9sent\u00e9 au magasin de Vienne !!<\/li><li><a href=\"https:\/\/www.cycles-blain.com\/vtt-electrique-vttae\/1360-2258-turbo-levo-4-pro-generation-4-2025-2026-specialized-196625209383.html\" target=\"_blank\" rel=\"noopener\">Le Turbo Levo 4 Pro<\/a> avec sa transmission Xo Eagle Axs et ses roues carbones \u00e0 partir de 11 999\u20ac<\/li><li><a href=\"https:\/\/www.cycles-blain.com\/vtt-electrique-vttae\/1359-2231-turbo-levo-4-comp-generation-4-2025-2026-specialized-888818953196.html\">Le Turbo Levo 4 Expert<\/a> en GX Eagle AXS et Sram Maven Silver d\u00e8s 9 999\u20ac<\/li><li><a href=\"https:\/\/www.cycles-blain.com\/vtt-electrique-vttae\/1358-2211-turbo-levo-4-comp-generation-4-2025-2026-specialized-888818953677.html#\/47-taille_cadre-s4\/94-couleur-champagne\" target=\"_blank\" rel=\"noopener\">Le Turbo Levo 4 Comp<\/a> en Maven Bronze et Eagle Axs \u00e0 7 999\u20ac<\/li><\/ul>\t\t\t\t\t\t\t\t<\/div>\n\t\t\t\t<\/div>\n\t\t\t\t<div class=\"elementor-element elementor-element-84533b1 elementor-align-center elementor-widget elementor-widget-button\" data-id=\"84533b1\" data-element_type=\"widget\" data-e-type=\"widget\" data-widget_type=\"button.default\">\n\t\t\t\t<div class=\"elementor-widget-container\">\n\t\t\t\t\t\t\t\t\t<div class=\"elementor-button-wrapper\">\n\t\t\t\t\t<a class=\"elementor-button elementor-button-link elementor-size-sm\" href=\"https:\/\/www.cycles-blain.com\/content\/12-magasin-velo-vienne\">\n\t\t\t\t\t\t<span class=\"elementor-button-content-wrapper\">\n\t\t\t\t\t\t\t\t\t<span class=\"elementor-button-text\">Je vais au magasin SPECIALIED \u00e0 Vienne<\/span>\n\t\t\t\t\t<\/span>\n\t\t\t\t\t<\/a>\n\t\t\t\t<\/div>\n\t\t\t\t\t\t\t\t<\/div>\n\t\t\t\t<\/div>\n\t\t\t\t\t<\/div>\n\t\t\t\t<\/div>\n\t\t<div class=\"elementor-element elementor-element-fe5e579 e-flex e-con-boxed e-con e-parent\" data-id=\"fe5e579\" data-element_type=\"container\" data-e-type=\"container\">\n\t\t\t\t\t<div class=\"e-con-inner\">\n\t\t\t\t<div class=\"elementor-element elementor-element-0bc6f03 elementor-widget elementor-widget-text-editor\" data-id=\"0bc6f03\" data-element_type=\"widget\" data-e-type=\"widget\" data-widget_type=\"text-editor.default\">\n\t\t\t\t<div class=\"elementor-widget-container\">\n\t\t\t\t\t\t\t\t\t<p>Vous cherchez un VTT Electrique aussi puissant que le Levo 4, plus l\u00e9ger et plus agile ? D\u00e9couvrez le nouveau&nbsp;<a style=\"background-color: #ffffff; font-size: 1rem;\" href=\"https:\/\/www.cycles-blain.com\/fr\/velo\/vtt-electrique\/vtt-electrique-specialized-levo-r-2026\/\" target=\"_blank\" rel=\"noopener\">VTTAE Turbo Levo R 2026<\/a><br><br><a href=\"https:\/\/www.cycles-blain.com\/content\/114-comparatif-vtt-electrique-turbo-specialized-levo-4-vs-levo-r\" target=\"_blank\">Comparatif entre le Turbo Levo 4 et le Turbo Levo R<\/a><\/p>\t\t\t\t\t\t\t\t<\/div>\n\t\t\t\t<\/div>\n\t\t\t\t\t<\/div>\n\t\t\t\t<\/div>\n\t\t\t\t<\/div>\n\t\t","protected":false},"excerpt":{"rendered":"<p>Le nouveau Specialized vtt \u00e9lectrique Turbo Levo 4  2025 est tout simplement surnaturel ! Il est arriv\u00e9 au magasin de Vienne le 8 avril 2025 sans sa version S-Works 4 !<\/p>\n","protected":false},"author":1,"featured_media":13699,"comment_status":"open","ping_status":"open","sticky":false,"template":"","format":"standard","meta":{"site-sidebar-layout":"default","site-content-layout":"","ast-site-content-layout":"default","site-content-style":"default","site-sidebar-style":"default","ast-global-header-display":"","ast-banner-title-visibility":"","ast-main-header-display":"","ast-hfb-above-header-display":"","ast-hfb-below-header-display":"","ast-hfb-mobile-header-display":"","site-post-title":"","ast-breadcrumbs-content":"","ast-featured-img":"","footer-sml-layout":"","theme-transparent-header-meta":"","adv-header-id-meta":"","stick-header-meta":"","header-above-stick-meta":"","header-main-stick-meta":"","header-below-stick-meta":"","astra-migrate-meta-layouts":"set","ast-page-background-enabled":"default","ast-page-background-meta":{"desktop":{"background-color":"","background-image":"","background-repeat":"repeat","background-position":"center center","background-size":"auto","background-attachment":"scroll","background-type":"","background-media":"","overlay-type":"","overlay-color":"","overlay-gradient":""},"tablet":{"background-color":"","background-image":"","background-repeat":"repeat","background-position":"center center","background-size":"auto","background-attachment":"scroll","background-type":"","background-media":"","overlay-type":"","overlay-color":"","overlay-gradient":""},"mobile":{"background-color":"","background-image":"","background-repeat":"repeat","background-position":"center center","background-size":"auto","background-attachment":"scroll","background-type":"","background-media":"","overlay-type":"","overlay-color":"","overlay-gradient":""}},"ast-content-background-meta":{"desktop":{"background-color":"var(--ast-global-color-5)","background-image":"","background-repeat":"repeat","background-position":"center center","background-size":"auto","background-attachment":"scroll","background-type":"","background-media":"","overlay-type":"","overlay-color":"","overlay-gradient":""},"tablet":{"background-color":"var(--ast-global-color-5)","background-image":"","background-repeat":"repeat","background-position":"center center","background-size":"auto","background-attachment":"scroll","background-type":"","background-media":"","overlay-type":"","overlay-color":"","overlay-gradient":""},"mobile":{"background-color":"var(--ast-global-color-5)","background-image":"","background-repeat":"repeat","background-position":"center center","background-size":"auto","background-attachment":"scroll","background-type":"","background-media":"","overlay-type":"","overlay-color":"","overlay-gradient":""}},"footnotes":""},"categories":[6,4,76,17,53,5],"tags":[324,178,200],"class_list":["post-13665","post","type-post","status-publish","format-standard","has-post-thumbnail","hentry","category-magasins-velo","category-velo","category-magasin-vienne","category-sport-velo","category-velo-electrique","category-vtt-electrique","tag-s-works","tag-specialized","tag-vttae"],"yoast_head":"<!-- This site is optimized with the Yoast SEO plugin v27.5 - https:\/\/yoast.com\/product\/yoast-seo-wordpress\/ -->\n<title>Nouveau VTTAE Specialized Turbo Levo 4 2025 - Surnaturel ! - CYCLES BLAIN<\/title>\n<meta name=\"description\" content=\"Le nouveau Specialized vtt \u00e9lectrique Turbo Levo Gen 4 2025 est tout simplement surnaturel ! Il est arriv\u00e9 au magasin de Vienne le 8 avril 2025 !\" \/>\n<meta name=\"robots\" content=\"index, follow, max-snippet:-1, max-image-preview:large, max-video-preview:-1\" \/>\n<link rel=\"canonical\" href=\"https:\/\/www.cycles-blain.com\/fr\/velo\/specialized-turbo-levo-4-2025\/\" \/>\n<meta property=\"og:locale\" content=\"fr_FR\" \/>\n<meta property=\"og:type\" content=\"article\" \/>\n<meta property=\"og:title\" content=\"Nouveau VTTAE Specialized Turbo Levo 4 2025 - Surnaturel ! - CYCLES BLAIN\" \/>\n<meta property=\"og:description\" content=\"Le nouveau Specialized vtt \u00e9lectrique Turbo Levo Gen 4 2025 est tout simplement surnaturel ! Il est arriv\u00e9 au magasin de Vienne le 8 avril 2025 !\" \/>\n<meta property=\"og:url\" content=\"https:\/\/www.cycles-blain.com\/fr\/velo\/specialized-turbo-levo-4-2025\/\" \/>\n<meta property=\"og:site_name\" content=\"CyclesBlain - Magasins de v\u00e9los, accessoires et ateliers\" \/>\n<meta property=\"article:publisher\" content=\"https:\/\/www.facebook.com\/cyclesblain\/?locale=fr_FR\" \/>\n<meta property=\"article:published_time\" content=\"2025-04-08T13:05:00+00:00\" \/>\n<meta property=\"article:modified_time\" content=\"2026-04-13T10:51:55+00:00\" \/>\n<meta property=\"og:image\" content=\"https:\/\/www.cycles-blain.com\/fr\/wp-content\/uploads\/2025\/04\/MTB-3298_Levo4SW_LowerCarousel_1_DARK.webp\" \/>\n\t<meta property=\"og:image:width\" content=\"1067\" \/>\n\t<meta property=\"og:image:height\" content=\"600\" \/>\n\t<meta property=\"og:image:type\" content=\"image\/webp\" \/>\n<meta name=\"author\" content=\"Gueweb\" \/>\n<meta name=\"twitter:card\" content=\"summary_large_image\" \/>\n<meta name=\"twitter:label1\" content=\"\u00c9crit par\" \/>\n\t<meta name=\"twitter:data1\" content=\"Gueweb\" \/>\n\t<meta name=\"twitter:label2\" content=\"Dur\u00e9e de lecture estim\u00e9e\" \/>\n\t<meta name=\"twitter:data2\" content=\"3 minutes\" \/>\n<script type=\"application\/ld+json\" class=\"yoast-schema-graph\">{\"@context\":\"https:\\\/\\\/schema.org\",\"@graph\":[{\"@type\":\"Article\",\"@id\":\"https:\\\/\\\/www.cycles-blain.com\\\/fr\\\/velo\\\/specialized-turbo-levo-4-2025\\\/#article\",\"isPartOf\":{\"@id\":\"https:\\\/\\\/www.cycles-blain.com\\\/fr\\\/velo\\\/specialized-turbo-levo-4-2025\\\/\"},\"author\":{\"name\":\"Gueweb\",\"@id\":\"https:\\\/\\\/www.cycles-blain.com\\\/fr\\\/#\\\/schema\\\/person\\\/6fb8bad852fde893fb61b7b05936af37\"},\"headline\":\"Nouveau VTTAE Specialized Turbo Levo 4 2025 &#8211; Surnaturel !\",\"datePublished\":\"2025-04-08T13:05:00+00:00\",\"dateModified\":\"2026-04-13T10:51:55+00:00\",\"mainEntityOfPage\":{\"@id\":\"https:\\\/\\\/www.cycles-blain.com\\\/fr\\\/velo\\\/specialized-turbo-levo-4-2025\\\/\"},\"wordCount\":476,\"commentCount\":0,\"publisher\":{\"@id\":\"https:\\\/\\\/www.cycles-blain.com\\\/fr\\\/#organization\"},\"image\":{\"@id\":\"https:\\\/\\\/www.cycles-blain.com\\\/fr\\\/velo\\\/specialized-turbo-levo-4-2025\\\/#primaryimage\"},\"thumbnailUrl\":\"https:\\\/\\\/www.cycles-blain.com\\\/fr\\\/wp-content\\\/uploads\\\/2025\\\/04\\\/MTB-3298_Levo4SW_LowerCarousel_1_DARK.webp\",\"keywords\":[\"S-Works\",\"specialized\",\"vttae\"],\"articleSection\":[\"Actus Magasins\",\"Actus V\u00e9lo\",\"Magasin Vienne\",\"Sport\",\"V\u00e9lo Electrique\",\"VTT Electrique\"],\"inLanguage\":\"fr-FR\",\"potentialAction\":[{\"@type\":\"CommentAction\",\"name\":\"Comment\",\"target\":[\"https:\\\/\\\/www.cycles-blain.com\\\/fr\\\/velo\\\/specialized-turbo-levo-4-2025\\\/#respond\"]}]},{\"@type\":\"WebPage\",\"@id\":\"https:\\\/\\\/www.cycles-blain.com\\\/fr\\\/velo\\\/specialized-turbo-levo-4-2025\\\/\",\"url\":\"https:\\\/\\\/www.cycles-blain.com\\\/fr\\\/velo\\\/specialized-turbo-levo-4-2025\\\/\",\"name\":\"Nouveau VTTAE Specialized Turbo Levo 4 2025 - Surnaturel ! - CYCLES BLAIN\",\"isPartOf\":{\"@id\":\"https:\\\/\\\/www.cycles-blain.com\\\/fr\\\/#website\"},\"primaryImageOfPage\":{\"@id\":\"https:\\\/\\\/www.cycles-blain.com\\\/fr\\\/velo\\\/specialized-turbo-levo-4-2025\\\/#primaryimage\"},\"image\":{\"@id\":\"https:\\\/\\\/www.cycles-blain.com\\\/fr\\\/velo\\\/specialized-turbo-levo-4-2025\\\/#primaryimage\"},\"thumbnailUrl\":\"https:\\\/\\\/www.cycles-blain.com\\\/fr\\\/wp-content\\\/uploads\\\/2025\\\/04\\\/MTB-3298_Levo4SW_LowerCarousel_1_DARK.webp\",\"datePublished\":\"2025-04-08T13:05:00+00:00\",\"dateModified\":\"2026-04-13T10:51:55+00:00\",\"description\":\"Le nouveau Specialized vtt \u00e9lectrique Turbo Levo Gen 4 2025 est tout simplement surnaturel ! Il est arriv\u00e9 au magasin de Vienne le 8 avril 2025 !\",\"breadcrumb\":{\"@id\":\"https:\\\/\\\/www.cycles-blain.com\\\/fr\\\/velo\\\/specialized-turbo-levo-4-2025\\\/#breadcrumb\"},\"inLanguage\":\"fr-FR\",\"potentialAction\":[{\"@type\":\"ReadAction\",\"target\":[\"https:\\\/\\\/www.cycles-blain.com\\\/fr\\\/velo\\\/specialized-turbo-levo-4-2025\\\/\"]}]},{\"@type\":\"ImageObject\",\"inLanguage\":\"fr-FR\",\"@id\":\"https:\\\/\\\/www.cycles-blain.com\\\/fr\\\/velo\\\/specialized-turbo-levo-4-2025\\\/#primaryimage\",\"url\":\"https:\\\/\\\/www.cycles-blain.com\\\/fr\\\/wp-content\\\/uploads\\\/2025\\\/04\\\/MTB-3298_Levo4SW_LowerCarousel_1_DARK.webp\",\"contentUrl\":\"https:\\\/\\\/www.cycles-blain.com\\\/fr\\\/wp-content\\\/uploads\\\/2025\\\/04\\\/MTB-3298_Levo4SW_LowerCarousel_1_DARK.webp\",\"width\":1067,\"height\":600,\"caption\":\"Specialized Turbo Levo 4 2025\"},{\"@type\":\"BreadcrumbList\",\"@id\":\"https:\\\/\\\/www.cycles-blain.com\\\/fr\\\/velo\\\/specialized-turbo-levo-4-2025\\\/#breadcrumb\",\"itemListElement\":[{\"@type\":\"ListItem\",\"position\":1,\"name\":\"Accueil\",\"item\":\"https:\\\/\\\/www.cycles-blain.com\\\/fr\\\/\"},{\"@type\":\"ListItem\",\"position\":2,\"name\":\"Nouveau VTTAE Specialized Turbo Levo 4 2025 &#8211; Surnaturel !\"}]},{\"@type\":\"WebSite\",\"@id\":\"https:\\\/\\\/www.cycles-blain.com\\\/fr\\\/#website\",\"url\":\"https:\\\/\\\/www.cycles-blain.com\\\/fr\\\/\",\"name\":\"CyclesBlain - Magasins de v\u00e9los, accessoires et ateliers\",\"description\":\"Blog Cycles Blain\",\"publisher\":{\"@id\":\"https:\\\/\\\/www.cycles-blain.com\\\/fr\\\/#organization\"},\"potentialAction\":[{\"@type\":\"SearchAction\",\"target\":{\"@type\":\"EntryPoint\",\"urlTemplate\":\"https:\\\/\\\/www.cycles-blain.com\\\/fr\\\/?s={search_term_string}\"},\"query-input\":{\"@type\":\"PropertyValueSpecification\",\"valueRequired\":true,\"valueName\":\"search_term_string\"}}],\"inLanguage\":\"fr-FR\"},{\"@type\":\"Organization\",\"@id\":\"https:\\\/\\\/www.cycles-blain.com\\\/fr\\\/#organization\",\"name\":\"CyclesBlain - Magasins de v\u00e9los, accessoires et ateliers\",\"url\":\"https:\\\/\\\/www.cycles-blain.com\\\/fr\\\/\",\"logo\":{\"@type\":\"ImageObject\",\"inLanguage\":\"fr-FR\",\"@id\":\"https:\\\/\\\/www.cycles-blain.com\\\/fr\\\/#\\\/schema\\\/logo\\\/image\\\/\",\"url\":\"https:\\\/\\\/www.cycles-blain.com\\\/fr\\\/wp-content\\\/uploads\\\/2023\\\/10\\\/logo-cycles-blain.jpeg\",\"contentUrl\":\"https:\\\/\\\/www.cycles-blain.com\\\/fr\\\/wp-content\\\/uploads\\\/2023\\\/10\\\/logo-cycles-blain.jpeg\",\"width\":264,\"height\":191,\"caption\":\"CyclesBlain - Magasins de v\u00e9los, accessoires et ateliers\"},\"image\":{\"@id\":\"https:\\\/\\\/www.cycles-blain.com\\\/fr\\\/#\\\/schema\\\/logo\\\/image\\\/\"},\"sameAs\":[\"https:\\\/\\\/www.facebook.com\\\/cyclesblain\\\/?locale=fr_FR\",\"https:\\\/\\\/www.instagram.com\\\/cycles_blain\\\/?hl=fr\"]},{\"@type\":\"Person\",\"@id\":\"https:\\\/\\\/www.cycles-blain.com\\\/fr\\\/#\\\/schema\\\/person\\\/6fb8bad852fde893fb61b7b05936af37\",\"name\":\"Gueweb\",\"image\":{\"@type\":\"ImageObject\",\"inLanguage\":\"fr-FR\",\"@id\":\"https:\\\/\\\/secure.gravatar.com\\\/avatar\\\/52550bc594eb074508114b963209b157358b27e5a0319de1bb723df3f760ca2d?s=96&d=mm&r=g\",\"url\":\"https:\\\/\\\/secure.gravatar.com\\\/avatar\\\/52550bc594eb074508114b963209b157358b27e5a0319de1bb723df3f760ca2d?s=96&d=mm&r=g\",\"contentUrl\":\"https:\\\/\\\/secure.gravatar.com\\\/avatar\\\/52550bc594eb074508114b963209b157358b27e5a0319de1bb723df3f760ca2d?s=96&d=mm&r=g\",\"caption\":\"Gueweb\"},\"sameAs\":[\"https:\\\/\\\/www.cycles-blain.com\\\/\\\/fr\"],\"url\":\"https:\\\/\\\/www.cycles-blain.com\\\/fr\\\/author\\\/gueweb\\\/\"}]}<\/script>\n<!-- \/ Yoast SEO plugin. -->","yoast_head_json":{"title":"Nouveau VTTAE Specialized Turbo Levo 4 2025 - Surnaturel ! - CYCLES BLAIN","description":"Le nouveau Specialized vtt \u00e9lectrique Turbo Levo Gen 4 2025 est tout simplement surnaturel ! Il est arriv\u00e9 au magasin de Vienne le 8 avril 2025 !","robots":{"index":"index","follow":"follow","max-snippet":"max-snippet:-1","max-image-preview":"max-image-preview:large","max-video-preview":"max-video-preview:-1"},"canonical":"https:\/\/www.cycles-blain.com\/fr\/velo\/specialized-turbo-levo-4-2025\/","og_locale":"fr_FR","og_type":"article","og_title":"Nouveau VTTAE Specialized Turbo Levo 4 2025 - Surnaturel ! - CYCLES BLAIN","og_description":"Le nouveau Specialized vtt \u00e9lectrique Turbo Levo Gen 4 2025 est tout simplement surnaturel ! Il est arriv\u00e9 au magasin de Vienne le 8 avril 2025 !","og_url":"https:\/\/www.cycles-blain.com\/fr\/velo\/specialized-turbo-levo-4-2025\/","og_site_name":"CyclesBlain - Magasins de v\u00e9los, accessoires et ateliers","article_publisher":"https:\/\/www.facebook.com\/cyclesblain\/?locale=fr_FR","article_published_time":"2025-04-08T13:05:00+00:00","article_modified_time":"2026-04-13T10:51:55+00:00","og_image":[{"width":1067,"height":600,"url":"https:\/\/www.cycles-blain.com\/fr\/wp-content\/uploads\/2025\/04\/MTB-3298_Levo4SW_LowerCarousel_1_DARK.webp","type":"image\/webp"}],"author":"Gueweb","twitter_card":"summary_large_image","twitter_misc":{"\u00c9crit par":"Gueweb","Dur\u00e9e de lecture estim\u00e9e":"3 minutes"},"schema":{"@context":"https:\/\/schema.org","@graph":[{"@type":"Article","@id":"https:\/\/www.cycles-blain.com\/fr\/velo\/specialized-turbo-levo-4-2025\/#article","isPartOf":{"@id":"https:\/\/www.cycles-blain.com\/fr\/velo\/specialized-turbo-levo-4-2025\/"},"author":{"name":"Gueweb","@id":"https:\/\/www.cycles-blain.com\/fr\/#\/schema\/person\/6fb8bad852fde893fb61b7b05936af37"},"headline":"Nouveau VTTAE Specialized Turbo Levo 4 2025 &#8211; Surnaturel !","datePublished":"2025-04-08T13:05:00+00:00","dateModified":"2026-04-13T10:51:55+00:00","mainEntityOfPage":{"@id":"https:\/\/www.cycles-blain.com\/fr\/velo\/specialized-turbo-levo-4-2025\/"},"wordCount":476,"commentCount":0,"publisher":{"@id":"https:\/\/www.cycles-blain.com\/fr\/#organization"},"image":{"@id":"https:\/\/www.cycles-blain.com\/fr\/velo\/specialized-turbo-levo-4-2025\/#primaryimage"},"thumbnailUrl":"https:\/\/www.cycles-blain.com\/fr\/wp-content\/uploads\/2025\/04\/MTB-3298_Levo4SW_LowerCarousel_1_DARK.webp","keywords":["S-Works","specialized","vttae"],"articleSection":["Actus Magasins","Actus V\u00e9lo","Magasin Vienne","Sport","V\u00e9lo Electrique","VTT Electrique"],"inLanguage":"fr-FR","potentialAction":[{"@type":"CommentAction","name":"Comment","target":["https:\/\/www.cycles-blain.com\/fr\/velo\/specialized-turbo-levo-4-2025\/#respond"]}]},{"@type":"WebPage","@id":"https:\/\/www.cycles-blain.com\/fr\/velo\/specialized-turbo-levo-4-2025\/","url":"https:\/\/www.cycles-blain.com\/fr\/velo\/specialized-turbo-levo-4-2025\/","name":"Nouveau VTTAE Specialized Turbo Levo 4 2025 - Surnaturel ! - CYCLES BLAIN","isPartOf":{"@id":"https:\/\/www.cycles-blain.com\/fr\/#website"},"primaryImageOfPage":{"@id":"https:\/\/www.cycles-blain.com\/fr\/velo\/specialized-turbo-levo-4-2025\/#primaryimage"},"image":{"@id":"https:\/\/www.cycles-blain.com\/fr\/velo\/specialized-turbo-levo-4-2025\/#primaryimage"},"thumbnailUrl":"https:\/\/www.cycles-blain.com\/fr\/wp-content\/uploads\/2025\/04\/MTB-3298_Levo4SW_LowerCarousel_1_DARK.webp","datePublished":"2025-04-08T13:05:00+00:00","dateModified":"2026-04-13T10:51:55+00:00","description":"Le nouveau Specialized vtt \u00e9lectrique Turbo Levo Gen 4 2025 est tout simplement surnaturel ! Il est arriv\u00e9 au magasin de Vienne le 8 avril 2025 !","breadcrumb":{"@id":"https:\/\/www.cycles-blain.com\/fr\/velo\/specialized-turbo-levo-4-2025\/#breadcrumb"},"inLanguage":"fr-FR","potentialAction":[{"@type":"ReadAction","target":["https:\/\/www.cycles-blain.com\/fr\/velo\/specialized-turbo-levo-4-2025\/"]}]},{"@type":"ImageObject","inLanguage":"fr-FR","@id":"https:\/\/www.cycles-blain.com\/fr\/velo\/specialized-turbo-levo-4-2025\/#primaryimage","url":"https:\/\/www.cycles-blain.com\/fr\/wp-content\/uploads\/2025\/04\/MTB-3298_Levo4SW_LowerCarousel_1_DARK.webp","contentUrl":"https:\/\/www.cycles-blain.com\/fr\/wp-content\/uploads\/2025\/04\/MTB-3298_Levo4SW_LowerCarousel_1_DARK.webp","width":1067,"height":600,"caption":"Specialized Turbo Levo 4 2025"},{"@type":"BreadcrumbList","@id":"https:\/\/www.cycles-blain.com\/fr\/velo\/specialized-turbo-levo-4-2025\/#breadcrumb","itemListElement":[{"@type":"ListItem","position":1,"name":"Accueil","item":"https:\/\/www.cycles-blain.com\/fr\/"},{"@type":"ListItem","position":2,"name":"Nouveau VTTAE Specialized Turbo Levo 4 2025 &#8211; Surnaturel !"}]},{"@type":"WebSite","@id":"https:\/\/www.cycles-blain.com\/fr\/#website","url":"https:\/\/www.cycles-blain.com\/fr\/","name":"CyclesBlain - Magasins de v\u00e9los, accessoires et ateliers","description":"Blog Cycles Blain","publisher":{"@id":"https:\/\/www.cycles-blain.com\/fr\/#organization"},"potentialAction":[{"@type":"SearchAction","target":{"@type":"EntryPoint","urlTemplate":"https:\/\/www.cycles-blain.com\/fr\/?s={search_term_string}"},"query-input":{"@type":"PropertyValueSpecification","valueRequired":true,"valueName":"search_term_string"}}],"inLanguage":"fr-FR"},{"@type":"Organization","@id":"https:\/\/www.cycles-blain.com\/fr\/#organization","name":"CyclesBlain - Magasins de v\u00e9los, accessoires et ateliers","url":"https:\/\/www.cycles-blain.com\/fr\/","logo":{"@type":"ImageObject","inLanguage":"fr-FR","@id":"https:\/\/www.cycles-blain.com\/fr\/#\/schema\/logo\/image\/","url":"https:\/\/www.cycles-blain.com\/fr\/wp-content\/uploads\/2023\/10\/logo-cycles-blain.jpeg","contentUrl":"https:\/\/www.cycles-blain.com\/fr\/wp-content\/uploads\/2023\/10\/logo-cycles-blain.jpeg","width":264,"height":191,"caption":"CyclesBlain - Magasins de v\u00e9los, accessoires et ateliers"},"image":{"@id":"https:\/\/www.cycles-blain.com\/fr\/#\/schema\/logo\/image\/"},"sameAs":["https:\/\/www.facebook.com\/cyclesblain\/?locale=fr_FR","https:\/\/www.instagram.com\/cycles_blain\/?hl=fr"]},{"@type":"Person","@id":"https:\/\/www.cycles-blain.com\/fr\/#\/schema\/person\/6fb8bad852fde893fb61b7b05936af37","name":"Gueweb","image":{"@type":"ImageObject","inLanguage":"fr-FR","@id":"https:\/\/secure.gravatar.com\/avatar\/52550bc594eb074508114b963209b157358b27e5a0319de1bb723df3f760ca2d?s=96&d=mm&r=g","url":"https:\/\/secure.gravatar.com\/avatar\/52550bc594eb074508114b963209b157358b27e5a0319de1bb723df3f760ca2d?s=96&d=mm&r=g","contentUrl":"https:\/\/secure.gravatar.com\/avatar\/52550bc594eb074508114b963209b157358b27e5a0319de1bb723df3f760ca2d?s=96&d=mm&r=g","caption":"Gueweb"},"sameAs":["https:\/\/www.cycles-blain.com\/\/fr"],"url":"https:\/\/www.cycles-blain.com\/fr\/author\/gueweb\/"}]}},"_links":{"self":[{"href":"https:\/\/www.cycles-blain.com\/fr\/wp-json\/wp\/v2\/posts\/13665","targetHints":{"allow":["GET"]}}],"collection":[{"href":"https:\/\/www.cycles-blain.com\/fr\/wp-json\/wp\/v2\/posts"}],"about":[{"href":"https:\/\/www.cycles-blain.com\/fr\/wp-json\/wp\/v2\/types\/post"}],"author":[{"embeddable":true,"href":"https:\/\/www.cycles-blain.com\/fr\/wp-json\/wp\/v2\/users\/1"}],"replies":[{"embeddable":true,"href":"https:\/\/www.cycles-blain.com\/fr\/wp-json\/wp\/v2\/comments?post=13665"}],"version-history":[{"count":65,"href":"https:\/\/www.cycles-blain.com\/fr\/wp-json\/wp\/v2\/posts\/13665\/revisions"}],"predecessor-version":[{"id":21209,"href":"https:\/\/www.cycles-blain.com\/fr\/wp-json\/wp\/v2\/posts\/13665\/revisions\/21209"}],"wp:featuredmedia":[{"embeddable":true,"href":"https:\/\/www.cycles-blain.com\/fr\/wp-json\/wp\/v2\/media\/13699"}],"wp:attachment":[{"href":"https:\/\/www.cycles-blain.com\/fr\/wp-json\/wp\/v2\/media?parent=13665"}],"wp:term":[{"taxonomy":"category","embeddable":true,"href":"https:\/\/www.cycles-blain.com\/fr\/wp-json\/wp\/v2\/categories?post=13665"},{"taxonomy":"post_tag","embeddable":true,"href":"https:\/\/www.cycles-blain.com\/fr\/wp-json\/wp\/v2\/tags?post=13665"}],"curies":[{"name":"wp","href":"https:\/\/api.w.org\/{rel}","templated":true}]}}