{"id":13746,"date":"2025-04-14T15:33:00","date_gmt":"2025-04-14T13:33:00","guid":{"rendered":"https:\/\/www.cycles-blain.com\/fr\/?p=13746"},"modified":"2025-04-16T09:09:38","modified_gmt":"2025-04-16T07:09:38","slug":"nouveau-site-veran","status":"publish","type":"post","link":"https:\/\/www.cycles-blain.com\/fr\/magasins-velo\/magasin-lyon-5\/nouveau-site-veran\/","title":{"rendered":"Nouveau site CyclesVeran.fr"},"content":{"rendered":"\t\t<div data-elementor-type=\"wp-post\" data-elementor-id=\"13746\" class=\"elementor elementor-13746\" data-elementor-post-type=\"post\">\n\t\t\t\t<div class=\"elementor-element elementor-element-7eb2709 e-flex e-con-boxed e-con e-parent\" data-id=\"7eb2709\" data-element_type=\"container\" data-e-type=\"container\">\n\t\t\t\t\t<div class=\"e-con-inner\">\n\t\t\t\t<div class=\"elementor-element elementor-element-5e883cb elementor-widget elementor-widget-heading\" data-id=\"5e883cb\" data-element_type=\"widget\" data-e-type=\"widget\" data-widget_type=\"heading.default\">\n\t\t\t\t<div class=\"elementor-widget-container\">\n\t\t\t\t\t<h3 class=\"elementor-heading-title elementor-size-default\">Veran fait peau neuve avec un tout nouveau site internet Cyclesveran.fr<\/h3>\t\t\t\t<\/div>\n\t\t\t\t<\/div>\n\t\t\t\t<div class=\"elementor-element elementor-element-c8b85d8 elementor-widget elementor-widget-text-editor\" data-id=\"c8b85d8\" data-element_type=\"widget\" data-e-type=\"widget\" data-widget_type=\"text-editor.default\">\n\t\t\t\t<div class=\"elementor-widget-container\">\n\t\t\t\t\t\t\t\t\t<p>Apr\u00e8s avoir refait toute la d\u00e9coration des 3 boutiques de Veran \u00e0 Lyon, il ne restait plus que le site internet \u00e0 am\u00e9liorer, c&rsquo;est chose faite depuis le 14 Avril :\u00a0<br \/><br \/>Nous avons choisi de faire un site pr\u00e9sentant le magasin, son histoire, ses services et ses marques de v\u00e9los l\u00e9gendaires et historiques comme Time, Trek, Colnago ou Lapierre. :\u00a0<\/p>\n<ul>\n<li><strong>Navigation optimis\u00e9e<\/strong> : trouvez rapidement ce que vous cherchez gr\u00e2ce \u00e0 un menu clair et fluide.<\/li>\n<li><strong>Gamme de produits<\/strong> : toute la gamme de produits et les marques de Veran ainsi qu&rsquo;un renvoi direct vers la boutique en ligne de Cycles Blain pour d\u00e9couvrir les produits Veran et d\u00e9tails et faire vos achats en ligne !<\/li>\n<li><strong>Responsive design :<\/strong> un site qui s\u2019adapte \u00e0 tous vos \u00e9crans, du smartphone \u00e0 l\u2019ordinateur.<\/li>\n<li><strong>Etudes Posturales :<\/strong> possibilit\u00e9 de r\u00e9server son\u00a0<strong><a href=\"https:\/\/www.cyclesveran.fr\/etudes-posturales-shimano-lyon5\/\" target=\"_blank\" rel=\"noopener\">\u00e9tude posturale \/ Bike Fitting<\/a><\/strong>\u00a0directement depuis le site.<\/li>\n<li><b>Actualit\u00e9s et newsletter<\/b> : Le site sera r\u00e9guli\u00e8rement enrichit des actualit\u00e9s de marques Veran et des promotions communes \u00e0 CYCLES BLAIN,<strong>\u00a0<a href=\"https:\/\/www.cycles-blain.com\/content\/38-newsletter-magasin-veran\" target=\"_blank\" rel=\"noopener\">n&rsquo;h\u00e9sitez pas \u00e0 vous inscrire \u00e0 la newsletter mensuelle<\/a><\/strong><strong>.<\/strong><\/li>\n<\/ul>\n<p>Vous reconna\u00eetrez s\u00fbrement nos \u00e9quipes en photos en plein travail ou \u00e0 v\u00e9lo ! \ud83d\ude09\u00a0<br \/>Ce nouveau site est le reflet de notre engagement : vous offrir toujours plus de proximit\u00e9, de service et d\u2019innovation.<\/p>\t\t\t\t\t\t\t\t<\/div>\n\t\t\t\t<\/div>\n\t\t\t\t<div class=\"elementor-element elementor-element-87276ec elementor-align-center elementor-widget elementor-widget-button\" data-id=\"87276ec\" data-element_type=\"widget\" data-e-type=\"widget\" data-widget_type=\"button.default\">\n\t\t\t\t<div class=\"elementor-widget-container\">\n\t\t\t\t\t\t\t\t\t<div class=\"elementor-button-wrapper\">\n\t\t\t\t\t<a class=\"elementor-button elementor-button-link elementor-size-sm\" href=\"https:\/\/www.cyclesveran.fr\">\n\t\t\t\t\t\t<span class=\"elementor-button-content-wrapper\">\n\t\t\t\t\t\t\t\t\t<span class=\"elementor-button-text\">Je visite le site<\/span>\n\t\t\t\t\t<\/span>\n\t\t\t\t\t<\/a>\n\t\t\t\t<\/div>\n\t\t\t\t\t\t\t\t<\/div>\n\t\t\t\t<\/div>\n\t\t\t\t<div class=\"elementor-element elementor-element-3abeaf0 elementor-widget elementor-widget-heading\" data-id=\"3abeaf0\" data-element_type=\"widget\" data-e-type=\"widget\" data-widget_type=\"heading.default\">\n\t\t\t\t<div class=\"elementor-widget-container\">\n\t\t\t\t\t<h3 class=\"elementor-heading-title elementor-size-default\">La grande histoire de Veran : <\/h3>\t\t\t\t<\/div>\n\t\t\t\t<\/div>\n\t\t\t\t<div class=\"elementor-element elementor-element-ea74bd7 elementor-widget elementor-widget-text-editor\" data-id=\"ea74bd7\" data-element_type=\"widget\" data-e-type=\"widget\" data-widget_type=\"text-editor.default\">\n\t\t\t\t<div class=\"elementor-widget-container\">\n\t\t\t\t\t\t\t\t\t<p>Cr\u00e9\u00e9e par Ernest Veran, l\u2019enseigne a \u00e9t\u00e9 transmise de g\u00e9n\u00e9ration en g\u00e9n\u00e9ration. C\u2019est Guy Veran, petit-fils du fondateur, qui a choisi de se consacrer pleinement au v\u00e9lo, abandonnant le cycle motoris\u00e9 en 1970.<\/p><p>En 2000, \u00e0 22 ans, <strong>Nicolas Martin<\/strong>, ancien coureur national, reprend le flambeau pour r\u00e9aliser un r\u00eave : vivre de sa passion pour le v\u00e9lo. Form\u00e9 pendant trois ans par Guy Veran, v\u00e9ritable ma\u00eetre d\u2019apprentissage, il y apprend l\u2019amour du travail bien fait, le sens du d\u00e9tail et l\u2019exigence de qualit\u00e9.<\/p><p>Aujourd\u2019hui, plus de 20 ans apr\u00e8s ses d\u00e9buts, Nicolas est entour\u00e9 d\u2019une \u00e9quipe de passionn\u00e9s.\u00a0<\/p>\t\t\t\t\t\t\t\t<\/div>\n\t\t\t\t<\/div>\n\t\t\t\t<div class=\"elementor-element elementor-element-a4e6b82 elementor-arrows-position-inside elementor-pagination-position-outside elementor-widget elementor-widget-image-carousel\" data-id=\"a4e6b82\" data-element_type=\"widget\" data-e-type=\"widget\" data-settings=\"{&quot;navigation&quot;:&quot;both&quot;,&quot;autoplay&quot;:&quot;yes&quot;,&quot;pause_on_hover&quot;:&quot;yes&quot;,&quot;pause_on_interaction&quot;:&quot;yes&quot;,&quot;autoplay_speed&quot;:5000,&quot;infinite&quot;:&quot;yes&quot;,&quot;speed&quot;:500}\" data-widget_type=\"image-carousel.default\">\n\t\t\t\t<div class=\"elementor-widget-container\">\n\t\t\t\t\t\t\t<div class=\"elementor-image-carousel-wrapper swiper\" role=\"region\" aria-roledescription=\"carousel\" aria-label=\"Carrousel d\u2019images\" dir=\"ltr\">\n\t\t\t<div class=\"elementor-image-carousel swiper-wrapper\" aria-live=\"off\">\n\t\t\t\t\t\t\t\t<div class=\"swiper-slide\" role=\"group\" aria-roledescription=\"slide\" aria-label=\"1 sur 5\"><figure class=\"swiper-slide-inner\"><img decoding=\"async\" class=\"swiper-slide-image\" src=\"https:\/\/www.cycles-blain.com\/fr\/wp-content\/uploads\/2025\/04\/Edgar-263x300-1-150x150.jpg\" alt=\"Edgar\" \/><figcaption class=\"elementor-image-carousel-caption\">Edgar <\/figcaption><\/figure><\/div><div class=\"swiper-slide\" role=\"group\" aria-roledescription=\"slide\" aria-label=\"2 sur 5\"><figure class=\"swiper-slide-inner\"><img decoding=\"async\" class=\"swiper-slide-image\" src=\"https:\/\/www.cycles-blain.com\/fr\/wp-content\/uploads\/2025\/04\/James-263x300-1-150x150.jpg\" alt=\"James\" \/><figcaption class=\"elementor-image-carousel-caption\">James <\/figcaption><\/figure><\/div><div class=\"swiper-slide\" role=\"group\" aria-roledescription=\"slide\" aria-label=\"3 sur 5\"><figure class=\"swiper-slide-inner\"><img decoding=\"async\" class=\"swiper-slide-image\" src=\"https:\/\/www.cycles-blain.com\/fr\/wp-content\/uploads\/2025\/04\/Nicolas-263x300-1-150x150.jpg\" alt=\"Nicolas\" \/><figcaption class=\"elementor-image-carousel-caption\">Nicolas <\/figcaption><\/figure><\/div><div class=\"swiper-slide\" role=\"group\" aria-roledescription=\"slide\" aria-label=\"4 sur 5\"><figure class=\"swiper-slide-inner\"><img decoding=\"async\" class=\"swiper-slide-image\" src=\"https:\/\/www.cycles-blain.com\/fr\/wp-content\/uploads\/2025\/04\/Kevin-263x300-1-150x150.jpg\" alt=\"Kevin\" \/><figcaption class=\"elementor-image-carousel-caption\">Kevin <\/figcaption><\/figure><\/div><div class=\"swiper-slide\" role=\"group\" aria-roledescription=\"slide\" aria-label=\"5 sur 5\"><figure class=\"swiper-slide-inner\"><img decoding=\"async\" class=\"swiper-slide-image\" src=\"https:\/\/www.cycles-blain.com\/fr\/wp-content\/uploads\/2025\/04\/Jules-263x300-1-150x150.jpg\" alt=\"Jules\" \/><figcaption class=\"elementor-image-carousel-caption\">Jules <\/figcaption><\/figure><\/div>\t\t\t<\/div>\n\t\t\t\t\t\t\t\t\t\t\t\t<div class=\"elementor-swiper-button elementor-swiper-button-prev\" role=\"button\" tabindex=\"0\">\n\t\t\t\t\t\t<i aria-hidden=\"true\" class=\"eicon-chevron-left\"><\/i>\t\t\t\t\t<\/div>\n\t\t\t\t\t<div class=\"elementor-swiper-button elementor-swiper-button-next\" role=\"button\" tabindex=\"0\">\n\t\t\t\t\t\t<i aria-hidden=\"true\" class=\"eicon-chevron-right\"><\/i>\t\t\t\t\t<\/div>\n\t\t\t\t\n\t\t\t\t\t\t\t\t\t<div class=\"swiper-pagination\"><\/div>\n\t\t\t\t\t\t\t\t\t<\/div>\n\t\t\t\t\t\t<\/div>\n\t\t\t\t<\/div>\n\t\t\t\t<div class=\"elementor-element elementor-element-179641c elementor-widget elementor-widget-text-editor\" data-id=\"179641c\" data-element_type=\"widget\" data-e-type=\"widget\" data-widget_type=\"text-editor.default\">\n\t\t\t\t<div class=\"elementor-widget-container\">\n\t\t\t\t\t\t\t\t\t<p>Les Cycles Veran sont r\u00e9partis en trois boutiques sp\u00e9cialis\u00e9es sur le quai Pierre-Scize \u00e0 Lyon 5 :<\/p>\n<ol>\n<li>Tous les\u00a0<strong><a href=\"https:\/\/www.cyclesveran.fr\/vtc-velo-ville-urbain-veran-lyon5\/\" target=\"_blank\" rel=\"noopener\">v\u00e9los de ville et chemins<\/a>\u00a0en musculaires et en\u00a0<a href=\"https:\/\/www.cyclesveran.fr\/velo-electrique-cycles-veran-lyon5\/\" target=\"_blank\" rel=\"noopener\">v\u00e9los \u00e9lectriques<\/a>\u00a0<\/strong>au 112 avec les v\u00e9los polyvalents et fiables de Kalkhoff, Trek et Lapierre,<\/li>\n<li>L&rsquo;ensemble des\u00a0<b><a href=\"https:\/\/www.cyclesveran.fr\/velo-route-gravel\/\" target=\"_blank\" rel=\"noopener\">v\u00e9los de route\u00a0et gravels<\/a>\u00a0<\/b>au 108 avec des marques prestigieuses comme Time, Colnago, Trek mais aussi la marque Fran\u00e7aise de Lapierre,<\/li>\n<li>Les <strong>VTT<\/strong>\u00a0musculaires et les <b>VTT Electriques<\/b> au 112 en particulier des marques Trek et Lapierre<\/li>\n<li><strong><a href=\"https:\/\/www.cycles-blain.com\/content\/31-atelier-velo-lyon-5-veran\" target=\"_blank\" rel=\"noopener\">L&rsquo;atelier r\u00e9paration au 111<\/a>\u00a0<\/strong>qui entretien et r\u00e9pare tous les v\u00e9los de toutes les marques !<br \/><br \/>Sans oublier les accessoires, les \u00e9quipements cyclistes et les produits d&rsquo;entretiens s\u00e9lectionn\u00e9s par les Cycles Veran dans chaque boutique et pour chaque pratique qu&rsquo;elle soit en loisir, v\u00e9lotaf ou sportive !<\/li>\n<\/ol>\n<p>En fin d\u2019ann\u00e9e 2023, le magasin Cycles Veran poursuit son aventure en rejoignant <strong>le groupe Cycles Blain<\/strong>, devenant ainsi le 10\u1d49 magasin du groupe, qui comptait d\u00e9j\u00e0 9 magasins et atelier v\u00e9lo autour de Lyon.<\/p>\n<p>Des travaux sont entrepris, les \u00e9quipes s\u2019\u00e9toffent, et l\u2019offre comme les services continuent d\u2019\u00e9voluer, notamment avec l\u2019am\u00e9lioration de la boutique en ligne.<\/p>\n<p>L\u2019\u00e9quipe des Cycles Veran reste fid\u00e8le \u00e0 ses valeurs fondatrices : <strong>qualit\u00e9, honn\u00eatet\u00e9, conseil, et partage de la passion du v\u00e9lo.<\/strong><\/p>\t\t\t\t\t\t\t\t<\/div>\n\t\t\t\t<\/div>\n\t\t\t\t<div class=\"elementor-element elementor-element-d0c639c elementor-arrows-position-inside elementor-pagination-position-outside elementor-widget elementor-widget-image-carousel\" data-id=\"d0c639c\" data-element_type=\"widget\" data-e-type=\"widget\" data-settings=\"{&quot;navigation&quot;:&quot;both&quot;,&quot;autoplay&quot;:&quot;yes&quot;,&quot;pause_on_hover&quot;:&quot;yes&quot;,&quot;pause_on_interaction&quot;:&quot;yes&quot;,&quot;autoplay_speed&quot;:5000,&quot;infinite&quot;:&quot;yes&quot;,&quot;speed&quot;:500}\" data-widget_type=\"image-carousel.default\">\n\t\t\t\t<div class=\"elementor-widget-container\">\n\t\t\t\t\t\t\t<div class=\"elementor-image-carousel-wrapper swiper\" role=\"region\" aria-roledescription=\"carousel\" aria-label=\"Carrousel d\u2019images\" dir=\"ltr\">\n\t\t\t<div class=\"elementor-image-carousel swiper-wrapper\" aria-live=\"off\">\n\t\t\t\t\t\t\t\t<div class=\"swiper-slide\" role=\"group\" aria-roledescription=\"slide\" aria-label=\"1 sur 3\"><figure class=\"swiper-slide-inner\"><img decoding=\"async\" class=\"swiper-slide-image\" src=\"https:\/\/www.cycles-blain.com\/fr\/wp-content\/uploads\/2025\/04\/tempImagecwYjLl-scaled-e1744630830384-225x300.jpg\" alt=\"Int\u00e9rieur magasin Veran\" \/><\/figure><\/div><div class=\"swiper-slide\" role=\"group\" aria-roledescription=\"slide\" aria-label=\"2 sur 3\"><figure class=\"swiper-slide-inner\"><img decoding=\"async\" class=\"swiper-slide-image\" src=\"https:\/\/www.cycles-blain.com\/fr\/wp-content\/uploads\/2025\/04\/tempImageLD6Ymg-scaled-e1744631110567-225x300.jpg\" alt=\"Atelier\" \/><\/figure><\/div><div class=\"swiper-slide\" role=\"group\" aria-roledescription=\"slide\" aria-label=\"3 sur 3\"><figure class=\"swiper-slide-inner\"><img decoding=\"async\" class=\"swiper-slide-image\" src=\"https:\/\/www.cycles-blain.com\/fr\/wp-content\/uploads\/2025\/04\/tempImagedTBK0q-scaled-e1744637125756-225x300.jpg\" alt=\"Photo Veran\" \/><\/figure><\/div>\t\t\t<\/div>\n\t\t\t\t\t\t\t\t\t\t\t\t<div class=\"elementor-swiper-button elementor-swiper-button-prev\" role=\"button\" tabindex=\"0\">\n\t\t\t\t\t\t<i aria-hidden=\"true\" class=\"eicon-chevron-left\"><\/i>\t\t\t\t\t<\/div>\n\t\t\t\t\t<div class=\"elementor-swiper-button elementor-swiper-button-next\" role=\"button\" tabindex=\"0\">\n\t\t\t\t\t\t<i aria-hidden=\"true\" class=\"eicon-chevron-right\"><\/i>\t\t\t\t\t<\/div>\n\t\t\t\t\n\t\t\t\t\t\t\t\t\t<div class=\"swiper-pagination\"><\/div>\n\t\t\t\t\t\t\t\t\t<\/div>\n\t\t\t\t\t\t<\/div>\n\t\t\t\t<\/div>\n\t\t\t\t\t<\/div>\n\t\t\t\t<\/div>\n\t\t<div class=\"elementor-element elementor-element-147368c e-flex e-con-boxed e-con e-parent\" data-id=\"147368c\" data-element_type=\"container\" data-e-type=\"container\">\n\t\t\t\t\t<div class=\"e-con-inner\">\n\t\t\t\t<div class=\"elementor-element elementor-element-6778107 elementor-align-center elementor-widget elementor-widget-button\" data-id=\"6778107\" data-element_type=\"widget\" data-e-type=\"widget\" data-widget_type=\"button.default\">\n\t\t\t\t<div class=\"elementor-widget-container\">\n\t\t\t\t\t\t\t\t\t<div class=\"elementor-button-wrapper\">\n\t\t\t\t\t<a class=\"elementor-button elementor-button-link elementor-size-sm\" href=\"https:\/\/www.cycles-blain.com\/content\/14-magasin-velos-lyon-5-veran\">\n\t\t\t\t\t\t<span class=\"elementor-button-content-wrapper\">\n\t\t\t\t\t\t\t\t\t<span class=\"elementor-button-text\">Je trouve le magasin VERAN<\/span>\n\t\t\t\t\t<\/span>\n\t\t\t\t\t<\/a>\n\t\t\t\t<\/div>\n\t\t\t\t\t\t\t\t<\/div>\n\t\t\t\t<\/div>\n\t\t\t\t\t<\/div>\n\t\t\t\t<\/div>\n\t\t\t\t<\/div>\n\t\t","protected":false},"excerpt":{"rendered":"<p>Le nouveau site Cyclesveran.fr est en ligne : pr\u00e9sentation du magasin, des services et des marques de v\u00e9los disponibles en magasins avec un acc\u00e8s direct vers la boutique en ligne cycles-blain.com<\/p>\n","protected":false},"author":4,"featured_media":13809,"comment_status":"open","ping_status":"open","sticky":false,"template":"","format":"standard","meta":{"site-sidebar-layout":"default","site-content-layout":"","ast-site-content-layout":"default","site-content-style":"default","site-sidebar-style":"default","ast-global-header-display":"","ast-banner-title-visibility":"","ast-main-header-display":"","ast-hfb-above-header-display":"","ast-hfb-below-header-display":"","ast-hfb-mobile-header-display":"","site-post-title":"","ast-breadcrumbs-content":"","ast-featured-img":"","footer-sml-layout":"","theme-transparent-header-meta":"","adv-header-id-meta":"","stick-header-meta":"","header-above-stick-meta":"","header-main-stick-meta":"","header-below-stick-meta":"","astra-migrate-meta-layouts":"set","ast-page-background-enabled":"default","ast-page-background-meta":{"desktop":{"background-color":"","background-image":"","background-repeat":"repeat","background-position":"center center","background-size":"auto","background-attachment":"scroll","background-type":"","background-media":"","overlay-type":"","overlay-color":"","overlay-gradient":""},"tablet":{"background-color":"","background-image":"","background-repeat":"repeat","background-position":"center center","background-size":"auto","background-attachment":"scroll","background-type":"","background-media":"","overlay-type":"","overlay-color":"","overlay-gradient":""},"mobile":{"background-color":"","background-image":"","background-repeat":"repeat","background-position":"center center","background-size":"auto","background-attachment":"scroll","background-type":"","background-media":"","overlay-type":"","overlay-color":"","overlay-gradient":""}},"ast-content-background-meta":{"desktop":{"background-color":"var(--ast-global-color-5)","background-image":"","background-repeat":"repeat","background-position":"center center","background-size":"auto","background-attachment":"scroll","background-type":"","background-media":"","overlay-type":"","overlay-color":"","overlay-gradient":""},"tablet":{"background-color":"var(--ast-global-color-5)","background-image":"","background-repeat":"repeat","background-position":"center center","background-size":"auto","background-attachment":"scroll","background-type":"","background-media":"","overlay-type":"","overlay-color":"","overlay-gradient":""},"mobile":{"background-color":"var(--ast-global-color-5)","background-image":"","background-repeat":"repeat","background-position":"center center","background-size":"auto","background-attachment":"scroll","background-type":"","background-media":"","overlay-type":"","overlay-color":"","overlay-gradient":""}},"footnotes":""},"categories":[6,88,67,81],"tags":[195,107],"class_list":["post-13746","post","type-post","status-publish","format-standard","has-post-thumbnail","hentry","category-magasins-velo","category-atelier-reparation","category-etude-posturale-velo","category-magasin-lyon-5","tag-cyclesveran","tag-lyon-5"],"yoast_head":"<!-- This site is optimized with the Yoast SEO plugin v27.5 - https:\/\/yoast.com\/product\/yoast-seo-wordpress\/ -->\n<title>Nouveau site CyclesVeran.fr - Bienvenue au magasin de Lyon 5<\/title>\n<meta name=\"description\" content=\"CyclesVeran.fr : nouveau site des magasins Cycles Veran \u00e0 Lyon 5 : pr\u00e9sentation du magasin, des services et des marques de v\u00e9los...\" \/>\n<meta name=\"robots\" content=\"index, follow, max-snippet:-1, max-image-preview:large, max-video-preview:-1\" \/>\n<link rel=\"canonical\" href=\"https:\/\/www.cycles-blain.com\/fr\/magasins-velo\/nouveau-site-veran\/\" \/>\n<meta property=\"og:locale\" content=\"fr_FR\" \/>\n<meta property=\"og:type\" content=\"article\" \/>\n<meta property=\"og:title\" content=\"Nouveau site CyclesVeran.fr - Bienvenue au magasin de Lyon 5\" \/>\n<meta property=\"og:description\" content=\"CyclesVeran.fr : nouveau site des magasins Cycles Veran \u00e0 Lyon 5 : pr\u00e9sentation du magasin, des services et des marques de v\u00e9los...\" \/>\n<meta property=\"og:url\" content=\"https:\/\/www.cycles-blain.com\/fr\/magasins-velo\/nouveau-site-veran\/\" \/>\n<meta property=\"og:site_name\" content=\"CyclesBlain - Magasins de v\u00e9los, accessoires et ateliers\" \/>\n<meta property=\"article:publisher\" content=\"https:\/\/www.facebook.com\/cyclesblain\/?locale=fr_FR\" \/>\n<meta property=\"article:published_time\" content=\"2025-04-14T13:33:00+00:00\" \/>\n<meta property=\"article:modified_time\" content=\"2025-04-16T07:09:38+00:00\" \/>\n<meta property=\"og:image\" content=\"https:\/\/www.cycles-blain.com\/fr\/wp-content\/uploads\/2025\/04\/Design-sans-titre-5.png\" \/>\n\t<meta property=\"og:image:width\" content=\"600\" \/>\n\t<meta property=\"og:image:height\" content=\"400\" \/>\n\t<meta property=\"og:image:type\" content=\"image\/png\" \/>\n<meta name=\"author\" content=\"Lou-Anne\" \/>\n<meta name=\"twitter:card\" content=\"summary_large_image\" \/>\n<meta name=\"twitter:label1\" content=\"\u00c9crit par\" \/>\n\t<meta name=\"twitter:data1\" content=\"Lou-Anne\" \/>\n\t<meta name=\"twitter:label2\" content=\"Dur\u00e9e de lecture estim\u00e9e\" \/>\n\t<meta name=\"twitter:data2\" content=\"7 minutes\" \/>\n<script type=\"application\/ld+json\" class=\"yoast-schema-graph\">{\"@context\":\"https:\\\/\\\/schema.org\",\"@graph\":[{\"@type\":\"Article\",\"@id\":\"https:\\\/\\\/www.cycles-blain.com\\\/fr\\\/magasins-velo\\\/nouveau-site-veran\\\/#article\",\"isPartOf\":{\"@id\":\"https:\\\/\\\/www.cycles-blain.com\\\/fr\\\/magasins-velo\\\/nouveau-site-veran\\\/\"},\"author\":{\"name\":\"Lou-Anne\",\"@id\":\"https:\\\/\\\/www.cycles-blain.com\\\/fr\\\/#\\\/schema\\\/person\\\/2e532610e6e45d290a29e480c00cc742\"},\"headline\":\"Nouveau site CyclesVeran.fr\",\"datePublished\":\"2025-04-14T13:33:00+00:00\",\"dateModified\":\"2025-04-16T07:09:38+00:00\",\"mainEntityOfPage\":{\"@id\":\"https:\\\/\\\/www.cycles-blain.com\\\/fr\\\/magasins-velo\\\/nouveau-site-veran\\\/\"},\"wordCount\":590,\"commentCount\":0,\"publisher\":{\"@id\":\"https:\\\/\\\/www.cycles-blain.com\\\/fr\\\/#organization\"},\"image\":{\"@id\":\"https:\\\/\\\/www.cycles-blain.com\\\/fr\\\/magasins-velo\\\/nouveau-site-veran\\\/#primaryimage\"},\"thumbnailUrl\":\"https:\\\/\\\/www.cycles-blain.com\\\/fr\\\/wp-content\\\/uploads\\\/2025\\\/04\\\/Design-sans-titre-5.png\",\"keywords\":[\"cyclesveran\",\"lyon 5\"],\"articleSection\":[\"Actus Magasins\",\"Atelier\",\"Etude Posturale V\u00e9lo\",\"Magasin-CyclesVeran\"],\"inLanguage\":\"fr-FR\",\"potentialAction\":[{\"@type\":\"CommentAction\",\"name\":\"Comment\",\"target\":[\"https:\\\/\\\/www.cycles-blain.com\\\/fr\\\/magasins-velo\\\/nouveau-site-veran\\\/#respond\"]}]},{\"@type\":\"WebPage\",\"@id\":\"https:\\\/\\\/www.cycles-blain.com\\\/fr\\\/magasins-velo\\\/nouveau-site-veran\\\/\",\"url\":\"https:\\\/\\\/www.cycles-blain.com\\\/fr\\\/magasins-velo\\\/nouveau-site-veran\\\/\",\"name\":\"Nouveau site CyclesVeran.fr - Bienvenue au magasin de Lyon 5\",\"isPartOf\":{\"@id\":\"https:\\\/\\\/www.cycles-blain.com\\\/fr\\\/#website\"},\"primaryImageOfPage\":{\"@id\":\"https:\\\/\\\/www.cycles-blain.com\\\/fr\\\/magasins-velo\\\/nouveau-site-veran\\\/#primaryimage\"},\"image\":{\"@id\":\"https:\\\/\\\/www.cycles-blain.com\\\/fr\\\/magasins-velo\\\/nouveau-site-veran\\\/#primaryimage\"},\"thumbnailUrl\":\"https:\\\/\\\/www.cycles-blain.com\\\/fr\\\/wp-content\\\/uploads\\\/2025\\\/04\\\/Design-sans-titre-5.png\",\"datePublished\":\"2025-04-14T13:33:00+00:00\",\"dateModified\":\"2025-04-16T07:09:38+00:00\",\"description\":\"CyclesVeran.fr : nouveau site des magasins Cycles Veran \u00e0 Lyon 5 : pr\u00e9sentation du magasin, des services et des marques de v\u00e9los...\",\"breadcrumb\":{\"@id\":\"https:\\\/\\\/www.cycles-blain.com\\\/fr\\\/magasins-velo\\\/nouveau-site-veran\\\/#breadcrumb\"},\"inLanguage\":\"fr-FR\",\"potentialAction\":[{\"@type\":\"ReadAction\",\"target\":[\"https:\\\/\\\/www.cycles-blain.com\\\/fr\\\/magasins-velo\\\/nouveau-site-veran\\\/\"]}]},{\"@type\":\"ImageObject\",\"inLanguage\":\"fr-FR\",\"@id\":\"https:\\\/\\\/www.cycles-blain.com\\\/fr\\\/magasins-velo\\\/nouveau-site-veran\\\/#primaryimage\",\"url\":\"https:\\\/\\\/www.cycles-blain.com\\\/fr\\\/wp-content\\\/uploads\\\/2025\\\/04\\\/Design-sans-titre-5.png\",\"contentUrl\":\"https:\\\/\\\/www.cycles-blain.com\\\/fr\\\/wp-content\\\/uploads\\\/2025\\\/04\\\/Design-sans-titre-5.png\",\"width\":600,\"height\":400,\"caption\":\"Nouveau site Veran\"},{\"@type\":\"BreadcrumbList\",\"@id\":\"https:\\\/\\\/www.cycles-blain.com\\\/fr\\\/magasins-velo\\\/nouveau-site-veran\\\/#breadcrumb\",\"itemListElement\":[{\"@type\":\"ListItem\",\"position\":1,\"name\":\"Accueil\",\"item\":\"https:\\\/\\\/www.cycles-blain.com\\\/fr\\\/\"},{\"@type\":\"ListItem\",\"position\":2,\"name\":\"Nouveau site CyclesVeran.fr\"}]},{\"@type\":\"WebSite\",\"@id\":\"https:\\\/\\\/www.cycles-blain.com\\\/fr\\\/#website\",\"url\":\"https:\\\/\\\/www.cycles-blain.com\\\/fr\\\/\",\"name\":\"CyclesBlain - Magasins de v\u00e9los, accessoires et ateliers\",\"description\":\"Blog Cycles Blain\",\"publisher\":{\"@id\":\"https:\\\/\\\/www.cycles-blain.com\\\/fr\\\/#organization\"},\"potentialAction\":[{\"@type\":\"SearchAction\",\"target\":{\"@type\":\"EntryPoint\",\"urlTemplate\":\"https:\\\/\\\/www.cycles-blain.com\\\/fr\\\/?s={search_term_string}\"},\"query-input\":{\"@type\":\"PropertyValueSpecification\",\"valueRequired\":true,\"valueName\":\"search_term_string\"}}],\"inLanguage\":\"fr-FR\"},{\"@type\":\"Organization\",\"@id\":\"https:\\\/\\\/www.cycles-blain.com\\\/fr\\\/#organization\",\"name\":\"CyclesBlain - Magasins de v\u00e9los, accessoires et ateliers\",\"url\":\"https:\\\/\\\/www.cycles-blain.com\\\/fr\\\/\",\"logo\":{\"@type\":\"ImageObject\",\"inLanguage\":\"fr-FR\",\"@id\":\"https:\\\/\\\/www.cycles-blain.com\\\/fr\\\/#\\\/schema\\\/logo\\\/image\\\/\",\"url\":\"https:\\\/\\\/www.cycles-blain.com\\\/fr\\\/wp-content\\\/uploads\\\/2023\\\/10\\\/logo-cycles-blain.jpeg\",\"contentUrl\":\"https:\\\/\\\/www.cycles-blain.com\\\/fr\\\/wp-content\\\/uploads\\\/2023\\\/10\\\/logo-cycles-blain.jpeg\",\"width\":264,\"height\":191,\"caption\":\"CyclesBlain - Magasins de v\u00e9los, accessoires et ateliers\"},\"image\":{\"@id\":\"https:\\\/\\\/www.cycles-blain.com\\\/fr\\\/#\\\/schema\\\/logo\\\/image\\\/\"},\"sameAs\":[\"https:\\\/\\\/www.facebook.com\\\/cyclesblain\\\/?locale=fr_FR\",\"https:\\\/\\\/www.instagram.com\\\/cycles_blain\\\/?hl=fr\"]},{\"@type\":\"Person\",\"@id\":\"https:\\\/\\\/www.cycles-blain.com\\\/fr\\\/#\\\/schema\\\/person\\\/2e532610e6e45d290a29e480c00cc742\",\"name\":\"Lou-Anne\",\"image\":{\"@type\":\"ImageObject\",\"inLanguage\":\"fr-FR\",\"@id\":\"https:\\\/\\\/secure.gravatar.com\\\/avatar\\\/fc66047eecb12b1dd0e5dd77ae839eef6f5705cede9df1aa88eec9ecfd50b1ab?s=96&d=mm&r=g\",\"url\":\"https:\\\/\\\/secure.gravatar.com\\\/avatar\\\/fc66047eecb12b1dd0e5dd77ae839eef6f5705cede9df1aa88eec9ecfd50b1ab?s=96&d=mm&r=g\",\"contentUrl\":\"https:\\\/\\\/secure.gravatar.com\\\/avatar\\\/fc66047eecb12b1dd0e5dd77ae839eef6f5705cede9df1aa88eec9ecfd50b1ab?s=96&d=mm&r=g\",\"caption\":\"Lou-Anne\"},\"url\":\"https:\\\/\\\/www.cycles-blain.com\\\/fr\\\/author\\\/lou-anne\\\/\"}]}<\/script>\n<!-- \/ Yoast SEO plugin. -->","yoast_head_json":{"title":"Nouveau site CyclesVeran.fr - Bienvenue au magasin de Lyon 5","description":"CyclesVeran.fr : nouveau site des magasins Cycles Veran \u00e0 Lyon 5 : pr\u00e9sentation du magasin, des services et des marques de v\u00e9los...","robots":{"index":"index","follow":"follow","max-snippet":"max-snippet:-1","max-image-preview":"max-image-preview:large","max-video-preview":"max-video-preview:-1"},"canonical":"https:\/\/www.cycles-blain.com\/fr\/magasins-velo\/nouveau-site-veran\/","og_locale":"fr_FR","og_type":"article","og_title":"Nouveau site CyclesVeran.fr - Bienvenue au magasin de Lyon 5","og_description":"CyclesVeran.fr : nouveau site des magasins Cycles Veran \u00e0 Lyon 5 : pr\u00e9sentation du magasin, des services et des marques de v\u00e9los...","og_url":"https:\/\/www.cycles-blain.com\/fr\/magasins-velo\/nouveau-site-veran\/","og_site_name":"CyclesBlain - Magasins de v\u00e9los, accessoires et ateliers","article_publisher":"https:\/\/www.facebook.com\/cyclesblain\/?locale=fr_FR","article_published_time":"2025-04-14T13:33:00+00:00","article_modified_time":"2025-04-16T07:09:38+00:00","og_image":[{"width":600,"height":400,"url":"https:\/\/www.cycles-blain.com\/fr\/wp-content\/uploads\/2025\/04\/Design-sans-titre-5.png","type":"image\/png"}],"author":"Lou-Anne","twitter_card":"summary_large_image","twitter_misc":{"\u00c9crit par":"Lou-Anne","Dur\u00e9e de lecture estim\u00e9e":"7 minutes"},"schema":{"@context":"https:\/\/schema.org","@graph":[{"@type":"Article","@id":"https:\/\/www.cycles-blain.com\/fr\/magasins-velo\/nouveau-site-veran\/#article","isPartOf":{"@id":"https:\/\/www.cycles-blain.com\/fr\/magasins-velo\/nouveau-site-veran\/"},"author":{"name":"Lou-Anne","@id":"https:\/\/www.cycles-blain.com\/fr\/#\/schema\/person\/2e532610e6e45d290a29e480c00cc742"},"headline":"Nouveau site CyclesVeran.fr","datePublished":"2025-04-14T13:33:00+00:00","dateModified":"2025-04-16T07:09:38+00:00","mainEntityOfPage":{"@id":"https:\/\/www.cycles-blain.com\/fr\/magasins-velo\/nouveau-site-veran\/"},"wordCount":590,"commentCount":0,"publisher":{"@id":"https:\/\/www.cycles-blain.com\/fr\/#organization"},"image":{"@id":"https:\/\/www.cycles-blain.com\/fr\/magasins-velo\/nouveau-site-veran\/#primaryimage"},"thumbnailUrl":"https:\/\/www.cycles-blain.com\/fr\/wp-content\/uploads\/2025\/04\/Design-sans-titre-5.png","keywords":["cyclesveran","lyon 5"],"articleSection":["Actus Magasins","Atelier","Etude Posturale V\u00e9lo","Magasin-CyclesVeran"],"inLanguage":"fr-FR","potentialAction":[{"@type":"CommentAction","name":"Comment","target":["https:\/\/www.cycles-blain.com\/fr\/magasins-velo\/nouveau-site-veran\/#respond"]}]},{"@type":"WebPage","@id":"https:\/\/www.cycles-blain.com\/fr\/magasins-velo\/nouveau-site-veran\/","url":"https:\/\/www.cycles-blain.com\/fr\/magasins-velo\/nouveau-site-veran\/","name":"Nouveau site CyclesVeran.fr - Bienvenue au magasin de Lyon 5","isPartOf":{"@id":"https:\/\/www.cycles-blain.com\/fr\/#website"},"primaryImageOfPage":{"@id":"https:\/\/www.cycles-blain.com\/fr\/magasins-velo\/nouveau-site-veran\/#primaryimage"},"image":{"@id":"https:\/\/www.cycles-blain.com\/fr\/magasins-velo\/nouveau-site-veran\/#primaryimage"},"thumbnailUrl":"https:\/\/www.cycles-blain.com\/fr\/wp-content\/uploads\/2025\/04\/Design-sans-titre-5.png","datePublished":"2025-04-14T13:33:00+00:00","dateModified":"2025-04-16T07:09:38+00:00","description":"CyclesVeran.fr : nouveau site des magasins Cycles Veran \u00e0 Lyon 5 : pr\u00e9sentation du magasin, des services et des marques de v\u00e9los...","breadcrumb":{"@id":"https:\/\/www.cycles-blain.com\/fr\/magasins-velo\/nouveau-site-veran\/#breadcrumb"},"inLanguage":"fr-FR","potentialAction":[{"@type":"ReadAction","target":["https:\/\/www.cycles-blain.com\/fr\/magasins-velo\/nouveau-site-veran\/"]}]},{"@type":"ImageObject","inLanguage":"fr-FR","@id":"https:\/\/www.cycles-blain.com\/fr\/magasins-velo\/nouveau-site-veran\/#primaryimage","url":"https:\/\/www.cycles-blain.com\/fr\/wp-content\/uploads\/2025\/04\/Design-sans-titre-5.png","contentUrl":"https:\/\/www.cycles-blain.com\/fr\/wp-content\/uploads\/2025\/04\/Design-sans-titre-5.png","width":600,"height":400,"caption":"Nouveau site Veran"},{"@type":"BreadcrumbList","@id":"https:\/\/www.cycles-blain.com\/fr\/magasins-velo\/nouveau-site-veran\/#breadcrumb","itemListElement":[{"@type":"ListItem","position":1,"name":"Accueil","item":"https:\/\/www.cycles-blain.com\/fr\/"},{"@type":"ListItem","position":2,"name":"Nouveau site CyclesVeran.fr"}]},{"@type":"WebSite","@id":"https:\/\/www.cycles-blain.com\/fr\/#website","url":"https:\/\/www.cycles-blain.com\/fr\/","name":"CyclesBlain - Magasins de v\u00e9los, accessoires et ateliers","description":"Blog Cycles Blain","publisher":{"@id":"https:\/\/www.cycles-blain.com\/fr\/#organization"},"potentialAction":[{"@type":"SearchAction","target":{"@type":"EntryPoint","urlTemplate":"https:\/\/www.cycles-blain.com\/fr\/?s={search_term_string}"},"query-input":{"@type":"PropertyValueSpecification","valueRequired":true,"valueName":"search_term_string"}}],"inLanguage":"fr-FR"},{"@type":"Organization","@id":"https:\/\/www.cycles-blain.com\/fr\/#organization","name":"CyclesBlain - Magasins de v\u00e9los, accessoires et ateliers","url":"https:\/\/www.cycles-blain.com\/fr\/","logo":{"@type":"ImageObject","inLanguage":"fr-FR","@id":"https:\/\/www.cycles-blain.com\/fr\/#\/schema\/logo\/image\/","url":"https:\/\/www.cycles-blain.com\/fr\/wp-content\/uploads\/2023\/10\/logo-cycles-blain.jpeg","contentUrl":"https:\/\/www.cycles-blain.com\/fr\/wp-content\/uploads\/2023\/10\/logo-cycles-blain.jpeg","width":264,"height":191,"caption":"CyclesBlain - Magasins de v\u00e9los, accessoires et ateliers"},"image":{"@id":"https:\/\/www.cycles-blain.com\/fr\/#\/schema\/logo\/image\/"},"sameAs":["https:\/\/www.facebook.com\/cyclesblain\/?locale=fr_FR","https:\/\/www.instagram.com\/cycles_blain\/?hl=fr"]},{"@type":"Person","@id":"https:\/\/www.cycles-blain.com\/fr\/#\/schema\/person\/2e532610e6e45d290a29e480c00cc742","name":"Lou-Anne","image":{"@type":"ImageObject","inLanguage":"fr-FR","@id":"https:\/\/secure.gravatar.com\/avatar\/fc66047eecb12b1dd0e5dd77ae839eef6f5705cede9df1aa88eec9ecfd50b1ab?s=96&d=mm&r=g","url":"https:\/\/secure.gravatar.com\/avatar\/fc66047eecb12b1dd0e5dd77ae839eef6f5705cede9df1aa88eec9ecfd50b1ab?s=96&d=mm&r=g","contentUrl":"https:\/\/secure.gravatar.com\/avatar\/fc66047eecb12b1dd0e5dd77ae839eef6f5705cede9df1aa88eec9ecfd50b1ab?s=96&d=mm&r=g","caption":"Lou-Anne"},"url":"https:\/\/www.cycles-blain.com\/fr\/author\/lou-anne\/"}]}},"_links":{"self":[{"href":"https:\/\/www.cycles-blain.com\/fr\/wp-json\/wp\/v2\/posts\/13746","targetHints":{"allow":["GET"]}}],"collection":[{"href":"https:\/\/www.cycles-blain.com\/fr\/wp-json\/wp\/v2\/posts"}],"about":[{"href":"https:\/\/www.cycles-blain.com\/fr\/wp-json\/wp\/v2\/types\/post"}],"author":[{"embeddable":true,"href":"https:\/\/www.cycles-blain.com\/fr\/wp-json\/wp\/v2\/users\/4"}],"replies":[{"embeddable":true,"href":"https:\/\/www.cycles-blain.com\/fr\/wp-json\/wp\/v2\/comments?post=13746"}],"version-history":[{"count":68,"href":"https:\/\/www.cycles-blain.com\/fr\/wp-json\/wp\/v2\/posts\/13746\/revisions"}],"predecessor-version":[{"id":13874,"href":"https:\/\/www.cycles-blain.com\/fr\/wp-json\/wp\/v2\/posts\/13746\/revisions\/13874"}],"wp:featuredmedia":[{"embeddable":true,"href":"https:\/\/www.cycles-blain.com\/fr\/wp-json\/wp\/v2\/media\/13809"}],"wp:attachment":[{"href":"https:\/\/www.cycles-blain.com\/fr\/wp-json\/wp\/v2\/media?parent=13746"}],"wp:term":[{"taxonomy":"category","embeddable":true,"href":"https:\/\/www.cycles-blain.com\/fr\/wp-json\/wp\/v2\/categories?post=13746"},{"taxonomy":"post_tag","embeddable":true,"href":"https:\/\/www.cycles-blain.com\/fr\/wp-json\/wp\/v2\/tags?post=13746"}],"curies":[{"name":"wp","href":"https:\/\/api.w.org\/{rel}","templated":true}]}}