{"id":14436,"date":"2025-05-12T10:59:27","date_gmt":"2025-05-12T08:59:27","guid":{"rendered":"https:\/\/www.cycles-blain.com\/fr\/?p=14436"},"modified":"2025-07-15T17:24:24","modified_gmt":"2025-07-15T15:24:24","slug":"plus-puissant-et-plus-fun-le-moterra-2025-passe-a-la-vitesse-superieure","status":"publish","type":"post","link":"https:\/\/www.cycles-blain.com\/fr\/magasins-velo\/plus-puissant-et-plus-fun-le-moterra-2025-passe-a-la-vitesse-superieure\/","title":{"rendered":"Plus puissant et plus fun : le Moterra 2025 passe \u00e0 la vitesse sup\u00e9rieure !"},"content":{"rendered":"\t\t<div data-elementor-type=\"wp-post\" data-elementor-id=\"14436\" class=\"elementor elementor-14436\" data-elementor-post-type=\"post\">\n\t\t\t\t<div class=\"elementor-element elementor-element-9df948f e-flex e-con-boxed e-con e-parent\" data-id=\"9df948f\" data-element_type=\"container\" data-e-type=\"container\">\n\t\t\t\t\t<div class=\"e-con-inner\">\n\t\t\t\t<div class=\"elementor-element elementor-element-3b185e4 elementor-widget elementor-widget-text-editor\" data-id=\"3b185e4\" data-element_type=\"widget\" data-e-type=\"widget\" data-widget_type=\"text-editor.default\">\n\t\t\t\t<div class=\"elementor-widget-container\">\n\t\t\t\t\t\t\t\t\t<p><em>Pour 2025, Cannondale rebat les cartes de<\/em> <em>sa gamme Moterra avec un nouveau cadre full carbone, plus l\u00e9ger et aff\u00fbt\u00e9, pens\u00e9 pour repousser les limites de l\u2019assistance \u00e9lectrique. Toujours propuls\u00e9s par le moteur Bosch Performance CX et sa batterie 800 Wh, les nouveaux Moterra \u2014 en version classique ou LT \u2014 promettent des sensations \u00e0 la hauteur de leurs ambitions <span style=\"font-size: 16px;\">!<\/span><\/em><\/p>\t\t\t\t\t\t\t\t<\/div>\n\t\t\t\t<\/div>\n\t\t\t\t\t<\/div>\n\t\t\t\t<\/div>\n\t\t<div class=\"elementor-element elementor-element-f6ceb14 e-flex e-con-boxed e-con e-parent\" data-id=\"f6ceb14\" data-element_type=\"container\" data-e-type=\"container\">\n\t\t\t\t\t<div class=\"e-con-inner\">\n\t\t\t\t<div class=\"elementor-element elementor-element-994f166 elementor-widget elementor-widget-heading\" data-id=\"994f166\" data-element_type=\"widget\" data-e-type=\"widget\" data-widget_type=\"heading.default\">\n\t\t\t\t<div class=\"elementor-widget-container\">\n\t\t\t\t\t<h3 class=\"elementor-heading-title elementor-size-default\">Nouveau cadre carbone !<\/h3>\t\t\t\t<\/div>\n\t\t\t\t<\/div>\n\t\t\t\t\t<\/div>\n\t\t\t\t<\/div>\n\t\t<div class=\"elementor-element elementor-element-a92c8e1 e-flex e-con-boxed e-con e-parent\" data-id=\"a92c8e1\" data-element_type=\"container\" data-e-type=\"container\">\n\t\t\t\t\t<div class=\"e-con-inner\">\n\t\t\t\t<div class=\"elementor-element elementor-element-b391244 elementor-widget elementor-widget-text-editor\" data-id=\"b391244\" data-element_type=\"widget\" data-e-type=\"widget\" data-widget_type=\"text-editor.default\">\n\t\t\t\t<div class=\"elementor-widget-container\">\n\t\t\t\t\t\t\t\t\t<p>Pour cette derni\u00e8re g\u00e9n\u00e9ration du Mottera, Cannondale a fait le choix de passer \u00e0 un cadre full carbone, par cons\u00e9quent qui dit carbone dit l\u00e9g\u00e8ret\u00e9 ! Pour ce mod\u00e8le, nous sommes aux alentours des <strong>24 kg<\/strong>, contrairement aux 25 kg voire plus de son pr\u00e9d\u00e9cesseur.\u00a0<\/p>\t\t\t\t\t\t\t\t<\/div>\n\t\t\t\t<\/div>\n\t\t\t\t<div class=\"elementor-element elementor-element-46fdde4 elementor-widget elementor-widget-image\" data-id=\"46fdde4\" data-element_type=\"widget\" data-e-type=\"widget\" data-widget_type=\"image.default\">\n\t\t\t\t<div class=\"elementor-widget-container\">\n\t\t\t\t\t\t\t\t\t\t\t\t\t\t\t<img fetchpriority=\"high\" decoding=\"async\" width=\"768\" height=\"480\" src=\"https:\/\/www.cycles-blain.com\/fr\/wp-content\/uploads\/2025\/05\/C25_Moterra_Carbon_Tech_0001-768x480.jpg\" class=\"attachment-medium_large size-medium_large wp-image-14440\" alt=\"Cadre Carbone Moterra\" srcset=\"https:\/\/www.cycles-blain.com\/fr\/wp-content\/uploads\/2025\/05\/C25_Moterra_Carbon_Tech_0001-768x480.jpg 768w, https:\/\/www.cycles-blain.com\/fr\/wp-content\/uploads\/2025\/05\/C25_Moterra_Carbon_Tech_0001-300x187.jpg 300w, https:\/\/www.cycles-blain.com\/fr\/wp-content\/uploads\/2025\/05\/C25_Moterra_Carbon_Tech_0001-1024x640.jpg 1024w, https:\/\/www.cycles-blain.com\/fr\/wp-content\/uploads\/2025\/05\/C25_Moterra_Carbon_Tech_0001-1536x960.jpg 1536w, https:\/\/www.cycles-blain.com\/fr\/wp-content\/uploads\/2025\/05\/C25_Moterra_Carbon_Tech_0001-2048x1280.jpg 2048w\" sizes=\"(max-width: 768px) 100vw, 768px\" \/>\t\t\t\t\t\t\t\t\t\t\t\t\t\t\t<\/div>\n\t\t\t\t<\/div>\n\t\t\t\t\t<\/div>\n\t\t\t\t<\/div>\n\t\t<div class=\"elementor-element elementor-element-a4d75b6 e-flex e-con-boxed e-con e-parent\" data-id=\"a4d75b6\" data-element_type=\"container\" data-e-type=\"container\">\n\t\t\t\t\t<div class=\"e-con-inner\">\n\t\t\t\t<div class=\"elementor-element elementor-element-df7014b elementor-widget elementor-widget-heading\" data-id=\"df7014b\" data-element_type=\"widget\" data-e-type=\"widget\" data-widget_type=\"heading.default\">\n\t\t\t\t<div class=\"elementor-widget-container\">\n\t\t\t\t\t<h3 class=\"elementor-heading-title elementor-size-default\">Motorisation ultra puissante :<\/h3>\t\t\t\t<\/div>\n\t\t\t\t<\/div>\n\t\t\t\t<div class=\"elementor-element elementor-element-2469429 elementor-widget elementor-widget-text-editor\" data-id=\"2469429\" data-element_type=\"widget\" data-e-type=\"widget\" data-widget_type=\"text-editor.default\">\n\t\t\t\t<div class=\"elementor-widget-container\">\n\t\t\t\t\t\t\t\t\t<p>Le Moterra 2025 embarque la toute nouvelle motorisation<strong> Bosch Performance Line CX<\/strong>, ultra pr\u00e9cise et r\u00e9active. Gr\u00e2ce \u00e0 des capteurs hautes performances remani\u00e9s \u2013 cadence, couple, inertie \u2013 elle analyse plus de 1 000 fois par seconde l&rsquo;effort du pilote et s\u2019adapte instantan\u00e9ment au terrain, que ce soit une mont\u00e9e raide ou un sentier technique.<\/p>\n<p><b>R\u00e9sultat : une assistance toujours juste, fluide et naturelle.<\/b><\/p>\n<p>C\u00f4t\u00e9 batterie, le Moterra Carbon int\u00e8gre une <strong>CompactTube de 800 Wh<\/strong>, amovible, et peut recevoir en option un Range Extender PowerMore de 250 Wh pour d\u00e9passer les 1 000 Wh d\u2019autonomie. Id\u00e9al pour aller plus loin, plus longtemps.<\/p>\t\t\t\t\t\t\t\t<\/div>\n\t\t\t\t<\/div>\n\t\t\t\t<div class=\"elementor-element elementor-element-919c415 elementor-widget elementor-widget-image\" data-id=\"919c415\" data-element_type=\"widget\" data-e-type=\"widget\" data-widget_type=\"image.default\">\n\t\t\t\t<div class=\"elementor-widget-container\">\n\t\t\t\t\t\t\t\t\t\t\t\t\t\t\t<img decoding=\"async\" width=\"768\" height=\"480\" src=\"https:\/\/www.cycles-blain.com\/fr\/wp-content\/uploads\/2025\/05\/C25_Moterra_Carbon_Tech_0005-768x480.jpg\" class=\"attachment-medium_large size-medium_large wp-image-14441\" alt=\"\" srcset=\"https:\/\/www.cycles-blain.com\/fr\/wp-content\/uploads\/2025\/05\/C25_Moterra_Carbon_Tech_0005-768x480.jpg 768w, https:\/\/www.cycles-blain.com\/fr\/wp-content\/uploads\/2025\/05\/C25_Moterra_Carbon_Tech_0005-300x187.jpg 300w, https:\/\/www.cycles-blain.com\/fr\/wp-content\/uploads\/2025\/05\/C25_Moterra_Carbon_Tech_0005-1024x640.jpg 1024w, https:\/\/www.cycles-blain.com\/fr\/wp-content\/uploads\/2025\/05\/C25_Moterra_Carbon_Tech_0005-1536x960.jpg 1536w, https:\/\/www.cycles-blain.com\/fr\/wp-content\/uploads\/2025\/05\/C25_Moterra_Carbon_Tech_0005-2048x1280.jpg 2048w\" sizes=\"(max-width: 768px) 100vw, 768px\" \/>\t\t\t\t\t\t\t\t\t\t\t\t\t\t\t<\/div>\n\t\t\t\t<\/div>\n\t\t\t\t<div class=\"elementor-element elementor-element-ff79944 elementor-widget elementor-widget-heading\" data-id=\"ff79944\" data-element_type=\"widget\" data-e-type=\"widget\" data-widget_type=\"heading.default\">\n\t\t\t\t<div class=\"elementor-widget-container\">\n\t\t\t\t\t<h3 class=\"elementor-heading-title elementor-size-default\">G\u00e9om\u00e9trie repens\u00e9e avec soin :<\/h3>\t\t\t\t<\/div>\n\t\t\t\t<\/div>\n\t\t\t\t<div class=\"elementor-element elementor-element-9d96c1d elementor-widget elementor-widget-text-editor\" data-id=\"9d96c1d\" data-element_type=\"widget\" data-e-type=\"widget\" data-widget_type=\"text-editor.default\">\n\t\t\t\t<div class=\"elementor-widget-container\">\n\t\t\t\t\t\t\t\t\t<p>La technologie <strong>Proportional Response<\/strong> reste bien s\u00fbr au c\u0153ur du Moterra : chaque taille de cadre b\u00e9n\u00e9ficie d\u2019une conception sp\u00e9cifique, avec une g\u00e9om\u00e9trie, une longueur de bases et un positionnement de suspension adapt\u00e9s \u00e0 la morphologie du pilote.<\/p><p>Autre \u00e9volution notable : un bo\u00eetier de p\u00e9dalier abaiss\u00e9 et des manivelles plus courtes offrent un centre de gravit\u00e9 plus bas, pour un meilleur \u00e9quilibre, sans risque de talonner sur les sentiers techniques.<\/p>\t\t\t\t\t\t\t\t<\/div>\n\t\t\t\t<\/div>\n\t\t\t\t<div class=\"elementor-element elementor-element-fa69c8b elementor-widget elementor-widget-heading\" data-id=\"fa69c8b\" data-element_type=\"widget\" data-e-type=\"widget\" data-widget_type=\"heading.default\">\n\t\t\t\t<div class=\"elementor-widget-container\">\n\t\t\t\t\t<h3 class=\"elementor-heading-title elementor-size-default\">Toute la gamme Moterra 2025 : <\/h3>\t\t\t\t<\/div>\n\t\t\t\t<\/div>\n\t\t\t\t<div class=\"elementor-element elementor-element-09cc254 elementor-widget elementor-widget-text-editor\" data-id=\"09cc254\" data-element_type=\"widget\" data-e-type=\"widget\" data-widget_type=\"text-editor.default\">\n\t\t\t\t<div class=\"elementor-widget-container\">\n\t\t\t\t\t\t\t\t\t<ul>\n<li><a href=\"https:\/\/www.cycles-blain.com\/vtt-electrique-vttae\/1438-moterra-crb-1-cannondale.html\"><strong>Moterra Carbon 1<\/strong> <\/a><strong>: 8799 \u20ac<\/strong><em> ( transmission Sram XO Eagle AXS, roues DT Swiss H1900, freins Magura MT7, suspensions Fox 38\/Float X Factory en 160\/150 mm de d\u00e9battement )<\/em><\/li>\n<\/ul>\t\t\t\t\t\t\t\t<\/div>\n\t\t\t\t<\/div>\n\t\t\t\t<div class=\"elementor-element elementor-element-140e732 elementor-widget elementor-widget-image\" data-id=\"140e732\" data-element_type=\"widget\" data-e-type=\"widget\" data-widget_type=\"image.default\">\n\t\t\t\t<div class=\"elementor-widget-container\">\n\t\t\t\t\t\t\t\t\t\t\t\t\t\t\t\t<a href=\"https:\/\/www.cycles-blain.com\/vtt-electrique-vttae\/1438-moterra-crb-1-cannondale.html\">\n\t\t\t\t\t\t\t<img decoding=\"async\" width=\"768\" height=\"366\" src=\"https:\/\/www.cycles-blain.com\/fr\/wp-content\/uploads\/2025\/05\/presentation-2025-vttae-cannondale-moterraGAMME-MOTERRA-1-768x366.jpg\" class=\"attachment-medium_large size-medium_large wp-image-14445\" alt=\"MOTERRA-1 2025\" srcset=\"https:\/\/www.cycles-blain.com\/fr\/wp-content\/uploads\/2025\/05\/presentation-2025-vttae-cannondale-moterraGAMME-MOTERRA-1-768x366.jpg 768w, https:\/\/www.cycles-blain.com\/fr\/wp-content\/uploads\/2025\/05\/presentation-2025-vttae-cannondale-moterraGAMME-MOTERRA-1-300x143.jpg 300w, https:\/\/www.cycles-blain.com\/fr\/wp-content\/uploads\/2025\/05\/presentation-2025-vttae-cannondale-moterraGAMME-MOTERRA-1-1024x488.jpg 1024w, https:\/\/www.cycles-blain.com\/fr\/wp-content\/uploads\/2025\/05\/presentation-2025-vttae-cannondale-moterraGAMME-MOTERRA-1-1536x732.jpg 1536w, https:\/\/www.cycles-blain.com\/fr\/wp-content\/uploads\/2025\/05\/presentation-2025-vttae-cannondale-moterraGAMME-MOTERRA-1-2048x975.jpg 2048w\" sizes=\"(max-width: 768px) 100vw, 768px\" \/>\t\t\t\t\t\t\t\t<\/a>\n\t\t\t\t\t\t\t\t\t\t\t\t\t\t\t<\/div>\n\t\t\t\t<\/div>\n\t\t\t\t<div class=\"elementor-element elementor-element-21f803c elementor-widget elementor-widget-text-editor\" data-id=\"21f803c\" data-element_type=\"widget\" data-e-type=\"widget\" data-widget_type=\"text-editor.default\">\n\t\t\t\t<div class=\"elementor-widget-container\">\n\t\t\t\t\t\t\t\t\t<ul>\n<li><strong><a href=\"https:\/\/www.cycles-blain.com\/vtt-electrique-vttae\/1440-2408-moterra-crb-2-cannondale.html#\/1-taille_cadre-s\/15-couleur-vert\">Moterra Carbon 2<\/a> : 6999 \u20ac<\/strong> <em>( transmission m\u00e9canique Shimano XT 11 vitesses Linkglide, roues Shimano\/WTB, freins Magura MT5 et suspensions RockShox ZEB\/Deluxe Select+ )<\/em><\/li>\n<\/ul>\t\t\t\t\t\t\t\t<\/div>\n\t\t\t\t<\/div>\n\t\t\t\t<div class=\"elementor-element elementor-element-ed6138f elementor-widget elementor-widget-image\" data-id=\"ed6138f\" data-element_type=\"widget\" data-e-type=\"widget\" data-widget_type=\"image.default\">\n\t\t\t\t<div class=\"elementor-widget-container\">\n\t\t\t\t\t\t\t\t\t\t\t\t\t\t\t\t<a href=\"https:\/\/www.cycles-blain.com\/vtt-electrique-vttae\/1440-2408-moterra-crb-2-cannondale.html#\/1-taille_cadre-s\/15-couleur-vert\">\n\t\t\t\t\t\t\t<img loading=\"lazy\" decoding=\"async\" width=\"768\" height=\"368\" src=\"https:\/\/www.cycles-blain.com\/fr\/wp-content\/uploads\/2025\/05\/presentation-2025-vttae-cannondale-moterraGAMME-MOTERRA-2-768x368.jpg\" class=\"attachment-medium_large size-medium_large wp-image-14446\" alt=\"MOTERRA-2\" srcset=\"https:\/\/www.cycles-blain.com\/fr\/wp-content\/uploads\/2025\/05\/presentation-2025-vttae-cannondale-moterraGAMME-MOTERRA-2-768x368.jpg 768w, https:\/\/www.cycles-blain.com\/fr\/wp-content\/uploads\/2025\/05\/presentation-2025-vttae-cannondale-moterraGAMME-MOTERRA-2-300x144.jpg 300w, https:\/\/www.cycles-blain.com\/fr\/wp-content\/uploads\/2025\/05\/presentation-2025-vttae-cannondale-moterraGAMME-MOTERRA-2-1024x491.jpg 1024w, https:\/\/www.cycles-blain.com\/fr\/wp-content\/uploads\/2025\/05\/presentation-2025-vttae-cannondale-moterraGAMME-MOTERRA-2-1536x737.jpg 1536w, https:\/\/www.cycles-blain.com\/fr\/wp-content\/uploads\/2025\/05\/presentation-2025-vttae-cannondale-moterraGAMME-MOTERRA-2-2048x982.jpg 2048w\" sizes=\"(max-width: 768px) 100vw, 768px\" \/>\t\t\t\t\t\t\t\t<\/a>\n\t\t\t\t\t\t\t\t\t\t\t\t\t\t\t<\/div>\n\t\t\t\t<\/div>\n\t\t\t\t<div class=\"elementor-element elementor-element-22d7d2e elementor-widget elementor-widget-text-editor\" data-id=\"22d7d2e\" data-element_type=\"widget\" data-e-type=\"widget\" data-widget_type=\"text-editor.default\">\n\t\t\t\t<div class=\"elementor-widget-container\">\n\t\t\t\t\t\t\t\t\t<ul>\n<li><strong><a href=\"https:\/\/www.cycles-blain.com\/vtt-electrique-vttae\/1441-2422-moterra-crb-lt-cannondale.html#\/1-taille_cadre-s\/7-couleur-beige\">Moterra LT<\/a> : 7499 \u20ac<\/strong> <em>( transmission Sram Eagle 90, roues DT Swiss H1900, Freins TRP et suspensions Fox 38\/DHX Coil en 170\/165 mm de d\u00e9battement )<\/em><\/li>\n<\/ul>\t\t\t\t\t\t\t\t<\/div>\n\t\t\t\t<\/div>\n\t\t\t\t<div class=\"elementor-element elementor-element-b59b85f elementor-widget elementor-widget-image\" data-id=\"b59b85f\" data-element_type=\"widget\" data-e-type=\"widget\" data-widget_type=\"image.default\">\n\t\t\t\t<div class=\"elementor-widget-container\">\n\t\t\t\t\t\t\t\t\t\t\t\t\t\t\t\t<a href=\"https:\/\/www.cycles-blain.com\/vtt-electrique-vttae\/1441-2422-moterra-crb-lt-cannondale.html#\/1-taille_cadre-s\/7-couleur-beige\">\n\t\t\t\t\t\t\t<img loading=\"lazy\" decoding=\"async\" width=\"768\" height=\"373\" src=\"https:\/\/www.cycles-blain.com\/fr\/wp-content\/uploads\/2025\/05\/presentation-2025-vttae-cannondale-moterraGAMME-MOTERRA-LT-768x373.jpg\" class=\"attachment-medium_large size-medium_large wp-image-14450\" alt=\"MOTERRA-LT\" srcset=\"https:\/\/www.cycles-blain.com\/fr\/wp-content\/uploads\/2025\/05\/presentation-2025-vttae-cannondale-moterraGAMME-MOTERRA-LT-768x373.jpg 768w, https:\/\/www.cycles-blain.com\/fr\/wp-content\/uploads\/2025\/05\/presentation-2025-vttae-cannondale-moterraGAMME-MOTERRA-LT-300x146.jpg 300w, https:\/\/www.cycles-blain.com\/fr\/wp-content\/uploads\/2025\/05\/presentation-2025-vttae-cannondale-moterraGAMME-MOTERRA-LT-1024x497.jpg 1024w, https:\/\/www.cycles-blain.com\/fr\/wp-content\/uploads\/2025\/05\/presentation-2025-vttae-cannondale-moterraGAMME-MOTERRA-LT-1536x746.jpg 1536w, https:\/\/www.cycles-blain.com\/fr\/wp-content\/uploads\/2025\/05\/presentation-2025-vttae-cannondale-moterraGAMME-MOTERRA-LT-2048x994.jpg 2048w\" sizes=\"(max-width: 768px) 100vw, 768px\" \/>\t\t\t\t\t\t\t\t<\/a>\n\t\t\t\t\t\t\t\t\t\t\t\t\t\t\t<\/div>\n\t\t\t\t<\/div>\n\t\t\t\t<div class=\"elementor-element elementor-element-2651f5e elementor-align-center elementor-widget elementor-widget-button\" data-id=\"2651f5e\" data-element_type=\"widget\" data-e-type=\"widget\" data-widget_type=\"button.default\">\n\t\t\t\t<div class=\"elementor-widget-container\">\n\t\t\t\t\t\t\t\t\t<div class=\"elementor-button-wrapper\">\n\t\t\t\t\t<a class=\"elementor-button elementor-button-link elementor-size-sm\" href=\"https:\/\/www.cycles-blain.com\/content\/63-velos-cannondale-magasins-cannondale\" target=\"_blank\">\n\t\t\t\t\t\t<span class=\"elementor-button-content-wrapper\">\n\t\t\t\t\t\t\t\t\t<span class=\"elementor-button-text\">Je trouve un magasin Cannondale<\/span>\n\t\t\t\t\t<\/span>\n\t\t\t\t\t<\/a>\n\t\t\t\t<\/div>\n\t\t\t\t\t\t\t\t<\/div>\n\t\t\t\t<\/div>\n\t\t\t\t\t<\/div>\n\t\t\t\t<\/div>\n\t\t<div class=\"elementor-element elementor-element-3a10908 e-flex e-con-boxed e-con e-parent\" data-id=\"3a10908\" data-element_type=\"container\" data-e-type=\"container\">\n\t\t\t\t\t<div class=\"e-con-inner\">\n\t\t\t\t<div class=\"elementor-element elementor-element-df7b5b6 elementor-widget elementor-widget-text-editor\" data-id=\"df7b5b6\" data-element_type=\"widget\" data-e-type=\"widget\" data-widget_type=\"text-editor.default\">\n\t\t\t\t<div class=\"elementor-widget-container\">\n\t\t\t\t\t\t\t\t\t<p>A lire aussi :&nbsp;<a href=\"https:\/\/www.cycles-blain.com\/content\/47-guide-vtt-tout-suspendu\" target=\"_blank\" rel=\"noopener\">Guide VTT Tout Suspendu<\/a>.<br>&#8211;&nbsp;<a href=\"https:\/\/www.cycles-blain.com\/fr\/velo\/vtt-electrique\/vttae-cannondale-moterra-alu-2026\/\" target=\"_blank\" style=\"background-color: rgb(255, 255, 255); font-size: 1rem;\">Nouveaux VTTAE Cannondale Moterra 3 et 4 2025-2026 Alu<\/a><\/p>\t\t\t\t\t\t\t\t<\/div>\n\t\t\t\t<\/div>\n\t\t\t\t\t<\/div>\n\t\t\t\t<\/div>\n\t\t\t\t<\/div>\n\t\t","protected":false},"excerpt":{"rendered":"<p>Nouveaut\u00e9 chez Cannondale : Moterra 2025. Un mod\u00e8le iconique de la gamme e-bike : cadre carbone, moteur Bosh et plein d&rsquo;autres nouveaut\u00e9s&#8230;<\/p>\n","protected":false},"author":4,"featured_media":14437,"comment_status":"open","ping_status":"open","sticky":false,"template":"","format":"standard","meta":{"site-sidebar-layout":"default","site-content-layout":"","ast-site-content-layout":"default","site-content-style":"default","site-sidebar-style":"default","ast-global-header-display":"","ast-banner-title-visibility":"","ast-main-header-display":"","ast-hfb-above-header-display":"","ast-hfb-below-header-display":"","ast-hfb-mobile-header-display":"","site-post-title":"","ast-breadcrumbs-content":"","ast-featured-img":"","footer-sml-layout":"","theme-transparent-header-meta":"","adv-header-id-meta":"","stick-header-meta":"","header-above-stick-meta":"","header-main-stick-meta":"","header-below-stick-meta":"","astra-migrate-meta-layouts":"set","ast-page-background-enabled":"default","ast-page-background-meta":{"desktop":{"background-color":"","background-image":"","background-repeat":"repeat","background-position":"center center","background-size":"auto","background-attachment":"scroll","background-type":"","background-media":"","overlay-type":"","overlay-color":"","overlay-gradient":""},"tablet":{"background-color":"","background-image":"","background-repeat":"repeat","background-position":"center center","background-size":"auto","background-attachment":"scroll","background-type":"","background-media":"","overlay-type":"","overlay-color":"","overlay-gradient":""},"mobile":{"background-color":"","background-image":"","background-repeat":"repeat","background-position":"center center","background-size":"auto","background-attachment":"scroll","background-type":"","background-media":"","overlay-type":"","overlay-color":"","overlay-gradient":""}},"ast-content-background-meta":{"desktop":{"background-color":"var(--ast-global-color-5)","background-image":"","background-repeat":"repeat","background-position":"center center","background-size":"auto","background-attachment":"scroll","background-type":"","background-media":"","overlay-type":"","overlay-color":"","overlay-gradient":""},"tablet":{"background-color":"var(--ast-global-color-5)","background-image":"","background-repeat":"repeat","background-position":"center center","background-size":"auto","background-attachment":"scroll","background-type":"","background-media":"","overlay-type":"","overlay-color":"","overlay-gradient":""},"mobile":{"background-color":"var(--ast-global-color-5)","background-image":"","background-repeat":"repeat","background-position":"center center","background-size":"auto","background-attachment":"scroll","background-type":"","background-media":"","overlay-type":"","overlay-color":"","overlay-gradient":""}},"footnotes":""},"categories":[6,4,7,79,5],"tags":[151,269,272,31,200],"class_list":["post-14436","post","type-post","status-publish","format-standard","has-post-thumbnail","hentry","category-magasins-velo","category-velo","category-magasin-brignais","category-magasin-ecully","category-vtt-electrique","tag-cannondale","tag-enduro","tag-trail","tag-vtt","tag-vttae"],"yoast_head":"<!-- This site is optimized with the Yoast SEO plugin v27.5 - https:\/\/yoast.com\/product\/yoast-seo-wordpress\/ -->\n<title>Plus puissant et plus fun : le Moterra 2025 passe \u00e0 la vitesse sup\u00e9rieure ! - CYCLES BLAIN<\/title>\n<meta name=\"description\" content=\"Nouveaut\u00e9 chez Cannondale : Moterra 2025. Un mod\u00e8le iconique de la gamme e-bike : cadre carbone, moteur Bosh et plein d&#039;autres nouveaut\u00e9s...\" \/>\n<meta name=\"robots\" content=\"index, follow, max-snippet:-1, max-image-preview:large, max-video-preview:-1\" \/>\n<link rel=\"canonical\" href=\"https:\/\/www.cycles-blain.com\/fr\/velo\/plus-puissant-et-plus-fun-le-moterra-2025-passe-a-la-vitesse-superieure\/\" \/>\n<meta property=\"og:locale\" content=\"fr_FR\" \/>\n<meta property=\"og:type\" content=\"article\" \/>\n<meta property=\"og:title\" content=\"Plus puissant et plus fun : le Moterra 2025 passe \u00e0 la vitesse sup\u00e9rieure ! - CYCLES BLAIN\" \/>\n<meta property=\"og:description\" content=\"Nouveaut\u00e9 chez Cannondale : Moterra 2025. Un mod\u00e8le iconique de la gamme e-bike : cadre carbone, moteur Bosh et plein d&#039;autres nouveaut\u00e9s...\" \/>\n<meta property=\"og:url\" content=\"https:\/\/www.cycles-blain.com\/fr\/velo\/plus-puissant-et-plus-fun-le-moterra-2025-passe-a-la-vitesse-superieure\/\" \/>\n<meta property=\"og:site_name\" content=\"CyclesBlain - Magasins de v\u00e9los, accessoires et ateliers\" \/>\n<meta property=\"article:publisher\" content=\"https:\/\/www.facebook.com\/cyclesblain\/?locale=fr_FR\" \/>\n<meta property=\"article:published_time\" content=\"2025-05-12T08:59:27+00:00\" \/>\n<meta property=\"article:modified_time\" content=\"2025-07-15T15:24:24+00:00\" \/>\n<meta property=\"og:image\" content=\"https:\/\/www.cycles-blain.com\/fr\/wp-content\/uploads\/2025\/05\/Design-sans-titre-6.png\" \/>\n\t<meta property=\"og:image:width\" content=\"600\" \/>\n\t<meta property=\"og:image:height\" content=\"400\" \/>\n\t<meta property=\"og:image:type\" content=\"image\/png\" \/>\n<meta name=\"author\" content=\"Lou-Anne\" \/>\n<meta name=\"twitter:card\" content=\"summary_large_image\" \/>\n<meta name=\"twitter:label1\" content=\"\u00c9crit par\" \/>\n\t<meta name=\"twitter:data1\" content=\"Lou-Anne\" \/>\n\t<meta name=\"twitter:label2\" content=\"Dur\u00e9e de lecture estim\u00e9e\" \/>\n\t<meta name=\"twitter:data2\" content=\"3 minutes\" \/>\n<script type=\"application\/ld+json\" class=\"yoast-schema-graph\">{\"@context\":\"https:\\\/\\\/schema.org\",\"@graph\":[{\"@type\":\"Article\",\"@id\":\"https:\\\/\\\/www.cycles-blain.com\\\/fr\\\/velo\\\/plus-puissant-et-plus-fun-le-moterra-2025-passe-a-la-vitesse-superieure\\\/#article\",\"isPartOf\":{\"@id\":\"https:\\\/\\\/www.cycles-blain.com\\\/fr\\\/velo\\\/plus-puissant-et-plus-fun-le-moterra-2025-passe-a-la-vitesse-superieure\\\/\"},\"author\":{\"name\":\"Lou-Anne\",\"@id\":\"https:\\\/\\\/www.cycles-blain.com\\\/fr\\\/#\\\/schema\\\/person\\\/2e532610e6e45d290a29e480c00cc742\"},\"headline\":\"Plus puissant et plus fun : le Moterra 2025 passe \u00e0 la vitesse sup\u00e9rieure !\",\"datePublished\":\"2025-05-12T08:59:27+00:00\",\"dateModified\":\"2025-07-15T15:24:24+00:00\",\"mainEntityOfPage\":{\"@id\":\"https:\\\/\\\/www.cycles-blain.com\\\/fr\\\/velo\\\/plus-puissant-et-plus-fun-le-moterra-2025-passe-a-la-vitesse-superieure\\\/\"},\"wordCount\":410,\"commentCount\":0,\"publisher\":{\"@id\":\"https:\\\/\\\/www.cycles-blain.com\\\/fr\\\/#organization\"},\"image\":{\"@id\":\"https:\\\/\\\/www.cycles-blain.com\\\/fr\\\/velo\\\/plus-puissant-et-plus-fun-le-moterra-2025-passe-a-la-vitesse-superieure\\\/#primaryimage\"},\"thumbnailUrl\":\"https:\\\/\\\/www.cycles-blain.com\\\/fr\\\/wp-content\\\/uploads\\\/2025\\\/05\\\/Design-sans-titre-6.png\",\"keywords\":[\"cannondale\",\"enduro\",\"trail\",\"vtt\",\"vttae\"],\"articleSection\":[\"Actus Magasins\",\"Actus V\u00e9lo\",\"Magasin Brignais\",\"Magasin-Ecully\",\"VTT Electrique\"],\"inLanguage\":\"fr-FR\",\"potentialAction\":[{\"@type\":\"CommentAction\",\"name\":\"Comment\",\"target\":[\"https:\\\/\\\/www.cycles-blain.com\\\/fr\\\/velo\\\/plus-puissant-et-plus-fun-le-moterra-2025-passe-a-la-vitesse-superieure\\\/#respond\"]}]},{\"@type\":\"WebPage\",\"@id\":\"https:\\\/\\\/www.cycles-blain.com\\\/fr\\\/velo\\\/plus-puissant-et-plus-fun-le-moterra-2025-passe-a-la-vitesse-superieure\\\/\",\"url\":\"https:\\\/\\\/www.cycles-blain.com\\\/fr\\\/velo\\\/plus-puissant-et-plus-fun-le-moterra-2025-passe-a-la-vitesse-superieure\\\/\",\"name\":\"Plus puissant et plus fun : le Moterra 2025 passe \u00e0 la vitesse sup\u00e9rieure ! - CYCLES BLAIN\",\"isPartOf\":{\"@id\":\"https:\\\/\\\/www.cycles-blain.com\\\/fr\\\/#website\"},\"primaryImageOfPage\":{\"@id\":\"https:\\\/\\\/www.cycles-blain.com\\\/fr\\\/velo\\\/plus-puissant-et-plus-fun-le-moterra-2025-passe-a-la-vitesse-superieure\\\/#primaryimage\"},\"image\":{\"@id\":\"https:\\\/\\\/www.cycles-blain.com\\\/fr\\\/velo\\\/plus-puissant-et-plus-fun-le-moterra-2025-passe-a-la-vitesse-superieure\\\/#primaryimage\"},\"thumbnailUrl\":\"https:\\\/\\\/www.cycles-blain.com\\\/fr\\\/wp-content\\\/uploads\\\/2025\\\/05\\\/Design-sans-titre-6.png\",\"datePublished\":\"2025-05-12T08:59:27+00:00\",\"dateModified\":\"2025-07-15T15:24:24+00:00\",\"description\":\"Nouveaut\u00e9 chez Cannondale : Moterra 2025. Un mod\u00e8le iconique de la gamme e-bike : cadre carbone, moteur Bosh et plein d'autres nouveaut\u00e9s...\",\"breadcrumb\":{\"@id\":\"https:\\\/\\\/www.cycles-blain.com\\\/fr\\\/velo\\\/plus-puissant-et-plus-fun-le-moterra-2025-passe-a-la-vitesse-superieure\\\/#breadcrumb\"},\"inLanguage\":\"fr-FR\",\"potentialAction\":[{\"@type\":\"ReadAction\",\"target\":[\"https:\\\/\\\/www.cycles-blain.com\\\/fr\\\/velo\\\/plus-puissant-et-plus-fun-le-moterra-2025-passe-a-la-vitesse-superieure\\\/\"]}]},{\"@type\":\"ImageObject\",\"inLanguage\":\"fr-FR\",\"@id\":\"https:\\\/\\\/www.cycles-blain.com\\\/fr\\\/velo\\\/plus-puissant-et-plus-fun-le-moterra-2025-passe-a-la-vitesse-superieure\\\/#primaryimage\",\"url\":\"https:\\\/\\\/www.cycles-blain.com\\\/fr\\\/wp-content\\\/uploads\\\/2025\\\/05\\\/Design-sans-titre-6.png\",\"contentUrl\":\"https:\\\/\\\/www.cycles-blain.com\\\/fr\\\/wp-content\\\/uploads\\\/2025\\\/05\\\/Design-sans-titre-6.png\",\"width\":600,\"height\":400,\"caption\":\"Cannondale Moterra 2025\"},{\"@type\":\"BreadcrumbList\",\"@id\":\"https:\\\/\\\/www.cycles-blain.com\\\/fr\\\/velo\\\/plus-puissant-et-plus-fun-le-moterra-2025-passe-a-la-vitesse-superieure\\\/#breadcrumb\",\"itemListElement\":[{\"@type\":\"ListItem\",\"position\":1,\"name\":\"Accueil\",\"item\":\"https:\\\/\\\/www.cycles-blain.com\\\/fr\\\/\"},{\"@type\":\"ListItem\",\"position\":2,\"name\":\"Plus puissant et plus fun : le Moterra 2025 passe \u00e0 la vitesse sup\u00e9rieure !\"}]},{\"@type\":\"WebSite\",\"@id\":\"https:\\\/\\\/www.cycles-blain.com\\\/fr\\\/#website\",\"url\":\"https:\\\/\\\/www.cycles-blain.com\\\/fr\\\/\",\"name\":\"CyclesBlain - Magasins de v\u00e9los, accessoires et ateliers\",\"description\":\"Blog Cycles Blain\",\"publisher\":{\"@id\":\"https:\\\/\\\/www.cycles-blain.com\\\/fr\\\/#organization\"},\"potentialAction\":[{\"@type\":\"SearchAction\",\"target\":{\"@type\":\"EntryPoint\",\"urlTemplate\":\"https:\\\/\\\/www.cycles-blain.com\\\/fr\\\/?s={search_term_string}\"},\"query-input\":{\"@type\":\"PropertyValueSpecification\",\"valueRequired\":true,\"valueName\":\"search_term_string\"}}],\"inLanguage\":\"fr-FR\"},{\"@type\":\"Organization\",\"@id\":\"https:\\\/\\\/www.cycles-blain.com\\\/fr\\\/#organization\",\"name\":\"CyclesBlain - Magasins de v\u00e9los, accessoires et ateliers\",\"url\":\"https:\\\/\\\/www.cycles-blain.com\\\/fr\\\/\",\"logo\":{\"@type\":\"ImageObject\",\"inLanguage\":\"fr-FR\",\"@id\":\"https:\\\/\\\/www.cycles-blain.com\\\/fr\\\/#\\\/schema\\\/logo\\\/image\\\/\",\"url\":\"https:\\\/\\\/www.cycles-blain.com\\\/fr\\\/wp-content\\\/uploads\\\/2023\\\/10\\\/logo-cycles-blain.jpeg\",\"contentUrl\":\"https:\\\/\\\/www.cycles-blain.com\\\/fr\\\/wp-content\\\/uploads\\\/2023\\\/10\\\/logo-cycles-blain.jpeg\",\"width\":264,\"height\":191,\"caption\":\"CyclesBlain - Magasins de v\u00e9los, accessoires et ateliers\"},\"image\":{\"@id\":\"https:\\\/\\\/www.cycles-blain.com\\\/fr\\\/#\\\/schema\\\/logo\\\/image\\\/\"},\"sameAs\":[\"https:\\\/\\\/www.facebook.com\\\/cyclesblain\\\/?locale=fr_FR\",\"https:\\\/\\\/www.instagram.com\\\/cycles_blain\\\/?hl=fr\"]},{\"@type\":\"Person\",\"@id\":\"https:\\\/\\\/www.cycles-blain.com\\\/fr\\\/#\\\/schema\\\/person\\\/2e532610e6e45d290a29e480c00cc742\",\"name\":\"Lou-Anne\",\"image\":{\"@type\":\"ImageObject\",\"inLanguage\":\"fr-FR\",\"@id\":\"https:\\\/\\\/secure.gravatar.com\\\/avatar\\\/fc66047eecb12b1dd0e5dd77ae839eef6f5705cede9df1aa88eec9ecfd50b1ab?s=96&d=mm&r=g\",\"url\":\"https:\\\/\\\/secure.gravatar.com\\\/avatar\\\/fc66047eecb12b1dd0e5dd77ae839eef6f5705cede9df1aa88eec9ecfd50b1ab?s=96&d=mm&r=g\",\"contentUrl\":\"https:\\\/\\\/secure.gravatar.com\\\/avatar\\\/fc66047eecb12b1dd0e5dd77ae839eef6f5705cede9df1aa88eec9ecfd50b1ab?s=96&d=mm&r=g\",\"caption\":\"Lou-Anne\"},\"url\":\"https:\\\/\\\/www.cycles-blain.com\\\/fr\\\/author\\\/lou-anne\\\/\"}]}<\/script>\n<!-- \/ Yoast SEO plugin. -->","yoast_head_json":{"title":"Plus puissant et plus fun : le Moterra 2025 passe \u00e0 la vitesse sup\u00e9rieure ! - CYCLES BLAIN","description":"Nouveaut\u00e9 chez Cannondale : Moterra 2025. Un mod\u00e8le iconique de la gamme e-bike : cadre carbone, moteur Bosh et plein d'autres nouveaut\u00e9s...","robots":{"index":"index","follow":"follow","max-snippet":"max-snippet:-1","max-image-preview":"max-image-preview:large","max-video-preview":"max-video-preview:-1"},"canonical":"https:\/\/www.cycles-blain.com\/fr\/velo\/plus-puissant-et-plus-fun-le-moterra-2025-passe-a-la-vitesse-superieure\/","og_locale":"fr_FR","og_type":"article","og_title":"Plus puissant et plus fun : le Moterra 2025 passe \u00e0 la vitesse sup\u00e9rieure ! - CYCLES BLAIN","og_description":"Nouveaut\u00e9 chez Cannondale : Moterra 2025. Un mod\u00e8le iconique de la gamme e-bike : cadre carbone, moteur Bosh et plein d'autres nouveaut\u00e9s...","og_url":"https:\/\/www.cycles-blain.com\/fr\/velo\/plus-puissant-et-plus-fun-le-moterra-2025-passe-a-la-vitesse-superieure\/","og_site_name":"CyclesBlain - Magasins de v\u00e9los, accessoires et ateliers","article_publisher":"https:\/\/www.facebook.com\/cyclesblain\/?locale=fr_FR","article_published_time":"2025-05-12T08:59:27+00:00","article_modified_time":"2025-07-15T15:24:24+00:00","og_image":[{"width":600,"height":400,"url":"https:\/\/www.cycles-blain.com\/fr\/wp-content\/uploads\/2025\/05\/Design-sans-titre-6.png","type":"image\/png"}],"author":"Lou-Anne","twitter_card":"summary_large_image","twitter_misc":{"\u00c9crit par":"Lou-Anne","Dur\u00e9e de lecture estim\u00e9e":"3 minutes"},"schema":{"@context":"https:\/\/schema.org","@graph":[{"@type":"Article","@id":"https:\/\/www.cycles-blain.com\/fr\/velo\/plus-puissant-et-plus-fun-le-moterra-2025-passe-a-la-vitesse-superieure\/#article","isPartOf":{"@id":"https:\/\/www.cycles-blain.com\/fr\/velo\/plus-puissant-et-plus-fun-le-moterra-2025-passe-a-la-vitesse-superieure\/"},"author":{"name":"Lou-Anne","@id":"https:\/\/www.cycles-blain.com\/fr\/#\/schema\/person\/2e532610e6e45d290a29e480c00cc742"},"headline":"Plus puissant et plus fun : le Moterra 2025 passe \u00e0 la vitesse sup\u00e9rieure !","datePublished":"2025-05-12T08:59:27+00:00","dateModified":"2025-07-15T15:24:24+00:00","mainEntityOfPage":{"@id":"https:\/\/www.cycles-blain.com\/fr\/velo\/plus-puissant-et-plus-fun-le-moterra-2025-passe-a-la-vitesse-superieure\/"},"wordCount":410,"commentCount":0,"publisher":{"@id":"https:\/\/www.cycles-blain.com\/fr\/#organization"},"image":{"@id":"https:\/\/www.cycles-blain.com\/fr\/velo\/plus-puissant-et-plus-fun-le-moterra-2025-passe-a-la-vitesse-superieure\/#primaryimage"},"thumbnailUrl":"https:\/\/www.cycles-blain.com\/fr\/wp-content\/uploads\/2025\/05\/Design-sans-titre-6.png","keywords":["cannondale","enduro","trail","vtt","vttae"],"articleSection":["Actus Magasins","Actus V\u00e9lo","Magasin Brignais","Magasin-Ecully","VTT Electrique"],"inLanguage":"fr-FR","potentialAction":[{"@type":"CommentAction","name":"Comment","target":["https:\/\/www.cycles-blain.com\/fr\/velo\/plus-puissant-et-plus-fun-le-moterra-2025-passe-a-la-vitesse-superieure\/#respond"]}]},{"@type":"WebPage","@id":"https:\/\/www.cycles-blain.com\/fr\/velo\/plus-puissant-et-plus-fun-le-moterra-2025-passe-a-la-vitesse-superieure\/","url":"https:\/\/www.cycles-blain.com\/fr\/velo\/plus-puissant-et-plus-fun-le-moterra-2025-passe-a-la-vitesse-superieure\/","name":"Plus puissant et plus fun : le Moterra 2025 passe \u00e0 la vitesse sup\u00e9rieure ! - CYCLES BLAIN","isPartOf":{"@id":"https:\/\/www.cycles-blain.com\/fr\/#website"},"primaryImageOfPage":{"@id":"https:\/\/www.cycles-blain.com\/fr\/velo\/plus-puissant-et-plus-fun-le-moterra-2025-passe-a-la-vitesse-superieure\/#primaryimage"},"image":{"@id":"https:\/\/www.cycles-blain.com\/fr\/velo\/plus-puissant-et-plus-fun-le-moterra-2025-passe-a-la-vitesse-superieure\/#primaryimage"},"thumbnailUrl":"https:\/\/www.cycles-blain.com\/fr\/wp-content\/uploads\/2025\/05\/Design-sans-titre-6.png","datePublished":"2025-05-12T08:59:27+00:00","dateModified":"2025-07-15T15:24:24+00:00","description":"Nouveaut\u00e9 chez Cannondale : Moterra 2025. Un mod\u00e8le iconique de la gamme e-bike : cadre carbone, moteur Bosh et plein d'autres nouveaut\u00e9s...","breadcrumb":{"@id":"https:\/\/www.cycles-blain.com\/fr\/velo\/plus-puissant-et-plus-fun-le-moterra-2025-passe-a-la-vitesse-superieure\/#breadcrumb"},"inLanguage":"fr-FR","potentialAction":[{"@type":"ReadAction","target":["https:\/\/www.cycles-blain.com\/fr\/velo\/plus-puissant-et-plus-fun-le-moterra-2025-passe-a-la-vitesse-superieure\/"]}]},{"@type":"ImageObject","inLanguage":"fr-FR","@id":"https:\/\/www.cycles-blain.com\/fr\/velo\/plus-puissant-et-plus-fun-le-moterra-2025-passe-a-la-vitesse-superieure\/#primaryimage","url":"https:\/\/www.cycles-blain.com\/fr\/wp-content\/uploads\/2025\/05\/Design-sans-titre-6.png","contentUrl":"https:\/\/www.cycles-blain.com\/fr\/wp-content\/uploads\/2025\/05\/Design-sans-titre-6.png","width":600,"height":400,"caption":"Cannondale Moterra 2025"},{"@type":"BreadcrumbList","@id":"https:\/\/www.cycles-blain.com\/fr\/velo\/plus-puissant-et-plus-fun-le-moterra-2025-passe-a-la-vitesse-superieure\/#breadcrumb","itemListElement":[{"@type":"ListItem","position":1,"name":"Accueil","item":"https:\/\/www.cycles-blain.com\/fr\/"},{"@type":"ListItem","position":2,"name":"Plus puissant et plus fun : le Moterra 2025 passe \u00e0 la vitesse sup\u00e9rieure !"}]},{"@type":"WebSite","@id":"https:\/\/www.cycles-blain.com\/fr\/#website","url":"https:\/\/www.cycles-blain.com\/fr\/","name":"CyclesBlain - Magasins de v\u00e9los, accessoires et ateliers","description":"Blog Cycles Blain","publisher":{"@id":"https:\/\/www.cycles-blain.com\/fr\/#organization"},"potentialAction":[{"@type":"SearchAction","target":{"@type":"EntryPoint","urlTemplate":"https:\/\/www.cycles-blain.com\/fr\/?s={search_term_string}"},"query-input":{"@type":"PropertyValueSpecification","valueRequired":true,"valueName":"search_term_string"}}],"inLanguage":"fr-FR"},{"@type":"Organization","@id":"https:\/\/www.cycles-blain.com\/fr\/#organization","name":"CyclesBlain - Magasins de v\u00e9los, accessoires et ateliers","url":"https:\/\/www.cycles-blain.com\/fr\/","logo":{"@type":"ImageObject","inLanguage":"fr-FR","@id":"https:\/\/www.cycles-blain.com\/fr\/#\/schema\/logo\/image\/","url":"https:\/\/www.cycles-blain.com\/fr\/wp-content\/uploads\/2023\/10\/logo-cycles-blain.jpeg","contentUrl":"https:\/\/www.cycles-blain.com\/fr\/wp-content\/uploads\/2023\/10\/logo-cycles-blain.jpeg","width":264,"height":191,"caption":"CyclesBlain - Magasins de v\u00e9los, accessoires et ateliers"},"image":{"@id":"https:\/\/www.cycles-blain.com\/fr\/#\/schema\/logo\/image\/"},"sameAs":["https:\/\/www.facebook.com\/cyclesblain\/?locale=fr_FR","https:\/\/www.instagram.com\/cycles_blain\/?hl=fr"]},{"@type":"Person","@id":"https:\/\/www.cycles-blain.com\/fr\/#\/schema\/person\/2e532610e6e45d290a29e480c00cc742","name":"Lou-Anne","image":{"@type":"ImageObject","inLanguage":"fr-FR","@id":"https:\/\/secure.gravatar.com\/avatar\/fc66047eecb12b1dd0e5dd77ae839eef6f5705cede9df1aa88eec9ecfd50b1ab?s=96&d=mm&r=g","url":"https:\/\/secure.gravatar.com\/avatar\/fc66047eecb12b1dd0e5dd77ae839eef6f5705cede9df1aa88eec9ecfd50b1ab?s=96&d=mm&r=g","contentUrl":"https:\/\/secure.gravatar.com\/avatar\/fc66047eecb12b1dd0e5dd77ae839eef6f5705cede9df1aa88eec9ecfd50b1ab?s=96&d=mm&r=g","caption":"Lou-Anne"},"url":"https:\/\/www.cycles-blain.com\/fr\/author\/lou-anne\/"}]}},"_links":{"self":[{"href":"https:\/\/www.cycles-blain.com\/fr\/wp-json\/wp\/v2\/posts\/14436","targetHints":{"allow":["GET"]}}],"collection":[{"href":"https:\/\/www.cycles-blain.com\/fr\/wp-json\/wp\/v2\/posts"}],"about":[{"href":"https:\/\/www.cycles-blain.com\/fr\/wp-json\/wp\/v2\/types\/post"}],"author":[{"embeddable":true,"href":"https:\/\/www.cycles-blain.com\/fr\/wp-json\/wp\/v2\/users\/4"}],"replies":[{"embeddable":true,"href":"https:\/\/www.cycles-blain.com\/fr\/wp-json\/wp\/v2\/comments?post=14436"}],"version-history":[{"count":22,"href":"https:\/\/www.cycles-blain.com\/fr\/wp-json\/wp\/v2\/posts\/14436\/revisions"}],"predecessor-version":[{"id":15826,"href":"https:\/\/www.cycles-blain.com\/fr\/wp-json\/wp\/v2\/posts\/14436\/revisions\/15826"}],"wp:featuredmedia":[{"embeddable":true,"href":"https:\/\/www.cycles-blain.com\/fr\/wp-json\/wp\/v2\/media\/14437"}],"wp:attachment":[{"href":"https:\/\/www.cycles-blain.com\/fr\/wp-json\/wp\/v2\/media?parent=14436"}],"wp:term":[{"taxonomy":"category","embeddable":true,"href":"https:\/\/www.cycles-blain.com\/fr\/wp-json\/wp\/v2\/categories?post=14436"},{"taxonomy":"post_tag","embeddable":true,"href":"https:\/\/www.cycles-blain.com\/fr\/wp-json\/wp\/v2\/tags?post=14436"}],"curies":[{"name":"wp","href":"https:\/\/api.w.org\/{rel}","templated":true}]}}