{"id":14537,"date":"2025-05-14T10:42:11","date_gmt":"2025-05-14T08:42:11","guid":{"rendered":"https:\/\/www.cycles-blain.com\/fr\/?p=14537"},"modified":"2025-05-14T14:28:45","modified_gmt":"2025-05-14T12:28:45","slug":"prime-velo-electrique-giant-052025","status":"publish","type":"post","link":"https:\/\/www.cycles-blain.com\/fr\/promotions-velo\/prime-velo-electrique-giant-052025\/","title":{"rendered":"400\u20ac offerts pour l&rsquo;achat d&rsquo;un v\u00e9lo LIV ou GIANT !"},"content":{"rendered":"\t\t<div data-elementor-type=\"wp-post\" data-elementor-id=\"14537\" class=\"elementor elementor-14537\" data-elementor-post-type=\"post\">\n\t\t\t\t<div class=\"elementor-element elementor-element-eafbe74 e-flex e-con-boxed e-con e-parent\" data-id=\"eafbe74\" data-element_type=\"container\" data-e-type=\"container\">\n\t\t\t\t\t<div class=\"e-con-inner\">\n\t\t\t\t<div class=\"elementor-element elementor-element-732e16f elementor-widget elementor-widget-heading\" data-id=\"732e16f\" data-element_type=\"widget\" data-e-type=\"widget\" data-widget_type=\"heading.default\">\n\t\t\t\t<div class=\"elementor-widget-container\">\n\t\t\t\t\t<h3 class=\"elementor-heading-title elementor-size-default\">La Prime \u00c9lectrique GIANT : un coup de boost \u00e0 ne pas manquer !<\/h3>\t\t\t\t<\/div>\n\t\t\t\t<\/div>\n\t\t\t\t<div class=\"elementor-element elementor-element-41a39c5 elementor-widget elementor-widget-text-editor\" data-id=\"41a39c5\" data-element_type=\"widget\" data-e-type=\"widget\" data-widget_type=\"text-editor.default\">\n\t\t\t\t<div class=\"elementor-widget-container\">\n\t\t\t\t\t\t\t\t\t<p>Vous souhaitez acheter un v\u00e9lo \u00e9lectrique ? C&rsquo;est le moment id\u00e9al ! Chez Cycles Blain <a href=\"https:\/\/www.cycles-blain.com\/content\/12-magasin-velo-vienne\">VIENNE<\/a>, <a href=\"https:\/\/www.cycles-blain.com\/content\/8-magasin-velo-brignais\">BRIGNAIS<\/a>, <a href=\"https:\/\/www.cycles-blain.com\/content\/17-magasin-velos-st-priest\">ST PRIEST<\/a> ET <a href=\"https:\/\/www.cycles-blain.com\/content\/11-magasin-velos-lyon-3\">LYON CENTRE<\/a>, nous participons \u00e0 l&rsquo;op\u00e9ration <strong>Prime \u00c9lectrique GIANT<\/strong>. Du 14 mai au 7 juin 2025, profitez d&rsquo;une remise exceptionnelle pour l&rsquo;achat d&rsquo;un v\u00e9lo \u00e9lectrique neuf GIANT ou LIV*.<\/p>\t\t\t\t\t\t\t\t<\/div>\n\t\t\t\t<\/div>\n\t\t\t\t<div class=\"elementor-element elementor-element-07d5a23 elementor-widget elementor-widget-heading\" data-id=\"07d5a23\" data-element_type=\"widget\" data-e-type=\"widget\" data-widget_type=\"heading.default\">\n\t\t\t\t<div class=\"elementor-widget-container\">\n\t\t\t\t\t<h3 class=\"elementor-heading-title elementor-size-default\">Comment \u00e7a marche ?<\/h3>\t\t\t\t<\/div>\n\t\t\t\t<\/div>\n\t\t\t\t<div class=\"elementor-element elementor-element-43eab76 elementor-widget elementor-widget-text-editor\" data-id=\"43eab76\" data-element_type=\"widget\" data-e-type=\"widget\" data-widget_type=\"text-editor.default\">\n\t\t\t\t<div class=\"elementor-widget-container\">\n\t\t\t\t\t\t\t\t\t<ul>\n<li><strong>Rendez-vous dans l&rsquo;un de nos GIANT store Cycles Blain<\/strong> pour \u00eatre conseill\u00e9 par notre \u00e9quipe d&rsquo;experts\u00a0<\/li>\n<li><strong>Choisissez votre nouveau v\u00e9lo \u00e9lectrique :<\/strong>\u00a0s\u00e9lectionnez le mod\u00e8le de vos r\u00eaves parmi la large gamme de v\u00e9los \u00e9lectriques GIANT et LIV disponibles dans notre magasin.<\/li>\n<li><strong>Profitez de 400 \u20ac de remise IMM\u00c9DIATE :<\/strong>\u00a0nous d\u00e9duisons imm\u00e9diatement 400 \u20ac de votre facture !<\/li>\n<\/ul>\t\t\t\t\t\t\t\t<\/div>\n\t\t\t\t<\/div>\n\t\t\t\t<div class=\"elementor-element elementor-element-5385c99 elementor-widget elementor-widget-heading\" data-id=\"5385c99\" data-element_type=\"widget\" data-e-type=\"widget\" data-widget_type=\"heading.default\">\n\t\t\t\t<div class=\"elementor-widget-container\">\n\t\t\t\t\t<h3 class=\"elementor-heading-title elementor-size-default\">Pourquoi profiter de cette offre ?<\/h3>\t\t\t\t<\/div>\n\t\t\t\t<\/div>\n\t\t\t\t<div class=\"elementor-element elementor-element-87c2c29 elementor-widget elementor-widget-text-editor\" data-id=\"87c2c29\" data-element_type=\"widget\" data-e-type=\"widget\" data-widget_type=\"text-editor.default\">\n\t\t\t\t<div class=\"elementor-widget-container\">\n\t\t\t\t\t\t\t\t\t<ul>\n<li><strong>Renouvelez votre \u00e9quipement :<\/strong> Offrez-vous le plaisir de rouler sur <a href=\"https:\/\/www.cycles-blain.com\/14-velo-electrique?q=Marque-Giant-Liv\">un v\u00e9lo \u00e9lectrique<\/a> neuf plus performant et adapt\u00e9 \u00e0 vos besoins.<\/li>\n<li><strong>Faites des \u00e9conomies :<\/strong> B\u00e9n\u00e9ficiez d&rsquo;une remise avantageuse pour r\u00e9duire le co\u00fbt de votre nouvel achat.<\/li>\n<li><strong>Des v\u00e9los \u00e9lectriques de qualit\u00e9s \u00e0 des prix imbattables :<\/strong>\n<ul>\n<li style=\"list-style-type: none;\">\n<ul>\n<li><strong><a href=\"https:\/\/www.cycles-blain.com\/vtt-electrique-vttae\/46-81-fathom-e-3-29er-giant-4712878802681.html#\/2-taille_cadre-m\">FATHOM E+3<\/a><\/strong> \u00e0 2 000 \u20ac (VTTAE neuf)<\/li>\n<li><a href=\"https:\/\/www.cycles-blain.com\/vtc-electrique\/165-409-amiti-e-2-liv-4712878813267.html#\/3-taille_cadre-l\/17-couleur-marron\"><strong>AMITI-E+ 2<\/strong><\/a> \u00e0 2 700 \u20ac (VTC neuf )<\/li>\n<li><strong><a href=\"https:\/\/www.cycles-blain.com\/vtt-electrique-vttae\/284-205-stance-e-1-giant-4712878863347.html#\/1-taille_cadre-s\/13-couleur-orange\">STANCE E+1<\/a><\/strong> \u00e0 2 900 \u20ac (VTTAE tout suspendu neuf)<\/li>\n<li><a href=\"https:\/\/www.cycles-blain.com\/velo-route-electrique\/869-997-defy-advanced-e-plus-elite-2-2025-giant-4712878896703.html#\/2-taille_cadre-m\"><strong>DEFY ADVANCED E+ ELITE 2<\/strong> <\/a>\u00e0 6 100 \u20ac (V\u00e9lo de route neuf)<\/li>\n<\/ul>\n<\/li>\n<\/ul>\n<\/li>\n<\/ul>\t\t\t\t\t\t\t\t<\/div>\n\t\t\t\t<\/div>\n\t\t\t\t<div class=\"elementor-element elementor-element-d057490 elementor-widget elementor-widget-text-editor\" data-id=\"d057490\" data-element_type=\"widget\" data-e-type=\"widget\" data-widget_type=\"text-editor.default\">\n\t\t\t\t<div class=\"elementor-widget-container\">\n\t\t\t\t\t\t\t\t\t<p>Ne manquez pas cette remise unique !<\/p>\n<p>Rendez-vous d\u00e8s aujourd&rsquo;hui chez <a href=\"https:\/\/www.cycles-blain.com\/content\/category\/2-magasins-velos-lyon-cycles-blain\">Cycles Blain<\/a> pour profiter de la Prime \u00c9lectrique GIANT. <strong>L&rsquo;offre est valable du 14 mai au 07 juin 2025, alors ne tardez pas !<\/strong><\/p>\n<p><em>*valable sur une liste de v\u00e9los concern\u00e9s<\/em><\/p>\t\t\t\t\t\t\t\t<\/div>\n\t\t\t\t<\/div>\n\t\t\t\t\t<\/div>\n\t\t\t\t<\/div>\n\t\t\t\t<\/div>\n\t\t","protected":false},"excerpt":{"rendered":"<p>Si vous souhaitez acheter un v\u00e9lo \u00e9lectrique, c&rsquo;est le moment ! 400 \u20ac offerts pour l&rsquo;achat d&rsquo;un v\u00e9lo \u00e9lectrique LIV ou GIANT. <\/p>\n","protected":false},"author":4,"featured_media":14538,"comment_status":"open","ping_status":"open","sticky":false,"template":"","format":"standard","meta":{"site-sidebar-layout":"default","site-content-layout":"","ast-site-content-layout":"default","site-content-style":"default","site-sidebar-style":"default","ast-global-header-display":"","ast-banner-title-visibility":"","ast-main-header-display":"","ast-hfb-above-header-display":"","ast-hfb-below-header-display":"","ast-hfb-mobile-header-display":"","site-post-title":"","ast-breadcrumbs-content":"","ast-featured-img":"","footer-sml-layout":"","theme-transparent-header-meta":"","adv-header-id-meta":"","stick-header-meta":"","header-above-stick-meta":"","header-main-stick-meta":"","header-below-stick-meta":"","astra-migrate-meta-layouts":"set","ast-page-background-enabled":"default","ast-page-background-meta":{"desktop":{"background-color":"","background-image":"","background-repeat":"repeat","background-position":"center center","background-size":"auto","background-attachment":"scroll","background-type":"","background-media":"","overlay-type":"","overlay-color":"","overlay-gradient":""},"tablet":{"background-color":"","background-image":"","background-repeat":"repeat","background-position":"center center","background-size":"auto","background-attachment":"scroll","background-type":"","background-media":"","overlay-type":"","overlay-color":"","overlay-gradient":""},"mobile":{"background-color":"","background-image":"","background-repeat":"repeat","background-position":"center center","background-size":"auto","background-attachment":"scroll","background-type":"","background-media":"","overlay-type":"","overlay-color":"","overlay-gradient":""}},"ast-content-background-meta":{"desktop":{"background-color":"var(--ast-global-color-5)","background-image":"","background-repeat":"repeat","background-position":"center center","background-size":"auto","background-attachment":"scroll","background-type":"","background-media":"","overlay-type":"","overlay-color":"","overlay-gradient":""},"tablet":{"background-color":"var(--ast-global-color-5)","background-image":"","background-repeat":"repeat","background-position":"center center","background-size":"auto","background-attachment":"scroll","background-type":"","background-media":"","overlay-type":"","overlay-color":"","overlay-gradient":""},"mobile":{"background-color":"var(--ast-global-color-5)","background-image":"","background-repeat":"repeat","background-position":"center center","background-size":"auto","background-attachment":"scroll","background-type":"","background-media":"","overlay-type":"","overlay-color":"","overlay-gradient":""}},"footnotes":""},"categories":[6,4,7,44,37,76,16,53],"tags":[43,168],"class_list":["post-14537","post","type-post","status-publish","format-standard","has-post-thumbnail","hentry","category-magasins-velo","category-velo","category-magasin-brignais","category-magasin-lyon-3","category-magasin-saint-priest","category-magasin-vienne","category-promotions-velo","category-velo-electrique","tag-giant","tag-vae"],"yoast_head":"<!-- This site is optimized with the Yoast SEO plugin v27.5 - https:\/\/yoast.com\/product\/yoast-seo-wordpress\/ -->\n<title>400\u20ac offerts pour l&#039;achat d&#039;un v\u00e9lo LIV ou GIANT ! - CYCLES BLAIN<\/title>\n<meta name=\"description\" content=\"Si vous souhaitez acheter un v\u00e9lo \u00e9lectrique, c&#039;est le moment ! 400 \u20ac offerts pour l&#039;achat d&#039;un v\u00e9lo \u00e9lectrique LIV ou GIANT.\" \/>\n<meta name=\"robots\" content=\"index, follow, max-snippet:-1, max-image-preview:large, max-video-preview:-1\" \/>\n<link rel=\"canonical\" href=\"https:\/\/www.cycles-blain.com\/fr\/promotions-velo\/prime-velo-electrique-giant-052025\/\" \/>\n<meta property=\"og:locale\" content=\"fr_FR\" \/>\n<meta property=\"og:type\" content=\"article\" \/>\n<meta property=\"og:title\" content=\"400\u20ac offerts pour l&#039;achat d&#039;un v\u00e9lo LIV ou GIANT ! - CYCLES BLAIN\" \/>\n<meta property=\"og:description\" content=\"Si vous souhaitez acheter un v\u00e9lo \u00e9lectrique, c&#039;est le moment ! 400 \u20ac offerts pour l&#039;achat d&#039;un v\u00e9lo \u00e9lectrique LIV ou GIANT.\" \/>\n<meta property=\"og:url\" content=\"https:\/\/www.cycles-blain.com\/fr\/promotions-velo\/prime-velo-electrique-giant-052025\/\" \/>\n<meta property=\"og:site_name\" content=\"CyclesBlain - Magasins de v\u00e9los, accessoires et ateliers\" \/>\n<meta property=\"article:publisher\" content=\"https:\/\/www.facebook.com\/cyclesblain\/?locale=fr_FR\" \/>\n<meta property=\"article:published_time\" content=\"2025-05-14T08:42:11+00:00\" \/>\n<meta property=\"article:modified_time\" content=\"2025-05-14T12:28:45+00:00\" \/>\n<meta property=\"og:image\" content=\"https:\/\/www.cycles-blain.com\/fr\/wp-content\/uploads\/2025\/05\/Remise-Giant-.png\" \/>\n\t<meta property=\"og:image:width\" content=\"600\" \/>\n\t<meta property=\"og:image:height\" content=\"400\" \/>\n\t<meta property=\"og:image:type\" content=\"image\/png\" \/>\n<meta name=\"author\" content=\"Lou-Anne\" \/>\n<meta name=\"twitter:card\" content=\"summary_large_image\" \/>\n<meta name=\"twitter:label1\" content=\"\u00c9crit par\" \/>\n\t<meta name=\"twitter:data1\" content=\"Lou-Anne\" \/>\n\t<meta name=\"twitter:label2\" content=\"Dur\u00e9e de lecture estim\u00e9e\" \/>\n\t<meta name=\"twitter:data2\" content=\"2 minutes\" \/>\n<script type=\"application\/ld+json\" class=\"yoast-schema-graph\">{\"@context\":\"https:\\\/\\\/schema.org\",\"@graph\":[{\"@type\":\"Article\",\"@id\":\"https:\\\/\\\/www.cycles-blain.com\\\/fr\\\/promotions-velo\\\/prime-velo-electrique-giant-052025\\\/#article\",\"isPartOf\":{\"@id\":\"https:\\\/\\\/www.cycles-blain.com\\\/fr\\\/promotions-velo\\\/prime-velo-electrique-giant-052025\\\/\"},\"author\":{\"name\":\"Lou-Anne\",\"@id\":\"https:\\\/\\\/www.cycles-blain.com\\\/fr\\\/#\\\/schema\\\/person\\\/2e532610e6e45d290a29e480c00cc742\"},\"headline\":\"400\u20ac offerts pour l&rsquo;achat d&rsquo;un v\u00e9lo LIV ou GIANT !\",\"datePublished\":\"2025-05-14T08:42:11+00:00\",\"dateModified\":\"2025-05-14T12:28:45+00:00\",\"mainEntityOfPage\":{\"@id\":\"https:\\\/\\\/www.cycles-blain.com\\\/fr\\\/promotions-velo\\\/prime-velo-electrique-giant-052025\\\/\"},\"wordCount\":258,\"commentCount\":0,\"publisher\":{\"@id\":\"https:\\\/\\\/www.cycles-blain.com\\\/fr\\\/#organization\"},\"image\":{\"@id\":\"https:\\\/\\\/www.cycles-blain.com\\\/fr\\\/promotions-velo\\\/prime-velo-electrique-giant-052025\\\/#primaryimage\"},\"thumbnailUrl\":\"https:\\\/\\\/www.cycles-blain.com\\\/fr\\\/wp-content\\\/uploads\\\/2025\\\/05\\\/Remise-Giant-.png\",\"keywords\":[\"giant\",\"vae\"],\"articleSection\":[\"Actus Magasins\",\"Actus V\u00e9lo\",\"Magasin Brignais\",\"Magasin Lyon Centre\",\"Magasin St Priest\",\"Magasin Vienne\",\"Promotions\",\"V\u00e9lo Electrique\"],\"inLanguage\":\"fr-FR\",\"potentialAction\":[{\"@type\":\"CommentAction\",\"name\":\"Comment\",\"target\":[\"https:\\\/\\\/www.cycles-blain.com\\\/fr\\\/promotions-velo\\\/prime-velo-electrique-giant-052025\\\/#respond\"]}]},{\"@type\":\"WebPage\",\"@id\":\"https:\\\/\\\/www.cycles-blain.com\\\/fr\\\/promotions-velo\\\/prime-velo-electrique-giant-052025\\\/\",\"url\":\"https:\\\/\\\/www.cycles-blain.com\\\/fr\\\/promotions-velo\\\/prime-velo-electrique-giant-052025\\\/\",\"name\":\"400\u20ac offerts pour l'achat d'un v\u00e9lo LIV ou GIANT ! - CYCLES BLAIN\",\"isPartOf\":{\"@id\":\"https:\\\/\\\/www.cycles-blain.com\\\/fr\\\/#website\"},\"primaryImageOfPage\":{\"@id\":\"https:\\\/\\\/www.cycles-blain.com\\\/fr\\\/promotions-velo\\\/prime-velo-electrique-giant-052025\\\/#primaryimage\"},\"image\":{\"@id\":\"https:\\\/\\\/www.cycles-blain.com\\\/fr\\\/promotions-velo\\\/prime-velo-electrique-giant-052025\\\/#primaryimage\"},\"thumbnailUrl\":\"https:\\\/\\\/www.cycles-blain.com\\\/fr\\\/wp-content\\\/uploads\\\/2025\\\/05\\\/Remise-Giant-.png\",\"datePublished\":\"2025-05-14T08:42:11+00:00\",\"dateModified\":\"2025-05-14T12:28:45+00:00\",\"description\":\"Si vous souhaitez acheter un v\u00e9lo \u00e9lectrique, c'est le moment ! 400 \u20ac offerts pour l'achat d'un v\u00e9lo \u00e9lectrique LIV ou GIANT.\",\"breadcrumb\":{\"@id\":\"https:\\\/\\\/www.cycles-blain.com\\\/fr\\\/promotions-velo\\\/prime-velo-electrique-giant-052025\\\/#breadcrumb\"},\"inLanguage\":\"fr-FR\",\"potentialAction\":[{\"@type\":\"ReadAction\",\"target\":[\"https:\\\/\\\/www.cycles-blain.com\\\/fr\\\/promotions-velo\\\/prime-velo-electrique-giant-052025\\\/\"]}]},{\"@type\":\"ImageObject\",\"inLanguage\":\"fr-FR\",\"@id\":\"https:\\\/\\\/www.cycles-blain.com\\\/fr\\\/promotions-velo\\\/prime-velo-electrique-giant-052025\\\/#primaryimage\",\"url\":\"https:\\\/\\\/www.cycles-blain.com\\\/fr\\\/wp-content\\\/uploads\\\/2025\\\/05\\\/Remise-Giant-.png\",\"contentUrl\":\"https:\\\/\\\/www.cycles-blain.com\\\/fr\\\/wp-content\\\/uploads\\\/2025\\\/05\\\/Remise-Giant-.png\",\"width\":600,\"height\":400,\"caption\":\"Remise Giant\"},{\"@type\":\"BreadcrumbList\",\"@id\":\"https:\\\/\\\/www.cycles-blain.com\\\/fr\\\/promotions-velo\\\/prime-velo-electrique-giant-052025\\\/#breadcrumb\",\"itemListElement\":[{\"@type\":\"ListItem\",\"position\":1,\"name\":\"Accueil\",\"item\":\"https:\\\/\\\/www.cycles-blain.com\\\/fr\\\/\"},{\"@type\":\"ListItem\",\"position\":2,\"name\":\"400\u20ac offerts pour l&rsquo;achat d&rsquo;un v\u00e9lo LIV ou GIANT !\"}]},{\"@type\":\"WebSite\",\"@id\":\"https:\\\/\\\/www.cycles-blain.com\\\/fr\\\/#website\",\"url\":\"https:\\\/\\\/www.cycles-blain.com\\\/fr\\\/\",\"name\":\"CyclesBlain - Magasins de v\u00e9los, accessoires et ateliers\",\"description\":\"Blog Cycles Blain\",\"publisher\":{\"@id\":\"https:\\\/\\\/www.cycles-blain.com\\\/fr\\\/#organization\"},\"potentialAction\":[{\"@type\":\"SearchAction\",\"target\":{\"@type\":\"EntryPoint\",\"urlTemplate\":\"https:\\\/\\\/www.cycles-blain.com\\\/fr\\\/?s={search_term_string}\"},\"query-input\":{\"@type\":\"PropertyValueSpecification\",\"valueRequired\":true,\"valueName\":\"search_term_string\"}}],\"inLanguage\":\"fr-FR\"},{\"@type\":\"Organization\",\"@id\":\"https:\\\/\\\/www.cycles-blain.com\\\/fr\\\/#organization\",\"name\":\"CyclesBlain - Magasins de v\u00e9los, accessoires et ateliers\",\"url\":\"https:\\\/\\\/www.cycles-blain.com\\\/fr\\\/\",\"logo\":{\"@type\":\"ImageObject\",\"inLanguage\":\"fr-FR\",\"@id\":\"https:\\\/\\\/www.cycles-blain.com\\\/fr\\\/#\\\/schema\\\/logo\\\/image\\\/\",\"url\":\"https:\\\/\\\/www.cycles-blain.com\\\/fr\\\/wp-content\\\/uploads\\\/2023\\\/10\\\/logo-cycles-blain.jpeg\",\"contentUrl\":\"https:\\\/\\\/www.cycles-blain.com\\\/fr\\\/wp-content\\\/uploads\\\/2023\\\/10\\\/logo-cycles-blain.jpeg\",\"width\":264,\"height\":191,\"caption\":\"CyclesBlain - Magasins de v\u00e9los, accessoires et ateliers\"},\"image\":{\"@id\":\"https:\\\/\\\/www.cycles-blain.com\\\/fr\\\/#\\\/schema\\\/logo\\\/image\\\/\"},\"sameAs\":[\"https:\\\/\\\/www.facebook.com\\\/cyclesblain\\\/?locale=fr_FR\",\"https:\\\/\\\/www.instagram.com\\\/cycles_blain\\\/?hl=fr\"]},{\"@type\":\"Person\",\"@id\":\"https:\\\/\\\/www.cycles-blain.com\\\/fr\\\/#\\\/schema\\\/person\\\/2e532610e6e45d290a29e480c00cc742\",\"name\":\"Lou-Anne\",\"image\":{\"@type\":\"ImageObject\",\"inLanguage\":\"fr-FR\",\"@id\":\"https:\\\/\\\/secure.gravatar.com\\\/avatar\\\/fc66047eecb12b1dd0e5dd77ae839eef6f5705cede9df1aa88eec9ecfd50b1ab?s=96&d=mm&r=g\",\"url\":\"https:\\\/\\\/secure.gravatar.com\\\/avatar\\\/fc66047eecb12b1dd0e5dd77ae839eef6f5705cede9df1aa88eec9ecfd50b1ab?s=96&d=mm&r=g\",\"contentUrl\":\"https:\\\/\\\/secure.gravatar.com\\\/avatar\\\/fc66047eecb12b1dd0e5dd77ae839eef6f5705cede9df1aa88eec9ecfd50b1ab?s=96&d=mm&r=g\",\"caption\":\"Lou-Anne\"},\"url\":\"https:\\\/\\\/www.cycles-blain.com\\\/fr\\\/author\\\/lou-anne\\\/\"}]}<\/script>\n<!-- \/ Yoast SEO plugin. -->","yoast_head_json":{"title":"400\u20ac offerts pour l'achat d'un v\u00e9lo LIV ou GIANT ! - CYCLES BLAIN","description":"Si vous souhaitez acheter un v\u00e9lo \u00e9lectrique, c'est le moment ! 400 \u20ac offerts pour l'achat d'un v\u00e9lo \u00e9lectrique LIV ou GIANT.","robots":{"index":"index","follow":"follow","max-snippet":"max-snippet:-1","max-image-preview":"max-image-preview:large","max-video-preview":"max-video-preview:-1"},"canonical":"https:\/\/www.cycles-blain.com\/fr\/promotions-velo\/prime-velo-electrique-giant-052025\/","og_locale":"fr_FR","og_type":"article","og_title":"400\u20ac offerts pour l'achat d'un v\u00e9lo LIV ou GIANT ! - CYCLES BLAIN","og_description":"Si vous souhaitez acheter un v\u00e9lo \u00e9lectrique, c'est le moment ! 400 \u20ac offerts pour l'achat d'un v\u00e9lo \u00e9lectrique LIV ou GIANT.","og_url":"https:\/\/www.cycles-blain.com\/fr\/promotions-velo\/prime-velo-electrique-giant-052025\/","og_site_name":"CyclesBlain - Magasins de v\u00e9los, accessoires et ateliers","article_publisher":"https:\/\/www.facebook.com\/cyclesblain\/?locale=fr_FR","article_published_time":"2025-05-14T08:42:11+00:00","article_modified_time":"2025-05-14T12:28:45+00:00","og_image":[{"width":600,"height":400,"url":"https:\/\/www.cycles-blain.com\/fr\/wp-content\/uploads\/2025\/05\/Remise-Giant-.png","type":"image\/png"}],"author":"Lou-Anne","twitter_card":"summary_large_image","twitter_misc":{"\u00c9crit par":"Lou-Anne","Dur\u00e9e de lecture estim\u00e9e":"2 minutes"},"schema":{"@context":"https:\/\/schema.org","@graph":[{"@type":"Article","@id":"https:\/\/www.cycles-blain.com\/fr\/promotions-velo\/prime-velo-electrique-giant-052025\/#article","isPartOf":{"@id":"https:\/\/www.cycles-blain.com\/fr\/promotions-velo\/prime-velo-electrique-giant-052025\/"},"author":{"name":"Lou-Anne","@id":"https:\/\/www.cycles-blain.com\/fr\/#\/schema\/person\/2e532610e6e45d290a29e480c00cc742"},"headline":"400\u20ac offerts pour l&rsquo;achat d&rsquo;un v\u00e9lo LIV ou GIANT !","datePublished":"2025-05-14T08:42:11+00:00","dateModified":"2025-05-14T12:28:45+00:00","mainEntityOfPage":{"@id":"https:\/\/www.cycles-blain.com\/fr\/promotions-velo\/prime-velo-electrique-giant-052025\/"},"wordCount":258,"commentCount":0,"publisher":{"@id":"https:\/\/www.cycles-blain.com\/fr\/#organization"},"image":{"@id":"https:\/\/www.cycles-blain.com\/fr\/promotions-velo\/prime-velo-electrique-giant-052025\/#primaryimage"},"thumbnailUrl":"https:\/\/www.cycles-blain.com\/fr\/wp-content\/uploads\/2025\/05\/Remise-Giant-.png","keywords":["giant","vae"],"articleSection":["Actus Magasins","Actus V\u00e9lo","Magasin Brignais","Magasin Lyon Centre","Magasin St Priest","Magasin Vienne","Promotions","V\u00e9lo Electrique"],"inLanguage":"fr-FR","potentialAction":[{"@type":"CommentAction","name":"Comment","target":["https:\/\/www.cycles-blain.com\/fr\/promotions-velo\/prime-velo-electrique-giant-052025\/#respond"]}]},{"@type":"WebPage","@id":"https:\/\/www.cycles-blain.com\/fr\/promotions-velo\/prime-velo-electrique-giant-052025\/","url":"https:\/\/www.cycles-blain.com\/fr\/promotions-velo\/prime-velo-electrique-giant-052025\/","name":"400\u20ac offerts pour l'achat d'un v\u00e9lo LIV ou GIANT ! - CYCLES BLAIN","isPartOf":{"@id":"https:\/\/www.cycles-blain.com\/fr\/#website"},"primaryImageOfPage":{"@id":"https:\/\/www.cycles-blain.com\/fr\/promotions-velo\/prime-velo-electrique-giant-052025\/#primaryimage"},"image":{"@id":"https:\/\/www.cycles-blain.com\/fr\/promotions-velo\/prime-velo-electrique-giant-052025\/#primaryimage"},"thumbnailUrl":"https:\/\/www.cycles-blain.com\/fr\/wp-content\/uploads\/2025\/05\/Remise-Giant-.png","datePublished":"2025-05-14T08:42:11+00:00","dateModified":"2025-05-14T12:28:45+00:00","description":"Si vous souhaitez acheter un v\u00e9lo \u00e9lectrique, c'est le moment ! 400 \u20ac offerts pour l'achat d'un v\u00e9lo \u00e9lectrique LIV ou GIANT.","breadcrumb":{"@id":"https:\/\/www.cycles-blain.com\/fr\/promotions-velo\/prime-velo-electrique-giant-052025\/#breadcrumb"},"inLanguage":"fr-FR","potentialAction":[{"@type":"ReadAction","target":["https:\/\/www.cycles-blain.com\/fr\/promotions-velo\/prime-velo-electrique-giant-052025\/"]}]},{"@type":"ImageObject","inLanguage":"fr-FR","@id":"https:\/\/www.cycles-blain.com\/fr\/promotions-velo\/prime-velo-electrique-giant-052025\/#primaryimage","url":"https:\/\/www.cycles-blain.com\/fr\/wp-content\/uploads\/2025\/05\/Remise-Giant-.png","contentUrl":"https:\/\/www.cycles-blain.com\/fr\/wp-content\/uploads\/2025\/05\/Remise-Giant-.png","width":600,"height":400,"caption":"Remise Giant"},{"@type":"BreadcrumbList","@id":"https:\/\/www.cycles-blain.com\/fr\/promotions-velo\/prime-velo-electrique-giant-052025\/#breadcrumb","itemListElement":[{"@type":"ListItem","position":1,"name":"Accueil","item":"https:\/\/www.cycles-blain.com\/fr\/"},{"@type":"ListItem","position":2,"name":"400\u20ac offerts pour l&rsquo;achat d&rsquo;un v\u00e9lo LIV ou GIANT !"}]},{"@type":"WebSite","@id":"https:\/\/www.cycles-blain.com\/fr\/#website","url":"https:\/\/www.cycles-blain.com\/fr\/","name":"CyclesBlain - Magasins de v\u00e9los, accessoires et ateliers","description":"Blog Cycles Blain","publisher":{"@id":"https:\/\/www.cycles-blain.com\/fr\/#organization"},"potentialAction":[{"@type":"SearchAction","target":{"@type":"EntryPoint","urlTemplate":"https:\/\/www.cycles-blain.com\/fr\/?s={search_term_string}"},"query-input":{"@type":"PropertyValueSpecification","valueRequired":true,"valueName":"search_term_string"}}],"inLanguage":"fr-FR"},{"@type":"Organization","@id":"https:\/\/www.cycles-blain.com\/fr\/#organization","name":"CyclesBlain - Magasins de v\u00e9los, accessoires et ateliers","url":"https:\/\/www.cycles-blain.com\/fr\/","logo":{"@type":"ImageObject","inLanguage":"fr-FR","@id":"https:\/\/www.cycles-blain.com\/fr\/#\/schema\/logo\/image\/","url":"https:\/\/www.cycles-blain.com\/fr\/wp-content\/uploads\/2023\/10\/logo-cycles-blain.jpeg","contentUrl":"https:\/\/www.cycles-blain.com\/fr\/wp-content\/uploads\/2023\/10\/logo-cycles-blain.jpeg","width":264,"height":191,"caption":"CyclesBlain - Magasins de v\u00e9los, accessoires et ateliers"},"image":{"@id":"https:\/\/www.cycles-blain.com\/fr\/#\/schema\/logo\/image\/"},"sameAs":["https:\/\/www.facebook.com\/cyclesblain\/?locale=fr_FR","https:\/\/www.instagram.com\/cycles_blain\/?hl=fr"]},{"@type":"Person","@id":"https:\/\/www.cycles-blain.com\/fr\/#\/schema\/person\/2e532610e6e45d290a29e480c00cc742","name":"Lou-Anne","image":{"@type":"ImageObject","inLanguage":"fr-FR","@id":"https:\/\/secure.gravatar.com\/avatar\/fc66047eecb12b1dd0e5dd77ae839eef6f5705cede9df1aa88eec9ecfd50b1ab?s=96&d=mm&r=g","url":"https:\/\/secure.gravatar.com\/avatar\/fc66047eecb12b1dd0e5dd77ae839eef6f5705cede9df1aa88eec9ecfd50b1ab?s=96&d=mm&r=g","contentUrl":"https:\/\/secure.gravatar.com\/avatar\/fc66047eecb12b1dd0e5dd77ae839eef6f5705cede9df1aa88eec9ecfd50b1ab?s=96&d=mm&r=g","caption":"Lou-Anne"},"url":"https:\/\/www.cycles-blain.com\/fr\/author\/lou-anne\/"}]}},"_links":{"self":[{"href":"https:\/\/www.cycles-blain.com\/fr\/wp-json\/wp\/v2\/posts\/14537","targetHints":{"allow":["GET"]}}],"collection":[{"href":"https:\/\/www.cycles-blain.com\/fr\/wp-json\/wp\/v2\/posts"}],"about":[{"href":"https:\/\/www.cycles-blain.com\/fr\/wp-json\/wp\/v2\/types\/post"}],"author":[{"embeddable":true,"href":"https:\/\/www.cycles-blain.com\/fr\/wp-json\/wp\/v2\/users\/4"}],"replies":[{"embeddable":true,"href":"https:\/\/www.cycles-blain.com\/fr\/wp-json\/wp\/v2\/comments?post=14537"}],"version-history":[{"count":21,"href":"https:\/\/www.cycles-blain.com\/fr\/wp-json\/wp\/v2\/posts\/14537\/revisions"}],"predecessor-version":[{"id":14559,"href":"https:\/\/www.cycles-blain.com\/fr\/wp-json\/wp\/v2\/posts\/14537\/revisions\/14559"}],"wp:featuredmedia":[{"embeddable":true,"href":"https:\/\/www.cycles-blain.com\/fr\/wp-json\/wp\/v2\/media\/14538"}],"wp:attachment":[{"href":"https:\/\/www.cycles-blain.com\/fr\/wp-json\/wp\/v2\/media?parent=14537"}],"wp:term":[{"taxonomy":"category","embeddable":true,"href":"https:\/\/www.cycles-blain.com\/fr\/wp-json\/wp\/v2\/categories?post=14537"},{"taxonomy":"post_tag","embeddable":true,"href":"https:\/\/www.cycles-blain.com\/fr\/wp-json\/wp\/v2\/tags?post=14537"}],"curies":[{"name":"wp","href":"https:\/\/api.w.org\/{rel}","templated":true}]}}