{"id":14567,"date":"2025-05-15T13:50:21","date_gmt":"2025-05-15T11:50:21","guid":{"rendered":"https:\/\/www.cycles-blain.com\/fr\/?p=14567"},"modified":"2025-05-16T17:10:04","modified_gmt":"2025-05-16T15:10:04","slug":"notre-selection-cadeaux-fetes-des-meres","status":"publish","type":"post","link":"https:\/\/www.cycles-blain.com\/fr\/promotions-velo\/notre-selection-cadeaux-fetes-des-meres\/","title":{"rendered":"Notre s\u00e9lection cadeaux F\u00eates des M\u00e8res !"},"content":{"rendered":"\t\t<div data-elementor-type=\"wp-post\" data-elementor-id=\"14567\" class=\"elementor elementor-14567\" data-elementor-post-type=\"post\">\n\t\t\t\t<div class=\"elementor-element elementor-element-9a28aca e-flex e-con-boxed e-con e-parent\" data-id=\"9a28aca\" data-element_type=\"container\" data-e-type=\"container\">\n\t\t\t\t\t<div class=\"e-con-inner\">\n\t\t\t\t<div class=\"elementor-element elementor-element-74accde elementor-widget elementor-widget-text-editor\" data-id=\"74accde\" data-element_type=\"widget\" data-e-type=\"widget\" data-widget_type=\"text-editor.default\">\n\t\t\t\t<div class=\"elementor-widget-container\">\n\t\t\t\t\t\t\t\t\t<p><em>Pour la F\u00eate des M\u00e8res 2025, offrez-lui du sport et de la passion ! D\u00e9couvrez notre s\u00e9lection sp\u00e9ciale pour toutes les mamans fans de v\u00e9lo \ud83d\udc90<\/em><\/p>\t\t\t\t\t\t\t\t<\/div>\n\t\t\t\t<\/div>\n\t\t\t\t<div class=\"elementor-element elementor-element-6b73804 elementor-widget elementor-widget-heading\" data-id=\"6b73804\" data-element_type=\"widget\" data-e-type=\"widget\" data-widget_type=\"heading.default\">\n\t\t\t\t<div class=\"elementor-widget-container\">\n\t\t\t\t\t<h4 class=\"elementor-heading-title elementor-size-default\">\ud83c\udf06 Casque v\u00e9lo urbain  <\/h4>\t\t\t\t<\/div>\n\t\t\t\t<\/div>\n\t\t\t\t<div class=\"elementor-element elementor-element-0a4bd28 elementor-widget elementor-widget-text-editor\" data-id=\"0a4bd28\" data-element_type=\"widget\" data-e-type=\"widget\" data-widget_type=\"text-editor.default\">\n\t\t\t\t<div class=\"elementor-widget-container\">\n\t\t\t\t\t\t\t\t\t<ul><li><strong><a href=\"https:\/\/www.cycles-blain.com\/casque-velo\/842-1342-urban-lifestyle-kask-8057099023238.html#\/15-couleur-vert\/76-taille-l\" target=\"_blank\" rel=\"noopener\">Urban Lifestyle &#8211; KASK :<\/a> Offrez un casque aussi styl\u00e9 que s\u00e9curis\u00e9 ! <\/strong>Le KASK Urban Lifestyle allie \u00e9l\u00e9gance italienne, confort haut de gamme et protection optimale. Parfait pour ses trajets \u00e0 v\u00e9lo en ville, il deviendra vite son indispensable du quotidien. Un cadeau utile, chic et attentionn\u00e9 pour une maman toujours en mouvement. \ud83e\uddb8\u200d\u2640\ufe0f<\/li><\/ul>\t\t\t\t\t\t\t\t<\/div>\n\t\t\t\t<\/div>\n\t\t\t\t<div class=\"elementor-element elementor-element-5026c52 elementor-widget elementor-widget-image\" data-id=\"5026c52\" data-element_type=\"widget\" data-e-type=\"widget\" data-widget_type=\"image.default\">\n\t\t\t\t<div class=\"elementor-widget-container\">\n\t\t\t\t\t\t\t\t\t\t\t\t\t\t\t\t<a href=\"https:\/\/www.cycles-blain.com\/casque-velo\/842-1342-urban-lifestyle-kask-8057099023238.html#\/couleur-vert\/taille-l\" target=\"_blank\">\n\t\t\t\t\t\t\t<img fetchpriority=\"high\" decoding=\"async\" width=\"300\" height=\"300\" src=\"https:\/\/www.cycles-blain.com\/fr\/wp-content\/uploads\/2025\/05\/urban-lifestyle-kask.jpg-300x300.png\" class=\"attachment-medium size-medium wp-image-14574\" alt=\"urban-lifestyle-kask.jpg\" srcset=\"https:\/\/www.cycles-blain.com\/fr\/wp-content\/uploads\/2025\/05\/urban-lifestyle-kask.jpg-300x300.png 300w, https:\/\/www.cycles-blain.com\/fr\/wp-content\/uploads\/2025\/05\/urban-lifestyle-kask.jpg-150x150.png 150w, https:\/\/www.cycles-blain.com\/fr\/wp-content\/uploads\/2025\/05\/urban-lifestyle-kask.jpg-768x768.png 768w, https:\/\/www.cycles-blain.com\/fr\/wp-content\/uploads\/2025\/05\/urban-lifestyle-kask.jpg.png 900w\" sizes=\"(max-width: 300px) 100vw, 300px\" \/>\t\t\t\t\t\t\t\t<\/a>\n\t\t\t\t\t\t\t\t\t\t\t\t\t\t\t<\/div>\n\t\t\t\t<\/div>\n\t\t\t\t<div class=\"elementor-element elementor-element-e7a5689 elementor-widget elementor-widget-heading\" data-id=\"e7a5689\" data-element_type=\"widget\" data-e-type=\"widget\" data-widget_type=\"heading.default\">\n\t\t\t\t<div class=\"elementor-widget-container\">\n\t\t\t\t\t<h4 class=\"elementor-heading-title elementor-size-default\">\ud83d\udeb4\u200d\u2640\ufe0f V\u00e9los pour femmes LIV <\/h4>\t\t\t\t<\/div>\n\t\t\t\t<\/div>\n\t\t\t\t<div class=\"elementor-element elementor-element-79f9323 elementor-widget elementor-widget-text-editor\" data-id=\"79f9323\" data-element_type=\"widget\" data-e-type=\"widget\" data-widget_type=\"text-editor.default\">\n\t\t\t\t<div class=\"elementor-widget-container\">\n\t\t\t\t\t\t\t\t\t<ul><li><p><strong>La marque LIV sp\u00e9cialis\u00e9e dans les\u00a0<a href=\"https:\/\/www.cycles-blain.com\/8-velo-neufs?q=Marque-Liv\" target=\"_blank\" rel=\"noopener\">v\u00e9los Femmes<\/a>\u00a0proposent d&rsquo;excellents v\u00e9los comme le\u00a0<a href=\"https:\/\/www.cycles-blain.com\/velo-route-musculaire\/184-110-enviliv-advanced-1-liv-4712878830882.html\" target=\"_blank\" rel=\"noopener\">Enviliv Advanced 1 &#8211; LIV :<\/a> Un cadeau \u00e0 la hauteur de sa d\u00e9termination !<\/strong> Offrez lui un concentr\u00e9 de performance et de style avec le Liv Enviliv Advanced 1. Con\u00e7u pour les cyclistes ambitieuses, ce v\u00e9lo de route a\u00e9rodynamique allie l\u00e9g\u00e8ret\u00e9, r\u00e9activit\u00e9 et design f\u00e9minin. Id\u00e9al pour les mamans qui aiment se d\u00e9passer et filer \u00e0 toute allure vers leurs objectifs !<br \/>\u00a0\ud83c\udf38: Pensez aux <b>cartes cadeaux CYCLES BLAIN<\/b> disponibles en magasins et en ligne\u00a0<a style=\"font-style: inherit; font-weight: inherit; background-color: #ffffff;\" href=\"https:\/\/www.cycles-blain.com\/carte-cadeau-cyclesblain\" target=\"_blank\" rel=\"noopener\">Ici<\/a><\/p><\/li><\/ul>\t\t\t\t\t\t\t\t<\/div>\n\t\t\t\t<\/div>\n\t\t\t\t<div class=\"elementor-element elementor-element-1b8d65c elementor-widget elementor-widget-image\" data-id=\"1b8d65c\" data-element_type=\"widget\" data-e-type=\"widget\" data-widget_type=\"image.default\">\n\t\t\t\t<div class=\"elementor-widget-container\">\n\t\t\t\t\t\t\t\t\t\t\t\t\t\t\t\t<a href=\"https:\/\/www.cycles-blain.com\/8-velo-neufs?q=Marque-Liv\" target=\"_blank\">\n\t\t\t\t\t\t\t<img decoding=\"async\" width=\"300\" height=\"300\" src=\"https:\/\/www.cycles-blain.com\/fr\/wp-content\/uploads\/2025\/05\/enviliv-advanced-1-liv-300x300.jpg\" class=\"attachment-medium size-medium wp-image-14578\" alt=\"enviliv-advanced-1-liv\" srcset=\"https:\/\/www.cycles-blain.com\/fr\/wp-content\/uploads\/2025\/05\/enviliv-advanced-1-liv-300x300.jpg 300w, https:\/\/www.cycles-blain.com\/fr\/wp-content\/uploads\/2025\/05\/enviliv-advanced-1-liv-150x150.jpg 150w, https:\/\/www.cycles-blain.com\/fr\/wp-content\/uploads\/2025\/05\/enviliv-advanced-1-liv-768x768.jpg 768w, https:\/\/www.cycles-blain.com\/fr\/wp-content\/uploads\/2025\/05\/enviliv-advanced-1-liv.jpg 900w\" sizes=\"(max-width: 300px) 100vw, 300px\" \/>\t\t\t\t\t\t\t\t<\/a>\n\t\t\t\t\t\t\t\t\t\t\t\t\t\t\t<\/div>\n\t\t\t\t<\/div>\n\t\t\t\t<div class=\"elementor-element elementor-element-791a544 elementor-widget elementor-widget-heading\" data-id=\"791a544\" data-element_type=\"widget\" data-e-type=\"widget\" data-widget_type=\"heading.default\">\n\t\t\t\t<div class=\"elementor-widget-container\">\n\t\t\t\t\t<h4 class=\"elementor-heading-title elementor-size-default\">\ud83d\udc5d Sacoche v\u00e9lo <\/h4>\t\t\t\t<\/div>\n\t\t\t\t<\/div>\n\t\t\t\t<div class=\"elementor-element elementor-element-2ab03a3 elementor-widget elementor-widget-text-editor\" data-id=\"2ab03a3\" data-element_type=\"widget\" data-e-type=\"widget\" data-widget_type=\"text-editor.default\">\n\t\t\t\t<div class=\"elementor-widget-container\">\n\t\t\t\t\t\t\t\t\t<ul><li><strong><a href=\"https:\/\/www.cycles-blain.com\/bagage-velo\/476-940-aqua-back-unite-vaude-4052285396947.html#\/14-couleur-bleu\" target=\"_blank\" rel=\"noopener\">AQUA BACK &#8211; VAUDE :<\/a><\/strong> <strong>Pour les mamans aventuri\u00e8res et \u00e9co-responsables !<\/strong> Avec les VAUDE Aqua Back, offrez la libert\u00e9 de voyager \u00e0 v\u00e9lo, bien \u00e9quip\u00e9e et au sec ! \u00c9tanches, robustes et fabriqu\u00e9es de fa\u00e7on \u00e9co-con\u00e7ue, ces sacoches l\u2019accompagneront dans toutes ses escapades, du quotidien aux grandes randonn\u00e9es. Un cadeau pratique et durable pour une maman qui aime p\u00e9daler en pleine nature. \ud83d\udc9a<\/li><\/ul>\t\t\t\t\t\t\t\t<\/div>\n\t\t\t\t<\/div>\n\t\t\t\t<div class=\"elementor-element elementor-element-a538567 elementor-widget elementor-widget-image\" data-id=\"a538567\" data-element_type=\"widget\" data-e-type=\"widget\" data-widget_type=\"image.default\">\n\t\t\t\t<div class=\"elementor-widget-container\">\n\t\t\t\t\t\t\t\t\t\t\t\t\t\t\t\t<a href=\"https:\/\/www.cycles-blain.com\/bagage-velo\/476-940-aqua-back-unite-vaude-4052285396947.html#\/14-couleur-bleu\" target=\"_blank\">\n\t\t\t\t\t\t\t<img decoding=\"async\" width=\"300\" height=\"300\" src=\"https:\/\/www.cycles-blain.com\/fr\/wp-content\/uploads\/2025\/05\/aqua-back-unite-vaude-300x300.jpg\" class=\"attachment-medium size-medium wp-image-14582\" alt=\"\" srcset=\"https:\/\/www.cycles-blain.com\/fr\/wp-content\/uploads\/2025\/05\/aqua-back-unite-vaude-300x300.jpg 300w, https:\/\/www.cycles-blain.com\/fr\/wp-content\/uploads\/2025\/05\/aqua-back-unite-vaude-150x150.jpg 150w, https:\/\/www.cycles-blain.com\/fr\/wp-content\/uploads\/2025\/05\/aqua-back-unite-vaude-768x768.jpg 768w, https:\/\/www.cycles-blain.com\/fr\/wp-content\/uploads\/2025\/05\/aqua-back-unite-vaude.jpg 900w\" sizes=\"(max-width: 300px) 100vw, 300px\" \/>\t\t\t\t\t\t\t\t<\/a>\n\t\t\t\t\t\t\t\t\t\t\t\t\t\t\t<\/div>\n\t\t\t\t<\/div>\n\t\t\t\t<div class=\"elementor-element elementor-element-3a8ab85 elementor-widget elementor-widget-heading\" data-id=\"3a8ab85\" data-element_type=\"widget\" data-e-type=\"widget\" data-widget_type=\"heading.default\">\n\t\t\t\t<div class=\"elementor-widget-container\">\n\t\t\t\t\t<h4 class=\"elementor-heading-title elementor-size-default\">\ud83d\udeb5\u200d\u2640\ufe0f Cuissard v\u00e9lo <\/h4>\t\t\t\t<\/div>\n\t\t\t\t<\/div>\n\t\t\t\t<div class=\"elementor-element elementor-element-610ceeb elementor-widget elementor-widget-text-editor\" data-id=\"610ceeb\" data-element_type=\"widget\" data-e-type=\"widget\" data-widget_type=\"text-editor.default\">\n\t\t\t\t<div class=\"elementor-widget-container\">\n\t\t\t\t\t\t\t\t\t<ul><li><strong><a href=\"https:\/\/www.cycles-blain.com\/vetements-cyclistes-velo\/1277-1971-prima-2-short-cuissard-velo-court-femmes-castelli-8056006336096.html#\/74-taille-s\" target=\"_blank\" rel=\"noopener\">Cuissard v\u00e9lo court &#8211; Castelli :<\/a><\/strong> <strong>Le confort haut de gamme pour une maman qui envoie du lourd<\/strong> <strong>!<\/strong> Le cuissard Castelli, c\u2019est l\u2019alliance parfaite entre technicit\u00e9 et \u00e9l\u00e9gance. Respirant, l\u00e9ger et dot\u00e9 d\u2019un excellent maintien, il garantit un confort absolu m\u00eame sur les longues distances. Un indispensable \u00e0 glisser dans sa garde-robe cycliste pour la F\u00eate des M\u00e8res ! \ud83d\udc90<\/li><\/ul>\t\t\t\t\t\t\t\t<\/div>\n\t\t\t\t<\/div>\n\t\t\t\t<div class=\"elementor-element elementor-element-b4d3d60 elementor-widget elementor-widget-image\" data-id=\"b4d3d60\" data-element_type=\"widget\" data-e-type=\"widget\" data-widget_type=\"image.default\">\n\t\t\t\t<div class=\"elementor-widget-container\">\n\t\t\t\t\t\t\t\t\t\t\t\t\t\t\t\t<a href=\"https:\/\/www.cycles-blain.com\/vetements-cyclistes-velo\/1277-1971-prima-2-short-cuissard-velo-court-femmes-castelli-8056006336096.html#\/74-taille-s\" target=\"_blank\">\n\t\t\t\t\t\t\t<img loading=\"lazy\" decoding=\"async\" width=\"300\" height=\"300\" src=\"https:\/\/www.cycles-blain.com\/fr\/wp-content\/uploads\/2025\/05\/prima-2-short-cuissard-velo-court-femmes-castelli-300x300.jpg\" class=\"attachment-medium size-medium wp-image-14593\" alt=\"prima-2-short-cuissard-velo-court-femmes-castelli\" srcset=\"https:\/\/www.cycles-blain.com\/fr\/wp-content\/uploads\/2025\/05\/prima-2-short-cuissard-velo-court-femmes-castelli-300x300.jpg 300w, https:\/\/www.cycles-blain.com\/fr\/wp-content\/uploads\/2025\/05\/prima-2-short-cuissard-velo-court-femmes-castelli-150x150.jpg 150w, https:\/\/www.cycles-blain.com\/fr\/wp-content\/uploads\/2025\/05\/prima-2-short-cuissard-velo-court-femmes-castelli-768x768.jpg 768w, https:\/\/www.cycles-blain.com\/fr\/wp-content\/uploads\/2025\/05\/prima-2-short-cuissard-velo-court-femmes-castelli.jpg 900w\" sizes=\"(max-width: 300px) 100vw, 300px\" \/>\t\t\t\t\t\t\t\t<\/a>\n\t\t\t\t\t\t\t\t\t\t\t\t\t\t\t<\/div>\n\t\t\t\t<\/div>\n\t\t\t\t<div class=\"elementor-element elementor-element-2eced65 elementor-widget elementor-widget-heading\" data-id=\"2eced65\" data-element_type=\"widget\" data-e-type=\"widget\" data-widget_type=\"heading.default\">\n\t\t\t\t<div class=\"elementor-widget-container\">\n\t\t\t\t\t<h4 class=\"elementor-heading-title elementor-size-default\">\ud83d\udee0\ufe0f Kit de r\u00e9paration v\u00e9lo <\/h4>\t\t\t\t<\/div>\n\t\t\t\t<\/div>\n\t\t\t\t<div class=\"elementor-element elementor-element-7ea31b1 elementor-widget elementor-widget-text-editor\" data-id=\"7ea31b1\" data-element_type=\"widget\" data-e-type=\"widget\" data-widget_type=\"text-editor.default\">\n\t\t\t\t<div class=\"elementor-widget-container\">\n\t\t\t\t\t\t\t\t\t<ul><li><strong><a href=\"https:\/\/www.cycles-blain.com\/outillage-entretien-velo\/264-kit-de-reparation-velo-quick-fix-avec-pompe-liv-4718905894391.html\" target=\"_blank\" rel=\"noopener\">Kit de r\u00e9paration v\u00e9lo &#8211; LIV :<\/a><\/strong>\u00a0<strong>Pour une maman qui n\u2019attend pas qu\u2019on vienne la d\u00e9panner !<\/strong> Le kit de r\u00e9paration v\u00e9lo LIV, c\u2019est le petit essentiel qui fait toute la diff\u00e9rence. Pratique, il lui assure des balades sans stress et en toute autonomie. Un cadeau fut\u00e9 pour une maman qui aime p\u00e9daler l\u2019esprit l\u00e9ger \ud83d\udc95<\/li><\/ul>\t\t\t\t\t\t\t\t<\/div>\n\t\t\t\t<\/div>\n\t\t\t\t<div class=\"elementor-element elementor-element-9105308 elementor-widget elementor-widget-image\" data-id=\"9105308\" data-element_type=\"widget\" data-e-type=\"widget\" data-widget_type=\"image.default\">\n\t\t\t\t<div class=\"elementor-widget-container\">\n\t\t\t\t\t\t\t\t\t\t\t\t\t\t\t\t<a href=\"https:\/\/www.cycles-blain.com\/outillage-entretien-velo\/264-kit-de-reparation-velo-quick-fix-avec-pompe-liv-4718905894391.html\" target=\"_blank\">\n\t\t\t\t\t\t\t<img loading=\"lazy\" decoding=\"async\" width=\"300\" height=\"300\" src=\"https:\/\/www.cycles-blain.com\/fr\/wp-content\/uploads\/2025\/05\/kit-de-reparation-velo-quick-fix-avec-pompe-liv-300x300.jpg\" class=\"attachment-medium size-medium wp-image-14603\" alt=\"\" srcset=\"https:\/\/www.cycles-blain.com\/fr\/wp-content\/uploads\/2025\/05\/kit-de-reparation-velo-quick-fix-avec-pompe-liv-300x300.jpg 300w, https:\/\/www.cycles-blain.com\/fr\/wp-content\/uploads\/2025\/05\/kit-de-reparation-velo-quick-fix-avec-pompe-liv-150x150.jpg 150w, https:\/\/www.cycles-blain.com\/fr\/wp-content\/uploads\/2025\/05\/kit-de-reparation-velo-quick-fix-avec-pompe-liv-768x768.jpg 768w, https:\/\/www.cycles-blain.com\/fr\/wp-content\/uploads\/2025\/05\/kit-de-reparation-velo-quick-fix-avec-pompe-liv.jpg 900w\" sizes=\"(max-width: 300px) 100vw, 300px\" \/>\t\t\t\t\t\t\t\t<\/a>\n\t\t\t\t\t\t\t\t\t\t\t\t\t\t\t<\/div>\n\t\t\t\t<\/div>\n\t\t\t\t<div class=\"elementor-element elementor-element-4a745cd elementor-widget elementor-widget-text-editor\" data-id=\"4a745cd\" data-element_type=\"widget\" data-e-type=\"widget\" data-widget_type=\"text-editor.default\">\n\t\t\t\t<div class=\"elementor-widget-container\">\n\t\t\t\t\t\t\t\t\t<p>Et si vous \u00eates \u00e0 la recherche d&rsquo;autres id\u00e9es inspirantes pour la F\u00eate des m\u00e8res, rdv sur notre site <strong><a href=\"https:\/\/www.cycles-blain.com\/4-accessoires-velo?q=Genre-Femme\" target=\"_blank\" rel=\"noopener\">cycles-blain.com<\/a><\/strong> !\u00a0<\/p>\t\t\t\t\t\t\t\t<\/div>\n\t\t\t\t<\/div>\n\t\t\t\t\t<\/div>\n\t\t\t\t<\/div>\n\t\t\t\t<\/div>\n\t\t","protected":false},"excerpt":{"rendered":"<p>D\u00e9couvrez notre s\u00e9lection d&rsquo;id\u00e9es cadeaux pour la f\u00eate des m\u00e8res : casques, v\u00eatements, v\u00e9los&#8230;<\/p>\n","protected":false},"author":4,"featured_media":14569,"comment_status":"open","ping_status":"open","sticky":false,"template":"","format":"standard","meta":{"site-sidebar-layout":"default","site-content-layout":"","ast-site-content-layout":"default","site-content-style":"default","site-sidebar-style":"default","ast-global-header-display":"","ast-banner-title-visibility":"","ast-main-header-display":"","ast-hfb-above-header-display":"","ast-hfb-below-header-display":"","ast-hfb-mobile-header-display":"","site-post-title":"","ast-breadcrumbs-content":"","ast-featured-img":"","footer-sml-layout":"","theme-transparent-header-meta":"","adv-header-id-meta":"","stick-header-meta":"","header-above-stick-meta":"","header-main-stick-meta":"","header-below-stick-meta":"","astra-migrate-meta-layouts":"set","ast-page-background-enabled":"default","ast-page-background-meta":{"desktop":{"background-color":"","background-image":"","background-repeat":"repeat","background-position":"center center","background-size":"auto","background-attachment":"scroll","background-type":"","background-media":"","overlay-type":"","overlay-color":"","overlay-gradient":""},"tablet":{"background-color":"","background-image":"","background-repeat":"repeat","background-position":"center center","background-size":"auto","background-attachment":"scroll","background-type":"","background-media":"","overlay-type":"","overlay-color":"","overlay-gradient":""},"mobile":{"background-color":"","background-image":"","background-repeat":"repeat","background-position":"center center","background-size":"auto","background-attachment":"scroll","background-type":"","background-media":"","overlay-type":"","overlay-color":"","overlay-gradient":""}},"ast-content-background-meta":{"desktop":{"background-color":"var(--ast-global-color-5)","background-image":"","background-repeat":"repeat","background-position":"center center","background-size":"auto","background-attachment":"scroll","background-type":"","background-media":"","overlay-type":"","overlay-color":"","overlay-gradient":""},"tablet":{"background-color":"var(--ast-global-color-5)","background-image":"","background-repeat":"repeat","background-position":"center center","background-size":"auto","background-attachment":"scroll","background-type":"","background-media":"","overlay-type":"","overlay-color":"","overlay-gradient":""},"mobile":{"background-color":"var(--ast-global-color-5)","background-image":"","background-repeat":"repeat","background-position":"center center","background-size":"auto","background-attachment":"scroll","background-type":"","background-media":"","overlay-type":"","overlay-color":"","overlay-gradient":""}},"footnotes":""},"categories":[6,9,16],"tags":[339,147],"class_list":["post-14567","post","type-post","status-publish","format-standard","has-post-thumbnail","hentry","category-magasins-velo","category-conseils-velo","category-promotions-velo","tag-fete-des-meres","tag-idees-cadeaux"],"yoast_head":"<!-- This site is optimized with the Yoast SEO plugin v27.5 - https:\/\/yoast.com\/product\/yoast-seo-wordpress\/ -->\n<title>Notre s\u00e9lection cadeaux F\u00eates des M\u00e8res ! - CYCLES BLAIN<\/title>\n<meta name=\"description\" content=\"D\u00e9couvrez notre s\u00e9lection d&#039;id\u00e9es cadeaux pour la f\u00eate des m\u00e8res : casques, v\u00eatements, v\u00e9los, carte cadeaux...\" \/>\n<meta name=\"robots\" content=\"index, follow, max-snippet:-1, max-image-preview:large, max-video-preview:-1\" \/>\n<link rel=\"canonical\" href=\"https:\/\/www.cycles-blain.com\/fr\/magasins-velo\/notre-selection-cadeaux-fetes-des-meres\/\" \/>\n<meta property=\"og:locale\" content=\"fr_FR\" \/>\n<meta property=\"og:type\" content=\"article\" \/>\n<meta property=\"og:title\" content=\"Notre s\u00e9lection cadeaux F\u00eates des M\u00e8res ! - CYCLES BLAIN\" \/>\n<meta property=\"og:description\" content=\"D\u00e9couvrez notre s\u00e9lection d&#039;id\u00e9es cadeaux pour la f\u00eate des m\u00e8res : casques, v\u00eatements, v\u00e9los, carte cadeaux...\" \/>\n<meta property=\"og:url\" content=\"https:\/\/www.cycles-blain.com\/fr\/magasins-velo\/notre-selection-cadeaux-fetes-des-meres\/\" \/>\n<meta property=\"og:site_name\" content=\"CyclesBlain - Magasins de v\u00e9los, accessoires et ateliers\" \/>\n<meta property=\"article:publisher\" content=\"https:\/\/www.facebook.com\/cyclesblain\/?locale=fr_FR\" \/>\n<meta property=\"article:published_time\" content=\"2025-05-15T11:50:21+00:00\" \/>\n<meta property=\"article:modified_time\" content=\"2025-05-16T15:10:04+00:00\" \/>\n<meta property=\"og:image\" content=\"https:\/\/www.cycles-blain.com\/fr\/wp-content\/uploads\/2025\/05\/Bonne-Fete-des-Meres-.png\" \/>\n\t<meta property=\"og:image:width\" content=\"600\" \/>\n\t<meta property=\"og:image:height\" content=\"400\" \/>\n\t<meta property=\"og:image:type\" content=\"image\/png\" \/>\n<meta name=\"author\" content=\"Lou-Anne\" \/>\n<meta name=\"twitter:card\" content=\"summary_large_image\" \/>\n<meta name=\"twitter:label1\" content=\"\u00c9crit par\" \/>\n\t<meta name=\"twitter:data1\" content=\"Lou-Anne\" \/>\n\t<meta name=\"twitter:label2\" content=\"Dur\u00e9e de lecture estim\u00e9e\" \/>\n\t<meta name=\"twitter:data2\" content=\"3 minutes\" \/>\n<script type=\"application\/ld+json\" class=\"yoast-schema-graph\">{\"@context\":\"https:\\\/\\\/schema.org\",\"@graph\":[{\"@type\":\"Article\",\"@id\":\"https:\\\/\\\/www.cycles-blain.com\\\/fr\\\/magasins-velo\\\/notre-selection-cadeaux-fetes-des-meres\\\/#article\",\"isPartOf\":{\"@id\":\"https:\\\/\\\/www.cycles-blain.com\\\/fr\\\/magasins-velo\\\/notre-selection-cadeaux-fetes-des-meres\\\/\"},\"author\":{\"name\":\"Lou-Anne\",\"@id\":\"https:\\\/\\\/www.cycles-blain.com\\\/fr\\\/#\\\/schema\\\/person\\\/2e532610e6e45d290a29e480c00cc742\"},\"headline\":\"Notre s\u00e9lection cadeaux F\u00eates des M\u00e8res !\",\"datePublished\":\"2025-05-15T11:50:21+00:00\",\"dateModified\":\"2025-05-16T15:10:04+00:00\",\"mainEntityOfPage\":{\"@id\":\"https:\\\/\\\/www.cycles-blain.com\\\/fr\\\/magasins-velo\\\/notre-selection-cadeaux-fetes-des-meres\\\/\"},\"wordCount\":433,\"commentCount\":0,\"publisher\":{\"@id\":\"https:\\\/\\\/www.cycles-blain.com\\\/fr\\\/#organization\"},\"image\":{\"@id\":\"https:\\\/\\\/www.cycles-blain.com\\\/fr\\\/magasins-velo\\\/notre-selection-cadeaux-fetes-des-meres\\\/#primaryimage\"},\"thumbnailUrl\":\"https:\\\/\\\/www.cycles-blain.com\\\/fr\\\/wp-content\\\/uploads\\\/2025\\\/05\\\/Bonne-Fete-des-Meres-.png\",\"keywords\":[\"f\u00eate des m\u00e8res\",\"id\u00e9es cadeaux\"],\"articleSection\":[\"Actus Magasins\",\"Conseils-Pratique\",\"Promotions\"],\"inLanguage\":\"fr-FR\",\"potentialAction\":[{\"@type\":\"CommentAction\",\"name\":\"Comment\",\"target\":[\"https:\\\/\\\/www.cycles-blain.com\\\/fr\\\/magasins-velo\\\/notre-selection-cadeaux-fetes-des-meres\\\/#respond\"]}]},{\"@type\":\"WebPage\",\"@id\":\"https:\\\/\\\/www.cycles-blain.com\\\/fr\\\/magasins-velo\\\/notre-selection-cadeaux-fetes-des-meres\\\/\",\"url\":\"https:\\\/\\\/www.cycles-blain.com\\\/fr\\\/magasins-velo\\\/notre-selection-cadeaux-fetes-des-meres\\\/\",\"name\":\"Notre s\u00e9lection cadeaux F\u00eates des M\u00e8res ! - CYCLES BLAIN\",\"isPartOf\":{\"@id\":\"https:\\\/\\\/www.cycles-blain.com\\\/fr\\\/#website\"},\"primaryImageOfPage\":{\"@id\":\"https:\\\/\\\/www.cycles-blain.com\\\/fr\\\/magasins-velo\\\/notre-selection-cadeaux-fetes-des-meres\\\/#primaryimage\"},\"image\":{\"@id\":\"https:\\\/\\\/www.cycles-blain.com\\\/fr\\\/magasins-velo\\\/notre-selection-cadeaux-fetes-des-meres\\\/#primaryimage\"},\"thumbnailUrl\":\"https:\\\/\\\/www.cycles-blain.com\\\/fr\\\/wp-content\\\/uploads\\\/2025\\\/05\\\/Bonne-Fete-des-Meres-.png\",\"datePublished\":\"2025-05-15T11:50:21+00:00\",\"dateModified\":\"2025-05-16T15:10:04+00:00\",\"description\":\"D\u00e9couvrez notre s\u00e9lection d'id\u00e9es cadeaux pour la f\u00eate des m\u00e8res : casques, v\u00eatements, v\u00e9los, carte cadeaux...\",\"breadcrumb\":{\"@id\":\"https:\\\/\\\/www.cycles-blain.com\\\/fr\\\/magasins-velo\\\/notre-selection-cadeaux-fetes-des-meres\\\/#breadcrumb\"},\"inLanguage\":\"fr-FR\",\"potentialAction\":[{\"@type\":\"ReadAction\",\"target\":[\"https:\\\/\\\/www.cycles-blain.com\\\/fr\\\/magasins-velo\\\/notre-selection-cadeaux-fetes-des-meres\\\/\"]}]},{\"@type\":\"ImageObject\",\"inLanguage\":\"fr-FR\",\"@id\":\"https:\\\/\\\/www.cycles-blain.com\\\/fr\\\/magasins-velo\\\/notre-selection-cadeaux-fetes-des-meres\\\/#primaryimage\",\"url\":\"https:\\\/\\\/www.cycles-blain.com\\\/fr\\\/wp-content\\\/uploads\\\/2025\\\/05\\\/Bonne-Fete-des-Meres-.png\",\"contentUrl\":\"https:\\\/\\\/www.cycles-blain.com\\\/fr\\\/wp-content\\\/uploads\\\/2025\\\/05\\\/Bonne-Fete-des-Meres-.png\",\"width\":600,\"height\":400,\"caption\":\"Bonne F\u00eate des M\u00e8res !\"},{\"@type\":\"BreadcrumbList\",\"@id\":\"https:\\\/\\\/www.cycles-blain.com\\\/fr\\\/magasins-velo\\\/notre-selection-cadeaux-fetes-des-meres\\\/#breadcrumb\",\"itemListElement\":[{\"@type\":\"ListItem\",\"position\":1,\"name\":\"Accueil\",\"item\":\"https:\\\/\\\/www.cycles-blain.com\\\/fr\\\/\"},{\"@type\":\"ListItem\",\"position\":2,\"name\":\"Notre s\u00e9lection cadeaux F\u00eates des M\u00e8res !\"}]},{\"@type\":\"WebSite\",\"@id\":\"https:\\\/\\\/www.cycles-blain.com\\\/fr\\\/#website\",\"url\":\"https:\\\/\\\/www.cycles-blain.com\\\/fr\\\/\",\"name\":\"CyclesBlain - Magasins de v\u00e9los, accessoires et ateliers\",\"description\":\"Blog Cycles Blain\",\"publisher\":{\"@id\":\"https:\\\/\\\/www.cycles-blain.com\\\/fr\\\/#organization\"},\"potentialAction\":[{\"@type\":\"SearchAction\",\"target\":{\"@type\":\"EntryPoint\",\"urlTemplate\":\"https:\\\/\\\/www.cycles-blain.com\\\/fr\\\/?s={search_term_string}\"},\"query-input\":{\"@type\":\"PropertyValueSpecification\",\"valueRequired\":true,\"valueName\":\"search_term_string\"}}],\"inLanguage\":\"fr-FR\"},{\"@type\":\"Organization\",\"@id\":\"https:\\\/\\\/www.cycles-blain.com\\\/fr\\\/#organization\",\"name\":\"CyclesBlain - Magasins de v\u00e9los, accessoires et ateliers\",\"url\":\"https:\\\/\\\/www.cycles-blain.com\\\/fr\\\/\",\"logo\":{\"@type\":\"ImageObject\",\"inLanguage\":\"fr-FR\",\"@id\":\"https:\\\/\\\/www.cycles-blain.com\\\/fr\\\/#\\\/schema\\\/logo\\\/image\\\/\",\"url\":\"https:\\\/\\\/www.cycles-blain.com\\\/fr\\\/wp-content\\\/uploads\\\/2023\\\/10\\\/logo-cycles-blain.jpeg\",\"contentUrl\":\"https:\\\/\\\/www.cycles-blain.com\\\/fr\\\/wp-content\\\/uploads\\\/2023\\\/10\\\/logo-cycles-blain.jpeg\",\"width\":264,\"height\":191,\"caption\":\"CyclesBlain - Magasins de v\u00e9los, accessoires et ateliers\"},\"image\":{\"@id\":\"https:\\\/\\\/www.cycles-blain.com\\\/fr\\\/#\\\/schema\\\/logo\\\/image\\\/\"},\"sameAs\":[\"https:\\\/\\\/www.facebook.com\\\/cyclesblain\\\/?locale=fr_FR\",\"https:\\\/\\\/www.instagram.com\\\/cycles_blain\\\/?hl=fr\"]},{\"@type\":\"Person\",\"@id\":\"https:\\\/\\\/www.cycles-blain.com\\\/fr\\\/#\\\/schema\\\/person\\\/2e532610e6e45d290a29e480c00cc742\",\"name\":\"Lou-Anne\",\"image\":{\"@type\":\"ImageObject\",\"inLanguage\":\"fr-FR\",\"@id\":\"https:\\\/\\\/secure.gravatar.com\\\/avatar\\\/fc66047eecb12b1dd0e5dd77ae839eef6f5705cede9df1aa88eec9ecfd50b1ab?s=96&d=mm&r=g\",\"url\":\"https:\\\/\\\/secure.gravatar.com\\\/avatar\\\/fc66047eecb12b1dd0e5dd77ae839eef6f5705cede9df1aa88eec9ecfd50b1ab?s=96&d=mm&r=g\",\"contentUrl\":\"https:\\\/\\\/secure.gravatar.com\\\/avatar\\\/fc66047eecb12b1dd0e5dd77ae839eef6f5705cede9df1aa88eec9ecfd50b1ab?s=96&d=mm&r=g\",\"caption\":\"Lou-Anne\"},\"url\":\"https:\\\/\\\/www.cycles-blain.com\\\/fr\\\/author\\\/lou-anne\\\/\"}]}<\/script>\n<!-- \/ Yoast SEO plugin. -->","yoast_head_json":{"title":"Notre s\u00e9lection cadeaux F\u00eates des M\u00e8res ! - CYCLES BLAIN","description":"D\u00e9couvrez notre s\u00e9lection d'id\u00e9es cadeaux pour la f\u00eate des m\u00e8res : casques, v\u00eatements, v\u00e9los, carte cadeaux...","robots":{"index":"index","follow":"follow","max-snippet":"max-snippet:-1","max-image-preview":"max-image-preview:large","max-video-preview":"max-video-preview:-1"},"canonical":"https:\/\/www.cycles-blain.com\/fr\/magasins-velo\/notre-selection-cadeaux-fetes-des-meres\/","og_locale":"fr_FR","og_type":"article","og_title":"Notre s\u00e9lection cadeaux F\u00eates des M\u00e8res ! - CYCLES BLAIN","og_description":"D\u00e9couvrez notre s\u00e9lection d'id\u00e9es cadeaux pour la f\u00eate des m\u00e8res : casques, v\u00eatements, v\u00e9los, carte cadeaux...","og_url":"https:\/\/www.cycles-blain.com\/fr\/magasins-velo\/notre-selection-cadeaux-fetes-des-meres\/","og_site_name":"CyclesBlain - Magasins de v\u00e9los, accessoires et ateliers","article_publisher":"https:\/\/www.facebook.com\/cyclesblain\/?locale=fr_FR","article_published_time":"2025-05-15T11:50:21+00:00","article_modified_time":"2025-05-16T15:10:04+00:00","og_image":[{"width":600,"height":400,"url":"https:\/\/www.cycles-blain.com\/fr\/wp-content\/uploads\/2025\/05\/Bonne-Fete-des-Meres-.png","type":"image\/png"}],"author":"Lou-Anne","twitter_card":"summary_large_image","twitter_misc":{"\u00c9crit par":"Lou-Anne","Dur\u00e9e de lecture estim\u00e9e":"3 minutes"},"schema":{"@context":"https:\/\/schema.org","@graph":[{"@type":"Article","@id":"https:\/\/www.cycles-blain.com\/fr\/magasins-velo\/notre-selection-cadeaux-fetes-des-meres\/#article","isPartOf":{"@id":"https:\/\/www.cycles-blain.com\/fr\/magasins-velo\/notre-selection-cadeaux-fetes-des-meres\/"},"author":{"name":"Lou-Anne","@id":"https:\/\/www.cycles-blain.com\/fr\/#\/schema\/person\/2e532610e6e45d290a29e480c00cc742"},"headline":"Notre s\u00e9lection cadeaux F\u00eates des M\u00e8res !","datePublished":"2025-05-15T11:50:21+00:00","dateModified":"2025-05-16T15:10:04+00:00","mainEntityOfPage":{"@id":"https:\/\/www.cycles-blain.com\/fr\/magasins-velo\/notre-selection-cadeaux-fetes-des-meres\/"},"wordCount":433,"commentCount":0,"publisher":{"@id":"https:\/\/www.cycles-blain.com\/fr\/#organization"},"image":{"@id":"https:\/\/www.cycles-blain.com\/fr\/magasins-velo\/notre-selection-cadeaux-fetes-des-meres\/#primaryimage"},"thumbnailUrl":"https:\/\/www.cycles-blain.com\/fr\/wp-content\/uploads\/2025\/05\/Bonne-Fete-des-Meres-.png","keywords":["f\u00eate des m\u00e8res","id\u00e9es cadeaux"],"articleSection":["Actus Magasins","Conseils-Pratique","Promotions"],"inLanguage":"fr-FR","potentialAction":[{"@type":"CommentAction","name":"Comment","target":["https:\/\/www.cycles-blain.com\/fr\/magasins-velo\/notre-selection-cadeaux-fetes-des-meres\/#respond"]}]},{"@type":"WebPage","@id":"https:\/\/www.cycles-blain.com\/fr\/magasins-velo\/notre-selection-cadeaux-fetes-des-meres\/","url":"https:\/\/www.cycles-blain.com\/fr\/magasins-velo\/notre-selection-cadeaux-fetes-des-meres\/","name":"Notre s\u00e9lection cadeaux F\u00eates des M\u00e8res ! - CYCLES BLAIN","isPartOf":{"@id":"https:\/\/www.cycles-blain.com\/fr\/#website"},"primaryImageOfPage":{"@id":"https:\/\/www.cycles-blain.com\/fr\/magasins-velo\/notre-selection-cadeaux-fetes-des-meres\/#primaryimage"},"image":{"@id":"https:\/\/www.cycles-blain.com\/fr\/magasins-velo\/notre-selection-cadeaux-fetes-des-meres\/#primaryimage"},"thumbnailUrl":"https:\/\/www.cycles-blain.com\/fr\/wp-content\/uploads\/2025\/05\/Bonne-Fete-des-Meres-.png","datePublished":"2025-05-15T11:50:21+00:00","dateModified":"2025-05-16T15:10:04+00:00","description":"D\u00e9couvrez notre s\u00e9lection d'id\u00e9es cadeaux pour la f\u00eate des m\u00e8res : casques, v\u00eatements, v\u00e9los, carte cadeaux...","breadcrumb":{"@id":"https:\/\/www.cycles-blain.com\/fr\/magasins-velo\/notre-selection-cadeaux-fetes-des-meres\/#breadcrumb"},"inLanguage":"fr-FR","potentialAction":[{"@type":"ReadAction","target":["https:\/\/www.cycles-blain.com\/fr\/magasins-velo\/notre-selection-cadeaux-fetes-des-meres\/"]}]},{"@type":"ImageObject","inLanguage":"fr-FR","@id":"https:\/\/www.cycles-blain.com\/fr\/magasins-velo\/notre-selection-cadeaux-fetes-des-meres\/#primaryimage","url":"https:\/\/www.cycles-blain.com\/fr\/wp-content\/uploads\/2025\/05\/Bonne-Fete-des-Meres-.png","contentUrl":"https:\/\/www.cycles-blain.com\/fr\/wp-content\/uploads\/2025\/05\/Bonne-Fete-des-Meres-.png","width":600,"height":400,"caption":"Bonne F\u00eate des M\u00e8res !"},{"@type":"BreadcrumbList","@id":"https:\/\/www.cycles-blain.com\/fr\/magasins-velo\/notre-selection-cadeaux-fetes-des-meres\/#breadcrumb","itemListElement":[{"@type":"ListItem","position":1,"name":"Accueil","item":"https:\/\/www.cycles-blain.com\/fr\/"},{"@type":"ListItem","position":2,"name":"Notre s\u00e9lection cadeaux F\u00eates des M\u00e8res !"}]},{"@type":"WebSite","@id":"https:\/\/www.cycles-blain.com\/fr\/#website","url":"https:\/\/www.cycles-blain.com\/fr\/","name":"CyclesBlain - Magasins de v\u00e9los, accessoires et ateliers","description":"Blog Cycles Blain","publisher":{"@id":"https:\/\/www.cycles-blain.com\/fr\/#organization"},"potentialAction":[{"@type":"SearchAction","target":{"@type":"EntryPoint","urlTemplate":"https:\/\/www.cycles-blain.com\/fr\/?s={search_term_string}"},"query-input":{"@type":"PropertyValueSpecification","valueRequired":true,"valueName":"search_term_string"}}],"inLanguage":"fr-FR"},{"@type":"Organization","@id":"https:\/\/www.cycles-blain.com\/fr\/#organization","name":"CyclesBlain - Magasins de v\u00e9los, accessoires et ateliers","url":"https:\/\/www.cycles-blain.com\/fr\/","logo":{"@type":"ImageObject","inLanguage":"fr-FR","@id":"https:\/\/www.cycles-blain.com\/fr\/#\/schema\/logo\/image\/","url":"https:\/\/www.cycles-blain.com\/fr\/wp-content\/uploads\/2023\/10\/logo-cycles-blain.jpeg","contentUrl":"https:\/\/www.cycles-blain.com\/fr\/wp-content\/uploads\/2023\/10\/logo-cycles-blain.jpeg","width":264,"height":191,"caption":"CyclesBlain - Magasins de v\u00e9los, accessoires et ateliers"},"image":{"@id":"https:\/\/www.cycles-blain.com\/fr\/#\/schema\/logo\/image\/"},"sameAs":["https:\/\/www.facebook.com\/cyclesblain\/?locale=fr_FR","https:\/\/www.instagram.com\/cycles_blain\/?hl=fr"]},{"@type":"Person","@id":"https:\/\/www.cycles-blain.com\/fr\/#\/schema\/person\/2e532610e6e45d290a29e480c00cc742","name":"Lou-Anne","image":{"@type":"ImageObject","inLanguage":"fr-FR","@id":"https:\/\/secure.gravatar.com\/avatar\/fc66047eecb12b1dd0e5dd77ae839eef6f5705cede9df1aa88eec9ecfd50b1ab?s=96&d=mm&r=g","url":"https:\/\/secure.gravatar.com\/avatar\/fc66047eecb12b1dd0e5dd77ae839eef6f5705cede9df1aa88eec9ecfd50b1ab?s=96&d=mm&r=g","contentUrl":"https:\/\/secure.gravatar.com\/avatar\/fc66047eecb12b1dd0e5dd77ae839eef6f5705cede9df1aa88eec9ecfd50b1ab?s=96&d=mm&r=g","caption":"Lou-Anne"},"url":"https:\/\/www.cycles-blain.com\/fr\/author\/lou-anne\/"}]}},"_links":{"self":[{"href":"https:\/\/www.cycles-blain.com\/fr\/wp-json\/wp\/v2\/posts\/14567","targetHints":{"allow":["GET"]}}],"collection":[{"href":"https:\/\/www.cycles-blain.com\/fr\/wp-json\/wp\/v2\/posts"}],"about":[{"href":"https:\/\/www.cycles-blain.com\/fr\/wp-json\/wp\/v2\/types\/post"}],"author":[{"embeddable":true,"href":"https:\/\/www.cycles-blain.com\/fr\/wp-json\/wp\/v2\/users\/4"}],"replies":[{"embeddable":true,"href":"https:\/\/www.cycles-blain.com\/fr\/wp-json\/wp\/v2\/comments?post=14567"}],"version-history":[{"count":52,"href":"https:\/\/www.cycles-blain.com\/fr\/wp-json\/wp\/v2\/posts\/14567\/revisions"}],"predecessor-version":[{"id":14652,"href":"https:\/\/www.cycles-blain.com\/fr\/wp-json\/wp\/v2\/posts\/14567\/revisions\/14652"}],"wp:featuredmedia":[{"embeddable":true,"href":"https:\/\/www.cycles-blain.com\/fr\/wp-json\/wp\/v2\/media\/14569"}],"wp:attachment":[{"href":"https:\/\/www.cycles-blain.com\/fr\/wp-json\/wp\/v2\/media?parent=14567"}],"wp:term":[{"taxonomy":"category","embeddable":true,"href":"https:\/\/www.cycles-blain.com\/fr\/wp-json\/wp\/v2\/categories?post=14567"},{"taxonomy":"post_tag","embeddable":true,"href":"https:\/\/www.cycles-blain.com\/fr\/wp-json\/wp\/v2\/tags?post=14567"}],"curies":[{"name":"wp","href":"https:\/\/api.w.org\/{rel}","templated":true}]}}