{"id":1474,"date":"2023-10-27T14:55:36","date_gmt":"2023-10-27T12:55:36","guid":{"rendered":"https:\/\/www.cycles-blain.com\/\/fr\/?p=1474"},"modified":"2024-07-24T15:37:31","modified_gmt":"2024-07-24T13:37:31","slug":"promotion-reparation-velo-atelier-cycles-blain","status":"publish","type":"post","link":"https:\/\/www.cycles-blain.com\/fr\/magasins-velo\/promotion-reparation-velo-atelier-cycles-blain\/","title":{"rendered":"Promotion r\u00e9paration v\u00e9lo Atelier Cycles Blain"},"content":{"rendered":"\t\t<div data-elementor-type=\"wp-post\" data-elementor-id=\"1474\" class=\"elementor elementor-1474\" data-elementor-post-type=\"post\">\n\t\t\t\t<div class=\"elementor-element elementor-element-447b28a6 e-flex e-con-boxed e-con e-parent\" data-id=\"447b28a6\" data-element_type=\"container\" data-e-type=\"container\">\n\t\t\t\t\t<div class=\"e-con-inner\">\n\t\t\t\t<div class=\"elementor-element elementor-element-25dda2a elementor-widget elementor-widget-heading\" data-id=\"25dda2a\" data-element_type=\"widget\" data-e-type=\"widget\" data-widget_type=\"heading.default\">\n\t\t\t\t<div class=\"elementor-widget-container\">\n\t\t\t\t\t<h3 class=\"elementor-heading-title elementor-size-default\">Promotion Atelier v\u00e9lo du 1er au 30 novembre<\/h3>\t\t\t\t<\/div>\n\t\t\t\t<\/div>\n\t\t\t\t<div class=\"elementor-element elementor-element-56bad7 elementor-widget elementor-widget-text-editor\" data-id=\"56bad7\" data-element_type=\"widget\" data-e-type=\"widget\" data-widget_type=\"text-editor.default\">\n\t\t\t\t<div class=\"elementor-widget-container\">\n\t\t\t\t\t\t\t\t\t<p><\/p>\n<p>L&rsquo;hiver arrive et pour que votre v\u00e9lo soit pr\u00eat \u00e0 affronter ces conditions hivernales, il est temps de faire la r\u00e9paration de votre v\u00e9lo et un entretien de qualit\u00e9.<\/p>\n<p><\/p>\n<p><\/p>\n<p><strong>Du 1er au 30 novembre, profitez d&rsquo;une super offre valable dans nos 10 magasins et ateliers r\u00e9paration multimarques<\/strong><\/p>\n<p><\/p>\n<p><\/p>\n<p>Vous avez le choix entre deux options exceptionnelles pour prendre soin de votre v\u00e9lo :<\/p>\n<p><\/p>\n<p><\/p>\n<ul class=\"wp-block-list\">\n<li style=\"list-style-type: none;\">\n<ul><\/ul>\n<\/li>\n<\/ul>\n<ul>\n<li style=\"list-style-type: none;\">\n<ul>\n<li><strong>-30% du montant<\/strong> de votre facture offerts en bon d&rsquo;achat dans nos magasins,<\/li>\n<\/ul>\n<\/li>\n<\/ul>\n<p><\/p>\n<p><\/p>\n<p><\/p>\n<p>OU<\/p>\n<p><\/p>\n<p><\/p>\n<ul class=\"wp-block-list\">\n<li style=\"list-style-type: none;\">\n<ul><\/ul>\n<\/li>\n<\/ul>\n<ul>\n<li style=\"list-style-type: none;\">\n<ul>\n<li><strong>-15% de remise<\/strong>\u00a0directement sur votre facture atelier pour de vraies \u00e9conomies !<\/li>\n<\/ul>\n<\/li>\n<\/ul>\n<p><\/p>\n<p><\/p>\n<p><\/p>\n<p><a href=\"https:\/\/cycles-blain.com\/content\/19-rdv-atelier-velo\">R\u00e9servez votre cr\u00e9neau d\u00e8s maintenant !<\/a><\/p>\n<p><\/p>\n<p><\/p>\n<p>Cette offre est limit\u00e9e aux places disponibles \u00e0 l&rsquo;atelier sur le mois de novembre, ne tardez pas et prenez RDV par t\u00e9l\u00e9phone ou en ligne directement <a href=\"https:\/\/www.cycles-blain.com\/\/pages\/6\/atelier-reparation-lyon\">ici<\/a>\u00a0\u00e0 partir du 1er novembre 2022 !<\/p>\n<p><\/p>\n<p><\/p>\n<p>Nos r\u00e9parateurs v\u00e9lo vous attendent en atelier pour que votre moyen de transport pr\u00e9f\u00e9r\u00e9 reste fiable et performant durant toute la saison. Pour en profiter, rendez-vous dans nos magasins de <a href=\"https:\/\/www.cycles-blain.com\/content\/6-atelier-velo-brignais\" target=\"_blank\" rel=\"noopener\">Brignais<\/a>, <a href=\"https:\/\/cycles-blain.com\/content\/23-atelier-velo-lyon-3\" target=\"_blank\" rel=\"noopener\">Lyon centre<\/a>, <a href=\"https:\/\/cycles-blain.com\/content\/24-atelier-velo-vienne\" target=\"_blank\" rel=\"noopener\">Vienne<\/a>, <a href=\"https:\/\/cycles-blain.com\/content\/27-atelier-velo-saint-priest\" target=\"_blank\" rel=\"noopener\">Saint-Priest<\/a>, <a href=\"https:\/\/cycles-blain.com\/content\/29-atelier-velo-ecully\" target=\"_blank\" rel=\"noopener\">Ecully<\/a>, <a href=\"https:\/\/cycles-blain.com\/content\/28-atelier-velo-lyon-6-manudany\" target=\"_blank\" rel=\"noopener\">Lyon Manudany<\/a>,<a href=\"https:\/\/cycles-blain.com\/content\/30-atelier-velo-craponne\" target=\"_blank\" rel=\"noopener\"> Craponne<\/a>, <a href=\"https:\/\/cycles-blain.com\/content\/21-atelier-velo-oullins\" target=\"_blank\" rel=\"noopener\">Oullins<\/a>\u00a0, <a href=\"https:\/\/cycles-blain.com\/content\/31-atelier-velo-lyon-5-veran\" target=\"_blank\" rel=\"noopener\">Lyon Cycles Veran<\/a>,\u00a0\u00a0<a href=\"https:\/\/cycles-blain.com\/content\/25-atelier-velo-vienne-sud\" target=\"_blank\" rel=\"noopener\">Vienne sud<\/a>.<\/p>\n<p><\/p>\t\t\t\t\t\t\t\t<\/div>\n\t\t\t\t<\/div>\n\t\t\t\t\t<\/div>\n\t\t\t\t<\/div>\n\t\t\t\t<\/div>\n\t\t","protected":false},"excerpt":{"rendered":"<p>Profitez de notre promotion atelier pour faire r\u00e9parer votre v\u00e9lo avant l&rsquo;hiver. Prenez rdv d\u00e8s maintenant pour rouler en toute s\u00e9curit\u00e9.<\/p>\n","protected":false},"author":1,"featured_media":1591,"comment_status":"closed","ping_status":"open","sticky":false,"template":"","format":"standard","meta":{"site-sidebar-layout":"default","site-content-layout":"","ast-site-content-layout":"default","site-content-style":"default","site-sidebar-style":"default","ast-global-header-display":"","ast-banner-title-visibility":"","ast-main-header-display":"","ast-hfb-above-header-display":"","ast-hfb-below-header-display":"","ast-hfb-mobile-header-display":"","site-post-title":"","ast-breadcrumbs-content":"","ast-featured-img":"","footer-sml-layout":"","theme-transparent-header-meta":"","adv-header-id-meta":"","stick-header-meta":"","header-above-stick-meta":"","header-main-stick-meta":"","header-below-stick-meta":"","astra-migrate-meta-layouts":"set","ast-page-background-enabled":"default","ast-page-background-meta":{"desktop":{"background-color":"","background-image":"","background-repeat":"repeat","background-position":"center center","background-size":"auto","background-attachment":"scroll","background-type":"","background-media":"","overlay-type":"","overlay-color":"","overlay-gradient":""},"tablet":{"background-color":"","background-image":"","background-repeat":"repeat","background-position":"center center","background-size":"auto","background-attachment":"scroll","background-type":"","background-media":"","overlay-type":"","overlay-color":"","overlay-gradient":""},"mobile":{"background-color":"","background-image":"","background-repeat":"repeat","background-position":"center center","background-size":"auto","background-attachment":"scroll","background-type":"","background-media":"","overlay-type":"","overlay-color":"","overlay-gradient":""}},"ast-content-background-meta":{"desktop":{"background-color":"var(--ast-global-color-5)","background-image":"","background-repeat":"repeat","background-position":"center center","background-size":"auto","background-attachment":"scroll","background-type":"","background-media":"","overlay-type":"","overlay-color":"","overlay-gradient":""},"tablet":{"background-color":"var(--ast-global-color-5)","background-image":"","background-repeat":"repeat","background-position":"center center","background-size":"auto","background-attachment":"scroll","background-type":"","background-media":"","overlay-type":"","overlay-color":"","overlay-gradient":""},"mobile":{"background-color":"var(--ast-global-color-5)","background-image":"","background-repeat":"repeat","background-position":"center center","background-size":"auto","background-attachment":"scroll","background-type":"","background-media":"","overlay-type":"","overlay-color":"","overlay-gradient":""}},"footnotes":""},"categories":[6,88],"tags":[82,32,84,83],"class_list":["post-1474","post","type-post","status-publish","format-standard","has-post-thumbnail","hentry","category-magasins-velo","category-atelier-reparation","tag-atelier-velo","tag-entretien-velo","tag-reparateur-velo","tag-reparation-velo"],"yoast_head":"<!-- This site is optimized with the Yoast SEO plugin v27.5 - https:\/\/yoast.com\/product\/yoast-seo-wordpress\/ -->\n<title>Promotion r\u00e9paration v\u00e9lo Atelier Cycles Blain - CyclesBlain - Magasins de v\u00e9los, accessoires et ateliers<\/title>\n<meta name=\"description\" content=\"Profitez de notre promotion Atelier pour faire la r\u00e9paration ou l&#039;entretien de votre v\u00e9lo avant l&#039;hiver. Prenez RDV d\u00e8s maintenant\" \/>\n<meta name=\"robots\" content=\"index, follow, max-snippet:-1, max-image-preview:large, max-video-preview:-1\" \/>\n<link rel=\"canonical\" href=\"https:\/\/www.cycles-blain.com\/fr\/magasins-velo\/promotion-reparation-velo-atelier-cycles-blain\/\" \/>\n<meta property=\"og:locale\" content=\"fr_FR\" \/>\n<meta property=\"og:type\" content=\"article\" \/>\n<meta property=\"og:title\" content=\"Promotion r\u00e9paration v\u00e9lo Atelier Cycles Blain - CyclesBlain - Magasins de v\u00e9los, accessoires et ateliers\" \/>\n<meta property=\"og:description\" content=\"Profitez de notre promotion Atelier pour faire la r\u00e9paration ou l&#039;entretien de votre v\u00e9lo avant l&#039;hiver. Prenez RDV d\u00e8s maintenant\" \/>\n<meta property=\"og:url\" content=\"https:\/\/www.cycles-blain.com\/fr\/magasins-velo\/promotion-reparation-velo-atelier-cycles-blain\/\" \/>\n<meta property=\"og:site_name\" content=\"CyclesBlain - Magasins de v\u00e9los, accessoires et ateliers\" \/>\n<meta property=\"article:publisher\" content=\"https:\/\/www.facebook.com\/cyclesblain\/?locale=fr_FR\" \/>\n<meta property=\"article:published_time\" content=\"2023-10-27T12:55:36+00:00\" \/>\n<meta property=\"article:modified_time\" content=\"2024-07-24T13:37:31+00:00\" \/>\n<meta property=\"og:image\" content=\"https:\/\/www.cycles-blain.com\/fr\/wp-content\/uploads\/2023\/10\/Atelier-mutimarques-Promotion-novembre-1.png\" \/>\n\t<meta property=\"og:image:width\" content=\"600\" \/>\n\t<meta property=\"og:image:height\" content=\"400\" \/>\n\t<meta property=\"og:image:type\" content=\"image\/png\" \/>\n<meta name=\"author\" content=\"Gueweb\" \/>\n<meta name=\"twitter:card\" content=\"summary_large_image\" \/>\n<meta name=\"twitter:label1\" content=\"\u00c9crit par\" \/>\n\t<meta name=\"twitter:data1\" content=\"Gueweb\" \/>\n\t<meta name=\"twitter:label2\" content=\"Dur\u00e9e de lecture estim\u00e9e\" \/>\n\t<meta name=\"twitter:data2\" content=\"1 minute\" \/>\n<script type=\"application\/ld+json\" class=\"yoast-schema-graph\">{\"@context\":\"https:\\\/\\\/schema.org\",\"@graph\":[{\"@type\":\"Article\",\"@id\":\"https:\\\/\\\/www.cycles-blain.com\\\/fr\\\/magasins-velo\\\/promotion-reparation-velo-atelier-cycles-blain\\\/#article\",\"isPartOf\":{\"@id\":\"https:\\\/\\\/www.cycles-blain.com\\\/fr\\\/magasins-velo\\\/promotion-reparation-velo-atelier-cycles-blain\\\/\"},\"author\":{\"name\":\"Gueweb\",\"@id\":\"https:\\\/\\\/www.cycles-blain.com\\\/fr\\\/#\\\/schema\\\/person\\\/6fb8bad852fde893fb61b7b05936af37\"},\"headline\":\"Promotion r\u00e9paration v\u00e9lo Atelier Cycles Blain\",\"datePublished\":\"2023-10-27T12:55:36+00:00\",\"dateModified\":\"2024-07-24T13:37:31+00:00\",\"mainEntityOfPage\":{\"@id\":\"https:\\\/\\\/www.cycles-blain.com\\\/fr\\\/magasins-velo\\\/promotion-reparation-velo-atelier-cycles-blain\\\/\"},\"wordCount\":200,\"publisher\":{\"@id\":\"https:\\\/\\\/www.cycles-blain.com\\\/fr\\\/#organization\"},\"image\":{\"@id\":\"https:\\\/\\\/www.cycles-blain.com\\\/fr\\\/magasins-velo\\\/promotion-reparation-velo-atelier-cycles-blain\\\/#primaryimage\"},\"thumbnailUrl\":\"https:\\\/\\\/www.cycles-blain.com\\\/fr\\\/wp-content\\\/uploads\\\/2023\\\/10\\\/Atelier-mutimarques-Promotion-novembre-1.png\",\"keywords\":[\"atelier velo\",\"entretien v\u00e9lo\",\"reparateur velo\",\"reparation velo\"],\"articleSection\":[\"Actus Magasins\",\"Atelier\"],\"inLanguage\":\"fr-FR\"},{\"@type\":\"WebPage\",\"@id\":\"https:\\\/\\\/www.cycles-blain.com\\\/fr\\\/magasins-velo\\\/promotion-reparation-velo-atelier-cycles-blain\\\/\",\"url\":\"https:\\\/\\\/www.cycles-blain.com\\\/fr\\\/magasins-velo\\\/promotion-reparation-velo-atelier-cycles-blain\\\/\",\"name\":\"Promotion r\u00e9paration v\u00e9lo Atelier Cycles Blain - CyclesBlain - Magasins de v\u00e9los, accessoires et ateliers\",\"isPartOf\":{\"@id\":\"https:\\\/\\\/www.cycles-blain.com\\\/fr\\\/#website\"},\"primaryImageOfPage\":{\"@id\":\"https:\\\/\\\/www.cycles-blain.com\\\/fr\\\/magasins-velo\\\/promotion-reparation-velo-atelier-cycles-blain\\\/#primaryimage\"},\"image\":{\"@id\":\"https:\\\/\\\/www.cycles-blain.com\\\/fr\\\/magasins-velo\\\/promotion-reparation-velo-atelier-cycles-blain\\\/#primaryimage\"},\"thumbnailUrl\":\"https:\\\/\\\/www.cycles-blain.com\\\/fr\\\/wp-content\\\/uploads\\\/2023\\\/10\\\/Atelier-mutimarques-Promotion-novembre-1.png\",\"datePublished\":\"2023-10-27T12:55:36+00:00\",\"dateModified\":\"2024-07-24T13:37:31+00:00\",\"description\":\"Profitez de notre promotion Atelier pour faire la r\u00e9paration ou l'entretien de votre v\u00e9lo avant l'hiver. Prenez RDV d\u00e8s maintenant\",\"breadcrumb\":{\"@id\":\"https:\\\/\\\/www.cycles-blain.com\\\/fr\\\/magasins-velo\\\/promotion-reparation-velo-atelier-cycles-blain\\\/#breadcrumb\"},\"inLanguage\":\"fr-FR\",\"potentialAction\":[{\"@type\":\"ReadAction\",\"target\":[\"https:\\\/\\\/www.cycles-blain.com\\\/fr\\\/magasins-velo\\\/promotion-reparation-velo-atelier-cycles-blain\\\/\"]}]},{\"@type\":\"ImageObject\",\"inLanguage\":\"fr-FR\",\"@id\":\"https:\\\/\\\/www.cycles-blain.com\\\/fr\\\/magasins-velo\\\/promotion-reparation-velo-atelier-cycles-blain\\\/#primaryimage\",\"url\":\"https:\\\/\\\/www.cycles-blain.com\\\/fr\\\/wp-content\\\/uploads\\\/2023\\\/10\\\/Atelier-mutimarques-Promotion-novembre-1.png\",\"contentUrl\":\"https:\\\/\\\/www.cycles-blain.com\\\/fr\\\/wp-content\\\/uploads\\\/2023\\\/10\\\/Atelier-mutimarques-Promotion-novembre-1.png\",\"width\":600,\"height\":400,\"caption\":\"Promotion Atelier Reparation novembre\"},{\"@type\":\"BreadcrumbList\",\"@id\":\"https:\\\/\\\/www.cycles-blain.com\\\/fr\\\/magasins-velo\\\/promotion-reparation-velo-atelier-cycles-blain\\\/#breadcrumb\",\"itemListElement\":[{\"@type\":\"ListItem\",\"position\":1,\"name\":\"Accueil\",\"item\":\"https:\\\/\\\/www.cycles-blain.com\\\/fr\\\/\"},{\"@type\":\"ListItem\",\"position\":2,\"name\":\"Promotion r\u00e9paration v\u00e9lo Atelier Cycles Blain\"}]},{\"@type\":\"WebSite\",\"@id\":\"https:\\\/\\\/www.cycles-blain.com\\\/fr\\\/#website\",\"url\":\"https:\\\/\\\/www.cycles-blain.com\\\/fr\\\/\",\"name\":\"CyclesBlain - Magasins de v\u00e9los, accessoires et ateliers\",\"description\":\"Blog Cycles Blain\",\"publisher\":{\"@id\":\"https:\\\/\\\/www.cycles-blain.com\\\/fr\\\/#organization\"},\"potentialAction\":[{\"@type\":\"SearchAction\",\"target\":{\"@type\":\"EntryPoint\",\"urlTemplate\":\"https:\\\/\\\/www.cycles-blain.com\\\/fr\\\/?s={search_term_string}\"},\"query-input\":{\"@type\":\"PropertyValueSpecification\",\"valueRequired\":true,\"valueName\":\"search_term_string\"}}],\"inLanguage\":\"fr-FR\"},{\"@type\":\"Organization\",\"@id\":\"https:\\\/\\\/www.cycles-blain.com\\\/fr\\\/#organization\",\"name\":\"CyclesBlain - Magasins de v\u00e9los, accessoires et ateliers\",\"url\":\"https:\\\/\\\/www.cycles-blain.com\\\/fr\\\/\",\"logo\":{\"@type\":\"ImageObject\",\"inLanguage\":\"fr-FR\",\"@id\":\"https:\\\/\\\/www.cycles-blain.com\\\/fr\\\/#\\\/schema\\\/logo\\\/image\\\/\",\"url\":\"https:\\\/\\\/www.cycles-blain.com\\\/fr\\\/wp-content\\\/uploads\\\/2023\\\/10\\\/logo-cycles-blain.jpeg\",\"contentUrl\":\"https:\\\/\\\/www.cycles-blain.com\\\/fr\\\/wp-content\\\/uploads\\\/2023\\\/10\\\/logo-cycles-blain.jpeg\",\"width\":264,\"height\":191,\"caption\":\"CyclesBlain - Magasins de v\u00e9los, accessoires et ateliers\"},\"image\":{\"@id\":\"https:\\\/\\\/www.cycles-blain.com\\\/fr\\\/#\\\/schema\\\/logo\\\/image\\\/\"},\"sameAs\":[\"https:\\\/\\\/www.facebook.com\\\/cyclesblain\\\/?locale=fr_FR\",\"https:\\\/\\\/www.instagram.com\\\/cycles_blain\\\/?hl=fr\"]},{\"@type\":\"Person\",\"@id\":\"https:\\\/\\\/www.cycles-blain.com\\\/fr\\\/#\\\/schema\\\/person\\\/6fb8bad852fde893fb61b7b05936af37\",\"name\":\"Gueweb\",\"image\":{\"@type\":\"ImageObject\",\"inLanguage\":\"fr-FR\",\"@id\":\"https:\\\/\\\/secure.gravatar.com\\\/avatar\\\/52550bc594eb074508114b963209b157358b27e5a0319de1bb723df3f760ca2d?s=96&d=mm&r=g\",\"url\":\"https:\\\/\\\/secure.gravatar.com\\\/avatar\\\/52550bc594eb074508114b963209b157358b27e5a0319de1bb723df3f760ca2d?s=96&d=mm&r=g\",\"contentUrl\":\"https:\\\/\\\/secure.gravatar.com\\\/avatar\\\/52550bc594eb074508114b963209b157358b27e5a0319de1bb723df3f760ca2d?s=96&d=mm&r=g\",\"caption\":\"Gueweb\"},\"sameAs\":[\"https:\\\/\\\/www.cycles-blain.com\\\/\\\/fr\"],\"url\":\"https:\\\/\\\/www.cycles-blain.com\\\/fr\\\/author\\\/gueweb\\\/\"}]}<\/script>\n<!-- \/ Yoast SEO plugin. -->","yoast_head_json":{"title":"Promotion r\u00e9paration v\u00e9lo Atelier Cycles Blain - CyclesBlain - Magasins de v\u00e9los, accessoires et ateliers","description":"Profitez de notre promotion Atelier pour faire la r\u00e9paration ou l'entretien de votre v\u00e9lo avant l'hiver. Prenez RDV d\u00e8s maintenant","robots":{"index":"index","follow":"follow","max-snippet":"max-snippet:-1","max-image-preview":"max-image-preview:large","max-video-preview":"max-video-preview:-1"},"canonical":"https:\/\/www.cycles-blain.com\/fr\/magasins-velo\/promotion-reparation-velo-atelier-cycles-blain\/","og_locale":"fr_FR","og_type":"article","og_title":"Promotion r\u00e9paration v\u00e9lo Atelier Cycles Blain - CyclesBlain - Magasins de v\u00e9los, accessoires et ateliers","og_description":"Profitez de notre promotion Atelier pour faire la r\u00e9paration ou l'entretien de votre v\u00e9lo avant l'hiver. Prenez RDV d\u00e8s maintenant","og_url":"https:\/\/www.cycles-blain.com\/fr\/magasins-velo\/promotion-reparation-velo-atelier-cycles-blain\/","og_site_name":"CyclesBlain - Magasins de v\u00e9los, accessoires et ateliers","article_publisher":"https:\/\/www.facebook.com\/cyclesblain\/?locale=fr_FR","article_published_time":"2023-10-27T12:55:36+00:00","article_modified_time":"2024-07-24T13:37:31+00:00","og_image":[{"width":600,"height":400,"url":"https:\/\/www.cycles-blain.com\/fr\/wp-content\/uploads\/2023\/10\/Atelier-mutimarques-Promotion-novembre-1.png","type":"image\/png"}],"author":"Gueweb","twitter_card":"summary_large_image","twitter_misc":{"\u00c9crit par":"Gueweb","Dur\u00e9e de lecture estim\u00e9e":"1 minute"},"schema":{"@context":"https:\/\/schema.org","@graph":[{"@type":"Article","@id":"https:\/\/www.cycles-blain.com\/fr\/magasins-velo\/promotion-reparation-velo-atelier-cycles-blain\/#article","isPartOf":{"@id":"https:\/\/www.cycles-blain.com\/fr\/magasins-velo\/promotion-reparation-velo-atelier-cycles-blain\/"},"author":{"name":"Gueweb","@id":"https:\/\/www.cycles-blain.com\/fr\/#\/schema\/person\/6fb8bad852fde893fb61b7b05936af37"},"headline":"Promotion r\u00e9paration v\u00e9lo Atelier Cycles Blain","datePublished":"2023-10-27T12:55:36+00:00","dateModified":"2024-07-24T13:37:31+00:00","mainEntityOfPage":{"@id":"https:\/\/www.cycles-blain.com\/fr\/magasins-velo\/promotion-reparation-velo-atelier-cycles-blain\/"},"wordCount":200,"publisher":{"@id":"https:\/\/www.cycles-blain.com\/fr\/#organization"},"image":{"@id":"https:\/\/www.cycles-blain.com\/fr\/magasins-velo\/promotion-reparation-velo-atelier-cycles-blain\/#primaryimage"},"thumbnailUrl":"https:\/\/www.cycles-blain.com\/fr\/wp-content\/uploads\/2023\/10\/Atelier-mutimarques-Promotion-novembre-1.png","keywords":["atelier velo","entretien v\u00e9lo","reparateur velo","reparation velo"],"articleSection":["Actus Magasins","Atelier"],"inLanguage":"fr-FR"},{"@type":"WebPage","@id":"https:\/\/www.cycles-blain.com\/fr\/magasins-velo\/promotion-reparation-velo-atelier-cycles-blain\/","url":"https:\/\/www.cycles-blain.com\/fr\/magasins-velo\/promotion-reparation-velo-atelier-cycles-blain\/","name":"Promotion r\u00e9paration v\u00e9lo Atelier Cycles Blain - CyclesBlain - Magasins de v\u00e9los, accessoires et ateliers","isPartOf":{"@id":"https:\/\/www.cycles-blain.com\/fr\/#website"},"primaryImageOfPage":{"@id":"https:\/\/www.cycles-blain.com\/fr\/magasins-velo\/promotion-reparation-velo-atelier-cycles-blain\/#primaryimage"},"image":{"@id":"https:\/\/www.cycles-blain.com\/fr\/magasins-velo\/promotion-reparation-velo-atelier-cycles-blain\/#primaryimage"},"thumbnailUrl":"https:\/\/www.cycles-blain.com\/fr\/wp-content\/uploads\/2023\/10\/Atelier-mutimarques-Promotion-novembre-1.png","datePublished":"2023-10-27T12:55:36+00:00","dateModified":"2024-07-24T13:37:31+00:00","description":"Profitez de notre promotion Atelier pour faire la r\u00e9paration ou l'entretien de votre v\u00e9lo avant l'hiver. Prenez RDV d\u00e8s maintenant","breadcrumb":{"@id":"https:\/\/www.cycles-blain.com\/fr\/magasins-velo\/promotion-reparation-velo-atelier-cycles-blain\/#breadcrumb"},"inLanguage":"fr-FR","potentialAction":[{"@type":"ReadAction","target":["https:\/\/www.cycles-blain.com\/fr\/magasins-velo\/promotion-reparation-velo-atelier-cycles-blain\/"]}]},{"@type":"ImageObject","inLanguage":"fr-FR","@id":"https:\/\/www.cycles-blain.com\/fr\/magasins-velo\/promotion-reparation-velo-atelier-cycles-blain\/#primaryimage","url":"https:\/\/www.cycles-blain.com\/fr\/wp-content\/uploads\/2023\/10\/Atelier-mutimarques-Promotion-novembre-1.png","contentUrl":"https:\/\/www.cycles-blain.com\/fr\/wp-content\/uploads\/2023\/10\/Atelier-mutimarques-Promotion-novembre-1.png","width":600,"height":400,"caption":"Promotion Atelier Reparation novembre"},{"@type":"BreadcrumbList","@id":"https:\/\/www.cycles-blain.com\/fr\/magasins-velo\/promotion-reparation-velo-atelier-cycles-blain\/#breadcrumb","itemListElement":[{"@type":"ListItem","position":1,"name":"Accueil","item":"https:\/\/www.cycles-blain.com\/fr\/"},{"@type":"ListItem","position":2,"name":"Promotion r\u00e9paration v\u00e9lo Atelier Cycles Blain"}]},{"@type":"WebSite","@id":"https:\/\/www.cycles-blain.com\/fr\/#website","url":"https:\/\/www.cycles-blain.com\/fr\/","name":"CyclesBlain - Magasins de v\u00e9los, accessoires et ateliers","description":"Blog Cycles Blain","publisher":{"@id":"https:\/\/www.cycles-blain.com\/fr\/#organization"},"potentialAction":[{"@type":"SearchAction","target":{"@type":"EntryPoint","urlTemplate":"https:\/\/www.cycles-blain.com\/fr\/?s={search_term_string}"},"query-input":{"@type":"PropertyValueSpecification","valueRequired":true,"valueName":"search_term_string"}}],"inLanguage":"fr-FR"},{"@type":"Organization","@id":"https:\/\/www.cycles-blain.com\/fr\/#organization","name":"CyclesBlain - Magasins de v\u00e9los, accessoires et ateliers","url":"https:\/\/www.cycles-blain.com\/fr\/","logo":{"@type":"ImageObject","inLanguage":"fr-FR","@id":"https:\/\/www.cycles-blain.com\/fr\/#\/schema\/logo\/image\/","url":"https:\/\/www.cycles-blain.com\/fr\/wp-content\/uploads\/2023\/10\/logo-cycles-blain.jpeg","contentUrl":"https:\/\/www.cycles-blain.com\/fr\/wp-content\/uploads\/2023\/10\/logo-cycles-blain.jpeg","width":264,"height":191,"caption":"CyclesBlain - Magasins de v\u00e9los, accessoires et ateliers"},"image":{"@id":"https:\/\/www.cycles-blain.com\/fr\/#\/schema\/logo\/image\/"},"sameAs":["https:\/\/www.facebook.com\/cyclesblain\/?locale=fr_FR","https:\/\/www.instagram.com\/cycles_blain\/?hl=fr"]},{"@type":"Person","@id":"https:\/\/www.cycles-blain.com\/fr\/#\/schema\/person\/6fb8bad852fde893fb61b7b05936af37","name":"Gueweb","image":{"@type":"ImageObject","inLanguage":"fr-FR","@id":"https:\/\/secure.gravatar.com\/avatar\/52550bc594eb074508114b963209b157358b27e5a0319de1bb723df3f760ca2d?s=96&d=mm&r=g","url":"https:\/\/secure.gravatar.com\/avatar\/52550bc594eb074508114b963209b157358b27e5a0319de1bb723df3f760ca2d?s=96&d=mm&r=g","contentUrl":"https:\/\/secure.gravatar.com\/avatar\/52550bc594eb074508114b963209b157358b27e5a0319de1bb723df3f760ca2d?s=96&d=mm&r=g","caption":"Gueweb"},"sameAs":["https:\/\/www.cycles-blain.com\/\/fr"],"url":"https:\/\/www.cycles-blain.com\/fr\/author\/gueweb\/"}]}},"_links":{"self":[{"href":"https:\/\/www.cycles-blain.com\/fr\/wp-json\/wp\/v2\/posts\/1474","targetHints":{"allow":["GET"]}}],"collection":[{"href":"https:\/\/www.cycles-blain.com\/fr\/wp-json\/wp\/v2\/posts"}],"about":[{"href":"https:\/\/www.cycles-blain.com\/fr\/wp-json\/wp\/v2\/types\/post"}],"author":[{"embeddable":true,"href":"https:\/\/www.cycles-blain.com\/fr\/wp-json\/wp\/v2\/users\/1"}],"replies":[{"embeddable":true,"href":"https:\/\/www.cycles-blain.com\/fr\/wp-json\/wp\/v2\/comments?post=1474"}],"version-history":[{"count":48,"href":"https:\/\/www.cycles-blain.com\/fr\/wp-json\/wp\/v2\/posts\/1474\/revisions"}],"predecessor-version":[{"id":6973,"href":"https:\/\/www.cycles-blain.com\/fr\/wp-json\/wp\/v2\/posts\/1474\/revisions\/6973"}],"wp:featuredmedia":[{"embeddable":true,"href":"https:\/\/www.cycles-blain.com\/fr\/wp-json\/wp\/v2\/media\/1591"}],"wp:attachment":[{"href":"https:\/\/www.cycles-blain.com\/fr\/wp-json\/wp\/v2\/media?parent=1474"}],"wp:term":[{"taxonomy":"category","embeddable":true,"href":"https:\/\/www.cycles-blain.com\/fr\/wp-json\/wp\/v2\/categories?post=1474"},{"taxonomy":"post_tag","embeddable":true,"href":"https:\/\/www.cycles-blain.com\/fr\/wp-json\/wp\/v2\/tags?post=1474"}],"curies":[{"name":"wp","href":"https:\/\/api.w.org\/{rel}","templated":true}]}}