{"id":14767,"date":"2025-05-23T16:29:02","date_gmt":"2025-05-23T14:29:02","guid":{"rendered":"https:\/\/www.cycles-blain.com\/fr\/?p=14767"},"modified":"2025-05-23T16:58:05","modified_gmt":"2025-05-23T14:58:05","slug":"parking-velo-lyon-part-dieu","status":"publish","type":"post","link":"https:\/\/www.cycles-blain.com\/fr\/conseils-velo\/parking-velo-lyon-part-dieu\/","title":{"rendered":"Plus grand Parking v\u00e9los s\u00e9curis\u00e9 de France \u00e0 Lyon Part Dieu"},"content":{"rendered":"\t\t<div data-elementor-type=\"wp-post\" data-elementor-id=\"14767\" class=\"elementor elementor-14767\" data-elementor-post-type=\"post\">\n\t\t\t\t<div class=\"elementor-element elementor-element-081f61c e-flex e-con-boxed e-con e-parent\" data-id=\"081f61c\" data-element_type=\"container\" data-e-type=\"container\">\n\t\t\t\t\t<div class=\"e-con-inner\">\n\t\t\t\t<div class=\"elementor-element elementor-element-659d813 elementor-widget elementor-widget-text-editor\" data-id=\"659d813\" data-element_type=\"widget\" data-e-type=\"widget\" data-widget_type=\"text-editor.default\">\n\t\t\t\t<div class=\"elementor-widget-container\">\n\t\t\t\t\t\t\t\t\t<p><i>Lyon Part Dieu inaugure le plus grand parking v\u00e9los s\u00e9curis\u00e9 \/ V\u00e9lostation de France pour tous les v\u00e9los y compris les cargos avec 1 500 places s\u00e9curis\u00e9es : Le Park V\u00e9lo B\u00e9raudier<\/i><\/p>\t\t\t\t\t\t\t\t<\/div>\n\t\t\t\t<\/div>\n\t\t\t\t\t<\/div>\n\t\t\t\t<\/div>\n\t\t<div class=\"elementor-element elementor-element-4acf68d e-flex e-con-boxed e-con e-parent\" data-id=\"4acf68d\" data-element_type=\"container\" data-e-type=\"container\">\n\t\t\t\t\t<div class=\"e-con-inner\">\n\t\t\t\t<div class=\"elementor-element elementor-element-e1ad6d9 elementor-widget elementor-widget-heading\" data-id=\"e1ad6d9\" data-element_type=\"widget\" data-e-type=\"widget\" data-widget_type=\"heading.default\">\n\t\t\t\t<div class=\"elementor-widget-container\">\n\t\t\t\t\t<h3 class=\"elementor-heading-title elementor-size-default\">Un parking v\u00e9lo s\u00e9curis\u00e9 de 1 500 places \u00e0 Lyon Part Dieu<\/h3>\t\t\t\t<\/div>\n\t\t\t\t<\/div>\n\t\t\t\t\t<\/div>\n\t\t\t\t<\/div>\n\t\t<div class=\"elementor-element elementor-element-c3bbe5e e-flex e-con-boxed e-con e-parent\" data-id=\"c3bbe5e\" data-element_type=\"container\" data-e-type=\"container\">\n\t\t\t\t\t<div class=\"e-con-inner\">\n\t\t\t\t<div class=\"elementor-element elementor-element-4bb9bcb elementor-widget elementor-widget-text-editor\" data-id=\"4bb9bcb\" data-element_type=\"widget\" data-e-type=\"widget\" data-widget_type=\"text-editor.default\">\n\t\t\t\t<div class=\"elementor-widget-container\">\n\t\t\t\t\t\t\t\t\t<p>Lyon Part Dieu est id\u00e9alement situ\u00e9 en plein de centre de Lyon que ce soit pour le v\u00e9lotaf, faire du tourisme, faire ses courses au centre commercial de la Part Dieu&#8230;.: Mais gar\u00e9 son v\u00e9lo ou son VAE \u00e9tait difficile ou avec un risque de vol.<br \/>La m\u00e9tropole de Lyon inaugure enfin, un grand parking s\u00e9curis\u00e9 avec 1 500 places uniquement r\u00e9serv\u00e9s aux v\u00e9los :<br \/>\u00a0<b>Le Park V\u00e9lo B\u00e9raudier :\u00a0<\/b><\/p><ul><li><b>Nombre de places de v\u00e9lo : <\/b>1 500<\/li><li><b>Jours d&rsquo;acc\u00e8s<\/b> : Tous les jours<\/li><li><b>Horaires d&rsquo;ouverture : <\/b>de 4h30 \u00e0 1h du matin<\/li><li><b>Dur\u00e9e de stationnement autoris\u00e9<\/b> : Possibilit\u00e9 de laisser son v\u00e9lo la nuit ou plusieurs jours (maximum 14 jours)<\/li><li><b>Types de v\u00e9los accept\u00e9s : <\/b>standard, \u00e9lectrique, longtail et cargos<\/li><li><b>Type de fixation v\u00e9los : <\/b>double rack et arceaux solides<\/li><li><b>Vid\u00e9osurveillance : <\/b>24\/24h et 7j\/7<\/li><li><b>Station de Gonflage : <\/b>OUI<\/li><li><b>Espace d&rsquo;entretien de v\u00e9lo : <\/b>OUI<\/li><li><b>Largeur de la piste d&rsquo;acc\u00e8s : <\/b>4 M\u00e8tres<\/li><li><b>Nombre de niveaux : <\/b>2 niveaux<\/li><li><b>Escalators pour v\u00e9los : <\/b>OUI<\/li><li><b>Acc\u00e8s Gratuit : <\/b>OUI avec la TCL ou O\u00f9ra sous<b>\u00a0<\/b><a href=\"https:\/\/www.lpa.fr\/des-solutions-pour-stationner-son-velo-en-parc-et-en-voirie\/#velostations\" target=\"_blank\" rel=\"noopener\">conditions d&rsquo;inscriptions ici<\/a><\/li><li><b>Acc\u00e8s Sans Abonnement : <\/b>Fin 2025 \/ Payant<br \/><br \/><a href=\"https:\/\/www.lyon.fr\/actualite\/mobilites\/park-velo-beraudier-la-plus-grande-velostation-de-france\" target=\"_blank\" rel=\"noopener\">Plus d&rsquo;infos ici<\/a><br \/><br \/>A lire aussi :\u00a0<\/li><li><a href=\"https:\/\/www.cycles-blain.com\/content\/32-assurance-velo-vol-casse-vandalisme-cycles-blain\" target=\"_blank\" rel=\"noopener\">Les assurances casse et vol de v\u00e9los<\/a><\/li><li><a href=\"https:\/\/www.cycles-blain.com\/fr\/conseils-velo\/antivol-velo\/antivol-velo-conseils-2024\/\" target=\"_blank\" rel=\"noopener\">Guide antivol v\u00e9los<\/a><\/li><li><a href=\"https:\/\/www.cycles-blain.com\/fr\/conseils-velo\/velotaf\/velotaf-sur-lyon-notre-guide-rapide-pour-la-rentree\/\" target=\"_blank\" rel=\"noopener\">Guide du v\u00e9lotaf sur Lyon<\/a><\/li><\/ul><p><b>\u00a0<\/b><\/p>\t\t\t\t\t\t\t\t<\/div>\n\t\t\t\t<\/div>\n\t\t\t\t\t<\/div>\n\t\t\t\t<\/div>\n\t\t\t\t<\/div>\n\t\t","protected":false},"excerpt":{"rendered":"<p>Lyon Part Dieu inaugure le plus grand parking v\u00e9los s\u00e9curis\u00e9 de France pour tous les v\u00e9los y compris les cargos avec 1 500 places s\u00e9curis\u00e9es<\/p>\n","protected":false},"author":1,"featured_media":14785,"comment_status":"open","ping_status":"open","sticky":false,"template":"","format":"standard","meta":{"site-sidebar-layout":"default","site-content-layout":"","ast-site-content-layout":"default","site-content-style":"default","site-sidebar-style":"default","ast-global-header-display":"","ast-banner-title-visibility":"","ast-main-header-display":"","ast-hfb-above-header-display":"","ast-hfb-below-header-display":"","ast-hfb-mobile-header-display":"","site-post-title":"","ast-breadcrumbs-content":"","ast-featured-img":"","footer-sml-layout":"","theme-transparent-header-meta":"","adv-header-id-meta":"","stick-header-meta":"","header-above-stick-meta":"","header-main-stick-meta":"","header-below-stick-meta":"","astra-migrate-meta-layouts":"set","ast-page-background-enabled":"default","ast-page-background-meta":{"desktop":{"background-color":"","background-image":"","background-repeat":"repeat","background-position":"center center","background-size":"auto","background-attachment":"scroll","background-type":"","background-media":"","overlay-type":"","overlay-color":"","overlay-gradient":""},"tablet":{"background-color":"","background-image":"","background-repeat":"repeat","background-position":"center center","background-size":"auto","background-attachment":"scroll","background-type":"","background-media":"","overlay-type":"","overlay-color":"","overlay-gradient":""},"mobile":{"background-color":"","background-image":"","background-repeat":"repeat","background-position":"center center","background-size":"auto","background-attachment":"scroll","background-type":"","background-media":"","overlay-type":"","overlay-color":"","overlay-gradient":""}},"ast-content-background-meta":{"desktop":{"background-color":"var(--ast-global-color-5)","background-image":"","background-repeat":"repeat","background-position":"center center","background-size":"auto","background-attachment":"scroll","background-type":"","background-media":"","overlay-type":"","overlay-color":"","overlay-gradient":""},"tablet":{"background-color":"var(--ast-global-color-5)","background-image":"","background-repeat":"repeat","background-position":"center center","background-size":"auto","background-attachment":"scroll","background-type":"","background-media":"","overlay-type":"","overlay-color":"","overlay-gradient":""},"mobile":{"background-color":"var(--ast-global-color-5)","background-image":"","background-repeat":"repeat","background-position":"center center","background-size":"auto","background-attachment":"scroll","background-type":"","background-media":"","overlay-type":"","overlay-color":"","overlay-gradient":""}},"footnotes":""},"categories":[159,9,19,8],"tags":[45,340],"class_list":["post-14767","post","type-post","status-publish","format-standard","has-post-thumbnail","hentry","category-antivol-velo","category-conseils-velo","category-loisirs-velo","category-velotaf","tag-lyon","tag-parking"],"yoast_head":"<!-- This site is optimized with the Yoast SEO plugin v27.5 - https:\/\/yoast.com\/product\/yoast-seo-wordpress\/ -->\n<title>Plus grand Parking v\u00e9los s\u00e9curis\u00e9 de France \u00e0 Lyon Part Dieu -<\/title>\n<meta name=\"description\" content=\"Lyon Part Dieu inaugure le plus grand parking v\u00e9los s\u00e9curis\u00e9 de France pour tous les v\u00e9los y compris les cargos avec 1 500 places s\u00e9curis\u00e9es\" \/>\n<meta name=\"robots\" content=\"index, follow, max-snippet:-1, max-image-preview:large, max-video-preview:-1\" \/>\n<link rel=\"canonical\" href=\"https:\/\/www.cycles-blain.com\/fr\/conseils-velo\/velotaf\/parking-velo-lyon-part-dieu\/\" \/>\n<meta property=\"og:locale\" content=\"fr_FR\" \/>\n<meta property=\"og:type\" content=\"article\" \/>\n<meta property=\"og:title\" content=\"Plus grand Parking v\u00e9los s\u00e9curis\u00e9 de France \u00e0 Lyon Part Dieu -\" \/>\n<meta property=\"og:description\" content=\"Lyon Part Dieu inaugure le plus grand parking v\u00e9los s\u00e9curis\u00e9 de France pour tous les v\u00e9los y compris les cargos avec 1 500 places s\u00e9curis\u00e9es\" \/>\n<meta property=\"og:url\" content=\"https:\/\/www.cycles-blain.com\/fr\/conseils-velo\/velotaf\/parking-velo-lyon-part-dieu\/\" \/>\n<meta property=\"og:site_name\" content=\"CyclesBlain - Magasins de v\u00e9los, accessoires et ateliers\" \/>\n<meta property=\"article:publisher\" content=\"https:\/\/www.facebook.com\/cyclesblain\/?locale=fr_FR\" \/>\n<meta property=\"article:published_time\" content=\"2025-05-23T14:29:02+00:00\" \/>\n<meta property=\"article:modified_time\" content=\"2025-05-23T14:58:05+00:00\" \/>\n<meta property=\"og:image\" content=\"https:\/\/www.cycles-blain.com\/fr\/wp-content\/uploads\/2025\/05\/parking-velo-lyon.webp\" \/>\n\t<meta property=\"og:image:width\" content=\"600\" \/>\n\t<meta property=\"og:image:height\" content=\"338\" \/>\n\t<meta property=\"og:image:type\" content=\"image\/webp\" \/>\n<meta name=\"author\" content=\"Gueweb\" \/>\n<meta name=\"twitter:card\" content=\"summary_large_image\" \/>\n<meta name=\"twitter:label1\" content=\"\u00c9crit par\" \/>\n\t<meta name=\"twitter:data1\" content=\"Gueweb\" \/>\n\t<meta name=\"twitter:label2\" content=\"Dur\u00e9e de lecture estim\u00e9e\" \/>\n\t<meta name=\"twitter:data2\" content=\"2 minutes\" \/>\n<script type=\"application\/ld+json\" class=\"yoast-schema-graph\">{\"@context\":\"https:\\\/\\\/schema.org\",\"@graph\":[{\"@type\":\"Article\",\"@id\":\"https:\\\/\\\/www.cycles-blain.com\\\/fr\\\/conseils-velo\\\/velotaf\\\/parking-velo-lyon-part-dieu\\\/#article\",\"isPartOf\":{\"@id\":\"https:\\\/\\\/www.cycles-blain.com\\\/fr\\\/conseils-velo\\\/velotaf\\\/parking-velo-lyon-part-dieu\\\/\"},\"author\":{\"name\":\"Gueweb\",\"@id\":\"https:\\\/\\\/www.cycles-blain.com\\\/fr\\\/#\\\/schema\\\/person\\\/6fb8bad852fde893fb61b7b05936af37\"},\"headline\":\"Plus grand Parking v\u00e9los s\u00e9curis\u00e9 de France \u00e0 Lyon Part Dieu\",\"datePublished\":\"2025-05-23T14:29:02+00:00\",\"dateModified\":\"2025-05-23T14:58:05+00:00\",\"mainEntityOfPage\":{\"@id\":\"https:\\\/\\\/www.cycles-blain.com\\\/fr\\\/conseils-velo\\\/velotaf\\\/parking-velo-lyon-part-dieu\\\/\"},\"wordCount\":275,\"commentCount\":0,\"publisher\":{\"@id\":\"https:\\\/\\\/www.cycles-blain.com\\\/fr\\\/#organization\"},\"image\":{\"@id\":\"https:\\\/\\\/www.cycles-blain.com\\\/fr\\\/conseils-velo\\\/velotaf\\\/parking-velo-lyon-part-dieu\\\/#primaryimage\"},\"thumbnailUrl\":\"https:\\\/\\\/www.cycles-blain.com\\\/fr\\\/wp-content\\\/uploads\\\/2025\\\/05\\\/parking-velo-lyon.webp\",\"keywords\":[\"lyon\",\"parking\"],\"articleSection\":[\"Antivol\",\"Conseils-Pratique\",\"Loisirs\",\"VeloTaf\"],\"inLanguage\":\"fr-FR\",\"potentialAction\":[{\"@type\":\"CommentAction\",\"name\":\"Comment\",\"target\":[\"https:\\\/\\\/www.cycles-blain.com\\\/fr\\\/conseils-velo\\\/velotaf\\\/parking-velo-lyon-part-dieu\\\/#respond\"]}]},{\"@type\":\"WebPage\",\"@id\":\"https:\\\/\\\/www.cycles-blain.com\\\/fr\\\/conseils-velo\\\/velotaf\\\/parking-velo-lyon-part-dieu\\\/\",\"url\":\"https:\\\/\\\/www.cycles-blain.com\\\/fr\\\/conseils-velo\\\/velotaf\\\/parking-velo-lyon-part-dieu\\\/\",\"name\":\"Plus grand Parking v\u00e9los s\u00e9curis\u00e9 de France \u00e0 Lyon Part Dieu -\",\"isPartOf\":{\"@id\":\"https:\\\/\\\/www.cycles-blain.com\\\/fr\\\/#website\"},\"primaryImageOfPage\":{\"@id\":\"https:\\\/\\\/www.cycles-blain.com\\\/fr\\\/conseils-velo\\\/velotaf\\\/parking-velo-lyon-part-dieu\\\/#primaryimage\"},\"image\":{\"@id\":\"https:\\\/\\\/www.cycles-blain.com\\\/fr\\\/conseils-velo\\\/velotaf\\\/parking-velo-lyon-part-dieu\\\/#primaryimage\"},\"thumbnailUrl\":\"https:\\\/\\\/www.cycles-blain.com\\\/fr\\\/wp-content\\\/uploads\\\/2025\\\/05\\\/parking-velo-lyon.webp\",\"datePublished\":\"2025-05-23T14:29:02+00:00\",\"dateModified\":\"2025-05-23T14:58:05+00:00\",\"description\":\"Lyon Part Dieu inaugure le plus grand parking v\u00e9los s\u00e9curis\u00e9 de France pour tous les v\u00e9los y compris les cargos avec 1 500 places s\u00e9curis\u00e9es\",\"breadcrumb\":{\"@id\":\"https:\\\/\\\/www.cycles-blain.com\\\/fr\\\/conseils-velo\\\/velotaf\\\/parking-velo-lyon-part-dieu\\\/#breadcrumb\"},\"inLanguage\":\"fr-FR\",\"potentialAction\":[{\"@type\":\"ReadAction\",\"target\":[\"https:\\\/\\\/www.cycles-blain.com\\\/fr\\\/conseils-velo\\\/velotaf\\\/parking-velo-lyon-part-dieu\\\/\"]}]},{\"@type\":\"ImageObject\",\"inLanguage\":\"fr-FR\",\"@id\":\"https:\\\/\\\/www.cycles-blain.com\\\/fr\\\/conseils-velo\\\/velotaf\\\/parking-velo-lyon-part-dieu\\\/#primaryimage\",\"url\":\"https:\\\/\\\/www.cycles-blain.com\\\/fr\\\/wp-content\\\/uploads\\\/2025\\\/05\\\/parking-velo-lyon.webp\",\"contentUrl\":\"https:\\\/\\\/www.cycles-blain.com\\\/fr\\\/wp-content\\\/uploads\\\/2025\\\/05\\\/parking-velo-lyon.webp\",\"width\":600,\"height\":338,\"caption\":\"Parking v\u00e9lo Lyon Part Dieu\"},{\"@type\":\"BreadcrumbList\",\"@id\":\"https:\\\/\\\/www.cycles-blain.com\\\/fr\\\/conseils-velo\\\/velotaf\\\/parking-velo-lyon-part-dieu\\\/#breadcrumb\",\"itemListElement\":[{\"@type\":\"ListItem\",\"position\":1,\"name\":\"Accueil\",\"item\":\"https:\\\/\\\/www.cycles-blain.com\\\/fr\\\/\"},{\"@type\":\"ListItem\",\"position\":2,\"name\":\"Plus grand Parking v\u00e9los s\u00e9curis\u00e9 de France \u00e0 Lyon Part Dieu\"}]},{\"@type\":\"WebSite\",\"@id\":\"https:\\\/\\\/www.cycles-blain.com\\\/fr\\\/#website\",\"url\":\"https:\\\/\\\/www.cycles-blain.com\\\/fr\\\/\",\"name\":\"CyclesBlain - Magasins de v\u00e9los, accessoires et ateliers\",\"description\":\"Blog Cycles Blain\",\"publisher\":{\"@id\":\"https:\\\/\\\/www.cycles-blain.com\\\/fr\\\/#organization\"},\"potentialAction\":[{\"@type\":\"SearchAction\",\"target\":{\"@type\":\"EntryPoint\",\"urlTemplate\":\"https:\\\/\\\/www.cycles-blain.com\\\/fr\\\/?s={search_term_string}\"},\"query-input\":{\"@type\":\"PropertyValueSpecification\",\"valueRequired\":true,\"valueName\":\"search_term_string\"}}],\"inLanguage\":\"fr-FR\"},{\"@type\":\"Organization\",\"@id\":\"https:\\\/\\\/www.cycles-blain.com\\\/fr\\\/#organization\",\"name\":\"CyclesBlain - Magasins de v\u00e9los, accessoires et ateliers\",\"url\":\"https:\\\/\\\/www.cycles-blain.com\\\/fr\\\/\",\"logo\":{\"@type\":\"ImageObject\",\"inLanguage\":\"fr-FR\",\"@id\":\"https:\\\/\\\/www.cycles-blain.com\\\/fr\\\/#\\\/schema\\\/logo\\\/image\\\/\",\"url\":\"https:\\\/\\\/www.cycles-blain.com\\\/fr\\\/wp-content\\\/uploads\\\/2023\\\/10\\\/logo-cycles-blain.jpeg\",\"contentUrl\":\"https:\\\/\\\/www.cycles-blain.com\\\/fr\\\/wp-content\\\/uploads\\\/2023\\\/10\\\/logo-cycles-blain.jpeg\",\"width\":264,\"height\":191,\"caption\":\"CyclesBlain - Magasins de v\u00e9los, accessoires et ateliers\"},\"image\":{\"@id\":\"https:\\\/\\\/www.cycles-blain.com\\\/fr\\\/#\\\/schema\\\/logo\\\/image\\\/\"},\"sameAs\":[\"https:\\\/\\\/www.facebook.com\\\/cyclesblain\\\/?locale=fr_FR\",\"https:\\\/\\\/www.instagram.com\\\/cycles_blain\\\/?hl=fr\"]},{\"@type\":\"Person\",\"@id\":\"https:\\\/\\\/www.cycles-blain.com\\\/fr\\\/#\\\/schema\\\/person\\\/6fb8bad852fde893fb61b7b05936af37\",\"name\":\"Gueweb\",\"image\":{\"@type\":\"ImageObject\",\"inLanguage\":\"fr-FR\",\"@id\":\"https:\\\/\\\/secure.gravatar.com\\\/avatar\\\/52550bc594eb074508114b963209b157358b27e5a0319de1bb723df3f760ca2d?s=96&d=mm&r=g\",\"url\":\"https:\\\/\\\/secure.gravatar.com\\\/avatar\\\/52550bc594eb074508114b963209b157358b27e5a0319de1bb723df3f760ca2d?s=96&d=mm&r=g\",\"contentUrl\":\"https:\\\/\\\/secure.gravatar.com\\\/avatar\\\/52550bc594eb074508114b963209b157358b27e5a0319de1bb723df3f760ca2d?s=96&d=mm&r=g\",\"caption\":\"Gueweb\"},\"sameAs\":[\"https:\\\/\\\/www.cycles-blain.com\\\/\\\/fr\"],\"url\":\"https:\\\/\\\/www.cycles-blain.com\\\/fr\\\/author\\\/gueweb\\\/\"}]}<\/script>\n<!-- \/ Yoast SEO plugin. -->","yoast_head_json":{"title":"Plus grand Parking v\u00e9los s\u00e9curis\u00e9 de France \u00e0 Lyon Part Dieu -","description":"Lyon Part Dieu inaugure le plus grand parking v\u00e9los s\u00e9curis\u00e9 de France pour tous les v\u00e9los y compris les cargos avec 1 500 places s\u00e9curis\u00e9es","robots":{"index":"index","follow":"follow","max-snippet":"max-snippet:-1","max-image-preview":"max-image-preview:large","max-video-preview":"max-video-preview:-1"},"canonical":"https:\/\/www.cycles-blain.com\/fr\/conseils-velo\/velotaf\/parking-velo-lyon-part-dieu\/","og_locale":"fr_FR","og_type":"article","og_title":"Plus grand Parking v\u00e9los s\u00e9curis\u00e9 de France \u00e0 Lyon Part Dieu -","og_description":"Lyon Part Dieu inaugure le plus grand parking v\u00e9los s\u00e9curis\u00e9 de France pour tous les v\u00e9los y compris les cargos avec 1 500 places s\u00e9curis\u00e9es","og_url":"https:\/\/www.cycles-blain.com\/fr\/conseils-velo\/velotaf\/parking-velo-lyon-part-dieu\/","og_site_name":"CyclesBlain - Magasins de v\u00e9los, accessoires et ateliers","article_publisher":"https:\/\/www.facebook.com\/cyclesblain\/?locale=fr_FR","article_published_time":"2025-05-23T14:29:02+00:00","article_modified_time":"2025-05-23T14:58:05+00:00","og_image":[{"width":600,"height":338,"url":"https:\/\/www.cycles-blain.com\/fr\/wp-content\/uploads\/2025\/05\/parking-velo-lyon.webp","type":"image\/webp"}],"author":"Gueweb","twitter_card":"summary_large_image","twitter_misc":{"\u00c9crit par":"Gueweb","Dur\u00e9e de lecture estim\u00e9e":"2 minutes"},"schema":{"@context":"https:\/\/schema.org","@graph":[{"@type":"Article","@id":"https:\/\/www.cycles-blain.com\/fr\/conseils-velo\/velotaf\/parking-velo-lyon-part-dieu\/#article","isPartOf":{"@id":"https:\/\/www.cycles-blain.com\/fr\/conseils-velo\/velotaf\/parking-velo-lyon-part-dieu\/"},"author":{"name":"Gueweb","@id":"https:\/\/www.cycles-blain.com\/fr\/#\/schema\/person\/6fb8bad852fde893fb61b7b05936af37"},"headline":"Plus grand Parking v\u00e9los s\u00e9curis\u00e9 de France \u00e0 Lyon Part Dieu","datePublished":"2025-05-23T14:29:02+00:00","dateModified":"2025-05-23T14:58:05+00:00","mainEntityOfPage":{"@id":"https:\/\/www.cycles-blain.com\/fr\/conseils-velo\/velotaf\/parking-velo-lyon-part-dieu\/"},"wordCount":275,"commentCount":0,"publisher":{"@id":"https:\/\/www.cycles-blain.com\/fr\/#organization"},"image":{"@id":"https:\/\/www.cycles-blain.com\/fr\/conseils-velo\/velotaf\/parking-velo-lyon-part-dieu\/#primaryimage"},"thumbnailUrl":"https:\/\/www.cycles-blain.com\/fr\/wp-content\/uploads\/2025\/05\/parking-velo-lyon.webp","keywords":["lyon","parking"],"articleSection":["Antivol","Conseils-Pratique","Loisirs","VeloTaf"],"inLanguage":"fr-FR","potentialAction":[{"@type":"CommentAction","name":"Comment","target":["https:\/\/www.cycles-blain.com\/fr\/conseils-velo\/velotaf\/parking-velo-lyon-part-dieu\/#respond"]}]},{"@type":"WebPage","@id":"https:\/\/www.cycles-blain.com\/fr\/conseils-velo\/velotaf\/parking-velo-lyon-part-dieu\/","url":"https:\/\/www.cycles-blain.com\/fr\/conseils-velo\/velotaf\/parking-velo-lyon-part-dieu\/","name":"Plus grand Parking v\u00e9los s\u00e9curis\u00e9 de France \u00e0 Lyon Part Dieu -","isPartOf":{"@id":"https:\/\/www.cycles-blain.com\/fr\/#website"},"primaryImageOfPage":{"@id":"https:\/\/www.cycles-blain.com\/fr\/conseils-velo\/velotaf\/parking-velo-lyon-part-dieu\/#primaryimage"},"image":{"@id":"https:\/\/www.cycles-blain.com\/fr\/conseils-velo\/velotaf\/parking-velo-lyon-part-dieu\/#primaryimage"},"thumbnailUrl":"https:\/\/www.cycles-blain.com\/fr\/wp-content\/uploads\/2025\/05\/parking-velo-lyon.webp","datePublished":"2025-05-23T14:29:02+00:00","dateModified":"2025-05-23T14:58:05+00:00","description":"Lyon Part Dieu inaugure le plus grand parking v\u00e9los s\u00e9curis\u00e9 de France pour tous les v\u00e9los y compris les cargos avec 1 500 places s\u00e9curis\u00e9es","breadcrumb":{"@id":"https:\/\/www.cycles-blain.com\/fr\/conseils-velo\/velotaf\/parking-velo-lyon-part-dieu\/#breadcrumb"},"inLanguage":"fr-FR","potentialAction":[{"@type":"ReadAction","target":["https:\/\/www.cycles-blain.com\/fr\/conseils-velo\/velotaf\/parking-velo-lyon-part-dieu\/"]}]},{"@type":"ImageObject","inLanguage":"fr-FR","@id":"https:\/\/www.cycles-blain.com\/fr\/conseils-velo\/velotaf\/parking-velo-lyon-part-dieu\/#primaryimage","url":"https:\/\/www.cycles-blain.com\/fr\/wp-content\/uploads\/2025\/05\/parking-velo-lyon.webp","contentUrl":"https:\/\/www.cycles-blain.com\/fr\/wp-content\/uploads\/2025\/05\/parking-velo-lyon.webp","width":600,"height":338,"caption":"Parking v\u00e9lo Lyon Part Dieu"},{"@type":"BreadcrumbList","@id":"https:\/\/www.cycles-blain.com\/fr\/conseils-velo\/velotaf\/parking-velo-lyon-part-dieu\/#breadcrumb","itemListElement":[{"@type":"ListItem","position":1,"name":"Accueil","item":"https:\/\/www.cycles-blain.com\/fr\/"},{"@type":"ListItem","position":2,"name":"Plus grand Parking v\u00e9los s\u00e9curis\u00e9 de France \u00e0 Lyon Part Dieu"}]},{"@type":"WebSite","@id":"https:\/\/www.cycles-blain.com\/fr\/#website","url":"https:\/\/www.cycles-blain.com\/fr\/","name":"CyclesBlain - Magasins de v\u00e9los, accessoires et ateliers","description":"Blog Cycles Blain","publisher":{"@id":"https:\/\/www.cycles-blain.com\/fr\/#organization"},"potentialAction":[{"@type":"SearchAction","target":{"@type":"EntryPoint","urlTemplate":"https:\/\/www.cycles-blain.com\/fr\/?s={search_term_string}"},"query-input":{"@type":"PropertyValueSpecification","valueRequired":true,"valueName":"search_term_string"}}],"inLanguage":"fr-FR"},{"@type":"Organization","@id":"https:\/\/www.cycles-blain.com\/fr\/#organization","name":"CyclesBlain - Magasins de v\u00e9los, accessoires et ateliers","url":"https:\/\/www.cycles-blain.com\/fr\/","logo":{"@type":"ImageObject","inLanguage":"fr-FR","@id":"https:\/\/www.cycles-blain.com\/fr\/#\/schema\/logo\/image\/","url":"https:\/\/www.cycles-blain.com\/fr\/wp-content\/uploads\/2023\/10\/logo-cycles-blain.jpeg","contentUrl":"https:\/\/www.cycles-blain.com\/fr\/wp-content\/uploads\/2023\/10\/logo-cycles-blain.jpeg","width":264,"height":191,"caption":"CyclesBlain - Magasins de v\u00e9los, accessoires et ateliers"},"image":{"@id":"https:\/\/www.cycles-blain.com\/fr\/#\/schema\/logo\/image\/"},"sameAs":["https:\/\/www.facebook.com\/cyclesblain\/?locale=fr_FR","https:\/\/www.instagram.com\/cycles_blain\/?hl=fr"]},{"@type":"Person","@id":"https:\/\/www.cycles-blain.com\/fr\/#\/schema\/person\/6fb8bad852fde893fb61b7b05936af37","name":"Gueweb","image":{"@type":"ImageObject","inLanguage":"fr-FR","@id":"https:\/\/secure.gravatar.com\/avatar\/52550bc594eb074508114b963209b157358b27e5a0319de1bb723df3f760ca2d?s=96&d=mm&r=g","url":"https:\/\/secure.gravatar.com\/avatar\/52550bc594eb074508114b963209b157358b27e5a0319de1bb723df3f760ca2d?s=96&d=mm&r=g","contentUrl":"https:\/\/secure.gravatar.com\/avatar\/52550bc594eb074508114b963209b157358b27e5a0319de1bb723df3f760ca2d?s=96&d=mm&r=g","caption":"Gueweb"},"sameAs":["https:\/\/www.cycles-blain.com\/\/fr"],"url":"https:\/\/www.cycles-blain.com\/fr\/author\/gueweb\/"}]}},"_links":{"self":[{"href":"https:\/\/www.cycles-blain.com\/fr\/wp-json\/wp\/v2\/posts\/14767","targetHints":{"allow":["GET"]}}],"collection":[{"href":"https:\/\/www.cycles-blain.com\/fr\/wp-json\/wp\/v2\/posts"}],"about":[{"href":"https:\/\/www.cycles-blain.com\/fr\/wp-json\/wp\/v2\/types\/post"}],"author":[{"embeddable":true,"href":"https:\/\/www.cycles-blain.com\/fr\/wp-json\/wp\/v2\/users\/1"}],"replies":[{"embeddable":true,"href":"https:\/\/www.cycles-blain.com\/fr\/wp-json\/wp\/v2\/comments?post=14767"}],"version-history":[{"count":19,"href":"https:\/\/www.cycles-blain.com\/fr\/wp-json\/wp\/v2\/posts\/14767\/revisions"}],"predecessor-version":[{"id":14788,"href":"https:\/\/www.cycles-blain.com\/fr\/wp-json\/wp\/v2\/posts\/14767\/revisions\/14788"}],"wp:featuredmedia":[{"embeddable":true,"href":"https:\/\/www.cycles-blain.com\/fr\/wp-json\/wp\/v2\/media\/14785"}],"wp:attachment":[{"href":"https:\/\/www.cycles-blain.com\/fr\/wp-json\/wp\/v2\/media?parent=14767"}],"wp:term":[{"taxonomy":"category","embeddable":true,"href":"https:\/\/www.cycles-blain.com\/fr\/wp-json\/wp\/v2\/categories?post=14767"},{"taxonomy":"post_tag","embeddable":true,"href":"https:\/\/www.cycles-blain.com\/fr\/wp-json\/wp\/v2\/tags?post=14767"}],"curies":[{"name":"wp","href":"https:\/\/api.w.org\/{rel}","templated":true}]}}