{"id":15027,"date":"2025-06-02T15:39:03","date_gmt":"2025-06-02T13:39:03","guid":{"rendered":"https:\/\/www.cycles-blain.com\/fr\/?p=15027"},"modified":"2025-06-03T09:28:30","modified_gmt":"2025-06-03T07:28:30","slug":"cycles-blain-accueille-conway-des-velos-qui-font-parler-la-precision-allemande","status":"publish","type":"post","link":"https:\/\/www.cycles-blain.com\/fr\/velo\/cycles-blain-accueille-conway-des-velos-qui-font-parler-la-precision-allemande\/","title":{"rendered":"Cycles Blain accueille Conway : des v\u00e9los qui font parler la pr\u00e9cision allemande !"},"content":{"rendered":"\t\t<div data-elementor-type=\"wp-post\" data-elementor-id=\"15027\" class=\"elementor elementor-15027\" data-elementor-post-type=\"post\">\n\t\t\t\t<div class=\"elementor-element elementor-element-b83c553 e-flex e-con-boxed e-con e-parent\" data-id=\"b83c553\" data-element_type=\"container\" data-e-type=\"container\">\n\t\t\t\t\t<div class=\"e-con-inner\">\n\t\t\t\t<div class=\"elementor-element elementor-element-ae383e9 elementor-widget elementor-widget-heading\" data-id=\"ae383e9\" data-element_type=\"widget\" data-e-type=\"widget\" data-widget_type=\"heading.default\">\n\t\t\t\t<div class=\"elementor-widget-container\">\n\t\t\t\t\t<h2 class=\"elementor-heading-title elementor-size-large\">La marque de v\u00e9los CONWAY d\u00e9barque en magasin Cycles Blain !<\/h2>\t\t\t\t<\/div>\n\t\t\t\t<\/div>\n\t\t\t\t\t<\/div>\n\t\t\t\t<\/div>\n\t\t<div class=\"elementor-element elementor-element-1929c8e e-flex e-con-boxed e-con e-parent\" data-id=\"1929c8e\" data-element_type=\"container\" data-e-type=\"container\">\n\t\t\t\t\t<div class=\"e-con-inner\">\n\t\t\t\t<div class=\"elementor-element elementor-element-b705917 elementor-widget elementor-widget-text-editor\" data-id=\"b705917\" data-element_type=\"widget\" data-e-type=\"widget\" data-widget_type=\"text-editor.default\">\n\t\t\t\t<div class=\"elementor-widget-container\">\n\t\t\t\t\t\t\t\t\t<p>Depuis plusieurs ann\u00e9es, la marque allemande <strong><a href=\"https:\/\/www.conway-bikes.com\/fr\/\">Conway<\/a><\/strong> s\u2019impose comme un acteur innovant sur le march\u00e9 du VTT et du v\u00e9lo \u00e9lectrique. R\u00e9put\u00e9e pour la qualit\u00e9 de ses cadres, son design affirm\u00e9 et son excellent rapport performance\/prix, Conway con\u00e7oit des v\u00e9los robustes, techniques et adapt\u00e9s aux terrains exigeants. Du VTT musculaire au VTTAE dernier cri, en passant par des gravel polyvalents, chaque mod\u00e8le est pens\u00e9 pour les cyclistes exigeants, amateurs d&rsquo;aventure et de sensations fortes.\u00a0<\/p>\t\t\t\t\t\t\t\t<\/div>\n\t\t\t\t<\/div>\n\t\t\t\t<div class=\"elementor-element elementor-element-09f080b elementor-widget elementor-widget-image\" data-id=\"09f080b\" data-element_type=\"widget\" data-e-type=\"widget\" data-widget_type=\"image.default\">\n\t\t\t\t<div class=\"elementor-widget-container\">\n\t\t\t\t\t\t\t\t\t\t\t\t\t\t\t<img fetchpriority=\"high\" decoding=\"async\" width=\"768\" height=\"416\" src=\"https:\/\/www.cycles-blain.com\/fr\/wp-content\/uploads\/2025\/06\/Gruppe-1031.png-768x416.webp\" class=\"attachment-medium_large size-medium_large wp-image-15038\" alt=\"Conway Vtt\" srcset=\"https:\/\/www.cycles-blain.com\/fr\/wp-content\/uploads\/2025\/06\/Gruppe-1031.png-768x416.webp 768w, https:\/\/www.cycles-blain.com\/fr\/wp-content\/uploads\/2025\/06\/Gruppe-1031.png-300x163.webp 300w, https:\/\/www.cycles-blain.com\/fr\/wp-content\/uploads\/2025\/06\/Gruppe-1031.png-1024x555.webp 1024w, https:\/\/www.cycles-blain.com\/fr\/wp-content\/uploads\/2025\/06\/Gruppe-1031.png.webp 1200w\" sizes=\"(max-width: 768px) 100vw, 768px\" \/>\t\t\t\t\t\t\t\t\t\t\t\t\t\t\t<\/div>\n\t\t\t\t<\/div>\n\t\t\t\t\t<\/div>\n\t\t\t\t<\/div>\n\t\t<div class=\"elementor-element elementor-element-34a0127 e-flex e-con-boxed e-con e-parent\" data-id=\"34a0127\" data-element_type=\"container\" data-e-type=\"container\">\n\t\t\t\t\t<div class=\"e-con-inner\">\n\t\t\t\t<div class=\"elementor-element elementor-element-9369ded elementor-widget elementor-widget-heading\" data-id=\"9369ded\" data-element_type=\"widget\" data-e-type=\"widget\" data-widget_type=\"heading.default\">\n\t\t\t\t<div class=\"elementor-widget-container\">\n\t\t\t\t\t<h3 class=\"elementor-heading-title elementor-size-large\">Notre s\u00e9lection de v\u00e9los CONWAY :<\/h3>\t\t\t\t<\/div>\n\t\t\t\t<\/div>\n\t\t<div class=\"elementor-element elementor-element-71ce6c4 e-con-full e-flex e-con e-child\" data-id=\"71ce6c4\" data-element_type=\"container\" data-e-type=\"container\">\n\t\t\t\t<div class=\"elementor-element elementor-element-e1f2221 elementor-widget elementor-widget-text-editor\" data-id=\"e1f2221\" data-element_type=\"widget\" data-e-type=\"widget\" data-widget_type=\"text-editor.default\">\n\t\t\t\t<div class=\"elementor-widget-container\">\n\t\t\t\t\t\t\t\t\t<ul><li>Parmi notre s\u00e9lection de VTTAE, le <strong><a href=\"https:\/\/www.cycles-blain.com\/vtt-electrique-vttae\/1520-2518-xyron-s-39-he-29-conway-4251971119260.html\" data-wplink-edit=\"true\">Conway Xyron S 3.9 HE.29<\/a> <\/strong>se distingue par son <strong>excellent rapport qualit\u00e9\/prix.<\/strong> \u00c9quip\u00e9 du <strong>moteur Bosch Performance Line CX et d\u2019une batterie 750 Wh<\/strong>, il allie puissance, autonomie et confort. Un tout-suspendu 29\u2019\u2019 taill\u00e9 pour le trail, avec des composants fiables et un design affirm\u00e9.<\/li><\/ul>\t\t\t\t\t\t\t\t<\/div>\n\t\t\t\t<\/div>\n\t\t\t\t<div class=\"elementor-element elementor-element-4e8a9d4 elementor-widget__width-auto elementor-widget elementor-widget-image\" data-id=\"4e8a9d4\" data-element_type=\"widget\" data-e-type=\"widget\" data-widget_type=\"image.default\">\n\t\t\t\t<div class=\"elementor-widget-container\">\n\t\t\t\t\t\t\t\t\t\t\t\t\t\t\t\t<a href=\"https:\/\/www.cycles-blain.com\/vtt-electrique-vttae\/1520-2518-xyron-s-39-he-29-conway-4251971119260.html#\/2-taille_cadre-m\/14-couleur-bleu\" target=\"_blank\">\n\t\t\t\t\t\t\t<img decoding=\"async\" width=\"300\" height=\"300\" src=\"https:\/\/www.cycles-blain.com\/fr\/wp-content\/uploads\/2025\/06\/xyron-s-39-he-29-conway-300x300.jpg\" class=\"attachment-medium size-medium wp-image-15033\" alt=\"conway VTTAE\" srcset=\"https:\/\/www.cycles-blain.com\/fr\/wp-content\/uploads\/2025\/06\/xyron-s-39-he-29-conway-300x300.jpg 300w, https:\/\/www.cycles-blain.com\/fr\/wp-content\/uploads\/2025\/06\/xyron-s-39-he-29-conway-150x150.jpg 150w, https:\/\/www.cycles-blain.com\/fr\/wp-content\/uploads\/2025\/06\/xyron-s-39-he-29-conway-768x768.jpg 768w, https:\/\/www.cycles-blain.com\/fr\/wp-content\/uploads\/2025\/06\/xyron-s-39-he-29-conway.jpg 900w\" sizes=\"(max-width: 300px) 100vw, 300px\" \/>\t\t\t\t\t\t\t\t<\/a>\n\t\t\t\t\t\t\t\t\t\t\t\t\t\t\t<\/div>\n\t\t\t\t<\/div>\n\t\t\t\t<\/div>\n\t\t<div class=\"elementor-element elementor-element-d01cbb0 e-con-full e-flex e-con e-child\" data-id=\"d01cbb0\" data-element_type=\"container\" data-e-type=\"container\">\n\t\t\t\t<div class=\"elementor-element elementor-element-21f2fc9 elementor-widget elementor-widget-text-editor\" data-id=\"21f2fc9\" data-element_type=\"widget\" data-e-type=\"widget\" data-widget_type=\"text-editor.default\">\n\t\t\t\t<div class=\"elementor-widget-container\">\n\t\t\t\t\t\t\t\t\t<ul><li>Dans notre gamme de VTTAE, le <a href=\"https:\/\/www.cycles-blain.com\/vtt-electrique-vttae\/1521-2524-xyron-s-39-he-29-conway-4251971140073.html\" data-wplink-edit=\"true\"><strong>Conway Xyron S 2.9 HE.29<\/strong><\/a> est un alli\u00e9 id\u00e9al pour vos sorties sportives. Propuls\u00e9 par le <strong>moteur Bosch Performance Line CX et une batterie 750 Wh<\/strong>, il assure une assistance puissante et durable. Avec ses roues de 29&Prime;, sa suspension int\u00e9grale et son \u00e9quipement fiable, il offre confort et ma\u00eetrise sur tous les terrains.<\/li><\/ul>\t\t\t\t\t\t\t\t<\/div>\n\t\t\t\t<\/div>\n\t\t\t\t<div class=\"elementor-element elementor-element-3ef4f20 elementor-widget elementor-widget-image\" data-id=\"3ef4f20\" data-element_type=\"widget\" data-e-type=\"widget\" data-widget_type=\"image.default\">\n\t\t\t\t<div class=\"elementor-widget-container\">\n\t\t\t\t\t\t\t\t\t\t\t\t\t\t\t\t<a href=\"https:\/\/www.cycles-blain.com\/vtt-electrique-vttae\/1521-2524-xyron-s-39-he-29-conway-4251971140073.html\" target=\"_blank\">\n\t\t\t\t\t\t\t<img decoding=\"async\" width=\"300\" height=\"300\" src=\"https:\/\/www.cycles-blain.com\/fr\/wp-content\/uploads\/2025\/06\/xyron-s-39-he-29-conway21-300x300.jpg\" class=\"attachment-medium size-medium wp-image-15037\" alt=\"\" srcset=\"https:\/\/www.cycles-blain.com\/fr\/wp-content\/uploads\/2025\/06\/xyron-s-39-he-29-conway21-300x300.jpg 300w, https:\/\/www.cycles-blain.com\/fr\/wp-content\/uploads\/2025\/06\/xyron-s-39-he-29-conway21-150x150.jpg 150w, https:\/\/www.cycles-blain.com\/fr\/wp-content\/uploads\/2025\/06\/xyron-s-39-he-29-conway21-768x768.jpg 768w, https:\/\/www.cycles-blain.com\/fr\/wp-content\/uploads\/2025\/06\/xyron-s-39-he-29-conway21.jpg 900w\" sizes=\"(max-width: 300px) 100vw, 300px\" \/>\t\t\t\t\t\t\t\t<\/a>\n\t\t\t\t\t\t\t\t\t\t\t\t\t\t\t<\/div>\n\t\t\t\t<\/div>\n\t\t\t\t<div class=\"elementor-element elementor-element-da4e8db elementor-align-center elementor-widget elementor-widget-button\" data-id=\"da4e8db\" data-element_type=\"widget\" data-e-type=\"widget\" data-widget_type=\"button.default\">\n\t\t\t\t<div class=\"elementor-widget-container\">\n\t\t\t\t\t\t\t\t\t<div class=\"elementor-button-wrapper\">\n\t\t\t\t\t<a class=\"elementor-button elementor-button-link elementor-size-sm\" href=\"https:\/\/www.cycles-blain.com\/brand\/53-conway\">\n\t\t\t\t\t\t<span class=\"elementor-button-content-wrapper\">\n\t\t\t\t\t\t\t\t\t<span class=\"elementor-button-text\">Je d\u00e9couvre CONWAY<\/span>\n\t\t\t\t\t<\/span>\n\t\t\t\t\t<\/a>\n\t\t\t\t<\/div>\n\t\t\t\t\t\t\t\t<\/div>\n\t\t\t\t<\/div>\n\t\t\t\t<div class=\"elementor-element elementor-element-a341d1a elementor-widget elementor-widget-heading\" data-id=\"a341d1a\" data-element_type=\"widget\" data-e-type=\"widget\" data-widget_type=\"heading.default\">\n\t\t\t\t<div class=\"elementor-widget-container\">\n\t\t\t\t\t<h3 class=\"elementor-heading-title elementor-size-default\">Les avantages de CONWAY : <\/h3>\t\t\t\t<\/div>\n\t\t\t\t<\/div>\n\t\t\t\t<div class=\"elementor-element elementor-element-a0546bb elementor-widget elementor-widget-text-editor\" data-id=\"a0546bb\" data-element_type=\"widget\" data-e-type=\"widget\" data-widget_type=\"text-editor.default\">\n\t\t\t\t<div class=\"elementor-widget-container\">\n\t\t\t\t\t\t\t\t\t<ul><li><strong>Qualit\u00e9 allemande :<\/strong> cadres robustes et fabrication pr\u00e9cise pour une durabilit\u00e9 optimale.<\/li><li><strong>Expertise VTTAE :<\/strong> motorisation Bosch performante et autonomie \u00e9lev\u00e9e pour toutes vos sorties.<\/li><li><strong>V\u00e9los d\u2019aventure :<\/strong> g\u00e9om\u00e9trie et composants adapt\u00e9s au trail, enduro et bikepacking.<\/li><li><strong>Design soign\u00e9 :<\/strong> look moderne et finitions \u00e9l\u00e9gantes qui attirent l\u2019\u0153il.<\/li><li><strong>Rapport qualit\u00e9\/prix :<\/strong> \u00e9quipement complet et performant \u00e0 un tarif comp\u00e9titif.<\/li><\/ul><p>En r\u00e9sum\u00e9, Conway allie performance, robustesse et design pour offrir des v\u00e9los adapt\u00e9s \u00e0 tous les passionn\u00e9s, du v\u00e9t\u00e9tiste amateur \u00e0 l\u2019aventurier confirm\u00e9. Gr\u00e2ce \u00e0 leur excellent rapport qualit\u00e9\/prix et \u00e0 leur expertise dans le VTTAE, ces v\u00e9los sont un choix s\u00fbr pour vivre pleinement chaque sortie.<\/p><p><em>D\u00e9couvrez sans plus attendre la gamme <strong>CONWAY <\/strong>chez <strong><a href=\"https:\/\/www.cycles-blain.com\">Cycles Blain<\/a><\/strong> et trouvez le mod\u00e8le qui vous accompagnera sur tous les terrains.<\/em><\/p>\t\t\t\t\t\t\t\t<\/div>\n\t\t\t\t<\/div>\n\t\t\t\t<\/div>\n\t\t\t\t\t<\/div>\n\t\t\t\t<\/div>\n\t\t\t\t<\/div>\n\t\t","protected":false},"excerpt":{"rendered":"<p>D\u00e9couvrez la marque allemande Conway : des v\u00e9los performants, fiables et con\u00e7us pour les passionn\u00e9s d\u2019aventure. <\/p>\n","protected":false},"author":4,"featured_media":15028,"comment_status":"open","ping_status":"open","sticky":false,"template":"","format":"standard","meta":{"site-sidebar-layout":"default","site-content-layout":"","ast-site-content-layout":"default","site-content-style":"default","site-sidebar-style":"default","ast-global-header-display":"","ast-banner-title-visibility":"","ast-main-header-display":"","ast-hfb-above-header-display":"","ast-hfb-below-header-display":"","ast-hfb-mobile-header-display":"","site-post-title":"","ast-breadcrumbs-content":"","ast-featured-img":"","footer-sml-layout":"","theme-transparent-header-meta":"","adv-header-id-meta":"","stick-header-meta":"","header-above-stick-meta":"","header-main-stick-meta":"","header-below-stick-meta":"","astra-migrate-meta-layouts":"set","ast-page-background-enabled":"default","ast-page-background-meta":{"desktop":{"background-color":"","background-image":"","background-repeat":"repeat","background-position":"center center","background-size":"auto","background-attachment":"scroll","background-type":"","background-media":"","overlay-type":"","overlay-color":"","overlay-gradient":""},"tablet":{"background-color":"","background-image":"","background-repeat":"repeat","background-position":"center center","background-size":"auto","background-attachment":"scroll","background-type":"","background-media":"","overlay-type":"","overlay-color":"","overlay-gradient":""},"mobile":{"background-color":"","background-image":"","background-repeat":"repeat","background-position":"center center","background-size":"auto","background-attachment":"scroll","background-type":"","background-media":"","overlay-type":"","overlay-color":"","overlay-gradient":""}},"ast-content-background-meta":{"desktop":{"background-color":"var(--ast-global-color-5)","background-image":"","background-repeat":"repeat","background-position":"center center","background-size":"auto","background-attachment":"scroll","background-type":"","background-media":"","overlay-type":"","overlay-color":"","overlay-gradient":""},"tablet":{"background-color":"var(--ast-global-color-5)","background-image":"","background-repeat":"repeat","background-position":"center center","background-size":"auto","background-attachment":"scroll","background-type":"","background-media":"","overlay-type":"","overlay-color":"","overlay-gradient":""},"mobile":{"background-color":"var(--ast-global-color-5)","background-image":"","background-repeat":"repeat","background-position":"center center","background-size":"auto","background-attachment":"scroll","background-type":"","background-media":"","overlay-type":"","overlay-color":"","overlay-gradient":""}},"footnotes":""},"categories":[4,56,7,55,5],"tags":[345,31,200],"class_list":["post-15027","post","type-post","status-publish","format-standard","has-post-thumbnail","hentry","category-velo","category-velo-gravel","category-magasin-brignais","category-velo-route","category-vtt-electrique","tag-conway","tag-vtt","tag-vttae"],"yoast_head":"<!-- This site is optimized with the Yoast SEO plugin v27.5 - https:\/\/yoast.com\/product\/yoast-seo-wordpress\/ -->\n<title>Cycles Blain accueille Conway : des v\u00e9los qui font parler la pr\u00e9cision allemande ! - CYCLES BLAIN<\/title>\n<meta name=\"description\" content=\"D\u00e9couvrez la marque allemande Conway : des v\u00e9los performants, fiables et con\u00e7us pour les passionn\u00e9s d\u2019aventure.\" \/>\n<meta name=\"robots\" content=\"index, follow, max-snippet:-1, max-image-preview:large, max-video-preview:-1\" \/>\n<link rel=\"canonical\" href=\"https:\/\/www.cycles-blain.com\/fr\/velo\/cycles-blain-accueille-conway-des-velos-qui-font-parler-la-precision-allemande\/\" \/>\n<meta property=\"og:locale\" content=\"fr_FR\" \/>\n<meta property=\"og:type\" content=\"article\" \/>\n<meta property=\"og:title\" content=\"Cycles Blain accueille Conway : des v\u00e9los qui font parler la pr\u00e9cision allemande ! - CYCLES BLAIN\" \/>\n<meta property=\"og:description\" content=\"D\u00e9couvrez la marque allemande Conway : des v\u00e9los performants, fiables et con\u00e7us pour les passionn\u00e9s d\u2019aventure.\" \/>\n<meta property=\"og:url\" content=\"https:\/\/www.cycles-blain.com\/fr\/velo\/cycles-blain-accueille-conway-des-velos-qui-font-parler-la-precision-allemande\/\" \/>\n<meta property=\"og:site_name\" content=\"CyclesBlain - Magasins de v\u00e9los, accessoires et ateliers\" \/>\n<meta property=\"article:publisher\" content=\"https:\/\/www.facebook.com\/cyclesblain\/?locale=fr_FR\" \/>\n<meta property=\"article:published_time\" content=\"2025-06-02T13:39:03+00:00\" \/>\n<meta property=\"article:modified_time\" content=\"2025-06-03T07:28:30+00:00\" \/>\n<meta property=\"og:image\" content=\"https:\/\/www.cycles-blain.com\/fr\/wp-content\/uploads\/2025\/06\/conway-bikes-logo-vector-e1748871418810.png\" \/>\n\t<meta property=\"og:image:width\" content=\"600\" \/>\n\t<meta property=\"og:image:height\" content=\"333\" \/>\n\t<meta property=\"og:image:type\" content=\"image\/png\" \/>\n<meta name=\"author\" content=\"Lou-Anne\" \/>\n<meta name=\"twitter:card\" content=\"summary_large_image\" \/>\n<meta name=\"twitter:label1\" content=\"\u00c9crit par\" \/>\n\t<meta name=\"twitter:data1\" content=\"Lou-Anne\" \/>\n\t<meta name=\"twitter:label2\" content=\"Dur\u00e9e de lecture estim\u00e9e\" \/>\n\t<meta name=\"twitter:data2\" content=\"3 minutes\" \/>\n<script type=\"application\/ld+json\" class=\"yoast-schema-graph\">{\"@context\":\"https:\\\/\\\/schema.org\",\"@graph\":[{\"@type\":\"Article\",\"@id\":\"https:\\\/\\\/www.cycles-blain.com\\\/fr\\\/velo\\\/cycles-blain-accueille-conway-des-velos-qui-font-parler-la-precision-allemande\\\/#article\",\"isPartOf\":{\"@id\":\"https:\\\/\\\/www.cycles-blain.com\\\/fr\\\/velo\\\/cycles-blain-accueille-conway-des-velos-qui-font-parler-la-precision-allemande\\\/\"},\"author\":{\"name\":\"Lou-Anne\",\"@id\":\"https:\\\/\\\/www.cycles-blain.com\\\/fr\\\/#\\\/schema\\\/person\\\/2e532610e6e45d290a29e480c00cc742\"},\"headline\":\"Cycles Blain accueille Conway : des v\u00e9los qui font parler la pr\u00e9cision allemande !\",\"datePublished\":\"2025-06-02T13:39:03+00:00\",\"dateModified\":\"2025-06-03T07:28:30+00:00\",\"mainEntityOfPage\":{\"@id\":\"https:\\\/\\\/www.cycles-blain.com\\\/fr\\\/velo\\\/cycles-blain-accueille-conway-des-velos-qui-font-parler-la-precision-allemande\\\/\"},\"wordCount\":378,\"commentCount\":0,\"publisher\":{\"@id\":\"https:\\\/\\\/www.cycles-blain.com\\\/fr\\\/#organization\"},\"image\":{\"@id\":\"https:\\\/\\\/www.cycles-blain.com\\\/fr\\\/velo\\\/cycles-blain-accueille-conway-des-velos-qui-font-parler-la-precision-allemande\\\/#primaryimage\"},\"thumbnailUrl\":\"https:\\\/\\\/www.cycles-blain.com\\\/fr\\\/wp-content\\\/uploads\\\/2025\\\/06\\\/conway-bikes-logo-vector-e1748871418810.png\",\"keywords\":[\"Conway\",\"vtt\",\"vttae\"],\"articleSection\":[\"Actus V\u00e9lo\",\"Gravel\",\"Magasin Brignais\",\"V\u00e9lo de route\",\"VTT Electrique\"],\"inLanguage\":\"fr-FR\",\"potentialAction\":[{\"@type\":\"CommentAction\",\"name\":\"Comment\",\"target\":[\"https:\\\/\\\/www.cycles-blain.com\\\/fr\\\/velo\\\/cycles-blain-accueille-conway-des-velos-qui-font-parler-la-precision-allemande\\\/#respond\"]}]},{\"@type\":\"WebPage\",\"@id\":\"https:\\\/\\\/www.cycles-blain.com\\\/fr\\\/velo\\\/cycles-blain-accueille-conway-des-velos-qui-font-parler-la-precision-allemande\\\/\",\"url\":\"https:\\\/\\\/www.cycles-blain.com\\\/fr\\\/velo\\\/cycles-blain-accueille-conway-des-velos-qui-font-parler-la-precision-allemande\\\/\",\"name\":\"Cycles Blain accueille Conway : des v\u00e9los qui font parler la pr\u00e9cision allemande ! - CYCLES BLAIN\",\"isPartOf\":{\"@id\":\"https:\\\/\\\/www.cycles-blain.com\\\/fr\\\/#website\"},\"primaryImageOfPage\":{\"@id\":\"https:\\\/\\\/www.cycles-blain.com\\\/fr\\\/velo\\\/cycles-blain-accueille-conway-des-velos-qui-font-parler-la-precision-allemande\\\/#primaryimage\"},\"image\":{\"@id\":\"https:\\\/\\\/www.cycles-blain.com\\\/fr\\\/velo\\\/cycles-blain-accueille-conway-des-velos-qui-font-parler-la-precision-allemande\\\/#primaryimage\"},\"thumbnailUrl\":\"https:\\\/\\\/www.cycles-blain.com\\\/fr\\\/wp-content\\\/uploads\\\/2025\\\/06\\\/conway-bikes-logo-vector-e1748871418810.png\",\"datePublished\":\"2025-06-02T13:39:03+00:00\",\"dateModified\":\"2025-06-03T07:28:30+00:00\",\"description\":\"D\u00e9couvrez la marque allemande Conway : des v\u00e9los performants, fiables et con\u00e7us pour les passionn\u00e9s d\u2019aventure.\",\"breadcrumb\":{\"@id\":\"https:\\\/\\\/www.cycles-blain.com\\\/fr\\\/velo\\\/cycles-blain-accueille-conway-des-velos-qui-font-parler-la-precision-allemande\\\/#breadcrumb\"},\"inLanguage\":\"fr-FR\",\"potentialAction\":[{\"@type\":\"ReadAction\",\"target\":[\"https:\\\/\\\/www.cycles-blain.com\\\/fr\\\/velo\\\/cycles-blain-accueille-conway-des-velos-qui-font-parler-la-precision-allemande\\\/\"]}]},{\"@type\":\"ImageObject\",\"inLanguage\":\"fr-FR\",\"@id\":\"https:\\\/\\\/www.cycles-blain.com\\\/fr\\\/velo\\\/cycles-blain-accueille-conway-des-velos-qui-font-parler-la-precision-allemande\\\/#primaryimage\",\"url\":\"https:\\\/\\\/www.cycles-blain.com\\\/fr\\\/wp-content\\\/uploads\\\/2025\\\/06\\\/conway-bikes-logo-vector-e1748871418810.png\",\"contentUrl\":\"https:\\\/\\\/www.cycles-blain.com\\\/fr\\\/wp-content\\\/uploads\\\/2025\\\/06\\\/conway-bikes-logo-vector-e1748871418810.png\",\"width\":600,\"height\":333,\"caption\":\"conway-bikes\"},{\"@type\":\"BreadcrumbList\",\"@id\":\"https:\\\/\\\/www.cycles-blain.com\\\/fr\\\/velo\\\/cycles-blain-accueille-conway-des-velos-qui-font-parler-la-precision-allemande\\\/#breadcrumb\",\"itemListElement\":[{\"@type\":\"ListItem\",\"position\":1,\"name\":\"Accueil\",\"item\":\"https:\\\/\\\/www.cycles-blain.com\\\/fr\\\/\"},{\"@type\":\"ListItem\",\"position\":2,\"name\":\"Cycles Blain accueille Conway : des v\u00e9los qui font parler la pr\u00e9cision allemande !\"}]},{\"@type\":\"WebSite\",\"@id\":\"https:\\\/\\\/www.cycles-blain.com\\\/fr\\\/#website\",\"url\":\"https:\\\/\\\/www.cycles-blain.com\\\/fr\\\/\",\"name\":\"CyclesBlain - Magasins de v\u00e9los, accessoires et ateliers\",\"description\":\"Blog Cycles Blain\",\"publisher\":{\"@id\":\"https:\\\/\\\/www.cycles-blain.com\\\/fr\\\/#organization\"},\"potentialAction\":[{\"@type\":\"SearchAction\",\"target\":{\"@type\":\"EntryPoint\",\"urlTemplate\":\"https:\\\/\\\/www.cycles-blain.com\\\/fr\\\/?s={search_term_string}\"},\"query-input\":{\"@type\":\"PropertyValueSpecification\",\"valueRequired\":true,\"valueName\":\"search_term_string\"}}],\"inLanguage\":\"fr-FR\"},{\"@type\":\"Organization\",\"@id\":\"https:\\\/\\\/www.cycles-blain.com\\\/fr\\\/#organization\",\"name\":\"CyclesBlain - Magasins de v\u00e9los, accessoires et ateliers\",\"url\":\"https:\\\/\\\/www.cycles-blain.com\\\/fr\\\/\",\"logo\":{\"@type\":\"ImageObject\",\"inLanguage\":\"fr-FR\",\"@id\":\"https:\\\/\\\/www.cycles-blain.com\\\/fr\\\/#\\\/schema\\\/logo\\\/image\\\/\",\"url\":\"https:\\\/\\\/www.cycles-blain.com\\\/fr\\\/wp-content\\\/uploads\\\/2023\\\/10\\\/logo-cycles-blain.jpeg\",\"contentUrl\":\"https:\\\/\\\/www.cycles-blain.com\\\/fr\\\/wp-content\\\/uploads\\\/2023\\\/10\\\/logo-cycles-blain.jpeg\",\"width\":264,\"height\":191,\"caption\":\"CyclesBlain - Magasins de v\u00e9los, accessoires et ateliers\"},\"image\":{\"@id\":\"https:\\\/\\\/www.cycles-blain.com\\\/fr\\\/#\\\/schema\\\/logo\\\/image\\\/\"},\"sameAs\":[\"https:\\\/\\\/www.facebook.com\\\/cyclesblain\\\/?locale=fr_FR\",\"https:\\\/\\\/www.instagram.com\\\/cycles_blain\\\/?hl=fr\"]},{\"@type\":\"Person\",\"@id\":\"https:\\\/\\\/www.cycles-blain.com\\\/fr\\\/#\\\/schema\\\/person\\\/2e532610e6e45d290a29e480c00cc742\",\"name\":\"Lou-Anne\",\"image\":{\"@type\":\"ImageObject\",\"inLanguage\":\"fr-FR\",\"@id\":\"https:\\\/\\\/secure.gravatar.com\\\/avatar\\\/fc66047eecb12b1dd0e5dd77ae839eef6f5705cede9df1aa88eec9ecfd50b1ab?s=96&d=mm&r=g\",\"url\":\"https:\\\/\\\/secure.gravatar.com\\\/avatar\\\/fc66047eecb12b1dd0e5dd77ae839eef6f5705cede9df1aa88eec9ecfd50b1ab?s=96&d=mm&r=g\",\"contentUrl\":\"https:\\\/\\\/secure.gravatar.com\\\/avatar\\\/fc66047eecb12b1dd0e5dd77ae839eef6f5705cede9df1aa88eec9ecfd50b1ab?s=96&d=mm&r=g\",\"caption\":\"Lou-Anne\"},\"url\":\"https:\\\/\\\/www.cycles-blain.com\\\/fr\\\/author\\\/lou-anne\\\/\"}]}<\/script>\n<!-- \/ Yoast SEO plugin. -->","yoast_head_json":{"title":"Cycles Blain accueille Conway : des v\u00e9los qui font parler la pr\u00e9cision allemande ! - CYCLES BLAIN","description":"D\u00e9couvrez la marque allemande Conway : des v\u00e9los performants, fiables et con\u00e7us pour les passionn\u00e9s d\u2019aventure.","robots":{"index":"index","follow":"follow","max-snippet":"max-snippet:-1","max-image-preview":"max-image-preview:large","max-video-preview":"max-video-preview:-1"},"canonical":"https:\/\/www.cycles-blain.com\/fr\/velo\/cycles-blain-accueille-conway-des-velos-qui-font-parler-la-precision-allemande\/","og_locale":"fr_FR","og_type":"article","og_title":"Cycles Blain accueille Conway : des v\u00e9los qui font parler la pr\u00e9cision allemande ! - CYCLES BLAIN","og_description":"D\u00e9couvrez la marque allemande Conway : des v\u00e9los performants, fiables et con\u00e7us pour les passionn\u00e9s d\u2019aventure.","og_url":"https:\/\/www.cycles-blain.com\/fr\/velo\/cycles-blain-accueille-conway-des-velos-qui-font-parler-la-precision-allemande\/","og_site_name":"CyclesBlain - Magasins de v\u00e9los, accessoires et ateliers","article_publisher":"https:\/\/www.facebook.com\/cyclesblain\/?locale=fr_FR","article_published_time":"2025-06-02T13:39:03+00:00","article_modified_time":"2025-06-03T07:28:30+00:00","og_image":[{"width":600,"height":333,"url":"https:\/\/www.cycles-blain.com\/fr\/wp-content\/uploads\/2025\/06\/conway-bikes-logo-vector-e1748871418810.png","type":"image\/png"}],"author":"Lou-Anne","twitter_card":"summary_large_image","twitter_misc":{"\u00c9crit par":"Lou-Anne","Dur\u00e9e de lecture estim\u00e9e":"3 minutes"},"schema":{"@context":"https:\/\/schema.org","@graph":[{"@type":"Article","@id":"https:\/\/www.cycles-blain.com\/fr\/velo\/cycles-blain-accueille-conway-des-velos-qui-font-parler-la-precision-allemande\/#article","isPartOf":{"@id":"https:\/\/www.cycles-blain.com\/fr\/velo\/cycles-blain-accueille-conway-des-velos-qui-font-parler-la-precision-allemande\/"},"author":{"name":"Lou-Anne","@id":"https:\/\/www.cycles-blain.com\/fr\/#\/schema\/person\/2e532610e6e45d290a29e480c00cc742"},"headline":"Cycles Blain accueille Conway : des v\u00e9los qui font parler la pr\u00e9cision allemande !","datePublished":"2025-06-02T13:39:03+00:00","dateModified":"2025-06-03T07:28:30+00:00","mainEntityOfPage":{"@id":"https:\/\/www.cycles-blain.com\/fr\/velo\/cycles-blain-accueille-conway-des-velos-qui-font-parler-la-precision-allemande\/"},"wordCount":378,"commentCount":0,"publisher":{"@id":"https:\/\/www.cycles-blain.com\/fr\/#organization"},"image":{"@id":"https:\/\/www.cycles-blain.com\/fr\/velo\/cycles-blain-accueille-conway-des-velos-qui-font-parler-la-precision-allemande\/#primaryimage"},"thumbnailUrl":"https:\/\/www.cycles-blain.com\/fr\/wp-content\/uploads\/2025\/06\/conway-bikes-logo-vector-e1748871418810.png","keywords":["Conway","vtt","vttae"],"articleSection":["Actus V\u00e9lo","Gravel","Magasin Brignais","V\u00e9lo de route","VTT Electrique"],"inLanguage":"fr-FR","potentialAction":[{"@type":"CommentAction","name":"Comment","target":["https:\/\/www.cycles-blain.com\/fr\/velo\/cycles-blain-accueille-conway-des-velos-qui-font-parler-la-precision-allemande\/#respond"]}]},{"@type":"WebPage","@id":"https:\/\/www.cycles-blain.com\/fr\/velo\/cycles-blain-accueille-conway-des-velos-qui-font-parler-la-precision-allemande\/","url":"https:\/\/www.cycles-blain.com\/fr\/velo\/cycles-blain-accueille-conway-des-velos-qui-font-parler-la-precision-allemande\/","name":"Cycles Blain accueille Conway : des v\u00e9los qui font parler la pr\u00e9cision allemande ! - CYCLES BLAIN","isPartOf":{"@id":"https:\/\/www.cycles-blain.com\/fr\/#website"},"primaryImageOfPage":{"@id":"https:\/\/www.cycles-blain.com\/fr\/velo\/cycles-blain-accueille-conway-des-velos-qui-font-parler-la-precision-allemande\/#primaryimage"},"image":{"@id":"https:\/\/www.cycles-blain.com\/fr\/velo\/cycles-blain-accueille-conway-des-velos-qui-font-parler-la-precision-allemande\/#primaryimage"},"thumbnailUrl":"https:\/\/www.cycles-blain.com\/fr\/wp-content\/uploads\/2025\/06\/conway-bikes-logo-vector-e1748871418810.png","datePublished":"2025-06-02T13:39:03+00:00","dateModified":"2025-06-03T07:28:30+00:00","description":"D\u00e9couvrez la marque allemande Conway : des v\u00e9los performants, fiables et con\u00e7us pour les passionn\u00e9s d\u2019aventure.","breadcrumb":{"@id":"https:\/\/www.cycles-blain.com\/fr\/velo\/cycles-blain-accueille-conway-des-velos-qui-font-parler-la-precision-allemande\/#breadcrumb"},"inLanguage":"fr-FR","potentialAction":[{"@type":"ReadAction","target":["https:\/\/www.cycles-blain.com\/fr\/velo\/cycles-blain-accueille-conway-des-velos-qui-font-parler-la-precision-allemande\/"]}]},{"@type":"ImageObject","inLanguage":"fr-FR","@id":"https:\/\/www.cycles-blain.com\/fr\/velo\/cycles-blain-accueille-conway-des-velos-qui-font-parler-la-precision-allemande\/#primaryimage","url":"https:\/\/www.cycles-blain.com\/fr\/wp-content\/uploads\/2025\/06\/conway-bikes-logo-vector-e1748871418810.png","contentUrl":"https:\/\/www.cycles-blain.com\/fr\/wp-content\/uploads\/2025\/06\/conway-bikes-logo-vector-e1748871418810.png","width":600,"height":333,"caption":"conway-bikes"},{"@type":"BreadcrumbList","@id":"https:\/\/www.cycles-blain.com\/fr\/velo\/cycles-blain-accueille-conway-des-velos-qui-font-parler-la-precision-allemande\/#breadcrumb","itemListElement":[{"@type":"ListItem","position":1,"name":"Accueil","item":"https:\/\/www.cycles-blain.com\/fr\/"},{"@type":"ListItem","position":2,"name":"Cycles Blain accueille Conway : des v\u00e9los qui font parler la pr\u00e9cision allemande !"}]},{"@type":"WebSite","@id":"https:\/\/www.cycles-blain.com\/fr\/#website","url":"https:\/\/www.cycles-blain.com\/fr\/","name":"CyclesBlain - Magasins de v\u00e9los, accessoires et ateliers","description":"Blog Cycles Blain","publisher":{"@id":"https:\/\/www.cycles-blain.com\/fr\/#organization"},"potentialAction":[{"@type":"SearchAction","target":{"@type":"EntryPoint","urlTemplate":"https:\/\/www.cycles-blain.com\/fr\/?s={search_term_string}"},"query-input":{"@type":"PropertyValueSpecification","valueRequired":true,"valueName":"search_term_string"}}],"inLanguage":"fr-FR"},{"@type":"Organization","@id":"https:\/\/www.cycles-blain.com\/fr\/#organization","name":"CyclesBlain - Magasins de v\u00e9los, accessoires et ateliers","url":"https:\/\/www.cycles-blain.com\/fr\/","logo":{"@type":"ImageObject","inLanguage":"fr-FR","@id":"https:\/\/www.cycles-blain.com\/fr\/#\/schema\/logo\/image\/","url":"https:\/\/www.cycles-blain.com\/fr\/wp-content\/uploads\/2023\/10\/logo-cycles-blain.jpeg","contentUrl":"https:\/\/www.cycles-blain.com\/fr\/wp-content\/uploads\/2023\/10\/logo-cycles-blain.jpeg","width":264,"height":191,"caption":"CyclesBlain - Magasins de v\u00e9los, accessoires et ateliers"},"image":{"@id":"https:\/\/www.cycles-blain.com\/fr\/#\/schema\/logo\/image\/"},"sameAs":["https:\/\/www.facebook.com\/cyclesblain\/?locale=fr_FR","https:\/\/www.instagram.com\/cycles_blain\/?hl=fr"]},{"@type":"Person","@id":"https:\/\/www.cycles-blain.com\/fr\/#\/schema\/person\/2e532610e6e45d290a29e480c00cc742","name":"Lou-Anne","image":{"@type":"ImageObject","inLanguage":"fr-FR","@id":"https:\/\/secure.gravatar.com\/avatar\/fc66047eecb12b1dd0e5dd77ae839eef6f5705cede9df1aa88eec9ecfd50b1ab?s=96&d=mm&r=g","url":"https:\/\/secure.gravatar.com\/avatar\/fc66047eecb12b1dd0e5dd77ae839eef6f5705cede9df1aa88eec9ecfd50b1ab?s=96&d=mm&r=g","contentUrl":"https:\/\/secure.gravatar.com\/avatar\/fc66047eecb12b1dd0e5dd77ae839eef6f5705cede9df1aa88eec9ecfd50b1ab?s=96&d=mm&r=g","caption":"Lou-Anne"},"url":"https:\/\/www.cycles-blain.com\/fr\/author\/lou-anne\/"}]}},"_links":{"self":[{"href":"https:\/\/www.cycles-blain.com\/fr\/wp-json\/wp\/v2\/posts\/15027","targetHints":{"allow":["GET"]}}],"collection":[{"href":"https:\/\/www.cycles-blain.com\/fr\/wp-json\/wp\/v2\/posts"}],"about":[{"href":"https:\/\/www.cycles-blain.com\/fr\/wp-json\/wp\/v2\/types\/post"}],"author":[{"embeddable":true,"href":"https:\/\/www.cycles-blain.com\/fr\/wp-json\/wp\/v2\/users\/4"}],"replies":[{"embeddable":true,"href":"https:\/\/www.cycles-blain.com\/fr\/wp-json\/wp\/v2\/comments?post=15027"}],"version-history":[{"count":34,"href":"https:\/\/www.cycles-blain.com\/fr\/wp-json\/wp\/v2\/posts\/15027\/revisions"}],"predecessor-version":[{"id":15065,"href":"https:\/\/www.cycles-blain.com\/fr\/wp-json\/wp\/v2\/posts\/15027\/revisions\/15065"}],"wp:featuredmedia":[{"embeddable":true,"href":"https:\/\/www.cycles-blain.com\/fr\/wp-json\/wp\/v2\/media\/15028"}],"wp:attachment":[{"href":"https:\/\/www.cycles-blain.com\/fr\/wp-json\/wp\/v2\/media?parent=15027"}],"wp:term":[{"taxonomy":"category","embeddable":true,"href":"https:\/\/www.cycles-blain.com\/fr\/wp-json\/wp\/v2\/categories?post=15027"},{"taxonomy":"post_tag","embeddable":true,"href":"https:\/\/www.cycles-blain.com\/fr\/wp-json\/wp\/v2\/tags?post=15027"}],"curies":[{"name":"wp","href":"https:\/\/api.w.org\/{rel}","templated":true}]}}