{"id":1517,"date":"2023-10-27T14:33:49","date_gmt":"2023-10-27T12:33:49","guid":{"rendered":"https:\/\/www.cycles-blain.com\/\/fr\/?p=1517"},"modified":"2024-07-24T14:23:15","modified_gmt":"2024-07-24T12:23:15","slug":"rappel-shimano-sav-lyon","status":"publish","type":"post","link":"https:\/\/www.cycles-blain.com\/fr\/atelier-reparation\/rappel-shimano-sav-lyon\/","title":{"rendered":"Rappel p\u00e9daliers Shimano Ultegra et Dura-Ace"},"content":{"rendered":"\t\t<div data-elementor-type=\"wp-post\" data-elementor-id=\"1517\" class=\"elementor elementor-1517\" data-elementor-post-type=\"post\">\n\t\t\t\t<div class=\"elementor-element elementor-element-a180571 e-flex e-con-boxed e-con e-parent\" data-id=\"a180571\" data-element_type=\"container\" data-e-type=\"container\">\n\t\t\t\t\t<div class=\"e-con-inner\">\n\t\t\t\t<div class=\"elementor-element elementor-element-c570b5f elementor-widget elementor-widget-text-editor\" data-id=\"c570b5f\" data-element_type=\"widget\" data-e-type=\"widget\" data-widget_type=\"text-editor.default\">\n\t\t\t\t<div class=\"elementor-widget-container\">\n\t\t\t\t\t\t\t\t\t<p><em><strong>La marque Japonaise proc\u00e8de \u00e0 un rappel de p\u00e9dalier SHIMANO de grande ampleur qui concerne les p\u00e9daliers Ultegra et Dura-Ace.<\/strong><\/em><\/p>\t\t\t\t\t\t\t\t<\/div>\n\t\t\t\t<\/div>\n\t\t\t\t<div class=\"elementor-element elementor-element-2fe6eb1 elementor-widget elementor-widget-button\" data-id=\"2fe6eb1\" data-element_type=\"widget\" data-e-type=\"widget\" data-widget_type=\"button.default\">\n\t\t\t\t<div class=\"elementor-widget-container\">\n\t\t\t\t\t\t\t\t\t<div class=\"elementor-button-wrapper\">\n\t\t\t\t\t<a class=\"elementor-button elementor-button-link elementor-size-sm\" href=\"https:\/\/cycles-blain.com\/content\/19-rdv-atelier-velo\" target=\"_blank\">\n\t\t\t\t\t\t<span class=\"elementor-button-content-wrapper\">\n\t\t\t\t\t\t<span class=\"elementor-button-icon\">\n\t\t\t\t<i aria-hidden=\"true\" class=\"far fa-calendar-alt\"><\/i>\t\t\t<\/span>\n\t\t\t\t\t\t\t\t\t<span class=\"elementor-button-text\">Je prends un RDV ATELIER<\/span>\n\t\t\t\t\t<\/span>\n\t\t\t\t\t<\/a>\n\t\t\t\t<\/div>\n\t\t\t\t\t\t\t\t<\/div>\n\t\t\t\t<\/div>\n\t\t\t\t\t<\/div>\n\t\t\t\t<\/div>\n\t\t<div class=\"elementor-element elementor-element-2bfe22b e-flex e-con-boxed e-con e-parent\" data-id=\"2bfe22b\" data-element_type=\"container\" data-e-type=\"container\">\n\t\t\t\t\t<div class=\"e-con-inner\">\n\t\t\t\t<div class=\"elementor-element elementor-element-9dff30b elementor-widget elementor-widget-heading\" data-id=\"9dff30b\" data-element_type=\"widget\" data-e-type=\"widget\" data-widget_type=\"heading.default\">\n\t\t\t\t<div class=\"elementor-widget-container\">\n\t\t\t\t\t<h2 class=\"elementor-heading-title elementor-size-large\">Quels sont les v\u00e9los et les p\u00e9daliers concern\u00e9s ?<\/h2>\t\t\t\t<\/div>\n\t\t\t\t<\/div>\n\t\t\t\t\t<\/div>\n\t\t\t\t<\/div>\n\t\t<div class=\"elementor-element elementor-element-3bbdcc9 e-flex e-con-boxed e-con e-parent\" data-id=\"3bbdcc9\" data-element_type=\"container\" data-e-type=\"container\">\n\t\t\t\t\t<div class=\"e-con-inner\">\n\t\t\t\t<div class=\"elementor-element elementor-element-836755f elementor-widget elementor-widget-text-editor\" data-id=\"836755f\" data-element_type=\"widget\" data-e-type=\"widget\" data-widget_type=\"text-editor.default\">\n\t\t\t\t<div class=\"elementor-widget-container\">\n\t\t\t\t\t\t\t\t\tIl s&rsquo;agit des p\u00e9daliers ou des v\u00e9los \u00e9quip\u00e9s de p\u00e9daliers <strong>Ultegra et Dura-Ace<\/strong>\u00a0<strong>HOLLOWTECH \u00e0 11 vitesses fabriqu\u00e9s avant juillet 2019.\n<\/strong>Les r\u00e9f\u00e9rences pr\u00e9cises des p\u00e9daliers concern\u00e9s ont \u00e9t\u00e9 list\u00e9s par Shimano ci-dessous :\n<ul>\n \t<li>Ultegra FC-6800,<\/li>\n \t<li>Ultegra FC-R8000,<\/li>\n \t<li>Dura-Ace FC-9000,<\/li>\n \t<li>Dura-Ace FC-R9100,<\/li>\n \t<li>Dura-Ace FC-R9100P<\/li>\n<\/ul>\nToutes les r\u00e9f\u00e9rences exactes sont communiqu\u00e9es par Shimano :\nKF, KG, KH, KI, KJ, KK, KL, LA, LB, LC, LD, LE, LF, LG, LH, LI, LJ, LK, LL, MA, MB, MC, MD, ME, MF, MG, MH, MI, MJ, MK, ML, NA, NB, NC, ND, NE, NF, NG, NH, NI, NJ, NK, NL, OA, OB, OC, OD, OE, OF, OG, OH, OI, OJ, OK, OL, PA, PB, PC, PD, PE, PF, PG, PH, PI, PJ, PK, PL, QA, QB, QC, QD, QE, QF, QG, QH, QI, QJ, QK, QL, RA, RB, RC, RD, RE, and RF\n\t\t\t\t\t\t\t\t<\/div>\n\t\t\t\t<\/div>\n\t\t\t\t\t<\/div>\n\t\t\t\t<\/div>\n\t\t<div class=\"elementor-element elementor-element-9cb6ac7 e-flex e-con-boxed e-con e-parent\" data-id=\"9cb6ac7\" data-element_type=\"container\" data-e-type=\"container\">\n\t\t\t\t\t<div class=\"e-con-inner\">\n\t\t\t\t<div class=\"elementor-element elementor-element-20e095e elementor-widget elementor-widget-heading\" data-id=\"20e095e\" data-element_type=\"widget\" data-e-type=\"widget\" data-widget_type=\"heading.default\">\n\t\t\t\t<div class=\"elementor-widget-container\">\n\t\t\t\t\t<h2 class=\"elementor-heading-title elementor-size-large\">Comment savoir si mon p\u00e9dalier est concern\u00e9 par le rappel ?<\/h2>\t\t\t\t<\/div>\n\t\t\t\t<\/div>\n\t\t\t\t\t<\/div>\n\t\t\t\t<\/div>\n\t\t<div class=\"elementor-element elementor-element-d15093d e-flex e-con-boxed e-con e-parent\" data-id=\"d15093d\" data-element_type=\"container\" data-e-type=\"container\">\n\t\t\t\t\t<div class=\"e-con-inner\">\n\t\t\t\t<div class=\"elementor-element elementor-element-99f88a5 elementor-widget elementor-widget-text-editor\" data-id=\"99f88a5\" data-element_type=\"widget\" data-e-type=\"widget\" data-widget_type=\"text-editor.default\">\n\t\t\t\t<div class=\"elementor-widget-container\">\n\t\t\t\t\t\t\t\t\t<p>Pour savoir si votre p\u00e9dalier est concern\u00e9, nous vous conseillons d\u00e9j\u00e0 de bien v\u00e9rifier la marque Shimano et le mod\u00e8le Ultegra ou Dura-Ace qui est en g\u00e9n\u00e9ral \u00e9crite sur le c\u00f4t\u00e9 du p\u00e9dalier.<\/p><p>Ensuite, pour v\u00e9rifier la r\u00e9f\u00e9rence exacte du p\u00e9dalier, vous trouverez le num\u00e9ro de mod\u00e8le et le code du production de l&rsquo;article du c\u00f4t\u00e9 int\u00e9rieur de la manivelle comme ci-dessous :\u00a0<\/p>\t\t\t\t\t\t\t\t<\/div>\n\t\t\t\t<\/div>\n\t\t\t\t\t<\/div>\n\t\t\t\t<\/div>\n\t\t<div class=\"elementor-element elementor-element-10cfbb7 e-flex e-con-boxed e-con e-parent\" data-id=\"10cfbb7\" data-element_type=\"container\" data-e-type=\"container\">\n\t\t\t\t\t<div class=\"e-con-inner\">\n\t\t\t\t<div class=\"elementor-element elementor-element-afb36f5 elementor-widget elementor-widget-image\" data-id=\"afb36f5\" data-element_type=\"widget\" data-e-type=\"widget\" data-widget_type=\"image.default\">\n\t\t\t\t<div class=\"elementor-widget-container\">\n\t\t\t\t\t\t\t\t\t\t\t\t\t\t\t<img decoding=\"async\" src=\"https:\/\/www.cycles-blain.com\/fr\/wp-content\/uploads\/elementor\/thumbs\/rappel-pedalier-shimano-qqswaiv7mwg6oxflo0jfjxdr6pul5o8zez1c9aabwu.jpg\" title=\"Rappel P\u00e9dalier Shimano\" alt=\"Rappel p\u00e9daliers Shimano\" loading=\"lazy\" \/>\t\t\t\t\t\t\t\t\t\t\t\t\t\t\t<\/div>\n\t\t\t\t<\/div>\n\t\t\t\t\t<\/div>\n\t\t\t\t<\/div>\n\t\t<div class=\"elementor-element elementor-element-d6bb59b e-flex e-con-boxed e-con e-parent\" data-id=\"d6bb59b\" data-element_type=\"container\" data-e-type=\"container\">\n\t\t\t\t\t<div class=\"e-con-inner\">\n\t\t\t\t<div class=\"elementor-element elementor-element-8d10756 elementor-widget elementor-widget-heading\" data-id=\"8d10756\" data-element_type=\"widget\" data-e-type=\"widget\" data-widget_type=\"heading.default\">\n\t\t\t\t<div class=\"elementor-widget-container\">\n\t\t\t\t\t<h2 class=\"elementor-heading-title elementor-size-large\">Prendre un rendez-vous gratuit autour de Lyon<\/h2>\t\t\t\t<\/div>\n\t\t\t\t<\/div>\n\t\t\t\t\t<\/div>\n\t\t\t\t<\/div>\n\t\t<div class=\"elementor-element elementor-element-34ba92d e-flex e-con-boxed e-con e-parent\" data-id=\"34ba92d\" data-element_type=\"container\" data-e-type=\"container\">\n\t\t\t\t\t<div class=\"e-con-inner\">\n\t\t\t\t<div class=\"elementor-element elementor-element-bd167fd elementor-widget elementor-widget-text-editor\" data-id=\"bd167fd\" data-element_type=\"widget\" data-e-type=\"widget\" data-widget_type=\"text-editor.default\">\n\t\t\t\t<div class=\"elementor-widget-container\">\n\t\t\t\t\t\t\t\t\t<p><strong>Cycles Blain<\/strong> fait partie des <strong>partenaires et fournisseurs de Shimano<\/strong> capables d&rsquo;effectuer les <strong>inspections<\/strong> et les <strong>remplacements<\/strong> GRATUITS si n\u00e9cessaire des p\u00e9daliers concern\u00e9s autour de Lyon :\u00a0<br \/>Voici nos 10 ateliers de r\u00e9parations SAV :\u00a0<\/p><ul><li><a href=\"https:\/\/www.cycles-blain.com\/content\/23-atelier-velo-lyon-3\" target=\"_blank\" rel=\"noopener\">Giant Lyon 3 centre<\/a><\/li><li><a href=\"https:\/\/www.cycles-blain.com\/content\/31-atelier-velo-lyon-5-veran\" target=\"_blank\" rel=\"noopener\">Cycles Veran Lyon 5<\/a><\/li><li><a href=\"https:\/\/www.cycles-blain.com\/content\/28-atelier-velo-lyon-6-manudany\" target=\"_blank\" rel=\"noopener\">Manudany Lyon 6<\/a><\/li><li><a href=\"https:\/\/www.cycles-blain.com\/content\/6-atelier-velo-brignais\" target=\"_blank\" rel=\"noopener\">Giant Lyon ouest Brignais<\/a><\/li><li><a href=\"https:\/\/www.cycles-blain.com\/content\/27-atelier-velo-saint-priest\" target=\"_blank\" rel=\"noopener\">Atelier v\u00e9lo St Priest<\/a><\/li><li><a href=\"https:\/\/www.cycles-blain.com\/content\/21-atelier-velo-oullins\" target=\"_blank\" rel=\"noopener\">Oullins<\/a><\/li><li><a href=\"https:\/\/www.cycles-blain.com\/content\/30-atelier-velo-craponne\" target=\"_blank\" rel=\"noopener\">Craponne<\/a><\/li><li><a href=\"https:\/\/www.cycles-blain.com\/content\/29-atelier-velo-ecully\" target=\"_blank\" rel=\"noopener\">Ecully<\/a><\/li><li><a href=\"https:\/\/www.cycles-blain.com\/content\/25-atelier-velo-vienne-sud\" target=\"_blank\" rel=\"noopener\">Vienne Sud<\/a><\/li><li>Atelier <a href=\"https:\/\/www.cycles-blain.com\/content\/24-atelier-velo-vienne\" target=\"_blank\" rel=\"noopener\">Vienne<\/a><\/li><\/ul>\t\t\t\t\t\t\t\t<\/div>\n\t\t\t\t<\/div>\n\t\t\t\t\t<\/div>\n\t\t\t\t<\/div>\n\t\t<div class=\"elementor-element elementor-element-5372f96 e-flex e-con-boxed e-con e-parent\" data-id=\"5372f96\" data-element_type=\"container\" data-e-type=\"container\">\n\t\t\t\t\t<div class=\"e-con-inner\">\n\t\t\t\t<div class=\"elementor-element elementor-element-77c60e1 elementor-widget elementor-widget-button\" data-id=\"77c60e1\" data-element_type=\"widget\" data-e-type=\"widget\" data-widget_type=\"button.default\">\n\t\t\t\t<div class=\"elementor-widget-container\">\n\t\t\t\t\t\t\t\t\t<div class=\"elementor-button-wrapper\">\n\t\t\t\t\t<a class=\"elementor-button elementor-button-link elementor-size-sm\" href=\"https:\/\/cycles-blain.com\/content\/19-rdv-atelier-velo\" target=\"_blank\">\n\t\t\t\t\t\t<span class=\"elementor-button-content-wrapper\">\n\t\t\t\t\t\t<span class=\"elementor-button-icon\">\n\t\t\t\t<i aria-hidden=\"true\" class=\"far fa-calendar-alt\"><\/i>\t\t\t<\/span>\n\t\t\t\t\t\t\t\t\t<span class=\"elementor-button-text\">Je prends un RDV ATELIER<\/span>\n\t\t\t\t\t<\/span>\n\t\t\t\t\t<\/a>\n\t\t\t\t<\/div>\n\t\t\t\t\t\t\t\t<\/div>\n\t\t\t\t<\/div>\n\t\t\t\t\t<\/div>\n\t\t\t\t<\/div>\n\t\t\t\t<\/div>\n\t\t","protected":false},"excerpt":{"rendered":"<p>Shimano lance un rappel des v\u00e9los \u00e9quip\u00e9s de p\u00e9daliers Ultegra et Dura-Ace produits avant juillet 2019. Prenez un RDV gratuit chez CyclesBlain<\/p>\n","protected":false},"author":1,"featured_media":1582,"comment_status":"closed","ping_status":"open","sticky":false,"template":"","format":"standard","meta":{"site-sidebar-layout":"default","site-content-layout":"","ast-site-content-layout":"default","site-content-style":"default","site-sidebar-style":"default","ast-global-header-display":"","ast-banner-title-visibility":"","ast-main-header-display":"","ast-hfb-above-header-display":"","ast-hfb-below-header-display":"","ast-hfb-mobile-header-display":"","site-post-title":"","ast-breadcrumbs-content":"","ast-featured-img":"","footer-sml-layout":"","theme-transparent-header-meta":"","adv-header-id-meta":"","stick-header-meta":"","header-above-stick-meta":"","header-main-stick-meta":"","header-below-stick-meta":"","astra-migrate-meta-layouts":"set","ast-page-background-enabled":"default","ast-page-background-meta":{"desktop":{"background-color":"","background-image":"","background-repeat":"repeat","background-position":"center center","background-size":"auto","background-attachment":"scroll","background-type":"","background-media":"","overlay-type":"","overlay-color":"","overlay-gradient":""},"tablet":{"background-color":"","background-image":"","background-repeat":"repeat","background-position":"center center","background-size":"auto","background-attachment":"scroll","background-type":"","background-media":"","overlay-type":"","overlay-color":"","overlay-gradient":""},"mobile":{"background-color":"","background-image":"","background-repeat":"repeat","background-position":"center center","background-size":"auto","background-attachment":"scroll","background-type":"","background-media":"","overlay-type":"","overlay-color":"","overlay-gradient":""}},"ast-content-background-meta":{"desktop":{"background-color":"var(--ast-global-color-5)","background-image":"","background-repeat":"repeat","background-position":"center center","background-size":"auto","background-attachment":"scroll","background-type":"","background-media":"","overlay-type":"","overlay-color":"","overlay-gradient":""},"tablet":{"background-color":"var(--ast-global-color-5)","background-image":"","background-repeat":"repeat","background-position":"center center","background-size":"auto","background-attachment":"scroll","background-type":"","background-media":"","overlay-type":"","overlay-color":"","overlay-gradient":""},"mobile":{"background-color":"var(--ast-global-color-5)","background-image":"","background-repeat":"repeat","background-position":"center center","background-size":"auto","background-attachment":"scroll","background-type":"","background-media":"","overlay-type":"","overlay-color":"","overlay-gradient":""}},"footnotes":""},"categories":[6,4,88],"tags":[82,32,85,84,83,87],"class_list":["post-1517","post","type-post","status-publish","format-standard","has-post-thumbnail","hentry","category-magasins-velo","category-velo","category-atelier-reparation","tag-atelier-velo","tag-entretien-velo","tag-rappel-shimano","tag-reparateur-velo","tag-reparation-velo","tag-sav-velo"],"yoast_head":"<!-- This site is optimized with the Yoast SEO plugin v27.5 - https:\/\/yoast.com\/product\/yoast-seo-wordpress\/ -->\n<title>Rappel p\u00e9daliers Shimano Ultegra et Dura-Ace - CyclesBlain - Magasins de v\u00e9los, accessoires et ateliers<\/title>\n<meta name=\"description\" content=\"Shimano lance un rappel des p\u00e9daliers Ultegra et Dura-Ace produits avant juillet 2019. Prenez un RDV Atelier gratuit chez CyclesBlain\" \/>\n<meta name=\"robots\" content=\"index, follow, max-snippet:-1, max-image-preview:large, max-video-preview:-1\" \/>\n<link rel=\"canonical\" href=\"https:\/\/www.cycles-blain.com\/fr\/atelier-reparation\/rappel-shimano-sav-lyon\/\" \/>\n<meta property=\"og:locale\" content=\"fr_FR\" \/>\n<meta property=\"og:type\" content=\"article\" \/>\n<meta property=\"og:title\" content=\"Rappel p\u00e9daliers Shimano Ultegra et Dura-Ace - CyclesBlain - Magasins de v\u00e9los, accessoires et ateliers\" \/>\n<meta property=\"og:description\" content=\"Shimano lance un rappel des p\u00e9daliers Ultegra et Dura-Ace produits avant juillet 2019. Prenez un RDV Atelier gratuit chez CyclesBlain\" \/>\n<meta property=\"og:url\" content=\"https:\/\/www.cycles-blain.com\/fr\/atelier-reparation\/rappel-shimano-sav-lyon\/\" \/>\n<meta property=\"og:site_name\" content=\"CyclesBlain - Magasins de v\u00e9los, accessoires et ateliers\" \/>\n<meta property=\"article:publisher\" content=\"https:\/\/www.facebook.com\/cyclesblain\/?locale=fr_FR\" \/>\n<meta property=\"article:published_time\" content=\"2023-10-27T12:33:49+00:00\" \/>\n<meta property=\"article:modified_time\" content=\"2024-07-24T12:23:15+00:00\" \/>\n<meta property=\"og:image\" content=\"https:\/\/www.cycles-blain.com\/fr\/wp-content\/uploads\/2023\/10\/pedalier-shimano.jpg\" \/>\n\t<meta property=\"og:image:width\" content=\"600\" \/>\n\t<meta property=\"og:image:height\" content=\"400\" \/>\n\t<meta property=\"og:image:type\" content=\"image\/jpeg\" \/>\n<meta name=\"author\" content=\"Gueweb\" \/>\n<meta name=\"twitter:card\" content=\"summary_large_image\" \/>\n<meta name=\"twitter:label1\" content=\"\u00c9crit par\" \/>\n\t<meta name=\"twitter:data1\" content=\"Gueweb\" \/>\n\t<meta name=\"twitter:label2\" content=\"Dur\u00e9e de lecture estim\u00e9e\" \/>\n\t<meta name=\"twitter:data2\" content=\"2 minutes\" \/>\n<script type=\"application\/ld+json\" class=\"yoast-schema-graph\">{\"@context\":\"https:\\\/\\\/schema.org\",\"@graph\":[{\"@type\":\"Article\",\"@id\":\"https:\\\/\\\/www.cycles-blain.com\\\/fr\\\/atelier-reparation\\\/rappel-shimano-sav-lyon\\\/#article\",\"isPartOf\":{\"@id\":\"https:\\\/\\\/www.cycles-blain.com\\\/fr\\\/atelier-reparation\\\/rappel-shimano-sav-lyon\\\/\"},\"author\":{\"name\":\"Gueweb\",\"@id\":\"https:\\\/\\\/www.cycles-blain.com\\\/fr\\\/#\\\/schema\\\/person\\\/6fb8bad852fde893fb61b7b05936af37\"},\"headline\":\"Rappel p\u00e9daliers Shimano Ultegra et Dura-Ace\",\"datePublished\":\"2023-10-27T12:33:49+00:00\",\"dateModified\":\"2024-07-24T12:23:15+00:00\",\"mainEntityOfPage\":{\"@id\":\"https:\\\/\\\/www.cycles-blain.com\\\/fr\\\/atelier-reparation\\\/rappel-shimano-sav-lyon\\\/\"},\"wordCount\":358,\"publisher\":{\"@id\":\"https:\\\/\\\/www.cycles-blain.com\\\/fr\\\/#organization\"},\"image\":{\"@id\":\"https:\\\/\\\/www.cycles-blain.com\\\/fr\\\/atelier-reparation\\\/rappel-shimano-sav-lyon\\\/#primaryimage\"},\"thumbnailUrl\":\"https:\\\/\\\/www.cycles-blain.com\\\/fr\\\/wp-content\\\/uploads\\\/2023\\\/10\\\/pedalier-shimano.jpg\",\"keywords\":[\"atelier velo\",\"entretien v\u00e9lo\",\"rappel shimano\",\"reparateur velo\",\"reparation velo\",\"sav velo\"],\"articleSection\":[\"Actus Magasins\",\"Actus V\u00e9lo\",\"Atelier\"],\"inLanguage\":\"fr-FR\"},{\"@type\":\"WebPage\",\"@id\":\"https:\\\/\\\/www.cycles-blain.com\\\/fr\\\/atelier-reparation\\\/rappel-shimano-sav-lyon\\\/\",\"url\":\"https:\\\/\\\/www.cycles-blain.com\\\/fr\\\/atelier-reparation\\\/rappel-shimano-sav-lyon\\\/\",\"name\":\"Rappel p\u00e9daliers Shimano Ultegra et Dura-Ace - CyclesBlain - Magasins de v\u00e9los, accessoires et ateliers\",\"isPartOf\":{\"@id\":\"https:\\\/\\\/www.cycles-blain.com\\\/fr\\\/#website\"},\"primaryImageOfPage\":{\"@id\":\"https:\\\/\\\/www.cycles-blain.com\\\/fr\\\/atelier-reparation\\\/rappel-shimano-sav-lyon\\\/#primaryimage\"},\"image\":{\"@id\":\"https:\\\/\\\/www.cycles-blain.com\\\/fr\\\/atelier-reparation\\\/rappel-shimano-sav-lyon\\\/#primaryimage\"},\"thumbnailUrl\":\"https:\\\/\\\/www.cycles-blain.com\\\/fr\\\/wp-content\\\/uploads\\\/2023\\\/10\\\/pedalier-shimano.jpg\",\"datePublished\":\"2023-10-27T12:33:49+00:00\",\"dateModified\":\"2024-07-24T12:23:15+00:00\",\"description\":\"Shimano lance un rappel des p\u00e9daliers Ultegra et Dura-Ace produits avant juillet 2019. Prenez un RDV Atelier gratuit chez CyclesBlain\",\"breadcrumb\":{\"@id\":\"https:\\\/\\\/www.cycles-blain.com\\\/fr\\\/atelier-reparation\\\/rappel-shimano-sav-lyon\\\/#breadcrumb\"},\"inLanguage\":\"fr-FR\",\"potentialAction\":[{\"@type\":\"ReadAction\",\"target\":[\"https:\\\/\\\/www.cycles-blain.com\\\/fr\\\/atelier-reparation\\\/rappel-shimano-sav-lyon\\\/\"]}]},{\"@type\":\"ImageObject\",\"inLanguage\":\"fr-FR\",\"@id\":\"https:\\\/\\\/www.cycles-blain.com\\\/fr\\\/atelier-reparation\\\/rappel-shimano-sav-lyon\\\/#primaryimage\",\"url\":\"https:\\\/\\\/www.cycles-blain.com\\\/fr\\\/wp-content\\\/uploads\\\/2023\\\/10\\\/pedalier-shimano.jpg\",\"contentUrl\":\"https:\\\/\\\/www.cycles-blain.com\\\/fr\\\/wp-content\\\/uploads\\\/2023\\\/10\\\/pedalier-shimano.jpg\",\"width\":600,\"height\":400,\"caption\":\"Rappel Pedalier Shimano\"},{\"@type\":\"BreadcrumbList\",\"@id\":\"https:\\\/\\\/www.cycles-blain.com\\\/fr\\\/atelier-reparation\\\/rappel-shimano-sav-lyon\\\/#breadcrumb\",\"itemListElement\":[{\"@type\":\"ListItem\",\"position\":1,\"name\":\"Accueil\",\"item\":\"https:\\\/\\\/www.cycles-blain.com\\\/fr\\\/\"},{\"@type\":\"ListItem\",\"position\":2,\"name\":\"Rappel p\u00e9daliers Shimano Ultegra et Dura-Ace\"}]},{\"@type\":\"WebSite\",\"@id\":\"https:\\\/\\\/www.cycles-blain.com\\\/fr\\\/#website\",\"url\":\"https:\\\/\\\/www.cycles-blain.com\\\/fr\\\/\",\"name\":\"CyclesBlain - Magasins de v\u00e9los, accessoires et ateliers\",\"description\":\"Blog Cycles Blain\",\"publisher\":{\"@id\":\"https:\\\/\\\/www.cycles-blain.com\\\/fr\\\/#organization\"},\"potentialAction\":[{\"@type\":\"SearchAction\",\"target\":{\"@type\":\"EntryPoint\",\"urlTemplate\":\"https:\\\/\\\/www.cycles-blain.com\\\/fr\\\/?s={search_term_string}\"},\"query-input\":{\"@type\":\"PropertyValueSpecification\",\"valueRequired\":true,\"valueName\":\"search_term_string\"}}],\"inLanguage\":\"fr-FR\"},{\"@type\":\"Organization\",\"@id\":\"https:\\\/\\\/www.cycles-blain.com\\\/fr\\\/#organization\",\"name\":\"CyclesBlain - Magasins de v\u00e9los, accessoires et ateliers\",\"url\":\"https:\\\/\\\/www.cycles-blain.com\\\/fr\\\/\",\"logo\":{\"@type\":\"ImageObject\",\"inLanguage\":\"fr-FR\",\"@id\":\"https:\\\/\\\/www.cycles-blain.com\\\/fr\\\/#\\\/schema\\\/logo\\\/image\\\/\",\"url\":\"https:\\\/\\\/www.cycles-blain.com\\\/fr\\\/wp-content\\\/uploads\\\/2023\\\/10\\\/logo-cycles-blain.jpeg\",\"contentUrl\":\"https:\\\/\\\/www.cycles-blain.com\\\/fr\\\/wp-content\\\/uploads\\\/2023\\\/10\\\/logo-cycles-blain.jpeg\",\"width\":264,\"height\":191,\"caption\":\"CyclesBlain - Magasins de v\u00e9los, accessoires et ateliers\"},\"image\":{\"@id\":\"https:\\\/\\\/www.cycles-blain.com\\\/fr\\\/#\\\/schema\\\/logo\\\/image\\\/\"},\"sameAs\":[\"https:\\\/\\\/www.facebook.com\\\/cyclesblain\\\/?locale=fr_FR\",\"https:\\\/\\\/www.instagram.com\\\/cycles_blain\\\/?hl=fr\"]},{\"@type\":\"Person\",\"@id\":\"https:\\\/\\\/www.cycles-blain.com\\\/fr\\\/#\\\/schema\\\/person\\\/6fb8bad852fde893fb61b7b05936af37\",\"name\":\"Gueweb\",\"image\":{\"@type\":\"ImageObject\",\"inLanguage\":\"fr-FR\",\"@id\":\"https:\\\/\\\/secure.gravatar.com\\\/avatar\\\/52550bc594eb074508114b963209b157358b27e5a0319de1bb723df3f760ca2d?s=96&d=mm&r=g\",\"url\":\"https:\\\/\\\/secure.gravatar.com\\\/avatar\\\/52550bc594eb074508114b963209b157358b27e5a0319de1bb723df3f760ca2d?s=96&d=mm&r=g\",\"contentUrl\":\"https:\\\/\\\/secure.gravatar.com\\\/avatar\\\/52550bc594eb074508114b963209b157358b27e5a0319de1bb723df3f760ca2d?s=96&d=mm&r=g\",\"caption\":\"Gueweb\"},\"sameAs\":[\"https:\\\/\\\/www.cycles-blain.com\\\/\\\/fr\"],\"url\":\"https:\\\/\\\/www.cycles-blain.com\\\/fr\\\/author\\\/gueweb\\\/\"}]}<\/script>\n<!-- \/ Yoast SEO plugin. -->","yoast_head_json":{"title":"Rappel p\u00e9daliers Shimano Ultegra et Dura-Ace - CyclesBlain - Magasins de v\u00e9los, accessoires et ateliers","description":"Shimano lance un rappel des p\u00e9daliers Ultegra et Dura-Ace produits avant juillet 2019. Prenez un RDV Atelier gratuit chez CyclesBlain","robots":{"index":"index","follow":"follow","max-snippet":"max-snippet:-1","max-image-preview":"max-image-preview:large","max-video-preview":"max-video-preview:-1"},"canonical":"https:\/\/www.cycles-blain.com\/fr\/atelier-reparation\/rappel-shimano-sav-lyon\/","og_locale":"fr_FR","og_type":"article","og_title":"Rappel p\u00e9daliers Shimano Ultegra et Dura-Ace - CyclesBlain - Magasins de v\u00e9los, accessoires et ateliers","og_description":"Shimano lance un rappel des p\u00e9daliers Ultegra et Dura-Ace produits avant juillet 2019. Prenez un RDV Atelier gratuit chez CyclesBlain","og_url":"https:\/\/www.cycles-blain.com\/fr\/atelier-reparation\/rappel-shimano-sav-lyon\/","og_site_name":"CyclesBlain - Magasins de v\u00e9los, accessoires et ateliers","article_publisher":"https:\/\/www.facebook.com\/cyclesblain\/?locale=fr_FR","article_published_time":"2023-10-27T12:33:49+00:00","article_modified_time":"2024-07-24T12:23:15+00:00","og_image":[{"width":600,"height":400,"url":"https:\/\/www.cycles-blain.com\/fr\/wp-content\/uploads\/2023\/10\/pedalier-shimano.jpg","type":"image\/jpeg"}],"author":"Gueweb","twitter_card":"summary_large_image","twitter_misc":{"\u00c9crit par":"Gueweb","Dur\u00e9e de lecture estim\u00e9e":"2 minutes"},"schema":{"@context":"https:\/\/schema.org","@graph":[{"@type":"Article","@id":"https:\/\/www.cycles-blain.com\/fr\/atelier-reparation\/rappel-shimano-sav-lyon\/#article","isPartOf":{"@id":"https:\/\/www.cycles-blain.com\/fr\/atelier-reparation\/rappel-shimano-sav-lyon\/"},"author":{"name":"Gueweb","@id":"https:\/\/www.cycles-blain.com\/fr\/#\/schema\/person\/6fb8bad852fde893fb61b7b05936af37"},"headline":"Rappel p\u00e9daliers Shimano Ultegra et Dura-Ace","datePublished":"2023-10-27T12:33:49+00:00","dateModified":"2024-07-24T12:23:15+00:00","mainEntityOfPage":{"@id":"https:\/\/www.cycles-blain.com\/fr\/atelier-reparation\/rappel-shimano-sav-lyon\/"},"wordCount":358,"publisher":{"@id":"https:\/\/www.cycles-blain.com\/fr\/#organization"},"image":{"@id":"https:\/\/www.cycles-blain.com\/fr\/atelier-reparation\/rappel-shimano-sav-lyon\/#primaryimage"},"thumbnailUrl":"https:\/\/www.cycles-blain.com\/fr\/wp-content\/uploads\/2023\/10\/pedalier-shimano.jpg","keywords":["atelier velo","entretien v\u00e9lo","rappel shimano","reparateur velo","reparation velo","sav velo"],"articleSection":["Actus Magasins","Actus V\u00e9lo","Atelier"],"inLanguage":"fr-FR"},{"@type":"WebPage","@id":"https:\/\/www.cycles-blain.com\/fr\/atelier-reparation\/rappel-shimano-sav-lyon\/","url":"https:\/\/www.cycles-blain.com\/fr\/atelier-reparation\/rappel-shimano-sav-lyon\/","name":"Rappel p\u00e9daliers Shimano Ultegra et Dura-Ace - CyclesBlain - Magasins de v\u00e9los, accessoires et ateliers","isPartOf":{"@id":"https:\/\/www.cycles-blain.com\/fr\/#website"},"primaryImageOfPage":{"@id":"https:\/\/www.cycles-blain.com\/fr\/atelier-reparation\/rappel-shimano-sav-lyon\/#primaryimage"},"image":{"@id":"https:\/\/www.cycles-blain.com\/fr\/atelier-reparation\/rappel-shimano-sav-lyon\/#primaryimage"},"thumbnailUrl":"https:\/\/www.cycles-blain.com\/fr\/wp-content\/uploads\/2023\/10\/pedalier-shimano.jpg","datePublished":"2023-10-27T12:33:49+00:00","dateModified":"2024-07-24T12:23:15+00:00","description":"Shimano lance un rappel des p\u00e9daliers Ultegra et Dura-Ace produits avant juillet 2019. Prenez un RDV Atelier gratuit chez CyclesBlain","breadcrumb":{"@id":"https:\/\/www.cycles-blain.com\/fr\/atelier-reparation\/rappel-shimano-sav-lyon\/#breadcrumb"},"inLanguage":"fr-FR","potentialAction":[{"@type":"ReadAction","target":["https:\/\/www.cycles-blain.com\/fr\/atelier-reparation\/rappel-shimano-sav-lyon\/"]}]},{"@type":"ImageObject","inLanguage":"fr-FR","@id":"https:\/\/www.cycles-blain.com\/fr\/atelier-reparation\/rappel-shimano-sav-lyon\/#primaryimage","url":"https:\/\/www.cycles-blain.com\/fr\/wp-content\/uploads\/2023\/10\/pedalier-shimano.jpg","contentUrl":"https:\/\/www.cycles-blain.com\/fr\/wp-content\/uploads\/2023\/10\/pedalier-shimano.jpg","width":600,"height":400,"caption":"Rappel Pedalier Shimano"},{"@type":"BreadcrumbList","@id":"https:\/\/www.cycles-blain.com\/fr\/atelier-reparation\/rappel-shimano-sav-lyon\/#breadcrumb","itemListElement":[{"@type":"ListItem","position":1,"name":"Accueil","item":"https:\/\/www.cycles-blain.com\/fr\/"},{"@type":"ListItem","position":2,"name":"Rappel p\u00e9daliers Shimano Ultegra et Dura-Ace"}]},{"@type":"WebSite","@id":"https:\/\/www.cycles-blain.com\/fr\/#website","url":"https:\/\/www.cycles-blain.com\/fr\/","name":"CyclesBlain - Magasins de v\u00e9los, accessoires et ateliers","description":"Blog Cycles Blain","publisher":{"@id":"https:\/\/www.cycles-blain.com\/fr\/#organization"},"potentialAction":[{"@type":"SearchAction","target":{"@type":"EntryPoint","urlTemplate":"https:\/\/www.cycles-blain.com\/fr\/?s={search_term_string}"},"query-input":{"@type":"PropertyValueSpecification","valueRequired":true,"valueName":"search_term_string"}}],"inLanguage":"fr-FR"},{"@type":"Organization","@id":"https:\/\/www.cycles-blain.com\/fr\/#organization","name":"CyclesBlain - Magasins de v\u00e9los, accessoires et ateliers","url":"https:\/\/www.cycles-blain.com\/fr\/","logo":{"@type":"ImageObject","inLanguage":"fr-FR","@id":"https:\/\/www.cycles-blain.com\/fr\/#\/schema\/logo\/image\/","url":"https:\/\/www.cycles-blain.com\/fr\/wp-content\/uploads\/2023\/10\/logo-cycles-blain.jpeg","contentUrl":"https:\/\/www.cycles-blain.com\/fr\/wp-content\/uploads\/2023\/10\/logo-cycles-blain.jpeg","width":264,"height":191,"caption":"CyclesBlain - Magasins de v\u00e9los, accessoires et ateliers"},"image":{"@id":"https:\/\/www.cycles-blain.com\/fr\/#\/schema\/logo\/image\/"},"sameAs":["https:\/\/www.facebook.com\/cyclesblain\/?locale=fr_FR","https:\/\/www.instagram.com\/cycles_blain\/?hl=fr"]},{"@type":"Person","@id":"https:\/\/www.cycles-blain.com\/fr\/#\/schema\/person\/6fb8bad852fde893fb61b7b05936af37","name":"Gueweb","image":{"@type":"ImageObject","inLanguage":"fr-FR","@id":"https:\/\/secure.gravatar.com\/avatar\/52550bc594eb074508114b963209b157358b27e5a0319de1bb723df3f760ca2d?s=96&d=mm&r=g","url":"https:\/\/secure.gravatar.com\/avatar\/52550bc594eb074508114b963209b157358b27e5a0319de1bb723df3f760ca2d?s=96&d=mm&r=g","contentUrl":"https:\/\/secure.gravatar.com\/avatar\/52550bc594eb074508114b963209b157358b27e5a0319de1bb723df3f760ca2d?s=96&d=mm&r=g","caption":"Gueweb"},"sameAs":["https:\/\/www.cycles-blain.com\/\/fr"],"url":"https:\/\/www.cycles-blain.com\/fr\/author\/gueweb\/"}]}},"_links":{"self":[{"href":"https:\/\/www.cycles-blain.com\/fr\/wp-json\/wp\/v2\/posts\/1517","targetHints":{"allow":["GET"]}}],"collection":[{"href":"https:\/\/www.cycles-blain.com\/fr\/wp-json\/wp\/v2\/posts"}],"about":[{"href":"https:\/\/www.cycles-blain.com\/fr\/wp-json\/wp\/v2\/types\/post"}],"author":[{"embeddable":true,"href":"https:\/\/www.cycles-blain.com\/fr\/wp-json\/wp\/v2\/users\/1"}],"replies":[{"embeddable":true,"href":"https:\/\/www.cycles-blain.com\/fr\/wp-json\/wp\/v2\/comments?post=1517"}],"version-history":[{"count":68,"href":"https:\/\/www.cycles-blain.com\/fr\/wp-json\/wp\/v2\/posts\/1517\/revisions"}],"predecessor-version":[{"id":6960,"href":"https:\/\/www.cycles-blain.com\/fr\/wp-json\/wp\/v2\/posts\/1517\/revisions\/6960"}],"wp:featuredmedia":[{"embeddable":true,"href":"https:\/\/www.cycles-blain.com\/fr\/wp-json\/wp\/v2\/media\/1582"}],"wp:attachment":[{"href":"https:\/\/www.cycles-blain.com\/fr\/wp-json\/wp\/v2\/media?parent=1517"}],"wp:term":[{"taxonomy":"category","embeddable":true,"href":"https:\/\/www.cycles-blain.com\/fr\/wp-json\/wp\/v2\/categories?post=1517"},{"taxonomy":"post_tag","embeddable":true,"href":"https:\/\/www.cycles-blain.com\/fr\/wp-json\/wp\/v2\/tags?post=1517"}],"curies":[{"name":"wp","href":"https:\/\/api.w.org\/{rel}","templated":true}]}}