{"id":15256,"date":"2025-06-12T13:53:12","date_gmt":"2025-06-12T11:53:12","guid":{"rendered":"https:\/\/www.cycles-blain.com\/fr\/?p=15256"},"modified":"2025-06-13T11:20:05","modified_gmt":"2025-06-13T09:20:05","slug":"promo-roue-carbone-mavic-cosmic-juin25","status":"publish","type":"post","link":"https:\/\/www.cycles-blain.com\/fr\/promotions-velo\/promo-roue-carbone-mavic-cosmic-juin25\/","title":{"rendered":"Nouvelles roues Mavic Cosmic Carbone en promotion en juin"},"content":{"rendered":"\t\t<div data-elementor-type=\"wp-post\" data-elementor-id=\"15256\" class=\"elementor elementor-15256\" data-elementor-post-type=\"post\">\n\t\t\t\t<div class=\"elementor-element elementor-element-a0b14d6 e-flex e-con-boxed e-con e-parent\" data-id=\"a0b14d6\" data-element_type=\"container\" data-e-type=\"container\">\n\t\t\t\t\t<div class=\"e-con-inner\">\n\t\t\t\t<div class=\"elementor-element elementor-element-ffbcd98 elementor-widget elementor-widget-text-editor\" data-id=\"ffbcd98\" data-element_type=\"widget\" data-e-type=\"widget\" data-widget_type=\"text-editor.default\">\n\t\t\t\t<div class=\"elementor-widget-container\">\n\t\t\t\t\t\t\t\t\t<p><i>Avis aux passionn\u00e9s de cyclisme et chasseurs de performance : Mavic frappe fort avec ses nouvelles roues carbone Cosmic SLR 45 Disc et les Cosmic SL 45 Disc. Et bonne nouvelle : elles sont en promotion tout le mois de juin dans tous les magasins Cycles Blain ainsi que sur\u00a0<\/i><a href=\"https:\/\/www.cycles-blain.com\/151-roues-velo?q=Marque-Mavic\" target=\"_blank\" rel=\"noopener\">cycles-blain.com<\/a><i>\u00a0!<\/i><\/p>\t\t\t\t\t\t\t\t<\/div>\n\t\t\t\t<\/div>\n\t\t\t\t\t<\/div>\n\t\t\t\t<\/div>\n\t\t<div class=\"elementor-element elementor-element-12c7fe1 e-flex e-con-boxed e-con e-parent\" data-id=\"12c7fe1\" data-element_type=\"container\" data-e-type=\"container\">\n\t\t\t\t\t<div class=\"e-con-inner\">\n\t\t\t\t<div class=\"elementor-element elementor-element-6a6d3a6 elementor-widget elementor-widget-heading\" data-id=\"6a6d3a6\" data-element_type=\"widget\" data-e-type=\"widget\" data-widget_type=\"heading.default\">\n\t\t\t\t<div class=\"elementor-widget-container\">\n\t\t\t\t\t<h3 class=\"elementor-heading-title elementor-size-default\">MAVIC Cosmic SLR 45 : l\u00e9g\u00e8ret\u00e9 et performance<\/h3>\t\t\t\t<\/div>\n\t\t\t\t<\/div>\n\t\t\t\t<div class=\"elementor-element elementor-element-aff1db3 elementor-widget elementor-widget-image\" data-id=\"aff1db3\" data-element_type=\"widget\" data-e-type=\"widget\" data-widget_type=\"image.default\">\n\t\t\t\t<div class=\"elementor-widget-container\">\n\t\t\t\t\t\t\t\t\t\t\t\t\t\t\t<img decoding=\"async\" src=\"https:\/\/www.cycles-blain.com\/fr\/wp-content\/uploads\/elementor\/thumbs\/P000937_1.png-r776rrkc8re6m1z027ceodnkjk2z62v2x6npmf0i14.webp\" title=\"Mavic Cosmic SLR 45\" alt=\"Mavic Cosmic SLR 45\" loading=\"lazy\" \/>\t\t\t\t\t\t\t\t\t\t\t\t\t\t\t<\/div>\n\t\t\t\t<\/div>\n\t\t\t\t<div class=\"elementor-element elementor-element-3761b60 elementor-align-center elementor-widget elementor-widget-button\" data-id=\"3761b60\" data-element_type=\"widget\" data-e-type=\"widget\" data-widget_type=\"button.default\">\n\t\t\t\t<div class=\"elementor-widget-container\">\n\t\t\t\t\t\t\t\t\t<div class=\"elementor-button-wrapper\">\n\t\t\t\t\t<a class=\"elementor-button elementor-button-link elementor-size-sm\" href=\"https:\/\/www.cycles-blain.com\/roues-velo\/1568-paire-de-roues-carbone-cosmic-slr-45-disc-23mm-mavic.html\" target=\"_blank\">\n\t\t\t\t\t\t<span class=\"elementor-button-content-wrapper\">\n\t\t\t\t\t\t\t\t\t<span class=\"elementor-button-text\">-500\u20ac de remise : J'en profite !<\/span>\n\t\t\t\t\t<\/span>\n\t\t\t\t\t<\/a>\n\t\t\t\t<\/div>\n\t\t\t\t\t\t\t\t<\/div>\n\t\t\t\t<\/div>\n\t\t\t\t\t<\/div>\n\t\t\t\t<\/div>\n\t\t<div class=\"elementor-element elementor-element-295381b e-flex e-con-boxed e-con e-parent\" data-id=\"295381b\" data-element_type=\"container\" data-e-type=\"container\">\n\t\t\t\t\t<div class=\"e-con-inner\">\n\t\t\t\t<div class=\"elementor-element elementor-element-81b00c6 elementor-widget elementor-widget-text-editor\" data-id=\"81b00c6\" data-element_type=\"widget\" data-e-type=\"widget\" data-widget_type=\"text-editor.default\">\n\t\t\t\t<div class=\"elementor-widget-container\">\n\t\t\t\t\t\t\t\t\t<h3 data-start=\"1099\" data-end=\"1133\">Caract\u00e9ristiques techniques<\/h3><ul data-start=\"1135\" data-end=\"1586\"><li data-start=\"1135\" data-end=\"1167\"><p data-start=\"1137\" data-end=\"1167\"><strong data-start=\"1137\" data-end=\"1157\">Hauteur de jante<\/strong> : 45 mm<\/p><\/li><li data-start=\"1168\" data-end=\"1247\"><p data-start=\"1170\" data-end=\"1247\"><strong data-start=\"1170\" data-end=\"1189\">Largeur interne<\/strong> : 23 mm (parfait pour les pneus modernes en 25 \u00e0 32 mm)<\/p><\/li><li data-start=\"1248\" data-end=\"1297\"><p data-start=\"1250\" data-end=\"1297\"><strong data-start=\"1250\" data-end=\"1265\">Poids total<\/strong> : environ <strong data-start=\"1276\" data-end=\"1295\">1440 g la paire<\/strong><\/p><\/li><li data-start=\"1298\" data-end=\"1340\"><p data-start=\"1300\" data-end=\"1340\"><strong data-start=\"1300\" data-end=\"1312\">Mat\u00e9riau<\/strong> : jante 100 % carbone UD\u00b2<\/p><\/li><li data-start=\"1341\" data-end=\"1412\"><p data-start=\"1343\" data-end=\"1412\"><strong data-start=\"1343\" data-end=\"1365\">Technologie iTgMAX<\/strong> : freinage et r\u00e9sistance thermique optimis\u00e9s<\/p><\/li><li data-start=\"1413\" data-end=\"1466\"><p data-start=\"1415\" data-end=\"1466\"><strong data-start=\"1415\" data-end=\"1428\">Rayonnage<\/strong> : 24 rayons acier, montage Isopulse<\/p><\/li><li data-start=\"1467\" data-end=\"1526\"><p data-start=\"1469\" data-end=\"1526\"><strong data-start=\"1469\" data-end=\"1488\">Moyeux Infinity<\/strong> avec roulements \u00e0 cartouche \u00e9tanche<\/p><\/li><li data-start=\"1527\" data-end=\"1586\"><p data-start=\"1529\" data-end=\"1586\"><strong data-start=\"1529\" data-end=\"1547\">Tubeless Ready<\/strong> : montage sans chambre \u00e0 air simplifi\u00e9<\/p><\/li><\/ul><hr data-start=\"1588\" data-end=\"1591\" \/><h3 data-start=\"1593\" data-end=\"1626\">\ud83d\ude80 Les avantages sur la route<\/h3><ul data-start=\"1628\" data-end=\"2110\"><li data-start=\"1628\" data-end=\"1712\"><p data-start=\"1630\" data-end=\"1712\"><strong data-start=\"1630\" data-end=\"1656\">L\u00e9g\u00e8ret\u00e9 et r\u00e9activit\u00e9<\/strong> : id\u00e9al pour les grimpeurs et les relances puissantes<\/p><\/li><li data-start=\"1713\" data-end=\"1815\"><p data-start=\"1715\" data-end=\"1815\"><strong data-start=\"1715\" data-end=\"1741\">A\u00e9rodynamisme optimis\u00e9<\/strong> : profil de 45 mm parfait pour les longues distances et le vent lat\u00e9ral<\/p><\/li><li data-start=\"1816\" data-end=\"1882\"><p data-start=\"1818\" data-end=\"1882\"><strong data-start=\"1818\" data-end=\"1843\">Rigidit\u00e9 et pr\u00e9cision<\/strong> : transmission de puissance maximale<\/p><\/li><li data-start=\"1883\" data-end=\"2001\"><p data-start=\"1885\" data-end=\"2001\"><strong data-start=\"1885\" data-end=\"1905\">Confort am\u00e9lior\u00e9<\/strong> : la largeur interne de 23 mm permet une meilleure d\u00e9formation du pneu pour plus de souplesse<\/p><\/li><li data-start=\"2002\" data-end=\"2110\"><p data-start=\"2004\" data-end=\"2110\"><strong data-start=\"2004\" data-end=\"2030\">Fiabilit\u00e9 sign\u00e9e Mavic<\/strong> : des composants test\u00e9s en conditions extr\u00eames, avec une finition irr\u00e9prochable<\/p><\/li><\/ul>\t\t\t\t\t\t\t\t<\/div>\n\t\t\t\t<\/div>\n\t\t\t\t<div class=\"elementor-element elementor-element-ed03fa1 elementor-widget elementor-widget-heading\" data-id=\"ed03fa1\" data-element_type=\"widget\" data-e-type=\"widget\" data-widget_type=\"heading.default\">\n\t\t\t\t<div class=\"elementor-widget-container\">\n\t\t\t\t\t<h3 class=\"elementor-heading-title elementor-size-default\">MAVIC Cosmic SL 45 Disc : La plus polyvalente en 23 mm<\/h3>\t\t\t\t<\/div>\n\t\t\t\t<\/div>\n\t\t\t\t<div class=\"elementor-element elementor-element-e54784c elementor-widget elementor-widget-image\" data-id=\"e54784c\" data-element_type=\"widget\" data-e-type=\"widget\" data-widget_type=\"image.default\">\n\t\t\t\t<div class=\"elementor-widget-container\">\n\t\t\t\t\t\t\t\t\t\t\t\t\t\t\t<img decoding=\"async\" src=\"https:\/\/www.cycles-blain.com\/fr\/wp-content\/uploads\/elementor\/thumbs\/P000924_1.png-r776yi2p80m5tg6qq465joghsyvobzltuiyzft0xfs.webp\" title=\"MAVIC SL 45 DISC\" alt=\"MAVIC SL 45 DISC\" loading=\"lazy\" \/>\t\t\t\t\t\t\t\t\t\t\t\t\t\t\t<\/div>\n\t\t\t\t<\/div>\n\t\t\t\t<div class=\"elementor-element elementor-element-15e88d0 elementor-align-center elementor-widget elementor-widget-button\" data-id=\"15e88d0\" data-element_type=\"widget\" data-e-type=\"widget\" data-widget_type=\"button.default\">\n\t\t\t\t<div class=\"elementor-widget-container\">\n\t\t\t\t\t\t\t\t\t<div class=\"elementor-button-wrapper\">\n\t\t\t\t\t<a class=\"elementor-button elementor-button-link elementor-size-sm\" href=\"https:\/\/www.cycles-blain.com\/roues-velo\/1565-paire-de-roues-carbone-cosmic-sl-45-disc-23mm-mavic.html\" target=\"_blank\">\n\t\t\t\t\t\t<span class=\"elementor-button-content-wrapper\">\n\t\t\t\t\t\t\t\t\t<span class=\"elementor-button-text\">-350\u20ac de Remises : J'en profite !<\/span>\n\t\t\t\t\t<\/span>\n\t\t\t\t\t<\/a>\n\t\t\t\t<\/div>\n\t\t\t\t\t\t\t\t<\/div>\n\t\t\t\t<\/div>\n\t\t\t\t\t<\/div>\n\t\t\t\t<\/div>\n\t\t<div class=\"elementor-element elementor-element-16b5cb0 e-flex e-con-boxed e-con e-parent\" data-id=\"16b5cb0\" data-element_type=\"container\" data-e-type=\"container\">\n\t\t\t\t\t<div class=\"e-con-inner\">\n\t\t\t\t<div class=\"elementor-element elementor-element-358678f elementor-widget elementor-widget-text-editor\" data-id=\"358678f\" data-element_type=\"widget\" data-e-type=\"widget\" data-widget_type=\"text-editor.default\">\n\t\t\t\t<div class=\"elementor-widget-container\">\n\t\t\t\t\t\t\t\t\t<h3 data-start=\"2041\" data-end=\"2061\">\u2705 Points forts :<\/h3><ul data-start=\"2062\" data-end=\"2341\"><li data-start=\"2062\" data-end=\"2101\"><p data-start=\"2064\" data-end=\"2101\"><strong data-start=\"2064\" data-end=\"2099\">Jantes carbone plus accessibles<\/strong><\/p><\/li><li data-start=\"2102\" data-end=\"2160\"><p data-start=\"2104\" data-end=\"2160\"><strong data-start=\"2104\" data-end=\"2139\">M\u00eame profil a\u00e9rodynamique 45 mm<\/strong> que la version SLR<\/p><\/li><li data-start=\"2161\" data-end=\"2221\"><p data-start=\"2163\" data-end=\"2221\"><strong data-start=\"2163\" data-end=\"2191\">Largeur interne de 23 mm<\/strong> : compatible pneus modernes<\/p><\/li><li data-start=\"2222\" data-end=\"2261\"><p data-start=\"2224\" data-end=\"2261\"><strong data-start=\"2224\" data-end=\"2259\">Poids : environ 1575 g la paire<\/strong><\/p><\/li><li data-start=\"2262\" data-end=\"2294\"><p data-start=\"2264\" data-end=\"2294\"><strong data-start=\"2264\" data-end=\"2292\">Technologie UST Tubeless<\/strong><\/p><\/li><li data-start=\"2295\" data-end=\"2341\"><p data-start=\"2297\" data-end=\"2341\"><strong data-start=\"2297\" data-end=\"2339\">Moyeux Infinity + rayons straight-pull<\/strong><\/p><\/li><\/ul><h3 data-start=\"2343\" data-end=\"2362\">\ud83c\udfc1 Pour qui ?<\/h3><p data-start=\"2363\" data-end=\"2481\">Les cyclistes qui veulent passer au carbone, profiter d\u2019un <strong data-start=\"2422\" data-end=\"2454\">gain de performance imm\u00e9diat<\/strong> sans exploser leur budget.<\/p>\t\t\t\t\t\t\t\t<\/div>\n\t\t\t\t<\/div>\n\t\t\t\t<div class=\"elementor-element elementor-element-3842adc elementor-align-center elementor-widget elementor-widget-button\" data-id=\"3842adc\" data-element_type=\"widget\" data-e-type=\"widget\" data-widget_type=\"button.default\">\n\t\t\t\t<div class=\"elementor-widget-container\">\n\t\t\t\t\t\t\t\t\t<div class=\"elementor-button-wrapper\">\n\t\t\t\t\t<a class=\"elementor-button elementor-button-link elementor-size-sm\" href=\"https:\/\/www.cycles-blain.com\/151-roues-velo\" target=\"_blank\">\n\t\t\t\t\t\t<span class=\"elementor-button-content-wrapper\">\n\t\t\t\t\t\t\t\t\t<span class=\"elementor-button-text\">Je choisis mes roues<\/span>\n\t\t\t\t\t<\/span>\n\t\t\t\t\t<\/a>\n\t\t\t\t<\/div>\n\t\t\t\t\t\t\t\t<\/div>\n\t\t\t\t<\/div>\n\t\t\t\t\t<\/div>\n\t\t\t\t<\/div>\n\t\t<div class=\"elementor-element elementor-element-3eecfbe e-flex e-con-boxed e-con e-parent\" data-id=\"3eecfbe\" data-element_type=\"container\" data-e-type=\"container\">\n\t\t\t\t\t<div class=\"e-con-inner\">\n\t\t\t\t<div class=\"elementor-element elementor-element-5df2cf9 elementor-widget elementor-widget-heading\" data-id=\"5df2cf9\" data-element_type=\"widget\" data-e-type=\"widget\" data-widget_type=\"heading.default\">\n\t\t\t\t<div class=\"elementor-widget-container\">\n\t\t\t\t\t<h3 class=\"elementor-heading-title elementor-size-default\">Envie de faire un v\u00e9lo de route sur mesure ?<\/h3>\t\t\t\t<\/div>\n\t\t\t\t<\/div>\n\t\t\t\t\t<\/div>\n\t\t\t\t<\/div>\n\t\t<div class=\"elementor-element elementor-element-89065ec e-flex e-con-boxed e-con e-parent\" data-id=\"89065ec\" data-element_type=\"container\" data-e-type=\"container\">\n\t\t\t\t\t<div class=\"e-con-inner\">\n\t\t\t\t<div class=\"elementor-element elementor-element-bc6d1b0 elementor-widget elementor-widget-text-editor\" data-id=\"bc6d1b0\" data-element_type=\"widget\" data-e-type=\"widget\" data-widget_type=\"text-editor.default\">\n\t\t\t\t<div class=\"elementor-widget-container\">\n\t\t\t\t\t\t\t\t\t<p>N&rsquo;h\u00e9sitez pas \u00e0 venir nous voir en magasins si vous avez un projet de v\u00e9lo \u00e0 la carte !\u00a0<br \/>Vous pouvez nous apporter des\u00a0<a href=\"https:\/\/www.cycles-blain.com\/87-composant-velo\" target=\"_blank\" rel=\"noopener\">composants\u00a0<\/a>que vous avez d\u00e9j\u00e0 (cadre, roues&#8230;) ou demander un devis avec tous les composants au choix :\u00a0<a href=\"https:\/\/www.cycles-blain.com\/68-kit-cadre-velo\" target=\"_blank\" rel=\"noopener\">kit cadre<\/a>,\u00a0<a href=\"https:\/\/www.cycles-blain.com\/152-transmissions-velo\" target=\"_blank\" rel=\"noopener\">transmission<\/a>,\u00a0<a href=\"https:\/\/www.cycles-blain.com\/153-frein-velo\" target=\"_blank\" rel=\"noopener\">freinage<\/a>, etc&#8230;.<\/p>\t\t\t\t\t\t\t\t<\/div>\n\t\t\t\t<\/div>\n\t\t\t\t<div class=\"elementor-element elementor-element-5382b92 elementor-align-center elementor-widget elementor-widget-button\" data-id=\"5382b92\" data-element_type=\"widget\" data-e-type=\"widget\" data-widget_type=\"button.default\">\n\t\t\t\t<div class=\"elementor-widget-container\">\n\t\t\t\t\t\t\t\t\t<div class=\"elementor-button-wrapper\">\n\t\t\t\t\t<a class=\"elementor-button elementor-button-link elementor-size-sm\" href=\"https:\/\/www.cycles-blain.com\/fr\/demande-montage-velo-a-la-carte-lyon\/\" target=\"_blank\">\n\t\t\t\t\t\t<span class=\"elementor-button-content-wrapper\">\n\t\t\t\t\t\t\t\t\t<span class=\"elementor-button-text\">Je fais une demande de v\u00e9lo \u00e0 carte<\/span>\n\t\t\t\t\t<\/span>\n\t\t\t\t\t<\/a>\n\t\t\t\t<\/div>\n\t\t\t\t\t\t\t\t<\/div>\n\t\t\t\t<\/div>\n\t\t\t\t\t<\/div>\n\t\t\t\t<\/div>\n\t\t<div class=\"elementor-element elementor-element-9c5c4e9 e-flex e-con-boxed e-con e-parent\" data-id=\"9c5c4e9\" data-element_type=\"container\" data-e-type=\"container\">\n\t\t\t\t\t<div class=\"e-con-inner\">\n\t\t\t\t<div class=\"elementor-element elementor-element-383f8d5 elementor-widget elementor-widget-html\" data-id=\"383f8d5\" data-element_type=\"widget\" data-e-type=\"widget\" data-widget_type=\"html.default\">\n\t\t\t\t<div class=\"elementor-widget-container\">\n\t\t\t\t\t<iframe width=\"560\" height=\"315\" src=\"https:\/\/www.youtube.com\/embed\/sMk5YUBy2kw?si=_FVKSt3bR8xou_d6\" title=\"YouTube video player\" frameborder=\"0\" allow=\"accelerometer; autoplay; clipboard-write; encrypted-media; gyroscope; picture-in-picture; web-share\" referrerpolicy=\"strict-origin-when-cross-origin\" allowfullscreen><\/iframe>\t\t\t\t<\/div>\n\t\t\t\t<\/div>\n\t\t\t\t\t<\/div>\n\t\t\t\t<\/div>\n\t\t\t\t<\/div>\n\t\t","protected":false},"excerpt":{"rendered":"<p>Profitez d&rsquo;une promo sur vos roues carbones Mavic Cosmic pour v\u00e9lo de route en magasins sur Lyon ou en livraison en France<\/p>\n","protected":false},"author":1,"featured_media":15258,"comment_status":"open","ping_status":"open","sticky":false,"template":"","format":"standard","meta":{"site-sidebar-layout":"default","site-content-layout":"","ast-site-content-layout":"default","site-content-style":"default","site-sidebar-style":"default","ast-global-header-display":"","ast-banner-title-visibility":"","ast-main-header-display":"","ast-hfb-above-header-display":"","ast-hfb-below-header-display":"","ast-hfb-mobile-header-display":"","site-post-title":"","ast-breadcrumbs-content":"","ast-featured-img":"","footer-sml-layout":"","theme-transparent-header-meta":"","adv-header-id-meta":"","stick-header-meta":"","header-above-stick-meta":"","header-main-stick-meta":"","header-below-stick-meta":"","astra-migrate-meta-layouts":"set","ast-page-background-enabled":"default","ast-page-background-meta":{"desktop":{"background-color":"","background-image":"","background-repeat":"repeat","background-position":"center center","background-size":"auto","background-attachment":"scroll","background-type":"","background-media":"","overlay-type":"","overlay-color":"","overlay-gradient":""},"tablet":{"background-color":"","background-image":"","background-repeat":"repeat","background-position":"center center","background-size":"auto","background-attachment":"scroll","background-type":"","background-media":"","overlay-type":"","overlay-color":"","overlay-gradient":""},"mobile":{"background-color":"","background-image":"","background-repeat":"repeat","background-position":"center center","background-size":"auto","background-attachment":"scroll","background-type":"","background-media":"","overlay-type":"","overlay-color":"","overlay-gradient":""}},"ast-content-background-meta":{"desktop":{"background-color":"var(--ast-global-color-5)","background-image":"","background-repeat":"repeat","background-position":"center center","background-size":"auto","background-attachment":"scroll","background-type":"","background-media":"","overlay-type":"","overlay-color":"","overlay-gradient":""},"tablet":{"background-color":"var(--ast-global-color-5)","background-image":"","background-repeat":"repeat","background-position":"center center","background-size":"auto","background-attachment":"scroll","background-type":"","background-media":"","overlay-type":"","overlay-color":"","overlay-gradient":""},"mobile":{"background-color":"var(--ast-global-color-5)","background-image":"","background-repeat":"repeat","background-position":"center center","background-size":"auto","background-attachment":"scroll","background-type":"","background-media":"","overlay-type":"","overlay-color":"","overlay-gradient":""}},"footnotes":""},"categories":[6,7,78,44,37,76,36,81,79,77,80,16,17,55],"tags":[348,349],"class_list":["post-15256","post","type-post","status-publish","format-standard","has-post-thumbnail","hentry","category-magasins-velo","category-magasin-brignais","category-magasin-craponne","category-magasin-lyon-3","category-magasin-saint-priest","category-magasin-vienne","category-magasin-vienne-sud","category-magasin-lyon-5","category-magasin-ecully","category-magasin-lyon-6","category-magasin-oullins","category-promotions-velo","category-sport-velo","category-velo-route","tag-mavic","tag-roues-carbone"],"yoast_head":"<!-- This site is optimized with the Yoast SEO plugin v27.5 - https:\/\/yoast.com\/product\/yoast-seo-wordpress\/ -->\n<title>Nouvelles roues Mavic Cosmic Carbone en promotion en juin - CYCLES BLAIN<\/title>\n<meta name=\"description\" content=\"Profitez d&#039;une promo jusqu&#039;\u00e0 -500\u20ac de remises sur vos roues carbones Mavic Cosmic pour v\u00e9lo de route en magasins sur Lyon ou en livraison\" \/>\n<meta name=\"robots\" content=\"index, follow, max-snippet:-1, max-image-preview:large, max-video-preview:-1\" \/>\n<link rel=\"canonical\" href=\"https:\/\/www.cycles-blain.com\/fr\/magasins-velo\/promo-roue-carbone-mavic-cosmic-juin25\/\" \/>\n<meta property=\"og:locale\" content=\"fr_FR\" \/>\n<meta property=\"og:type\" content=\"article\" \/>\n<meta property=\"og:title\" content=\"Nouvelles roues Mavic Cosmic Carbone en promotion en juin - CYCLES BLAIN\" \/>\n<meta property=\"og:description\" content=\"Profitez d&#039;une promo jusqu&#039;\u00e0 -500\u20ac de remises sur vos roues carbones Mavic Cosmic pour v\u00e9lo de route en magasins sur Lyon ou en livraison\" \/>\n<meta property=\"og:url\" content=\"https:\/\/www.cycles-blain.com\/fr\/magasins-velo\/promo-roue-carbone-mavic-cosmic-juin25\/\" \/>\n<meta property=\"og:site_name\" content=\"CyclesBlain - Magasins de v\u00e9los, accessoires et ateliers\" \/>\n<meta property=\"article:publisher\" content=\"https:\/\/www.facebook.com\/cyclesblain\/?locale=fr_FR\" \/>\n<meta property=\"article:published_time\" content=\"2025-06-12T11:53:12+00:00\" \/>\n<meta property=\"article:modified_time\" content=\"2025-06-13T09:20:05+00:00\" \/>\n<meta property=\"og:image\" content=\"https:\/\/www.cycles-blain.com\/fr\/wp-content\/uploads\/2025\/06\/fete-des-peres.webp\" \/>\n\t<meta property=\"og:image:width\" content=\"800\" \/>\n\t<meta property=\"og:image:height\" content=\"553\" \/>\n\t<meta property=\"og:image:type\" content=\"image\/webp\" \/>\n<meta name=\"author\" content=\"Gueweb\" \/>\n<meta name=\"twitter:card\" content=\"summary_large_image\" \/>\n<meta name=\"twitter:label1\" content=\"\u00c9crit par\" \/>\n\t<meta name=\"twitter:data1\" content=\"Gueweb\" \/>\n\t<meta name=\"twitter:label2\" content=\"Dur\u00e9e de lecture estim\u00e9e\" \/>\n\t<meta name=\"twitter:data2\" content=\"2 minutes\" \/>\n<script type=\"application\/ld+json\" class=\"yoast-schema-graph\">{\"@context\":\"https:\\\/\\\/schema.org\",\"@graph\":[{\"@type\":\"Article\",\"@id\":\"https:\\\/\\\/www.cycles-blain.com\\\/fr\\\/magasins-velo\\\/promo-roue-carbone-mavic-cosmic-juin25\\\/#article\",\"isPartOf\":{\"@id\":\"https:\\\/\\\/www.cycles-blain.com\\\/fr\\\/magasins-velo\\\/promo-roue-carbone-mavic-cosmic-juin25\\\/\"},\"author\":{\"name\":\"Gueweb\",\"@id\":\"https:\\\/\\\/www.cycles-blain.com\\\/fr\\\/#\\\/schema\\\/person\\\/6fb8bad852fde893fb61b7b05936af37\"},\"headline\":\"Nouvelles roues Mavic Cosmic Carbone en promotion en juin\",\"datePublished\":\"2025-06-12T11:53:12+00:00\",\"dateModified\":\"2025-06-13T09:20:05+00:00\",\"mainEntityOfPage\":{\"@id\":\"https:\\\/\\\/www.cycles-blain.com\\\/fr\\\/magasins-velo\\\/promo-roue-carbone-mavic-cosmic-juin25\\\/\"},\"wordCount\":347,\"commentCount\":0,\"publisher\":{\"@id\":\"https:\\\/\\\/www.cycles-blain.com\\\/fr\\\/#organization\"},\"image\":{\"@id\":\"https:\\\/\\\/www.cycles-blain.com\\\/fr\\\/magasins-velo\\\/promo-roue-carbone-mavic-cosmic-juin25\\\/#primaryimage\"},\"thumbnailUrl\":\"https:\\\/\\\/www.cycles-blain.com\\\/fr\\\/wp-content\\\/uploads\\\/2025\\\/06\\\/fete-des-peres.webp\",\"keywords\":[\"Mavic\",\"Roues Carbone\"],\"articleSection\":[\"Actus Magasins\",\"Magasin Brignais\",\"Magasin Craponne\",\"Magasin Lyon Centre\",\"Magasin St Priest\",\"Magasin Vienne\",\"Magasin Vienne Sud\",\"Magasin-CyclesVeran\",\"Magasin-Ecully\",\"Magasin-Lyon6\",\"Magasin-Oullins\",\"Promotions\",\"Sport\",\"V\u00e9lo de route\"],\"inLanguage\":\"fr-FR\",\"potentialAction\":[{\"@type\":\"CommentAction\",\"name\":\"Comment\",\"target\":[\"https:\\\/\\\/www.cycles-blain.com\\\/fr\\\/magasins-velo\\\/promo-roue-carbone-mavic-cosmic-juin25\\\/#respond\"]}]},{\"@type\":\"WebPage\",\"@id\":\"https:\\\/\\\/www.cycles-blain.com\\\/fr\\\/magasins-velo\\\/promo-roue-carbone-mavic-cosmic-juin25\\\/\",\"url\":\"https:\\\/\\\/www.cycles-blain.com\\\/fr\\\/magasins-velo\\\/promo-roue-carbone-mavic-cosmic-juin25\\\/\",\"name\":\"Nouvelles roues Mavic Cosmic Carbone en promotion en juin - CYCLES BLAIN\",\"isPartOf\":{\"@id\":\"https:\\\/\\\/www.cycles-blain.com\\\/fr\\\/#website\"},\"primaryImageOfPage\":{\"@id\":\"https:\\\/\\\/www.cycles-blain.com\\\/fr\\\/magasins-velo\\\/promo-roue-carbone-mavic-cosmic-juin25\\\/#primaryimage\"},\"image\":{\"@id\":\"https:\\\/\\\/www.cycles-blain.com\\\/fr\\\/magasins-velo\\\/promo-roue-carbone-mavic-cosmic-juin25\\\/#primaryimage\"},\"thumbnailUrl\":\"https:\\\/\\\/www.cycles-blain.com\\\/fr\\\/wp-content\\\/uploads\\\/2025\\\/06\\\/fete-des-peres.webp\",\"datePublished\":\"2025-06-12T11:53:12+00:00\",\"dateModified\":\"2025-06-13T09:20:05+00:00\",\"description\":\"Profitez d'une promo jusqu'\u00e0 -500\u20ac de remises sur vos roues carbones Mavic Cosmic pour v\u00e9lo de route en magasins sur Lyon ou en livraison\",\"breadcrumb\":{\"@id\":\"https:\\\/\\\/www.cycles-blain.com\\\/fr\\\/magasins-velo\\\/promo-roue-carbone-mavic-cosmic-juin25\\\/#breadcrumb\"},\"inLanguage\":\"fr-FR\",\"potentialAction\":[{\"@type\":\"ReadAction\",\"target\":[\"https:\\\/\\\/www.cycles-blain.com\\\/fr\\\/magasins-velo\\\/promo-roue-carbone-mavic-cosmic-juin25\\\/\"]}]},{\"@type\":\"ImageObject\",\"inLanguage\":\"fr-FR\",\"@id\":\"https:\\\/\\\/www.cycles-blain.com\\\/fr\\\/magasins-velo\\\/promo-roue-carbone-mavic-cosmic-juin25\\\/#primaryimage\",\"url\":\"https:\\\/\\\/www.cycles-blain.com\\\/fr\\\/wp-content\\\/uploads\\\/2025\\\/06\\\/fete-des-peres.webp\",\"contentUrl\":\"https:\\\/\\\/www.cycles-blain.com\\\/fr\\\/wp-content\\\/uploads\\\/2025\\\/06\\\/fete-des-peres.webp\",\"width\":800,\"height\":553,\"caption\":\"Promo Roues Carbone Cosmic MAVIC\"},{\"@type\":\"BreadcrumbList\",\"@id\":\"https:\\\/\\\/www.cycles-blain.com\\\/fr\\\/magasins-velo\\\/promo-roue-carbone-mavic-cosmic-juin25\\\/#breadcrumb\",\"itemListElement\":[{\"@type\":\"ListItem\",\"position\":1,\"name\":\"Accueil\",\"item\":\"https:\\\/\\\/www.cycles-blain.com\\\/fr\\\/\"},{\"@type\":\"ListItem\",\"position\":2,\"name\":\"Nouvelles roues Mavic Cosmic Carbone en promotion en juin\"}]},{\"@type\":\"WebSite\",\"@id\":\"https:\\\/\\\/www.cycles-blain.com\\\/fr\\\/#website\",\"url\":\"https:\\\/\\\/www.cycles-blain.com\\\/fr\\\/\",\"name\":\"CyclesBlain - Magasins de v\u00e9los, accessoires et ateliers\",\"description\":\"Blog Cycles Blain\",\"publisher\":{\"@id\":\"https:\\\/\\\/www.cycles-blain.com\\\/fr\\\/#organization\"},\"potentialAction\":[{\"@type\":\"SearchAction\",\"target\":{\"@type\":\"EntryPoint\",\"urlTemplate\":\"https:\\\/\\\/www.cycles-blain.com\\\/fr\\\/?s={search_term_string}\"},\"query-input\":{\"@type\":\"PropertyValueSpecification\",\"valueRequired\":true,\"valueName\":\"search_term_string\"}}],\"inLanguage\":\"fr-FR\"},{\"@type\":\"Organization\",\"@id\":\"https:\\\/\\\/www.cycles-blain.com\\\/fr\\\/#organization\",\"name\":\"CyclesBlain - Magasins de v\u00e9los, accessoires et ateliers\",\"url\":\"https:\\\/\\\/www.cycles-blain.com\\\/fr\\\/\",\"logo\":{\"@type\":\"ImageObject\",\"inLanguage\":\"fr-FR\",\"@id\":\"https:\\\/\\\/www.cycles-blain.com\\\/fr\\\/#\\\/schema\\\/logo\\\/image\\\/\",\"url\":\"https:\\\/\\\/www.cycles-blain.com\\\/fr\\\/wp-content\\\/uploads\\\/2023\\\/10\\\/logo-cycles-blain.jpeg\",\"contentUrl\":\"https:\\\/\\\/www.cycles-blain.com\\\/fr\\\/wp-content\\\/uploads\\\/2023\\\/10\\\/logo-cycles-blain.jpeg\",\"width\":264,\"height\":191,\"caption\":\"CyclesBlain - Magasins de v\u00e9los, accessoires et ateliers\"},\"image\":{\"@id\":\"https:\\\/\\\/www.cycles-blain.com\\\/fr\\\/#\\\/schema\\\/logo\\\/image\\\/\"},\"sameAs\":[\"https:\\\/\\\/www.facebook.com\\\/cyclesblain\\\/?locale=fr_FR\",\"https:\\\/\\\/www.instagram.com\\\/cycles_blain\\\/?hl=fr\"]},{\"@type\":\"Person\",\"@id\":\"https:\\\/\\\/www.cycles-blain.com\\\/fr\\\/#\\\/schema\\\/person\\\/6fb8bad852fde893fb61b7b05936af37\",\"name\":\"Gueweb\",\"image\":{\"@type\":\"ImageObject\",\"inLanguage\":\"fr-FR\",\"@id\":\"https:\\\/\\\/secure.gravatar.com\\\/avatar\\\/52550bc594eb074508114b963209b157358b27e5a0319de1bb723df3f760ca2d?s=96&d=mm&r=g\",\"url\":\"https:\\\/\\\/secure.gravatar.com\\\/avatar\\\/52550bc594eb074508114b963209b157358b27e5a0319de1bb723df3f760ca2d?s=96&d=mm&r=g\",\"contentUrl\":\"https:\\\/\\\/secure.gravatar.com\\\/avatar\\\/52550bc594eb074508114b963209b157358b27e5a0319de1bb723df3f760ca2d?s=96&d=mm&r=g\",\"caption\":\"Gueweb\"},\"sameAs\":[\"https:\\\/\\\/www.cycles-blain.com\\\/\\\/fr\"],\"url\":\"https:\\\/\\\/www.cycles-blain.com\\\/fr\\\/author\\\/gueweb\\\/\"}]}<\/script>\n<!-- \/ Yoast SEO plugin. -->","yoast_head_json":{"title":"Nouvelles roues Mavic Cosmic Carbone en promotion en juin - CYCLES BLAIN","description":"Profitez d'une promo jusqu'\u00e0 -500\u20ac de remises sur vos roues carbones Mavic Cosmic pour v\u00e9lo de route en magasins sur Lyon ou en livraison","robots":{"index":"index","follow":"follow","max-snippet":"max-snippet:-1","max-image-preview":"max-image-preview:large","max-video-preview":"max-video-preview:-1"},"canonical":"https:\/\/www.cycles-blain.com\/fr\/magasins-velo\/promo-roue-carbone-mavic-cosmic-juin25\/","og_locale":"fr_FR","og_type":"article","og_title":"Nouvelles roues Mavic Cosmic Carbone en promotion en juin - CYCLES BLAIN","og_description":"Profitez d'une promo jusqu'\u00e0 -500\u20ac de remises sur vos roues carbones Mavic Cosmic pour v\u00e9lo de route en magasins sur Lyon ou en livraison","og_url":"https:\/\/www.cycles-blain.com\/fr\/magasins-velo\/promo-roue-carbone-mavic-cosmic-juin25\/","og_site_name":"CyclesBlain - Magasins de v\u00e9los, accessoires et ateliers","article_publisher":"https:\/\/www.facebook.com\/cyclesblain\/?locale=fr_FR","article_published_time":"2025-06-12T11:53:12+00:00","article_modified_time":"2025-06-13T09:20:05+00:00","og_image":[{"width":800,"height":553,"url":"https:\/\/www.cycles-blain.com\/fr\/wp-content\/uploads\/2025\/06\/fete-des-peres.webp","type":"image\/webp"}],"author":"Gueweb","twitter_card":"summary_large_image","twitter_misc":{"\u00c9crit par":"Gueweb","Dur\u00e9e de lecture estim\u00e9e":"2 minutes"},"schema":{"@context":"https:\/\/schema.org","@graph":[{"@type":"Article","@id":"https:\/\/www.cycles-blain.com\/fr\/magasins-velo\/promo-roue-carbone-mavic-cosmic-juin25\/#article","isPartOf":{"@id":"https:\/\/www.cycles-blain.com\/fr\/magasins-velo\/promo-roue-carbone-mavic-cosmic-juin25\/"},"author":{"name":"Gueweb","@id":"https:\/\/www.cycles-blain.com\/fr\/#\/schema\/person\/6fb8bad852fde893fb61b7b05936af37"},"headline":"Nouvelles roues Mavic Cosmic Carbone en promotion en juin","datePublished":"2025-06-12T11:53:12+00:00","dateModified":"2025-06-13T09:20:05+00:00","mainEntityOfPage":{"@id":"https:\/\/www.cycles-blain.com\/fr\/magasins-velo\/promo-roue-carbone-mavic-cosmic-juin25\/"},"wordCount":347,"commentCount":0,"publisher":{"@id":"https:\/\/www.cycles-blain.com\/fr\/#organization"},"image":{"@id":"https:\/\/www.cycles-blain.com\/fr\/magasins-velo\/promo-roue-carbone-mavic-cosmic-juin25\/#primaryimage"},"thumbnailUrl":"https:\/\/www.cycles-blain.com\/fr\/wp-content\/uploads\/2025\/06\/fete-des-peres.webp","keywords":["Mavic","Roues Carbone"],"articleSection":["Actus Magasins","Magasin Brignais","Magasin Craponne","Magasin Lyon Centre","Magasin St Priest","Magasin Vienne","Magasin Vienne Sud","Magasin-CyclesVeran","Magasin-Ecully","Magasin-Lyon6","Magasin-Oullins","Promotions","Sport","V\u00e9lo de route"],"inLanguage":"fr-FR","potentialAction":[{"@type":"CommentAction","name":"Comment","target":["https:\/\/www.cycles-blain.com\/fr\/magasins-velo\/promo-roue-carbone-mavic-cosmic-juin25\/#respond"]}]},{"@type":"WebPage","@id":"https:\/\/www.cycles-blain.com\/fr\/magasins-velo\/promo-roue-carbone-mavic-cosmic-juin25\/","url":"https:\/\/www.cycles-blain.com\/fr\/magasins-velo\/promo-roue-carbone-mavic-cosmic-juin25\/","name":"Nouvelles roues Mavic Cosmic Carbone en promotion en juin - CYCLES BLAIN","isPartOf":{"@id":"https:\/\/www.cycles-blain.com\/fr\/#website"},"primaryImageOfPage":{"@id":"https:\/\/www.cycles-blain.com\/fr\/magasins-velo\/promo-roue-carbone-mavic-cosmic-juin25\/#primaryimage"},"image":{"@id":"https:\/\/www.cycles-blain.com\/fr\/magasins-velo\/promo-roue-carbone-mavic-cosmic-juin25\/#primaryimage"},"thumbnailUrl":"https:\/\/www.cycles-blain.com\/fr\/wp-content\/uploads\/2025\/06\/fete-des-peres.webp","datePublished":"2025-06-12T11:53:12+00:00","dateModified":"2025-06-13T09:20:05+00:00","description":"Profitez d'une promo jusqu'\u00e0 -500\u20ac de remises sur vos roues carbones Mavic Cosmic pour v\u00e9lo de route en magasins sur Lyon ou en livraison","breadcrumb":{"@id":"https:\/\/www.cycles-blain.com\/fr\/magasins-velo\/promo-roue-carbone-mavic-cosmic-juin25\/#breadcrumb"},"inLanguage":"fr-FR","potentialAction":[{"@type":"ReadAction","target":["https:\/\/www.cycles-blain.com\/fr\/magasins-velo\/promo-roue-carbone-mavic-cosmic-juin25\/"]}]},{"@type":"ImageObject","inLanguage":"fr-FR","@id":"https:\/\/www.cycles-blain.com\/fr\/magasins-velo\/promo-roue-carbone-mavic-cosmic-juin25\/#primaryimage","url":"https:\/\/www.cycles-blain.com\/fr\/wp-content\/uploads\/2025\/06\/fete-des-peres.webp","contentUrl":"https:\/\/www.cycles-blain.com\/fr\/wp-content\/uploads\/2025\/06\/fete-des-peres.webp","width":800,"height":553,"caption":"Promo Roues Carbone Cosmic MAVIC"},{"@type":"BreadcrumbList","@id":"https:\/\/www.cycles-blain.com\/fr\/magasins-velo\/promo-roue-carbone-mavic-cosmic-juin25\/#breadcrumb","itemListElement":[{"@type":"ListItem","position":1,"name":"Accueil","item":"https:\/\/www.cycles-blain.com\/fr\/"},{"@type":"ListItem","position":2,"name":"Nouvelles roues Mavic Cosmic Carbone en promotion en juin"}]},{"@type":"WebSite","@id":"https:\/\/www.cycles-blain.com\/fr\/#website","url":"https:\/\/www.cycles-blain.com\/fr\/","name":"CyclesBlain - Magasins de v\u00e9los, accessoires et ateliers","description":"Blog Cycles Blain","publisher":{"@id":"https:\/\/www.cycles-blain.com\/fr\/#organization"},"potentialAction":[{"@type":"SearchAction","target":{"@type":"EntryPoint","urlTemplate":"https:\/\/www.cycles-blain.com\/fr\/?s={search_term_string}"},"query-input":{"@type":"PropertyValueSpecification","valueRequired":true,"valueName":"search_term_string"}}],"inLanguage":"fr-FR"},{"@type":"Organization","@id":"https:\/\/www.cycles-blain.com\/fr\/#organization","name":"CyclesBlain - Magasins de v\u00e9los, accessoires et ateliers","url":"https:\/\/www.cycles-blain.com\/fr\/","logo":{"@type":"ImageObject","inLanguage":"fr-FR","@id":"https:\/\/www.cycles-blain.com\/fr\/#\/schema\/logo\/image\/","url":"https:\/\/www.cycles-blain.com\/fr\/wp-content\/uploads\/2023\/10\/logo-cycles-blain.jpeg","contentUrl":"https:\/\/www.cycles-blain.com\/fr\/wp-content\/uploads\/2023\/10\/logo-cycles-blain.jpeg","width":264,"height":191,"caption":"CyclesBlain - Magasins de v\u00e9los, accessoires et ateliers"},"image":{"@id":"https:\/\/www.cycles-blain.com\/fr\/#\/schema\/logo\/image\/"},"sameAs":["https:\/\/www.facebook.com\/cyclesblain\/?locale=fr_FR","https:\/\/www.instagram.com\/cycles_blain\/?hl=fr"]},{"@type":"Person","@id":"https:\/\/www.cycles-blain.com\/fr\/#\/schema\/person\/6fb8bad852fde893fb61b7b05936af37","name":"Gueweb","image":{"@type":"ImageObject","inLanguage":"fr-FR","@id":"https:\/\/secure.gravatar.com\/avatar\/52550bc594eb074508114b963209b157358b27e5a0319de1bb723df3f760ca2d?s=96&d=mm&r=g","url":"https:\/\/secure.gravatar.com\/avatar\/52550bc594eb074508114b963209b157358b27e5a0319de1bb723df3f760ca2d?s=96&d=mm&r=g","contentUrl":"https:\/\/secure.gravatar.com\/avatar\/52550bc594eb074508114b963209b157358b27e5a0319de1bb723df3f760ca2d?s=96&d=mm&r=g","caption":"Gueweb"},"sameAs":["https:\/\/www.cycles-blain.com\/\/fr"],"url":"https:\/\/www.cycles-blain.com\/fr\/author\/gueweb\/"}]}},"_links":{"self":[{"href":"https:\/\/www.cycles-blain.com\/fr\/wp-json\/wp\/v2\/posts\/15256","targetHints":{"allow":["GET"]}}],"collection":[{"href":"https:\/\/www.cycles-blain.com\/fr\/wp-json\/wp\/v2\/posts"}],"about":[{"href":"https:\/\/www.cycles-blain.com\/fr\/wp-json\/wp\/v2\/types\/post"}],"author":[{"embeddable":true,"href":"https:\/\/www.cycles-blain.com\/fr\/wp-json\/wp\/v2\/users\/1"}],"replies":[{"embeddable":true,"href":"https:\/\/www.cycles-blain.com\/fr\/wp-json\/wp\/v2\/comments?post=15256"}],"version-history":[{"count":34,"href":"https:\/\/www.cycles-blain.com\/fr\/wp-json\/wp\/v2\/posts\/15256\/revisions"}],"predecessor-version":[{"id":15302,"href":"https:\/\/www.cycles-blain.com\/fr\/wp-json\/wp\/v2\/posts\/15256\/revisions\/15302"}],"wp:featuredmedia":[{"embeddable":true,"href":"https:\/\/www.cycles-blain.com\/fr\/wp-json\/wp\/v2\/media\/15258"}],"wp:attachment":[{"href":"https:\/\/www.cycles-blain.com\/fr\/wp-json\/wp\/v2\/media?parent=15256"}],"wp:term":[{"taxonomy":"category","embeddable":true,"href":"https:\/\/www.cycles-blain.com\/fr\/wp-json\/wp\/v2\/categories?post=15256"},{"taxonomy":"post_tag","embeddable":true,"href":"https:\/\/www.cycles-blain.com\/fr\/wp-json\/wp\/v2\/tags?post=15256"}],"curies":[{"name":"wp","href":"https:\/\/api.w.org\/{rel}","templated":true}]}}