{"id":15309,"date":"2025-06-25T08:05:58","date_gmt":"2025-06-25T06:05:58","guid":{"rendered":"https:\/\/www.cycles-blain.com\/fr\/?p=15309"},"modified":"2025-07-16T16:16:32","modified_gmt":"2025-07-16T14:16:32","slug":"soldes-velos-textile-et-accessoires-chez-cycles-blain-2","status":"publish","type":"post","link":"https:\/\/www.cycles-blain.com\/fr\/promotions-velo\/soldes-velos-textile-et-accessoires-chez-cycles-blain-2\/","title":{"rendered":"Soldes ETE v\u00e9los, accessoires, textile cyclistes"},"content":{"rendered":"\t\t<div data-elementor-type=\"wp-post\" data-elementor-id=\"15309\" class=\"elementor elementor-15309\" data-elementor-post-type=\"post\">\n\t\t\t\t<div class=\"elementor-element elementor-element-2d465fb e-flex e-con-boxed e-con e-parent\" data-id=\"2d465fb\" data-element_type=\"container\" data-e-type=\"container\">\n\t\t\t\t\t<div class=\"e-con-inner\">\n\t\t\t\t<div class=\"elementor-element elementor-element-8eee85f elementor-widget elementor-widget-text-editor\" data-id=\"8eee85f\" data-element_type=\"widget\" data-e-type=\"widget\" data-widget_type=\"text-editor.default\">\n\t\t\t\t<div class=\"elementor-widget-container\">\n\t\t\t\t\t\t\t\t\t<p>Les soldes* d&rsquo;\u00e9t\u00e9 2025 d\u00e9butent enfin du <b>mercredi 25 juin au 22 juillet 2025<\/b>. Venez profiter de remises incroyables sur une gamme compl\u00e8te de produits cyclistes dans nos 10 magasins de v\u00e9los.<\/p>\t\t\t\t\t\t\t\t<\/div>\n\t\t\t\t<\/div>\n\t\t\t\t<div class=\"elementor-element elementor-element-cc02bf7 elementor-widget elementor-widget-heading\" data-id=\"cc02bf7\" data-element_type=\"widget\" data-e-type=\"widget\" data-widget_type=\"heading.default\">\n\t\t\t\t<div class=\"elementor-widget-container\">\n\t\t\t\t\t<h3 class=\"elementor-heading-title elementor-size-default\">Equipements Cyclistes et Casques en soldes <\/h3>\t\t\t\t<\/div>\n\t\t\t\t<\/div>\n\t\t\t\t<div class=\"elementor-element elementor-element-c66e9ab elementor-widget elementor-widget-text-editor\" data-id=\"c66e9ab\" data-element_type=\"widget\" data-e-type=\"widget\" data-widget_type=\"text-editor.default\">\n\t\t\t\t<div class=\"elementor-widget-container\">\n\t\t\t\t\t\t\t\t\t<p>Besoins de vous \u00e9quiper pour faire du v\u00e9lo, faire du v\u00e9lotaf ou de changer de casques ?<br \/>Profitez des soldes d&rsquo;hiver CYCLES BLAIN sur les\u00a0<a href=\"https:\/\/www.cycles-blain.com\/209-soldes-equipements-cyclistes\" target=\"_blank\" rel=\"noopener\">\u00e9quipements cyclistes<\/a>\u00a0des plus grandes marques :\u00a0<a href=\"https:\/\/www.cycles-blain.com\/209-soldes-equipements-cyclistes?q=Marque-Castelli\" target=\"_blank\" rel=\"noopener\">Castelli<\/a>,\u00a0<a href=\"https:\/\/www.cycles-blain.com\/209-soldes-equipements-cyclistes?q=Marque-Fox\" target=\"_blank\" rel=\"noopener\">Fox<\/a>,\u00a0<a href=\"https:\/\/www.cycles-blain.com\/209-soldes-equipements-cyclistes?q=Marque-Kask\" target=\"_blank\" rel=\"noopener\">Kask<\/a>&#8230;<\/p>\t\t\t\t\t\t\t\t<\/div>\n\t\t\t\t<\/div>\n\t\t\t\t<div class=\"elementor-element elementor-element-75ab2c8 elementor-widget elementor-widget-heading\" data-id=\"75ab2c8\" data-element_type=\"widget\" data-e-type=\"widget\" data-widget_type=\"heading.default\">\n\t\t\t\t<div class=\"elementor-widget-container\">\n\t\t\t\t\t<h3 class=\"elementor-heading-title elementor-size-default\">V\u00e9los musculaires et \u00e9lectriques en soldes <\/h3>\t\t\t\t<\/div>\n\t\t\t\t<\/div>\n\t\t\t\t<div class=\"elementor-element elementor-element-1887cb4 elementor-widget elementor-widget-text-editor\" data-id=\"1887cb4\" data-element_type=\"widget\" data-e-type=\"widget\" data-widget_type=\"text-editor.default\">\n\t\t\t\t<div class=\"elementor-widget-container\">\n\t\t\t\t\t\t\t\t\t<p>Pour trouver un v\u00e9lo musculaire ou \u00e9lectrique, la p\u00e9riode des soldes vous permettra de b\u00e9n\u00e9ficier de nos promotions jusqu&rsquo;\u00e0 40 % sur les v\u00e9los en stock :<\/p><ul><li><a href=\"https:\/\/www.cycles-blain.com\/206-soldes-route-gravel\" target=\"_blank\" rel=\"noopener\">V\u00e9los de routes et gravel en soldes<\/a>,<\/li><li><a href=\"https:\/\/www.cycles-blain.com\/205-soldes-vtt-vttae\" target=\"_blank\" rel=\"noopener\">VTT et VTT Electriques en soldes<\/a>,<\/li><li><a href=\"https:\/\/www.cycles-blain.com\/207-soldes-velo-urbain-vtc\" target=\"_blank\" rel=\"noopener\">V\u00e9los Urbains et vtc normaux ou Electriques en soldes<\/a><\/li><\/ul>\t\t\t\t\t\t\t\t<\/div>\n\t\t\t\t<\/div>\n\t\t\t\t<div class=\"elementor-element elementor-element-716c8a4 elementor-align-center elementor-widget elementor-widget-button\" data-id=\"716c8a4\" data-element_type=\"widget\" data-e-type=\"widget\" data-widget_type=\"button.default\">\n\t\t\t\t<div class=\"elementor-widget-container\">\n\t\t\t\t\t\t\t\t\t<div class=\"elementor-button-wrapper\">\n\t\t\t\t\t<a class=\"elementor-button elementor-button-link elementor-size-sm\" href=\"https:\/\/www.cycles-blain.com\/204-soldes-velo-lyon-cycles-blain\" target=\"_blank\">\n\t\t\t\t\t\t<span class=\"elementor-button-content-wrapper\">\n\t\t\t\t\t\t\t\t\t<span class=\"elementor-button-text\">Je trouve un v\u00e9lo en soldes<\/span>\n\t\t\t\t\t<\/span>\n\t\t\t\t\t<\/a>\n\t\t\t\t<\/div>\n\t\t\t\t\t\t\t\t<\/div>\n\t\t\t\t<\/div>\n\t\t\t\t\t<\/div>\n\t\t\t\t<\/div>\n\t\t<div class=\"elementor-element elementor-element-5e58082 e-flex e-con-boxed e-con e-parent\" data-id=\"5e58082\" data-element_type=\"container\" data-e-type=\"container\">\n\t\t\t\t\t<div class=\"e-con-inner\">\n\t\t\t\t<div class=\"elementor-element elementor-element-6ed1b63 elementor-widget elementor-widget-heading\" data-id=\"6ed1b63\" data-element_type=\"widget\" data-e-type=\"widget\" data-widget_type=\"heading.default\">\n\t\t\t\t<div class=\"elementor-widget-container\">\n\t\t\t\t\t<h3 class=\"elementor-heading-title elementor-size-default\">Accessoires v\u00e9los et composants en soldes<\/h3>\t\t\t\t<\/div>\n\t\t\t\t<\/div>\n\t\t\t\t<div class=\"elementor-element elementor-element-962cf36 elementor-widget elementor-widget-text-editor\" data-id=\"962cf36\" data-element_type=\"widget\" data-e-type=\"widget\" data-widget_type=\"text-editor.default\">\n\t\t\t\t<div class=\"elementor-widget-container\">\n\t\t\t\t\t\t\t\t\t<p>Si vous avez besoin d&rsquo;un\u00a0<a href=\"https:\/\/www.cycles-blain.com\/208-soldes-accessoires-velo\" target=\"_blank\" rel=\"noopener\">accessoires pour votre v\u00e9lo<\/a>\u00a0ou d&rsquo;un composant pour am\u00e9liorer votre v\u00e9lo ou faire un\u00a0<a href=\"https:\/\/www.cycles-blain.com\/content\/category\/3-atelier-reparation-velo\" target=\"_blank\" rel=\"noopener\">montage \u00e0 la carte<\/a>, n&rsquo;h\u00e9sitez pas \u00e0 consulter nos soldes d&rsquo;\u00e9t\u00e9 2025 :\u00a0<\/p><ul><li>Composants v\u00e9los en soldes :\u00a0<a href=\"https:\/\/www.cycles-blain.com\/204-soldes-velo-lyon-cycles-blain?q=Marque-Mavic\" target=\"_blank\" rel=\"noopener\">Mavic<\/a>, Shimano,\u00a0Sram&#8230;<\/li><li>Accessoires v\u00e9los en soldes :\u00a0<a style=\"background-color: #ffffff; transition-property: all;\" href=\"https:\/\/www.cycles-blain.com\/208-soldes-accessoires-velo?q=Marque-Vaude\" target=\"_blank\" rel=\"noopener\">Vaude<\/a>,\u00a0<a style=\"background-color: #ffffff; transition-property: all;\" href=\"https:\/\/www.cycles-blain.com\/208-soldes-accessoires-velo?q=Marque-Thule\" target=\"_blank\" rel=\"noopener\">Thule<\/a>,\u00a0Garmin&#8230;,<\/li><\/ul>\t\t\t\t\t\t\t\t<\/div>\n\t\t\t\t<\/div>\n\t\t\t\t<div class=\"elementor-element elementor-element-d248558 elementor-align-center elementor-widget elementor-widget-button\" data-id=\"d248558\" data-element_type=\"widget\" data-e-type=\"widget\" data-widget_type=\"button.default\">\n\t\t\t\t<div class=\"elementor-widget-container\">\n\t\t\t\t\t\t\t\t\t<div class=\"elementor-button-wrapper\">\n\t\t\t\t\t<a class=\"elementor-button elementor-button-link elementor-size-sm\" href=\"https:\/\/www.cycles-blain.com\/208-soldes-accessoires-velo\" target=\"_blank\">\n\t\t\t\t\t\t<span class=\"elementor-button-content-wrapper\">\n\t\t\t\t\t\t\t\t\t<span class=\"elementor-button-text\">Je trouve un accessoires v\u00e9lo en soldes<\/span>\n\t\t\t\t\t<\/span>\n\t\t\t\t\t<\/a>\n\t\t\t\t<\/div>\n\t\t\t\t\t\t\t\t<\/div>\n\t\t\t\t<\/div>\n\t\t\t\t<div class=\"elementor-element elementor-element-d558de4 elementor-widget elementor-widget-heading\" data-id=\"d558de4\" data-element_type=\"widget\" data-e-type=\"widget\" data-widget_type=\"heading.default\">\n\t\t\t\t<div class=\"elementor-widget-container\">\n\t\t\t\t\t<h3 class=\"elementor-heading-title elementor-size-default\">Equipements du cycliste en soldes et textiles en soldes<\/h3>\t\t\t\t<\/div>\n\t\t\t\t<\/div>\n\t\t\t\t<div class=\"elementor-element elementor-element-9004aa2 elementor-widget elementor-widget-text-editor\" data-id=\"9004aa2\" data-element_type=\"widget\" data-e-type=\"widget\" data-widget_type=\"text-editor.default\">\n\t\t\t\t<div class=\"elementor-widget-container\">\n\t\t\t\t\t\t\t\t\t<p>Pour les Soldes d&rsquo;\u00e9t\u00e9 2025, vous trouverez aussi des\u00a0<a href=\"https:\/\/www.cycles-blain.com\/209-soldes-equipements-cyclistes\" target=\"_blank\" rel=\"noopener\">\u00e9quipements du cycliste en soldes<\/a>\u00a0jusqu&rsquo;\u00e0 -40 % en magasins et sur le site avec :\u00a0<\/p><ul><li>Retrouvez toute notre gamme Textile au magasin\u00a0<a href=\"https:\/\/www.cycles-blain.com\/content\/11-magasin-velos-lyon-3\" target=\"_blank\" rel=\"noopener\">Giant Lyon Centre<\/a>\u00a0: Avec -15 % sur les cuissards <b>Castelli <\/b>et -30 % sur les Maillots, vestes et accessoires marqu\u00e9s en magasins.<\/li><li>Du textile <b>VTT Fox<\/b>, ou <b>F\u00e9minin <\/b>avec la marque <b>LIV<\/b>.<\/li><li>Des\u00a0<a href=\"https:\/\/www.cycles-blain.com\/209-soldes-equipements-cyclistes\" target=\"_blank\" rel=\"noopener\">\u00e9quipements du cycliste<\/a>\u00a0comme les\u00a0<a href=\"https:\/\/www.cycles-blain.com\/209-soldes-equipements-cyclistes?q=Marque-Fox\" target=\"_blank\" rel=\"noopener\"><b>casques<\/b> Fox<\/a>, Kask, &#8230; ou des <b>lunettes <\/b>v\u00e9los sold\u00e9es&#8230;<\/li><\/ul>\t\t\t\t\t\t\t\t<\/div>\n\t\t\t\t<\/div>\n\t\t\t\t<div class=\"elementor-element elementor-element-508ea45 elementor-widget elementor-widget-image\" data-id=\"508ea45\" data-element_type=\"widget\" data-e-type=\"widget\" data-widget_type=\"image.default\">\n\t\t\t\t<div class=\"elementor-widget-container\">\n\t\t\t\t\t\t\t\t\t\t\t\t\t\t\t\t<a href=\"https:\/\/www.cycles-blain.com\/204-soldes-velo-lyon-cycles-blain\" target=\"_blank\">\n\t\t\t\t\t\t\t<img fetchpriority=\"high\" decoding=\"async\" width=\"600\" height=\"400\" src=\"https:\/\/www.cycles-blain.com\/fr\/wp-content\/uploads\/2025\/06\/600400SOLDES.png\" class=\"attachment-large size-large wp-image-15310\" alt=\"Soldes d&#039;\u00e9t\u00e9\" srcset=\"https:\/\/www.cycles-blain.com\/fr\/wp-content\/uploads\/2025\/06\/600400SOLDES.png 600w, https:\/\/www.cycles-blain.com\/fr\/wp-content\/uploads\/2025\/06\/elementor\/thumbs\/600400SOLDES-r7fwlah887mdqlvm2kf6qtflzbglhngv2qbfacqq4w.png 300w\" sizes=\"(max-width: 600px) 100vw, 600px\" \/>\t\t\t\t\t\t\t\t<\/a>\n\t\t\t\t\t\t\t\t\t\t\t\t\t\t\t<\/div>\n\t\t\t\t<\/div>\n\t\t\t\t<div class=\"elementor-element elementor-element-a3e5354 elementor-widget elementor-widget-text-editor\" data-id=\"a3e5354\" data-element_type=\"widget\" data-e-type=\"widget\" data-widget_type=\"text-editor.default\">\n\t\t\t\t<div class=\"elementor-widget-container\">\n\t\t\t\t\t\t\t\t\t<p>Ne ratez pas cette opportunit\u00e9 de vous \u00e9quiper avec les meilleures marques de cyclisme \u00e0 des prix exceptionnels. Les stocks sont limit\u00e9s, alors rendez-vous dans nos magasins de<a href=\"https:\/\/www.cycles-blain.com\/\/pages\/17\/magasin-brignais\"> Brignais<\/a>, <a href=\"https:\/\/www.cycles-blain.com\/\/pages\/8\/magasin-lyon-centre\">Lyon 3<\/a>, <a href=\"https:\/\/www.cycles-blain.com\/\/pages\/18\/magasin-vienne\">Vienne<\/a>, <a href=\"https:\/\/www.cycles-blain.com\/\/pages\/19\/magasin-saint-priest\">Saint-Priest<\/a>, <a href=\"https:\/\/www.cycles-blain.com\/\/pages\/20\/magasin-ecully\">Ecully<\/a>, <a href=\"https:\/\/www.cycles-blain.com\/\/pages\/28\/magasin-manudany\">Lyon 6<\/a>,<a href=\"https:\/\/www.cycles-blain.com\/\/pages\/26\/magasin-craponne\"> Craponne<\/a>,<a href=\"https:\/\/www.cycles-blain.com\/\/pages\/29\/magasin-oullins\"> Oullins<\/a>,\u00a0<a href=\"https:\/\/www.cycles-blain.com\/\/pages\/32\/magasin-veran-lyon-5\" target=\"_blank\" rel=\"noopener\">Lyon 5<\/a>, <a href=\"https:\/\/www.cycles-blain.com\/\/pages\/30\/magasin-vienne-sud\">Vienne Sud<\/a>.<\/p><p data-start=\"114\" data-end=\"522\"><strong data-start=\"114\" data-end=\"213\">Et pour couronner le tout : Une offre exceptionnelle pendant les soldes, les frais de port sont offerts d\u00e8s 499\u20ac TTC d\u2019achat** !<\/strong><\/p><p data-start=\"114\" data-end=\"522\">Du 16 au 22 juillet 2025, profitez de la livraison gratuite partout en France M\u00e9tropolitaine pour toute commande \u00e0 partir de 499\u20ac TTC. Une occasion id\u00e9ale pour vous faire plaisir ou vous \u00e9quiper sans frais suppl\u00e9mentaires. Cette offre est valable uniquement pendant cette p\u00e9riode, alors ne la manquez pas !<\/p><p>* Soldes ETE 2025 : Voir conditions en magasins.<br \/>** Offre limit\u00e9e \u00e0 une commande par client<br \/>Valable uniquement sur les stocks disponibles en magasin \u00e0 partir du 25 juin 2025.<\/p>\t\t\t\t\t\t\t\t<\/div>\n\t\t\t\t<\/div>\n\t\t\t\t\t<\/div>\n\t\t\t\t<\/div>\n\t\t\t\t<\/div>\n\t\t","protected":false},"excerpt":{"rendered":"<p>Profitez des soldes d&rsquo;\u00e9t\u00e9 2025 jusqu&rsquo;\u00e0 -40% sur les v\u00e9los, accessoires v\u00e9los et textiles cyclistes en magasins sur Lyon ou en ligne.<\/p>\n","protected":false},"author":4,"featured_media":15310,"comment_status":"closed","ping_status":"open","sticky":false,"template":"","format":"standard","meta":{"site-sidebar-layout":"default","site-content-layout":"","ast-site-content-layout":"default","site-content-style":"default","site-sidebar-style":"default","ast-global-header-display":"","ast-banner-title-visibility":"","ast-main-header-display":"","ast-hfb-above-header-display":"","ast-hfb-below-header-display":"","ast-hfb-mobile-header-display":"","site-post-title":"","ast-breadcrumbs-content":"","ast-featured-img":"","footer-sml-layout":"","theme-transparent-header-meta":"","adv-header-id-meta":"","stick-header-meta":"","header-above-stick-meta":"","header-main-stick-meta":"","header-below-stick-meta":"","astra-migrate-meta-layouts":"set","ast-page-background-enabled":"default","ast-page-background-meta":{"desktop":{"background-color":"","background-image":"","background-repeat":"repeat","background-position":"center center","background-size":"auto","background-attachment":"scroll","background-type":"","background-media":"","overlay-type":"","overlay-color":"","overlay-gradient":""},"tablet":{"background-color":"","background-image":"","background-repeat":"repeat","background-position":"center center","background-size":"auto","background-attachment":"scroll","background-type":"","background-media":"","overlay-type":"","overlay-color":"","overlay-gradient":""},"mobile":{"background-color":"","background-image":"","background-repeat":"repeat","background-position":"center center","background-size":"auto","background-attachment":"scroll","background-type":"","background-media":"","overlay-type":"","overlay-color":"","overlay-gradient":""}},"ast-content-background-meta":{"desktop":{"background-color":"var(--ast-global-color-5)","background-image":"","background-repeat":"repeat","background-position":"center center","background-size":"auto","background-attachment":"scroll","background-type":"","background-media":"","overlay-type":"","overlay-color":"","overlay-gradient":""},"tablet":{"background-color":"var(--ast-global-color-5)","background-image":"","background-repeat":"repeat","background-position":"center center","background-size":"auto","background-attachment":"scroll","background-type":"","background-media":"","overlay-type":"","overlay-color":"","overlay-gradient":""},"mobile":{"background-color":"var(--ast-global-color-5)","background-image":"","background-repeat":"repeat","background-position":"center center","background-size":"auto","background-attachment":"scroll","background-type":"","background-media":"","overlay-type":"","overlay-color":"","overlay-gradient":""}},"footnotes":""},"categories":[6,16],"tags":[33,125,350],"class_list":["post-15309","post","type-post","status-publish","format-standard","has-post-thumbnail","hentry","category-magasins-velo","category-promotions-velo","tag-promotions","tag-soldes","tag-soldes-ete"],"yoast_head":"<!-- This site is optimized with the Yoast SEO plugin v27.5 - https:\/\/yoast.com\/product\/yoast-seo-wordpress\/ -->\n<title>Soldes ETE v\u00e9los, accessoires, textile cyclistes - CYCLES BLAIN<\/title>\n<meta name=\"description\" content=\"Les soldes d&#039;\u00e9t\u00e9 2025 d\u00e9marrent chez Cycles Blain : Rendez-vous dans nos 10 magasins de v\u00e9los autour de Lyon pour en profiter !\" \/>\n<meta name=\"robots\" content=\"index, follow, max-snippet:-1, max-image-preview:large, max-video-preview:-1\" \/>\n<link rel=\"canonical\" href=\"https:\/\/www.cycles-blain.com\/fr\/magasins-velo\/soldes-velos-textile-et-accessoires-chez-cycles-blain-2\/\" \/>\n<meta property=\"og:locale\" content=\"fr_FR\" \/>\n<meta property=\"og:type\" content=\"article\" \/>\n<meta property=\"og:title\" content=\"Soldes ETE v\u00e9los, accessoires, textile cyclistes - CYCLES BLAIN\" \/>\n<meta property=\"og:description\" content=\"Les soldes d&#039;\u00e9t\u00e9 2025 d\u00e9marrent chez Cycles Blain : Rendez-vous dans nos 10 magasins de v\u00e9los autour de Lyon pour en profiter !\" \/>\n<meta property=\"og:url\" content=\"https:\/\/www.cycles-blain.com\/fr\/magasins-velo\/soldes-velos-textile-et-accessoires-chez-cycles-blain-2\/\" \/>\n<meta property=\"og:site_name\" content=\"CyclesBlain - Magasins de v\u00e9los, accessoires et ateliers\" \/>\n<meta property=\"article:publisher\" content=\"https:\/\/www.facebook.com\/cyclesblain\/?locale=fr_FR\" \/>\n<meta property=\"article:published_time\" content=\"2025-06-25T06:05:58+00:00\" \/>\n<meta property=\"article:modified_time\" content=\"2025-07-16T14:16:32+00:00\" \/>\n<meta property=\"og:image\" content=\"https:\/\/www.cycles-blain.com\/fr\/wp-content\/uploads\/2025\/06\/600400SOLDES.png\" \/>\n\t<meta property=\"og:image:width\" content=\"600\" \/>\n\t<meta property=\"og:image:height\" content=\"400\" \/>\n\t<meta property=\"og:image:type\" content=\"image\/png\" \/>\n<meta name=\"author\" content=\"Lou-Anne\" \/>\n<meta name=\"twitter:card\" content=\"summary_large_image\" \/>\n<meta name=\"twitter:label1\" content=\"\u00c9crit par\" \/>\n\t<meta name=\"twitter:data1\" content=\"Lou-Anne\" \/>\n\t<meta name=\"twitter:label2\" content=\"Dur\u00e9e de lecture estim\u00e9e\" \/>\n\t<meta name=\"twitter:data2\" content=\"3 minutes\" \/>\n<script type=\"application\/ld+json\" class=\"yoast-schema-graph\">{\"@context\":\"https:\\\/\\\/schema.org\",\"@graph\":[{\"@type\":\"Article\",\"@id\":\"https:\\\/\\\/www.cycles-blain.com\\\/fr\\\/magasins-velo\\\/soldes-velos-textile-et-accessoires-chez-cycles-blain-2\\\/#article\",\"isPartOf\":{\"@id\":\"https:\\\/\\\/www.cycles-blain.com\\\/fr\\\/magasins-velo\\\/soldes-velos-textile-et-accessoires-chez-cycles-blain-2\\\/\"},\"author\":{\"name\":\"Lou-Anne\",\"@id\":\"https:\\\/\\\/www.cycles-blain.com\\\/fr\\\/#\\\/schema\\\/person\\\/2e532610e6e45d290a29e480c00cc742\"},\"headline\":\"Soldes ETE v\u00e9los, accessoires, textile cyclistes\",\"datePublished\":\"2025-06-25T06:05:58+00:00\",\"dateModified\":\"2025-07-16T14:16:32+00:00\",\"mainEntityOfPage\":{\"@id\":\"https:\\\/\\\/www.cycles-blain.com\\\/fr\\\/magasins-velo\\\/soldes-velos-textile-et-accessoires-chez-cycles-blain-2\\\/\"},\"wordCount\":433,\"publisher\":{\"@id\":\"https:\\\/\\\/www.cycles-blain.com\\\/fr\\\/#organization\"},\"image\":{\"@id\":\"https:\\\/\\\/www.cycles-blain.com\\\/fr\\\/magasins-velo\\\/soldes-velos-textile-et-accessoires-chez-cycles-blain-2\\\/#primaryimage\"},\"thumbnailUrl\":\"https:\\\/\\\/www.cycles-blain.com\\\/fr\\\/wp-content\\\/uploads\\\/2025\\\/06\\\/600400SOLDES.png\",\"keywords\":[\"promotions\",\"soldes\",\"soldes \u00e9t\u00e9\"],\"articleSection\":[\"Actus Magasins\",\"Promotions\"],\"inLanguage\":\"fr-FR\"},{\"@type\":\"WebPage\",\"@id\":\"https:\\\/\\\/www.cycles-blain.com\\\/fr\\\/magasins-velo\\\/soldes-velos-textile-et-accessoires-chez-cycles-blain-2\\\/\",\"url\":\"https:\\\/\\\/www.cycles-blain.com\\\/fr\\\/magasins-velo\\\/soldes-velos-textile-et-accessoires-chez-cycles-blain-2\\\/\",\"name\":\"Soldes ETE v\u00e9los, accessoires, textile cyclistes - CYCLES BLAIN\",\"isPartOf\":{\"@id\":\"https:\\\/\\\/www.cycles-blain.com\\\/fr\\\/#website\"},\"primaryImageOfPage\":{\"@id\":\"https:\\\/\\\/www.cycles-blain.com\\\/fr\\\/magasins-velo\\\/soldes-velos-textile-et-accessoires-chez-cycles-blain-2\\\/#primaryimage\"},\"image\":{\"@id\":\"https:\\\/\\\/www.cycles-blain.com\\\/fr\\\/magasins-velo\\\/soldes-velos-textile-et-accessoires-chez-cycles-blain-2\\\/#primaryimage\"},\"thumbnailUrl\":\"https:\\\/\\\/www.cycles-blain.com\\\/fr\\\/wp-content\\\/uploads\\\/2025\\\/06\\\/600400SOLDES.png\",\"datePublished\":\"2025-06-25T06:05:58+00:00\",\"dateModified\":\"2025-07-16T14:16:32+00:00\",\"description\":\"Les soldes d'\u00e9t\u00e9 2025 d\u00e9marrent chez Cycles Blain : Rendez-vous dans nos 10 magasins de v\u00e9los autour de Lyon pour en profiter !\",\"breadcrumb\":{\"@id\":\"https:\\\/\\\/www.cycles-blain.com\\\/fr\\\/magasins-velo\\\/soldes-velos-textile-et-accessoires-chez-cycles-blain-2\\\/#breadcrumb\"},\"inLanguage\":\"fr-FR\",\"potentialAction\":[{\"@type\":\"ReadAction\",\"target\":[\"https:\\\/\\\/www.cycles-blain.com\\\/fr\\\/magasins-velo\\\/soldes-velos-textile-et-accessoires-chez-cycles-blain-2\\\/\"]}]},{\"@type\":\"ImageObject\",\"inLanguage\":\"fr-FR\",\"@id\":\"https:\\\/\\\/www.cycles-blain.com\\\/fr\\\/magasins-velo\\\/soldes-velos-textile-et-accessoires-chez-cycles-blain-2\\\/#primaryimage\",\"url\":\"https:\\\/\\\/www.cycles-blain.com\\\/fr\\\/wp-content\\\/uploads\\\/2025\\\/06\\\/600400SOLDES.png\",\"contentUrl\":\"https:\\\/\\\/www.cycles-blain.com\\\/fr\\\/wp-content\\\/uploads\\\/2025\\\/06\\\/600400SOLDES.png\",\"width\":600,\"height\":400,\"caption\":\"Soldes d'\u00e9t\u00e9\"},{\"@type\":\"BreadcrumbList\",\"@id\":\"https:\\\/\\\/www.cycles-blain.com\\\/fr\\\/magasins-velo\\\/soldes-velos-textile-et-accessoires-chez-cycles-blain-2\\\/#breadcrumb\",\"itemListElement\":[{\"@type\":\"ListItem\",\"position\":1,\"name\":\"Accueil\",\"item\":\"https:\\\/\\\/www.cycles-blain.com\\\/fr\\\/\"},{\"@type\":\"ListItem\",\"position\":2,\"name\":\"Soldes ETE v\u00e9los, accessoires, textile cyclistes\"}]},{\"@type\":\"WebSite\",\"@id\":\"https:\\\/\\\/www.cycles-blain.com\\\/fr\\\/#website\",\"url\":\"https:\\\/\\\/www.cycles-blain.com\\\/fr\\\/\",\"name\":\"CyclesBlain - Magasins de v\u00e9los, accessoires et ateliers\",\"description\":\"Blog Cycles Blain\",\"publisher\":{\"@id\":\"https:\\\/\\\/www.cycles-blain.com\\\/fr\\\/#organization\"},\"potentialAction\":[{\"@type\":\"SearchAction\",\"target\":{\"@type\":\"EntryPoint\",\"urlTemplate\":\"https:\\\/\\\/www.cycles-blain.com\\\/fr\\\/?s={search_term_string}\"},\"query-input\":{\"@type\":\"PropertyValueSpecification\",\"valueRequired\":true,\"valueName\":\"search_term_string\"}}],\"inLanguage\":\"fr-FR\"},{\"@type\":\"Organization\",\"@id\":\"https:\\\/\\\/www.cycles-blain.com\\\/fr\\\/#organization\",\"name\":\"CyclesBlain - Magasins de v\u00e9los, accessoires et ateliers\",\"url\":\"https:\\\/\\\/www.cycles-blain.com\\\/fr\\\/\",\"logo\":{\"@type\":\"ImageObject\",\"inLanguage\":\"fr-FR\",\"@id\":\"https:\\\/\\\/www.cycles-blain.com\\\/fr\\\/#\\\/schema\\\/logo\\\/image\\\/\",\"url\":\"https:\\\/\\\/www.cycles-blain.com\\\/fr\\\/wp-content\\\/uploads\\\/2023\\\/10\\\/logo-cycles-blain.jpeg\",\"contentUrl\":\"https:\\\/\\\/www.cycles-blain.com\\\/fr\\\/wp-content\\\/uploads\\\/2023\\\/10\\\/logo-cycles-blain.jpeg\",\"width\":264,\"height\":191,\"caption\":\"CyclesBlain - Magasins de v\u00e9los, accessoires et ateliers\"},\"image\":{\"@id\":\"https:\\\/\\\/www.cycles-blain.com\\\/fr\\\/#\\\/schema\\\/logo\\\/image\\\/\"},\"sameAs\":[\"https:\\\/\\\/www.facebook.com\\\/cyclesblain\\\/?locale=fr_FR\",\"https:\\\/\\\/www.instagram.com\\\/cycles_blain\\\/?hl=fr\"]},{\"@type\":\"Person\",\"@id\":\"https:\\\/\\\/www.cycles-blain.com\\\/fr\\\/#\\\/schema\\\/person\\\/2e532610e6e45d290a29e480c00cc742\",\"name\":\"Lou-Anne\",\"image\":{\"@type\":\"ImageObject\",\"inLanguage\":\"fr-FR\",\"@id\":\"https:\\\/\\\/secure.gravatar.com\\\/avatar\\\/fc66047eecb12b1dd0e5dd77ae839eef6f5705cede9df1aa88eec9ecfd50b1ab?s=96&d=mm&r=g\",\"url\":\"https:\\\/\\\/secure.gravatar.com\\\/avatar\\\/fc66047eecb12b1dd0e5dd77ae839eef6f5705cede9df1aa88eec9ecfd50b1ab?s=96&d=mm&r=g\",\"contentUrl\":\"https:\\\/\\\/secure.gravatar.com\\\/avatar\\\/fc66047eecb12b1dd0e5dd77ae839eef6f5705cede9df1aa88eec9ecfd50b1ab?s=96&d=mm&r=g\",\"caption\":\"Lou-Anne\"},\"url\":\"https:\\\/\\\/www.cycles-blain.com\\\/fr\\\/author\\\/lou-anne\\\/\"}]}<\/script>\n<!-- \/ Yoast SEO plugin. -->","yoast_head_json":{"title":"Soldes ETE v\u00e9los, accessoires, textile cyclistes - CYCLES BLAIN","description":"Les soldes d'\u00e9t\u00e9 2025 d\u00e9marrent chez Cycles Blain : Rendez-vous dans nos 10 magasins de v\u00e9los autour de Lyon pour en profiter !","robots":{"index":"index","follow":"follow","max-snippet":"max-snippet:-1","max-image-preview":"max-image-preview:large","max-video-preview":"max-video-preview:-1"},"canonical":"https:\/\/www.cycles-blain.com\/fr\/magasins-velo\/soldes-velos-textile-et-accessoires-chez-cycles-blain-2\/","og_locale":"fr_FR","og_type":"article","og_title":"Soldes ETE v\u00e9los, accessoires, textile cyclistes - CYCLES BLAIN","og_description":"Les soldes d'\u00e9t\u00e9 2025 d\u00e9marrent chez Cycles Blain : Rendez-vous dans nos 10 magasins de v\u00e9los autour de Lyon pour en profiter !","og_url":"https:\/\/www.cycles-blain.com\/fr\/magasins-velo\/soldes-velos-textile-et-accessoires-chez-cycles-blain-2\/","og_site_name":"CyclesBlain - Magasins de v\u00e9los, accessoires et ateliers","article_publisher":"https:\/\/www.facebook.com\/cyclesblain\/?locale=fr_FR","article_published_time":"2025-06-25T06:05:58+00:00","article_modified_time":"2025-07-16T14:16:32+00:00","og_image":[{"width":600,"height":400,"url":"https:\/\/www.cycles-blain.com\/fr\/wp-content\/uploads\/2025\/06\/600400SOLDES.png","type":"image\/png"}],"author":"Lou-Anne","twitter_card":"summary_large_image","twitter_misc":{"\u00c9crit par":"Lou-Anne","Dur\u00e9e de lecture estim\u00e9e":"3 minutes"},"schema":{"@context":"https:\/\/schema.org","@graph":[{"@type":"Article","@id":"https:\/\/www.cycles-blain.com\/fr\/magasins-velo\/soldes-velos-textile-et-accessoires-chez-cycles-blain-2\/#article","isPartOf":{"@id":"https:\/\/www.cycles-blain.com\/fr\/magasins-velo\/soldes-velos-textile-et-accessoires-chez-cycles-blain-2\/"},"author":{"name":"Lou-Anne","@id":"https:\/\/www.cycles-blain.com\/fr\/#\/schema\/person\/2e532610e6e45d290a29e480c00cc742"},"headline":"Soldes ETE v\u00e9los, accessoires, textile cyclistes","datePublished":"2025-06-25T06:05:58+00:00","dateModified":"2025-07-16T14:16:32+00:00","mainEntityOfPage":{"@id":"https:\/\/www.cycles-blain.com\/fr\/magasins-velo\/soldes-velos-textile-et-accessoires-chez-cycles-blain-2\/"},"wordCount":433,"publisher":{"@id":"https:\/\/www.cycles-blain.com\/fr\/#organization"},"image":{"@id":"https:\/\/www.cycles-blain.com\/fr\/magasins-velo\/soldes-velos-textile-et-accessoires-chez-cycles-blain-2\/#primaryimage"},"thumbnailUrl":"https:\/\/www.cycles-blain.com\/fr\/wp-content\/uploads\/2025\/06\/600400SOLDES.png","keywords":["promotions","soldes","soldes \u00e9t\u00e9"],"articleSection":["Actus Magasins","Promotions"],"inLanguage":"fr-FR"},{"@type":"WebPage","@id":"https:\/\/www.cycles-blain.com\/fr\/magasins-velo\/soldes-velos-textile-et-accessoires-chez-cycles-blain-2\/","url":"https:\/\/www.cycles-blain.com\/fr\/magasins-velo\/soldes-velos-textile-et-accessoires-chez-cycles-blain-2\/","name":"Soldes ETE v\u00e9los, accessoires, textile cyclistes - CYCLES BLAIN","isPartOf":{"@id":"https:\/\/www.cycles-blain.com\/fr\/#website"},"primaryImageOfPage":{"@id":"https:\/\/www.cycles-blain.com\/fr\/magasins-velo\/soldes-velos-textile-et-accessoires-chez-cycles-blain-2\/#primaryimage"},"image":{"@id":"https:\/\/www.cycles-blain.com\/fr\/magasins-velo\/soldes-velos-textile-et-accessoires-chez-cycles-blain-2\/#primaryimage"},"thumbnailUrl":"https:\/\/www.cycles-blain.com\/fr\/wp-content\/uploads\/2025\/06\/600400SOLDES.png","datePublished":"2025-06-25T06:05:58+00:00","dateModified":"2025-07-16T14:16:32+00:00","description":"Les soldes d'\u00e9t\u00e9 2025 d\u00e9marrent chez Cycles Blain : Rendez-vous dans nos 10 magasins de v\u00e9los autour de Lyon pour en profiter !","breadcrumb":{"@id":"https:\/\/www.cycles-blain.com\/fr\/magasins-velo\/soldes-velos-textile-et-accessoires-chez-cycles-blain-2\/#breadcrumb"},"inLanguage":"fr-FR","potentialAction":[{"@type":"ReadAction","target":["https:\/\/www.cycles-blain.com\/fr\/magasins-velo\/soldes-velos-textile-et-accessoires-chez-cycles-blain-2\/"]}]},{"@type":"ImageObject","inLanguage":"fr-FR","@id":"https:\/\/www.cycles-blain.com\/fr\/magasins-velo\/soldes-velos-textile-et-accessoires-chez-cycles-blain-2\/#primaryimage","url":"https:\/\/www.cycles-blain.com\/fr\/wp-content\/uploads\/2025\/06\/600400SOLDES.png","contentUrl":"https:\/\/www.cycles-blain.com\/fr\/wp-content\/uploads\/2025\/06\/600400SOLDES.png","width":600,"height":400,"caption":"Soldes d'\u00e9t\u00e9"},{"@type":"BreadcrumbList","@id":"https:\/\/www.cycles-blain.com\/fr\/magasins-velo\/soldes-velos-textile-et-accessoires-chez-cycles-blain-2\/#breadcrumb","itemListElement":[{"@type":"ListItem","position":1,"name":"Accueil","item":"https:\/\/www.cycles-blain.com\/fr\/"},{"@type":"ListItem","position":2,"name":"Soldes ETE v\u00e9los, accessoires, textile cyclistes"}]},{"@type":"WebSite","@id":"https:\/\/www.cycles-blain.com\/fr\/#website","url":"https:\/\/www.cycles-blain.com\/fr\/","name":"CyclesBlain - Magasins de v\u00e9los, accessoires et ateliers","description":"Blog Cycles Blain","publisher":{"@id":"https:\/\/www.cycles-blain.com\/fr\/#organization"},"potentialAction":[{"@type":"SearchAction","target":{"@type":"EntryPoint","urlTemplate":"https:\/\/www.cycles-blain.com\/fr\/?s={search_term_string}"},"query-input":{"@type":"PropertyValueSpecification","valueRequired":true,"valueName":"search_term_string"}}],"inLanguage":"fr-FR"},{"@type":"Organization","@id":"https:\/\/www.cycles-blain.com\/fr\/#organization","name":"CyclesBlain - Magasins de v\u00e9los, accessoires et ateliers","url":"https:\/\/www.cycles-blain.com\/fr\/","logo":{"@type":"ImageObject","inLanguage":"fr-FR","@id":"https:\/\/www.cycles-blain.com\/fr\/#\/schema\/logo\/image\/","url":"https:\/\/www.cycles-blain.com\/fr\/wp-content\/uploads\/2023\/10\/logo-cycles-blain.jpeg","contentUrl":"https:\/\/www.cycles-blain.com\/fr\/wp-content\/uploads\/2023\/10\/logo-cycles-blain.jpeg","width":264,"height":191,"caption":"CyclesBlain - Magasins de v\u00e9los, accessoires et ateliers"},"image":{"@id":"https:\/\/www.cycles-blain.com\/fr\/#\/schema\/logo\/image\/"},"sameAs":["https:\/\/www.facebook.com\/cyclesblain\/?locale=fr_FR","https:\/\/www.instagram.com\/cycles_blain\/?hl=fr"]},{"@type":"Person","@id":"https:\/\/www.cycles-blain.com\/fr\/#\/schema\/person\/2e532610e6e45d290a29e480c00cc742","name":"Lou-Anne","image":{"@type":"ImageObject","inLanguage":"fr-FR","@id":"https:\/\/secure.gravatar.com\/avatar\/fc66047eecb12b1dd0e5dd77ae839eef6f5705cede9df1aa88eec9ecfd50b1ab?s=96&d=mm&r=g","url":"https:\/\/secure.gravatar.com\/avatar\/fc66047eecb12b1dd0e5dd77ae839eef6f5705cede9df1aa88eec9ecfd50b1ab?s=96&d=mm&r=g","contentUrl":"https:\/\/secure.gravatar.com\/avatar\/fc66047eecb12b1dd0e5dd77ae839eef6f5705cede9df1aa88eec9ecfd50b1ab?s=96&d=mm&r=g","caption":"Lou-Anne"},"url":"https:\/\/www.cycles-blain.com\/fr\/author\/lou-anne\/"}]}},"_links":{"self":[{"href":"https:\/\/www.cycles-blain.com\/fr\/wp-json\/wp\/v2\/posts\/15309","targetHints":{"allow":["GET"]}}],"collection":[{"href":"https:\/\/www.cycles-blain.com\/fr\/wp-json\/wp\/v2\/posts"}],"about":[{"href":"https:\/\/www.cycles-blain.com\/fr\/wp-json\/wp\/v2\/types\/post"}],"author":[{"embeddable":true,"href":"https:\/\/www.cycles-blain.com\/fr\/wp-json\/wp\/v2\/users\/4"}],"replies":[{"embeddable":true,"href":"https:\/\/www.cycles-blain.com\/fr\/wp-json\/wp\/v2\/comments?post=15309"}],"version-history":[{"count":27,"href":"https:\/\/www.cycles-blain.com\/fr\/wp-json\/wp\/v2\/posts\/15309\/revisions"}],"predecessor-version":[{"id":15867,"href":"https:\/\/www.cycles-blain.com\/fr\/wp-json\/wp\/v2\/posts\/15309\/revisions\/15867"}],"wp:featuredmedia":[{"embeddable":true,"href":"https:\/\/www.cycles-blain.com\/fr\/wp-json\/wp\/v2\/media\/15310"}],"wp:attachment":[{"href":"https:\/\/www.cycles-blain.com\/fr\/wp-json\/wp\/v2\/media?parent=15309"}],"wp:term":[{"taxonomy":"category","embeddable":true,"href":"https:\/\/www.cycles-blain.com\/fr\/wp-json\/wp\/v2\/categories?post=15309"},{"taxonomy":"post_tag","embeddable":true,"href":"https:\/\/www.cycles-blain.com\/fr\/wp-json\/wp\/v2\/tags?post=15309"}],"curies":[{"name":"wp","href":"https:\/\/api.w.org\/{rel}","templated":true}]}}