{"id":15343,"date":"2025-06-19T11:06:31","date_gmt":"2025-06-19T09:06:31","guid":{"rendered":"https:\/\/www.cycles-blain.com\/fr\/?p=15343"},"modified":"2025-10-06T11:23:19","modified_gmt":"2025-10-06T09:23:19","slug":"nouveautes-route-specialized-2026","status":"publish","type":"post","link":"https:\/\/www.cycles-blain.com\/fr\/velo\/velo-route\/nouveautes-route-specialized-2026\/","title":{"rendered":"Nouveaut\u00e9s Route Specialized : Tarmac, Crux et Roubaix"},"content":{"rendered":"\t\t<div data-elementor-type=\"wp-post\" data-elementor-id=\"15343\" class=\"elementor elementor-15343\" data-elementor-post-type=\"post\">\n\t\t\t\t<div class=\"elementor-element elementor-element-5e9da54 e-flex e-con-boxed e-con e-parent\" data-id=\"5e9da54\" data-element_type=\"container\" data-e-type=\"container\">\n\t\t\t\t\t<div class=\"e-con-inner\">\n\t\t\t\t<div class=\"elementor-element elementor-element-8e171b4 elementor-widget elementor-widget-text-editor\" data-id=\"8e171b4\" data-element_type=\"widget\" data-e-type=\"widget\" data-widget_type=\"text-editor.default\">\n\t\t\t\t<div class=\"elementor-widget-container\">\n\t\t\t\t\t\t\t\t\t<p><i>Specialized am\u00e9liore ses v\u00e9los de routes Roubaix, Crux et Tarmac dans les gammes Pro, Expert et Comp en int\u00e9grant les nouveaut\u00e9s SRAM AXS&#8230;<\/i><\/p>\t\t\t\t\t\t\t\t<\/div>\n\t\t\t\t<\/div>\n\t\t\t\t\t<\/div>\n\t\t\t\t<\/div>\n\t\t<div class=\"elementor-element elementor-element-03ef9cf e-flex e-con-boxed e-con e-parent\" data-id=\"03ef9cf\" data-element_type=\"container\" data-e-type=\"container\">\n\t\t\t\t\t<div class=\"e-con-inner\">\n\t\t\t\t<div class=\"elementor-element elementor-element-23470ea elementor-widget elementor-widget-heading\" data-id=\"23470ea\" data-element_type=\"widget\" data-e-type=\"widget\" data-widget_type=\"heading.default\">\n\t\t\t\t<div class=\"elementor-widget-container\">\n\t\t\t\t\t<h3 class=\"elementor-heading-title elementor-size-default\">Nouveaux Crux, Tarmac et Roubaix 2026<\/h3>\t\t\t\t<\/div>\n\t\t\t\t<\/div>\n\t\t\t\t\t<\/div>\n\t\t\t\t<\/div>\n\t\t<div class=\"elementor-element elementor-element-4be5d97 e-flex e-con-boxed e-con e-parent\" data-id=\"4be5d97\" data-element_type=\"container\" data-e-type=\"container\">\n\t\t\t\t\t<div class=\"e-con-inner\">\n\t\t\t\t<div class=\"elementor-element elementor-element-3836885 elementor-widget elementor-widget-text-editor\" data-id=\"3836885\" data-element_type=\"widget\" data-e-type=\"widget\" data-widget_type=\"text-editor.default\">\n\t\t\t\t<div class=\"elementor-widget-container\">\n\t\t\t\t\t\t\t\t\t<p>Specialized vient d&rsquo;annoncer une \u00e9volution technique sur ses v\u00e9los de Route Crux, Tarmac et Roubaix avec des nouvelles colories et surtout l&rsquo;int\u00e9gration des nouveaux groupe SRAM AXS sans oublier les roues carbones Rival.<br>Ces nouveaut\u00e9s 2025-2026 concernant uniquement les gammes <b>Pro, Expert et Comp :&nbsp;<\/b><br><span style=\"font-style: inherit;\">Cette int\u00e9gration vise \u00e0 am\u00e9liorer <b>l&rsquo;ergonomie<\/b>, la<\/span><span style=\"font-style: inherit; font-weight: inherit;\">&nbsp;<\/span><span style=\"font-style: inherit;\"><b>l\u00e9g\u00e8ret\u00e9 <\/b><\/span><span style=\"font-style: inherit; font-weight: inherit;\">et la <\/span><span style=\"font-style: inherit;\"><b>pr\u00e9cision <\/b><\/span><span style=\"font-style: inherit; font-weight: inherit;\">du Red AXS avec les tout nouveaux groupes Force et Rival.<\/span><\/p>\n<p><span style=\"font-style: inherit; font-weight: inherit;\">&nbsp;<\/span><\/p>\n<ul>\n<li>D\u00e9couvrir les SPECIALIZED&nbsp;<a href=\"https:\/\/www.cycles-blain.com\/recherche?controller=search&amp;search_query=tarmac+2026\" target=\"_blank\" rel=\"noopener\">Tarmac 2025-2026<\/a><\/li>\n<li>D\u00e9couvrir les SPECIALIZED&nbsp;&nbsp;<a href=\"https:\/\/www.cycles-blain.com\/recherche?controller=search&amp;search_query=crux+2026\" target=\"_blank\" rel=\"noopener\">Crux 2025-2026<\/a><\/li>\n<li>D\u00e9couvrir les SPECIALIZED&nbsp;&nbsp;<a href=\"https:\/\/www.cycles-blain.com\/recherche?controller=search&amp;search_query=roubaix+2026\" target=\"_blank\" rel=\"noopener\">Roubaix 2025-2026<\/a><\/li>\n<\/ul>\n<p><b>&nbsp;<\/b><\/p>\t\t\t\t\t\t\t\t<\/div>\n\t\t\t\t<\/div>\n\t\t\t\t<div class=\"elementor-element elementor-element-cb65c6b elementor-align-center elementor-widget elementor-widget-button\" data-id=\"cb65c6b\" data-element_type=\"widget\" data-e-type=\"widget\" data-widget_type=\"button.default\">\n\t\t\t\t<div class=\"elementor-widget-container\">\n\t\t\t\t\t\t\t\t\t<div class=\"elementor-button-wrapper\">\n\t\t\t\t\t<a class=\"elementor-button elementor-button-link elementor-size-sm\" href=\"https:\/\/www.cycles-blain.com\/content\/12-magasin-velo-vienne\" target=\"_blank\">\n\t\t\t\t\t\t<span class=\"elementor-button-content-wrapper\">\n\t\t\t\t\t\t\t\t\t<span class=\"elementor-button-text\">Je vais au magasin SPECIALIZED<\/span>\n\t\t\t\t\t<\/span>\n\t\t\t\t\t<\/a>\n\t\t\t\t<\/div>\n\t\t\t\t\t\t\t\t<\/div>\n\t\t\t\t<\/div>\n\t\t\t\t\t<\/div>\n\t\t\t\t<\/div>\n\t\t<div class=\"elementor-element elementor-element-e4e61d9 e-flex e-con-boxed e-con e-parent\" data-id=\"e4e61d9\" data-element_type=\"container\" data-e-type=\"container\">\n\t\t\t\t\t<div class=\"e-con-inner\">\n\t\t\t\t<div class=\"elementor-element elementor-element-168138d elementor-widget elementor-widget-text-editor\" data-id=\"168138d\" data-element_type=\"widget\" data-e-type=\"widget\" data-widget_type=\"text-editor.default\">\n\t\t\t\t<div class=\"elementor-widget-container\">\n\t\t\t\t\t\t\t\t\t<p>A D\u00e9couvrir aussi chez Specialized :<\/p><ul><li><a style=\"background-color: #ffffff; font-size: 1rem;\" href=\"https:\/\/www.cycles-blain.com\/fr\/velo\/velo-gravel\/nouveau-gravel-specialized-diverge-2026\/\" target=\"_blank\" rel=\"noopener\">Nouveaux gravel Diverge 4 2026<\/a><\/li><li><a href=\"https:\/\/www.cycles-blain.com\/fr\/velo\/velo-route\/specialized-aethos-2026\/\" target=\"_blank\" rel=\"noopener\">Nouveaux Specialized Aethos 2 2026<\/a> : le cadre le plus l\u00e9ger jamais commercialis\u00e9 avec moins de 600g !<\/li><\/ul>\t\t\t\t\t\t\t\t<\/div>\n\t\t\t\t<\/div>\n\t\t\t\t\t<\/div>\n\t\t\t\t<\/div>\n\t\t\t\t<\/div>\n\t\t","protected":false},"excerpt":{"rendered":"<p>Specialized am\u00e9liore ses v\u00e9los de routes Roubaix, Crux et Tarmac dans les gammes Pro, Expert et Comp en int\u00e9grant les nouveaut\u00e9s SRAM AXS&#8230;<\/p>\n","protected":false},"author":1,"featured_media":15347,"comment_status":"open","ping_status":"open","sticky":false,"template":"","format":"standard","meta":{"site-sidebar-layout":"default","site-content-layout":"","ast-site-content-layout":"default","site-content-style":"default","site-sidebar-style":"default","ast-global-header-display":"","ast-banner-title-visibility":"","ast-main-header-display":"","ast-hfb-above-header-display":"","ast-hfb-below-header-display":"","ast-hfb-mobile-header-display":"","site-post-title":"","ast-breadcrumbs-content":"","ast-featured-img":"","footer-sml-layout":"","theme-transparent-header-meta":"","adv-header-id-meta":"","stick-header-meta":"","header-above-stick-meta":"","header-main-stick-meta":"","header-below-stick-meta":"","astra-migrate-meta-layouts":"set","ast-page-background-enabled":"default","ast-page-background-meta":{"desktop":{"background-color":"","background-image":"","background-repeat":"repeat","background-position":"center center","background-size":"auto","background-attachment":"scroll","background-type":"","background-media":"","overlay-type":"","overlay-color":"","overlay-gradient":""},"tablet":{"background-color":"","background-image":"","background-repeat":"repeat","background-position":"center center","background-size":"auto","background-attachment":"scroll","background-type":"","background-media":"","overlay-type":"","overlay-color":"","overlay-gradient":""},"mobile":{"background-color":"","background-image":"","background-repeat":"repeat","background-position":"center center","background-size":"auto","background-attachment":"scroll","background-type":"","background-media":"","overlay-type":"","overlay-color":"","overlay-gradient":""}},"ast-content-background-meta":{"desktop":{"background-color":"var(--ast-global-color-5)","background-image":"","background-repeat":"repeat","background-position":"center center","background-size":"auto","background-attachment":"scroll","background-type":"","background-media":"","overlay-type":"","overlay-color":"","overlay-gradient":""},"tablet":{"background-color":"var(--ast-global-color-5)","background-image":"","background-repeat":"repeat","background-position":"center center","background-size":"auto","background-attachment":"scroll","background-type":"","background-media":"","overlay-type":"","overlay-color":"","overlay-gradient":""},"mobile":{"background-color":"var(--ast-global-color-5)","background-image":"","background-repeat":"repeat","background-position":"center center","background-size":"auto","background-attachment":"scroll","background-type":"","background-media":"","overlay-type":"","overlay-color":"","overlay-gradient":""}},"footnotes":""},"categories":[4,76,55],"tags":[352,353,178,354,351],"class_list":["post-15343","post","type-post","status-publish","format-standard","has-post-thumbnail","hentry","category-velo","category-magasin-vienne","category-velo-route","tag-crux","tag-roubaix","tag-specialized","tag-sram","tag-tarmac"],"yoast_head":"<!-- This site is optimized with the Yoast SEO plugin v27.5 - https:\/\/yoast.com\/product\/yoast-seo-wordpress\/ -->\n<title>Nouveaut\u00e9s Route Specialized : Tarmac, Crux et Roubaix - CyclesBlain - Magasins de v\u00e9los, accessoires et ateliers<\/title>\n<meta name=\"description\" content=\"Specialized am\u00e9liore ses v\u00e9los de routes Roubaix, Crux et Tarmac dans les gammes Pro, Expert et Comp en int\u00e9grant les nouveaut\u00e9s SRAM AXS...\" \/>\n<meta name=\"robots\" content=\"index, follow, max-snippet:-1, max-image-preview:large, max-video-preview:-1\" \/>\n<link rel=\"canonical\" href=\"https:\/\/www.cycles-blain.com\/fr\/velo\/nouveautes-route-specialized-2026\/\" \/>\n<meta property=\"og:locale\" content=\"fr_FR\" \/>\n<meta property=\"og:type\" content=\"article\" \/>\n<meta property=\"og:title\" content=\"Nouveaut\u00e9s Route Specialized : Tarmac, Crux et Roubaix - CyclesBlain - Magasins de v\u00e9los, accessoires et ateliers\" \/>\n<meta property=\"og:description\" content=\"Specialized am\u00e9liore ses v\u00e9los de routes Roubaix, Crux et Tarmac dans les gammes Pro, Expert et Comp en int\u00e9grant les nouveaut\u00e9s SRAM AXS...\" \/>\n<meta property=\"og:url\" content=\"https:\/\/www.cycles-blain.com\/fr\/velo\/nouveautes-route-specialized-2026\/\" \/>\n<meta property=\"og:site_name\" content=\"CyclesBlain - Magasins de v\u00e9los, accessoires et ateliers\" \/>\n<meta property=\"article:publisher\" content=\"https:\/\/www.facebook.com\/cyclesblain\/?locale=fr_FR\" \/>\n<meta property=\"article:published_time\" content=\"2025-06-19T09:06:31+00:00\" \/>\n<meta property=\"article:modified_time\" content=\"2025-10-06T09:23:19+00:00\" \/>\n<meta property=\"og:image\" content=\"https:\/\/www.cycles-blain.com\/fr\/wp-content\/uploads\/2025\/06\/route-specialized.webp\" \/>\n\t<meta property=\"og:image:width\" content=\"600\" \/>\n\t<meta property=\"og:image:height\" content=\"300\" \/>\n\t<meta property=\"og:image:type\" content=\"image\/webp\" \/>\n<meta name=\"author\" content=\"Gueweb\" \/>\n<meta name=\"twitter:card\" content=\"summary_large_image\" \/>\n<meta name=\"twitter:label1\" content=\"\u00c9crit par\" \/>\n\t<meta name=\"twitter:data1\" content=\"Gueweb\" \/>\n\t<meta name=\"twitter:label2\" content=\"Dur\u00e9e de lecture estim\u00e9e\" \/>\n\t<meta name=\"twitter:data2\" content=\"1 minute\" \/>\n<script type=\"application\/ld+json\" class=\"yoast-schema-graph\">{\"@context\":\"https:\\\/\\\/schema.org\",\"@graph\":[{\"@type\":\"Article\",\"@id\":\"https:\\\/\\\/www.cycles-blain.com\\\/fr\\\/velo\\\/nouveautes-route-specialized-2026\\\/#article\",\"isPartOf\":{\"@id\":\"https:\\\/\\\/www.cycles-blain.com\\\/fr\\\/velo\\\/nouveautes-route-specialized-2026\\\/\"},\"author\":{\"name\":\"Gueweb\",\"@id\":\"https:\\\/\\\/www.cycles-blain.com\\\/fr\\\/#\\\/schema\\\/person\\\/6fb8bad852fde893fb61b7b05936af37\"},\"headline\":\"Nouveaut\u00e9s Route Specialized : Tarmac, Crux et Roubaix\",\"datePublished\":\"2025-06-19T09:06:31+00:00\",\"dateModified\":\"2025-10-06T09:23:19+00:00\",\"mainEntityOfPage\":{\"@id\":\"https:\\\/\\\/www.cycles-blain.com\\\/fr\\\/velo\\\/nouveautes-route-specialized-2026\\\/\"},\"wordCount\":172,\"commentCount\":0,\"publisher\":{\"@id\":\"https:\\\/\\\/www.cycles-blain.com\\\/fr\\\/#organization\"},\"image\":{\"@id\":\"https:\\\/\\\/www.cycles-blain.com\\\/fr\\\/velo\\\/nouveautes-route-specialized-2026\\\/#primaryimage\"},\"thumbnailUrl\":\"https:\\\/\\\/www.cycles-blain.com\\\/fr\\\/wp-content\\\/uploads\\\/2025\\\/06\\\/route-specialized.webp\",\"keywords\":[\"crux\",\"roubaix\",\"specialized\",\"sram\",\"tarmac\"],\"articleSection\":[\"Actus V\u00e9lo\",\"Magasin Vienne\",\"V\u00e9lo de route\"],\"inLanguage\":\"fr-FR\",\"potentialAction\":[{\"@type\":\"CommentAction\",\"name\":\"Comment\",\"target\":[\"https:\\\/\\\/www.cycles-blain.com\\\/fr\\\/velo\\\/nouveautes-route-specialized-2026\\\/#respond\"]}]},{\"@type\":\"WebPage\",\"@id\":\"https:\\\/\\\/www.cycles-blain.com\\\/fr\\\/velo\\\/nouveautes-route-specialized-2026\\\/\",\"url\":\"https:\\\/\\\/www.cycles-blain.com\\\/fr\\\/velo\\\/nouveautes-route-specialized-2026\\\/\",\"name\":\"Nouveaut\u00e9s Route Specialized : Tarmac, Crux et Roubaix - CyclesBlain - Magasins de v\u00e9los, accessoires et ateliers\",\"isPartOf\":{\"@id\":\"https:\\\/\\\/www.cycles-blain.com\\\/fr\\\/#website\"},\"primaryImageOfPage\":{\"@id\":\"https:\\\/\\\/www.cycles-blain.com\\\/fr\\\/velo\\\/nouveautes-route-specialized-2026\\\/#primaryimage\"},\"image\":{\"@id\":\"https:\\\/\\\/www.cycles-blain.com\\\/fr\\\/velo\\\/nouveautes-route-specialized-2026\\\/#primaryimage\"},\"thumbnailUrl\":\"https:\\\/\\\/www.cycles-blain.com\\\/fr\\\/wp-content\\\/uploads\\\/2025\\\/06\\\/route-specialized.webp\",\"datePublished\":\"2025-06-19T09:06:31+00:00\",\"dateModified\":\"2025-10-06T09:23:19+00:00\",\"description\":\"Specialized am\u00e9liore ses v\u00e9los de routes Roubaix, Crux et Tarmac dans les gammes Pro, Expert et Comp en int\u00e9grant les nouveaut\u00e9s SRAM AXS...\",\"breadcrumb\":{\"@id\":\"https:\\\/\\\/www.cycles-blain.com\\\/fr\\\/velo\\\/nouveautes-route-specialized-2026\\\/#breadcrumb\"},\"inLanguage\":\"fr-FR\",\"potentialAction\":[{\"@type\":\"ReadAction\",\"target\":[\"https:\\\/\\\/www.cycles-blain.com\\\/fr\\\/velo\\\/nouveautes-route-specialized-2026\\\/\"]}]},{\"@type\":\"ImageObject\",\"inLanguage\":\"fr-FR\",\"@id\":\"https:\\\/\\\/www.cycles-blain.com\\\/fr\\\/velo\\\/nouveautes-route-specialized-2026\\\/#primaryimage\",\"url\":\"https:\\\/\\\/www.cycles-blain.com\\\/fr\\\/wp-content\\\/uploads\\\/2025\\\/06\\\/route-specialized.webp\",\"contentUrl\":\"https:\\\/\\\/www.cycles-blain.com\\\/fr\\\/wp-content\\\/uploads\\\/2025\\\/06\\\/route-specialized.webp\",\"width\":600,\"height\":300,\"caption\":\"Nouveaut\u00e9s Route Specialized 2026\"},{\"@type\":\"BreadcrumbList\",\"@id\":\"https:\\\/\\\/www.cycles-blain.com\\\/fr\\\/velo\\\/nouveautes-route-specialized-2026\\\/#breadcrumb\",\"itemListElement\":[{\"@type\":\"ListItem\",\"position\":1,\"name\":\"Accueil\",\"item\":\"https:\\\/\\\/www.cycles-blain.com\\\/fr\\\/\"},{\"@type\":\"ListItem\",\"position\":2,\"name\":\"Nouveaut\u00e9s Route Specialized : Tarmac, Crux et Roubaix\"}]},{\"@type\":\"WebSite\",\"@id\":\"https:\\\/\\\/www.cycles-blain.com\\\/fr\\\/#website\",\"url\":\"https:\\\/\\\/www.cycles-blain.com\\\/fr\\\/\",\"name\":\"CyclesBlain - Magasins de v\u00e9los, accessoires et ateliers\",\"description\":\"Blog Cycles Blain\",\"publisher\":{\"@id\":\"https:\\\/\\\/www.cycles-blain.com\\\/fr\\\/#organization\"},\"potentialAction\":[{\"@type\":\"SearchAction\",\"target\":{\"@type\":\"EntryPoint\",\"urlTemplate\":\"https:\\\/\\\/www.cycles-blain.com\\\/fr\\\/?s={search_term_string}\"},\"query-input\":{\"@type\":\"PropertyValueSpecification\",\"valueRequired\":true,\"valueName\":\"search_term_string\"}}],\"inLanguage\":\"fr-FR\"},{\"@type\":\"Organization\",\"@id\":\"https:\\\/\\\/www.cycles-blain.com\\\/fr\\\/#organization\",\"name\":\"CyclesBlain - Magasins de v\u00e9los, accessoires et ateliers\",\"url\":\"https:\\\/\\\/www.cycles-blain.com\\\/fr\\\/\",\"logo\":{\"@type\":\"ImageObject\",\"inLanguage\":\"fr-FR\",\"@id\":\"https:\\\/\\\/www.cycles-blain.com\\\/fr\\\/#\\\/schema\\\/logo\\\/image\\\/\",\"url\":\"https:\\\/\\\/www.cycles-blain.com\\\/fr\\\/wp-content\\\/uploads\\\/2023\\\/10\\\/logo-cycles-blain.jpeg\",\"contentUrl\":\"https:\\\/\\\/www.cycles-blain.com\\\/fr\\\/wp-content\\\/uploads\\\/2023\\\/10\\\/logo-cycles-blain.jpeg\",\"width\":264,\"height\":191,\"caption\":\"CyclesBlain - Magasins de v\u00e9los, accessoires et ateliers\"},\"image\":{\"@id\":\"https:\\\/\\\/www.cycles-blain.com\\\/fr\\\/#\\\/schema\\\/logo\\\/image\\\/\"},\"sameAs\":[\"https:\\\/\\\/www.facebook.com\\\/cyclesblain\\\/?locale=fr_FR\",\"https:\\\/\\\/www.instagram.com\\\/cycles_blain\\\/?hl=fr\"]},{\"@type\":\"Person\",\"@id\":\"https:\\\/\\\/www.cycles-blain.com\\\/fr\\\/#\\\/schema\\\/person\\\/6fb8bad852fde893fb61b7b05936af37\",\"name\":\"Gueweb\",\"image\":{\"@type\":\"ImageObject\",\"inLanguage\":\"fr-FR\",\"@id\":\"https:\\\/\\\/secure.gravatar.com\\\/avatar\\\/52550bc594eb074508114b963209b157358b27e5a0319de1bb723df3f760ca2d?s=96&d=mm&r=g\",\"url\":\"https:\\\/\\\/secure.gravatar.com\\\/avatar\\\/52550bc594eb074508114b963209b157358b27e5a0319de1bb723df3f760ca2d?s=96&d=mm&r=g\",\"contentUrl\":\"https:\\\/\\\/secure.gravatar.com\\\/avatar\\\/52550bc594eb074508114b963209b157358b27e5a0319de1bb723df3f760ca2d?s=96&d=mm&r=g\",\"caption\":\"Gueweb\"},\"sameAs\":[\"https:\\\/\\\/www.cycles-blain.com\\\/\\\/fr\"],\"url\":\"https:\\\/\\\/www.cycles-blain.com\\\/fr\\\/author\\\/gueweb\\\/\"}]}<\/script>\n<!-- \/ Yoast SEO plugin. -->","yoast_head_json":{"title":"Nouveaut\u00e9s Route Specialized : Tarmac, Crux et Roubaix - CyclesBlain - Magasins de v\u00e9los, accessoires et ateliers","description":"Specialized am\u00e9liore ses v\u00e9los de routes Roubaix, Crux et Tarmac dans les gammes Pro, Expert et Comp en int\u00e9grant les nouveaut\u00e9s SRAM AXS...","robots":{"index":"index","follow":"follow","max-snippet":"max-snippet:-1","max-image-preview":"max-image-preview:large","max-video-preview":"max-video-preview:-1"},"canonical":"https:\/\/www.cycles-blain.com\/fr\/velo\/nouveautes-route-specialized-2026\/","og_locale":"fr_FR","og_type":"article","og_title":"Nouveaut\u00e9s Route Specialized : Tarmac, Crux et Roubaix - CyclesBlain - Magasins de v\u00e9los, accessoires et ateliers","og_description":"Specialized am\u00e9liore ses v\u00e9los de routes Roubaix, Crux et Tarmac dans les gammes Pro, Expert et Comp en int\u00e9grant les nouveaut\u00e9s SRAM AXS...","og_url":"https:\/\/www.cycles-blain.com\/fr\/velo\/nouveautes-route-specialized-2026\/","og_site_name":"CyclesBlain - Magasins de v\u00e9los, accessoires et ateliers","article_publisher":"https:\/\/www.facebook.com\/cyclesblain\/?locale=fr_FR","article_published_time":"2025-06-19T09:06:31+00:00","article_modified_time":"2025-10-06T09:23:19+00:00","og_image":[{"width":600,"height":300,"url":"https:\/\/www.cycles-blain.com\/fr\/wp-content\/uploads\/2025\/06\/route-specialized.webp","type":"image\/webp"}],"author":"Gueweb","twitter_card":"summary_large_image","twitter_misc":{"\u00c9crit par":"Gueweb","Dur\u00e9e de lecture estim\u00e9e":"1 minute"},"schema":{"@context":"https:\/\/schema.org","@graph":[{"@type":"Article","@id":"https:\/\/www.cycles-blain.com\/fr\/velo\/nouveautes-route-specialized-2026\/#article","isPartOf":{"@id":"https:\/\/www.cycles-blain.com\/fr\/velo\/nouveautes-route-specialized-2026\/"},"author":{"name":"Gueweb","@id":"https:\/\/www.cycles-blain.com\/fr\/#\/schema\/person\/6fb8bad852fde893fb61b7b05936af37"},"headline":"Nouveaut\u00e9s Route Specialized : Tarmac, Crux et Roubaix","datePublished":"2025-06-19T09:06:31+00:00","dateModified":"2025-10-06T09:23:19+00:00","mainEntityOfPage":{"@id":"https:\/\/www.cycles-blain.com\/fr\/velo\/nouveautes-route-specialized-2026\/"},"wordCount":172,"commentCount":0,"publisher":{"@id":"https:\/\/www.cycles-blain.com\/fr\/#organization"},"image":{"@id":"https:\/\/www.cycles-blain.com\/fr\/velo\/nouveautes-route-specialized-2026\/#primaryimage"},"thumbnailUrl":"https:\/\/www.cycles-blain.com\/fr\/wp-content\/uploads\/2025\/06\/route-specialized.webp","keywords":["crux","roubaix","specialized","sram","tarmac"],"articleSection":["Actus V\u00e9lo","Magasin Vienne","V\u00e9lo de route"],"inLanguage":"fr-FR","potentialAction":[{"@type":"CommentAction","name":"Comment","target":["https:\/\/www.cycles-blain.com\/fr\/velo\/nouveautes-route-specialized-2026\/#respond"]}]},{"@type":"WebPage","@id":"https:\/\/www.cycles-blain.com\/fr\/velo\/nouveautes-route-specialized-2026\/","url":"https:\/\/www.cycles-blain.com\/fr\/velo\/nouveautes-route-specialized-2026\/","name":"Nouveaut\u00e9s Route Specialized : Tarmac, Crux et Roubaix - CyclesBlain - Magasins de v\u00e9los, accessoires et ateliers","isPartOf":{"@id":"https:\/\/www.cycles-blain.com\/fr\/#website"},"primaryImageOfPage":{"@id":"https:\/\/www.cycles-blain.com\/fr\/velo\/nouveautes-route-specialized-2026\/#primaryimage"},"image":{"@id":"https:\/\/www.cycles-blain.com\/fr\/velo\/nouveautes-route-specialized-2026\/#primaryimage"},"thumbnailUrl":"https:\/\/www.cycles-blain.com\/fr\/wp-content\/uploads\/2025\/06\/route-specialized.webp","datePublished":"2025-06-19T09:06:31+00:00","dateModified":"2025-10-06T09:23:19+00:00","description":"Specialized am\u00e9liore ses v\u00e9los de routes Roubaix, Crux et Tarmac dans les gammes Pro, Expert et Comp en int\u00e9grant les nouveaut\u00e9s SRAM AXS...","breadcrumb":{"@id":"https:\/\/www.cycles-blain.com\/fr\/velo\/nouveautes-route-specialized-2026\/#breadcrumb"},"inLanguage":"fr-FR","potentialAction":[{"@type":"ReadAction","target":["https:\/\/www.cycles-blain.com\/fr\/velo\/nouveautes-route-specialized-2026\/"]}]},{"@type":"ImageObject","inLanguage":"fr-FR","@id":"https:\/\/www.cycles-blain.com\/fr\/velo\/nouveautes-route-specialized-2026\/#primaryimage","url":"https:\/\/www.cycles-blain.com\/fr\/wp-content\/uploads\/2025\/06\/route-specialized.webp","contentUrl":"https:\/\/www.cycles-blain.com\/fr\/wp-content\/uploads\/2025\/06\/route-specialized.webp","width":600,"height":300,"caption":"Nouveaut\u00e9s Route Specialized 2026"},{"@type":"BreadcrumbList","@id":"https:\/\/www.cycles-blain.com\/fr\/velo\/nouveautes-route-specialized-2026\/#breadcrumb","itemListElement":[{"@type":"ListItem","position":1,"name":"Accueil","item":"https:\/\/www.cycles-blain.com\/fr\/"},{"@type":"ListItem","position":2,"name":"Nouveaut\u00e9s Route Specialized : Tarmac, Crux et Roubaix"}]},{"@type":"WebSite","@id":"https:\/\/www.cycles-blain.com\/fr\/#website","url":"https:\/\/www.cycles-blain.com\/fr\/","name":"CyclesBlain - Magasins de v\u00e9los, accessoires et ateliers","description":"Blog Cycles Blain","publisher":{"@id":"https:\/\/www.cycles-blain.com\/fr\/#organization"},"potentialAction":[{"@type":"SearchAction","target":{"@type":"EntryPoint","urlTemplate":"https:\/\/www.cycles-blain.com\/fr\/?s={search_term_string}"},"query-input":{"@type":"PropertyValueSpecification","valueRequired":true,"valueName":"search_term_string"}}],"inLanguage":"fr-FR"},{"@type":"Organization","@id":"https:\/\/www.cycles-blain.com\/fr\/#organization","name":"CyclesBlain - Magasins de v\u00e9los, accessoires et ateliers","url":"https:\/\/www.cycles-blain.com\/fr\/","logo":{"@type":"ImageObject","inLanguage":"fr-FR","@id":"https:\/\/www.cycles-blain.com\/fr\/#\/schema\/logo\/image\/","url":"https:\/\/www.cycles-blain.com\/fr\/wp-content\/uploads\/2023\/10\/logo-cycles-blain.jpeg","contentUrl":"https:\/\/www.cycles-blain.com\/fr\/wp-content\/uploads\/2023\/10\/logo-cycles-blain.jpeg","width":264,"height":191,"caption":"CyclesBlain - Magasins de v\u00e9los, accessoires et ateliers"},"image":{"@id":"https:\/\/www.cycles-blain.com\/fr\/#\/schema\/logo\/image\/"},"sameAs":["https:\/\/www.facebook.com\/cyclesblain\/?locale=fr_FR","https:\/\/www.instagram.com\/cycles_blain\/?hl=fr"]},{"@type":"Person","@id":"https:\/\/www.cycles-blain.com\/fr\/#\/schema\/person\/6fb8bad852fde893fb61b7b05936af37","name":"Gueweb","image":{"@type":"ImageObject","inLanguage":"fr-FR","@id":"https:\/\/secure.gravatar.com\/avatar\/52550bc594eb074508114b963209b157358b27e5a0319de1bb723df3f760ca2d?s=96&d=mm&r=g","url":"https:\/\/secure.gravatar.com\/avatar\/52550bc594eb074508114b963209b157358b27e5a0319de1bb723df3f760ca2d?s=96&d=mm&r=g","contentUrl":"https:\/\/secure.gravatar.com\/avatar\/52550bc594eb074508114b963209b157358b27e5a0319de1bb723df3f760ca2d?s=96&d=mm&r=g","caption":"Gueweb"},"sameAs":["https:\/\/www.cycles-blain.com\/\/fr"],"url":"https:\/\/www.cycles-blain.com\/fr\/author\/gueweb\/"}]}},"_links":{"self":[{"href":"https:\/\/www.cycles-blain.com\/fr\/wp-json\/wp\/v2\/posts\/15343","targetHints":{"allow":["GET"]}}],"collection":[{"href":"https:\/\/www.cycles-blain.com\/fr\/wp-json\/wp\/v2\/posts"}],"about":[{"href":"https:\/\/www.cycles-blain.com\/fr\/wp-json\/wp\/v2\/types\/post"}],"author":[{"embeddable":true,"href":"https:\/\/www.cycles-blain.com\/fr\/wp-json\/wp\/v2\/users\/1"}],"replies":[{"embeddable":true,"href":"https:\/\/www.cycles-blain.com\/fr\/wp-json\/wp\/v2\/comments?post=15343"}],"version-history":[{"count":23,"href":"https:\/\/www.cycles-blain.com\/fr\/wp-json\/wp\/v2\/posts\/15343\/revisions"}],"predecessor-version":[{"id":17576,"href":"https:\/\/www.cycles-blain.com\/fr\/wp-json\/wp\/v2\/posts\/15343\/revisions\/17576"}],"wp:featuredmedia":[{"embeddable":true,"href":"https:\/\/www.cycles-blain.com\/fr\/wp-json\/wp\/v2\/media\/15347"}],"wp:attachment":[{"href":"https:\/\/www.cycles-blain.com\/fr\/wp-json\/wp\/v2\/media?parent=15343"}],"wp:term":[{"taxonomy":"category","embeddable":true,"href":"https:\/\/www.cycles-blain.com\/fr\/wp-json\/wp\/v2\/categories?post=15343"},{"taxonomy":"post_tag","embeddable":true,"href":"https:\/\/www.cycles-blain.com\/fr\/wp-json\/wp\/v2\/tags?post=15343"}],"curies":[{"name":"wp","href":"https:\/\/api.w.org\/{rel}","templated":true}]}}