{"id":15428,"date":"2025-06-27T09:17:07","date_gmt":"2025-06-27T07:17:07","guid":{"rendered":"https:\/\/www.cycles-blain.com\/fr\/?p=15428"},"modified":"2025-07-01T15:56:34","modified_gmt":"2025-07-01T13:56:34","slug":"velo-trekking-orbea-muga-2026","status":"publish","type":"post","link":"https:\/\/www.cycles-blain.com\/fr\/velo\/velo-trekking\/velo-trekking-orbea-muga-2026\/","title":{"rendered":"Nouveau v\u00e9lo de trekking Orbea Muga 2026"},"content":{"rendered":"\t\t<div data-elementor-type=\"wp-post\" data-elementor-id=\"15428\" class=\"elementor elementor-15428\" data-elementor-post-type=\"post\">\n\t\t\t\t<div class=\"elementor-element elementor-element-98b9b9c e-flex e-con-boxed e-con e-parent\" data-id=\"98b9b9c\" data-element_type=\"container\" data-e-type=\"container\">\n\t\t\t\t\t<div class=\"e-con-inner\">\n\t\t\t\t<div class=\"elementor-element elementor-element-fc86b95 elementor-widget elementor-widget-text-editor\" data-id=\"fc86b95\" data-element_type=\"widget\" data-e-type=\"widget\" data-widget_type=\"text-editor.default\">\n\t\t\t\t<div class=\"elementor-widget-container\">\n\t\t\t\t\t\t\t\t\t<p><i>Orbea nous pr\u00e9sente, l&rsquo;Orbea Muga 2026, un nouveau vtc \u00e9lectrique haut de gamme orient\u00e9 \u00ab\u00a0Trekking\u00a0\u00bb, \u00ab\u00a0randonn\u00e9e\u00a0\u00bb, \u00ab\u00a0voyage\u00a0\u00bb en 3 versions aussi \u00e0 l&rsquo;aise en ville que sur les chemins les plus exigeants avec de nombreux arguments&#8230;<\/i><\/p>\t\t\t\t\t\t\t\t<\/div>\n\t\t\t\t<\/div>\n\t\t\t\t\t<\/div>\n\t\t\t\t<\/div>\n\t\t<div class=\"elementor-element elementor-element-f1b2a83 e-flex e-con-boxed e-con e-parent\" data-id=\"f1b2a83\" data-element_type=\"container\" data-e-type=\"container\">\n\t\t\t\t\t<div class=\"e-con-inner\">\n\t\t\t\t<div class=\"elementor-element elementor-element-2798072 elementor-widget elementor-widget-heading\" data-id=\"2798072\" data-element_type=\"widget\" data-e-type=\"widget\" data-widget_type=\"heading.default\">\n\t\t\t\t<div class=\"elementor-widget-container\">\n\t\t\t\t\t<h3 class=\"elementor-heading-title elementor-size-default\">Un v\u00e9lo de trekking - randonn\u00e9e polyvalent<\/h3>\t\t\t\t<\/div>\n\t\t\t\t<\/div>\n\t\t\t\t\t<\/div>\n\t\t\t\t<\/div>\n\t\t<div class=\"elementor-element elementor-element-78319e4 e-flex e-con-boxed e-con e-parent\" data-id=\"78319e4\" data-element_type=\"container\" data-e-type=\"container\">\n\t\t\t\t\t<div class=\"e-con-inner\">\n\t\t\t\t<div class=\"elementor-element elementor-element-89c2a31 elementor-widget elementor-widget-text-editor\" data-id=\"89c2a31\" data-element_type=\"widget\" data-e-type=\"widget\" data-widget_type=\"text-editor.default\">\n\t\t\t\t<div class=\"elementor-widget-container\">\n\t\t\t\t\t\t\t\t\t<p>L&rsquo;Orbea Muga 2026, se pr\u00e9sente comme un vtc \u00e9lectrique Premium \u00e9quip\u00e9 pour s&rsquo;aventurer sur les chemins les plus exigeants et les plus longs : Le Muga est id\u00e9al comme v\u00e9lo de tous les jours ou pour le velotaf, mais aussi pour partir en randonn\u00e9e, en voyage ou en trekking sans avoir besoin d&rsquo;un v\u00e9lo d\u00e9di\u00e9 :\u00a0<\/p><ul><li>Moteur Bosch CX et batterie \u00e0 partir de 600Wh pour avoir une assistance fluide et longue sur les longs trajets notamment en 750 wh.<\/li><li>Une position de conduite id\u00e9ale, stable et s\u00fbre avec un cadre bien \u00e9quilibr\u00e9<\/li><li>Un cadre tout suspendu avec des suspensions performantes pour un maximum de confort et de polyvalence se rapprochant du VTT.<\/li><li>Un nouveau cockpit ajustable,<\/li><li>De nombreux accessoires et \u00e9quipements disponibles pour tout faire : velotaf, voyages, randonn\u00e9es, loisirs&#8230;<\/li><\/ul>\t\t\t\t\t\t\t\t<\/div>\n\t\t\t\t<\/div>\n\t\t\t\t\t<\/div>\n\t\t\t\t<\/div>\n\t\t<div class=\"elementor-element elementor-element-6da6045 e-flex e-con-boxed e-con e-parent\" data-id=\"6da6045\" data-element_type=\"container\" data-e-type=\"container\">\n\t\t\t\t\t<div class=\"e-con-inner\">\n\t\t\t\t<div class=\"elementor-element elementor-element-64814b3 elementor-widget elementor-widget-heading\" data-id=\"64814b3\" data-element_type=\"widget\" data-e-type=\"widget\" data-widget_type=\"heading.default\">\n\t\t\t\t<div class=\"elementor-widget-container\">\n\t\t\t\t\t<h2 class=\"elementor-heading-title elementor-size-default\">Orbea Muga 2026 : 3 versions<\/h2>\t\t\t\t<\/div>\n\t\t\t\t<\/div>\n\t\t\t\t\t<\/div>\n\t\t\t\t<\/div>\n\t\t<div class=\"elementor-element elementor-element-a48ef4a e-flex e-con-boxed e-con e-parent\" data-id=\"a48ef4a\" data-element_type=\"container\" data-e-type=\"container\">\n\t\t\t\t\t<div class=\"e-con-inner\">\n\t\t\t\t<div class=\"elementor-element elementor-element-05c1206 elementor-widget elementor-widget-text-editor\" data-id=\"05c1206\" data-element_type=\"widget\" data-e-type=\"widget\" data-widget_type=\"text-editor.default\">\n\t\t\t\t<div class=\"elementor-widget-container\">\n\t\t\t\t\t\t\t\t\t<p>Orbea propose 3 versions et 3 couleurs de son vtc Muga 2026 avec un positionnement plut\u00f4t haut de gamme au vu du niveau d&rsquo;\u00e9quipement et de la qualit\u00e9 des composants et des finitions :\u00a0<\/p><ul><li><a href=\"https:\/\/www.cycles-blain.com\/velo-trekking-electrique\/1615-2838-muga-10-2026-orbea.html\" target=\"_blank\" rel=\"noopener\">Orbea Muga 10 2026<\/a>\u00a0\u00e0 partir de 7 099\u20ac avec une batterie de 750 Wh, Transmission <b>automatique,\u00a0<\/b>Fourche Fox Alw<\/li><li><a href=\"https:\/\/www.cycles-blain.com\/velo-trekking-electrique\/1614-2836-muga-20-2026-orbea.html\" target=\"_blank\" rel=\"noopener\">Orbea Muga 20 2026<\/a>\u00a0\u00e0 partir de 5 099\u20ac avec une batterie de 750 Wh, Transmission <b>\u00e9lectronique<\/b>, Fourche Fox Alw<\/li><li><a href=\"https:\/\/www.cycles-blain.com\/velo-trekking-electrique\/1613-2834-muga-30-2026-orbea.html\" target=\"_blank\" rel=\"noopener\">Orbea Muga 30 2026<\/a>\u00a0\u00e0 partir de 4 999\u20ac avec une batterie de 600 Wh, Shimano Cues et Fourche Suntour<\/li><\/ul><div>\u00a0<\/div><div>Des questions ? ce v\u00e9lo vous int\u00e9resse ? n&rsquo;h\u00e9sitez \u00e0 nous \u00e9crire ou \u00e0 nous rendre visite en magasins Orbea sur Lyon,\u00a0<a href=\"https:\/\/www.cycles-blain.com\/content\/8-magasin-velo-brignais\" target=\"_blank\" rel=\"noopener\">Brignais\u00a0<\/a>ou\u00a0<a href=\"https:\/\/www.cycles-blain.com\/content\/16-magasin-velos-ecully\" target=\"_blank\" rel=\"noopener\">Ecully\u00a0<\/a>ou\u00a0<a href=\"https:\/\/www.cycles-blain.com\/content\/9-magasin-velos-craponne\" target=\"_blank\" rel=\"noopener\">Craponne\u00a0<\/a>!<\/div>\t\t\t\t\t\t\t\t<\/div>\n\t\t\t\t<\/div>\n\t\t\t\t<div class=\"elementor-element elementor-element-95d1d22 elementor-align-center elementor-widget elementor-widget-button\" data-id=\"95d1d22\" data-element_type=\"widget\" data-e-type=\"widget\" data-widget_type=\"button.default\">\n\t\t\t\t<div class=\"elementor-widget-container\">\n\t\t\t\t\t\t\t\t\t<div class=\"elementor-button-wrapper\">\n\t\t\t\t\t<a class=\"elementor-button elementor-button-link elementor-size-sm\" href=\"https:\/\/www.cycles-blain.com\/30-velo-trekking-electrique\">\n\t\t\t\t\t\t<span class=\"elementor-button-content-wrapper\">\n\t\t\t\t\t\t\t\t\t<span class=\"elementor-button-text\">Je trouve mon v\u00e9lo de Trekking<\/span>\n\t\t\t\t\t<\/span>\n\t\t\t\t\t<\/a>\n\t\t\t\t<\/div>\n\t\t\t\t\t\t\t\t<\/div>\n\t\t\t\t<\/div>\n\t\t\t\t\t<\/div>\n\t\t\t\t<\/div>\n\t\t<div class=\"elementor-element elementor-element-a704dc7 e-flex e-con-boxed e-con e-parent\" data-id=\"a704dc7\" data-element_type=\"container\" data-e-type=\"container\">\n\t\t\t\t\t<div class=\"e-con-inner\">\n\t\t\t\t<div class=\"elementor-element elementor-element-3266469 elementor-widget elementor-widget-video\" data-id=\"3266469\" data-element_type=\"widget\" data-e-type=\"widget\" data-settings=\"{&quot;youtube_url&quot;:&quot;https:\\\/\\\/youtu.be\\\/83yXrvevysE?si=4B5S2T6dh1RaiaC5&quot;,&quot;video_type&quot;:&quot;youtube&quot;,&quot;controls&quot;:&quot;yes&quot;}\" data-widget_type=\"video.default\">\n\t\t\t\t<div class=\"elementor-widget-container\">\n\t\t\t\t\t\t\t<div class=\"elementor-wrapper elementor-open-inline\">\n\t\t\t<div class=\"elementor-video\"><\/div>\t\t<\/div>\n\t\t\t\t\t\t<\/div>\n\t\t\t\t<\/div>\n\t\t\t\t<div class=\"elementor-element elementor-element-ff8e20f elementor-widget elementor-widget-heading\" data-id=\"ff8e20f\" data-element_type=\"widget\" data-e-type=\"widget\" data-widget_type=\"heading.default\">\n\t\t\t\t<div class=\"elementor-widget-container\">\n\t\t\t\t\t<h4 class=\"elementor-heading-title elementor-size-default\">V\u00e9lo de Trekking - Randonn\u00e9e : A lire aussi : <\/h4>\t\t\t\t<\/div>\n\t\t\t\t<\/div>\n\t\t\t\t\t<\/div>\n\t\t\t\t<\/div>\n\t\t<div class=\"elementor-element elementor-element-26f3fe7 e-flex e-con-boxed e-con e-parent\" data-id=\"26f3fe7\" data-element_type=\"container\" data-e-type=\"container\">\n\t\t\t\t\t<div class=\"e-con-inner\">\n\t\t\t\t<div class=\"elementor-element elementor-element-99404d8 elementor-widget elementor-widget-text-editor\" data-id=\"99404d8\" data-element_type=\"widget\" data-e-type=\"widget\" data-widget_type=\"text-editor.default\">\n\t\t\t\t<div class=\"elementor-widget-container\">\n\t\t\t\t\t\t\t\t\t<ul>\n<li><a href=\"https:\/\/www.cycles-blain.com\/content\/83-guide-velo-trekking-randonnee-voyage\" target=\"_blank\">Guide pour choisir son v\u00e9lo de Trekking &#8211; Voyage &#8211; Randonn\u00e9e<\/a><\/li>\n<li><a href=\"https:\/\/www.cycles-blain.com\/fr\/velo\/velo-trekking\/velo-de-trekking-le-compagnon-ideal-pour-vos-aventures\/\" target=\"_blank\" rel=\"noopener\">V\u00e9lo de Trekking : Le compagnon id\u00e9al pour en aventures en v\u00e9los<\/a><\/li>\n<li><a href=\"https:\/\/www.cycles-blain.com\/fr\/magasins-velo\/anytour-giant-2024\/\" target=\"_blank\" rel=\"noopener\">Nouveau v\u00e9lo de Trekking : Giant Anytour<\/a><\/li>\n<\/ul>\t\t\t\t\t\t\t\t<\/div>\n\t\t\t\t<\/div>\n\t\t\t\t\t<\/div>\n\t\t\t\t<\/div>\n\t\t\t\t<\/div>\n\t\t","protected":false},"excerpt":{"rendered":"<p>Nouveau v\u00e9lo de Trekking voyage randonn\u00e9es, Orbea Muga 2026 : un vtc \u00e9lectrique de randonn\u00e9es haut de gamme polyvalent<\/p>\n","protected":false},"author":1,"featured_media":15452,"comment_status":"open","ping_status":"open","sticky":false,"template":"","format":"standard","meta":{"site-sidebar-layout":"default","site-content-layout":"","ast-site-content-layout":"default","site-content-style":"default","site-sidebar-style":"default","ast-global-header-display":"","ast-banner-title-visibility":"","ast-main-header-display":"","ast-hfb-above-header-display":"","ast-hfb-below-header-display":"","ast-hfb-mobile-header-display":"","site-post-title":"","ast-breadcrumbs-content":"","ast-featured-img":"","footer-sml-layout":"","theme-transparent-header-meta":"","adv-header-id-meta":"","stick-header-meta":"","header-above-stick-meta":"","header-main-stick-meta":"","header-below-stick-meta":"","astra-migrate-meta-layouts":"set","ast-page-background-enabled":"default","ast-page-background-meta":{"desktop":{"background-color":"","background-image":"","background-repeat":"repeat","background-position":"center center","background-size":"auto","background-attachment":"scroll","background-type":"","background-media":"","overlay-type":"","overlay-color":"","overlay-gradient":""},"tablet":{"background-color":"","background-image":"","background-repeat":"repeat","background-position":"center center","background-size":"auto","background-attachment":"scroll","background-type":"","background-media":"","overlay-type":"","overlay-color":"","overlay-gradient":""},"mobile":{"background-color":"","background-image":"","background-repeat":"repeat","background-position":"center center","background-size":"auto","background-attachment":"scroll","background-type":"","background-media":"","overlay-type":"","overlay-color":"","overlay-gradient":""}},"ast-content-background-meta":{"desktop":{"background-color":"var(--ast-global-color-5)","background-image":"","background-repeat":"repeat","background-position":"center center","background-size":"auto","background-attachment":"scroll","background-type":"","background-media":"","overlay-type":"","overlay-color":"","overlay-gradient":""},"tablet":{"background-color":"var(--ast-global-color-5)","background-image":"","background-repeat":"repeat","background-position":"center center","background-size":"auto","background-attachment":"scroll","background-type":"","background-media":"","overlay-type":"","overlay-color":"","overlay-gradient":""},"mobile":{"background-color":"var(--ast-global-color-5)","background-image":"","background-repeat":"repeat","background-position":"center center","background-size":"auto","background-attachment":"scroll","background-type":"","background-media":"","overlay-type":"","overlay-color":"","overlay-gradient":""}},"footnotes":""},"categories":[6,4,7,78,79,18,314,54],"tags":[96,357,313,358],"class_list":["post-15428","post","type-post","status-publish","format-standard","has-post-thumbnail","hentry","category-magasins-velo","category-velo","category-magasin-brignais","category-magasin-craponne","category-magasin-ecully","category-tourisme-velo","category-velo-trekking","category-vtc-electrique","tag-orbea","tag-trekking","tag-velo-randonnee","tag-voyage"],"yoast_head":"<!-- This site is optimized with the Yoast SEO plugin v27.5 - https:\/\/yoast.com\/product\/yoast-seo-wordpress\/ -->\n<title>Nouveau v\u00e9lo de trekking Orbea Muga 2026 - CYCLES BLAIN<\/title>\n<meta name=\"description\" content=\"Nouveau v\u00e9lo de Trekking voyage randonn\u00e9es, Orbea Muga 2026 : un vtc \u00e9lectrique de randonn\u00e9es haut de gamme polyvalent\" \/>\n<meta name=\"robots\" content=\"index, follow, max-snippet:-1, max-image-preview:large, max-video-preview:-1\" \/>\n<link rel=\"canonical\" href=\"https:\/\/www.cycles-blain.com\/fr\/velo\/velo-trekking-orbea-muga-2026\/\" \/>\n<meta property=\"og:locale\" content=\"fr_FR\" \/>\n<meta property=\"og:type\" content=\"article\" \/>\n<meta property=\"og:title\" content=\"Nouveau v\u00e9lo de trekking Orbea Muga 2026 - CYCLES BLAIN\" \/>\n<meta property=\"og:description\" content=\"Nouveau v\u00e9lo de Trekking voyage randonn\u00e9es, Orbea Muga 2026 : un vtc \u00e9lectrique de randonn\u00e9es haut de gamme polyvalent\" \/>\n<meta property=\"og:url\" content=\"https:\/\/www.cycles-blain.com\/fr\/velo\/velo-trekking-orbea-muga-2026\/\" \/>\n<meta property=\"og:site_name\" content=\"CyclesBlain - Magasins de v\u00e9los, accessoires et ateliers\" \/>\n<meta property=\"article:publisher\" content=\"https:\/\/www.facebook.com\/cyclesblain\/?locale=fr_FR\" \/>\n<meta property=\"article:published_time\" content=\"2025-06-27T07:17:07+00:00\" \/>\n<meta property=\"article:modified_time\" content=\"2025-07-01T13:56:34+00:00\" \/>\n<meta property=\"og:image\" content=\"https:\/\/www.cycles-blain.com\/fr\/wp-content\/uploads\/2025\/06\/muga-orbea.webp\" \/>\n\t<meta property=\"og:image:width\" content=\"600\" \/>\n\t<meta property=\"og:image:height\" content=\"423\" \/>\n\t<meta property=\"og:image:type\" content=\"image\/webp\" \/>\n<meta name=\"author\" content=\"Gueweb\" \/>\n<meta name=\"twitter:card\" content=\"summary_large_image\" \/>\n<meta name=\"twitter:label1\" content=\"\u00c9crit par\" \/>\n\t<meta name=\"twitter:data1\" content=\"Gueweb\" \/>\n\t<meta name=\"twitter:label2\" content=\"Dur\u00e9e de lecture estim\u00e9e\" \/>\n\t<meta name=\"twitter:data2\" content=\"2 minutes\" \/>\n<script type=\"application\/ld+json\" class=\"yoast-schema-graph\">{\"@context\":\"https:\\\/\\\/schema.org\",\"@graph\":[{\"@type\":\"Article\",\"@id\":\"https:\\\/\\\/www.cycles-blain.com\\\/fr\\\/velo\\\/velo-trekking-orbea-muga-2026\\\/#article\",\"isPartOf\":{\"@id\":\"https:\\\/\\\/www.cycles-blain.com\\\/fr\\\/velo\\\/velo-trekking-orbea-muga-2026\\\/\"},\"author\":{\"name\":\"Gueweb\",\"@id\":\"https:\\\/\\\/www.cycles-blain.com\\\/fr\\\/#\\\/schema\\\/person\\\/6fb8bad852fde893fb61b7b05936af37\"},\"headline\":\"Nouveau v\u00e9lo de trekking Orbea Muga 2026\",\"datePublished\":\"2025-06-27T07:17:07+00:00\",\"dateModified\":\"2025-07-01T13:56:34+00:00\",\"mainEntityOfPage\":{\"@id\":\"https:\\\/\\\/www.cycles-blain.com\\\/fr\\\/velo\\\/velo-trekking-orbea-muga-2026\\\/\"},\"wordCount\":355,\"commentCount\":0,\"publisher\":{\"@id\":\"https:\\\/\\\/www.cycles-blain.com\\\/fr\\\/#organization\"},\"image\":{\"@id\":\"https:\\\/\\\/www.cycles-blain.com\\\/fr\\\/velo\\\/velo-trekking-orbea-muga-2026\\\/#primaryimage\"},\"thumbnailUrl\":\"https:\\\/\\\/www.cycles-blain.com\\\/fr\\\/wp-content\\\/uploads\\\/2025\\\/06\\\/muga-orbea.webp\",\"keywords\":[\"orbea\",\"trekking\",\"velo randonnee\",\"voyage\"],\"articleSection\":[\"Actus Magasins\",\"Actus V\u00e9lo\",\"Magasin Brignais\",\"Magasin Craponne\",\"Magasin-Ecully\",\"Tourisme\",\"Velo Trekking\",\"VTC Electrique\"],\"inLanguage\":\"fr-FR\",\"potentialAction\":[{\"@type\":\"CommentAction\",\"name\":\"Comment\",\"target\":[\"https:\\\/\\\/www.cycles-blain.com\\\/fr\\\/velo\\\/velo-trekking-orbea-muga-2026\\\/#respond\"]}]},{\"@type\":\"WebPage\",\"@id\":\"https:\\\/\\\/www.cycles-blain.com\\\/fr\\\/velo\\\/velo-trekking-orbea-muga-2026\\\/\",\"url\":\"https:\\\/\\\/www.cycles-blain.com\\\/fr\\\/velo\\\/velo-trekking-orbea-muga-2026\\\/\",\"name\":\"Nouveau v\u00e9lo de trekking Orbea Muga 2026 - CYCLES BLAIN\",\"isPartOf\":{\"@id\":\"https:\\\/\\\/www.cycles-blain.com\\\/fr\\\/#website\"},\"primaryImageOfPage\":{\"@id\":\"https:\\\/\\\/www.cycles-blain.com\\\/fr\\\/velo\\\/velo-trekking-orbea-muga-2026\\\/#primaryimage\"},\"image\":{\"@id\":\"https:\\\/\\\/www.cycles-blain.com\\\/fr\\\/velo\\\/velo-trekking-orbea-muga-2026\\\/#primaryimage\"},\"thumbnailUrl\":\"https:\\\/\\\/www.cycles-blain.com\\\/fr\\\/wp-content\\\/uploads\\\/2025\\\/06\\\/muga-orbea.webp\",\"datePublished\":\"2025-06-27T07:17:07+00:00\",\"dateModified\":\"2025-07-01T13:56:34+00:00\",\"description\":\"Nouveau v\u00e9lo de Trekking voyage randonn\u00e9es, Orbea Muga 2026 : un vtc \u00e9lectrique de randonn\u00e9es haut de gamme polyvalent\",\"breadcrumb\":{\"@id\":\"https:\\\/\\\/www.cycles-blain.com\\\/fr\\\/velo\\\/velo-trekking-orbea-muga-2026\\\/#breadcrumb\"},\"inLanguage\":\"fr-FR\",\"potentialAction\":[{\"@type\":\"ReadAction\",\"target\":[\"https:\\\/\\\/www.cycles-blain.com\\\/fr\\\/velo\\\/velo-trekking-orbea-muga-2026\\\/\"]}]},{\"@type\":\"ImageObject\",\"inLanguage\":\"fr-FR\",\"@id\":\"https:\\\/\\\/www.cycles-blain.com\\\/fr\\\/velo\\\/velo-trekking-orbea-muga-2026\\\/#primaryimage\",\"url\":\"https:\\\/\\\/www.cycles-blain.com\\\/fr\\\/wp-content\\\/uploads\\\/2025\\\/06\\\/muga-orbea.webp\",\"contentUrl\":\"https:\\\/\\\/www.cycles-blain.com\\\/fr\\\/wp-content\\\/uploads\\\/2025\\\/06\\\/muga-orbea.webp\",\"width\":600,\"height\":423,\"caption\":\"V\u00e9loTrekking Orbea Muga\"},{\"@type\":\"BreadcrumbList\",\"@id\":\"https:\\\/\\\/www.cycles-blain.com\\\/fr\\\/velo\\\/velo-trekking-orbea-muga-2026\\\/#breadcrumb\",\"itemListElement\":[{\"@type\":\"ListItem\",\"position\":1,\"name\":\"Accueil\",\"item\":\"https:\\\/\\\/www.cycles-blain.com\\\/fr\\\/\"},{\"@type\":\"ListItem\",\"position\":2,\"name\":\"Nouveau v\u00e9lo de trekking Orbea Muga 2026\"}]},{\"@type\":\"WebSite\",\"@id\":\"https:\\\/\\\/www.cycles-blain.com\\\/fr\\\/#website\",\"url\":\"https:\\\/\\\/www.cycles-blain.com\\\/fr\\\/\",\"name\":\"CyclesBlain - Magasins de v\u00e9los, accessoires et ateliers\",\"description\":\"Blog Cycles Blain\",\"publisher\":{\"@id\":\"https:\\\/\\\/www.cycles-blain.com\\\/fr\\\/#organization\"},\"potentialAction\":[{\"@type\":\"SearchAction\",\"target\":{\"@type\":\"EntryPoint\",\"urlTemplate\":\"https:\\\/\\\/www.cycles-blain.com\\\/fr\\\/?s={search_term_string}\"},\"query-input\":{\"@type\":\"PropertyValueSpecification\",\"valueRequired\":true,\"valueName\":\"search_term_string\"}}],\"inLanguage\":\"fr-FR\"},{\"@type\":\"Organization\",\"@id\":\"https:\\\/\\\/www.cycles-blain.com\\\/fr\\\/#organization\",\"name\":\"CyclesBlain - Magasins de v\u00e9los, accessoires et ateliers\",\"url\":\"https:\\\/\\\/www.cycles-blain.com\\\/fr\\\/\",\"logo\":{\"@type\":\"ImageObject\",\"inLanguage\":\"fr-FR\",\"@id\":\"https:\\\/\\\/www.cycles-blain.com\\\/fr\\\/#\\\/schema\\\/logo\\\/image\\\/\",\"url\":\"https:\\\/\\\/www.cycles-blain.com\\\/fr\\\/wp-content\\\/uploads\\\/2023\\\/10\\\/logo-cycles-blain.jpeg\",\"contentUrl\":\"https:\\\/\\\/www.cycles-blain.com\\\/fr\\\/wp-content\\\/uploads\\\/2023\\\/10\\\/logo-cycles-blain.jpeg\",\"width\":264,\"height\":191,\"caption\":\"CyclesBlain - Magasins de v\u00e9los, accessoires et ateliers\"},\"image\":{\"@id\":\"https:\\\/\\\/www.cycles-blain.com\\\/fr\\\/#\\\/schema\\\/logo\\\/image\\\/\"},\"sameAs\":[\"https:\\\/\\\/www.facebook.com\\\/cyclesblain\\\/?locale=fr_FR\",\"https:\\\/\\\/www.instagram.com\\\/cycles_blain\\\/?hl=fr\"]},{\"@type\":\"Person\",\"@id\":\"https:\\\/\\\/www.cycles-blain.com\\\/fr\\\/#\\\/schema\\\/person\\\/6fb8bad852fde893fb61b7b05936af37\",\"name\":\"Gueweb\",\"image\":{\"@type\":\"ImageObject\",\"inLanguage\":\"fr-FR\",\"@id\":\"https:\\\/\\\/secure.gravatar.com\\\/avatar\\\/52550bc594eb074508114b963209b157358b27e5a0319de1bb723df3f760ca2d?s=96&d=mm&r=g\",\"url\":\"https:\\\/\\\/secure.gravatar.com\\\/avatar\\\/52550bc594eb074508114b963209b157358b27e5a0319de1bb723df3f760ca2d?s=96&d=mm&r=g\",\"contentUrl\":\"https:\\\/\\\/secure.gravatar.com\\\/avatar\\\/52550bc594eb074508114b963209b157358b27e5a0319de1bb723df3f760ca2d?s=96&d=mm&r=g\",\"caption\":\"Gueweb\"},\"sameAs\":[\"https:\\\/\\\/www.cycles-blain.com\\\/\\\/fr\"],\"url\":\"https:\\\/\\\/www.cycles-blain.com\\\/fr\\\/author\\\/gueweb\\\/\"}]}<\/script>\n<!-- \/ Yoast SEO plugin. -->","yoast_head_json":{"title":"Nouveau v\u00e9lo de trekking Orbea Muga 2026 - CYCLES BLAIN","description":"Nouveau v\u00e9lo de Trekking voyage randonn\u00e9es, Orbea Muga 2026 : un vtc \u00e9lectrique de randonn\u00e9es haut de gamme polyvalent","robots":{"index":"index","follow":"follow","max-snippet":"max-snippet:-1","max-image-preview":"max-image-preview:large","max-video-preview":"max-video-preview:-1"},"canonical":"https:\/\/www.cycles-blain.com\/fr\/velo\/velo-trekking-orbea-muga-2026\/","og_locale":"fr_FR","og_type":"article","og_title":"Nouveau v\u00e9lo de trekking Orbea Muga 2026 - CYCLES BLAIN","og_description":"Nouveau v\u00e9lo de Trekking voyage randonn\u00e9es, Orbea Muga 2026 : un vtc \u00e9lectrique de randonn\u00e9es haut de gamme polyvalent","og_url":"https:\/\/www.cycles-blain.com\/fr\/velo\/velo-trekking-orbea-muga-2026\/","og_site_name":"CyclesBlain - Magasins de v\u00e9los, accessoires et ateliers","article_publisher":"https:\/\/www.facebook.com\/cyclesblain\/?locale=fr_FR","article_published_time":"2025-06-27T07:17:07+00:00","article_modified_time":"2025-07-01T13:56:34+00:00","og_image":[{"width":600,"height":423,"url":"https:\/\/www.cycles-blain.com\/fr\/wp-content\/uploads\/2025\/06\/muga-orbea.webp","type":"image\/webp"}],"author":"Gueweb","twitter_card":"summary_large_image","twitter_misc":{"\u00c9crit par":"Gueweb","Dur\u00e9e de lecture estim\u00e9e":"2 minutes"},"schema":{"@context":"https:\/\/schema.org","@graph":[{"@type":"Article","@id":"https:\/\/www.cycles-blain.com\/fr\/velo\/velo-trekking-orbea-muga-2026\/#article","isPartOf":{"@id":"https:\/\/www.cycles-blain.com\/fr\/velo\/velo-trekking-orbea-muga-2026\/"},"author":{"name":"Gueweb","@id":"https:\/\/www.cycles-blain.com\/fr\/#\/schema\/person\/6fb8bad852fde893fb61b7b05936af37"},"headline":"Nouveau v\u00e9lo de trekking Orbea Muga 2026","datePublished":"2025-06-27T07:17:07+00:00","dateModified":"2025-07-01T13:56:34+00:00","mainEntityOfPage":{"@id":"https:\/\/www.cycles-blain.com\/fr\/velo\/velo-trekking-orbea-muga-2026\/"},"wordCount":355,"commentCount":0,"publisher":{"@id":"https:\/\/www.cycles-blain.com\/fr\/#organization"},"image":{"@id":"https:\/\/www.cycles-blain.com\/fr\/velo\/velo-trekking-orbea-muga-2026\/#primaryimage"},"thumbnailUrl":"https:\/\/www.cycles-blain.com\/fr\/wp-content\/uploads\/2025\/06\/muga-orbea.webp","keywords":["orbea","trekking","velo randonnee","voyage"],"articleSection":["Actus Magasins","Actus V\u00e9lo","Magasin Brignais","Magasin Craponne","Magasin-Ecully","Tourisme","Velo Trekking","VTC Electrique"],"inLanguage":"fr-FR","potentialAction":[{"@type":"CommentAction","name":"Comment","target":["https:\/\/www.cycles-blain.com\/fr\/velo\/velo-trekking-orbea-muga-2026\/#respond"]}]},{"@type":"WebPage","@id":"https:\/\/www.cycles-blain.com\/fr\/velo\/velo-trekking-orbea-muga-2026\/","url":"https:\/\/www.cycles-blain.com\/fr\/velo\/velo-trekking-orbea-muga-2026\/","name":"Nouveau v\u00e9lo de trekking Orbea Muga 2026 - CYCLES BLAIN","isPartOf":{"@id":"https:\/\/www.cycles-blain.com\/fr\/#website"},"primaryImageOfPage":{"@id":"https:\/\/www.cycles-blain.com\/fr\/velo\/velo-trekking-orbea-muga-2026\/#primaryimage"},"image":{"@id":"https:\/\/www.cycles-blain.com\/fr\/velo\/velo-trekking-orbea-muga-2026\/#primaryimage"},"thumbnailUrl":"https:\/\/www.cycles-blain.com\/fr\/wp-content\/uploads\/2025\/06\/muga-orbea.webp","datePublished":"2025-06-27T07:17:07+00:00","dateModified":"2025-07-01T13:56:34+00:00","description":"Nouveau v\u00e9lo de Trekking voyage randonn\u00e9es, Orbea Muga 2026 : un vtc \u00e9lectrique de randonn\u00e9es haut de gamme polyvalent","breadcrumb":{"@id":"https:\/\/www.cycles-blain.com\/fr\/velo\/velo-trekking-orbea-muga-2026\/#breadcrumb"},"inLanguage":"fr-FR","potentialAction":[{"@type":"ReadAction","target":["https:\/\/www.cycles-blain.com\/fr\/velo\/velo-trekking-orbea-muga-2026\/"]}]},{"@type":"ImageObject","inLanguage":"fr-FR","@id":"https:\/\/www.cycles-blain.com\/fr\/velo\/velo-trekking-orbea-muga-2026\/#primaryimage","url":"https:\/\/www.cycles-blain.com\/fr\/wp-content\/uploads\/2025\/06\/muga-orbea.webp","contentUrl":"https:\/\/www.cycles-blain.com\/fr\/wp-content\/uploads\/2025\/06\/muga-orbea.webp","width":600,"height":423,"caption":"V\u00e9loTrekking Orbea Muga"},{"@type":"BreadcrumbList","@id":"https:\/\/www.cycles-blain.com\/fr\/velo\/velo-trekking-orbea-muga-2026\/#breadcrumb","itemListElement":[{"@type":"ListItem","position":1,"name":"Accueil","item":"https:\/\/www.cycles-blain.com\/fr\/"},{"@type":"ListItem","position":2,"name":"Nouveau v\u00e9lo de trekking Orbea Muga 2026"}]},{"@type":"WebSite","@id":"https:\/\/www.cycles-blain.com\/fr\/#website","url":"https:\/\/www.cycles-blain.com\/fr\/","name":"CyclesBlain - Magasins de v\u00e9los, accessoires et ateliers","description":"Blog Cycles Blain","publisher":{"@id":"https:\/\/www.cycles-blain.com\/fr\/#organization"},"potentialAction":[{"@type":"SearchAction","target":{"@type":"EntryPoint","urlTemplate":"https:\/\/www.cycles-blain.com\/fr\/?s={search_term_string}"},"query-input":{"@type":"PropertyValueSpecification","valueRequired":true,"valueName":"search_term_string"}}],"inLanguage":"fr-FR"},{"@type":"Organization","@id":"https:\/\/www.cycles-blain.com\/fr\/#organization","name":"CyclesBlain - Magasins de v\u00e9los, accessoires et ateliers","url":"https:\/\/www.cycles-blain.com\/fr\/","logo":{"@type":"ImageObject","inLanguage":"fr-FR","@id":"https:\/\/www.cycles-blain.com\/fr\/#\/schema\/logo\/image\/","url":"https:\/\/www.cycles-blain.com\/fr\/wp-content\/uploads\/2023\/10\/logo-cycles-blain.jpeg","contentUrl":"https:\/\/www.cycles-blain.com\/fr\/wp-content\/uploads\/2023\/10\/logo-cycles-blain.jpeg","width":264,"height":191,"caption":"CyclesBlain - Magasins de v\u00e9los, accessoires et ateliers"},"image":{"@id":"https:\/\/www.cycles-blain.com\/fr\/#\/schema\/logo\/image\/"},"sameAs":["https:\/\/www.facebook.com\/cyclesblain\/?locale=fr_FR","https:\/\/www.instagram.com\/cycles_blain\/?hl=fr"]},{"@type":"Person","@id":"https:\/\/www.cycles-blain.com\/fr\/#\/schema\/person\/6fb8bad852fde893fb61b7b05936af37","name":"Gueweb","image":{"@type":"ImageObject","inLanguage":"fr-FR","@id":"https:\/\/secure.gravatar.com\/avatar\/52550bc594eb074508114b963209b157358b27e5a0319de1bb723df3f760ca2d?s=96&d=mm&r=g","url":"https:\/\/secure.gravatar.com\/avatar\/52550bc594eb074508114b963209b157358b27e5a0319de1bb723df3f760ca2d?s=96&d=mm&r=g","contentUrl":"https:\/\/secure.gravatar.com\/avatar\/52550bc594eb074508114b963209b157358b27e5a0319de1bb723df3f760ca2d?s=96&d=mm&r=g","caption":"Gueweb"},"sameAs":["https:\/\/www.cycles-blain.com\/\/fr"],"url":"https:\/\/www.cycles-blain.com\/fr\/author\/gueweb\/"}]}},"_links":{"self":[{"href":"https:\/\/www.cycles-blain.com\/fr\/wp-json\/wp\/v2\/posts\/15428","targetHints":{"allow":["GET"]}}],"collection":[{"href":"https:\/\/www.cycles-blain.com\/fr\/wp-json\/wp\/v2\/posts"}],"about":[{"href":"https:\/\/www.cycles-blain.com\/fr\/wp-json\/wp\/v2\/types\/post"}],"author":[{"embeddable":true,"href":"https:\/\/www.cycles-blain.com\/fr\/wp-json\/wp\/v2\/users\/1"}],"replies":[{"embeddable":true,"href":"https:\/\/www.cycles-blain.com\/fr\/wp-json\/wp\/v2\/comments?post=15428"}],"version-history":[{"count":32,"href":"https:\/\/www.cycles-blain.com\/fr\/wp-json\/wp\/v2\/posts\/15428\/revisions"}],"predecessor-version":[{"id":15523,"href":"https:\/\/www.cycles-blain.com\/fr\/wp-json\/wp\/v2\/posts\/15428\/revisions\/15523"}],"wp:featuredmedia":[{"embeddable":true,"href":"https:\/\/www.cycles-blain.com\/fr\/wp-json\/wp\/v2\/media\/15452"}],"wp:attachment":[{"href":"https:\/\/www.cycles-blain.com\/fr\/wp-json\/wp\/v2\/media?parent=15428"}],"wp:term":[{"taxonomy":"category","embeddable":true,"href":"https:\/\/www.cycles-blain.com\/fr\/wp-json\/wp\/v2\/categories?post=15428"},{"taxonomy":"post_tag","embeddable":true,"href":"https:\/\/www.cycles-blain.com\/fr\/wp-json\/wp\/v2\/tags?post=15428"}],"curies":[{"name":"wp","href":"https:\/\/api.w.org\/{rel}","templated":true}]}}