{"id":15881,"date":"2025-07-24T11:45:01","date_gmt":"2025-07-24T09:45:01","guid":{"rendered":"https:\/\/www.cycles-blain.com\/fr\/?p=15881"},"modified":"2025-07-25T11:23:55","modified_gmt":"2025-07-25T09:23:55","slug":"bienvenue-au-magasin-cycles-blain-vienne-sud","status":"publish","type":"post","link":"https:\/\/www.cycles-blain.com\/fr\/magasins-velo\/bienvenue-au-magasin-cycles-blain-vienne-sud\/","title":{"rendered":"Bienvenue au magasin de v\u00e9los Cycles-Blain Vienne Sud"},"content":{"rendered":"\t\t<div data-elementor-type=\"wp-post\" data-elementor-id=\"15881\" class=\"elementor elementor-15881\" data-elementor-post-type=\"post\">\n\t\t\t\t<div class=\"elementor-element elementor-element-d9fc92b e-flex e-con-boxed e-con e-parent\" data-id=\"d9fc92b\" data-element_type=\"container\" data-e-type=\"container\">\n\t\t\t\t\t<div class=\"e-con-inner\">\n\t\t\t\t<div class=\"elementor-element elementor-element-976f12a elementor-widget elementor-widget-text-editor\" data-id=\"976f12a\" data-element_type=\"widget\" data-e-type=\"widget\" data-widget_type=\"text-editor.default\">\n\t\t\t\t<div class=\"elementor-widget-container\">\n\t\t\t\t\t\t\t\t\t<p>Bienvenue au magasin de v\u00e9los des Cycles Blain Vienne Sud, vivez votre passion du v\u00e9lo : VTT, route, \u00e9lectrique\u2026 Retrouvez vos marques de v\u00e9los Moustache, Lapierre, Kalkhoff et Brompton avec les conseils et la passion de nos \u00e9quipes !<\/p>\t\t\t\t\t\t\t\t<\/div>\n\t\t\t\t<\/div>\n\t\t\t\t<div class=\"elementor-element elementor-element-d124e34 elementor-widget elementor-widget-heading\" data-id=\"d124e34\" data-element_type=\"widget\" data-e-type=\"widget\" data-widget_type=\"heading.default\">\n\t\t\t\t<div class=\"elementor-widget-container\">\n\t\t\t\t\t<h3 class=\"elementor-heading-title elementor-size-default\">Le magasin Cycles Blain Vienne Sud  ?<\/h3>\t\t\t\t<\/div>\n\t\t\t\t<\/div>\n\t\t\t\t<div class=\"elementor-element elementor-element-0db6d55 elementor-widget elementor-widget-text-editor\" data-id=\"0db6d55\" data-element_type=\"widget\" data-e-type=\"widget\" data-widget_type=\"text-editor.default\">\n\t\t\t\t<div class=\"elementor-widget-container\">\n\t\t\t\t\t\t\t\t\t<p>Bienvenue chez <a href=\"https:\/\/www.google.com\/maps\/place\/Cycles+Blain+Vienne+Sud+-+Vente+%26+Reparation+Velo+Electrique\/@45.5230659,4.8675911,16z\/data=!3m1!4b1!4m6!3m5!1s0x47f4dfa7cc68e025:0x9e73595aea16c573!8m2!3d45.5230622!4d4.870166!16s%2Fg%2F11hc_2cz6m?hl=fr-FR&amp;entry=ttu&amp;g_ep=EgoyMDI1MDcyMS4wIKXMDSoASAFQAw%3D%3D\">Cycles Blain\u00a0Vienne Sud<\/a> : 45 quai Jean Jaur\u00e8s, 38200 Vienne pr\u00e8s de Givors et de Lyon. <br \/>Non loin de son petit fr\u00e8re <a href=\"https:\/\/www.google.com\/maps\/place\/Cycles+Blain+Vienne+-+Vente+%26+Reparation+Velo+Electrique\/@45.5351356,4.871894,17z\/data=!3m1!4b1!4m6!3m5!1s0x47f4df910a25c9d1:0x1d7e745b768c94ca!8m2!3d45.5351319!4d4.8744689!16s%2Fg%2F1q67q18z1?hl=fr-FR&amp;entry=ttu&amp;g_ep=EgoyMDI1MDcyMS4wIKXMDSoASAFQAw%3D%3D\">Cycles Blain Vienne Nord<\/a> au 6 place d&rsquo;Arpot, 38200 Vienne.\u00a0<\/p>\n<p>L\u2019adresse incontournable \u00e0 Vienne pour tous les passionn\u00e9(e)s de v\u00e9lo \ud83e\udd17<\/p>\n<p>Notre magasin de cycles et accessoires de Vienne Sud est id\u00e9alement situ\u00e9, \u00e0 quelques minutes de la gare de Vienne et facilement accessible pour les cyclistes empruntant la ViaRh\u00f4na. Ici aussi, vous \u00eates accueilli\u00b7e par une \u00e9quipe au top : <strong>Gatien<\/strong> principalement \u00e0 la vente, <strong>Robin<\/strong>, polyvalent entre atelier et magasin, et <strong>Andrew<\/strong>, apprenti \u00e0 l\u2019atelier.<\/p>\n<p>Que vous veniez pour un conseil, un v\u00e9lo ou une r\u00e9paration, vous \u00eates entre de bonnes mains !<\/p>\t\t\t\t\t\t\t\t<\/div>\n\t\t\t\t<\/div>\n\t\t\t\t<div class=\"elementor-element elementor-element-7abaaa9 elementor-widget elementor-widget-heading\" data-id=\"7abaaa9\" data-element_type=\"widget\" data-e-type=\"widget\" data-widget_type=\"heading.default\">\n\t\t\t\t<div class=\"elementor-widget-container\">\n\t\t\t\t\t<h3 class=\"elementor-heading-title elementor-size-default\">Quel que soit votre usage, on a le v\u00e9lo qu\u2019il vous faut ! <\/h3>\t\t\t\t<\/div>\n\t\t\t\t<\/div>\n\t\t\t\t<div class=\"elementor-element elementor-element-c4e9c43 elementor-widget elementor-widget-gallery\" data-id=\"c4e9c43\" data-element_type=\"widget\" data-e-type=\"widget\" data-settings=\"{&quot;gap&quot;:{&quot;unit&quot;:&quot;px&quot;,&quot;size&quot;:14,&quot;sizes&quot;:[]},&quot;link_to&quot;:&quot;custom&quot;,&quot;url&quot;:{&quot;url&quot;:&quot;https:\\\/\\\/www.cycles-blain.com\\\/8-velo-neufs&quot;,&quot;is_external&quot;:&quot;on&quot;,&quot;nofollow&quot;:&quot;&quot;,&quot;custom_attributes&quot;:&quot;&quot;},&quot;aspect_ratio&quot;:&quot;21:9&quot;,&quot;lazyload&quot;:&quot;yes&quot;,&quot;gallery_layout&quot;:&quot;grid&quot;,&quot;columns&quot;:4,&quot;columns_tablet&quot;:2,&quot;columns_mobile&quot;:1,&quot;gap_tablet&quot;:{&quot;unit&quot;:&quot;px&quot;,&quot;size&quot;:10,&quot;sizes&quot;:[]},&quot;gap_mobile&quot;:{&quot;unit&quot;:&quot;px&quot;,&quot;size&quot;:10,&quot;sizes&quot;:[]},&quot;overlay_background&quot;:&quot;yes&quot;,&quot;content_hover_animation&quot;:&quot;fade-in&quot;}\" data-widget_type=\"gallery.default\">\n\t\t\t\t<div class=\"elementor-widget-container\">\n\t\t\t\t\t\t\t<div class=\"elementor-gallery__container\">\n\t\t\t\t\t\t\t<a class=\"e-gallery-item elementor-gallery-item elementor-animated-content\" href=\"https:\/\/www.cycles-blain.com\/8-velo-neufs\" target=\"_blank\">\n\t\t\t\t\t<div class=\"e-gallery-image elementor-gallery-item__image\" data-thumbnail=\"https:\/\/www.cycles-blain.com\/fr\/wp-content\/uploads\/2025\/06\/logo-kalkhoff-velo.png\" data-width=\"563\" data-height=\"319\" aria-label=\"logo-kalkhoff-velo\" role=\"img\" ><\/div>\n\t\t\t\t\t\t\t\t\t\t\t<div class=\"elementor-gallery-item__overlay\"><\/div>\n\t\t\t\t\t\t\t\t\t\t\t\t\t\t<\/a>\n\t\t\t\t\t\t\t<a class=\"e-gallery-item elementor-gallery-item elementor-animated-content\" href=\"https:\/\/www.cycles-blain.com\/8-velo-neufs\" target=\"_blank\">\n\t\t\t\t\t<div class=\"e-gallery-image elementor-gallery-item__image\" data-thumbnail=\"https:\/\/www.cycles-blain.com\/fr\/wp-content\/uploads\/2025\/06\/Logobrompton2.png\" data-width=\"284\" data-height=\"177\" aria-label=\"Logo brompton\" role=\"img\" ><\/div>\n\t\t\t\t\t\t\t\t\t\t\t<div class=\"elementor-gallery-item__overlay\"><\/div>\n\t\t\t\t\t\t\t\t\t\t\t\t\t\t<\/a>\n\t\t\t\t\t\t\t<a class=\"e-gallery-item elementor-gallery-item elementor-animated-content\" href=\"https:\/\/www.cycles-blain.com\/8-velo-neufs\" target=\"_blank\">\n\t\t\t\t\t<div class=\"e-gallery-image elementor-gallery-item__image\" data-thumbnail=\"https:\/\/www.cycles-blain.com\/fr\/wp-content\/uploads\/2025\/07\/Logos-redimensionnes.png\" data-width=\"300\" data-height=\"170\" aria-label=\"\" role=\"img\" ><\/div>\n\t\t\t\t\t\t\t\t\t\t\t<div class=\"elementor-gallery-item__overlay\"><\/div>\n\t\t\t\t\t\t\t\t\t\t\t\t\t\t<\/a>\n\t\t\t\t\t\t\t<a class=\"e-gallery-item elementor-gallery-item elementor-animated-content\" href=\"https:\/\/www.cycles-blain.com\/8-velo-neufs\" target=\"_blank\">\n\t\t\t\t\t<div class=\"e-gallery-image elementor-gallery-item__image\" data-thumbnail=\"https:\/\/www.cycles-blain.com\/fr\/wp-content\/uploads\/2025\/01\/Moustache-test-logo.jpg\" data-width=\"300\" data-height=\"170\" aria-label=\"V\u00e9los Electriques Moustache 2025\" role=\"img\" ><\/div>\n\t\t\t\t\t\t\t\t\t\t\t<div class=\"elementor-gallery-item__overlay\"><\/div>\n\t\t\t\t\t\t\t\t\t\t\t\t\t\t<\/a>\n\t\t\t\t\t<\/div>\n\t\t\t\t\t<\/div>\n\t\t\t\t<\/div>\n\t\t\t\t<div class=\"elementor-element elementor-element-96079ed elementor-widget elementor-widget-text-editor\" data-id=\"96079ed\" data-element_type=\"widget\" data-e-type=\"widget\" data-widget_type=\"text-editor.default\">\n\t\t\t\t<div class=\"elementor-widget-container\">\n\t\t\t\t\t\t\t\t\t<p>Le magasin Cycles Blain Vienne Sud vous propose un large choix de v\u00e9los <a href=\"https:\/\/www.cycles-blain.com\/8-velo-neufs\">neufs<\/a>, <a href=\"https:\/\/www.cycles-blain.com\/content\/5-velo-occasion-reconditionne\">reconditionn\u00e9s<\/a> ou en <a href=\"https:\/\/www.cycles-blain.com\/content\/3-location-velo\">location<\/a> :<\/p>\n<ul>\n<li><a href=\"https:\/\/www.cycles-blain.com\/19-velo-ville-musculaire\" target=\"_blank\" rel=\"noopener\">V\u00e9los de ville<\/a>\u00a0et\u00a0<a href=\"https:\/\/www.cycles-blain.com\/16-vtc-musculaire\" target=\"_blank\" rel=\"noopener\">VTC<\/a>,\u00a0<a href=\"https:\/\/www.cycles-blain.com\/21-velo-trekking-musculaire\" target=\"_blank\" rel=\"noopener\">Trekking\u00a0<\/a>ou\u00a0<a href=\"https:\/\/www.cycles-blain.com\/20-velo-fitness-musculaire\" target=\"_blank\" rel=\"noopener\">Fitness<\/a><\/li>\n<li><a href=\"https:\/\/www.cycles-blain.com\/14-velo-electrique\" target=\"_blank\" rel=\"noopener\">V\u00e9los \u00e0 assistance \u00e9lectrique<\/a>\u00a0:\u00a0<a href=\"https:\/\/www.cycles-blain.com\/26-vtt-electrique-vttae\" target=\"_blank\" rel=\"noopener\">Vttae<\/a>,\u00a0<a href=\"https:\/\/www.cycles-blain.com\/27-vtc-electrique\" target=\"_blank\" rel=\"noopener\">Vtc \u00e9lectrique<\/a>,\u00a0<a href=\"https:\/\/www.cycles-blain.com\/28-velo-ville-electrique\" target=\"_blank\" rel=\"noopener\">Ville \u00e9lectrique<\/a>,\u00a0<a href=\"https:\/\/www.cycles-blain.com\/31-velo-pliant-compact-electrique\" target=\"_blank\" rel=\"noopener\">Pliant \u00e9lectrique<\/a>\u00a0(Brompton),\u00a0<a href=\"https:\/\/www.cycles-blain.com\/25-velo-route-electrique\" target=\"_blank\" rel=\"noopener\">Route \u00e9lectrique<\/a>&#8230;<\/li>\n<li><a href=\"https:\/\/www.cycles-blain.com\/17-velo-route-musculaire\" target=\"_blank\" rel=\"noopener\">Route<\/a>,\u00a0<a href=\"https:\/\/www.cycles-blain.com\/18-velo-gravel-musculaire\" target=\"_blank\" rel=\"noopener\">gravel<\/a>,\u00a0<a href=\"https:\/\/www.cycles-blain.com\/15-vtt-musculaire\" target=\"_blank\" rel=\"noopener\">VTT<\/a><\/li>\n<li><a href=\"https:\/\/www.cycles-blain.com\/50-velo-enfants\" target=\"_blank\" rel=\"noopener\">v\u00e9los enfants<\/a>\u00a0:\u00a0<a href=\"https:\/\/www.cycles-blain.com\/54-draisienne\" target=\"_blank\" rel=\"noopener\">draisiennes<\/a>,\u00a0<a href=\"https:\/\/www.cycles-blain.com\/51-velo-enfant-16-pouces\" target=\"_blank\" rel=\"noopener\">v\u00e9los 16 pouces<\/a>,\u00a0<a href=\"https:\/\/www.cycles-blain.com\/52-velo-enfant-20-pouces\" target=\"_blank\" rel=\"noopener\">v\u00e9los 20 pouces<\/a>,\u00a0<a href=\"https:\/\/www.cycles-blain.com\/53-velo-enfant-24-pouces\" target=\"_blank\" rel=\"noopener\">v\u00e9los 24 pouces<\/a><\/li>\n<li><a href=\"https:\/\/www.cycles-blain.com\/32-velo-cargo-electrique\" target=\"_blank\" rel=\"noopener\">V\u00e9los cargos<\/a>, bi-porteurs, triporteurs,\u00a0<a href=\"https:\/\/www.cycles-blain.com\/145-cargos-longtail\" target=\"_blank\" rel=\"noopener\">long-tails<\/a>, mid-tails<\/li>\n<li><a href=\"https:\/\/www.cycles-blain.com\/content\/57-solutions-paiements-velo-cyclesblain\" target=\"_blank\" rel=\"noopener\">Location avec option d&rsquo;achat ou paiement en plusieurs fois sans frais<\/a>\u00a0: des solutions souples et accessibles pour rouler en toute libert\u00e9<\/li>\n<\/ul>\n<p>Pour la petite anecdote le v\u00e9lo le plus vendu dans notre magasin est sans conteste le <strong data-start=\"1392\" data-end=\"1434\">VTC \u00e9lectrique Xroad de chez Moustache<\/strong>. \u00c0 Vienne, de nombreux habitants r\u00e9sident sur les hauteurs, ce qui rend le besoin d\u2019un v\u00e9lo <strong data-start=\"1527\" data-end=\"1553\">polyvalent et puissant<\/strong> essentiel pour leurs trajets quotidiens ou leurs balades.<\/p>\t\t\t\t\t\t\t\t<\/div>\n\t\t\t\t<\/div>\n\t\t\t\t<div class=\"elementor-element elementor-element-2048a78 elementor-widget elementor-widget-image\" data-id=\"2048a78\" data-element_type=\"widget\" data-e-type=\"widget\" data-widget_type=\"image.default\">\n\t\t\t\t<div class=\"elementor-widget-container\">\n\t\t\t\t\t\t\t\t\t\t\t\t<figure class=\"wp-caption\">\n\t\t\t\t\t\t\t\t\t\t\t<a href=\"https:\/\/www.cycles-blain.com\/vtc-electrique\/1125-1493-samedi-27-xroad-2-2025-moustache-3701600117248.html#\/2-taille_cadre-m\/7-couleur-beige\/60-forme_cadre-cadre_bas\">\n\t\t\t\t\t\t\t<img fetchpriority=\"high\" decoding=\"async\" width=\"300\" height=\"300\" src=\"https:\/\/www.cycles-blain.com\/fr\/wp-content\/uploads\/2025\/07\/samedi-27-xroad-2-2025-moustache-300x300.jpg\" class=\"attachment-medium size-medium wp-image-15921\" alt=\"samedi-27-xroad-2-2025-moustache\" srcset=\"https:\/\/www.cycles-blain.com\/fr\/wp-content\/uploads\/2025\/07\/samedi-27-xroad-2-2025-moustache-300x300.jpg 300w, https:\/\/www.cycles-blain.com\/fr\/wp-content\/uploads\/2025\/07\/samedi-27-xroad-2-2025-moustache-150x150.jpg 150w, https:\/\/www.cycles-blain.com\/fr\/wp-content\/uploads\/2025\/07\/samedi-27-xroad-2-2025-moustache-768x768.jpg 768w, https:\/\/www.cycles-blain.com\/fr\/wp-content\/uploads\/2025\/07\/samedi-27-xroad-2-2025-moustache.jpg 900w\" sizes=\"(max-width: 300px) 100vw, 300px\" \/>\t\t\t\t\t\t\t\t<\/a>\n\t\t\t\t\t\t\t\t\t\t\t<figcaption class=\"widget-image-caption wp-caption-text\">Samedi 27 XROAD 2 - 2025 - Moustache<\/figcaption>\n\t\t\t\t\t\t\t\t\t\t<\/figure>\n\t\t\t\t\t\t\t\t\t<\/div>\n\t\t\t\t<\/div>\n\t\t\t\t<div class=\"elementor-element elementor-element-138e0ff elementor-widget elementor-widget-text-editor\" data-id=\"138e0ff\" data-element_type=\"widget\" data-e-type=\"widget\" data-widget_type=\"text-editor.default\">\n\t\t\t\t<div class=\"elementor-widget-container\">\n\t\t\t\t\t\t\t\t\t<p>Le magasin propose une gamme compl\u00e8te d&rsquo;accessoires v\u00e9lo,\u00a0\u00e9quipements du cyclistes,\u00a0outillages\u00a0et\u00a0composants\u00a0v\u00e9lo des plus grandes marques pour \u00e9quiper chaque cycliste : Abus, Vaude, Fox, Hutchinson&#8230;<\/p><p>\u2699\ufe0f Casques, antivols, lumi\u00e8res, sacoches, textiles techniques, pneus, outils\u2026<\/p>\t\t\t\t\t\t\t\t<\/div>\n\t\t\t\t<\/div>\n\t\t\t\t<div class=\"elementor-element elementor-element-0367357 elementor-widget elementor-widget-heading\" data-id=\"0367357\" data-element_type=\"widget\" data-e-type=\"widget\" data-widget_type=\"heading.default\">\n\t\t\t\t<div class=\"elementor-widget-container\">\n\t\t\t\t\t<h3 class=\"elementor-heading-title elementor-size-default\">L'avantage de venir chez nous : <\/h3>\t\t\t\t<\/div>\n\t\t\t\t<\/div>\n\t\t\t\t<div class=\"elementor-element elementor-element-6b33c41 elementor-widget elementor-widget-text-editor\" data-id=\"6b33c41\" data-element_type=\"widget\" data-e-type=\"widget\" data-widget_type=\"text-editor.default\">\n\t\t\t\t<div class=\"elementor-widget-container\">\n\t\t\t\t\t\t\t\t\t<p>Situ\u00e9 en plein centre-ville, notre magasin est un v\u00e9ritable commerce de proximit\u00e9, facilement accessible \u00e0 pied ou \u00e0 v\u00e9lo.<\/p><p>Install\u00e9 face \u00e0 la c\u00e9l\u00e8bre <a href=\"https:\/\/www.viarhona.com\">ViaRh\u00f4na<\/a>, qui relie le lac L\u00e9man \u00e0 la M\u00e9diterran\u00e9e le long du Rh\u00f4ne, notre magasin re\u00e7oit chaque jour des cyclistes en vadrouille, en itin\u00e9rance ou en sortie locale.<\/p><p>Que vous ayez besoin d\u2019un conseil, d\u2019une r\u00e9paration rapide ou d\u2019un nouvel \u00e9quipement, notre \u00e9quipe vous accompagne avec un v\u00e9ritable savoir-faire technique, notamment sur les v\u00e9los de la marque Moustache, dont nous sommes sp\u00e9cialistes.<\/p>\t\t\t\t\t\t\t\t<\/div>\n\t\t\t\t<\/div>\n\t\t\t\t<div class=\"elementor-element elementor-element-d5a9b59 elementor-widget elementor-widget-image\" data-id=\"d5a9b59\" data-element_type=\"widget\" data-e-type=\"widget\" data-widget_type=\"image.default\">\n\t\t\t\t<div class=\"elementor-widget-container\">\n\t\t\t\t\t\t\t\t\t\t\t\t\t\t\t<img decoding=\"async\" src=\"https:\/\/www.cycles-blain.com\/fr\/wp-content\/uploads\/elementor\/thumbs\/Montage-article-magasin-600-x-400-px-r988sh31fp445gqcsumrvl4bb94pxhq4mcj4etwr2s.png\" title=\"Montage photo article\" alt=\"Montage photo article\" loading=\"lazy\" \/>\t\t\t\t\t\t\t\t\t\t\t\t\t\t\t<\/div>\n\t\t\t\t<\/div>\n\t\t\t\t<div class=\"elementor-element elementor-element-578c28b elementor-widget elementor-widget-heading\" data-id=\"578c28b\" data-element_type=\"widget\" data-e-type=\"widget\" data-widget_type=\"heading.default\">\n\t\t\t\t<div class=\"elementor-widget-container\">\n\t\t\t\t\t<h3 class=\"elementor-heading-title elementor-size-default\"> Un atelier de m\u00e9canique multi-marques \ud83d\udd27<\/h3>\t\t\t\t<\/div>\n\t\t\t\t<\/div>\n\t\t\t\t<div class=\"elementor-element elementor-element-8a64183 elementor-widget elementor-widget-text-editor\" data-id=\"8a64183\" data-element_type=\"widget\" data-e-type=\"widget\" data-widget_type=\"text-editor.default\">\n\t\t\t\t<div class=\"elementor-widget-container\">\n\t\t\t\t\t\t\t\t\t<p>Notre atelier assure l\u2019entretien et la r\u00e9paration de tous types de v\u00e9los, toutes marques confondues, avec un vrai savoir-faire technique et du mat\u00e9riel adapt\u00e9 :<\/p><ul><li>V\u00e9los \u00e9lectriques (VAE), gravel, route, VTT, v\u00e9los cargos, v\u00e9los enfants\u2026<\/li><li>L\u2019\u00e9quipe est form\u00e9e pour vous garantir un service rapide, professionnel et personnalis\u00e9.<\/li><\/ul>\t\t\t\t\t\t\t\t<\/div>\n\t\t\t\t<\/div>\n\t\t\t\t<div class=\"elementor-element elementor-element-856f98a elementor-align-center elementor-widget elementor-widget-button\" data-id=\"856f98a\" data-element_type=\"widget\" data-e-type=\"widget\" data-widget_type=\"button.default\">\n\t\t\t\t<div class=\"elementor-widget-container\">\n\t\t\t\t\t\t\t\t\t<div class=\"elementor-button-wrapper\">\n\t\t\t\t\t<a class=\"elementor-button elementor-button-link elementor-size-sm\" href=\"https:\/\/www.cycles-blain.com\/content\/19-rdv-atelier-velo\">\n\t\t\t\t\t\t<span class=\"elementor-button-content-wrapper\">\n\t\t\t\t\t\t\t\t\t<span class=\"elementor-button-text\">Je prends un RDV ATELIER<\/span>\n\t\t\t\t\t<\/span>\n\t\t\t\t\t<\/a>\n\t\t\t\t<\/div>\n\t\t\t\t\t\t\t\t<\/div>\n\t\t\t\t<\/div>\n\t\t\t\t<div class=\"elementor-element elementor-element-7a3ccf8 elementor-widget elementor-widget-heading\" data-id=\"7a3ccf8\" data-element_type=\"widget\" data-e-type=\"widget\" data-widget_type=\"heading.default\">\n\t\t\t\t<div class=\"elementor-widget-container\">\n\t\t\t\t\t<h4 class=\"elementor-heading-title elementor-size-default\">A d\u00e9couvrir sur le magasin de Vienne Sud<\/h4>\t\t\t\t<\/div>\n\t\t\t\t<\/div>\n\t\t\t\t<div class=\"elementor-element elementor-element-5898a83 elementor-widget elementor-widget-text-editor\" data-id=\"5898a83\" data-element_type=\"widget\" data-e-type=\"widget\" data-widget_type=\"text-editor.default\">\n\t\t\t\t<div class=\"elementor-widget-container\">\n\t\t\t\t\t\t\t\t\t<ul><li><a href=\"https:\/\/www.cycles-blain.com\/fr\/magasins-velo\/soiree-magasin-velo-moustache02-2025\/\" target=\"_blank\" rel=\"noopener\">La soir\u00e9e Moustache tous les ans<\/a> : buffet, promos, jeux concours&#8230;<\/li><li><a href=\"https:\/\/www.cycles-blain.com\/fr\/magasins-velo\/moustache-cargo-longtail-2025\/\">Nouveau Cargo Moustache<\/a> : les deux nouvelles versions de 2025 sont l\u00e0 !<\/li><li><a href=\"https:\/\/www.cycles-blain.com\/content\/67-comparatif-vtc-electrique-femmes-et-hommes-2025\" target=\"_blank\" rel=\"noopener\">Guide VTC et v\u00e9los \u00e9lectriques Hommes et Femmes<\/a>\u00a0: pour trouver le v\u00e9lo adapt\u00e9 \u00e0 vos besoins.<\/li><li><a href=\"https:\/\/www.cycles-blain.com\/content\/62-velos-electriques-moustache-magasins-moustache\">MOUSTACHE &amp; Cycles Blain :<\/a> une affaire qui dure !<\/li><li><a href=\"https:\/\/www.cycles-blain.com\/content\/70-velos-electriques-2025\">Le v\u00e9lo \u00e9lectrique de l&rsquo;ann\u00e9e :<\/a> le Kalkhoff Entice 3 B move.<\/li><li><a href=\"https:\/\/www.cycles-blain.com\/fr\/velo\/velo-gravel\/meilleurs-gravels-2025-le-cycle\/\">Meilleur Gravel de l&rsquo;ann\u00e9e 2025<\/a><\/li><\/ul>\t\t\t\t\t\t\t\t<\/div>\n\t\t\t\t<\/div>\n\t\t\t\t<div class=\"elementor-element elementor-element-cf28b6b elementor-align-center elementor-widget elementor-widget-button\" data-id=\"cf28b6b\" data-element_type=\"widget\" data-e-type=\"widget\" data-widget_type=\"button.default\">\n\t\t\t\t<div class=\"elementor-widget-container\">\n\t\t\t\t\t\t\t\t\t<div class=\"elementor-button-wrapper\">\n\t\t\t\t\t<a class=\"elementor-button elementor-button-link elementor-size-sm\" href=\"https:\/\/www.cycles-blain.com\/content\/43-newsletter-magasin-vienne-sud\" target=\"_blank\">\n\t\t\t\t\t\t<span class=\"elementor-button-content-wrapper\">\n\t\t\t\t\t\t\t\t\t<span class=\"elementor-button-text\">Je m'inscris \u00e0 la Newsletter<\/span>\n\t\t\t\t\t<\/span>\n\t\t\t\t\t<\/a>\n\t\t\t\t<\/div>\n\t\t\t\t\t\t\t\t<\/div>\n\t\t\t\t<\/div>\n\t\t\t\t\t<\/div>\n\t\t\t\t<\/div>\n\t\t<div class=\"elementor-element elementor-element-d5f1dfe e-flex e-con-boxed e-con e-parent\" data-id=\"d5f1dfe\" data-element_type=\"container\" data-e-type=\"container\">\n\t\t\t\t\t<div class=\"e-con-inner\">\n\t\t\t\t<div class=\"elementor-element elementor-element-dac7f5c elementor-widget elementor-widget-image\" data-id=\"dac7f5c\" data-element_type=\"widget\" data-e-type=\"widget\" data-widget_type=\"image.default\">\n\t\t\t\t<div class=\"elementor-widget-container\">\n\t\t\t\t\t\t\t\t\t\t\t\t<figure class=\"wp-caption\">\n\t\t\t\t\t\t\t\t\t\t\t<a href=\"https:\/\/youtube.com\/shorts\/vNejUcQSOJ0?si=P0tF7WQTuYR_294M\">\n\t\t\t\t\t\t\t<img decoding=\"async\" width=\"165\" height=\"300\" src=\"https:\/\/www.cycles-blain.com\/fr\/wp-content\/uploads\/2025\/07\/IMG_4356-165x300.jpg\" class=\"attachment-medium size-medium wp-image-15948\" alt=\"Cycles Blain vienne sud\" srcset=\"https:\/\/www.cycles-blain.com\/fr\/wp-content\/uploads\/2025\/07\/IMG_4356-165x300.jpg 165w, https:\/\/www.cycles-blain.com\/fr\/wp-content\/uploads\/2025\/07\/IMG_4356-562x1024.jpg 562w, https:\/\/www.cycles-blain.com\/fr\/wp-content\/uploads\/2025\/07\/IMG_4356-768x1399.jpg 768w, https:\/\/www.cycles-blain.com\/fr\/wp-content\/uploads\/2025\/07\/IMG_4356-843x1536.jpg 843w, https:\/\/www.cycles-blain.com\/fr\/wp-content\/uploads\/2025\/07\/IMG_4356-1124x2048.jpg 1124w, https:\/\/www.cycles-blain.com\/fr\/wp-content\/uploads\/2025\/07\/IMG_4356.jpg 1170w\" sizes=\"(max-width: 165px) 100vw, 165px\" \/>\t\t\t\t\t\t\t\t<\/a>\n\t\t\t\t\t\t\t\t\t\t\t<figcaption class=\"widget-image-caption wp-caption-text\">Vid\u00e9o magasin Vienne Sud<\/figcaption>\n\t\t\t\t\t\t\t\t\t\t<\/figure>\n\t\t\t\t\t\t\t\t\t<\/div>\n\t\t\t\t<\/div>\n\t\t\t\t\t<\/div>\n\t\t\t\t<\/div>\n\t\t\t\t<\/div>\n\t\t","protected":false},"excerpt":{"rendered":"<p>Bienvenue au magasin de v\u00e9lo des Cycles Blain Vienne Sud, vivez votre passion du v\u00e9lo : VTT, route, \u00e9lectrique\u2026 Retrouvez vos marques de v\u00e9los Moustache, Lapierre, Kalkhoff et Brompton<\/p>\n","protected":false},"author":4,"featured_media":15916,"comment_status":"open","ping_status":"open","sticky":false,"template":"","format":"standard","meta":{"site-sidebar-layout":"default","site-content-layout":"","ast-site-content-layout":"default","site-content-style":"default","site-sidebar-style":"default","ast-global-header-display":"","ast-banner-title-visibility":"","ast-main-header-display":"","ast-hfb-above-header-display":"","ast-hfb-below-header-display":"","ast-hfb-mobile-header-display":"","site-post-title":"","ast-breadcrumbs-content":"","ast-featured-img":"","footer-sml-layout":"","theme-transparent-header-meta":"","adv-header-id-meta":"","stick-header-meta":"","header-above-stick-meta":"","header-main-stick-meta":"","header-below-stick-meta":"","astra-migrate-meta-layouts":"set","ast-page-background-enabled":"default","ast-page-background-meta":{"desktop":{"background-color":"","background-image":"","background-repeat":"repeat","background-position":"center center","background-size":"auto","background-attachment":"scroll","background-type":"","background-media":"","overlay-type":"","overlay-color":"","overlay-gradient":""},"tablet":{"background-color":"","background-image":"","background-repeat":"repeat","background-position":"center center","background-size":"auto","background-attachment":"scroll","background-type":"","background-media":"","overlay-type":"","overlay-color":"","overlay-gradient":""},"mobile":{"background-color":"","background-image":"","background-repeat":"repeat","background-position":"center center","background-size":"auto","background-attachment":"scroll","background-type":"","background-media":"","overlay-type":"","overlay-color":"","overlay-gradient":""}},"ast-content-background-meta":{"desktop":{"background-color":"var(--ast-global-color-5)","background-image":"","background-repeat":"repeat","background-position":"center center","background-size":"auto","background-attachment":"scroll","background-type":"","background-media":"","overlay-type":"","overlay-color":"","overlay-gradient":""},"tablet":{"background-color":"var(--ast-global-color-5)","background-image":"","background-repeat":"repeat","background-position":"center center","background-size":"auto","background-attachment":"scroll","background-type":"","background-media":"","overlay-type":"","overlay-color":"","overlay-gradient":""},"mobile":{"background-color":"var(--ast-global-color-5)","background-image":"","background-repeat":"repeat","background-position":"center center","background-size":"auto","background-attachment":"scroll","background-type":"","background-media":"","overlay-type":"","overlay-color":"","overlay-gradient":""}},"footnotes":""},"categories":[6,4,88,36,8],"tags":[144,227,117,110,237,47],"class_list":["post-15881","post","type-post","status-publish","format-standard","has-post-thumbnail","hentry","category-magasins-velo","category-velo","category-atelier-reparation","category-magasin-vienne-sud","category-velotaf","tag-atelier","tag-brompton","tag-kalkhoff","tag-lapierre","tag-magasin","tag-moustache"],"yoast_head":"<!-- This site is optimized with the Yoast SEO plugin v27.4 - https:\/\/yoast.com\/product\/yoast-seo-wordpress\/ -->\n<title>Bienvenue au magasin de v\u00e9los Cycles-Blain Vienne Sud - CYCLES BLAIN<\/title>\n<meta name=\"description\" content=\"Bienvenue au magasin de v\u00e9los des Cycles Blain Vienne Sud, vivez votre passion du v\u00e9lo : VTT, route, \u00e9lectrique\u2026 Retrouvez vos marques de v\u00e9los Moustache, Lapierre, Kalkhoff et Brompton\" \/>\n<meta name=\"robots\" content=\"index, follow, max-snippet:-1, max-image-preview:large, max-video-preview:-1\" \/>\n<link rel=\"canonical\" href=\"https:\/\/www.cycles-blain.com\/fr\/magasins-velo\/bienvenue-au-magasin-cycles-blain-vienne-sud\/\" \/>\n<meta property=\"og:locale\" content=\"fr_FR\" \/>\n<meta property=\"og:type\" content=\"article\" \/>\n<meta property=\"og:title\" content=\"Bienvenue au magasin de v\u00e9los Cycles-Blain Vienne Sud - CYCLES BLAIN\" \/>\n<meta property=\"og:description\" content=\"Bienvenue au magasin de v\u00e9los des Cycles Blain Vienne Sud, vivez votre passion du v\u00e9lo : VTT, route, \u00e9lectrique\u2026 Retrouvez vos marques de v\u00e9los Moustache, Lapierre, Kalkhoff et Brompton\" \/>\n<meta property=\"og:url\" content=\"https:\/\/www.cycles-blain.com\/fr\/magasins-velo\/bienvenue-au-magasin-cycles-blain-vienne-sud\/\" \/>\n<meta property=\"og:site_name\" content=\"CyclesBlain - Magasins de v\u00e9los, accessoires et ateliers\" \/>\n<meta property=\"article:publisher\" content=\"https:\/\/www.facebook.com\/cyclesblain\/?locale=fr_FR\" \/>\n<meta property=\"article:published_time\" content=\"2025-07-24T09:45:01+00:00\" \/>\n<meta property=\"article:modified_time\" content=\"2025-07-25T09:23:55+00:00\" \/>\n<meta property=\"og:image\" content=\"https:\/\/www.cycles-blain.com\/fr\/wp-content\/uploads\/2025\/07\/Montage-article-magasin-600-x-400-px-copie.png\" \/>\n\t<meta property=\"og:image:width\" content=\"600\" \/>\n\t<meta property=\"og:image:height\" content=\"400\" \/>\n\t<meta property=\"og:image:type\" content=\"image\/png\" \/>\n<meta name=\"author\" content=\"Lou-Anne\" \/>\n<meta name=\"twitter:card\" content=\"summary_large_image\" \/>\n<meta name=\"twitter:label1\" content=\"\u00c9crit par\" \/>\n\t<meta name=\"twitter:data1\" content=\"Lou-Anne\" \/>\n\t<meta name=\"twitter:label2\" content=\"Dur\u00e9e de lecture estim\u00e9e\" \/>\n\t<meta name=\"twitter:data2\" content=\"4 minutes\" \/>\n<script type=\"application\/ld+json\" class=\"yoast-schema-graph\">{\"@context\":\"https:\\\/\\\/schema.org\",\"@graph\":[{\"@type\":\"Article\",\"@id\":\"https:\\\/\\\/www.cycles-blain.com\\\/fr\\\/magasins-velo\\\/bienvenue-au-magasin-cycles-blain-vienne-sud\\\/#article\",\"isPartOf\":{\"@id\":\"https:\\\/\\\/www.cycles-blain.com\\\/fr\\\/magasins-velo\\\/bienvenue-au-magasin-cycles-blain-vienne-sud\\\/\"},\"author\":{\"name\":\"Lou-Anne\",\"@id\":\"https:\\\/\\\/www.cycles-blain.com\\\/fr\\\/#\\\/schema\\\/person\\\/2e532610e6e45d290a29e480c00cc742\"},\"headline\":\"Bienvenue au magasin de v\u00e9los Cycles-Blain Vienne Sud\",\"datePublished\":\"2025-07-24T09:45:01+00:00\",\"dateModified\":\"2025-07-25T09:23:55+00:00\",\"mainEntityOfPage\":{\"@id\":\"https:\\\/\\\/www.cycles-blain.com\\\/fr\\\/magasins-velo\\\/bienvenue-au-magasin-cycles-blain-vienne-sud\\\/\"},\"wordCount\":632,\"commentCount\":0,\"publisher\":{\"@id\":\"https:\\\/\\\/www.cycles-blain.com\\\/fr\\\/#organization\"},\"image\":{\"@id\":\"https:\\\/\\\/www.cycles-blain.com\\\/fr\\\/magasins-velo\\\/bienvenue-au-magasin-cycles-blain-vienne-sud\\\/#primaryimage\"},\"thumbnailUrl\":\"https:\\\/\\\/www.cycles-blain.com\\\/fr\\\/wp-content\\\/uploads\\\/2025\\\/07\\\/Montage-article-magasin-600-x-400-px-copie.png\",\"keywords\":[\"atelier\",\"brompton\",\"kalkhoff\",\"lapierre\",\"magasin\",\"moustache\"],\"articleSection\":[\"Actus Magasins\",\"Actus V\u00e9lo\",\"Atelier\",\"Magasin Vienne Sud\",\"VeloTaf\"],\"inLanguage\":\"fr-FR\",\"potentialAction\":[{\"@type\":\"CommentAction\",\"name\":\"Comment\",\"target\":[\"https:\\\/\\\/www.cycles-blain.com\\\/fr\\\/magasins-velo\\\/bienvenue-au-magasin-cycles-blain-vienne-sud\\\/#respond\"]}]},{\"@type\":\"WebPage\",\"@id\":\"https:\\\/\\\/www.cycles-blain.com\\\/fr\\\/magasins-velo\\\/bienvenue-au-magasin-cycles-blain-vienne-sud\\\/\",\"url\":\"https:\\\/\\\/www.cycles-blain.com\\\/fr\\\/magasins-velo\\\/bienvenue-au-magasin-cycles-blain-vienne-sud\\\/\",\"name\":\"Bienvenue au magasin de v\u00e9los Cycles-Blain Vienne Sud - CYCLES BLAIN\",\"isPartOf\":{\"@id\":\"https:\\\/\\\/www.cycles-blain.com\\\/fr\\\/#website\"},\"primaryImageOfPage\":{\"@id\":\"https:\\\/\\\/www.cycles-blain.com\\\/fr\\\/magasins-velo\\\/bienvenue-au-magasin-cycles-blain-vienne-sud\\\/#primaryimage\"},\"image\":{\"@id\":\"https:\\\/\\\/www.cycles-blain.com\\\/fr\\\/magasins-velo\\\/bienvenue-au-magasin-cycles-blain-vienne-sud\\\/#primaryimage\"},\"thumbnailUrl\":\"https:\\\/\\\/www.cycles-blain.com\\\/fr\\\/wp-content\\\/uploads\\\/2025\\\/07\\\/Montage-article-magasin-600-x-400-px-copie.png\",\"datePublished\":\"2025-07-24T09:45:01+00:00\",\"dateModified\":\"2025-07-25T09:23:55+00:00\",\"description\":\"Bienvenue au magasin de v\u00e9los des Cycles Blain Vienne Sud, vivez votre passion du v\u00e9lo : VTT, route, \u00e9lectrique\u2026 Retrouvez vos marques de v\u00e9los Moustache, Lapierre, Kalkhoff et Brompton\",\"breadcrumb\":{\"@id\":\"https:\\\/\\\/www.cycles-blain.com\\\/fr\\\/magasins-velo\\\/bienvenue-au-magasin-cycles-blain-vienne-sud\\\/#breadcrumb\"},\"inLanguage\":\"fr-FR\",\"potentialAction\":[{\"@type\":\"ReadAction\",\"target\":[\"https:\\\/\\\/www.cycles-blain.com\\\/fr\\\/magasins-velo\\\/bienvenue-au-magasin-cycles-blain-vienne-sud\\\/\"]}]},{\"@type\":\"ImageObject\",\"inLanguage\":\"fr-FR\",\"@id\":\"https:\\\/\\\/www.cycles-blain.com\\\/fr\\\/magasins-velo\\\/bienvenue-au-magasin-cycles-blain-vienne-sud\\\/#primaryimage\",\"url\":\"https:\\\/\\\/www.cycles-blain.com\\\/fr\\\/wp-content\\\/uploads\\\/2025\\\/07\\\/Montage-article-magasin-600-x-400-px-copie.png\",\"contentUrl\":\"https:\\\/\\\/www.cycles-blain.com\\\/fr\\\/wp-content\\\/uploads\\\/2025\\\/07\\\/Montage-article-magasin-600-x-400-px-copie.png\",\"width\":600,\"height\":400,\"caption\":\"Magasin Vienne Sud\"},{\"@type\":\"BreadcrumbList\",\"@id\":\"https:\\\/\\\/www.cycles-blain.com\\\/fr\\\/magasins-velo\\\/bienvenue-au-magasin-cycles-blain-vienne-sud\\\/#breadcrumb\",\"itemListElement\":[{\"@type\":\"ListItem\",\"position\":1,\"name\":\"Accueil\",\"item\":\"https:\\\/\\\/www.cycles-blain.com\\\/fr\\\/\"},{\"@type\":\"ListItem\",\"position\":2,\"name\":\"Bienvenue au magasin de v\u00e9los Cycles-Blain Vienne Sud\"}]},{\"@type\":\"WebSite\",\"@id\":\"https:\\\/\\\/www.cycles-blain.com\\\/fr\\\/#website\",\"url\":\"https:\\\/\\\/www.cycles-blain.com\\\/fr\\\/\",\"name\":\"CyclesBlain - Magasins de v\u00e9los, accessoires et ateliers\",\"description\":\"Blog Cycles Blain\",\"publisher\":{\"@id\":\"https:\\\/\\\/www.cycles-blain.com\\\/fr\\\/#organization\"},\"potentialAction\":[{\"@type\":\"SearchAction\",\"target\":{\"@type\":\"EntryPoint\",\"urlTemplate\":\"https:\\\/\\\/www.cycles-blain.com\\\/fr\\\/?s={search_term_string}\"},\"query-input\":{\"@type\":\"PropertyValueSpecification\",\"valueRequired\":true,\"valueName\":\"search_term_string\"}}],\"inLanguage\":\"fr-FR\"},{\"@type\":\"Organization\",\"@id\":\"https:\\\/\\\/www.cycles-blain.com\\\/fr\\\/#organization\",\"name\":\"CyclesBlain - Magasins de v\u00e9los, accessoires et ateliers\",\"url\":\"https:\\\/\\\/www.cycles-blain.com\\\/fr\\\/\",\"logo\":{\"@type\":\"ImageObject\",\"inLanguage\":\"fr-FR\",\"@id\":\"https:\\\/\\\/www.cycles-blain.com\\\/fr\\\/#\\\/schema\\\/logo\\\/image\\\/\",\"url\":\"https:\\\/\\\/www.cycles-blain.com\\\/fr\\\/wp-content\\\/uploads\\\/2023\\\/10\\\/logo-cycles-blain.jpeg\",\"contentUrl\":\"https:\\\/\\\/www.cycles-blain.com\\\/fr\\\/wp-content\\\/uploads\\\/2023\\\/10\\\/logo-cycles-blain.jpeg\",\"width\":264,\"height\":191,\"caption\":\"CyclesBlain - Magasins de v\u00e9los, accessoires et ateliers\"},\"image\":{\"@id\":\"https:\\\/\\\/www.cycles-blain.com\\\/fr\\\/#\\\/schema\\\/logo\\\/image\\\/\"},\"sameAs\":[\"https:\\\/\\\/www.facebook.com\\\/cyclesblain\\\/?locale=fr_FR\",\"https:\\\/\\\/www.instagram.com\\\/cycles_blain\\\/?hl=fr\"]},{\"@type\":\"Person\",\"@id\":\"https:\\\/\\\/www.cycles-blain.com\\\/fr\\\/#\\\/schema\\\/person\\\/2e532610e6e45d290a29e480c00cc742\",\"name\":\"Lou-Anne\",\"image\":{\"@type\":\"ImageObject\",\"inLanguage\":\"fr-FR\",\"@id\":\"https:\\\/\\\/secure.gravatar.com\\\/avatar\\\/fc66047eecb12b1dd0e5dd77ae839eef6f5705cede9df1aa88eec9ecfd50b1ab?s=96&d=mm&r=g\",\"url\":\"https:\\\/\\\/secure.gravatar.com\\\/avatar\\\/fc66047eecb12b1dd0e5dd77ae839eef6f5705cede9df1aa88eec9ecfd50b1ab?s=96&d=mm&r=g\",\"contentUrl\":\"https:\\\/\\\/secure.gravatar.com\\\/avatar\\\/fc66047eecb12b1dd0e5dd77ae839eef6f5705cede9df1aa88eec9ecfd50b1ab?s=96&d=mm&r=g\",\"caption\":\"Lou-Anne\"},\"url\":\"https:\\\/\\\/www.cycles-blain.com\\\/fr\\\/author\\\/lou-anne\\\/\"}]}<\/script>\n<!-- \/ Yoast SEO plugin. -->","yoast_head_json":{"title":"Bienvenue au magasin de v\u00e9los Cycles-Blain Vienne Sud - CYCLES BLAIN","description":"Bienvenue au magasin de v\u00e9los des Cycles Blain Vienne Sud, vivez votre passion du v\u00e9lo : VTT, route, \u00e9lectrique\u2026 Retrouvez vos marques de v\u00e9los Moustache, Lapierre, Kalkhoff et Brompton","robots":{"index":"index","follow":"follow","max-snippet":"max-snippet:-1","max-image-preview":"max-image-preview:large","max-video-preview":"max-video-preview:-1"},"canonical":"https:\/\/www.cycles-blain.com\/fr\/magasins-velo\/bienvenue-au-magasin-cycles-blain-vienne-sud\/","og_locale":"fr_FR","og_type":"article","og_title":"Bienvenue au magasin de v\u00e9los Cycles-Blain Vienne Sud - CYCLES BLAIN","og_description":"Bienvenue au magasin de v\u00e9los des Cycles Blain Vienne Sud, vivez votre passion du v\u00e9lo : VTT, route, \u00e9lectrique\u2026 Retrouvez vos marques de v\u00e9los Moustache, Lapierre, Kalkhoff et Brompton","og_url":"https:\/\/www.cycles-blain.com\/fr\/magasins-velo\/bienvenue-au-magasin-cycles-blain-vienne-sud\/","og_site_name":"CyclesBlain - Magasins de v\u00e9los, accessoires et ateliers","article_publisher":"https:\/\/www.facebook.com\/cyclesblain\/?locale=fr_FR","article_published_time":"2025-07-24T09:45:01+00:00","article_modified_time":"2025-07-25T09:23:55+00:00","og_image":[{"width":600,"height":400,"url":"https:\/\/www.cycles-blain.com\/fr\/wp-content\/uploads\/2025\/07\/Montage-article-magasin-600-x-400-px-copie.png","type":"image\/png"}],"author":"Lou-Anne","twitter_card":"summary_large_image","twitter_misc":{"\u00c9crit par":"Lou-Anne","Dur\u00e9e de lecture estim\u00e9e":"4 minutes"},"schema":{"@context":"https:\/\/schema.org","@graph":[{"@type":"Article","@id":"https:\/\/www.cycles-blain.com\/fr\/magasins-velo\/bienvenue-au-magasin-cycles-blain-vienne-sud\/#article","isPartOf":{"@id":"https:\/\/www.cycles-blain.com\/fr\/magasins-velo\/bienvenue-au-magasin-cycles-blain-vienne-sud\/"},"author":{"name":"Lou-Anne","@id":"https:\/\/www.cycles-blain.com\/fr\/#\/schema\/person\/2e532610e6e45d290a29e480c00cc742"},"headline":"Bienvenue au magasin de v\u00e9los Cycles-Blain Vienne Sud","datePublished":"2025-07-24T09:45:01+00:00","dateModified":"2025-07-25T09:23:55+00:00","mainEntityOfPage":{"@id":"https:\/\/www.cycles-blain.com\/fr\/magasins-velo\/bienvenue-au-magasin-cycles-blain-vienne-sud\/"},"wordCount":632,"commentCount":0,"publisher":{"@id":"https:\/\/www.cycles-blain.com\/fr\/#organization"},"image":{"@id":"https:\/\/www.cycles-blain.com\/fr\/magasins-velo\/bienvenue-au-magasin-cycles-blain-vienne-sud\/#primaryimage"},"thumbnailUrl":"https:\/\/www.cycles-blain.com\/fr\/wp-content\/uploads\/2025\/07\/Montage-article-magasin-600-x-400-px-copie.png","keywords":["atelier","brompton","kalkhoff","lapierre","magasin","moustache"],"articleSection":["Actus Magasins","Actus V\u00e9lo","Atelier","Magasin Vienne Sud","VeloTaf"],"inLanguage":"fr-FR","potentialAction":[{"@type":"CommentAction","name":"Comment","target":["https:\/\/www.cycles-blain.com\/fr\/magasins-velo\/bienvenue-au-magasin-cycles-blain-vienne-sud\/#respond"]}]},{"@type":"WebPage","@id":"https:\/\/www.cycles-blain.com\/fr\/magasins-velo\/bienvenue-au-magasin-cycles-blain-vienne-sud\/","url":"https:\/\/www.cycles-blain.com\/fr\/magasins-velo\/bienvenue-au-magasin-cycles-blain-vienne-sud\/","name":"Bienvenue au magasin de v\u00e9los Cycles-Blain Vienne Sud - CYCLES BLAIN","isPartOf":{"@id":"https:\/\/www.cycles-blain.com\/fr\/#website"},"primaryImageOfPage":{"@id":"https:\/\/www.cycles-blain.com\/fr\/magasins-velo\/bienvenue-au-magasin-cycles-blain-vienne-sud\/#primaryimage"},"image":{"@id":"https:\/\/www.cycles-blain.com\/fr\/magasins-velo\/bienvenue-au-magasin-cycles-blain-vienne-sud\/#primaryimage"},"thumbnailUrl":"https:\/\/www.cycles-blain.com\/fr\/wp-content\/uploads\/2025\/07\/Montage-article-magasin-600-x-400-px-copie.png","datePublished":"2025-07-24T09:45:01+00:00","dateModified":"2025-07-25T09:23:55+00:00","description":"Bienvenue au magasin de v\u00e9los des Cycles Blain Vienne Sud, vivez votre passion du v\u00e9lo : VTT, route, \u00e9lectrique\u2026 Retrouvez vos marques de v\u00e9los Moustache, Lapierre, Kalkhoff et Brompton","breadcrumb":{"@id":"https:\/\/www.cycles-blain.com\/fr\/magasins-velo\/bienvenue-au-magasin-cycles-blain-vienne-sud\/#breadcrumb"},"inLanguage":"fr-FR","potentialAction":[{"@type":"ReadAction","target":["https:\/\/www.cycles-blain.com\/fr\/magasins-velo\/bienvenue-au-magasin-cycles-blain-vienne-sud\/"]}]},{"@type":"ImageObject","inLanguage":"fr-FR","@id":"https:\/\/www.cycles-blain.com\/fr\/magasins-velo\/bienvenue-au-magasin-cycles-blain-vienne-sud\/#primaryimage","url":"https:\/\/www.cycles-blain.com\/fr\/wp-content\/uploads\/2025\/07\/Montage-article-magasin-600-x-400-px-copie.png","contentUrl":"https:\/\/www.cycles-blain.com\/fr\/wp-content\/uploads\/2025\/07\/Montage-article-magasin-600-x-400-px-copie.png","width":600,"height":400,"caption":"Magasin Vienne Sud"},{"@type":"BreadcrumbList","@id":"https:\/\/www.cycles-blain.com\/fr\/magasins-velo\/bienvenue-au-magasin-cycles-blain-vienne-sud\/#breadcrumb","itemListElement":[{"@type":"ListItem","position":1,"name":"Accueil","item":"https:\/\/www.cycles-blain.com\/fr\/"},{"@type":"ListItem","position":2,"name":"Bienvenue au magasin de v\u00e9los Cycles-Blain Vienne Sud"}]},{"@type":"WebSite","@id":"https:\/\/www.cycles-blain.com\/fr\/#website","url":"https:\/\/www.cycles-blain.com\/fr\/","name":"CyclesBlain - Magasins de v\u00e9los, accessoires et ateliers","description":"Blog Cycles Blain","publisher":{"@id":"https:\/\/www.cycles-blain.com\/fr\/#organization"},"potentialAction":[{"@type":"SearchAction","target":{"@type":"EntryPoint","urlTemplate":"https:\/\/www.cycles-blain.com\/fr\/?s={search_term_string}"},"query-input":{"@type":"PropertyValueSpecification","valueRequired":true,"valueName":"search_term_string"}}],"inLanguage":"fr-FR"},{"@type":"Organization","@id":"https:\/\/www.cycles-blain.com\/fr\/#organization","name":"CyclesBlain - Magasins de v\u00e9los, accessoires et ateliers","url":"https:\/\/www.cycles-blain.com\/fr\/","logo":{"@type":"ImageObject","inLanguage":"fr-FR","@id":"https:\/\/www.cycles-blain.com\/fr\/#\/schema\/logo\/image\/","url":"https:\/\/www.cycles-blain.com\/fr\/wp-content\/uploads\/2023\/10\/logo-cycles-blain.jpeg","contentUrl":"https:\/\/www.cycles-blain.com\/fr\/wp-content\/uploads\/2023\/10\/logo-cycles-blain.jpeg","width":264,"height":191,"caption":"CyclesBlain - Magasins de v\u00e9los, accessoires et ateliers"},"image":{"@id":"https:\/\/www.cycles-blain.com\/fr\/#\/schema\/logo\/image\/"},"sameAs":["https:\/\/www.facebook.com\/cyclesblain\/?locale=fr_FR","https:\/\/www.instagram.com\/cycles_blain\/?hl=fr"]},{"@type":"Person","@id":"https:\/\/www.cycles-blain.com\/fr\/#\/schema\/person\/2e532610e6e45d290a29e480c00cc742","name":"Lou-Anne","image":{"@type":"ImageObject","inLanguage":"fr-FR","@id":"https:\/\/secure.gravatar.com\/avatar\/fc66047eecb12b1dd0e5dd77ae839eef6f5705cede9df1aa88eec9ecfd50b1ab?s=96&d=mm&r=g","url":"https:\/\/secure.gravatar.com\/avatar\/fc66047eecb12b1dd0e5dd77ae839eef6f5705cede9df1aa88eec9ecfd50b1ab?s=96&d=mm&r=g","contentUrl":"https:\/\/secure.gravatar.com\/avatar\/fc66047eecb12b1dd0e5dd77ae839eef6f5705cede9df1aa88eec9ecfd50b1ab?s=96&d=mm&r=g","caption":"Lou-Anne"},"url":"https:\/\/www.cycles-blain.com\/fr\/author\/lou-anne\/"}]}},"_links":{"self":[{"href":"https:\/\/www.cycles-blain.com\/fr\/wp-json\/wp\/v2\/posts\/15881","targetHints":{"allow":["GET"]}}],"collection":[{"href":"https:\/\/www.cycles-blain.com\/fr\/wp-json\/wp\/v2\/posts"}],"about":[{"href":"https:\/\/www.cycles-blain.com\/fr\/wp-json\/wp\/v2\/types\/post"}],"author":[{"embeddable":true,"href":"https:\/\/www.cycles-blain.com\/fr\/wp-json\/wp\/v2\/users\/4"}],"replies":[{"embeddable":true,"href":"https:\/\/www.cycles-blain.com\/fr\/wp-json\/wp\/v2\/comments?post=15881"}],"version-history":[{"count":66,"href":"https:\/\/www.cycles-blain.com\/fr\/wp-json\/wp\/v2\/posts\/15881\/revisions"}],"predecessor-version":[{"id":15960,"href":"https:\/\/www.cycles-blain.com\/fr\/wp-json\/wp\/v2\/posts\/15881\/revisions\/15960"}],"wp:featuredmedia":[{"embeddable":true,"href":"https:\/\/www.cycles-blain.com\/fr\/wp-json\/wp\/v2\/media\/15916"}],"wp:attachment":[{"href":"https:\/\/www.cycles-blain.com\/fr\/wp-json\/wp\/v2\/media?parent=15881"}],"wp:term":[{"taxonomy":"category","embeddable":true,"href":"https:\/\/www.cycles-blain.com\/fr\/wp-json\/wp\/v2\/categories?post=15881"},{"taxonomy":"post_tag","embeddable":true,"href":"https:\/\/www.cycles-blain.com\/fr\/wp-json\/wp\/v2\/tags?post=15881"}],"curies":[{"name":"wp","href":"https:\/\/api.w.org\/{rel}","templated":true}]}}