{"id":15972,"date":"2025-07-29T17:09:42","date_gmt":"2025-07-29T15:09:42","guid":{"rendered":"https:\/\/www.cycles-blain.com\/fr\/?p=15972"},"modified":"2025-07-30T09:41:24","modified_gmt":"2025-07-30T07:41:24","slug":"horaires-estivales-2025-magasins-ateliers-cyclesblain","status":"publish","type":"post","link":"https:\/\/www.cycles-blain.com\/fr\/magasins-velo\/horaires-estivales-2025-magasins-ateliers-cyclesblain\/","title":{"rendered":"Horaires estivales 2025 de nos magasins"},"content":{"rendered":"\t\t<div data-elementor-type=\"wp-post\" data-elementor-id=\"15972\" class=\"elementor elementor-15972\" data-elementor-post-type=\"post\">\n\t\t\t\t<div class=\"elementor-element elementor-element-0364223 e-flex e-con-boxed e-con e-parent\" data-id=\"0364223\" data-element_type=\"container\" data-e-type=\"container\">\n\t\t\t\t\t<div class=\"e-con-inner\">\n\t\t\t\t<div class=\"elementor-element elementor-element-4804c95 elementor-widget elementor-widget-text-editor\" data-id=\"4804c95\" data-element_type=\"widget\" data-e-type=\"widget\" data-widget_type=\"text-editor.default\">\n\t\t\t\t<div class=\"elementor-widget-container\">\n\t\t\t\t\t\t\t\t\t<p><em>Cet \u00e9t\u00e9 2025, le planning et les horaires de vos magasins Cycles Blain changent un peu, mais vous trouverez toujours un un magasin de v\u00e9lo ou un atelier CYCLES BLAIN ouverts sur Lyon ! &#8230;. A part les 15 et 16 Ao\u00fbt \ud83d\ude09<\/em><\/p>\t\t\t\t\t\t\t\t<\/div>\n\t\t\t\t<\/div>\n\t\t\t\t\t<\/div>\n\t\t\t\t<\/div>\n\t\t<div class=\"elementor-element elementor-element-3a65cc0 e-flex e-con-boxed e-con e-parent\" data-id=\"3a65cc0\" data-element_type=\"container\" data-e-type=\"container\">\n\t\t\t\t\t<div class=\"e-con-inner\">\n\t\t\t\t<div class=\"elementor-element elementor-element-ad54740 elementor-widget elementor-widget-heading\" data-id=\"ad54740\" data-element_type=\"widget\" data-e-type=\"widget\" data-widget_type=\"heading.default\">\n\t\t\t\t<div class=\"elementor-widget-container\">\n\t\t\t\t\t<h4 class=\"elementor-heading-title elementor-size-default\">Dates de fermeture des magasins et ateliers en Ao\u00fbt :<\/h4>\t\t\t\t<\/div>\n\t\t\t\t<\/div>\n\t\t\t\t\t<\/div>\n\t\t\t\t<\/div>\n\t\t<div class=\"elementor-element elementor-element-5c92ae4 e-flex e-con-boxed e-con e-parent\" data-id=\"5c92ae4\" data-element_type=\"container\" data-e-type=\"container\">\n\t\t\t\t\t<div class=\"e-con-inner\">\n\t\t\t\t<div class=\"elementor-element elementor-element-2bc357c elementor-widget elementor-widget-text-editor\" data-id=\"2bc357c\" data-element_type=\"widget\" data-e-type=\"widget\" data-widget_type=\"text-editor.default\">\n\t\t\t\t<div class=\"elementor-widget-container\">\n\t\t\t\t\t\t\t\t\t<ul><li style=\"font-size: 14px; font-style: normal;\"><span style=\"font-weight: bold;\">Vendredi 15 et Lundi 16 Ao\u00fbt 2025 :\u00a0<\/span>Tous les magasins et ateliers seront ferm\u00e9s.<\/li><\/ul><p><b>Magasin et Atelier de BRIGNAIS<\/b><\/p><ul><li>Fermeture les 15 et 16 Ao\u00fbt inclus<\/li><li>Changement d&rsquo;horaires en Ao\u00fbt : 9-12h \/ 14-19h du mardi au vendredi et 9h-12h \/ 14h-18h le samedi<\/li><\/ul><p style=\"font-size: 14px; font-style: normal; font-weight: 500;\"><span style=\"font-weight: bold;\">Magasin et Atelier de LYON 3 CENTRE<\/span><\/p><ul style=\"font-size: 14px; font-style: normal; font-weight: 500;\"><li style=\"font-size: 14px;\">Fermeture du 11 au 16 Ao\u00fbt inclus<\/li><\/ul><p style=\"font-size: 14px; font-style: normal; font-weight: 500;\"><span style=\"font-weight: bold;\">Magasin et Atelier de ST PRIEST<\/span><\/p><ul style=\"font-size: 14px; font-style: normal;\"><li style=\"font-size: 14px;\">Fermeture du 11 au 24 Ao\u00fbt inclus<\/li><\/ul><div><b>Magasin et Atelier de LYON 6 MANUDANY<\/b><\/div><ul><li>\u00a0Fermeture du 11 au 16 Ao\u00fbt inclus<\/li><\/ul><div><b>Magasin et Atelier d&rsquo;ECULLY<\/b><\/div><ul><li>\u00a0Fermeture du 4 au 23 Ao\u00fbt inclus<\/li><\/ul><div><b>Magasins et Ateliers de VIENNE Nord et VIENNE Sud<\/b><\/div><ul><li>\u00a0Fermeture du 11 au 16 Ao\u00fbt inclus<\/li><\/ul><div><b>Magasin et Atelier de CRAPONNE<\/b><\/div><ul><li>\u00a0Fermeture du 11 au 16 Ao\u00fbt inclus<\/li><\/ul><div><b>Magasin et Atelier de OULLINS<\/b><\/div><ul><li>\u00a0Fermeture du 11 au 23 Ao\u00fbt inclus<\/li><\/ul><div><b>Magasin et Atelier de Lyon 5 VERAN<\/b><\/div><ul><li>\u00a0Fermeture du 11 au 16 Ao\u00fbt inclus<\/li><\/ul><p style=\"font-size: 14px; font-style: normal; font-weight: 500;\">Nous vous prions de bien vouloir prendre en compte ces informations pour organiser vos achats et vos entretiens de v\u00e9los.<br \/>Les commandes internet seront assur\u00e9es mais les pr\u00e9parations de commandes en ligne et envois seront allong\u00e9es en particulier du 11 au 16 Ao\u00fbt.\u00a0<\/p><p style=\"font-size: 14px; font-style: normal; font-weight: 500;\">Toute l\u2019\u00e9quipe de Cycles Blain vous remercie pour votre fid\u00e9lit\u00e9 et votre compr\u00e9hension.<\/p><p style=\"font-size: 14px; font-style: normal; font-weight: 500;\">\u00c0 tr\u00e8s vite dans nos magasins !<\/p><p style=\"font-size: 14px; font-style: normal; font-weight: 500;\">L\u2019\u00e9quipe Cycles Blain<\/p>\t\t\t\t\t\t\t\t<\/div>\n\t\t\t\t<\/div>\n\t\t\t\t<div class=\"elementor-element elementor-element-2dcaa85 elementor-align-center elementor-widget elementor-widget-button\" data-id=\"2dcaa85\" data-element_type=\"widget\" data-e-type=\"widget\" data-widget_type=\"button.default\">\n\t\t\t\t<div class=\"elementor-widget-container\">\n\t\t\t\t\t\t\t\t\t<div class=\"elementor-button-wrapper\">\n\t\t\t\t\t<a class=\"elementor-button elementor-button-link elementor-size-sm\" href=\"https:\/\/www.cycles-blain.com\/content\/category\/2-magasins-velos-lyon-cycles-blain\" target=\"_blank\">\n\t\t\t\t\t\t<span class=\"elementor-button-content-wrapper\">\n\t\t\t\t\t\t\t\t\t<span class=\"elementor-button-text\">Je trouve mon magasin ou atelier le plus proche<\/span>\n\t\t\t\t\t<\/span>\n\t\t\t\t\t<\/a>\n\t\t\t\t<\/div>\n\t\t\t\t\t\t\t\t<\/div>\n\t\t\t\t<\/div>\n\t\t\t\t\t<\/div>\n\t\t\t\t<\/div>\n\t\t\t\t<\/div>\n\t\t","protected":false},"excerpt":{"rendered":"<p>Cet \u00e9t\u00e9 2025, les magasins et ateliers Cycles Blain restent ouverts tout l&rsquo;\u00e9t\u00e9 \u00e0 quelques jours pr\u00eat ! Voici nos horaires estivales 2025<\/p>\n","protected":false},"author":1,"featured_media":6665,"comment_status":"open","ping_status":"open","sticky":false,"template":"","format":"standard","meta":{"site-sidebar-layout":"default","site-content-layout":"","ast-site-content-layout":"default","site-content-style":"default","site-sidebar-style":"default","ast-global-header-display":"","ast-banner-title-visibility":"","ast-main-header-display":"","ast-hfb-above-header-display":"","ast-hfb-below-header-display":"","ast-hfb-mobile-header-display":"","site-post-title":"","ast-breadcrumbs-content":"","ast-featured-img":"","footer-sml-layout":"","theme-transparent-header-meta":"","adv-header-id-meta":"","stick-header-meta":"","header-above-stick-meta":"","header-main-stick-meta":"","header-below-stick-meta":"","astra-migrate-meta-layouts":"set","ast-page-background-enabled":"default","ast-page-background-meta":{"desktop":{"background-color":"","background-image":"","background-repeat":"repeat","background-position":"center center","background-size":"auto","background-attachment":"scroll","background-type":"","background-media":"","overlay-type":"","overlay-color":"","overlay-gradient":""},"tablet":{"background-color":"","background-image":"","background-repeat":"repeat","background-position":"center center","background-size":"auto","background-attachment":"scroll","background-type":"","background-media":"","overlay-type":"","overlay-color":"","overlay-gradient":""},"mobile":{"background-color":"","background-image":"","background-repeat":"repeat","background-position":"center center","background-size":"auto","background-attachment":"scroll","background-type":"","background-media":"","overlay-type":"","overlay-color":"","overlay-gradient":""}},"ast-content-background-meta":{"desktop":{"background-color":"var(--ast-global-color-5)","background-image":"","background-repeat":"repeat","background-position":"center center","background-size":"auto","background-attachment":"scroll","background-type":"","background-media":"","overlay-type":"","overlay-color":"","overlay-gradient":""},"tablet":{"background-color":"var(--ast-global-color-5)","background-image":"","background-repeat":"repeat","background-position":"center center","background-size":"auto","background-attachment":"scroll","background-type":"","background-media":"","overlay-type":"","overlay-color":"","overlay-gradient":""},"mobile":{"background-color":"var(--ast-global-color-5)","background-image":"","background-repeat":"repeat","background-position":"center center","background-size":"auto","background-attachment":"scroll","background-type":"","background-media":"","overlay-type":"","overlay-color":"","overlay-gradient":""}},"footnotes":""},"categories":[6,7,78,44,37,76,36,81,79,77,80],"tags":[144,238,237],"class_list":["post-15972","post","type-post","status-publish","format-standard","has-post-thumbnail","hentry","category-magasins-velo","category-magasin-brignais","category-magasin-craponne","category-magasin-lyon-3","category-magasin-saint-priest","category-magasin-vienne","category-magasin-vienne-sud","category-magasin-lyon-5","category-magasin-ecully","category-magasin-lyon-6","category-magasin-oullins","tag-atelier","tag-horaires","tag-magasin"],"yoast_head":"<!-- This site is optimized with the Yoast SEO plugin v27.5 - https:\/\/yoast.com\/product\/yoast-seo-wordpress\/ -->\n<title>Horaires estivales 2025 de nos magasins - CYCLES BLAIN<\/title>\n<meta name=\"description\" content=\"Au mois d&#039;Ao\u00fbt 2025, vos magasins et ateliers Cycles Blain restent ouverts tout l&#039;\u00e9t\u00e9 \u00e0 quelques exceptions pr\u00eats : Voici nos horaires estivales 2025\" \/>\n<meta name=\"robots\" content=\"noindex, follow\" \/>\n<meta property=\"og:locale\" content=\"fr_FR\" \/>\n<meta property=\"og:type\" content=\"article\" \/>\n<meta property=\"og:title\" content=\"Horaires estivales 2025 de nos magasins - CYCLES BLAIN\" \/>\n<meta property=\"og:description\" content=\"Au mois d&#039;Ao\u00fbt 2025, vos magasins et ateliers Cycles Blain restent ouverts tout l&#039;\u00e9t\u00e9 \u00e0 quelques exceptions pr\u00eats : Voici nos horaires estivales 2025\" \/>\n<meta property=\"og:url\" content=\"https:\/\/www.cycles-blain.com\/fr\/magasins-velo\/horaires-estivales-2025-magasins-ateliers-cyclesblain\/\" \/>\n<meta property=\"og:site_name\" content=\"CyclesBlain - Magasins de v\u00e9los, accessoires et ateliers\" \/>\n<meta property=\"article:publisher\" content=\"https:\/\/www.facebook.com\/cyclesblain\/?locale=fr_FR\" \/>\n<meta property=\"article:published_time\" content=\"2025-07-29T15:09:42+00:00\" \/>\n<meta property=\"article:modified_time\" content=\"2025-07-30T07:41:24+00:00\" \/>\n<meta property=\"og:image\" content=\"https:\/\/www.cycles-blain.com\/fr\/wp-content\/uploads\/2024\/07\/horaires-magasin.png\" \/>\n\t<meta property=\"og:image:width\" content=\"600\" \/>\n\t<meta property=\"og:image:height\" content=\"400\" \/>\n\t<meta property=\"og:image:type\" content=\"image\/png\" \/>\n<meta name=\"author\" content=\"Gueweb\" \/>\n<meta name=\"twitter:card\" content=\"summary_large_image\" \/>\n<meta name=\"twitter:label1\" content=\"\u00c9crit par\" \/>\n\t<meta name=\"twitter:data1\" content=\"Gueweb\" \/>\n\t<meta name=\"twitter:label2\" content=\"Dur\u00e9e de lecture estim\u00e9e\" \/>\n\t<meta name=\"twitter:data2\" content=\"2 minutes\" \/>\n<script type=\"application\/ld+json\" class=\"yoast-schema-graph\">{\"@context\":\"https:\\\/\\\/schema.org\",\"@graph\":[{\"@type\":\"Article\",\"@id\":\"https:\\\/\\\/www.cycles-blain.com\\\/fr\\\/magasins-velo\\\/horaires-estivales-2025-magasins-ateliers-cyclesblain\\\/#article\",\"isPartOf\":{\"@id\":\"https:\\\/\\\/www.cycles-blain.com\\\/fr\\\/magasins-velo\\\/horaires-estivales-2025-magasins-ateliers-cyclesblain\\\/\"},\"author\":{\"name\":\"Gueweb\",\"@id\":\"https:\\\/\\\/www.cycles-blain.com\\\/fr\\\/#\\\/schema\\\/person\\\/6fb8bad852fde893fb61b7b05936af37\"},\"headline\":\"Horaires estivales 2025 de nos magasins\",\"datePublished\":\"2025-07-29T15:09:42+00:00\",\"dateModified\":\"2025-07-30T07:41:24+00:00\",\"mainEntityOfPage\":{\"@id\":\"https:\\\/\\\/www.cycles-blain.com\\\/fr\\\/magasins-velo\\\/horaires-estivales-2025-magasins-ateliers-cyclesblain\\\/\"},\"wordCount\":277,\"commentCount\":0,\"publisher\":{\"@id\":\"https:\\\/\\\/www.cycles-blain.com\\\/fr\\\/#organization\"},\"image\":{\"@id\":\"https:\\\/\\\/www.cycles-blain.com\\\/fr\\\/magasins-velo\\\/horaires-estivales-2025-magasins-ateliers-cyclesblain\\\/#primaryimage\"},\"thumbnailUrl\":\"https:\\\/\\\/www.cycles-blain.com\\\/fr\\\/wp-content\\\/uploads\\\/2024\\\/07\\\/horaires-magasin.png\",\"keywords\":[\"atelier\",\"horaires\",\"magasin\"],\"articleSection\":[\"Actus Magasins\",\"Magasin Brignais\",\"Magasin Craponne\",\"Magasin Lyon Centre\",\"Magasin St Priest\",\"Magasin Vienne\",\"Magasin Vienne Sud\",\"Magasin-CyclesVeran\",\"Magasin-Ecully\",\"Magasin-Lyon6\",\"Magasin-Oullins\"],\"inLanguage\":\"fr-FR\",\"potentialAction\":[{\"@type\":\"CommentAction\",\"name\":\"Comment\",\"target\":[\"https:\\\/\\\/www.cycles-blain.com\\\/fr\\\/magasins-velo\\\/horaires-estivales-2025-magasins-ateliers-cyclesblain\\\/#respond\"]}]},{\"@type\":\"WebPage\",\"@id\":\"https:\\\/\\\/www.cycles-blain.com\\\/fr\\\/magasins-velo\\\/horaires-estivales-2025-magasins-ateliers-cyclesblain\\\/\",\"url\":\"https:\\\/\\\/www.cycles-blain.com\\\/fr\\\/magasins-velo\\\/horaires-estivales-2025-magasins-ateliers-cyclesblain\\\/\",\"name\":\"Horaires estivales 2025 de nos magasins - CYCLES BLAIN\",\"isPartOf\":{\"@id\":\"https:\\\/\\\/www.cycles-blain.com\\\/fr\\\/#website\"},\"primaryImageOfPage\":{\"@id\":\"https:\\\/\\\/www.cycles-blain.com\\\/fr\\\/magasins-velo\\\/horaires-estivales-2025-magasins-ateliers-cyclesblain\\\/#primaryimage\"},\"image\":{\"@id\":\"https:\\\/\\\/www.cycles-blain.com\\\/fr\\\/magasins-velo\\\/horaires-estivales-2025-magasins-ateliers-cyclesblain\\\/#primaryimage\"},\"thumbnailUrl\":\"https:\\\/\\\/www.cycles-blain.com\\\/fr\\\/wp-content\\\/uploads\\\/2024\\\/07\\\/horaires-magasin.png\",\"datePublished\":\"2025-07-29T15:09:42+00:00\",\"dateModified\":\"2025-07-30T07:41:24+00:00\",\"description\":\"Au mois d'Ao\u00fbt 2025, vos magasins et ateliers Cycles Blain restent ouverts tout l'\u00e9t\u00e9 \u00e0 quelques exceptions pr\u00eats : Voici nos horaires estivales 2025\",\"breadcrumb\":{\"@id\":\"https:\\\/\\\/www.cycles-blain.com\\\/fr\\\/magasins-velo\\\/horaires-estivales-2025-magasins-ateliers-cyclesblain\\\/#breadcrumb\"},\"inLanguage\":\"fr-FR\",\"potentialAction\":[{\"@type\":\"ReadAction\",\"target\":[\"https:\\\/\\\/www.cycles-blain.com\\\/fr\\\/magasins-velo\\\/horaires-estivales-2025-magasins-ateliers-cyclesblain\\\/\"]}]},{\"@type\":\"ImageObject\",\"inLanguage\":\"fr-FR\",\"@id\":\"https:\\\/\\\/www.cycles-blain.com\\\/fr\\\/magasins-velo\\\/horaires-estivales-2025-magasins-ateliers-cyclesblain\\\/#primaryimage\",\"url\":\"https:\\\/\\\/www.cycles-blain.com\\\/fr\\\/wp-content\\\/uploads\\\/2024\\\/07\\\/horaires-magasin.png\",\"contentUrl\":\"https:\\\/\\\/www.cycles-blain.com\\\/fr\\\/wp-content\\\/uploads\\\/2024\\\/07\\\/horaires-magasin.png\",\"width\":600,\"height\":400,\"caption\":\"Horaires ETE\"},{\"@type\":\"BreadcrumbList\",\"@id\":\"https:\\\/\\\/www.cycles-blain.com\\\/fr\\\/magasins-velo\\\/horaires-estivales-2025-magasins-ateliers-cyclesblain\\\/#breadcrumb\",\"itemListElement\":[{\"@type\":\"ListItem\",\"position\":1,\"name\":\"Accueil\",\"item\":\"https:\\\/\\\/www.cycles-blain.com\\\/fr\\\/\"},{\"@type\":\"ListItem\",\"position\":2,\"name\":\"Horaires estivales 2025 de nos magasins\"}]},{\"@type\":\"WebSite\",\"@id\":\"https:\\\/\\\/www.cycles-blain.com\\\/fr\\\/#website\",\"url\":\"https:\\\/\\\/www.cycles-blain.com\\\/fr\\\/\",\"name\":\"CyclesBlain - Magasins de v\u00e9los, accessoires et ateliers\",\"description\":\"Blog Cycles Blain\",\"publisher\":{\"@id\":\"https:\\\/\\\/www.cycles-blain.com\\\/fr\\\/#organization\"},\"potentialAction\":[{\"@type\":\"SearchAction\",\"target\":{\"@type\":\"EntryPoint\",\"urlTemplate\":\"https:\\\/\\\/www.cycles-blain.com\\\/fr\\\/?s={search_term_string}\"},\"query-input\":{\"@type\":\"PropertyValueSpecification\",\"valueRequired\":true,\"valueName\":\"search_term_string\"}}],\"inLanguage\":\"fr-FR\"},{\"@type\":\"Organization\",\"@id\":\"https:\\\/\\\/www.cycles-blain.com\\\/fr\\\/#organization\",\"name\":\"CyclesBlain - Magasins de v\u00e9los, accessoires et ateliers\",\"url\":\"https:\\\/\\\/www.cycles-blain.com\\\/fr\\\/\",\"logo\":{\"@type\":\"ImageObject\",\"inLanguage\":\"fr-FR\",\"@id\":\"https:\\\/\\\/www.cycles-blain.com\\\/fr\\\/#\\\/schema\\\/logo\\\/image\\\/\",\"url\":\"https:\\\/\\\/www.cycles-blain.com\\\/fr\\\/wp-content\\\/uploads\\\/2023\\\/10\\\/logo-cycles-blain.jpeg\",\"contentUrl\":\"https:\\\/\\\/www.cycles-blain.com\\\/fr\\\/wp-content\\\/uploads\\\/2023\\\/10\\\/logo-cycles-blain.jpeg\",\"width\":264,\"height\":191,\"caption\":\"CyclesBlain - Magasins de v\u00e9los, accessoires et ateliers\"},\"image\":{\"@id\":\"https:\\\/\\\/www.cycles-blain.com\\\/fr\\\/#\\\/schema\\\/logo\\\/image\\\/\"},\"sameAs\":[\"https:\\\/\\\/www.facebook.com\\\/cyclesblain\\\/?locale=fr_FR\",\"https:\\\/\\\/www.instagram.com\\\/cycles_blain\\\/?hl=fr\"]},{\"@type\":\"Person\",\"@id\":\"https:\\\/\\\/www.cycles-blain.com\\\/fr\\\/#\\\/schema\\\/person\\\/6fb8bad852fde893fb61b7b05936af37\",\"name\":\"Gueweb\",\"image\":{\"@type\":\"ImageObject\",\"inLanguage\":\"fr-FR\",\"@id\":\"https:\\\/\\\/secure.gravatar.com\\\/avatar\\\/52550bc594eb074508114b963209b157358b27e5a0319de1bb723df3f760ca2d?s=96&d=mm&r=g\",\"url\":\"https:\\\/\\\/secure.gravatar.com\\\/avatar\\\/52550bc594eb074508114b963209b157358b27e5a0319de1bb723df3f760ca2d?s=96&d=mm&r=g\",\"contentUrl\":\"https:\\\/\\\/secure.gravatar.com\\\/avatar\\\/52550bc594eb074508114b963209b157358b27e5a0319de1bb723df3f760ca2d?s=96&d=mm&r=g\",\"caption\":\"Gueweb\"},\"sameAs\":[\"https:\\\/\\\/www.cycles-blain.com\\\/\\\/fr\"],\"url\":\"https:\\\/\\\/www.cycles-blain.com\\\/fr\\\/author\\\/gueweb\\\/\"}]}<\/script>\n<!-- \/ Yoast SEO plugin. -->","yoast_head_json":{"title":"Horaires estivales 2025 de nos magasins - CYCLES BLAIN","description":"Au mois d'Ao\u00fbt 2025, vos magasins et ateliers Cycles Blain restent ouverts tout l'\u00e9t\u00e9 \u00e0 quelques exceptions pr\u00eats : Voici nos horaires estivales 2025","robots":{"index":"noindex","follow":"follow"},"og_locale":"fr_FR","og_type":"article","og_title":"Horaires estivales 2025 de nos magasins - CYCLES BLAIN","og_description":"Au mois d'Ao\u00fbt 2025, vos magasins et ateliers Cycles Blain restent ouverts tout l'\u00e9t\u00e9 \u00e0 quelques exceptions pr\u00eats : Voici nos horaires estivales 2025","og_url":"https:\/\/www.cycles-blain.com\/fr\/magasins-velo\/horaires-estivales-2025-magasins-ateliers-cyclesblain\/","og_site_name":"CyclesBlain - Magasins de v\u00e9los, accessoires et ateliers","article_publisher":"https:\/\/www.facebook.com\/cyclesblain\/?locale=fr_FR","article_published_time":"2025-07-29T15:09:42+00:00","article_modified_time":"2025-07-30T07:41:24+00:00","og_image":[{"width":600,"height":400,"url":"https:\/\/www.cycles-blain.com\/fr\/wp-content\/uploads\/2024\/07\/horaires-magasin.png","type":"image\/png"}],"author":"Gueweb","twitter_card":"summary_large_image","twitter_misc":{"\u00c9crit par":"Gueweb","Dur\u00e9e de lecture estim\u00e9e":"2 minutes"},"schema":{"@context":"https:\/\/schema.org","@graph":[{"@type":"Article","@id":"https:\/\/www.cycles-blain.com\/fr\/magasins-velo\/horaires-estivales-2025-magasins-ateliers-cyclesblain\/#article","isPartOf":{"@id":"https:\/\/www.cycles-blain.com\/fr\/magasins-velo\/horaires-estivales-2025-magasins-ateliers-cyclesblain\/"},"author":{"name":"Gueweb","@id":"https:\/\/www.cycles-blain.com\/fr\/#\/schema\/person\/6fb8bad852fde893fb61b7b05936af37"},"headline":"Horaires estivales 2025 de nos magasins","datePublished":"2025-07-29T15:09:42+00:00","dateModified":"2025-07-30T07:41:24+00:00","mainEntityOfPage":{"@id":"https:\/\/www.cycles-blain.com\/fr\/magasins-velo\/horaires-estivales-2025-magasins-ateliers-cyclesblain\/"},"wordCount":277,"commentCount":0,"publisher":{"@id":"https:\/\/www.cycles-blain.com\/fr\/#organization"},"image":{"@id":"https:\/\/www.cycles-blain.com\/fr\/magasins-velo\/horaires-estivales-2025-magasins-ateliers-cyclesblain\/#primaryimage"},"thumbnailUrl":"https:\/\/www.cycles-blain.com\/fr\/wp-content\/uploads\/2024\/07\/horaires-magasin.png","keywords":["atelier","horaires","magasin"],"articleSection":["Actus Magasins","Magasin Brignais","Magasin Craponne","Magasin Lyon Centre","Magasin St Priest","Magasin Vienne","Magasin Vienne Sud","Magasin-CyclesVeran","Magasin-Ecully","Magasin-Lyon6","Magasin-Oullins"],"inLanguage":"fr-FR","potentialAction":[{"@type":"CommentAction","name":"Comment","target":["https:\/\/www.cycles-blain.com\/fr\/magasins-velo\/horaires-estivales-2025-magasins-ateliers-cyclesblain\/#respond"]}]},{"@type":"WebPage","@id":"https:\/\/www.cycles-blain.com\/fr\/magasins-velo\/horaires-estivales-2025-magasins-ateliers-cyclesblain\/","url":"https:\/\/www.cycles-blain.com\/fr\/magasins-velo\/horaires-estivales-2025-magasins-ateliers-cyclesblain\/","name":"Horaires estivales 2025 de nos magasins - CYCLES BLAIN","isPartOf":{"@id":"https:\/\/www.cycles-blain.com\/fr\/#website"},"primaryImageOfPage":{"@id":"https:\/\/www.cycles-blain.com\/fr\/magasins-velo\/horaires-estivales-2025-magasins-ateliers-cyclesblain\/#primaryimage"},"image":{"@id":"https:\/\/www.cycles-blain.com\/fr\/magasins-velo\/horaires-estivales-2025-magasins-ateliers-cyclesblain\/#primaryimage"},"thumbnailUrl":"https:\/\/www.cycles-blain.com\/fr\/wp-content\/uploads\/2024\/07\/horaires-magasin.png","datePublished":"2025-07-29T15:09:42+00:00","dateModified":"2025-07-30T07:41:24+00:00","description":"Au mois d'Ao\u00fbt 2025, vos magasins et ateliers Cycles Blain restent ouverts tout l'\u00e9t\u00e9 \u00e0 quelques exceptions pr\u00eats : Voici nos horaires estivales 2025","breadcrumb":{"@id":"https:\/\/www.cycles-blain.com\/fr\/magasins-velo\/horaires-estivales-2025-magasins-ateliers-cyclesblain\/#breadcrumb"},"inLanguage":"fr-FR","potentialAction":[{"@type":"ReadAction","target":["https:\/\/www.cycles-blain.com\/fr\/magasins-velo\/horaires-estivales-2025-magasins-ateliers-cyclesblain\/"]}]},{"@type":"ImageObject","inLanguage":"fr-FR","@id":"https:\/\/www.cycles-blain.com\/fr\/magasins-velo\/horaires-estivales-2025-magasins-ateliers-cyclesblain\/#primaryimage","url":"https:\/\/www.cycles-blain.com\/fr\/wp-content\/uploads\/2024\/07\/horaires-magasin.png","contentUrl":"https:\/\/www.cycles-blain.com\/fr\/wp-content\/uploads\/2024\/07\/horaires-magasin.png","width":600,"height":400,"caption":"Horaires ETE"},{"@type":"BreadcrumbList","@id":"https:\/\/www.cycles-blain.com\/fr\/magasins-velo\/horaires-estivales-2025-magasins-ateliers-cyclesblain\/#breadcrumb","itemListElement":[{"@type":"ListItem","position":1,"name":"Accueil","item":"https:\/\/www.cycles-blain.com\/fr\/"},{"@type":"ListItem","position":2,"name":"Horaires estivales 2025 de nos magasins"}]},{"@type":"WebSite","@id":"https:\/\/www.cycles-blain.com\/fr\/#website","url":"https:\/\/www.cycles-blain.com\/fr\/","name":"CyclesBlain - Magasins de v\u00e9los, accessoires et ateliers","description":"Blog Cycles Blain","publisher":{"@id":"https:\/\/www.cycles-blain.com\/fr\/#organization"},"potentialAction":[{"@type":"SearchAction","target":{"@type":"EntryPoint","urlTemplate":"https:\/\/www.cycles-blain.com\/fr\/?s={search_term_string}"},"query-input":{"@type":"PropertyValueSpecification","valueRequired":true,"valueName":"search_term_string"}}],"inLanguage":"fr-FR"},{"@type":"Organization","@id":"https:\/\/www.cycles-blain.com\/fr\/#organization","name":"CyclesBlain - Magasins de v\u00e9los, accessoires et ateliers","url":"https:\/\/www.cycles-blain.com\/fr\/","logo":{"@type":"ImageObject","inLanguage":"fr-FR","@id":"https:\/\/www.cycles-blain.com\/fr\/#\/schema\/logo\/image\/","url":"https:\/\/www.cycles-blain.com\/fr\/wp-content\/uploads\/2023\/10\/logo-cycles-blain.jpeg","contentUrl":"https:\/\/www.cycles-blain.com\/fr\/wp-content\/uploads\/2023\/10\/logo-cycles-blain.jpeg","width":264,"height":191,"caption":"CyclesBlain - Magasins de v\u00e9los, accessoires et ateliers"},"image":{"@id":"https:\/\/www.cycles-blain.com\/fr\/#\/schema\/logo\/image\/"},"sameAs":["https:\/\/www.facebook.com\/cyclesblain\/?locale=fr_FR","https:\/\/www.instagram.com\/cycles_blain\/?hl=fr"]},{"@type":"Person","@id":"https:\/\/www.cycles-blain.com\/fr\/#\/schema\/person\/6fb8bad852fde893fb61b7b05936af37","name":"Gueweb","image":{"@type":"ImageObject","inLanguage":"fr-FR","@id":"https:\/\/secure.gravatar.com\/avatar\/52550bc594eb074508114b963209b157358b27e5a0319de1bb723df3f760ca2d?s=96&d=mm&r=g","url":"https:\/\/secure.gravatar.com\/avatar\/52550bc594eb074508114b963209b157358b27e5a0319de1bb723df3f760ca2d?s=96&d=mm&r=g","contentUrl":"https:\/\/secure.gravatar.com\/avatar\/52550bc594eb074508114b963209b157358b27e5a0319de1bb723df3f760ca2d?s=96&d=mm&r=g","caption":"Gueweb"},"sameAs":["https:\/\/www.cycles-blain.com\/\/fr"],"url":"https:\/\/www.cycles-blain.com\/fr\/author\/gueweb\/"}]}},"_links":{"self":[{"href":"https:\/\/www.cycles-blain.com\/fr\/wp-json\/wp\/v2\/posts\/15972","targetHints":{"allow":["GET"]}}],"collection":[{"href":"https:\/\/www.cycles-blain.com\/fr\/wp-json\/wp\/v2\/posts"}],"about":[{"href":"https:\/\/www.cycles-blain.com\/fr\/wp-json\/wp\/v2\/types\/post"}],"author":[{"embeddable":true,"href":"https:\/\/www.cycles-blain.com\/fr\/wp-json\/wp\/v2\/users\/1"}],"replies":[{"embeddable":true,"href":"https:\/\/www.cycles-blain.com\/fr\/wp-json\/wp\/v2\/comments?post=15972"}],"version-history":[{"count":15,"href":"https:\/\/www.cycles-blain.com\/fr\/wp-json\/wp\/v2\/posts\/15972\/revisions"}],"predecessor-version":[{"id":15993,"href":"https:\/\/www.cycles-blain.com\/fr\/wp-json\/wp\/v2\/posts\/15972\/revisions\/15993"}],"wp:featuredmedia":[{"embeddable":true,"href":"https:\/\/www.cycles-blain.com\/fr\/wp-json\/wp\/v2\/media\/6665"}],"wp:attachment":[{"href":"https:\/\/www.cycles-blain.com\/fr\/wp-json\/wp\/v2\/media?parent=15972"}],"wp:term":[{"taxonomy":"category","embeddable":true,"href":"https:\/\/www.cycles-blain.com\/fr\/wp-json\/wp\/v2\/categories?post=15972"},{"taxonomy":"post_tag","embeddable":true,"href":"https:\/\/www.cycles-blain.com\/fr\/wp-json\/wp\/v2\/tags?post=15972"}],"curies":[{"name":"wp","href":"https:\/\/api.w.org\/{rel}","templated":true}]}}