{"id":16018,"date":"2025-08-20T09:11:15","date_gmt":"2025-08-20T07:11:15","guid":{"rendered":"https:\/\/www.cycles-blain.com\/fr\/?p=16018"},"modified":"2025-08-20T14:08:52","modified_gmt":"2025-08-20T12:08:52","slug":"nouveaux-vtt-et-vttae-trek-fuel-2026","status":"publish","type":"post","link":"https:\/\/www.cycles-blain.com\/fr\/magasins-velo\/magasin-lyon-5\/nouveaux-vtt-et-vttae-trek-fuel-2026\/","title":{"rendered":"Nouveaux VTT Trek Fuel &amp; VTTAE Trek Fuel+ 2026"},"content":{"rendered":"\t\t<div data-elementor-type=\"wp-post\" data-elementor-id=\"16018\" class=\"elementor elementor-16018\" data-elementor-post-type=\"post\">\n\t\t\t\t<div class=\"elementor-element elementor-element-58c3ce2 e-flex e-con-boxed e-con e-parent\" data-id=\"58c3ce2\" data-element_type=\"container\" data-e-type=\"container\">\n\t\t\t\t\t<div class=\"e-con-inner\">\n\t\t\t\t<div class=\"elementor-element elementor-element-021b129 elementor-widget elementor-widget-text-editor\" data-id=\"021b129\" data-element_type=\"widget\" data-e-type=\"widget\" data-widget_type=\"text-editor.default\">\n\t\t\t\t<div class=\"elementor-widget-container\">\n\t\t\t\t\t\t\t\t\t<p><i>Trek nous fait d\u00e9couvrir les nouveaux VTT Trek Fuel 2026 et VTTAE Trek Fuel+ 2026 : 2 cadres, 3 mod\u00e8les et de nombreuses configurations au choix en VTT ou en VTTAE pr\u00e9sent\u00e9 par notre\u00a0<\/i><a href=\"https:\/\/www.cycles-blain.com\/content\/14-magasin-velos-lyon-5-veran\" target=\"_blank\" rel=\"noopener\">magasin Trek \u00e0 Lyon<\/a><i>\u00a0: Cycles Veran<\/i><\/p>\t\t\t\t\t\t\t\t<\/div>\n\t\t\t\t<\/div>\n\t\t\t\t\t<\/div>\n\t\t\t\t<\/div>\n\t\t<div class=\"elementor-element elementor-element-4ebbbf1 e-flex e-con-boxed e-con e-parent\" data-id=\"4ebbbf1\" data-element_type=\"container\" data-e-type=\"container\">\n\t\t\t\t\t<div class=\"e-con-inner\">\n\t\t\t\t<div class=\"elementor-element elementor-element-7176658 elementor-widget elementor-widget-heading\" data-id=\"7176658\" data-element_type=\"widget\" data-e-type=\"widget\" data-widget_type=\"heading.default\">\n\t\t\t\t<div class=\"elementor-widget-container\">\n\t\t\t\t\t<h2 class=\"elementor-heading-title elementor-size-default\">Nouveau VTTAE Trek Fuel+ 2026<\/h2>\t\t\t\t<\/div>\n\t\t\t\t<\/div>\n\t\t\t\t\t<\/div>\n\t\t\t\t<\/div>\n\t\t<div class=\"elementor-element elementor-element-657f666 e-flex e-con-boxed e-con e-parent\" data-id=\"657f666\" data-element_type=\"container\" data-e-type=\"container\">\n\t\t\t\t\t<div class=\"e-con-inner\">\n\t\t\t\t<div class=\"elementor-element elementor-element-5b10ed8 elementor-widget elementor-widget-text-editor\" data-id=\"5b10ed8\" data-element_type=\"widget\" data-e-type=\"widget\" data-widget_type=\"text-editor.default\">\n\t\t\t\t<div class=\"elementor-widget-container\">\n\t\t\t\t\t\t\t\t\t<p>Le Trek Fuel + est la 2\u00e8me g\u00e9n\u00e9ration du VTTAE pr\u00e9sent\u00e9 ici avec 3 mod\u00e8les au choix \u00e9quip\u00e9s du <b>moteur TQ HPR60 avec un couple de 60 Nm et des batteries de 580 Wh<\/b>. Trek fait donc le choix d&rsquo;un vtt \u00e9lectrique polyvalent entre le vttae l\u00e9ger d\u00e8s 19kg pour le MX 9.9 et jusqu&rsquo;\u00e0 21,9 kg pour le Fuel Ex 5 le plus lourd de la gamme. A noter que les batteries de 360 wh restent compatibles. La marque d\u00e9clare un gain d&rsquo;efficacit\u00e9 de 28% et une autonomie accrue de 125 % par rapport \u00e0 la premi\u00e8re g\u00e9n\u00e9ration de VTTAE.<\/p><p>La g\u00e9om\u00e9trie du cadre a \u00e9t\u00e9 revue avec un stack plus \u00e9lev\u00e9 (haut de la direction plus haut), des passages de c\u00e2bles retravaill\u00e9s et une nouvelle protection de la base.<\/p><p>Trek propose son nouveau VTTAE tout suspendu Fuel + en <b>3 mod\u00e8les et jusqu&rsquo;\u00e0 7 montages en carbone ou aluminium\u00a0de<\/b> <b>5 059\u20ac \u00e0 11 699\u20ac :\u00a0<\/b><\/p><ul><li><a href=\"https:\/\/www.cycles-blain.com\/vtt-electrique-vttae\/1676-3101-fuel-mx-98-xt-2e-gen-2026-trek-197216273004.html#\/1-taille_cadre-s\/131-couleur-kaki\" target=\"_blank\" rel=\"noopener\">Le VTTAE Trek Fuel+ Mx 2026<\/a>\u00a0: 150 \/ 160mm en Mulet \u00e0 partir de 8499\u20ac : un mod\u00e8le fait pour la vitesse et la maniabilit\u00e9 avec 7 configurations au choix !<\/li><li><a href=\"https:\/\/www.cycles-blain.com\/vtt-electrique-vttae\/1675-3089-fuel-ex-5-2e-gen-2026-trek-197216203742.html#\/1-taille_cadre-s\/124-couleur-violet\" target=\"_blank\" rel=\"noopener\">Le VTTAE Trek Fuel + EX 2026<\/a>\u00a0: 145 \/ 150 mm en 29&Prime; d\u00e8s 5 059\u20ac, un vttae de trail \u00e9quilibr\u00e9 et maniable : 4 configurations au choix.<\/li><li><a href=\"https:\/\/www.cycles-blain.com\/vtt-enduro\/1677-3109-fuel-lx-99-x0-axs-2e-gen-2026-trek-197216199670.html#\/2-taille_cadre-m\/131-couleur-kaki\" target=\"_blank\" rel=\"noopener\">Le VTTAE Trek Fuel+ LX 2026<\/a>\u00a0avec des suspensions de 160 \/ 170 mm en 29&Prime; : pour un VTTAE plus enduro avec un amortisseur \u00e0 ressort sans point de pivot et un angle de direction de 63,5 degr\u00e9s : 4 configurations au choix.<\/li><li><b>Sans oublier le kit cadre en carbone \u00e0 5 059\u20ac pour un poids de 8.51 kg<\/b><\/li><\/ul>\t\t\t\t\t\t\t\t<\/div>\n\t\t\t\t<\/div>\n\t\t\t\t\t<\/div>\n\t\t\t\t<\/div>\n\t\t<div class=\"elementor-element elementor-element-d23daf9 e-flex e-con-boxed e-con e-parent\" data-id=\"d23daf9\" data-element_type=\"container\" data-e-type=\"container\">\n\t\t\t\t\t<div class=\"e-con-inner\">\n\t\t\t\t<div class=\"elementor-element elementor-element-361f11d elementor-arrows-position-inside elementor-pagination-position-outside elementor-widget elementor-widget-image-carousel\" data-id=\"361f11d\" data-element_type=\"widget\" data-e-type=\"widget\" data-settings=\"{&quot;navigation&quot;:&quot;both&quot;,&quot;autoplay&quot;:&quot;yes&quot;,&quot;pause_on_hover&quot;:&quot;yes&quot;,&quot;pause_on_interaction&quot;:&quot;yes&quot;,&quot;autoplay_speed&quot;:5000,&quot;infinite&quot;:&quot;yes&quot;,&quot;speed&quot;:500}\" data-widget_type=\"image-carousel.default\">\n\t\t\t\t<div class=\"elementor-widget-container\">\n\t\t\t\t\t\t\t<div class=\"elementor-image-carousel-wrapper swiper\" role=\"region\" aria-roledescription=\"carousel\" aria-label=\"Carrousel d\u2019images\" dir=\"ltr\">\n\t\t\t<div class=\"elementor-image-carousel swiper-wrapper\" aria-live=\"off\">\n\t\t\t\t\t\t\t\t<div class=\"swiper-slide\" role=\"group\" aria-roledescription=\"slide\" aria-label=\"1 sur 3\"><a data-elementor-open-lightbox=\"yes\" data-elementor-lightbox-slideshow=\"361f11d\" data-elementor-lightbox-title=\"VTTAE Trek Fuel+ Ex 2026\" data-e-action-hash=\"#elementor-action%3Aaction%3Dlightbox%26settings%3DeyJpZCI6MTYwMzYsInVybCI6Imh0dHBzOlwvXC93d3cuY3ljbGVzLWJsYWluLmNvbVwvZnJcL3dwLWNvbnRlbnRcL3VwbG9hZHNcLzIwMjVcLzA4XC9GdWVsUGx1c0VYOTktMjYtNTYwNzktQy1QcmltYXJ5LmF2aWYiLCJzbGlkZXNob3ciOiIzNjFmMTFkIn0%3D\" href=\"https:\/\/www.cycles-blain.com\/26-vtt-electrique-vttae?q=Ann%C3%A9e-2026\/Marque-Trek\" target=\"_blank\"><figure class=\"swiper-slide-inner\"><img decoding=\"async\" class=\"swiper-slide-image\" src=\"https:\/\/www.cycles-blain.com\/fr\/wp-content\/uploads\/2025\/08\/FuelPlusEX99-26-56079-C-Primary-300x225.avif\" alt=\"VTTAE Trek Fuel+ Ex 2026\" \/><\/figure><\/a><\/div><div class=\"swiper-slide\" role=\"group\" aria-roledescription=\"slide\" aria-label=\"2 sur 3\"><a data-elementor-open-lightbox=\"yes\" data-elementor-lightbox-slideshow=\"361f11d\" data-elementor-lightbox-title=\"VTTAE Trek Fuel+ MX 2026\" data-e-action-hash=\"#elementor-action%3Aaction%3Dlightbox%26settings%3DeyJpZCI6MTYwMzcsInVybCI6Imh0dHBzOlwvXC93d3cuY3ljbGVzLWJsYWluLmNvbVwvZnJcL3dwLWNvbnRlbnRcL3VwbG9hZHNcLzIwMjVcLzA4XC9GdWVsUGx1c01YOTktMjYtNTYwODAtQy1QcmltYXJ5LmF2aWYiLCJzbGlkZXNob3ciOiIzNjFmMTFkIn0%3D\" href=\"https:\/\/www.cycles-blain.com\/26-vtt-electrique-vttae?q=Ann%C3%A9e-2026\/Marque-Trek\" target=\"_blank\"><figure class=\"swiper-slide-inner\"><img decoding=\"async\" class=\"swiper-slide-image\" src=\"https:\/\/www.cycles-blain.com\/fr\/wp-content\/uploads\/2025\/08\/FuelPlusMX99-26-56080-C-Primary-300x225.avif\" alt=\"VTTAE Trek Fuel+ MX 2026\" \/><\/figure><\/a><\/div><div class=\"swiper-slide\" role=\"group\" aria-roledescription=\"slide\" aria-label=\"3 sur 3\"><a data-elementor-open-lightbox=\"yes\" data-elementor-lightbox-slideshow=\"361f11d\" data-elementor-lightbox-title=\"VTTAE Trek Fuel+ LX 2026\" data-e-action-hash=\"#elementor-action%3Aaction%3Dlightbox%26settings%3DeyJpZCI6MTYwMzgsInVybCI6Imh0dHBzOlwvXC93d3cuY3ljbGVzLWJsYWluLmNvbVwvZnJcL3dwLWNvbnRlbnRcL3VwbG9hZHNcLzIwMjVcLzA4XC9GdWVsUGx1c0xYOTktMjYtNTYwODEtQy1QcmltYXJ5LmF2aWYiLCJzbGlkZXNob3ciOiIzNjFmMTFkIn0%3D\" href=\"https:\/\/www.cycles-blain.com\/26-vtt-electrique-vttae?q=Ann%C3%A9e-2026\/Marque-Trek\" target=\"_blank\"><figure class=\"swiper-slide-inner\"><img decoding=\"async\" class=\"swiper-slide-image\" src=\"https:\/\/www.cycles-blain.com\/fr\/wp-content\/uploads\/2025\/08\/FuelPlusLX99-26-56081-C-Primary-300x225.avif\" alt=\"VTTAE Trek Fuel+ LX 2026\" \/><\/figure><\/a><\/div>\t\t\t<\/div>\n\t\t\t\t\t\t\t\t\t\t\t\t<div class=\"elementor-swiper-button elementor-swiper-button-prev\" role=\"button\" tabindex=\"0\">\n\t\t\t\t\t\t<i aria-hidden=\"true\" class=\"eicon-chevron-left\"><\/i>\t\t\t\t\t<\/div>\n\t\t\t\t\t<div class=\"elementor-swiper-button elementor-swiper-button-next\" role=\"button\" tabindex=\"0\">\n\t\t\t\t\t\t<i aria-hidden=\"true\" class=\"eicon-chevron-right\"><\/i>\t\t\t\t\t<\/div>\n\t\t\t\t\n\t\t\t\t\t\t\t\t\t<div class=\"swiper-pagination\"><\/div>\n\t\t\t\t\t\t\t\t\t<\/div>\n\t\t\t\t\t\t<\/div>\n\t\t\t\t<\/div>\n\t\t\t\t\t<\/div>\n\t\t\t\t<\/div>\n\t\t<div class=\"elementor-element elementor-element-81e8c0f e-flex e-con-boxed e-con e-parent\" data-id=\"81e8c0f\" data-element_type=\"container\" data-e-type=\"container\">\n\t\t\t\t\t<div class=\"e-con-inner\">\n\t\t\t\t<div class=\"elementor-element elementor-element-fb73d4d elementor-widget elementor-widget-heading\" data-id=\"fb73d4d\" data-element_type=\"widget\" data-e-type=\"widget\" data-widget_type=\"heading.default\">\n\t\t\t\t<div class=\"elementor-widget-container\">\n\t\t\t\t\t<h2 class=\"elementor-heading-title elementor-size-default\">Nouveau VTT Trek Fuel 2026<\/h2>\t\t\t\t<\/div>\n\t\t\t\t<\/div>\n\t\t\t\t\t<\/div>\n\t\t\t\t<\/div>\n\t\t<div class=\"elementor-element elementor-element-4d8fc4f e-flex e-con-boxed e-con e-parent\" data-id=\"4d8fc4f\" data-element_type=\"container\" data-e-type=\"container\">\n\t\t\t\t\t<div class=\"e-con-inner\">\n\t\t\t\t<div class=\"elementor-element elementor-element-84fd362 elementor-widget elementor-widget-text-editor\" data-id=\"84fd362\" data-element_type=\"widget\" data-e-type=\"widget\" data-widget_type=\"text-editor.default\">\n\t\t\t\t<div class=\"elementor-widget-container\">\n\t\t\t\t\t\t\t\t\t<p>La 7\u00e8me g\u00e9n\u00e9ration du c\u00e9l\u00e8bre vtt trail de Trek existe aussi en 3 versions de 2 559\u20ac \u00e0 8 699\u20ac. Que vous soyez un adepte de l&rsquo;enduro, du trail ou du vtt tout suspendu pour le loisir, vous aurez un grand choix de configurations en carbone ou en aluminium :\u00a0<\/p><ul><li><b><a href=\"https:\/\/www.cycles-blain.com\/vtt-loisirs-balades\/1674-3075-fuel-ex-5-7e-gen-2026-trek-197216226093.html#\/2-taille_cadre-m\/11-couleur-noir\" target=\"_blank\" rel=\"noopener\">Le VTT Fuel EX 2026<\/a>\u00a0en 145\/150 mm et 29&Prime; (mulet en taille S) d\u00e8s 2 559\u20ac<\/b> est un vtt \u00e9quilibr\u00e9 pour le trail que vous pourrez \u00e9quiper en Rockshox Lyrik ou en Fox Factory 36 et 3 colories du vert, violet ou bordeaux-noir.<\/li><li><b><a href=\"https:\/\/www.cycles-blain.com\/vtt-trail-all-mountain\/1673-3061-fuel-mx-98-eagle-90-7e-gen-2026-trek-197216271901.html#\/2-taille_cadre-m\/112-couleur-bordeaux\" target=\"_blank\" rel=\"noopener\">Le VTT Fuel MX 2026<\/a>\u00a0en 150\/160 mm et Mulet d\u00e8s 5 499\u20ac<\/b> est un vtt assur\u00e9ment ludique, maniable et polyvalent.<\/li><li><b><a href=\"https:\/\/www.cycles-blain.com\/vtt-enduro\/1672-3048-fuel-lx-98-xt-7e-gen-2026-trek-197216272717.html#\/1-taille_cadre-s\/15-couleur-vert\" target=\"_blank\" rel=\"noopener\">Le VTT Fuel LX 2026<\/a>\u00a0en 160\/170 mm et ses roues de 29&Prime; d\u00e8s 5 699\u20ac<\/b> est la version enduro du Fuel \u00e9quip\u00e9 en Fox Factory 38 et d&rsquo;un amortisseur \u00e0 ressort Fox DHX2.<\/li><\/ul>\t\t\t\t\t\t\t\t<\/div>\n\t\t\t\t<\/div>\n\t\t\t\t\t<\/div>\n\t\t\t\t<\/div>\n\t\t<div class=\"elementor-element elementor-element-c9b2bb9 e-flex e-con-boxed e-con e-parent\" data-id=\"c9b2bb9\" data-element_type=\"container\" data-e-type=\"container\">\n\t\t\t\t\t<div class=\"e-con-inner\">\n\t\t\t\t<div class=\"elementor-element elementor-element-dd3f1f3 elementor-arrows-position-inside elementor-pagination-position-outside elementor-widget elementor-widget-image-carousel\" data-id=\"dd3f1f3\" data-element_type=\"widget\" data-e-type=\"widget\" data-settings=\"{&quot;navigation&quot;:&quot;both&quot;,&quot;autoplay&quot;:&quot;yes&quot;,&quot;pause_on_hover&quot;:&quot;yes&quot;,&quot;pause_on_interaction&quot;:&quot;yes&quot;,&quot;autoplay_speed&quot;:5000,&quot;infinite&quot;:&quot;yes&quot;,&quot;speed&quot;:500}\" data-widget_type=\"image-carousel.default\">\n\t\t\t\t<div class=\"elementor-widget-container\">\n\t\t\t\t\t\t\t<div class=\"elementor-image-carousel-wrapper swiper\" role=\"region\" aria-roledescription=\"carousel\" aria-label=\"Carrousel d\u2019images\" dir=\"ltr\">\n\t\t\t<div class=\"elementor-image-carousel swiper-wrapper\" aria-live=\"off\">\n\t\t\t\t\t\t\t\t<div class=\"swiper-slide\" role=\"group\" aria-roledescription=\"slide\" aria-label=\"1 sur 3\"><a data-elementor-open-lightbox=\"yes\" data-elementor-lightbox-slideshow=\"dd3f1f3\" data-elementor-lightbox-title=\"FuelMX98XTDI2-26-58942-C-Primary\" data-e-action-hash=\"#elementor-action%3Aaction%3Dlightbox%26settings%3DeyJpZCI6MTYwNTksInVybCI6Imh0dHBzOlwvXC93d3cuY3ljbGVzLWJsYWluLmNvbVwvZnJcL3dwLWNvbnRlbnRcL3VwbG9hZHNcLzIwMjVcLzA4XC9GdWVsTVg5OFhUREkyLTI2LTU4OTQyLUMtUHJpbWFyeS53ZWJwIiwic2xpZGVzaG93IjoiZGQzZjFmMyJ9\" href=\"https:\/\/www.cycles-blain.com\/13-velo-musculaire?q=Marque-Trek\/Ann%C3%A9e-2026\" target=\"_blank\"><figure class=\"swiper-slide-inner\"><img decoding=\"async\" class=\"swiper-slide-image\" src=\"https:\/\/www.cycles-blain.com\/fr\/wp-content\/uploads\/2025\/08\/FuelMX98XTDI2-26-58942-C-Primary-300x225.webp\" alt=\"FuelMX98XTDI2-26-58942-C-Primary\" \/><\/figure><\/a><\/div><div class=\"swiper-slide\" role=\"group\" aria-roledescription=\"slide\" aria-label=\"2 sur 3\"><a data-elementor-open-lightbox=\"yes\" data-elementor-lightbox-slideshow=\"dd3f1f3\" data-elementor-lightbox-title=\"VTT Trek Fuel LX 2026\" data-e-action-hash=\"#elementor-action%3Aaction%3Dlightbox%26settings%3DeyJpZCI6MTYwNTgsInVybCI6Imh0dHBzOlwvXC93d3cuY3ljbGVzLWJsYWluLmNvbVwvZnJcL3dwLWNvbnRlbnRcL3VwbG9hZHNcLzIwMjVcLzA4XC9GdWVsTFg5OFhULTI2LTU5MDg0LUEtUHJpbWFyeS53ZWJwIiwic2xpZGVzaG93IjoiZGQzZjFmMyJ9\" href=\"https:\/\/www.cycles-blain.com\/13-velo-musculaire?q=Marque-Trek\/Ann%C3%A9e-2026\" target=\"_blank\"><figure class=\"swiper-slide-inner\"><img decoding=\"async\" class=\"swiper-slide-image\" src=\"https:\/\/www.cycles-blain.com\/fr\/wp-content\/uploads\/2025\/08\/FuelLX98XT-26-59084-A-Primary-300x225.webp\" alt=\"VTT Trek Fuel LX 2026\" \/><\/figure><\/a><\/div><div class=\"swiper-slide\" role=\"group\" aria-roledescription=\"slide\" aria-label=\"3 sur 3\"><a data-elementor-open-lightbox=\"yes\" data-elementor-lightbox-slideshow=\"dd3f1f3\" data-elementor-lightbox-title=\"VTT Trek Fuel EX 2026\" data-e-action-hash=\"#elementor-action%3Aaction%3Dlightbox%26settings%3DeyJpZCI6MTYwNTcsInVybCI6Imh0dHBzOlwvXC93d3cuY3ljbGVzLWJsYWluLmNvbVwvZnJcL3dwLWNvbnRlbnRcL3VwbG9hZHNcLzIwMjVcLzA4XC9GdWVsRVg5OFhUREkyLTI2LTU4ODkzLUItUHJpbWFyeS53ZWJwIiwic2xpZGVzaG93IjoiZGQzZjFmMyJ9\" href=\"https:\/\/www.cycles-blain.com\/13-velo-musculaire?q=Marque-Trek\/Ann%C3%A9e-2026\" target=\"_blank\"><figure class=\"swiper-slide-inner\"><img decoding=\"async\" class=\"swiper-slide-image\" src=\"https:\/\/www.cycles-blain.com\/fr\/wp-content\/uploads\/2025\/08\/FuelEX98XTDI2-26-58893-B-Primary-300x225.webp\" alt=\"VTT Trek Fuel EX 2026\" \/><\/figure><\/a><\/div>\t\t\t<\/div>\n\t\t\t\t\t\t\t\t\t\t\t\t<div class=\"elementor-swiper-button elementor-swiper-button-prev\" role=\"button\" tabindex=\"0\">\n\t\t\t\t\t\t<i aria-hidden=\"true\" class=\"eicon-chevron-left\"><\/i>\t\t\t\t\t<\/div>\n\t\t\t\t\t<div class=\"elementor-swiper-button elementor-swiper-button-next\" role=\"button\" tabindex=\"0\">\n\t\t\t\t\t\t<i aria-hidden=\"true\" class=\"eicon-chevron-right\"><\/i>\t\t\t\t\t<\/div>\n\t\t\t\t\n\t\t\t\t\t\t\t\t\t<div class=\"swiper-pagination\"><\/div>\n\t\t\t\t\t\t\t\t\t<\/div>\n\t\t\t\t\t\t<\/div>\n\t\t\t\t<\/div>\n\t\t\t\t\t<\/div>\n\t\t\t\t<\/div>\n\t\t<div class=\"elementor-element elementor-element-15dc550 e-flex e-con-boxed e-con e-parent\" data-id=\"15dc550\" data-element_type=\"container\" data-e-type=\"container\">\n\t\t\t\t\t<div class=\"e-con-inner\">\n\t\t\t\t<div class=\"elementor-element elementor-element-b5de7d6 elementor-widget elementor-widget-heading\" data-id=\"b5de7d6\" data-element_type=\"widget\" data-e-type=\"widget\" data-widget_type=\"heading.default\">\n\t\t\t\t<div class=\"elementor-widget-container\">\n\t\t\t\t\t<h2 class=\"elementor-heading-title elementor-size-default\">Notre Magasin Trek \u00e0 Lyon<\/h2>\t\t\t\t<\/div>\n\t\t\t\t<\/div>\n\t\t\t\t\t<\/div>\n\t\t\t\t<\/div>\n\t\t<div class=\"elementor-element elementor-element-8a0af16 e-flex e-con-boxed e-con e-parent\" data-id=\"8a0af16\" data-element_type=\"container\" data-e-type=\"container\">\n\t\t\t\t\t<div class=\"e-con-inner\">\n\t\t\t\t<div class=\"elementor-element elementor-element-213285a elementor-widget elementor-widget-text-editor\" data-id=\"213285a\" data-element_type=\"widget\" data-e-type=\"widget\" data-widget_type=\"text-editor.default\">\n\t\t\t\t<div class=\"elementor-widget-container\">\n\t\t\t\t\t\t\t\t\t<p>Pour tous renseignements ou commander un nouveau VTT ou VTTAE Trek Fuel et Fuel + 2026, n&rsquo;h\u00e9sitez pas \u00e0 contacter notre magasin Trek \u00e0 Lyon 5 \u00e0 visiter notre site\u00a0<a style=\"background-color: #ffffff; font-size: 1rem;\" href=\"https:\/\/www.cyclesveran.fr\/\" target=\"_blank\" rel=\"noopener\">www.cyclesveran.fr<\/a><\/p>\t\t\t\t\t\t\t\t<\/div>\n\t\t\t\t<\/div>\n\t\t\t\t<div class=\"elementor-element elementor-element-95c25b6 elementor-align-center elementor-widget elementor-widget-button\" data-id=\"95c25b6\" data-element_type=\"widget\" data-e-type=\"widget\" data-widget_type=\"button.default\">\n\t\t\t\t<div class=\"elementor-widget-container\">\n\t\t\t\t\t\t\t\t\t<div class=\"elementor-button-wrapper\">\n\t\t\t\t\t<a class=\"elementor-button elementor-button-link elementor-size-sm\" href=\"https:\/\/www.cycles-blain.com\/content\/14-magasin-velos-lyon-5-veran\">\n\t\t\t\t\t\t<span class=\"elementor-button-content-wrapper\">\n\t\t\t\t\t\t\t\t\t<span class=\"elementor-button-text\">Je trouve le magasin Trek<\/span>\n\t\t\t\t\t<\/span>\n\t\t\t\t\t<\/a>\n\t\t\t\t<\/div>\n\t\t\t\t\t\t\t\t<\/div>\n\t\t\t\t<\/div>\n\t\t\t\t\t<\/div>\n\t\t\t\t<\/div>\n\t\t\t\t<\/div>\n\t\t","protected":false},"excerpt":{"rendered":"<p>Trek nous fait d\u00e9couvrir les nouveaux VTT Trek Fuel 2026 et VTTAE Trek Fuel+ 2026 : 2 cadres et 3 mod\u00e8les au choix en VTT ou en VTTAE carbones et alu<\/p>\n","protected":false},"author":1,"featured_media":16066,"comment_status":"open","ping_status":"open","sticky":false,"template":"","format":"standard","meta":{"site-sidebar-layout":"default","site-content-layout":"","ast-site-content-layout":"default","site-content-style":"default","site-sidebar-style":"default","ast-global-header-display":"","ast-banner-title-visibility":"","ast-main-header-display":"","ast-hfb-above-header-display":"","ast-hfb-below-header-display":"","ast-hfb-mobile-header-display":"","site-post-title":"","ast-breadcrumbs-content":"","ast-featured-img":"","footer-sml-layout":"","theme-transparent-header-meta":"","adv-header-id-meta":"","stick-header-meta":"","header-above-stick-meta":"","header-main-stick-meta":"","header-below-stick-meta":"","astra-migrate-meta-layouts":"set","ast-page-background-enabled":"default","ast-page-background-meta":{"desktop":{"background-color":"","background-image":"","background-repeat":"repeat","background-position":"center center","background-size":"auto","background-attachment":"scroll","background-type":"","background-media":"","overlay-type":"","overlay-color":"","overlay-gradient":""},"tablet":{"background-color":"","background-image":"","background-repeat":"repeat","background-position":"center center","background-size":"auto","background-attachment":"scroll","background-type":"","background-media":"","overlay-type":"","overlay-color":"","overlay-gradient":""},"mobile":{"background-color":"","background-image":"","background-repeat":"repeat","background-position":"center center","background-size":"auto","background-attachment":"scroll","background-type":"","background-media":"","overlay-type":"","overlay-color":"","overlay-gradient":""}},"ast-content-background-meta":{"desktop":{"background-color":"var(--ast-global-color-5)","background-image":"","background-repeat":"repeat","background-position":"center center","background-size":"auto","background-attachment":"scroll","background-type":"","background-media":"","overlay-type":"","overlay-color":"","overlay-gradient":""},"tablet":{"background-color":"var(--ast-global-color-5)","background-image":"","background-repeat":"repeat","background-position":"center center","background-size":"auto","background-attachment":"scroll","background-type":"","background-media":"","overlay-type":"","overlay-color":"","overlay-gradient":""},"mobile":{"background-color":"var(--ast-global-color-5)","background-image":"","background-repeat":"repeat","background-position":"center center","background-size":"auto","background-attachment":"scroll","background-type":"","background-media":"","overlay-type":"","overlay-color":"","overlay-gradient":""}},"footnotes":""},"categories":[6,81,5,58],"tags":[177,368,366,367],"class_list":["post-16018","post","type-post","status-publish","format-standard","has-post-thumbnail","hentry","category-magasins-velo","category-magasin-lyon-5","category-vtt-electrique","category-vtt-musculaire","tag-trek","tag-trek-fuel","tag-vtt-trek","tag-vttae-trek"],"yoast_head":"<!-- This site is optimized with the Yoast SEO plugin v27.5 - https:\/\/yoast.com\/product\/yoast-seo-wordpress\/ -->\n<title>Nouveaux VTT Trek Fuel &amp; VTTAE Trek Fuel+ 2026 - CyclesBlain - Magasins de v\u00e9los, accessoires et ateliers<\/title>\n<meta name=\"description\" content=\"Trek nous fait d\u00e9couvrir les nouveaux VTT Trek Fuel 2026 et VTTAE Trek Fuel+ 2026 : 2 cadres et 3 mod\u00e8les au choix en VTT ou en VTTAE sur Lyon\" \/>\n<meta name=\"robots\" content=\"index, follow, max-snippet:-1, max-image-preview:large, max-video-preview:-1\" \/>\n<link rel=\"canonical\" href=\"https:\/\/www.cycles-blain.com\/fr\/velo\/vtt-electrique\/nouveaux-vtt-et-vttae-trek-fuel-2026\/\" \/>\n<meta property=\"og:locale\" content=\"fr_FR\" \/>\n<meta property=\"og:type\" content=\"article\" \/>\n<meta property=\"og:title\" content=\"Nouveaux VTT Trek Fuel &amp; VTTAE Trek Fuel+ 2026 - CyclesBlain - Magasins de v\u00e9los, accessoires et ateliers\" \/>\n<meta property=\"og:description\" content=\"Trek nous fait d\u00e9couvrir les nouveaux VTT Trek Fuel 2026 et VTTAE Trek Fuel+ 2026 : 2 cadres et 3 mod\u00e8les au choix en VTT ou en VTTAE sur Lyon\" \/>\n<meta property=\"og:url\" content=\"https:\/\/www.cycles-blain.com\/fr\/velo\/vtt-electrique\/nouveaux-vtt-et-vttae-trek-fuel-2026\/\" \/>\n<meta property=\"og:site_name\" content=\"CyclesBlain - Magasins de v\u00e9los, accessoires et ateliers\" \/>\n<meta property=\"article:publisher\" content=\"https:\/\/www.facebook.com\/cyclesblain\/?locale=fr_FR\" \/>\n<meta property=\"article:published_time\" content=\"2025-08-20T07:11:15+00:00\" \/>\n<meta property=\"article:modified_time\" content=\"2025-08-20T12:08:52+00:00\" \/>\n<meta property=\"og:image\" content=\"https:\/\/www.cycles-blain.com\/fr\/wp-content\/uploads\/2025\/08\/trek-fuel-2026.webp\" \/>\n\t<meta property=\"og:image:width\" content=\"600\" \/>\n\t<meta property=\"og:image:height\" content=\"450\" \/>\n\t<meta property=\"og:image:type\" content=\"image\/webp\" \/>\n<meta name=\"author\" content=\"Gueweb\" \/>\n<meta name=\"twitter:card\" content=\"summary_large_image\" \/>\n<meta name=\"twitter:label1\" content=\"\u00c9crit par\" \/>\n\t<meta name=\"twitter:data1\" content=\"Gueweb\" \/>\n\t<meta name=\"twitter:label2\" content=\"Dur\u00e9e de lecture estim\u00e9e\" \/>\n\t<meta name=\"twitter:data2\" content=\"7 minutes\" \/>\n<script type=\"application\/ld+json\" class=\"yoast-schema-graph\">{\"@context\":\"https:\\\/\\\/schema.org\",\"@graph\":[{\"@type\":\"Article\",\"@id\":\"https:\\\/\\\/www.cycles-blain.com\\\/fr\\\/velo\\\/vtt-electrique\\\/nouveaux-vtt-et-vttae-trek-fuel-2026\\\/#article\",\"isPartOf\":{\"@id\":\"https:\\\/\\\/www.cycles-blain.com\\\/fr\\\/velo\\\/vtt-electrique\\\/nouveaux-vtt-et-vttae-trek-fuel-2026\\\/\"},\"author\":{\"name\":\"Gueweb\",\"@id\":\"https:\\\/\\\/www.cycles-blain.com\\\/fr\\\/#\\\/schema\\\/person\\\/6fb8bad852fde893fb61b7b05936af37\"},\"headline\":\"Nouveaux VTT Trek Fuel &amp; VTTAE Trek Fuel+ 2026\",\"datePublished\":\"2025-08-20T07:11:15+00:00\",\"dateModified\":\"2025-08-20T12:08:52+00:00\",\"mainEntityOfPage\":{\"@id\":\"https:\\\/\\\/www.cycles-blain.com\\\/fr\\\/velo\\\/vtt-electrique\\\/nouveaux-vtt-et-vttae-trek-fuel-2026\\\/\"},\"wordCount\":470,\"commentCount\":0,\"publisher\":{\"@id\":\"https:\\\/\\\/www.cycles-blain.com\\\/fr\\\/#organization\"},\"image\":{\"@id\":\"https:\\\/\\\/www.cycles-blain.com\\\/fr\\\/velo\\\/vtt-electrique\\\/nouveaux-vtt-et-vttae-trek-fuel-2026\\\/#primaryimage\"},\"thumbnailUrl\":\"https:\\\/\\\/www.cycles-blain.com\\\/fr\\\/wp-content\\\/uploads\\\/2025\\\/08\\\/trek-fuel-2026.webp\",\"keywords\":[\"trek\",\"trek fuel\",\"vtt trek\",\"vttae trek\"],\"articleSection\":[\"Actus Magasins\",\"Magasin-CyclesVeran\",\"VTT Electrique\",\"VTT musculaire\"],\"inLanguage\":\"fr-FR\",\"potentialAction\":[{\"@type\":\"CommentAction\",\"name\":\"Comment\",\"target\":[\"https:\\\/\\\/www.cycles-blain.com\\\/fr\\\/velo\\\/vtt-electrique\\\/nouveaux-vtt-et-vttae-trek-fuel-2026\\\/#respond\"]}]},{\"@type\":\"WebPage\",\"@id\":\"https:\\\/\\\/www.cycles-blain.com\\\/fr\\\/velo\\\/vtt-electrique\\\/nouveaux-vtt-et-vttae-trek-fuel-2026\\\/\",\"url\":\"https:\\\/\\\/www.cycles-blain.com\\\/fr\\\/velo\\\/vtt-electrique\\\/nouveaux-vtt-et-vttae-trek-fuel-2026\\\/\",\"name\":\"Nouveaux VTT Trek Fuel &amp; VTTAE Trek Fuel+ 2026 - CyclesBlain - Magasins de v\u00e9los, accessoires et ateliers\",\"isPartOf\":{\"@id\":\"https:\\\/\\\/www.cycles-blain.com\\\/fr\\\/#website\"},\"primaryImageOfPage\":{\"@id\":\"https:\\\/\\\/www.cycles-blain.com\\\/fr\\\/velo\\\/vtt-electrique\\\/nouveaux-vtt-et-vttae-trek-fuel-2026\\\/#primaryimage\"},\"image\":{\"@id\":\"https:\\\/\\\/www.cycles-blain.com\\\/fr\\\/velo\\\/vtt-electrique\\\/nouveaux-vtt-et-vttae-trek-fuel-2026\\\/#primaryimage\"},\"thumbnailUrl\":\"https:\\\/\\\/www.cycles-blain.com\\\/fr\\\/wp-content\\\/uploads\\\/2025\\\/08\\\/trek-fuel-2026.webp\",\"datePublished\":\"2025-08-20T07:11:15+00:00\",\"dateModified\":\"2025-08-20T12:08:52+00:00\",\"description\":\"Trek nous fait d\u00e9couvrir les nouveaux VTT Trek Fuel 2026 et VTTAE Trek Fuel+ 2026 : 2 cadres et 3 mod\u00e8les au choix en VTT ou en VTTAE sur Lyon\",\"breadcrumb\":{\"@id\":\"https:\\\/\\\/www.cycles-blain.com\\\/fr\\\/velo\\\/vtt-electrique\\\/nouveaux-vtt-et-vttae-trek-fuel-2026\\\/#breadcrumb\"},\"inLanguage\":\"fr-FR\",\"potentialAction\":[{\"@type\":\"ReadAction\",\"target\":[\"https:\\\/\\\/www.cycles-blain.com\\\/fr\\\/velo\\\/vtt-electrique\\\/nouveaux-vtt-et-vttae-trek-fuel-2026\\\/\"]}]},{\"@type\":\"ImageObject\",\"inLanguage\":\"fr-FR\",\"@id\":\"https:\\\/\\\/www.cycles-blain.com\\\/fr\\\/velo\\\/vtt-electrique\\\/nouveaux-vtt-et-vttae-trek-fuel-2026\\\/#primaryimage\",\"url\":\"https:\\\/\\\/www.cycles-blain.com\\\/fr\\\/wp-content\\\/uploads\\\/2025\\\/08\\\/trek-fuel-2026.webp\",\"contentUrl\":\"https:\\\/\\\/www.cycles-blain.com\\\/fr\\\/wp-content\\\/uploads\\\/2025\\\/08\\\/trek-fuel-2026.webp\",\"width\":600,\"height\":450,\"caption\":\"Nouveaux VTT et VTTAE Trek Fuel 2026\"},{\"@type\":\"BreadcrumbList\",\"@id\":\"https:\\\/\\\/www.cycles-blain.com\\\/fr\\\/velo\\\/vtt-electrique\\\/nouveaux-vtt-et-vttae-trek-fuel-2026\\\/#breadcrumb\",\"itemListElement\":[{\"@type\":\"ListItem\",\"position\":1,\"name\":\"Accueil\",\"item\":\"https:\\\/\\\/www.cycles-blain.com\\\/fr\\\/\"},{\"@type\":\"ListItem\",\"position\":2,\"name\":\"Nouveaux VTT Trek Fuel &amp; VTTAE Trek Fuel+ 2026\"}]},{\"@type\":\"WebSite\",\"@id\":\"https:\\\/\\\/www.cycles-blain.com\\\/fr\\\/#website\",\"url\":\"https:\\\/\\\/www.cycles-blain.com\\\/fr\\\/\",\"name\":\"CyclesBlain - Magasins de v\u00e9los, accessoires et ateliers\",\"description\":\"Blog Cycles Blain\",\"publisher\":{\"@id\":\"https:\\\/\\\/www.cycles-blain.com\\\/fr\\\/#organization\"},\"potentialAction\":[{\"@type\":\"SearchAction\",\"target\":{\"@type\":\"EntryPoint\",\"urlTemplate\":\"https:\\\/\\\/www.cycles-blain.com\\\/fr\\\/?s={search_term_string}\"},\"query-input\":{\"@type\":\"PropertyValueSpecification\",\"valueRequired\":true,\"valueName\":\"search_term_string\"}}],\"inLanguage\":\"fr-FR\"},{\"@type\":\"Organization\",\"@id\":\"https:\\\/\\\/www.cycles-blain.com\\\/fr\\\/#organization\",\"name\":\"CyclesBlain - Magasins de v\u00e9los, accessoires et ateliers\",\"url\":\"https:\\\/\\\/www.cycles-blain.com\\\/fr\\\/\",\"logo\":{\"@type\":\"ImageObject\",\"inLanguage\":\"fr-FR\",\"@id\":\"https:\\\/\\\/www.cycles-blain.com\\\/fr\\\/#\\\/schema\\\/logo\\\/image\\\/\",\"url\":\"https:\\\/\\\/www.cycles-blain.com\\\/fr\\\/wp-content\\\/uploads\\\/2023\\\/10\\\/logo-cycles-blain.jpeg\",\"contentUrl\":\"https:\\\/\\\/www.cycles-blain.com\\\/fr\\\/wp-content\\\/uploads\\\/2023\\\/10\\\/logo-cycles-blain.jpeg\",\"width\":264,\"height\":191,\"caption\":\"CyclesBlain - Magasins de v\u00e9los, accessoires et ateliers\"},\"image\":{\"@id\":\"https:\\\/\\\/www.cycles-blain.com\\\/fr\\\/#\\\/schema\\\/logo\\\/image\\\/\"},\"sameAs\":[\"https:\\\/\\\/www.facebook.com\\\/cyclesblain\\\/?locale=fr_FR\",\"https:\\\/\\\/www.instagram.com\\\/cycles_blain\\\/?hl=fr\"]},{\"@type\":\"Person\",\"@id\":\"https:\\\/\\\/www.cycles-blain.com\\\/fr\\\/#\\\/schema\\\/person\\\/6fb8bad852fde893fb61b7b05936af37\",\"name\":\"Gueweb\",\"image\":{\"@type\":\"ImageObject\",\"inLanguage\":\"fr-FR\",\"@id\":\"https:\\\/\\\/secure.gravatar.com\\\/avatar\\\/52550bc594eb074508114b963209b157358b27e5a0319de1bb723df3f760ca2d?s=96&d=mm&r=g\",\"url\":\"https:\\\/\\\/secure.gravatar.com\\\/avatar\\\/52550bc594eb074508114b963209b157358b27e5a0319de1bb723df3f760ca2d?s=96&d=mm&r=g\",\"contentUrl\":\"https:\\\/\\\/secure.gravatar.com\\\/avatar\\\/52550bc594eb074508114b963209b157358b27e5a0319de1bb723df3f760ca2d?s=96&d=mm&r=g\",\"caption\":\"Gueweb\"},\"sameAs\":[\"https:\\\/\\\/www.cycles-blain.com\\\/\\\/fr\"],\"url\":\"https:\\\/\\\/www.cycles-blain.com\\\/fr\\\/author\\\/gueweb\\\/\"}]}<\/script>\n<!-- \/ Yoast SEO plugin. -->","yoast_head_json":{"title":"Nouveaux VTT Trek Fuel &amp; VTTAE Trek Fuel+ 2026 - CyclesBlain - Magasins de v\u00e9los, accessoires et ateliers","description":"Trek nous fait d\u00e9couvrir les nouveaux VTT Trek Fuel 2026 et VTTAE Trek Fuel+ 2026 : 2 cadres et 3 mod\u00e8les au choix en VTT ou en VTTAE sur Lyon","robots":{"index":"index","follow":"follow","max-snippet":"max-snippet:-1","max-image-preview":"max-image-preview:large","max-video-preview":"max-video-preview:-1"},"canonical":"https:\/\/www.cycles-blain.com\/fr\/velo\/vtt-electrique\/nouveaux-vtt-et-vttae-trek-fuel-2026\/","og_locale":"fr_FR","og_type":"article","og_title":"Nouveaux VTT Trek Fuel &amp; VTTAE Trek Fuel+ 2026 - CyclesBlain - Magasins de v\u00e9los, accessoires et ateliers","og_description":"Trek nous fait d\u00e9couvrir les nouveaux VTT Trek Fuel 2026 et VTTAE Trek Fuel+ 2026 : 2 cadres et 3 mod\u00e8les au choix en VTT ou en VTTAE sur Lyon","og_url":"https:\/\/www.cycles-blain.com\/fr\/velo\/vtt-electrique\/nouveaux-vtt-et-vttae-trek-fuel-2026\/","og_site_name":"CyclesBlain - Magasins de v\u00e9los, accessoires et ateliers","article_publisher":"https:\/\/www.facebook.com\/cyclesblain\/?locale=fr_FR","article_published_time":"2025-08-20T07:11:15+00:00","article_modified_time":"2025-08-20T12:08:52+00:00","og_image":[{"width":600,"height":450,"url":"https:\/\/www.cycles-blain.com\/fr\/wp-content\/uploads\/2025\/08\/trek-fuel-2026.webp","type":"image\/webp"}],"author":"Gueweb","twitter_card":"summary_large_image","twitter_misc":{"\u00c9crit par":"Gueweb","Dur\u00e9e de lecture estim\u00e9e":"7 minutes"},"schema":{"@context":"https:\/\/schema.org","@graph":[{"@type":"Article","@id":"https:\/\/www.cycles-blain.com\/fr\/velo\/vtt-electrique\/nouveaux-vtt-et-vttae-trek-fuel-2026\/#article","isPartOf":{"@id":"https:\/\/www.cycles-blain.com\/fr\/velo\/vtt-electrique\/nouveaux-vtt-et-vttae-trek-fuel-2026\/"},"author":{"name":"Gueweb","@id":"https:\/\/www.cycles-blain.com\/fr\/#\/schema\/person\/6fb8bad852fde893fb61b7b05936af37"},"headline":"Nouveaux VTT Trek Fuel &amp; VTTAE Trek Fuel+ 2026","datePublished":"2025-08-20T07:11:15+00:00","dateModified":"2025-08-20T12:08:52+00:00","mainEntityOfPage":{"@id":"https:\/\/www.cycles-blain.com\/fr\/velo\/vtt-electrique\/nouveaux-vtt-et-vttae-trek-fuel-2026\/"},"wordCount":470,"commentCount":0,"publisher":{"@id":"https:\/\/www.cycles-blain.com\/fr\/#organization"},"image":{"@id":"https:\/\/www.cycles-blain.com\/fr\/velo\/vtt-electrique\/nouveaux-vtt-et-vttae-trek-fuel-2026\/#primaryimage"},"thumbnailUrl":"https:\/\/www.cycles-blain.com\/fr\/wp-content\/uploads\/2025\/08\/trek-fuel-2026.webp","keywords":["trek","trek fuel","vtt trek","vttae trek"],"articleSection":["Actus Magasins","Magasin-CyclesVeran","VTT Electrique","VTT musculaire"],"inLanguage":"fr-FR","potentialAction":[{"@type":"CommentAction","name":"Comment","target":["https:\/\/www.cycles-blain.com\/fr\/velo\/vtt-electrique\/nouveaux-vtt-et-vttae-trek-fuel-2026\/#respond"]}]},{"@type":"WebPage","@id":"https:\/\/www.cycles-blain.com\/fr\/velo\/vtt-electrique\/nouveaux-vtt-et-vttae-trek-fuel-2026\/","url":"https:\/\/www.cycles-blain.com\/fr\/velo\/vtt-electrique\/nouveaux-vtt-et-vttae-trek-fuel-2026\/","name":"Nouveaux VTT Trek Fuel &amp; VTTAE Trek Fuel+ 2026 - CyclesBlain - Magasins de v\u00e9los, accessoires et ateliers","isPartOf":{"@id":"https:\/\/www.cycles-blain.com\/fr\/#website"},"primaryImageOfPage":{"@id":"https:\/\/www.cycles-blain.com\/fr\/velo\/vtt-electrique\/nouveaux-vtt-et-vttae-trek-fuel-2026\/#primaryimage"},"image":{"@id":"https:\/\/www.cycles-blain.com\/fr\/velo\/vtt-electrique\/nouveaux-vtt-et-vttae-trek-fuel-2026\/#primaryimage"},"thumbnailUrl":"https:\/\/www.cycles-blain.com\/fr\/wp-content\/uploads\/2025\/08\/trek-fuel-2026.webp","datePublished":"2025-08-20T07:11:15+00:00","dateModified":"2025-08-20T12:08:52+00:00","description":"Trek nous fait d\u00e9couvrir les nouveaux VTT Trek Fuel 2026 et VTTAE Trek Fuel+ 2026 : 2 cadres et 3 mod\u00e8les au choix en VTT ou en VTTAE sur Lyon","breadcrumb":{"@id":"https:\/\/www.cycles-blain.com\/fr\/velo\/vtt-electrique\/nouveaux-vtt-et-vttae-trek-fuel-2026\/#breadcrumb"},"inLanguage":"fr-FR","potentialAction":[{"@type":"ReadAction","target":["https:\/\/www.cycles-blain.com\/fr\/velo\/vtt-electrique\/nouveaux-vtt-et-vttae-trek-fuel-2026\/"]}]},{"@type":"ImageObject","inLanguage":"fr-FR","@id":"https:\/\/www.cycles-blain.com\/fr\/velo\/vtt-electrique\/nouveaux-vtt-et-vttae-trek-fuel-2026\/#primaryimage","url":"https:\/\/www.cycles-blain.com\/fr\/wp-content\/uploads\/2025\/08\/trek-fuel-2026.webp","contentUrl":"https:\/\/www.cycles-blain.com\/fr\/wp-content\/uploads\/2025\/08\/trek-fuel-2026.webp","width":600,"height":450,"caption":"Nouveaux VTT et VTTAE Trek Fuel 2026"},{"@type":"BreadcrumbList","@id":"https:\/\/www.cycles-blain.com\/fr\/velo\/vtt-electrique\/nouveaux-vtt-et-vttae-trek-fuel-2026\/#breadcrumb","itemListElement":[{"@type":"ListItem","position":1,"name":"Accueil","item":"https:\/\/www.cycles-blain.com\/fr\/"},{"@type":"ListItem","position":2,"name":"Nouveaux VTT Trek Fuel &amp; VTTAE Trek Fuel+ 2026"}]},{"@type":"WebSite","@id":"https:\/\/www.cycles-blain.com\/fr\/#website","url":"https:\/\/www.cycles-blain.com\/fr\/","name":"CyclesBlain - Magasins de v\u00e9los, accessoires et ateliers","description":"Blog Cycles Blain","publisher":{"@id":"https:\/\/www.cycles-blain.com\/fr\/#organization"},"potentialAction":[{"@type":"SearchAction","target":{"@type":"EntryPoint","urlTemplate":"https:\/\/www.cycles-blain.com\/fr\/?s={search_term_string}"},"query-input":{"@type":"PropertyValueSpecification","valueRequired":true,"valueName":"search_term_string"}}],"inLanguage":"fr-FR"},{"@type":"Organization","@id":"https:\/\/www.cycles-blain.com\/fr\/#organization","name":"CyclesBlain - Magasins de v\u00e9los, accessoires et ateliers","url":"https:\/\/www.cycles-blain.com\/fr\/","logo":{"@type":"ImageObject","inLanguage":"fr-FR","@id":"https:\/\/www.cycles-blain.com\/fr\/#\/schema\/logo\/image\/","url":"https:\/\/www.cycles-blain.com\/fr\/wp-content\/uploads\/2023\/10\/logo-cycles-blain.jpeg","contentUrl":"https:\/\/www.cycles-blain.com\/fr\/wp-content\/uploads\/2023\/10\/logo-cycles-blain.jpeg","width":264,"height":191,"caption":"CyclesBlain - Magasins de v\u00e9los, accessoires et ateliers"},"image":{"@id":"https:\/\/www.cycles-blain.com\/fr\/#\/schema\/logo\/image\/"},"sameAs":["https:\/\/www.facebook.com\/cyclesblain\/?locale=fr_FR","https:\/\/www.instagram.com\/cycles_blain\/?hl=fr"]},{"@type":"Person","@id":"https:\/\/www.cycles-blain.com\/fr\/#\/schema\/person\/6fb8bad852fde893fb61b7b05936af37","name":"Gueweb","image":{"@type":"ImageObject","inLanguage":"fr-FR","@id":"https:\/\/secure.gravatar.com\/avatar\/52550bc594eb074508114b963209b157358b27e5a0319de1bb723df3f760ca2d?s=96&d=mm&r=g","url":"https:\/\/secure.gravatar.com\/avatar\/52550bc594eb074508114b963209b157358b27e5a0319de1bb723df3f760ca2d?s=96&d=mm&r=g","contentUrl":"https:\/\/secure.gravatar.com\/avatar\/52550bc594eb074508114b963209b157358b27e5a0319de1bb723df3f760ca2d?s=96&d=mm&r=g","caption":"Gueweb"},"sameAs":["https:\/\/www.cycles-blain.com\/\/fr"],"url":"https:\/\/www.cycles-blain.com\/fr\/author\/gueweb\/"}]}},"_links":{"self":[{"href":"https:\/\/www.cycles-blain.com\/fr\/wp-json\/wp\/v2\/posts\/16018","targetHints":{"allow":["GET"]}}],"collection":[{"href":"https:\/\/www.cycles-blain.com\/fr\/wp-json\/wp\/v2\/posts"}],"about":[{"href":"https:\/\/www.cycles-blain.com\/fr\/wp-json\/wp\/v2\/types\/post"}],"author":[{"embeddable":true,"href":"https:\/\/www.cycles-blain.com\/fr\/wp-json\/wp\/v2\/users\/1"}],"replies":[{"embeddable":true,"href":"https:\/\/www.cycles-blain.com\/fr\/wp-json\/wp\/v2\/comments?post=16018"}],"version-history":[{"count":68,"href":"https:\/\/www.cycles-blain.com\/fr\/wp-json\/wp\/v2\/posts\/16018\/revisions"}],"predecessor-version":[{"id":16102,"href":"https:\/\/www.cycles-blain.com\/fr\/wp-json\/wp\/v2\/posts\/16018\/revisions\/16102"}],"wp:featuredmedia":[{"embeddable":true,"href":"https:\/\/www.cycles-blain.com\/fr\/wp-json\/wp\/v2\/media\/16066"}],"wp:attachment":[{"href":"https:\/\/www.cycles-blain.com\/fr\/wp-json\/wp\/v2\/media?parent=16018"}],"wp:term":[{"taxonomy":"category","embeddable":true,"href":"https:\/\/www.cycles-blain.com\/fr\/wp-json\/wp\/v2\/categories?post=16018"},{"taxonomy":"post_tag","embeddable":true,"href":"https:\/\/www.cycles-blain.com\/fr\/wp-json\/wp\/v2\/tags?post=16018"}],"curies":[{"name":"wp","href":"https:\/\/api.w.org\/{rel}","templated":true}]}}