{"id":16311,"date":"2025-08-26T14:11:05","date_gmt":"2025-08-26T12:11:05","guid":{"rendered":"https:\/\/www.cycles-blain.com\/fr\/?p=16311"},"modified":"2025-09-01T15:54:47","modified_gmt":"2025-09-01T13:54:47","slug":"collection-fox-vtt-2026","status":"publish","type":"post","link":"https:\/\/www.cycles-blain.com\/fr\/magasins-velo\/collection-fox-vtt-2026\/","title":{"rendered":"Nouvelle Collection Fox 2026 &#8211; Chaussures, casques, textiles en magasins"},"content":{"rendered":"\t\t<div data-elementor-type=\"wp-post\" data-elementor-id=\"16311\" class=\"elementor elementor-16311\" data-elementor-post-type=\"post\">\n\t\t\t\t<div class=\"elementor-element elementor-element-12a47cf e-flex e-con-boxed e-con e-parent\" data-id=\"12a47cf\" data-element_type=\"container\" data-e-type=\"container\">\n\t\t\t\t\t<div class=\"e-con-inner\">\n\t\t\t\t<div class=\"elementor-element elementor-element-3b23b60 elementor-widget elementor-widget-text-editor\" data-id=\"3b23b60\" data-element_type=\"widget\" data-e-type=\"widget\" data-widget_type=\"text-editor.default\">\n\t\t\t\t<div class=\"elementor-widget-container\">\n\t\t\t\t\t\t\t\t\t<p><em>Collection FOX VTT 2026 : Nouvelle Collection VTT Fox 2026 est arriv\u00e9e en magasins sur Lyon : D\u00e9couvrez les nouvelles chaussures vtt, casques vtt ou textiles vtt 2026<\/em><\/p>\t\t\t\t\t\t\t\t<\/div>\n\t\t\t\t<\/div>\n\t\t\t\t\t<\/div>\n\t\t\t\t<\/div>\n\t\t<div class=\"elementor-element elementor-element-d6b9579 e-flex e-con-boxed e-con e-parent\" data-id=\"d6b9579\" data-element_type=\"container\" data-e-type=\"container\">\n\t\t\t\t\t<div class=\"e-con-inner\">\n\t\t\t\t<div class=\"elementor-element elementor-element-8e587c0 elementor-widget elementor-widget-heading\" data-id=\"8e587c0\" data-element_type=\"widget\" data-e-type=\"widget\" data-widget_type=\"heading.default\">\n\t\t\t\t<div class=\"elementor-widget-container\">\n\t\t\t\t\t<h3 class=\"elementor-heading-title elementor-size-default\">Nouvelles chaussures VTT Fox Union 2026<\/h3>\t\t\t\t<\/div>\n\t\t\t\t<\/div>\n\t\t\t\t\t<\/div>\n\t\t\t\t<\/div>\n\t\t<div class=\"elementor-element elementor-element-adb778c e-flex e-con-boxed e-con e-parent\" data-id=\"adb778c\" data-element_type=\"container\" data-e-type=\"container\">\n\t\t\t\t\t<div class=\"e-con-inner\">\n\t\t\t\t<div class=\"elementor-element elementor-element-9a23497 elementor-widget elementor-widget-text-editor\" data-id=\"9a23497\" data-element_type=\"widget\" data-e-type=\"widget\" data-widget_type=\"text-editor.default\">\n\t\t\t\t<div class=\"elementor-widget-container\">\n\t\t\t\t\t\t\t\t\t<p>Les c\u00e9l\u00e8bres et tr\u00e8s confortables chaussures VTT Fox Union 2026 sont arriv\u00e9es en magasins : toujours aussi styl\u00e9es avec de avec un meilleur syst\u00e8me d&rsquo;ajustement, vous retrouverez notamment en magasins les chaussures vtt :&nbsp;&nbsp;<\/p>\n<ul>\n<li>Chaussures VTT&nbsp;<a href=\"https:\/\/www.cycles-blain.com\/chaussures-velo\/1682-3118-chaussures-vtt-pour-pedales-plates-fox-union-fox.html\" target=\"_blank\" rel=\"noopener\"><b>Fox Union pour p\u00e9dales plates<\/b><\/a><\/li>\n<li>Chaussures VTT&nbsp;<a href=\"https:\/\/www.cycles-blain.com\/chaussures-velo\/1683-3122-chaussures-vtt-fox-union-boa-pour-pedales-automatiques-fox.html\" target=\"_blank\" rel=\"noopener\"><b>Fox Union Boa<\/b><\/a><\/li>\n<li>Sur commandes principalement, les Fox Unions 2026 existent d\u00e9sormais en versions mi-hautes \u00ab\u00a0Fox Union Canvas\u00a0\u00bb, et en version chaussures plates \u00ab\u00a0Fox Union All Weather\u00a0\u00bb qui prot\u00e8gera de l&rsquo;eau et du froid l&rsquo;hiver.&nbsp;<\/li>\n<\/ul>\t\t\t\t\t\t\t\t<\/div>\n\t\t\t\t<\/div>\n\t\t\t\t<div class=\"elementor-element elementor-element-b2ce373 elementor-align-center elementor-widget elementor-widget-button\" data-id=\"b2ce373\" data-element_type=\"widget\" data-e-type=\"widget\" data-widget_type=\"button.default\">\n\t\t\t\t<div class=\"elementor-widget-container\">\n\t\t\t\t\t\t\t\t\t<div class=\"elementor-button-wrapper\">\n\t\t\t\t\t<a class=\"elementor-button elementor-button-link elementor-size-sm\" href=\"https:\/\/www.cycles-blain.com\/221-chaussures-velo\" target=\"_blank\">\n\t\t\t\t\t\t<span class=\"elementor-button-content-wrapper\">\n\t\t\t\t\t\t\t\t\t<span class=\"elementor-button-text\">Je trouve mes chaussures de VTT<\/span>\n\t\t\t\t\t<\/span>\n\t\t\t\t\t<\/a>\n\t\t\t\t<\/div>\n\t\t\t\t\t\t\t\t<\/div>\n\t\t\t\t<\/div>\n\t\t\t\t<div class=\"elementor-element elementor-element-9eb65b2 elementor-widget elementor-widget-heading\" data-id=\"9eb65b2\" data-element_type=\"widget\" data-e-type=\"widget\" data-widget_type=\"heading.default\">\n\t\t\t\t<div class=\"elementor-widget-container\">\n\t\t\t\t\t<h3 class=\"elementor-heading-title elementor-size-default\">Nouveaux Casques VTT Fox 2026<\/h3>\t\t\t\t<\/div>\n\t\t\t\t<\/div>\n\t\t\t\t<div class=\"elementor-element elementor-element-0780008 elementor-widget elementor-widget-text-editor\" data-id=\"0780008\" data-element_type=\"widget\" data-e-type=\"widget\" data-widget_type=\"text-editor.default\">\n\t\t\t\t<div class=\"elementor-widget-container\">\n\t\t\t\t\t\t\t\t\t<p>Parmi la collection 2026 des casques VTT Fox, nous avons notamment s\u00e9lectionn\u00e9 quelques mod\u00e8les de casques reconnus pour leur solidit\u00e9, leur l\u00e9g\u00e8ret\u00e9, des bonnes a\u00e9rations et surtout les innovations sur le syst\u00e8me Mips ou les fixations rapides Fox.<\/p>\n<ul>\n<li><a href=\"https:\/\/www.cycles-blain.com\/casque-vtt\/1692-3159-casque-vtt-dropframe-pro-kairos-fox.html\" target=\"_blank\" rel=\"noopener\"><b>Le casque VTT Fox Dropframe Pro Kairos<\/b><\/a>&nbsp;: un casque vtt d&rsquo;enduro 3\/4 avec sa face ouverte, le mips et le syst\u00e8me d&rsquo;ajustement BOA.<\/li>\n<li><a href=\"https:\/\/www.cycles-blain.com\/casque-vtt\/1367-2283-casque-vtt-speedframe-rs-paranoid-fox-191972997792.html\" target=\"_blank\" rel=\"noopener\"><b>Le casque VTT Fox Speedframe RS Paranoid<\/b><\/a>&nbsp;avec le nouveau syst\u00e8me de protection Mips\u00ae Integra Split, un niveau sup\u00e9rieur de qualit\u00e9 de protection et de ventilation.<\/li>\n<li><a href=\"https:\/\/www.cycles-blain.com\/casque-vtt\/1342-2179-casque-vtt-speedframe-pro-backfade-fox.html\" target=\"_blank\" rel=\"noopener\"><b>Le casque VTT Fox Speedframe Pro Backfade<\/b><\/a>&nbsp;qui a obtenu la meilleure note de 5 \u00e9toiles au programme d&rsquo;\u00e9valuation des casques de v\u00e9lo Virgina Tech notamment gr\u00e2ce \u00e0 la technologie Mips Aire Node.<\/li>\n<li><a href=\"https:\/\/www.cycles-blain.com\/casque-vtt\/1684-3125-casque-vtt-speedframe-solid-fox.html\" target=\"_blank\"><b>Le casque VTT Fox Speedframe Pro Solid<\/b><\/a>&nbsp;d&rsquo;un rapport qualit\u00e9 prix s\u00e9curit\u00e9 et confort rarement \u00e9gal\u00e9 et un grand choix de couleurs.<\/li>\n<li><a href=\"https:\/\/www.cycles-blain.com\/casque-vtt\/1685-3133-casque-vtt-speedframe-5050-fox.html\" target=\"_blank\"><b>Le casque VTT Fox Speedframe Pro 5050<\/b><\/a>, le petit fr\u00e8re du Solid qui arbore des colories embl\u00e9matiques de Fox.<\/li>\n<\/ul>\t\t\t\t\t\t\t\t<\/div>\n\t\t\t\t<\/div>\n\t\t\t\t<div class=\"elementor-element elementor-element-11b0e26 elementor-align-center elementor-widget elementor-widget-button\" data-id=\"11b0e26\" data-element_type=\"widget\" data-e-type=\"widget\" data-widget_type=\"button.default\">\n\t\t\t\t<div class=\"elementor-widget-container\">\n\t\t\t\t\t\t\t\t\t<div class=\"elementor-button-wrapper\">\n\t\t\t\t\t<a class=\"elementor-button elementor-button-link elementor-size-sm\" href=\"https:\/\/www.cycles-blain.com\/108-casque-vtt?q=Marque-Fox\" target=\"_blank\">\n\t\t\t\t\t\t<span class=\"elementor-button-content-wrapper\">\n\t\t\t\t\t\t\t\t\t<span class=\"elementor-button-text\">Je trouve mon casque VTT Fox<\/span>\n\t\t\t\t\t<\/span>\n\t\t\t\t\t<\/a>\n\t\t\t\t<\/div>\n\t\t\t\t\t\t\t\t<\/div>\n\t\t\t\t<\/div>\n\t\t\t\t\t<\/div>\n\t\t\t\t<\/div>\n\t\t<div class=\"elementor-element elementor-element-5574dbd e-flex e-con-boxed e-con e-parent\" data-id=\"5574dbd\" data-element_type=\"container\" data-e-type=\"container\">\n\t\t\t\t\t<div class=\"e-con-inner\">\n\t\t\t\t<div class=\"elementor-element elementor-element-1844ec2 elementor-widget elementor-widget-heading\" data-id=\"1844ec2\" data-element_type=\"widget\" data-e-type=\"widget\" data-widget_type=\"heading.default\">\n\t\t\t\t<div class=\"elementor-widget-container\">\n\t\t\t\t\t<h3 class=\"elementor-heading-title elementor-size-default\">Et le textile Fox 2026 : Partez couverts de la t\u00eate aux pieds pour tous les temps en VTT<\/h3>\t\t\t\t<\/div>\n\t\t\t\t<\/div>\n\t\t\t\t\t<\/div>\n\t\t\t\t<\/div>\n\t\t<div class=\"elementor-element elementor-element-9cb5fa1 e-flex e-con-boxed e-con e-parent\" data-id=\"9cb5fa1\" data-element_type=\"container\" data-e-type=\"container\">\n\t\t\t\t\t<div class=\"e-con-inner\">\n\t\t\t\t<div class=\"elementor-element elementor-element-6336aa7 elementor-widget elementor-widget-text-editor\" data-id=\"6336aa7\" data-element_type=\"widget\" data-e-type=\"widget\" data-widget_type=\"text-editor.default\">\n\t\t\t\t<div class=\"elementor-widget-container\">\n\t\t\t\t\t\t\t\t\t<p>En magasins sur Lyon et sur notre boutique en ligne, vous retrouverez aussi une s\u00e9lection 2026 des\u00a0<b>protections vtt Fox<\/b>, de\u00a0<a href=\"https:\/\/www.cycles-blain.com\/recherche?controller=search&amp;search_query=veste+fox\" target=\"_blank\" rel=\"noopener\">vestes Fox<\/a>,\u00a0<a href=\"https:\/\/www.cycles-blain.com\/recherche?controller=search&amp;search_query=sweat+fox\" target=\"_blank\" rel=\"noopener\">Sweat vtt Fox<\/a>,\u00a0<a href=\"https:\/\/www.cycles-blain.com\/recherche?controller=search&amp;search_query=pantalon+fox\" target=\"_blank\" rel=\"noopener\">pantalons vtt Fox<\/a>\u00a0et tous les accessoires et \u00e9quipement cyclistes de la marque du Renard !<br \/>Profitez aussi des nombreuses fin de s\u00e9rie et d\u00e9stockages Fox en magasins et sur le site !<\/p>\t\t\t\t\t\t\t\t<\/div>\n\t\t\t\t<\/div>\n\t\t\t\t<div class=\"elementor-element elementor-element-f133ec2 elementor-align-center elementor-widget elementor-widget-button\" data-id=\"f133ec2\" data-element_type=\"widget\" data-e-type=\"widget\" data-widget_type=\"button.default\">\n\t\t\t\t<div class=\"elementor-widget-container\">\n\t\t\t\t\t\t\t\t\t<div class=\"elementor-button-wrapper\">\n\t\t\t\t\t<a class=\"elementor-button elementor-button-link elementor-size-sm\" href=\"https:\/\/www.cycles-blain.com\/88-equipement-cycliste?q=Marque-Fox\" target=\"_blank\">\n\t\t\t\t\t\t<span class=\"elementor-button-content-wrapper\">\n\t\t\t\t\t\t\t\t\t<span class=\"elementor-button-text\">Je trouve mes \u00e9quipements cyclistes FOX<\/span>\n\t\t\t\t\t<\/span>\n\t\t\t\t\t<\/a>\n\t\t\t\t<\/div>\n\t\t\t\t\t\t\t\t<\/div>\n\t\t\t\t<\/div>\n\t\t\t\t\t<\/div>\n\t\t\t\t<\/div>\n\t\t<div class=\"elementor-element elementor-element-43916db e-flex e-con-boxed e-con e-parent\" data-id=\"43916db\" data-element_type=\"container\" data-e-type=\"container\">\n\t\t\t\t\t<div class=\"e-con-inner\">\n\t\t\t\t<div class=\"elementor-element elementor-element-e5d5fb5 elementor-arrows-position-inside elementor-pagination-position-outside elementor-widget elementor-widget-image-carousel\" data-id=\"e5d5fb5\" data-element_type=\"widget\" data-e-type=\"widget\" data-settings=\"{&quot;navigation&quot;:&quot;both&quot;,&quot;autoplay&quot;:&quot;yes&quot;,&quot;pause_on_hover&quot;:&quot;yes&quot;,&quot;pause_on_interaction&quot;:&quot;yes&quot;,&quot;autoplay_speed&quot;:5000,&quot;infinite&quot;:&quot;yes&quot;,&quot;speed&quot;:500}\" data-widget_type=\"image-carousel.default\">\n\t\t\t\t<div class=\"elementor-widget-container\">\n\t\t\t\t\t\t\t<div class=\"elementor-image-carousel-wrapper swiper\" role=\"region\" aria-roledescription=\"carousel\" aria-label=\"Carrousel d\u2019images\" dir=\"ltr\">\n\t\t\t<div class=\"elementor-image-carousel swiper-wrapper\" aria-live=\"off\">\n\t\t\t\t\t\t\t\t<div class=\"swiper-slide\" role=\"group\" aria-roledescription=\"slide\" aria-label=\"1 sur 5\"><a data-elementor-open-lightbox=\"yes\" data-elementor-lightbox-slideshow=\"e5d5fb5\" data-elementor-lightbox-title=\"Maillot VTT Fox 2026\" data-e-action-hash=\"#elementor-action%3Aaction%3Dlightbox%26settings%3DeyJpZCI6MTYzNjMsInVybCI6Imh0dHBzOlwvXC93d3cuY3ljbGVzLWJsYWluLmNvbVwvZnJcL3dwLWNvbnRlbnRcL3VwbG9hZHNcLzIwMjVcLzA4XC9tYWlsbG90LWRlZmVuZC10aGVybWFsLXZ0dC1mb3guanBnIiwic2xpZGVzaG93IjoiZTVkNWZiNSJ9\" href=\"https:\/\/www.cycles-blain.com\/88-equipement-cycliste?q=Marque-Fox\" target=\"_blank\"><figure class=\"swiper-slide-inner\"><img decoding=\"async\" class=\"swiper-slide-image\" src=\"https:\/\/www.cycles-blain.com\/fr\/wp-content\/uploads\/2025\/08\/maillot-defend-thermal-vtt-fox-300x300.jpg\" alt=\"Maillot VTT Fox 2026\" \/><\/figure><\/a><\/div><div class=\"swiper-slide\" role=\"group\" aria-roledescription=\"slide\" aria-label=\"2 sur 5\"><a data-elementor-open-lightbox=\"yes\" data-elementor-lightbox-slideshow=\"e5d5fb5\" data-elementor-lightbox-title=\"Casque VTT Fox 2026\" data-e-action-hash=\"#elementor-action%3Aaction%3Dlightbox%26settings%3DeyJpZCI6MTYzNjQsInVybCI6Imh0dHBzOlwvXC93d3cuY3ljbGVzLWJsYWluLmNvbVwvZnJcL3dwLWNvbnRlbnRcL3VwbG9hZHNcLzIwMjVcLzA4XC9jYXNxdWUtdnR0LXNwZWVkZnJhbWUtNTA1MC1mb3guanBnIiwic2xpZGVzaG93IjoiZTVkNWZiNSJ9\" href=\"https:\/\/www.cycles-blain.com\/88-equipement-cycliste?q=Marque-Fox\" target=\"_blank\"><figure class=\"swiper-slide-inner\"><img decoding=\"async\" class=\"swiper-slide-image\" src=\"https:\/\/www.cycles-blain.com\/fr\/wp-content\/uploads\/2025\/08\/casque-vtt-speedframe-5050-fox-300x300.jpg\" alt=\"Casque VTT Fox 2026\" \/><\/figure><\/a><\/div><div class=\"swiper-slide\" role=\"group\" aria-roledescription=\"slide\" aria-label=\"3 sur 5\"><a data-elementor-open-lightbox=\"yes\" data-elementor-lightbox-slideshow=\"e5d5fb5\" data-elementor-lightbox-title=\"Sweat VTT Fox 2026\" data-e-action-hash=\"#elementor-action%3Aaction%3Dlightbox%26settings%3DeyJpZCI6MTYzNjUsInVybCI6Imh0dHBzOlwvXC93d3cuY3ljbGVzLWJsYWluLmNvbVwvZnJcL3dwLWNvbnRlbnRcL3VwbG9hZHNcLzIwMjVcLzA4XC9zd2VhdC1hLWNhcHVjaGUtZGVmZW5kLXRoZXJtYWwtdnR0LWZveC5qcGciLCJzbGlkZXNob3ciOiJlNWQ1ZmI1In0%3D\" href=\"https:\/\/www.cycles-blain.com\/88-equipement-cycliste?q=Marque-Fox\" target=\"_blank\"><figure class=\"swiper-slide-inner\"><img decoding=\"async\" class=\"swiper-slide-image\" src=\"https:\/\/www.cycles-blain.com\/fr\/wp-content\/uploads\/2025\/08\/sweat-a-capuche-defend-thermal-vtt-fox-300x300.jpg\" alt=\"Sweat VTT Fox 2026\" \/><\/figure><\/a><\/div><div class=\"swiper-slide\" role=\"group\" aria-roledescription=\"slide\" aria-label=\"4 sur 5\"><a data-elementor-open-lightbox=\"yes\" data-elementor-lightbox-slideshow=\"e5d5fb5\" data-elementor-lightbox-title=\"Chaussures VTT Fox 2026\" data-e-action-hash=\"#elementor-action%3Aaction%3Dlightbox%26settings%3DeyJpZCI6MTYzNjYsInVybCI6Imh0dHBzOlwvXC93d3cuY3ljbGVzLWJsYWluLmNvbVwvZnJcL3dwLWNvbnRlbnRcL3VwbG9hZHNcLzIwMjVcLzA4XC9jaGF1c3N1cmVzLXZ0dC1mb3gtdW5pb24tYm9hLXBvdXItcGVkYWxlcy1hdXRvbWF0aXF1ZXMtZm94LmpwZyIsInNsaWRlc2hvdyI6ImU1ZDVmYjUifQ%3D%3D\" href=\"https:\/\/www.cycles-blain.com\/88-equipement-cycliste?q=Marque-Fox\" target=\"_blank\"><figure class=\"swiper-slide-inner\"><img decoding=\"async\" class=\"swiper-slide-image\" src=\"https:\/\/www.cycles-blain.com\/fr\/wp-content\/uploads\/2025\/08\/chaussures-vtt-fox-union-boa-pour-pedales-automatiques-fox-300x300.jpg\" alt=\"Chaussures VTT Fox 2026\" \/><\/figure><\/a><\/div><div class=\"swiper-slide\" role=\"group\" aria-roledescription=\"slide\" aria-label=\"5 sur 5\"><a data-elementor-open-lightbox=\"yes\" data-elementor-lightbox-slideshow=\"e5d5fb5\" data-elementor-lightbox-title=\"Casque VTT Enduro 2026\" data-e-action-hash=\"#elementor-action%3Aaction%3Dlightbox%26settings%3DeyJpZCI6MTYzNjcsInVybCI6Imh0dHBzOlwvXC93d3cuY3ljbGVzLWJsYWluLmNvbVwvZnJcL3dwLWNvbnRlbnRcL3VwbG9hZHNcLzIwMjVcLzA4XC9jYXNxdWUtdnR0LWRyb3BmcmFtZS1wcm8ta2Fpcm9zLWZveC5qcGciLCJzbGlkZXNob3ciOiJlNWQ1ZmI1In0%3D\" href=\"https:\/\/www.cycles-blain.com\/88-equipement-cycliste?q=Marque-Fox\" target=\"_blank\"><figure class=\"swiper-slide-inner\"><img decoding=\"async\" class=\"swiper-slide-image\" src=\"https:\/\/www.cycles-blain.com\/fr\/wp-content\/uploads\/2025\/08\/casque-vtt-dropframe-pro-kairos-fox-300x300.jpg\" alt=\"Casque VTT Enduro 2026\" \/><\/figure><\/a><\/div>\t\t\t<\/div>\n\t\t\t\t\t\t\t\t\t\t\t\t<div class=\"elementor-swiper-button elementor-swiper-button-prev\" role=\"button\" tabindex=\"0\">\n\t\t\t\t\t\t<i aria-hidden=\"true\" class=\"eicon-chevron-left\"><\/i>\t\t\t\t\t<\/div>\n\t\t\t\t\t<div class=\"elementor-swiper-button elementor-swiper-button-next\" role=\"button\" tabindex=\"0\">\n\t\t\t\t\t\t<i aria-hidden=\"true\" class=\"eicon-chevron-right\"><\/i>\t\t\t\t\t<\/div>\n\t\t\t\t\n\t\t\t\t\t\t\t\t\t<div class=\"swiper-pagination\"><\/div>\n\t\t\t\t\t\t\t\t\t<\/div>\n\t\t\t\t\t\t<\/div>\n\t\t\t\t<\/div>\n\t\t\t\t\t<\/div>\n\t\t\t\t<\/div>\n\t\t\t\t<\/div>\n\t\t","protected":false},"excerpt":{"rendered":"<p>Nouvelle Collection VTT Fox 2026 est arriv\u00e9e en magasins sur Lyon : D\u00e9couvrez les nouvelles chaussures vtt, casques vtt ou textiles vtt 2026<\/p>\n","protected":false},"author":1,"featured_media":16313,"comment_status":"open","ping_status":"open","sticky":false,"template":"","format":"standard","meta":{"site-sidebar-layout":"default","site-content-layout":"","ast-site-content-layout":"default","site-content-style":"default","site-sidebar-style":"default","ast-global-header-display":"","ast-banner-title-visibility":"","ast-main-header-display":"","ast-hfb-above-header-display":"","ast-hfb-below-header-display":"","ast-hfb-mobile-header-display":"","site-post-title":"","ast-breadcrumbs-content":"","ast-featured-img":"","footer-sml-layout":"","theme-transparent-header-meta":"","adv-header-id-meta":"","stick-header-meta":"","header-above-stick-meta":"","header-main-stick-meta":"","header-below-stick-meta":"","astra-migrate-meta-layouts":"set","ast-page-background-enabled":"default","ast-page-background-meta":{"desktop":{"background-color":"","background-image":"","background-repeat":"repeat","background-position":"center center","background-size":"auto","background-attachment":"scroll","background-type":"","background-media":"","overlay-type":"","overlay-color":"","overlay-gradient":""},"tablet":{"background-color":"","background-image":"","background-repeat":"repeat","background-position":"center center","background-size":"auto","background-attachment":"scroll","background-type":"","background-media":"","overlay-type":"","overlay-color":"","overlay-gradient":""},"mobile":{"background-color":"","background-image":"","background-repeat":"repeat","background-position":"center center","background-size":"auto","background-attachment":"scroll","background-type":"","background-media":"","overlay-type":"","overlay-color":"","overlay-gradient":""}},"ast-content-background-meta":{"desktop":{"background-color":"var(--ast-global-color-5)","background-image":"","background-repeat":"repeat","background-position":"center center","background-size":"auto","background-attachment":"scroll","background-type":"","background-media":"","overlay-type":"","overlay-color":"","overlay-gradient":""},"tablet":{"background-color":"var(--ast-global-color-5)","background-image":"","background-repeat":"repeat","background-position":"center center","background-size":"auto","background-attachment":"scroll","background-type":"","background-media":"","overlay-type":"","overlay-color":"","overlay-gradient":""},"mobile":{"background-color":"var(--ast-global-color-5)","background-image":"","background-repeat":"repeat","background-position":"center center","background-size":"auto","background-attachment":"scroll","background-type":"","background-media":"","overlay-type":"","overlay-color":"","overlay-gradient":""}},"footnotes":""},"categories":[6,7,78,44,37,76,36,81,79,77,80],"tags":[372,373,285,31],"class_list":["post-16311","post","type-post","status-publish","format-standard","has-post-thumbnail","hentry","category-magasins-velo","category-magasin-brignais","category-magasin-craponne","category-magasin-lyon-3","category-magasin-saint-priest","category-magasin-vienne","category-magasin-vienne-sud","category-magasin-lyon-5","category-magasin-ecully","category-magasin-lyon-6","category-magasin-oullins","tag-casques","tag-chaussures","tag-fox","tag-vtt"],"yoast_head":"<!-- This site is optimized with the Yoast SEO plugin v27.5 - https:\/\/yoast.com\/product\/yoast-seo-wordpress\/ -->\n<title>Nouvelle Collection Fox 2026 - Chaussures, casques, textiles en magasins<\/title>\n<meta name=\"description\" content=\"Nouvelle Collection VTT Fox 2026 est arriv\u00e9e en magasins sur Lyon : D\u00e9couvrez les nouvelles chaussures vtt, casques vtt ou textiles vtt 2026\" \/>\n<meta name=\"robots\" content=\"index, follow, max-snippet:-1, max-image-preview:large, max-video-preview:-1\" \/>\n<link rel=\"canonical\" href=\"https:\/\/www.cycles-blain.com\/fr\/magasins-velo\/collection-fox-vtt-2026\/\" \/>\n<meta property=\"og:locale\" content=\"fr_FR\" \/>\n<meta property=\"og:type\" content=\"article\" \/>\n<meta property=\"og:title\" content=\"Nouvelle Collection Fox 2026 - Chaussures, casques, textiles en magasins\" \/>\n<meta property=\"og:description\" content=\"Nouvelle Collection VTT Fox 2026 est arriv\u00e9e en magasins sur Lyon : D\u00e9couvrez les nouvelles chaussures vtt, casques vtt ou textiles vtt 2026\" \/>\n<meta property=\"og:url\" content=\"https:\/\/www.cycles-blain.com\/fr\/magasins-velo\/collection-fox-vtt-2026\/\" \/>\n<meta property=\"og:site_name\" content=\"CyclesBlain - Magasins de v\u00e9los, accessoires et ateliers\" \/>\n<meta property=\"article:publisher\" content=\"https:\/\/www.facebook.com\/cyclesblain\/?locale=fr_FR\" \/>\n<meta property=\"article:published_time\" content=\"2025-08-26T12:11:05+00:00\" \/>\n<meta property=\"article:modified_time\" content=\"2025-09-01T13:54:47+00:00\" \/>\n<meta property=\"og:image\" content=\"https:\/\/www.cycles-blain.com\/fr\/wp-content\/uploads\/2025\/08\/collection-fox-vtt-2026.webp\" \/>\n\t<meta property=\"og:image:width\" content=\"600\" \/>\n\t<meta property=\"og:image:height\" content=\"318\" \/>\n\t<meta property=\"og:image:type\" content=\"image\/webp\" \/>\n<meta name=\"author\" content=\"Gueweb\" \/>\n<meta name=\"twitter:card\" content=\"summary_large_image\" \/>\n<meta name=\"twitter:label1\" content=\"\u00c9crit par\" \/>\n\t<meta name=\"twitter:data1\" content=\"Gueweb\" \/>\n\t<meta name=\"twitter:label2\" content=\"Dur\u00e9e de lecture estim\u00e9e\" \/>\n\t<meta name=\"twitter:data2\" content=\"4 minutes\" \/>\n<script type=\"application\/ld+json\" class=\"yoast-schema-graph\">{\"@context\":\"https:\\\/\\\/schema.org\",\"@graph\":[{\"@type\":\"Article\",\"@id\":\"https:\\\/\\\/www.cycles-blain.com\\\/fr\\\/magasins-velo\\\/collection-fox-vtt-2026\\\/#article\",\"isPartOf\":{\"@id\":\"https:\\\/\\\/www.cycles-blain.com\\\/fr\\\/magasins-velo\\\/collection-fox-vtt-2026\\\/\"},\"author\":{\"name\":\"Gueweb\",\"@id\":\"https:\\\/\\\/www.cycles-blain.com\\\/fr\\\/#\\\/schema\\\/person\\\/6fb8bad852fde893fb61b7b05936af37\"},\"headline\":\"Nouvelle Collection Fox 2026 &#8211; Chaussures, casques, textiles en magasins\",\"datePublished\":\"2025-08-26T12:11:05+00:00\",\"dateModified\":\"2025-09-01T13:54:47+00:00\",\"mainEntityOfPage\":{\"@id\":\"https:\\\/\\\/www.cycles-blain.com\\\/fr\\\/magasins-velo\\\/collection-fox-vtt-2026\\\/\"},\"wordCount\":407,\"commentCount\":2,\"publisher\":{\"@id\":\"https:\\\/\\\/www.cycles-blain.com\\\/fr\\\/#organization\"},\"image\":{\"@id\":\"https:\\\/\\\/www.cycles-blain.com\\\/fr\\\/magasins-velo\\\/collection-fox-vtt-2026\\\/#primaryimage\"},\"thumbnailUrl\":\"https:\\\/\\\/www.cycles-blain.com\\\/fr\\\/wp-content\\\/uploads\\\/2025\\\/08\\\/collection-fox-vtt-2026.webp\",\"keywords\":[\"casques\",\"chaussures\",\"fox\",\"vtt\"],\"articleSection\":[\"Actus Magasins\",\"Magasin Brignais\",\"Magasin Craponne\",\"Magasin Lyon Centre\",\"Magasin St Priest\",\"Magasin Vienne\",\"Magasin Vienne Sud\",\"Magasin-CyclesVeran\",\"Magasin-Ecully\",\"Magasin-Lyon6\",\"Magasin-Oullins\"],\"inLanguage\":\"fr-FR\",\"potentialAction\":[{\"@type\":\"CommentAction\",\"name\":\"Comment\",\"target\":[\"https:\\\/\\\/www.cycles-blain.com\\\/fr\\\/magasins-velo\\\/collection-fox-vtt-2026\\\/#respond\"]}]},{\"@type\":\"WebPage\",\"@id\":\"https:\\\/\\\/www.cycles-blain.com\\\/fr\\\/magasins-velo\\\/collection-fox-vtt-2026\\\/\",\"url\":\"https:\\\/\\\/www.cycles-blain.com\\\/fr\\\/magasins-velo\\\/collection-fox-vtt-2026\\\/\",\"name\":\"Nouvelle Collection Fox 2026 - Chaussures, casques, textiles en magasins\",\"isPartOf\":{\"@id\":\"https:\\\/\\\/www.cycles-blain.com\\\/fr\\\/#website\"},\"primaryImageOfPage\":{\"@id\":\"https:\\\/\\\/www.cycles-blain.com\\\/fr\\\/magasins-velo\\\/collection-fox-vtt-2026\\\/#primaryimage\"},\"image\":{\"@id\":\"https:\\\/\\\/www.cycles-blain.com\\\/fr\\\/magasins-velo\\\/collection-fox-vtt-2026\\\/#primaryimage\"},\"thumbnailUrl\":\"https:\\\/\\\/www.cycles-blain.com\\\/fr\\\/wp-content\\\/uploads\\\/2025\\\/08\\\/collection-fox-vtt-2026.webp\",\"datePublished\":\"2025-08-26T12:11:05+00:00\",\"dateModified\":\"2025-09-01T13:54:47+00:00\",\"description\":\"Nouvelle Collection VTT Fox 2026 est arriv\u00e9e en magasins sur Lyon : D\u00e9couvrez les nouvelles chaussures vtt, casques vtt ou textiles vtt 2026\",\"breadcrumb\":{\"@id\":\"https:\\\/\\\/www.cycles-blain.com\\\/fr\\\/magasins-velo\\\/collection-fox-vtt-2026\\\/#breadcrumb\"},\"inLanguage\":\"fr-FR\",\"potentialAction\":[{\"@type\":\"ReadAction\",\"target\":[\"https:\\\/\\\/www.cycles-blain.com\\\/fr\\\/magasins-velo\\\/collection-fox-vtt-2026\\\/\"]}]},{\"@type\":\"ImageObject\",\"inLanguage\":\"fr-FR\",\"@id\":\"https:\\\/\\\/www.cycles-blain.com\\\/fr\\\/magasins-velo\\\/collection-fox-vtt-2026\\\/#primaryimage\",\"url\":\"https:\\\/\\\/www.cycles-blain.com\\\/fr\\\/wp-content\\\/uploads\\\/2025\\\/08\\\/collection-fox-vtt-2026.webp\",\"contentUrl\":\"https:\\\/\\\/www.cycles-blain.com\\\/fr\\\/wp-content\\\/uploads\\\/2025\\\/08\\\/collection-fox-vtt-2026.webp\",\"width\":600,\"height\":318,\"caption\":\"Collection FOX VTT 2026 : chaussures, casques, textiles\"},{\"@type\":\"BreadcrumbList\",\"@id\":\"https:\\\/\\\/www.cycles-blain.com\\\/fr\\\/magasins-velo\\\/collection-fox-vtt-2026\\\/#breadcrumb\",\"itemListElement\":[{\"@type\":\"ListItem\",\"position\":1,\"name\":\"Accueil\",\"item\":\"https:\\\/\\\/www.cycles-blain.com\\\/fr\\\/\"},{\"@type\":\"ListItem\",\"position\":2,\"name\":\"Nouvelle Collection Fox 2026 &#8211; Chaussures, casques, textiles en magasins\"}]},{\"@type\":\"WebSite\",\"@id\":\"https:\\\/\\\/www.cycles-blain.com\\\/fr\\\/#website\",\"url\":\"https:\\\/\\\/www.cycles-blain.com\\\/fr\\\/\",\"name\":\"CyclesBlain - Magasins de v\u00e9los, accessoires et ateliers\",\"description\":\"Blog Cycles Blain\",\"publisher\":{\"@id\":\"https:\\\/\\\/www.cycles-blain.com\\\/fr\\\/#organization\"},\"potentialAction\":[{\"@type\":\"SearchAction\",\"target\":{\"@type\":\"EntryPoint\",\"urlTemplate\":\"https:\\\/\\\/www.cycles-blain.com\\\/fr\\\/?s={search_term_string}\"},\"query-input\":{\"@type\":\"PropertyValueSpecification\",\"valueRequired\":true,\"valueName\":\"search_term_string\"}}],\"inLanguage\":\"fr-FR\"},{\"@type\":\"Organization\",\"@id\":\"https:\\\/\\\/www.cycles-blain.com\\\/fr\\\/#organization\",\"name\":\"CyclesBlain - Magasins de v\u00e9los, accessoires et ateliers\",\"url\":\"https:\\\/\\\/www.cycles-blain.com\\\/fr\\\/\",\"logo\":{\"@type\":\"ImageObject\",\"inLanguage\":\"fr-FR\",\"@id\":\"https:\\\/\\\/www.cycles-blain.com\\\/fr\\\/#\\\/schema\\\/logo\\\/image\\\/\",\"url\":\"https:\\\/\\\/www.cycles-blain.com\\\/fr\\\/wp-content\\\/uploads\\\/2023\\\/10\\\/logo-cycles-blain.jpeg\",\"contentUrl\":\"https:\\\/\\\/www.cycles-blain.com\\\/fr\\\/wp-content\\\/uploads\\\/2023\\\/10\\\/logo-cycles-blain.jpeg\",\"width\":264,\"height\":191,\"caption\":\"CyclesBlain - Magasins de v\u00e9los, accessoires et ateliers\"},\"image\":{\"@id\":\"https:\\\/\\\/www.cycles-blain.com\\\/fr\\\/#\\\/schema\\\/logo\\\/image\\\/\"},\"sameAs\":[\"https:\\\/\\\/www.facebook.com\\\/cyclesblain\\\/?locale=fr_FR\",\"https:\\\/\\\/www.instagram.com\\\/cycles_blain\\\/?hl=fr\"]},{\"@type\":\"Person\",\"@id\":\"https:\\\/\\\/www.cycles-blain.com\\\/fr\\\/#\\\/schema\\\/person\\\/6fb8bad852fde893fb61b7b05936af37\",\"name\":\"Gueweb\",\"image\":{\"@type\":\"ImageObject\",\"inLanguage\":\"fr-FR\",\"@id\":\"https:\\\/\\\/secure.gravatar.com\\\/avatar\\\/52550bc594eb074508114b963209b157358b27e5a0319de1bb723df3f760ca2d?s=96&d=mm&r=g\",\"url\":\"https:\\\/\\\/secure.gravatar.com\\\/avatar\\\/52550bc594eb074508114b963209b157358b27e5a0319de1bb723df3f760ca2d?s=96&d=mm&r=g\",\"contentUrl\":\"https:\\\/\\\/secure.gravatar.com\\\/avatar\\\/52550bc594eb074508114b963209b157358b27e5a0319de1bb723df3f760ca2d?s=96&d=mm&r=g\",\"caption\":\"Gueweb\"},\"sameAs\":[\"https:\\\/\\\/www.cycles-blain.com\\\/\\\/fr\"],\"url\":\"https:\\\/\\\/www.cycles-blain.com\\\/fr\\\/author\\\/gueweb\\\/\"}]}<\/script>\n<!-- \/ Yoast SEO plugin. -->","yoast_head_json":{"title":"Nouvelle Collection Fox 2026 - Chaussures, casques, textiles en magasins","description":"Nouvelle Collection VTT Fox 2026 est arriv\u00e9e en magasins sur Lyon : D\u00e9couvrez les nouvelles chaussures vtt, casques vtt ou textiles vtt 2026","robots":{"index":"index","follow":"follow","max-snippet":"max-snippet:-1","max-image-preview":"max-image-preview:large","max-video-preview":"max-video-preview:-1"},"canonical":"https:\/\/www.cycles-blain.com\/fr\/magasins-velo\/collection-fox-vtt-2026\/","og_locale":"fr_FR","og_type":"article","og_title":"Nouvelle Collection Fox 2026 - Chaussures, casques, textiles en magasins","og_description":"Nouvelle Collection VTT Fox 2026 est arriv\u00e9e en magasins sur Lyon : D\u00e9couvrez les nouvelles chaussures vtt, casques vtt ou textiles vtt 2026","og_url":"https:\/\/www.cycles-blain.com\/fr\/magasins-velo\/collection-fox-vtt-2026\/","og_site_name":"CyclesBlain - Magasins de v\u00e9los, accessoires et ateliers","article_publisher":"https:\/\/www.facebook.com\/cyclesblain\/?locale=fr_FR","article_published_time":"2025-08-26T12:11:05+00:00","article_modified_time":"2025-09-01T13:54:47+00:00","og_image":[{"width":600,"height":318,"url":"https:\/\/www.cycles-blain.com\/fr\/wp-content\/uploads\/2025\/08\/collection-fox-vtt-2026.webp","type":"image\/webp"}],"author":"Gueweb","twitter_card":"summary_large_image","twitter_misc":{"\u00c9crit par":"Gueweb","Dur\u00e9e de lecture estim\u00e9e":"4 minutes"},"schema":{"@context":"https:\/\/schema.org","@graph":[{"@type":"Article","@id":"https:\/\/www.cycles-blain.com\/fr\/magasins-velo\/collection-fox-vtt-2026\/#article","isPartOf":{"@id":"https:\/\/www.cycles-blain.com\/fr\/magasins-velo\/collection-fox-vtt-2026\/"},"author":{"name":"Gueweb","@id":"https:\/\/www.cycles-blain.com\/fr\/#\/schema\/person\/6fb8bad852fde893fb61b7b05936af37"},"headline":"Nouvelle Collection Fox 2026 &#8211; Chaussures, casques, textiles en magasins","datePublished":"2025-08-26T12:11:05+00:00","dateModified":"2025-09-01T13:54:47+00:00","mainEntityOfPage":{"@id":"https:\/\/www.cycles-blain.com\/fr\/magasins-velo\/collection-fox-vtt-2026\/"},"wordCount":407,"commentCount":2,"publisher":{"@id":"https:\/\/www.cycles-blain.com\/fr\/#organization"},"image":{"@id":"https:\/\/www.cycles-blain.com\/fr\/magasins-velo\/collection-fox-vtt-2026\/#primaryimage"},"thumbnailUrl":"https:\/\/www.cycles-blain.com\/fr\/wp-content\/uploads\/2025\/08\/collection-fox-vtt-2026.webp","keywords":["casques","chaussures","fox","vtt"],"articleSection":["Actus Magasins","Magasin Brignais","Magasin Craponne","Magasin Lyon Centre","Magasin St Priest","Magasin Vienne","Magasin Vienne Sud","Magasin-CyclesVeran","Magasin-Ecully","Magasin-Lyon6","Magasin-Oullins"],"inLanguage":"fr-FR","potentialAction":[{"@type":"CommentAction","name":"Comment","target":["https:\/\/www.cycles-blain.com\/fr\/magasins-velo\/collection-fox-vtt-2026\/#respond"]}]},{"@type":"WebPage","@id":"https:\/\/www.cycles-blain.com\/fr\/magasins-velo\/collection-fox-vtt-2026\/","url":"https:\/\/www.cycles-blain.com\/fr\/magasins-velo\/collection-fox-vtt-2026\/","name":"Nouvelle Collection Fox 2026 - Chaussures, casques, textiles en magasins","isPartOf":{"@id":"https:\/\/www.cycles-blain.com\/fr\/#website"},"primaryImageOfPage":{"@id":"https:\/\/www.cycles-blain.com\/fr\/magasins-velo\/collection-fox-vtt-2026\/#primaryimage"},"image":{"@id":"https:\/\/www.cycles-blain.com\/fr\/magasins-velo\/collection-fox-vtt-2026\/#primaryimage"},"thumbnailUrl":"https:\/\/www.cycles-blain.com\/fr\/wp-content\/uploads\/2025\/08\/collection-fox-vtt-2026.webp","datePublished":"2025-08-26T12:11:05+00:00","dateModified":"2025-09-01T13:54:47+00:00","description":"Nouvelle Collection VTT Fox 2026 est arriv\u00e9e en magasins sur Lyon : D\u00e9couvrez les nouvelles chaussures vtt, casques vtt ou textiles vtt 2026","breadcrumb":{"@id":"https:\/\/www.cycles-blain.com\/fr\/magasins-velo\/collection-fox-vtt-2026\/#breadcrumb"},"inLanguage":"fr-FR","potentialAction":[{"@type":"ReadAction","target":["https:\/\/www.cycles-blain.com\/fr\/magasins-velo\/collection-fox-vtt-2026\/"]}]},{"@type":"ImageObject","inLanguage":"fr-FR","@id":"https:\/\/www.cycles-blain.com\/fr\/magasins-velo\/collection-fox-vtt-2026\/#primaryimage","url":"https:\/\/www.cycles-blain.com\/fr\/wp-content\/uploads\/2025\/08\/collection-fox-vtt-2026.webp","contentUrl":"https:\/\/www.cycles-blain.com\/fr\/wp-content\/uploads\/2025\/08\/collection-fox-vtt-2026.webp","width":600,"height":318,"caption":"Collection FOX VTT 2026 : chaussures, casques, textiles"},{"@type":"BreadcrumbList","@id":"https:\/\/www.cycles-blain.com\/fr\/magasins-velo\/collection-fox-vtt-2026\/#breadcrumb","itemListElement":[{"@type":"ListItem","position":1,"name":"Accueil","item":"https:\/\/www.cycles-blain.com\/fr\/"},{"@type":"ListItem","position":2,"name":"Nouvelle Collection Fox 2026 &#8211; Chaussures, casques, textiles en magasins"}]},{"@type":"WebSite","@id":"https:\/\/www.cycles-blain.com\/fr\/#website","url":"https:\/\/www.cycles-blain.com\/fr\/","name":"CyclesBlain - Magasins de v\u00e9los, accessoires et ateliers","description":"Blog Cycles Blain","publisher":{"@id":"https:\/\/www.cycles-blain.com\/fr\/#organization"},"potentialAction":[{"@type":"SearchAction","target":{"@type":"EntryPoint","urlTemplate":"https:\/\/www.cycles-blain.com\/fr\/?s={search_term_string}"},"query-input":{"@type":"PropertyValueSpecification","valueRequired":true,"valueName":"search_term_string"}}],"inLanguage":"fr-FR"},{"@type":"Organization","@id":"https:\/\/www.cycles-blain.com\/fr\/#organization","name":"CyclesBlain - Magasins de v\u00e9los, accessoires et ateliers","url":"https:\/\/www.cycles-blain.com\/fr\/","logo":{"@type":"ImageObject","inLanguage":"fr-FR","@id":"https:\/\/www.cycles-blain.com\/fr\/#\/schema\/logo\/image\/","url":"https:\/\/www.cycles-blain.com\/fr\/wp-content\/uploads\/2023\/10\/logo-cycles-blain.jpeg","contentUrl":"https:\/\/www.cycles-blain.com\/fr\/wp-content\/uploads\/2023\/10\/logo-cycles-blain.jpeg","width":264,"height":191,"caption":"CyclesBlain - Magasins de v\u00e9los, accessoires et ateliers"},"image":{"@id":"https:\/\/www.cycles-blain.com\/fr\/#\/schema\/logo\/image\/"},"sameAs":["https:\/\/www.facebook.com\/cyclesblain\/?locale=fr_FR","https:\/\/www.instagram.com\/cycles_blain\/?hl=fr"]},{"@type":"Person","@id":"https:\/\/www.cycles-blain.com\/fr\/#\/schema\/person\/6fb8bad852fde893fb61b7b05936af37","name":"Gueweb","image":{"@type":"ImageObject","inLanguage":"fr-FR","@id":"https:\/\/secure.gravatar.com\/avatar\/52550bc594eb074508114b963209b157358b27e5a0319de1bb723df3f760ca2d?s=96&d=mm&r=g","url":"https:\/\/secure.gravatar.com\/avatar\/52550bc594eb074508114b963209b157358b27e5a0319de1bb723df3f760ca2d?s=96&d=mm&r=g","contentUrl":"https:\/\/secure.gravatar.com\/avatar\/52550bc594eb074508114b963209b157358b27e5a0319de1bb723df3f760ca2d?s=96&d=mm&r=g","caption":"Gueweb"},"sameAs":["https:\/\/www.cycles-blain.com\/\/fr"],"url":"https:\/\/www.cycles-blain.com\/fr\/author\/gueweb\/"}]}},"_links":{"self":[{"href":"https:\/\/www.cycles-blain.com\/fr\/wp-json\/wp\/v2\/posts\/16311","targetHints":{"allow":["GET"]}}],"collection":[{"href":"https:\/\/www.cycles-blain.com\/fr\/wp-json\/wp\/v2\/posts"}],"about":[{"href":"https:\/\/www.cycles-blain.com\/fr\/wp-json\/wp\/v2\/types\/post"}],"author":[{"embeddable":true,"href":"https:\/\/www.cycles-blain.com\/fr\/wp-json\/wp\/v2\/users\/1"}],"replies":[{"embeddable":true,"href":"https:\/\/www.cycles-blain.com\/fr\/wp-json\/wp\/v2\/comments?post=16311"}],"version-history":[{"count":52,"href":"https:\/\/www.cycles-blain.com\/fr\/wp-json\/wp\/v2\/posts\/16311\/revisions"}],"predecessor-version":[{"id":16370,"href":"https:\/\/www.cycles-blain.com\/fr\/wp-json\/wp\/v2\/posts\/16311\/revisions\/16370"}],"wp:featuredmedia":[{"embeddable":true,"href":"https:\/\/www.cycles-blain.com\/fr\/wp-json\/wp\/v2\/media\/16313"}],"wp:attachment":[{"href":"https:\/\/www.cycles-blain.com\/fr\/wp-json\/wp\/v2\/media?parent=16311"}],"wp:term":[{"taxonomy":"category","embeddable":true,"href":"https:\/\/www.cycles-blain.com\/fr\/wp-json\/wp\/v2\/categories?post=16311"},{"taxonomy":"post_tag","embeddable":true,"href":"https:\/\/www.cycles-blain.com\/fr\/wp-json\/wp\/v2\/tags?post=16311"}],"curies":[{"name":"wp","href":"https:\/\/api.w.org\/{rel}","templated":true}]}}