{"id":16886,"date":"2025-09-10T15:56:59","date_gmt":"2025-09-10T13:56:59","guid":{"rendered":"https:\/\/www.cycles-blain.com\/fr\/?p=16886"},"modified":"2026-02-06T17:30:59","modified_gmt":"2026-02-06T16:30:59","slug":"aide-achat-cargo-electrique-relancee-sept25","status":"publish","type":"post","link":"https:\/\/www.cycles-blain.com\/fr\/velo\/velo-cargo\/aide-achat-cargo-electrique-relancee-sept25\/","title":{"rendered":"L&rsquo;Aide \u00e0 l&rsquo;achat des v\u00e9los cargo \u00e9lectriques neufs relanc\u00e9e"},"content":{"rendered":"\t\t<div data-elementor-type=\"wp-post\" data-elementor-id=\"16886\" class=\"elementor elementor-16886\" data-elementor-post-type=\"post\">\n\t\t\t\t<div class=\"elementor-element elementor-element-18fdea8 e-flex e-con-boxed e-con e-parent\" data-id=\"18fdea8\" data-element_type=\"container\" data-e-type=\"container\">\n\t\t\t\t\t<div class=\"e-con-inner\">\n\t\t\t\t<div class=\"elementor-element elementor-element-548bb89 elementor-widget elementor-widget-text-editor\" data-id=\"548bb89\" data-element_type=\"widget\" data-e-type=\"widget\" data-widget_type=\"text-editor.default\">\n\t\t\t\t<div class=\"elementor-widget-container\">\n\t\t\t\t\t\t\t\t\t<p><i>Depuis le 1er Septembre 2025, l&rsquo;aide \u00e0 l&rsquo;achat pour les entreprises d&rsquo;un v\u00e9lo \u00e9lectrique cargo neuf est relanc\u00e9e par l&rsquo;Etat&#8230;On vous explique comment en profiter (Informations et dates pouvant changer)<\/i><\/p>\t\t\t\t\t\t\t\t<\/div>\n\t\t\t\t<\/div>\n\t\t\t\t\t<\/div>\n\t\t\t\t<\/div>\n\t\t<div class=\"elementor-element elementor-element-82772aa e-flex e-con-boxed e-con e-parent\" data-id=\"82772aa\" data-element_type=\"container\" data-e-type=\"container\">\n\t\t\t\t\t<div class=\"e-con-inner\">\n\t\t\t\t<div class=\"elementor-element elementor-element-bc2d0c4 elementor-widget elementor-widget-heading\" data-id=\"bc2d0c4\" data-element_type=\"widget\" data-e-type=\"widget\" data-widget_type=\"heading.default\">\n\t\t\t\t<div class=\"elementor-widget-container\">\n\t\t\t\t\t<h3 class=\"elementor-heading-title elementor-size-default\">Les v\u00e9los cargos concern\u00e9s<\/h3>\t\t\t\t<\/div>\n\t\t\t\t<\/div>\n\t\t\t\t\t<\/div>\n\t\t\t\t<\/div>\n\t\t<div class=\"elementor-element elementor-element-542af99 e-flex e-con-boxed e-con e-parent\" data-id=\"542af99\" data-element_type=\"container\" data-e-type=\"container\">\n\t\t\t\t\t<div class=\"e-con-inner\">\n\t\t\t\t<div class=\"elementor-element elementor-element-a50ca73 elementor-widget elementor-widget-text-editor\" data-id=\"a50ca73\" data-element_type=\"widget\" data-e-type=\"widget\" data-widget_type=\"text-editor.default\">\n\t\t\t\t<div class=\"elementor-widget-container\">\n\t\t\t\t\t\t\t\t\t<p>Pour b\u00e9n\u00e9ficier d&rsquo;une aide \u00e0 l&rsquo;achat sur un v\u00e9lo cargo, le v\u00e9lo concern\u00e9 doit respecter plusieurs r\u00e8gles :<\/p><ol><li>Le v\u00e9lo cargo doit \u00eatre <b>neuf<\/b>,<\/li><li>Le v\u00e9lo cargo doit \u00eatre <b>\u00e9lectrique avec une batterie d&rsquo;au moins 400 Wh.<\/b><\/li><li>Le v\u00e9lo cargo doit \u00eatre <b>enregistr\u00e9 dans le fichier FNUCI<\/b> (Fichier national unique utilis\u00e9 lors du marquage obligatoire de votre v\u00e9lo lors de son achat dans un magasin comme CYCLES BLAIN)<\/li><li>Le v\u00e9lo cargo <b>doit r\u00e9pondre aux normes<\/b> EN 151194 et au moins \u00e0 une des normes suivantes : NF R30-050, DIN 79010 ou EN 17860<\/li><li><b>Si c&rsquo;est une location longue dur\u00e9e (LLD), le contrat doit durer 24 mois minimum.<\/b><\/li><\/ol>\t\t\t\t\t\t\t\t<\/div>\n\t\t\t\t<\/div>\n\t\t\t\t<div class=\"elementor-element elementor-element-f32cbb7 elementor-align-center elementor-widget elementor-widget-button\" data-id=\"f32cbb7\" data-element_type=\"widget\" data-e-type=\"widget\" data-widget_type=\"button.default\">\n\t\t\t\t<div class=\"elementor-widget-container\">\n\t\t\t\t\t\t\t\t\t<div class=\"elementor-button-wrapper\">\n\t\t\t\t\t<a class=\"elementor-button elementor-button-link elementor-size-sm\" href=\"https:\/\/www.cycles-blain.com\/content\/98-guide-des-meilleurs-cargos-longtails\" target=\"_blank\">\n\t\t\t\t\t\t<span class=\"elementor-button-content-wrapper\">\n\t\t\t\t\t\t\t\t\t<span class=\"elementor-button-text\">Guide des Meilleurs Cargos et Longtails<\/span>\n\t\t\t\t\t<\/span>\n\t\t\t\t\t<\/a>\n\t\t\t\t<\/div>\n\t\t\t\t\t\t\t\t<\/div>\n\t\t\t\t<\/div>\n\t\t\t\t\t<\/div>\n\t\t\t\t<\/div>\n\t\t<div class=\"elementor-element elementor-element-d5c4837 e-flex e-con-boxed e-con e-parent\" data-id=\"d5c4837\" data-element_type=\"container\" data-e-type=\"container\">\n\t\t\t\t\t<div class=\"e-con-inner\">\n\t\t\t\t<div class=\"elementor-element elementor-element-41270df elementor-widget elementor-widget-heading\" data-id=\"41270df\" data-element_type=\"widget\" data-e-type=\"widget\" data-widget_type=\"heading.default\">\n\t\t\t\t<div class=\"elementor-widget-container\">\n\t\t\t\t\t<h3 class=\"elementor-heading-title elementor-size-default\">A qui s'adresse l'aide de l'Etat ?<\/h3>\t\t\t\t<\/div>\n\t\t\t\t<\/div>\n\t\t\t\t\t<\/div>\n\t\t\t\t<\/div>\n\t\t<div class=\"elementor-element elementor-element-f102427 e-flex e-con-boxed e-con e-parent\" data-id=\"f102427\" data-element_type=\"container\" data-e-type=\"container\">\n\t\t\t\t\t<div class=\"e-con-inner\">\n\t\t\t\t<div class=\"elementor-element elementor-element-18979ad elementor-widget elementor-widget-text-editor\" data-id=\"18979ad\" data-element_type=\"widget\" data-e-type=\"widget\" data-widget_type=\"text-editor.default\">\n\t\t\t\t<div class=\"elementor-widget-container\">\n\t\t\t\t\t\t\t\t\t<p>Cette aide de l&rsquo;Etat pour l&rsquo;achat d&rsquo;un v\u00e9lo cargo s&rsquo;adresse \u00e0 toutes les entreprises aux conditions suivantes :<\/p>\n<ol>\n<li>L&rsquo;entreprise doit avoir un <b>num\u00e9ro SIREN actif depuis au moins 3 mois<\/b>.<\/li>\n<li>Il peut s&rsquo;agir de <b>toutes types d&rsquo;entreprises, associations ou administrations publiques<\/b><\/li>\n<li><b>Le nombre de v\u00e9los financ\u00e9s est limit\u00e9 \u00e0 l&rsquo;effectif salari\u00e9 d\u00e9clar\u00e9 ou \u00e0 15 cargos maximums pour les associations ou le secteur public.<\/b><\/li>\n<\/ol>\t\t\t\t\t\t\t\t<\/div>\n\t\t\t\t<\/div>\n\t\t\t\t\t<\/div>\n\t\t\t\t<\/div>\n\t\t<div class=\"elementor-element elementor-element-28997d0 e-flex e-con-boxed e-con e-parent\" data-id=\"28997d0\" data-element_type=\"container\" data-e-type=\"container\">\n\t\t\t\t\t<div class=\"e-con-inner\">\n\t\t\t\t<div class=\"elementor-element elementor-element-951c774 elementor-widget elementor-widget-heading\" data-id=\"951c774\" data-element_type=\"widget\" data-e-type=\"widget\" data-widget_type=\"heading.default\">\n\t\t\t\t<div class=\"elementor-widget-container\">\n\t\t\t\t\t<h3 class=\"elementor-heading-title elementor-size-default\">Quel est le montant de l'aide financi\u00e8re ?<\/h3>\t\t\t\t<\/div>\n\t\t\t\t<\/div>\n\t\t\t\t<div class=\"elementor-element elementor-element-cb9abbc elementor-widget elementor-widget-text-editor\" data-id=\"cb9abbc\" data-element_type=\"widget\" data-e-type=\"widget\" data-widget_type=\"text-editor.default\">\n\t\t\t\t<div class=\"elementor-widget-container\">\n\t\t\t\t\t\t\t\t\t<p>Il ne s&rsquo;agit pas d&rsquo;une remise lors de l&rsquo;achat ou d&rsquo;un remboursement directe de l&rsquo;Etat, mais d&rsquo;un syst\u00e8me de revente des KW \u00e0 un op\u00e9rateur agr\u00e9\u00e9 (fournisseur d&rsquo;\u00e9nergie&#8230;) : <b>le dispositif de certificats d&rsquo;Economies d&rsquo;Energie<\/b> (CEE)<br \/>(<a href=\"https:\/\/www.service-public.fr\/particuliers\/vosdroits\/F35584\" target=\"_blank\" rel=\"noopener\">En savoir plus sur les CEE<\/a>)<\/p><ul><li>\u00a01 v\u00e9lo cargo donne droit \u00e0 83 000 Kwh cumul\u00e9 et actualis\u00e9.<\/li><\/ul><div><p>En fonction du prix du march\u00e9,\u00a0 le prix du MWh Cumac \u00e9volue (8,33\u20ac en Ao\u00fbt 2025), soit un montant de <b>600\u20ac<\/b> environ par v\u00e9lo cargo. Cette aide \u00e9tant cumulable avec n&rsquo;importe quelle remise en magasins ou autres aides locales.<\/p><p>Pour en b\u00e9n\u00e9ficier, il faut remplir un dossier et la\u00a0<a style=\"background-color: #ffffff; font-size: 1rem;\" href=\"https:\/\/www.ecologie.gouv.fr\/sites\/default\/files\/documents\/TRA-EQ-131%20vA73-2%20%C3%A0%20compter%20du%2023-08-2025.pdf\" target=\"_blank\" rel=\"noopener\"><b>fiche CEE TRA-EQ-131<\/b><\/a><\/p><\/div>\t\t\t\t\t\t\t\t<\/div>\n\t\t\t\t<\/div>\n\t\t\t\t\t<\/div>\n\t\t\t\t<\/div>\n\t\t<div class=\"elementor-element elementor-element-c74380a e-flex e-con-boxed e-con e-parent\" data-id=\"c74380a\" data-element_type=\"container\" data-e-type=\"container\">\n\t\t\t\t\t<div class=\"e-con-inner\">\n\t\t\t\t<div class=\"elementor-element elementor-element-1d15c3e elementor-align-center elementor-widget elementor-widget-button\" data-id=\"1d15c3e\" data-element_type=\"widget\" data-e-type=\"widget\" data-widget_type=\"button.default\">\n\t\t\t\t<div class=\"elementor-widget-container\">\n\t\t\t\t\t\t\t\t\t<div class=\"elementor-button-wrapper\">\n\t\t\t\t\t<a class=\"elementor-button elementor-button-link elementor-size-sm\" href=\"https:\/\/www.cyclesblain-entreprises.com\/contacts-cyclesblain-entreprises\/\" target=\"_blank\">\n\t\t\t\t\t\t<span class=\"elementor-button-content-wrapper\">\n\t\t\t\t\t\t\t\t\t<span class=\"elementor-button-text\">Je contacte un conseiller ENTREPRISES<\/span>\n\t\t\t\t\t<\/span>\n\t\t\t\t\t<\/a>\n\t\t\t\t<\/div>\n\t\t\t\t\t\t\t\t<\/div>\n\t\t\t\t<\/div>\n\t\t\t\t\t<\/div>\n\t\t\t\t<\/div>\n\t\t\t\t<\/div>\n\t\t","protected":false},"excerpt":{"rendered":"<p>Depuis le 1er Septembre 2025, l&rsquo;aide \u00e0 l&rsquo;achat d&rsquo;un v\u00e9lo \u00e9lectrique cargo neuf est relanc\u00e9e par l&rsquo;Etat&#8230;On vous explique comment en profiter<\/p>\n","protected":false},"author":1,"featured_media":13867,"comment_status":"open","ping_status":"open","sticky":false,"template":"","format":"standard","meta":{"site-sidebar-layout":"default","site-content-layout":"","ast-site-content-layout":"default","site-content-style":"default","site-sidebar-style":"default","ast-global-header-display":"","ast-banner-title-visibility":"","ast-main-header-display":"","ast-hfb-above-header-display":"","ast-hfb-below-header-display":"","ast-hfb-mobile-header-display":"","site-post-title":"","ast-breadcrumbs-content":"","ast-featured-img":"","footer-sml-layout":"","theme-transparent-header-meta":"","adv-header-id-meta":"","stick-header-meta":"","header-above-stick-meta":"","header-main-stick-meta":"","header-below-stick-meta":"","astra-migrate-meta-layouts":"set","ast-page-background-enabled":"default","ast-page-background-meta":{"desktop":{"background-color":"","background-image":"","background-repeat":"repeat","background-position":"center center","background-size":"auto","background-attachment":"scroll","background-type":"","background-media":"","overlay-type":"","overlay-color":"","overlay-gradient":""},"tablet":{"background-color":"","background-image":"","background-repeat":"repeat","background-position":"center center","background-size":"auto","background-attachment":"scroll","background-type":"","background-media":"","overlay-type":"","overlay-color":"","overlay-gradient":""},"mobile":{"background-color":"","background-image":"","background-repeat":"repeat","background-position":"center center","background-size":"auto","background-attachment":"scroll","background-type":"","background-media":"","overlay-type":"","overlay-color":"","overlay-gradient":""}},"ast-content-background-meta":{"desktop":{"background-color":"var(--ast-global-color-5)","background-image":"","background-repeat":"repeat","background-position":"center center","background-size":"auto","background-attachment":"scroll","background-type":"","background-media":"","overlay-type":"","overlay-color":"","overlay-gradient":""},"tablet":{"background-color":"var(--ast-global-color-5)","background-image":"","background-repeat":"repeat","background-position":"center center","background-size":"auto","background-attachment":"scroll","background-type":"","background-media":"","overlay-type":"","overlay-color":"","overlay-gradient":""},"mobile":{"background-color":"var(--ast-global-color-5)","background-image":"","background-repeat":"repeat","background-position":"center center","background-size":"auto","background-attachment":"scroll","background-type":"","background-media":"","overlay-type":"","overlay-color":"","overlay-gradient":""}},"footnotes":""},"categories":[57,9],"tags":[131,150],"class_list":["post-16886","post","type-post","status-publish","format-standard","has-post-thumbnail","hentry","category-velo-cargo","category-conseils-velo","tag-aide-a-lachat","tag-cargo"],"yoast_head":"<!-- This site is optimized with the Yoast SEO plugin v27.5 - https:\/\/yoast.com\/product\/yoast-seo-wordpress\/ -->\n<title>L&#039;Aide \u00e0 l&#039;achat des v\u00e9los cargo \u00e9lectriques neufs relanc\u00e9e<\/title>\n<meta name=\"description\" content=\"Depuis le 1er Septembre 2025, l&#039;aide \u00e0 l&#039;achat d&#039;un v\u00e9lo \u00e9lectrique cargo neuf est relanc\u00e9e par l&#039;Etat...On vous explique comment en profiter\" \/>\n<meta name=\"robots\" content=\"index, follow, max-snippet:-1, max-image-preview:large, max-video-preview:-1\" \/>\n<link rel=\"canonical\" href=\"https:\/\/www.cycles-blain.com\/fr\/conseils-velo\/aide-achat-cargo-electrique-relancee-sept25\/\" \/>\n<meta property=\"og:locale\" content=\"fr_FR\" \/>\n<meta property=\"og:type\" content=\"article\" \/>\n<meta property=\"og:title\" content=\"L&#039;Aide \u00e0 l&#039;achat des v\u00e9los cargo \u00e9lectriques neufs relanc\u00e9e\" \/>\n<meta property=\"og:description\" content=\"Depuis le 1er Septembre 2025, l&#039;aide \u00e0 l&#039;achat d&#039;un v\u00e9lo \u00e9lectrique cargo neuf est relanc\u00e9e par l&#039;Etat...On vous explique comment en profiter\" \/>\n<meta property=\"og:url\" content=\"https:\/\/www.cycles-blain.com\/fr\/conseils-velo\/aide-achat-cargo-electrique-relancee-sept25\/\" \/>\n<meta property=\"og:site_name\" content=\"CyclesBlain - Magasins de v\u00e9los, accessoires et ateliers\" \/>\n<meta property=\"article:publisher\" content=\"https:\/\/www.facebook.com\/cyclesblain\/?locale=fr_FR\" \/>\n<meta property=\"article:published_time\" content=\"2025-09-10T13:56:59+00:00\" \/>\n<meta property=\"article:modified_time\" content=\"2026-02-06T16:30:59+00:00\" \/>\n<meta property=\"og:image\" content=\"https:\/\/www.cycles-blain.com\/fr\/wp-content\/uploads\/2025\/04\/bj-9471-hd-1900x1267-1.webp\" \/>\n\t<meta property=\"og:image:width\" content=\"600\" \/>\n\t<meta property=\"og:image:height\" content=\"400\" \/>\n\t<meta property=\"og:image:type\" content=\"image\/webp\" \/>\n<meta name=\"author\" content=\"Gueweb\" \/>\n<meta name=\"twitter:card\" content=\"summary_large_image\" \/>\n<meta name=\"twitter:label1\" content=\"\u00c9crit par\" \/>\n\t<meta name=\"twitter:data1\" content=\"Gueweb\" \/>\n\t<meta name=\"twitter:label2\" content=\"Dur\u00e9e de lecture estim\u00e9e\" \/>\n\t<meta name=\"twitter:data2\" content=\"2 minutes\" \/>\n<script type=\"application\/ld+json\" class=\"yoast-schema-graph\">{\"@context\":\"https:\\\/\\\/schema.org\",\"@graph\":[{\"@type\":\"Article\",\"@id\":\"https:\\\/\\\/www.cycles-blain.com\\\/fr\\\/conseils-velo\\\/aide-achat-cargo-electrique-relancee-sept25\\\/#article\",\"isPartOf\":{\"@id\":\"https:\\\/\\\/www.cycles-blain.com\\\/fr\\\/conseils-velo\\\/aide-achat-cargo-electrique-relancee-sept25\\\/\"},\"author\":{\"name\":\"Gueweb\",\"@id\":\"https:\\\/\\\/www.cycles-blain.com\\\/fr\\\/#\\\/schema\\\/person\\\/6fb8bad852fde893fb61b7b05936af37\"},\"headline\":\"L&rsquo;Aide \u00e0 l&rsquo;achat des v\u00e9los cargo \u00e9lectriques neufs relanc\u00e9e\",\"datePublished\":\"2025-09-10T13:56:59+00:00\",\"dateModified\":\"2026-02-06T16:30:59+00:00\",\"mainEntityOfPage\":{\"@id\":\"https:\\\/\\\/www.cycles-blain.com\\\/fr\\\/conseils-velo\\\/aide-achat-cargo-electrique-relancee-sept25\\\/\"},\"wordCount\":382,\"commentCount\":0,\"publisher\":{\"@id\":\"https:\\\/\\\/www.cycles-blain.com\\\/fr\\\/#organization\"},\"image\":{\"@id\":\"https:\\\/\\\/www.cycles-blain.com\\\/fr\\\/conseils-velo\\\/aide-achat-cargo-electrique-relancee-sept25\\\/#primaryimage\"},\"thumbnailUrl\":\"https:\\\/\\\/www.cycles-blain.com\\\/fr\\\/wp-content\\\/uploads\\\/2025\\\/04\\\/bj-9471-hd-1900x1267-1.webp\",\"keywords\":[\"aide \u00e0 l'achat\",\"cargo\"],\"articleSection\":[\"Cargo\",\"Conseils-Pratique\"],\"inLanguage\":\"fr-FR\",\"potentialAction\":[{\"@type\":\"CommentAction\",\"name\":\"Comment\",\"target\":[\"https:\\\/\\\/www.cycles-blain.com\\\/fr\\\/conseils-velo\\\/aide-achat-cargo-electrique-relancee-sept25\\\/#respond\"]}]},{\"@type\":\"WebPage\",\"@id\":\"https:\\\/\\\/www.cycles-blain.com\\\/fr\\\/conseils-velo\\\/aide-achat-cargo-electrique-relancee-sept25\\\/\",\"url\":\"https:\\\/\\\/www.cycles-blain.com\\\/fr\\\/conseils-velo\\\/aide-achat-cargo-electrique-relancee-sept25\\\/\",\"name\":\"L'Aide \u00e0 l'achat des v\u00e9los cargo \u00e9lectriques neufs relanc\u00e9e\",\"isPartOf\":{\"@id\":\"https:\\\/\\\/www.cycles-blain.com\\\/fr\\\/#website\"},\"primaryImageOfPage\":{\"@id\":\"https:\\\/\\\/www.cycles-blain.com\\\/fr\\\/conseils-velo\\\/aide-achat-cargo-electrique-relancee-sept25\\\/#primaryimage\"},\"image\":{\"@id\":\"https:\\\/\\\/www.cycles-blain.com\\\/fr\\\/conseils-velo\\\/aide-achat-cargo-electrique-relancee-sept25\\\/#primaryimage\"},\"thumbnailUrl\":\"https:\\\/\\\/www.cycles-blain.com\\\/fr\\\/wp-content\\\/uploads\\\/2025\\\/04\\\/bj-9471-hd-1900x1267-1.webp\",\"datePublished\":\"2025-09-10T13:56:59+00:00\",\"dateModified\":\"2026-02-06T16:30:59+00:00\",\"description\":\"Depuis le 1er Septembre 2025, l'aide \u00e0 l'achat d'un v\u00e9lo \u00e9lectrique cargo neuf est relanc\u00e9e par l'Etat...On vous explique comment en profiter\",\"breadcrumb\":{\"@id\":\"https:\\\/\\\/www.cycles-blain.com\\\/fr\\\/conseils-velo\\\/aide-achat-cargo-electrique-relancee-sept25\\\/#breadcrumb\"},\"inLanguage\":\"fr-FR\",\"potentialAction\":[{\"@type\":\"ReadAction\",\"target\":[\"https:\\\/\\\/www.cycles-blain.com\\\/fr\\\/conseils-velo\\\/aide-achat-cargo-electrique-relancee-sept25\\\/\"]}]},{\"@type\":\"ImageObject\",\"inLanguage\":\"fr-FR\",\"@id\":\"https:\\\/\\\/www.cycles-blain.com\\\/fr\\\/conseils-velo\\\/aide-achat-cargo-electrique-relancee-sept25\\\/#primaryimage\",\"url\":\"https:\\\/\\\/www.cycles-blain.com\\\/fr\\\/wp-content\\\/uploads\\\/2025\\\/04\\\/bj-9471-hd-1900x1267-1.webp\",\"contentUrl\":\"https:\\\/\\\/www.cycles-blain.com\\\/fr\\\/wp-content\\\/uploads\\\/2025\\\/04\\\/bj-9471-hd-1900x1267-1.webp\",\"width\":600,\"height\":400,\"caption\":\"Moustache Cargo Lundi 20 Longtail 2025\"},{\"@type\":\"BreadcrumbList\",\"@id\":\"https:\\\/\\\/www.cycles-blain.com\\\/fr\\\/conseils-velo\\\/aide-achat-cargo-electrique-relancee-sept25\\\/#breadcrumb\",\"itemListElement\":[{\"@type\":\"ListItem\",\"position\":1,\"name\":\"Accueil\",\"item\":\"https:\\\/\\\/www.cycles-blain.com\\\/fr\\\/\"},{\"@type\":\"ListItem\",\"position\":2,\"name\":\"L&rsquo;Aide \u00e0 l&rsquo;achat des v\u00e9los cargo \u00e9lectriques neufs relanc\u00e9e\"}]},{\"@type\":\"WebSite\",\"@id\":\"https:\\\/\\\/www.cycles-blain.com\\\/fr\\\/#website\",\"url\":\"https:\\\/\\\/www.cycles-blain.com\\\/fr\\\/\",\"name\":\"CyclesBlain - Magasins de v\u00e9los, accessoires et ateliers\",\"description\":\"Blog Cycles Blain\",\"publisher\":{\"@id\":\"https:\\\/\\\/www.cycles-blain.com\\\/fr\\\/#organization\"},\"potentialAction\":[{\"@type\":\"SearchAction\",\"target\":{\"@type\":\"EntryPoint\",\"urlTemplate\":\"https:\\\/\\\/www.cycles-blain.com\\\/fr\\\/?s={search_term_string}\"},\"query-input\":{\"@type\":\"PropertyValueSpecification\",\"valueRequired\":true,\"valueName\":\"search_term_string\"}}],\"inLanguage\":\"fr-FR\"},{\"@type\":\"Organization\",\"@id\":\"https:\\\/\\\/www.cycles-blain.com\\\/fr\\\/#organization\",\"name\":\"CyclesBlain - Magasins de v\u00e9los, accessoires et ateliers\",\"url\":\"https:\\\/\\\/www.cycles-blain.com\\\/fr\\\/\",\"logo\":{\"@type\":\"ImageObject\",\"inLanguage\":\"fr-FR\",\"@id\":\"https:\\\/\\\/www.cycles-blain.com\\\/fr\\\/#\\\/schema\\\/logo\\\/image\\\/\",\"url\":\"https:\\\/\\\/www.cycles-blain.com\\\/fr\\\/wp-content\\\/uploads\\\/2023\\\/10\\\/logo-cycles-blain.jpeg\",\"contentUrl\":\"https:\\\/\\\/www.cycles-blain.com\\\/fr\\\/wp-content\\\/uploads\\\/2023\\\/10\\\/logo-cycles-blain.jpeg\",\"width\":264,\"height\":191,\"caption\":\"CyclesBlain - Magasins de v\u00e9los, accessoires et ateliers\"},\"image\":{\"@id\":\"https:\\\/\\\/www.cycles-blain.com\\\/fr\\\/#\\\/schema\\\/logo\\\/image\\\/\"},\"sameAs\":[\"https:\\\/\\\/www.facebook.com\\\/cyclesblain\\\/?locale=fr_FR\",\"https:\\\/\\\/www.instagram.com\\\/cycles_blain\\\/?hl=fr\"]},{\"@type\":\"Person\",\"@id\":\"https:\\\/\\\/www.cycles-blain.com\\\/fr\\\/#\\\/schema\\\/person\\\/6fb8bad852fde893fb61b7b05936af37\",\"name\":\"Gueweb\",\"image\":{\"@type\":\"ImageObject\",\"inLanguage\":\"fr-FR\",\"@id\":\"https:\\\/\\\/secure.gravatar.com\\\/avatar\\\/52550bc594eb074508114b963209b157358b27e5a0319de1bb723df3f760ca2d?s=96&d=mm&r=g\",\"url\":\"https:\\\/\\\/secure.gravatar.com\\\/avatar\\\/52550bc594eb074508114b963209b157358b27e5a0319de1bb723df3f760ca2d?s=96&d=mm&r=g\",\"contentUrl\":\"https:\\\/\\\/secure.gravatar.com\\\/avatar\\\/52550bc594eb074508114b963209b157358b27e5a0319de1bb723df3f760ca2d?s=96&d=mm&r=g\",\"caption\":\"Gueweb\"},\"sameAs\":[\"https:\\\/\\\/www.cycles-blain.com\\\/\\\/fr\"],\"url\":\"https:\\\/\\\/www.cycles-blain.com\\\/fr\\\/author\\\/gueweb\\\/\"}]}<\/script>\n<!-- \/ Yoast SEO plugin. -->","yoast_head_json":{"title":"L'Aide \u00e0 l'achat des v\u00e9los cargo \u00e9lectriques neufs relanc\u00e9e","description":"Depuis le 1er Septembre 2025, l'aide \u00e0 l'achat d'un v\u00e9lo \u00e9lectrique cargo neuf est relanc\u00e9e par l'Etat...On vous explique comment en profiter","robots":{"index":"index","follow":"follow","max-snippet":"max-snippet:-1","max-image-preview":"max-image-preview:large","max-video-preview":"max-video-preview:-1"},"canonical":"https:\/\/www.cycles-blain.com\/fr\/conseils-velo\/aide-achat-cargo-electrique-relancee-sept25\/","og_locale":"fr_FR","og_type":"article","og_title":"L'Aide \u00e0 l'achat des v\u00e9los cargo \u00e9lectriques neufs relanc\u00e9e","og_description":"Depuis le 1er Septembre 2025, l'aide \u00e0 l'achat d'un v\u00e9lo \u00e9lectrique cargo neuf est relanc\u00e9e par l'Etat...On vous explique comment en profiter","og_url":"https:\/\/www.cycles-blain.com\/fr\/conseils-velo\/aide-achat-cargo-electrique-relancee-sept25\/","og_site_name":"CyclesBlain - Magasins de v\u00e9los, accessoires et ateliers","article_publisher":"https:\/\/www.facebook.com\/cyclesblain\/?locale=fr_FR","article_published_time":"2025-09-10T13:56:59+00:00","article_modified_time":"2026-02-06T16:30:59+00:00","og_image":[{"width":600,"height":400,"url":"https:\/\/www.cycles-blain.com\/fr\/wp-content\/uploads\/2025\/04\/bj-9471-hd-1900x1267-1.webp","type":"image\/webp"}],"author":"Gueweb","twitter_card":"summary_large_image","twitter_misc":{"\u00c9crit par":"Gueweb","Dur\u00e9e de lecture estim\u00e9e":"2 minutes"},"schema":{"@context":"https:\/\/schema.org","@graph":[{"@type":"Article","@id":"https:\/\/www.cycles-blain.com\/fr\/conseils-velo\/aide-achat-cargo-electrique-relancee-sept25\/#article","isPartOf":{"@id":"https:\/\/www.cycles-blain.com\/fr\/conseils-velo\/aide-achat-cargo-electrique-relancee-sept25\/"},"author":{"name":"Gueweb","@id":"https:\/\/www.cycles-blain.com\/fr\/#\/schema\/person\/6fb8bad852fde893fb61b7b05936af37"},"headline":"L&rsquo;Aide \u00e0 l&rsquo;achat des v\u00e9los cargo \u00e9lectriques neufs relanc\u00e9e","datePublished":"2025-09-10T13:56:59+00:00","dateModified":"2026-02-06T16:30:59+00:00","mainEntityOfPage":{"@id":"https:\/\/www.cycles-blain.com\/fr\/conseils-velo\/aide-achat-cargo-electrique-relancee-sept25\/"},"wordCount":382,"commentCount":0,"publisher":{"@id":"https:\/\/www.cycles-blain.com\/fr\/#organization"},"image":{"@id":"https:\/\/www.cycles-blain.com\/fr\/conseils-velo\/aide-achat-cargo-electrique-relancee-sept25\/#primaryimage"},"thumbnailUrl":"https:\/\/www.cycles-blain.com\/fr\/wp-content\/uploads\/2025\/04\/bj-9471-hd-1900x1267-1.webp","keywords":["aide \u00e0 l'achat","cargo"],"articleSection":["Cargo","Conseils-Pratique"],"inLanguage":"fr-FR","potentialAction":[{"@type":"CommentAction","name":"Comment","target":["https:\/\/www.cycles-blain.com\/fr\/conseils-velo\/aide-achat-cargo-electrique-relancee-sept25\/#respond"]}]},{"@type":"WebPage","@id":"https:\/\/www.cycles-blain.com\/fr\/conseils-velo\/aide-achat-cargo-electrique-relancee-sept25\/","url":"https:\/\/www.cycles-blain.com\/fr\/conseils-velo\/aide-achat-cargo-electrique-relancee-sept25\/","name":"L'Aide \u00e0 l'achat des v\u00e9los cargo \u00e9lectriques neufs relanc\u00e9e","isPartOf":{"@id":"https:\/\/www.cycles-blain.com\/fr\/#website"},"primaryImageOfPage":{"@id":"https:\/\/www.cycles-blain.com\/fr\/conseils-velo\/aide-achat-cargo-electrique-relancee-sept25\/#primaryimage"},"image":{"@id":"https:\/\/www.cycles-blain.com\/fr\/conseils-velo\/aide-achat-cargo-electrique-relancee-sept25\/#primaryimage"},"thumbnailUrl":"https:\/\/www.cycles-blain.com\/fr\/wp-content\/uploads\/2025\/04\/bj-9471-hd-1900x1267-1.webp","datePublished":"2025-09-10T13:56:59+00:00","dateModified":"2026-02-06T16:30:59+00:00","description":"Depuis le 1er Septembre 2025, l'aide \u00e0 l'achat d'un v\u00e9lo \u00e9lectrique cargo neuf est relanc\u00e9e par l'Etat...On vous explique comment en profiter","breadcrumb":{"@id":"https:\/\/www.cycles-blain.com\/fr\/conseils-velo\/aide-achat-cargo-electrique-relancee-sept25\/#breadcrumb"},"inLanguage":"fr-FR","potentialAction":[{"@type":"ReadAction","target":["https:\/\/www.cycles-blain.com\/fr\/conseils-velo\/aide-achat-cargo-electrique-relancee-sept25\/"]}]},{"@type":"ImageObject","inLanguage":"fr-FR","@id":"https:\/\/www.cycles-blain.com\/fr\/conseils-velo\/aide-achat-cargo-electrique-relancee-sept25\/#primaryimage","url":"https:\/\/www.cycles-blain.com\/fr\/wp-content\/uploads\/2025\/04\/bj-9471-hd-1900x1267-1.webp","contentUrl":"https:\/\/www.cycles-blain.com\/fr\/wp-content\/uploads\/2025\/04\/bj-9471-hd-1900x1267-1.webp","width":600,"height":400,"caption":"Moustache Cargo Lundi 20 Longtail 2025"},{"@type":"BreadcrumbList","@id":"https:\/\/www.cycles-blain.com\/fr\/conseils-velo\/aide-achat-cargo-electrique-relancee-sept25\/#breadcrumb","itemListElement":[{"@type":"ListItem","position":1,"name":"Accueil","item":"https:\/\/www.cycles-blain.com\/fr\/"},{"@type":"ListItem","position":2,"name":"L&rsquo;Aide \u00e0 l&rsquo;achat des v\u00e9los cargo \u00e9lectriques neufs relanc\u00e9e"}]},{"@type":"WebSite","@id":"https:\/\/www.cycles-blain.com\/fr\/#website","url":"https:\/\/www.cycles-blain.com\/fr\/","name":"CyclesBlain - Magasins de v\u00e9los, accessoires et ateliers","description":"Blog Cycles Blain","publisher":{"@id":"https:\/\/www.cycles-blain.com\/fr\/#organization"},"potentialAction":[{"@type":"SearchAction","target":{"@type":"EntryPoint","urlTemplate":"https:\/\/www.cycles-blain.com\/fr\/?s={search_term_string}"},"query-input":{"@type":"PropertyValueSpecification","valueRequired":true,"valueName":"search_term_string"}}],"inLanguage":"fr-FR"},{"@type":"Organization","@id":"https:\/\/www.cycles-blain.com\/fr\/#organization","name":"CyclesBlain - Magasins de v\u00e9los, accessoires et ateliers","url":"https:\/\/www.cycles-blain.com\/fr\/","logo":{"@type":"ImageObject","inLanguage":"fr-FR","@id":"https:\/\/www.cycles-blain.com\/fr\/#\/schema\/logo\/image\/","url":"https:\/\/www.cycles-blain.com\/fr\/wp-content\/uploads\/2023\/10\/logo-cycles-blain.jpeg","contentUrl":"https:\/\/www.cycles-blain.com\/fr\/wp-content\/uploads\/2023\/10\/logo-cycles-blain.jpeg","width":264,"height":191,"caption":"CyclesBlain - Magasins de v\u00e9los, accessoires et ateliers"},"image":{"@id":"https:\/\/www.cycles-blain.com\/fr\/#\/schema\/logo\/image\/"},"sameAs":["https:\/\/www.facebook.com\/cyclesblain\/?locale=fr_FR","https:\/\/www.instagram.com\/cycles_blain\/?hl=fr"]},{"@type":"Person","@id":"https:\/\/www.cycles-blain.com\/fr\/#\/schema\/person\/6fb8bad852fde893fb61b7b05936af37","name":"Gueweb","image":{"@type":"ImageObject","inLanguage":"fr-FR","@id":"https:\/\/secure.gravatar.com\/avatar\/52550bc594eb074508114b963209b157358b27e5a0319de1bb723df3f760ca2d?s=96&d=mm&r=g","url":"https:\/\/secure.gravatar.com\/avatar\/52550bc594eb074508114b963209b157358b27e5a0319de1bb723df3f760ca2d?s=96&d=mm&r=g","contentUrl":"https:\/\/secure.gravatar.com\/avatar\/52550bc594eb074508114b963209b157358b27e5a0319de1bb723df3f760ca2d?s=96&d=mm&r=g","caption":"Gueweb"},"sameAs":["https:\/\/www.cycles-blain.com\/\/fr"],"url":"https:\/\/www.cycles-blain.com\/fr\/author\/gueweb\/"}]}},"_links":{"self":[{"href":"https:\/\/www.cycles-blain.com\/fr\/wp-json\/wp\/v2\/posts\/16886","targetHints":{"allow":["GET"]}}],"collection":[{"href":"https:\/\/www.cycles-blain.com\/fr\/wp-json\/wp\/v2\/posts"}],"about":[{"href":"https:\/\/www.cycles-blain.com\/fr\/wp-json\/wp\/v2\/types\/post"}],"author":[{"embeddable":true,"href":"https:\/\/www.cycles-blain.com\/fr\/wp-json\/wp\/v2\/users\/1"}],"replies":[{"embeddable":true,"href":"https:\/\/www.cycles-blain.com\/fr\/wp-json\/wp\/v2\/comments?post=16886"}],"version-history":[{"count":40,"href":"https:\/\/www.cycles-blain.com\/fr\/wp-json\/wp\/v2\/posts\/16886\/revisions"}],"predecessor-version":[{"id":20005,"href":"https:\/\/www.cycles-blain.com\/fr\/wp-json\/wp\/v2\/posts\/16886\/revisions\/20005"}],"wp:featuredmedia":[{"embeddable":true,"href":"https:\/\/www.cycles-blain.com\/fr\/wp-json\/wp\/v2\/media\/13867"}],"wp:attachment":[{"href":"https:\/\/www.cycles-blain.com\/fr\/wp-json\/wp\/v2\/media?parent=16886"}],"wp:term":[{"taxonomy":"category","embeddable":true,"href":"https:\/\/www.cycles-blain.com\/fr\/wp-json\/wp\/v2\/categories?post=16886"},{"taxonomy":"post_tag","embeddable":true,"href":"https:\/\/www.cycles-blain.com\/fr\/wp-json\/wp\/v2\/tags?post=16886"}],"curies":[{"name":"wp","href":"https:\/\/api.w.org\/{rel}","templated":true}]}}