{"id":17118,"date":"2025-09-23T10:58:15","date_gmt":"2025-09-23T08:58:15","guid":{"rendered":"https:\/\/www.cycles-blain.com\/fr\/?p=17118"},"modified":"2026-04-10T17:23:37","modified_gmt":"2026-04-10T15:23:37","slug":"nouvelle-collection-velo-giant-2026","status":"publish","type":"post","link":"https:\/\/www.cycles-blain.com\/fr\/velo\/nouvelle-collection-velo-giant-2026\/","title":{"rendered":"Nouvelle Collection Giant 2026 &#8211; Route &#8211; VTT &#8211; Gravel &#8211; Enfant"},"content":{"rendered":"\t\t<div data-elementor-type=\"wp-post\" data-elementor-id=\"17118\" class=\"elementor elementor-17118\" data-elementor-post-type=\"post\">\n\t\t\t\t<div class=\"elementor-element elementor-element-26ac5d9 e-flex e-con-boxed e-con e-parent\" data-id=\"26ac5d9\" data-element_type=\"container\" data-e-type=\"container\">\n\t\t\t\t\t<div class=\"e-con-inner\">\n\t\t\t\t<div class=\"elementor-element elementor-element-e4a327b elementor-widget elementor-widget-text-editor\" data-id=\"e4a327b\" data-element_type=\"widget\" data-e-type=\"widget\" data-widget_type=\"text-editor.default\">\n\t\t\t\t<div class=\"elementor-widget-container\">\n\t\t\t\t\t\t\t\t\t<p><i>La nouvelle collection v\u00e9lo Giant 2026 arrive dans les magasins Giant Store et Giant City des CYCLES BLAIN sur Lyon : Route, Gravel, VTT, Ville et v\u00e9los Enfants sont au rendez de cette premi\u00e8re liste des nouveaut\u00e9s 2026 de Giant \u00e0 d\u00e9couvrir. <b>Quelles sont les premi\u00e8res nouveaut\u00e9s v\u00e9los de Giant en 2026 ?<\/b><\/i><\/p>\t\t\t\t\t\t\t\t<\/div>\n\t\t\t\t<\/div>\n\t\t\t\t\t<\/div>\n\t\t\t\t<\/div>\n\t\t<div class=\"elementor-element elementor-element-6330521 e-flex e-con-boxed e-con e-parent\" data-id=\"6330521\" data-element_type=\"container\" data-e-type=\"container\">\n\t\t\t\t\t<div class=\"e-con-inner\">\n\t\t\t\t<div class=\"elementor-element elementor-element-eff147f elementor-widget elementor-widget-heading\" data-id=\"eff147f\" data-element_type=\"widget\" data-e-type=\"widget\" data-widget_type=\"heading.default\">\n\t\t\t\t<div class=\"elementor-widget-container\">\n\t\t\t\t\t<h3 class=\"elementor-heading-title elementor-size-default\">Nouveaut\u00e9s V\u00e9lo Route Giant 2026<\/h3>\t\t\t\t<\/div>\n\t\t\t\t<\/div>\n\t\t\t\t\t<\/div>\n\t\t\t\t<\/div>\n\t\t<div class=\"elementor-element elementor-element-3627135 e-flex e-con-boxed e-con e-parent\" data-id=\"3627135\" data-element_type=\"container\" data-e-type=\"container\">\n\t\t\t\t\t<div class=\"e-con-inner\">\n\t\t\t\t<div class=\"elementor-element elementor-element-aed3935 elementor-widget elementor-widget-text-editor\" data-id=\"aed3935\" data-element_type=\"widget\" data-e-type=\"widget\" data-widget_type=\"text-editor.default\">\n\t\t\t\t<div class=\"elementor-widget-container\">\n\t\t\t\t\t\t\t\t\t<p>Les premi\u00e8res nouveaut\u00e9s de Giant pour 2026 en v\u00e9lo de route concernent 5 v\u00e9los de route musculaires ou \u00e9lectriques :\u00a0<\/p><ul><li><a href=\"https:\/\/www.cycles-blain.com\/recherche?controller=search&amp;search_query=tcr+2026\" target=\"_blank\" rel=\"noopener\">TCR\u00a0GIANT 2026<\/a>\u00a0:\u00a0<a href=\"https:\/\/www.cycles-blain.com\/213-velo-de-course?q=Marque-Giant\" target=\"_blank\" rel=\"noopener\">v\u00e9lo de course<\/a>\u00a0au rapport poids \/ rigidit\u00e9 in\u00e9gal\u00e9<\/li><li><a href=\"https:\/\/www.cycles-blain.com\/recherche?controller=search&amp;search_query=PROPEL+2026\" target=\"_blank\" rel=\"noopener\">Propel\u00a0GIANT 2026<\/a>\u00a0:\u00a0<a href=\"https:\/\/www.cycles-blain.com\/210-velo-triathlon-aero?q=Marque-Giant\" target=\"_blank\" rel=\"noopener\">v\u00e9lo de route a\u00e9ro<\/a>\u00a0taill\u00e9 pour la vitesse<\/li><li><a href=\"https:\/\/www.cycles-blain.com\/recherche?controller=search&amp;search_query=defy+2026\" target=\"_blank\" rel=\"noopener\">Defy\u00a0: GIANT 2026<\/a>\u00a0: v\u00e9lo d&rsquo;endurance alliant confort et performance<\/li><li><a href=\"https:\/\/www.cycles-blain.com\/25-velo-route-electrique?q=Ann%C3%A9e-2026\/Marque-Giant\" target=\"_blank\" rel=\"noopener\">Defy E+\u00a0GIANT 2026<\/a>\u00a0: v\u00e9lo de route \u00e9lectrique<\/li><li><a href=\"https:\/\/www.cycles-blain.com\/recherche?controller=search&amp;search_query=contend+2026\" target=\"_blank\" rel=\"noopener\">Contend\u00a0GIANT 2026<\/a>\u00a0:\u00a0 v\u00e9lo de route sport alu<\/li><\/ul>\t\t\t\t\t\t\t\t<\/div>\n\t\t\t\t<\/div>\n\t\t\t\t\t<\/div>\n\t\t\t\t<\/div>\n\t\t<div class=\"elementor-element elementor-element-6f73b9b e-flex e-con-boxed e-con e-parent\" data-id=\"6f73b9b\" data-element_type=\"container\" data-e-type=\"container\">\n\t\t\t\t\t<div class=\"e-con-inner\">\n\t\t\t\t<div class=\"elementor-element elementor-element-6ef4d57 elementor-widget elementor-widget-heading\" data-id=\"6ef4d57\" data-element_type=\"widget\" data-e-type=\"widget\" data-widget_type=\"heading.default\">\n\t\t\t\t<div class=\"elementor-widget-container\">\n\t\t\t\t\t<h3 class=\"elementor-heading-title elementor-size-default\">Nouveaut\u00e9s Gravels Giant 2026<\/h3>\t\t\t\t<\/div>\n\t\t\t\t<\/div>\n\t\t\t\t\t<\/div>\n\t\t\t\t<\/div>\n\t\t<div class=\"elementor-element elementor-element-cd3f9c0 e-flex e-con-boxed e-con e-parent\" data-id=\"cd3f9c0\" data-element_type=\"container\" data-e-type=\"container\">\n\t\t\t\t\t<div class=\"e-con-inner\">\n\t\t\t\t<div class=\"elementor-element elementor-element-78dcb64 elementor-widget elementor-widget-text-editor\" data-id=\"78dcb64\" data-element_type=\"widget\" data-e-type=\"widget\" data-widget_type=\"text-editor.default\">\n\t\t\t\t<div class=\"elementor-widget-container\">\n\t\t\t\t\t\t\t\t\t<p>La nouvelle collection Giant 2026 pour les gravels concerne 1 seul mod\u00e8le en septembre 2026 :&nbsp;<\/p>\n<ul>\n<li><a href=\"https:\/\/www.cycles-blain.com\/recherche?controller=search&amp;search_query=REVOLT+2026\" target=\"_blank\" rel=\"noopener\">Revolt&nbsp;GIANT 2026<\/a>&nbsp;: v\u00e9lo gravel, carbone ou alu \u00e0 partir de 1 550\u20ac<br><a href=\"https:\/\/www.cycles-blain.com\/content\/115-gravel-giant-revolt\" target=\"_blank\">(En savoir plus sur le Giant Revolt 2026)<\/a><\/li>\n<\/ul>\t\t\t\t\t\t\t\t<\/div>\n\t\t\t\t<\/div>\n\t\t\t\t\t<\/div>\n\t\t\t\t<\/div>\n\t\t<div class=\"elementor-element elementor-element-42c8747 e-flex e-con-boxed e-con e-parent\" data-id=\"42c8747\" data-element_type=\"container\" data-e-type=\"container\">\n\t\t\t\t\t<div class=\"e-con-inner\">\n\t\t\t\t<div class=\"elementor-element elementor-element-b2e1d14 elementor-widget elementor-widget-heading\" data-id=\"b2e1d14\" data-element_type=\"widget\" data-e-type=\"widget\" data-widget_type=\"heading.default\">\n\t\t\t\t<div class=\"elementor-widget-container\">\n\t\t\t\t\t<h3 class=\"elementor-heading-title elementor-size-default\">Nouveaut\u00e9s VTT Giant 2026<\/h3>\t\t\t\t<\/div>\n\t\t\t\t<\/div>\n\t\t\t\t\t<\/div>\n\t\t\t\t<\/div>\n\t\t<div class=\"elementor-element elementor-element-1711ba2 e-flex e-con-boxed e-con e-parent\" data-id=\"1711ba2\" data-element_type=\"container\" data-e-type=\"container\">\n\t\t\t\t\t<div class=\"e-con-inner\">\n\t\t\t\t<div class=\"elementor-element elementor-element-c412926 elementor-widget elementor-widget-text-editor\" data-id=\"c412926\" data-element_type=\"widget\" data-e-type=\"widget\" data-widget_type=\"text-editor.default\">\n\t\t\t\t<div class=\"elementor-widget-container\">\n\t\t\t\t\t\t\t\t\t<p>Le catalogue 2026 de Giant compte 1 nouveau vtt \u00e9lectrique (VTTAE) :&nbsp;<\/p>\n<ul>\n<li><a href=\"https:\/\/www.cycles-blain.com\/recherche?controller=search&amp;search_query=talon+e%2B+2026\" target=\"_blank\" rel=\"noopener\">Talon E+<\/a>&nbsp;Giant 2026 : VTT Electrique semi rigide<\/li>\n<li>Nouveau&nbsp;<a href=\"https:\/\/www.cycles-blain.com\/fr\/magasins-velo\/new-vttae-giant-reign-2026\/\" target=\"_blank\" rel=\"noopener\">VTT Electrique Enduro Giant Reign Advanced E+ 2026<\/a><\/li>\n<li>Nouveau&nbsp;<a href=\"https:\/\/www.cycles-blain.com\/fr\/velo\/tout-nouvel-anthem-giant-2026\/\" target=\"_blank\">VTT de Cross Country Giant Anthem 2026<\/a><\/li><li><a href=\"https:\/\/www.cycles-blain.com\/fr\/velo\/vtt-electrique\/nouveautes-giant-liv-2026-stance-e-et-embolden-e\/\" target=\"_blank\">Nouveau VTT Electrique Stance E+ 2026<\/a><\/li><li><a href=\"https:\/\/www.cycles-blain.com\/fr\/velo\/vtt-electrique\/nouveautes-giant-liv-2026-stance-e-et-embolden-e\/\" target=\"_blank\">Nouveau VTT Electrique Femme Embolden E+ 2026<\/a><\/li>\n<\/ul>\t\t\t\t\t\t\t\t<\/div>\n\t\t\t\t<\/div>\n\t\t\t\t\t<\/div>\n\t\t\t\t<\/div>\n\t\t<div class=\"elementor-element elementor-element-4274dbb e-flex e-con-boxed e-con e-parent\" data-id=\"4274dbb\" data-element_type=\"container\" data-e-type=\"container\">\n\t\t\t\t\t<div class=\"e-con-inner\">\n\t\t\t\t<div class=\"elementor-element elementor-element-9f640bc elementor-widget elementor-widget-heading\" data-id=\"9f640bc\" data-element_type=\"widget\" data-e-type=\"widget\" data-widget_type=\"heading.default\">\n\t\t\t\t<div class=\"elementor-widget-container\">\n\t\t\t\t\t<h3 class=\"elementor-heading-title elementor-size-default\">Nouveaux v\u00e9los de ville Giant 2026<\/h3>\t\t\t\t<\/div>\n\t\t\t\t<\/div>\n\t\t\t\t<div class=\"elementor-element elementor-element-e2ea0f8 elementor-widget elementor-widget-text-editor\" data-id=\"e2ea0f8\" data-element_type=\"widget\" data-e-type=\"widget\" data-widget_type=\"text-editor.default\">\n\t\t\t\t<div class=\"elementor-widget-container\">\n\t\t\t\t\t\t\t\t\t<p>Giant annonce d\u00e8s septembre 1 nouveau mod\u00e8le pour son v\u00e9lo Urbain &#8211; Ville :\u00a0<\/p><ul><li><a href=\"https:\/\/www.cycles-blain.com\/recherche?controller=search&amp;search_query=escape+2026\" target=\"_blank\" rel=\"noopener\">Escape\u00a0GIANT 2026<\/a>\u00a0: v\u00e9lo urbain parfait pour les trajets quotidiens<\/li><\/ul>\t\t\t\t\t\t\t\t<\/div>\n\t\t\t\t<\/div>\n\t\t\t\t<div class=\"elementor-element elementor-element-b53954c elementor-widget elementor-widget-heading\" data-id=\"b53954c\" data-element_type=\"widget\" data-e-type=\"widget\" data-widget_type=\"heading.default\">\n\t\t\t\t<div class=\"elementor-widget-container\">\n\t\t\t\t\t<h3 class=\"elementor-heading-title elementor-size-default\">Nouveaut\u00e9s v\u00e9los enfants Giant 2026<\/h3>\t\t\t\t<\/div>\n\t\t\t\t<\/div>\n\t\t\t\t\t<\/div>\n\t\t\t\t<\/div>\n\t\t<div class=\"elementor-element elementor-element-ae25224 e-flex e-con-boxed e-con e-parent\" data-id=\"ae25224\" data-element_type=\"container\" data-e-type=\"container\">\n\t\t\t\t\t<div class=\"e-con-inner\">\n\t\t\t\t<div class=\"elementor-element elementor-element-d0db456 elementor-widget elementor-widget-text-editor\" data-id=\"d0db456\" data-element_type=\"widget\" data-e-type=\"widget\" data-widget_type=\"text-editor.default\">\n\t\t\t\t<div class=\"elementor-widget-container\">\n\t\t\t\t\t\t\t\t\t<p>Apr\u00e8s les nouveaux v\u00e9los de route enfants d\u00e9j\u00e0 ajout\u00e9s au catalogue il y a quelques semaines, Giant renouvelle aussi 2 autres mod\u00e8les de ses v\u00e9los enfants pour 2026 :&nbsp;<\/p>\n<ul>\n<li><a href=\"https:\/\/www.cycles-blain.com\/recherche?controller=search&amp;search_query=seek\" target=\"_blank\" rel=\"noopener\">Seek&nbsp;GIANT 2026<\/a>&nbsp;: v\u00e9lo route enfant (<a href=\"https:\/\/www.cycles-blain.com\/fr\/velo\/velo-route-enfant-giant-liv-seek-2026\/\" target=\"_blank\" rel=\"noopener\">En savoir plus<\/a>) \u00e0 partir de 1 449 \u20ac<\/li>\n<li>ARX GIANT 2026&nbsp;: VTT Enfant<\/li>\n<li><a href=\"https:\/\/www.cycles-blain.com\/52-velo-enfant-20-pouces\" target=\"_blank\">Talon Jr GIANT 2026<\/a>&nbsp;: VTT enfant semi rigide<\/li>\n<\/ul>\t\t\t\t\t\t\t\t<\/div>\n\t\t\t\t<\/div>\n\t\t\t\t\t<\/div>\n\t\t\t\t<\/div>\n\t\t<div class=\"elementor-element elementor-element-33f61d4 e-flex e-con-boxed e-con e-parent\" data-id=\"33f61d4\" data-element_type=\"container\" data-e-type=\"container\">\n\t\t\t\t\t<div class=\"e-con-inner\">\n\t\t\t\t<div class=\"elementor-element elementor-element-dfab3a0 elementor-align-center elementor-widget elementor-widget-button\" data-id=\"dfab3a0\" data-element_type=\"widget\" data-e-type=\"widget\" data-widget_type=\"button.default\">\n\t\t\t\t<div class=\"elementor-widget-container\">\n\t\t\t\t\t\t\t\t\t<div class=\"elementor-button-wrapper\">\n\t\t\t\t\t<a class=\"elementor-button elementor-button-link elementor-size-sm\" href=\"https:\/\/www.cycles-blain.com\/content\/65-magasins-velo-giant-liv-lyon\" target=\"_blank\">\n\t\t\t\t\t\t<span class=\"elementor-button-content-wrapper\">\n\t\t\t\t\t\t\t\t\t<span class=\"elementor-button-text\">Je trouve un magasin GIANT<\/span>\n\t\t\t\t\t<\/span>\n\t\t\t\t\t<\/a>\n\t\t\t\t<\/div>\n\t\t\t\t\t\t\t\t<\/div>\n\t\t\t\t<\/div>\n\t\t\t\t\t<\/div>\n\t\t\t\t<\/div>\n\t\t\t\t<\/div>\n\t\t","protected":false},"excerpt":{"rendered":"<p>La nouvelle collection v\u00e9lo Giant 2026 arrive dans nos magasins Giant sur Lyon : D\u00e9couvrez les nouveaut\u00e9s Route, Gravel, VTT, Ville, Enfants<\/p>\n","protected":false},"author":1,"featured_media":17120,"comment_status":"open","ping_status":"open","sticky":false,"template":"","format":"standard","meta":{"site-sidebar-layout":"default","site-content-layout":"","ast-site-content-layout":"default","site-content-style":"default","site-sidebar-style":"default","ast-global-header-display":"","ast-banner-title-visibility":"","ast-main-header-display":"","ast-hfb-above-header-display":"","ast-hfb-below-header-display":"","ast-hfb-mobile-header-display":"","site-post-title":"","ast-breadcrumbs-content":"","ast-featured-img":"","footer-sml-layout":"","theme-transparent-header-meta":"","adv-header-id-meta":"","stick-header-meta":"","header-above-stick-meta":"","header-main-stick-meta":"","header-below-stick-meta":"","astra-migrate-meta-layouts":"set","ast-page-background-enabled":"default","ast-page-background-meta":{"desktop":{"background-color":"","background-image":"","background-repeat":"repeat","background-position":"center center","background-size":"auto","background-attachment":"scroll","background-type":"","background-media":"","overlay-type":"","overlay-color":"","overlay-gradient":""},"tablet":{"background-color":"","background-image":"","background-repeat":"repeat","background-position":"center center","background-size":"auto","background-attachment":"scroll","background-type":"","background-media":"","overlay-type":"","overlay-color":"","overlay-gradient":""},"mobile":{"background-color":"","background-image":"","background-repeat":"repeat","background-position":"center center","background-size":"auto","background-attachment":"scroll","background-type":"","background-media":"","overlay-type":"","overlay-color":"","overlay-gradient":""}},"ast-content-background-meta":{"desktop":{"background-color":"var(--ast-global-color-5)","background-image":"","background-repeat":"repeat","background-position":"center center","background-size":"auto","background-attachment":"scroll","background-type":"","background-media":"","overlay-type":"","overlay-color":"","overlay-gradient":""},"tablet":{"background-color":"var(--ast-global-color-5)","background-image":"","background-repeat":"repeat","background-position":"center center","background-size":"auto","background-attachment":"scroll","background-type":"","background-media":"","overlay-type":"","overlay-color":"","overlay-gradient":""},"mobile":{"background-color":"var(--ast-global-color-5)","background-image":"","background-repeat":"repeat","background-position":"center center","background-size":"auto","background-attachment":"scroll","background-type":"","background-media":"","overlay-type":"","overlay-color":"","overlay-gradient":""}},"footnotes":""},"categories":[6,4,56,7,44,37,76,55,99,54,5],"tags":[43],"class_list":["post-17118","post","type-post","status-publish","format-standard","has-post-thumbnail","hentry","category-magasins-velo","category-velo","category-velo-gravel","category-magasin-brignais","category-magasin-lyon-3","category-magasin-saint-priest","category-magasin-vienne","category-velo-route","category-velo-enfant","category-vtc-electrique","category-vtt-electrique","tag-giant"],"yoast_head":"<!-- This site is optimized with the Yoast SEO plugin v27.5 - https:\/\/yoast.com\/product\/yoast-seo-wordpress\/ -->\n<title>Nouvelle Collection Giant 2026 - Route - VTT - Gravel - Enfant - CYCLES BLAIN<\/title>\n<meta name=\"description\" content=\"La nouvelle collection v\u00e9lo Giant 2026 arrive dans nos magasins Giant sur Lyon : D\u00e9couvrez les nouveaut\u00e9s Route, Gravel, VTT, Ville, Enfants\" \/>\n<meta name=\"robots\" content=\"index, follow, max-snippet:-1, max-image-preview:large, max-video-preview:-1\" \/>\n<link rel=\"canonical\" href=\"https:\/\/www.cycles-blain.com\/fr\/velo\/nouvelle-collection-velo-giant-2026\/\" \/>\n<meta property=\"og:locale\" content=\"fr_FR\" \/>\n<meta property=\"og:type\" content=\"article\" \/>\n<meta property=\"og:title\" content=\"Nouvelle Collection Giant 2026 - Route - VTT - Gravel - Enfant - CYCLES BLAIN\" \/>\n<meta property=\"og:description\" content=\"La nouvelle collection v\u00e9lo Giant 2026 arrive dans nos magasins Giant sur Lyon : D\u00e9couvrez les nouveaut\u00e9s Route, Gravel, VTT, Ville, Enfants\" \/>\n<meta property=\"og:url\" content=\"https:\/\/www.cycles-blain.com\/fr\/velo\/nouvelle-collection-velo-giant-2026\/\" \/>\n<meta property=\"og:site_name\" content=\"CyclesBlain - Magasins de v\u00e9los, accessoires et ateliers\" \/>\n<meta property=\"article:publisher\" content=\"https:\/\/www.facebook.com\/cyclesblain\/?locale=fr_FR\" \/>\n<meta property=\"article:published_time\" content=\"2025-09-23T08:58:15+00:00\" \/>\n<meta property=\"article:modified_time\" content=\"2026-04-10T15:23:37+00:00\" \/>\n<meta property=\"og:image\" content=\"https:\/\/www.cycles-blain.com\/fr\/wp-content\/uploads\/2025\/09\/giant-2026.jpg\" \/>\n\t<meta property=\"og:image:width\" content=\"600\" \/>\n\t<meta property=\"og:image:height\" content=\"400\" \/>\n\t<meta property=\"og:image:type\" content=\"image\/jpeg\" \/>\n<meta name=\"author\" content=\"Gueweb\" \/>\n<meta name=\"twitter:card\" content=\"summary_large_image\" \/>\n<meta name=\"twitter:label1\" content=\"\u00c9crit par\" \/>\n\t<meta name=\"twitter:data1\" content=\"Gueweb\" \/>\n\t<meta name=\"twitter:label2\" content=\"Dur\u00e9e de lecture estim\u00e9e\" \/>\n\t<meta name=\"twitter:data2\" content=\"2 minutes\" \/>\n<script type=\"application\/ld+json\" class=\"yoast-schema-graph\">{\"@context\":\"https:\\\/\\\/schema.org\",\"@graph\":[{\"@type\":\"Article\",\"@id\":\"https:\\\/\\\/www.cycles-blain.com\\\/fr\\\/velo\\\/nouvelle-collection-velo-giant-2026\\\/#article\",\"isPartOf\":{\"@id\":\"https:\\\/\\\/www.cycles-blain.com\\\/fr\\\/velo\\\/nouvelle-collection-velo-giant-2026\\\/\"},\"author\":{\"name\":\"Gueweb\",\"@id\":\"https:\\\/\\\/www.cycles-blain.com\\\/fr\\\/#\\\/schema\\\/person\\\/6fb8bad852fde893fb61b7b05936af37\"},\"headline\":\"Nouvelle Collection Giant 2026 &#8211; Route &#8211; VTT &#8211; Gravel &#8211; Enfant\",\"datePublished\":\"2025-09-23T08:58:15+00:00\",\"dateModified\":\"2026-04-10T15:23:37+00:00\",\"mainEntityOfPage\":{\"@id\":\"https:\\\/\\\/www.cycles-blain.com\\\/fr\\\/velo\\\/nouvelle-collection-velo-giant-2026\\\/\"},\"wordCount\":331,\"commentCount\":0,\"publisher\":{\"@id\":\"https:\\\/\\\/www.cycles-blain.com\\\/fr\\\/#organization\"},\"image\":{\"@id\":\"https:\\\/\\\/www.cycles-blain.com\\\/fr\\\/velo\\\/nouvelle-collection-velo-giant-2026\\\/#primaryimage\"},\"thumbnailUrl\":\"https:\\\/\\\/www.cycles-blain.com\\\/fr\\\/wp-content\\\/uploads\\\/2025\\\/09\\\/giant-2026.jpg\",\"keywords\":[\"giant\"],\"articleSection\":[\"Actus Magasins\",\"Actus V\u00e9lo\",\"Gravel\",\"Magasin Brignais\",\"Magasin Lyon Centre\",\"Magasin St Priest\",\"Magasin Vienne\",\"V\u00e9lo de route\",\"Velo enfant\",\"VTC Electrique\",\"VTT Electrique\"],\"inLanguage\":\"fr-FR\",\"potentialAction\":[{\"@type\":\"CommentAction\",\"name\":\"Comment\",\"target\":[\"https:\\\/\\\/www.cycles-blain.com\\\/fr\\\/velo\\\/nouvelle-collection-velo-giant-2026\\\/#respond\"]}]},{\"@type\":\"WebPage\",\"@id\":\"https:\\\/\\\/www.cycles-blain.com\\\/fr\\\/velo\\\/nouvelle-collection-velo-giant-2026\\\/\",\"url\":\"https:\\\/\\\/www.cycles-blain.com\\\/fr\\\/velo\\\/nouvelle-collection-velo-giant-2026\\\/\",\"name\":\"Nouvelle Collection Giant 2026 - Route - VTT - Gravel - Enfant - CYCLES BLAIN\",\"isPartOf\":{\"@id\":\"https:\\\/\\\/www.cycles-blain.com\\\/fr\\\/#website\"},\"primaryImageOfPage\":{\"@id\":\"https:\\\/\\\/www.cycles-blain.com\\\/fr\\\/velo\\\/nouvelle-collection-velo-giant-2026\\\/#primaryimage\"},\"image\":{\"@id\":\"https:\\\/\\\/www.cycles-blain.com\\\/fr\\\/velo\\\/nouvelle-collection-velo-giant-2026\\\/#primaryimage\"},\"thumbnailUrl\":\"https:\\\/\\\/www.cycles-blain.com\\\/fr\\\/wp-content\\\/uploads\\\/2025\\\/09\\\/giant-2026.jpg\",\"datePublished\":\"2025-09-23T08:58:15+00:00\",\"dateModified\":\"2026-04-10T15:23:37+00:00\",\"description\":\"La nouvelle collection v\u00e9lo Giant 2026 arrive dans nos magasins Giant sur Lyon : D\u00e9couvrez les nouveaut\u00e9s Route, Gravel, VTT, Ville, Enfants\",\"breadcrumb\":{\"@id\":\"https:\\\/\\\/www.cycles-blain.com\\\/fr\\\/velo\\\/nouvelle-collection-velo-giant-2026\\\/#breadcrumb\"},\"inLanguage\":\"fr-FR\",\"potentialAction\":[{\"@type\":\"ReadAction\",\"target\":[\"https:\\\/\\\/www.cycles-blain.com\\\/fr\\\/velo\\\/nouvelle-collection-velo-giant-2026\\\/\"]}]},{\"@type\":\"ImageObject\",\"inLanguage\":\"fr-FR\",\"@id\":\"https:\\\/\\\/www.cycles-blain.com\\\/fr\\\/velo\\\/nouvelle-collection-velo-giant-2026\\\/#primaryimage\",\"url\":\"https:\\\/\\\/www.cycles-blain.com\\\/fr\\\/wp-content\\\/uploads\\\/2025\\\/09\\\/giant-2026.jpg\",\"contentUrl\":\"https:\\\/\\\/www.cycles-blain.com\\\/fr\\\/wp-content\\\/uploads\\\/2025\\\/09\\\/giant-2026.jpg\",\"width\":600,\"height\":400,\"caption\":\"Collection Giant 2026\"},{\"@type\":\"BreadcrumbList\",\"@id\":\"https:\\\/\\\/www.cycles-blain.com\\\/fr\\\/velo\\\/nouvelle-collection-velo-giant-2026\\\/#breadcrumb\",\"itemListElement\":[{\"@type\":\"ListItem\",\"position\":1,\"name\":\"Accueil\",\"item\":\"https:\\\/\\\/www.cycles-blain.com\\\/fr\\\/\"},{\"@type\":\"ListItem\",\"position\":2,\"name\":\"Nouvelle Collection Giant 2026 &#8211; Route &#8211; VTT &#8211; Gravel &#8211; Enfant\"}]},{\"@type\":\"WebSite\",\"@id\":\"https:\\\/\\\/www.cycles-blain.com\\\/fr\\\/#website\",\"url\":\"https:\\\/\\\/www.cycles-blain.com\\\/fr\\\/\",\"name\":\"CyclesBlain - Magasins de v\u00e9los, accessoires et ateliers\",\"description\":\"Blog Cycles Blain\",\"publisher\":{\"@id\":\"https:\\\/\\\/www.cycles-blain.com\\\/fr\\\/#organization\"},\"potentialAction\":[{\"@type\":\"SearchAction\",\"target\":{\"@type\":\"EntryPoint\",\"urlTemplate\":\"https:\\\/\\\/www.cycles-blain.com\\\/fr\\\/?s={search_term_string}\"},\"query-input\":{\"@type\":\"PropertyValueSpecification\",\"valueRequired\":true,\"valueName\":\"search_term_string\"}}],\"inLanguage\":\"fr-FR\"},{\"@type\":\"Organization\",\"@id\":\"https:\\\/\\\/www.cycles-blain.com\\\/fr\\\/#organization\",\"name\":\"CyclesBlain - Magasins de v\u00e9los, accessoires et ateliers\",\"url\":\"https:\\\/\\\/www.cycles-blain.com\\\/fr\\\/\",\"logo\":{\"@type\":\"ImageObject\",\"inLanguage\":\"fr-FR\",\"@id\":\"https:\\\/\\\/www.cycles-blain.com\\\/fr\\\/#\\\/schema\\\/logo\\\/image\\\/\",\"url\":\"https:\\\/\\\/www.cycles-blain.com\\\/fr\\\/wp-content\\\/uploads\\\/2023\\\/10\\\/logo-cycles-blain.jpeg\",\"contentUrl\":\"https:\\\/\\\/www.cycles-blain.com\\\/fr\\\/wp-content\\\/uploads\\\/2023\\\/10\\\/logo-cycles-blain.jpeg\",\"width\":264,\"height\":191,\"caption\":\"CyclesBlain - Magasins de v\u00e9los, accessoires et ateliers\"},\"image\":{\"@id\":\"https:\\\/\\\/www.cycles-blain.com\\\/fr\\\/#\\\/schema\\\/logo\\\/image\\\/\"},\"sameAs\":[\"https:\\\/\\\/www.facebook.com\\\/cyclesblain\\\/?locale=fr_FR\",\"https:\\\/\\\/www.instagram.com\\\/cycles_blain\\\/?hl=fr\"]},{\"@type\":\"Person\",\"@id\":\"https:\\\/\\\/www.cycles-blain.com\\\/fr\\\/#\\\/schema\\\/person\\\/6fb8bad852fde893fb61b7b05936af37\",\"name\":\"Gueweb\",\"image\":{\"@type\":\"ImageObject\",\"inLanguage\":\"fr-FR\",\"@id\":\"https:\\\/\\\/secure.gravatar.com\\\/avatar\\\/52550bc594eb074508114b963209b157358b27e5a0319de1bb723df3f760ca2d?s=96&d=mm&r=g\",\"url\":\"https:\\\/\\\/secure.gravatar.com\\\/avatar\\\/52550bc594eb074508114b963209b157358b27e5a0319de1bb723df3f760ca2d?s=96&d=mm&r=g\",\"contentUrl\":\"https:\\\/\\\/secure.gravatar.com\\\/avatar\\\/52550bc594eb074508114b963209b157358b27e5a0319de1bb723df3f760ca2d?s=96&d=mm&r=g\",\"caption\":\"Gueweb\"},\"sameAs\":[\"https:\\\/\\\/www.cycles-blain.com\\\/\\\/fr\"],\"url\":\"https:\\\/\\\/www.cycles-blain.com\\\/fr\\\/author\\\/gueweb\\\/\"}]}<\/script>\n<!-- \/ Yoast SEO plugin. -->","yoast_head_json":{"title":"Nouvelle Collection Giant 2026 - Route - VTT - Gravel - Enfant - CYCLES BLAIN","description":"La nouvelle collection v\u00e9lo Giant 2026 arrive dans nos magasins Giant sur Lyon : D\u00e9couvrez les nouveaut\u00e9s Route, Gravel, VTT, Ville, Enfants","robots":{"index":"index","follow":"follow","max-snippet":"max-snippet:-1","max-image-preview":"max-image-preview:large","max-video-preview":"max-video-preview:-1"},"canonical":"https:\/\/www.cycles-blain.com\/fr\/velo\/nouvelle-collection-velo-giant-2026\/","og_locale":"fr_FR","og_type":"article","og_title":"Nouvelle Collection Giant 2026 - Route - VTT - Gravel - Enfant - CYCLES BLAIN","og_description":"La nouvelle collection v\u00e9lo Giant 2026 arrive dans nos magasins Giant sur Lyon : D\u00e9couvrez les nouveaut\u00e9s Route, Gravel, VTT, Ville, Enfants","og_url":"https:\/\/www.cycles-blain.com\/fr\/velo\/nouvelle-collection-velo-giant-2026\/","og_site_name":"CyclesBlain - Magasins de v\u00e9los, accessoires et ateliers","article_publisher":"https:\/\/www.facebook.com\/cyclesblain\/?locale=fr_FR","article_published_time":"2025-09-23T08:58:15+00:00","article_modified_time":"2026-04-10T15:23:37+00:00","og_image":[{"width":600,"height":400,"url":"https:\/\/www.cycles-blain.com\/fr\/wp-content\/uploads\/2025\/09\/giant-2026.jpg","type":"image\/jpeg"}],"author":"Gueweb","twitter_card":"summary_large_image","twitter_misc":{"\u00c9crit par":"Gueweb","Dur\u00e9e de lecture estim\u00e9e":"2 minutes"},"schema":{"@context":"https:\/\/schema.org","@graph":[{"@type":"Article","@id":"https:\/\/www.cycles-blain.com\/fr\/velo\/nouvelle-collection-velo-giant-2026\/#article","isPartOf":{"@id":"https:\/\/www.cycles-blain.com\/fr\/velo\/nouvelle-collection-velo-giant-2026\/"},"author":{"name":"Gueweb","@id":"https:\/\/www.cycles-blain.com\/fr\/#\/schema\/person\/6fb8bad852fde893fb61b7b05936af37"},"headline":"Nouvelle Collection Giant 2026 &#8211; Route &#8211; VTT &#8211; Gravel &#8211; Enfant","datePublished":"2025-09-23T08:58:15+00:00","dateModified":"2026-04-10T15:23:37+00:00","mainEntityOfPage":{"@id":"https:\/\/www.cycles-blain.com\/fr\/velo\/nouvelle-collection-velo-giant-2026\/"},"wordCount":331,"commentCount":0,"publisher":{"@id":"https:\/\/www.cycles-blain.com\/fr\/#organization"},"image":{"@id":"https:\/\/www.cycles-blain.com\/fr\/velo\/nouvelle-collection-velo-giant-2026\/#primaryimage"},"thumbnailUrl":"https:\/\/www.cycles-blain.com\/fr\/wp-content\/uploads\/2025\/09\/giant-2026.jpg","keywords":["giant"],"articleSection":["Actus Magasins","Actus V\u00e9lo","Gravel","Magasin Brignais","Magasin Lyon Centre","Magasin St Priest","Magasin Vienne","V\u00e9lo de route","Velo enfant","VTC Electrique","VTT Electrique"],"inLanguage":"fr-FR","potentialAction":[{"@type":"CommentAction","name":"Comment","target":["https:\/\/www.cycles-blain.com\/fr\/velo\/nouvelle-collection-velo-giant-2026\/#respond"]}]},{"@type":"WebPage","@id":"https:\/\/www.cycles-blain.com\/fr\/velo\/nouvelle-collection-velo-giant-2026\/","url":"https:\/\/www.cycles-blain.com\/fr\/velo\/nouvelle-collection-velo-giant-2026\/","name":"Nouvelle Collection Giant 2026 - Route - VTT - Gravel - Enfant - CYCLES BLAIN","isPartOf":{"@id":"https:\/\/www.cycles-blain.com\/fr\/#website"},"primaryImageOfPage":{"@id":"https:\/\/www.cycles-blain.com\/fr\/velo\/nouvelle-collection-velo-giant-2026\/#primaryimage"},"image":{"@id":"https:\/\/www.cycles-blain.com\/fr\/velo\/nouvelle-collection-velo-giant-2026\/#primaryimage"},"thumbnailUrl":"https:\/\/www.cycles-blain.com\/fr\/wp-content\/uploads\/2025\/09\/giant-2026.jpg","datePublished":"2025-09-23T08:58:15+00:00","dateModified":"2026-04-10T15:23:37+00:00","description":"La nouvelle collection v\u00e9lo Giant 2026 arrive dans nos magasins Giant sur Lyon : D\u00e9couvrez les nouveaut\u00e9s Route, Gravel, VTT, Ville, Enfants","breadcrumb":{"@id":"https:\/\/www.cycles-blain.com\/fr\/velo\/nouvelle-collection-velo-giant-2026\/#breadcrumb"},"inLanguage":"fr-FR","potentialAction":[{"@type":"ReadAction","target":["https:\/\/www.cycles-blain.com\/fr\/velo\/nouvelle-collection-velo-giant-2026\/"]}]},{"@type":"ImageObject","inLanguage":"fr-FR","@id":"https:\/\/www.cycles-blain.com\/fr\/velo\/nouvelle-collection-velo-giant-2026\/#primaryimage","url":"https:\/\/www.cycles-blain.com\/fr\/wp-content\/uploads\/2025\/09\/giant-2026.jpg","contentUrl":"https:\/\/www.cycles-blain.com\/fr\/wp-content\/uploads\/2025\/09\/giant-2026.jpg","width":600,"height":400,"caption":"Collection Giant 2026"},{"@type":"BreadcrumbList","@id":"https:\/\/www.cycles-blain.com\/fr\/velo\/nouvelle-collection-velo-giant-2026\/#breadcrumb","itemListElement":[{"@type":"ListItem","position":1,"name":"Accueil","item":"https:\/\/www.cycles-blain.com\/fr\/"},{"@type":"ListItem","position":2,"name":"Nouvelle Collection Giant 2026 &#8211; Route &#8211; VTT &#8211; Gravel &#8211; Enfant"}]},{"@type":"WebSite","@id":"https:\/\/www.cycles-blain.com\/fr\/#website","url":"https:\/\/www.cycles-blain.com\/fr\/","name":"CyclesBlain - Magasins de v\u00e9los, accessoires et ateliers","description":"Blog Cycles Blain","publisher":{"@id":"https:\/\/www.cycles-blain.com\/fr\/#organization"},"potentialAction":[{"@type":"SearchAction","target":{"@type":"EntryPoint","urlTemplate":"https:\/\/www.cycles-blain.com\/fr\/?s={search_term_string}"},"query-input":{"@type":"PropertyValueSpecification","valueRequired":true,"valueName":"search_term_string"}}],"inLanguage":"fr-FR"},{"@type":"Organization","@id":"https:\/\/www.cycles-blain.com\/fr\/#organization","name":"CyclesBlain - Magasins de v\u00e9los, accessoires et ateliers","url":"https:\/\/www.cycles-blain.com\/fr\/","logo":{"@type":"ImageObject","inLanguage":"fr-FR","@id":"https:\/\/www.cycles-blain.com\/fr\/#\/schema\/logo\/image\/","url":"https:\/\/www.cycles-blain.com\/fr\/wp-content\/uploads\/2023\/10\/logo-cycles-blain.jpeg","contentUrl":"https:\/\/www.cycles-blain.com\/fr\/wp-content\/uploads\/2023\/10\/logo-cycles-blain.jpeg","width":264,"height":191,"caption":"CyclesBlain - Magasins de v\u00e9los, accessoires et ateliers"},"image":{"@id":"https:\/\/www.cycles-blain.com\/fr\/#\/schema\/logo\/image\/"},"sameAs":["https:\/\/www.facebook.com\/cyclesblain\/?locale=fr_FR","https:\/\/www.instagram.com\/cycles_blain\/?hl=fr"]},{"@type":"Person","@id":"https:\/\/www.cycles-blain.com\/fr\/#\/schema\/person\/6fb8bad852fde893fb61b7b05936af37","name":"Gueweb","image":{"@type":"ImageObject","inLanguage":"fr-FR","@id":"https:\/\/secure.gravatar.com\/avatar\/52550bc594eb074508114b963209b157358b27e5a0319de1bb723df3f760ca2d?s=96&d=mm&r=g","url":"https:\/\/secure.gravatar.com\/avatar\/52550bc594eb074508114b963209b157358b27e5a0319de1bb723df3f760ca2d?s=96&d=mm&r=g","contentUrl":"https:\/\/secure.gravatar.com\/avatar\/52550bc594eb074508114b963209b157358b27e5a0319de1bb723df3f760ca2d?s=96&d=mm&r=g","caption":"Gueweb"},"sameAs":["https:\/\/www.cycles-blain.com\/\/fr"],"url":"https:\/\/www.cycles-blain.com\/fr\/author\/gueweb\/"}]}},"_links":{"self":[{"href":"https:\/\/www.cycles-blain.com\/fr\/wp-json\/wp\/v2\/posts\/17118","targetHints":{"allow":["GET"]}}],"collection":[{"href":"https:\/\/www.cycles-blain.com\/fr\/wp-json\/wp\/v2\/posts"}],"about":[{"href":"https:\/\/www.cycles-blain.com\/fr\/wp-json\/wp\/v2\/types\/post"}],"author":[{"embeddable":true,"href":"https:\/\/www.cycles-blain.com\/fr\/wp-json\/wp\/v2\/users\/1"}],"replies":[{"embeddable":true,"href":"https:\/\/www.cycles-blain.com\/fr\/wp-json\/wp\/v2\/comments?post=17118"}],"version-history":[{"count":94,"href":"https:\/\/www.cycles-blain.com\/fr\/wp-json\/wp\/v2\/posts\/17118\/revisions"}],"predecessor-version":[{"id":21193,"href":"https:\/\/www.cycles-blain.com\/fr\/wp-json\/wp\/v2\/posts\/17118\/revisions\/21193"}],"wp:featuredmedia":[{"embeddable":true,"href":"https:\/\/www.cycles-blain.com\/fr\/wp-json\/wp\/v2\/media\/17120"}],"wp:attachment":[{"href":"https:\/\/www.cycles-blain.com\/fr\/wp-json\/wp\/v2\/media?parent=17118"}],"wp:term":[{"taxonomy":"category","embeddable":true,"href":"https:\/\/www.cycles-blain.com\/fr\/wp-json\/wp\/v2\/categories?post=17118"},{"taxonomy":"post_tag","embeddable":true,"href":"https:\/\/www.cycles-blain.com\/fr\/wp-json\/wp\/v2\/tags?post=17118"}],"curies":[{"name":"wp","href":"https:\/\/api.w.org\/{rel}","templated":true}]}}