{"id":17193,"date":"2025-09-23T14:45:53","date_gmt":"2025-09-23T12:45:53","guid":{"rendered":"https:\/\/www.cycles-blain.com\/fr\/?p=17193"},"modified":"2026-02-20T17:29:05","modified_gmt":"2026-02-20T16:29:05","slug":"nouvelle-collection-liv-2026-route-vtt-gravel-chemin-enfants","status":"publish","type":"post","link":"https:\/\/www.cycles-blain.com\/fr\/velo\/nouvelle-collection-liv-2026-route-vtt-gravel-chemin-enfants\/","title":{"rendered":"Nouvelle Collection Liv 2026 &#8211; Route &#8211; VTT &#8211; Gravel &#8211; Chemin &#8211; Enfants"},"content":{"rendered":"\t\t<div data-elementor-type=\"wp-post\" data-elementor-id=\"17193\" class=\"elementor elementor-17193\" data-elementor-post-type=\"post\">\n\t\t\t\t<div class=\"elementor-element elementor-element-26ac5d9 e-flex e-con-boxed e-con e-parent\" data-id=\"26ac5d9\" data-element_type=\"container\" data-e-type=\"container\">\n\t\t\t\t\t<div class=\"e-con-inner\">\n\t\t\t\t<div class=\"elementor-element elementor-element-e4a327b elementor-widget elementor-widget-text-editor\" data-id=\"e4a327b\" data-element_type=\"widget\" data-e-type=\"widget\" data-widget_type=\"text-editor.default\">\n\t\t\t\t<div class=\"elementor-widget-container\">\n\t\t\t\t\t\t\t\t\t<p><i>Qui dit nouvelle collection de v\u00e9lo Giant, dit nouvelle collection de v\u00e9lo Liv !<\/i><\/p><p><i>Une marque <\/i><i><strong data-start=\"190\" data-end=\"217\">100 % d\u00e9di\u00e9e aux femmes. <\/strong>Liv se distingue par une particularit\u00e9 unique : ses v\u00e9los sont non seulement con\u00e7us pour les femmes, mais aussi imagin\u00e9s et d\u00e9velopp\u00e9s par elles.\u00a0<\/i><\/p><p><em>Chaque poste cl\u00e9 de l\u2019entreprise est dirig\u00e9 par une femme. Cette approche a permis \u00e0 la marque de devenir la <strong data-start=\"559\" data-end=\"636\">premi\u00e8re au monde \u00e0 concevoir des v\u00e9los sp\u00e9cifiquement f\u00e9minins, de A \u00e0 Z.<\/strong><\/em><\/p><p><i>Retrouvez la nouvelle collection de v\u00e9lo Liv pour femme 2026 dans les magasins Liv Store et Liv City des CYCLES BLAIN sur Lyon : Route, Gravel, Chemin, VTT, Ville et v\u00e9los Enfants sont au rendez de cette premi\u00e8re liste des nouveaut\u00e9s 2026. <\/i><\/p><p><em><strong data-start=\"168\" data-end=\"226\">Pr\u00eat(e) \u00e0 explorer ce que Liv vous r\u00e9serve pour 2026 ?<\/strong><\/em><\/p>\t\t\t\t\t\t\t\t<\/div>\n\t\t\t\t<\/div>\n\t\t\t\t\t<\/div>\n\t\t\t\t<\/div>\n\t\t<div class=\"elementor-element elementor-element-6330521 e-flex e-con-boxed e-con e-parent\" data-id=\"6330521\" data-element_type=\"container\" data-e-type=\"container\">\n\t\t\t\t\t<div class=\"e-con-inner\">\n\t\t\t\t<div class=\"elementor-element elementor-element-eff147f elementor-widget elementor-widget-heading\" data-id=\"eff147f\" data-element_type=\"widget\" data-e-type=\"widget\" data-widget_type=\"heading.default\">\n\t\t\t\t<div class=\"elementor-widget-container\">\n\t\t\t\t\t<h3 class=\"elementor-heading-title elementor-size-default\">Nouveaut\u00e9s V\u00e9lo Route Femme Liv 2026<\/h3>\t\t\t\t<\/div>\n\t\t\t\t<\/div>\n\t\t\t\t\t<\/div>\n\t\t\t\t<\/div>\n\t\t<div class=\"elementor-element elementor-element-3627135 e-flex e-con-boxed e-con e-parent\" data-id=\"3627135\" data-element_type=\"container\" data-e-type=\"container\">\n\t\t\t\t\t<div class=\"e-con-inner\">\n\t\t\t\t<div class=\"elementor-element elementor-element-aed3935 elementor-widget elementor-widget-text-editor\" data-id=\"aed3935\" data-element_type=\"widget\" data-e-type=\"widget\" data-widget_type=\"text-editor.default\">\n\t\t\t\t<div class=\"elementor-widget-container\">\n\t\t\t\t\t\t\t\t\t<p>Les premi\u00e8res nouveaut\u00e9s de Liv pour 2026 en v\u00e9lo concernent 3 familles de v\u00e9los de route musculaires ou \u00e9lectriques :\u00a0<\/p><ul><li><a href=\"https:\/\/www.cycles-blain.com\/recherche?controller=search&amp;search_query=Langma+2026\" target=\"_blank\" rel=\"noopener\">Langma<\/a>\u00a0LIV 2026 :\u00a0v\u00e9lo course femme au rapport poids \/ rigidit\u00e9 in\u00e9gal\u00e9<\/li><li><a href=\"https:\/\/www.cycles-blain.com\/recherche?controller=search&amp;search_query=enviliv+2026\" target=\"_blank\" rel=\"noopener\">Enviliv LIV 2026<\/a>\u00a0:\u00a0v\u00e9lo femme a\u00e9ro taill\u00e9 pour la vitesse<\/li><li><a href=\"https:\/\/www.cycles-blain.com\/recherche?controller=search&amp;search_query=Avail+2026\" target=\"_blank\" rel=\"noopener\">Avail<\/a>\u00a0LIV 2026 : v\u00e9lo endurance femme alliant confort et performance<\/li><\/ul>\t\t\t\t\t\t\t\t<\/div>\n\t\t\t\t<\/div>\n\t\t\t\t\t<\/div>\n\t\t\t\t<\/div>\n\t\t<div class=\"elementor-element elementor-element-6f73b9b e-flex e-con-boxed e-con e-parent\" data-id=\"6f73b9b\" data-element_type=\"container\" data-e-type=\"container\">\n\t\t\t\t\t<div class=\"e-con-inner\">\n\t\t\t\t<div class=\"elementor-element elementor-element-6ef4d57 elementor-widget elementor-widget-heading\" data-id=\"6ef4d57\" data-element_type=\"widget\" data-e-type=\"widget\" data-widget_type=\"heading.default\">\n\t\t\t\t<div class=\"elementor-widget-container\">\n\t\t\t\t\t<h3 class=\"elementor-heading-title elementor-size-default\">Nouveaut\u00e9s Gravels Femme Liv 2026<\/h3>\t\t\t\t<\/div>\n\t\t\t\t<\/div>\n\t\t\t\t\t<\/div>\n\t\t\t\t<\/div>\n\t\t<div class=\"elementor-element elementor-element-cd3f9c0 e-flex e-con-boxed e-con e-parent\" data-id=\"cd3f9c0\" data-element_type=\"container\" data-e-type=\"container\">\n\t\t\t\t\t<div class=\"e-con-inner\">\n\t\t\t\t<div class=\"elementor-element elementor-element-78dcb64 elementor-widget elementor-widget-text-editor\" data-id=\"78dcb64\" data-element_type=\"widget\" data-e-type=\"widget\" data-widget_type=\"text-editor.default\">\n\t\t\t\t<div class=\"elementor-widget-container\">\n\t\t\t\t\t\t\t\t\t<p>La nouvelle collection Liv 2026 pour les gravels f\u00e9minins concerne 1 seul mod\u00e8le en septembre 2026 :\u00a0<\/p><ul><li><a href=\"https:\/\/www.cycles-blain.com\/recherche?controller=search&amp;search_query=devote+2026\" target=\"_blank\" rel=\"noopener\">Devote LIV 2026<\/a>\u00a0: v\u00e9lo gravel, carbone ou alu \u00e0 partir de 1550\u20ac<\/li><\/ul>\t\t\t\t\t\t\t\t<\/div>\n\t\t\t\t<\/div>\n\t\t\t\t\t<\/div>\n\t\t\t\t<\/div>\n\t\t<div class=\"elementor-element elementor-element-42c8747 e-flex e-con-boxed e-con e-parent\" data-id=\"42c8747\" data-element_type=\"container\" data-e-type=\"container\">\n\t\t\t\t\t<div class=\"e-con-inner\">\n\t\t\t\t<div class=\"elementor-element elementor-element-b2e1d14 elementor-widget elementor-widget-heading\" data-id=\"b2e1d14\" data-element_type=\"widget\" data-e-type=\"widget\" data-widget_type=\"heading.default\">\n\t\t\t\t<div class=\"elementor-widget-container\">\n\t\t\t\t\t<h3 class=\"elementor-heading-title elementor-size-default\">Nouveaut\u00e9s VTT Femme Liv 2026<\/h3>\t\t\t\t<\/div>\n\t\t\t\t<\/div>\n\t\t\t\t\t<\/div>\n\t\t\t\t<\/div>\n\t\t<div class=\"elementor-element elementor-element-1711ba2 e-flex e-con-boxed e-con e-parent\" data-id=\"1711ba2\" data-element_type=\"container\" data-e-type=\"container\">\n\t\t\t\t\t<div class=\"e-con-inner\">\n\t\t\t\t<div class=\"elementor-element elementor-element-c412926 elementor-widget elementor-widget-text-editor\" data-id=\"c412926\" data-element_type=\"widget\" data-e-type=\"widget\" data-widget_type=\"text-editor.default\">\n\t\t\t\t<div class=\"elementor-widget-container\">\n\t\t\t\t\t\t\t\t\t<p>Le catalogue 2026 de Liv compte 1 nouveau vtt \u00e9lectrique (VTTAE) :&nbsp;<\/p>\n<ul>\n<li><a href=\"https:\/\/www.cycles-blain.com\/recherche?controller=search&amp;search_query=tempt+2026\" target=\"_blank\">Tempt E+ LIV 2026<\/a>&nbsp;: VTT Electrique semi rigide<\/li>\n<\/ul>\t\t\t\t\t\t\t\t<\/div>\n\t\t\t\t<\/div>\n\t\t\t\t\t<\/div>\n\t\t\t\t<\/div>\n\t\t<div class=\"elementor-element elementor-element-4274dbb e-flex e-con-boxed e-con e-parent\" data-id=\"4274dbb\" data-element_type=\"container\" data-e-type=\"container\">\n\t\t\t\t\t<div class=\"e-con-inner\">\n\t\t\t\t<div class=\"elementor-element elementor-element-9f640bc elementor-widget elementor-widget-heading\" data-id=\"9f640bc\" data-element_type=\"widget\" data-e-type=\"widget\" data-widget_type=\"heading.default\">\n\t\t\t\t<div class=\"elementor-widget-container\">\n\t\t\t\t\t<h3 class=\"elementor-heading-title elementor-size-default\">Nouveaux v\u00e9los de Ville Femme Liv 2026<\/h3>\t\t\t\t<\/div>\n\t\t\t\t<\/div>\n\t\t\t\t<div class=\"elementor-element elementor-element-44fc127 elementor-widget elementor-widget-heading\" data-id=\"44fc127\" data-element_type=\"widget\" data-e-type=\"widget\" data-widget_type=\"heading.default\">\n\t\t\t\t<div class=\"elementor-widget-container\">\n\t\t\t\t\t<h3 class=\"elementor-heading-title elementor-size-default\">Nouveaut\u00e9s VTC Femme Liv 2026<\/h3>\t\t\t\t<\/div>\n\t\t\t\t<\/div>\n\t\t\t\t<div class=\"elementor-element elementor-element-e2ea0f8 elementor-widget elementor-widget-text-editor\" data-id=\"e2ea0f8\" data-element_type=\"widget\" data-e-type=\"widget\" data-widget_type=\"text-editor.default\">\n\t\t\t\t<div class=\"elementor-widget-container\">\n\t\t\t\t\t\t\t\t\t<p>Concernant les v\u00e9los de Ville, Liv annonce 1 nouveau mod\u00e8le :&nbsp;<\/p>\n<ul>\n<li><a href=\"https:\/\/www.cycles-blain.com\/recherche?controller=search&amp;search_query=alight+2026\" target=\"_blank\">Alight LIV 2026<\/a>&nbsp;: v\u00e9lo urbain pour femmes parfait pour les trajets quotidiens<\/li>\n<\/ul>\t\t\t\t\t\t\t\t<\/div>\n\t\t\t\t<\/div>\n\t\t\t\t<div class=\"elementor-element elementor-element-d9f3299 elementor-widget elementor-widget-text-editor\" data-id=\"d9f3299\" data-element_type=\"widget\" data-e-type=\"widget\" data-widget_type=\"text-editor.default\">\n\t\t\t\t<div class=\"elementor-widget-container\">\n\t\t\t\t\t\t\t\t\t<p>Pour cette cat\u00e9gorie, Liv pr\u00e9sente 1 nouveau mod\u00e8le de VTC:<\/p><ul><li>Amiti E+ LIV 2026 : v\u00e9lo \u00e9lectrique chemin pour partir \u00e0 l&rsquo;aventure<\/li><\/ul>\t\t\t\t\t\t\t\t<\/div>\n\t\t\t\t<\/div>\n\t\t\t\t<div class=\"elementor-element elementor-element-b53954c elementor-widget elementor-widget-heading\" data-id=\"b53954c\" data-element_type=\"widget\" data-e-type=\"widget\" data-widget_type=\"heading.default\">\n\t\t\t\t<div class=\"elementor-widget-container\">\n\t\t\t\t\t<h3 class=\"elementor-heading-title elementor-size-default\">Nouveaut\u00e9s v\u00e9los Filles Liv 2026<\/h3>\t\t\t\t<\/div>\n\t\t\t\t<\/div>\n\t\t\t\t\t<\/div>\n\t\t\t\t<\/div>\n\t\t<div class=\"elementor-element elementor-element-ae25224 e-flex e-con-boxed e-con e-parent\" data-id=\"ae25224\" data-element_type=\"container\" data-e-type=\"container\">\n\t\t\t\t\t<div class=\"e-con-inner\">\n\t\t\t\t<div class=\"elementor-element elementor-element-d0db456 elementor-widget elementor-widget-text-editor\" data-id=\"d0db456\" data-element_type=\"widget\" data-e-type=\"widget\" data-widget_type=\"text-editor.default\">\n\t\t\t\t<div class=\"elementor-widget-container\">\n\t\t\t\t\t\t\t\t\t<p>Apr\u00e8s l\u2019arriv\u00e9e r\u00e9cente de ses v\u00e9los de route pour enfants, <strong data-start=\"654\" data-end=\"661\">Liv<\/strong> poursuit sur sa lanc\u00e9e et annonce le renouvellement de deux autres mod\u00e8les d\u00e9di\u00e9s aux jeunes cyclistes pour 2026:<\/p><p>\u00a0<\/p><ul><li><a href=\"https:\/\/www.cycles-blain.com\/recherche?controller=search&amp;search_query=seek+2026\" target=\"_blank\" rel=\"noopener\">Seek\u00a0<\/a>LIV 2026 : v\u00e9lo route enfant (<a href=\"https:\/\/www.cycles-blain.com\/fr\/velo\/velo-route-enfant-giant-liv-seek-2026\/\" target=\"_blank\" rel=\"noopener\">En savoir plus<\/a>)\u00a0<\/li><li>Tempt Jr LIV 2026 : VTT enfant semi rigide<span style=\"font-size: 16px;\">\u00a0<\/span><\/li><li style=\"list-style-type: none;\">\u00a0<\/li><\/ul>\t\t\t\t\t\t\t\t<\/div>\n\t\t\t\t<\/div>\n\t\t\t\t\t<\/div>\n\t\t\t\t<\/div>\n\t\t<div class=\"elementor-element elementor-element-33f61d4 e-flex e-con-boxed e-con e-parent\" data-id=\"33f61d4\" data-element_type=\"container\" data-e-type=\"container\">\n\t\t\t\t\t<div class=\"e-con-inner\">\n\t\t\t\t<div class=\"elementor-element elementor-element-dfab3a0 elementor-align-center elementor-widget elementor-widget-button\" data-id=\"dfab3a0\" data-element_type=\"widget\" data-e-type=\"widget\" data-widget_type=\"button.default\">\n\t\t\t\t<div class=\"elementor-widget-container\">\n\t\t\t\t\t\t\t\t\t<div class=\"elementor-button-wrapper\">\n\t\t\t\t\t<a class=\"elementor-button elementor-button-link elementor-size-sm\" href=\"https:\/\/www.cycles-blain.com\/content\/65-magasins-velo-giant-liv-lyon\" target=\"_blank\">\n\t\t\t\t\t\t<span class=\"elementor-button-content-wrapper\">\n\t\t\t\t\t\t\t\t\t<span class=\"elementor-button-text\">Je trouve un magasin LIV<\/span>\n\t\t\t\t\t<\/span>\n\t\t\t\t\t<\/a>\n\t\t\t\t<\/div>\n\t\t\t\t\t\t\t\t<\/div>\n\t\t\t\t<\/div>\n\t\t\t\t\t<\/div>\n\t\t\t\t<\/div>\n\t\t<div class=\"elementor-element elementor-element-9098424 e-flex e-con-boxed e-con e-parent\" data-id=\"9098424\" data-element_type=\"container\" data-e-type=\"container\">\n\t\t\t\t\t<div class=\"e-con-inner\">\n\t\t\t\t<div class=\"elementor-element elementor-element-c9db1f2 elementor-widget elementor-widget-text-editor\" data-id=\"c9db1f2\" data-element_type=\"widget\" data-e-type=\"widget\" data-widget_type=\"text-editor.default\">\n\t\t\t\t<div class=\"elementor-widget-container\">\n\t\t\t\t\t\t\t\t\t<p><\/p>\n<p>A lire aussi :&nbsp;<\/p>\n<ul>\n<li><a href=\"https:\/\/www.cycles-blain.com\/fr\/velo\/nouvelle-collection-velo-giant-2026\/\" target=\"_blank\" rel=\"noopener\">Nouvelle collection V\u00e9lo Giant 2026<\/a><\/li>\n<li><a href=\"https:\/\/www.cycles-blain.com\/fr\/velo\/nouveautes-velos-cube-2026\/\" target=\"_blank\" rel=\"noopener\">Nouvelle collection V\u00e9lo Cube 2026<\/a><\/li>\n<li><a href=\"https:\/\/www.cycles-blain.com\/content\/100-guide-achat-meilleurs-velos-route-femmes\" target=\"_blank\" rel=\"noopener\">Guide des meilleurs v\u00e9los de route pour femmes<\/a><\/li><li><a href=\"https:\/\/www.cycles-blain.com\/content\/101-guide-achat-meilleurs-vtt-electriques-femmes\" target=\"_blank\">Guide des meilleurs VTT \u00e9lectriques pour femmes<\/a><\/li>\n<\/ul>\t\t\t\t\t\t\t\t<\/div>\n\t\t\t\t<\/div>\n\t\t\t\t\t<\/div>\n\t\t\t\t<\/div>\n\t\t\t\t<\/div>\n\t\t","protected":false},"excerpt":{"rendered":"<p>La nouvelle collection de v\u00e9lo femme Liv 2026 arrive dans nos magasins Liv sur Lyon : Venez d\u00e9couvrir les nouveaut\u00e9s Route, Gravel, Chemin, VTT, Ville, Enfants<\/p>\n","protected":false},"author":5,"featured_media":17231,"comment_status":"open","ping_status":"open","sticky":false,"template":"","format":"standard","meta":{"site-sidebar-layout":"default","site-content-layout":"","ast-site-content-layout":"default","site-content-style":"default","site-sidebar-style":"default","ast-global-header-display":"","ast-banner-title-visibility":"","ast-main-header-display":"","ast-hfb-above-header-display":"","ast-hfb-below-header-display":"","ast-hfb-mobile-header-display":"","site-post-title":"","ast-breadcrumbs-content":"","ast-featured-img":"","footer-sml-layout":"","theme-transparent-header-meta":"","adv-header-id-meta":"","stick-header-meta":"","header-above-stick-meta":"","header-main-stick-meta":"","header-below-stick-meta":"","astra-migrate-meta-layouts":"set","ast-page-background-enabled":"default","ast-page-background-meta":{"desktop":{"background-color":"","background-image":"","background-repeat":"repeat","background-position":"center center","background-size":"auto","background-attachment":"scroll","background-type":"","background-media":"","overlay-type":"","overlay-color":"","overlay-gradient":""},"tablet":{"background-color":"","background-image":"","background-repeat":"repeat","background-position":"center center","background-size":"auto","background-attachment":"scroll","background-type":"","background-media":"","overlay-type":"","overlay-color":"","overlay-gradient":""},"mobile":{"background-color":"","background-image":"","background-repeat":"repeat","background-position":"center center","background-size":"auto","background-attachment":"scroll","background-type":"","background-media":"","overlay-type":"","overlay-color":"","overlay-gradient":""}},"ast-content-background-meta":{"desktop":{"background-color":"var(--ast-global-color-5)","background-image":"","background-repeat":"repeat","background-position":"center center","background-size":"auto","background-attachment":"scroll","background-type":"","background-media":"","overlay-type":"","overlay-color":"","overlay-gradient":""},"tablet":{"background-color":"var(--ast-global-color-5)","background-image":"","background-repeat":"repeat","background-position":"center center","background-size":"auto","background-attachment":"scroll","background-type":"","background-media":"","overlay-type":"","overlay-color":"","overlay-gradient":""},"mobile":{"background-color":"var(--ast-global-color-5)","background-image":"","background-repeat":"repeat","background-position":"center center","background-size":"auto","background-attachment":"scroll","background-type":"","background-media":"","overlay-type":"","overlay-color":"","overlay-gradient":""}},"footnotes":""},"categories":[6,4,56,7,44,37,76,55,99,54,5],"tags":[262],"class_list":["post-17193","post","type-post","status-publish","format-standard","has-post-thumbnail","hentry","category-magasins-velo","category-velo","category-velo-gravel","category-magasin-brignais","category-magasin-lyon-3","category-magasin-saint-priest","category-magasin-vienne","category-velo-route","category-velo-enfant","category-vtc-electrique","category-vtt-electrique","tag-liv"],"yoast_head":"<!-- This site is optimized with the Yoast SEO plugin v27.5 - https:\/\/yoast.com\/product\/yoast-seo-wordpress\/ -->\n<title>Nouvelle Collection Liv 2026 - Route - VTT - Gravel - Chemin - Enfants - CYCLES BLAIN<\/title>\n<meta name=\"description\" content=\"La nouvelle collection v\u00e9lo Liv 2026 arrive dans nos magasins sur Lyon : D\u00e9couvrez les nouveaut\u00e9s Route, Gravel, Chemin, VTT, Ville, Enfants\" \/>\n<meta name=\"robots\" content=\"index, follow, max-snippet:-1, max-image-preview:large, max-video-preview:-1\" \/>\n<link rel=\"canonical\" href=\"https:\/\/www.cycles-blain.com\/fr\/velo\/nouvelle-collection-liv-2026-route-vtt-gravel-chemin-enfants\/\" \/>\n<meta property=\"og:locale\" content=\"fr_FR\" \/>\n<meta property=\"og:type\" content=\"article\" \/>\n<meta property=\"og:title\" content=\"Nouvelle Collection Liv 2026 - Route - VTT - Gravel - Chemin - Enfants - CYCLES BLAIN\" \/>\n<meta property=\"og:description\" content=\"La nouvelle collection v\u00e9lo Liv 2026 arrive dans nos magasins sur Lyon : D\u00e9couvrez les nouveaut\u00e9s Route, Gravel, Chemin, VTT, Ville, Enfants\" \/>\n<meta property=\"og:url\" content=\"https:\/\/www.cycles-blain.com\/fr\/velo\/nouvelle-collection-liv-2026-route-vtt-gravel-chemin-enfants\/\" \/>\n<meta property=\"og:site_name\" content=\"CyclesBlain - Magasins de v\u00e9los, accessoires et ateliers\" \/>\n<meta property=\"article:publisher\" content=\"https:\/\/www.facebook.com\/cyclesblain\/?locale=fr_FR\" \/>\n<meta property=\"article:published_time\" content=\"2025-09-23T12:45:53+00:00\" \/>\n<meta property=\"article:modified_time\" content=\"2026-02-20T16:29:05+00:00\" \/>\n<meta property=\"og:image\" content=\"https:\/\/www.cycles-blain.com\/fr\/wp-content\/uploads\/2025\/09\/Liv-nouveaute.jpeg\" \/>\n\t<meta property=\"og:image:width\" content=\"600\" \/>\n\t<meta property=\"og:image:height\" content=\"400\" \/>\n\t<meta property=\"og:image:type\" content=\"image\/jpeg\" \/>\n<meta name=\"author\" content=\"Manon\" \/>\n<meta name=\"twitter:card\" content=\"summary_large_image\" \/>\n<meta name=\"twitter:label1\" content=\"\u00c9crit par\" \/>\n\t<meta name=\"twitter:data1\" content=\"Manon\" \/>\n\t<meta name=\"twitter:label2\" content=\"Dur\u00e9e de lecture estim\u00e9e\" \/>\n\t<meta name=\"twitter:data2\" content=\"2 minutes\" \/>\n<script type=\"application\/ld+json\" class=\"yoast-schema-graph\">{\"@context\":\"https:\\\/\\\/schema.org\",\"@graph\":[{\"@type\":\"Article\",\"@id\":\"https:\\\/\\\/www.cycles-blain.com\\\/fr\\\/velo\\\/nouvelle-collection-liv-2026-route-vtt-gravel-chemin-enfants\\\/#article\",\"isPartOf\":{\"@id\":\"https:\\\/\\\/www.cycles-blain.com\\\/fr\\\/velo\\\/nouvelle-collection-liv-2026-route-vtt-gravel-chemin-enfants\\\/\"},\"author\":{\"name\":\"Manon\",\"@id\":\"https:\\\/\\\/www.cycles-blain.com\\\/fr\\\/#\\\/schema\\\/person\\\/f82a8c0c551dfc1b1a6ac68605ac9d3f\"},\"headline\":\"Nouvelle Collection Liv 2026 &#8211; Route &#8211; VTT &#8211; Gravel &#8211; Chemin &#8211; Enfants\",\"datePublished\":\"2025-09-23T12:45:53+00:00\",\"dateModified\":\"2026-02-20T16:29:05+00:00\",\"mainEntityOfPage\":{\"@id\":\"https:\\\/\\\/www.cycles-blain.com\\\/fr\\\/velo\\\/nouvelle-collection-liv-2026-route-vtt-gravel-chemin-enfants\\\/\"},\"wordCount\":420,\"commentCount\":0,\"publisher\":{\"@id\":\"https:\\\/\\\/www.cycles-blain.com\\\/fr\\\/#organization\"},\"image\":{\"@id\":\"https:\\\/\\\/www.cycles-blain.com\\\/fr\\\/velo\\\/nouvelle-collection-liv-2026-route-vtt-gravel-chemin-enfants\\\/#primaryimage\"},\"thumbnailUrl\":\"https:\\\/\\\/www.cycles-blain.com\\\/fr\\\/wp-content\\\/uploads\\\/2025\\\/09\\\/Liv-nouveaute.jpeg\",\"keywords\":[\"LIV\"],\"articleSection\":[\"Actus Magasins\",\"Actus V\u00e9lo\",\"Gravel\",\"Magasin Brignais\",\"Magasin Lyon Centre\",\"Magasin St Priest\",\"Magasin Vienne\",\"V\u00e9lo de route\",\"Velo enfant\",\"VTC Electrique\",\"VTT Electrique\"],\"inLanguage\":\"fr-FR\",\"potentialAction\":[{\"@type\":\"CommentAction\",\"name\":\"Comment\",\"target\":[\"https:\\\/\\\/www.cycles-blain.com\\\/fr\\\/velo\\\/nouvelle-collection-liv-2026-route-vtt-gravel-chemin-enfants\\\/#respond\"]}]},{\"@type\":\"WebPage\",\"@id\":\"https:\\\/\\\/www.cycles-blain.com\\\/fr\\\/velo\\\/nouvelle-collection-liv-2026-route-vtt-gravel-chemin-enfants\\\/\",\"url\":\"https:\\\/\\\/www.cycles-blain.com\\\/fr\\\/velo\\\/nouvelle-collection-liv-2026-route-vtt-gravel-chemin-enfants\\\/\",\"name\":\"Nouvelle Collection Liv 2026 - Route - VTT - Gravel - Chemin - Enfants - CYCLES BLAIN\",\"isPartOf\":{\"@id\":\"https:\\\/\\\/www.cycles-blain.com\\\/fr\\\/#website\"},\"primaryImageOfPage\":{\"@id\":\"https:\\\/\\\/www.cycles-blain.com\\\/fr\\\/velo\\\/nouvelle-collection-liv-2026-route-vtt-gravel-chemin-enfants\\\/#primaryimage\"},\"image\":{\"@id\":\"https:\\\/\\\/www.cycles-blain.com\\\/fr\\\/velo\\\/nouvelle-collection-liv-2026-route-vtt-gravel-chemin-enfants\\\/#primaryimage\"},\"thumbnailUrl\":\"https:\\\/\\\/www.cycles-blain.com\\\/fr\\\/wp-content\\\/uploads\\\/2025\\\/09\\\/Liv-nouveaute.jpeg\",\"datePublished\":\"2025-09-23T12:45:53+00:00\",\"dateModified\":\"2026-02-20T16:29:05+00:00\",\"description\":\"La nouvelle collection v\u00e9lo Liv 2026 arrive dans nos magasins sur Lyon : D\u00e9couvrez les nouveaut\u00e9s Route, Gravel, Chemin, VTT, Ville, Enfants\",\"breadcrumb\":{\"@id\":\"https:\\\/\\\/www.cycles-blain.com\\\/fr\\\/velo\\\/nouvelle-collection-liv-2026-route-vtt-gravel-chemin-enfants\\\/#breadcrumb\"},\"inLanguage\":\"fr-FR\",\"potentialAction\":[{\"@type\":\"ReadAction\",\"target\":[\"https:\\\/\\\/www.cycles-blain.com\\\/fr\\\/velo\\\/nouvelle-collection-liv-2026-route-vtt-gravel-chemin-enfants\\\/\"]}]},{\"@type\":\"ImageObject\",\"inLanguage\":\"fr-FR\",\"@id\":\"https:\\\/\\\/www.cycles-blain.com\\\/fr\\\/velo\\\/nouvelle-collection-liv-2026-route-vtt-gravel-chemin-enfants\\\/#primaryimage\",\"url\":\"https:\\\/\\\/www.cycles-blain.com\\\/fr\\\/wp-content\\\/uploads\\\/2025\\\/09\\\/Liv-nouveaute.jpeg\",\"contentUrl\":\"https:\\\/\\\/www.cycles-blain.com\\\/fr\\\/wp-content\\\/uploads\\\/2025\\\/09\\\/Liv-nouveaute.jpeg\",\"width\":600,\"height\":400},{\"@type\":\"BreadcrumbList\",\"@id\":\"https:\\\/\\\/www.cycles-blain.com\\\/fr\\\/velo\\\/nouvelle-collection-liv-2026-route-vtt-gravel-chemin-enfants\\\/#breadcrumb\",\"itemListElement\":[{\"@type\":\"ListItem\",\"position\":1,\"name\":\"Accueil\",\"item\":\"https:\\\/\\\/www.cycles-blain.com\\\/fr\\\/\"},{\"@type\":\"ListItem\",\"position\":2,\"name\":\"Nouvelle Collection Liv 2026 &#8211; Route &#8211; VTT &#8211; Gravel &#8211; Chemin &#8211; Enfants\"}]},{\"@type\":\"WebSite\",\"@id\":\"https:\\\/\\\/www.cycles-blain.com\\\/fr\\\/#website\",\"url\":\"https:\\\/\\\/www.cycles-blain.com\\\/fr\\\/\",\"name\":\"CyclesBlain - Magasins de v\u00e9los, accessoires et ateliers\",\"description\":\"Blog Cycles Blain\",\"publisher\":{\"@id\":\"https:\\\/\\\/www.cycles-blain.com\\\/fr\\\/#organization\"},\"potentialAction\":[{\"@type\":\"SearchAction\",\"target\":{\"@type\":\"EntryPoint\",\"urlTemplate\":\"https:\\\/\\\/www.cycles-blain.com\\\/fr\\\/?s={search_term_string}\"},\"query-input\":{\"@type\":\"PropertyValueSpecification\",\"valueRequired\":true,\"valueName\":\"search_term_string\"}}],\"inLanguage\":\"fr-FR\"},{\"@type\":\"Organization\",\"@id\":\"https:\\\/\\\/www.cycles-blain.com\\\/fr\\\/#organization\",\"name\":\"CyclesBlain - Magasins de v\u00e9los, accessoires et ateliers\",\"url\":\"https:\\\/\\\/www.cycles-blain.com\\\/fr\\\/\",\"logo\":{\"@type\":\"ImageObject\",\"inLanguage\":\"fr-FR\",\"@id\":\"https:\\\/\\\/www.cycles-blain.com\\\/fr\\\/#\\\/schema\\\/logo\\\/image\\\/\",\"url\":\"https:\\\/\\\/www.cycles-blain.com\\\/fr\\\/wp-content\\\/uploads\\\/2023\\\/10\\\/logo-cycles-blain.jpeg\",\"contentUrl\":\"https:\\\/\\\/www.cycles-blain.com\\\/fr\\\/wp-content\\\/uploads\\\/2023\\\/10\\\/logo-cycles-blain.jpeg\",\"width\":264,\"height\":191,\"caption\":\"CyclesBlain - Magasins de v\u00e9los, accessoires et ateliers\"},\"image\":{\"@id\":\"https:\\\/\\\/www.cycles-blain.com\\\/fr\\\/#\\\/schema\\\/logo\\\/image\\\/\"},\"sameAs\":[\"https:\\\/\\\/www.facebook.com\\\/cyclesblain\\\/?locale=fr_FR\",\"https:\\\/\\\/www.instagram.com\\\/cycles_blain\\\/?hl=fr\"]},{\"@type\":\"Person\",\"@id\":\"https:\\\/\\\/www.cycles-blain.com\\\/fr\\\/#\\\/schema\\\/person\\\/f82a8c0c551dfc1b1a6ac68605ac9d3f\",\"name\":\"Manon\",\"image\":{\"@type\":\"ImageObject\",\"inLanguage\":\"fr-FR\",\"@id\":\"https:\\\/\\\/secure.gravatar.com\\\/avatar\\\/de5471c82d19e75ec403090373707e8b781572e44c2e6135042a1e6a16f3b379?s=96&d=mm&r=g\",\"url\":\"https:\\\/\\\/secure.gravatar.com\\\/avatar\\\/de5471c82d19e75ec403090373707e8b781572e44c2e6135042a1e6a16f3b379?s=96&d=mm&r=g\",\"contentUrl\":\"https:\\\/\\\/secure.gravatar.com\\\/avatar\\\/de5471c82d19e75ec403090373707e8b781572e44c2e6135042a1e6a16f3b379?s=96&d=mm&r=g\",\"caption\":\"Manon\"},\"url\":\"https:\\\/\\\/www.cycles-blain.com\\\/fr\\\/author\\\/manon\\\/\"}]}<\/script>\n<!-- \/ Yoast SEO plugin. -->","yoast_head_json":{"title":"Nouvelle Collection Liv 2026 - Route - VTT - Gravel - Chemin - Enfants - CYCLES BLAIN","description":"La nouvelle collection v\u00e9lo Liv 2026 arrive dans nos magasins sur Lyon : D\u00e9couvrez les nouveaut\u00e9s Route, Gravel, Chemin, VTT, Ville, Enfants","robots":{"index":"index","follow":"follow","max-snippet":"max-snippet:-1","max-image-preview":"max-image-preview:large","max-video-preview":"max-video-preview:-1"},"canonical":"https:\/\/www.cycles-blain.com\/fr\/velo\/nouvelle-collection-liv-2026-route-vtt-gravel-chemin-enfants\/","og_locale":"fr_FR","og_type":"article","og_title":"Nouvelle Collection Liv 2026 - Route - VTT - Gravel - Chemin - Enfants - CYCLES BLAIN","og_description":"La nouvelle collection v\u00e9lo Liv 2026 arrive dans nos magasins sur Lyon : D\u00e9couvrez les nouveaut\u00e9s Route, Gravel, Chemin, VTT, Ville, Enfants","og_url":"https:\/\/www.cycles-blain.com\/fr\/velo\/nouvelle-collection-liv-2026-route-vtt-gravel-chemin-enfants\/","og_site_name":"CyclesBlain - Magasins de v\u00e9los, accessoires et ateliers","article_publisher":"https:\/\/www.facebook.com\/cyclesblain\/?locale=fr_FR","article_published_time":"2025-09-23T12:45:53+00:00","article_modified_time":"2026-02-20T16:29:05+00:00","og_image":[{"width":600,"height":400,"url":"https:\/\/www.cycles-blain.com\/fr\/wp-content\/uploads\/2025\/09\/Liv-nouveaute.jpeg","type":"image\/jpeg"}],"author":"Manon","twitter_card":"summary_large_image","twitter_misc":{"\u00c9crit par":"Manon","Dur\u00e9e de lecture estim\u00e9e":"2 minutes"},"schema":{"@context":"https:\/\/schema.org","@graph":[{"@type":"Article","@id":"https:\/\/www.cycles-blain.com\/fr\/velo\/nouvelle-collection-liv-2026-route-vtt-gravel-chemin-enfants\/#article","isPartOf":{"@id":"https:\/\/www.cycles-blain.com\/fr\/velo\/nouvelle-collection-liv-2026-route-vtt-gravel-chemin-enfants\/"},"author":{"name":"Manon","@id":"https:\/\/www.cycles-blain.com\/fr\/#\/schema\/person\/f82a8c0c551dfc1b1a6ac68605ac9d3f"},"headline":"Nouvelle Collection Liv 2026 &#8211; Route &#8211; VTT &#8211; Gravel &#8211; Chemin &#8211; Enfants","datePublished":"2025-09-23T12:45:53+00:00","dateModified":"2026-02-20T16:29:05+00:00","mainEntityOfPage":{"@id":"https:\/\/www.cycles-blain.com\/fr\/velo\/nouvelle-collection-liv-2026-route-vtt-gravel-chemin-enfants\/"},"wordCount":420,"commentCount":0,"publisher":{"@id":"https:\/\/www.cycles-blain.com\/fr\/#organization"},"image":{"@id":"https:\/\/www.cycles-blain.com\/fr\/velo\/nouvelle-collection-liv-2026-route-vtt-gravel-chemin-enfants\/#primaryimage"},"thumbnailUrl":"https:\/\/www.cycles-blain.com\/fr\/wp-content\/uploads\/2025\/09\/Liv-nouveaute.jpeg","keywords":["LIV"],"articleSection":["Actus Magasins","Actus V\u00e9lo","Gravel","Magasin Brignais","Magasin Lyon Centre","Magasin St Priest","Magasin Vienne","V\u00e9lo de route","Velo enfant","VTC Electrique","VTT Electrique"],"inLanguage":"fr-FR","potentialAction":[{"@type":"CommentAction","name":"Comment","target":["https:\/\/www.cycles-blain.com\/fr\/velo\/nouvelle-collection-liv-2026-route-vtt-gravel-chemin-enfants\/#respond"]}]},{"@type":"WebPage","@id":"https:\/\/www.cycles-blain.com\/fr\/velo\/nouvelle-collection-liv-2026-route-vtt-gravel-chemin-enfants\/","url":"https:\/\/www.cycles-blain.com\/fr\/velo\/nouvelle-collection-liv-2026-route-vtt-gravel-chemin-enfants\/","name":"Nouvelle Collection Liv 2026 - Route - VTT - Gravel - Chemin - Enfants - CYCLES BLAIN","isPartOf":{"@id":"https:\/\/www.cycles-blain.com\/fr\/#website"},"primaryImageOfPage":{"@id":"https:\/\/www.cycles-blain.com\/fr\/velo\/nouvelle-collection-liv-2026-route-vtt-gravel-chemin-enfants\/#primaryimage"},"image":{"@id":"https:\/\/www.cycles-blain.com\/fr\/velo\/nouvelle-collection-liv-2026-route-vtt-gravel-chemin-enfants\/#primaryimage"},"thumbnailUrl":"https:\/\/www.cycles-blain.com\/fr\/wp-content\/uploads\/2025\/09\/Liv-nouveaute.jpeg","datePublished":"2025-09-23T12:45:53+00:00","dateModified":"2026-02-20T16:29:05+00:00","description":"La nouvelle collection v\u00e9lo Liv 2026 arrive dans nos magasins sur Lyon : D\u00e9couvrez les nouveaut\u00e9s Route, Gravel, Chemin, VTT, Ville, Enfants","breadcrumb":{"@id":"https:\/\/www.cycles-blain.com\/fr\/velo\/nouvelle-collection-liv-2026-route-vtt-gravel-chemin-enfants\/#breadcrumb"},"inLanguage":"fr-FR","potentialAction":[{"@type":"ReadAction","target":["https:\/\/www.cycles-blain.com\/fr\/velo\/nouvelle-collection-liv-2026-route-vtt-gravel-chemin-enfants\/"]}]},{"@type":"ImageObject","inLanguage":"fr-FR","@id":"https:\/\/www.cycles-blain.com\/fr\/velo\/nouvelle-collection-liv-2026-route-vtt-gravel-chemin-enfants\/#primaryimage","url":"https:\/\/www.cycles-blain.com\/fr\/wp-content\/uploads\/2025\/09\/Liv-nouveaute.jpeg","contentUrl":"https:\/\/www.cycles-blain.com\/fr\/wp-content\/uploads\/2025\/09\/Liv-nouveaute.jpeg","width":600,"height":400},{"@type":"BreadcrumbList","@id":"https:\/\/www.cycles-blain.com\/fr\/velo\/nouvelle-collection-liv-2026-route-vtt-gravel-chemin-enfants\/#breadcrumb","itemListElement":[{"@type":"ListItem","position":1,"name":"Accueil","item":"https:\/\/www.cycles-blain.com\/fr\/"},{"@type":"ListItem","position":2,"name":"Nouvelle Collection Liv 2026 &#8211; Route &#8211; VTT &#8211; Gravel &#8211; Chemin &#8211; Enfants"}]},{"@type":"WebSite","@id":"https:\/\/www.cycles-blain.com\/fr\/#website","url":"https:\/\/www.cycles-blain.com\/fr\/","name":"CyclesBlain - Magasins de v\u00e9los, accessoires et ateliers","description":"Blog Cycles Blain","publisher":{"@id":"https:\/\/www.cycles-blain.com\/fr\/#organization"},"potentialAction":[{"@type":"SearchAction","target":{"@type":"EntryPoint","urlTemplate":"https:\/\/www.cycles-blain.com\/fr\/?s={search_term_string}"},"query-input":{"@type":"PropertyValueSpecification","valueRequired":true,"valueName":"search_term_string"}}],"inLanguage":"fr-FR"},{"@type":"Organization","@id":"https:\/\/www.cycles-blain.com\/fr\/#organization","name":"CyclesBlain - Magasins de v\u00e9los, accessoires et ateliers","url":"https:\/\/www.cycles-blain.com\/fr\/","logo":{"@type":"ImageObject","inLanguage":"fr-FR","@id":"https:\/\/www.cycles-blain.com\/fr\/#\/schema\/logo\/image\/","url":"https:\/\/www.cycles-blain.com\/fr\/wp-content\/uploads\/2023\/10\/logo-cycles-blain.jpeg","contentUrl":"https:\/\/www.cycles-blain.com\/fr\/wp-content\/uploads\/2023\/10\/logo-cycles-blain.jpeg","width":264,"height":191,"caption":"CyclesBlain - Magasins de v\u00e9los, accessoires et ateliers"},"image":{"@id":"https:\/\/www.cycles-blain.com\/fr\/#\/schema\/logo\/image\/"},"sameAs":["https:\/\/www.facebook.com\/cyclesblain\/?locale=fr_FR","https:\/\/www.instagram.com\/cycles_blain\/?hl=fr"]},{"@type":"Person","@id":"https:\/\/www.cycles-blain.com\/fr\/#\/schema\/person\/f82a8c0c551dfc1b1a6ac68605ac9d3f","name":"Manon","image":{"@type":"ImageObject","inLanguage":"fr-FR","@id":"https:\/\/secure.gravatar.com\/avatar\/de5471c82d19e75ec403090373707e8b781572e44c2e6135042a1e6a16f3b379?s=96&d=mm&r=g","url":"https:\/\/secure.gravatar.com\/avatar\/de5471c82d19e75ec403090373707e8b781572e44c2e6135042a1e6a16f3b379?s=96&d=mm&r=g","contentUrl":"https:\/\/secure.gravatar.com\/avatar\/de5471c82d19e75ec403090373707e8b781572e44c2e6135042a1e6a16f3b379?s=96&d=mm&r=g","caption":"Manon"},"url":"https:\/\/www.cycles-blain.com\/fr\/author\/manon\/"}]}},"_links":{"self":[{"href":"https:\/\/www.cycles-blain.com\/fr\/wp-json\/wp\/v2\/posts\/17193","targetHints":{"allow":["GET"]}}],"collection":[{"href":"https:\/\/www.cycles-blain.com\/fr\/wp-json\/wp\/v2\/posts"}],"about":[{"href":"https:\/\/www.cycles-blain.com\/fr\/wp-json\/wp\/v2\/types\/post"}],"author":[{"embeddable":true,"href":"https:\/\/www.cycles-blain.com\/fr\/wp-json\/wp\/v2\/users\/5"}],"replies":[{"embeddable":true,"href":"https:\/\/www.cycles-blain.com\/fr\/wp-json\/wp\/v2\/comments?post=17193"}],"version-history":[{"count":39,"href":"https:\/\/www.cycles-blain.com\/fr\/wp-json\/wp\/v2\/posts\/17193\/revisions"}],"predecessor-version":[{"id":20237,"href":"https:\/\/www.cycles-blain.com\/fr\/wp-json\/wp\/v2\/posts\/17193\/revisions\/20237"}],"wp:featuredmedia":[{"embeddable":true,"href":"https:\/\/www.cycles-blain.com\/fr\/wp-json\/wp\/v2\/media\/17231"}],"wp:attachment":[{"href":"https:\/\/www.cycles-blain.com\/fr\/wp-json\/wp\/v2\/media?parent=17193"}],"wp:term":[{"taxonomy":"category","embeddable":true,"href":"https:\/\/www.cycles-blain.com\/fr\/wp-json\/wp\/v2\/categories?post=17193"},{"taxonomy":"post_tag","embeddable":true,"href":"https:\/\/www.cycles-blain.com\/fr\/wp-json\/wp\/v2\/tags?post=17193"}],"curies":[{"name":"wp","href":"https:\/\/api.w.org\/{rel}","templated":true}]}}