{"id":17327,"date":"2025-09-30T11:53:53","date_gmt":"2025-09-30T09:53:53","guid":{"rendered":"https:\/\/www.cycles-blain.com\/fr\/?p=17327"},"modified":"2025-09-30T16:53:43","modified_gmt":"2025-09-30T14:53:43","slug":"notre-selection-cadeaux-fetes-des-grands-peres","status":"publish","type":"post","link":"https:\/\/www.cycles-blain.com\/fr\/promotions-velo\/notre-selection-cadeaux-fetes-des-grands-peres\/","title":{"rendered":"Nos id\u00e9es cadeaux pour la F\u00eate des Grands-p\u00e8res !"},"content":{"rendered":"\t\t<div data-elementor-type=\"wp-post\" data-elementor-id=\"17327\" class=\"elementor elementor-17327\" data-elementor-post-type=\"post\">\n\t\t\t\t<div class=\"elementor-element elementor-element-9a28aca e-flex e-con-boxed e-con e-parent\" data-id=\"9a28aca\" data-element_type=\"container\" data-e-type=\"container\">\n\t\t\t\t\t<div class=\"e-con-inner\">\n\t\t\t\t<div class=\"elementor-element elementor-element-74accde elementor-widget elementor-widget-text-editor\" data-id=\"74accde\" data-element_type=\"widget\" data-e-type=\"widget\" data-widget_type=\"text-editor.default\">\n\t\t\t\t<div class=\"elementor-widget-container\">\n\t\t\t\t\t\t\t\t\t<p><em>Pour la F\u00eate des Grands-P\u00e8res 2026, nous vous avons s\u00e9lectionn\u00e9 quelques produits pour que Papi roule bien \u00e9quip\u00e9 et en s\u00e9curit\u00e9 (m\u00eame pour aller acheter le pain) \ud83d\udeb4\u200d\u2642\ufe0f\u2728<\/em><\/p>\t\t\t\t\t\t\t\t<\/div>\n\t\t\t\t<\/div>\n\t\t\t\t<div class=\"elementor-element elementor-element-6b73804 elementor-widget elementor-widget-heading\" data-id=\"6b73804\" data-element_type=\"widget\" data-e-type=\"widget\" data-widget_type=\"heading.default\">\n\t\t\t\t<div class=\"elementor-widget-container\">\n\t\t\t\t\t<h4 class=\"elementor-heading-title elementor-size-default\">\ud83c\udf06 Casque v\u00e9lo <\/h4>\t\t\t\t<\/div>\n\t\t\t\t<\/div>\n\t\t\t\t<div class=\"elementor-element elementor-element-0a4bd28 elementor-widget elementor-widget-text-editor\" data-id=\"0a4bd28\" data-element_type=\"widget\" data-e-type=\"widget\" data-widget_type=\"text-editor.default\">\n\t\t\t\t<div class=\"elementor-widget-container\">\n\t\t\t\t\t\t\t\t\t<ul><li><a href=\"https:\/\/www.cycles-blain.com\/casque-velo-route\/1087-1375-crossover-noir-casque-route-met-8015190283654.html#\/115-taille-52_59_cm\" target=\"_blank\" rel=\"noopener\"><strong>CROSSOVER NOIR &#8211; Met:<\/strong><\/a> Le Crossover, avec son design \u00e9pur\u00e9, allie s\u00e9curit\u00e9, confort et style. La polyvalence \u00e9tant au c\u0153ur de sa conception, il devient le compagnon id\u00e9al des grands-p\u00e8res : que ce soit pour une balade en ville afin de rester actif ou pour une sortie sur les sentiers avec les petits-enfants. Un casque parfait pour les grands-p\u00e8res qui recherchent la s\u00e9curit\u00e9\u2026 tout en restant styl\u00e9s.\ud83d\ude0e<\/li><\/ul>\t\t\t\t\t\t\t\t<\/div>\n\t\t\t\t<\/div>\n\t\t\t\t<div class=\"elementor-element elementor-element-12dcb72 elementor-skin-carousel elementor-arrows-yes elementor-pagination-type-bullets elementor-pagination-position-outside elementor-widget elementor-widget-media-carousel\" data-id=\"12dcb72\" data-element_type=\"widget\" data-e-type=\"widget\" data-settings=\"{&quot;space_between&quot;:{&quot;unit&quot;:&quot;px&quot;,&quot;size&quot;:4,&quot;sizes&quot;:[]},&quot;skin&quot;:&quot;carousel&quot;,&quot;effect&quot;:&quot;slide&quot;,&quot;show_arrows&quot;:&quot;yes&quot;,&quot;pagination&quot;:&quot;bullets&quot;,&quot;speed&quot;:500,&quot;autoplay&quot;:&quot;yes&quot;,&quot;autoplay_speed&quot;:5000,&quot;loop&quot;:&quot;yes&quot;,&quot;pause_on_hover&quot;:&quot;yes&quot;,&quot;pause_on_interaction&quot;:&quot;yes&quot;,&quot;space_between_tablet&quot;:{&quot;unit&quot;:&quot;px&quot;,&quot;size&quot;:10,&quot;sizes&quot;:[]},&quot;space_between_mobile&quot;:{&quot;unit&quot;:&quot;px&quot;,&quot;size&quot;:10,&quot;sizes&quot;:[]}}\" data-widget_type=\"media-carousel.default\">\n\t\t\t\t<div class=\"elementor-widget-container\">\n\t\t\t\t\t\t\t\t\t<div class=\"elementor-swiper\">\n\t\t\t\t\t<div class=\"elementor-main-swiper swiper\" role=\"region\" aria-roledescription=\"carousel\" aria-label=\"Diapositives\">\n\t\t\t\t<div class=\"swiper-wrapper\">\n\t\t\t\t\t\t\t\t\t\t\t<div class=\"swiper-slide\" role=\"group\" aria-roledescription=\"slide\">\n\t\t\t\t\t\t\t<a href=\"https:\/\/www.cycles-blain.com\/casque-velo-route\/1087-1375-crossover-noir-casque-route-met-8015190283654.html#\/115-taille-52_59_cm\" target=\"_blank\">\t\t<div class=\"elementor-carousel-image\" role=\"img\" aria-label=\"Casque croossover noir- met\" style=\"background-image: url(&#039;https:\/\/www.cycles-blain.com\/fr\/wp-content\/uploads\/2025\/09\/crossover-noir-casque-route-met.jpg&#039;)\">\n\n\t\t\t\n\t\t\t\t\t<\/div>\n\t\t<\/a>\t\t\t\t\t\t<\/div>\n\t\t\t\t\t\t\t\t\t\t\t<div class=\"swiper-slide\" role=\"group\" aria-roledescription=\"slide\">\n\t\t\t\t\t\t\t<a href=\"https:\/\/www.cycles-blain.com\/casque-velo-route\/1087-1375-crossover-noir-casque-route-met-8015190283654.html#\/115-taille-52_59_cm\" target=\"_blank\">\t\t<div class=\"elementor-carousel-image\" role=\"img\" aria-label=\"casque crossover noir de dos\" style=\"background-image: url(&#039;https:\/\/www.cycles-blain.com\/fr\/wp-content\/uploads\/2025\/09\/crossover-noir-casque-route-met-2.jpeg&#039;)\">\n\n\t\t\t\n\t\t\t\t\t<\/div>\n\t\t<\/a>\t\t\t\t\t\t<\/div>\n\t\t\t\t\t\t\t\t\t<\/div>\n\t\t\t\t\t\t\t\t\t\t\t\t\t\t\t<div class=\"elementor-swiper-button elementor-swiper-button-prev\" role=\"button\" tabindex=\"0\" aria-label=\"Pr\u00e9c\u00e9dent\">\n\t\t\t\t\t\t\t<i aria-hidden=\"true\" class=\"eicon-chevron-left\"><\/i>\t\t\t\t\t\t<\/div>\n\t\t\t\t\t\t<div class=\"elementor-swiper-button elementor-swiper-button-next\" role=\"button\" tabindex=\"0\" aria-label=\"Suivant\">\n\t\t\t\t\t\t\t<i aria-hidden=\"true\" class=\"eicon-chevron-right\"><\/i>\t\t\t\t\t\t<\/div>\n\t\t\t\t\t\t\t\t\t\t\t\t\t\t\t\t<div class=\"swiper-pagination\"><\/div>\n\t\t\t\t\t\t\t\t\t\t\t\t<\/div>\n\t\t\t\t<\/div>\n\t\t\t\t\t\t\t\t<\/div>\n\t\t\t\t<\/div>\n\t\t\t\t<div class=\"elementor-element elementor-element-742c8aa elementor-align-center elementor-widget elementor-widget-button\" data-id=\"742c8aa\" data-element_type=\"widget\" data-e-type=\"widget\" data-widget_type=\"button.default\">\n\t\t\t\t<div class=\"elementor-widget-container\">\n\t\t\t\t\t\t\t\t\t<div class=\"elementor-button-wrapper\">\n\t\t\t\t\t<a class=\"elementor-button elementor-button-link elementor-size-sm\" href=\"https:\/\/www.cycles-blain.com\/99-casque-velo\" target=\"_blank\">\n\t\t\t\t\t\t<span class=\"elementor-button-content-wrapper\">\n\t\t\t\t\t\t\t\t\t<span class=\"elementor-button-text\">casques disponibles <\/span>\n\t\t\t\t\t<\/span>\n\t\t\t\t\t<\/a>\n\t\t\t\t<\/div>\n\t\t\t\t\t\t\t\t<\/div>\n\t\t\t\t<\/div>\n\t\t\t\t<div class=\"elementor-element elementor-element-e7a5689 elementor-widget elementor-widget-heading\" data-id=\"e7a5689\" data-element_type=\"widget\" data-e-type=\"widget\" data-widget_type=\"heading.default\">\n\t\t\t\t<div class=\"elementor-widget-container\">\n\t\t\t\t\t<h4 class=\"elementor-heading-title elementor-size-default\">\ud83e\uddfcUn kit nettoyant<\/h4>\t\t\t\t<\/div>\n\t\t\t\t<\/div>\n\t\t\t\t<div class=\"elementor-element elementor-element-79f9323 elementor-widget elementor-widget-text-editor\" data-id=\"79f9323\" data-element_type=\"widget\" data-e-type=\"widget\" data-widget_type=\"text-editor.default\">\n\t\t\t\t<div class=\"elementor-widget-container\">\n\t\t\t\t\t\t\t\t\t<ul><li><a href=\"https:\/\/www.cycles-blain.com\/outillage-entretien-velo\/1075-kit-nettoyant-protection-lubrification-velo-muc-off.html\" target=\"_blank\" rel=\"noopener\">Kit Nettoyant &#8211; Muc Off:<\/a> Entretenir son v\u00e9lo est essentiel pour le garder plus longtemps, et en bon \u00e9tat. Ce kit permettra \u00e0 votre grand-p\u00e8re d&rsquo;entretenir son v\u00e9lo en quelques minutes, pour que chacune de ses balades restent agr\u00e9ables. Vous y retrouverez un produit de nettoyage, qui permet d&rsquo;enlever la boue, la poussi\u00e8re et les r\u00e9sidus de la route en un clin d\u2019\u0153il. Un spray protecteur qui emp\u00eache l\u2019humidit\u00e9, la rouille et la corrosion de s\u2019installer. Et enfin, un lubrifiant pour une cha\u00eene fluide et silencieuse, et des composants qui durent plus longtemps.<\/li><\/ul>\t\t\t\t\t\t\t\t<\/div>\n\t\t\t\t<\/div>\n\t\t\t\t<div class=\"elementor-element elementor-element-1b8d65c elementor-widget elementor-widget-image\" data-id=\"1b8d65c\" data-element_type=\"widget\" data-e-type=\"widget\" data-widget_type=\"image.default\">\n\t\t\t\t<div class=\"elementor-widget-container\">\n\t\t\t\t\t\t\t\t\t\t\t\t\t\t\t\t<a href=\"https:\/\/www.cycles-blain.com\/outillage-entretien-velo\/1075-kit-nettoyant-protection-lubrification-velo-muc-off.html\" target=\"_blank\">\n\t\t\t\t\t\t\t<img fetchpriority=\"high\" decoding=\"async\" width=\"900\" height=\"900\" src=\"https:\/\/www.cycles-blain.com\/fr\/wp-content\/uploads\/2025\/09\/kit-nettoyant-protection-lubrification-velo-muc-off.jpg\" class=\"attachment-large size-large wp-image-17350\" alt=\"kit nettoyant\" srcset=\"https:\/\/www.cycles-blain.com\/fr\/wp-content\/uploads\/2025\/09\/kit-nettoyant-protection-lubrification-velo-muc-off.jpg 900w, https:\/\/www.cycles-blain.com\/fr\/wp-content\/uploads\/2025\/09\/kit-nettoyant-protection-lubrification-velo-muc-off-300x300.jpg 300w, https:\/\/www.cycles-blain.com\/fr\/wp-content\/uploads\/2025\/09\/kit-nettoyant-protection-lubrification-velo-muc-off-150x150.jpg 150w, https:\/\/www.cycles-blain.com\/fr\/wp-content\/uploads\/2025\/09\/kit-nettoyant-protection-lubrification-velo-muc-off-768x768.jpg 768w\" sizes=\"(max-width: 900px) 100vw, 900px\" \/>\t\t\t\t\t\t\t\t<\/a>\n\t\t\t\t\t\t\t\t\t\t\t\t\t\t\t<\/div>\n\t\t\t\t<\/div>\n\t\t\t\t<div class=\"elementor-element elementor-element-3851a90 elementor-align-center elementor-widget elementor-widget-button\" data-id=\"3851a90\" data-element_type=\"widget\" data-e-type=\"widget\" data-widget_type=\"button.default\">\n\t\t\t\t<div class=\"elementor-widget-container\">\n\t\t\t\t\t\t\t\t\t<div class=\"elementor-button-wrapper\">\n\t\t\t\t\t<a class=\"elementor-button elementor-button-link elementor-size-sm\" href=\"https:\/\/www.cycles-blain.com\/89-outillage-entretien-velo\" target=\"_blank\">\n\t\t\t\t\t\t<span class=\"elementor-button-content-wrapper\">\n\t\t\t\t\t\t\t\t\t<span class=\"elementor-button-text\">Outillages et Entretien v\u00e9lo<\/span>\n\t\t\t\t\t<\/span>\n\t\t\t\t\t<\/a>\n\t\t\t\t<\/div>\n\t\t\t\t\t\t\t\t<\/div>\n\t\t\t\t<\/div>\n\t\t\t\t<div class=\"elementor-element elementor-element-791a544 elementor-widget elementor-widget-heading\" data-id=\"791a544\" data-element_type=\"widget\" data-e-type=\"widget\" data-widget_type=\"heading.default\">\n\t\t\t\t<div class=\"elementor-widget-container\">\n\t\t\t\t\t<h4 class=\"elementor-heading-title elementor-size-default\">\ud83d\udc5dPanier pour v\u00e9lo<\/h4>\t\t\t\t<\/div>\n\t\t\t\t<\/div>\n\t\t\t\t<div class=\"elementor-element elementor-element-2ab03a3 elementor-widget elementor-widget-text-editor\" data-id=\"2ab03a3\" data-element_type=\"widget\" data-e-type=\"widget\" data-widget_type=\"text-editor.default\">\n\t\t\t\t<div class=\"elementor-widget-container\">\n\t\t\t\t\t\t\t\t\t<ul>\n<li><a href=\"https:\/\/www.cycles-blain.com\/bagage-velo\/125-panier-avt-structura-schilf-gris-4030572104758.html\" target=\"_blank\" rel=\"noopener\">PANIER AVT STRUCTURA SCHILF &#8211; <\/a><span style=\"font-size: 16px;\"><a href=\"_wp_link_placeholder\">Klickfix<\/a>:<\/span><span style=\"font-size: 16px;\"> Fabriqu\u00e9 en bandes plastiques tress\u00e9es, ce panier est r\u00e9sistant \u00e0 l\u2019eau et aux intemp\u00e9ries, parfait pour accompagner toutes les balades de votre grand-p\u00e8re. Sa hauteur r\u00e9glable permet de l\u2019adapter \u00e0 tous les besoins, aussi bien pour r\u00e9cup\u00e9rer le pain du matin, que pour transporter les courses. Un cadeau pratique et \u00e9l\u00e9gant qui rendra les sorties de papi encore plus agr\u00e9ables.\ud83c\udf40<\/span><\/li>\n<\/ul>\t\t\t\t\t\t\t\t<\/div>\n\t\t\t\t<\/div>\n\t\t\t\t<div class=\"elementor-element elementor-element-a538567 elementor-widget elementor-widget-image\" data-id=\"a538567\" data-element_type=\"widget\" data-e-type=\"widget\" data-widget_type=\"image.default\">\n\t\t\t\t<div class=\"elementor-widget-container\">\n\t\t\t\t\t\t\t\t\t\t\t\t\t\t\t\t<a href=\"https:\/\/www.cycles-blain.com\/bagage-velo\/125-panier-avt-structura-schilf-gris-4030572104758.html\" target=\"_blank\">\n\t\t\t\t\t\t\t<img decoding=\"async\" width=\"300\" height=\"300\" src=\"https:\/\/www.cycles-blain.com\/fr\/wp-content\/uploads\/2025\/09\/panier-avt-structura-schilf-gris-300x300.jpg\" class=\"attachment-medium size-medium wp-image-17363\" alt=\"panier v\u00e9lo\" srcset=\"https:\/\/www.cycles-blain.com\/fr\/wp-content\/uploads\/2025\/09\/panier-avt-structura-schilf-gris-300x300.jpg 300w, https:\/\/www.cycles-blain.com\/fr\/wp-content\/uploads\/2025\/09\/panier-avt-structura-schilf-gris-150x150.jpg 150w, https:\/\/www.cycles-blain.com\/fr\/wp-content\/uploads\/2025\/09\/panier-avt-structura-schilf-gris-768x768.jpg 768w, https:\/\/www.cycles-blain.com\/fr\/wp-content\/uploads\/2025\/09\/panier-avt-structura-schilf-gris.jpg 900w\" sizes=\"(max-width: 300px) 100vw, 300px\" \/>\t\t\t\t\t\t\t\t<\/a>\n\t\t\t\t\t\t\t\t\t\t\t\t\t\t\t<\/div>\n\t\t\t\t<\/div>\n\t\t\t\t<div class=\"elementor-element elementor-element-d13bbd7 elementor-align-center elementor-widget elementor-widget-button\" data-id=\"d13bbd7\" data-element_type=\"widget\" data-e-type=\"widget\" data-widget_type=\"button.default\">\n\t\t\t\t<div class=\"elementor-widget-container\">\n\t\t\t\t\t\t\t\t\t<div class=\"elementor-button-wrapper\">\n\t\t\t\t\t<a class=\"elementor-button elementor-button-link elementor-size-sm\" href=\"https:\/\/www.cycles-blain.com\/123-panier-velo-guidon\" target=\"_blank\">\n\t\t\t\t\t\t<span class=\"elementor-button-content-wrapper\">\n\t\t\t\t\t\t\t\t\t<span class=\"elementor-button-text\">Paniers disponibles<\/span>\n\t\t\t\t\t<\/span>\n\t\t\t\t\t<\/a>\n\t\t\t\t<\/div>\n\t\t\t\t\t\t\t\t<\/div>\n\t\t\t\t<\/div>\n\t\t\t\t<div class=\"elementor-element elementor-element-bbe8bca elementor-widget elementor-widget-heading\" data-id=\"bbe8bca\" data-element_type=\"widget\" data-e-type=\"widget\" data-widget_type=\"heading.default\">\n\t\t\t\t<div class=\"elementor-widget-container\">\n\t\t\t\t\t<h4 class=\"elementor-heading-title elementor-size-default\">\ud83e\udde5Cape anti-pluie<\/h4>\t\t\t\t<\/div>\n\t\t\t\t<\/div>\n\t\t\t\t<div class=\"elementor-element elementor-element-5c21e26 elementor-widget elementor-widget-text-editor\" data-id=\"5c21e26\" data-element_type=\"widget\" data-e-type=\"widget\" data-widget_type=\"text-editor.default\">\n\t\t\t\t<div class=\"elementor-widget-container\">\n\t\t\t\t\t\t\t\t\t<ul>\n<li><strong><a href=\"https:\/\/www.cycles-blain.com\/vetements-cyclistes-velo\/1077-1358-cape-anti-pluie-garibaldina-vert-airborne-tucano.html#\/75-taille-m\" target=\"_blank\" rel=\"noopener\">CAPE ANTI-PLUIE GARIBALDINA &#8211; Tucano:<\/a><\/strong> Cette cape anti-pluie ergonomique et compacte prot\u00e8ge du vent et de la pluie gr\u00e2ce \u00e0 son polyamide ripstop imperm\u00e9able et ses coutures soud\u00e9es. Avec sa capuche ergonomique, son rabat anti-eau sur le cou et son bord r\u00e9fl\u00e9chissant, chaque sortie devient s\u00fbre et confortable. Fini les excuses m\u00e9t\u00e9o, sous la pluie ou le soleil, les balades continuent !<\/li>\n<\/ul>\t\t\t\t\t\t\t\t<\/div>\n\t\t\t\t<\/div>\n\t\t\t\t<div class=\"elementor-element elementor-element-cf9fc22 elementor-widget elementor-widget-image\" data-id=\"cf9fc22\" data-element_type=\"widget\" data-e-type=\"widget\" data-widget_type=\"image.default\">\n\t\t\t\t<div class=\"elementor-widget-container\">\n\t\t\t\t\t\t\t\t\t\t\t\t\t\t\t\t<a href=\"https:\/\/www.cycles-blain.com\/vetements-cyclistes-velo\/1077-1358-cape-anti-pluie-garibaldina-vert-airborne-tucano.html#\/75-taille-m\" target=\"_blank\">\n\t\t\t\t\t\t\t<img decoding=\"async\" width=\"300\" height=\"300\" src=\"https:\/\/www.cycles-blain.com\/fr\/wp-content\/uploads\/2025\/09\/cape-anti-pluie-garibaldina-vert-airborne-tucano-300x300.jpg\" class=\"attachment-medium size-medium wp-image-17385\" alt=\"cape anti-pluie\" srcset=\"https:\/\/www.cycles-blain.com\/fr\/wp-content\/uploads\/2025\/09\/cape-anti-pluie-garibaldina-vert-airborne-tucano-300x300.jpg 300w, https:\/\/www.cycles-blain.com\/fr\/wp-content\/uploads\/2025\/09\/cape-anti-pluie-garibaldina-vert-airborne-tucano-150x150.jpg 150w, https:\/\/www.cycles-blain.com\/fr\/wp-content\/uploads\/2025\/09\/cape-anti-pluie-garibaldina-vert-airborne-tucano-768x768.jpg 768w, https:\/\/www.cycles-blain.com\/fr\/wp-content\/uploads\/2025\/09\/cape-anti-pluie-garibaldina-vert-airborne-tucano.jpg 900w\" sizes=\"(max-width: 300px) 100vw, 300px\" \/>\t\t\t\t\t\t\t\t<\/a>\n\t\t\t\t\t\t\t\t\t\t\t\t\t\t\t<\/div>\n\t\t\t\t<\/div>\n\t\t\t\t<div class=\"elementor-element elementor-element-4ec27cf elementor-align-center elementor-widget elementor-widget-button\" data-id=\"4ec27cf\" data-element_type=\"widget\" data-e-type=\"widget\" data-widget_type=\"button.default\">\n\t\t\t\t<div class=\"elementor-widget-container\">\n\t\t\t\t\t\t\t\t\t<div class=\"elementor-button-wrapper\">\n\t\t\t\t\t<a class=\"elementor-button elementor-button-link elementor-size-sm\" href=\"https:\/\/www.cycles-blain.com\/157-vetements-cyclistes-velo?q=Genre-Homme\" target=\"_blank\">\n\t\t\t\t\t\t<span class=\"elementor-button-content-wrapper\">\n\t\t\t\t\t\t\t\t\t<span class=\"elementor-button-text\">V\u00eatements disponibles<\/span>\n\t\t\t\t\t<\/span>\n\t\t\t\t\t<\/a>\n\t\t\t\t<\/div>\n\t\t\t\t\t\t\t\t<\/div>\n\t\t\t\t<\/div>\n\t\t\t\t<div class=\"elementor-element elementor-element-3a8ab85 elementor-widget elementor-widget-heading\" data-id=\"3a8ab85\" data-element_type=\"widget\" data-e-type=\"widget\" data-widget_type=\"heading.default\">\n\t\t\t\t<div class=\"elementor-widget-container\">\n\t\t\t\t\t<h4 class=\"elementor-heading-title elementor-size-default\">\ud83d\udeb5\u200d\u2640\ufe0f Une carte cadeau pour la f\u00eate des grands p\u00e8res<\/h4>\t\t\t\t<\/div>\n\t\t\t\t<\/div>\n\t\t\t\t<div class=\"elementor-element elementor-element-610ceeb elementor-widget elementor-widget-text-editor\" data-id=\"610ceeb\" data-element_type=\"widget\" data-e-type=\"widget\" data-widget_type=\"text-editor.default\">\n\t\t\t\t<div class=\"elementor-widget-container\">\n\t\t\t\t\t\t\t\t\t<ul>\n<li><strong><strong><a href=\"https:\/\/www.cycles-blain.com\/carte-cadeau-cyclesblain\" target=\"_blank\" rel=\"noopener\">Cartes cadeaux &#8211; Cycles Blain \u00a0:<\/a> \u00a0Vous h\u00e9sitez entre un casque, des lunettes ou une sacoche ? <\/strong>Optez pour la carte cadeau Cycles Blain, valable en ligne et en magasin.<strong><a href=\"https:\/\/www.cycles-blain.com\/carte-cadeau-cyclesblain\" target=\"_blank\" rel=\"noopener\"><br \/><\/a><\/strong><\/strong>Montant libre, visuel personnalisable, envoi par mail, \u00e0 imprimer ou m\u00eame par courrier\u2026 c\u2019est simple, rapide et efficace.\n<p>\u2705 Valable 12 mois<br \/>\u2705 Utilisable sur tout le site (hors di\u00e9t\u00e9tique et occasions)<br \/>\u2705 Cadeau s\u00fbr pour donner le sourire \u00e0 papi \ud83e\udde1<\/p>\n<p>Un clin d&rsquo;\u0153il attentionn\u00e9, et surtout la garantie qu\u2019il trouvera exactement ce qu\u2019il lui faut.<br \/>Offrez-lui le choix, offrez-lui la libert\u00e9.<\/p>\n<\/li>\n<\/ul>\t\t\t\t\t\t\t\t<\/div>\n\t\t\t\t<\/div>\n\t\t\t\t<div class=\"elementor-element elementor-element-b4d3d60 elementor-widget elementor-widget-image\" data-id=\"b4d3d60\" data-element_type=\"widget\" data-e-type=\"widget\" data-widget_type=\"image.default\">\n\t\t\t\t<div class=\"elementor-widget-container\">\n\t\t\t\t\t\t\t\t\t\t\t\t\t\t\t\t<a href=\"https:\/\/www.cycles-blain.com\/carte-cadeau-cyclesblain\" target=\"_blank\">\n\t\t\t\t\t\t\t<img loading=\"lazy\" decoding=\"async\" width=\"300\" height=\"141\" src=\"https:\/\/www.cycles-blain.com\/fr\/wp-content\/uploads\/2025\/01\/10-300x141.png\" class=\"attachment-medium size-medium wp-image-12257\" alt=\"Carte cadeau neutre\" srcset=\"https:\/\/www.cycles-blain.com\/fr\/wp-content\/uploads\/2025\/01\/10-300x141.png 300w, https:\/\/www.cycles-blain.com\/fr\/wp-content\/uploads\/2025\/01\/10-1024x483.png 1024w, https:\/\/www.cycles-blain.com\/fr\/wp-content\/uploads\/2025\/01\/10-768x362.png 768w, https:\/\/www.cycles-blain.com\/fr\/wp-content\/uploads\/2025\/01\/10-1536x724.png 1536w, https:\/\/www.cycles-blain.com\/fr\/wp-content\/uploads\/2025\/01\/10.png 2000w\" sizes=\"(max-width: 300px) 100vw, 300px\" \/>\t\t\t\t\t\t\t\t<\/a>\n\t\t\t\t\t\t\t\t\t\t\t\t\t\t\t<\/div>\n\t\t\t\t<\/div>\n\t\t\t\t<div class=\"elementor-element elementor-element-2eced65 elementor-widget elementor-widget-heading\" data-id=\"2eced65\" data-element_type=\"widget\" data-e-type=\"widget\" data-widget_type=\"heading.default\">\n\t\t\t\t<div class=\"elementor-widget-container\">\n\t\t\t\t\t<h4 class=\"elementor-heading-title elementor-size-default\">\ud83d\udee0\ufe0f Une \u00e9tude posturale<\/h4>\t\t\t\t<\/div>\n\t\t\t\t<\/div>\n\t\t\t\t<div class=\"elementor-element elementor-element-7ea31b1 elementor-widget elementor-widget-text-editor\" data-id=\"7ea31b1\" data-element_type=\"widget\" data-e-type=\"widget\" data-widget_type=\"text-editor.default\">\n\t\t\t\t<div class=\"elementor-widget-container\">\n\t\t\t\t\t\t\t\t\t<ul>\n<li><strong><a href=\"https:\/\/www.cycles-blain.com\/recherche?controller=search&amp;search_query=posturale\" target=\"_blank\" rel=\"noopener\">\u00c9tude posturale &#8211; SHIMANO ou RET\u00dcL :<\/a><\/strong> Offrez-lui une \u00e9tude posturale chez Cycles Blain afin que son v\u00e9lo est parfaitement adapt\u00e9 \u00e0 sa morphologie ! Avec les technologies <strong data-start=\"1040\" data-end=\"1064\">Shimano Bike Fitting<\/strong> et <strong data-start=\"1068\" data-end=\"1080\">Ret\u00fcl 3D<\/strong>, chaque p\u00e9dalage devient plus confortable et chaque sortie avec les petits-enfants encore plus agr\u00e9able. \u2764\ufe0f<\/li>\n<\/ul>\t\t\t\t\t\t\t\t<\/div>\n\t\t\t\t<\/div>\n\t\t\t\t<div class=\"elementor-element elementor-element-9105308 elementor-widget elementor-widget-image\" data-id=\"9105308\" data-element_type=\"widget\" data-e-type=\"widget\" data-widget_type=\"image.default\">\n\t\t\t\t<div class=\"elementor-widget-container\">\n\t\t\t\t\t\t\t\t\t\t\t\t\t\t\t\t<a href=\"https:\/\/www.cycles-blain.com\/recherche?controller=search&#038;search_query=posturale\" target=\"_blank\">\n\t\t\t\t\t\t\t<img loading=\"lazy\" decoding=\"async\" width=\"300\" height=\"141\" src=\"https:\/\/www.cycles-blain.com\/fr\/wp-content\/uploads\/2025\/01\/Etudeposturale_shimano-300x141.png\" class=\"attachment-medium size-medium wp-image-12255\" alt=\"\u00c9tudeposturale_shimano\" srcset=\"https:\/\/www.cycles-blain.com\/fr\/wp-content\/uploads\/2025\/01\/Etudeposturale_shimano-300x141.png 300w, https:\/\/www.cycles-blain.com\/fr\/wp-content\/uploads\/2025\/01\/Etudeposturale_shimano-1024x483.png 1024w, https:\/\/www.cycles-blain.com\/fr\/wp-content\/uploads\/2025\/01\/Etudeposturale_shimano-768x362.png 768w, https:\/\/www.cycles-blain.com\/fr\/wp-content\/uploads\/2025\/01\/Etudeposturale_shimano-1536x724.png 1536w, https:\/\/www.cycles-blain.com\/fr\/wp-content\/uploads\/2025\/01\/Etudeposturale_shimano.png 2000w\" sizes=\"(max-width: 300px) 100vw, 300px\" \/>\t\t\t\t\t\t\t\t<\/a>\n\t\t\t\t\t\t\t\t\t\t\t\t\t\t\t<\/div>\n\t\t\t\t<\/div>\n\t\t\t\t<div class=\"elementor-element elementor-element-4a745cd elementor-widget elementor-widget-text-editor\" data-id=\"4a745cd\" data-element_type=\"widget\" data-e-type=\"widget\" data-widget_type=\"text-editor.default\">\n\t\t\t\t<div class=\"elementor-widget-container\">\n\t\t\t\t\t\t\t\t\t<p>Et si vous \u00eates \u00e0 la recherche d&rsquo;autres id\u00e9es inspirantes pour la F\u00eate des grands p\u00e8res, <br>rdv sur notre site <strong><a href=\"https:\/\/www.cycles-blain.com\/4-accessoires-velo?q=Genre-Femme\" target=\"_blank\" rel=\"noopener\">cycles-blain.com<\/a><\/strong> !&nbsp;<\/p>\t\t\t\t\t\t\t\t<\/div>\n\t\t\t\t<\/div>\n\t\t\t\t\t<\/div>\n\t\t\t\t<\/div>\n\t\t\t\t<\/div>\n\t\t","protected":false},"excerpt":{"rendered":"<p>D\u00e9couvrez notre s\u00e9lection de cadeaux pour la f\u00eate des grands-p\u00e8res : casques, v\u00eatements, accessoires, carte cadeaux&#8230;<\/p>\n","protected":false},"author":5,"featured_media":17413,"comment_status":"open","ping_status":"open","sticky":false,"template":"","format":"standard","meta":{"site-sidebar-layout":"default","site-content-layout":"","ast-site-content-layout":"default","site-content-style":"default","site-sidebar-style":"default","ast-global-header-display":"","ast-banner-title-visibility":"","ast-main-header-display":"","ast-hfb-above-header-display":"","ast-hfb-below-header-display":"","ast-hfb-mobile-header-display":"","site-post-title":"","ast-breadcrumbs-content":"","ast-featured-img":"","footer-sml-layout":"","theme-transparent-header-meta":"","adv-header-id-meta":"","stick-header-meta":"","header-above-stick-meta":"","header-main-stick-meta":"","header-below-stick-meta":"","astra-migrate-meta-layouts":"set","ast-page-background-enabled":"default","ast-page-background-meta":{"desktop":{"background-color":"","background-image":"","background-repeat":"repeat","background-position":"center center","background-size":"auto","background-attachment":"scroll","background-type":"","background-media":"","overlay-type":"","overlay-color":"","overlay-gradient":""},"tablet":{"background-color":"","background-image":"","background-repeat":"repeat","background-position":"center center","background-size":"auto","background-attachment":"scroll","background-type":"","background-media":"","overlay-type":"","overlay-color":"","overlay-gradient":""},"mobile":{"background-color":"","background-image":"","background-repeat":"repeat","background-position":"center center","background-size":"auto","background-attachment":"scroll","background-type":"","background-media":"","overlay-type":"","overlay-color":"","overlay-gradient":""}},"ast-content-background-meta":{"desktop":{"background-color":"var(--ast-global-color-5)","background-image":"","background-repeat":"repeat","background-position":"center center","background-size":"auto","background-attachment":"scroll","background-type":"","background-media":"","overlay-type":"","overlay-color":"","overlay-gradient":""},"tablet":{"background-color":"var(--ast-global-color-5)","background-image":"","background-repeat":"repeat","background-position":"center center","background-size":"auto","background-attachment":"scroll","background-type":"","background-media":"","overlay-type":"","overlay-color":"","overlay-gradient":""},"mobile":{"background-color":"var(--ast-global-color-5)","background-image":"","background-repeat":"repeat","background-position":"center center","background-size":"auto","background-attachment":"scroll","background-type":"","background-media":"","overlay-type":"","overlay-color":"","overlay-gradient":""}},"footnotes":""},"categories":[6,9,16],"tags":[385,147],"class_list":["post-17327","post","type-post","status-publish","format-standard","has-post-thumbnail","hentry","category-magasins-velo","category-conseils-velo","category-promotions-velo","tag-fetes-des-grands-peres","tag-idees-cadeaux"],"yoast_head":"<!-- This site is optimized with the Yoast SEO plugin v27.5 - https:\/\/yoast.com\/product\/yoast-seo-wordpress\/ -->\n<title>Nos id\u00e9es cadeaux pour la F\u00eate des Grands-p\u00e8res ! - CYCLES BLAIN<\/title>\n<meta name=\"description\" content=\"D\u00e9couvrez notre s\u00e9lection de cadeaux pour la f\u00eate des grands-p\u00e8res : casques, v\u00eatements, accessoires, carte cadeaux...\" \/>\n<meta name=\"robots\" content=\"index, follow, max-snippet:-1, max-image-preview:large, max-video-preview:-1\" \/>\n<link rel=\"canonical\" href=\"https:\/\/www.cycles-blain.com\/fr\/magasins-velo\/notre-selection-cadeaux-fetes-des-grands-peres\/\" \/>\n<meta property=\"og:locale\" content=\"fr_FR\" \/>\n<meta property=\"og:type\" content=\"article\" \/>\n<meta property=\"og:title\" content=\"Nos id\u00e9es cadeaux pour la F\u00eate des Grands-p\u00e8res ! - CYCLES BLAIN\" \/>\n<meta property=\"og:description\" content=\"D\u00e9couvrez notre s\u00e9lection de cadeaux pour la f\u00eate des grands-p\u00e8res : casques, v\u00eatements, accessoires, carte cadeaux...\" \/>\n<meta property=\"og:url\" content=\"https:\/\/www.cycles-blain.com\/fr\/magasins-velo\/notre-selection-cadeaux-fetes-des-grands-peres\/\" \/>\n<meta property=\"og:site_name\" content=\"CyclesBlain - Magasins de v\u00e9los, accessoires et ateliers\" \/>\n<meta property=\"article:publisher\" content=\"https:\/\/www.facebook.com\/cyclesblain\/?locale=fr_FR\" \/>\n<meta property=\"article:published_time\" content=\"2025-09-30T09:53:53+00:00\" \/>\n<meta property=\"article:modified_time\" content=\"2025-09-30T14:53:43+00:00\" \/>\n<meta property=\"og:image\" content=\"https:\/\/www.cycles-blain.com\/fr\/wp-content\/uploads\/2025\/09\/Copie-de-Visuel-artricle-quizz-Grande.jpeg\" \/>\n\t<meta property=\"og:image:width\" content=\"600\" \/>\n\t<meta property=\"og:image:height\" content=\"400\" \/>\n\t<meta property=\"og:image:type\" content=\"image\/jpeg\" \/>\n<meta name=\"author\" content=\"Manon\" \/>\n<meta name=\"twitter:card\" content=\"summary_large_image\" \/>\n<meta name=\"twitter:label1\" content=\"\u00c9crit par\" \/>\n\t<meta name=\"twitter:data1\" content=\"Manon\" \/>\n\t<meta name=\"twitter:label2\" content=\"Dur\u00e9e de lecture estim\u00e9e\" \/>\n\t<meta name=\"twitter:data2\" content=\"4 minutes\" \/>\n<script type=\"application\/ld+json\" class=\"yoast-schema-graph\">{\"@context\":\"https:\\\/\\\/schema.org\",\"@graph\":[{\"@type\":\"Article\",\"@id\":\"https:\\\/\\\/www.cycles-blain.com\\\/fr\\\/magasins-velo\\\/notre-selection-cadeaux-fetes-des-grands-peres\\\/#article\",\"isPartOf\":{\"@id\":\"https:\\\/\\\/www.cycles-blain.com\\\/fr\\\/magasins-velo\\\/notre-selection-cadeaux-fetes-des-grands-peres\\\/\"},\"author\":{\"name\":\"Manon\",\"@id\":\"https:\\\/\\\/www.cycles-blain.com\\\/fr\\\/#\\\/schema\\\/person\\\/f82a8c0c551dfc1b1a6ac68605ac9d3f\"},\"headline\":\"Nos id\u00e9es cadeaux pour la F\u00eate des Grands-p\u00e8res !\",\"datePublished\":\"2025-09-30T09:53:53+00:00\",\"dateModified\":\"2025-09-30T14:53:43+00:00\",\"mainEntityOfPage\":{\"@id\":\"https:\\\/\\\/www.cycles-blain.com\\\/fr\\\/magasins-velo\\\/notre-selection-cadeaux-fetes-des-grands-peres\\\/\"},\"wordCount\":575,\"commentCount\":0,\"publisher\":{\"@id\":\"https:\\\/\\\/www.cycles-blain.com\\\/fr\\\/#organization\"},\"image\":{\"@id\":\"https:\\\/\\\/www.cycles-blain.com\\\/fr\\\/magasins-velo\\\/notre-selection-cadeaux-fetes-des-grands-peres\\\/#primaryimage\"},\"thumbnailUrl\":\"https:\\\/\\\/www.cycles-blain.com\\\/fr\\\/wp-content\\\/uploads\\\/2025\\\/09\\\/Copie-de-Visuel-artricle-quizz-Grande.jpeg\",\"keywords\":[\"f\u00eates des grands p\u00e8res\",\"id\u00e9es cadeaux\"],\"articleSection\":[\"Actus Magasins\",\"Conseils-Pratique\",\"Promotions\"],\"inLanguage\":\"fr-FR\",\"potentialAction\":[{\"@type\":\"CommentAction\",\"name\":\"Comment\",\"target\":[\"https:\\\/\\\/www.cycles-blain.com\\\/fr\\\/magasins-velo\\\/notre-selection-cadeaux-fetes-des-grands-peres\\\/#respond\"]}]},{\"@type\":\"WebPage\",\"@id\":\"https:\\\/\\\/www.cycles-blain.com\\\/fr\\\/magasins-velo\\\/notre-selection-cadeaux-fetes-des-grands-peres\\\/\",\"url\":\"https:\\\/\\\/www.cycles-blain.com\\\/fr\\\/magasins-velo\\\/notre-selection-cadeaux-fetes-des-grands-peres\\\/\",\"name\":\"Nos id\u00e9es cadeaux pour la F\u00eate des Grands-p\u00e8res ! - CYCLES BLAIN\",\"isPartOf\":{\"@id\":\"https:\\\/\\\/www.cycles-blain.com\\\/fr\\\/#website\"},\"primaryImageOfPage\":{\"@id\":\"https:\\\/\\\/www.cycles-blain.com\\\/fr\\\/magasins-velo\\\/notre-selection-cadeaux-fetes-des-grands-peres\\\/#primaryimage\"},\"image\":{\"@id\":\"https:\\\/\\\/www.cycles-blain.com\\\/fr\\\/magasins-velo\\\/notre-selection-cadeaux-fetes-des-grands-peres\\\/#primaryimage\"},\"thumbnailUrl\":\"https:\\\/\\\/www.cycles-blain.com\\\/fr\\\/wp-content\\\/uploads\\\/2025\\\/09\\\/Copie-de-Visuel-artricle-quizz-Grande.jpeg\",\"datePublished\":\"2025-09-30T09:53:53+00:00\",\"dateModified\":\"2025-09-30T14:53:43+00:00\",\"description\":\"D\u00e9couvrez notre s\u00e9lection de cadeaux pour la f\u00eate des grands-p\u00e8res : casques, v\u00eatements, accessoires, carte cadeaux...\",\"breadcrumb\":{\"@id\":\"https:\\\/\\\/www.cycles-blain.com\\\/fr\\\/magasins-velo\\\/notre-selection-cadeaux-fetes-des-grands-peres\\\/#breadcrumb\"},\"inLanguage\":\"fr-FR\",\"potentialAction\":[{\"@type\":\"ReadAction\",\"target\":[\"https:\\\/\\\/www.cycles-blain.com\\\/fr\\\/magasins-velo\\\/notre-selection-cadeaux-fetes-des-grands-peres\\\/\"]}]},{\"@type\":\"ImageObject\",\"inLanguage\":\"fr-FR\",\"@id\":\"https:\\\/\\\/www.cycles-blain.com\\\/fr\\\/magasins-velo\\\/notre-selection-cadeaux-fetes-des-grands-peres\\\/#primaryimage\",\"url\":\"https:\\\/\\\/www.cycles-blain.com\\\/fr\\\/wp-content\\\/uploads\\\/2025\\\/09\\\/Copie-de-Visuel-artricle-quizz-Grande.jpeg\",\"contentUrl\":\"https:\\\/\\\/www.cycles-blain.com\\\/fr\\\/wp-content\\\/uploads\\\/2025\\\/09\\\/Copie-de-Visuel-artricle-quizz-Grande.jpeg\",\"width\":600,\"height\":400,\"caption\":\"Bonne f\u00eate des grands-p\u00e8res\"},{\"@type\":\"BreadcrumbList\",\"@id\":\"https:\\\/\\\/www.cycles-blain.com\\\/fr\\\/magasins-velo\\\/notre-selection-cadeaux-fetes-des-grands-peres\\\/#breadcrumb\",\"itemListElement\":[{\"@type\":\"ListItem\",\"position\":1,\"name\":\"Accueil\",\"item\":\"https:\\\/\\\/www.cycles-blain.com\\\/fr\\\/\"},{\"@type\":\"ListItem\",\"position\":2,\"name\":\"Nos id\u00e9es cadeaux pour la F\u00eate des Grands-p\u00e8res !\"}]},{\"@type\":\"WebSite\",\"@id\":\"https:\\\/\\\/www.cycles-blain.com\\\/fr\\\/#website\",\"url\":\"https:\\\/\\\/www.cycles-blain.com\\\/fr\\\/\",\"name\":\"CyclesBlain - Magasins de v\u00e9los, accessoires et ateliers\",\"description\":\"Blog Cycles Blain\",\"publisher\":{\"@id\":\"https:\\\/\\\/www.cycles-blain.com\\\/fr\\\/#organization\"},\"potentialAction\":[{\"@type\":\"SearchAction\",\"target\":{\"@type\":\"EntryPoint\",\"urlTemplate\":\"https:\\\/\\\/www.cycles-blain.com\\\/fr\\\/?s={search_term_string}\"},\"query-input\":{\"@type\":\"PropertyValueSpecification\",\"valueRequired\":true,\"valueName\":\"search_term_string\"}}],\"inLanguage\":\"fr-FR\"},{\"@type\":\"Organization\",\"@id\":\"https:\\\/\\\/www.cycles-blain.com\\\/fr\\\/#organization\",\"name\":\"CyclesBlain - Magasins de v\u00e9los, accessoires et ateliers\",\"url\":\"https:\\\/\\\/www.cycles-blain.com\\\/fr\\\/\",\"logo\":{\"@type\":\"ImageObject\",\"inLanguage\":\"fr-FR\",\"@id\":\"https:\\\/\\\/www.cycles-blain.com\\\/fr\\\/#\\\/schema\\\/logo\\\/image\\\/\",\"url\":\"https:\\\/\\\/www.cycles-blain.com\\\/fr\\\/wp-content\\\/uploads\\\/2023\\\/10\\\/logo-cycles-blain.jpeg\",\"contentUrl\":\"https:\\\/\\\/www.cycles-blain.com\\\/fr\\\/wp-content\\\/uploads\\\/2023\\\/10\\\/logo-cycles-blain.jpeg\",\"width\":264,\"height\":191,\"caption\":\"CyclesBlain - Magasins de v\u00e9los, accessoires et ateliers\"},\"image\":{\"@id\":\"https:\\\/\\\/www.cycles-blain.com\\\/fr\\\/#\\\/schema\\\/logo\\\/image\\\/\"},\"sameAs\":[\"https:\\\/\\\/www.facebook.com\\\/cyclesblain\\\/?locale=fr_FR\",\"https:\\\/\\\/www.instagram.com\\\/cycles_blain\\\/?hl=fr\"]},{\"@type\":\"Person\",\"@id\":\"https:\\\/\\\/www.cycles-blain.com\\\/fr\\\/#\\\/schema\\\/person\\\/f82a8c0c551dfc1b1a6ac68605ac9d3f\",\"name\":\"Manon\",\"image\":{\"@type\":\"ImageObject\",\"inLanguage\":\"fr-FR\",\"@id\":\"https:\\\/\\\/secure.gravatar.com\\\/avatar\\\/de5471c82d19e75ec403090373707e8b781572e44c2e6135042a1e6a16f3b379?s=96&d=mm&r=g\",\"url\":\"https:\\\/\\\/secure.gravatar.com\\\/avatar\\\/de5471c82d19e75ec403090373707e8b781572e44c2e6135042a1e6a16f3b379?s=96&d=mm&r=g\",\"contentUrl\":\"https:\\\/\\\/secure.gravatar.com\\\/avatar\\\/de5471c82d19e75ec403090373707e8b781572e44c2e6135042a1e6a16f3b379?s=96&d=mm&r=g\",\"caption\":\"Manon\"},\"url\":\"https:\\\/\\\/www.cycles-blain.com\\\/fr\\\/author\\\/manon\\\/\"}]}<\/script>\n<!-- \/ Yoast SEO plugin. -->","yoast_head_json":{"title":"Nos id\u00e9es cadeaux pour la F\u00eate des Grands-p\u00e8res ! - CYCLES BLAIN","description":"D\u00e9couvrez notre s\u00e9lection de cadeaux pour la f\u00eate des grands-p\u00e8res : casques, v\u00eatements, accessoires, carte cadeaux...","robots":{"index":"index","follow":"follow","max-snippet":"max-snippet:-1","max-image-preview":"max-image-preview:large","max-video-preview":"max-video-preview:-1"},"canonical":"https:\/\/www.cycles-blain.com\/fr\/magasins-velo\/notre-selection-cadeaux-fetes-des-grands-peres\/","og_locale":"fr_FR","og_type":"article","og_title":"Nos id\u00e9es cadeaux pour la F\u00eate des Grands-p\u00e8res ! - CYCLES BLAIN","og_description":"D\u00e9couvrez notre s\u00e9lection de cadeaux pour la f\u00eate des grands-p\u00e8res : casques, v\u00eatements, accessoires, carte cadeaux...","og_url":"https:\/\/www.cycles-blain.com\/fr\/magasins-velo\/notre-selection-cadeaux-fetes-des-grands-peres\/","og_site_name":"CyclesBlain - Magasins de v\u00e9los, accessoires et ateliers","article_publisher":"https:\/\/www.facebook.com\/cyclesblain\/?locale=fr_FR","article_published_time":"2025-09-30T09:53:53+00:00","article_modified_time":"2025-09-30T14:53:43+00:00","og_image":[{"width":600,"height":400,"url":"https:\/\/www.cycles-blain.com\/fr\/wp-content\/uploads\/2025\/09\/Copie-de-Visuel-artricle-quizz-Grande.jpeg","type":"image\/jpeg"}],"author":"Manon","twitter_card":"summary_large_image","twitter_misc":{"\u00c9crit par":"Manon","Dur\u00e9e de lecture estim\u00e9e":"4 minutes"},"schema":{"@context":"https:\/\/schema.org","@graph":[{"@type":"Article","@id":"https:\/\/www.cycles-blain.com\/fr\/magasins-velo\/notre-selection-cadeaux-fetes-des-grands-peres\/#article","isPartOf":{"@id":"https:\/\/www.cycles-blain.com\/fr\/magasins-velo\/notre-selection-cadeaux-fetes-des-grands-peres\/"},"author":{"name":"Manon","@id":"https:\/\/www.cycles-blain.com\/fr\/#\/schema\/person\/f82a8c0c551dfc1b1a6ac68605ac9d3f"},"headline":"Nos id\u00e9es cadeaux pour la F\u00eate des Grands-p\u00e8res !","datePublished":"2025-09-30T09:53:53+00:00","dateModified":"2025-09-30T14:53:43+00:00","mainEntityOfPage":{"@id":"https:\/\/www.cycles-blain.com\/fr\/magasins-velo\/notre-selection-cadeaux-fetes-des-grands-peres\/"},"wordCount":575,"commentCount":0,"publisher":{"@id":"https:\/\/www.cycles-blain.com\/fr\/#organization"},"image":{"@id":"https:\/\/www.cycles-blain.com\/fr\/magasins-velo\/notre-selection-cadeaux-fetes-des-grands-peres\/#primaryimage"},"thumbnailUrl":"https:\/\/www.cycles-blain.com\/fr\/wp-content\/uploads\/2025\/09\/Copie-de-Visuel-artricle-quizz-Grande.jpeg","keywords":["f\u00eates des grands p\u00e8res","id\u00e9es cadeaux"],"articleSection":["Actus Magasins","Conseils-Pratique","Promotions"],"inLanguage":"fr-FR","potentialAction":[{"@type":"CommentAction","name":"Comment","target":["https:\/\/www.cycles-blain.com\/fr\/magasins-velo\/notre-selection-cadeaux-fetes-des-grands-peres\/#respond"]}]},{"@type":"WebPage","@id":"https:\/\/www.cycles-blain.com\/fr\/magasins-velo\/notre-selection-cadeaux-fetes-des-grands-peres\/","url":"https:\/\/www.cycles-blain.com\/fr\/magasins-velo\/notre-selection-cadeaux-fetes-des-grands-peres\/","name":"Nos id\u00e9es cadeaux pour la F\u00eate des Grands-p\u00e8res ! - CYCLES BLAIN","isPartOf":{"@id":"https:\/\/www.cycles-blain.com\/fr\/#website"},"primaryImageOfPage":{"@id":"https:\/\/www.cycles-blain.com\/fr\/magasins-velo\/notre-selection-cadeaux-fetes-des-grands-peres\/#primaryimage"},"image":{"@id":"https:\/\/www.cycles-blain.com\/fr\/magasins-velo\/notre-selection-cadeaux-fetes-des-grands-peres\/#primaryimage"},"thumbnailUrl":"https:\/\/www.cycles-blain.com\/fr\/wp-content\/uploads\/2025\/09\/Copie-de-Visuel-artricle-quizz-Grande.jpeg","datePublished":"2025-09-30T09:53:53+00:00","dateModified":"2025-09-30T14:53:43+00:00","description":"D\u00e9couvrez notre s\u00e9lection de cadeaux pour la f\u00eate des grands-p\u00e8res : casques, v\u00eatements, accessoires, carte cadeaux...","breadcrumb":{"@id":"https:\/\/www.cycles-blain.com\/fr\/magasins-velo\/notre-selection-cadeaux-fetes-des-grands-peres\/#breadcrumb"},"inLanguage":"fr-FR","potentialAction":[{"@type":"ReadAction","target":["https:\/\/www.cycles-blain.com\/fr\/magasins-velo\/notre-selection-cadeaux-fetes-des-grands-peres\/"]}]},{"@type":"ImageObject","inLanguage":"fr-FR","@id":"https:\/\/www.cycles-blain.com\/fr\/magasins-velo\/notre-selection-cadeaux-fetes-des-grands-peres\/#primaryimage","url":"https:\/\/www.cycles-blain.com\/fr\/wp-content\/uploads\/2025\/09\/Copie-de-Visuel-artricle-quizz-Grande.jpeg","contentUrl":"https:\/\/www.cycles-blain.com\/fr\/wp-content\/uploads\/2025\/09\/Copie-de-Visuel-artricle-quizz-Grande.jpeg","width":600,"height":400,"caption":"Bonne f\u00eate des grands-p\u00e8res"},{"@type":"BreadcrumbList","@id":"https:\/\/www.cycles-blain.com\/fr\/magasins-velo\/notre-selection-cadeaux-fetes-des-grands-peres\/#breadcrumb","itemListElement":[{"@type":"ListItem","position":1,"name":"Accueil","item":"https:\/\/www.cycles-blain.com\/fr\/"},{"@type":"ListItem","position":2,"name":"Nos id\u00e9es cadeaux pour la F\u00eate des Grands-p\u00e8res !"}]},{"@type":"WebSite","@id":"https:\/\/www.cycles-blain.com\/fr\/#website","url":"https:\/\/www.cycles-blain.com\/fr\/","name":"CyclesBlain - Magasins de v\u00e9los, accessoires et ateliers","description":"Blog Cycles Blain","publisher":{"@id":"https:\/\/www.cycles-blain.com\/fr\/#organization"},"potentialAction":[{"@type":"SearchAction","target":{"@type":"EntryPoint","urlTemplate":"https:\/\/www.cycles-blain.com\/fr\/?s={search_term_string}"},"query-input":{"@type":"PropertyValueSpecification","valueRequired":true,"valueName":"search_term_string"}}],"inLanguage":"fr-FR"},{"@type":"Organization","@id":"https:\/\/www.cycles-blain.com\/fr\/#organization","name":"CyclesBlain - Magasins de v\u00e9los, accessoires et ateliers","url":"https:\/\/www.cycles-blain.com\/fr\/","logo":{"@type":"ImageObject","inLanguage":"fr-FR","@id":"https:\/\/www.cycles-blain.com\/fr\/#\/schema\/logo\/image\/","url":"https:\/\/www.cycles-blain.com\/fr\/wp-content\/uploads\/2023\/10\/logo-cycles-blain.jpeg","contentUrl":"https:\/\/www.cycles-blain.com\/fr\/wp-content\/uploads\/2023\/10\/logo-cycles-blain.jpeg","width":264,"height":191,"caption":"CyclesBlain - Magasins de v\u00e9los, accessoires et ateliers"},"image":{"@id":"https:\/\/www.cycles-blain.com\/fr\/#\/schema\/logo\/image\/"},"sameAs":["https:\/\/www.facebook.com\/cyclesblain\/?locale=fr_FR","https:\/\/www.instagram.com\/cycles_blain\/?hl=fr"]},{"@type":"Person","@id":"https:\/\/www.cycles-blain.com\/fr\/#\/schema\/person\/f82a8c0c551dfc1b1a6ac68605ac9d3f","name":"Manon","image":{"@type":"ImageObject","inLanguage":"fr-FR","@id":"https:\/\/secure.gravatar.com\/avatar\/de5471c82d19e75ec403090373707e8b781572e44c2e6135042a1e6a16f3b379?s=96&d=mm&r=g","url":"https:\/\/secure.gravatar.com\/avatar\/de5471c82d19e75ec403090373707e8b781572e44c2e6135042a1e6a16f3b379?s=96&d=mm&r=g","contentUrl":"https:\/\/secure.gravatar.com\/avatar\/de5471c82d19e75ec403090373707e8b781572e44c2e6135042a1e6a16f3b379?s=96&d=mm&r=g","caption":"Manon"},"url":"https:\/\/www.cycles-blain.com\/fr\/author\/manon\/"}]}},"_links":{"self":[{"href":"https:\/\/www.cycles-blain.com\/fr\/wp-json\/wp\/v2\/posts\/17327","targetHints":{"allow":["GET"]}}],"collection":[{"href":"https:\/\/www.cycles-blain.com\/fr\/wp-json\/wp\/v2\/posts"}],"about":[{"href":"https:\/\/www.cycles-blain.com\/fr\/wp-json\/wp\/v2\/types\/post"}],"author":[{"embeddable":true,"href":"https:\/\/www.cycles-blain.com\/fr\/wp-json\/wp\/v2\/users\/5"}],"replies":[{"embeddable":true,"href":"https:\/\/www.cycles-blain.com\/fr\/wp-json\/wp\/v2\/comments?post=17327"}],"version-history":[{"count":97,"href":"https:\/\/www.cycles-blain.com\/fr\/wp-json\/wp\/v2\/posts\/17327\/revisions"}],"predecessor-version":[{"id":17438,"href":"https:\/\/www.cycles-blain.com\/fr\/wp-json\/wp\/v2\/posts\/17327\/revisions\/17438"}],"wp:featuredmedia":[{"embeddable":true,"href":"https:\/\/www.cycles-blain.com\/fr\/wp-json\/wp\/v2\/media\/17413"}],"wp:attachment":[{"href":"https:\/\/www.cycles-blain.com\/fr\/wp-json\/wp\/v2\/media?parent=17327"}],"wp:term":[{"taxonomy":"category","embeddable":true,"href":"https:\/\/www.cycles-blain.com\/fr\/wp-json\/wp\/v2\/categories?post=17327"},{"taxonomy":"post_tag","embeddable":true,"href":"https:\/\/www.cycles-blain.com\/fr\/wp-json\/wp\/v2\/tags?post=17327"}],"curies":[{"name":"wp","href":"https:\/\/api.w.org\/{rel}","templated":true}]}}