{"id":17481,"date":"2025-10-03T09:35:43","date_gmt":"2025-10-03T07:35:43","guid":{"rendered":"https:\/\/www.cycles-blain.com\/fr\/?p=17481"},"modified":"2025-10-03T10:42:19","modified_gmt":"2025-10-03T08:42:19","slug":"antivols-velo-sra-sept25","status":"publish","type":"post","link":"https:\/\/www.cycles-blain.com\/fr\/conseils-velo\/antivols-velo-sra-sept25\/","title":{"rendered":"Antivols V\u00e9los &#8211; Nouveau classement SRA"},"content":{"rendered":"\t\t<div data-elementor-type=\"wp-post\" data-elementor-id=\"17481\" class=\"elementor elementor-17481\" data-elementor-post-type=\"post\">\n\t\t\t\t<div class=\"elementor-element elementor-element-3abef4a e-flex e-con-boxed e-con e-parent\" data-id=\"3abef4a\" data-element_type=\"container\" data-e-type=\"container\">\n\t\t\t\t\t<div class=\"e-con-inner\">\n\t\t\t\t<div class=\"elementor-element elementor-element-481d199 elementor-widget elementor-widget-text-editor\" data-id=\"481d199\" data-element_type=\"widget\" data-e-type=\"widget\" data-widget_type=\"text-editor.default\">\n\t\t\t\t<div class=\"elementor-widget-container\">\n\t\t\t\t\t\t\t\t\t<p><em>Les assureurs Fran\u00e7ais via France Assureurs proposent d\u00e9sormais un nouveau label pour les antivols v\u00e9los comme cela existe depuis de nombreuses ann\u00e9es pour les antivols motos : Le label des antivols v\u00e9los SRA&#8230;.<\/em><\/p>\t\t\t\t\t\t\t\t<\/div>\n\t\t\t\t<\/div>\n\t\t\t\t\t<\/div>\n\t\t\t\t<\/div>\n\t\t<div class=\"elementor-element elementor-element-3689ac4 e-flex e-con-boxed e-con e-parent\" data-id=\"3689ac4\" data-element_type=\"container\" data-e-type=\"container\">\n\t\t\t\t\t<div class=\"e-con-inner\">\n\t\t\t\t<div class=\"elementor-element elementor-element-756d76b elementor-widget elementor-widget-heading\" data-id=\"756d76b\" data-element_type=\"widget\" data-e-type=\"widget\" data-widget_type=\"heading.default\">\n\t\t\t\t<div class=\"elementor-widget-container\">\n\t\t\t\t\t<h3 class=\"elementor-heading-title elementor-size-default\">Qui est France Assureurs ?<\/h3>\t\t\t\t<\/div>\n\t\t\t\t<\/div>\n\t\t\t\t\t<\/div>\n\t\t\t\t<\/div>\n\t\t<div class=\"elementor-element elementor-element-d7d0057 e-flex e-con-boxed e-con e-parent\" data-id=\"d7d0057\" data-element_type=\"container\" data-e-type=\"container\">\n\t\t\t\t\t<div class=\"e-con-inner\">\n\t\t\t\t<div class=\"elementor-element elementor-element-1632169 elementor-widget elementor-widget-text-editor\" data-id=\"1632169\" data-element_type=\"widget\" data-e-type=\"widget\" data-widget_type=\"text-editor.default\">\n\t\t\t\t<div class=\"elementor-widget-container\">\n\t\t\t\t\t\t\t\t\t<p>France Assureurs est une F\u00e9d\u00e9ration cr\u00e9\u00e9e en juillet 2016 de la r\u00e9union de la F\u00e9d\u00e9ration fran\u00e7aise des soci\u00e9t\u00e9s d\u2019assurances (FFSA) et du Groupement des entreprises mutuelles d\u2019assurance (GEMA).<\/p><p>Elle rassemble ainsi l\u2019ensemble des entreprises d\u2019assurance et de r\u00e9assurance op\u00e9rant en France, soit 253 soci\u00e9t\u00e9s repr\u00e9sentant plus de 99 % du march\u00e9 global de l\u2019assurance.<\/p><p>les principales missions de France Assureurs sont\u00a0de\u00a0:<\/p><ul class=\"wp-block-list\"><li><strong>pr\u00e9server l\u2019ensemble du champ \u00e9conomique et social<\/strong>\u00a0en relation avec les activit\u00e9s assurantielles\u00a0;<\/li><li><strong>repr\u00e9senter l\u2019assurance\u00a0<\/strong>aupr\u00e8s des pouvoirs publics nationaux et internationaux, des institutions et des autorit\u00e9s administratives ou de\u00a0place\u00a0;<\/li><li><strong>offrir un lieu de concertation et d\u2019analyse<\/strong>\u00a0des questions financi\u00e8res, techniques ou juridiques\u00a0;<\/li><li><strong>fournir les donn\u00e9es statistiques<\/strong>\u00a0essentielles de la profession\u00a0;<\/li><li><strong>informer\u00a0<\/strong>le public et les m\u00e9dias\u00a0;<\/li><li>promouvoir<strong>\u00a0les actions de pr\u00e9vention<\/strong>\u00a0;<\/li><li>promouvoir la place de l\u2019assurance dans\u00a0<strong>le monde acad\u00e9mique et la formation<\/strong>.<\/li><\/ul><div>Pour le secteur du v\u00e9lo, il est donc tr\u00e8s important que France Assureurs cr\u00e9\u00e9 enfin un label pour les antivols v\u00e9los comme cela existe depuis longtemps pour les antivols motos.<br \/>D&rsquo;autant que le nombre de vols de v\u00e9los est tr\u00e8s importants en France avec l&rsquo;essor du v\u00e9lotaf et l&rsquo;am\u00e9lioration des voies cyclables et que les v\u00e9los, notamment \u00e9lectriques ont des prix assez \u00e9lev\u00e9s&#8230;(cargos etc&#8230;)<br \/><a href=\"https:\/\/www.franceassureurs.fr\/qui-sommes-nous\/notre-raison-detre-et-nos-missions\/\" target=\"_blank\" rel=\"noopener\">En savoir plus sur France Assureurs<\/a><\/div>\t\t\t\t\t\t\t\t<\/div>\n\t\t\t\t<\/div>\n\t\t\t\t\t<\/div>\n\t\t\t\t<\/div>\n\t\t<div class=\"elementor-element elementor-element-c6f5df2 e-flex e-con-boxed e-con e-parent\" data-id=\"c6f5df2\" data-element_type=\"container\" data-e-type=\"container\">\n\t\t\t\t\t<div class=\"e-con-inner\">\n\t\t\t\t<div class=\"elementor-element elementor-element-f40ceaa elementor-widget elementor-widget-heading\" data-id=\"f40ceaa\" data-element_type=\"widget\" data-e-type=\"widget\" data-widget_type=\"heading.default\">\n\t\t\t\t<div class=\"elementor-widget-container\">\n\t\t\t\t\t<h3 class=\"elementor-heading-title elementor-size-default\">A quoi sert le classement SRA des antivols v\u00e9los ?<\/h3>\t\t\t\t<\/div>\n\t\t\t\t<\/div>\n\t\t\t\t\t<\/div>\n\t\t\t\t<\/div>\n\t\t<div class=\"elementor-element elementor-element-4e40948 e-flex e-con-boxed e-con e-parent\" data-id=\"4e40948\" data-element_type=\"container\" data-e-type=\"container\">\n\t\t\t\t\t<div class=\"e-con-inner\">\n\t\t\t\t<div class=\"elementor-element elementor-element-db662ce elementor-widget elementor-widget-text-editor\" data-id=\"db662ce\" data-element_type=\"widget\" data-e-type=\"widget\" data-widget_type=\"text-editor.default\">\n\t\t\t\t<div class=\"elementor-widget-container\">\n\t\t\t\t\t\t\t\t\t<p>Le classement des antivols SRA vise \u00e0 garantir l&rsquo;efficacit\u00e9 des antivols v\u00e9los. <br>Ce nouveau classement est r\u00e9alis\u00e9 en partenariat avec l&rsquo;association S\u00e9curit\u00e9 R\u00e9parations Automobile (<a href=\"https:\/\/www.sra.asso.fr\/protection-vol\" target=\"_blank\" rel=\"noopener\">SRA<\/a>) et le Centre National de Pr\u00e9vention et de Protection (CNPP) sous le nom <b>V\u00e9lo SRA<\/b>.<\/p>\n<p>Il aide donc les consommateurs \u00e0 choisir un antivol v\u00e9lo fiable avec un classement clair valid\u00e9 par les assureurs. Certains d&rsquo;entre eux pourraient par ailleurs \u00e0 l&rsquo;avenir exiger l&rsquo;achat d&rsquo;un antivol SRA pour garantir les v\u00e9los contre le vol&#8230;.<\/p>\t\t\t\t\t\t\t\t<\/div>\n\t\t\t\t<\/div>\n\t\t\t\t\t<\/div>\n\t\t\t\t<\/div>\n\t\t<div class=\"elementor-element elementor-element-e6b2c39 e-flex e-con-boxed e-con e-parent\" data-id=\"e6b2c39\" data-element_type=\"container\" data-e-type=\"container\">\n\t\t\t\t\t<div class=\"e-con-inner\">\n\t\t\t\t<div class=\"elementor-element elementor-element-da31d14 elementor-widget elementor-widget-heading\" data-id=\"da31d14\" data-element_type=\"widget\" data-e-type=\"widget\" data-widget_type=\"heading.default\">\n\t\t\t\t<div class=\"elementor-widget-container\">\n\t\t\t\t\t<h3 class=\"elementor-heading-title elementor-size-default\">Quels sont les antivols v\u00e9los SRA ?<\/h3>\t\t\t\t<\/div>\n\t\t\t\t<\/div>\n\t\t\t\t\t<\/div>\n\t\t\t\t<\/div>\n\t\t<div class=\"elementor-element elementor-element-431f472 e-flex e-con-boxed e-con e-parent\" data-id=\"431f472\" data-element_type=\"container\" data-e-type=\"container\">\n\t\t\t\t\t<div class=\"e-con-inner\">\n\t\t\t\t<div class=\"elementor-element elementor-element-b2a9b64 elementor-widget elementor-widget-text-editor\" data-id=\"b2a9b64\" data-element_type=\"widget\" data-e-type=\"widget\" data-widget_type=\"text-editor.default\">\n\t\t\t\t<div class=\"elementor-widget-container\">\n\t\t\t\t\t\t\t\t\t<p>Le classement des syst\u00e8mes antivol \u00ab VELO SRA \u00bb est attribu\u00e9 aux syst\u00e8mes de protection m\u00e9canique :<\/p><ul><li><a href=\"https:\/\/www.cycles-blain.com\/113-antivol-velo-u\" target=\"_blank\" rel=\"noopener\">Antivol v\u00e9lo SRA U<\/a>,<\/li><li><a href=\"https:\/\/www.cycles-blain.com\/114-antivol-velo-chaine\" target=\"_blank\" rel=\"noopener\">Antivol v\u00e9lo SRA cha\u00eenes<\/a>,<\/li><li><a href=\"https:\/\/www.cycles-blain.com\/115-antivol-velo-pliant\" target=\"_blank\" rel=\"noopener\">Antivol v\u00e9lo SRA articul\u00e9s<\/a>,<\/li><li>Antivol v\u00e9lo SRA de <b>cadre + cha\u00eenes<\/b>)<\/li><\/ul><p>La mention \u00ab VELO SRA \u00bb doit obligatoirement \u00eatre appos\u00e9e sur l\u2019emballage de chaque produit class\u00e9.<\/p><p>Tous les produits sont initialement test\u00e9s dans les laboratoires accr\u00e9dit\u00e9s Cofrac du\u00a0<a href=\"https:\/\/www.cnpp.com\/\">CNPP<\/a>\u00a0(Centre national de pr\u00e9vention et protection) selon un cahier des charges. Les sites de fabrication des syst\u00e8mes de protection class\u00e9s sont audit\u00e9s annuellement et sont compl\u00e9t\u00e9s de pr\u00e9l\u00e8vements de contr\u00f4le.<\/p><p>A date seuls quelques marques d&rsquo;antivols v\u00e9los et quelques mod\u00e8les ont \u00e9t\u00e9 test\u00e9s et font partie du classement. Cette liste n&rsquo;est pas encore exhaustive. La marque ABUS fait \u00e9videmment partie des labelis\u00e9es, \u00e0 condition que les marques acceptent l&rsquo;audit annuel de leur site de production&#8230;.En attendant le classement SRU et les autres tests d&rsquo;antivols v\u00e9los viennent compl\u00e9ter et aider le consommateur \u00e0 choisir un bon antivol v\u00e9lo !<\/p><p>&gt;\u00a0<a href=\"https:\/\/www.cycles-blain.com\/fr\/magasins-velo\/nouvel-antivol-u-abus-granit-super-extreme-2500\/\" target=\"_blank\" rel=\"noopener\">Le meilleur antivol v\u00e9lo du march\u00e9 : Lire l&rsquo;article<\/a><br \/>&gt; <a href=\"https:\/\/www.cycles-blain.com\/fr\/conseils-velo\/antivol-velo\/antivol-velo-conseils-2024\/\" target=\"_blank\" rel=\"noopener\">Bien choisir son antivol v\u00e9lo : Lire notre guide<\/a><br \/>&gt; <a href=\"https:\/\/www.cycles-blain.com\/fr\/conseils-velo\/antivol-velo\/bien-choisir-son-alarme-velo-contre-le-vol\/\" target=\"_blank\" rel=\"noopener\">Les alarmes v\u00e9los : aussi sur les antivols v\u00e9los<\/a><\/p>\t\t\t\t\t\t\t\t<\/div>\n\t\t\t\t<\/div>\n\t\t\t\t\t<\/div>\n\t\t\t\t<\/div>\n\t\t<div class=\"elementor-element elementor-element-b68c885 e-flex e-con-boxed e-con e-parent\" data-id=\"b68c885\" data-element_type=\"container\" data-e-type=\"container\">\n\t\t\t\t\t<div class=\"e-con-inner\">\n\t\t\t\t<div class=\"elementor-element elementor-element-6237be3 elementor-align-center elementor-widget elementor-widget-button\" data-id=\"6237be3\" data-element_type=\"widget\" data-e-type=\"widget\" data-widget_type=\"button.default\">\n\t\t\t\t<div class=\"elementor-widget-container\">\n\t\t\t\t\t\t\t\t\t<div class=\"elementor-button-wrapper\">\n\t\t\t\t\t<a class=\"elementor-button elementor-button-link elementor-size-sm\" href=\"https:\/\/www.sra.asso.fr\/protection-vol\" target=\"_blank\">\n\t\t\t\t\t\t<span class=\"elementor-button-content-wrapper\">\n\t\t\t\t\t\t\t\t\t<span class=\"elementor-button-text\">Voir la liste des antivols SRA<\/span>\n\t\t\t\t\t<\/span>\n\t\t\t\t\t<\/a>\n\t\t\t\t<\/div>\n\t\t\t\t\t\t\t\t<\/div>\n\t\t\t\t<\/div>\n\t\t\t\t\t<\/div>\n\t\t\t\t<\/div>\n\t\t<div class=\"elementor-element elementor-element-6f258e3 e-flex e-con-boxed e-con e-parent\" data-id=\"6f258e3\" data-element_type=\"container\" data-e-type=\"container\">\n\t\t\t\t\t<div class=\"e-con-inner\">\n\t\t\t\t<div class=\"elementor-element elementor-element-d88a86f elementor-widget elementor-widget-image\" data-id=\"d88a86f\" data-element_type=\"widget\" data-e-type=\"widget\" data-widget_type=\"image.default\">\n\t\t\t\t<div class=\"elementor-widget-container\">\n\t\t\t\t\t\t\t\t\t\t\t\t\t\t\t<img decoding=\"async\" src=\"https:\/\/www.cycles-blain.com\/fr\/wp-content\/uploads\/elementor\/thumbs\/antivols-sra-rcnl5vbhddvu5snnmu2vbzuemnkqrh4a4pi2ot6guo.jpg\" title=\"Classement Antivols V\u00e9los SRA\" alt=\"Classement Antivols V\u00e9los SRA\" loading=\"lazy\" \/>\t\t\t\t\t\t\t\t\t\t\t\t\t\t\t<\/div>\n\t\t\t\t<\/div>\n\t\t\t\t\t<\/div>\n\t\t\t\t<\/div>\n\t\t\t\t<\/div>\n\t\t","protected":false},"excerpt":{"rendered":"<p>Antivols V\u00e9los : SRA \u00e9dite d\u00e9sormais un classement des antivols v\u00e9los class\u00e9s SRA soutenu par France Assureurs<\/p>\n","protected":false},"author":1,"featured_media":17497,"comment_status":"open","ping_status":"open","sticky":false,"template":"","format":"standard","meta":{"site-sidebar-layout":"default","site-content-layout":"","ast-site-content-layout":"default","site-content-style":"default","site-sidebar-style":"default","ast-global-header-display":"","ast-banner-title-visibility":"","ast-main-header-display":"","ast-hfb-above-header-display":"","ast-hfb-below-header-display":"","ast-hfb-mobile-header-display":"","site-post-title":"","ast-breadcrumbs-content":"","ast-featured-img":"","footer-sml-layout":"","theme-transparent-header-meta":"","adv-header-id-meta":"","stick-header-meta":"","header-above-stick-meta":"","header-main-stick-meta":"","header-below-stick-meta":"","astra-migrate-meta-layouts":"set","ast-page-background-enabled":"default","ast-page-background-meta":{"desktop":{"background-color":"","background-image":"","background-repeat":"repeat","background-position":"center center","background-size":"auto","background-attachment":"scroll","background-type":"","background-media":"","overlay-type":"","overlay-color":"","overlay-gradient":""},"tablet":{"background-color":"","background-image":"","background-repeat":"repeat","background-position":"center center","background-size":"auto","background-attachment":"scroll","background-type":"","background-media":"","overlay-type":"","overlay-color":"","overlay-gradient":""},"mobile":{"background-color":"","background-image":"","background-repeat":"repeat","background-position":"center center","background-size":"auto","background-attachment":"scroll","background-type":"","background-media":"","overlay-type":"","overlay-color":"","overlay-gradient":""}},"ast-content-background-meta":{"desktop":{"background-color":"var(--ast-global-color-5)","background-image":"","background-repeat":"repeat","background-position":"center center","background-size":"auto","background-attachment":"scroll","background-type":"","background-media":"","overlay-type":"","overlay-color":"","overlay-gradient":""},"tablet":{"background-color":"var(--ast-global-color-5)","background-image":"","background-repeat":"repeat","background-position":"center center","background-size":"auto","background-attachment":"scroll","background-type":"","background-media":"","overlay-type":"","overlay-color":"","overlay-gradient":""},"mobile":{"background-color":"var(--ast-global-color-5)","background-image":"","background-repeat":"repeat","background-position":"center center","background-size":"auto","background-attachment":"scroll","background-type":"","background-media":"","overlay-type":"","overlay-color":"","overlay-gradient":""}},"footnotes":""},"categories":[9],"tags":[388,389],"class_list":["post-17481","post","type-post","status-publish","format-standard","has-post-thumbnail","hentry","category-conseils-velo","tag-antivols","tag-sra"],"yoast_head":"<!-- This site is optimized with the Yoast SEO plugin v27.5 - https:\/\/yoast.com\/product\/yoast-seo-wordpress\/ -->\n<title>Antivols V\u00e9los - Nouveau classement SRA - CYCLES BLAIN<\/title>\n<meta name=\"description\" content=\"Antivols V\u00e9los : SRA \u00e9dite d\u00e9sormais un classement des antivols v\u00e9los class\u00e9s SRA soutenu par France Assureurs\" \/>\n<meta name=\"robots\" content=\"index, follow, max-snippet:-1, max-image-preview:large, max-video-preview:-1\" \/>\n<link rel=\"canonical\" href=\"https:\/\/www.cycles-blain.com\/fr\/conseils-velo\/antivols-velo-sra-sept25\/\" \/>\n<meta property=\"og:locale\" content=\"fr_FR\" \/>\n<meta property=\"og:type\" content=\"article\" \/>\n<meta property=\"og:title\" content=\"Antivols V\u00e9los - Nouveau classement SRA - CYCLES BLAIN\" \/>\n<meta property=\"og:description\" content=\"Antivols V\u00e9los : SRA \u00e9dite d\u00e9sormais un classement des antivols v\u00e9los class\u00e9s SRA soutenu par France Assureurs\" \/>\n<meta property=\"og:url\" content=\"https:\/\/www.cycles-blain.com\/fr\/conseils-velo\/antivols-velo-sra-sept25\/\" \/>\n<meta property=\"og:site_name\" content=\"CyclesBlain - Magasins de v\u00e9los, accessoires et ateliers\" \/>\n<meta property=\"article:publisher\" content=\"https:\/\/www.facebook.com\/cyclesblain\/?locale=fr_FR\" \/>\n<meta property=\"article:published_time\" content=\"2025-10-03T07:35:43+00:00\" \/>\n<meta property=\"article:modified_time\" content=\"2025-10-03T08:42:19+00:00\" \/>\n<meta property=\"og:image\" content=\"https:\/\/www.cycles-blain.com\/fr\/wp-content\/uploads\/2025\/10\/antivol-sra.jpg\" \/>\n\t<meta property=\"og:image:width\" content=\"594\" \/>\n\t<meta property=\"og:image:height\" content=\"381\" \/>\n\t<meta property=\"og:image:type\" content=\"image\/jpeg\" \/>\n<meta name=\"author\" content=\"Gueweb\" \/>\n<meta name=\"twitter:card\" content=\"summary_large_image\" \/>\n<meta name=\"twitter:label1\" content=\"\u00c9crit par\" \/>\n\t<meta name=\"twitter:data1\" content=\"Gueweb\" \/>\n\t<meta name=\"twitter:label2\" content=\"Dur\u00e9e de lecture estim\u00e9e\" \/>\n\t<meta name=\"twitter:data2\" content=\"3 minutes\" \/>\n<script type=\"application\/ld+json\" class=\"yoast-schema-graph\">{\"@context\":\"https:\\\/\\\/schema.org\",\"@graph\":[{\"@type\":\"Article\",\"@id\":\"https:\\\/\\\/www.cycles-blain.com\\\/fr\\\/conseils-velo\\\/antivols-velo-sra-sept25\\\/#article\",\"isPartOf\":{\"@id\":\"https:\\\/\\\/www.cycles-blain.com\\\/fr\\\/conseils-velo\\\/antivols-velo-sra-sept25\\\/\"},\"author\":{\"name\":\"Gueweb\",\"@id\":\"https:\\\/\\\/www.cycles-blain.com\\\/fr\\\/#\\\/schema\\\/person\\\/6fb8bad852fde893fb61b7b05936af37\"},\"headline\":\"Antivols V\u00e9los &#8211; Nouveau classement SRA\",\"datePublished\":\"2025-10-03T07:35:43+00:00\",\"dateModified\":\"2025-10-03T08:42:19+00:00\",\"mainEntityOfPage\":{\"@id\":\"https:\\\/\\\/www.cycles-blain.com\\\/fr\\\/conseils-velo\\\/antivols-velo-sra-sept25\\\/\"},\"wordCount\":632,\"commentCount\":0,\"publisher\":{\"@id\":\"https:\\\/\\\/www.cycles-blain.com\\\/fr\\\/#organization\"},\"image\":{\"@id\":\"https:\\\/\\\/www.cycles-blain.com\\\/fr\\\/conseils-velo\\\/antivols-velo-sra-sept25\\\/#primaryimage\"},\"thumbnailUrl\":\"https:\\\/\\\/www.cycles-blain.com\\\/fr\\\/wp-content\\\/uploads\\\/2025\\\/10\\\/antivol-sra.jpg\",\"keywords\":[\"antivols\",\"sra\"],\"articleSection\":[\"Conseils-Pratique\"],\"inLanguage\":\"fr-FR\",\"potentialAction\":[{\"@type\":\"CommentAction\",\"name\":\"Comment\",\"target\":[\"https:\\\/\\\/www.cycles-blain.com\\\/fr\\\/conseils-velo\\\/antivols-velo-sra-sept25\\\/#respond\"]}]},{\"@type\":\"WebPage\",\"@id\":\"https:\\\/\\\/www.cycles-blain.com\\\/fr\\\/conseils-velo\\\/antivols-velo-sra-sept25\\\/\",\"url\":\"https:\\\/\\\/www.cycles-blain.com\\\/fr\\\/conseils-velo\\\/antivols-velo-sra-sept25\\\/\",\"name\":\"Antivols V\u00e9los - Nouveau classement SRA - CYCLES BLAIN\",\"isPartOf\":{\"@id\":\"https:\\\/\\\/www.cycles-blain.com\\\/fr\\\/#website\"},\"primaryImageOfPage\":{\"@id\":\"https:\\\/\\\/www.cycles-blain.com\\\/fr\\\/conseils-velo\\\/antivols-velo-sra-sept25\\\/#primaryimage\"},\"image\":{\"@id\":\"https:\\\/\\\/www.cycles-blain.com\\\/fr\\\/conseils-velo\\\/antivols-velo-sra-sept25\\\/#primaryimage\"},\"thumbnailUrl\":\"https:\\\/\\\/www.cycles-blain.com\\\/fr\\\/wp-content\\\/uploads\\\/2025\\\/10\\\/antivol-sra.jpg\",\"datePublished\":\"2025-10-03T07:35:43+00:00\",\"dateModified\":\"2025-10-03T08:42:19+00:00\",\"description\":\"Antivols V\u00e9los : SRA \u00e9dite d\u00e9sormais un classement des antivols v\u00e9los class\u00e9s SRA soutenu par France Assureurs\",\"breadcrumb\":{\"@id\":\"https:\\\/\\\/www.cycles-blain.com\\\/fr\\\/conseils-velo\\\/antivols-velo-sra-sept25\\\/#breadcrumb\"},\"inLanguage\":\"fr-FR\",\"potentialAction\":[{\"@type\":\"ReadAction\",\"target\":[\"https:\\\/\\\/www.cycles-blain.com\\\/fr\\\/conseils-velo\\\/antivols-velo-sra-sept25\\\/\"]}]},{\"@type\":\"ImageObject\",\"inLanguage\":\"fr-FR\",\"@id\":\"https:\\\/\\\/www.cycles-blain.com\\\/fr\\\/conseils-velo\\\/antivols-velo-sra-sept25\\\/#primaryimage\",\"url\":\"https:\\\/\\\/www.cycles-blain.com\\\/fr\\\/wp-content\\\/uploads\\\/2025\\\/10\\\/antivol-sra.jpg\",\"contentUrl\":\"https:\\\/\\\/www.cycles-blain.com\\\/fr\\\/wp-content\\\/uploads\\\/2025\\\/10\\\/antivol-sra.jpg\",\"width\":594,\"height\":381,\"caption\":\"Antivols V\u00e9los SRA\"},{\"@type\":\"BreadcrumbList\",\"@id\":\"https:\\\/\\\/www.cycles-blain.com\\\/fr\\\/conseils-velo\\\/antivols-velo-sra-sept25\\\/#breadcrumb\",\"itemListElement\":[{\"@type\":\"ListItem\",\"position\":1,\"name\":\"Accueil\",\"item\":\"https:\\\/\\\/www.cycles-blain.com\\\/fr\\\/\"},{\"@type\":\"ListItem\",\"position\":2,\"name\":\"Antivols V\u00e9los &#8211; Nouveau classement SRA\"}]},{\"@type\":\"WebSite\",\"@id\":\"https:\\\/\\\/www.cycles-blain.com\\\/fr\\\/#website\",\"url\":\"https:\\\/\\\/www.cycles-blain.com\\\/fr\\\/\",\"name\":\"CyclesBlain - Magasins de v\u00e9los, accessoires et ateliers\",\"description\":\"Blog Cycles Blain\",\"publisher\":{\"@id\":\"https:\\\/\\\/www.cycles-blain.com\\\/fr\\\/#organization\"},\"potentialAction\":[{\"@type\":\"SearchAction\",\"target\":{\"@type\":\"EntryPoint\",\"urlTemplate\":\"https:\\\/\\\/www.cycles-blain.com\\\/fr\\\/?s={search_term_string}\"},\"query-input\":{\"@type\":\"PropertyValueSpecification\",\"valueRequired\":true,\"valueName\":\"search_term_string\"}}],\"inLanguage\":\"fr-FR\"},{\"@type\":\"Organization\",\"@id\":\"https:\\\/\\\/www.cycles-blain.com\\\/fr\\\/#organization\",\"name\":\"CyclesBlain - Magasins de v\u00e9los, accessoires et ateliers\",\"url\":\"https:\\\/\\\/www.cycles-blain.com\\\/fr\\\/\",\"logo\":{\"@type\":\"ImageObject\",\"inLanguage\":\"fr-FR\",\"@id\":\"https:\\\/\\\/www.cycles-blain.com\\\/fr\\\/#\\\/schema\\\/logo\\\/image\\\/\",\"url\":\"https:\\\/\\\/www.cycles-blain.com\\\/fr\\\/wp-content\\\/uploads\\\/2023\\\/10\\\/logo-cycles-blain.jpeg\",\"contentUrl\":\"https:\\\/\\\/www.cycles-blain.com\\\/fr\\\/wp-content\\\/uploads\\\/2023\\\/10\\\/logo-cycles-blain.jpeg\",\"width\":264,\"height\":191,\"caption\":\"CyclesBlain - Magasins de v\u00e9los, accessoires et ateliers\"},\"image\":{\"@id\":\"https:\\\/\\\/www.cycles-blain.com\\\/fr\\\/#\\\/schema\\\/logo\\\/image\\\/\"},\"sameAs\":[\"https:\\\/\\\/www.facebook.com\\\/cyclesblain\\\/?locale=fr_FR\",\"https:\\\/\\\/www.instagram.com\\\/cycles_blain\\\/?hl=fr\"]},{\"@type\":\"Person\",\"@id\":\"https:\\\/\\\/www.cycles-blain.com\\\/fr\\\/#\\\/schema\\\/person\\\/6fb8bad852fde893fb61b7b05936af37\",\"name\":\"Gueweb\",\"image\":{\"@type\":\"ImageObject\",\"inLanguage\":\"fr-FR\",\"@id\":\"https:\\\/\\\/secure.gravatar.com\\\/avatar\\\/52550bc594eb074508114b963209b157358b27e5a0319de1bb723df3f760ca2d?s=96&d=mm&r=g\",\"url\":\"https:\\\/\\\/secure.gravatar.com\\\/avatar\\\/52550bc594eb074508114b963209b157358b27e5a0319de1bb723df3f760ca2d?s=96&d=mm&r=g\",\"contentUrl\":\"https:\\\/\\\/secure.gravatar.com\\\/avatar\\\/52550bc594eb074508114b963209b157358b27e5a0319de1bb723df3f760ca2d?s=96&d=mm&r=g\",\"caption\":\"Gueweb\"},\"sameAs\":[\"https:\\\/\\\/www.cycles-blain.com\\\/\\\/fr\"],\"url\":\"https:\\\/\\\/www.cycles-blain.com\\\/fr\\\/author\\\/gueweb\\\/\"}]}<\/script>\n<!-- \/ Yoast SEO plugin. -->","yoast_head_json":{"title":"Antivols V\u00e9los - Nouveau classement SRA - CYCLES BLAIN","description":"Antivols V\u00e9los : SRA \u00e9dite d\u00e9sormais un classement des antivols v\u00e9los class\u00e9s SRA soutenu par France Assureurs","robots":{"index":"index","follow":"follow","max-snippet":"max-snippet:-1","max-image-preview":"max-image-preview:large","max-video-preview":"max-video-preview:-1"},"canonical":"https:\/\/www.cycles-blain.com\/fr\/conseils-velo\/antivols-velo-sra-sept25\/","og_locale":"fr_FR","og_type":"article","og_title":"Antivols V\u00e9los - Nouveau classement SRA - CYCLES BLAIN","og_description":"Antivols V\u00e9los : SRA \u00e9dite d\u00e9sormais un classement des antivols v\u00e9los class\u00e9s SRA soutenu par France Assureurs","og_url":"https:\/\/www.cycles-blain.com\/fr\/conseils-velo\/antivols-velo-sra-sept25\/","og_site_name":"CyclesBlain - Magasins de v\u00e9los, accessoires et ateliers","article_publisher":"https:\/\/www.facebook.com\/cyclesblain\/?locale=fr_FR","article_published_time":"2025-10-03T07:35:43+00:00","article_modified_time":"2025-10-03T08:42:19+00:00","og_image":[{"width":594,"height":381,"url":"https:\/\/www.cycles-blain.com\/fr\/wp-content\/uploads\/2025\/10\/antivol-sra.jpg","type":"image\/jpeg"}],"author":"Gueweb","twitter_card":"summary_large_image","twitter_misc":{"\u00c9crit par":"Gueweb","Dur\u00e9e de lecture estim\u00e9e":"3 minutes"},"schema":{"@context":"https:\/\/schema.org","@graph":[{"@type":"Article","@id":"https:\/\/www.cycles-blain.com\/fr\/conseils-velo\/antivols-velo-sra-sept25\/#article","isPartOf":{"@id":"https:\/\/www.cycles-blain.com\/fr\/conseils-velo\/antivols-velo-sra-sept25\/"},"author":{"name":"Gueweb","@id":"https:\/\/www.cycles-blain.com\/fr\/#\/schema\/person\/6fb8bad852fde893fb61b7b05936af37"},"headline":"Antivols V\u00e9los &#8211; Nouveau classement SRA","datePublished":"2025-10-03T07:35:43+00:00","dateModified":"2025-10-03T08:42:19+00:00","mainEntityOfPage":{"@id":"https:\/\/www.cycles-blain.com\/fr\/conseils-velo\/antivols-velo-sra-sept25\/"},"wordCount":632,"commentCount":0,"publisher":{"@id":"https:\/\/www.cycles-blain.com\/fr\/#organization"},"image":{"@id":"https:\/\/www.cycles-blain.com\/fr\/conseils-velo\/antivols-velo-sra-sept25\/#primaryimage"},"thumbnailUrl":"https:\/\/www.cycles-blain.com\/fr\/wp-content\/uploads\/2025\/10\/antivol-sra.jpg","keywords":["antivols","sra"],"articleSection":["Conseils-Pratique"],"inLanguage":"fr-FR","potentialAction":[{"@type":"CommentAction","name":"Comment","target":["https:\/\/www.cycles-blain.com\/fr\/conseils-velo\/antivols-velo-sra-sept25\/#respond"]}]},{"@type":"WebPage","@id":"https:\/\/www.cycles-blain.com\/fr\/conseils-velo\/antivols-velo-sra-sept25\/","url":"https:\/\/www.cycles-blain.com\/fr\/conseils-velo\/antivols-velo-sra-sept25\/","name":"Antivols V\u00e9los - Nouveau classement SRA - CYCLES BLAIN","isPartOf":{"@id":"https:\/\/www.cycles-blain.com\/fr\/#website"},"primaryImageOfPage":{"@id":"https:\/\/www.cycles-blain.com\/fr\/conseils-velo\/antivols-velo-sra-sept25\/#primaryimage"},"image":{"@id":"https:\/\/www.cycles-blain.com\/fr\/conseils-velo\/antivols-velo-sra-sept25\/#primaryimage"},"thumbnailUrl":"https:\/\/www.cycles-blain.com\/fr\/wp-content\/uploads\/2025\/10\/antivol-sra.jpg","datePublished":"2025-10-03T07:35:43+00:00","dateModified":"2025-10-03T08:42:19+00:00","description":"Antivols V\u00e9los : SRA \u00e9dite d\u00e9sormais un classement des antivols v\u00e9los class\u00e9s SRA soutenu par France Assureurs","breadcrumb":{"@id":"https:\/\/www.cycles-blain.com\/fr\/conseils-velo\/antivols-velo-sra-sept25\/#breadcrumb"},"inLanguage":"fr-FR","potentialAction":[{"@type":"ReadAction","target":["https:\/\/www.cycles-blain.com\/fr\/conseils-velo\/antivols-velo-sra-sept25\/"]}]},{"@type":"ImageObject","inLanguage":"fr-FR","@id":"https:\/\/www.cycles-blain.com\/fr\/conseils-velo\/antivols-velo-sra-sept25\/#primaryimage","url":"https:\/\/www.cycles-blain.com\/fr\/wp-content\/uploads\/2025\/10\/antivol-sra.jpg","contentUrl":"https:\/\/www.cycles-blain.com\/fr\/wp-content\/uploads\/2025\/10\/antivol-sra.jpg","width":594,"height":381,"caption":"Antivols V\u00e9los SRA"},{"@type":"BreadcrumbList","@id":"https:\/\/www.cycles-blain.com\/fr\/conseils-velo\/antivols-velo-sra-sept25\/#breadcrumb","itemListElement":[{"@type":"ListItem","position":1,"name":"Accueil","item":"https:\/\/www.cycles-blain.com\/fr\/"},{"@type":"ListItem","position":2,"name":"Antivols V\u00e9los &#8211; Nouveau classement SRA"}]},{"@type":"WebSite","@id":"https:\/\/www.cycles-blain.com\/fr\/#website","url":"https:\/\/www.cycles-blain.com\/fr\/","name":"CyclesBlain - Magasins de v\u00e9los, accessoires et ateliers","description":"Blog Cycles Blain","publisher":{"@id":"https:\/\/www.cycles-blain.com\/fr\/#organization"},"potentialAction":[{"@type":"SearchAction","target":{"@type":"EntryPoint","urlTemplate":"https:\/\/www.cycles-blain.com\/fr\/?s={search_term_string}"},"query-input":{"@type":"PropertyValueSpecification","valueRequired":true,"valueName":"search_term_string"}}],"inLanguage":"fr-FR"},{"@type":"Organization","@id":"https:\/\/www.cycles-blain.com\/fr\/#organization","name":"CyclesBlain - Magasins de v\u00e9los, accessoires et ateliers","url":"https:\/\/www.cycles-blain.com\/fr\/","logo":{"@type":"ImageObject","inLanguage":"fr-FR","@id":"https:\/\/www.cycles-blain.com\/fr\/#\/schema\/logo\/image\/","url":"https:\/\/www.cycles-blain.com\/fr\/wp-content\/uploads\/2023\/10\/logo-cycles-blain.jpeg","contentUrl":"https:\/\/www.cycles-blain.com\/fr\/wp-content\/uploads\/2023\/10\/logo-cycles-blain.jpeg","width":264,"height":191,"caption":"CyclesBlain - Magasins de v\u00e9los, accessoires et ateliers"},"image":{"@id":"https:\/\/www.cycles-blain.com\/fr\/#\/schema\/logo\/image\/"},"sameAs":["https:\/\/www.facebook.com\/cyclesblain\/?locale=fr_FR","https:\/\/www.instagram.com\/cycles_blain\/?hl=fr"]},{"@type":"Person","@id":"https:\/\/www.cycles-blain.com\/fr\/#\/schema\/person\/6fb8bad852fde893fb61b7b05936af37","name":"Gueweb","image":{"@type":"ImageObject","inLanguage":"fr-FR","@id":"https:\/\/secure.gravatar.com\/avatar\/52550bc594eb074508114b963209b157358b27e5a0319de1bb723df3f760ca2d?s=96&d=mm&r=g","url":"https:\/\/secure.gravatar.com\/avatar\/52550bc594eb074508114b963209b157358b27e5a0319de1bb723df3f760ca2d?s=96&d=mm&r=g","contentUrl":"https:\/\/secure.gravatar.com\/avatar\/52550bc594eb074508114b963209b157358b27e5a0319de1bb723df3f760ca2d?s=96&d=mm&r=g","caption":"Gueweb"},"sameAs":["https:\/\/www.cycles-blain.com\/\/fr"],"url":"https:\/\/www.cycles-blain.com\/fr\/author\/gueweb\/"}]}},"_links":{"self":[{"href":"https:\/\/www.cycles-blain.com\/fr\/wp-json\/wp\/v2\/posts\/17481","targetHints":{"allow":["GET"]}}],"collection":[{"href":"https:\/\/www.cycles-blain.com\/fr\/wp-json\/wp\/v2\/posts"}],"about":[{"href":"https:\/\/www.cycles-blain.com\/fr\/wp-json\/wp\/v2\/types\/post"}],"author":[{"embeddable":true,"href":"https:\/\/www.cycles-blain.com\/fr\/wp-json\/wp\/v2\/users\/1"}],"replies":[{"embeddable":true,"href":"https:\/\/www.cycles-blain.com\/fr\/wp-json\/wp\/v2\/comments?post=17481"}],"version-history":[{"count":22,"href":"https:\/\/www.cycles-blain.com\/fr\/wp-json\/wp\/v2\/posts\/17481\/revisions"}],"predecessor-version":[{"id":17506,"href":"https:\/\/www.cycles-blain.com\/fr\/wp-json\/wp\/v2\/posts\/17481\/revisions\/17506"}],"wp:featuredmedia":[{"embeddable":true,"href":"https:\/\/www.cycles-blain.com\/fr\/wp-json\/wp\/v2\/media\/17497"}],"wp:attachment":[{"href":"https:\/\/www.cycles-blain.com\/fr\/wp-json\/wp\/v2\/media?parent=17481"}],"wp:term":[{"taxonomy":"category","embeddable":true,"href":"https:\/\/www.cycles-blain.com\/fr\/wp-json\/wp\/v2\/categories?post=17481"},{"taxonomy":"post_tag","embeddable":true,"href":"https:\/\/www.cycles-blain.com\/fr\/wp-json\/wp\/v2\/tags?post=17481"}],"curies":[{"name":"wp","href":"https:\/\/api.w.org\/{rel}","templated":true}]}}