{"id":17597,"date":"2025-10-08T09:00:00","date_gmt":"2025-10-08T07:00:00","guid":{"rendered":"https:\/\/www.cycles-blain.com\/fr\/?p=17597"},"modified":"2025-10-08T09:12:38","modified_gmt":"2025-10-08T07:12:38","slug":"le-mois-giant-fait-son-grand-retour","status":"publish","type":"post","link":"https:\/\/www.cycles-blain.com\/fr\/magasins-velo\/le-mois-giant-fait-son-grand-retour\/","title":{"rendered":"Le Mois Giant fait son grand retour !"},"content":{"rendered":"\t\t<div data-elementor-type=\"wp-post\" data-elementor-id=\"17597\" class=\"elementor elementor-17597\" data-elementor-post-type=\"post\">\n\t\t\t\t<div class=\"elementor-element elementor-element-bba279b e-flex e-con-boxed e-con e-parent\" data-id=\"bba279b\" data-element_type=\"container\" data-e-type=\"container\">\n\t\t\t\t\t<div class=\"e-con-inner\">\n\t\t\t\t<div class=\"elementor-element elementor-element-5115171 elementor-widget elementor-widget-text-editor\" data-id=\"5115171\" data-element_type=\"widget\" data-e-type=\"widget\" data-widget_type=\"text-editor.default\">\n\t\t\t\t<div class=\"elementor-widget-container\">\n\t\t\t\t\t\t\t\t\t<p data-start=\"160\" data-end=\"281\">Du <strong data-start=\"163\" data-end=\"192\">8 octobre au 1er novembre 2025<\/strong>, profitez du <strong data-start=\"206\" data-end=\"224\">Mois Privil\u00e8ge Giant<\/strong>, une op\u00e9ration exclusive lanc\u00e9e par <strong data-start=\"261\" data-end=\"277\">Giant France<\/strong> !<\/p><p data-start=\"283\" data-end=\"539\">Pendant toute cette p\u00e9riode, lors de l\u2019achat d\u2019un <strong data-start=\"333\" data-end=\"354\">v\u00e9lo Giant ou Liv<\/strong>, b\u00e9n\u00e9ficiez d\u2019une <strong data-start=\"373\" data-end=\"394\">r\u00e9duction de 10 %<\/strong> (calcul\u00e9e selon le prix d\u2019achat de votre v\u00e9lo), \u00e0 utiliser sur <strong data-start=\"458\" data-end=\"482\">tous nos accessoires<\/strong> ou, si vous pr\u00e9f\u00e9rez, sous forme de <strong data-start=\"521\" data-end=\"536\">bon d\u2019achat<\/strong>.<\/p><p data-start=\"541\" data-end=\"717\">C\u2019est l\u2019occasion parfaite pour compl\u00e9ter votre \u00e9quipement v\u00e9lo, am\u00e9liorer votre confort et prendre la route avec style <img decoding=\"async\" class=\"emoji\" role=\"img\" draggable=\"false\" src=\"https:\/\/s.w.org\/images\/core\/emoji\/16.0.1\/svg\/1f6b4-200d-2642-fe0f.svg\" alt=\"\ud83d\udeb4\u200d\u2642\ufe0f\" \/><img decoding=\"async\" class=\"emoji\" role=\"img\" draggable=\"false\" src=\"https:\/\/s.w.org\/images\/core\/emoji\/16.0.1\/svg\/1f4a8.svg\" alt=\"\ud83d\udca8\" \/><\/p><p data-start=\"541\" data-end=\"717\">Alors fini les h\u00e9sitations !<img decoding=\"async\" class=\"emoji\" role=\"img\" draggable=\"false\" src=\"https:\/\/s.w.org\/images\/core\/emoji\/16.0.1\/svg\/1f61c.svg\" alt=\"\ud83d\ude1c\" \/><\/p>\t\t\t\t\t\t\t\t<\/div>\n\t\t\t\t<\/div>\n\t\t\t\t<div class=\"elementor-element elementor-element-82709b8 elementor-widget elementor-widget-heading\" data-id=\"82709b8\" data-element_type=\"widget\" data-e-type=\"widget\" data-widget_type=\"heading.default\">\n\t\t\t\t<div class=\"elementor-widget-container\">\n\t\t\t\t\t<h3 class=\"elementor-heading-title elementor-size-default\">Quelles sont les conditions pour profiter de cette offre ?<\/h3>\t\t\t\t<\/div>\n\t\t\t\t<\/div>\n\t\t\t\t<div class=\"elementor-element elementor-element-e2513a5 elementor-widget elementor-widget-text-editor\" data-id=\"e2513a5\" data-element_type=\"widget\" data-e-type=\"widget\" data-widget_type=\"text-editor.default\">\n\t\t\t\t<div class=\"elementor-widget-container\">\n\t\t\t\t\t\t\t\t\t<p>Pour profiter de votre remise de 10 % en accessoires v\u00e9los, suite \u00e0 l&rsquo;achat d&rsquo;un nouveau v\u00e9lo, voici ce qu&rsquo;il faut savoir*:<\/p><ul><li>Promotion sur les <b>v\u00e9los des marques Giant ou Liv du 8 Octobre jusqu\u2019au 01 Novembre 2025.<\/b><\/li><li>Uniquement dans les <b>magasins Giant<\/b> store ou <b>Giant City<\/b> CYCLES BLAIN de\u00a0<a href=\"https:\/\/www.cycles-blain.com\/content\/8-magasin-velo-brignais\" target=\"_blank\" rel=\"noopener\">Brignais<\/a>,\u00a0<a href=\"https:\/\/www.cycles-blain.com\/content\/11-magasin-velos-lyon-3\" target=\"_blank\" rel=\"noopener\">Lyon Centre<\/a>,\u00a0<a href=\"https:\/\/www.cycles-blain.com\/content\/17-magasin-velos-st-priest\" target=\"_blank\" rel=\"noopener\">St Priest<\/a>\u00a0ou au\u00a0<a href=\"https:\/\/www.cycles-blain.com\/content\/12-magasin-velo-vienne\" target=\"_blank\" rel=\"noopener\">magasin de v\u00e9lo Giant de Vienne nord<\/a><\/li><li>Valable uniquement lors de l\u2019achat simultan\u00e9 d\u2019un\u00a0<b><a href=\"https:\/\/www.cycles-blain.com\/8-velo-neufs?q=Marque-Giant\" target=\"_blank\" rel=\"noopener\">v\u00e9lo neuf GIANT<\/a>\u00a0ou\u00a0<\/b><a href=\"https:\/\/www.cycles-blain.com\/8-velo-neufs?q=Marque-Liv\" target=\"_blank\" rel=\"noopener\">LIV\u00a0<\/a>en stock ou sur commande.<\/li><li><b>Tous les accessoires v\u00e9los <\/b>sont concern\u00e9s :\u00a0<a href=\"https:\/\/www.cycles-blain.com\/90-antivol-velo\" target=\"_blank\" rel=\"noopener\">Antivol v\u00e9lo<\/a>,\u00a0<a href=\"https:\/\/www.cycles-blain.com\/157-vetements-cyclistes-velo\" target=\"_blank\" rel=\"noopener\">v\u00eatements\u00a0du cycliste<\/a>,\u00a0<a href=\"https:\/\/www.cycles-blain.com\/89-outillage-entretien-velo\" target=\"_blank\" rel=\"noopener\">outils<\/a>,\u00a0<a href=\"https:\/\/www.cycles-blain.com\/93-bidon-velo\" target=\"_blank\" rel=\"noopener\">bidons<\/a>,\u00a0<a href=\"https:\/\/www.cycles-blain.com\/97-selle-velo\" target=\"_blank\" rel=\"noopener\">selles v\u00e9los<\/a>,\u00a0<a href=\"https:\/\/www.cycles-blain.com\/91-bagage-velo\" target=\"_blank\" rel=\"noopener\">bagagerie<\/a>,\u00a0<a href=\"https:\/\/www.cycles-blain.com\/96-pneu-velo\" target=\"_blank\" rel=\"noopener\">pneus<\/a>,\u00a0<a href=\"https:\/\/www.cycles-blain.com\/95-pedale-velo\" target=\"_blank\" rel=\"noopener\">p\u00e9dales<\/a>\u2026: pas uniquement Giant et Liv : profitez de l\u2019offre sur toute notre gamme d\u2019accessoires et \u00e9quipements*.<\/li><li>Le montant maximum d\u2019accessoires autoris\u00e9s pour la promo est de 450\u20ac T.T.C, de quoi se faire plaisir et bien s\u2019\u00e9quiper <img decoding=\"async\" class=\"emoji\" role=\"img\" draggable=\"false\" src=\"https:\/\/s.w.org\/images\/core\/emoji\/16.0.1\/svg\/1f609.svg\" alt=\"\ud83d\ude09\" \/><\/li><\/ul>\t\t\t\t\t\t\t\t<\/div>\n\t\t\t\t<\/div>\n\t\t\t\t<div class=\"elementor-element elementor-element-9b8fe25 elementor-align-center elementor-widget elementor-widget-button\" data-id=\"9b8fe25\" data-element_type=\"widget\" data-e-type=\"widget\" data-widget_type=\"button.default\">\n\t\t\t\t<div class=\"elementor-widget-container\">\n\t\t\t\t\t\t\t\t\t<div class=\"elementor-button-wrapper\">\n\t\t\t\t\t<a class=\"elementor-button elementor-button-link elementor-size-sm\" href=\"https:\/\/www.cycles-blain.com\/4-accessoires-velo\" target=\"_blank\">\n\t\t\t\t\t\t<span class=\"elementor-button-content-wrapper\">\n\t\t\t\t\t\t\t\t\t<span class=\"elementor-button-text\">je trouve un accessoire<\/span>\n\t\t\t\t\t<\/span>\n\t\t\t\t\t<\/a>\n\t\t\t\t<\/div>\n\t\t\t\t\t\t\t\t<\/div>\n\t\t\t\t<\/div>\n\t\t\t\t<div class=\"elementor-element elementor-element-1ac2ce3 elementor-widget elementor-widget-heading\" data-id=\"1ac2ce3\" data-element_type=\"widget\" data-e-type=\"widget\" data-widget_type=\"heading.default\">\n\t\t\t\t<div class=\"elementor-widget-container\">\n\t\t\t\t\t<h3 class=\"elementor-heading-title elementor-size-default\">Giant : une gamme compl\u00e8te pour tous les cyclistes  <\/h3>\t\t\t\t<\/div>\n\t\t\t\t<\/div>\n\t\t\t\t<div class=\"elementor-element elementor-element-342e02e elementor-widget elementor-widget-text-editor\" data-id=\"342e02e\" data-element_type=\"widget\" data-e-type=\"widget\" data-widget_type=\"text-editor.default\">\n\t\t\t\t<div class=\"elementor-widget-container\">\n\t\t\t\t\t\t\t\t\t<p>Giant, leader mondial, vous propose des v\u00e9los pour toute la famille et pour chaque passion du cyclisme:<\/p>\n<ul>\n<li><a href=\"https:\/\/www.cycles-blain.com\/13-velo-musculaire?q=Marque-Giant\" target=\"_blank\" rel=\"noopener\">V\u00e9los Musculaires Giant<\/a>&nbsp;:&nbsp;<a href=\"https:\/\/www.cycles-blain.com\/15-vtt-musculaire?q=Marque-Giant\" target=\"_blank\" rel=\"noopener\">vtt<\/a>,&nbsp;<a href=\"https:\/\/www.cycles-blain.com\/16-vtc-musculaire?q=Marque-Giant\" target=\"_blank\" rel=\"noopener\">vtc<\/a>,&nbsp;<a href=\"https:\/\/www.cycles-blain.com\/17-velo-route-musculaire?q=Marque-Giant\" target=\"_blank\" rel=\"noopener\">v\u00e9lo de route<\/a>&nbsp;ou&nbsp;<a href=\"https:\/\/www.cycles-blain.com\/18-velo-gravel-musculaire?q=Marque-Giant\" target=\"_blank\" rel=\"noopener\">gravel Giant<\/a>\u2026<\/li>\n<li><a href=\"https:\/\/www.cycles-blain.com\/14-velo-electrique?q=Marque-Giant\" target=\"_blank\" rel=\"noopener\">V\u00e9los Electriques Giant<\/a>&nbsp;:&nbsp;<a href=\"https:\/\/www.cycles-blain.com\/26-vtt-electrique-vttae?q=Marque-Giant\" target=\"_blank\" rel=\"noopener\">vttae<\/a>,&nbsp;<a href=\"https:\/\/www.cycles-blain.com\/27-vtc-electrique?q=Marque-Giant\" target=\"_blank\" rel=\"noopener\">vtc \u00e9lectrique<\/a>,&nbsp;<a href=\"https:\/\/www.cycles-blain.com\/28-velo-ville-electrique?q=Marque-Giant\" target=\"_blank\" rel=\"noopener\">v\u00e9lo de ville Electrique Giant<\/a>\u2026<\/li>\n<li><a href=\"https:\/\/www.cycles-blain.com\/50-velo-enfants?q=Marque-Giant\" target=\"_blank\" rel=\"noopener\">V\u00e9los enfants Giant<\/a><\/li>\n<li><a href=\"https:\/\/www.cycles-blain.com\/fr\/velo\/nouvelle-collection-velo-giant-2026\/\" target=\"_blank\">Nouvelle gamme de v\u00e9lo GIANT 2026<\/a><\/li><li><a href=\"https:\/\/www.cycles-blain.com\/fr\/velo\/velo-route-enfant-giant-liv-seek-2026\/\" target=\"_blank\">Nouveau v\u00e9lo de route enfant 2026<\/a><\/li>\n<\/ul>\t\t\t\t\t\t\t\t<\/div>\n\t\t\t\t<\/div>\n\t\t\t\t<div class=\"elementor-element elementor-element-3212ee0 elementor-skin-carousel elementor-arrows-yes elementor-pagination-type-bullets elementor-pagination-position-outside elementor-widget elementor-widget-media-carousel\" data-id=\"3212ee0\" data-element_type=\"widget\" data-e-type=\"widget\" data-settings=\"{&quot;space_between&quot;:{&quot;unit&quot;:&quot;px&quot;,&quot;size&quot;:14,&quot;sizes&quot;:[]},&quot;skin&quot;:&quot;carousel&quot;,&quot;effect&quot;:&quot;slide&quot;,&quot;show_arrows&quot;:&quot;yes&quot;,&quot;pagination&quot;:&quot;bullets&quot;,&quot;speed&quot;:500,&quot;autoplay&quot;:&quot;yes&quot;,&quot;autoplay_speed&quot;:5000,&quot;loop&quot;:&quot;yes&quot;,&quot;pause_on_hover&quot;:&quot;yes&quot;,&quot;pause_on_interaction&quot;:&quot;yes&quot;,&quot;space_between_tablet&quot;:{&quot;unit&quot;:&quot;px&quot;,&quot;size&quot;:10,&quot;sizes&quot;:[]},&quot;space_between_mobile&quot;:{&quot;unit&quot;:&quot;px&quot;,&quot;size&quot;:10,&quot;sizes&quot;:[]}}\" data-widget_type=\"media-carousel.default\">\n\t\t\t\t<div class=\"elementor-widget-container\">\n\t\t\t\t\t\t\t\t\t<div class=\"elementor-swiper\">\n\t\t\t\t\t<div class=\"elementor-main-swiper swiper\" role=\"region\" aria-roledescription=\"carousel\" aria-label=\"Diapositives\">\n\t\t\t\t<div class=\"swiper-wrapper\">\n\t\t\t\t\t\t\t\t\t\t\t<div class=\"swiper-slide\" role=\"group\" aria-roledescription=\"slide\">\n\t\t\t\t\t\t\t<a href=\"https:\/\/www.cycles-blain.com\/vtt-electrique-vttae\/1807-3610-vtt-electrique-talon-e-2026-giant-4711291192607.html#\/3-taille_cadre-l\" target=\"_blank\">\t\t<div class=\"elementor-carousel-image\" role=\"img\" aria-label=\"vtt-electrique-talon-e-2026-giant\" style=\"background-image: url(&#039;https:\/\/www.cycles-blain.com\/fr\/wp-content\/uploads\/2025\/10\/vtt-electrique-talon-e-2026-giant.jpg&#039;)\">\n\n\t\t\t\n\t\t\t\t\t<\/div>\n\t\t<\/a>\t\t\t\t\t\t<\/div>\n\t\t\t\t\t\t\t\t\t\t\t<div class=\"swiper-slide\" role=\"group\" aria-roledescription=\"slide\">\n\t\t\t\t\t\t\t<a href=\"https:\/\/www.cycles-blain.com\/velo-ville-musculaire\/1804-3597-velo-ville-escape-city-disc-2-2026-giant-4711291187603.html#\/76-taille-l\" target=\"_blank\">\t\t<div class=\"elementor-carousel-image\" role=\"img\" aria-label=\"velo-ville-escape-city-disc-2-2026-giant\" style=\"background-image: url(&#039;https:\/\/www.cycles-blain.com\/fr\/wp-content\/uploads\/2025\/10\/velo-ville-escape-city-disc-2-2026-giant.jpg&#039;)\">\n\n\t\t\t\n\t\t\t\t\t<\/div>\n\t\t<\/a>\t\t\t\t\t\t<\/div>\n\t\t\t\t\t\t\t\t\t\t\t<div class=\"swiper-slide\" role=\"group\" aria-roledescription=\"slide\">\n\t\t\t\t\t\t\t<a href=\"https:\/\/www.cycles-blain.com\/velo-enfants\/1611-2830-velo-route-enfant-seek-1-2026-giant-4711291230781.html#\/124-couleur-violet\" target=\"_blank\">\t\t<div class=\"elementor-carousel-image\" role=\"img\" aria-label=\"velo-route-enfant-seek-1-2026-giant\" style=\"background-image: url(&#039;https:\/\/www.cycles-blain.com\/fr\/wp-content\/uploads\/2025\/10\/velo-route-enfant-seek-1-2026-giant.jpg&#039;)\">\n\n\t\t\t\n\t\t\t\t\t<\/div>\n\t\t<\/a>\t\t\t\t\t\t<\/div>\n\t\t\t\t\t\t\t\t\t\t\t<div class=\"swiper-slide\" role=\"group\" aria-roledescription=\"slide\">\n\t\t\t\t\t\t\t<a href=\"https:\/\/www.cycles-blain.com\/velo-route-musculaire\/1791-3581-contend-sl-1-giant-4711291257924.html#\/45-taille_cadre-ml\" target=\"_blank\">\t\t<div class=\"elementor-carousel-image\" role=\"img\" aria-label=\"contend-sl-1-giant\" style=\"background-image: url(&#039;https:\/\/www.cycles-blain.com\/fr\/wp-content\/uploads\/2025\/10\/contend-sl-1-giant.jpg&#039;)\">\n\n\t\t\t\n\t\t\t\t\t<\/div>\n\t\t<\/a>\t\t\t\t\t\t<\/div>\n\t\t\t\t\t\t\t\t\t\t\t<div class=\"swiper-slide\" role=\"group\" aria-roledescription=\"slide\">\n\t\t\t\t\t\t\t<a href=\"https:\/\/www.cycles-blain.com\/velo-gravel-musculaire\/1790-3579-revolt-advanced-3-2026-giant-4711291220843.html#\/2-taille_cadre-m\" target=\"_blank\">\t\t<div class=\"elementor-carousel-image\" role=\"img\" aria-label=\"revolt-advanced-3-2026-giant\" style=\"background-image: url(&#039;https:\/\/www.cycles-blain.com\/fr\/wp-content\/uploads\/2025\/10\/revolt-advanced-3-2026-giant.jpg&#039;)\">\n\n\t\t\t\n\t\t\t\t\t<\/div>\n\t\t<\/a>\t\t\t\t\t\t<\/div>\n\t\t\t\t\t\t\t\t\t\t\t<div class=\"swiper-slide\" role=\"group\" aria-roledescription=\"slide\">\n\t\t\t\t\t\t\t<a href=\"https:\/\/www.cycles-blain.com\/velo-route-electrique\/1820-3707-defy-advanced-e-elite-2-2026-giant-4711291243859.html#\/45-taille_cadre-ml\" target=\"_blank\">\t\t<div class=\"elementor-carousel-image\" role=\"img\" aria-label=\"defy-advanced-e-elite-2-2026-giant\" style=\"background-image: url(&#039;https:\/\/www.cycles-blain.com\/fr\/wp-content\/uploads\/2025\/10\/defy-advanced-e-elite-2-2026-giant.jpg&#039;)\">\n\n\t\t\t\n\t\t\t\t\t<\/div>\n\t\t<\/a>\t\t\t\t\t\t<\/div>\n\t\t\t\t\t\t\t\t\t<\/div>\n\t\t\t\t\t\t\t\t\t\t\t\t\t\t\t<div class=\"elementor-swiper-button elementor-swiper-button-prev\" role=\"button\" tabindex=\"0\" aria-label=\"Pr\u00e9c\u00e9dent\">\n\t\t\t\t\t\t\t<i aria-hidden=\"true\" class=\"eicon-chevron-left\"><\/i>\t\t\t\t\t\t<\/div>\n\t\t\t\t\t\t<div class=\"elementor-swiper-button elementor-swiper-button-next\" role=\"button\" tabindex=\"0\" aria-label=\"Suivant\">\n\t\t\t\t\t\t\t<i aria-hidden=\"true\" class=\"eicon-chevron-right\"><\/i>\t\t\t\t\t\t<\/div>\n\t\t\t\t\t\t\t\t\t\t\t\t\t\t\t\t<div class=\"swiper-pagination\"><\/div>\n\t\t\t\t\t\t\t\t\t\t\t\t<\/div>\n\t\t\t\t<\/div>\n\t\t\t\t\t\t\t\t<\/div>\n\t\t\t\t<\/div>\n\t\t\t\t<div class=\"elementor-element elementor-element-e8612fd elementor-align-center elementor-widget elementor-widget-button\" data-id=\"e8612fd\" data-element_type=\"widget\" data-e-type=\"widget\" data-widget_type=\"button.default\">\n\t\t\t\t<div class=\"elementor-widget-container\">\n\t\t\t\t\t\t\t\t\t<div class=\"elementor-button-wrapper\">\n\t\t\t\t\t<a class=\"elementor-button elementor-button-link elementor-size-sm\" href=\"https:\/\/www.cycles-blain.com\/8-velo-neufs?q=Marque-Giant\" target=\"_blank\">\n\t\t\t\t\t\t<span class=\"elementor-button-content-wrapper\">\n\t\t\t\t\t\t\t\t\t<span class=\"elementor-button-text\">Je d\u00e9couvre les v\u00e9los giant<\/span>\n\t\t\t\t\t<\/span>\n\t\t\t\t\t<\/a>\n\t\t\t\t<\/div>\n\t\t\t\t\t\t\t\t<\/div>\n\t\t\t\t<\/div>\n\t\t\t\t<div class=\"elementor-element elementor-element-d16af96 elementor-widget elementor-widget-heading\" data-id=\"d16af96\" data-element_type=\"widget\" data-e-type=\"widget\" data-widget_type=\"heading.default\">\n\t\t\t\t<div class=\"elementor-widget-container\">\n\t\t\t\t\t<h3 class=\"elementor-heading-title elementor-size-default\">LIV : des v\u00e9los cr\u00e9\u00e9s par des femmes, pour des femmes<\/h3>\t\t\t\t<\/div>\n\t\t\t\t<\/div>\n\t\t\t\t<div class=\"elementor-element elementor-element-32cd00b elementor-widget elementor-widget-text-editor\" data-id=\"32cd00b\" data-element_type=\"widget\" data-e-type=\"widget\" data-widget_type=\"text-editor.default\">\n\t\t\t\t<div class=\"elementor-widget-container\">\n\t\t\t\t\t\t\t\t\t<p>LIV accompagne les femmes sur chaque route.\u00a0<\/p><p>Des cadres aux accessoires, tout est d\u00e9velopp\u00e9 avec la participation des cyclistes f\u00e9minines, pour que chaque sortie soit agr\u00e9able, s\u00fbre et performante, peut importe votre pratique:<\/p><p>\u00a0<\/p><ul><li><a href=\"https:\/\/www.cycles-blain.com\/13-velo-musculaire?q=Marque-Liv\" target=\"_blank\" rel=\"noopener\">V\u00e9los femmes Musculaires LIV<\/a>\u00a0:\u00a0<a href=\"https:\/\/www.cycles-blain.com\/15-vtt-musculaire?q=Marque-Liv\" target=\"_blank\" rel=\"noopener\">vtt femme<\/a>,\u00a0<a href=\"https:\/\/www.cycles-blain.com\/17-velo-route-musculaire?q=Marque-Liv\" target=\"_blank\" rel=\"noopener\">v\u00e9lo de route femme<\/a>,\u00a0<a href=\"https:\/\/www.cycles-blain.com\/19-velo-ville-musculaire?q=Marque-Liv\" target=\"_blank\" rel=\"noopener\">v\u00e9lo de ville<\/a>\u00a0ou\u00a0<a href=\"https:\/\/www.cycles-blain.com\/18-velo-gravel-musculaire?q=Marque-Liv\" target=\"_blank\" rel=\"noopener\">gravel pour femmes LIV<\/a><\/li><li><a href=\"https:\/\/www.cycles-blain.com\/14-velo-electrique?q=Marque-Liv\" target=\"_blank\" rel=\"noopener\">V\u00e9los femmes Electriques LIV :<\/a>\u00a0<a href=\"https:\/\/www.cycles-blain.com\/26-vtt-electrique-vttae?q=Marque-Liv\" target=\"_blank\" rel=\"noopener\">vttae<\/a>,\u00a0<a href=\"https:\/\/www.cycles-blain.com\/28-velo-ville-electrique?q=Marque-Liv\" target=\"_blank\" rel=\"noopener\">v\u00e9lo de ville \u00e9lectrique femme<\/a>,\u00a0<a href=\"https:\/\/www.cycles-blain.com\/27-vtc-electrique?q=Marque-Liv\" target=\"_blank\" rel=\"noopener\">vtc \u00e9lectrique femme<\/a><\/li><li><a href=\"https:\/\/www.cycles-blain.com\/fr\/velo\/nouvelle-collection-liv-2026-route-vtt-gravel-chemin-enfants\/\" target=\"_blank\" rel=\"noopener\">Nouvelle gamme de v\u00e9los femmes LIV 2026<\/a><\/li><\/ul>\t\t\t\t\t\t\t\t<\/div>\n\t\t\t\t<\/div>\n\t\t\t\t<div class=\"elementor-element elementor-element-f0d1b65 elementor-skin-carousel elementor-arrows-yes elementor-pagination-type-bullets elementor-pagination-position-outside elementor-widget elementor-widget-media-carousel\" data-id=\"f0d1b65\" data-element_type=\"widget\" data-e-type=\"widget\" data-settings=\"{&quot;skin&quot;:&quot;carousel&quot;,&quot;effect&quot;:&quot;slide&quot;,&quot;show_arrows&quot;:&quot;yes&quot;,&quot;pagination&quot;:&quot;bullets&quot;,&quot;speed&quot;:500,&quot;autoplay&quot;:&quot;yes&quot;,&quot;autoplay_speed&quot;:5000,&quot;loop&quot;:&quot;yes&quot;,&quot;pause_on_hover&quot;:&quot;yes&quot;,&quot;pause_on_interaction&quot;:&quot;yes&quot;,&quot;space_between&quot;:{&quot;unit&quot;:&quot;px&quot;,&quot;size&quot;:10,&quot;sizes&quot;:[]},&quot;space_between_tablet&quot;:{&quot;unit&quot;:&quot;px&quot;,&quot;size&quot;:10,&quot;sizes&quot;:[]},&quot;space_between_mobile&quot;:{&quot;unit&quot;:&quot;px&quot;,&quot;size&quot;:10,&quot;sizes&quot;:[]}}\" data-widget_type=\"media-carousel.default\">\n\t\t\t\t<div class=\"elementor-widget-container\">\n\t\t\t\t\t\t\t\t\t<div class=\"elementor-swiper\">\n\t\t\t\t\t<div class=\"elementor-main-swiper swiper\" role=\"region\" aria-roledescription=\"carousel\" aria-label=\"Diapositives\">\n\t\t\t\t<div class=\"swiper-wrapper\">\n\t\t\t\t\t\t\t\t\t\t\t<div class=\"swiper-slide\" role=\"group\" aria-roledescription=\"slide\">\n\t\t\t\t\t\t\t<a href=\"https:\/\/www.cycles-blain.com\/velo-route-musculaire\/1787-3572-avail-advanced-2-2026-liv-4711291218925.html#\/54-taille_cadre-xs\" target=\"_blank\">\t\t<div class=\"elementor-carousel-image\" role=\"img\" aria-label=\"avail-advanced-2-2026-liv\" style=\"background-image: url(&#039;https:\/\/www.cycles-blain.com\/fr\/wp-content\/uploads\/2025\/10\/avail-advanced-2-2026-liv.jpg&#039;)\">\n\n\t\t\t\n\t\t\t\t\t<\/div>\n\t\t<\/a>\t\t\t\t\t\t<\/div>\n\t\t\t\t\t\t\t\t\t\t\t<div class=\"swiper-slide\" role=\"group\" aria-roledescription=\"slide\">\n\t\t\t\t\t\t\t<a href=\"https:\/\/www.cycles-blain.com\/velo-gravel-musculaire\/1828-3764-devote-advanced-1-2026-liv-4711291213814.html#\/1-taille_cadre-s\" target=\"_blank\">\t\t<div class=\"elementor-carousel-image\" role=\"img\" aria-label=\"devote-advanced-1-2026-liv\" style=\"background-image: url(&#039;https:\/\/www.cycles-blain.com\/fr\/wp-content\/uploads\/2025\/10\/devote-advanced-1-2026-liv.jpg&#039;)\">\n\n\t\t\t\n\t\t\t\t\t<\/div>\n\t\t<\/a>\t\t\t\t\t\t<\/div>\n\t\t\t\t\t\t\t\t\t\t\t<div class=\"swiper-slide\" role=\"group\" aria-roledescription=\"slide\">\n\t\t\t\t\t\t\t<a href=\"https:\/\/www.cycles-blain.com\/vtt-electrique-vttae\/1830-3774-tempt-e-2026-liv-4711291192713.html#\/28-taille_roues-275_pouces\/54-taille_cadre-xs\" target=\"_blank\">\t\t<div class=\"elementor-carousel-image\" role=\"img\" aria-label=\"tempt-e-2026-liv\" style=\"background-image: url(&#039;https:\/\/www.cycles-blain.com\/fr\/wp-content\/uploads\/2025\/10\/tempt-e-2026-liv.jpg&#039;)\">\n\n\t\t\t\n\t\t\t\t\t<\/div>\n\t\t<\/a>\t\t\t\t\t\t<\/div>\n\t\t\t\t\t\t\t\t\t\t\t<div class=\"swiper-slide\" role=\"group\" aria-roledescription=\"slide\">\n\t\t\t\t\t\t\t<a href=\"https:\/\/www.cycles-blain.com\/velo-ville-musculaire\/1832-3783-ville-femme-alight-city-disc-2-2026-liv-4711291187368.html#\/1-taille_cadre-s\" target=\"_blank\">\t\t<div class=\"elementor-carousel-image\" role=\"img\" aria-label=\"ville-femme-alight-city-disc-2-2026-liv\" style=\"background-image: url(&#039;https:\/\/www.cycles-blain.com\/fr\/wp-content\/uploads\/2025\/10\/ville-femme-alight-city-disc-2-2026-liv.jpg&#039;)\">\n\n\t\t\t\n\t\t\t\t\t<\/div>\n\t\t<\/a>\t\t\t\t\t\t<\/div>\n\t\t\t\t\t\t\t\t\t\t\t<div class=\"swiper-slide\" role=\"group\" aria-roledescription=\"slide\">\n\t\t\t\t\t\t\t<a href=\"https:\/\/www.cycles-blain.com\/velo-enfants\/1612-2833-velo-route-enfant-filles-seek-1-2026-liv-4711291249974.html#\/124-couleur-violet\" target=\"_blank\">\t\t<div class=\"elementor-carousel-image\" role=\"img\" aria-label=\"velo-route-enfant-filles-seek-1-2026-liv\" style=\"background-image: url(&#039;https:\/\/www.cycles-blain.com\/fr\/wp-content\/uploads\/2025\/10\/velo-route-enfant-filles-seek-1-2026-liv.jpg&#039;)\">\n\n\t\t\t\n\t\t\t\t\t<\/div>\n\t\t<\/a>\t\t\t\t\t\t<\/div>\n\t\t\t\t\t\t\t\t\t<\/div>\n\t\t\t\t\t\t\t\t\t\t\t\t\t\t\t<div class=\"elementor-swiper-button elementor-swiper-button-prev\" role=\"button\" tabindex=\"0\" aria-label=\"Pr\u00e9c\u00e9dent\">\n\t\t\t\t\t\t\t<i aria-hidden=\"true\" class=\"eicon-chevron-left\"><\/i>\t\t\t\t\t\t<\/div>\n\t\t\t\t\t\t<div class=\"elementor-swiper-button elementor-swiper-button-next\" role=\"button\" tabindex=\"0\" aria-label=\"Suivant\">\n\t\t\t\t\t\t\t<i aria-hidden=\"true\" class=\"eicon-chevron-right\"><\/i>\t\t\t\t\t\t<\/div>\n\t\t\t\t\t\t\t\t\t\t\t\t\t\t\t\t<div class=\"swiper-pagination\"><\/div>\n\t\t\t\t\t\t\t\t\t\t\t\t<\/div>\n\t\t\t\t<\/div>\n\t\t\t\t\t\t\t\t<\/div>\n\t\t\t\t<\/div>\n\t\t\t\t<div class=\"elementor-element elementor-element-b314b05 elementor-align-center elementor-widget elementor-widget-button\" data-id=\"b314b05\" data-element_type=\"widget\" data-e-type=\"widget\" data-widget_type=\"button.default\">\n\t\t\t\t<div class=\"elementor-widget-container\">\n\t\t\t\t\t\t\t\t\t<div class=\"elementor-button-wrapper\">\n\t\t\t\t\t<a class=\"elementor-button elementor-button-link elementor-size-sm\" href=\"https:\/\/www.cycles-blain.com\/8-velo-neufs?q=Marque-Liv\" target=\"_blank\">\n\t\t\t\t\t\t<span class=\"elementor-button-content-wrapper\">\n\t\t\t\t\t\t\t\t\t<span class=\"elementor-button-text\">je d\u00e9couvre les v\u00e9los Liv<\/span>\n\t\t\t\t\t<\/span>\n\t\t\t\t\t<\/a>\n\t\t\t\t<\/div>\n\t\t\t\t\t\t\t\t<\/div>\n\t\t\t\t<\/div>\n\t\t\t\t\t<\/div>\n\t\t\t\t<\/div>\n\t\t<div class=\"elementor-element elementor-element-3ff9eee e-flex e-con-boxed e-con e-parent\" data-id=\"3ff9eee\" data-element_type=\"container\" data-e-type=\"container\">\n\t\t\t\t\t<div class=\"e-con-inner\">\n\t\t\t\t<div class=\"elementor-element elementor-element-e5a998c elementor-widget elementor-widget-text-editor\" data-id=\"e5a998c\" data-element_type=\"widget\" data-e-type=\"widget\" data-widget_type=\"text-editor.default\">\n\t\t\t\t<div class=\"elementor-widget-container\">\n\t\t\t\t\t\t\t\t\t<p><em>*voir conditions en magasins Giant \/ Liv<\/em><\/p>\t\t\t\t\t\t\t\t<\/div>\n\t\t\t\t<\/div>\n\t\t\t\t\t<\/div>\n\t\t\t\t<\/div>\n\t\t\t\t<\/div>\n\t\t","protected":false},"excerpt":{"rendered":"<p>Jusqu&rsquo;au 1er Novembre 2025, pour l\u2019achat d\u2019un v\u00e9lo Giant ou Liv, profitez de 10% offert en accessoires ou en bon d\u2019achat dans nos Giant Store !<\/p>\n","protected":false},"author":5,"featured_media":17604,"comment_status":"open","ping_status":"open","sticky":false,"template":"","format":"standard","meta":{"site-sidebar-layout":"default","site-content-layout":"","ast-site-content-layout":"default","site-content-style":"default","site-sidebar-style":"default","ast-global-header-display":"","ast-banner-title-visibility":"","ast-main-header-display":"","ast-hfb-above-header-display":"","ast-hfb-below-header-display":"","ast-hfb-mobile-header-display":"","site-post-title":"","ast-breadcrumbs-content":"","ast-featured-img":"","footer-sml-layout":"","theme-transparent-header-meta":"","adv-header-id-meta":"","stick-header-meta":"","header-above-stick-meta":"","header-main-stick-meta":"","header-below-stick-meta":"","astra-migrate-meta-layouts":"set","ast-page-background-enabled":"default","ast-page-background-meta":{"desktop":{"background-color":"","background-image":"","background-repeat":"repeat","background-position":"center center","background-size":"auto","background-attachment":"scroll","background-type":"","background-media":"","overlay-type":"","overlay-color":"","overlay-gradient":""},"tablet":{"background-color":"","background-image":"","background-repeat":"repeat","background-position":"center center","background-size":"auto","background-attachment":"scroll","background-type":"","background-media":"","overlay-type":"","overlay-color":"","overlay-gradient":""},"mobile":{"background-color":"","background-image":"","background-repeat":"repeat","background-position":"center center","background-size":"auto","background-attachment":"scroll","background-type":"","background-media":"","overlay-type":"","overlay-color":"","overlay-gradient":""}},"ast-content-background-meta":{"desktop":{"background-color":"var(--ast-global-color-5)","background-image":"","background-repeat":"repeat","background-position":"center center","background-size":"auto","background-attachment":"scroll","background-type":"","background-media":"","overlay-type":"","overlay-color":"","overlay-gradient":""},"tablet":{"background-color":"var(--ast-global-color-5)","background-image":"","background-repeat":"repeat","background-position":"center center","background-size":"auto","background-attachment":"scroll","background-type":"","background-media":"","overlay-type":"","overlay-color":"","overlay-gradient":""},"mobile":{"background-color":"var(--ast-global-color-5)","background-image":"","background-repeat":"repeat","background-position":"center center","background-size":"auto","background-attachment":"scroll","background-type":"","background-media":"","overlay-type":"","overlay-color":"","overlay-gradient":""}},"footnotes":""},"categories":[6,7,44,37,76,16],"tags":[43,262,33],"class_list":["post-17597","post","type-post","status-publish","format-standard","has-post-thumbnail","hentry","category-magasins-velo","category-magasin-brignais","category-magasin-lyon-3","category-magasin-saint-priest","category-magasin-vienne","category-promotions-velo","tag-giant","tag-liv","tag-promotions"],"yoast_head":"<!-- This site is optimized with the Yoast SEO plugin v27.5 - https:\/\/yoast.com\/product\/yoast-seo-wordpress\/ -->\n<title>Le Mois Giant fait son grand retour ! - CYCLES BLAIN<\/title>\n<meta name=\"description\" content=\"Jusqu&#039;au 1er Novembre 2025, pour l\u2019achat d\u2019un v\u00e9lo Giant ou Liv, profitez de 10% offert en accessoires ou en bon d\u2019achat dans nos Giant Store !\" \/>\n<meta name=\"robots\" content=\"index, follow, max-snippet:-1, max-image-preview:large, max-video-preview:-1\" \/>\n<link rel=\"canonical\" href=\"https:\/\/www.cycles-blain.com\/fr\/magasins-velo\/le-mois-giant-fait-son-grand-retour\/\" \/>\n<meta property=\"og:locale\" content=\"fr_FR\" \/>\n<meta property=\"og:type\" content=\"article\" \/>\n<meta property=\"og:title\" content=\"Le Mois Giant fait son grand retour ! - CYCLES BLAIN\" \/>\n<meta property=\"og:description\" content=\"Jusqu&#039;au 1er Novembre 2025, pour l\u2019achat d\u2019un v\u00e9lo Giant ou Liv, profitez de 10% offert en accessoires ou en bon d\u2019achat dans nos Giant Store !\" \/>\n<meta property=\"og:url\" content=\"https:\/\/www.cycles-blain.com\/fr\/magasins-velo\/le-mois-giant-fait-son-grand-retour\/\" \/>\n<meta property=\"og:site_name\" content=\"CyclesBlain - Magasins de v\u00e9los, accessoires et ateliers\" \/>\n<meta property=\"article:publisher\" content=\"https:\/\/www.facebook.com\/cyclesblain\/?locale=fr_FR\" \/>\n<meta property=\"article:published_time\" content=\"2025-10-08T07:00:00+00:00\" \/>\n<meta property=\"article:modified_time\" content=\"2025-10-08T07:12:38+00:00\" \/>\n<meta property=\"og:image\" content=\"https:\/\/www.cycles-blain.com\/fr\/wp-content\/uploads\/2025\/10\/89398413e6ca8f1f47b21b33d62d3ec8.png\" \/>\n\t<meta property=\"og:image:width\" content=\"600\" \/>\n\t<meta property=\"og:image:height\" content=\"300\" \/>\n\t<meta property=\"og:image:type\" content=\"image\/png\" \/>\n<meta name=\"author\" content=\"Manon\" \/>\n<meta name=\"twitter:card\" content=\"summary_large_image\" \/>\n<meta name=\"twitter:label1\" content=\"\u00c9crit par\" \/>\n\t<meta name=\"twitter:data1\" content=\"Manon\" \/>\n\t<meta name=\"twitter:label2\" content=\"Dur\u00e9e de lecture estim\u00e9e\" \/>\n\t<meta name=\"twitter:data2\" content=\"3 minutes\" \/>\n<script type=\"application\/ld+json\" class=\"yoast-schema-graph\">{\"@context\":\"https:\\\/\\\/schema.org\",\"@graph\":[{\"@type\":\"Article\",\"@id\":\"https:\\\/\\\/www.cycles-blain.com\\\/fr\\\/magasins-velo\\\/le-mois-giant-fait-son-grand-retour\\\/#article\",\"isPartOf\":{\"@id\":\"https:\\\/\\\/www.cycles-blain.com\\\/fr\\\/magasins-velo\\\/le-mois-giant-fait-son-grand-retour\\\/\"},\"author\":{\"name\":\"Manon\",\"@id\":\"https:\\\/\\\/www.cycles-blain.com\\\/fr\\\/#\\\/schema\\\/person\\\/f82a8c0c551dfc1b1a6ac68605ac9d3f\"},\"headline\":\"Le Mois Giant fait son grand retour !\",\"datePublished\":\"2025-10-08T07:00:00+00:00\",\"dateModified\":\"2025-10-08T07:12:38+00:00\",\"mainEntityOfPage\":{\"@id\":\"https:\\\/\\\/www.cycles-blain.com\\\/fr\\\/magasins-velo\\\/le-mois-giant-fait-son-grand-retour\\\/\"},\"wordCount\":461,\"commentCount\":0,\"publisher\":{\"@id\":\"https:\\\/\\\/www.cycles-blain.com\\\/fr\\\/#organization\"},\"image\":{\"@id\":\"https:\\\/\\\/www.cycles-blain.com\\\/fr\\\/magasins-velo\\\/le-mois-giant-fait-son-grand-retour\\\/#primaryimage\"},\"thumbnailUrl\":\"https:\\\/\\\/www.cycles-blain.com\\\/fr\\\/wp-content\\\/uploads\\\/2025\\\/10\\\/89398413e6ca8f1f47b21b33d62d3ec8.png\",\"keywords\":[\"giant\",\"LIV\",\"promotions\"],\"articleSection\":[\"Actus Magasins\",\"Magasin Brignais\",\"Magasin Lyon Centre\",\"Magasin St Priest\",\"Magasin Vienne\",\"Promotions\"],\"inLanguage\":\"fr-FR\",\"potentialAction\":[{\"@type\":\"CommentAction\",\"name\":\"Comment\",\"target\":[\"https:\\\/\\\/www.cycles-blain.com\\\/fr\\\/magasins-velo\\\/le-mois-giant-fait-son-grand-retour\\\/#respond\"]}]},{\"@type\":\"WebPage\",\"@id\":\"https:\\\/\\\/www.cycles-blain.com\\\/fr\\\/magasins-velo\\\/le-mois-giant-fait-son-grand-retour\\\/\",\"url\":\"https:\\\/\\\/www.cycles-blain.com\\\/fr\\\/magasins-velo\\\/le-mois-giant-fait-son-grand-retour\\\/\",\"name\":\"Le Mois Giant fait son grand retour ! - CYCLES BLAIN\",\"isPartOf\":{\"@id\":\"https:\\\/\\\/www.cycles-blain.com\\\/fr\\\/#website\"},\"primaryImageOfPage\":{\"@id\":\"https:\\\/\\\/www.cycles-blain.com\\\/fr\\\/magasins-velo\\\/le-mois-giant-fait-son-grand-retour\\\/#primaryimage\"},\"image\":{\"@id\":\"https:\\\/\\\/www.cycles-blain.com\\\/fr\\\/magasins-velo\\\/le-mois-giant-fait-son-grand-retour\\\/#primaryimage\"},\"thumbnailUrl\":\"https:\\\/\\\/www.cycles-blain.com\\\/fr\\\/wp-content\\\/uploads\\\/2025\\\/10\\\/89398413e6ca8f1f47b21b33d62d3ec8.png\",\"datePublished\":\"2025-10-08T07:00:00+00:00\",\"dateModified\":\"2025-10-08T07:12:38+00:00\",\"description\":\"Jusqu'au 1er Novembre 2025, pour l\u2019achat d\u2019un v\u00e9lo Giant ou Liv, profitez de 10% offert en accessoires ou en bon d\u2019achat dans nos Giant Store !\",\"breadcrumb\":{\"@id\":\"https:\\\/\\\/www.cycles-blain.com\\\/fr\\\/magasins-velo\\\/le-mois-giant-fait-son-grand-retour\\\/#breadcrumb\"},\"inLanguage\":\"fr-FR\",\"potentialAction\":[{\"@type\":\"ReadAction\",\"target\":[\"https:\\\/\\\/www.cycles-blain.com\\\/fr\\\/magasins-velo\\\/le-mois-giant-fait-son-grand-retour\\\/\"]}]},{\"@type\":\"ImageObject\",\"inLanguage\":\"fr-FR\",\"@id\":\"https:\\\/\\\/www.cycles-blain.com\\\/fr\\\/magasins-velo\\\/le-mois-giant-fait-son-grand-retour\\\/#primaryimage\",\"url\":\"https:\\\/\\\/www.cycles-blain.com\\\/fr\\\/wp-content\\\/uploads\\\/2025\\\/10\\\/89398413e6ca8f1f47b21b33d62d3ec8.png\",\"contentUrl\":\"https:\\\/\\\/www.cycles-blain.com\\\/fr\\\/wp-content\\\/uploads\\\/2025\\\/10\\\/89398413e6ca8f1f47b21b33d62d3ec8.png\",\"width\":600,\"height\":300},{\"@type\":\"BreadcrumbList\",\"@id\":\"https:\\\/\\\/www.cycles-blain.com\\\/fr\\\/magasins-velo\\\/le-mois-giant-fait-son-grand-retour\\\/#breadcrumb\",\"itemListElement\":[{\"@type\":\"ListItem\",\"position\":1,\"name\":\"Accueil\",\"item\":\"https:\\\/\\\/www.cycles-blain.com\\\/fr\\\/\"},{\"@type\":\"ListItem\",\"position\":2,\"name\":\"Le Mois Giant fait son grand retour !\"}]},{\"@type\":\"WebSite\",\"@id\":\"https:\\\/\\\/www.cycles-blain.com\\\/fr\\\/#website\",\"url\":\"https:\\\/\\\/www.cycles-blain.com\\\/fr\\\/\",\"name\":\"CyclesBlain - Magasins de v\u00e9los, accessoires et ateliers\",\"description\":\"Blog Cycles Blain\",\"publisher\":{\"@id\":\"https:\\\/\\\/www.cycles-blain.com\\\/fr\\\/#organization\"},\"potentialAction\":[{\"@type\":\"SearchAction\",\"target\":{\"@type\":\"EntryPoint\",\"urlTemplate\":\"https:\\\/\\\/www.cycles-blain.com\\\/fr\\\/?s={search_term_string}\"},\"query-input\":{\"@type\":\"PropertyValueSpecification\",\"valueRequired\":true,\"valueName\":\"search_term_string\"}}],\"inLanguage\":\"fr-FR\"},{\"@type\":\"Organization\",\"@id\":\"https:\\\/\\\/www.cycles-blain.com\\\/fr\\\/#organization\",\"name\":\"CyclesBlain - Magasins de v\u00e9los, accessoires et ateliers\",\"url\":\"https:\\\/\\\/www.cycles-blain.com\\\/fr\\\/\",\"logo\":{\"@type\":\"ImageObject\",\"inLanguage\":\"fr-FR\",\"@id\":\"https:\\\/\\\/www.cycles-blain.com\\\/fr\\\/#\\\/schema\\\/logo\\\/image\\\/\",\"url\":\"https:\\\/\\\/www.cycles-blain.com\\\/fr\\\/wp-content\\\/uploads\\\/2023\\\/10\\\/logo-cycles-blain.jpeg\",\"contentUrl\":\"https:\\\/\\\/www.cycles-blain.com\\\/fr\\\/wp-content\\\/uploads\\\/2023\\\/10\\\/logo-cycles-blain.jpeg\",\"width\":264,\"height\":191,\"caption\":\"CyclesBlain - Magasins de v\u00e9los, accessoires et ateliers\"},\"image\":{\"@id\":\"https:\\\/\\\/www.cycles-blain.com\\\/fr\\\/#\\\/schema\\\/logo\\\/image\\\/\"},\"sameAs\":[\"https:\\\/\\\/www.facebook.com\\\/cyclesblain\\\/?locale=fr_FR\",\"https:\\\/\\\/www.instagram.com\\\/cycles_blain\\\/?hl=fr\"]},{\"@type\":\"Person\",\"@id\":\"https:\\\/\\\/www.cycles-blain.com\\\/fr\\\/#\\\/schema\\\/person\\\/f82a8c0c551dfc1b1a6ac68605ac9d3f\",\"name\":\"Manon\",\"image\":{\"@type\":\"ImageObject\",\"inLanguage\":\"fr-FR\",\"@id\":\"https:\\\/\\\/secure.gravatar.com\\\/avatar\\\/de5471c82d19e75ec403090373707e8b781572e44c2e6135042a1e6a16f3b379?s=96&d=mm&r=g\",\"url\":\"https:\\\/\\\/secure.gravatar.com\\\/avatar\\\/de5471c82d19e75ec403090373707e8b781572e44c2e6135042a1e6a16f3b379?s=96&d=mm&r=g\",\"contentUrl\":\"https:\\\/\\\/secure.gravatar.com\\\/avatar\\\/de5471c82d19e75ec403090373707e8b781572e44c2e6135042a1e6a16f3b379?s=96&d=mm&r=g\",\"caption\":\"Manon\"},\"url\":\"https:\\\/\\\/www.cycles-blain.com\\\/fr\\\/author\\\/manon\\\/\"}]}<\/script>\n<!-- \/ Yoast SEO plugin. -->","yoast_head_json":{"title":"Le Mois Giant fait son grand retour ! - CYCLES BLAIN","description":"Jusqu'au 1er Novembre 2025, pour l\u2019achat d\u2019un v\u00e9lo Giant ou Liv, profitez de 10% offert en accessoires ou en bon d\u2019achat dans nos Giant Store !","robots":{"index":"index","follow":"follow","max-snippet":"max-snippet:-1","max-image-preview":"max-image-preview:large","max-video-preview":"max-video-preview:-1"},"canonical":"https:\/\/www.cycles-blain.com\/fr\/magasins-velo\/le-mois-giant-fait-son-grand-retour\/","og_locale":"fr_FR","og_type":"article","og_title":"Le Mois Giant fait son grand retour ! - CYCLES BLAIN","og_description":"Jusqu'au 1er Novembre 2025, pour l\u2019achat d\u2019un v\u00e9lo Giant ou Liv, profitez de 10% offert en accessoires ou en bon d\u2019achat dans nos Giant Store !","og_url":"https:\/\/www.cycles-blain.com\/fr\/magasins-velo\/le-mois-giant-fait-son-grand-retour\/","og_site_name":"CyclesBlain - Magasins de v\u00e9los, accessoires et ateliers","article_publisher":"https:\/\/www.facebook.com\/cyclesblain\/?locale=fr_FR","article_published_time":"2025-10-08T07:00:00+00:00","article_modified_time":"2025-10-08T07:12:38+00:00","og_image":[{"width":600,"height":300,"url":"https:\/\/www.cycles-blain.com\/fr\/wp-content\/uploads\/2025\/10\/89398413e6ca8f1f47b21b33d62d3ec8.png","type":"image\/png"}],"author":"Manon","twitter_card":"summary_large_image","twitter_misc":{"\u00c9crit par":"Manon","Dur\u00e9e de lecture estim\u00e9e":"3 minutes"},"schema":{"@context":"https:\/\/schema.org","@graph":[{"@type":"Article","@id":"https:\/\/www.cycles-blain.com\/fr\/magasins-velo\/le-mois-giant-fait-son-grand-retour\/#article","isPartOf":{"@id":"https:\/\/www.cycles-blain.com\/fr\/magasins-velo\/le-mois-giant-fait-son-grand-retour\/"},"author":{"name":"Manon","@id":"https:\/\/www.cycles-blain.com\/fr\/#\/schema\/person\/f82a8c0c551dfc1b1a6ac68605ac9d3f"},"headline":"Le Mois Giant fait son grand retour !","datePublished":"2025-10-08T07:00:00+00:00","dateModified":"2025-10-08T07:12:38+00:00","mainEntityOfPage":{"@id":"https:\/\/www.cycles-blain.com\/fr\/magasins-velo\/le-mois-giant-fait-son-grand-retour\/"},"wordCount":461,"commentCount":0,"publisher":{"@id":"https:\/\/www.cycles-blain.com\/fr\/#organization"},"image":{"@id":"https:\/\/www.cycles-blain.com\/fr\/magasins-velo\/le-mois-giant-fait-son-grand-retour\/#primaryimage"},"thumbnailUrl":"https:\/\/www.cycles-blain.com\/fr\/wp-content\/uploads\/2025\/10\/89398413e6ca8f1f47b21b33d62d3ec8.png","keywords":["giant","LIV","promotions"],"articleSection":["Actus Magasins","Magasin Brignais","Magasin Lyon Centre","Magasin St Priest","Magasin Vienne","Promotions"],"inLanguage":"fr-FR","potentialAction":[{"@type":"CommentAction","name":"Comment","target":["https:\/\/www.cycles-blain.com\/fr\/magasins-velo\/le-mois-giant-fait-son-grand-retour\/#respond"]}]},{"@type":"WebPage","@id":"https:\/\/www.cycles-blain.com\/fr\/magasins-velo\/le-mois-giant-fait-son-grand-retour\/","url":"https:\/\/www.cycles-blain.com\/fr\/magasins-velo\/le-mois-giant-fait-son-grand-retour\/","name":"Le Mois Giant fait son grand retour ! - CYCLES BLAIN","isPartOf":{"@id":"https:\/\/www.cycles-blain.com\/fr\/#website"},"primaryImageOfPage":{"@id":"https:\/\/www.cycles-blain.com\/fr\/magasins-velo\/le-mois-giant-fait-son-grand-retour\/#primaryimage"},"image":{"@id":"https:\/\/www.cycles-blain.com\/fr\/magasins-velo\/le-mois-giant-fait-son-grand-retour\/#primaryimage"},"thumbnailUrl":"https:\/\/www.cycles-blain.com\/fr\/wp-content\/uploads\/2025\/10\/89398413e6ca8f1f47b21b33d62d3ec8.png","datePublished":"2025-10-08T07:00:00+00:00","dateModified":"2025-10-08T07:12:38+00:00","description":"Jusqu'au 1er Novembre 2025, pour l\u2019achat d\u2019un v\u00e9lo Giant ou Liv, profitez de 10% offert en accessoires ou en bon d\u2019achat dans nos Giant Store !","breadcrumb":{"@id":"https:\/\/www.cycles-blain.com\/fr\/magasins-velo\/le-mois-giant-fait-son-grand-retour\/#breadcrumb"},"inLanguage":"fr-FR","potentialAction":[{"@type":"ReadAction","target":["https:\/\/www.cycles-blain.com\/fr\/magasins-velo\/le-mois-giant-fait-son-grand-retour\/"]}]},{"@type":"ImageObject","inLanguage":"fr-FR","@id":"https:\/\/www.cycles-blain.com\/fr\/magasins-velo\/le-mois-giant-fait-son-grand-retour\/#primaryimage","url":"https:\/\/www.cycles-blain.com\/fr\/wp-content\/uploads\/2025\/10\/89398413e6ca8f1f47b21b33d62d3ec8.png","contentUrl":"https:\/\/www.cycles-blain.com\/fr\/wp-content\/uploads\/2025\/10\/89398413e6ca8f1f47b21b33d62d3ec8.png","width":600,"height":300},{"@type":"BreadcrumbList","@id":"https:\/\/www.cycles-blain.com\/fr\/magasins-velo\/le-mois-giant-fait-son-grand-retour\/#breadcrumb","itemListElement":[{"@type":"ListItem","position":1,"name":"Accueil","item":"https:\/\/www.cycles-blain.com\/fr\/"},{"@type":"ListItem","position":2,"name":"Le Mois Giant fait son grand retour !"}]},{"@type":"WebSite","@id":"https:\/\/www.cycles-blain.com\/fr\/#website","url":"https:\/\/www.cycles-blain.com\/fr\/","name":"CyclesBlain - Magasins de v\u00e9los, accessoires et ateliers","description":"Blog Cycles Blain","publisher":{"@id":"https:\/\/www.cycles-blain.com\/fr\/#organization"},"potentialAction":[{"@type":"SearchAction","target":{"@type":"EntryPoint","urlTemplate":"https:\/\/www.cycles-blain.com\/fr\/?s={search_term_string}"},"query-input":{"@type":"PropertyValueSpecification","valueRequired":true,"valueName":"search_term_string"}}],"inLanguage":"fr-FR"},{"@type":"Organization","@id":"https:\/\/www.cycles-blain.com\/fr\/#organization","name":"CyclesBlain - Magasins de v\u00e9los, accessoires et ateliers","url":"https:\/\/www.cycles-blain.com\/fr\/","logo":{"@type":"ImageObject","inLanguage":"fr-FR","@id":"https:\/\/www.cycles-blain.com\/fr\/#\/schema\/logo\/image\/","url":"https:\/\/www.cycles-blain.com\/fr\/wp-content\/uploads\/2023\/10\/logo-cycles-blain.jpeg","contentUrl":"https:\/\/www.cycles-blain.com\/fr\/wp-content\/uploads\/2023\/10\/logo-cycles-blain.jpeg","width":264,"height":191,"caption":"CyclesBlain - Magasins de v\u00e9los, accessoires et ateliers"},"image":{"@id":"https:\/\/www.cycles-blain.com\/fr\/#\/schema\/logo\/image\/"},"sameAs":["https:\/\/www.facebook.com\/cyclesblain\/?locale=fr_FR","https:\/\/www.instagram.com\/cycles_blain\/?hl=fr"]},{"@type":"Person","@id":"https:\/\/www.cycles-blain.com\/fr\/#\/schema\/person\/f82a8c0c551dfc1b1a6ac68605ac9d3f","name":"Manon","image":{"@type":"ImageObject","inLanguage":"fr-FR","@id":"https:\/\/secure.gravatar.com\/avatar\/de5471c82d19e75ec403090373707e8b781572e44c2e6135042a1e6a16f3b379?s=96&d=mm&r=g","url":"https:\/\/secure.gravatar.com\/avatar\/de5471c82d19e75ec403090373707e8b781572e44c2e6135042a1e6a16f3b379?s=96&d=mm&r=g","contentUrl":"https:\/\/secure.gravatar.com\/avatar\/de5471c82d19e75ec403090373707e8b781572e44c2e6135042a1e6a16f3b379?s=96&d=mm&r=g","caption":"Manon"},"url":"https:\/\/www.cycles-blain.com\/fr\/author\/manon\/"}]}},"_links":{"self":[{"href":"https:\/\/www.cycles-blain.com\/fr\/wp-json\/wp\/v2\/posts\/17597","targetHints":{"allow":["GET"]}}],"collection":[{"href":"https:\/\/www.cycles-blain.com\/fr\/wp-json\/wp\/v2\/posts"}],"about":[{"href":"https:\/\/www.cycles-blain.com\/fr\/wp-json\/wp\/v2\/types\/post"}],"author":[{"embeddable":true,"href":"https:\/\/www.cycles-blain.com\/fr\/wp-json\/wp\/v2\/users\/5"}],"replies":[{"embeddable":true,"href":"https:\/\/www.cycles-blain.com\/fr\/wp-json\/wp\/v2\/comments?post=17597"}],"version-history":[{"count":63,"href":"https:\/\/www.cycles-blain.com\/fr\/wp-json\/wp\/v2\/posts\/17597\/revisions"}],"predecessor-version":[{"id":17707,"href":"https:\/\/www.cycles-blain.com\/fr\/wp-json\/wp\/v2\/posts\/17597\/revisions\/17707"}],"wp:featuredmedia":[{"embeddable":true,"href":"https:\/\/www.cycles-blain.com\/fr\/wp-json\/wp\/v2\/media\/17604"}],"wp:attachment":[{"href":"https:\/\/www.cycles-blain.com\/fr\/wp-json\/wp\/v2\/media?parent=17597"}],"wp:term":[{"taxonomy":"category","embeddable":true,"href":"https:\/\/www.cycles-blain.com\/fr\/wp-json\/wp\/v2\/categories?post=17597"},{"taxonomy":"post_tag","embeddable":true,"href":"https:\/\/www.cycles-blain.com\/fr\/wp-json\/wp\/v2\/tags?post=17597"}],"curies":[{"name":"wp","href":"https:\/\/api.w.org\/{rel}","templated":true}]}}