{"id":1776,"date":"2023-10-10T10:34:04","date_gmt":"2023-10-10T08:34:04","guid":{"rendered":"https:\/\/www.cycles-blain.com\/\/fr\/?p=1776"},"modified":"2023-11-11T07:00:29","modified_gmt":"2023-11-11T06:00:29","slug":"tour-de-france-femmes-2024","status":"publish","type":"post","link":"https:\/\/www.cycles-blain.com\/fr\/sport-velo\/tour-de-france-femmes-2024\/","title":{"rendered":"Tour de France Femmes 2024 : le parcours en d\u00e9tail"},"content":{"rendered":"\t\t<div data-elementor-type=\"wp-post\" data-elementor-id=\"1776\" class=\"elementor elementor-1776\" data-elementor-post-type=\"post\">\n\t\t\t\t<div class=\"elementor-element elementor-element-8272d92 e-flex e-con-boxed e-con e-parent\" data-id=\"8272d92\" data-element_type=\"container\" data-e-type=\"container\">\n\t\t\t\t\t<div class=\"e-con-inner\">\n\t\t\t\t<div class=\"elementor-element elementor-element-1f5f550 elementor-widget elementor-widget-text-editor\" data-id=\"1f5f550\" data-element_type=\"widget\" data-e-type=\"widget\" data-widget_type=\"text-editor.default\">\n\t\t\t\t<div class=\"elementor-widget-container\">\n\t\t\t\t\t\t\t\t\t<p>Deux semaines apr\u00e8s l&rsquo;arriv\u00e9e du<a href=\"https:\/\/www.cycles-blain.com\/\/fr\/fun-velo\/tour-de-france-velo-2024\/\"> Tour de France<\/a>, les Femmes s&rsquo;\u00e9lanceront le 12 Ao\u00fbt 2024 \u00e0 Rotterdam. Le d\u00e9part depuis les Pays-Bas n&rsquo;est pas surprenant, le pays du cyclisme compte plus de v\u00e9los que d&rsquo;habitants et en plus, les deux premi\u00e8res vainqueurs de l&rsquo;\u00e9preuve sont n\u00e9erlandaises (<em>Annemiek Van Vleuten et Demi Vollering<\/em>).\u00a0<\/p><p>Contrairement aux ann\u00e9es pr\u00e9c\u00e9dentes, l&rsquo;\u00e9preuve durera une journ\u00e9e de moins mais avec toujours huit \u00e9tapes.\u00a0<\/p><h6><span style=\"text-decoration: underline;\">Tour de France Femmes 2024 :<\/span><\/h6><ul class=\"fig-list\"><li>1ere \u00e9tape, lundi 12 ao\u00fbt\u00a0: Rotterdam-La Haye (124 km)<\/li><li>2<sup>e<\/sup> \u00e9tape, mardi 13 ao\u00fbt\u00a0: Dordrecht-Rotterdam (67 km)<\/li><li>3<sup>e<\/sup> \u00e9tape, mardi 13 ao\u00fbt\u00a0: Rotterdam-Rotterdam, contre-la-montre individuel (6,3 km).<\/li><li>4<sup>e<\/sup> \u00e9tape, mercredi 14 ao\u00fbt\u00a0: Valkenburg-Li\u00e8ge (122 km)<\/li><li>5<sup>e<\/sup> \u00e9tape, jeudi 15 ao\u00fbt\u00a0: Bastogne-Amn\u00e9ville (150 km)<\/li><li>6<sup>e<\/sup> \u00e9tape, vendredi 16 ao\u00fbt\u00a0: Remiremont-Morteau (160 km)<\/li><li>7<sup>e<\/sup> \u00e9tape, samedi 17 ao\u00fbt\u00a0: Champagnole-Le Grand Bornand (167 km)<\/li><li>8<sup>e<\/sup> \u00e9tape, dimanche 18 ao\u00fbt\u00a0: Le Grand-Bornand-L&rsquo;Alpe d&rsquo;Huez (150 km).<\/li><\/ul><p>D\u00e9couvrez aussi, le parcours d\u00e9taill\u00e9 du <a href=\"https:\/\/www.cycles-blain.com\/\/fr\/fun-velo\/tour-de-france-velo-2024\/\">Tour de France 2024.\u00a0<\/a><\/p>\t\t\t\t\t\t\t\t<\/div>\n\t\t\t\t<\/div>\n\t\t\t\t\t<\/div>\n\t\t\t\t<\/div>\n\t\t\t\t<\/div>\n\t\t","protected":false},"excerpt":{"rendered":"<p>Le parcours du Tour de France Femmes 2024 a \u00e9t\u00e9 d\u00e9voil\u00e9. D\u00e9couvrez le en d\u00e9tail.<\/p>\n","protected":false},"author":1,"featured_media":1804,"comment_status":"closed","ping_status":"open","sticky":false,"template":"","format":"standard","meta":{"site-sidebar-layout":"default","site-content-layout":"","ast-site-content-layout":"default","site-content-style":"default","site-sidebar-style":"default","ast-global-header-display":"","ast-banner-title-visibility":"","ast-main-header-display":"","ast-hfb-above-header-display":"","ast-hfb-below-header-display":"","ast-hfb-mobile-header-display":"","site-post-title":"","ast-breadcrumbs-content":"","ast-featured-img":"","footer-sml-layout":"","theme-transparent-header-meta":"","adv-header-id-meta":"","stick-header-meta":"","header-above-stick-meta":"","header-main-stick-meta":"","header-below-stick-meta":"","astra-migrate-meta-layouts":"set","ast-page-background-enabled":"default","ast-page-background-meta":{"desktop":{"background-color":"","background-image":"","background-repeat":"repeat","background-position":"center center","background-size":"auto","background-attachment":"scroll","background-type":"","background-media":"","overlay-type":"","overlay-color":"","overlay-gradient":""},"tablet":{"background-color":"","background-image":"","background-repeat":"repeat","background-position":"center center","background-size":"auto","background-attachment":"scroll","background-type":"","background-media":"","overlay-type":"","overlay-color":"","overlay-gradient":""},"mobile":{"background-color":"","background-image":"","background-repeat":"repeat","background-position":"center center","background-size":"auto","background-attachment":"scroll","background-type":"","background-media":"","overlay-type":"","overlay-color":"","overlay-gradient":""}},"ast-content-background-meta":{"desktop":{"background-color":"var(--ast-global-color-5)","background-image":"","background-repeat":"repeat","background-position":"center center","background-size":"auto","background-attachment":"scroll","background-type":"","background-media":"","overlay-type":"","overlay-color":"","overlay-gradient":""},"tablet":{"background-color":"var(--ast-global-color-5)","background-image":"","background-repeat":"repeat","background-position":"center center","background-size":"auto","background-attachment":"scroll","background-type":"","background-media":"","overlay-type":"","overlay-color":"","overlay-gradient":""},"mobile":{"background-color":"var(--ast-global-color-5)","background-image":"","background-repeat":"repeat","background-position":"center center","background-size":"auto","background-attachment":"scroll","background-type":"","background-media":"","overlay-type":"","overlay-color":"","overlay-gradient":""}},"footnotes":""},"categories":[4,21,19,17,18],"tags":[89,94,90],"class_list":["post-1776","post","type-post","status-publish","format-standard","has-post-thumbnail","hentry","category-velo","category-fun-velo","category-loisirs-velo","category-sport-velo","category-tourisme-velo","tag-tour-de-france","tag-tour-de-france-femmes","tag-velo-de-route"],"yoast_head":"<!-- This site is optimized with the Yoast SEO plugin v27.5 - https:\/\/yoast.com\/product\/yoast-seo-wordpress\/ -->\n<title>Tour de France Femmes 2024 : le parcours en d\u00e9tail - CyclesBlain - Magasins de v\u00e9los, accessoires et ateliers<\/title>\n<meta name=\"description\" content=\"Le Tour de France Femmes 2024 s&#039;\u00e9tendra des Pays-Bas aux Alpes avec un parcours riche en paysages et en hauteurs.\" \/>\n<meta name=\"robots\" content=\"index, follow, max-snippet:-1, max-image-preview:large, max-video-preview:-1\" \/>\n<link rel=\"canonical\" href=\"https:\/\/www.cycles-blain.com\/fr\/sport-velo\/tour-de-france-femmes-2024\/\" \/>\n<meta property=\"og:locale\" content=\"fr_FR\" \/>\n<meta property=\"og:type\" content=\"article\" \/>\n<meta property=\"og:title\" content=\"Tour de France Femmes 2024 : le parcours en d\u00e9tail - CyclesBlain - Magasins de v\u00e9los, accessoires et ateliers\" \/>\n<meta property=\"og:description\" content=\"Le Tour de France Femmes 2024 s&#039;\u00e9tendra des Pays-Bas aux Alpes avec un parcours riche en paysages et en hauteurs.\" \/>\n<meta property=\"og:url\" content=\"https:\/\/www.cycles-blain.com\/fr\/sport-velo\/tour-de-france-femmes-2024\/\" \/>\n<meta property=\"og:site_name\" content=\"CyclesBlain - Magasins de v\u00e9los, accessoires et ateliers\" \/>\n<meta property=\"article:publisher\" content=\"https:\/\/www.facebook.com\/cyclesblain\/?locale=fr_FR\" \/>\n<meta property=\"article:published_time\" content=\"2023-10-10T08:34:04+00:00\" \/>\n<meta property=\"article:modified_time\" content=\"2023-11-11T06:00:29+00:00\" \/>\n<meta property=\"og:image\" content=\"https:\/\/www.cycles-blain.com\/fr\/wp-content\/uploads\/2023\/11\/tour-de-france-femmes-2024-parcours-carte-detaillee-1024x1024-1.jpeg\" \/>\n\t<meta property=\"og:image:width\" content=\"1024\" \/>\n\t<meta property=\"og:image:height\" content=\"1024\" \/>\n\t<meta property=\"og:image:type\" content=\"image\/jpeg\" \/>\n<meta name=\"author\" content=\"Gueweb\" \/>\n<meta name=\"twitter:card\" content=\"summary_large_image\" \/>\n<meta name=\"twitter:label1\" content=\"\u00c9crit par\" \/>\n\t<meta name=\"twitter:data1\" content=\"Gueweb\" \/>\n\t<meta name=\"twitter:label2\" content=\"Dur\u00e9e de lecture estim\u00e9e\" \/>\n\t<meta name=\"twitter:data2\" content=\"1 minute\" \/>\n<script type=\"application\/ld+json\" class=\"yoast-schema-graph\">{\"@context\":\"https:\\\/\\\/schema.org\",\"@graph\":[{\"@type\":\"Article\",\"@id\":\"https:\\\/\\\/www.cycles-blain.com\\\/fr\\\/sport-velo\\\/tour-de-france-femmes-2024\\\/#article\",\"isPartOf\":{\"@id\":\"https:\\\/\\\/www.cycles-blain.com\\\/fr\\\/sport-velo\\\/tour-de-france-femmes-2024\\\/\"},\"author\":{\"name\":\"Gueweb\",\"@id\":\"https:\\\/\\\/www.cycles-blain.com\\\/fr\\\/#\\\/schema\\\/person\\\/6fb8bad852fde893fb61b7b05936af37\"},\"headline\":\"Tour de France Femmes 2024 : le parcours en d\u00e9tail\",\"datePublished\":\"2023-10-10T08:34:04+00:00\",\"dateModified\":\"2023-11-11T06:00:29+00:00\",\"mainEntityOfPage\":{\"@id\":\"https:\\\/\\\/www.cycles-blain.com\\\/fr\\\/sport-velo\\\/tour-de-france-femmes-2024\\\/\"},\"wordCount\":172,\"publisher\":{\"@id\":\"https:\\\/\\\/www.cycles-blain.com\\\/fr\\\/#organization\"},\"image\":{\"@id\":\"https:\\\/\\\/www.cycles-blain.com\\\/fr\\\/sport-velo\\\/tour-de-france-femmes-2024\\\/#primaryimage\"},\"thumbnailUrl\":\"https:\\\/\\\/www.cycles-blain.com\\\/fr\\\/wp-content\\\/uploads\\\/2023\\\/11\\\/tour-de-france-femmes-2024-parcours-carte-detaillee-1024x1024-1.jpeg\",\"keywords\":[\"tour de france\",\"Tour de France femmes\",\"velo de route\"],\"articleSection\":[\"Actus V\u00e9lo\",\"Fun\",\"Loisirs\",\"Sport\",\"Tourisme\"],\"inLanguage\":\"fr-FR\"},{\"@type\":\"WebPage\",\"@id\":\"https:\\\/\\\/www.cycles-blain.com\\\/fr\\\/sport-velo\\\/tour-de-france-femmes-2024\\\/\",\"url\":\"https:\\\/\\\/www.cycles-blain.com\\\/fr\\\/sport-velo\\\/tour-de-france-femmes-2024\\\/\",\"name\":\"Tour de France Femmes 2024 : le parcours en d\u00e9tail - CyclesBlain - Magasins de v\u00e9los, accessoires et ateliers\",\"isPartOf\":{\"@id\":\"https:\\\/\\\/www.cycles-blain.com\\\/fr\\\/#website\"},\"primaryImageOfPage\":{\"@id\":\"https:\\\/\\\/www.cycles-blain.com\\\/fr\\\/sport-velo\\\/tour-de-france-femmes-2024\\\/#primaryimage\"},\"image\":{\"@id\":\"https:\\\/\\\/www.cycles-blain.com\\\/fr\\\/sport-velo\\\/tour-de-france-femmes-2024\\\/#primaryimage\"},\"thumbnailUrl\":\"https:\\\/\\\/www.cycles-blain.com\\\/fr\\\/wp-content\\\/uploads\\\/2023\\\/11\\\/tour-de-france-femmes-2024-parcours-carte-detaillee-1024x1024-1.jpeg\",\"datePublished\":\"2023-10-10T08:34:04+00:00\",\"dateModified\":\"2023-11-11T06:00:29+00:00\",\"description\":\"Le Tour de France Femmes 2024 s'\u00e9tendra des Pays-Bas aux Alpes avec un parcours riche en paysages et en hauteurs.\",\"breadcrumb\":{\"@id\":\"https:\\\/\\\/www.cycles-blain.com\\\/fr\\\/sport-velo\\\/tour-de-france-femmes-2024\\\/#breadcrumb\"},\"inLanguage\":\"fr-FR\",\"potentialAction\":[{\"@type\":\"ReadAction\",\"target\":[\"https:\\\/\\\/www.cycles-blain.com\\\/fr\\\/sport-velo\\\/tour-de-france-femmes-2024\\\/\"]}]},{\"@type\":\"ImageObject\",\"inLanguage\":\"fr-FR\",\"@id\":\"https:\\\/\\\/www.cycles-blain.com\\\/fr\\\/sport-velo\\\/tour-de-france-femmes-2024\\\/#primaryimage\",\"url\":\"https:\\\/\\\/www.cycles-blain.com\\\/fr\\\/wp-content\\\/uploads\\\/2023\\\/11\\\/tour-de-france-femmes-2024-parcours-carte-detaillee-1024x1024-1.jpeg\",\"contentUrl\":\"https:\\\/\\\/www.cycles-blain.com\\\/fr\\\/wp-content\\\/uploads\\\/2023\\\/11\\\/tour-de-france-femmes-2024-parcours-carte-detaillee-1024x1024-1.jpeg\",\"width\":1024,\"height\":1024,\"caption\":\"Tour de France femmes\"},{\"@type\":\"BreadcrumbList\",\"@id\":\"https:\\\/\\\/www.cycles-blain.com\\\/fr\\\/sport-velo\\\/tour-de-france-femmes-2024\\\/#breadcrumb\",\"itemListElement\":[{\"@type\":\"ListItem\",\"position\":1,\"name\":\"Accueil\",\"item\":\"https:\\\/\\\/www.cycles-blain.com\\\/fr\\\/\"},{\"@type\":\"ListItem\",\"position\":2,\"name\":\"Tour de France Femmes 2024 : le parcours en d\u00e9tail\"}]},{\"@type\":\"WebSite\",\"@id\":\"https:\\\/\\\/www.cycles-blain.com\\\/fr\\\/#website\",\"url\":\"https:\\\/\\\/www.cycles-blain.com\\\/fr\\\/\",\"name\":\"CyclesBlain - Magasins de v\u00e9los, accessoires et ateliers\",\"description\":\"Blog Cycles Blain\",\"publisher\":{\"@id\":\"https:\\\/\\\/www.cycles-blain.com\\\/fr\\\/#organization\"},\"potentialAction\":[{\"@type\":\"SearchAction\",\"target\":{\"@type\":\"EntryPoint\",\"urlTemplate\":\"https:\\\/\\\/www.cycles-blain.com\\\/fr\\\/?s={search_term_string}\"},\"query-input\":{\"@type\":\"PropertyValueSpecification\",\"valueRequired\":true,\"valueName\":\"search_term_string\"}}],\"inLanguage\":\"fr-FR\"},{\"@type\":\"Organization\",\"@id\":\"https:\\\/\\\/www.cycles-blain.com\\\/fr\\\/#organization\",\"name\":\"CyclesBlain - Magasins de v\u00e9los, accessoires et ateliers\",\"url\":\"https:\\\/\\\/www.cycles-blain.com\\\/fr\\\/\",\"logo\":{\"@type\":\"ImageObject\",\"inLanguage\":\"fr-FR\",\"@id\":\"https:\\\/\\\/www.cycles-blain.com\\\/fr\\\/#\\\/schema\\\/logo\\\/image\\\/\",\"url\":\"https:\\\/\\\/www.cycles-blain.com\\\/fr\\\/wp-content\\\/uploads\\\/2023\\\/10\\\/logo-cycles-blain.jpeg\",\"contentUrl\":\"https:\\\/\\\/www.cycles-blain.com\\\/fr\\\/wp-content\\\/uploads\\\/2023\\\/10\\\/logo-cycles-blain.jpeg\",\"width\":264,\"height\":191,\"caption\":\"CyclesBlain - Magasins de v\u00e9los, accessoires et ateliers\"},\"image\":{\"@id\":\"https:\\\/\\\/www.cycles-blain.com\\\/fr\\\/#\\\/schema\\\/logo\\\/image\\\/\"},\"sameAs\":[\"https:\\\/\\\/www.facebook.com\\\/cyclesblain\\\/?locale=fr_FR\",\"https:\\\/\\\/www.instagram.com\\\/cycles_blain\\\/?hl=fr\"]},{\"@type\":\"Person\",\"@id\":\"https:\\\/\\\/www.cycles-blain.com\\\/fr\\\/#\\\/schema\\\/person\\\/6fb8bad852fde893fb61b7b05936af37\",\"name\":\"Gueweb\",\"image\":{\"@type\":\"ImageObject\",\"inLanguage\":\"fr-FR\",\"@id\":\"https:\\\/\\\/secure.gravatar.com\\\/avatar\\\/52550bc594eb074508114b963209b157358b27e5a0319de1bb723df3f760ca2d?s=96&d=mm&r=g\",\"url\":\"https:\\\/\\\/secure.gravatar.com\\\/avatar\\\/52550bc594eb074508114b963209b157358b27e5a0319de1bb723df3f760ca2d?s=96&d=mm&r=g\",\"contentUrl\":\"https:\\\/\\\/secure.gravatar.com\\\/avatar\\\/52550bc594eb074508114b963209b157358b27e5a0319de1bb723df3f760ca2d?s=96&d=mm&r=g\",\"caption\":\"Gueweb\"},\"sameAs\":[\"https:\\\/\\\/www.cycles-blain.com\\\/\\\/fr\"],\"url\":\"https:\\\/\\\/www.cycles-blain.com\\\/fr\\\/author\\\/gueweb\\\/\"}]}<\/script>\n<!-- \/ Yoast SEO plugin. -->","yoast_head_json":{"title":"Tour de France Femmes 2024 : le parcours en d\u00e9tail - CyclesBlain - Magasins de v\u00e9los, accessoires et ateliers","description":"Le Tour de France Femmes 2024 s'\u00e9tendra des Pays-Bas aux Alpes avec un parcours riche en paysages et en hauteurs.","robots":{"index":"index","follow":"follow","max-snippet":"max-snippet:-1","max-image-preview":"max-image-preview:large","max-video-preview":"max-video-preview:-1"},"canonical":"https:\/\/www.cycles-blain.com\/fr\/sport-velo\/tour-de-france-femmes-2024\/","og_locale":"fr_FR","og_type":"article","og_title":"Tour de France Femmes 2024 : le parcours en d\u00e9tail - CyclesBlain - Magasins de v\u00e9los, accessoires et ateliers","og_description":"Le Tour de France Femmes 2024 s'\u00e9tendra des Pays-Bas aux Alpes avec un parcours riche en paysages et en hauteurs.","og_url":"https:\/\/www.cycles-blain.com\/fr\/sport-velo\/tour-de-france-femmes-2024\/","og_site_name":"CyclesBlain - Magasins de v\u00e9los, accessoires et ateliers","article_publisher":"https:\/\/www.facebook.com\/cyclesblain\/?locale=fr_FR","article_published_time":"2023-10-10T08:34:04+00:00","article_modified_time":"2023-11-11T06:00:29+00:00","og_image":[{"width":1024,"height":1024,"url":"https:\/\/www.cycles-blain.com\/fr\/wp-content\/uploads\/2023\/11\/tour-de-france-femmes-2024-parcours-carte-detaillee-1024x1024-1.jpeg","type":"image\/jpeg"}],"author":"Gueweb","twitter_card":"summary_large_image","twitter_misc":{"\u00c9crit par":"Gueweb","Dur\u00e9e de lecture estim\u00e9e":"1 minute"},"schema":{"@context":"https:\/\/schema.org","@graph":[{"@type":"Article","@id":"https:\/\/www.cycles-blain.com\/fr\/sport-velo\/tour-de-france-femmes-2024\/#article","isPartOf":{"@id":"https:\/\/www.cycles-blain.com\/fr\/sport-velo\/tour-de-france-femmes-2024\/"},"author":{"name":"Gueweb","@id":"https:\/\/www.cycles-blain.com\/fr\/#\/schema\/person\/6fb8bad852fde893fb61b7b05936af37"},"headline":"Tour de France Femmes 2024 : le parcours en d\u00e9tail","datePublished":"2023-10-10T08:34:04+00:00","dateModified":"2023-11-11T06:00:29+00:00","mainEntityOfPage":{"@id":"https:\/\/www.cycles-blain.com\/fr\/sport-velo\/tour-de-france-femmes-2024\/"},"wordCount":172,"publisher":{"@id":"https:\/\/www.cycles-blain.com\/fr\/#organization"},"image":{"@id":"https:\/\/www.cycles-blain.com\/fr\/sport-velo\/tour-de-france-femmes-2024\/#primaryimage"},"thumbnailUrl":"https:\/\/www.cycles-blain.com\/fr\/wp-content\/uploads\/2023\/11\/tour-de-france-femmes-2024-parcours-carte-detaillee-1024x1024-1.jpeg","keywords":["tour de france","Tour de France femmes","velo de route"],"articleSection":["Actus V\u00e9lo","Fun","Loisirs","Sport","Tourisme"],"inLanguage":"fr-FR"},{"@type":"WebPage","@id":"https:\/\/www.cycles-blain.com\/fr\/sport-velo\/tour-de-france-femmes-2024\/","url":"https:\/\/www.cycles-blain.com\/fr\/sport-velo\/tour-de-france-femmes-2024\/","name":"Tour de France Femmes 2024 : le parcours en d\u00e9tail - CyclesBlain - Magasins de v\u00e9los, accessoires et ateliers","isPartOf":{"@id":"https:\/\/www.cycles-blain.com\/fr\/#website"},"primaryImageOfPage":{"@id":"https:\/\/www.cycles-blain.com\/fr\/sport-velo\/tour-de-france-femmes-2024\/#primaryimage"},"image":{"@id":"https:\/\/www.cycles-blain.com\/fr\/sport-velo\/tour-de-france-femmes-2024\/#primaryimage"},"thumbnailUrl":"https:\/\/www.cycles-blain.com\/fr\/wp-content\/uploads\/2023\/11\/tour-de-france-femmes-2024-parcours-carte-detaillee-1024x1024-1.jpeg","datePublished":"2023-10-10T08:34:04+00:00","dateModified":"2023-11-11T06:00:29+00:00","description":"Le Tour de France Femmes 2024 s'\u00e9tendra des Pays-Bas aux Alpes avec un parcours riche en paysages et en hauteurs.","breadcrumb":{"@id":"https:\/\/www.cycles-blain.com\/fr\/sport-velo\/tour-de-france-femmes-2024\/#breadcrumb"},"inLanguage":"fr-FR","potentialAction":[{"@type":"ReadAction","target":["https:\/\/www.cycles-blain.com\/fr\/sport-velo\/tour-de-france-femmes-2024\/"]}]},{"@type":"ImageObject","inLanguage":"fr-FR","@id":"https:\/\/www.cycles-blain.com\/fr\/sport-velo\/tour-de-france-femmes-2024\/#primaryimage","url":"https:\/\/www.cycles-blain.com\/fr\/wp-content\/uploads\/2023\/11\/tour-de-france-femmes-2024-parcours-carte-detaillee-1024x1024-1.jpeg","contentUrl":"https:\/\/www.cycles-blain.com\/fr\/wp-content\/uploads\/2023\/11\/tour-de-france-femmes-2024-parcours-carte-detaillee-1024x1024-1.jpeg","width":1024,"height":1024,"caption":"Tour de France femmes"},{"@type":"BreadcrumbList","@id":"https:\/\/www.cycles-blain.com\/fr\/sport-velo\/tour-de-france-femmes-2024\/#breadcrumb","itemListElement":[{"@type":"ListItem","position":1,"name":"Accueil","item":"https:\/\/www.cycles-blain.com\/fr\/"},{"@type":"ListItem","position":2,"name":"Tour de France Femmes 2024 : le parcours en d\u00e9tail"}]},{"@type":"WebSite","@id":"https:\/\/www.cycles-blain.com\/fr\/#website","url":"https:\/\/www.cycles-blain.com\/fr\/","name":"CyclesBlain - Magasins de v\u00e9los, accessoires et ateliers","description":"Blog Cycles Blain","publisher":{"@id":"https:\/\/www.cycles-blain.com\/fr\/#organization"},"potentialAction":[{"@type":"SearchAction","target":{"@type":"EntryPoint","urlTemplate":"https:\/\/www.cycles-blain.com\/fr\/?s={search_term_string}"},"query-input":{"@type":"PropertyValueSpecification","valueRequired":true,"valueName":"search_term_string"}}],"inLanguage":"fr-FR"},{"@type":"Organization","@id":"https:\/\/www.cycles-blain.com\/fr\/#organization","name":"CyclesBlain - Magasins de v\u00e9los, accessoires et ateliers","url":"https:\/\/www.cycles-blain.com\/fr\/","logo":{"@type":"ImageObject","inLanguage":"fr-FR","@id":"https:\/\/www.cycles-blain.com\/fr\/#\/schema\/logo\/image\/","url":"https:\/\/www.cycles-blain.com\/fr\/wp-content\/uploads\/2023\/10\/logo-cycles-blain.jpeg","contentUrl":"https:\/\/www.cycles-blain.com\/fr\/wp-content\/uploads\/2023\/10\/logo-cycles-blain.jpeg","width":264,"height":191,"caption":"CyclesBlain - Magasins de v\u00e9los, accessoires et ateliers"},"image":{"@id":"https:\/\/www.cycles-blain.com\/fr\/#\/schema\/logo\/image\/"},"sameAs":["https:\/\/www.facebook.com\/cyclesblain\/?locale=fr_FR","https:\/\/www.instagram.com\/cycles_blain\/?hl=fr"]},{"@type":"Person","@id":"https:\/\/www.cycles-blain.com\/fr\/#\/schema\/person\/6fb8bad852fde893fb61b7b05936af37","name":"Gueweb","image":{"@type":"ImageObject","inLanguage":"fr-FR","@id":"https:\/\/secure.gravatar.com\/avatar\/52550bc594eb074508114b963209b157358b27e5a0319de1bb723df3f760ca2d?s=96&d=mm&r=g","url":"https:\/\/secure.gravatar.com\/avatar\/52550bc594eb074508114b963209b157358b27e5a0319de1bb723df3f760ca2d?s=96&d=mm&r=g","contentUrl":"https:\/\/secure.gravatar.com\/avatar\/52550bc594eb074508114b963209b157358b27e5a0319de1bb723df3f760ca2d?s=96&d=mm&r=g","caption":"Gueweb"},"sameAs":["https:\/\/www.cycles-blain.com\/\/fr"],"url":"https:\/\/www.cycles-blain.com\/fr\/author\/gueweb\/"}]}},"_links":{"self":[{"href":"https:\/\/www.cycles-blain.com\/fr\/wp-json\/wp\/v2\/posts\/1776","targetHints":{"allow":["GET"]}}],"collection":[{"href":"https:\/\/www.cycles-blain.com\/fr\/wp-json\/wp\/v2\/posts"}],"about":[{"href":"https:\/\/www.cycles-blain.com\/fr\/wp-json\/wp\/v2\/types\/post"}],"author":[{"embeddable":true,"href":"https:\/\/www.cycles-blain.com\/fr\/wp-json\/wp\/v2\/users\/1"}],"replies":[{"embeddable":true,"href":"https:\/\/www.cycles-blain.com\/fr\/wp-json\/wp\/v2\/comments?post=1776"}],"version-history":[{"count":6,"href":"https:\/\/www.cycles-blain.com\/fr\/wp-json\/wp\/v2\/posts\/1776\/revisions"}],"predecessor-version":[{"id":1802,"href":"https:\/\/www.cycles-blain.com\/fr\/wp-json\/wp\/v2\/posts\/1776\/revisions\/1802"}],"wp:featuredmedia":[{"embeddable":true,"href":"https:\/\/www.cycles-blain.com\/fr\/wp-json\/wp\/v2\/media\/1804"}],"wp:attachment":[{"href":"https:\/\/www.cycles-blain.com\/fr\/wp-json\/wp\/v2\/media?parent=1776"}],"wp:term":[{"taxonomy":"category","embeddable":true,"href":"https:\/\/www.cycles-blain.com\/fr\/wp-json\/wp\/v2\/categories?post=1776"},{"taxonomy":"post_tag","embeddable":true,"href":"https:\/\/www.cycles-blain.com\/fr\/wp-json\/wp\/v2\/tags?post=1776"}],"curies":[{"name":"wp","href":"https:\/\/api.w.org\/{rel}","templated":true}]}}