{"id":18038,"date":"2025-11-04T11:23:31","date_gmt":"2025-11-04T10:23:31","guid":{"rendered":"https:\/\/www.cycles-blain.com\/fr\/?p=18038"},"modified":"2025-11-04T14:44:20","modified_gmt":"2025-11-04T13:44:20","slug":"cours-de-mecanique-velo-brignais","status":"publish","type":"post","link":"https:\/\/www.cycles-blain.com\/fr\/atelier-reparation\/cours-de-mecanique-velo-brignais\/","title":{"rendered":"Cours de m\u00e9canique v\u00e9lo \u00e0 Brignais"},"content":{"rendered":"\t\t<div data-elementor-type=\"wp-post\" data-elementor-id=\"18038\" class=\"elementor elementor-18038\" data-elementor-post-type=\"post\">\n\t\t\t\t<div class=\"elementor-element elementor-element-26bcf22 e-flex e-con-boxed e-con e-parent\" data-id=\"26bcf22\" data-element_type=\"container\" data-e-type=\"container\">\n\t\t\t\t\t<div class=\"e-con-inner\">\n\t\t\t\t<div class=\"elementor-element elementor-element-537dfcc elementor-widget elementor-widget-text-editor\" data-id=\"537dfcc\" data-element_type=\"widget\" data-e-type=\"widget\" data-widget_type=\"text-editor.default\">\n\t\t\t\t<div class=\"elementor-widget-container\">\n\t\t\t\t\t\t\t\t\t<p data-start=\"148\" data-end=\"278\">Vous aviez ador\u00e9 ce format, et nous aussi \ud83d\ude0d<br data-start=\"192\" data-end=\"195\" \/>Les cours de m\u00e9canique sont de retour, et les inscriptions sont ouvertes !<\/p><p data-start=\"285\" data-end=\"400\">Cette ann\u00e9e, deux cours, deux niveaux , pour que chacun puisse apprendre \u00e0 entretenir son v\u00e9lo \u00e0 son rythme \ud83d\udee0\ufe0f\ud83d\udeb2<\/p>\t\t\t\t\t\t\t\t<\/div>\n\t\t\t\t<\/div>\n\t\t\t\t\t<\/div>\n\t\t\t\t<\/div>\n\t\t<div class=\"elementor-element elementor-element-1a2f4ce e-flex e-con-boxed e-con e-parent\" data-id=\"1a2f4ce\" data-element_type=\"container\" data-e-type=\"container\">\n\t\t\t\t\t<div class=\"e-con-inner\">\n\t\t\t\t<div class=\"elementor-element elementor-element-5089dd5 elementor-widget elementor-widget-heading\" data-id=\"5089dd5\" data-element_type=\"widget\" data-e-type=\"widget\" data-widget_type=\"heading.default\">\n\t\t\t\t<div class=\"elementor-widget-container\">\n\t\t\t\t\t<h3 class=\"elementor-heading-title elementor-size-default\">Les cours<\/h3>\t\t\t\t<\/div>\n\t\t\t\t<\/div>\n\t\t\t\t\t<\/div>\n\t\t\t\t<\/div>\n\t\t<div class=\"elementor-element elementor-element-b47d015 e-flex e-con-boxed e-con e-parent\" data-id=\"b47d015\" data-element_type=\"container\" data-e-type=\"container\">\n\t\t\t\t\t<div class=\"e-con-inner\">\n\t\t\t\t<div class=\"elementor-element elementor-element-b564a93 elementor-widget elementor-widget-text-editor\" data-id=\"b564a93\" data-element_type=\"widget\" data-e-type=\"widget\" data-widget_type=\"text-editor.default\">\n\t\t\t\t<div class=\"elementor-widget-container\">\n\t\t\t\t\t\t\t\t\t<p data-start=\"82\" data-end=\"260\">Notre cours de m\u00e9canique v\u00e9lo est l\u2019occasion id\u00e9ale pour acqu\u00e9rir les connaissances et les comp\u00e9tences n\u00e9cessaires afin d\u2019entretenir votre v\u00e9lo <strong data-start=\"234\" data-end=\"256\">en toute autonomie<\/strong> !<\/p><p data-start=\"267\" data-end=\"471\">Nous vous proposons deux dates : le <strong data-start=\"307\" data-end=\"329\">samedi 22 novembre<\/strong> et le <strong data-start=\"336\" data-end=\"358\">samedi 13 d\u00e9cembre<\/strong>.<br data-start=\"359\" data-end=\"362\" \/>Chaque session correspond \u00e0 un <strong data-start=\"395\" data-end=\"431\">niveau d\u2019apprentissage diff\u00e9rent<\/strong>, et la dur\u00e9e varie selon le niveau.<\/p>\t\t\t\t\t\t\t\t<\/div>\n\t\t\t\t<\/div>\n\t\t\t\t\t<\/div>\n\t\t\t\t<\/div>\n\t\t<div class=\"elementor-element elementor-element-105bd75 e-flex e-con-boxed e-con e-parent\" data-id=\"105bd75\" data-element_type=\"container\" data-e-type=\"container\">\n\t\t\t\t\t<div class=\"e-con-inner\">\n\t\t\t\t<div class=\"elementor-element elementor-element-1579185 elementor-widget elementor-widget-heading\" data-id=\"1579185\" data-element_type=\"widget\" data-e-type=\"widget\" data-widget_type=\"heading.default\">\n\t\t\t\t<div class=\"elementor-widget-container\">\n\t\t\t\t\t<h3 class=\"elementor-heading-title elementor-size-default\">Samedi 22 Novembre<\/h3>\t\t\t\t<\/div>\n\t\t\t\t<\/div>\n\t\t\t\t\t<\/div>\n\t\t\t\t<\/div>\n\t\t<div class=\"elementor-element elementor-element-109a41b e-flex e-con-boxed e-con e-parent\" data-id=\"109a41b\" data-element_type=\"container\" data-e-type=\"container\">\n\t\t\t\t\t<div class=\"e-con-inner\">\n\t\t\t\t<div class=\"elementor-element elementor-element-a497ab4 elementor-widget elementor-widget-text-editor\" data-id=\"a497ab4\" data-element_type=\"widget\" data-e-type=\"widget\" data-widget_type=\"text-editor.default\">\n\t\t\t\t<div class=\"elementor-widget-container\">\n\t\t\t\t\t\t\t\t\t<p data-start=\"144\" data-end=\"257\">Nous sommes ici sur un <strong data-start=\"167\" data-end=\"188\">cours de niveau 1<\/strong>, qui aura lieu de <strong data-start=\"207\" data-end=\"219\">9h \u00e0 12h<\/strong> dans notre <strong data-start=\"231\" data-end=\"254\">atelier de <a href=\"https:\/\/www.cycles-blain.com\/content\/8-magasin-velo-brignais\" target=\"_blank\" rel=\"noopener\">Brignais<\/a><\/strong>.<\/p><p data-start=\"264\" data-end=\"455\">Pour ce cours, <strong data-start=\"279\" data-end=\"327\">vous ne devez <span style=\"text-decoration: underline;\">PAS<\/span> apporter votre propre v\u00e9lo<\/strong>. Avant de commencer, un accueil caf\u00e9\/viennoiseries vous sera propos\u00e9 afin de faire le plein d\u2019\u00e9nergie pour la matin\u00e9e \u2615\ud83e\udd50<\/p><p>Au programme de cette session :<\/p><ul><li><strong>Diagnostiquer et entretenir son v\u00e9lo :<\/strong> Apprenez \u00e0 identifier les probl\u00e8mes courants et \u00e0 effectuer les ajustements n\u00e9cessaires pour garder votre v\u00e9lo en parfait \u00e9tat de fonctionnement.<\/li><li><strong>Les outils Indispensables :<\/strong> D\u00e9couvrez les outils de base n\u00e9cessaires pour effectuer les r\u00e9parations et les ajustements les plus courants.<\/li><li><strong>\u00catre autonome sur une c<\/strong><strong>revaison :<\/strong> Ne soyez plus jamais pris au d\u00e9pourvu par une crevaison. Nous vous montrerons comment r\u00e9parer rapidement et efficacement une crevaison sur la route.<\/li><li><strong>Entretenir et R\u00e9parer sa cha\u00eene de v\u00e9lo :<\/strong> La cha\u00eene est un \u00e9l\u00e9ment crucial de votre v\u00e9lo. Nous vous apprendrons \u00e0 la nettoyer, la lubrifier et la r\u00e9parer correctement pour \u00e9viter les dysfonctionnements.<\/li><li><strong>R\u00e9gler ses freins et son jeu de direction :<\/strong> Assurez-vous d\u2019avoir un freinage fiable et un v\u00e9lo bien \u00e9quilibr\u00e9 en apprenant \u00e0 r\u00e9gler vos freins et votre jeu de direction.<\/li><\/ul><p data-start=\"1374\" data-end=\"1450\">\ud83d\udcb6 <strong data-start=\"1377\" data-end=\"1402\">Tarif : 60 \u20ac\/personne<\/strong>, \u00e0 r\u00e9gler en ligne lors de votre r\u00e9servation.<\/p><p data-start=\"1457\" data-end=\"1597\">Et parce qu\u2019on aime vous g\u00e2ter , les participants b\u00e9n\u00e9ficieront d\u2019une <strong data-start=\"1529\" data-end=\"1579\">remise de 10 % sur tout le magasin de <a href=\"https:\/\/www.cycles-blain.com\/content\/8-magasin-velo-brignais\" target=\"_blank\" rel=\"noopener\">Brignais<\/a><\/strong>* le jour m\u00eame !\ud83c\udf81<\/p><p data-start=\"1604\" data-end=\"1701\">\u26a0\ufe0f <strong data-start=\"1607\" data-end=\"1662\">Attention : les places sont limit\u00e9es \u00e0 10 personnes<\/strong>, alors ne tardez pas \u00e0 vous <a style=\"font-size: 16px;\" href=\"https:\/\/www.cycles-blain.com\/fr\/reservation-formation-mecanique-velo-cycles-blain\/\" target=\"_blank\" rel=\"noopener\">inscrire !<\/a><\/p>\t\t\t\t\t\t\t\t<\/div>\n\t\t\t\t<\/div>\n\t\t\t\t\t<\/div>\n\t\t\t\t<\/div>\n\t\t<div class=\"elementor-element elementor-element-3b33b2c e-flex e-con-boxed e-con e-parent\" data-id=\"3b33b2c\" data-element_type=\"container\" data-e-type=\"container\">\n\t\t\t\t\t<div class=\"e-con-inner\">\n\t\t\t\t<div class=\"elementor-element elementor-element-67cb6b4 elementor-align-center elementor-widget elementor-widget-button\" data-id=\"67cb6b4\" data-element_type=\"widget\" data-e-type=\"widget\" data-widget_type=\"button.default\">\n\t\t\t\t<div class=\"elementor-widget-container\">\n\t\t\t\t\t\t\t\t\t<div class=\"elementor-button-wrapper\">\n\t\t\t\t\t<a class=\"elementor-button elementor-button-link elementor-size-sm\" href=\"https:\/\/www.cycles-blain.com\/fr\/reservation-formation-mecanique-velo-cycles-blain\/\" target=\"_blank\">\n\t\t\t\t\t\t<span class=\"elementor-button-content-wrapper\">\n\t\t\t\t\t\t\t\t\t<span class=\"elementor-button-text\">Je m'inscris pour le cours du 22\/11<\/span>\n\t\t\t\t\t<\/span>\n\t\t\t\t\t<\/a>\n\t\t\t\t<\/div>\n\t\t\t\t\t\t\t\t<\/div>\n\t\t\t\t<\/div>\n\t\t\t\t\t<\/div>\n\t\t\t\t<\/div>\n\t\t<div class=\"elementor-element elementor-element-4466734 e-flex e-con-boxed e-con e-parent\" data-id=\"4466734\" data-element_type=\"container\" data-e-type=\"container\">\n\t\t\t\t\t<div class=\"e-con-inner\">\n\t\t\t\t<div class=\"elementor-element elementor-element-5b9df90 elementor-widget elementor-widget-heading\" data-id=\"5b9df90\" data-element_type=\"widget\" data-e-type=\"widget\" data-widget_type=\"heading.default\">\n\t\t\t\t<div class=\"elementor-widget-container\">\n\t\t\t\t\t<h3 class=\"elementor-heading-title elementor-size-default\">Samedi 13 D\u00e9cembre<\/h3>\t\t\t\t<\/div>\n\t\t\t\t<\/div>\n\t\t\t\t\t<\/div>\n\t\t\t\t<\/div>\n\t\t<div class=\"elementor-element elementor-element-fea981f e-flex e-con-boxed e-con e-parent\" data-id=\"fea981f\" data-element_type=\"container\" data-e-type=\"container\">\n\t\t\t\t\t<div class=\"e-con-inner\">\n\t\t\t\t<div class=\"elementor-element elementor-element-e316ed2 elementor-widget elementor-widget-text-editor\" data-id=\"e316ed2\" data-element_type=\"widget\" data-e-type=\"widget\" data-widget_type=\"text-editor.default\">\n\t\t\t\t<div class=\"elementor-widget-container\">\n\t\t\t\t\t\t\t\t\t<p data-start=\"136\" data-end=\"246\">Cette session correspond au <strong data-start=\"164\" data-end=\"176\">niveau 2<\/strong> et se d\u00e9roulera de <strong data-start=\"196\" data-end=\"208\">8h \u00e0 12h<\/strong> dans notre <strong data-start=\"220\" data-end=\"243\">atelier de <a href=\"https:\/\/www.cycles-blain.com\/content\/8-magasin-velo-brignais\" target=\"_blank\" rel=\"noopener\">Brignais<\/a>.<\/strong>.<\/p><p data-start=\"253\" data-end=\"457\">Pour ce cours, <strong data-start=\"268\" data-end=\"298\">apportez votre propre v\u00e9lo<\/strong> : vous travaillerez directement dessus.<br data-start=\"338\" data-end=\"341\" \/>Et bien s\u00fbr, nous commen\u00e7ons la matin\u00e9e avec un <strong data-start=\"391\" data-end=\"421\">accueil caf\u00e9\/viennoiseries<\/strong> pour faire le plein d\u2019\u00e9nergie \u2615\ud83e\udd50<\/p><p data-start=\"464\" data-end=\"799\">Le principe est simple, avec un <strong data-start=\"496\" data-end=\"515\">objectif double<\/strong> :<br data-start=\"517\" data-end=\"520\" \/>\ud83d\udd27 Vous entretenez <strong data-start=\"541\" data-end=\"555\">votre v\u00e9lo<\/strong>, accompagn\u00e9 de <strong data-start=\"571\" data-end=\"604\" data-is-only-node=\"\">deux m\u00e9caniciens Cycles Blain<\/strong> qui vous guideront pas \u00e0 pas.<br data-start=\"634\" data-end=\"637\" \/>\ud83d\udeb4 Vous repartez avec un v\u00e9lo <strong data-start=\"669\" data-end=\"695\">parfaitement entretenu<\/strong>, <strong data-start=\"697\" data-end=\"714\">par vos soins<\/strong>, et surtout avec les <strong data-start=\"736\" data-end=\"751\">comp\u00e9tences<\/strong> pour recommencer en toute autonomie chez vous !<\/p><p data-start=\"464\" data-end=\"799\">Au programme de cette session:\u00a0<\/p><ul><li data-start=\"162\" data-end=\"228\"><p data-start=\"164\" data-end=\"228\"><strong data-start=\"164\" data-end=\"226\">R\u00e9glage des d\u00e9railleurs, des freins et du jeu de direction<\/strong><\/p><\/li><li data-start=\"229\" data-end=\"286\"><p data-start=\"231\" data-end=\"286\"><strong data-start=\"231\" data-end=\"284\">Contr\u00f4le des serrages et des \u00e9l\u00e9ments de s\u00e9curit\u00e9<\/strong><\/p><\/li><li data-start=\"287\" data-end=\"336\"><p data-start=\"289\" data-end=\"336\"><strong data-start=\"289\" data-end=\"334\">Diagnostic des pi\u00e8ces d\u2019usure \u00e0 remplacer<\/strong><\/p><\/li><li data-start=\"337\" data-end=\"464\"><p data-start=\"339\" data-end=\"464\"><strong data-start=\"339\" data-end=\"360\">Remplacement de :<\/strong> cha\u00eene, cassette, c\u00e2bles et gaines, plaquettes et patins de freins, bo\u00eetier de p\u00e9dalier, pneumatiques<\/p><\/li><li data-start=\"465\" data-end=\"502\"><p data-start=\"467\" data-end=\"502\"><strong data-start=\"467\" data-end=\"500\">Graissage du jeu de direction<\/strong><\/p><\/li><\/ul><p>\ud83d\udcb6 <strong data-start=\"1377\" data-end=\"1402\">Tarif : 80 \u20ac\/personne<\/strong>, \u00e0 r\u00e9gler en ligne lors de votre r\u00e9servation.<\/p><p><strong data-start=\"582\" data-end=\"597\">Pr\u00e9cision :<\/strong> les pi\u00e8ces remplac\u00e9es seront factur\u00e9es le jour de la session avec une <strong data-start=\"668\" data-end=\"686\">remise de 10 %<\/strong>. Cette remise est \u00e9galement valable pour tous les participants sur <strong data-start=\"754\" data-end=\"785\">tout le magasin de <a href=\"https:\/\/www.cycles-blain.com\/content\/8-magasin-velo-brignais\" target=\"_blank\" rel=\"noopener\">Brignais<\/a>*<\/strong>, le jour de la session.<\/p>\t\t\t\t\t\t\t\t<\/div>\n\t\t\t\t<\/div>\n\t\t\t\t<div class=\"elementor-element elementor-element-7025022 elementor-align-center elementor-widget elementor-widget-button\" data-id=\"7025022\" data-element_type=\"widget\" data-e-type=\"widget\" data-widget_type=\"button.default\">\n\t\t\t\t<div class=\"elementor-widget-container\">\n\t\t\t\t\t\t\t\t\t<div class=\"elementor-button-wrapper\">\n\t\t\t\t\t<a class=\"elementor-button elementor-button-link elementor-size-sm\" href=\"https:\/\/www.cycles-blain.com\/content\/58-cours-formation-mecanique-velo-auto-reparation\" target=\"_blank\">\n\t\t\t\t\t\t<span class=\"elementor-button-content-wrapper\">\n\t\t\t\t\t\t\t\t\t<span class=\"elementor-button-text\">Je m'inscris pour le cours du 13\/12<\/span>\n\t\t\t\t\t<\/span>\n\t\t\t\t\t<\/a>\n\t\t\t\t<\/div>\n\t\t\t\t\t\t\t\t<\/div>\n\t\t\t\t<\/div>\n\t\t\t\t\t<\/div>\n\t\t\t\t<\/div>\n\t\t<div class=\"elementor-element elementor-element-4137496 e-flex e-con-boxed e-con e-parent\" data-id=\"4137496\" data-element_type=\"container\" data-e-type=\"container\">\n\t\t\t\t\t<div class=\"e-con-inner\">\n\t\t\t\t<div class=\"elementor-element elementor-element-f6ee101 elementor-widget elementor-widget-text-editor\" data-id=\"f6ee101\" data-element_type=\"widget\" data-e-type=\"widget\" data-widget_type=\"text-editor.default\">\n\t\t\t\t<div class=\"elementor-widget-container\">\n\t\t\t\t\t\t\t\t\t<p><span style=\"text-decoration: underline;\"><em>*valables sur les articles en stock au magasin de Brignais hors promotions en cours et services (atelier, \u00e9tudes posturales, location)<\/em><\/span><\/p>\t\t\t\t\t\t\t\t<\/div>\n\t\t\t\t<\/div>\n\t\t\t\t\t<\/div>\n\t\t\t\t<\/div>\n\t\t\t\t<\/div>\n\t\t","protected":false},"excerpt":{"rendered":"<p>Vous aviez ador\u00e9 le format, il revient ! Les inscriptions aux cours de m\u00e9canique sont ouvertes et cette ann\u00e9e, il y a des nouveaut\u00e9s !<\/p>\n","protected":false},"author":5,"featured_media":18040,"comment_status":"open","ping_status":"open","sticky":false,"template":"","format":"standard","meta":{"site-sidebar-layout":"default","site-content-layout":"","ast-site-content-layout":"default","site-content-style":"default","site-sidebar-style":"default","ast-global-header-display":"","ast-banner-title-visibility":"","ast-main-header-display":"","ast-hfb-above-header-display":"","ast-hfb-below-header-display":"","ast-hfb-mobile-header-display":"","site-post-title":"","ast-breadcrumbs-content":"","ast-featured-img":"","footer-sml-layout":"","theme-transparent-header-meta":"","adv-header-id-meta":"","stick-header-meta":"","header-above-stick-meta":"","header-main-stick-meta":"","header-below-stick-meta":"","astra-migrate-meta-layouts":"set","ast-page-background-enabled":"default","ast-page-background-meta":{"desktop":{"background-color":"","background-image":"","background-repeat":"repeat","background-position":"center center","background-size":"auto","background-attachment":"scroll","background-type":"","background-media":"","overlay-type":"","overlay-color":"","overlay-gradient":""},"tablet":{"background-color":"","background-image":"","background-repeat":"repeat","background-position":"center center","background-size":"auto","background-attachment":"scroll","background-type":"","background-media":"","overlay-type":"","overlay-color":"","overlay-gradient":""},"mobile":{"background-color":"","background-image":"","background-repeat":"repeat","background-position":"center center","background-size":"auto","background-attachment":"scroll","background-type":"","background-media":"","overlay-type":"","overlay-color":"","overlay-gradient":""}},"ast-content-background-meta":{"desktop":{"background-color":"var(--ast-global-color-5)","background-image":"","background-repeat":"repeat","background-position":"center center","background-size":"auto","background-attachment":"scroll","background-type":"","background-media":"","overlay-type":"","overlay-color":"","overlay-gradient":""},"tablet":{"background-color":"var(--ast-global-color-5)","background-image":"","background-repeat":"repeat","background-position":"center center","background-size":"auto","background-attachment":"scroll","background-type":"","background-media":"","overlay-type":"","overlay-color":"","overlay-gradient":""},"mobile":{"background-color":"var(--ast-global-color-5)","background-image":"","background-repeat":"repeat","background-position":"center center","background-size":"auto","background-attachment":"scroll","background-type":"","background-media":"","overlay-type":"","overlay-color":"","overlay-gradient":""}},"footnotes":""},"categories":[6,88,7],"tags":[144,305],"class_list":["post-18038","post","type-post","status-publish","format-standard","has-post-thumbnail","hentry","category-magasins-velo","category-atelier-reparation","category-magasin-brignais","tag-atelier","tag-cours-mecanique"],"yoast_head":"<!-- This site is optimized with the Yoast SEO plugin v27.4 - https:\/\/yoast.com\/product\/yoast-seo-wordpress\/ -->\n<title>Cours de m\u00e9canique v\u00e9lo \u00e0 Brignais - CYCLES BLAIN<\/title>\n<meta name=\"description\" content=\"Vous aviez ador\u00e9 le format, il revient ! Les inscriptions aux cours de m\u00e9canique v\u00e9los sont ouvertes et cette ann\u00e9e, il y a des nouveaut\u00e9s !\" \/>\n<meta name=\"robots\" content=\"index, follow, max-snippet:-1, max-image-preview:large, max-video-preview:-1\" \/>\n<link rel=\"canonical\" href=\"https:\/\/www.cycles-blain.com\/fr\/atelier-reparation\/cours-de-mecanique-velo-brignais\/\" \/>\n<meta property=\"og:locale\" content=\"fr_FR\" \/>\n<meta property=\"og:type\" content=\"article\" \/>\n<meta property=\"og:title\" content=\"Cours de m\u00e9canique v\u00e9lo \u00e0 Brignais - CYCLES BLAIN\" \/>\n<meta property=\"og:description\" content=\"Vous aviez ador\u00e9 le format, il revient ! Les inscriptions aux cours de m\u00e9canique v\u00e9los sont ouvertes et cette ann\u00e9e, il y a des nouveaut\u00e9s !\" \/>\n<meta property=\"og:url\" content=\"https:\/\/www.cycles-blain.com\/fr\/atelier-reparation\/cours-de-mecanique-velo-brignais\/\" \/>\n<meta property=\"og:site_name\" content=\"CyclesBlain - Magasins de v\u00e9los, accessoires et ateliers\" \/>\n<meta property=\"article:publisher\" content=\"https:\/\/www.facebook.com\/cyclesblain\/?locale=fr_FR\" \/>\n<meta property=\"article:published_time\" content=\"2025-11-04T10:23:31+00:00\" \/>\n<meta property=\"article:modified_time\" content=\"2025-11-04T13:44:20+00:00\" \/>\n<meta property=\"og:image\" content=\"https:\/\/www.cycles-blain.com\/fr\/wp-content\/uploads\/2025\/11\/cours-meca-article.jpg\" \/>\n\t<meta property=\"og:image:width\" content=\"600\" \/>\n\t<meta property=\"og:image:height\" content=\"400\" \/>\n\t<meta property=\"og:image:type\" content=\"image\/jpeg\" \/>\n<meta name=\"author\" content=\"Manon\" \/>\n<meta name=\"twitter:card\" content=\"summary_large_image\" \/>\n<meta name=\"twitter:label1\" content=\"\u00c9crit par\" \/>\n\t<meta name=\"twitter:data1\" content=\"Manon\" \/>\n\t<meta name=\"twitter:label2\" content=\"Dur\u00e9e de lecture estim\u00e9e\" \/>\n\t<meta name=\"twitter:data2\" content=\"4 minutes\" \/>\n<script type=\"application\/ld+json\" class=\"yoast-schema-graph\">{\"@context\":\"https:\\\/\\\/schema.org\",\"@graph\":[{\"@type\":\"Article\",\"@id\":\"https:\\\/\\\/www.cycles-blain.com\\\/fr\\\/atelier-reparation\\\/cours-de-mecanique-velo-brignais\\\/#article\",\"isPartOf\":{\"@id\":\"https:\\\/\\\/www.cycles-blain.com\\\/fr\\\/atelier-reparation\\\/cours-de-mecanique-velo-brignais\\\/\"},\"author\":{\"name\":\"Manon\",\"@id\":\"https:\\\/\\\/www.cycles-blain.com\\\/fr\\\/#\\\/schema\\\/person\\\/f82a8c0c551dfc1b1a6ac68605ac9d3f\"},\"headline\":\"Cours de m\u00e9canique v\u00e9lo \u00e0 Brignais\",\"datePublished\":\"2025-11-04T10:23:31+00:00\",\"dateModified\":\"2025-11-04T13:44:20+00:00\",\"mainEntityOfPage\":{\"@id\":\"https:\\\/\\\/www.cycles-blain.com\\\/fr\\\/atelier-reparation\\\/cours-de-mecanique-velo-brignais\\\/\"},\"wordCount\":617,\"commentCount\":0,\"publisher\":{\"@id\":\"https:\\\/\\\/www.cycles-blain.com\\\/fr\\\/#organization\"},\"image\":{\"@id\":\"https:\\\/\\\/www.cycles-blain.com\\\/fr\\\/atelier-reparation\\\/cours-de-mecanique-velo-brignais\\\/#primaryimage\"},\"thumbnailUrl\":\"https:\\\/\\\/www.cycles-blain.com\\\/fr\\\/wp-content\\\/uploads\\\/2025\\\/11\\\/cours-meca-article.jpg\",\"keywords\":[\"atelier\",\"cours mecanique\"],\"articleSection\":[\"Actus Magasins\",\"Atelier\",\"Magasin Brignais\"],\"inLanguage\":\"fr-FR\",\"potentialAction\":[{\"@type\":\"CommentAction\",\"name\":\"Comment\",\"target\":[\"https:\\\/\\\/www.cycles-blain.com\\\/fr\\\/atelier-reparation\\\/cours-de-mecanique-velo-brignais\\\/#respond\"]}]},{\"@type\":\"WebPage\",\"@id\":\"https:\\\/\\\/www.cycles-blain.com\\\/fr\\\/atelier-reparation\\\/cours-de-mecanique-velo-brignais\\\/\",\"url\":\"https:\\\/\\\/www.cycles-blain.com\\\/fr\\\/atelier-reparation\\\/cours-de-mecanique-velo-brignais\\\/\",\"name\":\"Cours de m\u00e9canique v\u00e9lo \u00e0 Brignais - CYCLES BLAIN\",\"isPartOf\":{\"@id\":\"https:\\\/\\\/www.cycles-blain.com\\\/fr\\\/#website\"},\"primaryImageOfPage\":{\"@id\":\"https:\\\/\\\/www.cycles-blain.com\\\/fr\\\/atelier-reparation\\\/cours-de-mecanique-velo-brignais\\\/#primaryimage\"},\"image\":{\"@id\":\"https:\\\/\\\/www.cycles-blain.com\\\/fr\\\/atelier-reparation\\\/cours-de-mecanique-velo-brignais\\\/#primaryimage\"},\"thumbnailUrl\":\"https:\\\/\\\/www.cycles-blain.com\\\/fr\\\/wp-content\\\/uploads\\\/2025\\\/11\\\/cours-meca-article.jpg\",\"datePublished\":\"2025-11-04T10:23:31+00:00\",\"dateModified\":\"2025-11-04T13:44:20+00:00\",\"description\":\"Vous aviez ador\u00e9 le format, il revient ! Les inscriptions aux cours de m\u00e9canique v\u00e9los sont ouvertes et cette ann\u00e9e, il y a des nouveaut\u00e9s !\",\"breadcrumb\":{\"@id\":\"https:\\\/\\\/www.cycles-blain.com\\\/fr\\\/atelier-reparation\\\/cours-de-mecanique-velo-brignais\\\/#breadcrumb\"},\"inLanguage\":\"fr-FR\",\"potentialAction\":[{\"@type\":\"ReadAction\",\"target\":[\"https:\\\/\\\/www.cycles-blain.com\\\/fr\\\/atelier-reparation\\\/cours-de-mecanique-velo-brignais\\\/\"]}]},{\"@type\":\"ImageObject\",\"inLanguage\":\"fr-FR\",\"@id\":\"https:\\\/\\\/www.cycles-blain.com\\\/fr\\\/atelier-reparation\\\/cours-de-mecanique-velo-brignais\\\/#primaryimage\",\"url\":\"https:\\\/\\\/www.cycles-blain.com\\\/fr\\\/wp-content\\\/uploads\\\/2025\\\/11\\\/cours-meca-article.jpg\",\"contentUrl\":\"https:\\\/\\\/www.cycles-blain.com\\\/fr\\\/wp-content\\\/uploads\\\/2025\\\/11\\\/cours-meca-article.jpg\",\"width\":600,\"height\":400},{\"@type\":\"BreadcrumbList\",\"@id\":\"https:\\\/\\\/www.cycles-blain.com\\\/fr\\\/atelier-reparation\\\/cours-de-mecanique-velo-brignais\\\/#breadcrumb\",\"itemListElement\":[{\"@type\":\"ListItem\",\"position\":1,\"name\":\"Accueil\",\"item\":\"https:\\\/\\\/www.cycles-blain.com\\\/fr\\\/\"},{\"@type\":\"ListItem\",\"position\":2,\"name\":\"Cours de m\u00e9canique v\u00e9lo \u00e0 Brignais\"}]},{\"@type\":\"WebSite\",\"@id\":\"https:\\\/\\\/www.cycles-blain.com\\\/fr\\\/#website\",\"url\":\"https:\\\/\\\/www.cycles-blain.com\\\/fr\\\/\",\"name\":\"CyclesBlain - Magasins de v\u00e9los, accessoires et ateliers\",\"description\":\"Blog Cycles Blain\",\"publisher\":{\"@id\":\"https:\\\/\\\/www.cycles-blain.com\\\/fr\\\/#organization\"},\"potentialAction\":[{\"@type\":\"SearchAction\",\"target\":{\"@type\":\"EntryPoint\",\"urlTemplate\":\"https:\\\/\\\/www.cycles-blain.com\\\/fr\\\/?s={search_term_string}\"},\"query-input\":{\"@type\":\"PropertyValueSpecification\",\"valueRequired\":true,\"valueName\":\"search_term_string\"}}],\"inLanguage\":\"fr-FR\"},{\"@type\":\"Organization\",\"@id\":\"https:\\\/\\\/www.cycles-blain.com\\\/fr\\\/#organization\",\"name\":\"CyclesBlain - Magasins de v\u00e9los, accessoires et ateliers\",\"url\":\"https:\\\/\\\/www.cycles-blain.com\\\/fr\\\/\",\"logo\":{\"@type\":\"ImageObject\",\"inLanguage\":\"fr-FR\",\"@id\":\"https:\\\/\\\/www.cycles-blain.com\\\/fr\\\/#\\\/schema\\\/logo\\\/image\\\/\",\"url\":\"https:\\\/\\\/www.cycles-blain.com\\\/fr\\\/wp-content\\\/uploads\\\/2023\\\/10\\\/logo-cycles-blain.jpeg\",\"contentUrl\":\"https:\\\/\\\/www.cycles-blain.com\\\/fr\\\/wp-content\\\/uploads\\\/2023\\\/10\\\/logo-cycles-blain.jpeg\",\"width\":264,\"height\":191,\"caption\":\"CyclesBlain - Magasins de v\u00e9los, accessoires et ateliers\"},\"image\":{\"@id\":\"https:\\\/\\\/www.cycles-blain.com\\\/fr\\\/#\\\/schema\\\/logo\\\/image\\\/\"},\"sameAs\":[\"https:\\\/\\\/www.facebook.com\\\/cyclesblain\\\/?locale=fr_FR\",\"https:\\\/\\\/www.instagram.com\\\/cycles_blain\\\/?hl=fr\"]},{\"@type\":\"Person\",\"@id\":\"https:\\\/\\\/www.cycles-blain.com\\\/fr\\\/#\\\/schema\\\/person\\\/f82a8c0c551dfc1b1a6ac68605ac9d3f\",\"name\":\"Manon\",\"image\":{\"@type\":\"ImageObject\",\"inLanguage\":\"fr-FR\",\"@id\":\"https:\\\/\\\/secure.gravatar.com\\\/avatar\\\/de5471c82d19e75ec403090373707e8b781572e44c2e6135042a1e6a16f3b379?s=96&d=mm&r=g\",\"url\":\"https:\\\/\\\/secure.gravatar.com\\\/avatar\\\/de5471c82d19e75ec403090373707e8b781572e44c2e6135042a1e6a16f3b379?s=96&d=mm&r=g\",\"contentUrl\":\"https:\\\/\\\/secure.gravatar.com\\\/avatar\\\/de5471c82d19e75ec403090373707e8b781572e44c2e6135042a1e6a16f3b379?s=96&d=mm&r=g\",\"caption\":\"Manon\"},\"url\":\"https:\\\/\\\/www.cycles-blain.com\\\/fr\\\/author\\\/manon\\\/\"}]}<\/script>\n<!-- \/ Yoast SEO plugin. -->","yoast_head_json":{"title":"Cours de m\u00e9canique v\u00e9lo \u00e0 Brignais - CYCLES BLAIN","description":"Vous aviez ador\u00e9 le format, il revient ! Les inscriptions aux cours de m\u00e9canique v\u00e9los sont ouvertes et cette ann\u00e9e, il y a des nouveaut\u00e9s !","robots":{"index":"index","follow":"follow","max-snippet":"max-snippet:-1","max-image-preview":"max-image-preview:large","max-video-preview":"max-video-preview:-1"},"canonical":"https:\/\/www.cycles-blain.com\/fr\/atelier-reparation\/cours-de-mecanique-velo-brignais\/","og_locale":"fr_FR","og_type":"article","og_title":"Cours de m\u00e9canique v\u00e9lo \u00e0 Brignais - CYCLES BLAIN","og_description":"Vous aviez ador\u00e9 le format, il revient ! Les inscriptions aux cours de m\u00e9canique v\u00e9los sont ouvertes et cette ann\u00e9e, il y a des nouveaut\u00e9s !","og_url":"https:\/\/www.cycles-blain.com\/fr\/atelier-reparation\/cours-de-mecanique-velo-brignais\/","og_site_name":"CyclesBlain - Magasins de v\u00e9los, accessoires et ateliers","article_publisher":"https:\/\/www.facebook.com\/cyclesblain\/?locale=fr_FR","article_published_time":"2025-11-04T10:23:31+00:00","article_modified_time":"2025-11-04T13:44:20+00:00","og_image":[{"width":600,"height":400,"url":"https:\/\/www.cycles-blain.com\/fr\/wp-content\/uploads\/2025\/11\/cours-meca-article.jpg","type":"image\/jpeg"}],"author":"Manon","twitter_card":"summary_large_image","twitter_misc":{"\u00c9crit par":"Manon","Dur\u00e9e de lecture estim\u00e9e":"4 minutes"},"schema":{"@context":"https:\/\/schema.org","@graph":[{"@type":"Article","@id":"https:\/\/www.cycles-blain.com\/fr\/atelier-reparation\/cours-de-mecanique-velo-brignais\/#article","isPartOf":{"@id":"https:\/\/www.cycles-blain.com\/fr\/atelier-reparation\/cours-de-mecanique-velo-brignais\/"},"author":{"name":"Manon","@id":"https:\/\/www.cycles-blain.com\/fr\/#\/schema\/person\/f82a8c0c551dfc1b1a6ac68605ac9d3f"},"headline":"Cours de m\u00e9canique v\u00e9lo \u00e0 Brignais","datePublished":"2025-11-04T10:23:31+00:00","dateModified":"2025-11-04T13:44:20+00:00","mainEntityOfPage":{"@id":"https:\/\/www.cycles-blain.com\/fr\/atelier-reparation\/cours-de-mecanique-velo-brignais\/"},"wordCount":617,"commentCount":0,"publisher":{"@id":"https:\/\/www.cycles-blain.com\/fr\/#organization"},"image":{"@id":"https:\/\/www.cycles-blain.com\/fr\/atelier-reparation\/cours-de-mecanique-velo-brignais\/#primaryimage"},"thumbnailUrl":"https:\/\/www.cycles-blain.com\/fr\/wp-content\/uploads\/2025\/11\/cours-meca-article.jpg","keywords":["atelier","cours mecanique"],"articleSection":["Actus Magasins","Atelier","Magasin Brignais"],"inLanguage":"fr-FR","potentialAction":[{"@type":"CommentAction","name":"Comment","target":["https:\/\/www.cycles-blain.com\/fr\/atelier-reparation\/cours-de-mecanique-velo-brignais\/#respond"]}]},{"@type":"WebPage","@id":"https:\/\/www.cycles-blain.com\/fr\/atelier-reparation\/cours-de-mecanique-velo-brignais\/","url":"https:\/\/www.cycles-blain.com\/fr\/atelier-reparation\/cours-de-mecanique-velo-brignais\/","name":"Cours de m\u00e9canique v\u00e9lo \u00e0 Brignais - CYCLES BLAIN","isPartOf":{"@id":"https:\/\/www.cycles-blain.com\/fr\/#website"},"primaryImageOfPage":{"@id":"https:\/\/www.cycles-blain.com\/fr\/atelier-reparation\/cours-de-mecanique-velo-brignais\/#primaryimage"},"image":{"@id":"https:\/\/www.cycles-blain.com\/fr\/atelier-reparation\/cours-de-mecanique-velo-brignais\/#primaryimage"},"thumbnailUrl":"https:\/\/www.cycles-blain.com\/fr\/wp-content\/uploads\/2025\/11\/cours-meca-article.jpg","datePublished":"2025-11-04T10:23:31+00:00","dateModified":"2025-11-04T13:44:20+00:00","description":"Vous aviez ador\u00e9 le format, il revient ! Les inscriptions aux cours de m\u00e9canique v\u00e9los sont ouvertes et cette ann\u00e9e, il y a des nouveaut\u00e9s !","breadcrumb":{"@id":"https:\/\/www.cycles-blain.com\/fr\/atelier-reparation\/cours-de-mecanique-velo-brignais\/#breadcrumb"},"inLanguage":"fr-FR","potentialAction":[{"@type":"ReadAction","target":["https:\/\/www.cycles-blain.com\/fr\/atelier-reparation\/cours-de-mecanique-velo-brignais\/"]}]},{"@type":"ImageObject","inLanguage":"fr-FR","@id":"https:\/\/www.cycles-blain.com\/fr\/atelier-reparation\/cours-de-mecanique-velo-brignais\/#primaryimage","url":"https:\/\/www.cycles-blain.com\/fr\/wp-content\/uploads\/2025\/11\/cours-meca-article.jpg","contentUrl":"https:\/\/www.cycles-blain.com\/fr\/wp-content\/uploads\/2025\/11\/cours-meca-article.jpg","width":600,"height":400},{"@type":"BreadcrumbList","@id":"https:\/\/www.cycles-blain.com\/fr\/atelier-reparation\/cours-de-mecanique-velo-brignais\/#breadcrumb","itemListElement":[{"@type":"ListItem","position":1,"name":"Accueil","item":"https:\/\/www.cycles-blain.com\/fr\/"},{"@type":"ListItem","position":2,"name":"Cours de m\u00e9canique v\u00e9lo \u00e0 Brignais"}]},{"@type":"WebSite","@id":"https:\/\/www.cycles-blain.com\/fr\/#website","url":"https:\/\/www.cycles-blain.com\/fr\/","name":"CyclesBlain - Magasins de v\u00e9los, accessoires et ateliers","description":"Blog Cycles Blain","publisher":{"@id":"https:\/\/www.cycles-blain.com\/fr\/#organization"},"potentialAction":[{"@type":"SearchAction","target":{"@type":"EntryPoint","urlTemplate":"https:\/\/www.cycles-blain.com\/fr\/?s={search_term_string}"},"query-input":{"@type":"PropertyValueSpecification","valueRequired":true,"valueName":"search_term_string"}}],"inLanguage":"fr-FR"},{"@type":"Organization","@id":"https:\/\/www.cycles-blain.com\/fr\/#organization","name":"CyclesBlain - Magasins de v\u00e9los, accessoires et ateliers","url":"https:\/\/www.cycles-blain.com\/fr\/","logo":{"@type":"ImageObject","inLanguage":"fr-FR","@id":"https:\/\/www.cycles-blain.com\/fr\/#\/schema\/logo\/image\/","url":"https:\/\/www.cycles-blain.com\/fr\/wp-content\/uploads\/2023\/10\/logo-cycles-blain.jpeg","contentUrl":"https:\/\/www.cycles-blain.com\/fr\/wp-content\/uploads\/2023\/10\/logo-cycles-blain.jpeg","width":264,"height":191,"caption":"CyclesBlain - Magasins de v\u00e9los, accessoires et ateliers"},"image":{"@id":"https:\/\/www.cycles-blain.com\/fr\/#\/schema\/logo\/image\/"},"sameAs":["https:\/\/www.facebook.com\/cyclesblain\/?locale=fr_FR","https:\/\/www.instagram.com\/cycles_blain\/?hl=fr"]},{"@type":"Person","@id":"https:\/\/www.cycles-blain.com\/fr\/#\/schema\/person\/f82a8c0c551dfc1b1a6ac68605ac9d3f","name":"Manon","image":{"@type":"ImageObject","inLanguage":"fr-FR","@id":"https:\/\/secure.gravatar.com\/avatar\/de5471c82d19e75ec403090373707e8b781572e44c2e6135042a1e6a16f3b379?s=96&d=mm&r=g","url":"https:\/\/secure.gravatar.com\/avatar\/de5471c82d19e75ec403090373707e8b781572e44c2e6135042a1e6a16f3b379?s=96&d=mm&r=g","contentUrl":"https:\/\/secure.gravatar.com\/avatar\/de5471c82d19e75ec403090373707e8b781572e44c2e6135042a1e6a16f3b379?s=96&d=mm&r=g","caption":"Manon"},"url":"https:\/\/www.cycles-blain.com\/fr\/author\/manon\/"}]}},"_links":{"self":[{"href":"https:\/\/www.cycles-blain.com\/fr\/wp-json\/wp\/v2\/posts\/18038","targetHints":{"allow":["GET"]}}],"collection":[{"href":"https:\/\/www.cycles-blain.com\/fr\/wp-json\/wp\/v2\/posts"}],"about":[{"href":"https:\/\/www.cycles-blain.com\/fr\/wp-json\/wp\/v2\/types\/post"}],"author":[{"embeddable":true,"href":"https:\/\/www.cycles-blain.com\/fr\/wp-json\/wp\/v2\/users\/5"}],"replies":[{"embeddable":true,"href":"https:\/\/www.cycles-blain.com\/fr\/wp-json\/wp\/v2\/comments?post=18038"}],"version-history":[{"count":35,"href":"https:\/\/www.cycles-blain.com\/fr\/wp-json\/wp\/v2\/posts\/18038\/revisions"}],"predecessor-version":[{"id":18076,"href":"https:\/\/www.cycles-blain.com\/fr\/wp-json\/wp\/v2\/posts\/18038\/revisions\/18076"}],"wp:featuredmedia":[{"embeddable":true,"href":"https:\/\/www.cycles-blain.com\/fr\/wp-json\/wp\/v2\/media\/18040"}],"wp:attachment":[{"href":"https:\/\/www.cycles-blain.com\/fr\/wp-json\/wp\/v2\/media?parent=18038"}],"wp:term":[{"taxonomy":"category","embeddable":true,"href":"https:\/\/www.cycles-blain.com\/fr\/wp-json\/wp\/v2\/categories?post=18038"},{"taxonomy":"post_tag","embeddable":true,"href":"https:\/\/www.cycles-blain.com\/fr\/wp-json\/wp\/v2\/tags?post=18038"}],"curies":[{"name":"wp","href":"https:\/\/api.w.org\/{rel}","templated":true}]}}