{"id":18408,"date":"2025-11-25T11:34:09","date_gmt":"2025-11-25T10:34:09","guid":{"rendered":"https:\/\/www.cycles-blain.com\/fr\/?p=18408"},"modified":"2025-11-27T11:17:38","modified_gmt":"2025-11-27T10:17:38","slug":"velos-enfants-cadeaux-noel-2025","status":"publish","type":"post","link":"https:\/\/www.cycles-blain.com\/fr\/velo\/velo-enfant\/velos-enfants-cadeaux-noel-2025\/","title":{"rendered":"No\u00ebl approche : d\u00e9couvrez nos v\u00e9los enfants 1-12 ans"},"content":{"rendered":"\t\t<div data-elementor-type=\"wp-post\" data-elementor-id=\"18408\" class=\"elementor elementor-18408\" data-elementor-post-type=\"post\">\n\t\t\t\t<div class=\"elementor-element elementor-element-cf55b8a e-flex e-con-boxed e-con e-parent\" data-id=\"cf55b8a\" data-element_type=\"container\" data-e-type=\"container\">\n\t\t\t\t\t<div class=\"e-con-inner\">\n\t\t\t\t<div class=\"elementor-element elementor-element-6e07ab9 elementor-widget elementor-widget-text-editor\" data-id=\"6e07ab9\" data-element_type=\"widget\" data-e-type=\"widget\" data-widget_type=\"text-editor.default\">\n\t\t\t\t<div class=\"elementor-widget-container\">\n\t\t\t\t\t\t\t\t\t<p>Et si cette ann\u00e9e, le P\u00e8re No\u00ebl glissait un v\u00e9lo sous le sapin ?\ud83c\udf84 Nos <strong data-start=\"932\" data-end=\"949\">v\u00e9los enfants<\/strong>&nbsp;de 1 \u00e0 12 ans sont con\u00e7us pour transformer chaque sortie en aventure magique, de la premi\u00e8re draisienne aux mod\u00e8les 24 pouces pour les plus grands. No\u00ebl devient encore plus joyeux sur deux roues !\u2728<\/p>\t\t\t\t\t\t\t\t<\/div>\n\t\t\t\t<\/div>\n\t\t\t\t\t<\/div>\n\t\t\t\t<\/div>\n\t\t<div class=\"elementor-element elementor-element-8848939 e-flex e-con-boxed e-con e-parent\" data-id=\"8848939\" data-element_type=\"container\" data-e-type=\"container\">\n\t\t\t\t\t<div class=\"e-con-inner\">\n\t\t\t\t<div class=\"elementor-element elementor-element-b981668 elementor-skin-carousel elementor-arrows-yes elementor-pagination-type-bullets elementor-pagination-position-outside elementor-widget elementor-widget-media-carousel\" data-id=\"b981668\" data-element_type=\"widget\" data-e-type=\"widget\" data-settings=\"{&quot;slides_per_view&quot;:&quot;3&quot;,&quot;skin&quot;:&quot;carousel&quot;,&quot;effect&quot;:&quot;slide&quot;,&quot;show_arrows&quot;:&quot;yes&quot;,&quot;pagination&quot;:&quot;bullets&quot;,&quot;speed&quot;:500,&quot;autoplay&quot;:&quot;yes&quot;,&quot;autoplay_speed&quot;:5000,&quot;loop&quot;:&quot;yes&quot;,&quot;pause_on_hover&quot;:&quot;yes&quot;,&quot;pause_on_interaction&quot;:&quot;yes&quot;,&quot;space_between&quot;:{&quot;unit&quot;:&quot;px&quot;,&quot;size&quot;:10,&quot;sizes&quot;:[]},&quot;space_between_tablet&quot;:{&quot;unit&quot;:&quot;px&quot;,&quot;size&quot;:10,&quot;sizes&quot;:[]},&quot;space_between_mobile&quot;:{&quot;unit&quot;:&quot;px&quot;,&quot;size&quot;:10,&quot;sizes&quot;:[]}}\" data-widget_type=\"media-carousel.default\">\n\t\t\t\t<div class=\"elementor-widget-container\">\n\t\t\t\t\t\t\t\t\t<div class=\"elementor-swiper\">\n\t\t\t\t\t<div class=\"elementor-main-swiper swiper\" role=\"region\" aria-roledescription=\"carousel\" aria-label=\"Diapositives\">\n\t\t\t\t<div class=\"swiper-wrapper\">\n\t\t\t\t\t\t\t\t\t\t\t<div class=\"swiper-slide\" role=\"group\" aria-roledescription=\"slide\">\n\t\t\t\t\t\t\t<a href=\"https:\/\/www.cycles-blain.com\/draisienne\/1891-4001-draisienne-mx-12-orbea.html\" target=\"_blank\">\t\t<div class=\"elementor-carousel-image\" role=\"img\" aria-label=\"Draisienne\" style=\"background-image: url(&#039;https:\/\/www.cycles-blain.com\/fr\/wp-content\/uploads\/2025\/11\/Capture-decran-2025-11-26-092504.png&#039;)\">\n\n\t\t\t\n\t\t\t\t\t<\/div>\n\t\t<\/a>\t\t\t\t\t\t<\/div>\n\t\t\t\t\t\t\t\t\t\t\t<div class=\"swiper-slide\" role=\"group\" aria-roledescription=\"slide\">\n\t\t\t\t\t\t\t<a href=\"https:\/\/www.cycles-blain.com\/velo-enfants\/61-3816-mx-16-moondust-blue-digital-lavender-orbea.html\" target=\"_blank\">\t\t<div class=\"elementor-carousel-image\" role=\"img\" aria-label=\"V\u00e9lo enfant 16 pouces\" style=\"background-image: url(&#039;https:\/\/www.cycles-blain.com\/fr\/wp-content\/uploads\/2025\/11\/Capture-decran-2025-11-26-092449.png&#039;)\">\n\n\t\t\t\n\t\t\t\t\t<\/div>\n\t\t<\/a>\t\t\t\t\t\t<\/div>\n\t\t\t\t\t\t\t\t\t\t\t<div class=\"swiper-slide\" role=\"group\" aria-roledescription=\"slide\">\n\t\t\t\t\t\t\t<a href=\"https:\/\/www.cycles-blain.com\/velo-enfants\/719-1209-mx-20-xc-orbea-enfant-20-pouces-8434446327087.html\" target=\"_blank\">\t\t<div class=\"elementor-carousel-image\" role=\"img\" aria-label=\"V\u00e9lo Enfant 20 Pouces\" style=\"background-image: url(&#039;https:\/\/www.cycles-blain.com\/fr\/wp-content\/uploads\/2025\/11\/Capture-decran-2025-11-26-091535.png&#039;)\">\n\n\t\t\t\n\t\t\t\t\t<\/div>\n\t\t<\/a>\t\t\t\t\t\t<\/div>\n\t\t\t\t\t\t\t\t\t\t\t<div class=\"swiper-slide\" role=\"group\" aria-roledescription=\"slide\">\n\t\t\t\t\t\t\t<a href=\"https:\/\/www.cycles-blain.com\/velo-enfants\/1005-2361-mx-24-xc-orbea-enfant-24-pouces.html\" target=\"_blank\">\t\t<div class=\"elementor-carousel-image\" role=\"img\" aria-label=\"V\u00e9lo Enfant 24 pouces\" style=\"background-image: url(&#039;https:\/\/www.cycles-blain.com\/fr\/wp-content\/uploads\/2025\/11\/Capture-decran-2025-11-26-091519.png&#039;)\">\n\n\t\t\t\n\t\t\t\t\t<\/div>\n\t\t<\/a>\t\t\t\t\t\t<\/div>\n\t\t\t\t\t\t\t\t\t<\/div>\n\t\t\t\t\t\t\t\t\t\t\t\t\t\t\t<div class=\"elementor-swiper-button elementor-swiper-button-prev\" role=\"button\" tabindex=\"0\" aria-label=\"Pr\u00e9c\u00e9dent\">\n\t\t\t\t\t\t\t<i aria-hidden=\"true\" class=\"eicon-chevron-left\"><\/i>\t\t\t\t\t\t<\/div>\n\t\t\t\t\t\t<div class=\"elementor-swiper-button elementor-swiper-button-next\" role=\"button\" tabindex=\"0\" aria-label=\"Suivant\">\n\t\t\t\t\t\t\t<i aria-hidden=\"true\" class=\"eicon-chevron-right\"><\/i>\t\t\t\t\t\t<\/div>\n\t\t\t\t\t\t\t\t\t\t\t\t\t\t\t\t<div class=\"swiper-pagination\"><\/div>\n\t\t\t\t\t\t\t\t\t\t\t\t<\/div>\n\t\t\t\t<\/div>\n\t\t\t\t\t\t\t\t<\/div>\n\t\t\t\t<\/div>\n\t\t\t\t<div class=\"elementor-element elementor-element-8691607 elementor-widget elementor-widget-heading\" data-id=\"8691607\" data-element_type=\"widget\" data-e-type=\"widget\" data-widget_type=\"heading.default\">\n\t\t\t\t<div class=\"elementor-widget-container\">\n\t\t\t\t\t<h3 class=\"elementor-heading-title elementor-size-default\">Les draisiennes : d\u00e8s 18 mois ou 80 cm env.<\/h3>\t\t\t\t<\/div>\n\t\t\t\t<\/div>\n\t\t\t\t<div class=\"elementor-element elementor-element-abc32e9 elementor-widget elementor-widget-text-editor\" data-id=\"abc32e9\" data-element_type=\"widget\" data-e-type=\"widget\" data-widget_type=\"text-editor.default\">\n\t\t\t\t<div class=\"elementor-widget-container\">\n\t\t\t\t\t\t\t\t\t<p>Avant de p\u00e9daler comme un grand, chaque <strong data-start=\"1884\" data-end=\"1899\">jeune rider<\/strong> commence par une <strong data-start=\"1917\" data-end=\"1931\">draisienne<\/strong> ! Id\u00e9ale pour les cyclistes d\u00e8s 18 mois et environ 80 cm \u00e0 1m de taille, ce petit v\u00e9lo sans p\u00e9dales leur permet de trouver l\u2019\u00e9quilibre, de gagner en confiance et surtout\u2026 de s\u2019\u00e9clater dehors. C\u2019est le compagnon id\u00e9al pour leurs premi\u00e8res aventures, que ce soit dans le jardin, au parc ou en promenade avec les parents.\ud83d\ude0e<\/p><p>Dans cette gamme, vous retrouverez plusieurs marques, une vari\u00e9t\u00e9 de coloris et des prix adapt\u00e9s \u00e0 tous, de quoi permettre \u00e0 chacun de trouver son bonheur.\ud83d\ude0d<\/p><p>Vous trouverez des draisiennes de marques :<\/p><ul><li><a href=\"https:\/\/www.cycles-blain.com\/draisienne\/310-12-u-kids-trail-balance-nit-os-cannondale-884603927878.html\" target=\"_blank\" rel=\"noopener\">Cannondale<\/a><\/li><li><a href=\"https:\/\/www.cycles-blain.com\/draisienne\/47-my22-giant-pre-push-bike-pale-mave-giant-4713250020556.html\">Giant<\/a><\/li><li><a href=\"https:\/\/www.cycles-blain.com\/draisienne\/1073-1345-mercredi-12-moustache.html#\/10-couleur-rouge\" target=\"_blank\" rel=\"noopener\">Moustache<\/a><\/li><li><a href=\"https:\/\/www.cycles-blain.com\/draisienne\/1891-4001-draisienne-mx-12-orbea.html#\/14-couleur-bleu\">Orbea<\/a><\/li><li><a href=\"https:\/\/www.cycles-blain.com\/draisienne\/1946-4240-numove-120-2026-draisienne-12-pouces-enfant-cube.html#\/14-couleur-bleu\">Cube<\/a><\/li><\/ul><p>Et parce qu\u2019on adore vous g\u00e2ter, la <a href=\"https:\/\/www.cycles-blain.com\/draisienne\/1891-4001-draisienne-mx-12-orbea.html#\/14-couleur-bleu\" target=\"_blank\" rel=\"noopener\">draisienne Orbea MX 12<\/a> est actuellement \u00e0 \u201325 % ! Une belle occasion \u00e0 saisir d\u00e8s le\u00a0<a href=\"https:\/\/www.cycles-blain.com\/fr\/promotions-velo\/black-friday-magasins-cycles-blain-2025\/\" target=\"_blank\" rel=\"noopener\">Black Friday 2025<\/a>\u00a0!<\/p>\t\t\t\t\t\t\t\t<\/div>\n\t\t\t\t<\/div>\n\t\t<div class=\"elementor-element elementor-element-d824f71 e-con-full e-flex e-con e-child\" data-id=\"d824f71\" data-element_type=\"container\" data-e-type=\"container\">\n\t\t<div class=\"elementor-element elementor-element-5f042f5 e-grid e-con-full e-con e-child\" data-id=\"5f042f5\" data-element_type=\"container\" data-e-type=\"container\">\n\t\t\t\t<div class=\"elementor-element elementor-element-014d503 elementor-align-center elementor-widget elementor-widget-button\" data-id=\"014d503\" data-element_type=\"widget\" data-e-type=\"widget\" data-widget_type=\"button.default\">\n\t\t\t\t<div class=\"elementor-widget-container\">\n\t\t\t\t\t\t\t\t\t<div class=\"elementor-button-wrapper\">\n\t\t\t\t\t<a class=\"elementor-button elementor-button-link elementor-size-sm\" href=\"https:\/\/www.cycles-blain.com\/54-draisienne\" target=\"_blank\">\n\t\t\t\t\t\t<span class=\"elementor-button-content-wrapper\">\n\t\t\t\t\t\t\t\t\t<span class=\"elementor-button-text\">Je d\u00e9couvre les draisiennes<\/span>\n\t\t\t\t\t<\/span>\n\t\t\t\t\t<\/a>\n\t\t\t\t<\/div>\n\t\t\t\t\t\t\t\t<\/div>\n\t\t\t\t<\/div>\n\t\t\t\t<div class=\"elementor-element elementor-element-eb5f878 elementor-skin-carousel elementor-arrows-yes elementor-pagination-type-bullets elementor-pagination-position-outside elementor-widget elementor-widget-media-carousel\" data-id=\"eb5f878\" data-element_type=\"widget\" data-e-type=\"widget\" data-settings=\"{&quot;slides_per_view&quot;:&quot;1&quot;,&quot;skin&quot;:&quot;carousel&quot;,&quot;effect&quot;:&quot;slide&quot;,&quot;show_arrows&quot;:&quot;yes&quot;,&quot;pagination&quot;:&quot;bullets&quot;,&quot;speed&quot;:500,&quot;autoplay&quot;:&quot;yes&quot;,&quot;autoplay_speed&quot;:5000,&quot;loop&quot;:&quot;yes&quot;,&quot;pause_on_hover&quot;:&quot;yes&quot;,&quot;pause_on_interaction&quot;:&quot;yes&quot;,&quot;space_between&quot;:{&quot;unit&quot;:&quot;px&quot;,&quot;size&quot;:10,&quot;sizes&quot;:[]},&quot;space_between_tablet&quot;:{&quot;unit&quot;:&quot;px&quot;,&quot;size&quot;:10,&quot;sizes&quot;:[]},&quot;space_between_mobile&quot;:{&quot;unit&quot;:&quot;px&quot;,&quot;size&quot;:10,&quot;sizes&quot;:[]}}\" data-widget_type=\"media-carousel.default\">\n\t\t\t\t<div class=\"elementor-widget-container\">\n\t\t\t\t\t\t\t\t\t<div class=\"elementor-swiper\">\n\t\t\t\t\t<div class=\"elementor-main-swiper swiper\" role=\"region\" aria-roledescription=\"carousel\" aria-label=\"Diapositives\">\n\t\t\t\t<div class=\"swiper-wrapper\">\n\t\t\t\t\t\t\t\t\t\t\t<div class=\"swiper-slide\" role=\"group\" aria-roledescription=\"slide\">\n\t\t\t\t\t\t\t<a href=\"https:\/\/www.cycles-blain.com\/draisienne\/310-12-u-kids-trail-balance-nit-os-cannondale-884603927878.html\" target=\"_blank\">\t\t<div class=\"elementor-carousel-image\" role=\"img\" aria-label=\"12-u-kids-trail-balance-nit-os-cannondale\" style=\"background-image: url(&#039;https:\/\/www.cycles-blain.com\/fr\/wp-content\/uploads\/2025\/11\/12-u-kids-trail-balance-nit-os-cannondale.jpg&#039;)\">\n\n\t\t\t\n\t\t\t\t\t<\/div>\n\t\t<\/a>\t\t\t\t\t\t<\/div>\n\t\t\t\t\t\t\t\t\t\t\t<div class=\"swiper-slide\" role=\"group\" aria-roledescription=\"slide\">\n\t\t\t\t\t\t\t<a href=\"https:\/\/www.cycles-blain.com\/draisienne\/1891-4001-draisienne-mx-12-orbea.html#\/14-couleur-bleu\" target=\"_blank\">\t\t<div class=\"elementor-carousel-image\" role=\"img\" aria-label=\"draisienne-mx-12-orbea\" style=\"background-image: url(&#039;https:\/\/www.cycles-blain.com\/fr\/wp-content\/uploads\/2025\/11\/draisienne-mx-12-orbea.jpg&#039;)\">\n\n\t\t\t\n\t\t\t\t\t<\/div>\n\t\t<\/a>\t\t\t\t\t\t<\/div>\n\t\t\t\t\t\t\t\t\t\t\t<div class=\"swiper-slide\" role=\"group\" aria-roledescription=\"slide\">\n\t\t\t\t\t\t\t<a href=\"https:\/\/www.cycles-blain.com\/draisienne\/1073-1346-mercredi-12-moustache.html#\/5-couleur-gris\" target=\"_blank\">\t\t<div class=\"elementor-carousel-image\" role=\"img\" aria-label=\"mercredi-12-moustache\" style=\"background-image: url(&#039;https:\/\/www.cycles-blain.com\/fr\/wp-content\/uploads\/2025\/11\/mercredi-12-moustache.jpg&#039;)\">\n\n\t\t\t\n\t\t\t\t\t<\/div>\n\t\t<\/a>\t\t\t\t\t\t<\/div>\n\t\t\t\t\t\t\t\t\t\t\t<div class=\"swiper-slide\" role=\"group\" aria-roledescription=\"slide\">\n\t\t\t\t\t\t\t<a href=\"https:\/\/www.cycles-blain.com\/draisienne\/47-my22-giant-pre-push-bike-pale-mave-giant-4713250020556.html\">\t\t<div class=\"elementor-carousel-image\" role=\"img\" aria-label=\"my22-giant-pre-push-bike-pale-mave-giant\" style=\"background-image: url(&#039;https:\/\/www.cycles-blain.com\/fr\/wp-content\/uploads\/2025\/11\/my22-giant-pre-push-bike-pale-mave-giant.jpg&#039;)\">\n\n\t\t\t\n\t\t\t\t\t<\/div>\n\t\t<\/a>\t\t\t\t\t\t<\/div>\n\t\t\t\t\t\t\t\t\t\t\t<div class=\"swiper-slide\" role=\"group\" aria-roledescription=\"slide\">\n\t\t\t\t\t\t\t<a href=\"https:\/\/www.cycles-blain.com\/draisienne\/1946-4249-numove-120-2026-draisienne-12-pouces-enfant-cube.html#\/15-couleur-vert\" target=\"_blank\">\t\t<div class=\"elementor-carousel-image\" role=\"img\" aria-label=\"numove-120-2026-draisienne-12-pouces-enfant-cube\" style=\"background-image: url(&#039;https:\/\/www.cycles-blain.com\/fr\/wp-content\/uploads\/2025\/11\/numove-120-2026-draisienne-12-pouces-enfant-cube.jpg&#039;)\">\n\n\t\t\t\n\t\t\t\t\t<\/div>\n\t\t<\/a>\t\t\t\t\t\t<\/div>\n\t\t\t\t\t\t\t\t\t<\/div>\n\t\t\t\t\t\t\t\t\t\t\t\t\t\t\t<div class=\"elementor-swiper-button elementor-swiper-button-prev\" role=\"button\" tabindex=\"0\" aria-label=\"Pr\u00e9c\u00e9dent\">\n\t\t\t\t\t\t\t<i aria-hidden=\"true\" class=\"eicon-chevron-left\"><\/i>\t\t\t\t\t\t<\/div>\n\t\t\t\t\t\t<div class=\"elementor-swiper-button elementor-swiper-button-next\" role=\"button\" tabindex=\"0\" aria-label=\"Suivant\">\n\t\t\t\t\t\t\t<i aria-hidden=\"true\" class=\"eicon-chevron-right\"><\/i>\t\t\t\t\t\t<\/div>\n\t\t\t\t\t\t\t\t\t\t\t\t\t\t\t\t<div class=\"swiper-pagination\"><\/div>\n\t\t\t\t\t\t\t\t\t\t\t\t<\/div>\n\t\t\t\t<\/div>\n\t\t\t\t\t\t\t\t<\/div>\n\t\t\t\t<\/div>\n\t\t\t\t<\/div>\n\t\t\t\t<\/div>\n\t\t\t\t\t<\/div>\n\t\t\t\t<\/div>\n\t\t<div class=\"elementor-element elementor-element-2a16b0d e-flex e-con-boxed e-con e-parent\" data-id=\"2a16b0d\" data-element_type=\"container\" data-e-type=\"container\">\n\t\t\t\t\t<div class=\"e-con-inner\">\n\t\t\t\t<div class=\"elementor-element elementor-element-7fc42cf elementor-widget elementor-widget-heading\" data-id=\"7fc42cf\" data-element_type=\"widget\" data-e-type=\"widget\" data-widget_type=\"heading.default\">\n\t\t\t\t<div class=\"elementor-widget-container\">\n\t\t\t\t\t<h3 class=\"elementor-heading-title elementor-size-default\">Les v\u00e9los enfants 16 pouces : 4 \u00e0 6 ans env.<\/h3>\t\t\t\t<\/div>\n\t\t\t\t<\/div>\n\t\t\t\t\t<\/div>\n\t\t\t\t<\/div>\n\t\t<div class=\"elementor-element elementor-element-d134258 e-flex e-con-boxed e-con e-parent\" data-id=\"d134258\" data-element_type=\"container\" data-e-type=\"container\">\n\t\t\t\t\t<div class=\"e-con-inner\">\n\t\t\t\t<div class=\"elementor-element elementor-element-a076c4b elementor-widget elementor-widget-text-editor\" data-id=\"a076c4b\" data-element_type=\"widget\" data-e-type=\"widget\" data-widget_type=\"text-editor.default\">\n\t\t\t\t<div class=\"elementor-widget-container\">\n\t\t\t\t\t\t\t\t\t<p>Les v\u00e9los 16 pouces sont con\u00e7us pour accompagner les enfants \u00e0 partir de 4 ans. C\u2019est le d\u00e9but des vraies aventures !\u26f0\ufe0f&nbsp;<\/p>\n<p>\u00c0 cet \u00e2ge, votre jeune rider veut explorer, rouler plus vite et gagner en assurance. Vous retrouverez des mod\u00e8les robustes, l\u00e9gers et faciles \u00e0 prendre en main, ainsi que des \u00e9quipements pens\u00e9s pour la s\u00e9curit\u00e9 des petits cyclistes. Tout est pr\u00e9vu pour que chaque sortie devienne un moment de plaisir.\ud83d\ude01<\/p>\n<p><b>En promotion, d\u00e8s le&nbsp;<\/b><a href=\"https:\/\/www.cycles-blain.com\/135-black-friday?q=Genre-Enfant\" target=\"_blank\">Black Friday 2025<\/a><b>&nbsp;:&nbsp;<\/b><\/p>\n<ul>\n<li><span style=\"font-style: inherit; font-weight: inherit;\">Le v\u00e9lo 16 pouces Orbea&nbsp;<\/span><a style=\"font-style: inherit; font-weight: inherit; background-color: #ffffff;\" href=\"https:\/\/www.cycles-blain.com\/velo-enfants\/61-3816-mx-16-moondust-blue-digital-lavender-orbea.html#\/14-couleur-bleu\" target=\"_blank\" rel=\"noopener\">MX 16<\/a><span style=\"font-style: inherit; font-weight: inherit;\">&nbsp;: un vrai mini\u2011VTT plus r\u00e9actif, plus vif, et pr\u00eat \u00e0 affronter les petites pistes et les chemins. C\u2019est un v\u00e9lo avec lequel il peut vraiment \u201crouler comme un grand\u201d, tout en gardant un maximum de s\u00e9curit\u00e9 et de plaisir. Et pour couronner le tout, ce v\u00e9lo b\u00e9n\u00e9ficie actuellement d\u2019une remise : profitez-en vite !\u26a1\ufe0f<\/span><\/li>\n<\/ul>\t\t\t\t\t\t\t\t<\/div>\n\t\t\t\t<\/div>\n\t\t\t\t<div class=\"elementor-element elementor-element-2c8e874 elementor-align-center elementor-widget elementor-widget-button\" data-id=\"2c8e874\" data-element_type=\"widget\" data-e-type=\"widget\" data-widget_type=\"button.default\">\n\t\t\t\t<div class=\"elementor-widget-container\">\n\t\t\t\t\t\t\t\t\t<div class=\"elementor-button-wrapper\">\n\t\t\t\t\t<a class=\"elementor-button elementor-button-link elementor-size-sm\" href=\"https:\/\/www.cycles-blain.com\/51-velo-enfant-16-pouces\" target=\"_blank\">\n\t\t\t\t\t\t<span class=\"elementor-button-content-wrapper\">\n\t\t\t\t\t\t\t\t\t<span class=\"elementor-button-text\">Je d\u00e9couvre les v\u00e9los 16 pouces<\/span>\n\t\t\t\t\t<\/span>\n\t\t\t\t\t<\/a>\n\t\t\t\t<\/div>\n\t\t\t\t\t\t\t\t<\/div>\n\t\t\t\t<\/div>\n\t\t\t\t\t<\/div>\n\t\t\t\t<\/div>\n\t\t<div class=\"elementor-element elementor-element-568b257 e-flex e-con-boxed e-con e-parent\" data-id=\"568b257\" data-element_type=\"container\" data-e-type=\"container\">\n\t\t\t\t\t<div class=\"e-con-inner\">\n\t\t\t\t<div class=\"elementor-element elementor-element-a380fb8 elementor-widget elementor-widget-heading\" data-id=\"a380fb8\" data-element_type=\"widget\" data-e-type=\"widget\" data-widget_type=\"heading.default\">\n\t\t\t\t<div class=\"elementor-widget-container\">\n\t\t\t\t\t<h3 class=\"elementor-heading-title elementor-size-default\">Les v\u00e9los enfants 20 pouces : 6 \u00e0 9 ans env.<\/h3>\t\t\t\t<\/div>\n\t\t\t\t<\/div>\n\t\t\t\t\t<\/div>\n\t\t\t\t<\/div>\n\t\t<div class=\"elementor-element elementor-element-614c00f e-flex e-con-boxed e-con e-parent\" data-id=\"614c00f\" data-element_type=\"container\" data-e-type=\"container\">\n\t\t\t\t\t<div class=\"e-con-inner\">\n\t\t\t\t<div class=\"elementor-element elementor-element-25b5b64 elementor-widget elementor-widget-text-editor\" data-id=\"25b5b64\" data-element_type=\"widget\" data-e-type=\"widget\" data-widget_type=\"text-editor.default\">\n\t\t\t\t<div class=\"elementor-widget-container\">\n\t\t\t\t\t\t\t\t\t<p>Avec un v\u00e9lo <strong data-start=\"631\" data-end=\"644\">20 pouces<\/strong>, votre jeune rider passe au niveau sup\u00e9rieur ! Chez Cycles\u202fBlain, vous trouverez plusieurs mod\u00e8les et marques, adapt\u00e9s \u00e0 tous les budgets, pour r\u00e9pondre \u00e0 tous les go\u00fbts et besoins. Ces v\u00e9los offrent une bonne maniabilit\u00e9, des freins adapt\u00e9s aux petites mains et un cadre s\u00fbr, pour explorer de nouveaux parcours en toute confiance.<\/p><p><b>En promotion d\u00e8s le Black Friday 2025 :\u00a0<\/b><\/p><ul style=\"font-size: 14px; font-style: normal; font-weight: 500;\"><li style=\"font-size: 14px;\">Le v\u00e9lo enfant 20 pouces\u00a0<a style=\"color: #0079c2; transition-property: all; outline: 0px;\" href=\"https:\/\/www.cycles-blain.com\/velo-enfants\/719-1209-mx-20-xc-orbea-enfant-20-pouces-8434446327087.html#\/13-couleur-orange\" target=\"_blank\" rel=\"noopener\">MX 20 XC &#8211; Orbea :<\/a>\u00a0VTT consid\u00e9r\u00e9 comme les plus l\u00e9gers du march\u00e9. Con\u00e7us pour les enfants, avec des freins, selles et p\u00e9dales adapt\u00e9s. Ils sont disponibles en\u00a0<span style=\"font-weight: bold;\" data-start=\"191\" data-end=\"204\">3 coloris<\/span>, et en ce moment, profitez d\u2019une\u00a0<span style=\"font-weight: bold;\" data-start=\"493\" data-end=\"515\">promotion de -90\u202f\u20ac<\/span>\u00a0: une super occasion \u00e0 ne pas laisser passer !<\/li><\/ul><p>Dans cette gamme on retrouve aussi :<\/p><ul><li>Le <a href=\"https:\/\/www.cycles-blain.com\/velo-enfants\/1878-riprock-20-2026-specialized-enfant-20-pouces-196625211973.html\" target=\"_blank\" rel=\"noopener\">RIPROCK 20 &#8211; 2026 &#8211; Specialized<\/a>\u00a0: accompagne les mini riders d\u00e8s les premiers tours de roues avec s\u00e9curit\u00e9 et confort. Selle adapt\u00e9e, manivelles et Q-Facteur pens\u00e9s pour les enfants : tout est fait pour explorer, s\u2019amuser et prendre confiance.<\/li><li>\u00a0Le <a href=\"https:\/\/www.cycles-blain.com\/velo-enfants\/1905-roxter-20-pouces-2026-scott-vtt-enfant-a-disques-4252073774222.html\" target=\"_blank\" rel=\"noopener\">Roxter 20 Pouces &#8211; 2026 &#8211; Scott<\/a>\u00a0: allie fun et confiance. Cadre solide et \u00a0sa g\u00e9om\u00e9trie adapt\u00e9e aux enfants facilitent la prise en main, que ce soit sur les trails, les petits rochers ou en encha\u00eenant quelques sauts.<\/li><li><span style=\"font-style: inherit; font-weight: inherit;\">Le <\/span><a style=\"font-style: inherit; font-weight: inherit; background-color: #ffffff;\" href=\"https:\/\/www.cycles-blain.com\/velo-enfant-20-pouces\/1825-talon-20-vtt-enfant-2026-giant-4711291213142.html\" target=\"_blank\" rel=\"noopener\">Talon 20 &#8211; VTT Enfant 2026 &#8211; Giant<\/a><span style=\"font-style: inherit; font-weight: inherit;\"> : Ce vtt enfants permet aux jeunes cyclistes de profiter de leur v\u00e9lo. La conception du cadre et les composants donneront confiance<\/span><\/li><\/ul>\t\t\t\t\t\t\t\t<\/div>\n\t\t\t\t<\/div>\n\t\t\t\t<div class=\"elementor-element elementor-element-63bdc64 elementor-align-center elementor-widget elementor-widget-button\" data-id=\"63bdc64\" data-element_type=\"widget\" data-e-type=\"widget\" data-widget_type=\"button.default\">\n\t\t\t\t<div class=\"elementor-widget-container\">\n\t\t\t\t\t\t\t\t\t<div class=\"elementor-button-wrapper\">\n\t\t\t\t\t<a class=\"elementor-button elementor-button-link elementor-size-sm\" href=\"https:\/\/www.cycles-blain.com\/52-velo-enfant-20-pouces\" target=\"_blank\">\n\t\t\t\t\t\t<span class=\"elementor-button-content-wrapper\">\n\t\t\t\t\t\t\t\t\t<span class=\"elementor-button-text\">je d\u00e9couvre les v\u00e9los 20 pouces<\/span>\n\t\t\t\t\t<\/span>\n\t\t\t\t\t<\/a>\n\t\t\t\t<\/div>\n\t\t\t\t\t\t\t\t<\/div>\n\t\t\t\t<\/div>\n\t\t\t\t\t<\/div>\n\t\t\t\t<\/div>\n\t\t<div class=\"elementor-element elementor-element-f5ea4e1 e-flex e-con-boxed e-con e-parent\" data-id=\"f5ea4e1\" data-element_type=\"container\" data-e-type=\"container\">\n\t\t\t\t\t<div class=\"e-con-inner\">\n\t\t\t\t<div class=\"elementor-element elementor-element-e7a4263 elementor-widget elementor-widget-heading\" data-id=\"e7a4263\" data-element_type=\"widget\" data-e-type=\"widget\" data-widget_type=\"heading.default\">\n\t\t\t\t<div class=\"elementor-widget-container\">\n\t\t\t\t\t<h3 class=\"elementor-heading-title elementor-size-default\">Les v\u00e9los enfants 24 pouces : 9 \u00e0 12 ans env.<\/h3>\t\t\t\t<\/div>\n\t\t\t\t<\/div>\n\t\t\t\t\t<\/div>\n\t\t\t\t<\/div>\n\t\t<div class=\"elementor-element elementor-element-4123097 e-flex e-con-boxed e-con e-parent\" data-id=\"4123097\" data-element_type=\"container\" data-e-type=\"container\">\n\t\t\t\t\t<div class=\"e-con-inner\">\n\t\t\t\t<div class=\"elementor-element elementor-element-451d11a elementor-widget elementor-widget-text-editor\" data-id=\"451d11a\" data-element_type=\"widget\" data-e-type=\"widget\" data-widget_type=\"text-editor.default\">\n\t\t\t\t<div class=\"elementor-widget-container\">\n\t\t\t\t\t\t\t\t\t<p>Pour finir en beaut\u00e9, les <strong data-start=\"144\" data-end=\"163\">v\u00e9los 24 pouces<\/strong> sont la derni\u00e8re \u00e9tape avant de passer aux mod\u00e8les adultes.<\/p><p>Vous trouverez une s\u00e9lection vari\u00e9e de mod\u00e8les et de marques, con\u00e7us pour les enfants qui ont d\u00e9j\u00e0 de l\u2019exp\u00e9rience et veulent plus de libert\u00e9, de vitesse et d\u2019aventure. Maniables, solides et confortables, ces v\u00e9los permettent aux jeunes cyclistes de s\u2019amuser sur tous les terrains tout en gagnant en confiance. La derni\u00e8re taille avant les grands parcours\u2026 le choix parfait pour clore leur progression \u00e0 v\u00e9lo !<br \/><br \/><b>En promotion d\u00e8s le Black Friday 2025 :\u00a0<br \/><\/b><\/p><ul style=\"font-size: 14px; font-style: normal; font-weight: 500;\"><li style=\"font-size: 14px;\">2 mod\u00e8les de la marque Orbea: le\u00a0<a style=\"color: #0079c2; transition-property: all;\" href=\"https:\/\/www.cycles-blain.com\/velo-enfants\/1650-2977-mx-24-team-disc-orbea-enfant-24-pouces.html#\/5-couleur-gris\" target=\"_blank\" rel=\"noopener\">MX 24 Team Disc<\/a>\u00a0ainsi que le\u00a0<a style=\"color: #0079c2; transition-property: all;\" href=\"https:\/\/www.cycles-blain.com\/velo-enfants\/1005-2361-mx-24-xc-orbea-enfant-24-pouces.html#\/14-couleur-bleu\" target=\"_blank\" rel=\"noopener\">MX 24 XC<\/a>.<br \/><p style=\"font-size: 14px;\" data-start=\"54\" data-end=\"392\">Le\u00a0<a style=\"color: #0079c2; transition-property: all;\" href=\"https:\/\/www.cycles-blain.com\/velo-enfants\/1650-2977-mx-24-team-disc-orbea-enfant-24-pouces.html#\/5-couleur-gris\" target=\"_blank\" rel=\"noopener\"><span style=\"font-weight: bold;\" data-start=\"57\" data-end=\"76\">MX 24 Team Disc<\/span><\/a>\u00a0se distingue par ses\u00a0<span style=\"font-weight: bold;\" data-start=\"98\" data-end=\"117\">freins \u00e0 disque<\/span>\u00a0et son groupe plus sportif, id\u00e9al pour les jeunes riders qui veulent explorer les sentiers et gagner en performance. Le\u00a0<a style=\"color: #0079c2; transition-property: all;\" href=\"https:\/\/www.cycles-blain.com\/velo-enfants\/1005-2361-mx-24-xc-orbea-enfant-24-pouces.html#\/14-couleur-bleu\" target=\"_blank\" rel=\"noopener\"><span style=\"font-weight: bold;\" data-start=\"238\" data-end=\"250\">MX 24 XC<\/span><\/a>, lui, mise sur la\u00a0<span style=\"font-weight: bold;\" data-start=\"269\" data-end=\"283\">simplicit\u00e9<\/span>\u00a0avec des freins V\u2011Brake et un cadre l\u00e9ger, parfait pour des sorties plus douces et l\u2019apprentissage du VTT.\u00a0<\/p><p style=\"font-size: 14px;\">Disponible en 3 coloris, le\u00a0<a style=\"color: #0079c2; transition-property: all;\" href=\"https:\/\/www.cycles-blain.com\/velo-enfants\/1005-2361-mx-24-xc-orbea-enfant-24-pouces.html#\/14-couleur-bleu\" target=\"_blank\" rel=\"noopener\">MX 24 XC<\/a>\u00a0profite d\u2019une\u00a0<span style=\"font-weight: bold;\">r\u00e9duction de 94\u202f\u20ac<\/span>\u00a0en ce moment: c\u2019est le moment id\u00e9al pour craquer !<\/p><\/li><\/ul><p><span style=\"font-style: inherit; font-weight: inherit;\">Pour cette derni\u00e8re cat\u00e9gorie, on retrouve aussi :\u00a0<\/span><\/p><ul><li>Le <a href=\"https:\/\/www.cycles-blain.com\/velo-enfants\/1890-3995-riprock-24-2026-specialized-vtt-enfant-24-pouces-196625211942.html#\/124-couleur-violet\" target=\"_blank\" rel=\"noopener\">Riprock 24 &#8211; 2026 &#8211; Specialized<\/a> : Un ensemble l\u00e9ger, complet avec un cadre moderne et une transmission adapt\u00e9e. Le but \u00e9tant de cr\u00e9e le v\u00e9lo parfait pour permettre aux jeunes cyclistes de s&rsquo;attaquer \u00e0 n&rsquo;importe quelles mont\u00e9es.<\/li><li>Le <a href=\"https:\/\/www.cycles-blain.com\/velo-enfants\/1573-2711-vtt-enfant-24-pouces-relic-24-polygon.html#\/9-couleur-blanc_casse\" target=\"_blank\" rel=\"noopener\">Relic 24 &#8211; Polygon<\/a> : L\u00e9ger, maniable et confortable, avec freins \u00e0 disque fiables et transmission simple, tout est pens\u00e9 pour offrir confort, maniabilit\u00e9 et s\u00e9curit\u00e9 sur tous les sentiers.<\/li><\/ul>\t\t\t\t\t\t\t\t<\/div>\n\t\t\t\t<\/div>\n\t\t\t\t<div class=\"elementor-element elementor-element-e1ba756 elementor-align-center elementor-widget elementor-widget-button\" data-id=\"e1ba756\" data-element_type=\"widget\" data-e-type=\"widget\" data-widget_type=\"button.default\">\n\t\t\t\t<div class=\"elementor-widget-container\">\n\t\t\t\t\t\t\t\t\t<div class=\"elementor-button-wrapper\">\n\t\t\t\t\t<a class=\"elementor-button elementor-button-link elementor-size-sm\" href=\"https:\/\/www.cycles-blain.com\/53-velo-enfant-24-pouces\" target=\"_blank\">\n\t\t\t\t\t\t<span class=\"elementor-button-content-wrapper\">\n\t\t\t\t\t\t\t\t\t<span class=\"elementor-button-text\">Je d\u00e9couvre les v\u00e9los 24 pouces<\/span>\n\t\t\t\t\t<\/span>\n\t\t\t\t\t<\/a>\n\t\t\t\t<\/div>\n\t\t\t\t\t\t\t\t<\/div>\n\t\t\t\t<\/div>\n\t\t\t\t<div class=\"elementor-element elementor-element-2ec2b43 elementor-widget elementor-widget-heading\" data-id=\"2ec2b43\" data-element_type=\"widget\" data-e-type=\"widget\" data-widget_type=\"heading.default\">\n\t\t\t\t<div class=\"elementor-widget-container\">\n\t\t\t\t\t<h3 class=\"elementor-heading-title elementor-size-default\">Les \u00e9quipements enfants<\/h3>\t\t\t\t<\/div>\n\t\t\t\t<\/div>\n\t\t\t\t<div class=\"elementor-element elementor-element-0fe6225 elementor-widget elementor-widget-text-editor\" data-id=\"0fe6225\" data-element_type=\"widget\" data-e-type=\"widget\" data-widget_type=\"text-editor.default\">\n\t\t\t\t<div class=\"elementor-widget-container\">\n\t\t\t\t\t\t\t\t\t<p>Et parce que rouler en toute s\u00e9curit\u00e9 est essentiel, n\u2019oubliez pas d\u2019\u00e9quiper votre jeune cycliste pour qu\u2019il prenne encore plus confiance sur son tout nouveau v\u00e9lo !<\/p><p>Tout d&rsquo;abord, pour les plus petits, voici une s\u00e9l\u00e9ction de casques v\u00e9los avec des coloris vari\u00e9s et ludiques.<\/p>\t\t\t\t\t\t\t\t<\/div>\n\t\t\t\t<\/div>\n\t\t\t\t<div class=\"elementor-element elementor-element-d8f6d4f elementor-skin-carousel elementor-arrows-yes elementor-pagination-type-bullets elementor-pagination-position-outside elementor-widget elementor-widget-media-carousel\" data-id=\"d8f6d4f\" data-element_type=\"widget\" data-e-type=\"widget\" data-settings=\"{&quot;skin&quot;:&quot;carousel&quot;,&quot;effect&quot;:&quot;slide&quot;,&quot;show_arrows&quot;:&quot;yes&quot;,&quot;pagination&quot;:&quot;bullets&quot;,&quot;speed&quot;:500,&quot;autoplay&quot;:&quot;yes&quot;,&quot;autoplay_speed&quot;:5000,&quot;loop&quot;:&quot;yes&quot;,&quot;pause_on_hover&quot;:&quot;yes&quot;,&quot;pause_on_interaction&quot;:&quot;yes&quot;,&quot;space_between&quot;:{&quot;unit&quot;:&quot;px&quot;,&quot;size&quot;:10,&quot;sizes&quot;:[]},&quot;space_between_tablet&quot;:{&quot;unit&quot;:&quot;px&quot;,&quot;size&quot;:10,&quot;sizes&quot;:[]},&quot;space_between_mobile&quot;:{&quot;unit&quot;:&quot;px&quot;,&quot;size&quot;:10,&quot;sizes&quot;:[]}}\" data-widget_type=\"media-carousel.default\">\n\t\t\t\t<div class=\"elementor-widget-container\">\n\t\t\t\t\t\t\t\t\t<div class=\"elementor-swiper\">\n\t\t\t\t\t<div class=\"elementor-main-swiper swiper\" role=\"region\" aria-roledescription=\"carousel\" aria-label=\"Diapositives\">\n\t\t\t\t<div class=\"swiper-wrapper\">\n\t\t\t\t\t\t\t\t\t\t\t<div class=\"swiper-slide\" role=\"group\" aria-roledescription=\"slide\">\n\t\t\t\t\t\t\t<a href=\"https:\/\/www.cycles-blain.com\/casque-velo-enfant\/148-289-smiley-30-casque-enfant-4003318672552.html#\/1-taille_cadre-s\/18-couleur-rose\" target=\"_blank\">\t\t<div class=\"elementor-carousel-image\" role=\"img\" aria-label=\"smiley-30-casque-enfant.jpg\" style=\"background-image: url(&#039;https:\/\/www.cycles-blain.com\/fr\/wp-content\/uploads\/2025\/11\/smiley-30-casque-enfant.jpg.png&#039;)\">\n\n\t\t\t\n\t\t\t\t\t<\/div>\n\t\t<\/a>\t\t\t\t\t\t<\/div>\n\t\t\t\t\t\t\t\t\t\t\t<div class=\"swiper-slide\" role=\"group\" aria-roledescription=\"slide\">\n\t\t\t\t\t\t\t<a href=\"https:\/\/www.cycles-blain.com\/casque-velo-enfant\/148-287-smiley-30-casque-enfant-4003318672552.html#\/1-taille_cadre-s\/14-couleur-bleu\" target=\"_blank\">\t\t<div class=\"elementor-carousel-image\" role=\"img\" aria-label=\"smiley-30-casque-enfant\" style=\"background-image: url(&#039;https:\/\/www.cycles-blain.com\/fr\/wp-content\/uploads\/2025\/11\/smiley-30-casque-enfant.jpg&#039;)\">\n\n\t\t\t\n\t\t\t\t\t<\/div>\n\t\t<\/a>\t\t\t\t\t\t<\/div>\n\t\t\t\t\t\t\t\t\t\t\t<div class=\"swiper-slide\" role=\"group\" aria-roledescription=\"slide\">\n\t\t\t\t\t\t\t<a href=\"https:\/\/www.cycles-blain.com\/casque-velo-enfant\/148-288-smiley-30-casque-enfant-4003318672552.html#\/1-taille_cadre-s\/5-couleur-gris\" target=\"_blank\">\t\t<div class=\"elementor-carousel-image\" role=\"img\" aria-label=\"smiley-30-casque-enfant 3\" style=\"background-image: url(&#039;https:\/\/www.cycles-blain.com\/fr\/wp-content\/uploads\/2025\/11\/smiley-30-casque-enfant-3-e1764086651484.jpeg&#039;)\">\n\n\t\t\t\n\t\t\t\t\t<\/div>\n\t\t<\/a>\t\t\t\t\t\t<\/div>\n\t\t\t\t\t\t\t\t\t<\/div>\n\t\t\t\t\t\t\t\t\t\t\t\t\t\t\t<div class=\"elementor-swiper-button elementor-swiper-button-prev\" role=\"button\" tabindex=\"0\" aria-label=\"Pr\u00e9c\u00e9dent\">\n\t\t\t\t\t\t\t<i aria-hidden=\"true\" class=\"eicon-chevron-left\"><\/i>\t\t\t\t\t\t<\/div>\n\t\t\t\t\t\t<div class=\"elementor-swiper-button elementor-swiper-button-next\" role=\"button\" tabindex=\"0\" aria-label=\"Suivant\">\n\t\t\t\t\t\t\t<i aria-hidden=\"true\" class=\"eicon-chevron-right\"><\/i>\t\t\t\t\t\t<\/div>\n\t\t\t\t\t\t\t\t\t\t\t\t\t\t\t\t<div class=\"swiper-pagination\"><\/div>\n\t\t\t\t\t\t\t\t\t\t\t\t<\/div>\n\t\t\t\t<\/div>\n\t\t\t\t\t\t\t\t<\/div>\n\t\t\t\t<\/div>\n\t\t\t\t<div class=\"elementor-element elementor-element-744ba89 elementor-align-center elementor-widget elementor-widget-button\" data-id=\"744ba89\" data-element_type=\"widget\" data-e-type=\"widget\" data-widget_type=\"button.default\">\n\t\t\t\t<div class=\"elementor-widget-container\">\n\t\t\t\t\t\t\t\t\t<div class=\"elementor-button-wrapper\">\n\t\t\t\t\t<a class=\"elementor-button elementor-button-link elementor-size-sm\" href=\"https:\/\/www.cycles-blain.com\/110-casque-velo-enfant\" target=\"_blank\">\n\t\t\t\t\t\t<span class=\"elementor-button-content-wrapper\">\n\t\t\t\t\t\t\t\t\t<span class=\"elementor-button-text\">Je trouve un casque enfant<\/span>\n\t\t\t\t\t<\/span>\n\t\t\t\t\t<\/a>\n\t\t\t\t<\/div>\n\t\t\t\t\t\t\t\t<\/div>\n\t\t\t\t<\/div>\n\t\t\t\t\t<\/div>\n\t\t\t\t<\/div>\n\t\t<div class=\"elementor-element elementor-element-c0330dd e-flex e-con-boxed e-con e-parent\" data-id=\"c0330dd\" data-element_type=\"container\" data-e-type=\"container\">\n\t\t\t\t\t<div class=\"e-con-inner\">\n\t\t\t\t<div class=\"elementor-element elementor-element-0053244 elementor-widget elementor-widget-heading\" data-id=\"0053244\" data-element_type=\"widget\" data-e-type=\"widget\" data-widget_type=\"heading.default\">\n\t\t\t\t<div class=\"elementor-widget-container\">\n\t\t\t\t\t<h2 class=\"elementor-heading-title elementor-size-default\">Guides v\u00e9los enfants<\/h2>\t\t\t\t<\/div>\n\t\t\t\t<\/div>\n\t\t\t\t<div class=\"elementor-element elementor-element-71c7560 elementor-widget elementor-widget-text-editor\" data-id=\"71c7560\" data-element_type=\"widget\" data-e-type=\"widget\" data-widget_type=\"text-editor.default\">\n\t\t\t\t<div class=\"elementor-widget-container\">\n\t\t\t\t\t\t\t\t\t<ul><li>\u00a0<a href=\"https:\/\/www.cycles-blain.com\/content\/49-guide-velos-enfants-1-12ans\" target=\"_blank\" rel=\"noopener\">Guide des tailles v\u00e9los enfants<\/a><\/li><li><a href=\"https:\/\/www.cycles-blain.com\/fr\/velo\/velo-enfant\/choisir-un-velo-enfant-4ans-5ans\/\" target=\"_blank\" rel=\"noopener\">Quel v\u00e9lo enfant choisir pour un enfant de 4 \u00e0 5 ans<\/a><\/li><\/ul>\t\t\t\t\t\t\t\t<\/div>\n\t\t\t\t<\/div>\n\t\t\t\t\t<\/div>\n\t\t\t\t<\/div>\n\t\t<div class=\"elementor-element elementor-element-4a43973 e-flex e-con-boxed e-con e-parent\" data-id=\"4a43973\" data-element_type=\"container\" data-e-type=\"container\">\n\t\t\t\t\t<div class=\"e-con-inner\">\n\t\t\t\t<div class=\"elementor-element elementor-element-954643e elementor-widget elementor-widget-heading\" data-id=\"954643e\" data-element_type=\"widget\" data-e-type=\"widget\" data-widget_type=\"heading.default\">\n\t\t\t\t<div class=\"elementor-widget-container\">\n\t\t\t\t\t<h3 class=\"elementor-heading-title elementor-size-default\">Id\u00e9es Cadeaux de No\u00ebl pour toute la famille<\/h3>\t\t\t\t<\/div>\n\t\t\t\t<\/div>\n\t\t\t\t\t<\/div>\n\t\t\t\t<\/div>\n\t\t<div class=\"elementor-element elementor-element-d1bae44 e-flex e-con-boxed e-con e-parent\" data-id=\"d1bae44\" data-element_type=\"container\" data-e-type=\"container\">\n\t\t\t\t\t<div class=\"e-con-inner\">\n\t\t\t\t<div class=\"elementor-element elementor-element-0e77697 elementor-widget elementor-widget-text-editor\" data-id=\"0e77697\" data-element_type=\"widget\" data-e-type=\"widget\" data-widget_type=\"text-editor.default\">\n\t\t\t\t<div class=\"elementor-widget-container\">\n\t\t\t\t\t\t\t\t\t<p>Pour trouver des&nbsp;<a href=\"https:\/\/www.cycles-blain.com\/content\/54-liste-noel-idees-cadeaux-velo-cyclesblain\" target=\"_blank\" rel=\"noopener\">id\u00e9es cadeaux de No\u00ebl pour toute la famille<\/a>, consultez notre s\u00e9lection sp\u00e9ciale No\u00ebl<br>ou offrez une&nbsp;<a style=\"background-color: #ffffff; font-size: 1rem;\" href=\"https:\/\/www.cycles-blain.com\/carte-cadeau-cyclesblain\" target=\"_blank\" rel=\"noopener\">carte cadeau de No\u00ebl CYCLES BLAIN<\/a>&nbsp;ou une<a href=\"https:\/\/www.cycles-blain.com\/recherche?controller=search&amp;search_query=etude+posturale\" target=\"_blank\"> \u00e9tude posturale v\u00e9lo<\/a>&nbsp;!<\/p>\t\t\t\t\t\t\t\t<\/div>\n\t\t\t\t<\/div>\n\t\t\t\t\t<\/div>\n\t\t\t\t<\/div>\n\t\t\t\t<\/div>\n\t\t","protected":false},"excerpt":{"rendered":"<p>Quel cadeau offrir \u00e0 un enfant de 1 \u00e0 12 ans ? Nos v\u00e9los enfants de 16, 20, 24 pouces et draisiennes offrent des aventures inoubliables et des sourires garantis.<\/p>\n","protected":false},"author":5,"featured_media":18508,"comment_status":"open","ping_status":"open","sticky":false,"template":"","format":"standard","meta":{"site-sidebar-layout":"default","site-content-layout":"","ast-site-content-layout":"default","site-content-style":"default","site-sidebar-style":"default","ast-global-header-display":"","ast-banner-title-visibility":"","ast-main-header-display":"","ast-hfb-above-header-display":"","ast-hfb-below-header-display":"","ast-hfb-mobile-header-display":"","site-post-title":"","ast-breadcrumbs-content":"","ast-featured-img":"","footer-sml-layout":"","theme-transparent-header-meta":"","adv-header-id-meta":"","stick-header-meta":"","header-above-stick-meta":"","header-main-stick-meta":"","header-below-stick-meta":"","astra-migrate-meta-layouts":"set","ast-page-background-enabled":"default","ast-page-background-meta":{"desktop":{"background-color":"","background-image":"","background-repeat":"repeat","background-position":"center center","background-size":"auto","background-attachment":"scroll","background-type":"","background-media":"","overlay-type":"","overlay-color":"","overlay-gradient":""},"tablet":{"background-color":"","background-image":"","background-repeat":"repeat","background-position":"center center","background-size":"auto","background-attachment":"scroll","background-type":"","background-media":"","overlay-type":"","overlay-color":"","overlay-gradient":""},"mobile":{"background-color":"","background-image":"","background-repeat":"repeat","background-position":"center center","background-size":"auto","background-attachment":"scroll","background-type":"","background-media":"","overlay-type":"","overlay-color":"","overlay-gradient":""}},"ast-content-background-meta":{"desktop":{"background-color":"var(--ast-global-color-5)","background-image":"","background-repeat":"repeat","background-position":"center center","background-size":"auto","background-attachment":"scroll","background-type":"","background-media":"","overlay-type":"","overlay-color":"","overlay-gradient":""},"tablet":{"background-color":"var(--ast-global-color-5)","background-image":"","background-repeat":"repeat","background-position":"center center","background-size":"auto","background-attachment":"scroll","background-type":"","background-media":"","overlay-type":"","overlay-color":"","overlay-gradient":""},"mobile":{"background-color":"var(--ast-global-color-5)","background-image":"","background-repeat":"repeat","background-position":"center center","background-size":"auto","background-attachment":"scroll","background-type":"","background-media":"","overlay-type":"","overlay-color":"","overlay-gradient":""}},"footnotes":""},"categories":[6,4,7,78,16,99],"tags":[100,95],"class_list":["post-18408","post","type-post","status-publish","format-standard","has-post-thumbnail","hentry","category-magasins-velo","category-velo","category-magasin-brignais","category-magasin-craponne","category-promotions-velo","category-velo-enfant","tag-noel","tag-velo-enfant"],"yoast_head":"<!-- This site is optimized with the Yoast SEO plugin v27.5 - https:\/\/yoast.com\/product\/yoast-seo-wordpress\/ -->\n<title>No\u00ebl approche : d\u00e9couvrez nos v\u00e9los enfants 1-12 ans - CYCLES BLAIN<\/title>\n<meta name=\"description\" content=\"Quel cadeau offrir \u00e0 un enfant de 1 \u00e0 12 ans ? Nos v\u00e9los enfants de 16, 20, 24 pouces et draisiennes offrent des aventures inoubliables et des sourires garantis.\" \/>\n<meta name=\"robots\" content=\"index, follow, max-snippet:-1, max-image-preview:large, max-video-preview:-1\" \/>\n<link rel=\"canonical\" href=\"https:\/\/www.cycles-blain.com\/fr\/velo\/velos-enfants-cadeaux-noel-2025\/\" \/>\n<meta property=\"og:locale\" content=\"fr_FR\" \/>\n<meta property=\"og:type\" content=\"article\" \/>\n<meta property=\"og:title\" content=\"No\u00ebl approche : d\u00e9couvrez nos v\u00e9los enfants 1-12 ans - CYCLES BLAIN\" \/>\n<meta property=\"og:description\" content=\"Quel cadeau offrir \u00e0 un enfant de 1 \u00e0 12 ans ? Nos v\u00e9los enfants de 16, 20, 24 pouces et draisiennes offrent des aventures inoubliables et des sourires garantis.\" \/>\n<meta property=\"og:url\" content=\"https:\/\/www.cycles-blain.com\/fr\/velo\/velos-enfants-cadeaux-noel-2025\/\" \/>\n<meta property=\"og:site_name\" content=\"CyclesBlain - Magasins de v\u00e9los, accessoires et ateliers\" \/>\n<meta property=\"article:publisher\" content=\"https:\/\/www.facebook.com\/cyclesblain\/?locale=fr_FR\" \/>\n<meta property=\"article:published_time\" content=\"2025-11-25T10:34:09+00:00\" \/>\n<meta property=\"article:modified_time\" content=\"2025-11-27T10:17:38+00:00\" \/>\n<meta property=\"og:image\" content=\"https:\/\/www.cycles-blain.com\/fr\/wp-content\/uploads\/2025\/11\/velo-enfant-noel.jpg\" \/>\n\t<meta property=\"og:image:width\" content=\"600\" \/>\n\t<meta property=\"og:image:height\" content=\"400\" \/>\n\t<meta property=\"og:image:type\" content=\"image\/jpeg\" \/>\n<meta name=\"author\" content=\"Manon\" \/>\n<meta name=\"twitter:card\" content=\"summary_large_image\" \/>\n<meta name=\"twitter:label1\" content=\"\u00c9crit par\" \/>\n\t<meta name=\"twitter:data1\" content=\"Manon\" \/>\n\t<meta name=\"twitter:label2\" content=\"Dur\u00e9e de lecture estim\u00e9e\" \/>\n\t<meta name=\"twitter:data2\" content=\"5 minutes\" \/>\n<script type=\"application\/ld+json\" class=\"yoast-schema-graph\">{\"@context\":\"https:\\\/\\\/schema.org\",\"@graph\":[{\"@type\":\"Article\",\"@id\":\"https:\\\/\\\/www.cycles-blain.com\\\/fr\\\/velo\\\/velos-enfants-cadeaux-noel-2025\\\/#article\",\"isPartOf\":{\"@id\":\"https:\\\/\\\/www.cycles-blain.com\\\/fr\\\/velo\\\/velos-enfants-cadeaux-noel-2025\\\/\"},\"author\":{\"name\":\"Manon\",\"@id\":\"https:\\\/\\\/www.cycles-blain.com\\\/fr\\\/#\\\/schema\\\/person\\\/f82a8c0c551dfc1b1a6ac68605ac9d3f\"},\"headline\":\"No\u00ebl approche : d\u00e9couvrez nos v\u00e9los enfants 1-12 ans\",\"datePublished\":\"2025-11-25T10:34:09+00:00\",\"dateModified\":\"2025-11-27T10:17:38+00:00\",\"mainEntityOfPage\":{\"@id\":\"https:\\\/\\\/www.cycles-blain.com\\\/fr\\\/velo\\\/velos-enfants-cadeaux-noel-2025\\\/\"},\"wordCount\":1070,\"commentCount\":0,\"publisher\":{\"@id\":\"https:\\\/\\\/www.cycles-blain.com\\\/fr\\\/#organization\"},\"image\":{\"@id\":\"https:\\\/\\\/www.cycles-blain.com\\\/fr\\\/velo\\\/velos-enfants-cadeaux-noel-2025\\\/#primaryimage\"},\"thumbnailUrl\":\"https:\\\/\\\/www.cycles-blain.com\\\/fr\\\/wp-content\\\/uploads\\\/2025\\\/11\\\/velo-enfant-noel.jpg\",\"keywords\":[\"noel\",\"velo enfant\"],\"articleSection\":[\"Actus Magasins\",\"Actus V\u00e9lo\",\"Magasin Brignais\",\"Magasin Craponne\",\"Promotions\",\"Velo enfant\"],\"inLanguage\":\"fr-FR\",\"potentialAction\":[{\"@type\":\"CommentAction\",\"name\":\"Comment\",\"target\":[\"https:\\\/\\\/www.cycles-blain.com\\\/fr\\\/velo\\\/velos-enfants-cadeaux-noel-2025\\\/#respond\"]}]},{\"@type\":\"WebPage\",\"@id\":\"https:\\\/\\\/www.cycles-blain.com\\\/fr\\\/velo\\\/velos-enfants-cadeaux-noel-2025\\\/\",\"url\":\"https:\\\/\\\/www.cycles-blain.com\\\/fr\\\/velo\\\/velos-enfants-cadeaux-noel-2025\\\/\",\"name\":\"No\u00ebl approche : d\u00e9couvrez nos v\u00e9los enfants 1-12 ans - CYCLES BLAIN\",\"isPartOf\":{\"@id\":\"https:\\\/\\\/www.cycles-blain.com\\\/fr\\\/#website\"},\"primaryImageOfPage\":{\"@id\":\"https:\\\/\\\/www.cycles-blain.com\\\/fr\\\/velo\\\/velos-enfants-cadeaux-noel-2025\\\/#primaryimage\"},\"image\":{\"@id\":\"https:\\\/\\\/www.cycles-blain.com\\\/fr\\\/velo\\\/velos-enfants-cadeaux-noel-2025\\\/#primaryimage\"},\"thumbnailUrl\":\"https:\\\/\\\/www.cycles-blain.com\\\/fr\\\/wp-content\\\/uploads\\\/2025\\\/11\\\/velo-enfant-noel.jpg\",\"datePublished\":\"2025-11-25T10:34:09+00:00\",\"dateModified\":\"2025-11-27T10:17:38+00:00\",\"description\":\"Quel cadeau offrir \u00e0 un enfant de 1 \u00e0 12 ans ? Nos v\u00e9los enfants de 16, 20, 24 pouces et draisiennes offrent des aventures inoubliables et des sourires garantis.\",\"breadcrumb\":{\"@id\":\"https:\\\/\\\/www.cycles-blain.com\\\/fr\\\/velo\\\/velos-enfants-cadeaux-noel-2025\\\/#breadcrumb\"},\"inLanguage\":\"fr-FR\",\"potentialAction\":[{\"@type\":\"ReadAction\",\"target\":[\"https:\\\/\\\/www.cycles-blain.com\\\/fr\\\/velo\\\/velos-enfants-cadeaux-noel-2025\\\/\"]}]},{\"@type\":\"ImageObject\",\"inLanguage\":\"fr-FR\",\"@id\":\"https:\\\/\\\/www.cycles-blain.com\\\/fr\\\/velo\\\/velos-enfants-cadeaux-noel-2025\\\/#primaryimage\",\"url\":\"https:\\\/\\\/www.cycles-blain.com\\\/fr\\\/wp-content\\\/uploads\\\/2025\\\/11\\\/velo-enfant-noel.jpg\",\"contentUrl\":\"https:\\\/\\\/www.cycles-blain.com\\\/fr\\\/wp-content\\\/uploads\\\/2025\\\/11\\\/velo-enfant-noel.jpg\",\"width\":600,\"height\":400,\"caption\":\"V\u00e9los Enfants pour No\u00ebl\"},{\"@type\":\"BreadcrumbList\",\"@id\":\"https:\\\/\\\/www.cycles-blain.com\\\/fr\\\/velo\\\/velos-enfants-cadeaux-noel-2025\\\/#breadcrumb\",\"itemListElement\":[{\"@type\":\"ListItem\",\"position\":1,\"name\":\"Accueil\",\"item\":\"https:\\\/\\\/www.cycles-blain.com\\\/fr\\\/\"},{\"@type\":\"ListItem\",\"position\":2,\"name\":\"No\u00ebl approche : d\u00e9couvrez nos v\u00e9los enfants 1-12 ans\"}]},{\"@type\":\"WebSite\",\"@id\":\"https:\\\/\\\/www.cycles-blain.com\\\/fr\\\/#website\",\"url\":\"https:\\\/\\\/www.cycles-blain.com\\\/fr\\\/\",\"name\":\"CyclesBlain - Magasins de v\u00e9los, accessoires et ateliers\",\"description\":\"Blog Cycles Blain\",\"publisher\":{\"@id\":\"https:\\\/\\\/www.cycles-blain.com\\\/fr\\\/#organization\"},\"potentialAction\":[{\"@type\":\"SearchAction\",\"target\":{\"@type\":\"EntryPoint\",\"urlTemplate\":\"https:\\\/\\\/www.cycles-blain.com\\\/fr\\\/?s={search_term_string}\"},\"query-input\":{\"@type\":\"PropertyValueSpecification\",\"valueRequired\":true,\"valueName\":\"search_term_string\"}}],\"inLanguage\":\"fr-FR\"},{\"@type\":\"Organization\",\"@id\":\"https:\\\/\\\/www.cycles-blain.com\\\/fr\\\/#organization\",\"name\":\"CyclesBlain - Magasins de v\u00e9los, accessoires et ateliers\",\"url\":\"https:\\\/\\\/www.cycles-blain.com\\\/fr\\\/\",\"logo\":{\"@type\":\"ImageObject\",\"inLanguage\":\"fr-FR\",\"@id\":\"https:\\\/\\\/www.cycles-blain.com\\\/fr\\\/#\\\/schema\\\/logo\\\/image\\\/\",\"url\":\"https:\\\/\\\/www.cycles-blain.com\\\/fr\\\/wp-content\\\/uploads\\\/2023\\\/10\\\/logo-cycles-blain.jpeg\",\"contentUrl\":\"https:\\\/\\\/www.cycles-blain.com\\\/fr\\\/wp-content\\\/uploads\\\/2023\\\/10\\\/logo-cycles-blain.jpeg\",\"width\":264,\"height\":191,\"caption\":\"CyclesBlain - Magasins de v\u00e9los, accessoires et ateliers\"},\"image\":{\"@id\":\"https:\\\/\\\/www.cycles-blain.com\\\/fr\\\/#\\\/schema\\\/logo\\\/image\\\/\"},\"sameAs\":[\"https:\\\/\\\/www.facebook.com\\\/cyclesblain\\\/?locale=fr_FR\",\"https:\\\/\\\/www.instagram.com\\\/cycles_blain\\\/?hl=fr\"]},{\"@type\":\"Person\",\"@id\":\"https:\\\/\\\/www.cycles-blain.com\\\/fr\\\/#\\\/schema\\\/person\\\/f82a8c0c551dfc1b1a6ac68605ac9d3f\",\"name\":\"Manon\",\"image\":{\"@type\":\"ImageObject\",\"inLanguage\":\"fr-FR\",\"@id\":\"https:\\\/\\\/secure.gravatar.com\\\/avatar\\\/de5471c82d19e75ec403090373707e8b781572e44c2e6135042a1e6a16f3b379?s=96&d=mm&r=g\",\"url\":\"https:\\\/\\\/secure.gravatar.com\\\/avatar\\\/de5471c82d19e75ec403090373707e8b781572e44c2e6135042a1e6a16f3b379?s=96&d=mm&r=g\",\"contentUrl\":\"https:\\\/\\\/secure.gravatar.com\\\/avatar\\\/de5471c82d19e75ec403090373707e8b781572e44c2e6135042a1e6a16f3b379?s=96&d=mm&r=g\",\"caption\":\"Manon\"},\"url\":\"https:\\\/\\\/www.cycles-blain.com\\\/fr\\\/author\\\/manon\\\/\"}]}<\/script>\n<!-- \/ Yoast SEO plugin. -->","yoast_head_json":{"title":"No\u00ebl approche : d\u00e9couvrez nos v\u00e9los enfants 1-12 ans - CYCLES BLAIN","description":"Quel cadeau offrir \u00e0 un enfant de 1 \u00e0 12 ans ? Nos v\u00e9los enfants de 16, 20, 24 pouces et draisiennes offrent des aventures inoubliables et des sourires garantis.","robots":{"index":"index","follow":"follow","max-snippet":"max-snippet:-1","max-image-preview":"max-image-preview:large","max-video-preview":"max-video-preview:-1"},"canonical":"https:\/\/www.cycles-blain.com\/fr\/velo\/velos-enfants-cadeaux-noel-2025\/","og_locale":"fr_FR","og_type":"article","og_title":"No\u00ebl approche : d\u00e9couvrez nos v\u00e9los enfants 1-12 ans - CYCLES BLAIN","og_description":"Quel cadeau offrir \u00e0 un enfant de 1 \u00e0 12 ans ? Nos v\u00e9los enfants de 16, 20, 24 pouces et draisiennes offrent des aventures inoubliables et des sourires garantis.","og_url":"https:\/\/www.cycles-blain.com\/fr\/velo\/velos-enfants-cadeaux-noel-2025\/","og_site_name":"CyclesBlain - Magasins de v\u00e9los, accessoires et ateliers","article_publisher":"https:\/\/www.facebook.com\/cyclesblain\/?locale=fr_FR","article_published_time":"2025-11-25T10:34:09+00:00","article_modified_time":"2025-11-27T10:17:38+00:00","og_image":[{"width":600,"height":400,"url":"https:\/\/www.cycles-blain.com\/fr\/wp-content\/uploads\/2025\/11\/velo-enfant-noel.jpg","type":"image\/jpeg"}],"author":"Manon","twitter_card":"summary_large_image","twitter_misc":{"\u00c9crit par":"Manon","Dur\u00e9e de lecture estim\u00e9e":"5 minutes"},"schema":{"@context":"https:\/\/schema.org","@graph":[{"@type":"Article","@id":"https:\/\/www.cycles-blain.com\/fr\/velo\/velos-enfants-cadeaux-noel-2025\/#article","isPartOf":{"@id":"https:\/\/www.cycles-blain.com\/fr\/velo\/velos-enfants-cadeaux-noel-2025\/"},"author":{"name":"Manon","@id":"https:\/\/www.cycles-blain.com\/fr\/#\/schema\/person\/f82a8c0c551dfc1b1a6ac68605ac9d3f"},"headline":"No\u00ebl approche : d\u00e9couvrez nos v\u00e9los enfants 1-12 ans","datePublished":"2025-11-25T10:34:09+00:00","dateModified":"2025-11-27T10:17:38+00:00","mainEntityOfPage":{"@id":"https:\/\/www.cycles-blain.com\/fr\/velo\/velos-enfants-cadeaux-noel-2025\/"},"wordCount":1070,"commentCount":0,"publisher":{"@id":"https:\/\/www.cycles-blain.com\/fr\/#organization"},"image":{"@id":"https:\/\/www.cycles-blain.com\/fr\/velo\/velos-enfants-cadeaux-noel-2025\/#primaryimage"},"thumbnailUrl":"https:\/\/www.cycles-blain.com\/fr\/wp-content\/uploads\/2025\/11\/velo-enfant-noel.jpg","keywords":["noel","velo enfant"],"articleSection":["Actus Magasins","Actus V\u00e9lo","Magasin Brignais","Magasin Craponne","Promotions","Velo enfant"],"inLanguage":"fr-FR","potentialAction":[{"@type":"CommentAction","name":"Comment","target":["https:\/\/www.cycles-blain.com\/fr\/velo\/velos-enfants-cadeaux-noel-2025\/#respond"]}]},{"@type":"WebPage","@id":"https:\/\/www.cycles-blain.com\/fr\/velo\/velos-enfants-cadeaux-noel-2025\/","url":"https:\/\/www.cycles-blain.com\/fr\/velo\/velos-enfants-cadeaux-noel-2025\/","name":"No\u00ebl approche : d\u00e9couvrez nos v\u00e9los enfants 1-12 ans - CYCLES BLAIN","isPartOf":{"@id":"https:\/\/www.cycles-blain.com\/fr\/#website"},"primaryImageOfPage":{"@id":"https:\/\/www.cycles-blain.com\/fr\/velo\/velos-enfants-cadeaux-noel-2025\/#primaryimage"},"image":{"@id":"https:\/\/www.cycles-blain.com\/fr\/velo\/velos-enfants-cadeaux-noel-2025\/#primaryimage"},"thumbnailUrl":"https:\/\/www.cycles-blain.com\/fr\/wp-content\/uploads\/2025\/11\/velo-enfant-noel.jpg","datePublished":"2025-11-25T10:34:09+00:00","dateModified":"2025-11-27T10:17:38+00:00","description":"Quel cadeau offrir \u00e0 un enfant de 1 \u00e0 12 ans ? Nos v\u00e9los enfants de 16, 20, 24 pouces et draisiennes offrent des aventures inoubliables et des sourires garantis.","breadcrumb":{"@id":"https:\/\/www.cycles-blain.com\/fr\/velo\/velos-enfants-cadeaux-noel-2025\/#breadcrumb"},"inLanguage":"fr-FR","potentialAction":[{"@type":"ReadAction","target":["https:\/\/www.cycles-blain.com\/fr\/velo\/velos-enfants-cadeaux-noel-2025\/"]}]},{"@type":"ImageObject","inLanguage":"fr-FR","@id":"https:\/\/www.cycles-blain.com\/fr\/velo\/velos-enfants-cadeaux-noel-2025\/#primaryimage","url":"https:\/\/www.cycles-blain.com\/fr\/wp-content\/uploads\/2025\/11\/velo-enfant-noel.jpg","contentUrl":"https:\/\/www.cycles-blain.com\/fr\/wp-content\/uploads\/2025\/11\/velo-enfant-noel.jpg","width":600,"height":400,"caption":"V\u00e9los Enfants pour No\u00ebl"},{"@type":"BreadcrumbList","@id":"https:\/\/www.cycles-blain.com\/fr\/velo\/velos-enfants-cadeaux-noel-2025\/#breadcrumb","itemListElement":[{"@type":"ListItem","position":1,"name":"Accueil","item":"https:\/\/www.cycles-blain.com\/fr\/"},{"@type":"ListItem","position":2,"name":"No\u00ebl approche : d\u00e9couvrez nos v\u00e9los enfants 1-12 ans"}]},{"@type":"WebSite","@id":"https:\/\/www.cycles-blain.com\/fr\/#website","url":"https:\/\/www.cycles-blain.com\/fr\/","name":"CyclesBlain - Magasins de v\u00e9los, accessoires et ateliers","description":"Blog Cycles Blain","publisher":{"@id":"https:\/\/www.cycles-blain.com\/fr\/#organization"},"potentialAction":[{"@type":"SearchAction","target":{"@type":"EntryPoint","urlTemplate":"https:\/\/www.cycles-blain.com\/fr\/?s={search_term_string}"},"query-input":{"@type":"PropertyValueSpecification","valueRequired":true,"valueName":"search_term_string"}}],"inLanguage":"fr-FR"},{"@type":"Organization","@id":"https:\/\/www.cycles-blain.com\/fr\/#organization","name":"CyclesBlain - Magasins de v\u00e9los, accessoires et ateliers","url":"https:\/\/www.cycles-blain.com\/fr\/","logo":{"@type":"ImageObject","inLanguage":"fr-FR","@id":"https:\/\/www.cycles-blain.com\/fr\/#\/schema\/logo\/image\/","url":"https:\/\/www.cycles-blain.com\/fr\/wp-content\/uploads\/2023\/10\/logo-cycles-blain.jpeg","contentUrl":"https:\/\/www.cycles-blain.com\/fr\/wp-content\/uploads\/2023\/10\/logo-cycles-blain.jpeg","width":264,"height":191,"caption":"CyclesBlain - Magasins de v\u00e9los, accessoires et ateliers"},"image":{"@id":"https:\/\/www.cycles-blain.com\/fr\/#\/schema\/logo\/image\/"},"sameAs":["https:\/\/www.facebook.com\/cyclesblain\/?locale=fr_FR","https:\/\/www.instagram.com\/cycles_blain\/?hl=fr"]},{"@type":"Person","@id":"https:\/\/www.cycles-blain.com\/fr\/#\/schema\/person\/f82a8c0c551dfc1b1a6ac68605ac9d3f","name":"Manon","image":{"@type":"ImageObject","inLanguage":"fr-FR","@id":"https:\/\/secure.gravatar.com\/avatar\/de5471c82d19e75ec403090373707e8b781572e44c2e6135042a1e6a16f3b379?s=96&d=mm&r=g","url":"https:\/\/secure.gravatar.com\/avatar\/de5471c82d19e75ec403090373707e8b781572e44c2e6135042a1e6a16f3b379?s=96&d=mm&r=g","contentUrl":"https:\/\/secure.gravatar.com\/avatar\/de5471c82d19e75ec403090373707e8b781572e44c2e6135042a1e6a16f3b379?s=96&d=mm&r=g","caption":"Manon"},"url":"https:\/\/www.cycles-blain.com\/fr\/author\/manon\/"}]}},"_links":{"self":[{"href":"https:\/\/www.cycles-blain.com\/fr\/wp-json\/wp\/v2\/posts\/18408","targetHints":{"allow":["GET"]}}],"collection":[{"href":"https:\/\/www.cycles-blain.com\/fr\/wp-json\/wp\/v2\/posts"}],"about":[{"href":"https:\/\/www.cycles-blain.com\/fr\/wp-json\/wp\/v2\/types\/post"}],"author":[{"embeddable":true,"href":"https:\/\/www.cycles-blain.com\/fr\/wp-json\/wp\/v2\/users\/5"}],"replies":[{"embeddable":true,"href":"https:\/\/www.cycles-blain.com\/fr\/wp-json\/wp\/v2\/comments?post=18408"}],"version-history":[{"count":85,"href":"https:\/\/www.cycles-blain.com\/fr\/wp-json\/wp\/v2\/posts\/18408\/revisions"}],"predecessor-version":[{"id":18561,"href":"https:\/\/www.cycles-blain.com\/fr\/wp-json\/wp\/v2\/posts\/18408\/revisions\/18561"}],"wp:featuredmedia":[{"embeddable":true,"href":"https:\/\/www.cycles-blain.com\/fr\/wp-json\/wp\/v2\/media\/18508"}],"wp:attachment":[{"href":"https:\/\/www.cycles-blain.com\/fr\/wp-json\/wp\/v2\/media?parent=18408"}],"wp:term":[{"taxonomy":"category","embeddable":true,"href":"https:\/\/www.cycles-blain.com\/fr\/wp-json\/wp\/v2\/categories?post=18408"},{"taxonomy":"post_tag","embeddable":true,"href":"https:\/\/www.cycles-blain.com\/fr\/wp-json\/wp\/v2\/tags?post=18408"}],"curies":[{"name":"wp","href":"https:\/\/api.w.org\/{rel}","templated":true}]}}