{"id":18621,"date":"2025-12-02T10:45:05","date_gmt":"2025-12-02T09:45:05","guid":{"rendered":"https:\/\/www.cycles-blain.com\/fr\/?p=18621"},"modified":"2025-12-04T11:15:31","modified_gmt":"2025-12-04T10:15:31","slug":"textile-lyon-3","status":"publish","type":"post","link":"https:\/\/www.cycles-blain.com\/fr\/promotions-velo\/textile-lyon-3\/","title":{"rendered":"Le Grand Rendez-vous Textile !"},"content":{"rendered":"\t\t<div data-elementor-type=\"wp-post\" data-elementor-id=\"18621\" class=\"elementor elementor-18621\" data-elementor-post-type=\"post\">\n\t\t\t\t<div class=\"elementor-element elementor-element-3485c3d e-flex e-con-boxed e-con e-parent\" data-id=\"3485c3d\" data-element_type=\"container\" data-e-type=\"container\">\n\t\t\t\t\t<div class=\"e-con-inner\">\n\t\t\t\t<div class=\"elementor-element elementor-element-b03c2ea elementor-widget elementor-widget-text-editor\" data-id=\"b03c2ea\" data-element_type=\"widget\" data-e-type=\"widget\" data-widget_type=\"text-editor.default\">\n\t\t\t\t<div class=\"elementor-widget-container\">\n\t\t\t\t\t\t\t\t\t<p>Ce samedi 6 d\u00e9cembre, rendez-vous, de 9h \u00e0 19h, dans notre magasin <a href=\"https:\/\/www.cycles-blain.com\/content\/11-magasin-velos-lyon-3\" target=\"_blank\" rel=\"noopener\">Giant Lyon Centre<\/a> pour une journ\u00e9e exceptionnelle d\u00e9di\u00e9e au textile ! \u26a1\ufe0f<\/p><p>No\u00ebl est dans 20 jours \ud83c\udf84 : profitez-en pour pr\u00e9parer vos cadeaux ou vous offrir une nouvelle tenue pour affronter le froid et rendre vos rides beaucoup plus agr\u00e9ables \ud83d\ude0a<\/p>\t\t\t\t\t\t\t\t<\/div>\n\t\t\t\t<\/div>\n\t\t\t\t\t<\/div>\n\t\t\t\t<\/div>\n\t\t<div class=\"elementor-element elementor-element-15cf441 e-flex e-con-boxed e-con e-parent\" data-id=\"15cf441\" data-element_type=\"container\" data-e-type=\"container\">\n\t\t\t\t\t<div class=\"e-con-inner\">\n\t\t\t\t<div class=\"elementor-element elementor-element-92786f7 elementor-widget elementor-widget-heading\" data-id=\"92786f7\" data-element_type=\"widget\" data-e-type=\"widget\" data-widget_type=\"heading.default\">\n\t\t\t\t<div class=\"elementor-widget-container\">\n\t\t\t\t\t<h3 class=\"elementor-heading-title elementor-size-default\">Promotions textiles<\/h3>\t\t\t\t<\/div>\n\t\t\t\t<\/div>\n\t\t\t\t\t<\/div>\n\t\t\t\t<\/div>\n\t\t<div class=\"elementor-element elementor-element-c74ec32 e-flex e-con-boxed e-con e-parent\" data-id=\"c74ec32\" data-element_type=\"container\" data-e-type=\"container\">\n\t\t\t\t\t<div class=\"e-con-inner\">\n\t\t\t\t<div class=\"elementor-element elementor-element-cf7d87e elementor-widget elementor-widget-text-editor\" data-id=\"cf7d87e\" data-element_type=\"widget\" data-e-type=\"widget\" data-widget_type=\"text-editor.default\">\n\t\t\t\t<div class=\"elementor-widget-container\">\n\t\t\t\t\t\t\t\t\t<p>Cette journ\u00e9e sp\u00e9ciale est l\u2019occasion parfaite pour profiter de <strong data-start=\"875\" data-end=\"905\">promotions exceptionnelles<\/strong> ! \ud83d\udd25<br data-start=\"910\" data-end=\"913\">D\u00e9couvrez jusqu\u2019\u00e0 <strong data-start=\"931\" data-end=\"974\">-40% sur une large s\u00e9lection de textile<\/strong> pour homme et femme chez Fox, Castelli&#8230; ainsi que <strong data-start=\"1006\" data-end=\"1063\">15% de r\u00e9duction sur toutes nos nouvelles collections textiles<\/strong>&nbsp;!\ud83c\udf81<br data-start=\"1066\" data-end=\"1069\">Que ce soit pour pr\u00e9parer vos cadeaux de No\u00ebl ou pour vous offrir une tenue compl\u00e8te afin d\u2019affronter l\u2019hiver, c\u2019est le moment de combiner confort, style et \u00e9conomies.\ud83d\ude0e<br data-start=\"1236\" data-end=\"1239\">Avec ces prix, plus aucune excuse pour rester au chaud \u00e0 la maison : \u00e9quipez-vous et profitez pleinement de chaque ride, m\u00eame par temps froid \u2744\ufe0f<\/p>\t\t\t\t\t\t\t\t<\/div>\n\t\t\t\t<\/div>\n\t\t\t\t\t<\/div>\n\t\t\t\t<\/div>\n\t\t<div class=\"elementor-element elementor-element-0d23280 e-flex e-con-boxed e-con e-parent\" data-id=\"0d23280\" data-element_type=\"container\" data-e-type=\"container\">\n\t\t\t\t\t<div class=\"e-con-inner\">\n\t\t\t\t<div class=\"elementor-element elementor-element-fc524bf elementor-widget elementor-widget-heading\" data-id=\"fc524bf\" data-element_type=\"widget\" data-e-type=\"widget\" data-widget_type=\"heading.default\">\n\t\t\t\t<div class=\"elementor-widget-container\">\n\t\t\t\t\t<h3 class=\"elementor-heading-title elementor-size-default\">D'autres surprises vous attendent<\/h3>\t\t\t\t<\/div>\n\t\t\t\t<\/div>\n\t\t\t\t\t<\/div>\n\t\t\t\t<\/div>\n\t\t<div class=\"elementor-element elementor-element-aad4061 e-flex e-con-boxed e-con e-parent\" data-id=\"aad4061\" data-element_type=\"container\" data-e-type=\"container\">\n\t\t\t\t\t<div class=\"e-con-inner\">\n\t\t\t\t<div class=\"elementor-element elementor-element-7f4394b elementor-widget elementor-widget-text-editor\" data-id=\"7f4394b\" data-element_type=\"widget\" data-e-type=\"widget\" data-widget_type=\"text-editor.default\">\n\t\t\t\t<div class=\"elementor-widget-container\">\n\t\t\t\t\t\t\t\t\t<p><strong data-start=\"258\" data-end=\"281\">Ce n\u2019est pas tout !<\/strong><br data-start=\"281\" data-end=\"284\" \/>Pour cette journ\u00e9e exceptionnelle du 6 d\u00e9cembre, nous vous avons pr\u00e9par\u00e9 un programme particuli\u00e8rement riche, pens\u00e9 pour vous faire d\u00e9couvrir, essayer, apprendre\u2026 et vous amuser:<\/p><p><span style=\"text-decoration: underline;\"><strong data-start=\"465\" data-end=\"486\">\ud83c\udf81 Jeu concours :<\/strong><\/span><br data-start=\"486\" data-end=\"489\" \/>Tentez de remporter un cuissard en participant \u00e0 notre tirage au sort exclusif.<br data-start=\"579\" data-end=\"582\" \/>Le principe est ultra simple : chaque achat effectu\u00e9 le 6 d\u00e9cembre g\u00e9n\u00e8re automatiquement une participation. <strong><em data-start=\"691\" data-end=\"735\">Un ticket de caisse = une chance de gagner<\/em>.<\/strong><br data-start=\"736\" data-end=\"739\" \/>Cela signifie que tous les clients de la journ\u00e9e sont int\u00e9gr\u00e9s d\u2019office au tirage, sans aucune d\u00e9marche suppl\u00e9mentaire. Une mani\u00e8re facile de repartir avec un \u00e9quipement suppl\u00e9mentaire dans votre sac !<\/p><p><span style=\"text-decoration: underline;\"><strong>\ud83e\uddf5 Pr\u00e9sentation technique textile :<\/strong><\/span><\/p><p>Toutes les deux heures, Adam prend les commandes pour vous parler textile. Et on vous pr\u00e9vient : il conna\u00eet le sujet sur le bout des doigts ! Il vous expliquera comment bien vous \u00e9quiper pour affronter l\u2019hiver: conseils pratiques, choix techniques et explications claires, vous apprendrez \u00e0 composer la tenue parfaite pour rester performant dans le froid.<\/p><p>Bref, une session parfaite pour rouler cet hiver dans les meilleures conditions, tout en gagnant en confort et en performance.\u2744\ufe0f<\/p><p><span style=\"text-decoration: underline;\"><strong data-start=\"1606\" data-end=\"1630\">\u26a1 Concours de Watt :<\/strong><\/span><br data-start=\"1630\" data-end=\"1633\" \/>Et parce que l\u2019hiver rime souvent avec Home Trainer, nous vous proposons un d\u00e9fi sportif : tester votre puissance !<br data-start=\"1748\" data-end=\"1751\" \/>Monte\u0301 sur l\u2019un de nos Home Trainer, vous pourrez d\u00e9couvrir vos capacit\u00e9s, vous challenger entre amis, ou simplement vous amuser.<br data-start=\"1914\" data-end=\"1917\" \/><em data-start=\"1917\" data-end=\"1970\">Attention : \u00e7a r\u00e9chauffe tr\u00e8s vite !\ud83e\udd75<\/em><\/p><p><span style=\"text-decoration: underline;\"><strong>\ud83e\udd64Di\u00e9t\u00e9tique<\/strong><\/span><\/p><p>Profitez d&rsquo;une d\u00e9gustation des nouvelles boissons de notre partenaire Baouw.<\/p><p>Une journ\u00e9e rythm\u00e9e, anim\u00e9e et pleine de surprises : impossible de la manquer ! On a vraiment h\u00e2te de vous accueillir&#8230;\ud83d\ude0b<\/p>\t\t\t\t\t\t\t\t<\/div>\n\t\t\t\t<\/div>\n\t\t\t\t\t<\/div>\n\t\t\t\t<\/div>\n\t\t\t\t<\/div>\n\t\t","protected":false},"excerpt":{"rendered":"<p>Rendez-vous le 6 d\u00e9cembre chez Giant Lyon Centre : promos textiles exclusives, jeu concours et surprises au programme avec Fox, Castelli, Wilma !<\/p>\n","protected":false},"author":5,"featured_media":18622,"comment_status":"open","ping_status":"open","sticky":false,"template":"","format":"standard","meta":{"site-sidebar-layout":"default","site-content-layout":"","ast-site-content-layout":"default","site-content-style":"default","site-sidebar-style":"default","ast-global-header-display":"","ast-banner-title-visibility":"","ast-main-header-display":"","ast-hfb-above-header-display":"","ast-hfb-below-header-display":"","ast-hfb-mobile-header-display":"","site-post-title":"","ast-breadcrumbs-content":"","ast-featured-img":"","footer-sml-layout":"","theme-transparent-header-meta":"","adv-header-id-meta":"","stick-header-meta":"","header-above-stick-meta":"","header-main-stick-meta":"","header-below-stick-meta":"","astra-migrate-meta-layouts":"set","ast-page-background-enabled":"default","ast-page-background-meta":{"desktop":{"background-color":"","background-image":"","background-repeat":"repeat","background-position":"center center","background-size":"auto","background-attachment":"scroll","background-type":"","background-media":"","overlay-type":"","overlay-color":"","overlay-gradient":""},"tablet":{"background-color":"","background-image":"","background-repeat":"repeat","background-position":"center center","background-size":"auto","background-attachment":"scroll","background-type":"","background-media":"","overlay-type":"","overlay-color":"","overlay-gradient":""},"mobile":{"background-color":"","background-image":"","background-repeat":"repeat","background-position":"center center","background-size":"auto","background-attachment":"scroll","background-type":"","background-media":"","overlay-type":"","overlay-color":"","overlay-gradient":""}},"ast-content-background-meta":{"desktop":{"background-color":"var(--ast-global-color-5)","background-image":"","background-repeat":"repeat","background-position":"center center","background-size":"auto","background-attachment":"scroll","background-type":"","background-media":"","overlay-type":"","overlay-color":"","overlay-gradient":""},"tablet":{"background-color":"var(--ast-global-color-5)","background-image":"","background-repeat":"repeat","background-position":"center center","background-size":"auto","background-attachment":"scroll","background-type":"","background-media":"","overlay-type":"","overlay-color":"","overlay-gradient":""},"mobile":{"background-color":"var(--ast-global-color-5)","background-image":"","background-repeat":"repeat","background-position":"center center","background-size":"auto","background-attachment":"scroll","background-type":"","background-media":"","overlay-type":"","overlay-color":"","overlay-gradient":""}},"footnotes":""},"categories":[6,44,16],"tags":[402,400,285,401],"class_list":["post-18621","post","type-post","status-publish","format-standard","has-post-thumbnail","hentry","category-magasins-velo","category-magasin-lyon-3","category-promotions-velo","tag-assos","tag-castelli","tag-fox","tag-wilma"],"yoast_head":"<!-- This site is optimized with the Yoast SEO plugin v27.5 - https:\/\/yoast.com\/product\/yoast-seo-wordpress\/ -->\n<title>Le Grand Rendez-vous Textile ! - CYCLES BLAIN<\/title>\n<meta name=\"description\" content=\"Rendez-vous le 6 d\u00e9cembre chez Giant Lyon Centre : promos textiles exclusives, jeu concours et surprises avec Fox, Castelli, Wilma, Assos... !\" \/>\n<meta name=\"robots\" content=\"index, follow, max-snippet:-1, max-image-preview:large, max-video-preview:-1\" \/>\n<link rel=\"canonical\" href=\"https:\/\/www.cycles-blain.com\/fr\/promotions-velo\/textile-lyon-3\/\" \/>\n<meta property=\"og:locale\" content=\"fr_FR\" \/>\n<meta property=\"og:type\" content=\"article\" \/>\n<meta property=\"og:title\" content=\"Le Grand Rendez-vous Textile ! - CYCLES BLAIN\" \/>\n<meta property=\"og:description\" content=\"Rendez-vous le 6 d\u00e9cembre chez Giant Lyon Centre : promos textiles exclusives, jeu concours et surprises avec Fox, Castelli, Wilma, Assos... !\" \/>\n<meta property=\"og:url\" content=\"https:\/\/www.cycles-blain.com\/fr\/promotions-velo\/textile-lyon-3\/\" \/>\n<meta property=\"og:site_name\" content=\"CyclesBlain - Magasins de v\u00e9los, accessoires et ateliers\" \/>\n<meta property=\"article:publisher\" content=\"https:\/\/www.facebook.com\/cyclesblain\/?locale=fr_FR\" \/>\n<meta property=\"article:published_time\" content=\"2025-12-02T09:45:05+00:00\" \/>\n<meta property=\"article:modified_time\" content=\"2025-12-04T10:15:31+00:00\" \/>\n<meta property=\"og:image\" content=\"https:\/\/www.cycles-blain.com\/fr\/wp-content\/uploads\/2025\/12\/OPERATION-TEXTILE-article.jpg\" \/>\n\t<meta property=\"og:image:width\" content=\"600\" \/>\n\t<meta property=\"og:image:height\" content=\"400\" \/>\n\t<meta property=\"og:image:type\" content=\"image\/jpeg\" \/>\n<meta name=\"author\" content=\"Manon\" \/>\n<meta name=\"twitter:card\" content=\"summary_large_image\" \/>\n<meta name=\"twitter:label1\" content=\"\u00c9crit par\" \/>\n\t<meta name=\"twitter:data1\" content=\"Manon\" \/>\n\t<meta name=\"twitter:label2\" content=\"Dur\u00e9e de lecture estim\u00e9e\" \/>\n\t<meta name=\"twitter:data2\" content=\"3 minutes\" \/>\n<script type=\"application\/ld+json\" class=\"yoast-schema-graph\">{\"@context\":\"https:\\\/\\\/schema.org\",\"@graph\":[{\"@type\":\"Article\",\"@id\":\"https:\\\/\\\/www.cycles-blain.com\\\/fr\\\/promotions-velo\\\/textile-lyon-3\\\/#article\",\"isPartOf\":{\"@id\":\"https:\\\/\\\/www.cycles-blain.com\\\/fr\\\/promotions-velo\\\/textile-lyon-3\\\/\"},\"author\":{\"name\":\"Manon\",\"@id\":\"https:\\\/\\\/www.cycles-blain.com\\\/fr\\\/#\\\/schema\\\/person\\\/f82a8c0c551dfc1b1a6ac68605ac9d3f\"},\"headline\":\"Le Grand Rendez-vous Textile !\",\"datePublished\":\"2025-12-02T09:45:05+00:00\",\"dateModified\":\"2025-12-04T10:15:31+00:00\",\"mainEntityOfPage\":{\"@id\":\"https:\\\/\\\/www.cycles-blain.com\\\/fr\\\/promotions-velo\\\/textile-lyon-3\\\/\"},\"wordCount\":449,\"commentCount\":0,\"publisher\":{\"@id\":\"https:\\\/\\\/www.cycles-blain.com\\\/fr\\\/#organization\"},\"image\":{\"@id\":\"https:\\\/\\\/www.cycles-blain.com\\\/fr\\\/promotions-velo\\\/textile-lyon-3\\\/#primaryimage\"},\"thumbnailUrl\":\"https:\\\/\\\/www.cycles-blain.com\\\/fr\\\/wp-content\\\/uploads\\\/2025\\\/12\\\/OPERATION-TEXTILE-article.jpg\",\"keywords\":[\"Assos\",\"Castelli\",\"fox\",\"Wilma\"],\"articleSection\":[\"Actus Magasins\",\"Magasin Lyon Centre\",\"Promotions\"],\"inLanguage\":\"fr-FR\",\"potentialAction\":[{\"@type\":\"CommentAction\",\"name\":\"Comment\",\"target\":[\"https:\\\/\\\/www.cycles-blain.com\\\/fr\\\/promotions-velo\\\/textile-lyon-3\\\/#respond\"]}]},{\"@type\":\"WebPage\",\"@id\":\"https:\\\/\\\/www.cycles-blain.com\\\/fr\\\/promotions-velo\\\/textile-lyon-3\\\/\",\"url\":\"https:\\\/\\\/www.cycles-blain.com\\\/fr\\\/promotions-velo\\\/textile-lyon-3\\\/\",\"name\":\"Le Grand Rendez-vous Textile ! - CYCLES BLAIN\",\"isPartOf\":{\"@id\":\"https:\\\/\\\/www.cycles-blain.com\\\/fr\\\/#website\"},\"primaryImageOfPage\":{\"@id\":\"https:\\\/\\\/www.cycles-blain.com\\\/fr\\\/promotions-velo\\\/textile-lyon-3\\\/#primaryimage\"},\"image\":{\"@id\":\"https:\\\/\\\/www.cycles-blain.com\\\/fr\\\/promotions-velo\\\/textile-lyon-3\\\/#primaryimage\"},\"thumbnailUrl\":\"https:\\\/\\\/www.cycles-blain.com\\\/fr\\\/wp-content\\\/uploads\\\/2025\\\/12\\\/OPERATION-TEXTILE-article.jpg\",\"datePublished\":\"2025-12-02T09:45:05+00:00\",\"dateModified\":\"2025-12-04T10:15:31+00:00\",\"description\":\"Rendez-vous le 6 d\u00e9cembre chez Giant Lyon Centre : promos textiles exclusives, jeu concours et surprises avec Fox, Castelli, Wilma, Assos... !\",\"breadcrumb\":{\"@id\":\"https:\\\/\\\/www.cycles-blain.com\\\/fr\\\/promotions-velo\\\/textile-lyon-3\\\/#breadcrumb\"},\"inLanguage\":\"fr-FR\",\"potentialAction\":[{\"@type\":\"ReadAction\",\"target\":[\"https:\\\/\\\/www.cycles-blain.com\\\/fr\\\/promotions-velo\\\/textile-lyon-3\\\/\"]}]},{\"@type\":\"ImageObject\",\"inLanguage\":\"fr-FR\",\"@id\":\"https:\\\/\\\/www.cycles-blain.com\\\/fr\\\/promotions-velo\\\/textile-lyon-3\\\/#primaryimage\",\"url\":\"https:\\\/\\\/www.cycles-blain.com\\\/fr\\\/wp-content\\\/uploads\\\/2025\\\/12\\\/OPERATION-TEXTILE-article.jpg\",\"contentUrl\":\"https:\\\/\\\/www.cycles-blain.com\\\/fr\\\/wp-content\\\/uploads\\\/2025\\\/12\\\/OPERATION-TEXTILE-article.jpg\",\"width\":600,\"height\":400,\"caption\":\"OP\u00c9RATION TEXTILE\"},{\"@type\":\"BreadcrumbList\",\"@id\":\"https:\\\/\\\/www.cycles-blain.com\\\/fr\\\/promotions-velo\\\/textile-lyon-3\\\/#breadcrumb\",\"itemListElement\":[{\"@type\":\"ListItem\",\"position\":1,\"name\":\"Accueil\",\"item\":\"https:\\\/\\\/www.cycles-blain.com\\\/fr\\\/\"},{\"@type\":\"ListItem\",\"position\":2,\"name\":\"Le Grand Rendez-vous Textile !\"}]},{\"@type\":\"WebSite\",\"@id\":\"https:\\\/\\\/www.cycles-blain.com\\\/fr\\\/#website\",\"url\":\"https:\\\/\\\/www.cycles-blain.com\\\/fr\\\/\",\"name\":\"CyclesBlain - Magasins de v\u00e9los, accessoires et ateliers\",\"description\":\"Blog Cycles Blain\",\"publisher\":{\"@id\":\"https:\\\/\\\/www.cycles-blain.com\\\/fr\\\/#organization\"},\"potentialAction\":[{\"@type\":\"SearchAction\",\"target\":{\"@type\":\"EntryPoint\",\"urlTemplate\":\"https:\\\/\\\/www.cycles-blain.com\\\/fr\\\/?s={search_term_string}\"},\"query-input\":{\"@type\":\"PropertyValueSpecification\",\"valueRequired\":true,\"valueName\":\"search_term_string\"}}],\"inLanguage\":\"fr-FR\"},{\"@type\":\"Organization\",\"@id\":\"https:\\\/\\\/www.cycles-blain.com\\\/fr\\\/#organization\",\"name\":\"CyclesBlain - Magasins de v\u00e9los, accessoires et ateliers\",\"url\":\"https:\\\/\\\/www.cycles-blain.com\\\/fr\\\/\",\"logo\":{\"@type\":\"ImageObject\",\"inLanguage\":\"fr-FR\",\"@id\":\"https:\\\/\\\/www.cycles-blain.com\\\/fr\\\/#\\\/schema\\\/logo\\\/image\\\/\",\"url\":\"https:\\\/\\\/www.cycles-blain.com\\\/fr\\\/wp-content\\\/uploads\\\/2023\\\/10\\\/logo-cycles-blain.jpeg\",\"contentUrl\":\"https:\\\/\\\/www.cycles-blain.com\\\/fr\\\/wp-content\\\/uploads\\\/2023\\\/10\\\/logo-cycles-blain.jpeg\",\"width\":264,\"height\":191,\"caption\":\"CyclesBlain - Magasins de v\u00e9los, accessoires et ateliers\"},\"image\":{\"@id\":\"https:\\\/\\\/www.cycles-blain.com\\\/fr\\\/#\\\/schema\\\/logo\\\/image\\\/\"},\"sameAs\":[\"https:\\\/\\\/www.facebook.com\\\/cyclesblain\\\/?locale=fr_FR\",\"https:\\\/\\\/www.instagram.com\\\/cycles_blain\\\/?hl=fr\"]},{\"@type\":\"Person\",\"@id\":\"https:\\\/\\\/www.cycles-blain.com\\\/fr\\\/#\\\/schema\\\/person\\\/f82a8c0c551dfc1b1a6ac68605ac9d3f\",\"name\":\"Manon\",\"image\":{\"@type\":\"ImageObject\",\"inLanguage\":\"fr-FR\",\"@id\":\"https:\\\/\\\/secure.gravatar.com\\\/avatar\\\/de5471c82d19e75ec403090373707e8b781572e44c2e6135042a1e6a16f3b379?s=96&d=mm&r=g\",\"url\":\"https:\\\/\\\/secure.gravatar.com\\\/avatar\\\/de5471c82d19e75ec403090373707e8b781572e44c2e6135042a1e6a16f3b379?s=96&d=mm&r=g\",\"contentUrl\":\"https:\\\/\\\/secure.gravatar.com\\\/avatar\\\/de5471c82d19e75ec403090373707e8b781572e44c2e6135042a1e6a16f3b379?s=96&d=mm&r=g\",\"caption\":\"Manon\"},\"url\":\"https:\\\/\\\/www.cycles-blain.com\\\/fr\\\/author\\\/manon\\\/\"}]}<\/script>\n<!-- \/ Yoast SEO plugin. -->","yoast_head_json":{"title":"Le Grand Rendez-vous Textile ! - CYCLES BLAIN","description":"Rendez-vous le 6 d\u00e9cembre chez Giant Lyon Centre : promos textiles exclusives, jeu concours et surprises avec Fox, Castelli, Wilma, Assos... !","robots":{"index":"index","follow":"follow","max-snippet":"max-snippet:-1","max-image-preview":"max-image-preview:large","max-video-preview":"max-video-preview:-1"},"canonical":"https:\/\/www.cycles-blain.com\/fr\/promotions-velo\/textile-lyon-3\/","og_locale":"fr_FR","og_type":"article","og_title":"Le Grand Rendez-vous Textile ! - CYCLES BLAIN","og_description":"Rendez-vous le 6 d\u00e9cembre chez Giant Lyon Centre : promos textiles exclusives, jeu concours et surprises avec Fox, Castelli, Wilma, Assos... !","og_url":"https:\/\/www.cycles-blain.com\/fr\/promotions-velo\/textile-lyon-3\/","og_site_name":"CyclesBlain - Magasins de v\u00e9los, accessoires et ateliers","article_publisher":"https:\/\/www.facebook.com\/cyclesblain\/?locale=fr_FR","article_published_time":"2025-12-02T09:45:05+00:00","article_modified_time":"2025-12-04T10:15:31+00:00","og_image":[{"width":600,"height":400,"url":"https:\/\/www.cycles-blain.com\/fr\/wp-content\/uploads\/2025\/12\/OPERATION-TEXTILE-article.jpg","type":"image\/jpeg"}],"author":"Manon","twitter_card":"summary_large_image","twitter_misc":{"\u00c9crit par":"Manon","Dur\u00e9e de lecture estim\u00e9e":"3 minutes"},"schema":{"@context":"https:\/\/schema.org","@graph":[{"@type":"Article","@id":"https:\/\/www.cycles-blain.com\/fr\/promotions-velo\/textile-lyon-3\/#article","isPartOf":{"@id":"https:\/\/www.cycles-blain.com\/fr\/promotions-velo\/textile-lyon-3\/"},"author":{"name":"Manon","@id":"https:\/\/www.cycles-blain.com\/fr\/#\/schema\/person\/f82a8c0c551dfc1b1a6ac68605ac9d3f"},"headline":"Le Grand Rendez-vous Textile !","datePublished":"2025-12-02T09:45:05+00:00","dateModified":"2025-12-04T10:15:31+00:00","mainEntityOfPage":{"@id":"https:\/\/www.cycles-blain.com\/fr\/promotions-velo\/textile-lyon-3\/"},"wordCount":449,"commentCount":0,"publisher":{"@id":"https:\/\/www.cycles-blain.com\/fr\/#organization"},"image":{"@id":"https:\/\/www.cycles-blain.com\/fr\/promotions-velo\/textile-lyon-3\/#primaryimage"},"thumbnailUrl":"https:\/\/www.cycles-blain.com\/fr\/wp-content\/uploads\/2025\/12\/OPERATION-TEXTILE-article.jpg","keywords":["Assos","Castelli","fox","Wilma"],"articleSection":["Actus Magasins","Magasin Lyon Centre","Promotions"],"inLanguage":"fr-FR","potentialAction":[{"@type":"CommentAction","name":"Comment","target":["https:\/\/www.cycles-blain.com\/fr\/promotions-velo\/textile-lyon-3\/#respond"]}]},{"@type":"WebPage","@id":"https:\/\/www.cycles-blain.com\/fr\/promotions-velo\/textile-lyon-3\/","url":"https:\/\/www.cycles-blain.com\/fr\/promotions-velo\/textile-lyon-3\/","name":"Le Grand Rendez-vous Textile ! - CYCLES BLAIN","isPartOf":{"@id":"https:\/\/www.cycles-blain.com\/fr\/#website"},"primaryImageOfPage":{"@id":"https:\/\/www.cycles-blain.com\/fr\/promotions-velo\/textile-lyon-3\/#primaryimage"},"image":{"@id":"https:\/\/www.cycles-blain.com\/fr\/promotions-velo\/textile-lyon-3\/#primaryimage"},"thumbnailUrl":"https:\/\/www.cycles-blain.com\/fr\/wp-content\/uploads\/2025\/12\/OPERATION-TEXTILE-article.jpg","datePublished":"2025-12-02T09:45:05+00:00","dateModified":"2025-12-04T10:15:31+00:00","description":"Rendez-vous le 6 d\u00e9cembre chez Giant Lyon Centre : promos textiles exclusives, jeu concours et surprises avec Fox, Castelli, Wilma, Assos... !","breadcrumb":{"@id":"https:\/\/www.cycles-blain.com\/fr\/promotions-velo\/textile-lyon-3\/#breadcrumb"},"inLanguage":"fr-FR","potentialAction":[{"@type":"ReadAction","target":["https:\/\/www.cycles-blain.com\/fr\/promotions-velo\/textile-lyon-3\/"]}]},{"@type":"ImageObject","inLanguage":"fr-FR","@id":"https:\/\/www.cycles-blain.com\/fr\/promotions-velo\/textile-lyon-3\/#primaryimage","url":"https:\/\/www.cycles-blain.com\/fr\/wp-content\/uploads\/2025\/12\/OPERATION-TEXTILE-article.jpg","contentUrl":"https:\/\/www.cycles-blain.com\/fr\/wp-content\/uploads\/2025\/12\/OPERATION-TEXTILE-article.jpg","width":600,"height":400,"caption":"OP\u00c9RATION TEXTILE"},{"@type":"BreadcrumbList","@id":"https:\/\/www.cycles-blain.com\/fr\/promotions-velo\/textile-lyon-3\/#breadcrumb","itemListElement":[{"@type":"ListItem","position":1,"name":"Accueil","item":"https:\/\/www.cycles-blain.com\/fr\/"},{"@type":"ListItem","position":2,"name":"Le Grand Rendez-vous Textile !"}]},{"@type":"WebSite","@id":"https:\/\/www.cycles-blain.com\/fr\/#website","url":"https:\/\/www.cycles-blain.com\/fr\/","name":"CyclesBlain - Magasins de v\u00e9los, accessoires et ateliers","description":"Blog Cycles Blain","publisher":{"@id":"https:\/\/www.cycles-blain.com\/fr\/#organization"},"potentialAction":[{"@type":"SearchAction","target":{"@type":"EntryPoint","urlTemplate":"https:\/\/www.cycles-blain.com\/fr\/?s={search_term_string}"},"query-input":{"@type":"PropertyValueSpecification","valueRequired":true,"valueName":"search_term_string"}}],"inLanguage":"fr-FR"},{"@type":"Organization","@id":"https:\/\/www.cycles-blain.com\/fr\/#organization","name":"CyclesBlain - Magasins de v\u00e9los, accessoires et ateliers","url":"https:\/\/www.cycles-blain.com\/fr\/","logo":{"@type":"ImageObject","inLanguage":"fr-FR","@id":"https:\/\/www.cycles-blain.com\/fr\/#\/schema\/logo\/image\/","url":"https:\/\/www.cycles-blain.com\/fr\/wp-content\/uploads\/2023\/10\/logo-cycles-blain.jpeg","contentUrl":"https:\/\/www.cycles-blain.com\/fr\/wp-content\/uploads\/2023\/10\/logo-cycles-blain.jpeg","width":264,"height":191,"caption":"CyclesBlain - Magasins de v\u00e9los, accessoires et ateliers"},"image":{"@id":"https:\/\/www.cycles-blain.com\/fr\/#\/schema\/logo\/image\/"},"sameAs":["https:\/\/www.facebook.com\/cyclesblain\/?locale=fr_FR","https:\/\/www.instagram.com\/cycles_blain\/?hl=fr"]},{"@type":"Person","@id":"https:\/\/www.cycles-blain.com\/fr\/#\/schema\/person\/f82a8c0c551dfc1b1a6ac68605ac9d3f","name":"Manon","image":{"@type":"ImageObject","inLanguage":"fr-FR","@id":"https:\/\/secure.gravatar.com\/avatar\/de5471c82d19e75ec403090373707e8b781572e44c2e6135042a1e6a16f3b379?s=96&d=mm&r=g","url":"https:\/\/secure.gravatar.com\/avatar\/de5471c82d19e75ec403090373707e8b781572e44c2e6135042a1e6a16f3b379?s=96&d=mm&r=g","contentUrl":"https:\/\/secure.gravatar.com\/avatar\/de5471c82d19e75ec403090373707e8b781572e44c2e6135042a1e6a16f3b379?s=96&d=mm&r=g","caption":"Manon"},"url":"https:\/\/www.cycles-blain.com\/fr\/author\/manon\/"}]}},"_links":{"self":[{"href":"https:\/\/www.cycles-blain.com\/fr\/wp-json\/wp\/v2\/posts\/18621","targetHints":{"allow":["GET"]}}],"collection":[{"href":"https:\/\/www.cycles-blain.com\/fr\/wp-json\/wp\/v2\/posts"}],"about":[{"href":"https:\/\/www.cycles-blain.com\/fr\/wp-json\/wp\/v2\/types\/post"}],"author":[{"embeddable":true,"href":"https:\/\/www.cycles-blain.com\/fr\/wp-json\/wp\/v2\/users\/5"}],"replies":[{"embeddable":true,"href":"https:\/\/www.cycles-blain.com\/fr\/wp-json\/wp\/v2\/comments?post=18621"}],"version-history":[{"count":17,"href":"https:\/\/www.cycles-blain.com\/fr\/wp-json\/wp\/v2\/posts\/18621\/revisions"}],"predecessor-version":[{"id":18648,"href":"https:\/\/www.cycles-blain.com\/fr\/wp-json\/wp\/v2\/posts\/18621\/revisions\/18648"}],"wp:featuredmedia":[{"embeddable":true,"href":"https:\/\/www.cycles-blain.com\/fr\/wp-json\/wp\/v2\/media\/18622"}],"wp:attachment":[{"href":"https:\/\/www.cycles-blain.com\/fr\/wp-json\/wp\/v2\/media?parent=18621"}],"wp:term":[{"taxonomy":"category","embeddable":true,"href":"https:\/\/www.cycles-blain.com\/fr\/wp-json\/wp\/v2\/categories?post=18621"},{"taxonomy":"post_tag","embeddable":true,"href":"https:\/\/www.cycles-blain.com\/fr\/wp-json\/wp\/v2\/tags?post=18621"}],"curies":[{"name":"wp","href":"https:\/\/api.w.org\/{rel}","templated":true}]}}