{"id":18668,"date":"2025-12-05T15:02:30","date_gmt":"2025-12-05T14:02:30","guid":{"rendered":"https:\/\/www.cycles-blain.com\/fr\/?p=18668"},"modified":"2025-12-05T16:16:45","modified_gmt":"2025-12-05T15:16:45","slug":"faut-il-assurer-un-velo-electrique","status":"publish","type":"post","link":"https:\/\/www.cycles-blain.com\/fr\/conseils-velo\/assurance-velo\/faut-il-assurer-un-velo-electrique\/","title":{"rendered":"Faut-il assurer un v\u00e9lo \u00e9lectrique ?"},"content":{"rendered":"\t\t<div data-elementor-type=\"wp-post\" data-elementor-id=\"18668\" class=\"elementor elementor-18668\" data-elementor-post-type=\"post\">\n\t\t\t\t<div class=\"elementor-element elementor-element-64f7d62 e-flex e-con-boxed e-con e-parent\" data-id=\"64f7d62\" data-element_type=\"container\" data-e-type=\"container\">\n\t\t\t\t\t<div class=\"e-con-inner\">\n\t\t\t\t<div class=\"elementor-element elementor-element-ef37215 elementor-widget elementor-widget-heading\" data-id=\"ef37215\" data-element_type=\"widget\" data-e-type=\"widget\" data-widget_type=\"heading.default\">\n\t\t\t\t<div class=\"elementor-widget-container\">\n\t\t\t\t\t<h2 class=\"elementor-heading-title elementor-size-default\">Faut-il assurer un v\u00e9lo \u00e9lectrique ?<\/h2>\t\t\t\t<\/div>\n\t\t\t\t<\/div>\n\t\t\t\t\t<\/div>\n\t\t\t\t<\/div>\n\t\t<div class=\"elementor-element elementor-element-7c1f5b4 e-flex e-con-boxed e-con e-parent\" data-id=\"7c1f5b4\" data-element_type=\"container\" data-e-type=\"container\">\n\t\t\t\t\t<div class=\"e-con-inner\">\n\t\t\t\t<div class=\"elementor-element elementor-element-1f51f93 elementor-widget elementor-widget-text-editor\" data-id=\"1f51f93\" data-element_type=\"widget\" data-e-type=\"widget\" data-widget_type=\"text-editor.default\">\n\t\t\t\t<div class=\"elementor-widget-container\">\n\t\t\t\t\t\t\t\t\t<p>Cette question nous est souvent pos\u00e9e en magasins surtout lors de l&rsquo;achat d&rsquo;un premier v\u00e9lo \u00e9lectrique pour le v\u00e9lotaf ou les transports du quotidien. Cette question est surtout pertinente sur trois sujets principaux :\u00a0<\/p><ol><li><b>Existe-il une loi ou une r\u00e9glementation qui oblige les cyclistes \u00e0 assurer leur v\u00e9lo \u00e9lectrique en France en 2026 ?<\/b><\/li><li><b>En cas d&rsquo;accident avec un v\u00e9lo \u00e9lectrique, est-ce que notre assurance nous prot\u00e9gera ? :\u00a0<br \/>nous, les \u00e9ventuels d\u00e9g\u00e2ts ou bless\u00e9s tiers ?<\/b><\/li><li><b>En cas de vol, ou de panne, est-ce que notre assurance peut nous couvrir ou nous rembourser au moins une partie du v\u00e9lo \u00e9lectrique ?<\/b><\/li><\/ol>\t\t\t\t\t\t\t\t<\/div>\n\t\t\t\t<\/div>\n\t\t\t\t\t<\/div>\n\t\t\t\t<\/div>\n\t\t<div class=\"elementor-element elementor-element-de55806 e-flex e-con-boxed e-con e-parent\" data-id=\"de55806\" data-element_type=\"container\" data-e-type=\"container\">\n\t\t\t\t\t<div class=\"e-con-inner\">\n\t\t\t\t<div class=\"elementor-element elementor-element-2080cb2 elementor-widget elementor-widget-heading\" data-id=\"2080cb2\" data-element_type=\"widget\" data-e-type=\"widget\" data-widget_type=\"heading.default\">\n\t\t\t\t<div class=\"elementor-widget-container\">\n\t\t\t\t\t<h3 class=\"elementor-heading-title elementor-size-default\">1. L'assurance v\u00e9lo \u00e9lectrique est-elle obligatoire en France ?<\/h3>\t\t\t\t<\/div>\n\t\t\t\t<\/div>\n\t\t\t\t\t<\/div>\n\t\t\t\t<\/div>\n\t\t<div class=\"elementor-element elementor-element-23acb6c e-flex e-con-boxed e-con e-parent\" data-id=\"23acb6c\" data-element_type=\"container\" data-e-type=\"container\">\n\t\t\t\t\t<div class=\"e-con-inner\">\n\t\t\t\t<div class=\"elementor-element elementor-element-1116603 elementor-widget elementor-widget-text-editor\" data-id=\"1116603\" data-element_type=\"widget\" data-e-type=\"widget\" data-widget_type=\"text-editor.default\">\n\t\t\t\t<div class=\"elementor-widget-container\">\n\t\t\t\t\t\t\t\t\t<p>En France, \u00e0 l&rsquo;heure o\u00f9 nous \u00e9crivons cet article et donc au moins pour le d\u00e9but d&rsquo;ann\u00e9e 2026, l&rsquo;assurance pour les v\u00e9los \u00e9lectriques est obligatoire <b>uniquement <\/b>pour les v\u00e9los dont la puissance du moteur d\u00e9passe les 250W et 25km\/ h : <b>c&rsquo;est \u00e0 dire les speedbike ou certains Fat bike&#8230;. uniquement.<\/b> : En effet, ces v\u00e9los \u00e9lectriques entrent dans la cat\u00e9gorie des cyclomoteurs avec une assurance responsabilit\u00e9 civile obligatoire ainsi qu&rsquo;un certificat d&rsquo;immatriculation n\u00e9cessaire pour rouler en toute l\u00e9galit\u00e9.<br><br><b>La r\u00e9ponse est donc claire, le VAE est consid\u00e9r\u00e9 comme un v\u00e9lo classique sans assurance obligatoire si son moteur a une puissance \u00e9gale ou inf\u00e9rieure \u00e0 250w<\/b> ce qui repr\u00e9sente la tr\u00e8s grande majorit\u00e9 du march\u00e9 \u00e0 ce jour. (Pour v\u00e9rifier si la loi a chang\u00e9, consultez le site du&nbsp;<a href=\"https:\/\/www.service-public.gouv.fr\/particuliers\/vosdroits\/F32294#:~:text=Le%20VAE%20est%20consid%C3%A9r%C3%A9%20comme,Vous%20devez%20donc%20l'immatriculer.\" target=\"_blank\">Service Public<\/a>).<br><\/p>\t\t\t\t\t\t\t\t<\/div>\n\t\t\t\t<\/div>\n\t\t\t\t\t<\/div>\n\t\t\t\t<\/div>\n\t\t<div class=\"elementor-element elementor-element-dcbabcd e-flex e-con-boxed e-con e-parent\" data-id=\"dcbabcd\" data-element_type=\"container\" data-e-type=\"container\">\n\t\t\t\t\t<div class=\"e-con-inner\">\n\t\t\t\t<div class=\"elementor-element elementor-element-9992f42 elementor-widget elementor-widget-heading\" data-id=\"9992f42\" data-element_type=\"widget\" data-e-type=\"widget\" data-widget_type=\"heading.default\">\n\t\t\t\t<div class=\"elementor-widget-container\">\n\t\t\t\t\t<h3 class=\"elementor-heading-title elementor-size-default\">2. En cas d'accident en v\u00e9lo \u00e9lectrique, quelle assurance fonctionne ?<\/h3>\t\t\t\t<\/div>\n\t\t\t\t<\/div>\n\t\t\t\t\t<\/div>\n\t\t\t\t<\/div>\n\t\t<div class=\"elementor-element elementor-element-c665fbc e-flex e-con-boxed e-con e-parent\" data-id=\"c665fbc\" data-element_type=\"container\" data-e-type=\"container\">\n\t\t\t\t\t<div class=\"e-con-inner\">\n\t\t\t\t<div class=\"elementor-element elementor-element-1599eb5 elementor-widget elementor-widget-text-editor\" data-id=\"1599eb5\" data-element_type=\"widget\" data-e-type=\"widget\" data-widget_type=\"text-editor.default\">\n\t\t\t\t<div class=\"elementor-widget-container\">\n\t\t\t\t\t\t\t\t\t<p>En France, en cas d&rsquo;accident avec un v\u00e9lo \u00e9lectrique classique (= ou inf. \u00e0 250W de puissance moteur), c&rsquo;est l&rsquo;<b>assurance responsabilit\u00e9 civile<\/b>&nbsp;qui sera utilis\u00e9e pour couvrir les dommages que vous pourriez occasionner \u00e0 une tiers : blessure d&rsquo;un pi\u00e9ton ou cycliste, rayure d&rsquo;un autre v\u00e9hicule ou voiture, accident avec un autre cycliste ou un animal&#8230;.<\/p>\n<p>Dans la majorit\u00e9 des cas, cette assurance est garantie dans votre assurance&nbsp;<span style=\"font-size: 1rem;\">multirisques&nbsp;<\/span><span style=\"font-style: inherit; font-weight: inherit;\">habitation .<\/span><\/p><p><b>Mais attention cette assurance ne couvre <u>que <\/u>les tiers. Elle ne couvre <u>pas <\/u>les vols de v\u00e9los, <u>ni <\/u>la casse, <u>ni <\/u>les blessures personnelles.<\/b><\/p>\n<p><b>Il est donc fortement conseill\u00e9 de prendre une assurance sp\u00e9cifique pour votre v\u00e9lo \u00e9lectrique ou votre v\u00e9lo classique surtout si vous l&rsquo;utilisez souvent et\/ou que votre v\u00e9lo co\u00fbte cher !<\/b><\/p>\t\t\t\t\t\t\t\t<\/div>\n\t\t\t\t<\/div>\n\t\t\t\t\t<\/div>\n\t\t\t\t<\/div>\n\t\t<div class=\"elementor-element elementor-element-1513e9c e-flex e-con-boxed e-con e-parent\" data-id=\"1513e9c\" data-element_type=\"container\" data-e-type=\"container\">\n\t\t\t\t\t<div class=\"e-con-inner\">\n\t\t\t\t<div class=\"elementor-element elementor-element-1d4e8db elementor-widget elementor-widget-heading\" data-id=\"1d4e8db\" data-element_type=\"widget\" data-e-type=\"widget\" data-widget_type=\"heading.default\">\n\t\t\t\t<div class=\"elementor-widget-container\">\n\t\t\t\t\t<h3 class=\"elementor-heading-title elementor-size-default\">3. En cas de vol ou de panne d'un v\u00e9lo \u00e9lectrique, suis-je assur\u00e9 ?<\/h3>\t\t\t\t<\/div>\n\t\t\t\t<\/div>\n\t\t\t\t<div class=\"elementor-element elementor-element-73946ca elementor-widget elementor-widget-text-editor\" data-id=\"73946ca\" data-element_type=\"widget\" data-e-type=\"widget\" data-widget_type=\"text-editor.default\">\n\t\t\t\t<div class=\"elementor-widget-container\">\n\t\t\t\t\t\t\t\t\t<p>En cas de vol de votre v\u00e9lo \u00e9lectrique, vous \u00eates assur\u00e9 uniquement si vous avez une assurance sp\u00e9cifique pour le vol de v\u00e9lo, soit chez votre assureur habitation (sous forme d&rsquo;options ou autre), soit aupr\u00e8s d&rsquo;un assureur sp\u00e9cialis\u00e9 comme\u00a0<a href=\"https:\/\/www.cycles-blain.com\/fr\/conseils-velo\/assurance-velo\/assurance-velo-vol-casse-usure-panne-assistance\/\" target=\"_blank\" rel=\"noopener\">NEAT<\/a>.<\/p><p><b>La panne, l&rsquo;usure, les accessoires sont quant \u00e0 eux rarement pris en charge par un assureur g\u00e9n\u00e9raliste ou n\u00e9cessite un contrat, une option ou carr\u00e9ment un assureur d\u00e9di\u00e9 qui peut vitre \u00eatre rentabilis\u00e9 selon votre v\u00e9lo \u00e9lectrique et votre utilisation.<\/b><\/p>\t\t\t\t\t\t\t\t<\/div>\n\t\t\t\t<\/div>\n\t\t\t\t<div class=\"elementor-element elementor-element-20d5aa6 elementor-widget elementor-widget-heading\" data-id=\"20d5aa6\" data-element_type=\"widget\" data-e-type=\"widget\" data-widget_type=\"heading.default\">\n\t\t\t\t<div class=\"elementor-widget-container\">\n\t\t\t\t\t<h4 class=\"elementor-heading-title elementor-size-default\">Les assurances recommand\u00e9es (mais non obligatoires)<\/h4>\t\t\t\t<\/div>\n\t\t\t\t<\/div>\n\t\t\t\t<div class=\"elementor-element elementor-element-effbe85 elementor-widget elementor-widget-text-editor\" data-id=\"effbe85\" data-element_type=\"widget\" data-e-type=\"widget\" data-widget_type=\"text-editor.default\">\n\t\t\t\t<div class=\"elementor-widget-container\">\n\t\t\t\t\t\t\t\t\t<p>H\u00e9las, les v\u00e9los \u00e9lectriques sont souvent victimes de leurs succ\u00e8s, en particulier quand on utilise son v\u00e9lo pour le v\u00e9lotaf, ses courses etc&#8230;.et que le v\u00e9lo est laiss\u00e9 attach\u00e9 dans un endroit publique comme une gare ou un centre commercial&#8230;.: <br><b>L&rsquo;assurance vol de v\u00e9lo \u00e9lectrique est sans doute la premi\u00e8re assurance conseill\u00e9e pour les v\u00e9los \u00e9lectriques :&nbsp;<\/b><\/p>\n<ul>\n<li>Soit aupr\u00e8s de votre assureur habitation qui peut proposer une assurance v\u00e9lo ou mobilit\u00e9 sp\u00e9cifique comme au CIC ou La MAAF par exemple.<\/li>\n<li>Soit aupr\u00e8s d&rsquo;un assureur ind\u00e9pendant et sp\u00e9cialis\u00e9 comme&nbsp;<a href=\"https:\/\/www.cycles-blain.com\/fr\/conseils-velo\/assurance-velo\/assurance-velo-vol-casse-usure-panne-assistance\/\" target=\"_blank\">l&rsquo;assurance v\u00e9lo NEAT<\/a>&nbsp;propos\u00e9e par CYCLES BLAIN.<\/li>\n<\/ul>\n<div>Dans tous les cas, \u00e9tudiez bien les cas de vols qui sont assur\u00e9s, les plafonds de remboursements, les franchises, la valeur d&rsquo;achat, les accessoires&#8230; et les modalit\u00e9s pour faire votre choix \ud83d\ude09<\/div>\n<p><\/p>\n<p><b>L&rsquo;assurance pour les dommages corporels, les pannes, l&rsquo;usure ou l&rsquo;assistance de votre v\u00e9lo \u00e9lectrique<\/b> sont \u00e9galement des points importants \u00e0 v\u00e9rifier qui peuvent \u00eatre propos\u00e9s sous forme d&rsquo;options ou de contrats diff\u00e9rents selon les assurances.&nbsp;<a style=\"background-color: #ffffff; font-size: 1rem;\" href=\"https:\/\/www.cycles-blain.com\/content\/32-assurance-velo-vol-casse-vandalisme-cycles-blain\" target=\"_blank\" rel=\"noopener\">(Voir l&rsquo;assurance vol, casse, usure, assistance V\u00e9los Neat)<\/a><\/p>\t\t\t\t\t\t\t\t<\/div>\n\t\t\t\t<\/div>\n\t\t\t\t\t<\/div>\n\t\t\t\t<\/div>\n\t\t<div class=\"elementor-element elementor-element-69918cb e-flex e-con-boxed e-con e-parent\" data-id=\"69918cb\" data-element_type=\"container\" data-e-type=\"container\">\n\t\t\t\t\t<div class=\"e-con-inner\">\n\t\t\t\t<div class=\"elementor-element elementor-element-281b7e7 elementor-widget elementor-widget-heading\" data-id=\"281b7e7\" data-element_type=\"widget\" data-e-type=\"widget\" data-widget_type=\"heading.default\">\n\t\t\t\t<div class=\"elementor-widget-container\">\n\t\t\t\t\t<h5 class=\"elementor-heading-title elementor-size-default\">A lire aussi pour prot\u00e9ger son v\u00e9lo \u00e9lectrique ou classique<\/h5>\t\t\t\t<\/div>\n\t\t\t\t<\/div>\n\t\t\t\t\t<\/div>\n\t\t\t\t<\/div>\n\t\t<div class=\"elementor-element elementor-element-4d9fb26 e-flex e-con-boxed e-con e-parent\" data-id=\"4d9fb26\" data-element_type=\"container\" data-e-type=\"container\">\n\t\t\t\t\t<div class=\"e-con-inner\">\n\t\t\t\t<div class=\"elementor-element elementor-element-c8472c4 elementor-widget elementor-widget-text-editor\" data-id=\"c8472c4\" data-element_type=\"widget\" data-e-type=\"widget\" data-widget_type=\"text-editor.default\">\n\t\t\t\t<div class=\"elementor-widget-container\">\n\t\t\t\t\t\t\t\t\t<ul><li><a href=\"https:\/\/www.cycles-blain.com\/fr\/conseils-velo\/assurance-velo\/assurance-velo-vol-casse-usure-panne-assistance\/\" target=\"_blank\" rel=\"noopener\">Assurance v\u00e9los \u00e9lectriques : Vol, casse, panne, usure et assistance<\/a><\/li><li style=\"font-size: 13px; outline-style: none !important; outline-width: initial !important;\"><a style=\"text-decoration-line: none; color: #0079c2; transition-duration: 0.3s; transition-timing-function: ease; transition-property: all; outline: none !important;\" href=\"https:\/\/www.cycles-blain.com\/fr\/conseils-velo\/antivol-velo\/bien-choisir-son-alarme-velo-contre-le-vol\/\" target=\"_blank\" rel=\"noopener\">Alarmes v\u00e9los<\/a>\u00a0: Bien choisir son alarme antivol v\u00e9lo<\/li><li style=\"font-size: 13px; outline-style: none !important; outline-width: initial !important;\"><a style=\"text-decoration-line: none; color: #0079c2; transition-duration: 0.3s; transition-timing-function: ease; transition-property: all; outline: none !important;\" href=\"https:\/\/www.cycles-blain.com\/fr\/conseils-velo\/antivol-velo\/antivol-velo-conseils-2024\/\" target=\"_blank\" rel=\"noopener\">Antivols v\u00e9los<\/a>\u00a0: Bien choisir son antivol v\u00e9lo.<\/li><li style=\"font-size: 13px; outline-style: none !important; outline-width: initial !important;\"><a style=\"text-decoration-line: none; color: #0079c2; transition-duration: 0.3s; transition-timing-function: ease; transition-property: all; outline: none !important;\" href=\"https:\/\/www.cycles-blain.com\/fr\/conseils-velo\/antivols-velo-sra-sept25\/\" target=\"_blank\" rel=\"noopener\">Antivols v\u00e9los SRA<\/a>\u00a0: nouveau classement SRA<\/li><\/ul>\t\t\t\t\t\t\t\t<\/div>\n\t\t\t\t<\/div>\n\t\t\t\t\t<\/div>\n\t\t\t\t<\/div>\n\t\t\t\t<\/div>\n\t\t","protected":false},"excerpt":{"rendered":"<p>Faut-il assurer un v\u00e9lo \u00e9lectrique ? Une question souvent pos\u00e9e dans nos magasins et \u00e0 laquelle CYCLES BLAIN vous r\u00e9pond&#8230;.<\/p>\n","protected":false},"author":1,"featured_media":2701,"comment_status":"open","ping_status":"open","sticky":false,"template":"","format":"standard","meta":{"site-sidebar-layout":"default","site-content-layout":"","ast-site-content-layout":"default","site-content-style":"default","site-sidebar-style":"default","ast-global-header-display":"","ast-banner-title-visibility":"","ast-main-header-display":"","ast-hfb-above-header-display":"","ast-hfb-below-header-display":"","ast-hfb-mobile-header-display":"","site-post-title":"","ast-breadcrumbs-content":"","ast-featured-img":"","footer-sml-layout":"","theme-transparent-header-meta":"","adv-header-id-meta":"","stick-header-meta":"","header-above-stick-meta":"","header-main-stick-meta":"","header-below-stick-meta":"","astra-migrate-meta-layouts":"set","ast-page-background-enabled":"default","ast-page-background-meta":{"desktop":{"background-color":"","background-image":"","background-repeat":"repeat","background-position":"center center","background-size":"auto","background-attachment":"scroll","background-type":"","background-media":"","overlay-type":"","overlay-color":"","overlay-gradient":""},"tablet":{"background-color":"","background-image":"","background-repeat":"repeat","background-position":"center center","background-size":"auto","background-attachment":"scroll","background-type":"","background-media":"","overlay-type":"","overlay-color":"","overlay-gradient":""},"mobile":{"background-color":"","background-image":"","background-repeat":"repeat","background-position":"center center","background-size":"auto","background-attachment":"scroll","background-type":"","background-media":"","overlay-type":"","overlay-color":"","overlay-gradient":""}},"ast-content-background-meta":{"desktop":{"background-color":"var(--ast-global-color-5)","background-image":"","background-repeat":"repeat","background-position":"center center","background-size":"auto","background-attachment":"scroll","background-type":"","background-media":"","overlay-type":"","overlay-color":"","overlay-gradient":""},"tablet":{"background-color":"var(--ast-global-color-5)","background-image":"","background-repeat":"repeat","background-position":"center center","background-size":"auto","background-attachment":"scroll","background-type":"","background-media":"","overlay-type":"","overlay-color":"","overlay-gradient":""},"mobile":{"background-color":"var(--ast-global-color-5)","background-image":"","background-repeat":"repeat","background-position":"center center","background-size":"auto","background-attachment":"scroll","background-type":"","background-media":"","overlay-type":"","overlay-color":"","overlay-gradient":""}},"footnotes":""},"categories":[26,9],"tags":[24,28],"class_list":["post-18668","post","type-post","status-publish","format-standard","has-post-thumbnail","hentry","category-assurance-velo","category-conseils-velo","tag-assurance","tag-velo-electrique"],"yoast_head":"<!-- This site is optimized with the Yoast SEO plugin v27.5 - https:\/\/yoast.com\/product\/yoast-seo-wordpress\/ -->\n<title>Faut-il assurer un v\u00e9lo \u00e9lectrique ? - Conseils CYCLES BLAIN<\/title>\n<meta name=\"description\" content=\"Faut-il assurer un v\u00e9lo \u00e9lectrique ? Une question souvent pos\u00e9e dans nos magasins et \u00e0 laquelle CYCLES BLAIN vous r\u00e9pond....\" \/>\n<meta name=\"robots\" content=\"index, follow, max-snippet:-1, max-image-preview:large, max-video-preview:-1\" \/>\n<link rel=\"canonical\" href=\"https:\/\/www.cycles-blain.com\/fr\/conseils-velo\/assurance-velo\/faut-il-assurer-un-velo-electrique\/\" \/>\n<meta property=\"og:locale\" content=\"fr_FR\" \/>\n<meta property=\"og:type\" content=\"article\" \/>\n<meta property=\"og:title\" content=\"Faut-il assurer un v\u00e9lo \u00e9lectrique ? - Conseils CYCLES BLAIN\" \/>\n<meta property=\"og:description\" content=\"Faut-il assurer un v\u00e9lo \u00e9lectrique ? Une question souvent pos\u00e9e dans nos magasins et \u00e0 laquelle CYCLES BLAIN vous r\u00e9pond....\" \/>\n<meta property=\"og:url\" content=\"https:\/\/www.cycles-blain.com\/fr\/conseils-velo\/assurance-velo\/faut-il-assurer-un-velo-electrique\/\" \/>\n<meta property=\"og:site_name\" content=\"CyclesBlain - Magasins de v\u00e9los, accessoires et ateliers\" \/>\n<meta property=\"article:publisher\" content=\"https:\/\/www.facebook.com\/cyclesblain\/?locale=fr_FR\" \/>\n<meta property=\"article:published_time\" content=\"2025-12-05T14:02:30+00:00\" \/>\n<meta property=\"article:modified_time\" content=\"2025-12-05T15:16:45+00:00\" \/>\n<meta property=\"og:image\" content=\"https:\/\/www.cycles-blain.com\/fr\/wp-content\/uploads\/2024\/01\/assurance-velo-vol-casse-cyclesblain-2024.jpg\" \/>\n\t<meta property=\"og:image:width\" content=\"600\" \/>\n\t<meta property=\"og:image:height\" content=\"450\" \/>\n\t<meta property=\"og:image:type\" content=\"image\/jpeg\" \/>\n<meta name=\"author\" content=\"Gueweb\" \/>\n<meta name=\"twitter:card\" content=\"summary_large_image\" \/>\n<meta name=\"twitter:label1\" content=\"\u00c9crit par\" \/>\n\t<meta name=\"twitter:data1\" content=\"Gueweb\" \/>\n\t<meta name=\"twitter:label2\" content=\"Dur\u00e9e de lecture estim\u00e9e\" \/>\n\t<meta name=\"twitter:data2\" content=\"4 minutes\" \/>\n<script type=\"application\/ld+json\" class=\"yoast-schema-graph\">{\"@context\":\"https:\\\/\\\/schema.org\",\"@graph\":[{\"@type\":\"Article\",\"@id\":\"https:\\\/\\\/www.cycles-blain.com\\\/fr\\\/conseils-velo\\\/assurance-velo\\\/faut-il-assurer-un-velo-electrique\\\/#article\",\"isPartOf\":{\"@id\":\"https:\\\/\\\/www.cycles-blain.com\\\/fr\\\/conseils-velo\\\/assurance-velo\\\/faut-il-assurer-un-velo-electrique\\\/\"},\"author\":{\"name\":\"Gueweb\",\"@id\":\"https:\\\/\\\/www.cycles-blain.com\\\/fr\\\/#\\\/schema\\\/person\\\/6fb8bad852fde893fb61b7b05936af37\"},\"headline\":\"Faut-il assurer un v\u00e9lo \u00e9lectrique ?\",\"datePublished\":\"2025-12-05T14:02:30+00:00\",\"dateModified\":\"2025-12-05T15:16:45+00:00\",\"mainEntityOfPage\":{\"@id\":\"https:\\\/\\\/www.cycles-blain.com\\\/fr\\\/conseils-velo\\\/assurance-velo\\\/faut-il-assurer-un-velo-electrique\\\/\"},\"wordCount\":795,\"commentCount\":0,\"publisher\":{\"@id\":\"https:\\\/\\\/www.cycles-blain.com\\\/fr\\\/#organization\"},\"image\":{\"@id\":\"https:\\\/\\\/www.cycles-blain.com\\\/fr\\\/conseils-velo\\\/assurance-velo\\\/faut-il-assurer-un-velo-electrique\\\/#primaryimage\"},\"thumbnailUrl\":\"https:\\\/\\\/www.cycles-blain.com\\\/fr\\\/wp-content\\\/uploads\\\/2024\\\/01\\\/assurance-velo-vol-casse-cyclesblain-2024.jpg\",\"keywords\":[\"assurance\",\"v\u00e9lo \u00e9lectrique\"],\"articleSection\":[\"Assurance\",\"Conseils-Pratique\"],\"inLanguage\":\"fr-FR\",\"potentialAction\":[{\"@type\":\"CommentAction\",\"name\":\"Comment\",\"target\":[\"https:\\\/\\\/www.cycles-blain.com\\\/fr\\\/conseils-velo\\\/assurance-velo\\\/faut-il-assurer-un-velo-electrique\\\/#respond\"]}]},{\"@type\":\"WebPage\",\"@id\":\"https:\\\/\\\/www.cycles-blain.com\\\/fr\\\/conseils-velo\\\/assurance-velo\\\/faut-il-assurer-un-velo-electrique\\\/\",\"url\":\"https:\\\/\\\/www.cycles-blain.com\\\/fr\\\/conseils-velo\\\/assurance-velo\\\/faut-il-assurer-un-velo-electrique\\\/\",\"name\":\"Faut-il assurer un v\u00e9lo \u00e9lectrique ? - Conseils CYCLES BLAIN\",\"isPartOf\":{\"@id\":\"https:\\\/\\\/www.cycles-blain.com\\\/fr\\\/#website\"},\"primaryImageOfPage\":{\"@id\":\"https:\\\/\\\/www.cycles-blain.com\\\/fr\\\/conseils-velo\\\/assurance-velo\\\/faut-il-assurer-un-velo-electrique\\\/#primaryimage\"},\"image\":{\"@id\":\"https:\\\/\\\/www.cycles-blain.com\\\/fr\\\/conseils-velo\\\/assurance-velo\\\/faut-il-assurer-un-velo-electrique\\\/#primaryimage\"},\"thumbnailUrl\":\"https:\\\/\\\/www.cycles-blain.com\\\/fr\\\/wp-content\\\/uploads\\\/2024\\\/01\\\/assurance-velo-vol-casse-cyclesblain-2024.jpg\",\"datePublished\":\"2025-12-05T14:02:30+00:00\",\"dateModified\":\"2025-12-05T15:16:45+00:00\",\"description\":\"Faut-il assurer un v\u00e9lo \u00e9lectrique ? Une question souvent pos\u00e9e dans nos magasins et \u00e0 laquelle CYCLES BLAIN vous r\u00e9pond....\",\"breadcrumb\":{\"@id\":\"https:\\\/\\\/www.cycles-blain.com\\\/fr\\\/conseils-velo\\\/assurance-velo\\\/faut-il-assurer-un-velo-electrique\\\/#breadcrumb\"},\"inLanguage\":\"fr-FR\",\"potentialAction\":[{\"@type\":\"ReadAction\",\"target\":[\"https:\\\/\\\/www.cycles-blain.com\\\/fr\\\/conseils-velo\\\/assurance-velo\\\/faut-il-assurer-un-velo-electrique\\\/\"]}]},{\"@type\":\"ImageObject\",\"inLanguage\":\"fr-FR\",\"@id\":\"https:\\\/\\\/www.cycles-blain.com\\\/fr\\\/conseils-velo\\\/assurance-velo\\\/faut-il-assurer-un-velo-electrique\\\/#primaryimage\",\"url\":\"https:\\\/\\\/www.cycles-blain.com\\\/fr\\\/wp-content\\\/uploads\\\/2024\\\/01\\\/assurance-velo-vol-casse-cyclesblain-2024.jpg\",\"contentUrl\":\"https:\\\/\\\/www.cycles-blain.com\\\/fr\\\/wp-content\\\/uploads\\\/2024\\\/01\\\/assurance-velo-vol-casse-cyclesblain-2024.jpg\",\"width\":600,\"height\":450,\"caption\":\"Assurance vol casse v\u00e9lo Cycles Blain\"},{\"@type\":\"BreadcrumbList\",\"@id\":\"https:\\\/\\\/www.cycles-blain.com\\\/fr\\\/conseils-velo\\\/assurance-velo\\\/faut-il-assurer-un-velo-electrique\\\/#breadcrumb\",\"itemListElement\":[{\"@type\":\"ListItem\",\"position\":1,\"name\":\"Accueil\",\"item\":\"https:\\\/\\\/www.cycles-blain.com\\\/fr\\\/\"},{\"@type\":\"ListItem\",\"position\":2,\"name\":\"Faut-il assurer un v\u00e9lo \u00e9lectrique ?\"}]},{\"@type\":\"WebSite\",\"@id\":\"https:\\\/\\\/www.cycles-blain.com\\\/fr\\\/#website\",\"url\":\"https:\\\/\\\/www.cycles-blain.com\\\/fr\\\/\",\"name\":\"CyclesBlain - Magasins de v\u00e9los, accessoires et ateliers\",\"description\":\"Blog Cycles Blain\",\"publisher\":{\"@id\":\"https:\\\/\\\/www.cycles-blain.com\\\/fr\\\/#organization\"},\"potentialAction\":[{\"@type\":\"SearchAction\",\"target\":{\"@type\":\"EntryPoint\",\"urlTemplate\":\"https:\\\/\\\/www.cycles-blain.com\\\/fr\\\/?s={search_term_string}\"},\"query-input\":{\"@type\":\"PropertyValueSpecification\",\"valueRequired\":true,\"valueName\":\"search_term_string\"}}],\"inLanguage\":\"fr-FR\"},{\"@type\":\"Organization\",\"@id\":\"https:\\\/\\\/www.cycles-blain.com\\\/fr\\\/#organization\",\"name\":\"CyclesBlain - Magasins de v\u00e9los, accessoires et ateliers\",\"url\":\"https:\\\/\\\/www.cycles-blain.com\\\/fr\\\/\",\"logo\":{\"@type\":\"ImageObject\",\"inLanguage\":\"fr-FR\",\"@id\":\"https:\\\/\\\/www.cycles-blain.com\\\/fr\\\/#\\\/schema\\\/logo\\\/image\\\/\",\"url\":\"https:\\\/\\\/www.cycles-blain.com\\\/fr\\\/wp-content\\\/uploads\\\/2023\\\/10\\\/logo-cycles-blain.jpeg\",\"contentUrl\":\"https:\\\/\\\/www.cycles-blain.com\\\/fr\\\/wp-content\\\/uploads\\\/2023\\\/10\\\/logo-cycles-blain.jpeg\",\"width\":264,\"height\":191,\"caption\":\"CyclesBlain - Magasins de v\u00e9los, accessoires et ateliers\"},\"image\":{\"@id\":\"https:\\\/\\\/www.cycles-blain.com\\\/fr\\\/#\\\/schema\\\/logo\\\/image\\\/\"},\"sameAs\":[\"https:\\\/\\\/www.facebook.com\\\/cyclesblain\\\/?locale=fr_FR\",\"https:\\\/\\\/www.instagram.com\\\/cycles_blain\\\/?hl=fr\"]},{\"@type\":\"Person\",\"@id\":\"https:\\\/\\\/www.cycles-blain.com\\\/fr\\\/#\\\/schema\\\/person\\\/6fb8bad852fde893fb61b7b05936af37\",\"name\":\"Gueweb\",\"image\":{\"@type\":\"ImageObject\",\"inLanguage\":\"fr-FR\",\"@id\":\"https:\\\/\\\/secure.gravatar.com\\\/avatar\\\/52550bc594eb074508114b963209b157358b27e5a0319de1bb723df3f760ca2d?s=96&d=mm&r=g\",\"url\":\"https:\\\/\\\/secure.gravatar.com\\\/avatar\\\/52550bc594eb074508114b963209b157358b27e5a0319de1bb723df3f760ca2d?s=96&d=mm&r=g\",\"contentUrl\":\"https:\\\/\\\/secure.gravatar.com\\\/avatar\\\/52550bc594eb074508114b963209b157358b27e5a0319de1bb723df3f760ca2d?s=96&d=mm&r=g\",\"caption\":\"Gueweb\"},\"sameAs\":[\"https:\\\/\\\/www.cycles-blain.com\\\/\\\/fr\"],\"url\":\"https:\\\/\\\/www.cycles-blain.com\\\/fr\\\/author\\\/gueweb\\\/\"}]}<\/script>\n<!-- \/ Yoast SEO plugin. -->","yoast_head_json":{"title":"Faut-il assurer un v\u00e9lo \u00e9lectrique ? - Conseils CYCLES BLAIN","description":"Faut-il assurer un v\u00e9lo \u00e9lectrique ? Une question souvent pos\u00e9e dans nos magasins et \u00e0 laquelle CYCLES BLAIN vous r\u00e9pond....","robots":{"index":"index","follow":"follow","max-snippet":"max-snippet:-1","max-image-preview":"max-image-preview:large","max-video-preview":"max-video-preview:-1"},"canonical":"https:\/\/www.cycles-blain.com\/fr\/conseils-velo\/assurance-velo\/faut-il-assurer-un-velo-electrique\/","og_locale":"fr_FR","og_type":"article","og_title":"Faut-il assurer un v\u00e9lo \u00e9lectrique ? - Conseils CYCLES BLAIN","og_description":"Faut-il assurer un v\u00e9lo \u00e9lectrique ? Une question souvent pos\u00e9e dans nos magasins et \u00e0 laquelle CYCLES BLAIN vous r\u00e9pond....","og_url":"https:\/\/www.cycles-blain.com\/fr\/conseils-velo\/assurance-velo\/faut-il-assurer-un-velo-electrique\/","og_site_name":"CyclesBlain - Magasins de v\u00e9los, accessoires et ateliers","article_publisher":"https:\/\/www.facebook.com\/cyclesblain\/?locale=fr_FR","article_published_time":"2025-12-05T14:02:30+00:00","article_modified_time":"2025-12-05T15:16:45+00:00","og_image":[{"width":600,"height":450,"url":"https:\/\/www.cycles-blain.com\/fr\/wp-content\/uploads\/2024\/01\/assurance-velo-vol-casse-cyclesblain-2024.jpg","type":"image\/jpeg"}],"author":"Gueweb","twitter_card":"summary_large_image","twitter_misc":{"\u00c9crit par":"Gueweb","Dur\u00e9e de lecture estim\u00e9e":"4 minutes"},"schema":{"@context":"https:\/\/schema.org","@graph":[{"@type":"Article","@id":"https:\/\/www.cycles-blain.com\/fr\/conseils-velo\/assurance-velo\/faut-il-assurer-un-velo-electrique\/#article","isPartOf":{"@id":"https:\/\/www.cycles-blain.com\/fr\/conseils-velo\/assurance-velo\/faut-il-assurer-un-velo-electrique\/"},"author":{"name":"Gueweb","@id":"https:\/\/www.cycles-blain.com\/fr\/#\/schema\/person\/6fb8bad852fde893fb61b7b05936af37"},"headline":"Faut-il assurer un v\u00e9lo \u00e9lectrique ?","datePublished":"2025-12-05T14:02:30+00:00","dateModified":"2025-12-05T15:16:45+00:00","mainEntityOfPage":{"@id":"https:\/\/www.cycles-blain.com\/fr\/conseils-velo\/assurance-velo\/faut-il-assurer-un-velo-electrique\/"},"wordCount":795,"commentCount":0,"publisher":{"@id":"https:\/\/www.cycles-blain.com\/fr\/#organization"},"image":{"@id":"https:\/\/www.cycles-blain.com\/fr\/conseils-velo\/assurance-velo\/faut-il-assurer-un-velo-electrique\/#primaryimage"},"thumbnailUrl":"https:\/\/www.cycles-blain.com\/fr\/wp-content\/uploads\/2024\/01\/assurance-velo-vol-casse-cyclesblain-2024.jpg","keywords":["assurance","v\u00e9lo \u00e9lectrique"],"articleSection":["Assurance","Conseils-Pratique"],"inLanguage":"fr-FR","potentialAction":[{"@type":"CommentAction","name":"Comment","target":["https:\/\/www.cycles-blain.com\/fr\/conseils-velo\/assurance-velo\/faut-il-assurer-un-velo-electrique\/#respond"]}]},{"@type":"WebPage","@id":"https:\/\/www.cycles-blain.com\/fr\/conseils-velo\/assurance-velo\/faut-il-assurer-un-velo-electrique\/","url":"https:\/\/www.cycles-blain.com\/fr\/conseils-velo\/assurance-velo\/faut-il-assurer-un-velo-electrique\/","name":"Faut-il assurer un v\u00e9lo \u00e9lectrique ? - Conseils CYCLES BLAIN","isPartOf":{"@id":"https:\/\/www.cycles-blain.com\/fr\/#website"},"primaryImageOfPage":{"@id":"https:\/\/www.cycles-blain.com\/fr\/conseils-velo\/assurance-velo\/faut-il-assurer-un-velo-electrique\/#primaryimage"},"image":{"@id":"https:\/\/www.cycles-blain.com\/fr\/conseils-velo\/assurance-velo\/faut-il-assurer-un-velo-electrique\/#primaryimage"},"thumbnailUrl":"https:\/\/www.cycles-blain.com\/fr\/wp-content\/uploads\/2024\/01\/assurance-velo-vol-casse-cyclesblain-2024.jpg","datePublished":"2025-12-05T14:02:30+00:00","dateModified":"2025-12-05T15:16:45+00:00","description":"Faut-il assurer un v\u00e9lo \u00e9lectrique ? Une question souvent pos\u00e9e dans nos magasins et \u00e0 laquelle CYCLES BLAIN vous r\u00e9pond....","breadcrumb":{"@id":"https:\/\/www.cycles-blain.com\/fr\/conseils-velo\/assurance-velo\/faut-il-assurer-un-velo-electrique\/#breadcrumb"},"inLanguage":"fr-FR","potentialAction":[{"@type":"ReadAction","target":["https:\/\/www.cycles-blain.com\/fr\/conseils-velo\/assurance-velo\/faut-il-assurer-un-velo-electrique\/"]}]},{"@type":"ImageObject","inLanguage":"fr-FR","@id":"https:\/\/www.cycles-blain.com\/fr\/conseils-velo\/assurance-velo\/faut-il-assurer-un-velo-electrique\/#primaryimage","url":"https:\/\/www.cycles-blain.com\/fr\/wp-content\/uploads\/2024\/01\/assurance-velo-vol-casse-cyclesblain-2024.jpg","contentUrl":"https:\/\/www.cycles-blain.com\/fr\/wp-content\/uploads\/2024\/01\/assurance-velo-vol-casse-cyclesblain-2024.jpg","width":600,"height":450,"caption":"Assurance vol casse v\u00e9lo Cycles Blain"},{"@type":"BreadcrumbList","@id":"https:\/\/www.cycles-blain.com\/fr\/conseils-velo\/assurance-velo\/faut-il-assurer-un-velo-electrique\/#breadcrumb","itemListElement":[{"@type":"ListItem","position":1,"name":"Accueil","item":"https:\/\/www.cycles-blain.com\/fr\/"},{"@type":"ListItem","position":2,"name":"Faut-il assurer un v\u00e9lo \u00e9lectrique ?"}]},{"@type":"WebSite","@id":"https:\/\/www.cycles-blain.com\/fr\/#website","url":"https:\/\/www.cycles-blain.com\/fr\/","name":"CyclesBlain - Magasins de v\u00e9los, accessoires et ateliers","description":"Blog Cycles Blain","publisher":{"@id":"https:\/\/www.cycles-blain.com\/fr\/#organization"},"potentialAction":[{"@type":"SearchAction","target":{"@type":"EntryPoint","urlTemplate":"https:\/\/www.cycles-blain.com\/fr\/?s={search_term_string}"},"query-input":{"@type":"PropertyValueSpecification","valueRequired":true,"valueName":"search_term_string"}}],"inLanguage":"fr-FR"},{"@type":"Organization","@id":"https:\/\/www.cycles-blain.com\/fr\/#organization","name":"CyclesBlain - Magasins de v\u00e9los, accessoires et ateliers","url":"https:\/\/www.cycles-blain.com\/fr\/","logo":{"@type":"ImageObject","inLanguage":"fr-FR","@id":"https:\/\/www.cycles-blain.com\/fr\/#\/schema\/logo\/image\/","url":"https:\/\/www.cycles-blain.com\/fr\/wp-content\/uploads\/2023\/10\/logo-cycles-blain.jpeg","contentUrl":"https:\/\/www.cycles-blain.com\/fr\/wp-content\/uploads\/2023\/10\/logo-cycles-blain.jpeg","width":264,"height":191,"caption":"CyclesBlain - Magasins de v\u00e9los, accessoires et ateliers"},"image":{"@id":"https:\/\/www.cycles-blain.com\/fr\/#\/schema\/logo\/image\/"},"sameAs":["https:\/\/www.facebook.com\/cyclesblain\/?locale=fr_FR","https:\/\/www.instagram.com\/cycles_blain\/?hl=fr"]},{"@type":"Person","@id":"https:\/\/www.cycles-blain.com\/fr\/#\/schema\/person\/6fb8bad852fde893fb61b7b05936af37","name":"Gueweb","image":{"@type":"ImageObject","inLanguage":"fr-FR","@id":"https:\/\/secure.gravatar.com\/avatar\/52550bc594eb074508114b963209b157358b27e5a0319de1bb723df3f760ca2d?s=96&d=mm&r=g","url":"https:\/\/secure.gravatar.com\/avatar\/52550bc594eb074508114b963209b157358b27e5a0319de1bb723df3f760ca2d?s=96&d=mm&r=g","contentUrl":"https:\/\/secure.gravatar.com\/avatar\/52550bc594eb074508114b963209b157358b27e5a0319de1bb723df3f760ca2d?s=96&d=mm&r=g","caption":"Gueweb"},"sameAs":["https:\/\/www.cycles-blain.com\/\/fr"],"url":"https:\/\/www.cycles-blain.com\/fr\/author\/gueweb\/"}]}},"_links":{"self":[{"href":"https:\/\/www.cycles-blain.com\/fr\/wp-json\/wp\/v2\/posts\/18668","targetHints":{"allow":["GET"]}}],"collection":[{"href":"https:\/\/www.cycles-blain.com\/fr\/wp-json\/wp\/v2\/posts"}],"about":[{"href":"https:\/\/www.cycles-blain.com\/fr\/wp-json\/wp\/v2\/types\/post"}],"author":[{"embeddable":true,"href":"https:\/\/www.cycles-blain.com\/fr\/wp-json\/wp\/v2\/users\/1"}],"replies":[{"embeddable":true,"href":"https:\/\/www.cycles-blain.com\/fr\/wp-json\/wp\/v2\/comments?post=18668"}],"version-history":[{"count":31,"href":"https:\/\/www.cycles-blain.com\/fr\/wp-json\/wp\/v2\/posts\/18668\/revisions"}],"predecessor-version":[{"id":18700,"href":"https:\/\/www.cycles-blain.com\/fr\/wp-json\/wp\/v2\/posts\/18668\/revisions\/18700"}],"wp:featuredmedia":[{"embeddable":true,"href":"https:\/\/www.cycles-blain.com\/fr\/wp-json\/wp\/v2\/media\/2701"}],"wp:attachment":[{"href":"https:\/\/www.cycles-blain.com\/fr\/wp-json\/wp\/v2\/media?parent=18668"}],"wp:term":[{"taxonomy":"category","embeddable":true,"href":"https:\/\/www.cycles-blain.com\/fr\/wp-json\/wp\/v2\/categories?post=18668"},{"taxonomy":"post_tag","embeddable":true,"href":"https:\/\/www.cycles-blain.com\/fr\/wp-json\/wp\/v2\/tags?post=18668"}],"curies":[{"name":"wp","href":"https:\/\/api.w.org\/{rel}","templated":true}]}}