{"id":18958,"date":"2026-01-06T10:35:33","date_gmt":"2026-01-06T09:35:33","guid":{"rendered":"https:\/\/www.cycles-blain.com\/fr\/?p=18958"},"modified":"2026-01-07T08:44:17","modified_gmt":"2026-01-07T07:44:17","slug":"comment-savoir-si-les-freins-de-mon-velo-sont-uses","status":"publish","type":"post","link":"https:\/\/www.cycles-blain.com\/fr\/conseils-velo\/comment-savoir-si-les-freins-de-mon-velo-sont-uses\/","title":{"rendered":"Comment savoir si les freins de mon v\u00e9lo sont us\u00e9s ?"},"content":{"rendered":"\t\t<div data-elementor-type=\"wp-post\" data-elementor-id=\"18958\" class=\"elementor elementor-18958\" data-elementor-post-type=\"post\">\n\t\t\t\t<div class=\"elementor-element elementor-element-7207ff2 e-flex e-con-boxed e-con e-parent\" data-id=\"7207ff2\" data-element_type=\"container\" data-e-type=\"container\">\n\t\t\t\t\t<div class=\"e-con-inner\">\n\t\t\t\t<div class=\"elementor-element elementor-element-0ff431e elementor-widget elementor-widget-text-editor\" data-id=\"0ff431e\" data-element_type=\"widget\" data-e-type=\"widget\" data-widget_type=\"text-editor.default\">\n\t\t\t\t<div class=\"elementor-widget-container\">\n\t\t\t\t\t\t\t\t\t<p>Quand on parle de s\u00e9curit\u00e9 \u00e0 v\u00e9lo, on pense souvent au casque ou \u00e0 l\u2019\u00e9clairage. Pourtant, les freins sont l\u2019\u00e9l\u00e9ment le plus important.\u00a0<\/p><p>On oublie trop souvent de v\u00e9rifier si les freins de notre v\u00e9lo sont toujours fiables. Pourtant, des freins v\u00e9lo us\u00e9s peuvent vous mettre en danger et augmenter fortement le risque d\u2019accident. Un v\u00e9lo peut sembler en parfait \u00e9tat, mais un freinage inefficace peut suffire \u00e0 provoquer une chute.\u00a0<\/p><p>La bonne nouvelle ?<br data-start=\"732\" data-end=\"735\" \/>\ud83d\udc49 <strong data-start=\"738\" data-end=\"835\">Il est possible de rep\u00e9rer les signes d\u2019usure facilement, m\u00eame sans \u00eatre expert en m\u00e9canique.<\/strong><\/p><p>Dans cet article, nous vous expliquons comment v\u00e9rifier vous-m\u00eame l\u2019\u00e9tat de vos freins, reconna\u00eetre les signes d\u2019usure et savoir quand il est indispensable de les faire remplacer pour rouler en toute s\u00e9curit\u00e9.<\/p>\t\t\t\t\t\t\t\t<\/div>\n\t\t\t\t<\/div>\n\t\t\t\t\t<\/div>\n\t\t\t\t<\/div>\n\t\t<div class=\"elementor-element elementor-element-91629af e-flex e-con-boxed e-con e-parent\" data-id=\"91629af\" data-element_type=\"container\" data-e-type=\"container\">\n\t\t\t\t\t<div class=\"e-con-inner\">\n\t\t\t\t<div class=\"elementor-element elementor-element-6486f8e elementor-widget elementor-widget-heading\" data-id=\"6486f8e\" data-element_type=\"widget\" data-e-type=\"widget\" data-widget_type=\"heading.default\">\n\t\t\t\t<div class=\"elementor-widget-container\">\n\t\t\t\t\t<h3 class=\"elementor-heading-title elementor-size-default\">Pourquoi des freins v\u00e9lo us\u00e9s sont dangereux ?<\/h3>\t\t\t\t<\/div>\n\t\t\t\t<\/div>\n\t\t\t\t\t<\/div>\n\t\t\t\t<\/div>\n\t\t<div class=\"elementor-element elementor-element-f9adad4 e-flex e-con-boxed e-con e-parent\" data-id=\"f9adad4\" data-element_type=\"container\" data-e-type=\"container\">\n\t\t\t\t\t<div class=\"e-con-inner\">\n\t\t\t\t<div class=\"elementor-element elementor-element-7f8653b elementor-widget elementor-widget-text-editor\" data-id=\"7f8653b\" data-element_type=\"widget\" data-e-type=\"widget\" data-widget_type=\"text-editor.default\">\n\t\t\t\t<div class=\"elementor-widget-container\">\n\t\t\t\t\t\t\t\t\t<p>Les freins sont l\u2019\u00e9l\u00e9ment de s\u00e9curit\u00e9 le plus important sur un v\u00e9lo. Ils vous permettent de \u00a0ralentir et d&rsquo;arr\u00eater le v\u00e9lo au besoin. Hors, lorsqu\u2019ils sont us\u00e9s :<\/p><ul><li>Votre v\u00e9lo mettra plus de temps \u00e0 s&rsquo;arr\u00eater<\/li><li>Le freinage deviens moins pr\u00e9cis\u00a0<\/li><li>Le risque de perte de contr\u00f4le de votre v\u00e9lo est plus \u00e9lev\u00e9, surtout sous la pluie ou en descente<\/li><\/ul><p>Un simple contr\u00f4le peut vous \u00e9viter un accident.\u26a0\ufe0f<\/p>\t\t\t\t\t\t\t\t<\/div>\n\t\t\t\t<\/div>\n\t\t\t\t\t<\/div>\n\t\t\t\t<\/div>\n\t\t<div class=\"elementor-element elementor-element-e55ce8a e-flex e-con-boxed e-con e-parent\" data-id=\"e55ce8a\" data-element_type=\"container\" data-e-type=\"container\">\n\t\t\t\t\t<div class=\"e-con-inner\">\n\t\t\t\t<div class=\"elementor-element elementor-element-e0f74a6 elementor-widget elementor-widget-heading\" data-id=\"e0f74a6\" data-element_type=\"widget\" data-e-type=\"widget\" data-widget_type=\"heading.default\">\n\t\t\t\t<div class=\"elementor-widget-container\">\n\t\t\t\t\t<h3 class=\"elementor-heading-title elementor-size-default\">Les signes d'usures selon les diff\u00e9rents freins v\u00e9lo<\/h3>\t\t\t\t<\/div>\n\t\t\t\t<\/div>\n\t\t\t\t\t<\/div>\n\t\t\t\t<\/div>\n\t\t<div class=\"elementor-element elementor-element-7f3b062 e-flex e-con-boxed e-con e-parent\" data-id=\"7f3b062\" data-element_type=\"container\" data-e-type=\"container\">\n\t\t\t\t\t<div class=\"e-con-inner\">\n\t\t\t\t<div class=\"elementor-element elementor-element-0db0fe8 elementor-widget elementor-widget-text-editor\" data-id=\"0db0fe8\" data-element_type=\"widget\" data-e-type=\"widget\" data-widget_type=\"text-editor.default\">\n\t\t\t\t<div class=\"elementor-widget-container\">\n\t\t\t\t\t\t\t\t\t<p>Il existe principalement 2 types de freins sur les v\u00e9los:<\/p><ul><li><span style=\"text-decoration: underline;\"><strong>Les freins sur jante:<\/strong> <\/span>tr\u00e8s r\u00e9pandu sur les v\u00e9los de ville et certains VTT. Ils fonctionnent avec des patins qui viennent frotter contre la jante de la roue pour ralentir le v\u00e9lo.\u00a0<\/li><li><span style=\"text-decoration: underline;\"><strong>Les freins \u00e0 disque:<\/strong><\/span> pr\u00e9sents sur beaucoup de v\u00e9los r\u00e9cents: route, gravel, VTT&#8230; \u00c0 l&rsquo;inverse, ceux-ci fonctionnent avec des plaquettes qui serrent un disque m\u00e9tallique fix\u00e9 sur la roue<\/li><\/ul><p>Peut importe le type de freins, ils s&rsquo;usent tous avec le temps. Voici les principaux signes \u00e0 rep\u00e9rer, facilement et sans outil:<\/p><p>\u00a0 \u00a0 \u00a0 \u00a0 \u00a0 \u00a0<span style=\"text-decoration: underline;\"><strong>\ud83d\udd0eFreins sur jante: <\/strong><\/span><\/p><ul><li>Les patins sont tr\u00e8s fins, voir m\u00eame presque lisses,<\/li><li>Les petites rainures normalement pr\u00e9sentes, ne sont plus visibles,\u00a0<\/li><li>La gomme est dure, craquel\u00e9e ou ab\u00eem\u00e9e,<\/li><li>Vous devez serrer fort le levier pour freiner.<\/li><\/ul><p>\u00a0 \u00a0 \u00a0 \u00a0 \u00a0 \u00a0<span style=\"text-decoration: underline;\"><strong>\ud83d\udd0eFreins \u00e0 disque:<\/strong><\/span><\/p><ul><li>Des bruits inhabituels lors du freinage (grincement, bruit m\u00e9tallique)<\/li><li>Le levier de frein est mou ou trop proche du guidon<\/li><li>Le freinage n&rsquo;a plus la m\u00eame efficacit\u00e9\u00a0<\/li><li>Les plaquettes perdent en \u00e9paisseur, elles deviennent \u00ab\u00a0fines\u00a0\u00bb<\/li><\/ul><p>\u26a0\ufe0fDes plaquettes trop us\u00e9es peuvent aussi ab\u00eemer le disque, ce qui entraine des r\u00e9parations plus importantes.\u00a0<\/p>\t\t\t\t\t\t\t\t<\/div>\n\t\t\t\t<\/div>\n\t\t\t\t\t<\/div>\n\t\t\t\t<\/div>\n\t\t<div class=\"elementor-element elementor-element-566cdf7 e-flex e-con-boxed e-con e-parent\" data-id=\"566cdf7\" data-element_type=\"container\" data-e-type=\"container\">\n\t\t\t\t\t<div class=\"e-con-inner\">\n\t\t\t\t<div class=\"elementor-element elementor-element-35b7135 elementor-widget elementor-widget-heading\" data-id=\"35b7135\" data-element_type=\"widget\" data-e-type=\"widget\" data-widget_type=\"heading.default\">\n\t\t\t\t<div class=\"elementor-widget-container\">\n\t\t\t\t\t<h3 class=\"elementor-heading-title elementor-size-default\">\u00c0 quelle fr\u00e9quence faut-il v\u00e9rifier ses freins v\u00e9lo ?<\/h3>\t\t\t\t<\/div>\n\t\t\t\t<\/div>\n\t\t\t\t\t<\/div>\n\t\t\t\t<\/div>\n\t\t<div class=\"elementor-element elementor-element-bdb6303 e-flex e-con-boxed e-con e-parent\" data-id=\"bdb6303\" data-element_type=\"container\" data-e-type=\"container\">\n\t\t\t\t\t<div class=\"e-con-inner\">\n\t\t\t\t<div class=\"elementor-element elementor-element-7f4330b elementor-widget elementor-widget-text-editor\" data-id=\"7f4330b\" data-element_type=\"widget\" data-e-type=\"widget\" data-widget_type=\"text-editor.default\">\n\t\t\t\t<div class=\"elementor-widget-container\">\n\t\t\t\t\t\t\t\t\t<p>Pour rouler en toute s\u00e9curit\u00e9, voici de bonnes habitudes \u00e0 adopter:<\/p><p>\u2705Avant une longue sortie: test rapide du freinage -&gt; je test les leviers de freinages et je v\u00e9rifie que mon v\u00e9lo freine efficacement \u00e0 faible vitesse<\/p><p>\u2705Tout les mois, si vous utilisez votre v\u00e9lo r\u00e9guli\u00e8rement: contr\u00f4le visuel (patins, plaquettes), et je test le freinage pour \u00eatre s\u00fbr que tout fonctionne correctement\u00a0<\/p><p>\u2705Apr\u00e8s une sortie sous la pluie, dans la boues, ou des chemins difficiles: vos freins s&rsquo;usent plus rapidement dans ces conditions, testez vos freins avant de repartir pour \u00eatre s\u00fbr qu&rsquo;ils sont encore efficace<\/p><p>\ud83d\udca1M\u00eame si votre v\u00e9lo semble normal, un contr\u00f4le rapide ne prend que quelques minutes et peut vous sauver d\u2019une mauvaise surprise.<\/p>\t\t\t\t\t\t\t\t<\/div>\n\t\t\t\t<\/div>\n\t\t\t\t\t<\/div>\n\t\t\t\t<\/div>\n\t\t<div class=\"elementor-element elementor-element-2c33acd e-flex e-con-boxed e-con e-parent\" data-id=\"2c33acd\" data-element_type=\"container\" data-e-type=\"container\">\n\t\t\t\t\t<div class=\"e-con-inner\">\n\t\t\t\t<div class=\"elementor-element elementor-element-dd739e9 elementor-widget elementor-widget-heading\" data-id=\"dd739e9\" data-element_type=\"widget\" data-e-type=\"widget\" data-widget_type=\"heading.default\">\n\t\t\t\t<div class=\"elementor-widget-container\">\n\t\t\t\t\t<h4 class=\"elementor-heading-title elementor-size-default\">En conclusion pour l'entretien de ses freins de v\u00e9lo<\/h4>\t\t\t\t<\/div>\n\t\t\t\t<\/div>\n\t\t\t\t\t<\/div>\n\t\t\t\t<\/div>\n\t\t<div class=\"elementor-element elementor-element-16ebf40 e-flex e-con-boxed e-con e-parent\" data-id=\"16ebf40\" data-element_type=\"container\" data-e-type=\"container\">\n\t\t\t\t\t<div class=\"e-con-inner\">\n\t\t\t\t<div class=\"elementor-element elementor-element-432e2d8 elementor-widget elementor-widget-text-editor\" data-id=\"432e2d8\" data-element_type=\"widget\" data-e-type=\"widget\" data-widget_type=\"text-editor.default\">\n\t\t\t\t<div class=\"elementor-widget-container\">\n\t\t\t\t\t\t\t\t\t<p>Il est recommand\u00e9 de faire changer vos freins d\u00e8s que l&rsquo;usure devient visible, que le freinage deviens moins efficace ou bien si vous avez un doute. Mieux vaut v\u00e9rifier trop souvent que pas assez.<\/p><p>Dans le cas ou vous remarquez des signes d&rsquo;usures, <a href=\"https:\/\/www.cycles-blain.com\/content\/19-rdv-atelier-velo\" target=\"_blank\" rel=\"noopener\">prenez rendez-vous dans nos ateliers<\/a>, afin de rouler sereinement.<br \/>Vous souhaitez apprendre ou faire l&rsquo;entretien de votre v\u00e9lo de fa\u00e7on, plus autonome ? Nous proposons aussi des cours de m\u00e9canique v\u00e9lo pour les particuliers sur Lyon :\u00a0<a style=\"background-color: #ffffff; font-size: 1rem;\" href=\"https:\/\/www.cycles-blain.com\/content\/93-cours-de-mecanique-velo-particuliers-sur-lyon\" target=\"_blank\" rel=\"noopener\">Inscrivez-vous ici<\/a><\/p>\t\t\t\t\t\t\t\t<\/div>\n\t\t\t\t<\/div>\n\t\t\t\t<div class=\"elementor-element elementor-element-ce29746 elementor-align-center elementor-widget elementor-widget-button\" data-id=\"ce29746\" data-element_type=\"widget\" data-e-type=\"widget\" data-widget_type=\"button.default\">\n\t\t\t\t<div class=\"elementor-widget-container\">\n\t\t\t\t\t\t\t\t\t<div class=\"elementor-button-wrapper\">\n\t\t\t\t\t<a class=\"elementor-button elementor-button-link elementor-size-sm\" href=\"https:\/\/www.cycles-blain.com\/content\/19-rdv-atelier-velo\" target=\"_blank\">\n\t\t\t\t\t\t<span class=\"elementor-button-content-wrapper\">\n\t\t\t\t\t\t<span class=\"elementor-button-icon\">\n\t\t\t\t<i aria-hidden=\"true\" class=\"fas fa-calendar-alt\"><\/i>\t\t\t<\/span>\n\t\t\t\t\t\t\t\t\t<span class=\"elementor-button-text\">Je prend un RDV atelier <\/span>\n\t\t\t\t\t<\/span>\n\t\t\t\t\t<\/a>\n\t\t\t\t<\/div>\n\t\t\t\t\t\t\t\t<\/div>\n\t\t\t\t<\/div>\n\t\t\t\t\t<\/div>\n\t\t\t\t<\/div>\n\t\t\t\t<\/div>\n\t\t","protected":false},"excerpt":{"rendered":"<p>Savoir si ses freins v\u00e9lo sont us\u00e9s avec CYCLES BLAIN : Apprenez \u00e0 reconna\u00eetre les signes d&rsquo;usure de vos freins \u00e0 disques ou \u00e0 patins<\/p>\n","protected":false},"author":5,"featured_media":19037,"comment_status":"open","ping_status":"open","sticky":false,"template":"","format":"standard","meta":{"site-sidebar-layout":"default","site-content-layout":"","ast-site-content-layout":"default","site-content-style":"default","site-sidebar-style":"default","ast-global-header-display":"","ast-banner-title-visibility":"","ast-main-header-display":"","ast-hfb-above-header-display":"","ast-hfb-below-header-display":"","ast-hfb-mobile-header-display":"","site-post-title":"","ast-breadcrumbs-content":"","ast-featured-img":"","footer-sml-layout":"","theme-transparent-header-meta":"","adv-header-id-meta":"","stick-header-meta":"","header-above-stick-meta":"","header-main-stick-meta":"","header-below-stick-meta":"","astra-migrate-meta-layouts":"set","ast-page-background-enabled":"default","ast-page-background-meta":{"desktop":{"background-color":"","background-image":"","background-repeat":"repeat","background-position":"center center","background-size":"auto","background-attachment":"scroll","background-type":"","background-media":"","overlay-type":"","overlay-color":"","overlay-gradient":""},"tablet":{"background-color":"","background-image":"","background-repeat":"repeat","background-position":"center center","background-size":"auto","background-attachment":"scroll","background-type":"","background-media":"","overlay-type":"","overlay-color":"","overlay-gradient":""},"mobile":{"background-color":"","background-image":"","background-repeat":"repeat","background-position":"center center","background-size":"auto","background-attachment":"scroll","background-type":"","background-media":"","overlay-type":"","overlay-color":"","overlay-gradient":""}},"ast-content-background-meta":{"desktop":{"background-color":"var(--ast-global-color-5)","background-image":"","background-repeat":"repeat","background-position":"center center","background-size":"auto","background-attachment":"scroll","background-type":"","background-media":"","overlay-type":"","overlay-color":"","overlay-gradient":""},"tablet":{"background-color":"var(--ast-global-color-5)","background-image":"","background-repeat":"repeat","background-position":"center center","background-size":"auto","background-attachment":"scroll","background-type":"","background-media":"","overlay-type":"","overlay-color":"","overlay-gradient":""},"mobile":{"background-color":"var(--ast-global-color-5)","background-image":"","background-repeat":"repeat","background-position":"center center","background-size":"auto","background-attachment":"scroll","background-type":"","background-media":"","overlay-type":"","overlay-color":"","overlay-gradient":""}},"footnotes":""},"categories":[88,9],"tags":[],"class_list":["post-18958","post","type-post","status-publish","format-standard","has-post-thumbnail","hentry","category-atelier-reparation","category-conseils-velo"],"yoast_head":"<!-- This site is optimized with the Yoast SEO plugin v27.4 - https:\/\/yoast.com\/product\/yoast-seo-wordpress\/ -->\n<title>Comment savoir si les freins de mon v\u00e9lo sont us\u00e9s ? - CYCLES BLAIN<\/title>\n<meta name=\"description\" content=\"Savoir si ses freins v\u00e9lo sont us\u00e9s avec CYCLES BLAIN : Apprenez \u00e0 reconna\u00eetre les signes d&#039;usure de vos freins \u00e0 disques ou \u00e0 patins\" \/>\n<meta name=\"robots\" content=\"index, follow, max-snippet:-1, max-image-preview:large, max-video-preview:-1\" \/>\n<link rel=\"canonical\" href=\"https:\/\/www.cycles-blain.com\/fr\/conseils-velo\/comment-savoir-si-les-freins-de-mon-velo-sont-uses\/\" \/>\n<meta property=\"og:locale\" content=\"fr_FR\" \/>\n<meta property=\"og:type\" content=\"article\" \/>\n<meta property=\"og:title\" content=\"Comment savoir si les freins de mon v\u00e9lo sont us\u00e9s ? - CYCLES BLAIN\" \/>\n<meta property=\"og:description\" content=\"Savoir si ses freins v\u00e9lo sont us\u00e9s avec CYCLES BLAIN : Apprenez \u00e0 reconna\u00eetre les signes d&#039;usure de vos freins \u00e0 disques ou \u00e0 patins\" \/>\n<meta property=\"og:url\" content=\"https:\/\/www.cycles-blain.com\/fr\/conseils-velo\/comment-savoir-si-les-freins-de-mon-velo-sont-uses\/\" \/>\n<meta property=\"og:site_name\" content=\"CyclesBlain - Magasins de v\u00e9los, accessoires et ateliers\" \/>\n<meta property=\"article:publisher\" content=\"https:\/\/www.facebook.com\/cyclesblain\/?locale=fr_FR\" \/>\n<meta property=\"article:published_time\" content=\"2026-01-06T09:35:33+00:00\" \/>\n<meta property=\"article:modified_time\" content=\"2026-01-07T07:44:17+00:00\" \/>\n<meta property=\"og:image\" content=\"https:\/\/www.cycles-blain.com\/fr\/wp-content\/uploads\/2026\/01\/freins-velo-uses.jpg\" \/>\n\t<meta property=\"og:image:width\" content=\"600\" \/>\n\t<meta property=\"og:image:height\" content=\"400\" \/>\n\t<meta property=\"og:image:type\" content=\"image\/jpeg\" \/>\n<meta name=\"author\" content=\"Manon\" \/>\n<meta name=\"twitter:card\" content=\"summary_large_image\" \/>\n<meta name=\"twitter:label1\" content=\"\u00c9crit par\" \/>\n\t<meta name=\"twitter:data1\" content=\"Manon\" \/>\n\t<meta name=\"twitter:label2\" content=\"Dur\u00e9e de lecture estim\u00e9e\" \/>\n\t<meta name=\"twitter:data2\" content=\"4 minutes\" \/>\n<script type=\"application\/ld+json\" class=\"yoast-schema-graph\">{\"@context\":\"https:\\\/\\\/schema.org\",\"@graph\":[{\"@type\":\"Article\",\"@id\":\"https:\\\/\\\/www.cycles-blain.com\\\/fr\\\/conseils-velo\\\/comment-savoir-si-les-freins-de-mon-velo-sont-uses\\\/#article\",\"isPartOf\":{\"@id\":\"https:\\\/\\\/www.cycles-blain.com\\\/fr\\\/conseils-velo\\\/comment-savoir-si-les-freins-de-mon-velo-sont-uses\\\/\"},\"author\":{\"name\":\"Manon\",\"@id\":\"https:\\\/\\\/www.cycles-blain.com\\\/fr\\\/#\\\/schema\\\/person\\\/f82a8c0c551dfc1b1a6ac68605ac9d3f\"},\"headline\":\"Comment savoir si les freins de mon v\u00e9lo sont us\u00e9s ?\",\"datePublished\":\"2026-01-06T09:35:33+00:00\",\"dateModified\":\"2026-01-07T07:44:17+00:00\",\"mainEntityOfPage\":{\"@id\":\"https:\\\/\\\/www.cycles-blain.com\\\/fr\\\/conseils-velo\\\/comment-savoir-si-les-freins-de-mon-velo-sont-uses\\\/\"},\"wordCount\":702,\"commentCount\":0,\"publisher\":{\"@id\":\"https:\\\/\\\/www.cycles-blain.com\\\/fr\\\/#organization\"},\"image\":{\"@id\":\"https:\\\/\\\/www.cycles-blain.com\\\/fr\\\/conseils-velo\\\/comment-savoir-si-les-freins-de-mon-velo-sont-uses\\\/#primaryimage\"},\"thumbnailUrl\":\"https:\\\/\\\/www.cycles-blain.com\\\/fr\\\/wp-content\\\/uploads\\\/2026\\\/01\\\/freins-velo-uses.jpg\",\"articleSection\":[\"Atelier\",\"Conseils-Pratique\"],\"inLanguage\":\"fr-FR\",\"potentialAction\":[{\"@type\":\"CommentAction\",\"name\":\"Comment\",\"target\":[\"https:\\\/\\\/www.cycles-blain.com\\\/fr\\\/conseils-velo\\\/comment-savoir-si-les-freins-de-mon-velo-sont-uses\\\/#respond\"]}]},{\"@type\":\"WebPage\",\"@id\":\"https:\\\/\\\/www.cycles-blain.com\\\/fr\\\/conseils-velo\\\/comment-savoir-si-les-freins-de-mon-velo-sont-uses\\\/\",\"url\":\"https:\\\/\\\/www.cycles-blain.com\\\/fr\\\/conseils-velo\\\/comment-savoir-si-les-freins-de-mon-velo-sont-uses\\\/\",\"name\":\"Comment savoir si les freins de mon v\u00e9lo sont us\u00e9s ? - CYCLES BLAIN\",\"isPartOf\":{\"@id\":\"https:\\\/\\\/www.cycles-blain.com\\\/fr\\\/#website\"},\"primaryImageOfPage\":{\"@id\":\"https:\\\/\\\/www.cycles-blain.com\\\/fr\\\/conseils-velo\\\/comment-savoir-si-les-freins-de-mon-velo-sont-uses\\\/#primaryimage\"},\"image\":{\"@id\":\"https:\\\/\\\/www.cycles-blain.com\\\/fr\\\/conseils-velo\\\/comment-savoir-si-les-freins-de-mon-velo-sont-uses\\\/#primaryimage\"},\"thumbnailUrl\":\"https:\\\/\\\/www.cycles-blain.com\\\/fr\\\/wp-content\\\/uploads\\\/2026\\\/01\\\/freins-velo-uses.jpg\",\"datePublished\":\"2026-01-06T09:35:33+00:00\",\"dateModified\":\"2026-01-07T07:44:17+00:00\",\"description\":\"Savoir si ses freins v\u00e9lo sont us\u00e9s avec CYCLES BLAIN : Apprenez \u00e0 reconna\u00eetre les signes d'usure de vos freins \u00e0 disques ou \u00e0 patins\",\"breadcrumb\":{\"@id\":\"https:\\\/\\\/www.cycles-blain.com\\\/fr\\\/conseils-velo\\\/comment-savoir-si-les-freins-de-mon-velo-sont-uses\\\/#breadcrumb\"},\"inLanguage\":\"fr-FR\",\"potentialAction\":[{\"@type\":\"ReadAction\",\"target\":[\"https:\\\/\\\/www.cycles-blain.com\\\/fr\\\/conseils-velo\\\/comment-savoir-si-les-freins-de-mon-velo-sont-uses\\\/\"]}]},{\"@type\":\"ImageObject\",\"inLanguage\":\"fr-FR\",\"@id\":\"https:\\\/\\\/www.cycles-blain.com\\\/fr\\\/conseils-velo\\\/comment-savoir-si-les-freins-de-mon-velo-sont-uses\\\/#primaryimage\",\"url\":\"https:\\\/\\\/www.cycles-blain.com\\\/fr\\\/wp-content\\\/uploads\\\/2026\\\/01\\\/freins-velo-uses.jpg\",\"contentUrl\":\"https:\\\/\\\/www.cycles-blain.com\\\/fr\\\/wp-content\\\/uploads\\\/2026\\\/01\\\/freins-velo-uses.jpg\",\"width\":600,\"height\":400,\"caption\":\"Comment savoir si ses freins v\u00e9los sont us\u00e9s\"},{\"@type\":\"BreadcrumbList\",\"@id\":\"https:\\\/\\\/www.cycles-blain.com\\\/fr\\\/conseils-velo\\\/comment-savoir-si-les-freins-de-mon-velo-sont-uses\\\/#breadcrumb\",\"itemListElement\":[{\"@type\":\"ListItem\",\"position\":1,\"name\":\"Accueil\",\"item\":\"https:\\\/\\\/www.cycles-blain.com\\\/fr\\\/\"},{\"@type\":\"ListItem\",\"position\":2,\"name\":\"Comment savoir si les freins de mon v\u00e9lo sont us\u00e9s ?\"}]},{\"@type\":\"WebSite\",\"@id\":\"https:\\\/\\\/www.cycles-blain.com\\\/fr\\\/#website\",\"url\":\"https:\\\/\\\/www.cycles-blain.com\\\/fr\\\/\",\"name\":\"CyclesBlain - Magasins de v\u00e9los, accessoires et ateliers\",\"description\":\"Blog Cycles Blain\",\"publisher\":{\"@id\":\"https:\\\/\\\/www.cycles-blain.com\\\/fr\\\/#organization\"},\"potentialAction\":[{\"@type\":\"SearchAction\",\"target\":{\"@type\":\"EntryPoint\",\"urlTemplate\":\"https:\\\/\\\/www.cycles-blain.com\\\/fr\\\/?s={search_term_string}\"},\"query-input\":{\"@type\":\"PropertyValueSpecification\",\"valueRequired\":true,\"valueName\":\"search_term_string\"}}],\"inLanguage\":\"fr-FR\"},{\"@type\":\"Organization\",\"@id\":\"https:\\\/\\\/www.cycles-blain.com\\\/fr\\\/#organization\",\"name\":\"CyclesBlain - Magasins de v\u00e9los, accessoires et ateliers\",\"url\":\"https:\\\/\\\/www.cycles-blain.com\\\/fr\\\/\",\"logo\":{\"@type\":\"ImageObject\",\"inLanguage\":\"fr-FR\",\"@id\":\"https:\\\/\\\/www.cycles-blain.com\\\/fr\\\/#\\\/schema\\\/logo\\\/image\\\/\",\"url\":\"https:\\\/\\\/www.cycles-blain.com\\\/fr\\\/wp-content\\\/uploads\\\/2023\\\/10\\\/logo-cycles-blain.jpeg\",\"contentUrl\":\"https:\\\/\\\/www.cycles-blain.com\\\/fr\\\/wp-content\\\/uploads\\\/2023\\\/10\\\/logo-cycles-blain.jpeg\",\"width\":264,\"height\":191,\"caption\":\"CyclesBlain - Magasins de v\u00e9los, accessoires et ateliers\"},\"image\":{\"@id\":\"https:\\\/\\\/www.cycles-blain.com\\\/fr\\\/#\\\/schema\\\/logo\\\/image\\\/\"},\"sameAs\":[\"https:\\\/\\\/www.facebook.com\\\/cyclesblain\\\/?locale=fr_FR\",\"https:\\\/\\\/www.instagram.com\\\/cycles_blain\\\/?hl=fr\"]},{\"@type\":\"Person\",\"@id\":\"https:\\\/\\\/www.cycles-blain.com\\\/fr\\\/#\\\/schema\\\/person\\\/f82a8c0c551dfc1b1a6ac68605ac9d3f\",\"name\":\"Manon\",\"image\":{\"@type\":\"ImageObject\",\"inLanguage\":\"fr-FR\",\"@id\":\"https:\\\/\\\/secure.gravatar.com\\\/avatar\\\/de5471c82d19e75ec403090373707e8b781572e44c2e6135042a1e6a16f3b379?s=96&d=mm&r=g\",\"url\":\"https:\\\/\\\/secure.gravatar.com\\\/avatar\\\/de5471c82d19e75ec403090373707e8b781572e44c2e6135042a1e6a16f3b379?s=96&d=mm&r=g\",\"contentUrl\":\"https:\\\/\\\/secure.gravatar.com\\\/avatar\\\/de5471c82d19e75ec403090373707e8b781572e44c2e6135042a1e6a16f3b379?s=96&d=mm&r=g\",\"caption\":\"Manon\"},\"url\":\"https:\\\/\\\/www.cycles-blain.com\\\/fr\\\/author\\\/manon\\\/\"}]}<\/script>\n<!-- \/ Yoast SEO plugin. -->","yoast_head_json":{"title":"Comment savoir si les freins de mon v\u00e9lo sont us\u00e9s ? - CYCLES BLAIN","description":"Savoir si ses freins v\u00e9lo sont us\u00e9s avec CYCLES BLAIN : Apprenez \u00e0 reconna\u00eetre les signes d'usure de vos freins \u00e0 disques ou \u00e0 patins","robots":{"index":"index","follow":"follow","max-snippet":"max-snippet:-1","max-image-preview":"max-image-preview:large","max-video-preview":"max-video-preview:-1"},"canonical":"https:\/\/www.cycles-blain.com\/fr\/conseils-velo\/comment-savoir-si-les-freins-de-mon-velo-sont-uses\/","og_locale":"fr_FR","og_type":"article","og_title":"Comment savoir si les freins de mon v\u00e9lo sont us\u00e9s ? - CYCLES BLAIN","og_description":"Savoir si ses freins v\u00e9lo sont us\u00e9s avec CYCLES BLAIN : Apprenez \u00e0 reconna\u00eetre les signes d'usure de vos freins \u00e0 disques ou \u00e0 patins","og_url":"https:\/\/www.cycles-blain.com\/fr\/conseils-velo\/comment-savoir-si-les-freins-de-mon-velo-sont-uses\/","og_site_name":"CyclesBlain - Magasins de v\u00e9los, accessoires et ateliers","article_publisher":"https:\/\/www.facebook.com\/cyclesblain\/?locale=fr_FR","article_published_time":"2026-01-06T09:35:33+00:00","article_modified_time":"2026-01-07T07:44:17+00:00","og_image":[{"width":600,"height":400,"url":"https:\/\/www.cycles-blain.com\/fr\/wp-content\/uploads\/2026\/01\/freins-velo-uses.jpg","type":"image\/jpeg"}],"author":"Manon","twitter_card":"summary_large_image","twitter_misc":{"\u00c9crit par":"Manon","Dur\u00e9e de lecture estim\u00e9e":"4 minutes"},"schema":{"@context":"https:\/\/schema.org","@graph":[{"@type":"Article","@id":"https:\/\/www.cycles-blain.com\/fr\/conseils-velo\/comment-savoir-si-les-freins-de-mon-velo-sont-uses\/#article","isPartOf":{"@id":"https:\/\/www.cycles-blain.com\/fr\/conseils-velo\/comment-savoir-si-les-freins-de-mon-velo-sont-uses\/"},"author":{"name":"Manon","@id":"https:\/\/www.cycles-blain.com\/fr\/#\/schema\/person\/f82a8c0c551dfc1b1a6ac68605ac9d3f"},"headline":"Comment savoir si les freins de mon v\u00e9lo sont us\u00e9s ?","datePublished":"2026-01-06T09:35:33+00:00","dateModified":"2026-01-07T07:44:17+00:00","mainEntityOfPage":{"@id":"https:\/\/www.cycles-blain.com\/fr\/conseils-velo\/comment-savoir-si-les-freins-de-mon-velo-sont-uses\/"},"wordCount":702,"commentCount":0,"publisher":{"@id":"https:\/\/www.cycles-blain.com\/fr\/#organization"},"image":{"@id":"https:\/\/www.cycles-blain.com\/fr\/conseils-velo\/comment-savoir-si-les-freins-de-mon-velo-sont-uses\/#primaryimage"},"thumbnailUrl":"https:\/\/www.cycles-blain.com\/fr\/wp-content\/uploads\/2026\/01\/freins-velo-uses.jpg","articleSection":["Atelier","Conseils-Pratique"],"inLanguage":"fr-FR","potentialAction":[{"@type":"CommentAction","name":"Comment","target":["https:\/\/www.cycles-blain.com\/fr\/conseils-velo\/comment-savoir-si-les-freins-de-mon-velo-sont-uses\/#respond"]}]},{"@type":"WebPage","@id":"https:\/\/www.cycles-blain.com\/fr\/conseils-velo\/comment-savoir-si-les-freins-de-mon-velo-sont-uses\/","url":"https:\/\/www.cycles-blain.com\/fr\/conseils-velo\/comment-savoir-si-les-freins-de-mon-velo-sont-uses\/","name":"Comment savoir si les freins de mon v\u00e9lo sont us\u00e9s ? - CYCLES BLAIN","isPartOf":{"@id":"https:\/\/www.cycles-blain.com\/fr\/#website"},"primaryImageOfPage":{"@id":"https:\/\/www.cycles-blain.com\/fr\/conseils-velo\/comment-savoir-si-les-freins-de-mon-velo-sont-uses\/#primaryimage"},"image":{"@id":"https:\/\/www.cycles-blain.com\/fr\/conseils-velo\/comment-savoir-si-les-freins-de-mon-velo-sont-uses\/#primaryimage"},"thumbnailUrl":"https:\/\/www.cycles-blain.com\/fr\/wp-content\/uploads\/2026\/01\/freins-velo-uses.jpg","datePublished":"2026-01-06T09:35:33+00:00","dateModified":"2026-01-07T07:44:17+00:00","description":"Savoir si ses freins v\u00e9lo sont us\u00e9s avec CYCLES BLAIN : Apprenez \u00e0 reconna\u00eetre les signes d'usure de vos freins \u00e0 disques ou \u00e0 patins","breadcrumb":{"@id":"https:\/\/www.cycles-blain.com\/fr\/conseils-velo\/comment-savoir-si-les-freins-de-mon-velo-sont-uses\/#breadcrumb"},"inLanguage":"fr-FR","potentialAction":[{"@type":"ReadAction","target":["https:\/\/www.cycles-blain.com\/fr\/conseils-velo\/comment-savoir-si-les-freins-de-mon-velo-sont-uses\/"]}]},{"@type":"ImageObject","inLanguage":"fr-FR","@id":"https:\/\/www.cycles-blain.com\/fr\/conseils-velo\/comment-savoir-si-les-freins-de-mon-velo-sont-uses\/#primaryimage","url":"https:\/\/www.cycles-blain.com\/fr\/wp-content\/uploads\/2026\/01\/freins-velo-uses.jpg","contentUrl":"https:\/\/www.cycles-blain.com\/fr\/wp-content\/uploads\/2026\/01\/freins-velo-uses.jpg","width":600,"height":400,"caption":"Comment savoir si ses freins v\u00e9los sont us\u00e9s"},{"@type":"BreadcrumbList","@id":"https:\/\/www.cycles-blain.com\/fr\/conseils-velo\/comment-savoir-si-les-freins-de-mon-velo-sont-uses\/#breadcrumb","itemListElement":[{"@type":"ListItem","position":1,"name":"Accueil","item":"https:\/\/www.cycles-blain.com\/fr\/"},{"@type":"ListItem","position":2,"name":"Comment savoir si les freins de mon v\u00e9lo sont us\u00e9s ?"}]},{"@type":"WebSite","@id":"https:\/\/www.cycles-blain.com\/fr\/#website","url":"https:\/\/www.cycles-blain.com\/fr\/","name":"CyclesBlain - Magasins de v\u00e9los, accessoires et ateliers","description":"Blog Cycles Blain","publisher":{"@id":"https:\/\/www.cycles-blain.com\/fr\/#organization"},"potentialAction":[{"@type":"SearchAction","target":{"@type":"EntryPoint","urlTemplate":"https:\/\/www.cycles-blain.com\/fr\/?s={search_term_string}"},"query-input":{"@type":"PropertyValueSpecification","valueRequired":true,"valueName":"search_term_string"}}],"inLanguage":"fr-FR"},{"@type":"Organization","@id":"https:\/\/www.cycles-blain.com\/fr\/#organization","name":"CyclesBlain - Magasins de v\u00e9los, accessoires et ateliers","url":"https:\/\/www.cycles-blain.com\/fr\/","logo":{"@type":"ImageObject","inLanguage":"fr-FR","@id":"https:\/\/www.cycles-blain.com\/fr\/#\/schema\/logo\/image\/","url":"https:\/\/www.cycles-blain.com\/fr\/wp-content\/uploads\/2023\/10\/logo-cycles-blain.jpeg","contentUrl":"https:\/\/www.cycles-blain.com\/fr\/wp-content\/uploads\/2023\/10\/logo-cycles-blain.jpeg","width":264,"height":191,"caption":"CyclesBlain - Magasins de v\u00e9los, accessoires et ateliers"},"image":{"@id":"https:\/\/www.cycles-blain.com\/fr\/#\/schema\/logo\/image\/"},"sameAs":["https:\/\/www.facebook.com\/cyclesblain\/?locale=fr_FR","https:\/\/www.instagram.com\/cycles_blain\/?hl=fr"]},{"@type":"Person","@id":"https:\/\/www.cycles-blain.com\/fr\/#\/schema\/person\/f82a8c0c551dfc1b1a6ac68605ac9d3f","name":"Manon","image":{"@type":"ImageObject","inLanguage":"fr-FR","@id":"https:\/\/secure.gravatar.com\/avatar\/de5471c82d19e75ec403090373707e8b781572e44c2e6135042a1e6a16f3b379?s=96&d=mm&r=g","url":"https:\/\/secure.gravatar.com\/avatar\/de5471c82d19e75ec403090373707e8b781572e44c2e6135042a1e6a16f3b379?s=96&d=mm&r=g","contentUrl":"https:\/\/secure.gravatar.com\/avatar\/de5471c82d19e75ec403090373707e8b781572e44c2e6135042a1e6a16f3b379?s=96&d=mm&r=g","caption":"Manon"},"url":"https:\/\/www.cycles-blain.com\/fr\/author\/manon\/"}]}},"_links":{"self":[{"href":"https:\/\/www.cycles-blain.com\/fr\/wp-json\/wp\/v2\/posts\/18958","targetHints":{"allow":["GET"]}}],"collection":[{"href":"https:\/\/www.cycles-blain.com\/fr\/wp-json\/wp\/v2\/posts"}],"about":[{"href":"https:\/\/www.cycles-blain.com\/fr\/wp-json\/wp\/v2\/types\/post"}],"author":[{"embeddable":true,"href":"https:\/\/www.cycles-blain.com\/fr\/wp-json\/wp\/v2\/users\/5"}],"replies":[{"embeddable":true,"href":"https:\/\/www.cycles-blain.com\/fr\/wp-json\/wp\/v2\/comments?post=18958"}],"version-history":[{"count":38,"href":"https:\/\/www.cycles-blain.com\/fr\/wp-json\/wp\/v2\/posts\/18958\/revisions"}],"predecessor-version":[{"id":19036,"href":"https:\/\/www.cycles-blain.com\/fr\/wp-json\/wp\/v2\/posts\/18958\/revisions\/19036"}],"wp:featuredmedia":[{"embeddable":true,"href":"https:\/\/www.cycles-blain.com\/fr\/wp-json\/wp\/v2\/media\/19037"}],"wp:attachment":[{"href":"https:\/\/www.cycles-blain.com\/fr\/wp-json\/wp\/v2\/media?parent=18958"}],"wp:term":[{"taxonomy":"category","embeddable":true,"href":"https:\/\/www.cycles-blain.com\/fr\/wp-json\/wp\/v2\/categories?post=18958"},{"taxonomy":"post_tag","embeddable":true,"href":"https:\/\/www.cycles-blain.com\/fr\/wp-json\/wp\/v2\/tags?post=18958"}],"curies":[{"name":"wp","href":"https:\/\/api.w.org\/{rel}","templated":true}]}}