{"id":19215,"date":"2026-01-13T09:21:48","date_gmt":"2026-01-13T08:21:48","guid":{"rendered":"https:\/\/www.cycles-blain.com\/fr\/?p=19215"},"modified":"2026-01-13T14:30:42","modified_gmt":"2026-01-13T13:30:42","slug":"nouveaute-2026-cannondale-devoile-le-flying-v","status":"publish","type":"post","link":"https:\/\/www.cycles-blain.com\/fr\/magasins-velo\/nouveaute-2026-cannondale-devoile-le-flying-v\/","title":{"rendered":"Zoom sur le Cannondale Flying V: une nouvelle vision"},"content":{"rendered":"\t\t<div data-elementor-type=\"wp-post\" data-elementor-id=\"19215\" class=\"elementor elementor-19215\" data-elementor-post-type=\"post\">\n\t\t\t\t<div class=\"elementor-element elementor-element-d2b06be e-flex e-con-boxed e-con e-parent\" data-id=\"d2b06be\" data-element_type=\"container\" data-e-type=\"container\">\n\t\t\t\t\t<div class=\"e-con-inner\">\n\t\t\t\t<div class=\"elementor-element elementor-element-0b8c9c0 elementor-widget elementor-widget-text-editor\" data-id=\"0b8c9c0\" data-element_type=\"widget\" data-e-type=\"widget\" data-widget_type=\"text-editor.default\">\n\t\t\t\t<div class=\"elementor-widget-container\">\n\t\t\t\t\t\t\t\t\t<p data-start=\"74\" data-end=\"129\">Le nom Flying V vous dit peut-\u00eatre quelque chose ?\ud83c\udfb8\u00a0<\/p><p data-start=\"131\" data-end=\"382\">Certains penseront \u00e0 la c\u00e9l\u00e8bre guitare aux lignes anguleuses, connue comme un symbole de caract\u00e8re et de personnalit\u00e9 affirm\u00e9e. Pourtant, ce lien n\u2019existe que dans l\u2019esprit de ceux qui la connaissent. Une simple co\u00efncidence\u2026<\/p><p>Le Flying V, v\u00e9lo urbain \u00e9lectrique enti\u00e8rement en carbone, incarne une nouvelle mani\u00e8re de se d\u00e9placer : plus l\u00e9g\u00e8re, plus fluide, plus \u00e9l\u00e9gante. Cannondale signe ici un mod\u00e8le au design minimaliste, o\u00f9 chaque d\u00e9tail semble r\u00e9fl\u00e9chi pour offrir confort, polyvalence et simplicit\u00e9 d\u2019usage. Un v\u00e9lo qui ne cherche pas \u00e0 en faire trop, mais qui transforme les trajets du quotidien en v\u00e9ritables moments de plaisir.<\/p>\t\t\t\t\t\t\t\t<\/div>\n\t\t\t\t<\/div>\n\t\t\t\t\t<\/div>\n\t\t\t\t<\/div>\n\t\t<div class=\"elementor-element elementor-element-ff1188e e-flex e-con-boxed e-con e-parent\" data-id=\"ff1188e\" data-element_type=\"container\" data-e-type=\"container\">\n\t\t\t\t\t<div class=\"e-con-inner\">\n\t\t\t\t<div class=\"elementor-element elementor-element-b49aa9e elementor-widget elementor-widget-heading\" data-id=\"b49aa9e\" data-element_type=\"widget\" data-e-type=\"widget\" data-widget_type=\"heading.default\">\n\t\t\t\t<div class=\"elementor-widget-container\">\n\t\t\t\t\t<h3 class=\"elementor-heading-title elementor-size-default\">Design: un mod\u00e8le inspir\u00e9 des plus grands<\/h3>\t\t\t\t<\/div>\n\t\t\t\t<\/div>\n\t\t\t\t\t<\/div>\n\t\t\t\t<\/div>\n\t\t<div class=\"elementor-element elementor-element-dc219d7 e-flex e-con-boxed e-con e-parent\" data-id=\"dc219d7\" data-element_type=\"container\" data-e-type=\"container\">\n\t\t\t\t\t<div class=\"e-con-inner\">\n\t\t\t\t<div class=\"elementor-element elementor-element-429f903 elementor-widget elementor-widget-text-editor\" data-id=\"429f903\" data-element_type=\"widget\" data-e-type=\"widget\" data-widget_type=\"text-editor.default\">\n\t\t\t\t<div class=\"elementor-widget-container\">\n\t\t\t\t\t\t\t\t\t<p data-start=\"137\" data-end=\"590\">M\u00eame si son nom n\u2019a aucun lien musical <img decoding=\"async\" draggable=\"false\" role=\"img\" class=\"emoji\" alt=\"\ud83c\udfb8\" src=\"https:\/\/s.w.org\/images\/core\/emoji\/17.0.2\/svg\/1f3b8.svg\">, le \u201cV\u201d est bien pr\u00e9sent pour une raison. Compos\u00e9 avec une g\u00e9om\u00e9trie en forme de \u201cV\u201d, ce v\u00e9lo urbain \u00e9lectrique s\u2019inspire des cadres embl\u00e9matiques du DeltaV et du KillerV, con\u00e7us dans les ann\u00e9es 90 et eux aussi reconnaissables par leur profil en V. Mais cette g\u00e9om\u00e9trie n\u2019est pas que purement esth\u00e9tique : avec un tube sup\u00e9rieur abaiss\u00e9, l\u2019enjambement est facilit\u00e9 et la rigidit\u00e9 renforc\u00e9e <img decoding=\"async\" draggable=\"false\" role=\"img\" class=\"emoji\" alt=\"\ud83d\udcaa\" src=\"https:\/\/s.w.org\/images\/core\/emoji\/17.0.2\/svg\/1f4aa.svg\">.<\/p>\n<p data-start=\"592\" data-end=\"840\">Au-del\u00e0 de ce clin d\u2019\u0153il visuel et nostalgique, Cannondale ne s\u2019est pas arr\u00eat\u00e9e l\u00e0 <img decoding=\"async\" draggable=\"false\" role=\"img\" class=\"emoji\" alt=\"\ud83d\ude80\" src=\"https:\/\/s.w.org\/images\/core\/emoji\/17.0.2\/svg\/1f680.svg\">. La marque a vu les choses en grand : le FlyingV est enti\u00e8rement compos\u00e9 de carbone, m\u00eame les garde-boues sont en carbone, et cela ne passe pas inaper\u00e7u <img decoding=\"async\" draggable=\"false\" role=\"img\" class=\"emoji\" alt=\"\u2728\" src=\"https:\/\/s.w.org\/images\/core\/emoji\/17.0.2\/svg\/2728.svg\">. N\u00e9anmoins, les roues quant \u00e0 elles restent en aluminium, ce qui reste logique pour un v\u00e9lo urbain \u00e9lectrique.<\/p>\n<p data-start=\"842\" data-end=\"1110\">Ce v\u00e9lo \u00e9lectrique urbain incarne une vision diff\u00e9rente : tout est mis sur la l\u00e9g\u00e8ret\u00e9. Dans un march\u00e9 o\u00f9 ce type de mod\u00e8le d\u00e9passe souvent les 25\u202fkg, Cannondale opte pour un ch\u00e2ssis tout carbone pour atteindre un poids inf\u00e9rieur \u00e0 19\u202fkg <img decoding=\"async\" draggable=\"false\" role=\"img\" class=\"emoji\" alt=\"\u26a1\" src=\"https:\/\/s.w.org\/images\/core\/emoji\/17.0.2\/svg\/26a1.svg\">.<\/p>\n<p data-start=\"1112\" data-end=\"1431\">Le choix du carbone, g\u00e9n\u00e9ralement r\u00e9serv\u00e9 aux v\u00e9los de route, n\u2019est pourtant pas illogique pour les v\u00e9los urbains \u00e9lectriques : il apporte plus de vivacit\u00e9, une meilleure inertie et une maniabilit\u00e9 accrue. Le r\u00e9sultat ? Une exp\u00e9rience de conduite plus vive, plus directe et surtout fid\u00e8le \u00e0 l\u2019ADN sportif de la marque <img decoding=\"async\" draggable=\"false\" role=\"img\" class=\"emoji\" alt=\"\ud83d\udeb4\u200d\u2642\ufe0f\" src=\"https:\/\/s.w.org\/images\/core\/emoji\/17.0.2\/svg\/1f6b4-200d-2642-fe0f.svg\"><img decoding=\"async\" draggable=\"false\" role=\"img\" class=\"emoji\" alt=\"\ud83d\udd25\" src=\"https:\/\/s.w.org\/images\/core\/emoji\/17.0.2\/svg\/1f525.svg\">.<\/p>\t\t\t\t\t\t\t\t<\/div>\n\t\t\t\t<\/div>\n\t\t<div class=\"elementor-element elementor-element-df6b242 e-grid e-con-full e-con e-child\" data-id=\"df6b242\" data-element_type=\"container\" data-e-type=\"container\">\n\t\t\t\t<div class=\"elementor-element elementor-element-78951ca elementor-widget elementor-widget-image\" data-id=\"78951ca\" data-element_type=\"widget\" data-e-type=\"widget\" data-widget_type=\"image.default\">\n\t\t\t\t<div class=\"elementor-widget-container\">\n\t\t\t\t\t\t\t\t\t\t\t\t\t\t\t<img fetchpriority=\"high\" decoding=\"async\" width=\"533\" height=\"400\" src=\"https:\/\/www.cycles-blain.com\/fr\/wp-content\/uploads\/2026\/01\/778ceba0851405d9193a9c74e785344d-e1768310296113.jpg\" class=\"attachment-large size-large wp-image-19305\" alt=\"\" \/>\t\t\t\t\t\t\t\t\t\t\t\t\t\t\t<\/div>\n\t\t\t\t<\/div>\n\t\t\t\t<div class=\"elementor-element elementor-element-43af18d elementor-widget elementor-widget-image\" data-id=\"43af18d\" data-element_type=\"widget\" data-e-type=\"widget\" data-widget_type=\"image.default\">\n\t\t\t\t<div class=\"elementor-widget-container\">\n\t\t\t\t\t\t\t\t\t\t\t\t\t\t\t<img decoding=\"async\" width=\"1024\" height=\"683\" src=\"https:\/\/www.cycles-blain.com\/fr\/wp-content\/uploads\/2026\/01\/1992-Cannondale-DeltaV900-00-1024x683.png\" class=\"attachment-large size-large wp-image-19306\" alt=\"\" srcset=\"https:\/\/www.cycles-blain.com\/fr\/wp-content\/uploads\/2026\/01\/1992-Cannondale-DeltaV900-00-1024x683.png 1024w, https:\/\/www.cycles-blain.com\/fr\/wp-content\/uploads\/2026\/01\/1992-Cannondale-DeltaV900-00-300x200.png 300w, https:\/\/www.cycles-blain.com\/fr\/wp-content\/uploads\/2026\/01\/1992-Cannondale-DeltaV900-00-768x512.png 768w, https:\/\/www.cycles-blain.com\/fr\/wp-content\/uploads\/2026\/01\/1992-Cannondale-DeltaV900-00-e1768310321789.png 600w\" sizes=\"(max-width: 1024px) 100vw, 1024px\" \/>\t\t\t\t\t\t\t\t\t\t\t\t\t\t\t<\/div>\n\t\t\t\t<\/div>\n\t\t\t\t<\/div>\n\t\t\t\t\t<\/div>\n\t\t\t\t<\/div>\n\t\t<div class=\"elementor-element elementor-element-07b4bcd e-flex e-con-boxed e-con e-parent\" data-id=\"07b4bcd\" data-element_type=\"container\" data-e-type=\"container\">\n\t\t\t\t\t<div class=\"e-con-inner\">\n\t\t\t\t<div class=\"elementor-element elementor-element-1cda106 elementor-widget elementor-widget-heading\" data-id=\"1cda106\" data-element_type=\"widget\" data-e-type=\"widget\" data-widget_type=\"heading.default\">\n\t\t\t\t<div class=\"elementor-widget-container\">\n\t\t\t\t\t<h3 class=\"elementor-heading-title elementor-size-default\">Composant du Flying V<\/h3>\t\t\t\t<\/div>\n\t\t\t\t<\/div>\n\t\t\t\t\t<\/div>\n\t\t\t\t<\/div>\n\t\t<div class=\"elementor-element elementor-element-f924edd e-flex e-con-boxed e-con e-parent\" data-id=\"f924edd\" data-element_type=\"container\" data-e-type=\"container\">\n\t\t\t\t\t<div class=\"e-con-inner\">\n\t\t\t\t<div class=\"elementor-element elementor-element-92827ad elementor-widget elementor-widget-text-editor\" data-id=\"92827ad\" data-element_type=\"widget\" data-e-type=\"widget\" data-widget_type=\"text-editor.default\">\n\t\t\t\t<div class=\"elementor-widget-container\">\n\t\t\t\t\t\t\t\t\t<p data-start=\"144\" data-end=\"509\">C\u00f4t\u00e9 assistance, le v\u00e9lo urbain \u00e9l\u00e9ctrique est \u00e9quip\u00e9 du r\u00e9cent Bosch Performance Line SX, un moteur compact et r\u00e9actif, reconnu comme l\u2019un des plus agr\u00e9ables sur le march\u00e9. Avec un couple de 60\u202fNm et une puissance maximale de 600\u202fW, aliment\u00e9 par une batterie interne de 400\u202fWh (non amovible), il offre une assistance fluide, progressive et silencieuse.<\/p><p data-start=\"511\" data-end=\"833\">L\u2019autonomie peut atteindre jusqu\u2019\u00e0 115\u202fkm, mais cette valeur d\u00e9pend surtout de votre style de conduite : balade tranquille ou sprint pour arriver \u00e0 l\u2019heure \u23f1\ufe0f. Pour les trajets plus longs, le syst\u00e8me peut \u00eatre compl\u00e9t\u00e9 par le range extender Bosch PowerPack de 250\u202fWh, histoire d\u2019allonger l\u2019aventure sans souci \u26a1.<\/p>\t\t\t\t\t\t\t\t<\/div>\n\t\t\t\t<\/div>\n\t\t\t\t\t<\/div>\n\t\t\t\t<\/div>\n\t\t<div class=\"elementor-element elementor-element-c25f1c3 e-flex e-con-boxed e-con e-parent\" data-id=\"c25f1c3\" data-element_type=\"container\" data-e-type=\"container\">\n\t\t\t\t\t<div class=\"e-con-inner\">\n\t\t\t\t<div class=\"elementor-element elementor-element-86ee1d5 elementor-widget elementor-widget-heading\" data-id=\"86ee1d5\" data-element_type=\"widget\" data-e-type=\"widget\" data-widget_type=\"heading.default\">\n\t\t\t\t<div class=\"elementor-widget-container\">\n\t\t\t\t\t<h3 class=\"elementor-heading-title elementor-size-default\">Deux versions disponibles<\/h3>\t\t\t\t<\/div>\n\t\t\t\t<\/div>\n\t\t\t\t\t<\/div>\n\t\t\t\t<\/div>\n\t\t<div class=\"elementor-element elementor-element-300de08 e-flex e-con-boxed e-con e-parent\" data-id=\"300de08\" data-element_type=\"container\" data-e-type=\"container\">\n\t\t\t\t\t<div class=\"e-con-inner\">\n\t\t\t\t<div class=\"elementor-element elementor-element-705f506 elementor-widget elementor-widget-text-editor\" data-id=\"705f506\" data-element_type=\"widget\" data-e-type=\"widget\" data-widget_type=\"text-editor.default\">\n\t\t\t\t<div class=\"elementor-widget-container\">\n\t\t\t\t\t\t\t\t\t<ul><li><ul class=\"custom-disc\"><li><p><a href=\"https:\/\/www.cycles-blain.com\/velo-ville-electrique\/2074-4753-flyingv-1-2026-cannondale.html#\/2-taille_cadre-m\/5-couleur-gris\" target=\"_blank\" rel=\"noopener\">FlyingV 1<\/a> : mod\u00e8le le plus haut de gamme, opte pour un moyeu interne Shimano Di2 automatique et une courroie Gates en carbone, silencieuse et sans entretien. Contient une commande Bosch plus sophistiqu\u00e9e (Bosch System Controller + Mini Remote) pour mieux g\u00e9rer l\u2019assistance, une selle et des pneus haut de gamme (Continental Pure Contact, tubeless ready) am\u00e9liorant le confort et la r\u00e9sistance.<\/p><\/li><\/ul><p>\ud83d\udc49 Id\u00e9al si tu veux le mod\u00e8le le plus abouti, avec mont\u00e9e en gamme sur la technologie de transmission et l\u2019exp\u00e9rience globale.<\/p><\/li><\/ul>\t\t\t\t\t\t\t\t<\/div>\n\t\t\t\t<\/div>\n\t\t\t\t<div class=\"elementor-element elementor-element-5134538 elementor-skin-carousel elementor-arrows-yes elementor-pagination-type-bullets elementor-pagination-position-outside elementor-widget elementor-widget-media-carousel\" data-id=\"5134538\" data-element_type=\"widget\" data-e-type=\"widget\" data-settings=\"{&quot;skin&quot;:&quot;carousel&quot;,&quot;effect&quot;:&quot;slide&quot;,&quot;show_arrows&quot;:&quot;yes&quot;,&quot;pagination&quot;:&quot;bullets&quot;,&quot;speed&quot;:500,&quot;autoplay&quot;:&quot;yes&quot;,&quot;autoplay_speed&quot;:5000,&quot;loop&quot;:&quot;yes&quot;,&quot;pause_on_hover&quot;:&quot;yes&quot;,&quot;pause_on_interaction&quot;:&quot;yes&quot;,&quot;space_between&quot;:{&quot;unit&quot;:&quot;px&quot;,&quot;size&quot;:10,&quot;sizes&quot;:[]},&quot;space_between_tablet&quot;:{&quot;unit&quot;:&quot;px&quot;,&quot;size&quot;:10,&quot;sizes&quot;:[]},&quot;space_between_mobile&quot;:{&quot;unit&quot;:&quot;px&quot;,&quot;size&quot;:10,&quot;sizes&quot;:[]}}\" data-widget_type=\"media-carousel.default\">\n\t\t\t\t<div class=\"elementor-widget-container\">\n\t\t\t\t\t\t\t\t\t<div class=\"elementor-swiper\">\n\t\t\t\t\t<div class=\"elementor-main-swiper swiper\" role=\"region\" aria-roledescription=\"carousel\" aria-label=\"Diapositives\">\n\t\t\t\t<div class=\"swiper-wrapper\">\n\t\t\t\t\t\t\t\t\t\t\t<div class=\"swiper-slide\" role=\"group\" aria-roledescription=\"slide\">\n\t\t\t\t\t\t\t<a href=\"https:\/\/www.cycles-blain.com\/velo-ville-electrique\/2074-4753-flyingv-1-2026-cannondale.html#\/2-taille_cadre-m\/5-couleur-gris\" target=\"_blank\">\t\t<div class=\"elementor-carousel-image\" role=\"img\" aria-label=\"Flying V 1\" style=\"background-image: url(&#039;https:\/\/www.cycles-blain.com\/fr\/wp-content\/uploads\/2026\/01\/Flying-V-1.jpeg&#039;)\">\n\n\t\t\t\n\t\t\t\t\t<\/div>\n\t\t<\/a>\t\t\t\t\t\t<\/div>\n\t\t\t\t\t\t\t\t\t\t\t<div class=\"swiper-slide\" role=\"group\" aria-roledescription=\"slide\">\n\t\t\t\t\t\t\t<a href=\"https:\/\/www.cycles-blain.com\/velo-ville-electrique\/2074-4753-flyingv-1-2026-cannondale.html#\/2-taille_cadre-m\/5-couleur-gris\" target=\"_blank\">\t\t<div class=\"elementor-carousel-image\" role=\"img\" aria-label=\"Flying V 1 2\" style=\"background-image: url(&#039;https:\/\/www.cycles-blain.com\/fr\/wp-content\/uploads\/2026\/01\/Flying-V-1-2.jpeg&#039;)\">\n\n\t\t\t\n\t\t\t\t\t<\/div>\n\t\t<\/a>\t\t\t\t\t\t<\/div>\n\t\t\t\t\t\t\t\t\t\t\t<div class=\"swiper-slide\" role=\"group\" aria-roledescription=\"slide\">\n\t\t\t\t\t\t\t<a href=\"https:\/\/www.cycles-blain.com\/velo-ville-electrique\/2074-4753-flyingv-1-2026-cannondale.html#\/2-taille_cadre-m\/5-couleur-gris\" target=\"_blank\">\t\t<div class=\"elementor-carousel-image\" role=\"img\" aria-label=\"Flying V 1 3\" style=\"background-image: url(&#039;https:\/\/www.cycles-blain.com\/fr\/wp-content\/uploads\/2026\/01\/Flying-V-1-3.jpeg&#039;)\">\n\n\t\t\t\n\t\t\t\t\t<\/div>\n\t\t<\/a>\t\t\t\t\t\t<\/div>\n\t\t\t\t\t\t\t\t\t\t\t<div class=\"swiper-slide\" role=\"group\" aria-roledescription=\"slide\">\n\t\t\t\t\t\t\t<a href=\"https:\/\/www.cycles-blain.com\/velo-ville-electrique\/2074-4753-flyingv-1-2026-cannondale.html#\/2-taille_cadre-m\/5-couleur-gris\" target=\"_blank\">\t\t<div class=\"elementor-carousel-image\" role=\"img\" aria-label=\"Flying V 1 4\" style=\"background-image: url(&#039;https:\/\/www.cycles-blain.com\/fr\/wp-content\/uploads\/2026\/01\/Flying-V-1-4.jpeg&#039;)\">\n\n\t\t\t\n\t\t\t\t\t<\/div>\n\t\t<\/a>\t\t\t\t\t\t<\/div>\n\t\t\t\t\t\t\t\t\t\t\t<div class=\"swiper-slide\" role=\"group\" aria-roledescription=\"slide\">\n\t\t\t\t\t\t\t<a href=\"https:\/\/www.cycles-blain.com\/velo-ville-electrique\/2074-4753-flyingv-1-2026-cannondale.html#\/2-taille_cadre-m\/5-couleur-gris\" target=\"_blank\">\t\t<div class=\"elementor-carousel-image\" role=\"img\" aria-label=\"Flying V 1 5\" style=\"background-image: url(&#039;https:\/\/www.cycles-blain.com\/fr\/wp-content\/uploads\/2026\/01\/Flying-V-1-5.jpeg&#039;)\">\n\n\t\t\t\n\t\t\t\t\t<\/div>\n\t\t<\/a>\t\t\t\t\t\t<\/div>\n\t\t\t\t\t\t\t\t\t\t\t<div class=\"swiper-slide\" role=\"group\" aria-roledescription=\"slide\">\n\t\t\t\t\t\t\t<a href=\"https:\/\/www.cycles-blain.com\/velo-ville-electrique\/2074-4753-flyingv-1-2026-cannondale.html#\/2-taille_cadre-m\/5-couleur-gris\" target=\"_blank\">\t\t<div class=\"elementor-carousel-image\" role=\"img\" aria-label=\"Flying V 1 6\" style=\"background-image: url(&#039;https:\/\/www.cycles-blain.com\/fr\/wp-content\/uploads\/2026\/01\/Flying-V-1-6.jpeg&#039;)\">\n\n\t\t\t\n\t\t\t\t\t<\/div>\n\t\t<\/a>\t\t\t\t\t\t<\/div>\n\t\t\t\t\t\t\t\t\t<\/div>\n\t\t\t\t\t\t\t\t\t\t\t\t\t\t\t<div class=\"elementor-swiper-button elementor-swiper-button-prev\" role=\"button\" tabindex=\"0\" aria-label=\"Pr\u00e9c\u00e9dent\">\n\t\t\t\t\t\t\t<i aria-hidden=\"true\" class=\"eicon-chevron-left\"><\/i>\t\t\t\t\t\t<\/div>\n\t\t\t\t\t\t<div class=\"elementor-swiper-button elementor-swiper-button-next\" role=\"button\" tabindex=\"0\" aria-label=\"Suivant\">\n\t\t\t\t\t\t\t<i aria-hidden=\"true\" class=\"eicon-chevron-right\"><\/i>\t\t\t\t\t\t<\/div>\n\t\t\t\t\t\t\t\t\t\t\t\t\t\t\t\t<div class=\"swiper-pagination\"><\/div>\n\t\t\t\t\t\t\t\t\t\t\t\t<\/div>\n\t\t\t\t<\/div>\n\t\t\t\t\t\t\t\t<\/div>\n\t\t\t\t<\/div>\n\t\t\t\t<div class=\"elementor-element elementor-element-77c41b3 elementor-widget elementor-widget-text-editor\" data-id=\"77c41b3\" data-element_type=\"widget\" data-e-type=\"widget\" data-widget_type=\"text-editor.default\">\n\t\t\t\t<div class=\"elementor-widget-container\">\n\t\t\t\t\t\t\t\t\t<ul><li><ul class=\"custom-disc\"><li><p><a href=\"https:\/\/www.cycles-blain.com\/velo-ville-electrique\/2073-4733-flyingv-2-2026-cannondale.html#\/2-taille_cadre-m\/13-couleur-orange\" target=\"_blank\" rel=\"noopener\">FlyingV 2<\/a> : opte pour une transmission m\u00e9canique Shimano Nexus 5 vitesses, simple, efficace et fiable, parfait pour la ville. Celui-ci est \u00e9quip\u00e9 d&rsquo;une commande Bosch LED Controller plus basique que celle du mod\u00e8le 1, disponible en 2 coloris.<\/p><\/li><\/ul><p>\ud83d\udc49 Id\u00e9al si tu veux l\u2019essentiel du FlyingV (cadre carbone, moteur Bosch, courroie sans entretien) sans payer pour les options \u00e9lectroniques avanc\u00e9es.<\/p><\/li><\/ul>\t\t\t\t\t\t\t\t<\/div>\n\t\t\t\t<\/div>\n\t\t\t\t<div class=\"elementor-element elementor-element-c0ebf8b elementor-skin-carousel elementor-arrows-yes elementor-pagination-type-bullets elementor-pagination-position-outside elementor-widget elementor-widget-media-carousel\" data-id=\"c0ebf8b\" data-element_type=\"widget\" data-e-type=\"widget\" data-settings=\"{&quot;skin&quot;:&quot;carousel&quot;,&quot;effect&quot;:&quot;slide&quot;,&quot;show_arrows&quot;:&quot;yes&quot;,&quot;pagination&quot;:&quot;bullets&quot;,&quot;speed&quot;:500,&quot;autoplay&quot;:&quot;yes&quot;,&quot;autoplay_speed&quot;:5000,&quot;loop&quot;:&quot;yes&quot;,&quot;pause_on_hover&quot;:&quot;yes&quot;,&quot;pause_on_interaction&quot;:&quot;yes&quot;,&quot;space_between&quot;:{&quot;unit&quot;:&quot;px&quot;,&quot;size&quot;:10,&quot;sizes&quot;:[]},&quot;space_between_tablet&quot;:{&quot;unit&quot;:&quot;px&quot;,&quot;size&quot;:10,&quot;sizes&quot;:[]},&quot;space_between_mobile&quot;:{&quot;unit&quot;:&quot;px&quot;,&quot;size&quot;:10,&quot;sizes&quot;:[]}}\" data-widget_type=\"media-carousel.default\">\n\t\t\t\t<div class=\"elementor-widget-container\">\n\t\t\t\t\t\t\t\t\t<div class=\"elementor-swiper\">\n\t\t\t\t\t<div class=\"elementor-main-swiper swiper\" role=\"region\" aria-roledescription=\"carousel\" aria-label=\"Diapositives\">\n\t\t\t\t<div class=\"swiper-wrapper\">\n\t\t\t\t\t\t\t\t\t\t\t<div class=\"swiper-slide\" role=\"group\" aria-roledescription=\"slide\">\n\t\t\t\t\t\t\t<a href=\"https:\/\/www.cycles-blain.com\/velo-ville-electrique\/2073-4733-flyingv-2-2026-cannondale.html#\/2-taille_cadre-m\/13-couleur-orange\" target=\"_blank\">\t\t<div class=\"elementor-carousel-image\" role=\"img\" aria-label=\"Flying V 2\" style=\"background-image: url(&#039;https:\/\/www.cycles-blain.com\/fr\/wp-content\/uploads\/2026\/01\/Flying-V-2-.jpeg&#039;)\">\n\n\t\t\t\n\t\t\t\t\t<\/div>\n\t\t<\/a>\t\t\t\t\t\t<\/div>\n\t\t\t\t\t\t\t\t\t\t\t<div class=\"swiper-slide\" role=\"group\" aria-roledescription=\"slide\">\n\t\t\t\t\t\t\t<a href=\"https:\/\/www.cycles-blain.com\/velo-ville-electrique\/2073-4737-flyingv-2-2026-cannondale.html#\/2-taille_cadre-m\/14-couleur-bleu\" target=\"_blank\">\t\t<div class=\"elementor-carousel-image\" role=\"img\" aria-label=\"Flying V 2 bleu\" style=\"background-image: url(&#039;https:\/\/www.cycles-blain.com\/fr\/wp-content\/uploads\/2026\/01\/Flying-V-2-bleu.jpeg&#039;)\">\n\n\t\t\t\n\t\t\t\t\t<\/div>\n\t\t<\/a>\t\t\t\t\t\t<\/div>\n\t\t\t\t\t\t\t\t\t\t\t<div class=\"swiper-slide\" role=\"group\" aria-roledescription=\"slide\">\n\t\t\t\t\t\t\t<a href=\"https:\/\/www.cycles-blain.com\/velo-ville-electrique\/2073-4733-flyingv-2-2026-cannondale.html#\/2-taille_cadre-m\/13-couleur-orange\" target=\"_blank\">\t\t<div class=\"elementor-carousel-image\" role=\"img\" aria-label=\"Flying V 2 2\" style=\"background-image: url(&#039;https:\/\/www.cycles-blain.com\/fr\/wp-content\/uploads\/2026\/01\/Flying-V-2-2.jpeg&#039;)\">\n\n\t\t\t\n\t\t\t\t\t<\/div>\n\t\t<\/a>\t\t\t\t\t\t<\/div>\n\t\t\t\t\t\t\t\t\t\t\t<div class=\"swiper-slide\" role=\"group\" aria-roledescription=\"slide\">\n\t\t\t\t\t\t\t<a href=\"https:\/\/www.cycles-blain.com\/velo-ville-electrique\/2073-4733-flyingv-2-2026-cannondale.html#\/2-taille_cadre-m\/13-couleur-orange\" target=\"_blank\">\t\t<div class=\"elementor-carousel-image\" role=\"img\" aria-label=\"Flying V 2 3\" style=\"background-image: url(&#039;https:\/\/www.cycles-blain.com\/fr\/wp-content\/uploads\/2026\/01\/Flying-V-2-3.jpeg&#039;)\">\n\n\t\t\t\n\t\t\t\t\t<\/div>\n\t\t<\/a>\t\t\t\t\t\t<\/div>\n\t\t\t\t\t\t\t\t\t\t\t<div class=\"swiper-slide\" role=\"group\" aria-roledescription=\"slide\">\n\t\t\t\t\t\t\t<a href=\"https:\/\/www.cycles-blain.com\/velo-ville-electrique\/2073-4733-flyingv-2-2026-cannondale.html#\/2-taille_cadre-m\/13-couleur-orange\" target=\"_blank\">\t\t<div class=\"elementor-carousel-image\" role=\"img\" aria-label=\"Flying V 2 4\" style=\"background-image: url(&#039;https:\/\/www.cycles-blain.com\/fr\/wp-content\/uploads\/2026\/01\/Flying-V-2-4.jpeg&#039;)\">\n\n\t\t\t\n\t\t\t\t\t<\/div>\n\t\t<\/a>\t\t\t\t\t\t<\/div>\n\t\t\t\t\t\t\t\t\t\t\t<div class=\"swiper-slide\" role=\"group\" aria-roledescription=\"slide\">\n\t\t\t\t\t\t\t<a href=\"https:\/\/www.cycles-blain.com\/velo-ville-electrique\/2073-4733-flyingv-2-2026-cannondale.html#\/2-taille_cadre-m\/13-couleur-orange\" target=\"_blank\">\t\t<div class=\"elementor-carousel-image\" role=\"img\" aria-label=\"Flying V 2 5\" style=\"background-image: url(&#039;https:\/\/www.cycles-blain.com\/fr\/wp-content\/uploads\/2026\/01\/Flying-V-2-5.jpeg&#039;)\">\n\n\t\t\t\n\t\t\t\t\t<\/div>\n\t\t<\/a>\t\t\t\t\t\t<\/div>\n\t\t\t\t\t\t\t\t\t<\/div>\n\t\t\t\t\t\t\t\t\t\t\t\t\t\t\t<div class=\"elementor-swiper-button elementor-swiper-button-prev\" role=\"button\" tabindex=\"0\" aria-label=\"Pr\u00e9c\u00e9dent\">\n\t\t\t\t\t\t\t<i aria-hidden=\"true\" class=\"eicon-chevron-left\"><\/i>\t\t\t\t\t\t<\/div>\n\t\t\t\t\t\t<div class=\"elementor-swiper-button elementor-swiper-button-next\" role=\"button\" tabindex=\"0\" aria-label=\"Suivant\">\n\t\t\t\t\t\t\t<i aria-hidden=\"true\" class=\"eicon-chevron-right\"><\/i>\t\t\t\t\t\t<\/div>\n\t\t\t\t\t\t\t\t\t\t\t\t\t\t\t\t<div class=\"swiper-pagination\"><\/div>\n\t\t\t\t\t\t\t\t\t\t\t\t<\/div>\n\t\t\t\t<\/div>\n\t\t\t\t\t\t\t\t<\/div>\n\t\t\t\t<\/div>\n\t\t\t\t<div class=\"elementor-element elementor-element-91cc9d2 elementor-align-center elementor-widget elementor-widget-button\" data-id=\"91cc9d2\" data-element_type=\"widget\" data-e-type=\"widget\" data-widget_type=\"button.default\">\n\t\t\t\t<div class=\"elementor-widget-container\">\n\t\t\t\t\t\t\t\t\t<div class=\"elementor-button-wrapper\">\n\t\t\t\t\t<a class=\"elementor-button elementor-button-link elementor-size-sm\" href=\"https:\/\/www.cycles-blain.com\/recherche?controller=search&#038;search_query=FlyingV\" target=\"_blank\">\n\t\t\t\t\t\t<span class=\"elementor-button-content-wrapper\">\n\t\t\t\t\t\t<span class=\"elementor-button-icon\">\n\t\t\t\t<i aria-hidden=\"true\" class=\"fas fa-bicycle\"><\/i>\t\t\t<\/span>\n\t\t\t\t\t\t\t\t\t<span class=\"elementor-button-text\">Je d\u00e9couvre les Flying V<\/span>\n\t\t\t\t\t<\/span>\n\t\t\t\t\t<\/a>\n\t\t\t\t<\/div>\n\t\t\t\t\t\t\t\t<\/div>\n\t\t\t\t<\/div>\n\t\t\t\t\t<\/div>\n\t\t\t\t<\/div>\n\t\t<div class=\"elementor-element elementor-element-0c80fc7 e-flex e-con-boxed e-con e-parent\" data-id=\"0c80fc7\" data-element_type=\"container\" data-e-type=\"container\">\n\t\t\t\t\t<div class=\"e-con-inner\">\n\t\t\t\t<div class=\"elementor-element elementor-element-dc0b9c9 elementor-widget elementor-widget-text-editor\" data-id=\"dc0b9c9\" data-element_type=\"widget\" data-e-type=\"widget\" data-widget_type=\"text-editor.default\">\n\t\t\t\t<div class=\"elementor-widget-container\">\n\t\t\t\t\t\t\t\t\t<p>Un v\u00e9lo-test du <a href=\"https:\/\/www.cycles-blain.com\/velo-ville-electrique\/2074-4753-flyingv-1-2026-cannondale.html#\/2-taille_cadre-m\/5-couleur-gris\" target=\"_blank\" rel=\"noopener\">FlyingV 1<\/a> est disponible dans notre magasin de Brignais, et tous les mod\u00e8les sont disponibles sur commande.<\/p>\t\t\t\t\t\t\t\t<\/div>\n\t\t\t\t<\/div>\n\t\t\t\t<div class=\"elementor-element elementor-element-bd48c15 elementor-align-center elementor-widget elementor-widget-button\" data-id=\"bd48c15\" data-element_type=\"widget\" data-e-type=\"widget\" data-widget_type=\"button.default\">\n\t\t\t\t<div class=\"elementor-widget-container\">\n\t\t\t\t\t\t\t\t\t<div class=\"elementor-button-wrapper\">\n\t\t\t\t\t<a class=\"elementor-button elementor-button-link elementor-size-sm\" href=\"https:\/\/www.cycles-blain.com\/fr\/renseignement-velo-e-boutique\/\" target=\"_blank\">\n\t\t\t\t\t\t<span class=\"elementor-button-content-wrapper\">\n\t\t\t\t\t\t<span class=\"elementor-button-icon\">\n\t\t\t\t<i aria-hidden=\"true\" class=\"far fa-calendar-check\"><\/i>\t\t\t<\/span>\n\t\t\t\t\t\t\t\t\t<span class=\"elementor-button-text\">J'essaye le FlyingV 1<\/span>\n\t\t\t\t\t<\/span>\n\t\t\t\t\t<\/a>\n\t\t\t\t<\/div>\n\t\t\t\t\t\t\t\t<\/div>\n\t\t\t\t<\/div>\n\t\t\t\t\t<\/div>\n\t\t\t\t<\/div>\n\t\t\t\t<\/div>\n\t\t","protected":false},"excerpt":{"rendered":"<p>Le nom Flying V vous dit peut-\u00eatre quelque chose ?\ud83c\udfb8\u00a0 Certains penseront \u00e0 la c\u00e9l\u00e8bre guitare aux lignes anguleuses, connue comme un symbole de caract\u00e8re et de personnalit\u00e9 affirm\u00e9e. Pourtant, ce lien n\u2019existe que dans l\u2019esprit de ceux qui la connaissent. Une simple co\u00efncidence\u2026 Le Flying V, v\u00e9lo urbain \u00e9lectrique enti\u00e8rement en carbone, incarne une [&hellip;]<\/p>\n","protected":false},"author":5,"featured_media":19216,"comment_status":"open","ping_status":"open","sticky":false,"template":"","format":"standard","meta":{"site-sidebar-layout":"default","site-content-layout":"","ast-site-content-layout":"default","site-content-style":"default","site-sidebar-style":"default","ast-global-header-display":"","ast-banner-title-visibility":"","ast-main-header-display":"","ast-hfb-above-header-display":"","ast-hfb-below-header-display":"","ast-hfb-mobile-header-display":"","site-post-title":"","ast-breadcrumbs-content":"","ast-featured-img":"","footer-sml-layout":"","theme-transparent-header-meta":"","adv-header-id-meta":"","stick-header-meta":"","header-above-stick-meta":"","header-main-stick-meta":"","header-below-stick-meta":"","astra-migrate-meta-layouts":"set","ast-page-background-enabled":"default","ast-page-background-meta":{"desktop":{"background-color":"","background-image":"","background-repeat":"repeat","background-position":"center center","background-size":"auto","background-attachment":"scroll","background-type":"","background-media":"","overlay-type":"","overlay-color":"","overlay-gradient":""},"tablet":{"background-color":"","background-image":"","background-repeat":"repeat","background-position":"center center","background-size":"auto","background-attachment":"scroll","background-type":"","background-media":"","overlay-type":"","overlay-color":"","overlay-gradient":""},"mobile":{"background-color":"","background-image":"","background-repeat":"repeat","background-position":"center center","background-size":"auto","background-attachment":"scroll","background-type":"","background-media":"","overlay-type":"","overlay-color":"","overlay-gradient":""}},"ast-content-background-meta":{"desktop":{"background-color":"var(--ast-global-color-5)","background-image":"","background-repeat":"repeat","background-position":"center center","background-size":"auto","background-attachment":"scroll","background-type":"","background-media":"","overlay-type":"","overlay-color":"","overlay-gradient":""},"tablet":{"background-color":"var(--ast-global-color-5)","background-image":"","background-repeat":"repeat","background-position":"center center","background-size":"auto","background-attachment":"scroll","background-type":"","background-media":"","overlay-type":"","overlay-color":"","overlay-gradient":""},"mobile":{"background-color":"var(--ast-global-color-5)","background-image":"","background-repeat":"repeat","background-position":"center center","background-size":"auto","background-attachment":"scroll","background-type":"","background-media":"","overlay-type":"","overlay-color":"","overlay-gradient":""}},"footnotes":""},"categories":[6],"tags":[],"class_list":["post-19215","post","type-post","status-publish","format-standard","has-post-thumbnail","hentry","category-magasins-velo"],"yoast_head":"<!-- This site is optimized with the Yoast SEO plugin v27.5 - https:\/\/yoast.com\/product\/yoast-seo-wordpress\/ -->\n<title>Zoom sur le Cannondale Flying V: une nouvelle vision - CYCLES BLAIN<\/title>\n<meta name=\"description\" content=\"Un v\u00e9lo urbain \u00e9lectrique pens\u00e9 autrement d\u00e9barque chez Cannondale. Le Flying V n\u2019a pas fini de surprendre, d\u00e9couvrez pourquoi...\" \/>\n<meta name=\"robots\" content=\"index, follow, max-snippet:-1, max-image-preview:large, max-video-preview:-1\" \/>\n<link rel=\"canonical\" href=\"https:\/\/www.cycles-blain.com\/fr\/magasins-velo\/nouveaute-2026-cannondale-devoile-le-flying-v\/\" \/>\n<meta property=\"og:locale\" content=\"fr_FR\" \/>\n<meta property=\"og:type\" content=\"article\" \/>\n<meta property=\"og:title\" content=\"Zoom sur le Cannondale Flying V: une nouvelle vision - CYCLES BLAIN\" \/>\n<meta property=\"og:description\" content=\"Un v\u00e9lo urbain \u00e9lectrique pens\u00e9 autrement d\u00e9barque chez Cannondale. Le Flying V n\u2019a pas fini de surprendre, d\u00e9couvrez pourquoi...\" \/>\n<meta property=\"og:url\" content=\"https:\/\/www.cycles-blain.com\/fr\/magasins-velo\/nouveaute-2026-cannondale-devoile-le-flying-v\/\" \/>\n<meta property=\"og:site_name\" content=\"CyclesBlain - Magasins de v\u00e9los, accessoires et ateliers\" \/>\n<meta property=\"article:publisher\" content=\"https:\/\/www.facebook.com\/cyclesblain\/?locale=fr_FR\" \/>\n<meta property=\"article:published_time\" content=\"2026-01-13T08:21:48+00:00\" \/>\n<meta property=\"article:modified_time\" content=\"2026-01-13T13:30:42+00:00\" \/>\n<meta property=\"og:image\" content=\"https:\/\/www.cycles-blain.com\/fr\/wp-content\/uploads\/2026\/01\/Flyong-V-article.jpg\" \/>\n\t<meta property=\"og:image:width\" content=\"600\" \/>\n\t<meta property=\"og:image:height\" content=\"400\" \/>\n\t<meta property=\"og:image:type\" content=\"image\/jpeg\" \/>\n<meta name=\"author\" content=\"Manon\" \/>\n<meta name=\"twitter:card\" content=\"summary_large_image\" \/>\n<meta name=\"twitter:label1\" content=\"\u00c9crit par\" \/>\n\t<meta name=\"twitter:data1\" content=\"Manon\" \/>\n\t<meta name=\"twitter:label2\" content=\"Dur\u00e9e de lecture estim\u00e9e\" \/>\n\t<meta name=\"twitter:data2\" content=\"6 minutes\" \/>\n<script type=\"application\/ld+json\" class=\"yoast-schema-graph\">{\"@context\":\"https:\\\/\\\/schema.org\",\"@graph\":[{\"@type\":\"Article\",\"@id\":\"https:\\\/\\\/www.cycles-blain.com\\\/fr\\\/magasins-velo\\\/nouveaute-2026-cannondale-devoile-le-flying-v\\\/#article\",\"isPartOf\":{\"@id\":\"https:\\\/\\\/www.cycles-blain.com\\\/fr\\\/magasins-velo\\\/nouveaute-2026-cannondale-devoile-le-flying-v\\\/\"},\"author\":{\"name\":\"Manon\",\"@id\":\"https:\\\/\\\/www.cycles-blain.com\\\/fr\\\/#\\\/schema\\\/person\\\/f82a8c0c551dfc1b1a6ac68605ac9d3f\"},\"headline\":\"Zoom sur le Cannondale Flying V: une nouvelle vision\",\"datePublished\":\"2026-01-13T08:21:48+00:00\",\"dateModified\":\"2026-01-13T13:30:42+00:00\",\"mainEntityOfPage\":{\"@id\":\"https:\\\/\\\/www.cycles-blain.com\\\/fr\\\/magasins-velo\\\/nouveaute-2026-cannondale-devoile-le-flying-v\\\/\"},\"wordCount\":709,\"commentCount\":0,\"publisher\":{\"@id\":\"https:\\\/\\\/www.cycles-blain.com\\\/fr\\\/#organization\"},\"image\":{\"@id\":\"https:\\\/\\\/www.cycles-blain.com\\\/fr\\\/magasins-velo\\\/nouveaute-2026-cannondale-devoile-le-flying-v\\\/#primaryimage\"},\"thumbnailUrl\":\"https:\\\/\\\/www.cycles-blain.com\\\/fr\\\/wp-content\\\/uploads\\\/2026\\\/01\\\/Flyong-V-article.jpg\",\"articleSection\":[\"Actus Magasins\"],\"inLanguage\":\"fr-FR\",\"potentialAction\":[{\"@type\":\"CommentAction\",\"name\":\"Comment\",\"target\":[\"https:\\\/\\\/www.cycles-blain.com\\\/fr\\\/magasins-velo\\\/nouveaute-2026-cannondale-devoile-le-flying-v\\\/#respond\"]}]},{\"@type\":\"WebPage\",\"@id\":\"https:\\\/\\\/www.cycles-blain.com\\\/fr\\\/magasins-velo\\\/nouveaute-2026-cannondale-devoile-le-flying-v\\\/\",\"url\":\"https:\\\/\\\/www.cycles-blain.com\\\/fr\\\/magasins-velo\\\/nouveaute-2026-cannondale-devoile-le-flying-v\\\/\",\"name\":\"Zoom sur le Cannondale Flying V: une nouvelle vision - CYCLES BLAIN\",\"isPartOf\":{\"@id\":\"https:\\\/\\\/www.cycles-blain.com\\\/fr\\\/#website\"},\"primaryImageOfPage\":{\"@id\":\"https:\\\/\\\/www.cycles-blain.com\\\/fr\\\/magasins-velo\\\/nouveaute-2026-cannondale-devoile-le-flying-v\\\/#primaryimage\"},\"image\":{\"@id\":\"https:\\\/\\\/www.cycles-blain.com\\\/fr\\\/magasins-velo\\\/nouveaute-2026-cannondale-devoile-le-flying-v\\\/#primaryimage\"},\"thumbnailUrl\":\"https:\\\/\\\/www.cycles-blain.com\\\/fr\\\/wp-content\\\/uploads\\\/2026\\\/01\\\/Flyong-V-article.jpg\",\"datePublished\":\"2026-01-13T08:21:48+00:00\",\"dateModified\":\"2026-01-13T13:30:42+00:00\",\"description\":\"Un v\u00e9lo urbain \u00e9lectrique pens\u00e9 autrement d\u00e9barque chez Cannondale. Le Flying V n\u2019a pas fini de surprendre, d\u00e9couvrez pourquoi...\",\"breadcrumb\":{\"@id\":\"https:\\\/\\\/www.cycles-blain.com\\\/fr\\\/magasins-velo\\\/nouveaute-2026-cannondale-devoile-le-flying-v\\\/#breadcrumb\"},\"inLanguage\":\"fr-FR\",\"potentialAction\":[{\"@type\":\"ReadAction\",\"target\":[\"https:\\\/\\\/www.cycles-blain.com\\\/fr\\\/magasins-velo\\\/nouveaute-2026-cannondale-devoile-le-flying-v\\\/\"]}]},{\"@type\":\"ImageObject\",\"inLanguage\":\"fr-FR\",\"@id\":\"https:\\\/\\\/www.cycles-blain.com\\\/fr\\\/magasins-velo\\\/nouveaute-2026-cannondale-devoile-le-flying-v\\\/#primaryimage\",\"url\":\"https:\\\/\\\/www.cycles-blain.com\\\/fr\\\/wp-content\\\/uploads\\\/2026\\\/01\\\/Flyong-V-article.jpg\",\"contentUrl\":\"https:\\\/\\\/www.cycles-blain.com\\\/fr\\\/wp-content\\\/uploads\\\/2026\\\/01\\\/Flyong-V-article.jpg\",\"width\":600,\"height\":400},{\"@type\":\"BreadcrumbList\",\"@id\":\"https:\\\/\\\/www.cycles-blain.com\\\/fr\\\/magasins-velo\\\/nouveaute-2026-cannondale-devoile-le-flying-v\\\/#breadcrumb\",\"itemListElement\":[{\"@type\":\"ListItem\",\"position\":1,\"name\":\"Accueil\",\"item\":\"https:\\\/\\\/www.cycles-blain.com\\\/fr\\\/\"},{\"@type\":\"ListItem\",\"position\":2,\"name\":\"Zoom sur le Cannondale Flying V: une nouvelle vision\"}]},{\"@type\":\"WebSite\",\"@id\":\"https:\\\/\\\/www.cycles-blain.com\\\/fr\\\/#website\",\"url\":\"https:\\\/\\\/www.cycles-blain.com\\\/fr\\\/\",\"name\":\"CyclesBlain - Magasins de v\u00e9los, accessoires et ateliers\",\"description\":\"Blog Cycles Blain\",\"publisher\":{\"@id\":\"https:\\\/\\\/www.cycles-blain.com\\\/fr\\\/#organization\"},\"potentialAction\":[{\"@type\":\"SearchAction\",\"target\":{\"@type\":\"EntryPoint\",\"urlTemplate\":\"https:\\\/\\\/www.cycles-blain.com\\\/fr\\\/?s={search_term_string}\"},\"query-input\":{\"@type\":\"PropertyValueSpecification\",\"valueRequired\":true,\"valueName\":\"search_term_string\"}}],\"inLanguage\":\"fr-FR\"},{\"@type\":\"Organization\",\"@id\":\"https:\\\/\\\/www.cycles-blain.com\\\/fr\\\/#organization\",\"name\":\"CyclesBlain - Magasins de v\u00e9los, accessoires et ateliers\",\"url\":\"https:\\\/\\\/www.cycles-blain.com\\\/fr\\\/\",\"logo\":{\"@type\":\"ImageObject\",\"inLanguage\":\"fr-FR\",\"@id\":\"https:\\\/\\\/www.cycles-blain.com\\\/fr\\\/#\\\/schema\\\/logo\\\/image\\\/\",\"url\":\"https:\\\/\\\/www.cycles-blain.com\\\/fr\\\/wp-content\\\/uploads\\\/2023\\\/10\\\/logo-cycles-blain.jpeg\",\"contentUrl\":\"https:\\\/\\\/www.cycles-blain.com\\\/fr\\\/wp-content\\\/uploads\\\/2023\\\/10\\\/logo-cycles-blain.jpeg\",\"width\":264,\"height\":191,\"caption\":\"CyclesBlain - Magasins de v\u00e9los, accessoires et ateliers\"},\"image\":{\"@id\":\"https:\\\/\\\/www.cycles-blain.com\\\/fr\\\/#\\\/schema\\\/logo\\\/image\\\/\"},\"sameAs\":[\"https:\\\/\\\/www.facebook.com\\\/cyclesblain\\\/?locale=fr_FR\",\"https:\\\/\\\/www.instagram.com\\\/cycles_blain\\\/?hl=fr\"]},{\"@type\":\"Person\",\"@id\":\"https:\\\/\\\/www.cycles-blain.com\\\/fr\\\/#\\\/schema\\\/person\\\/f82a8c0c551dfc1b1a6ac68605ac9d3f\",\"name\":\"Manon\",\"image\":{\"@type\":\"ImageObject\",\"inLanguage\":\"fr-FR\",\"@id\":\"https:\\\/\\\/secure.gravatar.com\\\/avatar\\\/de5471c82d19e75ec403090373707e8b781572e44c2e6135042a1e6a16f3b379?s=96&d=mm&r=g\",\"url\":\"https:\\\/\\\/secure.gravatar.com\\\/avatar\\\/de5471c82d19e75ec403090373707e8b781572e44c2e6135042a1e6a16f3b379?s=96&d=mm&r=g\",\"contentUrl\":\"https:\\\/\\\/secure.gravatar.com\\\/avatar\\\/de5471c82d19e75ec403090373707e8b781572e44c2e6135042a1e6a16f3b379?s=96&d=mm&r=g\",\"caption\":\"Manon\"},\"url\":\"https:\\\/\\\/www.cycles-blain.com\\\/fr\\\/author\\\/manon\\\/\"}]}<\/script>\n<!-- \/ Yoast SEO plugin. -->","yoast_head_json":{"title":"Zoom sur le Cannondale Flying V: une nouvelle vision - CYCLES BLAIN","description":"Un v\u00e9lo urbain \u00e9lectrique pens\u00e9 autrement d\u00e9barque chez Cannondale. Le Flying V n\u2019a pas fini de surprendre, d\u00e9couvrez pourquoi...","robots":{"index":"index","follow":"follow","max-snippet":"max-snippet:-1","max-image-preview":"max-image-preview:large","max-video-preview":"max-video-preview:-1"},"canonical":"https:\/\/www.cycles-blain.com\/fr\/magasins-velo\/nouveaute-2026-cannondale-devoile-le-flying-v\/","og_locale":"fr_FR","og_type":"article","og_title":"Zoom sur le Cannondale Flying V: une nouvelle vision - CYCLES BLAIN","og_description":"Un v\u00e9lo urbain \u00e9lectrique pens\u00e9 autrement d\u00e9barque chez Cannondale. Le Flying V n\u2019a pas fini de surprendre, d\u00e9couvrez pourquoi...","og_url":"https:\/\/www.cycles-blain.com\/fr\/magasins-velo\/nouveaute-2026-cannondale-devoile-le-flying-v\/","og_site_name":"CyclesBlain - Magasins de v\u00e9los, accessoires et ateliers","article_publisher":"https:\/\/www.facebook.com\/cyclesblain\/?locale=fr_FR","article_published_time":"2026-01-13T08:21:48+00:00","article_modified_time":"2026-01-13T13:30:42+00:00","og_image":[{"width":600,"height":400,"url":"https:\/\/www.cycles-blain.com\/fr\/wp-content\/uploads\/2026\/01\/Flyong-V-article.jpg","type":"image\/jpeg"}],"author":"Manon","twitter_card":"summary_large_image","twitter_misc":{"\u00c9crit par":"Manon","Dur\u00e9e de lecture estim\u00e9e":"6 minutes"},"schema":{"@context":"https:\/\/schema.org","@graph":[{"@type":"Article","@id":"https:\/\/www.cycles-blain.com\/fr\/magasins-velo\/nouveaute-2026-cannondale-devoile-le-flying-v\/#article","isPartOf":{"@id":"https:\/\/www.cycles-blain.com\/fr\/magasins-velo\/nouveaute-2026-cannondale-devoile-le-flying-v\/"},"author":{"name":"Manon","@id":"https:\/\/www.cycles-blain.com\/fr\/#\/schema\/person\/f82a8c0c551dfc1b1a6ac68605ac9d3f"},"headline":"Zoom sur le Cannondale Flying V: une nouvelle vision","datePublished":"2026-01-13T08:21:48+00:00","dateModified":"2026-01-13T13:30:42+00:00","mainEntityOfPage":{"@id":"https:\/\/www.cycles-blain.com\/fr\/magasins-velo\/nouveaute-2026-cannondale-devoile-le-flying-v\/"},"wordCount":709,"commentCount":0,"publisher":{"@id":"https:\/\/www.cycles-blain.com\/fr\/#organization"},"image":{"@id":"https:\/\/www.cycles-blain.com\/fr\/magasins-velo\/nouveaute-2026-cannondale-devoile-le-flying-v\/#primaryimage"},"thumbnailUrl":"https:\/\/www.cycles-blain.com\/fr\/wp-content\/uploads\/2026\/01\/Flyong-V-article.jpg","articleSection":["Actus Magasins"],"inLanguage":"fr-FR","potentialAction":[{"@type":"CommentAction","name":"Comment","target":["https:\/\/www.cycles-blain.com\/fr\/magasins-velo\/nouveaute-2026-cannondale-devoile-le-flying-v\/#respond"]}]},{"@type":"WebPage","@id":"https:\/\/www.cycles-blain.com\/fr\/magasins-velo\/nouveaute-2026-cannondale-devoile-le-flying-v\/","url":"https:\/\/www.cycles-blain.com\/fr\/magasins-velo\/nouveaute-2026-cannondale-devoile-le-flying-v\/","name":"Zoom sur le Cannondale Flying V: une nouvelle vision - CYCLES BLAIN","isPartOf":{"@id":"https:\/\/www.cycles-blain.com\/fr\/#website"},"primaryImageOfPage":{"@id":"https:\/\/www.cycles-blain.com\/fr\/magasins-velo\/nouveaute-2026-cannondale-devoile-le-flying-v\/#primaryimage"},"image":{"@id":"https:\/\/www.cycles-blain.com\/fr\/magasins-velo\/nouveaute-2026-cannondale-devoile-le-flying-v\/#primaryimage"},"thumbnailUrl":"https:\/\/www.cycles-blain.com\/fr\/wp-content\/uploads\/2026\/01\/Flyong-V-article.jpg","datePublished":"2026-01-13T08:21:48+00:00","dateModified":"2026-01-13T13:30:42+00:00","description":"Un v\u00e9lo urbain \u00e9lectrique pens\u00e9 autrement d\u00e9barque chez Cannondale. Le Flying V n\u2019a pas fini de surprendre, d\u00e9couvrez pourquoi...","breadcrumb":{"@id":"https:\/\/www.cycles-blain.com\/fr\/magasins-velo\/nouveaute-2026-cannondale-devoile-le-flying-v\/#breadcrumb"},"inLanguage":"fr-FR","potentialAction":[{"@type":"ReadAction","target":["https:\/\/www.cycles-blain.com\/fr\/magasins-velo\/nouveaute-2026-cannondale-devoile-le-flying-v\/"]}]},{"@type":"ImageObject","inLanguage":"fr-FR","@id":"https:\/\/www.cycles-blain.com\/fr\/magasins-velo\/nouveaute-2026-cannondale-devoile-le-flying-v\/#primaryimage","url":"https:\/\/www.cycles-blain.com\/fr\/wp-content\/uploads\/2026\/01\/Flyong-V-article.jpg","contentUrl":"https:\/\/www.cycles-blain.com\/fr\/wp-content\/uploads\/2026\/01\/Flyong-V-article.jpg","width":600,"height":400},{"@type":"BreadcrumbList","@id":"https:\/\/www.cycles-blain.com\/fr\/magasins-velo\/nouveaute-2026-cannondale-devoile-le-flying-v\/#breadcrumb","itemListElement":[{"@type":"ListItem","position":1,"name":"Accueil","item":"https:\/\/www.cycles-blain.com\/fr\/"},{"@type":"ListItem","position":2,"name":"Zoom sur le Cannondale Flying V: une nouvelle vision"}]},{"@type":"WebSite","@id":"https:\/\/www.cycles-blain.com\/fr\/#website","url":"https:\/\/www.cycles-blain.com\/fr\/","name":"CyclesBlain - Magasins de v\u00e9los, accessoires et ateliers","description":"Blog Cycles Blain","publisher":{"@id":"https:\/\/www.cycles-blain.com\/fr\/#organization"},"potentialAction":[{"@type":"SearchAction","target":{"@type":"EntryPoint","urlTemplate":"https:\/\/www.cycles-blain.com\/fr\/?s={search_term_string}"},"query-input":{"@type":"PropertyValueSpecification","valueRequired":true,"valueName":"search_term_string"}}],"inLanguage":"fr-FR"},{"@type":"Organization","@id":"https:\/\/www.cycles-blain.com\/fr\/#organization","name":"CyclesBlain - Magasins de v\u00e9los, accessoires et ateliers","url":"https:\/\/www.cycles-blain.com\/fr\/","logo":{"@type":"ImageObject","inLanguage":"fr-FR","@id":"https:\/\/www.cycles-blain.com\/fr\/#\/schema\/logo\/image\/","url":"https:\/\/www.cycles-blain.com\/fr\/wp-content\/uploads\/2023\/10\/logo-cycles-blain.jpeg","contentUrl":"https:\/\/www.cycles-blain.com\/fr\/wp-content\/uploads\/2023\/10\/logo-cycles-blain.jpeg","width":264,"height":191,"caption":"CyclesBlain - Magasins de v\u00e9los, accessoires et ateliers"},"image":{"@id":"https:\/\/www.cycles-blain.com\/fr\/#\/schema\/logo\/image\/"},"sameAs":["https:\/\/www.facebook.com\/cyclesblain\/?locale=fr_FR","https:\/\/www.instagram.com\/cycles_blain\/?hl=fr"]},{"@type":"Person","@id":"https:\/\/www.cycles-blain.com\/fr\/#\/schema\/person\/f82a8c0c551dfc1b1a6ac68605ac9d3f","name":"Manon","image":{"@type":"ImageObject","inLanguage":"fr-FR","@id":"https:\/\/secure.gravatar.com\/avatar\/de5471c82d19e75ec403090373707e8b781572e44c2e6135042a1e6a16f3b379?s=96&d=mm&r=g","url":"https:\/\/secure.gravatar.com\/avatar\/de5471c82d19e75ec403090373707e8b781572e44c2e6135042a1e6a16f3b379?s=96&d=mm&r=g","contentUrl":"https:\/\/secure.gravatar.com\/avatar\/de5471c82d19e75ec403090373707e8b781572e44c2e6135042a1e6a16f3b379?s=96&d=mm&r=g","caption":"Manon"},"url":"https:\/\/www.cycles-blain.com\/fr\/author\/manon\/"}]}},"_links":{"self":[{"href":"https:\/\/www.cycles-blain.com\/fr\/wp-json\/wp\/v2\/posts\/19215","targetHints":{"allow":["GET"]}}],"collection":[{"href":"https:\/\/www.cycles-blain.com\/fr\/wp-json\/wp\/v2\/posts"}],"about":[{"href":"https:\/\/www.cycles-blain.com\/fr\/wp-json\/wp\/v2\/types\/post"}],"author":[{"embeddable":true,"href":"https:\/\/www.cycles-blain.com\/fr\/wp-json\/wp\/v2\/users\/5"}],"replies":[{"embeddable":true,"href":"https:\/\/www.cycles-blain.com\/fr\/wp-json\/wp\/v2\/comments?post=19215"}],"version-history":[{"count":79,"href":"https:\/\/www.cycles-blain.com\/fr\/wp-json\/wp\/v2\/posts\/19215\/revisions"}],"predecessor-version":[{"id":19323,"href":"https:\/\/www.cycles-blain.com\/fr\/wp-json\/wp\/v2\/posts\/19215\/revisions\/19323"}],"wp:featuredmedia":[{"embeddable":true,"href":"https:\/\/www.cycles-blain.com\/fr\/wp-json\/wp\/v2\/media\/19216"}],"wp:attachment":[{"href":"https:\/\/www.cycles-blain.com\/fr\/wp-json\/wp\/v2\/media?parent=19215"}],"wp:term":[{"taxonomy":"category","embeddable":true,"href":"https:\/\/www.cycles-blain.com\/fr\/wp-json\/wp\/v2\/categories?post=19215"},{"taxonomy":"post_tag","embeddable":true,"href":"https:\/\/www.cycles-blain.com\/fr\/wp-json\/wp\/v2\/tags?post=19215"}],"curies":[{"name":"wp","href":"https:\/\/api.w.org\/{rel}","templated":true}]}}