{"id":20896,"date":"2026-04-01T09:15:00","date_gmt":"2026-04-01T07:15:00","guid":{"rendered":"https:\/\/www.cycles-blain.com\/fr\/?p=20896"},"modified":"2026-04-03T17:16:44","modified_gmt":"2026-04-03T15:16:44","slug":"promos-velo-lapierre-avril-2026-cyclesblain","status":"publish","type":"post","link":"https:\/\/www.cycles-blain.com\/fr\/promotions-velo\/promos-velo-lapierre-avril-2026-cyclesblain\/","title":{"rendered":"Promos et baisses de prix v\u00e9los Lapierre 2026"},"content":{"rendered":"\t\t<div data-elementor-type=\"wp-post\" data-elementor-id=\"20896\" class=\"elementor elementor-20896\" data-elementor-post-type=\"post\">\n\t\t\t\t<div class=\"elementor-element elementor-element-c3245c2 e-flex e-con-boxed e-con e-parent\" data-id=\"c3245c2\" data-element_type=\"container\" data-e-type=\"container\">\n\t\t\t\t\t<div class=\"e-con-inner\">\n\t\t\t\t<div class=\"elementor-element elementor-element-4de47ff elementor-widget elementor-widget-text-editor\" data-id=\"4de47ff\" data-element_type=\"widget\" data-e-type=\"widget\" data-widget_type=\"text-editor.default\">\n\t\t\t\t<div class=\"elementor-widget-container\">\n\t\t\t\t\t\t\t\t\t<p><em>Pour bien lancer la saison, nos magasins LAPIERRE vous font profiter de baisses de prix Lapierre et promos sur tout le mois d&rsquo;avril 2026 en route, vtt et vttae&#8230;.<br>Jusqu&rsquo;\u00e0 1 800\u20ac de remise sur un v\u00e9lo Lapierre en stock ou sur commande avec livraison offerte et paiement gratuits en plusieurs fois ! c&rsquo;est le moment d&rsquo;en profiter !<\/em><\/p>\t\t\t\t\t\t\t\t<\/div>\n\t\t\t\t<\/div>\n\t\t\t\t\t<\/div>\n\t\t\t\t<\/div>\n\t\t<div class=\"elementor-element elementor-element-3f0ee8f e-flex e-con-boxed e-con e-parent\" data-id=\"3f0ee8f\" data-element_type=\"container\" data-e-type=\"container\">\n\t\t\t\t\t<div class=\"e-con-inner\">\n\t\t\t\t<div class=\"elementor-element elementor-element-59c611f elementor-widget elementor-widget-heading\" data-id=\"59c611f\" data-element_type=\"widget\" data-e-type=\"widget\" data-widget_type=\"heading.default\">\n\t\t\t\t<div class=\"elementor-widget-container\">\n\t\t\t\t\t<h2 class=\"elementor-heading-title elementor-size-default\">Promos v\u00e9los Lapierre : Route Xelius DRS et Pulsium 2026<\/h2>\t\t\t\t<\/div>\n\t\t\t\t<\/div>\n\t\t\t\t\t<\/div>\n\t\t\t\t<\/div>\n\t\t<div class=\"elementor-element elementor-element-f13a8ac e-flex e-con-boxed e-con e-parent\" data-id=\"f13a8ac\" data-element_type=\"container\" data-e-type=\"container\">\n\t\t\t\t\t<div class=\"e-con-inner\">\n\t\t\t\t<div class=\"elementor-element elementor-element-8ba64c2 elementor-widget elementor-widget-text-editor\" data-id=\"8ba64c2\" data-element_type=\"widget\" data-e-type=\"widget\" data-widget_type=\"text-editor.default\">\n\t\t\t\t<div class=\"elementor-widget-container\">\n\t\t\t\t\t\t\t\t\t<p>Si vous cherchez un bon v\u00e9lo de route, vous devriez vous int\u00e9resser aux v\u00e9los Lapierre !&nbsp;<br>Profitez des <b>promos du mois d&rsquo;Avril 2026<\/b> et de baisses de prix chez le constructeur Fran\u00e7ais !<\/p>\n<ul>\n<li>&nbsp;Le v\u00e9lo de route Lapierre&nbsp;<a href=\"https:\/\/www.cycles-blain.com\/recherche?controller=search&amp;search_query=xelius+drs+2026\" target=\"_blank\" rel=\"noopener\">Xelius DRS 2026<\/a>&nbsp;est un&nbsp;<a href=\"https:\/\/www.cycles-blain.com\/213-velo-de-course?q=Marque-Lapierre\" target=\"_blank\" rel=\"noopener\">v\u00e9lo de course<\/a>&nbsp; et&nbsp;<a href=\"https:\/\/www.cycles-blain.com\/210-velo-triathlon-aero?q=Marque-Lapierre\" target=\"_blank\">triathlon<\/a>&nbsp;joueur, agressif, le v\u00e9lo parfait pour gagner les J.O en 2024 avec Cassandre Beaugrand par exemple !&nbsp;<a href=\"https:\/\/www.cycles-blain.com\/fr\/velo\/nouveaux-velos-route-lapierre-2025-xelius-drs-2025\/\" target=\"_blank\" rel=\"noopener\">(En savoir plus)<\/a><\/li>\n<li>Le v\u00e9lo de route Lapierre&nbsp;<a href=\"https:\/\/www.cycles-blain.com\/recherche?controller=search&amp;search_query=pulsium+2026\" target=\"_blank\" rel=\"noopener\">Pulsium 2026<\/a>&nbsp;est un&nbsp;<a href=\"https:\/\/www.cycles-blain.com\/227-velo-route-endurance?q=Marque-Lapierre\" target=\"_blank\" rel=\"noopener\">v\u00e9lo d&rsquo;endurance<\/a>&nbsp;pr\u00e9vu pour les longues distances, confortable et performant avec son nouveau cadre carbone.&nbsp;<a href=\"https:\/\/www.cycles-blain.com\/fr\/velo\/nouveaux-velo-route-lapierre-pulsium-2025\/\" target=\"_blank\" rel=\"noopener\">(En savoir plus)<\/a><\/li>\n<\/ul>\t\t\t\t\t\t\t\t<\/div>\n\t\t\t\t<\/div>\n\t\t\t\t<div class=\"elementor-element elementor-element-fd2857f elementor-align-center elementor-widget elementor-widget-button\" data-id=\"fd2857f\" data-element_type=\"widget\" data-e-type=\"widget\" data-widget_type=\"button.default\">\n\t\t\t\t<div class=\"elementor-widget-container\">\n\t\t\t\t\t\t\t\t\t<div class=\"elementor-button-wrapper\">\n\t\t\t\t\t<a class=\"elementor-button elementor-button-link elementor-size-sm\" href=\"https:\/\/www.cycles-blain.com\/17-velo-route-musculaire?q=Marque-Lapierre\" target=\"_blank\">\n\t\t\t\t\t\t<span class=\"elementor-button-content-wrapper\">\n\t\t\t\t\t\t\t\t\t<span class=\"elementor-button-text\">Je trouve mon v\u00e9lo de route LAPIERRE<\/span>\n\t\t\t\t\t<\/span>\n\t\t\t\t\t<\/a>\n\t\t\t\t<\/div>\n\t\t\t\t\t\t\t\t<\/div>\n\t\t\t\t<\/div>\n\t\t\t\t\t<\/div>\n\t\t\t\t<\/div>\n\t\t<div class=\"elementor-element elementor-element-32c20b2 e-flex e-con-boxed e-con e-parent\" data-id=\"32c20b2\" data-element_type=\"container\" data-e-type=\"container\">\n\t\t\t\t\t<div class=\"e-con-inner\">\n\t\t\t\t<div class=\"elementor-element elementor-element-a331f56 elementor-widget elementor-widget-heading\" data-id=\"a331f56\" data-element_type=\"widget\" data-e-type=\"widget\" data-widget_type=\"heading.default\">\n\t\t\t\t<div class=\"elementor-widget-container\">\n\t\t\t\t\t<h2 class=\"elementor-heading-title elementor-size-default\">Promos VTT et VTTAE Lapierre : XRM et Overvolt<\/h2>\t\t\t\t<\/div>\n\t\t\t\t<\/div>\n\t\t\t\t\t<\/div>\n\t\t\t\t<\/div>\n\t\t<div class=\"elementor-element elementor-element-5477c96 e-flex e-con-boxed e-con e-parent\" data-id=\"5477c96\" data-element_type=\"container\" data-e-type=\"container\">\n\t\t\t\t\t<div class=\"e-con-inner\">\n\t\t\t\t<div class=\"elementor-element elementor-element-f7892cc elementor-widget elementor-widget-text-editor\" data-id=\"f7892cc\" data-element_type=\"widget\" data-e-type=\"widget\" data-widget_type=\"text-editor.default\">\n\t\t\t\t<div class=\"elementor-widget-container\">\n\t\t\t\t\t\t\t\t\t<p>En Avril 2026, vous trouverez de belles promos sur les VTT Cross Country et VTT Electrique Lapierre :\u00a0<\/p><ul><li>\u00a0<b>Le VTT\u00a0<\/b><a href=\"https:\/\/www.cycles-blain.com\/recherche?controller=search&amp;search_query=xrm+2026\" target=\"_blank\" rel=\"noopener\">Lapierre XRM 2026<\/a>\u00a0est vtt de\u00a0<a href=\"https:\/\/www.cycles-blain.com\/163-vtt-cross-country?q=Marque-Lapierre\" target=\"_blank\" rel=\"noopener\">cross country<\/a>\u00a0tout suspendu en aluminium polyvalent et confortable sur les longues distances avec 120 mm de fourche avant<\/li><li>\u00a0Le <b>VTTAE\u00a0<\/b><a href=\"https:\/\/www.cycles-blain.com\/vtt-enduro\/2301-5901-overvolt-am-al-7-8-2026-lapierre-3660423397742.html\" target=\"_blank\" rel=\"noopener\">Lapierre Overvolt AM AL<\/a>\u00a0est un\u00a0<a href=\"https:\/\/www.cycles-blain.com\/26-vtt-electrique-vttae?q=Type+de+Cadre-Tout+Suspendu\/Marque-Lapierre\" target=\"_blank\" rel=\"noopener\">VTT Electrique tout suspendu<\/a>\u00a0avec un cadre alu destin\u00e9 \u00e0\u00a0<a href=\"https:\/\/www.cycles-blain.com\/162-vtt-enduro\" target=\"_blank\" rel=\"noopener\">l&rsquo;enduro\u00a0<\/a>avec une fourche avant de 170mm et des freins de 203 mm pour le descente et une batterie de 800wh pour les mont\u00e9es, rien ne vous arr\u00eatera !<\/li><\/ul>\t\t\t\t\t\t\t\t<\/div>\n\t\t\t\t<\/div>\n\t\t\t\t\t<\/div>\n\t\t\t\t<\/div>\n\t\t<div class=\"elementor-element elementor-element-1b050a2 e-flex e-con-boxed e-con e-parent\" data-id=\"1b050a2\" data-element_type=\"container\" data-e-type=\"container\">\n\t\t\t\t\t<div class=\"e-con-inner\">\n\t\t\t\t<div class=\"elementor-element elementor-element-b8c22d1 elementor-align-center elementor-widget elementor-widget-button\" data-id=\"b8c22d1\" data-element_type=\"widget\" data-e-type=\"widget\" data-widget_type=\"button.default\">\n\t\t\t\t<div class=\"elementor-widget-container\">\n\t\t\t\t\t\t\t\t\t<div class=\"elementor-button-wrapper\">\n\t\t\t\t\t<a class=\"elementor-button elementor-button-link elementor-size-sm\" href=\"https:\/\/www.cycles-blain.com\/161-ma-discipline-velo?q=Cat%C3%A9gories-VTT+Cross+Country-VTT+Enduro-VTT+Loisirs+%5C-+Balades-VTT+Trail+%5C-+All+Mountain\/Marque-LAPIERRE\">\n\t\t\t\t\t\t<span class=\"elementor-button-content-wrapper\">\n\t\t\t\t\t\t\t\t\t<span class=\"elementor-button-text\">Je trouve mon VTT LAPIERRE<\/span>\n\t\t\t\t\t<\/span>\n\t\t\t\t\t<\/a>\n\t\t\t\t<\/div>\n\t\t\t\t\t\t\t\t<\/div>\n\t\t\t\t<\/div>\n\t\t\t\t\t<\/div>\n\t\t\t\t<\/div>\n\t\t\t\t<\/div>\n\t\t","protected":false},"excerpt":{"rendered":"<p>Pour bien lancer la saison, nos magasins LAPIERRE vous font profiter de baisses de prix Lapierre et promos sur tout le mois d&rsquo;avril 2026 en route, vtt et vttae&#8230;.<\/p>\n","protected":false},"author":1,"featured_media":21074,"comment_status":"open","ping_status":"open","sticky":false,"template":"","format":"standard","meta":{"site-sidebar-layout":"default","site-content-layout":"","ast-site-content-layout":"default","site-content-style":"default","site-sidebar-style":"default","ast-global-header-display":"","ast-banner-title-visibility":"","ast-main-header-display":"","ast-hfb-above-header-display":"","ast-hfb-below-header-display":"","ast-hfb-mobile-header-display":"","site-post-title":"","ast-breadcrumbs-content":"","ast-featured-img":"","footer-sml-layout":"","theme-transparent-header-meta":"","adv-header-id-meta":"","stick-header-meta":"","header-above-stick-meta":"","header-main-stick-meta":"","header-below-stick-meta":"","astra-migrate-meta-layouts":"set","ast-page-background-enabled":"default","ast-page-background-meta":{"desktop":{"background-color":"","background-image":"","background-repeat":"repeat","background-position":"center center","background-size":"auto","background-attachment":"scroll","background-type":"","background-media":"","overlay-type":"","overlay-color":"","overlay-gradient":""},"tablet":{"background-color":"","background-image":"","background-repeat":"repeat","background-position":"center center","background-size":"auto","background-attachment":"scroll","background-type":"","background-media":"","overlay-type":"","overlay-color":"","overlay-gradient":""},"mobile":{"background-color":"","background-image":"","background-repeat":"repeat","background-position":"center center","background-size":"auto","background-attachment":"scroll","background-type":"","background-media":"","overlay-type":"","overlay-color":"","overlay-gradient":""}},"ast-content-background-meta":{"desktop":{"background-color":"var(--ast-global-color-5)","background-image":"","background-repeat":"repeat","background-position":"center center","background-size":"auto","background-attachment":"scroll","background-type":"","background-media":"","overlay-type":"","overlay-color":"","overlay-gradient":""},"tablet":{"background-color":"var(--ast-global-color-5)","background-image":"","background-repeat":"repeat","background-position":"center center","background-size":"auto","background-attachment":"scroll","background-type":"","background-media":"","overlay-type":"","overlay-color":"","overlay-gradient":""},"mobile":{"background-color":"var(--ast-global-color-5)","background-image":"","background-repeat":"repeat","background-position":"center center","background-size":"auto","background-attachment":"scroll","background-type":"","background-media":"","overlay-type":"","overlay-color":"","overlay-gradient":""}},"footnotes":""},"categories":[6,36,81,77,16],"tags":[110],"class_list":["post-20896","post","type-post","status-publish","format-standard","has-post-thumbnail","hentry","category-magasins-velo","category-magasin-vienne-sud","category-magasin-lyon-5","category-magasin-lyon-6","category-promotions-velo","tag-lapierre"],"yoast_head":"<!-- This site is optimized with the Yoast SEO plugin v27.5 - https:\/\/yoast.com\/product\/yoast-seo-wordpress\/ -->\n<title>Promos v\u00e9los route, vtt et vttae Lapierre 2026 - CYCLES BLAIN<\/title>\n<meta name=\"description\" content=\"Nos magasins LAPIERRE vous font profiter de baisses de prix Lapierre et promos sur tout le mois d&#039;avril 2026 en v\u00e9los route, vtt et vttae....\" \/>\n<meta name=\"robots\" content=\"index, follow, max-snippet:-1, max-image-preview:large, max-video-preview:-1\" \/>\n<link rel=\"canonical\" href=\"https:\/\/www.cycles-blain.com\/fr\/magasins-velo\/promos-velo-lapierre-avril-2026-cyclesblain\/\" \/>\n<meta property=\"og:locale\" content=\"fr_FR\" \/>\n<meta property=\"og:type\" content=\"article\" \/>\n<meta property=\"og:title\" content=\"Promos v\u00e9los route, vtt et vttae Lapierre 2026 - CYCLES BLAIN\" \/>\n<meta property=\"og:description\" content=\"Nos magasins LAPIERRE vous font profiter de baisses de prix Lapierre et promos sur tout le mois d&#039;avril 2026 en v\u00e9los route, vtt et vttae....\" \/>\n<meta property=\"og:url\" content=\"https:\/\/www.cycles-blain.com\/fr\/magasins-velo\/promos-velo-lapierre-avril-2026-cyclesblain\/\" \/>\n<meta property=\"og:site_name\" content=\"CyclesBlain - Magasins de v\u00e9los, accessoires et ateliers\" \/>\n<meta property=\"article:publisher\" content=\"https:\/\/www.facebook.com\/cyclesblain\/?locale=fr_FR\" \/>\n<meta property=\"article:published_time\" content=\"2026-04-01T07:15:00+00:00\" \/>\n<meta property=\"article:modified_time\" content=\"2026-04-03T15:16:44+00:00\" \/>\n<meta property=\"og:image\" content=\"https:\/\/www.cycles-blain.com\/fr\/wp-content\/uploads\/2026\/03\/promos-lapierre-0426.jpg\" \/>\n\t<meta property=\"og:image:width\" content=\"600\" \/>\n\t<meta property=\"og:image:height\" content=\"400\" \/>\n\t<meta property=\"og:image:type\" content=\"image\/jpeg\" \/>\n<meta name=\"author\" content=\"Gueweb\" \/>\n<meta name=\"twitter:card\" content=\"summary_large_image\" \/>\n<meta name=\"twitter:label1\" content=\"\u00c9crit par\" \/>\n\t<meta name=\"twitter:data1\" content=\"Gueweb\" \/>\n\t<meta name=\"twitter:label2\" content=\"Dur\u00e9e de lecture estim\u00e9e\" \/>\n\t<meta name=\"twitter:data2\" content=\"2 minutes\" \/>\n<script type=\"application\/ld+json\" class=\"yoast-schema-graph\">{\"@context\":\"https:\\\/\\\/schema.org\",\"@graph\":[{\"@type\":\"Article\",\"@id\":\"https:\\\/\\\/www.cycles-blain.com\\\/fr\\\/magasins-velo\\\/promos-velo-lapierre-avril-2026-cyclesblain\\\/#article\",\"isPartOf\":{\"@id\":\"https:\\\/\\\/www.cycles-blain.com\\\/fr\\\/magasins-velo\\\/promos-velo-lapierre-avril-2026-cyclesblain\\\/\"},\"author\":{\"name\":\"Gueweb\",\"@id\":\"https:\\\/\\\/www.cycles-blain.com\\\/fr\\\/#\\\/schema\\\/person\\\/6fb8bad852fde893fb61b7b05936af37\"},\"headline\":\"Promos et baisses de prix v\u00e9los Lapierre 2026\",\"datePublished\":\"2026-04-01T07:15:00+00:00\",\"dateModified\":\"2026-04-03T15:16:44+00:00\",\"mainEntityOfPage\":{\"@id\":\"https:\\\/\\\/www.cycles-blain.com\\\/fr\\\/magasins-velo\\\/promos-velo-lapierre-avril-2026-cyclesblain\\\/\"},\"wordCount\":299,\"commentCount\":0,\"publisher\":{\"@id\":\"https:\\\/\\\/www.cycles-blain.com\\\/fr\\\/#organization\"},\"image\":{\"@id\":\"https:\\\/\\\/www.cycles-blain.com\\\/fr\\\/magasins-velo\\\/promos-velo-lapierre-avril-2026-cyclesblain\\\/#primaryimage\"},\"thumbnailUrl\":\"https:\\\/\\\/www.cycles-blain.com\\\/fr\\\/wp-content\\\/uploads\\\/2026\\\/03\\\/promos-lapierre-0426.jpg\",\"keywords\":[\"lapierre\"],\"articleSection\":[\"Actus Magasins\",\"Magasin Vienne Sud\",\"Magasin-CyclesVeran\",\"Magasin-Lyon6\",\"Promotions\"],\"inLanguage\":\"fr-FR\",\"potentialAction\":[{\"@type\":\"CommentAction\",\"name\":\"Comment\",\"target\":[\"https:\\\/\\\/www.cycles-blain.com\\\/fr\\\/magasins-velo\\\/promos-velo-lapierre-avril-2026-cyclesblain\\\/#respond\"]}]},{\"@type\":\"WebPage\",\"@id\":\"https:\\\/\\\/www.cycles-blain.com\\\/fr\\\/magasins-velo\\\/promos-velo-lapierre-avril-2026-cyclesblain\\\/\",\"url\":\"https:\\\/\\\/www.cycles-blain.com\\\/fr\\\/magasins-velo\\\/promos-velo-lapierre-avril-2026-cyclesblain\\\/\",\"name\":\"Promos v\u00e9los route, vtt et vttae Lapierre 2026 - CYCLES BLAIN\",\"isPartOf\":{\"@id\":\"https:\\\/\\\/www.cycles-blain.com\\\/fr\\\/#website\"},\"primaryImageOfPage\":{\"@id\":\"https:\\\/\\\/www.cycles-blain.com\\\/fr\\\/magasins-velo\\\/promos-velo-lapierre-avril-2026-cyclesblain\\\/#primaryimage\"},\"image\":{\"@id\":\"https:\\\/\\\/www.cycles-blain.com\\\/fr\\\/magasins-velo\\\/promos-velo-lapierre-avril-2026-cyclesblain\\\/#primaryimage\"},\"thumbnailUrl\":\"https:\\\/\\\/www.cycles-blain.com\\\/fr\\\/wp-content\\\/uploads\\\/2026\\\/03\\\/promos-lapierre-0426.jpg\",\"datePublished\":\"2026-04-01T07:15:00+00:00\",\"dateModified\":\"2026-04-03T15:16:44+00:00\",\"description\":\"Nos magasins LAPIERRE vous font profiter de baisses de prix Lapierre et promos sur tout le mois d'avril 2026 en v\u00e9los route, vtt et vttae....\",\"breadcrumb\":{\"@id\":\"https:\\\/\\\/www.cycles-blain.com\\\/fr\\\/magasins-velo\\\/promos-velo-lapierre-avril-2026-cyclesblain\\\/#breadcrumb\"},\"inLanguage\":\"fr-FR\",\"potentialAction\":[{\"@type\":\"ReadAction\",\"target\":[\"https:\\\/\\\/www.cycles-blain.com\\\/fr\\\/magasins-velo\\\/promos-velo-lapierre-avril-2026-cyclesblain\\\/\"]}]},{\"@type\":\"ImageObject\",\"inLanguage\":\"fr-FR\",\"@id\":\"https:\\\/\\\/www.cycles-blain.com\\\/fr\\\/magasins-velo\\\/promos-velo-lapierre-avril-2026-cyclesblain\\\/#primaryimage\",\"url\":\"https:\\\/\\\/www.cycles-blain.com\\\/fr\\\/wp-content\\\/uploads\\\/2026\\\/03\\\/promos-lapierre-0426.jpg\",\"contentUrl\":\"https:\\\/\\\/www.cycles-blain.com\\\/fr\\\/wp-content\\\/uploads\\\/2026\\\/03\\\/promos-lapierre-0426.jpg\",\"width\":600,\"height\":400,\"caption\":\"Promos v\u00e9los Lapierre\"},{\"@type\":\"BreadcrumbList\",\"@id\":\"https:\\\/\\\/www.cycles-blain.com\\\/fr\\\/magasins-velo\\\/promos-velo-lapierre-avril-2026-cyclesblain\\\/#breadcrumb\",\"itemListElement\":[{\"@type\":\"ListItem\",\"position\":1,\"name\":\"Accueil\",\"item\":\"https:\\\/\\\/www.cycles-blain.com\\\/fr\\\/\"},{\"@type\":\"ListItem\",\"position\":2,\"name\":\"Promos et baisses de prix v\u00e9los Lapierre 2026\"}]},{\"@type\":\"WebSite\",\"@id\":\"https:\\\/\\\/www.cycles-blain.com\\\/fr\\\/#website\",\"url\":\"https:\\\/\\\/www.cycles-blain.com\\\/fr\\\/\",\"name\":\"CyclesBlain - Magasins de v\u00e9los, accessoires et ateliers\",\"description\":\"Blog Cycles Blain\",\"publisher\":{\"@id\":\"https:\\\/\\\/www.cycles-blain.com\\\/fr\\\/#organization\"},\"potentialAction\":[{\"@type\":\"SearchAction\",\"target\":{\"@type\":\"EntryPoint\",\"urlTemplate\":\"https:\\\/\\\/www.cycles-blain.com\\\/fr\\\/?s={search_term_string}\"},\"query-input\":{\"@type\":\"PropertyValueSpecification\",\"valueRequired\":true,\"valueName\":\"search_term_string\"}}],\"inLanguage\":\"fr-FR\"},{\"@type\":\"Organization\",\"@id\":\"https:\\\/\\\/www.cycles-blain.com\\\/fr\\\/#organization\",\"name\":\"CyclesBlain - Magasins de v\u00e9los, accessoires et ateliers\",\"url\":\"https:\\\/\\\/www.cycles-blain.com\\\/fr\\\/\",\"logo\":{\"@type\":\"ImageObject\",\"inLanguage\":\"fr-FR\",\"@id\":\"https:\\\/\\\/www.cycles-blain.com\\\/fr\\\/#\\\/schema\\\/logo\\\/image\\\/\",\"url\":\"https:\\\/\\\/www.cycles-blain.com\\\/fr\\\/wp-content\\\/uploads\\\/2023\\\/10\\\/logo-cycles-blain.jpeg\",\"contentUrl\":\"https:\\\/\\\/www.cycles-blain.com\\\/fr\\\/wp-content\\\/uploads\\\/2023\\\/10\\\/logo-cycles-blain.jpeg\",\"width\":264,\"height\":191,\"caption\":\"CyclesBlain - Magasins de v\u00e9los, accessoires et ateliers\"},\"image\":{\"@id\":\"https:\\\/\\\/www.cycles-blain.com\\\/fr\\\/#\\\/schema\\\/logo\\\/image\\\/\"},\"sameAs\":[\"https:\\\/\\\/www.facebook.com\\\/cyclesblain\\\/?locale=fr_FR\",\"https:\\\/\\\/www.instagram.com\\\/cycles_blain\\\/?hl=fr\"]},{\"@type\":\"Person\",\"@id\":\"https:\\\/\\\/www.cycles-blain.com\\\/fr\\\/#\\\/schema\\\/person\\\/6fb8bad852fde893fb61b7b05936af37\",\"name\":\"Gueweb\",\"image\":{\"@type\":\"ImageObject\",\"inLanguage\":\"fr-FR\",\"@id\":\"https:\\\/\\\/secure.gravatar.com\\\/avatar\\\/52550bc594eb074508114b963209b157358b27e5a0319de1bb723df3f760ca2d?s=96&d=mm&r=g\",\"url\":\"https:\\\/\\\/secure.gravatar.com\\\/avatar\\\/52550bc594eb074508114b963209b157358b27e5a0319de1bb723df3f760ca2d?s=96&d=mm&r=g\",\"contentUrl\":\"https:\\\/\\\/secure.gravatar.com\\\/avatar\\\/52550bc594eb074508114b963209b157358b27e5a0319de1bb723df3f760ca2d?s=96&d=mm&r=g\",\"caption\":\"Gueweb\"},\"sameAs\":[\"https:\\\/\\\/www.cycles-blain.com\\\/\\\/fr\"],\"url\":\"https:\\\/\\\/www.cycles-blain.com\\\/fr\\\/author\\\/gueweb\\\/\"}]}<\/script>\n<!-- \/ Yoast SEO plugin. -->","yoast_head_json":{"title":"Promos v\u00e9los route, vtt et vttae Lapierre 2026 - CYCLES BLAIN","description":"Nos magasins LAPIERRE vous font profiter de baisses de prix Lapierre et promos sur tout le mois d'avril 2026 en v\u00e9los route, vtt et vttae....","robots":{"index":"index","follow":"follow","max-snippet":"max-snippet:-1","max-image-preview":"max-image-preview:large","max-video-preview":"max-video-preview:-1"},"canonical":"https:\/\/www.cycles-blain.com\/fr\/magasins-velo\/promos-velo-lapierre-avril-2026-cyclesblain\/","og_locale":"fr_FR","og_type":"article","og_title":"Promos v\u00e9los route, vtt et vttae Lapierre 2026 - CYCLES BLAIN","og_description":"Nos magasins LAPIERRE vous font profiter de baisses de prix Lapierre et promos sur tout le mois d'avril 2026 en v\u00e9los route, vtt et vttae....","og_url":"https:\/\/www.cycles-blain.com\/fr\/magasins-velo\/promos-velo-lapierre-avril-2026-cyclesblain\/","og_site_name":"CyclesBlain - Magasins de v\u00e9los, accessoires et ateliers","article_publisher":"https:\/\/www.facebook.com\/cyclesblain\/?locale=fr_FR","article_published_time":"2026-04-01T07:15:00+00:00","article_modified_time":"2026-04-03T15:16:44+00:00","og_image":[{"width":600,"height":400,"url":"https:\/\/www.cycles-blain.com\/fr\/wp-content\/uploads\/2026\/03\/promos-lapierre-0426.jpg","type":"image\/jpeg"}],"author":"Gueweb","twitter_card":"summary_large_image","twitter_misc":{"\u00c9crit par":"Gueweb","Dur\u00e9e de lecture estim\u00e9e":"2 minutes"},"schema":{"@context":"https:\/\/schema.org","@graph":[{"@type":"Article","@id":"https:\/\/www.cycles-blain.com\/fr\/magasins-velo\/promos-velo-lapierre-avril-2026-cyclesblain\/#article","isPartOf":{"@id":"https:\/\/www.cycles-blain.com\/fr\/magasins-velo\/promos-velo-lapierre-avril-2026-cyclesblain\/"},"author":{"name":"Gueweb","@id":"https:\/\/www.cycles-blain.com\/fr\/#\/schema\/person\/6fb8bad852fde893fb61b7b05936af37"},"headline":"Promos et baisses de prix v\u00e9los Lapierre 2026","datePublished":"2026-04-01T07:15:00+00:00","dateModified":"2026-04-03T15:16:44+00:00","mainEntityOfPage":{"@id":"https:\/\/www.cycles-blain.com\/fr\/magasins-velo\/promos-velo-lapierre-avril-2026-cyclesblain\/"},"wordCount":299,"commentCount":0,"publisher":{"@id":"https:\/\/www.cycles-blain.com\/fr\/#organization"},"image":{"@id":"https:\/\/www.cycles-blain.com\/fr\/magasins-velo\/promos-velo-lapierre-avril-2026-cyclesblain\/#primaryimage"},"thumbnailUrl":"https:\/\/www.cycles-blain.com\/fr\/wp-content\/uploads\/2026\/03\/promos-lapierre-0426.jpg","keywords":["lapierre"],"articleSection":["Actus Magasins","Magasin Vienne Sud","Magasin-CyclesVeran","Magasin-Lyon6","Promotions"],"inLanguage":"fr-FR","potentialAction":[{"@type":"CommentAction","name":"Comment","target":["https:\/\/www.cycles-blain.com\/fr\/magasins-velo\/promos-velo-lapierre-avril-2026-cyclesblain\/#respond"]}]},{"@type":"WebPage","@id":"https:\/\/www.cycles-blain.com\/fr\/magasins-velo\/promos-velo-lapierre-avril-2026-cyclesblain\/","url":"https:\/\/www.cycles-blain.com\/fr\/magasins-velo\/promos-velo-lapierre-avril-2026-cyclesblain\/","name":"Promos v\u00e9los route, vtt et vttae Lapierre 2026 - CYCLES BLAIN","isPartOf":{"@id":"https:\/\/www.cycles-blain.com\/fr\/#website"},"primaryImageOfPage":{"@id":"https:\/\/www.cycles-blain.com\/fr\/magasins-velo\/promos-velo-lapierre-avril-2026-cyclesblain\/#primaryimage"},"image":{"@id":"https:\/\/www.cycles-blain.com\/fr\/magasins-velo\/promos-velo-lapierre-avril-2026-cyclesblain\/#primaryimage"},"thumbnailUrl":"https:\/\/www.cycles-blain.com\/fr\/wp-content\/uploads\/2026\/03\/promos-lapierre-0426.jpg","datePublished":"2026-04-01T07:15:00+00:00","dateModified":"2026-04-03T15:16:44+00:00","description":"Nos magasins LAPIERRE vous font profiter de baisses de prix Lapierre et promos sur tout le mois d'avril 2026 en v\u00e9los route, vtt et vttae....","breadcrumb":{"@id":"https:\/\/www.cycles-blain.com\/fr\/magasins-velo\/promos-velo-lapierre-avril-2026-cyclesblain\/#breadcrumb"},"inLanguage":"fr-FR","potentialAction":[{"@type":"ReadAction","target":["https:\/\/www.cycles-blain.com\/fr\/magasins-velo\/promos-velo-lapierre-avril-2026-cyclesblain\/"]}]},{"@type":"ImageObject","inLanguage":"fr-FR","@id":"https:\/\/www.cycles-blain.com\/fr\/magasins-velo\/promos-velo-lapierre-avril-2026-cyclesblain\/#primaryimage","url":"https:\/\/www.cycles-blain.com\/fr\/wp-content\/uploads\/2026\/03\/promos-lapierre-0426.jpg","contentUrl":"https:\/\/www.cycles-blain.com\/fr\/wp-content\/uploads\/2026\/03\/promos-lapierre-0426.jpg","width":600,"height":400,"caption":"Promos v\u00e9los Lapierre"},{"@type":"BreadcrumbList","@id":"https:\/\/www.cycles-blain.com\/fr\/magasins-velo\/promos-velo-lapierre-avril-2026-cyclesblain\/#breadcrumb","itemListElement":[{"@type":"ListItem","position":1,"name":"Accueil","item":"https:\/\/www.cycles-blain.com\/fr\/"},{"@type":"ListItem","position":2,"name":"Promos et baisses de prix v\u00e9los Lapierre 2026"}]},{"@type":"WebSite","@id":"https:\/\/www.cycles-blain.com\/fr\/#website","url":"https:\/\/www.cycles-blain.com\/fr\/","name":"CyclesBlain - Magasins de v\u00e9los, accessoires et ateliers","description":"Blog Cycles Blain","publisher":{"@id":"https:\/\/www.cycles-blain.com\/fr\/#organization"},"potentialAction":[{"@type":"SearchAction","target":{"@type":"EntryPoint","urlTemplate":"https:\/\/www.cycles-blain.com\/fr\/?s={search_term_string}"},"query-input":{"@type":"PropertyValueSpecification","valueRequired":true,"valueName":"search_term_string"}}],"inLanguage":"fr-FR"},{"@type":"Organization","@id":"https:\/\/www.cycles-blain.com\/fr\/#organization","name":"CyclesBlain - Magasins de v\u00e9los, accessoires et ateliers","url":"https:\/\/www.cycles-blain.com\/fr\/","logo":{"@type":"ImageObject","inLanguage":"fr-FR","@id":"https:\/\/www.cycles-blain.com\/fr\/#\/schema\/logo\/image\/","url":"https:\/\/www.cycles-blain.com\/fr\/wp-content\/uploads\/2023\/10\/logo-cycles-blain.jpeg","contentUrl":"https:\/\/www.cycles-blain.com\/fr\/wp-content\/uploads\/2023\/10\/logo-cycles-blain.jpeg","width":264,"height":191,"caption":"CyclesBlain - Magasins de v\u00e9los, accessoires et ateliers"},"image":{"@id":"https:\/\/www.cycles-blain.com\/fr\/#\/schema\/logo\/image\/"},"sameAs":["https:\/\/www.facebook.com\/cyclesblain\/?locale=fr_FR","https:\/\/www.instagram.com\/cycles_blain\/?hl=fr"]},{"@type":"Person","@id":"https:\/\/www.cycles-blain.com\/fr\/#\/schema\/person\/6fb8bad852fde893fb61b7b05936af37","name":"Gueweb","image":{"@type":"ImageObject","inLanguage":"fr-FR","@id":"https:\/\/secure.gravatar.com\/avatar\/52550bc594eb074508114b963209b157358b27e5a0319de1bb723df3f760ca2d?s=96&d=mm&r=g","url":"https:\/\/secure.gravatar.com\/avatar\/52550bc594eb074508114b963209b157358b27e5a0319de1bb723df3f760ca2d?s=96&d=mm&r=g","contentUrl":"https:\/\/secure.gravatar.com\/avatar\/52550bc594eb074508114b963209b157358b27e5a0319de1bb723df3f760ca2d?s=96&d=mm&r=g","caption":"Gueweb"},"sameAs":["https:\/\/www.cycles-blain.com\/\/fr"],"url":"https:\/\/www.cycles-blain.com\/fr\/author\/gueweb\/"}]}},"_links":{"self":[{"href":"https:\/\/www.cycles-blain.com\/fr\/wp-json\/wp\/v2\/posts\/20896","targetHints":{"allow":["GET"]}}],"collection":[{"href":"https:\/\/www.cycles-blain.com\/fr\/wp-json\/wp\/v2\/posts"}],"about":[{"href":"https:\/\/www.cycles-blain.com\/fr\/wp-json\/wp\/v2\/types\/post"}],"author":[{"embeddable":true,"href":"https:\/\/www.cycles-blain.com\/fr\/wp-json\/wp\/v2\/users\/1"}],"replies":[{"embeddable":true,"href":"https:\/\/www.cycles-blain.com\/fr\/wp-json\/wp\/v2\/comments?post=20896"}],"version-history":[{"count":35,"href":"https:\/\/www.cycles-blain.com\/fr\/wp-json\/wp\/v2\/posts\/20896\/revisions"}],"predecessor-version":[{"id":21088,"href":"https:\/\/www.cycles-blain.com\/fr\/wp-json\/wp\/v2\/posts\/20896\/revisions\/21088"}],"wp:featuredmedia":[{"embeddable":true,"href":"https:\/\/www.cycles-blain.com\/fr\/wp-json\/wp\/v2\/media\/21074"}],"wp:attachment":[{"href":"https:\/\/www.cycles-blain.com\/fr\/wp-json\/wp\/v2\/media?parent=20896"}],"wp:term":[{"taxonomy":"category","embeddable":true,"href":"https:\/\/www.cycles-blain.com\/fr\/wp-json\/wp\/v2\/categories?post=20896"},{"taxonomy":"post_tag","embeddable":true,"href":"https:\/\/www.cycles-blain.com\/fr\/wp-json\/wp\/v2\/tags?post=20896"}],"curies":[{"name":"wp","href":"https:\/\/api.w.org\/{rel}","templated":true}]}}